{"id":207063,"date":"2021-05-01T11:15:25","date_gmt":"2021-05-01T09:15:25","guid":{"rendered":"https:\/\/www.radiopiu.net\/wordpress\/?p=207063"},"modified":"2021-05-01T11:15:25","modified_gmt":"2021-05-01T09:15:25","slug":"giorgio-fontanive-ha-ricordato-la-storia","status":"publish","type":"post","link":"https:\/\/www.radiopiu.net\/wordpress\/giorgio-fontanive-ha-ricordato-la-storia\/","title":{"rendered":"GIORGIO FONTANIVE HA RICORDATO LA STORIA"},"content":{"rendered":"<p><strong>ALLEGHE<\/strong>\u00a0 Giorgio Fontanive, giornalista, scrittore di montagna, uomo del territorio ha presentato la mostra permanente sulla frana del 1771 che ha originato il lago di Alleghe. Le foto sono collocate nelle bacheche lungo il marciapiede che scende da piazza Kennedy verso il lago.\u00a0 L&#8217;anniversario\u00a0 dei 250 anni \u00e8 stato celebrato a gennaio, l&#8217;11 gennaio giorno della ricorrenza come documentato dai nostri servizi d&#8217;archivio<\/p>\n<p>il sindaco Danilo De Toni<\/p>\n<audio class=\"wp-audio-shortcode\" id=\"audio-207063-1\" preload=\"none\" style=\"width: 100%;\" controls=\"controls\"><source type=\"audio\/mpeg\" src=\"https:\/\/www.radiopiu.net\/wordpress\/wp-content\/uploads\/2021\/01\/danilo.mp3?_=1\" \/><a href=\"https:\/\/www.radiopiu.net\/wordpress\/wp-content\/uploads\/2021\/01\/danilo.mp3\">https:\/\/www.radiopiu.net\/wordpress\/wp-content\/uploads\/2021\/01\/danilo.mp3<\/a><\/audio>\n<p>foto: appartamenti-alleghe.it, cartoline del passato<\/p>\n<p>&nbsp;<\/p>\n<p><strong>11 gennaio 2021<\/strong><\/p>\n<blockquote>\n<h3><a href=\"https:\/\/www.radiopiu.net\/wordpress\/giornale-radiopiu-16-settembre-2019-direttore-mirko-mezzacasa\/alleghe-4-2\/\" rel=\"attachment wp-att-98738\"><img loading=\"lazy\" decoding=\"async\" class=\" wp-image-98738 alignleft\" src=\"https:\/\/www.radiopiu.net\/wordpress\/wp-content\/uploads\/2019\/09\/alleghe-4-300x192.jpg\" alt=\"\" width=\"250\" height=\"160\" srcset=\"https:\/\/www.radiopiu.net\/wordpress\/wp-content\/uploads\/2019\/09\/alleghe-4-300x192.jpg 300w, https:\/\/www.radiopiu.net\/wordpress\/wp-content\/uploads\/2019\/09\/alleghe-4-768x492.jpg 768w, https:\/\/www.radiopiu.net\/wordpress\/wp-content\/uploads\/2019\/09\/alleghe-4-1024x657.jpg 1024w, https:\/\/www.radiopiu.net\/wordpress\/wp-content\/uploads\/2019\/09\/alleghe-4.jpg 1480w\" sizes=\"auto, (max-width: 250px) 100vw, 250px\" \/><\/a><\/h3>\n<\/blockquote>\n<p><strong>ALLEGHE\u00a0<\/strong> L&#8217; 11 gennaio ricorrono I 250 della frana del monte Piz che travolse 3 villaggi e caus\u00f2 49. Vittime. Lo sbarramento del Cordevole, causato dalla frana genero&#8217; l&#8217;attuale lago ma sommerse altri villaggi. <em>&#8220;Auspicavo &#8211; dice il sindaco di Alleghe Danilo De Toni &#8211;\u00a0 di poter celebrare l&#8217;evento con un convegno in sala Franceschini, con la partecipazione di scrittori, geologi, storici ma la pandemia ci vede costretti a rimandare tutto a maggio data della seconda frana, auspicando che per allora l&#8217;emergenza Covid sia cessata&#8221;<\/em><\/p>\n<p>&nbsp;<\/p>\n<p>&nbsp;<\/p>\n<p><strong><a class=\"dt-pswp-item\" href=\"https:\/\/www.radiopiu.net\/wordpress\/wp-content\/uploads\/2021\/01\/Alleghe-1.jpg\" data-dt-img-description=\"\" data-large_image_width=\"1600\" data-large_image_height=\"1200\"><img loading=\"lazy\" decoding=\"async\" class=\"size-medium wp-image-184223 alignleft\" src=\"https:\/\/www.radiopiu.net\/wordpress\/wp-content\/uploads\/2021\/01\/Alleghe-1-300x225.jpg\" alt=\"\" width=\"300\" height=\"225\" srcset=\"https:\/\/www.radiopiu.net\/wordpress\/wp-content\/uploads\/2021\/01\/Alleghe-1-300x225.jpg 300w, https:\/\/www.radiopiu.net\/wordpress\/wp-content\/uploads\/2021\/01\/Alleghe-1-1024x768.jpg 1024w, https:\/\/www.radiopiu.net\/wordpress\/wp-content\/uploads\/2021\/01\/Alleghe-1-768x576.jpg 768w, https:\/\/www.radiopiu.net\/wordpress\/wp-content\/uploads\/2021\/01\/Alleghe-1-1536x1152.jpg 1536w, https:\/\/www.radiopiu.net\/wordpress\/wp-content\/uploads\/2021\/01\/Alleghe-1.jpg 1600w\" sizes=\"auto, (max-width: 300px) 100vw, 300px\" \/><\/a>ALLEGHE<\/strong>\u00a0 Un\u2019enorme frana si stacca dal monte Piz e travolge tre villaggi, altri cinque vengono spazzati via dall\u2019acqua. Quasi 30 milioni di metri cubi di materiale, che creano una diga naturale nel corso del torrente Cordevole. \u00c8 l\u201911 gennaio 1771 e quel dissesto crea il lago di Alleghe. Oggi, 250 anni dopo, il lago \u00e8 ancora l\u00ec, attorno \u00e8 sorto uno dei paesi alpini pi\u00f9 belli del Bellunese, con attivit\u00e0 turistiche e ricettive. E Comune e Provincia pensano a come valorizzare uno dei gioielli delle Dolomiti bellunesi. \u00abUn gioiello nato da una disgrazia, che dimostra come la montagna abbia sempre sofferto i dissesti idrogeologici &#8211; afferma il sindaco e consigliere provinciale Danilo De Toni (con delega al turismo) -. Nel 1748, 22 anni e mezzo prima della frana, c\u2019era stata un\u2019alluvione violenta, che aveva portato via i forni fusori di Caprile, attivi per le lavorazione del ferro. Significa che le zone montane soffrono da secoli gli eventi meteo e necessitano di una cura particolare. A noi il compito di preservare la bellezza dell\u2019ambiente naturale e di renderla fruibile anche ad altri, facendola diventare motivo di uno sviluppo economico sostenibile per il territorio\u00bb.<\/p>\n<p><strong>ALLEGHE 250 ANNI DOPO LA FRANA DAL MONTE PIZ<\/strong><\/p>\n<p><strong><a class=\"dt-pswp-item\" href=\"https:\/\/www.radiopiu.net\/wordpress\/wp-content\/uploads\/2021\/01\/Alleghe-2.jpg\" data-dt-img-description=\"\" data-large_image_width=\"1600\" data-large_image_height=\"1200\"><img loading=\"lazy\" decoding=\"async\" class=\"size-medium wp-image-184224 alignleft\" src=\"https:\/\/www.radiopiu.net\/wordpress\/wp-content\/uploads\/2021\/01\/Alleghe-2-300x225.jpg\" alt=\"\" width=\"300\" height=\"225\" srcset=\"https:\/\/www.radiopiu.net\/wordpress\/wp-content\/uploads\/2021\/01\/Alleghe-2-300x225.jpg 300w, https:\/\/www.radiopiu.net\/wordpress\/wp-content\/uploads\/2021\/01\/Alleghe-2-1024x768.jpg 1024w, https:\/\/www.radiopiu.net\/wordpress\/wp-content\/uploads\/2021\/01\/Alleghe-2-768x576.jpg 768w, https:\/\/www.radiopiu.net\/wordpress\/wp-content\/uploads\/2021\/01\/Alleghe-2-1536x1152.jpg 1536w, https:\/\/www.radiopiu.net\/wordpress\/wp-content\/uploads\/2021\/01\/Alleghe-2.jpg 1600w\" sizes=\"auto, (max-width: 300px) 100vw, 300px\" \/><\/a>CENNI STORICI<\/strong><\/p>\n<p>La frana dell\u201911 gennaio 1771 si stacc\u00f2 dal monte Piz per precipitare a valle in corrispondenza dell\u2019attuale abitato di Masar\u00e8. Il fatto avvenne di notte, attorno alle 23 e la massa di detriti seppell\u00ec i villaggi del fondovalle, provocando 49 vittime e decine di sfollati. La causa del collasso \u00e8 difficile da stabilire, ma le fonti parlano di fessurazioni profonde manifestatesi nell\u2019arco di anni. Certamente le piogge intense dell\u2019autunno 1770 e il gelo invernale (fenomeni documentati dagli annali dell\u2019epoca) devono essere stati tra i fenomeni scatenanti. I detriti occuparono il greto del Cordevole per una lunghezza di 1.200 metri e un\u2019altezza di oltre 150 metri. La violenza dell\u2019impatto compatt\u00f2 il materiale a tal punto da realizzare uno sbarramento naturale impermeabile, formando cos\u00ec il lago di Alleghe.Una seconda frana si verific\u00f2 il mattino del 1\u00b0 maggio 1771, provocando la deviazione del corso del torrente Zunaia e altre tre vittime.<\/p>\n<p><strong><a class=\"dt-pswp-item\" href=\"https:\/\/www.radiopiu.net\/wordpress\/wp-content\/uploads\/2021\/01\/Alleghe-3.jpg\" data-dt-img-description=\"\" data-large_image_width=\"1600\" data-large_image_height=\"1200\"><img loading=\"lazy\" decoding=\"async\" class=\"size-medium wp-image-184225 alignleft\" src=\"https:\/\/www.radiopiu.net\/wordpress\/wp-content\/uploads\/2021\/01\/Alleghe-3-300x225.jpg\" alt=\"\" width=\"300\" height=\"225\" srcset=\"https:\/\/www.radiopiu.net\/wordpress\/wp-content\/uploads\/2021\/01\/Alleghe-3-300x225.jpg 300w, https:\/\/www.radiopiu.net\/wordpress\/wp-content\/uploads\/2021\/01\/Alleghe-3-1024x768.jpg 1024w, https:\/\/www.radiopiu.net\/wordpress\/wp-content\/uploads\/2021\/01\/Alleghe-3-768x576.jpg 768w, https:\/\/www.radiopiu.net\/wordpress\/wp-content\/uploads\/2021\/01\/Alleghe-3-1536x1152.jpg 1536w, https:\/\/www.radiopiu.net\/wordpress\/wp-content\/uploads\/2021\/01\/Alleghe-3.jpg 1600w\" sizes=\"auto, (max-width: 300px) 100vw, 300px\" \/><\/a>LA VALORIZZAZIONE<\/strong><\/p>\n<p>\u00abDa quella disgrazia \u00e8 nato un paesaggio unico, un lago tra i pi\u00f9 belli dell\u2019arco alpino &#8211; continua il consigliere provinciale De Toni -. La Regione Veneto, che ringrazio, ha investito 8 milioni di euro per far s\u00ec che tornasse al suo splendore dopo la tempesta Vaia, che ha riempito il bacino di detriti. Ora serviranno altri interventi, soprattutto per ridurre il rischio di intasamento di detriti a monte; ma la qualit\u00e0 ambientale e paesaggistica del lago \u00e8 un valore che Regione, Provincia e Comune considerano irrinunciabile. \u00c8 per questo che nell\u2019occasione dei 250 anni organizzeremo insieme alla Regione Veneto un convegno, con geologi e storici, per ricostruire nel dettaglio la storia del lago di Alleghe e i cambiamenti intervenuti nella vita del paese. Avremmo voluto organizzarlo per oggi, 11 gennaio, ma le condizioni della pandemia non lo consentono. Non appena sar\u00e0 possibile, lavoreremo a questo evento, con l\u2019obiettivo di valorizzare la nostra storia e le nostre bellezze\u00bb.<\/p>\n","protected":false},"excerpt":{"rendered":"<p>ALLEGHE\u00a0 Giorgio Fontanive, giornalista, scrittore di montagna, uomo del territorio ha presentato la mostra permanente sulla frana del 1771 che ha originato il lago di Alleghe. Le foto sono collocate nelle bacheche lungo il marciapiede che scende da piazza Kennedy verso il lago.\u00a0 L&#8217;anniversario\u00a0 dei 250 anni \u00e8 stato celebrato a gennaio, l&#8217;11 gennaio giorno&hellip;<\/p>\n","protected":false},"author":4,"featured_media":207064,"comment_status":"closed","ping_status":"open","sticky":false,"template":"","format":"standard","meta":{"_monsterinsights_skip_tracking":false,"_monsterinsights_sitenote_active":false,"_monsterinsights_sitenote_note":"","_monsterinsights_sitenote_category":0,"footnotes":""},"categories":[51,49],"tags":[],"class_list":["post-207063","post","type-post","status-publish","format-standard","has-post-thumbnail","hentry","category-evidenza-top","category-news-18","category-51","category-49","description-off"],"img_url":"https:\/\/www.radiopiu.net\/wordpress\/wp-content\/uploads\/2021\/05\/Alleghe-3-300x225-1.jpg","_links":{"self":[{"href":"https:\/\/www.radiopiu.net\/wordpress\/wp-json\/wp\/v2\/posts\/207063","targetHints":{"allow":["GET"]}}],"collection":[{"href":"https:\/\/www.radiopiu.net\/wordpress\/wp-json\/wp\/v2\/posts"}],"about":[{"href":"https:\/\/www.radiopiu.net\/wordpress\/wp-json\/wp\/v2\/types\/post"}],"author":[{"embeddable":true,"href":"https:\/\/www.radiopiu.net\/wordpress\/wp-json\/wp\/v2\/users\/4"}],"replies":[{"embeddable":true,"href":"https:\/\/www.radiopiu.net\/wordpress\/wp-json\/wp\/v2\/comments?post=207063"}],"version-history":[{"count":0,"href":"https:\/\/www.radiopiu.net\/wordpress\/wp-json\/wp\/v2\/posts\/207063\/revisions"}],"wp:featuredmedia":[{"embeddable":true,"href":"https:\/\/www.radiopiu.net\/wordpress\/wp-json\/wp\/v2\/media\/207064"}],"wp:attachment":[{"href":"https:\/\/www.radiopiu.net\/wordpress\/wp-json\/wp\/v2\/media?parent=207063"}],"wp:term":[{"taxonomy":"category","embeddable":true,"href":"https:\/\/www.radiopiu.net\/wordpress\/wp-json\/wp\/v2\/categories?post=207063"},{"taxonomy":"post_tag","embeddable":true,"href":"https:\/\/www.radiopiu.net\/wordpress\/wp-json\/wp\/v2\/tags?post=207063"}],"curies":[{"name":"wp","href":"https:\/\/api.w.org\/{rel}","templated":true}]}}