{"id":207152,"date":"2021-05-03T05:52:20","date_gmt":"2021-05-03T03:52:20","guid":{"rendered":"https:\/\/www.radiopiu.net\/wordpress\/?p=207152"},"modified":"2021-05-03T07:43:56","modified_gmt":"2021-05-03T05:43:56","slug":"giornale-radiopiu-03-maggio-2021-direttore-mirko-mezzacasa","status":"publish","type":"post","link":"https:\/\/www.radiopiu.net\/wordpress\/giornale-radiopiu-03-maggio-2021-direttore-mirko-mezzacasa\/","title":{"rendered":"GIORNALE RADIOPIU 03 MAGGIO 2021 DIRETTORE MIRKO MEZZACASA"},"content":{"rendered":"<h3>PER<strong>\u00a0RICEVERE QUESTO NOTIZIARIO DIRETTAMENTE SUL TUO CELLULARE ISCRIVITI AL CANALE TELEGRAM\u00a0<\/strong><strong>\u201cRADIO PIU\u00a0 INFORMAZIONE\u201d\u00a0\u00a0<\/strong><\/h3>\n<p>&nbsp;<\/p>\n<hr \/>\n<p>&nbsp;<\/p>\n<p><strong>OMAGGIO INTERISTA<\/strong><\/p>\n<p><strong>&#8230;suggerito dall&#8217;amico in festa Gianfelice Facchetti<\/strong><\/p>\n<p><a href=\"https:\/\/www.radiopiu.net\/wordpress\/giornale-radiopiu-03-maggio-2021-direttore-mirko-mezzacasa\/de1d6197-d7e4-4262-a147-230c51cea2c7\/\" rel=\"attachment wp-att-207262\"><img loading=\"lazy\" decoding=\"async\" class=\"alignnone size-medium wp-image-207262\" src=\"https:\/\/www.radiopiu.net\/wordpress\/wp-content\/uploads\/2021\/05\/de1d6197-d7e4-4262-a147-230c51cea2c7-225x300.jpg\" alt=\"\" width=\"225\" height=\"300\" srcset=\"https:\/\/www.radiopiu.net\/wordpress\/wp-content\/uploads\/2021\/05\/de1d6197-d7e4-4262-a147-230c51cea2c7-225x300.jpg 225w, https:\/\/www.radiopiu.net\/wordpress\/wp-content\/uploads\/2021\/05\/de1d6197-d7e4-4262-a147-230c51cea2c7-768x1024.jpg 768w, https:\/\/www.radiopiu.net\/wordpress\/wp-content\/uploads\/2021\/05\/de1d6197-d7e4-4262-a147-230c51cea2c7-1152x1536.jpg 1152w, https:\/\/www.radiopiu.net\/wordpress\/wp-content\/uploads\/2021\/05\/de1d6197-d7e4-4262-a147-230c51cea2c7.jpg 1536w\" sizes=\"auto, (max-width: 225px) 100vw, 225px\" \/><\/a><\/p>\n<p>&nbsp;<\/p>\n<p>&nbsp;<\/p>\n<hr \/>\n<p>&nbsp;<\/p>\n<p><span style=\"color: #ff0000;\"><strong><a href=\"https:\/\/www.radiopiu.net\/wordpress\/giornale-radiopiu-03-maggio-2021-direttore-mirko-mezzacasa\/img_20210501_105605\/\" rel=\"attachment wp-att-207297\"><img loading=\"lazy\" decoding=\"async\" class=\"wp-image-207297 alignleft\" src=\"https:\/\/www.radiopiu.net\/wordpress\/wp-content\/uploads\/2021\/05\/IMG_20210501_105605-224x300.jpg\" alt=\"\" width=\"104\" height=\"139\" srcset=\"https:\/\/www.radiopiu.net\/wordpress\/wp-content\/uploads\/2021\/05\/IMG_20210501_105605-224x300.jpg 224w, https:\/\/www.radiopiu.net\/wordpress\/wp-content\/uploads\/2021\/05\/IMG_20210501_105605-766x1024.jpg 766w, https:\/\/www.radiopiu.net\/wordpress\/wp-content\/uploads\/2021\/05\/IMG_20210501_105605-768x1026.jpg 768w, https:\/\/www.radiopiu.net\/wordpress\/wp-content\/uploads\/2021\/05\/IMG_20210501_105605-1149x1536.jpg 1149w, https:\/\/www.radiopiu.net\/wordpress\/wp-content\/uploads\/2021\/05\/IMG_20210501_105605-1532x2048.jpg 1532w, https:\/\/www.radiopiu.net\/wordpress\/wp-content\/uploads\/2021\/05\/IMG_20210501_105605-scaled.jpg 1916w\" sizes=\"auto, (max-width: 104px) 100vw, 104px\" \/><\/a>mai visto prima<\/strong><\/span><\/p>\n<p><strong>DILLO A RADIO PIU&#8230;. vorrei farle notare il colore dell&#8217;acqua a Pradimezzo\u00a0 di Cencenighe Agordina &#8230;\u00a0<\/strong><\/p>\n<p>&nbsp;<\/p>\n<p>&nbsp;<\/p>\n<p>&nbsp;<\/p>\n<p>&nbsp;<\/p>\n<p>&nbsp;<\/p>\n<hr \/>\n<p>&nbsp;<\/p>\n<p align=\"CENTER\"><span style=\"font-family: Arial, Helvetica, sans-serif;\"><b>PUNTI TAMPONE: NUOVI ORARI DA OGGI<\/b><\/span><\/p>\n<p align=\"LEFT\"><span style=\"font-family: Calibri, serif;\"><span style=\"font-size: medium;\"><img loading=\"lazy\" decoding=\"async\" class=\"alignleft\" src=\"https:\/\/www.radiopiu.net\/wordpress\/wp-content\/uploads\/2021\/03\/VACCINO.jpg\" width=\"222\" height=\"125\" \/>La forte riduzione della richiesta di tamponi, legata alla flessione della curva epidemica, consente di riorganizzare nei termini seguenti l&#8217;offerta di tale servizio sul territorio, anche al fine di liberare risorse e spazi per l\u2019attivit\u00e0 vaccinale.\u00a0<\/span><\/span><span style=\"font-family: Calibri, serif;\"><span style=\"font-size: medium;\">Da oggi, i Punti tamponi dell\u2019Ulss Dolomiti con accesso libero seguiranno i seguenti orari: <\/span><\/span><b style=\"font-size: medium; font-family: Calibri, serif; color: #000000;\">Drive-in Paludi: <\/b><span style=\"font-size: medium; font-family: Calibri, serif; color: #000000;\">dal luned\u00ec al sabato (festivi esclusi), <\/span><span style=\"font-size: medium; font-family: Calibri, serif; color: #000000;\">dalle 8.30 alle 12.30; <\/span><b style=\"font-size: medium; font-family: Calibri, serif; color: #000000;\">Drive-in Feltre \u2013 loc. Anz\u00f9: <\/b><span style=\"font-size: medium; font-family: Calibri, serif; color: #000000;\">dal luned\u00ec al sabato (festivi esclusi), <\/span><span style=\"font-size: medium; font-family: Calibri, serif; color: #000000;\">dalle 8.30 alle 12.30; <\/span><b style=\"font-size: medium; font-family: Calibri, serif; color: #000000;\">Drive-in Tai di Cadore: <\/b><span style=\"font-size: medium; font-family: Calibri, serif; color: #000000;\">marted\u00ec, gioved\u00ec e sabato (festivi esclusi), <\/span><span style=\"font-size: medium; font-family: Calibri, serif; color: #000000;\">dalle 15.00 alle 17.00;\u00a0 \u00a0<\/span><b style=\"font-size: medium; font-family: Calibri, serif; color: #000000;\">Drive-in Agordo: <\/b><span style=\"font-size: medium; font-family: Calibri, serif; color: #000000;\">luned\u00ec, mercoled\u00ec e venerd\u00ec (festivi esclusi), <\/span><span style=\"font-size: medium; font-family: Calibri, serif; color: #000000;\">dalle 16.00 alle 17.00. <\/span><b style=\"font-size: medium; font-family: Calibri, serif; color: #000000;\">Drive in Belluno (area ospedale San Martino \u2013 vicino ad asilo aziendale) <\/b><span style=\"font-size: medium; font-family: Calibri, serif; color: #000000;\">domenica e festivi dalle 8.30 alle 10.30<\/span><\/p>\n<p>&nbsp;<\/p>\n<hr \/>\n<p>&nbsp;<\/p>\n<p><strong>IERI A CENCENIGHE<\/strong><\/p>\n<blockquote><p>Oltre 400 vaccinazioni ieri al Nof Filo&#8217; di Cencenighe con i medici di base Tomaselli, Magra, Barone, Trovato e Bisatti, presente il personale della Ulss Dolomiti, Croce Verde, Protezione.Civile, Polizia Locale, amminstrazione comunale. Giornata lunga e impegnativa ma \u00e8 stato resto un ottimo servizio.\u00a0 La seconda dose \u00e8 prevista per il 30 maggio senza prenotazione, sempre al Nof Filo\u2019. Maggiori dettagli prossimamente<\/p>\n<p><strong>IL SINDACO MAURO SOPPELSA<\/strong><\/p><\/blockquote>\n<audio class=\"wp-audio-shortcode\" id=\"audio-207152-1\" preload=\"none\" style=\"width: 100%;\" controls=\"controls\"><source type=\"audio\/mpeg\" src=\"https:\/\/www.radiopiu.net\/wordpress\/wp-content\/uploads\/2021\/05\/mauro-soppelsa.mp3?_=1\" \/><a href=\"https:\/\/www.radiopiu.net\/wordpress\/wp-content\/uploads\/2021\/05\/mauro-soppelsa.mp3\">https:\/\/www.radiopiu.net\/wordpress\/wp-content\/uploads\/2021\/05\/mauro-soppelsa.mp3<\/a><\/audio>\n<p>&nbsp;<\/p>\n\n\t\t\t<style type='text\/css'>\n\t\t\t\t#gallery-1 {\n\t\t\t\t\tmargin: auto;\n\t\t\t\t}\n\t\t\t\t#gallery-1 .gallery-item {\n\t\t\t\t\tfloat: left;\n\t\t\t\t\tmargin-top: 10px;\n\t\t\t\t\ttext-align: center;\n\t\t\t\t\twidth: 50%;\n\t\t\t\t}\n\t\t\t\t#gallery-1 img {\n\t\t\t\t\tborder: 2px solid #cfcfcf;\n\t\t\t\t}\n\t\t\t\t#gallery-1 .gallery-caption {\n\t\t\t\t\tmargin-left: 0;\n\t\t\t\t}\n\t\t\t\t\/* see gallery_shortcode() in wp-includes\/media.php *\/\n\t\t\t<\/style>\n\t\t<div id='gallery-1' class='dt-gallery-container gallery galleryid-207152 gallery-columns-2 gallery-size-medium'><dl class='gallery-item'>\n\t\t\t\t<dt class='gallery-icon landscape'>\n\t\t\t\t\t<a class=\"rollover rollover-zoom dt-pswp-item\" title=\"2d9d8bf1-2c66-443b-a836-29b1d3c2c8ed\" data-dt-img-description=\"\" data-large_image_width=\"1024\" data-large_image_height=\"768\"href='https:\/\/www.radiopiu.net\/wordpress\/wp-content\/uploads\/2021\/05\/2d9d8bf1-2c66-443b-a836-29b1d3c2c8ed.jpg'><img loading=\"lazy\" decoding=\"async\" width=\"300\" height=\"225\" src=\"https:\/\/www.radiopiu.net\/wordpress\/wp-content\/uploads\/2021\/05\/2d9d8bf1-2c66-443b-a836-29b1d3c2c8ed-300x225.jpg\" class=\"attachment-medium size-medium\" alt=\"\" srcset=\"https:\/\/www.radiopiu.net\/wordpress\/wp-content\/uploads\/2021\/05\/2d9d8bf1-2c66-443b-a836-29b1d3c2c8ed-300x225.jpg 300w, https:\/\/www.radiopiu.net\/wordpress\/wp-content\/uploads\/2021\/05\/2d9d8bf1-2c66-443b-a836-29b1d3c2c8ed-768x576.jpg 768w, https:\/\/www.radiopiu.net\/wordpress\/wp-content\/uploads\/2021\/05\/2d9d8bf1-2c66-443b-a836-29b1d3c2c8ed.jpg 1024w\" sizes=\"auto, (max-width: 300px) 100vw, 300px\" \/><\/a>\n\t\t\t\t<\/dt><\/dl><dl class='gallery-item'>\n\t\t\t\t<dt class='gallery-icon landscape'>\n\t\t\t\t\t<a class=\"rollover rollover-zoom dt-pswp-item\" title=\"df02ac30-7f6b-4812-9e60-ef1befe50c44\" data-dt-img-description=\"\" data-large_image_width=\"1024\" data-large_image_height=\"768\"href='https:\/\/www.radiopiu.net\/wordpress\/wp-content\/uploads\/2021\/05\/df02ac30-7f6b-4812-9e60-ef1befe50c44.jpg'><img loading=\"lazy\" decoding=\"async\" width=\"300\" height=\"225\" src=\"https:\/\/www.radiopiu.net\/wordpress\/wp-content\/uploads\/2021\/05\/df02ac30-7f6b-4812-9e60-ef1befe50c44-300x225.jpg\" class=\"attachment-medium size-medium\" alt=\"\" srcset=\"https:\/\/www.radiopiu.net\/wordpress\/wp-content\/uploads\/2021\/05\/df02ac30-7f6b-4812-9e60-ef1befe50c44-300x225.jpg 300w, https:\/\/www.radiopiu.net\/wordpress\/wp-content\/uploads\/2021\/05\/df02ac30-7f6b-4812-9e60-ef1befe50c44-768x576.jpg 768w, https:\/\/www.radiopiu.net\/wordpress\/wp-content\/uploads\/2021\/05\/df02ac30-7f6b-4812-9e60-ef1befe50c44.jpg 1024w\" sizes=\"auto, (max-width: 300px) 100vw, 300px\" \/><\/a>\n\t\t\t\t<\/dt><\/dl><br style=\"clear: both\" \/>\n\t\t\t<\/div>\n\n<blockquote>\n<h3><\/h3>\n<h3><\/h3>\n<hr \/>\n<h3><\/h3>\n<h3><\/h3>\n<h3>VACCINI IN AZIENDA? LUXOTTICA PARTE CON LA PRE-ADESIONE, CON UN OCCHIO DI RIGUARDO ANCHE AI FAMIGLIARI DEI DIPENDENTI<\/h3>\n<\/blockquote>\n<p><strong><a href=\"https:\/\/www.radiopiu.net\/wordpress\/protect-our-people-la-nuova-iniziativa-luxottica\/luxottica-italia\/\" rel=\"attachment wp-att-130528\"><img loading=\"lazy\" decoding=\"async\" class=\"size-medium wp-image-130528 alignleft\" src=\"https:\/\/www.radiopiu.net\/wordpress\/wp-content\/uploads\/2020\/04\/LUXOTTICA-ITALIA-300x225.jpg\" alt=\"\" width=\"300\" height=\"225\" srcset=\"https:\/\/www.radiopiu.net\/wordpress\/wp-content\/uploads\/2020\/04\/LUXOTTICA-ITALIA-300x225.jpg 300w, https:\/\/www.radiopiu.net\/wordpress\/wp-content\/uploads\/2020\/04\/LUXOTTICA-ITALIA-1024x768.jpg 1024w, https:\/\/www.radiopiu.net\/wordpress\/wp-content\/uploads\/2020\/04\/LUXOTTICA-ITALIA-768x576.jpg 768w, https:\/\/www.radiopiu.net\/wordpress\/wp-content\/uploads\/2020\/04\/LUXOTTICA-ITALIA-1536x1152.jpg 1536w, https:\/\/www.radiopiu.net\/wordpress\/wp-content\/uploads\/2020\/04\/LUXOTTICA-ITALIA-2048x1536.jpg 2048w\" sizes=\"auto, (max-width: 300px) 100vw, 300px\" \/><\/a>AGORDO<\/strong> Si \u00e8 parlato molto delle vaccinazioni anti-covid all&#8217;interno delle aziende ma fino a poche ore fa nessun segnale concreto su quando si potranno effettuare. Ma ecco che Luxottica si fa viva con i suoi dipendenti inviando un SMS alle maestranze. Il messaggio \u00e8 chiaro con un invito di dare il loro interesse all&#8217;eventuale campagna vaccinale all&#8217;interno degli stabilimenti. Per farlo i lavoratori Luxottica dovranno accedere al portale aziendale e all&#8217;interno del My Personal Desk, in fondo alla pagina, basta cliccare il link che porta alla pre-adesione del vaccino anti-covid. Dopo aver inserito i propri dati personali per l&#8217;adesione, il dipendente pu\u00f2 gi\u00e0 compilare una sorta di anamnesi dove indica le eventuali allergie e i problemi di salute, in modo di prepararsi ad una eventuale vaccinazione. Non solo, dopo essersi registrati viene chiesto anche se all&#8217;interno della propria famiglia ci sono persone interessate all&#8217;inoculazione del vaccino. Insomma, un occhio di riguardo non solo al dipendete ma anche ai famigliari stretti, in stile Luxottica (come gi\u00e0 avvenuto con i tamponi). Tutte le informazioni che il lavoratore indicher\u00e0 all&#8217;interno del modulo verranno gestite dal medico aziendale per valutare l&#8217;adesione e fornire le istruzioni al momento opportuno ricordando che &#8220;vaccinarsi \u00e8 l&#8217;unico modo per ripartire, tutti insieme&#8221;.<\/p>\n<p>&nbsp;<\/p>\n<p>&nbsp;<\/p>\n<hr \/>\n<p>&nbsp;<\/p>\n<p>&nbsp;<\/p>\n<p><em><a href=\"https:\/\/www.radiopiu.net\/wordpress\/giornale-radiopiu-24-gennaio-2021-direttore-mirko-mezzacasa\/79216601_126817312416448_708980208774483089_n\/\" rel=\"attachment wp-att-186567\"><img loading=\"lazy\" decoding=\"async\" class=\"size-medium wp-image-186567 alignleft\" src=\"https:\/\/www.radiopiu.net\/wordpress\/wp-content\/uploads\/2021\/01\/79216601_126817312416448_708980208774483089_n-300x114.jpg\" sizes=\"auto, (max-width: 300px) 100vw, 300px\" srcset=\"https:\/\/www.radiopiu.net\/wordpress\/wp-content\/uploads\/2021\/01\/79216601_126817312416448_708980208774483089_n-300x114.jpg 300w, https:\/\/www.radiopiu.net\/wordpress\/wp-content\/uploads\/2021\/01\/79216601_126817312416448_708980208774483089_n-768x292.jpg 768w, https:\/\/www.radiopiu.net\/wordpress\/wp-content\/uploads\/2021\/01\/79216601_126817312416448_708980208774483089_n.jpg 820w\" alt=\"\" width=\"300\" height=\"114\" \/><\/a><\/em><\/p>\n<p><em>\u00a0<\/em><em>LA NUOVA APP PER IOS-IPHONE di Nicola Vettorello\u00a0<\/em><a href=\"https:\/\/apps.apple.com\/it\/app\/radio-pi%C3%B9-emittente-agordina\/id1515939845\">https:\/\/apps.apple.com\/it\/app\/radio-pi%C3%B9-emittente-agordina\/id1515939845<\/a><\/p>\n<p><em>ATTENZIONE: LA NUOVA APP RADIO\u00a0 PER ANDROID di Nicola Vettorello<\/em><\/p>\n<p><a href=\"https:\/\/play.google.com\/store\/apps\/details?id=net.radiopiu.iniko\" target=\"_blank\" rel=\"noopener noreferrer\">https:\/\/play.google.com\/store\/apps\/details?id=net.radiopiu.iniko<\/a><\/p>\n<p>&nbsp;<\/p>\n<p>&nbsp;<\/p>\n<hr \/>\n<p>&nbsp;<\/p>\n<p>&nbsp;<\/p>\n<blockquote>\n<h3><img loading=\"lazy\" decoding=\"async\" class=\"alignleft\" src=\"https:\/\/www.radiopiu.net\/wordpress\/wp-content\/uploads\/2018\/08\/ACQUA.jpeg\" width=\"168\" height=\"101\" \/>ACQUA INQUINATA A CENCENIGHE ZONA LUXOTTICA, LAVORI GSP AD AGORDO<\/h3>\n<\/blockquote>\n<p><span style=\"color: #000000;\">Gestione Servizi Pubblici informa che a CENCENIGHE AGORDINO nelle LOCALITA&#8217; FAE&#8217;, VARE BASSE, LUXOTTICA, FOCH E PRA&#8217; DI MEZZO l&#8217;acqua erogata dall&#8217;acquedotto non \u00e8 potabile e pu\u00f2 essere usata per scopi alimentari SOLO PREVIA bollitura.\u00a0<\/span><\/p>\n<p>Gestione Servizi Pubblici informa che, per lavori alla rete idrica comunale, domani dalle 8 fino a FINE LAVORI verr\u00e0 sospesa l\u2019erogazione dell\u2019acqua ad AGORDO, in localit\u00e0 PIASENT. Il personale addetto operer\u00e0 per limitare il pi\u00f9 possibile i disagi alla popolazione.<\/p>\n<p>&nbsp;<\/p>\n<p>&nbsp;<\/p>\n<hr \/>\n<blockquote>\n<h3><\/h3>\n<h3>VENETO IN GIALLO<\/h3>\n<\/blockquote>\n<p><strong><a href=\"https:\/\/www.radiopiu.net\/wordpress\/il-veneto-rimane-in-zona-gialla-la-provincia-di-trento-passa-in-arancione\/giallo\/\" rel=\"attachment wp-att-190818\"><img loading=\"lazy\" decoding=\"async\" class=\" wp-image-190818 alignleft\" src=\"https:\/\/www.radiopiu.net\/wordpress\/wp-content\/uploads\/2021\/02\/Giallo-300x200.png\" alt=\"\" width=\"185\" height=\"123\" srcset=\"https:\/\/www.radiopiu.net\/wordpress\/wp-content\/uploads\/2021\/02\/Giallo-300x200.png 300w, https:\/\/www.radiopiu.net\/wordpress\/wp-content\/uploads\/2021\/02\/Giallo-1024x682.png 1024w, https:\/\/www.radiopiu.net\/wordpress\/wp-content\/uploads\/2021\/02\/Giallo-768x512.png 768w, https:\/\/www.radiopiu.net\/wordpress\/wp-content\/uploads\/2021\/02\/Giallo.png 1250w\" sizes=\"auto, (max-width: 185px) 100vw, 185px\" \/><\/a><\/strong><em>Il Veneto \u00e8 in zona GIALLA. Aperti bar e ristoranti ma solo con consumazione all&#8217;aperto, coprifuoco dalle 22 alle 5, scuola in presenza dal 70 al 100%, consentiti gli spostamenti tra regioni gialle ma non tra regione di colore diverso (in questo caso serve un pass per poter accedere alla regione di colore diverso), riaprono cinema, teatri, sale da ballo ma con capienza limitata e solo su prenotazione, ritornano gli sport di squadra e di contatto ma solo all&#8217;aperto e sar\u00e0 vietato l&#8217;uso degli spogliatoi. Sono consentite visite a parenti ed amici per un massimo di 4 persone una volta al giorno.<\/em><\/p>\n<p>&nbsp;<\/p>\n<p>&nbsp;<\/p>\n<hr \/>\n<p>&nbsp;<\/p>\n<div>\n<blockquote>\n<h3 class=\"page-title-head hgroup\">EX PROVINCIALE TAIBON-AGORDO, STRADA CHIUSA FINO AL 31 MAGGIO<\/h3>\n<\/blockquote>\n<p><strong>TAIBON<\/strong>\u00a0Cantiere aperto tra Taibon, Taier e Brugnach sulla strada di campagna, (ex Sp 34): fino al 31 maggio la strada rester\u00e0 chiusa da\u00a0 via Col di Lana (sabati, domeniche e festivi inclusi).<\/p>\n<p>&nbsp;<\/p>\n<p>&nbsp;<\/p>\n<hr \/>\n<\/div>\n<p>&nbsp;<\/p>\n<p><img loading=\"lazy\" decoding=\"async\" class=\"wp-image-198719 alignleft\" src=\"https:\/\/www.radiopiu.net\/wordpress\/wp-content\/uploads\/2021\/03\/d1cefc45-a8f4-432d-b66b-ba03ea140813-300x142.jpg\" sizes=\"auto, (max-width: 188px) 100vw, 188px\" srcset=\"https:\/\/www.radiopiu.net\/wordpress\/wp-content\/uploads\/2021\/03\/d1cefc45-a8f4-432d-b66b-ba03ea140813-300x142.jpg 300w, https:\/\/www.radiopiu.net\/wordpress\/wp-content\/uploads\/2021\/03\/d1cefc45-a8f4-432d-b66b-ba03ea140813-1024x485.jpg 1024w, https:\/\/www.radiopiu.net\/wordpress\/wp-content\/uploads\/2021\/03\/d1cefc45-a8f4-432d-b66b-ba03ea140813-768x364.jpg 768w, https:\/\/www.radiopiu.net\/wordpress\/wp-content\/uploads\/2021\/03\/d1cefc45-a8f4-432d-b66b-ba03ea140813-1536x728.jpg 1536w, https:\/\/www.radiopiu.net\/wordpress\/wp-content\/uploads\/2021\/03\/d1cefc45-a8f4-432d-b66b-ba03ea140813.jpg 1599w\" alt=\"\" width=\"188\" height=\"89\" \/><\/p>\n<p><b>\u00a0<\/b><strong>PROVINCIALE 10 DI ALANO, LOC. LE SORGENTI<\/strong>\u00a0interruzione totale alla viabilit\u00e0 fino al 19 maggio, dalle 8 alle 12 e dalle 13 alle 18, esclusi sabato e domenica<\/p>\n<p><strong>SOVERZENE<\/strong>\u00a0senso unico alternato regolato\u00a0 da\u00a0 impianto\u00a0 semaforico sulla\u00a0 strada\u00a0 Soverzene \u2013 Provagna\u00a0 in\u00a0 Comune\u00a0 di\u00a0 Soverzene,\u00a0 dalla\u00a0 localit\u00e0\u00a0 Cima\u00a0 Campo fino\u00a0 al\u00a0 bivio\u00a0 con\u00a0 gli\u00a0 impianti\u00a0 sportivi<\/p>\n<p>&nbsp;<\/p>\n<p>&nbsp;<\/p>\n<hr \/>\n<p>&nbsp;<\/p>\n<blockquote>\n<h3>INTERRUZIONI ENEL PROGRAMMATE<\/h3>\n<\/blockquote>\n<p><strong><a href=\"https:\/\/www.radiopiu.net\/wordpress\/giornale-radio-piu-edizione-del-23-dicembre-2017-direttore-mirko-mezzacasa\/enel-tecnici-in-cabina\/\" rel=\"attachment wp-att-40338\"><img loading=\"lazy\" decoding=\"async\" class=\" wp-image-40338 alignleft\" src=\"https:\/\/www.radiopiu.net\/wordpress\/wp-content\/uploads\/2017\/12\/Enel-Tecnici-in-cabina-300x200.jpg\" alt=\"\" width=\"161\" height=\"107\" \/><\/a>\u00a0<\/strong><\/p>\n<p><strong>RIVAMONTE <\/strong>mercoled\u00ec dalle 8 alle 9 in via Zenich, Mottes, Roma e Montas<\/p>\n<p><strong>LA VALLE<\/strong> gioved\u00ec dalle 8 alle 12 nelle frazioni Gaidon e Torsas<\/p>\n<p>&nbsp;<\/p>\n<hr \/>\n<p>&nbsp;<\/p>\n<p>In Italia decessi in caso, finalmente dopo 7 mesi infernali, ieri 144 era da ottobre che\u00a0 i numeri non scendevano (141 il 26 ottobre). In Veneto 518mila vaccinati con prima e seconda dose. 1 milione e mezzo con la prima.<\/p>\n<p>Festa di compleanno a Vodo di Cadore, il positivo contagia il gruppo, in Cadore si temono nuovi focolai e ancora una volta ecco il clima omertoso dei contagiati che non aiutano nel tracciamento. A Pasqua sempre in Cadore 20 persone contagiate dopo le prove del coro parrocchiale riunitosi per le prove, allegramente senza distanziamento e mascherine.<\/p>\n<blockquote>\n<h3>AGGIORNAMENTO COVID ULSS 1 DOLOMITI: NON SI SONO REGISTRATI DECESSI PER COVID, 14 I NUOVI POSITIVI<\/h3>\n<\/blockquote>\n<p><strong>BELLUNO <\/strong>Nelle ultime 24 ore non sono stati registrati decessi di pazienti covid positivi. Sono 14 le nuove positivit\u00e0 registrate in Ulss 1 Dolomiti, 479 le persone attualmente positive in provincia di Belluno.<\/p>\n<p><strong>Ricoveri<\/strong><\/p>\n<p><em>(dato alle ore 17.00 fonte: Azienda Zero)<\/em><\/p>\n<p>Le persone attualmente POSITIVE ricoverate negli ospedali dell\u2019Ulss Dolomiti sono:<\/p>\n<table>\n<tbody>\n<tr>\n<td width=\"217\"><strong>\u00a0<\/strong><\/td>\n<td width=\"217\"><strong>Area NON CRITICA<\/strong><\/td>\n<td width=\"217\"><strong>Terapia Intensiva<\/strong><\/td>\n<\/tr>\n<tr>\n<td width=\"217\"><strong>Ospedale di Belluno <\/strong><\/td>\n<td width=\"217\">16<\/td>\n<td width=\"217\">2<\/td>\n<\/tr>\n<tr>\n<td width=\"217\"><strong>Ospedale di Feltre<\/strong><\/td>\n<td width=\"217\">9<\/td>\n<td width=\"217\">1<\/td>\n<\/tr>\n<\/tbody>\n<\/table>\n<p>&nbsp;<\/p>\n<p>Le persone attualmente POSITIVE ricoverate in Ospedale di Comunit\u00e0 sono:<\/p>\n<table>\n<tbody>\n<tr>\n<td width=\"326\"><strong>\u00a0<\/strong><\/td>\n<td width=\"326\"><strong>pazienti attualmente positivi<\/strong><\/td>\n<\/tr>\n<tr>\n<td width=\"326\"><strong>Ospedale di Comunit\u00e0 di FELTRE<\/strong><\/td>\n<td width=\"326\">6<\/td>\n<\/tr>\n<\/tbody>\n<\/table>\n<p>&nbsp;<\/p>\n<p>&nbsp;<\/p>\n<hr \/>\n<p>&nbsp;<\/p>\n<blockquote>\n<h3><a href=\"https:\/\/www.radiopiu.net\/wordpress\/giornale-radiopiu-03-maggio-2021-direttore-mirko-mezzacasa\/1934708_1029339591542_500479_n\/\" rel=\"attachment wp-att-207275\"><img loading=\"lazy\" decoding=\"async\" class=\"wp-image-207275 alignleft\" src=\"https:\/\/www.radiopiu.net\/wordpress\/wp-content\/uploads\/2021\/05\/1934708_1029339591542_500479_n-e1620013295923-225x300.jpg\" alt=\"\" width=\"102\" height=\"136\" srcset=\"https:\/\/www.radiopiu.net\/wordpress\/wp-content\/uploads\/2021\/05\/1934708_1029339591542_500479_n-e1620013295923-225x300.jpg 225w, https:\/\/www.radiopiu.net\/wordpress\/wp-content\/uploads\/2021\/05\/1934708_1029339591542_500479_n-e1620013295923.jpg 453w\" sizes=\"auto, (max-width: 102px) 100vw, 102px\" \/><\/a>MUORE TRA LE MURA DI CASA IN CADORE<\/h3>\n<\/blockquote>\n<p><strong>PIEVE DI CADORE\u00a0<\/strong> Alessandro Di Blasio, 44 anni, \u00e8 stato stroncato da un malore. Sabato sera, poco prima delle 19, al civico 9 di vicolo Pane\u00e0, sono arrivati i carabinieri di Pieve di Cadore e i sanitari del Suem, allertati da chi non aveva pi\u00f9 visto il 44enne e il medico del 118 ha diagnosticato un malore fatale, probabilmente una emorragia interna causata da problemi fisici. L&#8217;uomo \u00e8 originario di Roma ed \u00e8 in Lazio che vivono ancora i suoi anziani genitori: a Pozzale era tornato nell&#8217;appartamento della mamma che \u00e8 originaria di Pieve di Cadore.<\/p>\n<p>&nbsp;<\/p>\n<hr \/>\n<p>&nbsp;<\/p>\n<blockquote>\n<h3><a href=\"https:\/\/www.radiopiu.net\/wordpress\/giornale-radiopiu-03-maggio-2021-direttore-mirko-mezzacasa\/3942eadf-ec45-4304-8ceb-c54e15a32a7e\/\" rel=\"attachment wp-att-207276\"><img loading=\"lazy\" decoding=\"async\" class=\"wp-image-207276 alignleft\" src=\"https:\/\/www.radiopiu.net\/wordpress\/wp-content\/uploads\/2021\/05\/3942eadf-ec45-4304-8ceb-c54e15a32a7e-169x300.jpg\" alt=\"\" width=\"89\" height=\"158\" srcset=\"https:\/\/www.radiopiu.net\/wordpress\/wp-content\/uploads\/2021\/05\/3942eadf-ec45-4304-8ceb-c54e15a32a7e-169x300.jpg 169w, https:\/\/www.radiopiu.net\/wordpress\/wp-content\/uploads\/2021\/05\/3942eadf-ec45-4304-8ceb-c54e15a32a7e-576x1024.jpg 576w, https:\/\/www.radiopiu.net\/wordpress\/wp-content\/uploads\/2021\/05\/3942eadf-ec45-4304-8ceb-c54e15a32a7e-768x1365.jpg 768w, https:\/\/www.radiopiu.net\/wordpress\/wp-content\/uploads\/2021\/05\/3942eadf-ec45-4304-8ceb-c54e15a32a7e-864x1536.jpg 864w, https:\/\/www.radiopiu.net\/wordpress\/wp-content\/uploads\/2021\/05\/3942eadf-ec45-4304-8ceb-c54e15a32a7e.jpg 900w\" sizes=\"auto, (max-width: 89px) 100vw, 89px\" \/><\/a>OMAR UCCISO DAL TUMORE A 32 ANNI<\/h3>\n<p><em>I suoi amici del calcio e quelli a cui era legato da quando era ragazzino, hanno deciso di organizzare domani alle 10 al campo sportivo di Foen una veglia per porgergli l&#8217;ultimo saluto<\/em><\/p><\/blockquote>\n<p><strong>FELTRE :<\/strong> Omar Rossi \u00e8 morto sabato a\u00a0 32 anni a causa di una rara e grave forma di tumore. Lascia mamma Katia, il fratello Alan e\u00a0 i tanti amici che aveva nell&#8217;ambiente del calcio, la sua grande passione che metteva in pratica nei tornei estivi e giocando nella Feltrese di terza categoria. <em>\u00abSe ne va un ragazzo sempre positivo e con il sorriso\u00bb, cos\u00ec lo ricordano i compagni di squadra del gruppo &#8220;Quei de Zannini&#8221; dove Omar giocava come difensore. Una persona di buon cuore&#8221;<\/em>,<\/p>\n<p>&nbsp;<\/p>\n<hr \/>\n<p>&nbsp;<\/p>\n<p>&nbsp;<\/p>\n<blockquote>\n<h2>MAURO MACUTAN, BUON VIAGGIO<\/h2>\n<\/blockquote>\n<p><a class=\"dt-pswp-item\" href=\"https:\/\/www.radiopiu.net\/wordpress\/wp-content\/uploads\/2021\/05\/21761823_1898630447122200_22006110961330949_n.jpg\" data-dt-img-description=\"\" data-large_image_width=\"479\" data-large_image_height=\"490\"><img loading=\"lazy\" decoding=\"async\" class=\" wp-image-207034 alignleft\" src=\"https:\/\/www.radiopiu.net\/wordpress\/wp-content\/uploads\/2021\/05\/21761823_1898630447122200_22006110961330949_n-293x300.jpg\" alt=\"\" width=\"214\" height=\"219\" srcset=\"https:\/\/www.radiopiu.net\/wordpress\/wp-content\/uploads\/2021\/05\/21761823_1898630447122200_22006110961330949_n-293x300.jpg 293w, https:\/\/www.radiopiu.net\/wordpress\/wp-content\/uploads\/2021\/05\/21761823_1898630447122200_22006110961330949_n.jpg 479w\" sizes=\"auto, (max-width: 214px) 100vw, 214px\" \/><\/a><\/p>\n<blockquote><p><strong>I FUNERALI<\/strong> si svolgeranno oggi alle 14.30 nella chiesa parrocchiale di Cencenighe. Lascia la mamma Lucia, la figlia Martina, la compagna Silvia, i fratelli Lida, Manuela e Luca, i cognati, i nipoti Giulia e Federico.<\/p><\/blockquote>\n<p>&nbsp;<\/p>\n<p>&nbsp;<\/p>\n<p>. \u00ab<em>Siamo davvero vicini a Lucia in questo momento di dolore &#8211; le parole del presidente dell\u2019Associazione Bellunesi nel Mondo, Oscar De Bona &#8211; perdere il proprio figlio \u00e8 una sofferenza atroce per un genitore. Ricordo di come Lucia parlava dell\u2019attaccamento di Mauro verso il suo fratello minore e di come sia sempre stato presente, a seconda degli impegni lavorativi, nella vita di Lucia<\/em>\u00bb.<\/p>\n<p>&nbsp;<\/p>\n<p>&nbsp;<\/p>\n<hr \/>\n<blockquote>\n<h3>INCIDENTE A GRESAL, LIEVEMENTE FERITA LA PASSEGGERA<\/h3>\n<\/blockquote>\n<p><strong><a href=\"https:\/\/www.radiopiu.net\/wordpress\/incidente-a-gresal-lievemente-ferita-la-passeggera\/9d8ccd20-18ea-4917-a279-3496b8b4665c\/\" rel=\"attachment wp-att-207227\"><img loading=\"lazy\" decoding=\"async\" class=\" wp-image-207227 alignleft\" src=\"https:\/\/www.radiopiu.net\/wordpress\/wp-content\/uploads\/2021\/05\/9d8ccd20-18ea-4917-a279-3496b8b4665c-300x225.jpg\" alt=\"\" width=\"171\" height=\"128\" srcset=\"https:\/\/www.radiopiu.net\/wordpress\/wp-content\/uploads\/2021\/05\/9d8ccd20-18ea-4917-a279-3496b8b4665c-300x225.jpg 300w, https:\/\/www.radiopiu.net\/wordpress\/wp-content\/uploads\/2021\/05\/9d8ccd20-18ea-4917-a279-3496b8b4665c-768x576.jpg 768w, https:\/\/www.radiopiu.net\/wordpress\/wp-content\/uploads\/2021\/05\/9d8ccd20-18ea-4917-a279-3496b8b4665c.jpg 800w\" sizes=\"auto, (max-width: 171px) 100vw, 171px\" \/><\/a> <\/strong><\/p>\n<p><strong>\u00a0<\/strong><\/p>\n<p><strong>SEDICO<\/strong> Nel pomeriggio di sabato a Gresal di Sedico la Ford condotta da uno straniero residente nel feltrino \u00e8 finita fuori strada autononamente,\u00a0 al volante 46enne ed a fianco una donna di 37 anni, leggermente ferita, portata in ospedale per accertamenti.<\/p>\n<p>&nbsp;<\/p>\n<p>&nbsp;<\/p>\n<p>&nbsp;<\/p>\n<hr \/>\n<p>&nbsp;<\/p>\n<blockquote>\n<h3>RUBANO ANCHE LA BOMBOLA DEL GAS DA 15 CHILOGRAMMI<\/h3>\n<\/blockquote>\n<p><strong>BORGO VALBELLUNA<\/strong>\u00a0 L&#8217;altra notte ignoti hanno fatto visita all&#8217;Apicoltura Piol dopo aver forzato la porta d&#8217;ingresso. Se ne sono andati portandosi appresso una bombola del gas da 15 chilogrammi, un televisore e pochi euro. Indagano i Carabinieri di Trichiana. A Mel gli uomini dell&#8217;Arma della locale stazione hanno denunciato per guida in stato di ebbrezza una venezuelana di 36 anni residente a Ponte nelle Alpi, all&#8217;etilometro l&#8217;asticella del tasso alcoolico s&#8217;\u00e8 alzata fino a 1,33. La donna al volante della Panda non ha inoltre osservato l&#8217;obbligo del coprifuoco delle 22.<\/p>\n<p>&nbsp;<\/p>\n<p>&nbsp;<\/p>\n<hr \/>\n<p>&nbsp;<\/p>\n<blockquote>\n<h3>FERMATI DALLA NEVE. SOCCORSI DUE GIOVANI NELLA NOTTE SUL MONTE ALTO DI PELSA<\/h3>\n<\/blockquote>\n<p><strong>SAN TOMASO <\/strong>Sabato sera attorno alle 21.20 la Centrale del Suem ha allertato il Soccorso alpino della Val Biois, per due escursionisti in difficolt\u00e0 lungo il sentiero che porta al Bivacco Col Mandro, 1.850 metri di altitudine, sul Monte Alto di Pelsa. I due amici, ventunenni di Pianiga (VE), erano partiti con zaini, saccoapelo e viveri verso le 16 da Colaz &#8211; 900 metri di quota, frazione di Cencenighe Agordino &#8211; con l&#8217;intenzione di passare la notte in bivacco. Arrivati a 1.750 metri di altitudine circa, rallentati dalla presenza di neve poich\u00e9 calzavano scarpe da trail e dall&#8217;aver perso la traccia, sotto la pioggia battente hanno deciso di fermarsi al riparo di una roccia strapiombante e hanno contattato il 118. Proseguendo avrebbero infatti trovato ulteriori difficolt\u00e0 data la presenza di un tratto attrezzato. Risalita alle coordinate del punto in cui si trovavano grazie all&#8217;applicazione di geolocalizzazione in dotazione al Soccorso alpino, una squadra \u00e8 partita da Colaz e li ha raggiunti sotto la pioggia a mezzanotte. Poich\u00e9 nel salire i quattro soccorritori &#8211; pi\u00f9 uno in base per le comunicazioni &#8211; avevano attraversato ripidi canali innevati pi\u00f9 rischiosi da affrontare in discesa, \u00e8 stato deciso di rientrare dall&#8217;itinerario pi\u00f9 sicuro e agibile che porta ad Avoscan. Trattenuti e aiutati nei tratti scivolosi, causati anche da radici e foglie fradice, i due ragazzi sono stati riaccompagnti a valle e poi portati alla loro auto, dove sono arrivati alle 2.30. Ieri era prevista allerta meteo e neve fino a 1.400 metri, poi fortunatamente non pi\u00f9 scesa. Vi invitiamo a consultare sempre i bollettini meteo prima di ogni escursione. Vi rammentiamo che in quota c&#8217;\u00e8 ancora consistente presenza di neve e di conseguenza sono richieste calzature e attrezzatura opportune.<\/p>\n\n\t\t\t<style type='text\/css'>\n\t\t\t\t#gallery-2 {\n\t\t\t\t\tmargin: auto;\n\t\t\t\t}\n\t\t\t\t#gallery-2 .gallery-item {\n\t\t\t\t\tfloat: left;\n\t\t\t\t\tmargin-top: 10px;\n\t\t\t\t\ttext-align: center;\n\t\t\t\t\twidth: 25%;\n\t\t\t\t}\n\t\t\t\t#gallery-2 img {\n\t\t\t\t\tborder: 2px solid #cfcfcf;\n\t\t\t\t}\n\t\t\t\t#gallery-2 .gallery-caption {\n\t\t\t\t\tmargin-left: 0;\n\t\t\t\t}\n\t\t\t\t\/* see gallery_shortcode() in wp-includes\/media.php *\/\n\t\t\t<\/style>\n\t\t<div id='gallery-2' class='dt-gallery-container gallery galleryid-207152 gallery-columns-4 gallery-size-medium'><dl class='gallery-item'>\n\t\t\t\t<dt class='gallery-icon portrait'>\n\t\t\t\t\t<a class=\"rollover rollover-zoom dt-pswp-item\" title=\"20210502_095546\" data-dt-img-description=\"\" data-large_image_width=\"1772\" data-large_image_height=\"2192\"href='https:\/\/www.radiopiu.net\/wordpress\/wp-content\/uploads\/2021\/05\/20210502_095546.jpg'><img loading=\"lazy\" decoding=\"async\" width=\"243\" height=\"300\" src=\"https:\/\/www.radiopiu.net\/wordpress\/wp-content\/uploads\/2021\/05\/20210502_095546-243x300.jpg\" class=\"attachment-medium size-medium\" alt=\"\" srcset=\"https:\/\/www.radiopiu.net\/wordpress\/wp-content\/uploads\/2021\/05\/20210502_095546-243x300.jpg 243w, https:\/\/www.radiopiu.net\/wordpress\/wp-content\/uploads\/2021\/05\/20210502_095546-828x1024.jpg 828w, https:\/\/www.radiopiu.net\/wordpress\/wp-content\/uploads\/2021\/05\/20210502_095546-768x950.jpg 768w, https:\/\/www.radiopiu.net\/wordpress\/wp-content\/uploads\/2021\/05\/20210502_095546-1242x1536.jpg 1242w, https:\/\/www.radiopiu.net\/wordpress\/wp-content\/uploads\/2021\/05\/20210502_095546-1656x2048.jpg 1656w, https:\/\/www.radiopiu.net\/wordpress\/wp-content\/uploads\/2021\/05\/20210502_095546.jpg 1772w\" sizes=\"auto, (max-width: 243px) 100vw, 243px\" \/><\/a>\n\t\t\t\t<\/dt><\/dl><dl class='gallery-item'>\n\t\t\t\t<dt class='gallery-icon portrait'>\n\t\t\t\t\t<a class=\"rollover rollover-zoom dt-pswp-item\" title=\"20210502_104103\" data-dt-img-description=\"\" data-large_image_width=\"1080\" data-large_image_height=\"1253\"href='https:\/\/www.radiopiu.net\/wordpress\/wp-content\/uploads\/2021\/05\/20210502_104103.png'><img loading=\"lazy\" decoding=\"async\" width=\"259\" height=\"300\" src=\"https:\/\/www.radiopiu.net\/wordpress\/wp-content\/uploads\/2021\/05\/20210502_104103-259x300.png\" class=\"attachment-medium size-medium\" alt=\"\" srcset=\"https:\/\/www.radiopiu.net\/wordpress\/wp-content\/uploads\/2021\/05\/20210502_104103-259x300.png 259w, https:\/\/www.radiopiu.net\/wordpress\/wp-content\/uploads\/2021\/05\/20210502_104103-883x1024.png 883w, https:\/\/www.radiopiu.net\/wordpress\/wp-content\/uploads\/2021\/05\/20210502_104103-768x891.png 768w, https:\/\/www.radiopiu.net\/wordpress\/wp-content\/uploads\/2021\/05\/20210502_104103.png 1080w\" sizes=\"auto, (max-width: 259px) 100vw, 259px\" \/><\/a>\n\t\t\t\t<\/dt><\/dl><dl class='gallery-item'>\n\t\t\t\t<dt class='gallery-icon portrait'>\n\t\t\t\t\t<a class=\"rollover rollover-zoom dt-pswp-item\" title=\"Point Blur_May022021_095711\" data-dt-img-description=\"\" data-large_image_width=\"1296\" data-large_image_height=\"1728\"href='https:\/\/www.radiopiu.net\/wordpress\/wp-content\/uploads\/2021\/05\/Point-Blur_May022021_095711.jpg'><img loading=\"lazy\" decoding=\"async\" width=\"225\" height=\"300\" src=\"https:\/\/www.radiopiu.net\/wordpress\/wp-content\/uploads\/2021\/05\/Point-Blur_May022021_095711-225x300.jpg\" class=\"attachment-medium size-medium\" alt=\"\" srcset=\"https:\/\/www.radiopiu.net\/wordpress\/wp-content\/uploads\/2021\/05\/Point-Blur_May022021_095711-225x300.jpg 225w, https:\/\/www.radiopiu.net\/wordpress\/wp-content\/uploads\/2021\/05\/Point-Blur_May022021_095711-768x1024.jpg 768w, https:\/\/www.radiopiu.net\/wordpress\/wp-content\/uploads\/2021\/05\/Point-Blur_May022021_095711-1152x1536.jpg 1152w, https:\/\/www.radiopiu.net\/wordpress\/wp-content\/uploads\/2021\/05\/Point-Blur_May022021_095711.jpg 1296w\" sizes=\"auto, (max-width: 225px) 100vw, 225px\" \/><\/a>\n\t\t\t\t<\/dt><\/dl><dl class='gallery-item'>\n\t\t\t\t<dt class='gallery-icon portrait'>\n\t\t\t\t\t<a class=\"rollover rollover-zoom dt-pswp-item\" title=\"Screenshot_20210502-103945\" data-dt-img-description=\"\" data-large_image_width=\"829\" data-large_image_height=\"1377\"href='https:\/\/www.radiopiu.net\/wordpress\/wp-content\/uploads\/2021\/05\/Screenshot_20210502-103945.jpg'><img loading=\"lazy\" decoding=\"async\" width=\"181\" height=\"300\" src=\"https:\/\/www.radiopiu.net\/wordpress\/wp-content\/uploads\/2021\/05\/Screenshot_20210502-103945-181x300.jpg\" class=\"attachment-medium size-medium\" alt=\"\" srcset=\"https:\/\/www.radiopiu.net\/wordpress\/wp-content\/uploads\/2021\/05\/Screenshot_20210502-103945-181x300.jpg 181w, https:\/\/www.radiopiu.net\/wordpress\/wp-content\/uploads\/2021\/05\/Screenshot_20210502-103945-616x1024.jpg 616w, https:\/\/www.radiopiu.net\/wordpress\/wp-content\/uploads\/2021\/05\/Screenshot_20210502-103945-768x1276.jpg 768w, https:\/\/www.radiopiu.net\/wordpress\/wp-content\/uploads\/2021\/05\/Screenshot_20210502-103945.jpg 829w\" sizes=\"auto, (max-width: 181px) 100vw, 181px\" \/><\/a>\n\t\t\t\t<\/dt><\/dl><br style=\"clear: both\" \/>\n\t\t\t<\/div>\n\n<p>&nbsp;<\/p>\n<hr \/>\n<p>&nbsp;<\/p>\n<blockquote>\n<h3>LA LEZIONE DI STORIA E ORGOGLIO<\/h3>\n<\/blockquote>\n<p>Il TGR Veneto ha raccontato la storia di Elvira, operaia dell&#8217;Acc. Radio Pi\u00f9 raccoglie il commento di Stefano Bona della Fiom Cgil.<\/p>\n<blockquote><p><em>Ieri Elvira con il suo racconto ha dato una grande lezione a tutti noi, la sua storia di orgoglio e appartenenza di classe operaia, iniziata a 14 anni e proseguita in Acc, dieci anni da &#8220;pipistrello&#8221; lavorando solo di notte per raggiungere il &#8220;posto fisso&#8221; e poi anni di fatica e di lavoro, che svolge con passione e impegno, perch\u00e9 a suo dire le piace ancora oggi. Ma anche anni di lotta e di partecipazione, Elvira non manca mai alle manifestazioni sempre presente per difenderlo il lavoro da chi colpevolmente e per interesse vuole toglierlo, e allora lo stato e cio\u00e8 noi tutti non abbiamo un debito verso Elvira e i tanti\/e come lei? Il suo contributo alla societ\u00e0 nella quale viviamo deve essere ricompensato con l&#8217;impegno di tutti e del governo per dare soluzioni e futuro alla grande Acc, \u00e8 un preciso e imprescindibile dovere etico,morale e sociale al quale tutti noi non possiamo sottrarci! Grazie Elvira! grazie alle lavoratrici e ai lavoratori che fanno grande l&#8217;Italia!!<\/em><\/p>\n<p>&nbsp;<\/p><\/blockquote>\n<hr \/>\n<p>&nbsp;<\/p>\n<p><span style=\"color: #ff0000;\"><strong>OGGI SUL CORRIERE DELLE ALPI LA POLEMICA<\/strong><\/span><\/p>\n<p><strong><a href=\"https:\/\/www.radiopiu.net\/wordpress\/tofana-e-marmolada-mondiale-domani-e-domenica-le-gare\/marmolada-5\/\" rel=\"attachment wp-att-192488\"><img loading=\"lazy\" decoding=\"async\" class=\"wp-image-192488 alignleft\" src=\"https:\/\/www.radiopiu.net\/wordpress\/wp-content\/uploads\/2021\/02\/Marmolada-5-300x200.jpg\" alt=\"\" width=\"203\" height=\"135\" srcset=\"https:\/\/www.radiopiu.net\/wordpress\/wp-content\/uploads\/2021\/02\/Marmolada-5-300x200.jpg 300w, https:\/\/www.radiopiu.net\/wordpress\/wp-content\/uploads\/2021\/02\/Marmolada-5-768x512.jpg 768w, https:\/\/www.radiopiu.net\/wordpress\/wp-content\/uploads\/2021\/02\/Marmolada-5.jpg 800w\" sizes=\"auto, (max-width: 203px) 100vw, 203px\" \/><\/a>CONSORZIO MARMOLADA FUORI DALLA DMO<\/strong> Primo giorno di servizio, oggi, di Giuliano Vantaggi come site manager delle Colline Unesco di Conegliano Valdobbiadene. Il bellunese lascia, dunque, la Dmo. \u00c8 gi\u00e0 scattata la road map per individuare la nuove governance. Ma i problemi non mancano. Lucia Farenzena, coordinatrice del Consorzio turistico Marmolada&amp;Val Pettorina, sbatte la porta e se ne va. Il malessere pare profondo, a sentire Farenzena. \u00abLa nostra \u00e8 stata una decisione maturata e ponderata da dopo l&#8217;ultima assemblea dove avevo detto che se non avessi visto un progetto concreto per la Marmolada saremmo usciti<\/p>\n<p>&nbsp;<\/p>\n<p>&nbsp;<\/p>\n<hr \/>\n<p>&nbsp;<\/p>\n<p><a href=\"https:\/\/www.radiopiu.net\/wordpress\/giornale-radiopiu-03-maggio-2021-direttore-mirko-mezzacasa\/a3d15ed4-1691-47f2-a681-470656059390\/\" rel=\"attachment wp-att-207248\"><img loading=\"lazy\" decoding=\"async\" class=\"alignnone wp-image-207248 size-full\" src=\"https:\/\/www.radiopiu.net\/wordpress\/wp-content\/uploads\/2021\/05\/a3d15ed4-1691-47f2-a681-470656059390.jpg\" alt=\"\" width=\"1024\" height=\"773\" srcset=\"https:\/\/www.radiopiu.net\/wordpress\/wp-content\/uploads\/2021\/05\/a3d15ed4-1691-47f2-a681-470656059390.jpg 1024w, https:\/\/www.radiopiu.net\/wordpress\/wp-content\/uploads\/2021\/05\/a3d15ed4-1691-47f2-a681-470656059390-300x226.jpg 300w, https:\/\/www.radiopiu.net\/wordpress\/wp-content\/uploads\/2021\/05\/a3d15ed4-1691-47f2-a681-470656059390-768x580.jpg 768w\" sizes=\"auto, (max-width: 1024px) 100vw, 1024px\" \/><\/a><\/p>\n<p>&nbsp;<\/p>\n<blockquote class=\"wp-embedded-content\" data-secret=\"v51Ygg8JY2\"><p><a href=\"https:\/\/www.radiopiu.net\/wordpress\/aggmag02\/\">CORONAVIRUS: AGGIORNAMENTO NAZIONALE 02 MAGGIO  2021<\/a><\/p><\/blockquote>\n<p><iframe loading=\"lazy\" class=\"wp-embedded-content\" sandbox=\"allow-scripts\" security=\"restricted\" style=\"position: absolute; clip: rect(1px, 1px, 1px, 1px);\" title=\"&#8220;CORONAVIRUS: AGGIORNAMENTO NAZIONALE 02 MAGGIO  2021&#8221; &#8212; Radio Pi\u00f9\" src=\"https:\/\/www.radiopiu.net\/wordpress\/aggmag02\/embed\/#?secret=v51Ygg8JY2\" data-secret=\"v51Ygg8JY2\" width=\"600\" height=\"338\" frameborder=\"0\" marginwidth=\"0\" marginheight=\"0\" scrolling=\"no\"><\/iframe><\/p>\n<p>&nbsp;<\/p>\n<blockquote class=\"wp-embedded-content\" data-secret=\"q3ygKeSUYx\"><p><a href=\"https:\/\/www.radiopiu.net\/wordpress\/nelle-ultime-24-ore-si-registrano-360-nuove-positivita-in-veneto-calano-i-ricoveri-11-i-decessi-a-belluno-14-nuovi-positivi\/\">NELLE ULTIME 24 ORE SI REGISTRANO 360 NUOVE POSITIVITA&#8217; IN VENETO. CALANO I RICOVERI, 11 I DECESSI. A BELLUNO 14 NUOVI POSITIVI<\/a><\/p><\/blockquote>\n<p><iframe loading=\"lazy\" class=\"wp-embedded-content\" sandbox=\"allow-scripts\" security=\"restricted\" style=\"position: absolute; clip: rect(1px, 1px, 1px, 1px);\" title=\"&#8220;NELLE ULTIME 24 ORE SI REGISTRANO 360 NUOVE POSITIVITA&#8217; IN VENETO. CALANO I RICOVERI, 11 I DECESSI. A BELLUNO 14 NUOVI POSITIVI&#8221; &#8212; Radio Pi\u00f9\" src=\"https:\/\/www.radiopiu.net\/wordpress\/nelle-ultime-24-ore-si-registrano-360-nuove-positivita-in-veneto-calano-i-ricoveri-11-i-decessi-a-belluno-14-nuovi-positivi\/embed\/#?secret=q3ygKeSUYx\" data-secret=\"q3ygKeSUYx\" width=\"600\" height=\"338\" frameborder=\"0\" marginwidth=\"0\" marginheight=\"0\" scrolling=\"no\"><\/iframe><\/p>\n<p>&nbsp;<\/p>\n<blockquote>\n<h3>I GRAFICI DI TIZIANO DE COL<\/h3>\n<\/blockquote>\n\n\t\t\t<style type='text\/css'>\n\t\t\t\t#gallery-3 {\n\t\t\t\t\tmargin: auto;\n\t\t\t\t}\n\t\t\t\t#gallery-3 .gallery-item {\n\t\t\t\t\tfloat: left;\n\t\t\t\t\tmargin-top: 10px;\n\t\t\t\t\ttext-align: center;\n\t\t\t\t\twidth: 20%;\n\t\t\t\t}\n\t\t\t\t#gallery-3 img {\n\t\t\t\t\tborder: 2px solid #cfcfcf;\n\t\t\t\t}\n\t\t\t\t#gallery-3 .gallery-caption {\n\t\t\t\t\tmargin-left: 0;\n\t\t\t\t}\n\t\t\t\t\/* see gallery_shortcode() in wp-includes\/media.php *\/\n\t\t\t<\/style>\n\t\t<div id='gallery-3' class='dt-gallery-container gallery galleryid-207152 gallery-columns-5 gallery-size-medium'><dl class='gallery-item'>\n\t\t\t\t<dt class='gallery-icon landscape'>\n\t\t\t\t\t<a class=\"rollover rollover-zoom dt-pswp-item\" title=\"b4645a8d-1960-41be-a228-52e0840fa79e\" data-dt-img-description=\"\" data-large_image_width=\"599\" data-large_image_height=\"352\"href='https:\/\/www.radiopiu.net\/wordpress\/wp-content\/uploads\/2021\/05\/b4645a8d-1960-41be-a228-52e0840fa79e.jpg'><img loading=\"lazy\" decoding=\"async\" width=\"300\" height=\"176\" src=\"https:\/\/www.radiopiu.net\/wordpress\/wp-content\/uploads\/2021\/05\/b4645a8d-1960-41be-a228-52e0840fa79e-300x176.jpg\" class=\"attachment-medium size-medium\" alt=\"\" srcset=\"https:\/\/www.radiopiu.net\/wordpress\/wp-content\/uploads\/2021\/05\/b4645a8d-1960-41be-a228-52e0840fa79e-300x176.jpg 300w, https:\/\/www.radiopiu.net\/wordpress\/wp-content\/uploads\/2021\/05\/b4645a8d-1960-41be-a228-52e0840fa79e.jpg 599w\" sizes=\"auto, (max-width: 300px) 100vw, 300px\" \/><\/a>\n\t\t\t\t<\/dt><\/dl><dl class='gallery-item'>\n\t\t\t\t<dt class='gallery-icon landscape'>\n\t\t\t\t\t<a class=\"rollover rollover-zoom dt-pswp-item\" title=\"6df002ad-0f4e-4015-b134-7a6c2c203012\" data-dt-img-description=\"\" data-large_image_width=\"610\" data-large_image_height=\"354\"href='https:\/\/www.radiopiu.net\/wordpress\/wp-content\/uploads\/2021\/05\/6df002ad-0f4e-4015-b134-7a6c2c203012.jpg'><img loading=\"lazy\" decoding=\"async\" width=\"300\" height=\"174\" src=\"https:\/\/www.radiopiu.net\/wordpress\/wp-content\/uploads\/2021\/05\/6df002ad-0f4e-4015-b134-7a6c2c203012-300x174.jpg\" class=\"attachment-medium size-medium\" alt=\"\" srcset=\"https:\/\/www.radiopiu.net\/wordpress\/wp-content\/uploads\/2021\/05\/6df002ad-0f4e-4015-b134-7a6c2c203012-300x174.jpg 300w, https:\/\/www.radiopiu.net\/wordpress\/wp-content\/uploads\/2021\/05\/6df002ad-0f4e-4015-b134-7a6c2c203012.jpg 610w\" sizes=\"auto, (max-width: 300px) 100vw, 300px\" \/><\/a>\n\t\t\t\t<\/dt><\/dl><dl class='gallery-item'>\n\t\t\t\t<dt class='gallery-icon landscape'>\n\t\t\t\t\t<a class=\"rollover rollover-zoom dt-pswp-item\" title=\"537661bf-8f34-4c25-a042-4fab4a485b6a\" data-dt-img-description=\"\" data-large_image_width=\"612\" data-large_image_height=\"357\"href='https:\/\/www.radiopiu.net\/wordpress\/wp-content\/uploads\/2021\/05\/537661bf-8f34-4c25-a042-4fab4a485b6a.jpg'><img loading=\"lazy\" decoding=\"async\" width=\"300\" height=\"175\" src=\"https:\/\/www.radiopiu.net\/wordpress\/wp-content\/uploads\/2021\/05\/537661bf-8f34-4c25-a042-4fab4a485b6a-300x175.jpg\" class=\"attachment-medium size-medium\" alt=\"\" srcset=\"https:\/\/www.radiopiu.net\/wordpress\/wp-content\/uploads\/2021\/05\/537661bf-8f34-4c25-a042-4fab4a485b6a-300x175.jpg 300w, https:\/\/www.radiopiu.net\/wordpress\/wp-content\/uploads\/2021\/05\/537661bf-8f34-4c25-a042-4fab4a485b6a.jpg 612w\" sizes=\"auto, (max-width: 300px) 100vw, 300px\" \/><\/a>\n\t\t\t\t<\/dt><\/dl><dl class='gallery-item'>\n\t\t\t\t<dt class='gallery-icon landscape'>\n\t\t\t\t\t<a class=\"rollover rollover-zoom dt-pswp-item\" title=\"26aca92d-deb6-46ab-9faf-447f600f146a\" data-dt-img-description=\"\" data-large_image_width=\"610\" data-large_image_height=\"353\"href='https:\/\/www.radiopiu.net\/wordpress\/wp-content\/uploads\/2021\/05\/26aca92d-deb6-46ab-9faf-447f600f146a.jpg'><img loading=\"lazy\" decoding=\"async\" width=\"300\" height=\"174\" src=\"https:\/\/www.radiopiu.net\/wordpress\/wp-content\/uploads\/2021\/05\/26aca92d-deb6-46ab-9faf-447f600f146a-300x174.jpg\" class=\"attachment-medium size-medium\" alt=\"\" srcset=\"https:\/\/www.radiopiu.net\/wordpress\/wp-content\/uploads\/2021\/05\/26aca92d-deb6-46ab-9faf-447f600f146a-300x174.jpg 300w, https:\/\/www.radiopiu.net\/wordpress\/wp-content\/uploads\/2021\/05\/26aca92d-deb6-46ab-9faf-447f600f146a.jpg 610w\" sizes=\"auto, (max-width: 300px) 100vw, 300px\" \/><\/a>\n\t\t\t\t<\/dt><\/dl><dl class='gallery-item'>\n\t\t\t\t<dt class='gallery-icon landscape'>\n\t\t\t\t\t<a class=\"rollover rollover-zoom dt-pswp-item\" title=\"f75f99b1-19fa-4373-a34a-5202d4aafed5\" data-dt-img-description=\"\" data-large_image_width=\"610\" data-large_image_height=\"357\"href='https:\/\/www.radiopiu.net\/wordpress\/wp-content\/uploads\/2021\/05\/f75f99b1-19fa-4373-a34a-5202d4aafed5.jpg'><img loading=\"lazy\" decoding=\"async\" width=\"300\" height=\"176\" src=\"https:\/\/www.radiopiu.net\/wordpress\/wp-content\/uploads\/2021\/05\/f75f99b1-19fa-4373-a34a-5202d4aafed5-300x176.jpg\" class=\"attachment-medium size-medium\" alt=\"\" srcset=\"https:\/\/www.radiopiu.net\/wordpress\/wp-content\/uploads\/2021\/05\/f75f99b1-19fa-4373-a34a-5202d4aafed5-300x176.jpg 300w, https:\/\/www.radiopiu.net\/wordpress\/wp-content\/uploads\/2021\/05\/f75f99b1-19fa-4373-a34a-5202d4aafed5.jpg 610w\" sizes=\"auto, (max-width: 300px) 100vw, 300px\" \/><\/a>\n\t\t\t\t<\/dt><\/dl><br style=\"clear: both\" \/>\n\t\t\t<\/div>\n\n<p>&nbsp;<\/p>\n<hr \/>\n<p>&nbsp;<\/p>\n<h2><span style=\"color: #ff0000;\">LE STORIE, sogni svaniti e gli effetti di un commissariamento da ordinaria amministrazione<\/span><\/h2>\n<p><a href=\"https:\/\/www.radiopiu.net\/wordpress\/giornale-radiopiu-01-maggio-2021-direttore-mirko-mezzacasa\/goat-4884605_960_720\/\" rel=\"attachment wp-att-206993\"><img loading=\"lazy\" decoding=\"async\" class=\" wp-image-206993 alignleft\" src=\"https:\/\/www.radiopiu.net\/wordpress\/wp-content\/uploads\/2021\/04\/goat-4884605_960_720-300x188.jpg\" alt=\"\" width=\"203\" height=\"127\" srcset=\"https:\/\/www.radiopiu.net\/wordpress\/wp-content\/uploads\/2021\/04\/goat-4884605_960_720-300x188.jpg 300w, https:\/\/www.radiopiu.net\/wordpress\/wp-content\/uploads\/2021\/04\/goat-4884605_960_720-768x482.jpg 768w, https:\/\/www.radiopiu.net\/wordpress\/wp-content\/uploads\/2021\/04\/goat-4884605_960_720.jpg 960w\" sizes=\"auto, (max-width: 203px) 100vw, 203px\" \/><\/a> A VOLTAGO A FARE LA DIFFERENZA\u00a0 LA MANCANZA\u00a0 DEL SINDACO E I CONTRASTI INTERNI ALLA COMUNITA&#8217;<\/p>\n<p>&nbsp;<\/p>\n<p><strong>DI GIANNI SANTOMASO<\/strong><\/p>\n<audio class=\"wp-audio-shortcode\" id=\"audio-207152-2\" preload=\"none\" style=\"width: 100%;\" controls=\"controls\"><source type=\"audio\/mpeg\" src=\"https:\/\/www.radiopiu.net\/wordpress\/wp-content\/uploads\/2021\/04\/gianni-capre.mp3?_=2\" \/><a href=\"https:\/\/www.radiopiu.net\/wordpress\/wp-content\/uploads\/2021\/04\/gianni-capre.mp3\">https:\/\/www.radiopiu.net\/wordpress\/wp-content\/uploads\/2021\/04\/gianni-capre.mp3<\/a><\/audio>\n<p>&nbsp;<\/p>\n<p>&nbsp;<\/p>\n<hr \/>\n<p>&nbsp;<\/p>\n<blockquote>\n<h3>RITORNA LA STAGIONE DELL&#8217;OCCHIALE, IN LUXOTTICA STRAORDINARIO INCENTIVATO E FLESSIBILITA&#8217; POSITIVA<\/h3>\n<\/blockquote>\n<p><strong><img loading=\"lazy\" decoding=\"async\" class=\"alignleft\" src=\"https:\/\/www.radiopiu.net\/wordpress\/wp-content\/uploads\/2020\/01\/NUOVA-INSEGNA-LUXOTTICA-scaled.jpg\" width=\"193\" height=\"145\" \/>AGORDO<\/strong> Vigilia del primo maggio impegnativa per le rappresentanze sindacali di Luxottica che da pochi giorni in sintonia con l&#8217;Azienda hanno assicurato la bella notizia ai lavoratori, ovvero un premio di risultato che potrebbe superare abbondantemente i 2000 euro. Azienda e Rsu\u00a0 hanno definito il piano\u00a0 flessibilit\u00e0\/straordinario incentivato. STRAORDINARIO INCENTIVATO Le date previste saranno divise in 2 giornate in modo da poter attivare solo i turni di mattina. si svolger\u00e0 per gran parte dei reparti dell&#8217;azienda nei giorni sabato 8 e 15 maggio mentre il terzo turno posticipa al 9 maggio dalle 23:15 alle 5:15, solo il reparto finitura metallo lavorer\u00e0 il 29 maggio.. FLESSIBILITA \u2019POSITIVA si svolger\u00e0\u00a0 sabato 22 e 29 maggio, il terzo turno posticipa al 23 maggio dalle 23:15 alle 5:15, per i turnisti 6:45-12:45. I delegati sindacali si rivolgono anche ai lavoratori che fanno riferimento alle Agenzie, le stesse che\u00a0 stanno inviando messaggi con un nuovo calendario di lavoro rispetto a quello previsto che arriva a\u00a0 prevedere 8 ore lavorative e non pi\u00f9 6, il lavoratore decider\u00e0 se prolungare o meno il &#8220;vecchio&#8221; calendario delle 6 ore.\u00a0 Entra anche in gioco il &#8220;conguaglio negativo&#8221;: le ore di lavoro infatti sono proporzionali alle ferie e permessi retribuiti quindi il lavoratore interinale arriva a fine anno, dopo aver goduto delle ferie con un debito di ore-lavoro verso l&#8217;Azienda, la storia racconta anche di dipendenti arrivati a fine anno con un carico negativo di qualche decina di ore, quindi le due ore di straordinario diventano opportunit\u00e0.<\/p>\n<p>&nbsp;<\/p>\n<hr \/>\n<blockquote>\n<h3><\/h3>\n<h3>NOVITA&#8217; LUXOTTICA: PRENOTAZIONE CESTINI PTI, FERIE UFFICI E OFFICINA<\/h3>\n<\/blockquote>\n<p><strong><a href=\"https:\/\/www.radiopiu.net\/wordpress\/luxottica-sospensione-di-tutte-le-attivita-italiane-del-gruppo\/novita-luxottica\/\" rel=\"attachment wp-att-124025\"><img loading=\"lazy\" decoding=\"async\" class=\"size-medium wp-image-124025 alignleft\" src=\"https:\/\/www.radiopiu.net\/wordpress\/wp-content\/uploads\/2020\/03\/NOVITA-LUXOTTICA-300x169.jpg\" alt=\"\" width=\"300\" height=\"169\" srcset=\"https:\/\/www.radiopiu.net\/wordpress\/wp-content\/uploads\/2020\/03\/NOVITA-LUXOTTICA-300x169.jpg 300w, https:\/\/www.radiopiu.net\/wordpress\/wp-content\/uploads\/2020\/03\/NOVITA-LUXOTTICA-1024x576.jpg 1024w, https:\/\/www.radiopiu.net\/wordpress\/wp-content\/uploads\/2020\/03\/NOVITA-LUXOTTICA-768x432.jpg 768w, https:\/\/www.radiopiu.net\/wordpress\/wp-content\/uploads\/2020\/03\/NOVITA-LUXOTTICA-1536x864.jpg 1536w, https:\/\/www.radiopiu.net\/wordpress\/wp-content\/uploads\/2020\/03\/NOVITA-LUXOTTICA.jpg 1600w\" sizes=\"auto, (max-width: 300px) 100vw, 300px\" \/><\/a>AGORDO<\/strong> Nelle ultime ore azienda e RSU si sono incontrate per definire alcuni dettagli su Part-Time Incentivati e le ferie per uffici e officina. Dopo pi\u00f9 di un anno di dialogo fra le parti si \u00e8 concordato che da oggi Luxottica invier\u00e0 una comunicazione a tutti i colleghi coinvolti nel PTI\/part-time o notturni con orari non coincidenti con l&#8217;apertura della mensa e dal prossimo mese sar\u00e0 possibile scaricare la App-Welcome to LUXOTTICA, questo nuovo strumento dar\u00e0 la possibilit\u00e0 di poter effettuare la prenotazione del cestino. Per quanto riguarda il calendario ferie per uffici ed officina si \u00e8 concordato che dal 9 al 22 agosto le ferie saranno collettive mentre la settimana rimanente si potr\u00e0 collegare nella settimana anticedente (2-8 agosto) oppure il dipendete potr\u00e0 scegliere, tramite My Personal Desk, se pianificare la settimana intera o le giornate di ferie nel periodo che va dal 3 maggio al 23 dicembre 2021. La scelta si potr\u00e0 effettuare da subito tramite il portale aziendale OneLuxottica.<\/p>\n<p>&nbsp;<\/p>\n<p>&nbsp;<\/p>\n<hr \/>\n<p>&nbsp;<\/p>\n<blockquote>\n<h3>L&#8217;INTERVENTO DEL PRESIDENTE DELLA PROVINCIA DI BELLUNO ROBERTO PADRIN ALLA MANIFESTAZIONE DEI SINDACATI PER LA FESTA DEL LAVORO<\/h3>\n<\/blockquote>\n<p><strong>BELLUNO<\/strong> Primo maggio, Festa del Lavoro. A Belluno la manifestazione di sindacati a cui ha partecipato anche il Presidente della Provincia di Belluno Roberto Padrin.<\/p>\n\n\t\t\t<style type='text\/css'>\n\t\t\t\t#gallery-4 {\n\t\t\t\t\tmargin: auto;\n\t\t\t\t}\n\t\t\t\t#gallery-4 .gallery-item {\n\t\t\t\t\tfloat: left;\n\t\t\t\t\tmargin-top: 10px;\n\t\t\t\t\ttext-align: center;\n\t\t\t\t\twidth: 33%;\n\t\t\t\t}\n\t\t\t\t#gallery-4 img {\n\t\t\t\t\tborder: 2px solid #cfcfcf;\n\t\t\t\t}\n\t\t\t\t#gallery-4 .gallery-caption {\n\t\t\t\t\tmargin-left: 0;\n\t\t\t\t}\n\t\t\t\t\/* see gallery_shortcode() in wp-includes\/media.php *\/\n\t\t\t<\/style>\n\t\t<div id='gallery-4' class='dt-gallery-container gallery galleryid-207152 gallery-columns-3 gallery-size-medium'><dl class='gallery-item'>\n\t\t\t\t<dt class='gallery-icon landscape'>\n\t\t\t\t\t<a class=\"rollover rollover-zoom dt-pswp-item\" title=\"dbef12b8-0cda-4053-a4c0-af7c2c2fcac6\" data-dt-img-description=\"\" data-large_image_width=\"1024\" data-large_image_height=\"768\"href='https:\/\/www.radiopiu.net\/wordpress\/wp-content\/uploads\/2021\/05\/dbef12b8-0cda-4053-a4c0-af7c2c2fcac6.jpg'><img loading=\"lazy\" decoding=\"async\" width=\"300\" height=\"225\" src=\"https:\/\/www.radiopiu.net\/wordpress\/wp-content\/uploads\/2021\/05\/dbef12b8-0cda-4053-a4c0-af7c2c2fcac6-300x225.jpg\" class=\"attachment-medium size-medium\" alt=\"\" srcset=\"https:\/\/www.radiopiu.net\/wordpress\/wp-content\/uploads\/2021\/05\/dbef12b8-0cda-4053-a4c0-af7c2c2fcac6-300x225.jpg 300w, https:\/\/www.radiopiu.net\/wordpress\/wp-content\/uploads\/2021\/05\/dbef12b8-0cda-4053-a4c0-af7c2c2fcac6-768x576.jpg 768w, https:\/\/www.radiopiu.net\/wordpress\/wp-content\/uploads\/2021\/05\/dbef12b8-0cda-4053-a4c0-af7c2c2fcac6.jpg 1024w\" sizes=\"auto, (max-width: 300px) 100vw, 300px\" \/><\/a>\n\t\t\t\t<\/dt><\/dl><dl class='gallery-item'>\n\t\t\t\t<dt class='gallery-icon landscape'>\n\t\t\t\t\t<a class=\"rollover rollover-zoom dt-pswp-item\" title=\"88c42b4e-1717-4347-a70b-72c061a61256\" data-dt-img-description=\"\" data-large_image_width=\"1024\" data-large_image_height=\"768\"href='https:\/\/www.radiopiu.net\/wordpress\/wp-content\/uploads\/2021\/05\/88c42b4e-1717-4347-a70b-72c061a61256.jpg'><img loading=\"lazy\" decoding=\"async\" width=\"300\" height=\"225\" src=\"https:\/\/www.radiopiu.net\/wordpress\/wp-content\/uploads\/2021\/05\/88c42b4e-1717-4347-a70b-72c061a61256-300x225.jpg\" class=\"attachment-medium size-medium\" alt=\"\" srcset=\"https:\/\/www.radiopiu.net\/wordpress\/wp-content\/uploads\/2021\/05\/88c42b4e-1717-4347-a70b-72c061a61256-300x225.jpg 300w, https:\/\/www.radiopiu.net\/wordpress\/wp-content\/uploads\/2021\/05\/88c42b4e-1717-4347-a70b-72c061a61256-768x576.jpg 768w, https:\/\/www.radiopiu.net\/wordpress\/wp-content\/uploads\/2021\/05\/88c42b4e-1717-4347-a70b-72c061a61256.jpg 1024w\" sizes=\"auto, (max-width: 300px) 100vw, 300px\" \/><\/a>\n\t\t\t\t<\/dt><\/dl><dl class='gallery-item'>\n\t\t\t\t<dt class='gallery-icon landscape'>\n\t\t\t\t\t<a class=\"rollover rollover-zoom dt-pswp-item\" title=\"bdf3f4c5-1125-4001-babf-bcc59c16596d\" data-dt-img-description=\"\" data-large_image_width=\"1024\" data-large_image_height=\"768\"href='https:\/\/www.radiopiu.net\/wordpress\/wp-content\/uploads\/2021\/05\/bdf3f4c5-1125-4001-babf-bcc59c16596d.jpg'><img loading=\"lazy\" decoding=\"async\" width=\"300\" height=\"225\" src=\"https:\/\/www.radiopiu.net\/wordpress\/wp-content\/uploads\/2021\/05\/bdf3f4c5-1125-4001-babf-bcc59c16596d-300x225.jpg\" class=\"attachment-medium size-medium\" alt=\"\" srcset=\"https:\/\/www.radiopiu.net\/wordpress\/wp-content\/uploads\/2021\/05\/bdf3f4c5-1125-4001-babf-bcc59c16596d-300x225.jpg 300w, https:\/\/www.radiopiu.net\/wordpress\/wp-content\/uploads\/2021\/05\/bdf3f4c5-1125-4001-babf-bcc59c16596d-768x576.jpg 768w, https:\/\/www.radiopiu.net\/wordpress\/wp-content\/uploads\/2021\/05\/bdf3f4c5-1125-4001-babf-bcc59c16596d.jpg 1024w\" sizes=\"auto, (max-width: 300px) 100vw, 300px\" \/><\/a>\n\t\t\t\t<\/dt><\/dl><br style=\"clear: both\" \/>\n\t\t\t<\/div>\n\n<p><strong>L&#8217;INTERVENTO DI ROBERTO PADRIN<\/strong><\/p>\n<p><strong>SANITA&#8217;: <\/strong>Ringrazio i sindacati per aver focalizzato l\u2019attenzione di questo primo maggio sulla sanit\u00e0 e sui lavoratori della sanit\u00e0. Il luogo in cui ci troviamo \u00e8 particolarmente significativo perch\u00e9 tutti sappiamo quanto le case di riposo siano state (e in certo modo siano ancora) uno dei simboli della crisi pandemica. I nostri anziani sono stati colpiti in maniera massiccia dal virus e le case di riposo hanno dovuto adottare sistemi di sicurezza che hanno impedito ai loro ospiti di avere contatti con l\u2019esterno, con figli, familiari, amici. I nostri anziani con tenacia ci hanno mostrato ancora una volta quanto il sacrificio e l\u2019impegno siano fondamentali nel superare le crisi, compresa quella che stiamo vivendo. Ma anche l\u2019impegno e il lavoro degli operatori della sanit\u00e0 si sono dimostrati imprescindibili. E oggi pi\u00f9 che mai ci ricordano che senza salute, senza sanit\u00e0, non pu\u00f2 esserci neanche lavoro. Del resto, sanit\u00e0 e lavoro sono due diritti fondamentali della persona.<strong> LAVORO: <\/strong>Oggi celebrare il lavoro e i lavoratori \u00e8 difficile. Dopo il lockdown e un anno intero di pandemia, cominciamo a registrare consistenti e innegabili segni di malessere, di crisi economica e corriamo il rischio di veder diventare le difficolt\u00e0 dei lavoratori veri e propri drammi sociali all\u2019interno delle nostre comunit\u00e0. Il momento \u00e8 complesso, ma ne usciremo. Da bellunesi, rimboccandoci le maniche e con la solidariet\u00e0. Quella solidariet\u00e0 che Provincia e sindacati hanno unito nel Fondo Welfare e che nelle ultime settimane sta raccogliendo le donazioni dalle buste paga dei lavoratori, a favore di famiglie in difficolt\u00e0. Certo, la solidariet\u00e0 interna al nostro territorio \u00e8 uno strumento eccezionale &#8211; e tutti sappiamo quanto siano campioni di generosit\u00e0 i bellunesi -. Ma non basta. Ecco perch\u00e9 abbiamo bisogno che il Recovery Plan e tutto quello che verr\u00e0 dopo il Covid abbia un occhio di riguardo per il lavoro. Dobbiamo salvaguardare il lavoro e creare un nuovo sviluppo, sostenibile e a misura di territorio oltre che dei singoli uomini e donne che compongono le nostre comunit\u00e0. Il lavoro come valore \u00e8 fondato anche nella nostra carta costituzionale. E non possiamo ignorarlo<strong>. CRISI AZIENDALE: <\/strong>La salvaguardia del lavoro passa anche dalla difesa dei posti di lavoro. E in questo non possiamo dimenticare che ci sono due situazioni particolarmente spinose nel nostro territorio. Acc e Ideal Standard stanno vivendo situazioni differenti ma simili. Entrambe le aziende sono in difficolt\u00e0 e hanno al loro interno donne e uomini, lavoratrici e lavoratori, giustamente preoccupati per il loro destino. Si tratta di stabilimenti storici che costituiscono un vanto del nostro territorio, con produzioni che negli anni hanno rappresentato il fiore all\u2019occhiello della manifattura bellunese. Oggi rappresentano la linea di difesa da cui cominciare a ricostruire la cultura del lavoro nel nostro territorio. Fatta di persone, del loro impegno quotidiano, della loro professionalit\u00e0 e non di fondi stranieri che spolpano l\u2019osso prima di andarsene da un\u2019altra parte. Se potremo ancora celebrare il 1\u00b0 maggio, in futuro, sar\u00e0 perch\u00e9 avremo difeso il valore dei lavoratori e di quello che sanno fare.<\/p>\n<p>&nbsp;<\/p>\n<p>&nbsp;<\/p>\n<hr \/>\n<p>&nbsp;<\/p>\n<blockquote>\n<h3>FILT CGIL CHIEDE DI RIPRENDERE LA CONTRATTAZIONE DI QUALITA&#8217; IN DOLOMITIBUS<\/h3>\n<\/blockquote>\n<p><strong><a href=\"https:\/\/www.radiopiu.net\/wordpress\/cade-con-la-mountain-bike-e-si-ferisce-al-collo\/f662441c-c6a1-40df-8978-3ff5202173f9\/\" rel=\"attachment wp-att-145519\"><img loading=\"lazy\" decoding=\"async\" class=\"size-medium wp-image-145519 alignleft\" src=\"https:\/\/www.radiopiu.net\/wordpress\/wp-content\/uploads\/2020\/06\/f662441c-c6a1-40df-8978-3ff5202173f9-300x225.jpg\" alt=\"\" width=\"300\" height=\"225\" srcset=\"https:\/\/www.radiopiu.net\/wordpress\/wp-content\/uploads\/2020\/06\/f662441c-c6a1-40df-8978-3ff5202173f9-300x225.jpg 300w, https:\/\/www.radiopiu.net\/wordpress\/wp-content\/uploads\/2020\/06\/f662441c-c6a1-40df-8978-3ff5202173f9-1024x768.jpg 1024w, https:\/\/www.radiopiu.net\/wordpress\/wp-content\/uploads\/2020\/06\/f662441c-c6a1-40df-8978-3ff5202173f9-768x576.jpg 768w, https:\/\/www.radiopiu.net\/wordpress\/wp-content\/uploads\/2020\/06\/f662441c-c6a1-40df-8978-3ff5202173f9.jpg 1280w\" sizes=\"auto, (max-width: 300px) 100vw, 300px\" \/><\/a>BELLUNO<\/strong> Con un comunicato stampa la FILT CGIL espone alcune riflessioni rispetto all&#8217;importanza di riprendere una contrattazione di qualit\u00e0 all&#8217;interno di DolomitiBus.<\/p>\n<blockquote><p><em><strong>IL COMUNICATO<\/strong>\u00a0<\/em><\/p>\n<p><em>Leggere dai giornali che il bilancio 2020 di Dolomiti Bus si chiude con un margine di utile ci d\u00e0 una boccata di ossigeno e ci conferma che le nostre richieste di riapertura del servizio erano legittime e sostenibili e che la perdita di ricavi andava in qualche modo ristorata dal Governo centrale e regionale. Ora come allora rimaniamo infatti convinti che un servizio, funzionale all\u2019esercizio dei diritti fondamentali, non possa essere soggetto a logiche industriali basate su utile o profitto ma vada comunque garantito ed assicurato, anzi, vada addirittura rafforzato e ampliato. Parimenti rimaniamo convinti, con ancora pi\u00f9 forza, della necessit\u00e0 di preservare con forza la buona occupazione del settore e restituire al personale autoferrotranviero quella dignit\u00e0 che, giorno dopo giorno, ha perduto. Negli ultimi anni i turni sono peggiorati con dei nastri lavorativi che vanificano, di fatto, qualsiasi conciliazione vita\/lavoro. Aumentano le riprese e le soste in depositi privi a volte anche dei servizi igienici. La contrattazione aziendale \u00e8 ferma al 2008: qualche anno fa eravamo riusciti a sottoscrivere un accordo per un riconoscimento di una qualche forma di aumento in busta paga ma quest\u2019anno l\u2019azienda ci ha comunicato di non essere in condizioni di rinnovare questo impegno. Parallelamente aumentano la responsabilit\u00e0 e i rischi per la sicurezza e l\u2019incolumit\u00e0 dei lavoratori, oggetto sempre pi\u00f9 spesso di minacce o di aggressioni. La pandemia non ha fatto altro che far esplodere con ancora pi\u00f9 urgenza un disagio gi\u00e0 da tempo noto e denunciato. Le conseguenze di questa perdita di dignit\u00e0 del lavoro sono sotto gli occhi di tutti e si traducono in un turn over sconosciuto fino a qualche anno fa. Se in passato infatti era facile trovare manodopera qualificata da assumere, oggi soffriamo una costante situazione di sottorganico. Le ragioni sono molteplici: da una parte ci sono le finestre pensionistiche per gli usuranti (a conferma di quanto faticoso sia questo lavoro) ma, dall\u2019altra, si registrano sempre pi\u00f9 frequenti dimissioni volontarie. A dimettersi non sono solo i tanti giovani che salgono dal Sud, attratti dalla possibilit\u00e0 di un futuro che ben presto scopriranno essere loro negato, ma a dimettersi sono spesso anche lavoratori locali, con un\u2019anzianit\u00e0 importante, che non riescono pi\u00f9 a reggere tempi di lavoro lunghi cui non corrisponde nemmeno un riconoscimento economico adeguato. E assumere diventa sempre pi\u00f9 faticoso tanto da costringere l\u2019azienda a sottoscrivere accordi con l\u2019Esercito o a promuovere corsi di formazione ad hoc (v.Certottica). Al nuovo amministratore delegato Rossi, alla Provincia quale socia di maggiornaza di Dolomiti Bus ed ente di Governo chiediamo dunque la ripresa in maniera serrata del confronto per ricostruire un nuovo modello di lavoro per il post pandemia: un modello che da una parte permetta un miglioramento delle condizioni di vita dei lavoratori, ridiscutendo turni di lavoro ormai insostenibili e dall\u2019altra garantisca un riconoscimento anche economico della dignit\u00e0 di un lavoro cos\u00ec importante per la collettivit\u00e0 e per il futuro della Provincia.<\/em><\/p>\n<p><em>Alessandra Fontana<\/em><\/p>\n<p><em>Segretaria generale Filt Cgil di Belluno<\/em><\/p><\/blockquote>\n<p>&nbsp;<\/p>\n<p>&nbsp;<\/p>\n<hr \/>\n<p>&nbsp;<\/p>\n<blockquote>\n<h3>VENERDI&#8217; IL CONSIGLIO COMUNALE A TAIBON<\/h3>\n<\/blockquote>\n<p><strong>TAIBON<\/strong> Il sindaco di Taibon Silvia Tormen ha convocato il consiglio comunale per venerd\u00ec alle 18:30 in videoconferenza. Sono 6 i punti da discutere tra cui l&#8217;approvazione di bilancio 2020 di ASCA, una variazione al bilancio e l&#8217;approvazione dello schema e allegati di esercizio finanziario 2020.<\/p>\n<p>&nbsp;<\/p>\n<p>&nbsp;<\/p>\n<hr \/>\n<p>&nbsp;<\/p>\n<blockquote>\n<h3>LAVORI ALL&#8217;ECOCENTRO DI CENCENIGHE. CHIUSO DAL 5 AL 17 MAGGIO<\/h3>\n<\/blockquote>\n<p><strong><a href=\"https:\/\/www.radiopiu.net\/wordpress\/maltempo-possibili-problemi-alla-raccolta-dei-rifiuti-e-chiusura-di-sportelli-ed-ecocentri-al-pomeriggio\/logo-valpe-verticale\/\" rel=\"attachment wp-att-65542\"><img loading=\"lazy\" decoding=\"async\" class=\" wp-image-65542 alignleft\" src=\"https:\/\/www.radiopiu.net\/wordpress\/wp-content\/uploads\/2018\/10\/logo-valpe-verticale-300x298.jpg\" alt=\"\" width=\"141\" height=\"140\" srcset=\"https:\/\/www.radiopiu.net\/wordpress\/wp-content\/uploads\/2018\/10\/logo-valpe-verticale-300x298.jpg 300w, https:\/\/www.radiopiu.net\/wordpress\/wp-content\/uploads\/2018\/10\/logo-valpe-verticale-150x150.jpg 150w, https:\/\/www.radiopiu.net\/wordpress\/wp-content\/uploads\/2018\/10\/logo-valpe-verticale.jpg 370w\" sizes=\"auto, (max-width: 141px) 100vw, 141px\" \/><\/a>CENCENIGHE <\/strong>Nei prossimi giorni inizieranno alcuni interventi di sistemazione presso l\u2019Ecocentro di Cencenighe Agordino. Per consentire la realizzazione dei lavori previsti, la struttura chiuder\u00e0 al pubblico dal 5 al 17 maggio 2021. Durante il periodo di chiusura i cittadini potranno accedere a qualsiasi Ecocentro del territorio dell\u2019Unione Montana Agordina, verificando sedi e orari di apertura sul manuale informativo consegnato o su <a href=\"http:\/\/www.valpeambiente.it\">www.valpeambiente.it<\/a>. L\u2019Ecocentro di Cencenighe Agordino sar\u00e0 nuovamente accessibile ai cittadini da marted\u00ec 18 maggio. Per ulteriori informazioni, \u00e8 possibile inviare una mail a <a href=\"mailto:info@valpeambiente.it\">info@valpeambiente.it<\/a>, visitare il sito www.valpeambiente.it oppure contattare i numeri 0437 640462 oppure 0437 643621.<\/p>\n<p>&nbsp;<\/p>\n<p>&nbsp;<\/p>\n<hr \/>\n<p>&nbsp;<\/p>\n<blockquote>\n<h3>DA OGGI APRE IL POLO BIBLIOTECARIO FELTRINO E DAL 9 MAGGIO LA GALLERIA RIZZARDA<\/h3>\n<\/blockquote>\n<p><strong>FELTRE<\/strong> Buone notizie per i cittadini feltrini. A partire da oggi il Polo Bibliotecario Feltrino viene riaperto al pubblico e dal 9 maggio riapre anche la galleria Rizzarda. Rimarra chiuso al pubblico invece il Museo Civico a causa di lavori di adeguamento.<\/p>\n<p>&nbsp;<\/p>\n<p>&nbsp;<\/p>\n<hr \/>\n<p>&nbsp;<\/p>\n<p><span style=\"color: #ff0000;\"><a href=\"https:\/\/www.radiopiu.net\/wordpress\/giornale-radiopiu-01-maggio-2021-direttore-mirko-mezzacasa\/physiotherapist-5903568_960_720\/\" rel=\"attachment wp-att-207020\"><img loading=\"lazy\" decoding=\"async\" class=\"wp-image-207020 alignleft\" src=\"https:\/\/www.radiopiu.net\/wordpress\/wp-content\/uploads\/2021\/05\/physiotherapist-5903568_960_720-300x192.png\" alt=\"\" width=\"217\" height=\"139\" srcset=\"https:\/\/www.radiopiu.net\/wordpress\/wp-content\/uploads\/2021\/05\/physiotherapist-5903568_960_720-300x192.png 300w, https:\/\/www.radiopiu.net\/wordpress\/wp-content\/uploads\/2021\/05\/physiotherapist-5903568_960_720-768x491.png 768w, https:\/\/www.radiopiu.net\/wordpress\/wp-content\/uploads\/2021\/05\/physiotherapist-5903568_960_720.png 960w\" sizes=\"auto, (max-width: 217px) 100vw, 217px\" \/><\/a>IERI ALLA RADIO\u00a0<\/span><\/p>\n<blockquote>\n<h3>L&#8217;OSTEOPATA AD AGORDO, ELENA DA CAMPO<\/h3>\n<\/blockquote>\n<p><strong>di Claudio Fontanive<\/strong><\/p>\n<audio class=\"wp-audio-shortcode\" id=\"audio-207152-3\" preload=\"none\" style=\"width: 100%;\" controls=\"controls\"><source type=\"audio\/mpeg\" src=\"https:\/\/www.radiopiu.net\/wordpress\/wp-content\/uploads\/2021\/05\/elena-da-campo-osteopata.mp3?_=3\" \/><a href=\"https:\/\/www.radiopiu.net\/wordpress\/wp-content\/uploads\/2021\/05\/elena-da-campo-osteopata.mp3\">https:\/\/www.radiopiu.net\/wordpress\/wp-content\/uploads\/2021\/05\/elena-da-campo-osteopata.mp3<\/a><\/audio>\n<p>&nbsp;<\/p>\n<p>&nbsp;<\/p>\n<p>&nbsp;<\/p>\n<hr \/>\n<p>&nbsp;<\/p>\n<blockquote>\n<h2>30 MAGGIO, PALAFELTRE NOMADI IN CONCERTO &#8211; DATA ZERO<\/h2>\n<\/blockquote>\n<div dir=\"auto\"><span style=\"color: #ff0000;\"><strong>DALLA PAGINA UFFICIALE DEI NOMADI<\/strong><\/span><\/div>\n<div dir=\"auto\"><\/div>\n<div dir=\"auto\"><strong>FELTRE<\/strong> Con grande gioia annunciamo l\u2019inizio del nostro tour 2021. Domenica 30 MAGGIO ore 16.30 FELTRE (BL) &#8211; PalaFeltre.\u00a0 A brevissimo sar\u00e0 attivata la prevendita <a class=\"oajrlxb2 g5ia77u1 qu0x051f esr5mh6w e9989ue4 r7d6kgcz rq0escxv nhd2j8a9 nc684nl6 p7hjln8o kvgmc6g5 cxmmr5t8 oygrvhab hcukyx3x jb3vyjys rz4wbd8a qt6c0cv9 a8nywdso i1ao9s8h esuyzwwr f1sip0of lzcic4wl q66pz984 gpro0wi8 b1v8xokw\" tabindex=\"0\" role=\"link\" href=\"https:\/\/www.facebook.com\/hashtag\/lamusicanonsiferma?__eep__=6&amp;__cft__[0]=AZXF0ytamgTRYZvXX4jy3QrGzUJpoW1-vPmFpJxejb4ugjlqH6xqgb-BqSnbxCUNb7Ip8Q2ceL-pu9rLtKCD96z1LcW0ieLQFNZK3nNtmcdIhIGMFGhsvWoXQmEJSTUvaHaUy15OANH42KG1U4sngwPH&amp;__tn__=*NK-R\">#lamusicanonsiferma<\/a> <a class=\"oajrlxb2 g5ia77u1 qu0x051f esr5mh6w e9989ue4 r7d6kgcz rq0escxv nhd2j8a9 nc684nl6 p7hjln8o kvgmc6g5 cxmmr5t8 oygrvhab hcukyx3x jb3vyjys rz4wbd8a qt6c0cv9 a8nywdso i1ao9s8h esuyzwwr f1sip0of lzcic4wl q66pz984 gpro0wi8 b1v8xokw\" tabindex=\"0\" role=\"link\" href=\"https:\/\/www.facebook.com\/hashtag\/nomadi?__eep__=6&amp;__cft__[0]=AZXF0ytamgTRYZvXX4jy3QrGzUJpoW1-vPmFpJxejb4ugjlqH6xqgb-BqSnbxCUNb7Ip8Q2ceL-pu9rLtKCD96z1LcW0ieLQFNZK3nNtmcdIhIGMFGhsvWoXQmEJSTUvaHaUy15OANH42KG1U4sngwPH&amp;__tn__=*NK-R\">#nomadi.<\/a><\/div>\n<div dir=\"auto\"><img loading=\"lazy\" decoding=\"async\" class=\"\" src=\"https:\/\/www.radiopiu.net\/wordpress\/wp-content\/uploads\/2021\/04\/180539277_349238196573423_8469987877907970181_n-300x300.jpg\" width=\"409\" height=\"409\" \/><\/div>\n<div dir=\"auto\"><\/div>\n<div dir=\"auto\"><\/div>\n<hr \/>\n<p>&nbsp;<\/p>\n<blockquote>\n<h3>\u201cPERSONAGGI\u201d RIPRESI DA DINO DE CIAN PER IL LIBRO DEI \u201cRACCONTI BELLUNESI\u201d<\/h3>\n<\/blockquote>\n<p><strong>di Renato Bona<\/strong><\/p>\n<p>Il secondo capitolo del libro \u201cRacconti bellunesi. Cultura contadina e artigiana della Val del Piave, tra Belluno e Feltre, in fotografia\u201d, opera di Dino De Cian (che l\u2019ha dedicata ai genitori da cui ha ereditato la cultura contadina e artigiana, alla moglie Doretta, che lo ha stimolato al lavoro, alla figlia Sara: \u201cnata col libro, conoscer\u00e0 queste cose solo in fotografia,,,\u201d), \u00e8 intitolato \u201cPersonaggi\u201d e presenta una serie di figure, femminili e maschili che rappresentano a modo loro un tempo ormai lontano\u2026 Edito nel febbraio 1982 con l\u2019Istituto bellunese di ricerche sociali e culturali presieduto dal prof. don Sergio Sacco, per i tipi della tipografia Piave, il volume richiama e mostra in primo luogo i lavori artigianali, quindi i \u201cpersonaggi\u201d che in qualche modo vi si sono dedicati, poi strumenti e persone al lavoro, il lavoro per la famiglia e la vita, i lavori speciali; spazio e immagini anche per animali, cose e scene della natura bellunese ed infine il capitolo \u201cDalla realt\u00e0 al simbolo\u201d. Oggi ci soffermiamo sulla presentazione di Piccolo il quale, fra l\u2019altro, scrive: \u201c\u2026Attorno al motivo conduttore del lavoro tradizionale sulle aie, nei campi e nelle botteghe, ruotano con armonia i personaggi strani e un poco misteriosi che da sempre attraversano queste terre: ecco il \u2018kroner\u2019 con la sua cassetta a tracolla; ecco il venditore di sementi pellegrinare a primavera da un borgo all\u2019altro; ecco il vecchio arrotino \u2018a far la coka\u2019 all\u2019osteria presso il Piave. Ecco, infine, il botanico che, perduta fra i bicchieri la sua aria dottorale, svela gli arcani del basilico, della lippara e del micidiale \u2018martinkoz\u2019! Ma ecco il forestiero, quasi mendicante che lavora da servitore di stalla presso i grassi \u2018bakani\u2019, dorme nei fienili, cena sull\u2019uscio con la ciotola della minestra, spesso dileggiato dagli oziosi e dai monelli! Eccolo cantare con tal voce struggente e limpida che tutta la famiglia si fa d\u2019improvviso seria e silenziosa. Ritorna la grande anima bellunese e aleggia intorno ai focolari spenti, ai mulini sperduti in valli oscure, ai pastori solitari, ai carri antichi ormai fermi per sempre, nel silenzio delle \u2018maiolere\u2019 abbandonate fra il verde dei monti\u201d. Ancora Piccolo a proposito degli scatti dell\u2019amico De Cian: \u201cDino non fa della fotografia politica, piegando il ginocchio a quell\u2019altra stupida moda che, pur fuori tempo, vuole ancora oggi il suo museo con tanto di contadino mummificato nell\u2019atto di reggere falcetto e mazzapicco. Si tratta di \u2018documenti\u2019 riguardanti la storia popolare del Bellunese e del Feltrino, ma ci\u00f2 non toglie tuttavia che queste foto siano anche molto spesso delle vere opere d\u2019arte, senza quel che di posticcio e di teatrale che appare spesso in questi lavori. Cos\u00ec il programma e l\u2019impegno sociale dell\u2019artista, non guastano l\u2019immediatezza e la concretezza di queste immagini che si snodano bellissime e fluide dentro il libro come l\u2019acqua chiara di un rivo alpino, nonostante la loro sovente drammaticit\u00e0. Non si indulge qui per nulla all\u2019immagine fin troppo consueta dell\u2019alpigiano cadorino fra le sue baite, ma c\u2019\u00e8 la severit\u00e0 quasi di un vero studio filologico, dentro la realt\u00e0 del nostro territorio\u2026 Il Bellunese e il Feltrino presentano uomini, cose e situazioni irripetibili nell\u2019area del grande Veneto, perch\u00e9 hanno il loro proprio carattere del tutto particolare ed inconsueto, pur condividendo con Carnia e Trentino certi tratti comuni. E questo documento \u00e8 un\u2019ennesima riprova di tale singolarit\u00e0 e particolarit\u00e0 ed rappresenta a suo modo una sommessa protesta contro la vecchie ingiustizia che ci vuole stretti fra due regioni che godono il grande privilegio dell\u2019autonomia amministrativa\u2026 L\u2019autore ha girovagato per le nostre valli come un libero cavaliere di ventura, alla ricerca di quel particolare stato di grazia che permette di cogliere la realt\u00e0 al di fuori di ogni precetto e d\u2019ogni schema convenzionale. Potremmo dire che nel libro appare come un viaggio dell\u2019anima, un severo percorso settennale di sviluppo e crescita, una realizzazione spirituale\u201d.<\/p>\n\n\t\t\t<style type='text\/css'>\n\t\t\t\t#gallery-5 {\n\t\t\t\t\tmargin: auto;\n\t\t\t\t}\n\t\t\t\t#gallery-5 .gallery-item {\n\t\t\t\t\tfloat: left;\n\t\t\t\t\tmargin-top: 10px;\n\t\t\t\t\ttext-align: center;\n\t\t\t\t\twidth: 12%;\n\t\t\t\t}\n\t\t\t\t#gallery-5 img {\n\t\t\t\t\tborder: 2px solid #cfcfcf;\n\t\t\t\t}\n\t\t\t\t#gallery-5 .gallery-caption {\n\t\t\t\t\tmargin-left: 0;\n\t\t\t\t}\n\t\t\t\t\/* see gallery_shortcode() in wp-includes\/media.php *\/\n\t\t\t<\/style>\n\t\t<div id='gallery-5' class='dt-gallery-container gallery galleryid-207152 gallery-columns-8 gallery-size-thumbnail'><dl class='gallery-item'>\n\t\t\t\t<dt class='gallery-icon portrait'>\n\t\t\t\t\t<a class=\"rollover rollover-zoom dt-pswp-item\" title=\"181979495_741257716572294_5693704602526401109_n\" data-dt-img-description=\"\" data-large_image_width=\"1823\" data-large_image_height=\"2560\"href='https:\/\/www.radiopiu.net\/wordpress\/wp-content\/uploads\/2021\/05\/181979495_741257716572294_5693704602526401109_n-scaled.jpg'><img loading=\"lazy\" decoding=\"async\" width=\"150\" height=\"150\" src=\"https:\/\/www.radiopiu.net\/wordpress\/wp-content\/uploads\/2021\/05\/181979495_741257716572294_5693704602526401109_n-150x150.jpg\" class=\"attachment-thumbnail size-thumbnail\" alt=\"\" \/><\/a>\n\t\t\t\t<\/dt><\/dl><dl class='gallery-item'>\n\t\t\t\t<dt class='gallery-icon portrait'>\n\t\t\t\t\t<a class=\"rollover rollover-zoom dt-pswp-item\" title=\"180095380_776172083043493_928531041440965808_n\" data-dt-img-description=\"\" data-large_image_width=\"1921\" data-large_image_height=\"2560\"href='https:\/\/www.radiopiu.net\/wordpress\/wp-content\/uploads\/2021\/05\/180095380_776172083043493_928531041440965808_n-scaled.jpg'><img loading=\"lazy\" decoding=\"async\" width=\"150\" height=\"150\" src=\"https:\/\/www.radiopiu.net\/wordpress\/wp-content\/uploads\/2021\/05\/180095380_776172083043493_928531041440965808_n-150x150.jpg\" class=\"attachment-thumbnail size-thumbnail\" alt=\"\" \/><\/a>\n\t\t\t\t<\/dt><\/dl><dl class='gallery-item'>\n\t\t\t\t<dt class='gallery-icon portrait'>\n\t\t\t\t\t<a class=\"rollover rollover-zoom dt-pswp-item\" title=\"181299538_291849159213782_9038937030429457181_n\" data-dt-img-description=\"\" data-large_image_width=\"2290\" data-large_image_height=\"2560\"href='https:\/\/www.radiopiu.net\/wordpress\/wp-content\/uploads\/2021\/05\/181299538_291849159213782_9038937030429457181_n-scaled.jpg'><img loading=\"lazy\" decoding=\"async\" width=\"150\" height=\"150\" src=\"https:\/\/www.radiopiu.net\/wordpress\/wp-content\/uploads\/2021\/05\/181299538_291849159213782_9038937030429457181_n-150x150.jpg\" class=\"attachment-thumbnail size-thumbnail\" alt=\"\" \/><\/a>\n\t\t\t\t<\/dt><\/dl><dl class='gallery-item'>\n\t\t\t\t<dt class='gallery-icon portrait'>\n\t\t\t\t\t<a class=\"rollover rollover-zoom dt-pswp-item\" title=\"180421837_1182896245508866_3198944243518922967_n\" data-dt-img-description=\"\" data-large_image_width=\"1780\" data-large_image_height=\"2560\"href='https:\/\/www.radiopiu.net\/wordpress\/wp-content\/uploads\/2021\/05\/180421837_1182896245508866_3198944243518922967_n-scaled.jpg'><img loading=\"lazy\" decoding=\"async\" width=\"150\" height=\"150\" src=\"https:\/\/www.radiopiu.net\/wordpress\/wp-content\/uploads\/2021\/05\/180421837_1182896245508866_3198944243518922967_n-150x150.jpg\" class=\"attachment-thumbnail size-thumbnail\" alt=\"\" \/><\/a>\n\t\t\t\t<\/dt><\/dl><dl class='gallery-item'>\n\t\t\t\t<dt class='gallery-icon portrait'>\n\t\t\t\t\t<a class=\"rollover rollover-zoom dt-pswp-item\" title=\"180430249_170130211569200_3889800812068424381_n\" data-dt-img-description=\"\" data-large_image_width=\"1791\" data-large_image_height=\"2560\"href='https:\/\/www.radiopiu.net\/wordpress\/wp-content\/uploads\/2021\/05\/180430249_170130211569200_3889800812068424381_n-scaled.jpg'><img loading=\"lazy\" decoding=\"async\" width=\"150\" height=\"150\" src=\"https:\/\/www.radiopiu.net\/wordpress\/wp-content\/uploads\/2021\/05\/180430249_170130211569200_3889800812068424381_n-150x150.jpg\" class=\"attachment-thumbnail size-thumbnail\" alt=\"\" \/><\/a>\n\t\t\t\t<\/dt><\/dl><dl class='gallery-item'>\n\t\t\t\t<dt class='gallery-icon landscape'>\n\t\t\t\t\t<a class=\"rollover rollover-zoom dt-pswp-item\" title=\"180824932_1184411139054064_3179715378799010718_n\" data-dt-img-description=\"\" data-large_image_width=\"2560\" data-large_image_height=\"1795\"href='https:\/\/www.radiopiu.net\/wordpress\/wp-content\/uploads\/2021\/05\/180824932_1184411139054064_3179715378799010718_n-scaled.jpg'><img loading=\"lazy\" decoding=\"async\" width=\"150\" height=\"150\" src=\"https:\/\/www.radiopiu.net\/wordpress\/wp-content\/uploads\/2021\/05\/180824932_1184411139054064_3179715378799010718_n-150x150.jpg\" class=\"attachment-thumbnail size-thumbnail\" alt=\"\" \/><\/a>\n\t\t\t\t<\/dt><\/dl><dl class='gallery-item'>\n\t\t\t\t<dt class='gallery-icon portrait'>\n\t\t\t\t\t<a class=\"rollover rollover-zoom dt-pswp-item\" title=\"181454030_497640241271281_8160641127810291004_n\" data-dt-img-description=\"\" data-large_image_width=\"2078\" data-large_image_height=\"2560\"href='https:\/\/www.radiopiu.net\/wordpress\/wp-content\/uploads\/2021\/05\/181454030_497640241271281_8160641127810291004_n-scaled.jpg'><img loading=\"lazy\" decoding=\"async\" width=\"150\" height=\"150\" src=\"https:\/\/www.radiopiu.net\/wordpress\/wp-content\/uploads\/2021\/05\/181454030_497640241271281_8160641127810291004_n-150x150.jpg\" class=\"attachment-thumbnail size-thumbnail\" alt=\"\" \/><\/a>\n\t\t\t\t<\/dt><\/dl><dl class='gallery-item'>\n\t\t\t\t<dt class='gallery-icon portrait'>\n\t\t\t\t\t<a class=\"rollover rollover-zoom dt-pswp-item\" title=\"181569371_505174753855297_1953413456545419839_n\" data-dt-img-description=\"\" data-large_image_width=\"1800\" data-large_image_height=\"2560\"href='https:\/\/www.radiopiu.net\/wordpress\/wp-content\/uploads\/2021\/05\/181569371_505174753855297_1953413456545419839_n-scaled.jpg'><img loading=\"lazy\" decoding=\"async\" width=\"150\" height=\"150\" src=\"https:\/\/www.radiopiu.net\/wordpress\/wp-content\/uploads\/2021\/05\/181569371_505174753855297_1953413456545419839_n-150x150.jpg\" class=\"attachment-thumbnail size-thumbnail\" alt=\"\" \/><\/a>\n\t\t\t\t<\/dt><\/dl><br style=\"clear: both\" \/><dl class='gallery-item'>\n\t\t\t\t<dt class='gallery-icon portrait'>\n\t\t\t\t\t<a class=\"rollover rollover-zoom dt-pswp-item\" title=\"181012238_363541728421658_5432148471722483820_n\" data-dt-img-description=\"\" data-large_image_width=\"1957\" data-large_image_height=\"2560\"href='https:\/\/www.radiopiu.net\/wordpress\/wp-content\/uploads\/2021\/05\/181012238_363541728421658_5432148471722483820_n-scaled.jpg'><img loading=\"lazy\" decoding=\"async\" width=\"150\" height=\"150\" src=\"https:\/\/www.radiopiu.net\/wordpress\/wp-content\/uploads\/2021\/05\/181012238_363541728421658_5432148471722483820_n-150x150.jpg\" class=\"attachment-thumbnail size-thumbnail\" alt=\"\" \/><\/a>\n\t\t\t\t<\/dt><\/dl><dl class='gallery-item'>\n\t\t\t\t<dt class='gallery-icon portrait'>\n\t\t\t\t\t<a class=\"rollover rollover-zoom dt-pswp-item\" title=\"178134097_164662878906033_6733660341056138002_n\" data-dt-img-description=\"\" data-large_image_width=\"1919\" data-large_image_height=\"2560\"href='https:\/\/www.radiopiu.net\/wordpress\/wp-content\/uploads\/2021\/05\/178134097_164662878906033_6733660341056138002_n-scaled.jpg'><img loading=\"lazy\" decoding=\"async\" width=\"150\" height=\"150\" src=\"https:\/\/www.radiopiu.net\/wordpress\/wp-content\/uploads\/2021\/05\/178134097_164662878906033_6733660341056138002_n-150x150.jpg\" class=\"attachment-thumbnail size-thumbnail\" alt=\"\" \/><\/a>\n\t\t\t\t<\/dt><\/dl><dl class='gallery-item'>\n\t\t\t\t<dt class='gallery-icon portrait'>\n\t\t\t\t\t<a class=\"rollover rollover-zoom dt-pswp-item\" title=\"181857833_157906256334942_2326264322279914025_n\" data-dt-img-description=\"\" data-large_image_width=\"1855\" data-large_image_height=\"2560\"href='https:\/\/www.radiopiu.net\/wordpress\/wp-content\/uploads\/2021\/05\/181857833_157906256334942_2326264322279914025_n-scaled.jpg'><img loading=\"lazy\" decoding=\"async\" width=\"150\" height=\"150\" src=\"https:\/\/www.radiopiu.net\/wordpress\/wp-content\/uploads\/2021\/05\/181857833_157906256334942_2326264322279914025_n-150x150.jpg\" class=\"attachment-thumbnail size-thumbnail\" alt=\"\" \/><\/a>\n\t\t\t\t<\/dt><\/dl><dl class='gallery-item'>\n\t\t\t\t<dt class='gallery-icon portrait'>\n\t\t\t\t\t<a class=\"rollover rollover-zoom dt-pswp-item\" title=\"180673543_394915228164058_2844511832003380412_n\" data-dt-img-description=\"\" data-large_image_width=\"1740\" data-large_image_height=\"2560\"href='https:\/\/www.radiopiu.net\/wordpress\/wp-content\/uploads\/2021\/05\/180673543_394915228164058_2844511832003380412_n-scaled.jpg'><img loading=\"lazy\" decoding=\"async\" width=\"150\" height=\"150\" src=\"https:\/\/www.radiopiu.net\/wordpress\/wp-content\/uploads\/2021\/05\/180673543_394915228164058_2844511832003380412_n-150x150.jpg\" class=\"attachment-thumbnail size-thumbnail\" alt=\"\" \/><\/a>\n\t\t\t\t<\/dt><\/dl><dl class='gallery-item'>\n\t\t\t\t<dt class='gallery-icon portrait'>\n\t\t\t\t\t<a class=\"rollover rollover-zoom dt-pswp-item\" title=\"182156853_739319960095671_8842059955174450415_n\" data-dt-img-description=\"\" data-large_image_width=\"1724\" data-large_image_height=\"2560\"href='https:\/\/www.radiopiu.net\/wordpress\/wp-content\/uploads\/2021\/05\/182156853_739319960095671_8842059955174450415_n-scaled.jpg'><img loading=\"lazy\" decoding=\"async\" width=\"150\" height=\"150\" src=\"https:\/\/www.radiopiu.net\/wordpress\/wp-content\/uploads\/2021\/05\/182156853_739319960095671_8842059955174450415_n-150x150.jpg\" class=\"attachment-thumbnail size-thumbnail\" alt=\"\" \/><\/a>\n\t\t\t\t<\/dt><\/dl><dl class='gallery-item'>\n\t\t\t\t<dt class='gallery-icon portrait'>\n\t\t\t\t\t<a class=\"rollover rollover-zoom dt-pswp-item\" title=\"181763728_764225244282885_7144844853926417751_n\" data-dt-img-description=\"\" data-large_image_width=\"1859\" data-large_image_height=\"2560\"href='https:\/\/www.radiopiu.net\/wordpress\/wp-content\/uploads\/2021\/05\/181763728_764225244282885_7144844853926417751_n-scaled.jpg'><img loading=\"lazy\" decoding=\"async\" width=\"150\" height=\"150\" src=\"https:\/\/www.radiopiu.net\/wordpress\/wp-content\/uploads\/2021\/05\/181763728_764225244282885_7144844853926417751_n-150x150.jpg\" class=\"attachment-thumbnail size-thumbnail\" alt=\"\" \/><\/a>\n\t\t\t\t<\/dt><\/dl><dl class='gallery-item'>\n\t\t\t\t<dt class='gallery-icon portrait'>\n\t\t\t\t\t<a class=\"rollover rollover-zoom dt-pswp-item\" title=\"181382022_171724978163699_3195242130546636015_n\" data-dt-img-description=\"\" data-large_image_width=\"1741\" data-large_image_height=\"2560\"href='https:\/\/www.radiopiu.net\/wordpress\/wp-content\/uploads\/2021\/05\/181382022_171724978163699_3195242130546636015_n-scaled.jpg'><img loading=\"lazy\" decoding=\"async\" width=\"150\" height=\"150\" src=\"https:\/\/www.radiopiu.net\/wordpress\/wp-content\/uploads\/2021\/05\/181382022_171724978163699_3195242130546636015_n-150x150.jpg\" class=\"attachment-thumbnail size-thumbnail\" alt=\"\" \/><\/a>\n\t\t\t\t<\/dt><\/dl><dl class='gallery-item'>\n\t\t\t\t<dt class='gallery-icon landscape'>\n\t\t\t\t\t<a class=\"rollover rollover-zoom dt-pswp-item\" title=\"179675381_479372499948211_5329615388279258441_n\" data-dt-img-description=\"\" data-large_image_width=\"2560\" data-large_image_height=\"2301\"href='https:\/\/www.radiopiu.net\/wordpress\/wp-content\/uploads\/2021\/05\/179675381_479372499948211_5329615388279258441_n-scaled.jpg'><img loading=\"lazy\" decoding=\"async\" width=\"150\" height=\"150\" src=\"https:\/\/www.radiopiu.net\/wordpress\/wp-content\/uploads\/2021\/05\/179675381_479372499948211_5329615388279258441_n-150x150.jpg\" class=\"attachment-thumbnail size-thumbnail\" alt=\"\" \/><\/a>\n\t\t\t\t<\/dt><\/dl><br style=\"clear: both\" \/>\n\t\t\t<\/div>\n\n<p>NELLE FOTO (riproduzioni dal libro \u201cRacconti Bellunesi\u201d di Dino De Cian): l\u2019immagine di questa signora che legge \u00e8 accompagnata dall\u2019inizio di una preghiera in latino in devozione a Sant\u2019Antonio che recita: Se cerchi i miracoli, la morte, l\u2019errore, la calamit\u00e0 e il demonio sono messi in fuga, gli ammalati divenir sani, il mare si calma\u2026\u201d; il guardacaccia di San Gregorio; il patriarca; \u201cforza muliebre\u2026\u201d con pipa; Irma, la guaritrice, non conosce le teorie della psicanalisi ma \u201ccura\u201d i suoi pazienti con successo, in realt\u00e0 i suoi mezzi sono il dono del consiglio, intelligenza e bont\u00e0; uno degli ultimi \u201cfratelli\u201d dell\u2019antica Certosa di Vedana; Luciana e i suoi preziosi lavori; Angelo Lotto; Torbe di Sospirolo: Carletto Casanova, il maestro seggiolaio, in gergo \u201ckonza\u201d; ritratto \u201981: Sandro \u201cMadone\u201d di Meano; il botanico, ovvero Camillo dottor contadino; Rino Scola e il fieno; le due\u2026 stagioni; ragazza in \u201cmaiolera\u201d; donna \u201cprana\u201d; nonna Italia prima e\u2026 dopo, ovvero: l\u2019arte d\u2019invecchiare.<\/p>\n<p>&nbsp;<\/p>\n<p>&nbsp;<\/p>\n<hr \/>\n<p>&nbsp;<\/p>\n<blockquote>\n<h3><a style=\"font-size: 14px; font-weight: normal;\" href=\"https:\/\/www.radiopiu.net\/wordpress\/giornale-radiopiu-06-febbraio-2019-direttore-mirko-mezzacasa\/logo_spi-cgil-800x445\/\" rel=\"attachment wp-att-75538\"><img loading=\"lazy\" decoding=\"async\" class=\"wp-image-75538 alignleft\" src=\"https:\/\/www.radiopiu.net\/wordpress\/wp-content\/uploads\/2019\/02\/Logo_Spi-CGIL-800x445-300x167.jpg\" alt=\"\" width=\"210\" height=\"117\" srcset=\"https:\/\/www.radiopiu.net\/wordpress\/wp-content\/uploads\/2019\/02\/Logo_Spi-CGIL-800x445-300x167.jpg 300w, https:\/\/www.radiopiu.net\/wordpress\/wp-content\/uploads\/2019\/02\/Logo_Spi-CGIL-800x445-768x427.jpg 768w, https:\/\/www.radiopiu.net\/wordpress\/wp-content\/uploads\/2019\/02\/Logo_Spi-CGIL-800x445.jpg 800w\" sizes=\"auto, (max-width: 210px) 100vw, 210px\" \/><\/a><\/h3>\n<\/blockquote>\n<blockquote>\n<h3>ALLA RADIO, APPUNTAMENTO QUINDICINALE CON SPI-CGIL BELLUNO, IN STUDIO MARIA RITA GENTILIN<\/h3>\n<\/blockquote>\n<p><strong>di Claudio Fontanive\u00a0<\/strong><\/p>\n<p><span style=\"color: #ff0000;\"><strong>PUNTATA DEL 29 APRILE 2021<br \/>\n<\/strong><\/span><\/p>\n<audio class=\"wp-audio-shortcode\" id=\"audio-207152-4\" preload=\"none\" style=\"width: 100%;\" controls=\"controls\"><source type=\"audio\/mpeg\" src=\"https:\/\/www.radiopiu.net\/wordpress\/wp-content\/uploads\/2021\/04\/spi-cgil-28-aprile.mp3?_=4\" \/><a href=\"https:\/\/www.radiopiu.net\/wordpress\/wp-content\/uploads\/2021\/04\/spi-cgil-28-aprile.mp3\">https:\/\/www.radiopiu.net\/wordpress\/wp-content\/uploads\/2021\/04\/spi-cgil-28-aprile.mp3<\/a><\/audio>\n<p>&nbsp;<\/p>\n<p>&nbsp;<\/p>\n<hr \/>\n<h2><span style=\"color: #ff0000;\">\u00a0<\/span><\/h2>\n<h2><span style=\"color: #ff0000;\">dalla nuova generazione&#8230; cultura e tradizione<\/span><\/h2>\n<blockquote>\n<h3><em>PIAZA LADINA ALLA RADIO<\/em><\/h3>\n<\/blockquote>\n<p><strong>LA\u00a0 NONA\u00a0 PUNTATA\u00a0 &#8220;Intervista a Davide Cassisi&#8221;<\/strong><\/p>\n<audio class=\"wp-audio-shortcode\" id=\"audio-207152-5\" preload=\"none\" style=\"width: 100%;\" controls=\"controls\"><source type=\"audio\/mpeg\" src=\"https:\/\/www.radiopiu.net\/wordpress\/wp-content\/uploads\/2021\/04\/Pontada-9-Intervista-al-Davide-Cassisi-Lenga-Basca-podon-empara-valch.mp3?_=5\" \/><a href=\"https:\/\/www.radiopiu.net\/wordpress\/wp-content\/uploads\/2021\/04\/Pontada-9-Intervista-al-Davide-Cassisi-Lenga-Basca-podon-empara-valch.mp3\">https:\/\/www.radiopiu.net\/wordpress\/wp-content\/uploads\/2021\/04\/Pontada-9-Intervista-al-Davide-Cassisi-Lenga-Basca-podon-empara-valch.mp3<\/a><\/audio>\n<p>&nbsp;<\/p>\n<blockquote>\n<h2>LA RACCOLTA COMPLETA<\/h2>\n<\/blockquote>\n<blockquote class=\"wp-embedded-content\" data-secret=\"SgXzaOXTcO\"><p><a href=\"https:\/\/www.radiopiu.net\/wordpress\/agora-agordina-la-nosta-piaza\/\">AGORA&#8217; AGORDINA&#8230; LA NOSTA PIAZA LADINA.  pagina in aggiornamento continuo<\/a><\/p><\/blockquote>\n<p><iframe loading=\"lazy\" class=\"wp-embedded-content\" sandbox=\"allow-scripts\" security=\"restricted\" style=\"position: absolute; clip: rect(1px, 1px, 1px, 1px);\" title=\"&#8220;AGORA&#8217; AGORDINA&#8230; LA NOSTA PIAZA LADINA.  pagina in aggiornamento continuo&#8221; &#8212; Radio Pi\u00f9\" src=\"https:\/\/www.radiopiu.net\/wordpress\/agora-agordina-la-nosta-piaza\/embed\/#?secret=SgXzaOXTcO\" data-secret=\"SgXzaOXTcO\" width=\"600\" height=\"338\" frameborder=\"0\" marginwidth=\"0\" marginheight=\"0\" scrolling=\"no\"><\/iframe><\/p>\n<p>&nbsp;<\/p>\n<p>&nbsp;<\/p>\n<hr \/>\n<div class=\"b654a4as d2edcug0\">\n<div class=\"j83agx80 btwxx1t3 lhclo0ds hop8lmos nkwizq5d scwd0bx6 roh60bw9\">\n<div class=\"rq0escxv hkbzh7o3 jwdofwj8 n8tt0mok r8blr3vg hyh9befq\">\n<div class=\"do00u71z l9j0dhe7 k4urcfbm\">\n<div>\n<h2><span style=\"color: #000080;\"><a class=\"dt-pswp-item\" href=\"https:\/\/www.radiopiu.net\/wordpress\/wp-content\/uploads\/2020\/10\/pp.jpg\" data-dt-img-description=\"\" data-large_image_width=\"640\" data-large_image_height=\"640\"><img loading=\"lazy\" decoding=\"async\" class=\"wp-image-163678 alignleft\" src=\"https:\/\/www.radiopiu.net\/wordpress\/wp-content\/uploads\/2020\/10\/pp-300x300.jpg\" alt=\"\" width=\"106\" height=\"106\" srcset=\"https:\/\/www.radiopiu.net\/wordpress\/wp-content\/uploads\/2020\/10\/pp-300x300.jpg 300w, https:\/\/www.radiopiu.net\/wordpress\/wp-content\/uploads\/2020\/10\/pp-150x150.jpg 150w, https:\/\/www.radiopiu.net\/wordpress\/wp-content\/uploads\/2020\/10\/pp-125x125.jpg 125w, https:\/\/www.radiopiu.net\/wordpress\/wp-content\/uploads\/2020\/10\/pp-200x200.jpg 200w, https:\/\/www.radiopiu.net\/wordpress\/wp-content\/uploads\/2020\/10\/pp-80x80.jpg 80w, https:\/\/www.radiopiu.net\/wordpress\/wp-content\/uploads\/2020\/10\/pp-480x480.jpg 480w, https:\/\/www.radiopiu.net\/wordpress\/wp-content\/uploads\/2020\/10\/pp.jpg 640w\" sizes=\"auto, (max-width: 106px) 100vw, 106px\" \/><\/a><\/span><\/h2>\n<h2><span style=\"color: #000080;\">DON CESARE, IL PENSIERO DEL GIORNO. ALLA RADIO ALLE 7 DEL MATTINO E ALLE 19.30 DELLA SERA.\u00a0\u00a0<\/span><\/h2>\n<\/div>\n<\/div>\n<\/div>\n<\/div>\n<div class=\"rq0escxv hkbzh7o3 jwdofwj8 n8tt0mok r8blr3vg hyh9befq\">\n<p>&nbsp;<\/p>\n<p>&nbsp;<\/p>\n<audio class=\"wp-audio-shortcode\" id=\"audio-207152-6\" preload=\"none\" style=\"width: 100%;\" controls=\"controls\"><source type=\"audio\/mpeg\" src=\"https:\/\/www.radiopiu.net\/wordpress\/wp-content\/uploads\/2021\/05\/CESARE.mp3?_=6\" \/><a href=\"https:\/\/www.radiopiu.net\/wordpress\/wp-content\/uploads\/2021\/05\/CESARE.mp3\">https:\/\/www.radiopiu.net\/wordpress\/wp-content\/uploads\/2021\/05\/CESARE.mp3<\/a><\/audio>\n<\/div>\n<\/div>\n<hr \/>\n<p>&nbsp;<\/p>\n<blockquote>\n<h3><a href=\"https:\/\/www.radiopiu.net\/wordpress\/almanacco-ladino-puntata-5-2020\/sn\/\" rel=\"attachment wp-att-180931\"><img loading=\"lazy\" decoding=\"async\" class=\"wp-image-180931 alignleft\" src=\"https:\/\/www.radiopiu.net\/wordpress\/wp-content\/uploads\/2020\/12\/sn-300x194.jpg\" alt=\"\" width=\"181\" height=\"117\" srcset=\"https:\/\/www.radiopiu.net\/wordpress\/wp-content\/uploads\/2020\/12\/sn-300x194.jpg 300w, https:\/\/www.radiopiu.net\/wordpress\/wp-content\/uploads\/2020\/12\/sn.jpg 626w\" sizes=\"auto, (max-width: 181px) 100vw, 181px\" \/><\/a>L&#8217;ALMANACCO LADINO CON L&#8217;ISTITUT CESA DE JAN QUINDICINALE APPUNTAMENTO. LA DOMENICA ALLE 9 IL LUNEDI ALLE 8.35 IL MARTEDI ALLE 12.35 IL MERCOLEDI ALLE 18.35. SECONDA STAGIONE.<\/h3>\n<\/blockquote>\n<p>&nbsp;<\/p>\n<p><strong>RACCOLTA COMPLETA\u00a0<\/strong><\/p>\n<blockquote class=\"wp-embedded-content\" data-secret=\"f5FuYzKzSX\"><p><a href=\"https:\/\/www.radiopiu.net\/wordpress\/almanacco-ladino\/\">Almanacco Ladino<\/a><\/p><\/blockquote>\n<p><iframe loading=\"lazy\" class=\"wp-embedded-content\" sandbox=\"allow-scripts\" security=\"restricted\" style=\"position: absolute; clip: rect(1px, 1px, 1px, 1px);\" title=\"&#8220;Almanacco Ladino&#8221; &#8212; Radio Pi\u00f9\" src=\"https:\/\/www.radiopiu.net\/wordpress\/almanacco-ladino\/embed\/#?secret=f5FuYzKzSX\" data-secret=\"f5FuYzKzSX\" width=\"600\" height=\"338\" frameborder=\"0\" marginwidth=\"0\" marginheight=\"0\" scrolling=\"no\"><\/iframe><\/p>\n<div dir=\"auto\"><\/div>\n<p>&nbsp;<\/p>\n<hr \/>\n<p>&nbsp;<\/p>\n<blockquote>\n<h3 class=\"kvgmc6g5 cxmmr5t8 oygrvhab hcukyx3x c1et5uql\"><span style=\"color: #0000ff;\">INFORMAZIONE il canale su TELEGRAM informazione di prima mano e in tempo reale. iscriviti ed aiutaci a farlo conoscere\u00a0<\/span><\/h3>\n<\/blockquote>\n<h2><img loading=\"lazy\" decoding=\"async\" class=\"alignleft\" src=\"https:\/\/www.radiopiu.net\/wordpress\/wp-content\/uploads\/2021\/03\/narr.jpg\" width=\"158\" height=\"105\" \/>007 IN CONDOTTA CON LA PROF. MARIA ROSA SALMAZO IL LUNEDI ALLE 10,30 E ALLE 19.00 LA DOMENICA ALLE 8 DEL MATTINO. NONA STAGIONE<\/h2>\n<p><span style=\"color: #ff0000;\"><strong>PUNTATA DEL 26 APRILE 2021<\/strong><\/span><\/p>\n<audio class=\"wp-audio-shortcode\" id=\"audio-207152-7\" preload=\"none\" style=\"width: 100%;\" controls=\"controls\"><source type=\"audio\/mpeg\" src=\"https:\/\/www.radiopiu.net\/wordpress\/wp-content\/uploads\/2021\/04\/007-26-aprile.mp3?_=7\" \/><a href=\"https:\/\/www.radiopiu.net\/wordpress\/wp-content\/uploads\/2021\/04\/007-26-aprile.mp3\">https:\/\/www.radiopiu.net\/wordpress\/wp-content\/uploads\/2021\/04\/007-26-aprile.mp3<\/a><\/audio>\n<p>&nbsp;<\/p>\n<h2>LA RACCOLTA COMPLETA<\/h2>\n<blockquote class=\"wp-embedded-content\" data-secret=\"FqpeHMEFTG\"><p><a href=\"https:\/\/www.radiopiu.net\/wordpress\/007incondotta-9\/\">007 in condotta<\/a><\/p><\/blockquote>\n<p><iframe loading=\"lazy\" class=\"wp-embedded-content\" sandbox=\"allow-scripts\" security=\"restricted\" style=\"position: absolute; clip: rect(1px, 1px, 1px, 1px);\" title=\"&#8220;007 in condotta&#8221; &#8212; Radio Pi\u00f9\" src=\"https:\/\/www.radiopiu.net\/wordpress\/007incondotta-9\/embed\/#?secret=FqpeHMEFTG\" data-secret=\"FqpeHMEFTG\" width=\"600\" height=\"338\" frameborder=\"0\" marginwidth=\"0\" marginheight=\"0\" scrolling=\"no\"><\/iframe><\/p>\n<blockquote><p>&nbsp;<\/p>\n<p>&nbsp;<\/p>\n<p>&nbsp;<\/p><\/blockquote>\n<hr \/>\n<p>&nbsp;<\/p>\n<div dir=\"auto\">\n<blockquote>\n<h3><\/h3>\n<h3>SALUTE E SOCIETA&#8217; IL LUNEDI ALLE 13.10 E ALLE 20.10, LA DOMENICA ALLE 10.30 A CURA DEL DOTTOR MARCO CARACCIOLO. QUINTA STAGIONE<\/h3>\n<\/blockquote>\n<p><strong>LA PUNTATA DELLA SETTIMANA del 26 APRILE<\/strong><\/p>\n<p><a href=\"https:\/\/www.radiopiu.net\/wordpress\/giornale-radiopiu-27-aprile-2021-direttore-mirko-mezzacasa\/6966aa7e-239d-4475-97f4-870ce0d5c15d\/\" rel=\"attachment wp-att-205899\"><img loading=\"lazy\" decoding=\"async\" class=\"size-medium wp-image-205899 alignleft\" src=\"https:\/\/www.radiopiu.net\/wordpress\/wp-content\/uploads\/2021\/04\/6966aa7e-239d-4475-97f4-870ce0d5c15d-300x169.png\" alt=\"\" width=\"300\" height=\"169\" srcset=\"https:\/\/www.radiopiu.net\/wordpress\/wp-content\/uploads\/2021\/04\/6966aa7e-239d-4475-97f4-870ce0d5c15d-300x169.png 300w, https:\/\/www.radiopiu.net\/wordpress\/wp-content\/uploads\/2021\/04\/6966aa7e-239d-4475-97f4-870ce0d5c15d-1024x576.png 1024w, https:\/\/www.radiopiu.net\/wordpress\/wp-content\/uploads\/2021\/04\/6966aa7e-239d-4475-97f4-870ce0d5c15d-768x432.png 768w, https:\/\/www.radiopiu.net\/wordpress\/wp-content\/uploads\/2021\/04\/6966aa7e-239d-4475-97f4-870ce0d5c15d.png 1280w\" sizes=\"auto, (max-width: 300px) 100vw, 300px\" \/><\/a>Qual \u00e8 il ruolo della radioterapia nelle varie fasi del tumore della prostata?<br \/>\nIn occasione della presentazione della campagna QUI PRO QUO per sensibilizzare su questa malattia, Elisa Spelta ne ha parlato con la Prof.ssa Barbara Alicja Jereczek, Professore Associato di Radioterapia Universit\u00e0 degli Studi di Milano, Direttore Divisione di Radioterapia Istituto Europeo Oncologico (IEO)<\/p>\n<audio class=\"wp-audio-shortcode\" id=\"audio-207152-8\" preload=\"none\" style=\"width: 100%;\" controls=\"controls\"><source type=\"audio\/mpeg\" src=\"https:\/\/www.radiopiu.net\/wordpress\/wp-content\/uploads\/2021\/04\/SALUTE-3.mp3?_=8\" \/><a href=\"https:\/\/www.radiopiu.net\/wordpress\/wp-content\/uploads\/2021\/04\/SALUTE-3.mp3\">https:\/\/www.radiopiu.net\/wordpress\/wp-content\/uploads\/2021\/04\/SALUTE-3.mp3<\/a><\/audio>\n<p>&nbsp;<\/p>\n<h3><strong>LA RACCOLTA COMPLETA\u00a0<\/strong><\/h3>\n<\/div>\n<blockquote class=\"wp-embedded-content\" data-secret=\"5BFupsyPyz\"><p><a href=\"https:\/\/www.radiopiu.net\/wordpress\/saluteesocieta\/\">Salute e Societ\u00e0<\/a><\/p><\/blockquote>\n<p><iframe loading=\"lazy\" class=\"wp-embedded-content\" sandbox=\"allow-scripts\" security=\"restricted\" style=\"position: absolute; clip: rect(1px, 1px, 1px, 1px);\" title=\"&#8220;Salute e Societ\u00e0&#8221; &#8212; Radio Pi\u00f9\" src=\"https:\/\/www.radiopiu.net\/wordpress\/saluteesocieta\/embed\/#?secret=5BFupsyPyz\" data-secret=\"5BFupsyPyz\" width=\"600\" height=\"338\" frameborder=\"0\" marginwidth=\"0\" marginheight=\"0\" scrolling=\"no\"><\/iframe><\/p>\n<p>&nbsp;<\/p>\n<hr \/>\n<p>&nbsp;<\/p>\n<div class=\"b654a4as d2edcug0\">\n<p>&nbsp;<\/p>\n<h2><span style=\"color: #008000;\">ERBE E PIANTE CURATIVE&#8230;IL\u00a0 PROGRAMMA DI PAOLA LANCIATO<\/span><\/h2>\n<p><strong><a href=\"https:\/\/www.radiopiu.net\/wordpress\/erbe-e-piante-curative-puntata-13\/fragola\/\" rel=\"attachment wp-att-206166\"><img loading=\"lazy\" decoding=\"async\" class=\"size-medium wp-image-206166 alignleft\" src=\"https:\/\/www.radiopiu.net\/wordpress\/wp-content\/uploads\/2021\/04\/FRAGOLA-300x200.jpg\" alt=\"\" width=\"300\" height=\"200\" srcset=\"https:\/\/www.radiopiu.net\/wordpress\/wp-content\/uploads\/2021\/04\/FRAGOLA-300x200.jpg 300w, https:\/\/www.radiopiu.net\/wordpress\/wp-content\/uploads\/2021\/04\/FRAGOLA-1024x683.jpg 1024w, https:\/\/www.radiopiu.net\/wordpress\/wp-content\/uploads\/2021\/04\/FRAGOLA-768x512.jpg 768w, https:\/\/www.radiopiu.net\/wordpress\/wp-content\/uploads\/2021\/04\/FRAGOLA-1536x1025.jpg 1536w, https:\/\/www.radiopiu.net\/wordpress\/wp-content\/uploads\/2021\/04\/FRAGOLA.jpg 1920w\" sizes=\"auto, (max-width: 300px) 100vw, 300px\" \/><\/a>PUNTATA 13, LA FRAGOLA<\/strong><\/p>\n<\/div>\n<audio class=\"wp-audio-shortcode\" id=\"audio-207152-9\" preload=\"none\" style=\"width: 100%;\" controls=\"controls\"><source type=\"audio\/mpeg\" src=\"https:\/\/www.radiopiu.net\/wordpress\/wp-content\/uploads\/2021\/04\/12-La-fragola-M-1.mp3?_=9\" \/><a href=\"https:\/\/www.radiopiu.net\/wordpress\/wp-content\/uploads\/2021\/04\/12-La-fragola-M-1.mp3\">https:\/\/www.radiopiu.net\/wordpress\/wp-content\/uploads\/2021\/04\/12-La-fragola-M-1.mp3<\/a><\/audio>\n<h3><strong>LA RACCOLTA COMPLETA\u00a0<\/strong><\/h3>\n<blockquote class=\"wp-embedded-content\" data-secret=\"xia9Q8DIXQ\"><p><a href=\"https:\/\/www.radiopiu.net\/wordpress\/erbe-e-piante-curative-il-mandorlo\/\">L\u2019ERBA VOGLIO DEL GIARDINO DEL RE\u2026 ERBE, FIORI E PIANTE DI E CON PAOLA LANCIATO<\/a><\/p><\/blockquote>\n<p><iframe loading=\"lazy\" class=\"wp-embedded-content\" sandbox=\"allow-scripts\" security=\"restricted\" style=\"position: absolute; clip: rect(1px, 1px, 1px, 1px);\" title=\"&#8220;L\u2019ERBA VOGLIO DEL GIARDINO DEL RE\u2026 ERBE, FIORI E PIANTE DI E CON PAOLA LANCIATO&#8221; &#8212; Radio Pi\u00f9\" src=\"https:\/\/www.radiopiu.net\/wordpress\/erbe-e-piante-curative-il-mandorlo\/embed\/#?secret=xia9Q8DIXQ\" data-secret=\"xia9Q8DIXQ\" width=\"600\" height=\"338\" frameborder=\"0\" marginwidth=\"0\" marginheight=\"0\" scrolling=\"no\"><\/iframe><\/p>\n<h1><\/h1>\n<p>&nbsp;<\/p>\n<p>&nbsp;<\/p>\n<hr \/>\n<p>&nbsp;<\/p>\n<blockquote>\n<h3><\/h3>\n<\/blockquote>\n<h2><\/h2>\n<blockquote class=\"wp-embedded-content\" data-secret=\"KD3wK1GTxO\"><p><a href=\"https:\/\/www.radiopiu.net\/wordpress\/io-ne-ho-viste-cose\/\">IO NE HO VISTE COSE CHE VOI NON POTRESTE IMMAGINARVI<\/a><\/p><\/blockquote>\n<p><iframe loading=\"lazy\" class=\"wp-embedded-content\" sandbox=\"allow-scripts\" security=\"restricted\" style=\"position: absolute; clip: rect(1px, 1px, 1px, 1px);\" title=\"&#8220;IO NE HO VISTE COSE CHE VOI NON POTRESTE IMMAGINARVI&#8221; &#8212; Radio Pi\u00f9\" src=\"https:\/\/www.radiopiu.net\/wordpress\/io-ne-ho-viste-cose\/embed\/#?secret=KD3wK1GTxO\" data-secret=\"KD3wK1GTxO\" width=\"600\" height=\"338\" frameborder=\"0\" marginwidth=\"0\" marginheight=\"0\" scrolling=\"no\"><\/iframe><\/p>\n<p>&nbsp;<\/p>\n<hr \/>\n<h1><span style=\"color: #ff0000;\"><strong>\u00a0<\/strong><\/span><\/h1>\n<h1><span style=\"color: #ff0000;\"><strong>IN VIVO VERSO 2020-21<\/strong><\/span><\/h1>\n<blockquote><p><strong>LA RACCOLTA COMPLETA<\/strong><\/p><\/blockquote>\n<blockquote class=\"wp-embedded-content\" data-secret=\"RkUVXMKydS\"><p><a href=\"https:\/\/www.radiopiu.net\/wordpress\/in-vivo-verso\/\">In Vivo Verso<\/a><\/p><\/blockquote>\n<p><iframe loading=\"lazy\" class=\"wp-embedded-content\" sandbox=\"allow-scripts\" security=\"restricted\" style=\"position: absolute; clip: rect(1px, 1px, 1px, 1px);\" title=\"&#8220;In Vivo Verso&#8221; &#8212; Radio Pi\u00f9\" src=\"https:\/\/www.radiopiu.net\/wordpress\/in-vivo-verso\/embed\/#?secret=RkUVXMKydS\" data-secret=\"RkUVXMKydS\" width=\"600\" height=\"338\" frameborder=\"0\" marginwidth=\"0\" marginheight=\"0\" scrolling=\"no\"><\/iframe><\/p>\n<p>&nbsp;<\/p>\n<hr \/>\n<p>&nbsp;<\/p>\n<p>&nbsp;<\/p>\n<h2><span style=\"color: #ff0000;\"><a href=\"https:\/\/www.radiopiu.net\/wordpress\/giornale-radiopiu-05-gennaio-2021-direttore-mirko-mezzacasa\/133200401_100838761953611_1258544160541445132_o-2\/\" rel=\"attachment wp-att-183078\"><img loading=\"lazy\" decoding=\"async\" class=\" wp-image-183078 alignleft\" src=\"https:\/\/www.radiopiu.net\/wordpress\/wp-content\/uploads\/2021\/01\/133200401_100838761953611_1258544160541445132_o-1-300x157.jpg\" alt=\"\" width=\"192\" height=\"101\" srcset=\"https:\/\/www.radiopiu.net\/wordpress\/wp-content\/uploads\/2021\/01\/133200401_100838761953611_1258544160541445132_o-1-300x157.jpg 300w, https:\/\/www.radiopiu.net\/wordpress\/wp-content\/uploads\/2021\/01\/133200401_100838761953611_1258544160541445132_o-1.jpg 526w\" sizes=\"auto, (max-width: 192px) 100vw, 192px\" \/><\/a>GOCCE DI FILOSOFIA, CON CHIARA CAU, CON LISA DE LUCA. <\/span><\/h2>\n<h2><span style=\"color: #ff0000;\">TUTTI I GIORNI DAL LUNEDI AL VENERDI ALLE 6.55 E ALLE 18.55<\/span><\/h2>\n<p>&nbsp;<\/p>\n<h3>LA RACCOLTA COMPLETA<\/h3>\n<blockquote class=\"wp-embedded-content\" data-secret=\"bqM5u8oCud\"><p><a href=\"https:\/\/www.radiopiu.net\/wordpress\/gocce-filosofia\/\">Gocce di filosofia<\/a><\/p><\/blockquote>\n<p><iframe loading=\"lazy\" class=\"wp-embedded-content\" sandbox=\"allow-scripts\" security=\"restricted\" style=\"position: absolute; clip: rect(1px, 1px, 1px, 1px);\" title=\"&#8220;Gocce di filosofia&#8221; &#8212; Radio Pi\u00f9\" src=\"https:\/\/www.radiopiu.net\/wordpress\/gocce-filosofia\/embed\/#?secret=bqM5u8oCud\" data-secret=\"bqM5u8oCud\" width=\"600\" height=\"338\" frameborder=\"0\" marginwidth=\"0\" marginheight=\"0\" scrolling=\"no\"><\/iframe><\/p>\n<p>&nbsp;<\/p>\n<hr \/>\n<p>&nbsp;<\/p>\n<h2><\/h2>\n<h2><span style=\"color: #808000;\">DUE MINUTI UN LIBRO\u00a0 TUTTI I GIORNI ALLA RADIO ALLE 9.30 E ALLE 18. QUINTA STAGIONE\u00a0 \u00a0 \u00a0<\/span><\/h2>\n<h3><span style=\"color: #808000;\">\u00a0<\/span>LA RACCOLTA COMPLETA<\/h3>\n<blockquote class=\"wp-embedded-content\" data-secret=\"sFQjUBiHi4\"><p><a href=\"https:\/\/www.radiopiu.net\/wordpress\/due-minuti-un-libro\/\">Due minuti un libro<\/a><\/p><\/blockquote>\n<p><iframe loading=\"lazy\" class=\"wp-embedded-content\" sandbox=\"allow-scripts\" security=\"restricted\" style=\"position: absolute; clip: rect(1px, 1px, 1px, 1px);\" title=\"&#8220;Due minuti un libro&#8221; &#8212; Radio Pi\u00f9\" src=\"https:\/\/www.radiopiu.net\/wordpress\/due-minuti-un-libro\/embed\/#?secret=sFQjUBiHi4\" data-secret=\"sFQjUBiHi4\" width=\"600\" height=\"338\" frameborder=\"0\" marginwidth=\"0\" marginheight=\"0\" scrolling=\"no\"><\/iframe><\/p>\n<p>&nbsp;<\/p>\n<p>&nbsp;<\/p>\n<div>\n<p>&nbsp;<\/p>\n<\/div>\n<hr \/>\n<p>\u200b<\/p>\n<div>\n<h2><span style=\"color: #33cccc;\">I RACCONTI DI PAOLO SOPPELSA il lunedi alle 9.30 e 18.30<\/span><\/h2>\n<blockquote class=\"wp-embedded-content\" data-secret=\"Z13RHQ77mm\"><p><a href=\"https:\/\/www.radiopiu.net\/wordpress\/i-racconti-di-paolo-soppelsa-settantaduesima-puntata\/\">I RACCONTI DI PAOLO SOPPELSA SETTANTADUESIMA PUNTATA<\/a><\/p><\/blockquote>\n<p><iframe loading=\"lazy\" class=\"wp-embedded-content\" sandbox=\"allow-scripts\" security=\"restricted\" style=\"position: absolute; clip: rect(1px, 1px, 1px, 1px);\" title=\"&#8220;I RACCONTI DI PAOLO SOPPELSA SETTANTADUESIMA PUNTATA&#8221; &#8212; Radio Pi\u00f9\" src=\"https:\/\/www.radiopiu.net\/wordpress\/i-racconti-di-paolo-soppelsa-settantaduesima-puntata\/embed\/#?secret=Z13RHQ77mm\" data-secret=\"Z13RHQ77mm\" width=\"600\" height=\"338\" frameborder=\"0\" marginwidth=\"0\" marginheight=\"0\" scrolling=\"no\"><\/iframe><\/p>\n<p>&nbsp;<\/p>\n<p><span style=\"color: #0000ff;\">INFORMAZIONE il canale su TELEGRAM informazione di prima mano e in tempo reale. iscriviti ed aiutaci a farlo conoscere\u00a0<\/span><\/p>\n<h2><span style=\"color: #33cccc;\"><strong>RACCOLTA COMPLETA<\/strong><\/span><\/h2>\n<blockquote class=\"wp-embedded-content\" data-secret=\"exsBFHTwIC\"><p><a href=\"https:\/\/www.radiopiu.net\/wordpress\/i-racconti-di-paolo-soppelsa\/\">I racconti di Paolo Soppelsa<\/a><\/p><\/blockquote>\n<p><iframe loading=\"lazy\" class=\"wp-embedded-content\" sandbox=\"allow-scripts\" security=\"restricted\" style=\"position: absolute; clip: rect(1px, 1px, 1px, 1px);\" title=\"&#8220;I racconti di Paolo Soppelsa&#8221; &#8212; Radio Pi\u00f9\" src=\"https:\/\/www.radiopiu.net\/wordpress\/i-racconti-di-paolo-soppelsa\/embed\/#?secret=exsBFHTwIC\" data-secret=\"exsBFHTwIC\" width=\"600\" height=\"338\" frameborder=\"0\" marginwidth=\"0\" marginheight=\"0\" scrolling=\"no\"><\/iframe><\/p>\n<\/div>\n<div class=\"b654a4as d2edcug0\">\n<hr \/>\n<\/div>\n<p>&nbsp;<\/p>\n<h2><span style=\"color: #800080;\"><strong>LA RASSEGNA STAMPA DA L&#8217;AMICO DEL POPOLO\u00a0<\/strong><\/span><\/h2>\n<h3 class=\"kvgmc6g5 cxmmr5t8 oygrvhab hcukyx3x c1et5uql\"><span style=\"color: #0000ff;\"> INFORMAZIONE il canale su TELEGRAM informazione di prima mano e in tempo reale. iscriviti ed aiutaci a farlo conoscere\u00a0<\/span><\/h3>\n<p><strong><a href=\"https:\/\/www.radiopiu.net\/wordpress\/la-rassegna-stampa-da-lamico-del-popolo-01-maggio-2021\/don-cesare-6\/\" rel=\"attachment wp-att-207098\"><img loading=\"lazy\" decoding=\"async\" class=\" wp-image-207098 alignleft\" src=\"https:\/\/www.radiopiu.net\/wordpress\/wp-content\/uploads\/2021\/05\/DON-CESARE-300x300.jpeg\" alt=\"\" width=\"129\" height=\"129\" srcset=\"https:\/\/www.radiopiu.net\/wordpress\/wp-content\/uploads\/2021\/05\/DON-CESARE-300x300.jpeg 300w, https:\/\/www.radiopiu.net\/wordpress\/wp-content\/uploads\/2021\/05\/DON-CESARE-150x150.jpeg 150w, https:\/\/www.radiopiu.net\/wordpress\/wp-content\/uploads\/2021\/05\/DON-CESARE.jpeg 640w\" sizes=\"auto, (max-width: 129px) 100vw, 129px\" \/><\/a>di Gianni Santomaso<\/strong><\/p>\n<p>OSPITE: Don Cesare Larese<\/p>\n<audio class=\"wp-audio-shortcode\" id=\"audio-207152-10\" preload=\"none\" style=\"width: 100%;\" controls=\"controls\"><source type=\"audio\/mpeg\" src=\"https:\/\/www.radiopiu.net\/wordpress\/wp-content\/uploads\/2021\/05\/RASSEGNA-GIANNI.mp3?_=10\" \/><a href=\"https:\/\/www.radiopiu.net\/wordpress\/wp-content\/uploads\/2021\/05\/RASSEGNA-GIANNI.mp3\">https:\/\/www.radiopiu.net\/wordpress\/wp-content\/uploads\/2021\/05\/RASSEGNA-GIANNI.mp3<\/a><\/audio>\n<p>&nbsp;<\/p>\n<p><strong>LA RACCOLTA COMPLETA<\/strong><\/p>\n<blockquote class=\"wp-embedded-content\" data-secret=\"vBXRrdpB1C\"><p><a href=\"https:\/\/www.radiopiu.net\/wordpress\/rassegna-stampa-di-gianni-santomaso\/\">Rassegna stampa da l&#8217;amico del popolo &#8211; di Gianni Santomaso<\/a><\/p><\/blockquote>\n<p><iframe loading=\"lazy\" class=\"wp-embedded-content\" sandbox=\"allow-scripts\" security=\"restricted\" style=\"position: absolute; clip: rect(1px, 1px, 1px, 1px);\" title=\"&#8220;Rassegna stampa da l&#8217;amico del popolo &#8211; di Gianni Santomaso&#8221; &#8212; Radio Pi\u00f9\" src=\"https:\/\/www.radiopiu.net\/wordpress\/rassegna-stampa-di-gianni-santomaso\/embed\/#?secret=vBXRrdpB1C\" data-secret=\"vBXRrdpB1C\" width=\"600\" height=\"338\" frameborder=\"0\" marginwidth=\"0\" marginheight=\"0\" scrolling=\"no\"><\/iframe><\/p>\n<h3><\/h3>\n<div class=\"b654a4as d2edcug0\"><\/div>\n<p>&nbsp;<\/p>\n<hr \/>\n<p>&nbsp;<\/p>\n<blockquote>\n<h2><a href=\"https:\/\/www.radiopiu.net\/wordpress\/speciale-solidarieta-veneto\/solidarieta-veneto-3\/\" rel=\"attachment wp-att-134366\"><img loading=\"lazy\" decoding=\"async\" class=\"wp-image-134366 alignleft\" src=\"https:\/\/www.radiopiu.net\/wordpress\/wp-content\/uploads\/2020\/05\/solidariet\u00e0-veneto-300x210.jpg\" alt=\"\" width=\"102\" height=\"71\" srcset=\"https:\/\/www.radiopiu.net\/wordpress\/wp-content\/uploads\/2020\/05\/solidariet\u00e0-veneto-300x210.jpg 300w, https:\/\/www.radiopiu.net\/wordpress\/wp-content\/uploads\/2020\/05\/solidariet\u00e0-veneto-1024x717.jpg 1024w, https:\/\/www.radiopiu.net\/wordpress\/wp-content\/uploads\/2020\/05\/solidariet\u00e0-veneto-768x538.jpg 768w, https:\/\/www.radiopiu.net\/wordpress\/wp-content\/uploads\/2020\/05\/solidariet\u00e0-veneto.jpg 1373w\" sizes=\"auto, (max-width: 102px) 100vw, 102px\" \/><\/a>SOLIDARIETA&#8217; VENETO FONDO PENSIONE, IN ONDA IL PRIMO VENERDI DEL MESE ALLE 10.30 E ALLE 19.00 QUINTA STAGIONE<\/h2>\n<\/blockquote>\n<p><strong>AUDIO APRILE 2021<\/strong><\/p>\n<audio class=\"wp-audio-shortcode\" id=\"audio-207152-11\" preload=\"none\" style=\"width: 100%;\" controls=\"controls\"><source type=\"audio\/mpeg\" src=\"https:\/\/www.radiopiu.net\/wordpress\/wp-content\/uploads\/2021\/04\/solidarieta-veneto-aprile-2021.mp3?_=11\" \/><a href=\"https:\/\/www.radiopiu.net\/wordpress\/wp-content\/uploads\/2021\/04\/solidarieta-veneto-aprile-2021.mp3\">https:\/\/www.radiopiu.net\/wordpress\/wp-content\/uploads\/2021\/04\/solidarieta-veneto-aprile-2021.mp3<\/a><\/audio>\n<p>&nbsp;<\/p>\n<blockquote>\n<h2>RACCOLTA COMPLETA<\/h2>\n<\/blockquote>\n<blockquote class=\"wp-embedded-content\" data-secret=\"rtMc01xl92\"><p><a href=\"https:\/\/www.radiopiu.net\/wordpress\/solidarieta-veneto\/\">Solidariet\u00e0 Veneto<\/a><\/p><\/blockquote>\n<p><iframe loading=\"lazy\" class=\"wp-embedded-content\" sandbox=\"allow-scripts\" security=\"restricted\" style=\"position: absolute; clip: rect(1px, 1px, 1px, 1px);\" title=\"&#8220;Solidariet\u00e0 Veneto&#8221; &#8212; Radio Pi\u00f9\" src=\"https:\/\/www.radiopiu.net\/wordpress\/solidarieta-veneto\/embed\/#?secret=rtMc01xl92\" data-secret=\"rtMc01xl92\" width=\"600\" height=\"338\" frameborder=\"0\" marginwidth=\"0\" marginheight=\"0\" scrolling=\"no\"><\/iframe><\/p>\n<p>&nbsp;<\/p>\n<p>&nbsp;<\/p>\n<hr \/>\n<p>&nbsp;<\/p>\n<p>&nbsp;<\/p>\n<blockquote>\n<h2>FANTASTICHE DOLOMITI, NUOVA STAGIONE. APPUNTAMENTO QUINDICINALE IL GIOVEDI ALLE 10.30 E 19.00<\/h2>\n<\/blockquote>\n<h2><span style=\"color: #ff0000;\">PUNTATA NUMERO 12\u00a0 del\u00a0 14 APRILE 2021<\/span><\/h2>\n<p><strong><a href=\"https:\/\/www.radiopiu.net\/wordpress\/raccolta-completa\/121869645_648442942701436_4748562330148520081_n-2\/\" rel=\"attachment wp-att-196402\"><img loading=\"lazy\" decoding=\"async\" class=\"wp-image-196402 alignleft\" src=\"https:\/\/www.radiopiu.net\/wordpress\/wp-content\/uploads\/2021\/02\/121869645_648442942701436_4748562330148520081_n-1-300x169.jpg\" alt=\"\" width=\"160\" height=\"90\" srcset=\"https:\/\/www.radiopiu.net\/wordpress\/wp-content\/uploads\/2021\/02\/121869645_648442942701436_4748562330148520081_n-1-300x169.jpg 300w, https:\/\/www.radiopiu.net\/wordpress\/wp-content\/uploads\/2021\/02\/121869645_648442942701436_4748562330148520081_n-1-1024x576.jpg 1024w, https:\/\/www.radiopiu.net\/wordpress\/wp-content\/uploads\/2021\/02\/121869645_648442942701436_4748562330148520081_n-1-768x432.jpg 768w, https:\/\/www.radiopiu.net\/wordpress\/wp-content\/uploads\/2021\/02\/121869645_648442942701436_4748562330148520081_n-1-1536x864.jpg 1536w, https:\/\/www.radiopiu.net\/wordpress\/wp-content\/uploads\/2021\/02\/121869645_648442942701436_4748562330148520081_n-1.jpg 1707w\" sizes=\"auto, (max-width: 160px) 100vw, 160px\" \/><\/a>OSPITE IL PRESIDENTE CLAUDIO CANOVA<\/strong><\/p>\n<audio class=\"wp-audio-shortcode\" id=\"audio-207152-12\" preload=\"none\" style=\"width: 100%;\" controls=\"controls\"><source type=\"audio\/mpeg\" src=\"https:\/\/www.radiopiu.net\/wordpress\/wp-content\/uploads\/2021\/04\/fantastiche-dolomiti-14-aprile.mp3?_=12\" \/><a href=\"https:\/\/www.radiopiu.net\/wordpress\/wp-content\/uploads\/2021\/04\/fantastiche-dolomiti-14-aprile.mp3\">https:\/\/www.radiopiu.net\/wordpress\/wp-content\/uploads\/2021\/04\/fantastiche-dolomiti-14-aprile.mp3<\/a><\/audio>\n<h3>LA RACCOLTA COMPLETA<\/h3>\n<p>https:\/\/www.radiopiu.net\/wordpress\/raccolta-completa\/<\/p>\n<p>&nbsp;<\/p>\n<p>&nbsp;<\/p>\n<hr \/>\n<p>&nbsp;<\/p>\n<p>&nbsp;<\/p>\n<div>\n<h2><span style=\"color: #ff0000;\">ALLA RADIO<\/span><\/h2>\n<\/div>\n<div>\n<h2><strong>LE\u00a0 PUNTATE di Luisa Alchini di Leggermente Bellunesi, la domenica alle 11, <span style=\"color: #0000ff;\">IL MARTEDI IN PRIMA EDIZIONE\u00a0<\/span> alle 10.30 e alle 19.00<\/strong><\/h2>\n<\/div>\n<p><strong><span style=\"color: #000000;\">RACCOLTA COMPLETA<\/span><\/strong><\/p>\n<div>\n<blockquote class=\"wp-embedded-content\" data-secret=\"ZCAJcAQ9PD\"><p><a href=\"https:\/\/www.radiopiu.net\/wordpress\/leggermente-20\/\">LEGGERmente&#8230;Bellunesi<\/a><\/p><\/blockquote>\n<p><iframe loading=\"lazy\" class=\"wp-embedded-content\" sandbox=\"allow-scripts\" security=\"restricted\" style=\"position: absolute; clip: rect(1px, 1px, 1px, 1px);\" title=\"&#8220;LEGGERmente&#8230;Bellunesi&#8221; &#8212; Radio Pi\u00f9\" src=\"https:\/\/www.radiopiu.net\/wordpress\/leggermente-20\/embed\/#?secret=ZCAJcAQ9PD\" data-secret=\"ZCAJcAQ9PD\" width=\"600\" height=\"338\" frameborder=\"0\" marginwidth=\"0\" marginheight=\"0\" scrolling=\"no\"><\/iframe><\/p>\n<p>&nbsp;<\/p>\n<\/div>\n<div>\n<hr \/>\n<\/div>\n<p>&nbsp;<\/p>\n<h2><strong><span style=\"color: #ff0000;\">\u00a0ALLA RADIO<\/span><\/strong><\/h2>\n<div data-offset-key=\"5n5nl-0-0\">\n<h3>Per ricevere gli aggiornamenti in tempo reale delle notizie pubblicate alla radio e sul sito di radio pi\u00f9 iscriviti al gruppo RADIO PIU INFORMAZIONE su Telegram.\u00a0\u00a0<a href=\"https:\/\/t.me\/radiopiu\">clicca qui<\/a><\/h3>\n<p>&nbsp;<\/p>\n<p><strong><a class=\"dt-pswp-item\" href=\"https:\/\/www.radiopiu.net\/wordpress\/wp-content\/uploads\/2020\/01\/logo-csa.jpg\" data-dt-img-description=\"\" data-large_image_width=\"1167\" data-large_image_height=\"574\"><img loading=\"lazy\" decoding=\"async\" class=\"wp-image-113364 alignleft\" src=\"https:\/\/www.radiopiu.net\/wordpress\/wp-content\/uploads\/2020\/01\/logo-csa-300x148.jpg\" alt=\"\" width=\"182\" height=\"90\" srcset=\"https:\/\/www.radiopiu.net\/wordpress\/wp-content\/uploads\/2020\/01\/logo-csa-300x148.jpg 300w, https:\/\/www.radiopiu.net\/wordpress\/wp-content\/uploads\/2020\/01\/logo-csa-1024x504.jpg 1024w, https:\/\/www.radiopiu.net\/wordpress\/wp-content\/uploads\/2020\/01\/logo-csa-768x378.jpg 768w, https:\/\/www.radiopiu.net\/wordpress\/wp-content\/uploads\/2020\/01\/logo-csa.jpg 1167w\" sizes=\"auto, (max-width: 182px) 100vw, 182px\" \/><\/a>AGORDO<\/strong> Appuntahttps:\/\/www.radiopiu.net\/wordpress\/erbe-e-piante-curative-il-mandorlo\/mento mensile (primo venerdi del mese) con lo speciale condotto da Claudio<\/p>\n<p>Fontanive, in studio Fabrizio Campedel e Paolo Chissal\u00e8.<\/p>\n<\/div>\n<p><strong>PUNTATA DI APRILE<\/strong><\/p>\n<blockquote><audio class=\"wp-audio-shortcode\" id=\"audio-207152-13\" preload=\"none\" style=\"width: 100%;\" controls=\"controls\"><source type=\"audio\/mpeg\" src=\"https:\/\/www.radiopiu.net\/wordpress\/wp-content\/uploads\/2021\/04\/ca-sol-lux-aprile-2021.mp3?_=13\" \/><a href=\"https:\/\/www.radiopiu.net\/wordpress\/wp-content\/uploads\/2021\/04\/ca-sol-lux-aprile-2021.mp3\">https:\/\/www.radiopiu.net\/wordpress\/wp-content\/uploads\/2021\/04\/ca-sol-lux-aprile-2021.mp3<\/a><\/audio>\n<h2>RACCOLTA COMPLETA<\/h2>\n<\/blockquote>\n<blockquote class=\"wp-embedded-content\" data-secret=\"Q9vJdgqVHd\"><p><a href=\"https:\/\/www.radiopiu.net\/wordpress\/cassa-solidarieta-luxottica-puntata-del-16-ottobre-2020\/\">CASSA SOLIDARIET\u00c0 LUXOTTICA &#8211; PUNTATA DEL 20 NOVEMBRE 2020<\/a><\/p><\/blockquote>\n<p><iframe loading=\"lazy\" class=\"wp-embedded-content\" sandbox=\"allow-scripts\" security=\"restricted\" style=\"position: absolute; clip: rect(1px, 1px, 1px, 1px);\" title=\"&#8220;CASSA SOLIDARIET\u00c0 LUXOTTICA &#8211; PUNTATA DEL 20 NOVEMBRE 2020&#8221; &#8212; Radio Pi\u00f9\" src=\"https:\/\/www.radiopiu.net\/wordpress\/cassa-solidarieta-luxottica-puntata-del-16-ottobre-2020\/embed\/#?secret=Q9vJdgqVHd\" data-secret=\"Q9vJdgqVHd\" width=\"600\" height=\"338\" frameborder=\"0\" marginwidth=\"0\" marginheight=\"0\" scrolling=\"no\"><\/iframe><\/p>\n<div><\/div>\n<div><\/div>\n<div>\n<hr \/>\n<\/div>\n<blockquote>\n<h3>CISL, LA VOCE DEI LAVORATORI &#8211; 21 APRILE 2021<\/h3>\n<\/blockquote>\n<p>&nbsp;<\/p>\n<p style=\"text-align: left;\"><a href=\"https:\/\/www.radiopiu.net\/wordpress\/cisl-la-voce-dei-lavoratori-21-aprile-2021\/paolo-chissale-e-milena-cesca\/\" rel=\"attachment wp-att-204863\"><img loading=\"lazy\" decoding=\"async\" class=\"alignleft\" src=\"https:\/\/www.radiopiu.net\/wordpress\/wp-content\/uploads\/2021\/04\/paolo-chissale\u0300-e-milena-cesca-300x300.jpg\" alt=\"\" width=\"108\" height=\"108\" \/><\/a>Con<strong> Paolo Chissal\u00e8 e Milena Cesca della Femca CISL<\/strong><\/p>\n<audio class=\"wp-audio-shortcode\" id=\"audio-207152-14\" preload=\"none\" style=\"width: 100%;\" controls=\"controls\"><source type=\"audio\/mpeg\" src=\"https:\/\/www.radiopiu.net\/wordpress\/wp-content\/uploads\/2021\/04\/CISL.mp3?_=14\" \/><a href=\"https:\/\/www.radiopiu.net\/wordpress\/wp-content\/uploads\/2021\/04\/CISL.mp3\">https:\/\/www.radiopiu.net\/wordpress\/wp-content\/uploads\/2021\/04\/CISL.mp3<\/a><\/audio>\n<p>&nbsp;<\/p>\n<p>&nbsp;<\/p>\n<p>&nbsp;<\/p>\n<hr \/>\n<h2><span style=\"color: #ff0000;\">\u00a0<\/span><\/h2>\n<h3><\/h3>\n<blockquote class=\"wp-embedded-content\" data-secret=\"hBfnO3HekW\"><p><a href=\"https:\/\/www.radiopiu.net\/wordpress\/ep-center-video-gallery\/\">EP CENTER video gallery<\/a><\/p><\/blockquote>\n<p><iframe loading=\"lazy\" class=\"wp-embedded-content\" sandbox=\"allow-scripts\" security=\"restricted\" style=\"position: absolute; clip: rect(1px, 1px, 1px, 1px);\" title=\"&#8220;EP CENTER video gallery&#8221; &#8212; Radio Pi\u00f9\" src=\"https:\/\/www.radiopiu.net\/wordpress\/ep-center-video-gallery\/embed\/#?secret=hBfnO3HekW\" data-secret=\"hBfnO3HekW\" width=\"600\" height=\"338\" frameborder=\"0\" marginwidth=\"0\" marginheight=\"0\" scrolling=\"no\"><\/iframe><\/p>\n<p>&nbsp;<\/p>\n<p>&nbsp;<\/p>\n<hr \/>\n<p>\u200b<\/p>\n<p>&nbsp;<\/p>\n<p><a href=\"https:\/\/www.radiopiu.net\/wordpress\/giornale-radiopiu-26-settembre-2018-direttore-mirko-mezzacasa\/viabilita-2\/\" rel=\"attachment wp-att-61954\"><img loading=\"lazy\" decoding=\"async\" class=\"wp-image-61954 size-full aligncenter\" src=\"https:\/\/www.radiopiu.net\/wordpress\/wp-content\/uploads\/2018\/09\/viabilita.jpeg\" alt=\"\" width=\"800\" height=\"100\" srcset=\"https:\/\/www.radiopiu.net\/wordpress\/wp-content\/uploads\/2018\/09\/viabilita.jpeg 800w, https:\/\/www.radiopiu.net\/wordpress\/wp-content\/uploads\/2018\/09\/viabilita-300x38.jpeg 300w, https:\/\/www.radiopiu.net\/wordpress\/wp-content\/uploads\/2018\/09\/viabilita-768x96.jpeg 768w\" sizes=\"auto, (max-width: 800px) 100vw, 800px\" \/><\/a><\/p>\n<blockquote><p><a href=\"https:\/\/www.radiopiu.net\/wordpress\/giornale-radiopiu-09-agosto-2018-direttore-mirko-mezzacasa\/viabilia\/\" rel=\"attachment wp-att-57053\"><img loading=\"lazy\" decoding=\"async\" class=\" wp-image-57053 alignleft\" src=\"https:\/\/www.radiopiu.net\/wordpress\/wp-content\/uploads\/2018\/08\/VIABILIA-300x180.jpeg\" alt=\"\" width=\"220\" height=\"132\" srcset=\"https:\/\/www.radiopiu.net\/wordpress\/wp-content\/uploads\/2018\/08\/VIABILIA-300x180.jpeg 300w, https:\/\/www.radiopiu.net\/wordpress\/wp-content\/uploads\/2018\/08\/VIABILIA-768x461.jpeg 768w, https:\/\/www.radiopiu.net\/wordpress\/wp-content\/uploads\/2018\/08\/VIABILIA-1024x614.jpeg 1024w, https:\/\/www.radiopiu.net\/wordpress\/wp-content\/uploads\/2018\/08\/VIABILIA.jpeg 1280w\" sizes=\"auto, (max-width: 220px) 100vw, 220px\" \/><\/a>La viabilit\u00e0 con gli ultimi aggiornamenti da Veneto Strade.<\/p>\n<p><span style=\"color: #ff0000;\"><strong>in onda alla radio: 4.05, 6.18, 14 30 , 18.30, 23.25\u00a0<\/strong><\/span><\/p>\n<p>&nbsp;<\/p>\n<p>&nbsp;<\/p><\/blockquote>\n<blockquote><p>&nbsp;<\/p>\n<audio class=\"wp-audio-shortcode\" id=\"audio-207152-15\" preload=\"none\" style=\"width: 100%;\" controls=\"controls\"><source type=\"audio\/mpeg\" src=\"https:\/\/www.radiopiu.net\/wordpress\/wp-content\/uploads\/2021\/05\/VIABILITA.mp3?_=15\" \/><a href=\"https:\/\/www.radiopiu.net\/wordpress\/wp-content\/uploads\/2021\/05\/VIABILITA.mp3\">https:\/\/www.radiopiu.net\/wordpress\/wp-content\/uploads\/2021\/05\/VIABILITA.mp3<\/a><\/audio><\/blockquote>\n<p>&nbsp;<\/p>\n<hr \/>\n<p>&nbsp;<\/p>\n<div dir=\"auto\">\n<div>\n<p class=\"photoswipe-wrapper\"><a class=\"dt-pswp-item pspw-wrap-ready\" href=\"https:\/\/i0.wp.com\/www.radiopiu.net\/wordpress\/wp-content\/uploads\/2018\/09\/WhatsApp-Image-2018-09-20-at-16.04.06.jpeg?ssl=1\" data-dt-img-description=\"\" data-large_image_width=\"800\" data-large_image_height=\"100\"><img loading=\"lazy\" decoding=\"async\" class=\"aligncenter wp-image-61378 size-full jetpack-lazy-image jetpack-lazy-image--handled\" src=\"https:\/\/i0.wp.com\/www.radiopiu.net\/wordpress\/wp-content\/uploads\/2018\/09\/WhatsApp-Image-2018-09-20-at-16.04.06.jpeg?resize=800%2C100&amp;ssl=1\" sizes=\"auto, (max-width: 800px) 100vw, 800px\" srcset=\"https:\/\/i0.wp.com\/www.radiopiu.net\/wordpress\/wp-content\/uploads\/2018\/09\/WhatsApp-Image-2018-09-20-at-16.04.06.jpeg?w=800&amp;ssl=1 800w, https:\/\/i0.wp.com\/www.radiopiu.net\/wordpress\/wp-content\/uploads\/2018\/09\/WhatsApp-Image-2018-09-20-at-16.04.06.jpeg?resize=300%2C38&amp;ssl=1 300w, https:\/\/i0.wp.com\/www.radiopiu.net\/wordpress\/wp-content\/uploads\/2018\/09\/WhatsApp-Image-2018-09-20-at-16.04.06.jpeg?resize=768%2C96&amp;ssl=1 768w\" alt=\"\" width=\"800\" height=\"100\" data-lazy-loaded=\"1\" \/><\/a><\/p>\n<\/div>\n<div><\/div>\n<p><center><\/center><center><b>Lunedi 3<\/b><\/center><b>Tempo atteso: <\/b>Al mattino, fino all&#8217;alba, cielo in prevalenza poco nuvoloso; in seguito, graduale aumento delle nubi con annuvolamenti irregolari e schiarite senza fenomeni di rilievo. Dalle ore centrali nuvolosit\u00e0 pi\u00f9 evidente con tempo di nuovo lievemente instabile, specie sulle Prealpi, con addensamenti associati a locali brevi piovaschi o rovesci.<br \/>\n<b>Precipitazioni: <\/b>Al mattino assenti. Nel corso del pomeriggio aumento della probabilit\u00e0 fino a medio-bassa (25-50%) per fenomeni perlopi\u00f9 locali, con eventuale quota neve oltre i 1400\/1700 m.<br \/>\n<b>Temperature: <\/b>Ancora in calo specie sulle Prealpi. Su Prealpi a 1500 m min -1\u00b0C max 5\u00b0C, a 2000 m min -4\u00b0C max 3\u00b0C. Su Dolomiti a 2000 m min -4\u00b0C max 3\u00b0C, a 3000 m min -12\u00b0C max -5\u00b0C.<br \/>\n<b>Venti: <\/b>Venti deboli o moderati di direzione variabile nelle valli, deboli o moderati da ovest, nord-ovest in quota, a 10-15 km\/h a 2000 m e a 15-20 km\/h a 3000 m.<\/p>\n<hr \/>\n<p><center><b>Martedi 4<\/b><\/center><b>Tempo atteso: <\/b>Soleggiato soprattutto al mattino, con possibili e temporanee nubi basse in molte valli nelle ore pi\u00f9 fredde. Nel corso della mattinata graduale aumento della nuvolosit\u00e0 su tutte le zone con nuvolosit\u00e0 localmente pi\u00f9 compatta dalle ore centrali.<br \/>\n<b>Precipitazioni: <\/b>Al mattino assenti. Dalle ore centrali, probabilit\u00e0 medio-bassa di qualche breve piovasco o rovescio con quantitativi complessivamente di modesta entit\u00e0. Limite delle eventuali nevicate sar\u00e0 intorno ai 1400-1700 m sulle Dolomiti e circa ai 1700-2000 m sulle Prealpi.<br \/>\n<b>Temperature: <\/b>Temperature in lieve o contenuta ripresa, specie sulle Dolomiti, su valori prossimi alla norma o di qualche al di sotto. Su Prealpi a 1500 m min 0\u00b0C max 8\u00b0C, a 2000 m min -3\u00b0C max 5\u00b0C. Su Dolomiti a 2000 m min -3\u00b0C max 6\u00b0C, a 3000 m min -8\u00b0C max -2\u00b0C.<br \/>\n<b>Venti: <\/b>Venti deboli o moderati di direzione variabile nelle valli, in genere moderati o tesi da ovest, sud-ovest in quota, a 20-25 km\/h a 2000 m e a 30-45 km\/h a 3000 m.<\/p>\n<hr \/>\n<p><center><b>Mercoledi 5<\/b><\/center>Giornata un po&#8217; pi\u00f9 nuvolosa rispetto a marted\u00ec con cielo nuvoloso o parzialmente nuvoloso gi\u00e0 al mattino; precipitazioni generalmente assenti nella prima parte della giornata, probabilit\u00e0 medio-alta nella seconda parte per fenomeni generalmente sparsi, anche a carattere di rovescio. Limite delle eventuali nevicate intorno ai 1500-1800 m sulle Prealpi e ai 1800-2100 m sulle Dolomiti. Temperature minime in ulteriore contenuta ripresa, massime in diminuzione. Venti in quota moderati o tesi dai quadranti occidentali.<\/p>\n<hr \/>\n<p><center><b>Giovedi 6<\/b><\/center>Tempo variabile con cielo in prevalenza poco nuvoloso al mattino, pi\u00f9 nuvoloso durante le ore diurne per una modesta attivit\u00e0 cumuliforme, ma sar\u00e0 una giornata complessivamente pi\u00f9 soleggiata rispetto a mercoled\u00ec, con precipitazioni scarse o assenti, eventualmente nevose oltre i 1600-1900 m. Temperature minime in diminuzione massime in aumento. Venti in quota tesi o forti dai quadranti occidentali. Previsore: M.Padoan<\/p>\n<p>&nbsp;<\/p>\n<hr \/>\n<p>&nbsp;<\/p>\n<\/div>\n<p><a href=\"https:\/\/www.radiopiu.net\/wordpress\/giornale-radiopiu-15-settembre-2018-direttore-mirko-mezzacasa\/sport-7\/\" rel=\"attachment wp-att-60761\"><img loading=\"lazy\" decoding=\"async\" class=\"wp-image-60761 size-full aligncenter\" src=\"https:\/\/www.radiopiu.net\/wordpress\/wp-content\/uploads\/2018\/09\/sport.jpg\" alt=\"\" width=\"800\" height=\"100\" srcset=\"https:\/\/www.radiopiu.net\/wordpress\/wp-content\/uploads\/2018\/09\/sport.jpg 800w, https:\/\/www.radiopiu.net\/wordpress\/wp-content\/uploads\/2018\/09\/sport-300x38.jpg 300w, https:\/\/www.radiopiu.net\/wordpress\/wp-content\/uploads\/2018\/09\/sport-768x96.jpg 768w\" sizes=\"auto, (max-width: 800px) 100vw, 800px\" \/><\/a><\/p>\n<p>&nbsp;<\/p>\n<blockquote>\n<h3>DUE SCONFITTE PER IL SETTORE GIOVANILE DEL VOLLEY CLUB AGORDINO<\/h3>\n<\/blockquote>\n<p><strong><a href=\"https:\/\/www.radiopiu.net\/wordpress\/due-sconfitte-per-il-settore-giovanile-del-volley-club-agordino\/volley-2021\/\" rel=\"attachment wp-att-207180\"><img loading=\"lazy\" decoding=\"async\" class=\" wp-image-207180 alignleft\" src=\"https:\/\/www.radiopiu.net\/wordpress\/wp-content\/uploads\/2021\/05\/volley-2021-300x175.jpg\" alt=\"\" width=\"294\" height=\"171\" srcset=\"https:\/\/www.radiopiu.net\/wordpress\/wp-content\/uploads\/2021\/05\/volley-2021-300x175.jpg 300w, https:\/\/www.radiopiu.net\/wordpress\/wp-content\/uploads\/2021\/05\/volley-2021-768x449.jpg 768w, https:\/\/www.radiopiu.net\/wordpress\/wp-content\/uploads\/2021\/05\/volley-2021.jpg 770w\" sizes=\"auto, (max-width: 294px) 100vw, 294px\" \/><\/a>AGORDO<\/strong> Un fine settimana da dimenticare per il settore giovanile del Volley Club Agordino. In campo l&#8217;Under 15 che ha giocato 2 partite in 3 giorni. Nella sfida di venerd\u00ec sera al Palarova di Agordo, le agordine crollano 3 a 0 contro l&#8217;Alpirod. Un match a senso unico per la squadra di Ponte Nelle Alpi che chiude la contesa con i parziali di 25-11, 25-7, 25-13. Sabato pomeriggio ancora una sconfitta per le giovani pallavoliste di Agordo che hanno giocato in trasferta contro il Feltre. Feltrine che incamerano la vittoria per 3 a 0 ma in questo caso il Volley Club Agordino ha giocato meglio. 25.14, 25-19 e 25-17 i risultati dei tre set.<\/p>\n<p>&nbsp;<\/p>\n<hr \/>\n<p>&nbsp;<\/p>\n<p><span style=\"color: #ff0000;\"><strong>ROMBI E LUCI IN VAL BELLUNA<\/strong><\/span><\/p>\n<blockquote>\n<h3><a href=\"https:\/\/www.radiopiu.net\/wordpress\/giornale-radiopiu-03-maggio-2021-direttore-mirko-mezzacasa\/002_0001\/\" rel=\"attachment wp-att-207270\"><img loading=\"lazy\" decoding=\"async\" class=\"size-medium wp-image-207270 alignleft\" src=\"https:\/\/www.radiopiu.net\/wordpress\/wp-content\/uploads\/2021\/05\/002_0001-300x200.jpg\" alt=\"\" width=\"300\" height=\"200\" srcset=\"https:\/\/www.radiopiu.net\/wordpress\/wp-content\/uploads\/2021\/05\/002_0001-300x200.jpg 300w, https:\/\/www.radiopiu.net\/wordpress\/wp-content\/uploads\/2021\/05\/002_0001-1024x683.jpg 1024w, https:\/\/www.radiopiu.net\/wordpress\/wp-content\/uploads\/2021\/05\/002_0001-768x512.jpg 768w, https:\/\/www.radiopiu.net\/wordpress\/wp-content\/uploads\/2021\/05\/002_0001-1536x1024.jpg 1536w, https:\/\/www.radiopiu.net\/wordpress\/wp-content\/uploads\/2021\/05\/002_0001-2048x1365.jpg 2048w\" sizes=\"auto, (max-width: 300px) 100vw, 300px\" \/><\/a>ANCORA 20 GIORNI E SARA&#8217; RALLY BELLUNESE<\/h3>\n<\/blockquote>\n<p>&nbsp;<\/p>\n<p><strong>DI ROBERTO BONA\u00a0<\/strong><\/p>\n<audio class=\"wp-audio-shortcode\" id=\"audio-207152-16\" preload=\"none\" style=\"width: 100%;\" controls=\"controls\"><source type=\"audio\/mpeg\" src=\"https:\/\/www.radiopiu.net\/wordpress\/wp-content\/uploads\/2021\/05\/ROBERTO-BONA.mp3?_=16\" \/><a href=\"https:\/\/www.radiopiu.net\/wordpress\/wp-content\/uploads\/2021\/05\/ROBERTO-BONA.mp3\">https:\/\/www.radiopiu.net\/wordpress\/wp-content\/uploads\/2021\/05\/ROBERTO-BONA.mp3<\/a><\/audio>\n<p>&nbsp;<\/p>\n<hr \/>\n<p>&nbsp;<\/p>\n<blockquote>\n<h3>MARCO TORMEN PRIMO DEGLI ITALIANI AL TROFEO ANDREA MARGUTTI DI LONATO DEL GARDA<\/h3>\n<\/blockquote>\n<p><strong><a href=\"https:\/\/www.radiopiu.net\/wordpress\/marco-tormen-primo-degli-italiani-al-trofeo-andrea-margutti-di-lonato-del-garda\/marco-tormen-lonato-2021\/\" rel=\"attachment wp-att-207242\"><img loading=\"lazy\" decoding=\"async\" class=\" wp-image-207242 alignleft\" src=\"https:\/\/www.radiopiu.net\/wordpress\/wp-content\/uploads\/2021\/05\/marco-tormen-lonato-2021-300x200.jpg\" alt=\"\" width=\"236\" height=\"157\" srcset=\"https:\/\/www.radiopiu.net\/wordpress\/wp-content\/uploads\/2021\/05\/marco-tormen-lonato-2021-300x200.jpg 300w, https:\/\/www.radiopiu.net\/wordpress\/wp-content\/uploads\/2021\/05\/marco-tormen-lonato-2021-1024x682.jpg 1024w, https:\/\/www.radiopiu.net\/wordpress\/wp-content\/uploads\/2021\/05\/marco-tormen-lonato-2021-768x511.jpg 768w, https:\/\/www.radiopiu.net\/wordpress\/wp-content\/uploads\/2021\/05\/marco-tormen-lonato-2021-1536x1022.jpg 1536w, https:\/\/www.radiopiu.net\/wordpress\/wp-content\/uploads\/2021\/05\/marco-tormen-lonato-2021.jpg 1875w\" sizes=\"auto, (max-width: 236px) 100vw, 236px\" \/><\/a>LONATO DEL GARDA (BS)\u00a0<\/strong>Appuntamento fuori Campionato Italiano per il pilota di kart Marco Tormen che nel fine settimana ha partecipato al Trofeo Andrea Margutti sulla pista di Lonato Del Garda. Il pilota di Voltago ha concluso la gara al sesto posto e primo pilota italiano in gara. Dopo aver chiuso al sesto posto la pre-finale guadagnando ben 6 posizioni, nella finalissima del Trofeo \u00e8 riuscito a mantenere la posizione terminando la corsa al sesto posto come miglior pilota italiano. Ora la testa va al prossimo fine settimana quando Tormen sar\u00e0 impegnato nella seconda prova del Campionato Italiano che si svolger\u00e0 ad Adria in provincia di Rovigo.<\/p>\n<p>&nbsp;<\/p>\n<p>&nbsp;<\/p>\n<hr \/>\n<p>&nbsp;<\/p>\n<blockquote>\n<h3>PRIMA GARA STAGIONALE PER IL PR RANCH E PRIMA VITTORIA DI CATEGORIA<\/h3>\n<\/blockquote>\n<p><strong><a href=\"https:\/\/www.radiopiu.net\/wordpress\/prima-gara-stagionale-per-il-pr-ranch-e-prima-vittoria-di-categoria\/6bd9bcb1-0f40-4e56-846d-3f85fe6ce129\/\" rel=\"attachment wp-att-207185\"><img loading=\"lazy\" decoding=\"async\" class=\" wp-image-207185 alignleft\" src=\"https:\/\/www.radiopiu.net\/wordpress\/wp-content\/uploads\/2021\/05\/6bd9bcb1-0f40-4e56-846d-3f85fe6ce129-300x225.jpg\" alt=\"\" width=\"211\" height=\"158\" srcset=\"https:\/\/www.radiopiu.net\/wordpress\/wp-content\/uploads\/2021\/05\/6bd9bcb1-0f40-4e56-846d-3f85fe6ce129-300x225.jpg 300w, https:\/\/www.radiopiu.net\/wordpress\/wp-content\/uploads\/2021\/05\/6bd9bcb1-0f40-4e56-846d-3f85fe6ce129-1024x768.jpg 1024w, https:\/\/www.radiopiu.net\/wordpress\/wp-content\/uploads\/2021\/05\/6bd9bcb1-0f40-4e56-846d-3f85fe6ce129-768x576.jpg 768w, https:\/\/www.radiopiu.net\/wordpress\/wp-content\/uploads\/2021\/05\/6bd9bcb1-0f40-4e56-846d-3f85fe6ce129-1536x1152.jpg 1536w, https:\/\/www.radiopiu.net\/wordpress\/wp-content\/uploads\/2021\/05\/6bd9bcb1-0f40-4e56-846d-3f85fe6ce129.jpg 1600w\" sizes=\"auto, (max-width: 211px) 100vw, 211px\" \/><\/a>PORTOGRUARO (VE)<\/strong> Prima gara FISE per le atlete del PR Ranch Volteggio e subito ottimi risultati. Bravissme le giovani atlete alla loro prima uscita che, nonostante la tanta agitazione, si sono aggiudicati il primo posto nella categoria L seconda fascia. La gara si \u00e8 svolta a Portogruaro valida per il Campionato Nazionale Volteggio. &#8220;<em>Un grande grazie al centro di volteggio I Prati a Emanuele Righetto e Claudia Petersohn al magnifico Orlando che ci hanno permesso di fare questa bellissima esperienza<\/em>&#8221; dicono dal PR Ranch<\/p>\n<p>&nbsp;<\/p>\n<hr \/>\n<p>&nbsp;<\/p>\n<table width=\"100%\">\n<tbody>\n<tr>\n<td>\n<table width=\"100%\">\n<tbody>\n<tr>\n<td>\n<table width=\"100%\">\n<tbody>\n<tr>\n<td>\n<h2>HOCKEY<\/h2>\n<h1>Nazionale, l\u2019Italia incassa un poker nella seconda amichevole con la Francia<\/h1>\n<\/td>\n<\/tr>\n<\/tbody>\n<\/table>\n<\/td>\n<\/tr>\n<\/tbody>\n<\/table>\n<\/td>\n<\/tr>\n<tr>\n<td>\n<table width=\"100%\">\n<tbody>\n<tr>\n<td>\n<table width=\"100%\">\n<tbody>\n<tr>\n<td>\n<h3>Sconfitta 4-1 per la nazionale di hockey su ghiaccio nel test-match di Meg\u00e8ve. Rete azzurra di Daniel Frank, marted\u00ec amichevole a Biel-Bienne contro la Svizzera.<\/h3>\n<\/td>\n<\/tr>\n<\/tbody>\n<\/table>\n<\/td>\n<\/tr>\n<\/tbody>\n<\/table>\n<table width=\"100%\">\n<tbody>\n<tr>\n<td>\n<table width=\"100%\">\n<tbody>\n<tr>\n<td><a href=\"https:\/\/www.radiopiu.net\/wordpress\/giornale-radiopiu-03-maggio-2021-direttore-mirko-mezzacasa\/06e9b2b2-59e5-4d84-ae30-08e622659ed5\/\" rel=\"attachment wp-att-207273\"><img loading=\"lazy\" decoding=\"async\" class=\" wp-image-207273 alignleft\" src=\"https:\/\/www.radiopiu.net\/wordpress\/wp-content\/uploads\/2021\/05\/06e9b2b2-59e5-4d84-ae30-08e622659ed5-300x200.jpg\" alt=\"\" width=\"194\" height=\"129\" srcset=\"https:\/\/www.radiopiu.net\/wordpress\/wp-content\/uploads\/2021\/05\/06e9b2b2-59e5-4d84-ae30-08e622659ed5-300x200.jpg 300w, https:\/\/www.radiopiu.net\/wordpress\/wp-content\/uploads\/2021\/05\/06e9b2b2-59e5-4d84-ae30-08e622659ed5-1024x683.jpg 1024w, https:\/\/www.radiopiu.net\/wordpress\/wp-content\/uploads\/2021\/05\/06e9b2b2-59e5-4d84-ae30-08e622659ed5-768x512.jpg 768w, https:\/\/www.radiopiu.net\/wordpress\/wp-content\/uploads\/2021\/05\/06e9b2b2-59e5-4d84-ae30-08e622659ed5.jpg 1200w\" sizes=\"auto, (max-width: 194px) 100vw, 194px\" \/><\/a><strong>MEGEVE<\/strong>. Battuta d\u2019arresta per l\u2019Italia. Dopo il successo di misura di sabato sera, gli azzurri cadono a Megeve contro la Francia incassando un poker di reti. L\u2019unica marcatura azzurra porta la firma di Daniel Frank, che ha avuto anche la possibilit\u00e0 di pareggiare la partita prima dell\u2019uno-due finale dei transalpini. Ora gli azzurri tornano ad Aosta prima di trasferirsi in Svizzera: marted\u00ec sera a Biel-Bienne, con ingaggio d\u2019inizio alle ore 20.15 e diretta sulla TV di Stato SRF2, \u00e8 in programma il terzo test-match pre-mondiale contro la forte formazione elvetica. Mercoled\u00ec 5 maggio il Blue Team far\u00e0 poi rientro al quartier generale di Bolzano, dove sono previste le ultime due amichevoli contro l\u2019Austria (sabato 8 e domenica 9 maggio) e dove \u00e8 previsto l\u2019arrivo del difensore Thomas Larkin, reduce dall\u2019eliminazione dai play-off della DEL germanica con il Mannheim.<\/td>\n<\/tr>\n<\/tbody>\n<\/table>\n<\/td>\n<\/tr>\n<\/tbody>\n<\/table>\n<\/td>\n<\/tr>\n<\/tbody>\n<\/table>\n<p>&nbsp;<\/p>\n<hr \/>\n<p>&nbsp;<\/p>\n<blockquote>\n<h3>OSCAR DE PELLEGRIN OSPITE DELL&#8217;ULTIMA LEZIONE TENUTA DA L&#8217;AIA IN VIDEOCONFERENZA<\/h3>\n<\/blockquote>\n<p><strong><a href=\"https:\/\/www.radiopiu.net\/wordpress\/giornale-radiopiu-03-maggio-2021-direttore-mirko-mezzacasa\/logo-aia-belluno\/\" rel=\"attachment wp-att-207164\"><img loading=\"lazy\" decoding=\"async\" class=\"size-medium wp-image-207164 alignleft\" src=\"https:\/\/www.radiopiu.net\/wordpress\/wp-content\/uploads\/2021\/05\/logo-AIA-Belluno-300x300.jpeg\" alt=\"\" width=\"300\" height=\"300\" srcset=\"https:\/\/www.radiopiu.net\/wordpress\/wp-content\/uploads\/2021\/05\/logo-AIA-Belluno.jpeg 300w, https:\/\/www.radiopiu.net\/wordpress\/wp-content\/uploads\/2021\/05\/logo-AIA-Belluno-150x150.jpeg 150w\" sizes=\"auto, (max-width: 300px) 100vw, 300px\" \/><\/a>BELLUNO<\/strong> Venerd\u00ec scorso si \u00e8 svolta l\u2019ultima \u201cLezione Tecnica Obbligatoria\u201d per gli arbitri bellunesi con un ospite d\u2019eccezione. L\u2019incontro, organizzato online, \u00e8 stato ricco di ospiti e temi condivisi.\u00a0 \u00a0Dopo i saluti iniziali del Presidente della sezione Aia di Belluno, Marco Cruder, e dei ben cinque ospiti presenti \u2013 Massimo Biasutto, Presidente del Cra, Maurizio Giacomelli, Consigliere regionale per la delegazione Figc di Belluno e Presidente Calcio Veneto Srl, Orazio Zanin, delegato provinciale della Figc di Belluno, Giuseppe Ruzza, Presidente del Comitato regionale Veneto Lnd \u2013 ha preso la parola il relatore della serata: il bellunese Oscar De Pellegrin. Oscar, il campione di Sopracroda non ha bisogno di molte presentazioni; oro paralimpico nel tiro con l\u2019arco a Londra 2012, presidente dell\u2019Assi Onlus, membro del comitato esecutivo del Coni, consigliere federale e di presidenza Fitarco. Il tiro con l\u2019arco, apparentemente, non ha molti punti di contatto con l\u2019arbitraggio, ma il campione bellunese ha intrattenuto la platea mettendo in luce i veri valori dello sport, arricchendo la conversazione con alcuni aneddoti legati all\u2019esperienza da atleta prima e, poi, \u00a0da dirigente. Numerosi i temi trattati durante tutta la serata, svolta sotto forma di intervista in cui ha visto l\u2019attiva partecipazione dei fischietti bellunesi nel porre domande all\u2019arciere bellunese. Concentrazione e sacrificio, volontariato e famiglia, sport e sacrificio sono soltanto alcuni dei punti toccati durante la riunione. \u00ab<em>Lo sportivo deve rispettare le regole altrimenti non va da nessuna parte, e al giorno d\u2019oggi, in un mondo in cui tutto \u00e8 possibile, non \u00e8 sempre facile rispettarle<\/em>\u00bb, sono queste le parole con cui Oscar risponde a una domanda sulla disciplina che uno sportivo deve mantenere per avere successo. Successivamente viene analizzata l\u2019idea di disabilit\u00e0 che c\u2019\u00e8 nel mondo \u00ab<em>La disabilit\u00e0 sta nell\u2019occhio di chi la nota, non in chi ce l\u2019ha veramente. Non ci sono persone con disabilit\u00e0 e persone senza, semplicemente alcuni hanno altri tipi di abilit\u00e0<\/em>\u00bb, \u00ab<em>Non c\u2019\u00e8 differenza tra olimpiadi e paralimpiadi, in entrambe gli atleti danno il massimo per raggiungere i propri risultati<\/em>\u00bb. Oscar, infine, conclude con una riflessione riguardante l\u2019accettazione della sconfitta. \u00ab<em>Una sconfitta insegna di pi\u00f9 che una vittoria, poich\u00e9 quando perdi ti domandi dove hai sbagliato mentre quando vinci sei euforico<\/em>\u00bb. Queste sono soltanto alcune tra le risposte date alle tante domande fatte nel corso della serata.<\/p>\n","protected":false},"excerpt":{"rendered":"<p>PER\u00a0RICEVERE QUESTO NOTIZIARIO DIRETTAMENTE SUL TUO CELLULARE ISCRIVITI AL CANALE TELEGRAM\u00a0\u201cRADIO PIU\u00a0 INFORMAZIONE\u201d\u00a0\u00a0 &nbsp; &nbsp; OMAGGIO INTERISTA &#8230;suggerito dall&#8217;amico in festa Gianfelice Facchetti &nbsp; &nbsp; &nbsp; mai visto prima DILLO A RADIO PIU&#8230;. vorrei farle notare il colore dell&#8217;acqua a Pradimezzo\u00a0 di Cencenighe Agordina &#8230;\u00a0 &nbsp; &nbsp; &nbsp; &nbsp; &nbsp; &nbsp; PUNTI TAMPONE: NUOVI ORARI&hellip;<\/p>\n","protected":false},"author":4,"featured_media":207233,"comment_status":"closed","ping_status":"open","sticky":false,"template":"","format":"standard","meta":{"_monsterinsights_skip_tracking":false,"_monsterinsights_sitenote_active":false,"_monsterinsights_sitenote_note":"","_monsterinsights_sitenote_category":0,"footnotes":""},"categories":[1,51,86,49],"tags":[],"class_list":["post-207152","post","type-post","status-publish","format-standard","has-post-thumbnail","hentry","category-senza-categoria","category-evidenza-top","category-gr","category-news-18","category-1","category-51","category-86","category-49","description-off"],"img_url":"https:\/\/www.radiopiu.net\/wordpress\/wp-content\/uploads\/2021\/05\/0a16c7cc-11f3-44fc-9236-7f15d2d31349.jpg","_links":{"self":[{"href":"https:\/\/www.radiopiu.net\/wordpress\/wp-json\/wp\/v2\/posts\/207152","targetHints":{"allow":["GET"]}}],"collection":[{"href":"https:\/\/www.radiopiu.net\/wordpress\/wp-json\/wp\/v2\/posts"}],"about":[{"href":"https:\/\/www.radiopiu.net\/wordpress\/wp-json\/wp\/v2\/types\/post"}],"author":[{"embeddable":true,"href":"https:\/\/www.radiopiu.net\/wordpress\/wp-json\/wp\/v2\/users\/4"}],"replies":[{"embeddable":true,"href":"https:\/\/www.radiopiu.net\/wordpress\/wp-json\/wp\/v2\/comments?post=207152"}],"version-history":[{"count":0,"href":"https:\/\/www.radiopiu.net\/wordpress\/wp-json\/wp\/v2\/posts\/207152\/revisions"}],"wp:featuredmedia":[{"embeddable":true,"href":"https:\/\/www.radiopiu.net\/wordpress\/wp-json\/wp\/v2\/media\/207233"}],"wp:attachment":[{"href":"https:\/\/www.radiopiu.net\/wordpress\/wp-json\/wp\/v2\/media?parent=207152"}],"wp:term":[{"taxonomy":"category","embeddable":true,"href":"https:\/\/www.radiopiu.net\/wordpress\/wp-json\/wp\/v2\/categories?post=207152"},{"taxonomy":"post_tag","embeddable":true,"href":"https:\/\/www.radiopiu.net\/wordpress\/wp-json\/wp\/v2\/tags?post=207152"}],"curies":[{"name":"wp","href":"https:\/\/api.w.org\/{rel}","templated":true}]}}