{"id":207156,"date":"2021-05-02T11:04:56","date_gmt":"2021-05-02T09:04:56","guid":{"rendered":"https:\/\/www.radiopiu.net\/wordpress\/?p=207156"},"modified":"2021-05-02T11:04:56","modified_gmt":"2021-05-02T09:04:56","slug":"fermati-dalla-neve-soccorsi-due-giovani-nella-notte-sul-monte-alto-di-pelsa","status":"publish","type":"post","link":"https:\/\/www.radiopiu.net\/wordpress\/fermati-dalla-neve-soccorsi-due-giovani-nella-notte-sul-monte-alto-di-pelsa\/","title":{"rendered":"FERMATI DALLA NEVE. SOCCORSI DUE GIOVANI NELLA NOTTE SUL MONTE ALTO DI PELSA"},"content":{"rendered":"<p><strong>SAN TOMASO <\/strong>Ieri sera attorno alle 21.20 la Centrale del Suem ha allertato il Soccorso alpino della Val Biois, per due escursionisti in difficolt\u00e0 lungo il sentiero che porta al Bivacco Col Mandro, 1.850 metri di altitudine, sul Monte Alto di Pelsa. I due amici, ventunenni di Pianiga (VE), erano partiti con zaini, saccoapelo e viveri verso le 16 da Colaz &#8211; 900 metri di quota, frazione di Cencenighe Agordino &#8211; con l&#8217;intenzione di passare la notte in bivacco. Arrivati a 1.750 metri di altitudine circa, rallentati dalla presenza di neve poich\u00e9 calzavano scarpe da trail e dall&#8217;aver perso la traccia, sotto la pioggia battente hanno deciso di fermarsi al riparo di una roccia strapiombante e hanno contattato il 118. Proseguendo avrebbero infatti trovato ulteriori difficolt\u00e0 data la presenza di un tratto attrezzato. Risalita alle coordinate del punto in cui si trovavano grazie all&#8217;applicazione di geolocalizzazione in dotazione al Soccorso alpino, una squadra \u00e8 partita da Colaz e li ha raggiunti sotto la pioggia a mezzanotte. Poich\u00e9 nel salire i quattro soccorritori &#8211; pi\u00f9 uno in base per le comunicazioni &#8211; avevano attraversato ripidi canali innevati pi\u00f9 rischiosi da affrontare in discesa, \u00e8 stato deciso di rientrare dall&#8217;itinerario pi\u00f9 sicuro e agibile che porta ad Avoscan. Trattenuti e aiutati nei tratti scivolosi, causati anche da radici e foglie fradice, i due ragazzi sono stati riaccompagnti a valle e poi portati alla loro auto, dove sono arrivati alle 2.30. Ieri era prevista allerta meteo e neve fino a 1.400 metri, poi fortunatamente non pi\u00f9 scesa. Vi invitiamo a consultare sempre i bollettini meteo prima di ogni escursione. Vi rammentiamo che in quota c&#8217;\u00e8 ancora consistente presenza di neve e di conseguenza sono richieste calzature e attrezzatura opportune.<\/p>\n\n\t\t\t<style type='text\/css'>\n\t\t\t\t#gallery-1 {\n\t\t\t\t\tmargin: auto;\n\t\t\t\t}\n\t\t\t\t#gallery-1 .gallery-item {\n\t\t\t\t\tfloat: left;\n\t\t\t\t\tmargin-top: 10px;\n\t\t\t\t\ttext-align: center;\n\t\t\t\t\twidth: 25%;\n\t\t\t\t}\n\t\t\t\t#gallery-1 img {\n\t\t\t\t\tborder: 2px solid #cfcfcf;\n\t\t\t\t}\n\t\t\t\t#gallery-1 .gallery-caption {\n\t\t\t\t\tmargin-left: 0;\n\t\t\t\t}\n\t\t\t\t\/* see gallery_shortcode() in wp-includes\/media.php *\/\n\t\t\t<\/style>\n\t\t<div id='gallery-1' class='dt-gallery-container gallery galleryid-207156 gallery-columns-4 gallery-size-medium'><dl class='gallery-item'>\n\t\t\t\t<dt class='gallery-icon portrait'>\n\t\t\t\t\t<a class=\"rollover rollover-zoom dt-pswp-item\" title=\"20210502_095546\" data-dt-img-description=\"\" data-large_image_width=\"1772\" data-large_image_height=\"2192\"href='https:\/\/www.radiopiu.net\/wordpress\/wp-content\/uploads\/2021\/05\/20210502_095546.jpg'><img loading=\"lazy\" decoding=\"async\" width=\"243\" height=\"300\" src=\"https:\/\/www.radiopiu.net\/wordpress\/wp-content\/uploads\/2021\/05\/20210502_095546-243x300.jpg\" class=\"attachment-medium size-medium\" alt=\"\" srcset=\"https:\/\/www.radiopiu.net\/wordpress\/wp-content\/uploads\/2021\/05\/20210502_095546-243x300.jpg 243w, https:\/\/www.radiopiu.net\/wordpress\/wp-content\/uploads\/2021\/05\/20210502_095546-828x1024.jpg 828w, https:\/\/www.radiopiu.net\/wordpress\/wp-content\/uploads\/2021\/05\/20210502_095546-768x950.jpg 768w, https:\/\/www.radiopiu.net\/wordpress\/wp-content\/uploads\/2021\/05\/20210502_095546-1242x1536.jpg 1242w, https:\/\/www.radiopiu.net\/wordpress\/wp-content\/uploads\/2021\/05\/20210502_095546-1656x2048.jpg 1656w, https:\/\/www.radiopiu.net\/wordpress\/wp-content\/uploads\/2021\/05\/20210502_095546.jpg 1772w\" sizes=\"auto, (max-width: 243px) 100vw, 243px\" \/><\/a>\n\t\t\t\t<\/dt><\/dl><dl class='gallery-item'>\n\t\t\t\t<dt class='gallery-icon portrait'>\n\t\t\t\t\t<a class=\"rollover rollover-zoom dt-pswp-item\" title=\"20210502_104103\" data-dt-img-description=\"\" data-large_image_width=\"1080\" data-large_image_height=\"1253\"href='https:\/\/www.radiopiu.net\/wordpress\/wp-content\/uploads\/2021\/05\/20210502_104103.png'><img loading=\"lazy\" decoding=\"async\" width=\"259\" height=\"300\" src=\"https:\/\/www.radiopiu.net\/wordpress\/wp-content\/uploads\/2021\/05\/20210502_104103-259x300.png\" class=\"attachment-medium size-medium\" alt=\"\" srcset=\"https:\/\/www.radiopiu.net\/wordpress\/wp-content\/uploads\/2021\/05\/20210502_104103-259x300.png 259w, https:\/\/www.radiopiu.net\/wordpress\/wp-content\/uploads\/2021\/05\/20210502_104103-883x1024.png 883w, https:\/\/www.radiopiu.net\/wordpress\/wp-content\/uploads\/2021\/05\/20210502_104103-768x891.png 768w, https:\/\/www.radiopiu.net\/wordpress\/wp-content\/uploads\/2021\/05\/20210502_104103.png 1080w\" sizes=\"auto, (max-width: 259px) 100vw, 259px\" \/><\/a>\n\t\t\t\t<\/dt><\/dl><dl class='gallery-item'>\n\t\t\t\t<dt class='gallery-icon portrait'>\n\t\t\t\t\t<a class=\"rollover rollover-zoom dt-pswp-item\" title=\"Point Blur_May022021_095711\" data-dt-img-description=\"\" data-large_image_width=\"1296\" data-large_image_height=\"1728\"href='https:\/\/www.radiopiu.net\/wordpress\/wp-content\/uploads\/2021\/05\/Point-Blur_May022021_095711.jpg'><img loading=\"lazy\" decoding=\"async\" width=\"225\" height=\"300\" src=\"https:\/\/www.radiopiu.net\/wordpress\/wp-content\/uploads\/2021\/05\/Point-Blur_May022021_095711-225x300.jpg\" class=\"attachment-medium size-medium\" alt=\"\" srcset=\"https:\/\/www.radiopiu.net\/wordpress\/wp-content\/uploads\/2021\/05\/Point-Blur_May022021_095711-225x300.jpg 225w, https:\/\/www.radiopiu.net\/wordpress\/wp-content\/uploads\/2021\/05\/Point-Blur_May022021_095711-768x1024.jpg 768w, https:\/\/www.radiopiu.net\/wordpress\/wp-content\/uploads\/2021\/05\/Point-Blur_May022021_095711-1152x1536.jpg 1152w, https:\/\/www.radiopiu.net\/wordpress\/wp-content\/uploads\/2021\/05\/Point-Blur_May022021_095711.jpg 1296w\" sizes=\"auto, (max-width: 225px) 100vw, 225px\" \/><\/a>\n\t\t\t\t<\/dt><\/dl><dl class='gallery-item'>\n\t\t\t\t<dt class='gallery-icon portrait'>\n\t\t\t\t\t<a class=\"rollover rollover-zoom dt-pswp-item\" title=\"Screenshot_20210502-103945\" data-dt-img-description=\"\" data-large_image_width=\"829\" data-large_image_height=\"1377\"href='https:\/\/www.radiopiu.net\/wordpress\/wp-content\/uploads\/2021\/05\/Screenshot_20210502-103945.jpg'><img loading=\"lazy\" decoding=\"async\" width=\"181\" height=\"300\" src=\"https:\/\/www.radiopiu.net\/wordpress\/wp-content\/uploads\/2021\/05\/Screenshot_20210502-103945-181x300.jpg\" class=\"attachment-medium size-medium\" alt=\"\" srcset=\"https:\/\/www.radiopiu.net\/wordpress\/wp-content\/uploads\/2021\/05\/Screenshot_20210502-103945-181x300.jpg 181w, https:\/\/www.radiopiu.net\/wordpress\/wp-content\/uploads\/2021\/05\/Screenshot_20210502-103945-616x1024.jpg 616w, https:\/\/www.radiopiu.net\/wordpress\/wp-content\/uploads\/2021\/05\/Screenshot_20210502-103945-768x1276.jpg 768w, https:\/\/www.radiopiu.net\/wordpress\/wp-content\/uploads\/2021\/05\/Screenshot_20210502-103945.jpg 829w\" sizes=\"auto, (max-width: 181px) 100vw, 181px\" \/><\/a>\n\t\t\t\t<\/dt><\/dl><br style=\"clear: both\" \/>\n\t\t\t<\/div>\n\n","protected":false},"excerpt":{"rendered":"<p>SAN TOMASO Ieri sera attorno alle 21.20 la Centrale del Suem ha allertato il Soccorso alpino della Val Biois, per due escursionisti in difficolt\u00e0 lungo il sentiero che porta al Bivacco Col Mandro, 1.850 metri di altitudine, sul Monte Alto di Pelsa. I due amici, ventunenni di Pianiga (VE), erano partiti con zaini, saccoapelo e&hellip;<\/p>\n","protected":false},"author":4,"featured_media":207157,"comment_status":"closed","ping_status":"open","sticky":false,"template":"","format":"standard","meta":{"_monsterinsights_skip_tracking":false,"_monsterinsights_sitenote_active":false,"_monsterinsights_sitenote_note":"","_monsterinsights_sitenote_category":0,"footnotes":""},"categories":[51,49],"tags":[],"class_list":["post-207156","post","type-post","status-publish","format-standard","has-post-thumbnail","hentry","category-evidenza-top","category-news-18","category-51","category-49","description-off"],"img_url":"https:\/\/www.radiopiu.net\/wordpress\/wp-content\/uploads\/2021\/05\/20210502_095546.jpg","_links":{"self":[{"href":"https:\/\/www.radiopiu.net\/wordpress\/wp-json\/wp\/v2\/posts\/207156","targetHints":{"allow":["GET"]}}],"collection":[{"href":"https:\/\/www.radiopiu.net\/wordpress\/wp-json\/wp\/v2\/posts"}],"about":[{"href":"https:\/\/www.radiopiu.net\/wordpress\/wp-json\/wp\/v2\/types\/post"}],"author":[{"embeddable":true,"href":"https:\/\/www.radiopiu.net\/wordpress\/wp-json\/wp\/v2\/users\/4"}],"replies":[{"embeddable":true,"href":"https:\/\/www.radiopiu.net\/wordpress\/wp-json\/wp\/v2\/comments?post=207156"}],"version-history":[{"count":0,"href":"https:\/\/www.radiopiu.net\/wordpress\/wp-json\/wp\/v2\/posts\/207156\/revisions"}],"wp:featuredmedia":[{"embeddable":true,"href":"https:\/\/www.radiopiu.net\/wordpress\/wp-json\/wp\/v2\/media\/207157"}],"wp:attachment":[{"href":"https:\/\/www.radiopiu.net\/wordpress\/wp-json\/wp\/v2\/media?parent=207156"}],"wp:term":[{"taxonomy":"category","embeddable":true,"href":"https:\/\/www.radiopiu.net\/wordpress\/wp-json\/wp\/v2\/categories?post=207156"},{"taxonomy":"post_tag","embeddable":true,"href":"https:\/\/www.radiopiu.net\/wordpress\/wp-json\/wp\/v2\/tags?post=207156"}],"curies":[{"name":"wp","href":"https:\/\/api.w.org\/{rel}","templated":true}]}}