{"id":207345,"date":"2021-05-03T11:33:16","date_gmt":"2021-05-03T09:33:16","guid":{"rendered":"https:\/\/www.radiopiu.net\/wordpress\/?p=207345"},"modified":"2021-05-03T11:33:16","modified_gmt":"2021-05-03T09:33:16","slug":"illuminiamo-la-fibromialgia-giornata-mondiale-della-fibromialgia-12-maggio-2021","status":"publish","type":"post","link":"https:\/\/www.radiopiu.net\/wordpress\/illuminiamo-la-fibromialgia-giornata-mondiale-della-fibromialgia-12-maggio-2021\/","title":{"rendered":"ILLUMINIAMO LA FIBROMIALGIA \u2013 GIORNATA MONDIALE DELLA FIBROMIALGIA, 12 MAGGIO 2021"},"content":{"rendered":"<blockquote><p><em>il Comune di Belluno ha aderito all&#8217;iniziativa promossa a livello nazionale &#8220;Illuminiamo la Fibromialgia&#8221; e dato il patrocinio all&#8217;evento che consister\u00e0 nell&#8217;illuminare di viola il Teatro Comunale. La Fondazione Teatri delle Dolomiti ha messo a disposizione il locale &#8220;Ex barbiere&#8221; in Via Rialto 6 dove per tutta la giornata ci sar\u00e0 uno sportello informativo e dalle 20,30 alle 21,00<\/em><\/p><\/blockquote>\n<p><strong><a href=\"https:\/\/www.radiopiu.net\/wordpress\/fibromialgia\/fibromialgia-3\/\" rel=\"attachment wp-att-197131\"><img loading=\"lazy\" decoding=\"async\" class=\"size-medium wp-image-197131 alignright\" src=\"https:\/\/www.radiopiu.net\/wordpress\/wp-content\/uploads\/2021\/03\/fibromialgia-300x200.jpeg\" alt=\"\" width=\"300\" height=\"200\" srcset=\"https:\/\/www.radiopiu.net\/wordpress\/wp-content\/uploads\/2021\/03\/fibromialgia-300x200.jpeg 300w, https:\/\/www.radiopiu.net\/wordpress\/wp-content\/uploads\/2021\/03\/fibromialgia.jpeg 626w\" sizes=\"auto, (max-width: 300px) 100vw, 300px\" \/><\/a>BELLUNO<\/strong> Per non essere pi\u00f9 invisibili, in occasione della Giornata Mondiale della Fibromialgia (12 maggio) l&#8217;Associazione Italiana Sindrome Fibromialgica promuove su tutto il territorio nazionale l\u2019iniziativa \u201cIlluminiamo la Fibromialgia\u201d. L\u2019evento, che consister\u00e0 nell\u2019illuminare di viola piazze, edifici e monumenti in tutta Italia, si pone l\u2019obiettivo di sensibilizzare l\u2019opinione pubblica sulle condizioni del paziente fibromialgico, sofferente di una patologia non riconosciuta e spesso trascurata, che la pandemia ha contribuito ad aggravare ulteriormente. Alcune amministrazioni locali\u00a0 illumineranno di viola un importante edificio\/monumento. Le contemporanee immagini di tante piazze e monumenti colorati di viola, accompagnate da adeguati messaggi di sensibilizzazione e informazione, saranno\u00a0 un veicolo di promozione dei diritti dei malati. Pazienti, familiari, amici, personale sanitario, ecc. sono stati invitati\u00a0 a indossare un fiocco viola il 12 maggio, come segnale che i pazienti fibromialgici esistono per\u00a0 diffondere il messaggio, dandogli forma e sostanza. Un fiocco\u00a0 che \u00e8 il simbolo di una categoria di ammalati che non hanno una dignit\u00e0 e invece meritano di averla. \u00c8 arrivato il momento di fare luce<\/p>\n","protected":false},"excerpt":{"rendered":"<p>il Comune di Belluno ha aderito all&#8217;iniziativa promossa a livello nazionale &#8220;Illuminiamo la Fibromialgia&#8221; e dato il patrocinio all&#8217;evento che consister\u00e0 nell&#8217;illuminare di viola il Teatro Comunale. La Fondazione Teatri delle Dolomiti ha messo a disposizione il locale &#8220;Ex barbiere&#8221; in Via Rialto 6 dove per tutta la giornata ci sar\u00e0 uno sportello informativo e&hellip;<\/p>\n","protected":false},"author":4,"featured_media":197131,"comment_status":"closed","ping_status":"open","sticky":false,"template":"","format":"standard","meta":{"_monsterinsights_skip_tracking":false,"_monsterinsights_sitenote_active":false,"_monsterinsights_sitenote_note":"","_monsterinsights_sitenote_category":0,"footnotes":""},"categories":[49],"tags":[],"class_list":["post-207345","post","type-post","status-publish","format-standard","has-post-thumbnail","hentry","category-news-18","category-49","description-off"],"img_url":"https:\/\/www.radiopiu.net\/wordpress\/wp-content\/uploads\/2021\/03\/fibromialgia.jpeg","_links":{"self":[{"href":"https:\/\/www.radiopiu.net\/wordpress\/wp-json\/wp\/v2\/posts\/207345","targetHints":{"allow":["GET"]}}],"collection":[{"href":"https:\/\/www.radiopiu.net\/wordpress\/wp-json\/wp\/v2\/posts"}],"about":[{"href":"https:\/\/www.radiopiu.net\/wordpress\/wp-json\/wp\/v2\/types\/post"}],"author":[{"embeddable":true,"href":"https:\/\/www.radiopiu.net\/wordpress\/wp-json\/wp\/v2\/users\/4"}],"replies":[{"embeddable":true,"href":"https:\/\/www.radiopiu.net\/wordpress\/wp-json\/wp\/v2\/comments?post=207345"}],"version-history":[{"count":0,"href":"https:\/\/www.radiopiu.net\/wordpress\/wp-json\/wp\/v2\/posts\/207345\/revisions"}],"wp:featuredmedia":[{"embeddable":true,"href":"https:\/\/www.radiopiu.net\/wordpress\/wp-json\/wp\/v2\/media\/197131"}],"wp:attachment":[{"href":"https:\/\/www.radiopiu.net\/wordpress\/wp-json\/wp\/v2\/media?parent=207345"}],"wp:term":[{"taxonomy":"category","embeddable":true,"href":"https:\/\/www.radiopiu.net\/wordpress\/wp-json\/wp\/v2\/categories?post=207345"},{"taxonomy":"post_tag","embeddable":true,"href":"https:\/\/www.radiopiu.net\/wordpress\/wp-json\/wp\/v2\/tags?post=207345"}],"curies":[{"name":"wp","href":"https:\/\/api.w.org\/{rel}","templated":true}]}}