{"id":207398,"date":"2021-05-03T15:39:54","date_gmt":"2021-05-03T13:39:54","guid":{"rendered":"https:\/\/www.radiopiu.net\/wordpress\/?p=207398"},"modified":"2021-05-04T06:11:03","modified_gmt":"2021-05-04T04:11:03","slug":"nuovo-medico-di-medicina-generale-a-feltre","status":"publish","type":"post","link":"https:\/\/www.radiopiu.net\/wordpress\/nuovo-medico-di-medicina-generale-a-feltre\/","title":{"rendered":"NUOVO MEDICO DI MEDICINA GENERALE A FELTRE"},"content":{"rendered":"<p><strong><a href=\"https:\/\/www.radiopiu.net\/wordpress\/solidarieta-umana-a-chi-vive-lesperienza-negativa-covid-ma-le-regole-devono-essere-rispettate\/medicodimedicinagenerale\/\" rel=\"attachment wp-att-167000\"><img loading=\"lazy\" decoding=\"async\" class=\" wp-image-167000 alignleft\" src=\"https:\/\/www.radiopiu.net\/wordpress\/wp-content\/uploads\/2020\/10\/Medicodimedicinagenerale-300x198.jpg\" alt=\"\" width=\"217\" height=\"143\" srcset=\"https:\/\/www.radiopiu.net\/wordpress\/wp-content\/uploads\/2020\/10\/Medicodimedicinagenerale-300x198.jpg 300w, https:\/\/www.radiopiu.net\/wordpress\/wp-content\/uploads\/2020\/10\/Medicodimedicinagenerale-1024x674.jpg 1024w, https:\/\/www.radiopiu.net\/wordpress\/wp-content\/uploads\/2020\/10\/Medicodimedicinagenerale-768x506.jpg 768w, https:\/\/www.radiopiu.net\/wordpress\/wp-content\/uploads\/2020\/10\/Medicodimedicinagenerale.jpg 1200w\" sizes=\"auto, (max-width: 217px) 100vw, 217px\" \/><\/a>FELTRE<\/strong> Oggi ha preso servizio come Medico di Assistenza Primaria, in esito alle procedure di copertura delle zone carenti relative all\u2019anno 2020, presso l\u2019ambito territoriale dei Comuni di Feltre, Pedavena, Seren del Grappa, Alano di Piave e Quero Vas. Il dr. Bilardo, nuovo medico di assistenza primaria, svolger\u00e0 l\u2019attivit\u00e0 ambulatoriale a Feltre in Via Facen n. 19 con i seguenti orari: luned\u00ec e marted\u00ec dalle 15 alle 17, mercoled\u00ec e gioved\u00ec dalle 9 alle 11, venerd\u00ec dalle 8 alle 11 e il sabato reperibilit\u00e0 telefonica per urgenze dalle ore 8.00 alle ore 10.00 al numero 0439 304797<\/p>\n","protected":false},"excerpt":{"rendered":"<p>FELTRE Oggi ha preso servizio come Medico di Assistenza Primaria, in esito alle procedure di copertura delle zone carenti relative all\u2019anno 2020, presso l\u2019ambito territoriale dei Comuni di Feltre, Pedavena, Seren del Grappa, Alano di Piave e Quero Vas. Il dr. Bilardo, nuovo medico di assistenza primaria, svolger\u00e0 l\u2019attivit\u00e0 ambulatoriale a Feltre in Via Facen&hellip;<\/p>\n","protected":false},"author":4,"featured_media":167000,"comment_status":"closed","ping_status":"open","sticky":false,"template":"","format":"standard","meta":{"_monsterinsights_skip_tracking":false,"_monsterinsights_sitenote_active":false,"_monsterinsights_sitenote_note":"","_monsterinsights_sitenote_category":0,"footnotes":""},"categories":[51,49],"tags":[],"class_list":["post-207398","post","type-post","status-publish","format-standard","has-post-thumbnail","hentry","category-evidenza-top","category-news-18","category-51","category-49","description-off"],"img_url":"https:\/\/www.radiopiu.net\/wordpress\/wp-content\/uploads\/2020\/10\/Medicodimedicinagenerale.jpg","_links":{"self":[{"href":"https:\/\/www.radiopiu.net\/wordpress\/wp-json\/wp\/v2\/posts\/207398","targetHints":{"allow":["GET"]}}],"collection":[{"href":"https:\/\/www.radiopiu.net\/wordpress\/wp-json\/wp\/v2\/posts"}],"about":[{"href":"https:\/\/www.radiopiu.net\/wordpress\/wp-json\/wp\/v2\/types\/post"}],"author":[{"embeddable":true,"href":"https:\/\/www.radiopiu.net\/wordpress\/wp-json\/wp\/v2\/users\/4"}],"replies":[{"embeddable":true,"href":"https:\/\/www.radiopiu.net\/wordpress\/wp-json\/wp\/v2\/comments?post=207398"}],"version-history":[{"count":0,"href":"https:\/\/www.radiopiu.net\/wordpress\/wp-json\/wp\/v2\/posts\/207398\/revisions"}],"wp:featuredmedia":[{"embeddable":true,"href":"https:\/\/www.radiopiu.net\/wordpress\/wp-json\/wp\/v2\/media\/167000"}],"wp:attachment":[{"href":"https:\/\/www.radiopiu.net\/wordpress\/wp-json\/wp\/v2\/media?parent=207398"}],"wp:term":[{"taxonomy":"category","embeddable":true,"href":"https:\/\/www.radiopiu.net\/wordpress\/wp-json\/wp\/v2\/categories?post=207398"},{"taxonomy":"post_tag","embeddable":true,"href":"https:\/\/www.radiopiu.net\/wordpress\/wp-json\/wp\/v2\/tags?post=207398"}],"curies":[{"name":"wp","href":"https:\/\/api.w.org\/{rel}","templated":true}]}}