{"id":207569,"date":"2021-05-04T12:19:36","date_gmt":"2021-05-04T10:19:36","guid":{"rendered":"https:\/\/www.radiopiu.net\/wordpress\/?p=207569"},"modified":"2021-05-04T12:19:36","modified_gmt":"2021-05-04T10:19:36","slug":"il-palio-di-feltre-per-la-messa-di-san-vittore","status":"publish","type":"post","link":"https:\/\/www.radiopiu.net\/wordpress\/il-palio-di-feltre-per-la-messa-di-san-vittore\/","title":{"rendered":"IL PALIO DI FELTRE PER LA MESSA DI SAN VITTORE"},"content":{"rendered":"<p><strong><a href=\"https:\/\/www.radiopiu.net\/wordpress\/giornale-radiopiu-13-febbraio-2019-direttore-mirko-mezzacasa\/51757621_786919278332374_4057065011615367168_n\/\" rel=\"attachment wp-att-76193\"><img loading=\"lazy\" decoding=\"async\" class=\"size-medium wp-image-76193 alignleft\" src=\"https:\/\/www.radiopiu.net\/wordpress\/wp-content\/uploads\/2019\/02\/51757621_786919278332374_4057065011615367168_n-300x225.jpg\" alt=\"\" width=\"300\" height=\"225\" srcset=\"https:\/\/www.radiopiu.net\/wordpress\/wp-content\/uploads\/2019\/02\/51757621_786919278332374_4057065011615367168_n-300x225.jpg 300w, https:\/\/www.radiopiu.net\/wordpress\/wp-content\/uploads\/2019\/02\/51757621_786919278332374_4057065011615367168_n.jpg 720w\" sizes=\"auto, (max-width: 300px) 100vw, 300px\" \/><\/a>FELTRE <\/strong>Nonostante il protrarsi nel tempo del periodo di pandemia, nel rispetto del mandato conferito al Direttivo dai Soci, il Palio di Feltre intende promuovere la consueta S. Messa presso il Santuario dei Santi Vittore e Corona, tradizionale inizio dell\u2019anno paliesco. La funzione verr\u00e0 celebrata domenica 9 maggio, alle 10.30, ma sar\u00e0 accessibile solo a un numero contingentato di figuranti in costume, che dovranno mantenere i mezzi di protezione individuali e il distanziamento interpersonale per assicurare che l\u2019iniziativa possa svolgersi in sicurezza. Per tutti gli altri, sar\u00e0 comunque possibile seguire la Messa in streaming dalla pagina Facebook ufficiale del Palio di Feltre. Nel contesto della messa si proceder\u00e0, come ormai da tradizione, al \u2018via\u2019 ufficiale alle manifestazioni che caratterizzano l\u2019evento feltrino, dalla riconsegna del drappo dei XV ducati, all\u2019annuncio dell\u2019artista del drappo del Palio 2021, fino al lancio della bandiera. Non sar\u00e0 invece possibile la consueta esibizione dei cinque gruppi di Sbandieratori e Musici nel chiostro del Monastero, per la quale l\u2019appuntamento \u00e8 rinviato al 2022. Gli accessi a San Vittore saranno presidiati da apposito personale, per prevenire che persone non in possesso del posto numerato possano infiltrarsi. Si invita perci\u00f2 il pubblico ad avvalersi dei mezzi tecnologici a disposizione, per evitare spiacevoli discussioni una volta in loco. \u201c<em>Per il mondo del Palio di Feltre, ha dichiarato il presidente Eugenio Tamburrino, dopo l\u2019interruzione dell\u2019anno scorso, \u00e8 davvero una gioia poter tornare a celebrare la consueta Messa in omaggio ai Santi Patroni. Questo per una serie di ragioni. Innanzitutto, perch\u00e9 dimostra come l\u2019attaccamento al Palio della Citt\u00e0 \u00e8 pi\u00f9 forte di qualsiasi tipo di avversit\u00e0. Poi perch\u00e9 questa funzione, quest\u2019anno probabilmente pi\u00f9 degli anni scorsi, segna davvero l\u2019inizio dell\u2019anno paliesco, con i cinque gruppi sbandieratori e musici che proprio in questi giorni stanno riprendendo gli allenamenti, dopo la sospensione forzata dovuta al Covid. Infine, perch\u00e9 con questo appuntamento vogliamo riannodare i fili della nostra passione, che comunque ha continuato a muoverci sottotraccia, a distanza, in via telematica. In questo senso, l\u2019annuncio del prossimo artista del drappo del Palio 2021 dimostra come il Palio di Feltre sappia farsi trovare pronto agli appuntamenti che ci aspettano, e la Messa di per s\u00e9 render\u00e0 evidente come la manifestazione e gli eventi ad essa collegati possano essere organizzati e fruiti nella massima sicurezza, se si \u00e8 in grado di adottare quella flessibilit\u00e0 mentale che l\u2019epoca che stiamo vivendo ci impone<\/em>\u201d.<\/p>\n","protected":false},"excerpt":{"rendered":"<p>FELTRE Nonostante il protrarsi nel tempo del periodo di pandemia, nel rispetto del mandato conferito al Direttivo dai Soci, il Palio di Feltre intende promuovere la consueta S. Messa presso il Santuario dei Santi Vittore e Corona, tradizionale inizio dell\u2019anno paliesco. La funzione verr\u00e0 celebrata domenica 9 maggio, alle 10.30, ma sar\u00e0 accessibile solo a&hellip;<\/p>\n","protected":false},"author":4,"featured_media":76193,"comment_status":"closed","ping_status":"open","sticky":false,"template":"","format":"standard","meta":{"_monsterinsights_skip_tracking":false,"_monsterinsights_sitenote_active":false,"_monsterinsights_sitenote_note":"","_monsterinsights_sitenote_category":0,"footnotes":""},"categories":[49],"tags":[],"class_list":["post-207569","post","type-post","status-publish","format-standard","has-post-thumbnail","hentry","category-news-18","category-49","description-off"],"img_url":"https:\/\/www.radiopiu.net\/wordpress\/wp-content\/uploads\/2019\/02\/51757621_786919278332374_4057065011615367168_n.jpg","_links":{"self":[{"href":"https:\/\/www.radiopiu.net\/wordpress\/wp-json\/wp\/v2\/posts\/207569","targetHints":{"allow":["GET"]}}],"collection":[{"href":"https:\/\/www.radiopiu.net\/wordpress\/wp-json\/wp\/v2\/posts"}],"about":[{"href":"https:\/\/www.radiopiu.net\/wordpress\/wp-json\/wp\/v2\/types\/post"}],"author":[{"embeddable":true,"href":"https:\/\/www.radiopiu.net\/wordpress\/wp-json\/wp\/v2\/users\/4"}],"replies":[{"embeddable":true,"href":"https:\/\/www.radiopiu.net\/wordpress\/wp-json\/wp\/v2\/comments?post=207569"}],"version-history":[{"count":0,"href":"https:\/\/www.radiopiu.net\/wordpress\/wp-json\/wp\/v2\/posts\/207569\/revisions"}],"wp:featuredmedia":[{"embeddable":true,"href":"https:\/\/www.radiopiu.net\/wordpress\/wp-json\/wp\/v2\/media\/76193"}],"wp:attachment":[{"href":"https:\/\/www.radiopiu.net\/wordpress\/wp-json\/wp\/v2\/media?parent=207569"}],"wp:term":[{"taxonomy":"category","embeddable":true,"href":"https:\/\/www.radiopiu.net\/wordpress\/wp-json\/wp\/v2\/categories?post=207569"},{"taxonomy":"post_tag","embeddable":true,"href":"https:\/\/www.radiopiu.net\/wordpress\/wp-json\/wp\/v2\/tags?post=207569"}],"curies":[{"name":"wp","href":"https:\/\/api.w.org\/{rel}","templated":true}]}}