{"id":207627,"date":"2021-05-05T05:31:09","date_gmt":"2021-05-05T03:31:09","guid":{"rendered":"https:\/\/www.radiopiu.net\/wordpress\/?p=207627"},"modified":"2021-05-05T05:49:42","modified_gmt":"2021-05-05T03:49:42","slug":"acc-ex-embraco-su-una-cosa-giorgetti-non-sbaglia-ad-inserire-la-retromarcia","status":"publish","type":"post","link":"https:\/\/www.radiopiu.net\/wordpress\/acc-ex-embraco-su-una-cosa-giorgetti-non-sbaglia-ad-inserire-la-retromarcia\/","title":{"rendered":"ACC EX EMBRACO, SU UNA COSA GIORGETTI NON SBAGLIA: AD INSERIRE LA RETROMARCIA"},"content":{"rendered":"<blockquote>\n<h3><\/h3>\n<p><em>l governo si \u00e8 tirato indietro smentendo. La bozza, redatta su carta intestata dello Stato italiano, riporta ci\u00f2 che \u00e8 stato smentito dalla stessa vice ministro Todde, Due frasi tra loro contraddittorie e ora sconfessate dalla stessa Todde.<\/em><\/p>\n<p><a href=\"https:\/\/www.radiopiu.net\/wordpress\/giornale-radiopiu-05-maggio-2021-direttore-mirko-mezzacasa\/a3a1e8ee-caa7-42b7-85d1-8b6e35cbaa20\/\" rel=\"attachment wp-att-207710\"><img loading=\"lazy\" decoding=\"async\" class=\"alignnone wp-image-207710 size-full\" src=\"https:\/\/www.radiopiu.net\/wordpress\/wp-content\/uploads\/2021\/05\/a3a1e8ee-caa7-42b7-85d1-8b6e35cbaa20.jpg\" alt=\"\" width=\"737\" height=\"477\" srcset=\"https:\/\/www.radiopiu.net\/wordpress\/wp-content\/uploads\/2021\/05\/a3a1e8ee-caa7-42b7-85d1-8b6e35cbaa20.jpg 737w, https:\/\/www.radiopiu.net\/wordpress\/wp-content\/uploads\/2021\/05\/a3a1e8ee-caa7-42b7-85d1-8b6e35cbaa20-300x194.jpg 300w\" sizes=\"auto, (max-width: 737px) 100vw, 737px\" \/>\u00a0<\/a><\/p>\n<p>&nbsp;<\/p><\/blockquote>\n<p><strong><img loading=\"lazy\" decoding=\"async\" class=\"alignleft\" src=\"https:\/\/www.radiopiu.net\/wordpress\/wp-content\/uploads\/2020\/03\/SINDACATI-300x300.jpg\" width=\"175\" height=\"175\" \/>BORGO VALBELLUNA<\/strong> Il previsto \u201cemendamento Giorgetti\u201d da presentare all\u2019approvazione del Decreto Sostegni sembrerebbe non pi\u00f9 presente nel testo che sar\u00e0 sottoposto al voto di fiducia oggi alla Camera. Per la triplice (Cgil Fiom, Cisl Fim e Uilm)\u00a0 l\u2019ennesimo passo indietro del Governo rispetto al sostegno del Progetto industriale del polo italiano dei compressori che coinvolgerebbe i 350 dipendenti ACC di Mel (BL) e i 400 lavoratori dell\u2019Ex Embraco di Riva di Chieri (TO). <strong>LA STORIA\u00a0<\/strong> Nell\u2019incontro con la Vice Ministro Todde del 23 aprile scorso la conferma che il Ministro Giorgetti avrebbe presentato l\u2019emendamento per permettere ad Acc di accedere a risorse economiche necessarie per pagare gli stipendi e saldare debiti con i fornitori, con questo intervento legislativo le istituzioni tutte avrebbero trovato una soluzione adeguata a questa problematica. <strong>IL FUTURO<\/strong>\u00a0<em>&#8220;Ci aspettiamo dalla Vice Ministro Todde una immediata convocazione al Mise per avere ragguagli in merito a questo clamoroso dietrofront del Governo&#8221;<\/em>\u00a0 spiegano i rappresentanti sindacali che illustrano l&#8217;ennesimo tentennamento della politica. Tutto ci\u00f2\u00a0 alimenta ulteriormente la tensione tra le 700 famiglie che da pi\u00f9 di due anni si sentono rassicurare dalla politica circa il buon esito del progetto industriale Italcomp. <em>&#8220;In questa drammatica fase pandemica\u00a0 .-concludono le rappresentanze sindacali &#8211; che porta con s\u00e9 forti preoccupazioni sia dal punto di vista della salute che dell\u2019occupazione, riteniamo fondamentale che l\u2019azione politica vada nella direzione del sostegno a progetti industriali che prospettano il mantenimento occupazionale. Il cambio di passo annunciato dal Premier Draghi ad oggi rimane solamente un auspicio.&#8221;<\/em><\/p>\n<p>&nbsp;<\/p>\n<p>&nbsp;<\/p>\n<p>&nbsp;<\/p>\n<hr \/>\n<blockquote>\n<h3><\/h3>\n<h3>DL SOSTEGNI: STEFANO BONA (FIOM CGIL) E IL FUTURO DI ACC A MEL<\/h3>\n<\/blockquote>\n<blockquote><p><em><strong>Alla provincia di Belluno serve di pi\u00f9 una pista da bob o una fabbrica aperta! E quanto coster\u00e0 la realizzazione, si dice 40 milioni di euro, e nulla per il lavoro?<\/strong><\/em><\/p><\/blockquote>\n<p><strong><a href=\"https:\/\/www.radiopiu.net\/wordpress\/acc-consegna-i-compressori-gesto-simbolico-dai-grandi-significati\/download-1114\/\" rel=\"attachment wp-att-197665\"><img loading=\"lazy\" decoding=\"async\" class=\"size-full wp-image-197665 alignleft\" src=\"https:\/\/www.radiopiu.net\/wordpress\/wp-content\/uploads\/2021\/03\/download-2.jpg\" alt=\"\" width=\"300\" height=\"168\" \/><\/a>BORGO VALBELLUNA<\/strong> Dopo le notizie apparse su alcuni quotidiani nazionali in merito a DL Sostegni, Stefano Bona della FIOM CGIL si interroga sul futuro ACC a Mel<\/p>\n<blockquote><p><em>Se, come si legge oggi in alcuni quotidiani nazionali, il ministro dello sviluppo economico Giorgetti non presenter\u00e0 l&#8217;emendamento all&#8217;art. 37 DL Sostegni in conversione al senato tra domani e gioved\u00ec indispensabile per consentire l&#8217;arrivo in tempo utile, entro la fine di maggio, dei finanziamenti per proseguire le produzioni, la nostra reazione sar\u00e0 durissima e la mobilitazione immediata! Il governo, il mise, la Regione Veneto, i nostri ministri, deputati e senatori non credano che consentiremo quello che abbiamo sempre definito un vero omicidio industriale gettando nella disperazione e nella precariet\u00e0 315 lavoratrici e lavoratori e le relative famiglie, \u00e8 mai possibile che si trovino risorse per sostenere, a buona ragione, fino all&#8217;ultimo esercizio commerciale del paese e nulla per una azienda che se sostenuta potrebbe tornare ad essere protagonista nel mercato! Quale soluzione hanno in mente al ministero? La vendita di una azienda chiusa? Che fine hanno fatto i precisi impegni presi dal vice ministro Todde? Il presidente Zaia crede che gli perdoneremo di averci di fatto abbandonati? Sia chiaro fin da subito che se una soluzione non arriver\u00e0 chiederemo conto ad ognuno di loro del fallimento del quale si sono resi responsabili!<\/em><\/p><\/blockquote>\n<p>&nbsp;<\/p>\n<p>&nbsp;<\/p>\n<a href=\"https:\/\/www.radiopiu.net\/wordpress\/wp-content\/uploads\/2021\/05\/UNITARIOAprile.pdf\" class=\"pdfemb-viewer\" style=\"\" data-width=\"max\" data-height=\"max\" data-toolbar=\"top\" data-toolbar-fixed=\"on\">UNITARIOAprile<\/a>\n<p>&nbsp;<\/p>\n","protected":false},"excerpt":{"rendered":"<p>l governo si \u00e8 tirato indietro smentendo. La bozza, redatta su carta intestata dello Stato italiano, riporta ci\u00f2 che \u00e8 stato smentito dalla stessa vice ministro Todde, Due frasi tra loro contraddittorie e ora sconfessate dalla stessa Todde. \u00a0 &nbsp; BORGO VALBELLUNA Il previsto \u201cemendamento Giorgetti\u201d da presentare all\u2019approvazione del Decreto Sostegni sembrerebbe non pi\u00f9&hellip;<\/p>\n","protected":false},"author":4,"featured_media":121809,"comment_status":"closed","ping_status":"open","sticky":false,"template":"","format":"standard","meta":{"_monsterinsights_skip_tracking":false,"_monsterinsights_sitenote_active":false,"_monsterinsights_sitenote_note":"","_monsterinsights_sitenote_category":0,"footnotes":""},"categories":[104,49],"tags":[],"class_list":["post-207627","post","type-post","status-publish","format-standard","has-post-thumbnail","hentry","category-evidenza_3","category-news-18","category-104","category-49","description-off"],"img_url":"https:\/\/www.radiopiu.net\/wordpress\/wp-content\/uploads\/2020\/03\/SINDACATI.jpg","_links":{"self":[{"href":"https:\/\/www.radiopiu.net\/wordpress\/wp-json\/wp\/v2\/posts\/207627","targetHints":{"allow":["GET"]}}],"collection":[{"href":"https:\/\/www.radiopiu.net\/wordpress\/wp-json\/wp\/v2\/posts"}],"about":[{"href":"https:\/\/www.radiopiu.net\/wordpress\/wp-json\/wp\/v2\/types\/post"}],"author":[{"embeddable":true,"href":"https:\/\/www.radiopiu.net\/wordpress\/wp-json\/wp\/v2\/users\/4"}],"replies":[{"embeddable":true,"href":"https:\/\/www.radiopiu.net\/wordpress\/wp-json\/wp\/v2\/comments?post=207627"}],"version-history":[{"count":0,"href":"https:\/\/www.radiopiu.net\/wordpress\/wp-json\/wp\/v2\/posts\/207627\/revisions"}],"wp:featuredmedia":[{"embeddable":true,"href":"https:\/\/www.radiopiu.net\/wordpress\/wp-json\/wp\/v2\/media\/121809"}],"wp:attachment":[{"href":"https:\/\/www.radiopiu.net\/wordpress\/wp-json\/wp\/v2\/media?parent=207627"}],"wp:term":[{"taxonomy":"category","embeddable":true,"href":"https:\/\/www.radiopiu.net\/wordpress\/wp-json\/wp\/v2\/categories?post=207627"},{"taxonomy":"post_tag","embeddable":true,"href":"https:\/\/www.radiopiu.net\/wordpress\/wp-json\/wp\/v2\/tags?post=207627"}],"curies":[{"name":"wp","href":"https:\/\/api.w.org\/{rel}","templated":true}]}}