{"id":207657,"date":"2021-05-04T16:57:15","date_gmt":"2021-05-04T14:57:15","guid":{"rendered":"https:\/\/www.radiopiu.net\/wordpress\/?p=207657"},"modified":"2021-05-05T05:46:32","modified_gmt":"2021-05-05T03:46:32","slug":"annullata-lamichevole-con-la-svizzera-due-giocatori-italiani-positivi-al-covid","status":"publish","type":"post","link":"https:\/\/www.radiopiu.net\/wordpress\/annullata-lamichevole-con-la-svizzera-due-giocatori-italiani-positivi-al-covid\/","title":{"rendered":"ANNULLATA L&#8217;AMICHEVOLE CON LA SVIZZERA. DUE GIOCATORI ITALIANI POSITIVI AL COVID"},"content":{"rendered":"<div class=\"page-title-head hgroup\">\n<blockquote>\n<h3><\/h3>\n<\/blockquote>\n<p class=\"null\"><a href=\"https:\/\/www.radiopiu.net\/wordpress\/giornale-radiopiu-05-maggio-2021-direttore-mirko-mezzacasa\/5d263983-0392-4061-87ef-70dbc5b29235\/\" rel=\"attachment wp-att-207565\"><img loading=\"lazy\" decoding=\"async\" class=\"size-medium wp-image-207565 alignleft\" src=\"https:\/\/www.radiopiu.net\/wordpress\/wp-content\/uploads\/2021\/05\/5d263983-0392-4061-87ef-70dbc5b29235-300x144.jpg\" alt=\"\" width=\"300\" height=\"144\" srcset=\"https:\/\/www.radiopiu.net\/wordpress\/wp-content\/uploads\/2021\/05\/5d263983-0392-4061-87ef-70dbc5b29235-300x144.jpg 300w, https:\/\/www.radiopiu.net\/wordpress\/wp-content\/uploads\/2021\/05\/5d263983-0392-4061-87ef-70dbc5b29235-1024x490.jpg 1024w, https:\/\/www.radiopiu.net\/wordpress\/wp-content\/uploads\/2021\/05\/5d263983-0392-4061-87ef-70dbc5b29235-768x368.jpg 768w, https:\/\/www.radiopiu.net\/wordpress\/wp-content\/uploads\/2021\/05\/5d263983-0392-4061-87ef-70dbc5b29235.jpg 1170w\" sizes=\"auto, (max-width: 300px) 100vw, 300px\" \/><\/a>La partita amichevole Svizzera-Italia in programma ieri sera a Biel-Bienne, \u00e8 stata annullata. La decisione \u00e8 stata presa per motivi precauzionali e di sicurezza in seguito alla positivit\u00e0 al Covid-19 di due giocatori della nazionale azzurra. Entrambi gli atleti hanno immediatamente abbandonato il raduno dell\u2019Italia, e sono state precauzionalmente isolate anche le persone considerate di stretto contatto. La nazionale ha rispettato alla lettera le procedure previste dai protocolli di sicurezza della FISG e della IIHF, sottoponendo tutti i giocatori e tutti i membri dello staff, che dovevano presentarsi al raduno con un test negativo non pi\u00f9 vecchio di 48 ore, ad un test antigenico ogni due giorni, senza contare il tampone rapido da effettuarsi al momento dell\u2019ingresso nella \u201cbolla\u201d del raduno. Nei giorni scorsi, inoltre, tutto il gruppo azzurro si \u00e8 sottoposto a due test PCR svoltisi ad Aosta. La nazionale, ora, proseguir\u00e0 a Bolzano il raduno di preparazione in vista dei Mondiali Top Division di Riga, e continuer\u00e0 a seguire i protocolli di sicurezza Covid-19 come fatto sino ad ora. Sabato 8 e domenica 9 maggio sono in programma altre due amichevoli contro l\u2019Austria al Palaonda di Bolzano.<\/p>\n<\/div>\n<p>&nbsp;<\/p>\n","protected":false},"excerpt":{"rendered":"<p>La partita amichevole Svizzera-Italia in programma ieri sera a Biel-Bienne, \u00e8 stata annullata. La decisione \u00e8 stata presa per motivi precauzionali e di sicurezza in seguito alla positivit\u00e0 al Covid-19 di due giocatori della nazionale azzurra. Entrambi gli atleti hanno immediatamente abbandonato il raduno dell\u2019Italia, e sono state precauzionalmente isolate anche le persone considerate di&hellip;<\/p>\n","protected":false},"author":4,"featured_media":207565,"comment_status":"closed","ping_status":"open","sticky":false,"template":"","format":"standard","meta":{"_monsterinsights_skip_tracking":false,"_monsterinsights_sitenote_active":false,"_monsterinsights_sitenote_note":"","_monsterinsights_sitenote_category":0,"footnotes":""},"categories":[104,49,72],"tags":[],"class_list":["post-207657","post","type-post","status-publish","format-standard","has-post-thumbnail","hentry","category-evidenza_3","category-news-18","category-sport","category-104","category-49","category-72","description-off"],"img_url":"https:\/\/www.radiopiu.net\/wordpress\/wp-content\/uploads\/2021\/05\/5d263983-0392-4061-87ef-70dbc5b29235.jpg","_links":{"self":[{"href":"https:\/\/www.radiopiu.net\/wordpress\/wp-json\/wp\/v2\/posts\/207657","targetHints":{"allow":["GET"]}}],"collection":[{"href":"https:\/\/www.radiopiu.net\/wordpress\/wp-json\/wp\/v2\/posts"}],"about":[{"href":"https:\/\/www.radiopiu.net\/wordpress\/wp-json\/wp\/v2\/types\/post"}],"author":[{"embeddable":true,"href":"https:\/\/www.radiopiu.net\/wordpress\/wp-json\/wp\/v2\/users\/4"}],"replies":[{"embeddable":true,"href":"https:\/\/www.radiopiu.net\/wordpress\/wp-json\/wp\/v2\/comments?post=207657"}],"version-history":[{"count":0,"href":"https:\/\/www.radiopiu.net\/wordpress\/wp-json\/wp\/v2\/posts\/207657\/revisions"}],"wp:featuredmedia":[{"embeddable":true,"href":"https:\/\/www.radiopiu.net\/wordpress\/wp-json\/wp\/v2\/media\/207565"}],"wp:attachment":[{"href":"https:\/\/www.radiopiu.net\/wordpress\/wp-json\/wp\/v2\/media?parent=207657"}],"wp:term":[{"taxonomy":"category","embeddable":true,"href":"https:\/\/www.radiopiu.net\/wordpress\/wp-json\/wp\/v2\/categories?post=207657"},{"taxonomy":"post_tag","embeddable":true,"href":"https:\/\/www.radiopiu.net\/wordpress\/wp-json\/wp\/v2\/tags?post=207657"}],"curies":[{"name":"wp","href":"https:\/\/api.w.org\/{rel}","templated":true}]}}