{"id":207666,"date":"2021-05-04T17:30:00","date_gmt":"2021-05-04T15:30:00","guid":{"rendered":"https:\/\/www.radiopiu.net\/wordpress\/?p=207666"},"modified":"2021-05-05T05:45:42","modified_gmt":"2021-05-05T03:45:42","slug":"40-milioni-per-i-maestri-di-sci","status":"publish","type":"post","link":"https:\/\/www.radiopiu.net\/wordpress\/40-milioni-per-i-maestri-di-sci\/","title":{"rendered":"40 MILIONI PER I MAESTRI DI SCI, LO ASSICURA IL MINISTRO D&#8217;INCA&#8217;"},"content":{"rendered":"<p><strong><a href=\"https:\/\/www.radiopiu.net\/wordpress\/giornale-radiopiu-19-novembre-2018-direttore-mirko-mezzacasa\/scuola-sci-nevegal_maestri\/\" rel=\"attachment wp-att-66817\"><img loading=\"lazy\" decoding=\"async\" class=\"size-medium wp-image-66817 alignleft\" src=\"https:\/\/www.radiopiu.net\/wordpress\/wp-content\/uploads\/2018\/11\/Scuola-sci-Nevegal_maestri-300x200.jpg\" alt=\"\" width=\"300\" height=\"200\" srcset=\"https:\/\/www.radiopiu.net\/wordpress\/wp-content\/uploads\/2018\/11\/Scuola-sci-Nevegal_maestri-300x200.jpg 300w, https:\/\/www.radiopiu.net\/wordpress\/wp-content\/uploads\/2018\/11\/Scuola-sci-Nevegal_maestri-768x511.jpg 768w, https:\/\/www.radiopiu.net\/wordpress\/wp-content\/uploads\/2018\/11\/Scuola-sci-Nevegal_maestri-1024x682.jpg 1024w\" sizes=\"auto, (max-width: 300px) 100vw, 300px\" \/><\/a>ROMA<\/strong>\u00a0 In una nota Federico D\u2019Inc\u00e0, Ministro per i Rapporti con il Parlamento, commenta lo stanziamento riservato ai maestri di sci previsto nel decreto Sostegni.\u00a0<em> \u201cAnche i maestri di sci rientrano tra le professioni che hanno maggiormente sofferto delle restrizioni imposte a causa della pandemia e per questo motivo nel decreto Sostegni il Governo ha voluto dare attenzione a questa categoria. A loro, infatti, \u00e8 riservato uno stanziamento di 40 milioni di euro. Si tratta di una cifra che rientra nei sostegni dedicati al settore della montagna su cui il Governo ha prestato molta attenzione in funzione delle forti limitazioni subite dal turismo invernale nell\u2019ultima stagione. Il lungo lavoro interlocutorio iniziato nei mesi precedenti ha portato all\u2019istituzione di un apposito fondo per la montagna: un risultato possibile grazie all\u2019interesse dei parlamentari del Movimento 5 Stelle e della viceministra al Mef Laura Castelli, che ha seguito la problematica. Personalmente, ho sempre portato all\u2019attenzione del Consiglio dei Ministri le difficolt\u00e0 degli operatori, a partire dal precedente Governo Conte e nello scorso mese di marzo mi sono relazionato anche con il presidente dell\u2019Associazione maestri di sci italiani, Maurizio Bonelli. Ulteriori risorse per il comparto invernale saranno inserite nel prossimo decreto Sostegni. Una volta superata la pandemia e con i nuovi investimenti per le aree interne, la montagna ritrover\u00e0 il suo ruolo da protagonista e potr\u00e0 esprimere tutte le proprie capacit\u00e0\u201d.<\/em><\/p>\n","protected":false},"excerpt":{"rendered":"<p>ROMA\u00a0 In una nota Federico D\u2019Inc\u00e0, Ministro per i Rapporti con il Parlamento, commenta lo stanziamento riservato ai maestri di sci previsto nel decreto Sostegni.\u00a0 \u201cAnche i maestri di sci rientrano tra le professioni che hanno maggiormente sofferto delle restrizioni imposte a causa della pandemia e per questo motivo nel decreto Sostegni il Governo ha&hellip;<\/p>\n","protected":false},"author":4,"featured_media":45275,"comment_status":"closed","ping_status":"open","sticky":false,"template":"","format":"standard","meta":{"_monsterinsights_skip_tracking":false,"_monsterinsights_sitenote_active":false,"_monsterinsights_sitenote_note":"","_monsterinsights_sitenote_category":0,"footnotes":""},"categories":[51,49],"tags":[],"class_list":["post-207666","post","type-post","status-publish","format-standard","has-post-thumbnail","hentry","category-evidenza-top","category-news-18","category-51","category-49","description-off"],"img_url":"https:\/\/www.radiopiu.net\/wordpress\/wp-content\/uploads\/2018\/03\/maestri-gelatieri_piste_zoldo.jpg","_links":{"self":[{"href":"https:\/\/www.radiopiu.net\/wordpress\/wp-json\/wp\/v2\/posts\/207666","targetHints":{"allow":["GET"]}}],"collection":[{"href":"https:\/\/www.radiopiu.net\/wordpress\/wp-json\/wp\/v2\/posts"}],"about":[{"href":"https:\/\/www.radiopiu.net\/wordpress\/wp-json\/wp\/v2\/types\/post"}],"author":[{"embeddable":true,"href":"https:\/\/www.radiopiu.net\/wordpress\/wp-json\/wp\/v2\/users\/4"}],"replies":[{"embeddable":true,"href":"https:\/\/www.radiopiu.net\/wordpress\/wp-json\/wp\/v2\/comments?post=207666"}],"version-history":[{"count":0,"href":"https:\/\/www.radiopiu.net\/wordpress\/wp-json\/wp\/v2\/posts\/207666\/revisions"}],"wp:featuredmedia":[{"embeddable":true,"href":"https:\/\/www.radiopiu.net\/wordpress\/wp-json\/wp\/v2\/media\/45275"}],"wp:attachment":[{"href":"https:\/\/www.radiopiu.net\/wordpress\/wp-json\/wp\/v2\/media?parent=207666"}],"wp:term":[{"taxonomy":"category","embeddable":true,"href":"https:\/\/www.radiopiu.net\/wordpress\/wp-json\/wp\/v2\/categories?post=207666"},{"taxonomy":"post_tag","embeddable":true,"href":"https:\/\/www.radiopiu.net\/wordpress\/wp-json\/wp\/v2\/tags?post=207666"}],"curies":[{"name":"wp","href":"https:\/\/api.w.org\/{rel}","templated":true}]}}