{"id":207797,"date":"2021-05-05T15:21:23","date_gmt":"2021-05-05T13:21:23","guid":{"rendered":"https:\/\/www.radiopiu.net\/wordpress\/?p=207797"},"modified":"2021-05-05T15:21:23","modified_gmt":"2021-05-05T13:21:23","slug":"aperti-posti-prenotabili-per-vaccinazioni-a-conviventi-di-immunodepressi-e-disabili","status":"publish","type":"post","link":"https:\/\/www.radiopiu.net\/wordpress\/aperti-posti-prenotabili-per-vaccinazioni-a-conviventi-di-immunodepressi-e-disabili\/","title":{"rendered":"APERTI POSTI PRENOTABILI PER VACCINAZIONI A CONVIVENTI DI IMMUNODEPRESSI E DISABILI"},"content":{"rendered":"<p><strong><a href=\"https:\/\/www.radiopiu.net\/wordpress\/aperti-posti-prenotabili-per-vaccinazioni-a-conviventi-di-immunodepressi-e-disabili\/conviventi\/\" rel=\"attachment wp-att-207798\"><img loading=\"lazy\" decoding=\"async\" class=\" wp-image-207798 alignleft\" src=\"https:\/\/www.radiopiu.net\/wordpress\/wp-content\/uploads\/2021\/05\/conviventi-300x251.png\" alt=\"\" width=\"267\" height=\"223\" srcset=\"https:\/\/www.radiopiu.net\/wordpress\/wp-content\/uploads\/2021\/05\/conviventi-300x251.png 300w, https:\/\/www.radiopiu.net\/wordpress\/wp-content\/uploads\/2021\/05\/conviventi-768x644.png 768w, https:\/\/www.radiopiu.net\/wordpress\/wp-content\/uploads\/2021\/05\/conviventi.png 940w\" sizes=\"auto, (max-width: 267px) 100vw, 267px\" \/><\/a>BELLUNO <\/strong>L\u2019Ulss Dolomiti ha attivato 500 posti prenotabili dal portale per la vaccinazione anti-Covid dei conviventi di persone immunodepresse gravi (secondo la definizione della nota regionale n. 173607 del 15 aprile 2021) e i conviventi\/caregiver di persone disabili gravi\u00a0 ai sensi della legge 104\/1992 art.3 comma 3. E\u2019 possibile prenotarsi dal portale regionale o dal sito <a href=\"http:\/\/www.aulss1.veneto.it\">www.aulss1.veneto.it<\/a> digitando il proprio codice fiscale e le ultime 6 cifre del numero di tessera sanitaria TEAM e compilando una autocertificazione (disponibile sul sito) da presentare al momento della vaccinazione ai fini di eventuali controlli. Sono prenotabili: 200 posti drive in FELTRE luned\u00ec 10 maggio dalle 14.30 alle 18.00, 50 posti drive in TAI luned\u00ec 10 maggio dalle 17.30 alle 18.30, 200 posti drive in BELLUNO marted\u00ec 11 maggio dalle 10.00 15.00, 50 posti drive in AGORDO marted\u00ec 11 maggio dalle 17.30 alle 18.30.<\/p>\n<p><a href=\"https:\/\/www.radiopiu.net\/wordpress\/wp-content\/uploads\/2021\/05\/autocertificazione-caregiver-1.docx\"><strong>SCARICA QUI L&#8217;AUTOCERTIFICAZIONE CAREGIVER<\/strong><\/a><\/p>\n","protected":false},"excerpt":{"rendered":"<p>BELLUNO L\u2019Ulss Dolomiti ha attivato 500 posti prenotabili dal portale per la vaccinazione anti-Covid dei conviventi di persone immunodepresse gravi (secondo la definizione della nota regionale n. 173607 del 15 aprile 2021) e i conviventi\/caregiver di persone disabili gravi\u00a0 ai sensi della legge 104\/1992 art.3 comma 3. E\u2019 possibile prenotarsi dal portale regionale o dal&hellip;<\/p>\n","protected":false},"author":4,"featured_media":207798,"comment_status":"closed","ping_status":"open","sticky":false,"template":"","format":"standard","meta":{"_monsterinsights_skip_tracking":false,"_monsterinsights_sitenote_active":false,"_monsterinsights_sitenote_note":"","_monsterinsights_sitenote_category":0,"footnotes":""},"categories":[51,49],"tags":[],"class_list":["post-207797","post","type-post","status-publish","format-standard","has-post-thumbnail","hentry","category-evidenza-top","category-news-18","category-51","category-49","description-off"],"img_url":"https:\/\/www.radiopiu.net\/wordpress\/wp-content\/uploads\/2021\/05\/conviventi.png","_links":{"self":[{"href":"https:\/\/www.radiopiu.net\/wordpress\/wp-json\/wp\/v2\/posts\/207797","targetHints":{"allow":["GET"]}}],"collection":[{"href":"https:\/\/www.radiopiu.net\/wordpress\/wp-json\/wp\/v2\/posts"}],"about":[{"href":"https:\/\/www.radiopiu.net\/wordpress\/wp-json\/wp\/v2\/types\/post"}],"author":[{"embeddable":true,"href":"https:\/\/www.radiopiu.net\/wordpress\/wp-json\/wp\/v2\/users\/4"}],"replies":[{"embeddable":true,"href":"https:\/\/www.radiopiu.net\/wordpress\/wp-json\/wp\/v2\/comments?post=207797"}],"version-history":[{"count":0,"href":"https:\/\/www.radiopiu.net\/wordpress\/wp-json\/wp\/v2\/posts\/207797\/revisions"}],"wp:featuredmedia":[{"embeddable":true,"href":"https:\/\/www.radiopiu.net\/wordpress\/wp-json\/wp\/v2\/media\/207798"}],"wp:attachment":[{"href":"https:\/\/www.radiopiu.net\/wordpress\/wp-json\/wp\/v2\/media?parent=207797"}],"wp:term":[{"taxonomy":"category","embeddable":true,"href":"https:\/\/www.radiopiu.net\/wordpress\/wp-json\/wp\/v2\/categories?post=207797"},{"taxonomy":"post_tag","embeddable":true,"href":"https:\/\/www.radiopiu.net\/wordpress\/wp-json\/wp\/v2\/tags?post=207797"}],"curies":[{"name":"wp","href":"https:\/\/api.w.org\/{rel}","templated":true}]}}