{"id":207854,"date":"2021-05-05T18:44:36","date_gmt":"2021-05-05T16:44:36","guid":{"rendered":"https:\/\/www.radiopiu.net\/wordpress\/?p=207854"},"modified":"2021-05-06T06:18:25","modified_gmt":"2021-05-06T04:18:25","slug":"acc-bond-e-de-menech-impegnano-il-ministro-giorgetti","status":"publish","type":"post","link":"https:\/\/www.radiopiu.net\/wordpress\/acc-bond-e-de-menech-impegnano-il-ministro-giorgetti\/","title":{"rendered":"ACC, BOND E DE MENECH IMPEGNANO IL MINISTRO GIORGETTI"},"content":{"rendered":"<p><strong><a href=\"https:\/\/www.radiopiu.net\/wordpress\/il-ritorno-al-lavoro-dei-licenzati-dai-cinesi\/acc-mel\/\" rel=\"attachment wp-att-145345\"><img loading=\"lazy\" decoding=\"async\" class=\"size-medium wp-image-145345 alignleft\" src=\"https:\/\/www.radiopiu.net\/wordpress\/wp-content\/uploads\/2020\/06\/ACC-MEL-300x300.png\" alt=\"\" width=\"300\" height=\"300\" srcset=\"https:\/\/www.radiopiu.net\/wordpress\/wp-content\/uploads\/2020\/06\/ACC-MEL-300x300.png 300w, https:\/\/www.radiopiu.net\/wordpress\/wp-content\/uploads\/2020\/06\/ACC-MEL-150x150.png 150w, https:\/\/www.radiopiu.net\/wordpress\/wp-content\/uploads\/2020\/06\/ACC-MEL-768x768.png 768w, https:\/\/www.radiopiu.net\/wordpress\/wp-content\/uploads\/2020\/06\/ACC-MEL.png 796w\" sizes=\"auto, (max-width: 300px) 100vw, 300px\" \/><\/a>ROMA <\/strong>Il ministro dello Sviluppo Economico, Giancarlo Giorgetti, in risposta al Question Time oggi alla Camera, ha riferito di aver interessato le Regioni Piemonte e Veneto nel tentativo di risolvere la crisi finanziaria delle aziende Embraco e Acc. I presidenti delle due regioni, ha detto Giorgetti, hanno offerto la disponibilit\u00e0 di massima a intervenire attraverso le rispettive societ\u00e0 finanziarie. Il ministro ha poi ricordato che il Mise \u00e8 alla ricerca di un investitore privato che entri nel capitale delle due aziende insieme allo Stato, condizione unica ammessa dall\u2019Unione europea per questo tipo di operazioni. A margine dell\u2019interrogazione il ministro sollecitato dai deputati bellunesi Dario Bond e Roger De Menech sui tempi del prestito ponte si \u00e8 detto fiducioso che almeno una parte del prestito possa essere immediatamente erogato dalle banche non appena il Parlamento avr\u00e0 convertito in legge il decreto Sostegni che prevede questo tipo di misure all\u2019articolo 37. Il ministro ha detto di essere ancora alla ricerca di un partner privato che possa garantire una partecipazione finanziaria all\u2019azienda. \u00c8 una condizione imprescindibile anche per coinvolgere nell\u2019operazione Cassa Depositi e Prestiti come suggeriscono da tempo i deputati bellunesi.<\/p>\n","protected":false},"excerpt":{"rendered":"<p>ROMA Il ministro dello Sviluppo Economico, Giancarlo Giorgetti, in risposta al Question Time oggi alla Camera, ha riferito di aver interessato le Regioni Piemonte e Veneto nel tentativo di risolvere la crisi finanziaria delle aziende Embraco e Acc. I presidenti delle due regioni, ha detto Giorgetti, hanno offerto la disponibilit\u00e0 di massima a intervenire attraverso&hellip;<\/p>\n","protected":false},"author":4,"featured_media":145345,"comment_status":"closed","ping_status":"open","sticky":false,"template":"","format":"standard","meta":{"_monsterinsights_skip_tracking":false,"_monsterinsights_sitenote_active":false,"_monsterinsights_sitenote_note":"","_monsterinsights_sitenote_category":0,"footnotes":""},"categories":[1],"tags":[],"class_list":["post-207854","post","type-post","status-publish","format-standard","has-post-thumbnail","hentry","category-senza-categoria","category-1","description-off"],"img_url":"https:\/\/www.radiopiu.net\/wordpress\/wp-content\/uploads\/2020\/06\/ACC-MEL.png","_links":{"self":[{"href":"https:\/\/www.radiopiu.net\/wordpress\/wp-json\/wp\/v2\/posts\/207854","targetHints":{"allow":["GET"]}}],"collection":[{"href":"https:\/\/www.radiopiu.net\/wordpress\/wp-json\/wp\/v2\/posts"}],"about":[{"href":"https:\/\/www.radiopiu.net\/wordpress\/wp-json\/wp\/v2\/types\/post"}],"author":[{"embeddable":true,"href":"https:\/\/www.radiopiu.net\/wordpress\/wp-json\/wp\/v2\/users\/4"}],"replies":[{"embeddable":true,"href":"https:\/\/www.radiopiu.net\/wordpress\/wp-json\/wp\/v2\/comments?post=207854"}],"version-history":[{"count":0,"href":"https:\/\/www.radiopiu.net\/wordpress\/wp-json\/wp\/v2\/posts\/207854\/revisions"}],"wp:featuredmedia":[{"embeddable":true,"href":"https:\/\/www.radiopiu.net\/wordpress\/wp-json\/wp\/v2\/media\/145345"}],"wp:attachment":[{"href":"https:\/\/www.radiopiu.net\/wordpress\/wp-json\/wp\/v2\/media?parent=207854"}],"wp:term":[{"taxonomy":"category","embeddable":true,"href":"https:\/\/www.radiopiu.net\/wordpress\/wp-json\/wp\/v2\/categories?post=207854"},{"taxonomy":"post_tag","embeddable":true,"href":"https:\/\/www.radiopiu.net\/wordpress\/wp-json\/wp\/v2\/tags?post=207854"}],"curies":[{"name":"wp","href":"https:\/\/api.w.org\/{rel}","templated":true}]}}