{"id":207858,"date":"2021-05-07T06:00:59","date_gmt":"2021-05-07T04:00:59","guid":{"rendered":"https:\/\/www.radiopiu.net\/wordpress\/?p=207858"},"modified":"2021-05-07T09:13:45","modified_gmt":"2021-05-07T07:13:45","slug":"giornale-radiopiu-07-maggio-2021-direttore-mirko-mezzacasa","status":"publish","type":"post","link":"https:\/\/www.radiopiu.net\/wordpress\/giornale-radiopiu-07-maggio-2021-direttore-mirko-mezzacasa\/","title":{"rendered":"GIORNALE RADIOPIU 07 MAGGIO 2021 DIRETTORE MIRKO MEZZACASA"},"content":{"rendered":"<h3><span style=\"color: #0000ff;\">PER<strong>\u00a0RICEVERE QUESTO NOTIZIARIO DIRETTAMENTE SUL TUO CELLULARE ISCRIVITI AL CANALE TELEGRAM\u00a0<\/strong><strong>\u201cRADIO PIU\u00a0 INFORMAZIONE\u201d\u00a0\u00a0<\/strong><\/span><\/h3>\n<p><span style=\"color: #ff0000;\"><strong>IERI AL CENTRO VACCINAZIONE DI TAMONICH AD AGORDO&#8230;. LA VACCINAZIONE CON UN SORRISO &#8230; grazie ai nasi rossi dottor clown<\/strong><\/span><\/p>\n\n\t\t\t<style type='text\/css'>\n\t\t\t\t#gallery-1 {\n\t\t\t\t\tmargin: auto;\n\t\t\t\t}\n\t\t\t\t#gallery-1 .gallery-item {\n\t\t\t\t\tfloat: left;\n\t\t\t\t\tmargin-top: 10px;\n\t\t\t\t\ttext-align: center;\n\t\t\t\t\twidth: 33%;\n\t\t\t\t}\n\t\t\t\t#gallery-1 img {\n\t\t\t\t\tborder: 2px solid #cfcfcf;\n\t\t\t\t}\n\t\t\t\t#gallery-1 .gallery-caption {\n\t\t\t\t\tmargin-left: 0;\n\t\t\t\t}\n\t\t\t\t\/* see gallery_shortcode() in wp-includes\/media.php *\/\n\t\t\t<\/style>\n\t\t<div id='gallery-1' class='dt-gallery-container gallery galleryid-207858 gallery-columns-3 gallery-size-medium'><dl class='gallery-item'>\n\t\t\t\t<dt class='gallery-icon portrait'>\n\t\t\t\t\t<a class=\"rollover rollover-zoom dt-pswp-item\" title=\"fbc493c5-979c-48f2-8e74-4503e6dca603\" data-dt-img-description=\"\" data-large_image_width=\"747\" data-large_image_height=\"1328\"href='https:\/\/www.radiopiu.net\/wordpress\/wp-content\/uploads\/2021\/05\/fbc493c5-979c-48f2-8e74-4503e6dca603.jpg'><img loading=\"lazy\" decoding=\"async\" width=\"169\" height=\"300\" src=\"https:\/\/www.radiopiu.net\/wordpress\/wp-content\/uploads\/2021\/05\/fbc493c5-979c-48f2-8e74-4503e6dca603-169x300.jpg\" class=\"attachment-medium size-medium\" alt=\"\" srcset=\"https:\/\/www.radiopiu.net\/wordpress\/wp-content\/uploads\/2021\/05\/fbc493c5-979c-48f2-8e74-4503e6dca603-169x300.jpg 169w, https:\/\/www.radiopiu.net\/wordpress\/wp-content\/uploads\/2021\/05\/fbc493c5-979c-48f2-8e74-4503e6dca603-576x1024.jpg 576w, https:\/\/www.radiopiu.net\/wordpress\/wp-content\/uploads\/2021\/05\/fbc493c5-979c-48f2-8e74-4503e6dca603.jpg 747w\" sizes=\"auto, (max-width: 169px) 100vw, 169px\" \/><\/a>\n\t\t\t\t<\/dt><\/dl><dl class='gallery-item'>\n\t\t\t\t<dt class='gallery-icon portrait'>\n\t\t\t\t\t<a class=\"rollover rollover-zoom dt-pswp-item\" title=\"90f95836-7cf0-4461-94b5-139baceee2c1\" data-dt-img-description=\"\" data-large_image_width=\"747\" data-large_image_height=\"1328\"href='https:\/\/www.radiopiu.net\/wordpress\/wp-content\/uploads\/2021\/05\/90f95836-7cf0-4461-94b5-139baceee2c1.jpg'><img loading=\"lazy\" decoding=\"async\" width=\"169\" height=\"300\" src=\"https:\/\/www.radiopiu.net\/wordpress\/wp-content\/uploads\/2021\/05\/90f95836-7cf0-4461-94b5-139baceee2c1-169x300.jpg\" class=\"attachment-medium size-medium\" alt=\"\" srcset=\"https:\/\/www.radiopiu.net\/wordpress\/wp-content\/uploads\/2021\/05\/90f95836-7cf0-4461-94b5-139baceee2c1-169x300.jpg 169w, https:\/\/www.radiopiu.net\/wordpress\/wp-content\/uploads\/2021\/05\/90f95836-7cf0-4461-94b5-139baceee2c1-576x1024.jpg 576w, https:\/\/www.radiopiu.net\/wordpress\/wp-content\/uploads\/2021\/05\/90f95836-7cf0-4461-94b5-139baceee2c1.jpg 747w\" sizes=\"auto, (max-width: 169px) 100vw, 169px\" \/><\/a>\n\t\t\t\t<\/dt><\/dl><dl class='gallery-item'>\n\t\t\t\t<dt class='gallery-icon portrait'>\n\t\t\t\t\t<a class=\"rollover rollover-zoom dt-pswp-item\" title=\"dba5901d-1cc5-4af2-88ac-7f4e726ad59b\" data-dt-img-description=\"\" data-large_image_width=\"747\" data-large_image_height=\"1328\"href='https:\/\/www.radiopiu.net\/wordpress\/wp-content\/uploads\/2021\/05\/dba5901d-1cc5-4af2-88ac-7f4e726ad59b.jpg'><img loading=\"lazy\" decoding=\"async\" width=\"169\" height=\"300\" src=\"https:\/\/www.radiopiu.net\/wordpress\/wp-content\/uploads\/2021\/05\/dba5901d-1cc5-4af2-88ac-7f4e726ad59b-169x300.jpg\" class=\"attachment-medium size-medium\" alt=\"\" srcset=\"https:\/\/www.radiopiu.net\/wordpress\/wp-content\/uploads\/2021\/05\/dba5901d-1cc5-4af2-88ac-7f4e726ad59b-169x300.jpg 169w, https:\/\/www.radiopiu.net\/wordpress\/wp-content\/uploads\/2021\/05\/dba5901d-1cc5-4af2-88ac-7f4e726ad59b-576x1024.jpg 576w, https:\/\/www.radiopiu.net\/wordpress\/wp-content\/uploads\/2021\/05\/dba5901d-1cc5-4af2-88ac-7f4e726ad59b.jpg 747w\" sizes=\"auto, (max-width: 169px) 100vw, 169px\" \/><\/a>\n\t\t\t\t<\/dt><\/dl><br style=\"clear: both\" \/>\n\t\t\t<\/div>\n\n<p>&nbsp;<\/p>\n<hr \/>\n<p>&nbsp;<\/p>\n<blockquote>\n<h3>TRASPORTO LEGNAME A CERNADOI &#8211; I VIDEO<\/h3>\n<\/blockquote>\n<p><strong>LIVINALLONGO <\/strong>Giornata di lavori boschivi a Cernadoi, impiegato anche un elicottero per il trasporto legname<\/p>\n<p><strong>I VIDEO<\/strong><\/p>\n<div style=\"width: 848px;\" class=\"wp-video\"><video class=\"wp-video-shortcode\" id=\"video-207858-1\" width=\"848\" height=\"480\" preload=\"metadata\" controls=\"controls\"><source type=\"video\/mp4\" src=\"https:\/\/www.radiopiu.net\/wordpress\/wp-content\/uploads\/2021\/05\/WhatsApp-Video-2021-05-06-at-17.26.25-1.mp4?_=1\" \/><a href=\"https:\/\/www.radiopiu.net\/wordpress\/wp-content\/uploads\/2021\/05\/WhatsApp-Video-2021-05-06-at-17.26.25-1.mp4\">https:\/\/www.radiopiu.net\/wordpress\/wp-content\/uploads\/2021\/05\/WhatsApp-Video-2021-05-06-at-17.26.25-1.mp4<\/a><\/video><\/div>\n<div style=\"width: 848px;\" class=\"wp-video\"><video class=\"wp-video-shortcode\" id=\"video-207858-2\" width=\"848\" height=\"480\" preload=\"metadata\" controls=\"controls\"><source type=\"video\/mp4\" src=\"https:\/\/www.radiopiu.net\/wordpress\/wp-content\/uploads\/2021\/05\/WhatsApp-Video-2021-05-06-at-17.26.25.mp4?_=2\" \/><a href=\"https:\/\/www.radiopiu.net\/wordpress\/wp-content\/uploads\/2021\/05\/WhatsApp-Video-2021-05-06-at-17.26.25.mp4\">https:\/\/www.radiopiu.net\/wordpress\/wp-content\/uploads\/2021\/05\/WhatsApp-Video-2021-05-06-at-17.26.25.mp4<\/a><\/video><\/div>\n<p>&nbsp;<\/p>\n<hr \/>\n<p>&nbsp;<\/p>\n<p align=\"CENTER\"><span style=\"font-family: Arial, Helvetica, sans-serif;\"><b>PUNTI TAMPONE: NUOVI ORARI<\/b><\/span><\/p>\n<p align=\"LEFT\"><span style=\"font-family: Calibri, serif;\"><span style=\"font-size: medium;\"><img loading=\"lazy\" decoding=\"async\" class=\"alignleft\" src=\"https:\/\/www.radiopiu.net\/wordpress\/wp-content\/uploads\/2021\/03\/VACCINO.jpg\" width=\"222\" height=\"125\" \/><\/span><\/span> <b style=\"font-size: medium; font-family: Calibri, serif; color: #000000;\">Drive-in Paludi: <\/b><span style=\"font-size: medium; font-family: Calibri, serif; color: #000000;\">dal luned\u00ec al sabato (festivi esclusi), <\/span><span style=\"font-size: medium; font-family: Calibri, serif; color: #000000;\">dalle 8.30 alle 12.30; <\/span><b style=\"font-size: medium; font-family: Calibri, serif; color: #000000;\">Drive-in Feltre \u2013 loc. Anz\u00f9: <\/b><span style=\"font-size: medium; font-family: Calibri, serif; color: #000000;\">dal luned\u00ec al sabato (festivi esclusi), <\/span><span style=\"font-size: medium; font-family: Calibri, serif; color: #000000;\">dalle 8.30 alle 12.30; <\/span><b style=\"font-size: medium; font-family: Calibri, serif; color: #000000;\">Drive-in Tai di Cadore: <\/b><span style=\"font-size: medium; font-family: Calibri, serif; color: #000000;\">marted\u00ec, gioved\u00ec e sabato (festivi esclusi), <\/span><span style=\"font-size: medium; font-family: Calibri, serif; color: #000000;\">dalle 15.00 alle 17.00;\u00a0 \u00a0<\/span><b style=\"font-size: medium; font-family: Calibri, serif; color: #000000;\">Drive-in Agordo: <\/b><span style=\"font-size: medium; font-family: Calibri, serif; color: #000000;\">luned\u00ec, mercoled\u00ec e venerd\u00ec (festivi esclusi), <\/span><span style=\"font-size: medium; font-family: Calibri, serif; color: #000000;\">dalle 16.00 alle 17.00. <\/span><b style=\"font-size: medium; font-family: Calibri, serif; color: #000000;\">Drive in Belluno (area ospedale San Martino \u2013 vicino ad asilo aziendale) <\/b><span style=\"font-size: medium; font-family: Calibri, serif; color: #000000;\">domenica e festivi dalle 8.30 alle 10.30<\/span><\/p>\n<p>&nbsp;<\/p>\n<p>&nbsp;<\/p>\n<hr \/>\n<p>&nbsp;<\/p>\n<p>&nbsp;<\/p>\n<p><em><a href=\"https:\/\/www.radiopiu.net\/wordpress\/giornale-radiopiu-24-gennaio-2021-direttore-mirko-mezzacasa\/79216601_126817312416448_708980208774483089_n\/\" rel=\"attachment wp-att-186567\"><img loading=\"lazy\" decoding=\"async\" class=\"size-medium wp-image-186567 alignleft\" src=\"https:\/\/www.radiopiu.net\/wordpress\/wp-content\/uploads\/2021\/01\/79216601_126817312416448_708980208774483089_n-300x114.jpg\" sizes=\"auto, (max-width: 300px) 100vw, 300px\" srcset=\"https:\/\/www.radiopiu.net\/wordpress\/wp-content\/uploads\/2021\/01\/79216601_126817312416448_708980208774483089_n-300x114.jpg 300w, https:\/\/www.radiopiu.net\/wordpress\/wp-content\/uploads\/2021\/01\/79216601_126817312416448_708980208774483089_n-768x292.jpg 768w, https:\/\/www.radiopiu.net\/wordpress\/wp-content\/uploads\/2021\/01\/79216601_126817312416448_708980208774483089_n.jpg 820w\" alt=\"\" width=\"300\" height=\"114\" \/><\/a><\/em><\/p>\n<p><em>\u00a0A<\/em><em>PP PER IOS-IPHONE di Nicola Vettorello <\/em><a href=\"https:\/\/apps.apple.com\/it\/app\/radio-pi%C3%B9-emittente-agordina\/id1515939845\">https:\/\/apps.apple.com\/it\/app\/radio-pi%C3%B9-emittente-agordina\/id1515939845<\/a><\/p>\n<p><em>ATTENZIONE: LA NUOVA APP RADIO\u00a0 PER ANDROID di Nicola Vettorello<\/em><\/p>\n<p><a href=\"https:\/\/play.google.com\/store\/apps\/details?id=net.radiopiu.iniko\" target=\"_blank\" rel=\"noopener noreferrer\">https:\/\/play.google.com\/store\/apps\/details?id=net.radiopiu.iniko<\/a><\/p>\n<p>&nbsp;<\/p>\n<p>&nbsp;<\/p>\n<hr \/>\n<p>&nbsp;<\/p>\n<p>&nbsp;<\/p>\n<blockquote>\n<h3><img loading=\"lazy\" decoding=\"async\" class=\"alignleft\" src=\"https:\/\/www.radiopiu.net\/wordpress\/wp-content\/uploads\/2018\/08\/ACQUA.jpeg\" width=\"168\" height=\"101\" \/>ACQUA INQUINATA A CENCENIGHE ZONA LUXOTTICA,<\/h3>\n<\/blockquote>\n<p><span style=\"color: #000000;\">Gestione Servizi Pubblici informa che a CENCENIGHE AGORDINO nelle LOCALITA&#8217; FAE&#8217;, VARE BASSE, LUXOTTICA, FOCH E PRA&#8217; DI MEZZO l&#8217;acqua erogata dall&#8217;acquedotto non \u00e8 potabile e pu\u00f2 essere usata per scopi alimentari SOLO PREVIA bollitura. Previsto il servizio con autobotte.<\/span><\/p>\n<p>&nbsp;<\/p>\n<h3><\/h3>\n<p>&nbsp;<\/p>\n<p>&nbsp;<\/p>\n<hr \/>\n<p>&nbsp;<\/p>\n<div>\n<blockquote>\n<h3 class=\"page-title-head hgroup\">EX PROVINCIALE TAIBON-AGORDO, STRADA CHIUSA FINO AL 31 MAGGIO<\/h3>\n<\/blockquote>\n<p><strong>TAIBON<\/strong>\u00a0Cantiere aperto tra Taibon, Taier e Brugnach sulla strada di campagna, (ex Sp 34): fino al 31 maggio la strada rester\u00e0 chiusa da\u00a0 via Col di Lana (sabati, domeniche e festivi inclusi).<\/p>\n<p>&nbsp;<\/p>\n<p>&nbsp;<\/p>\n<hr \/>\n<\/div>\n<p>&nbsp;<\/p>\n<p><img loading=\"lazy\" decoding=\"async\" class=\"wp-image-198719 alignleft\" src=\"https:\/\/www.radiopiu.net\/wordpress\/wp-content\/uploads\/2021\/03\/d1cefc45-a8f4-432d-b66b-ba03ea140813-300x142.jpg\" sizes=\"auto, (max-width: 188px) 100vw, 188px\" srcset=\"https:\/\/www.radiopiu.net\/wordpress\/wp-content\/uploads\/2021\/03\/d1cefc45-a8f4-432d-b66b-ba03ea140813-300x142.jpg 300w, https:\/\/www.radiopiu.net\/wordpress\/wp-content\/uploads\/2021\/03\/d1cefc45-a8f4-432d-b66b-ba03ea140813-1024x485.jpg 1024w, https:\/\/www.radiopiu.net\/wordpress\/wp-content\/uploads\/2021\/03\/d1cefc45-a8f4-432d-b66b-ba03ea140813-768x364.jpg 768w, https:\/\/www.radiopiu.net\/wordpress\/wp-content\/uploads\/2021\/03\/d1cefc45-a8f4-432d-b66b-ba03ea140813-1536x728.jpg 1536w, https:\/\/www.radiopiu.net\/wordpress\/wp-content\/uploads\/2021\/03\/d1cefc45-a8f4-432d-b66b-ba03ea140813.jpg 1599w\" alt=\"\" width=\"188\" height=\"89\" \/><\/p>\n<p>&nbsp;<\/p>\n<p><b>\u00a0<\/b><strong>PROVINCIALE 10 DI ALANO, LOC. LE SORGENTI<\/strong>\u00a0interruzione totale alla viabilit\u00e0 fino al 19 maggio, dalle 8 alle 12 e dalle 13 alle 18, esclusi sabato e domenica<\/p>\n<p>&nbsp;<\/p>\n<p>&nbsp;<\/p>\n<hr \/>\n<blockquote>\n<h3><\/h3>\n<h3>VENETO IN GIALLO MA CON L&#8217;RT RISALITO A 0,95, SIAMO DI NUOVO AD UN PASSO DALLA ZONA ARANCIONE, L&#8217;ASSESSORE MANUELA LANZARIN <em>&#8220;QUESTO DATO PREOCCUPA&#8221;<\/em><\/h3>\n<\/blockquote>\n<p><strong><a href=\"https:\/\/www.radiopiu.net\/wordpress\/il-veneto-rimane-in-zona-gialla-la-provincia-di-trento-passa-in-arancione\/giallo\/\" rel=\"attachment wp-att-190818\"><img loading=\"lazy\" decoding=\"async\" class=\" wp-image-190818 alignleft\" src=\"https:\/\/www.radiopiu.net\/wordpress\/wp-content\/uploads\/2021\/02\/Giallo-300x200.png\" alt=\"\" width=\"185\" height=\"123\" srcset=\"https:\/\/www.radiopiu.net\/wordpress\/wp-content\/uploads\/2021\/02\/Giallo-300x200.png 300w, https:\/\/www.radiopiu.net\/wordpress\/wp-content\/uploads\/2021\/02\/Giallo-1024x682.png 1024w, https:\/\/www.radiopiu.net\/wordpress\/wp-content\/uploads\/2021\/02\/Giallo-768x512.png 768w, https:\/\/www.radiopiu.net\/wordpress\/wp-content\/uploads\/2021\/02\/Giallo.png 1250w\" sizes=\"auto, (max-width: 185px) 100vw, 185px\" \/><\/a><\/strong><em>Il Veneto \u00e8 in zona GIALLA. Aperti bar e ristoranti ma solo con consumazione all&#8217;aperto, coprifuoco dalle 22 alle 5, scuola in presenza dal 70 al 100%, consentiti gli spostamenti tra regioni gialle ma non tra regione di colore diverso (in questo caso serve un pass per poter accedere alla regione di colore diverso), riaprono cinema, teatri, sale da ballo ma con capienza limitata e solo su prenotazione, ritornano gli sport di squadra e di contatto ma solo all&#8217;aperto e sar\u00e0 vietato l&#8217;uso degli spogliatoi. Sono consentite visite a parenti ed amici per un massimo di 4 persone una volta al giorno.<\/em><\/p>\n<blockquote>\n<h3>NELL&#8217;ULTIMA GIORNATA NESSUN DECESSO COVID IN ULSS 1 DOLOMITI, 19 LE NUOVE POSITIVITA&#8217;<\/h3>\n<\/blockquote>\n<p><strong>BELLUNO <\/strong>Nelle ultime 24 ore non sono stati registrati decessi di pazienti covid positivi. I nuovi positivi in provincia di Belluno sono 19, le persone attualmente positive 437.<\/p>\n<p><strong>Ricoveri\u00a0<\/strong><\/p>\n<p><em>(dato alle ore 17.00 fonte: Azienda Zero)<\/em><\/p>\n<p>Le persone attualmente POSITIVE ricoverate negli ospedali dell\u2019Ulss Dolomiti sono:<\/p>\n<table>\n<tbody>\n<tr>\n<td width=\"217\"><strong>\u00a0<\/strong><\/td>\n<td width=\"217\"><strong>Area NON CRITICA<\/strong><\/td>\n<td width=\"217\"><strong>Terapia Intensiva<\/strong><\/td>\n<\/tr>\n<tr>\n<td width=\"217\"><strong>Ospedale di Belluno <\/strong><\/td>\n<td width=\"217\">11<\/td>\n<td width=\"217\">1<\/td>\n<\/tr>\n<tr>\n<td width=\"217\"><strong>Ospedale di Feltre<\/strong><\/td>\n<td width=\"217\">10<\/td>\n<td width=\"217\">0<\/td>\n<\/tr>\n<\/tbody>\n<\/table>\n<p>&nbsp;<\/p>\n<p>Le persone attualmente POSITIVE ricoverate in Ospedale di Comunit\u00e0 sono:<\/p>\n<table>\n<tbody>\n<tr>\n<td width=\"326\"><strong>\u00a0<\/strong><\/td>\n<td width=\"326\"><strong>pazienti attualmente positivi<\/strong><\/td>\n<\/tr>\n<tr>\n<td width=\"326\"><strong>Ospedale di Comunit\u00e0 di FELTRE<\/strong><\/td>\n<td width=\"326\">7<\/td>\n<\/tr>\n<\/tbody>\n<\/table>\n<p>&nbsp;<\/p>\n<p>&nbsp;<\/p>\n<hr \/>\n<p>&nbsp;<\/p>\n<blockquote>\n<h2>DUE DONNE FERITE A SORRIVA, ENTRAMBE IN PERICOLO DI VITA<\/h2>\n<\/blockquote>\n<p><strong>SOVRAMONTE<\/strong> Un botto secco e sordo alle nove del mattino, facile capire che proveniva dall\u2019interno di un\u2019abitazione sopra Ponte Oltra in prossimit\u00e0 del bivio di Lamon, a Sorriva al civico 158. La causa molto probabilmente una bombola del gas. La deflagrazione \u00e8 stata potente e i residenti sono scesi subito in strada e hanno lanciato l\u2019allarme al 118 che ha\u00a0 allertato l\u2019elisoccorso che ha preso il volo verso Sovramonte. Due le persone coinvolte,\u00a0 li\u2019 residenti, si tratta di\u00a0 Zita Fontana\u00a0 98 anni ricoverata all\u2019ospedale di Feltre e\u00a0 Carmen Szabo\u00a0 54 anni , badante rumena,\u00a0 ricoverata al grandi ustionati di Padova. Le loro condizioni sono preoccupanti a seguito dell\u2019estensione delle ustioni. L\u2019abitazione \u00e8 inagibile, nessun danno ad altre strutture\u00a0 Sul posto vigili del fuoco che hanno spento il principio d\u2019incendio e i Carabinieri di Lamon per le indagini.<\/p>\n\n\t\t\t<style type='text\/css'>\n\t\t\t\t#gallery-2 {\n\t\t\t\t\tmargin: auto;\n\t\t\t\t}\n\t\t\t\t#gallery-2 .gallery-item {\n\t\t\t\t\tfloat: left;\n\t\t\t\t\tmargin-top: 10px;\n\t\t\t\t\ttext-align: center;\n\t\t\t\t\twidth: 33%;\n\t\t\t\t}\n\t\t\t\t#gallery-2 img {\n\t\t\t\t\tborder: 2px solid #cfcfcf;\n\t\t\t\t}\n\t\t\t\t#gallery-2 .gallery-caption {\n\t\t\t\t\tmargin-left: 0;\n\t\t\t\t}\n\t\t\t\t\/* see gallery_shortcode() in wp-includes\/media.php *\/\n\t\t\t<\/style>\n\t\t<div id='gallery-2' class='dt-gallery-container gallery galleryid-207858 gallery-columns-3 gallery-size-thumbnail'><dl class='gallery-item'>\n\t\t\t\t<dt class='gallery-icon landscape'>\n\t\t\t\t\t<a class=\"rollover rollover-zoom dt-pswp-item\" title=\"1d362f0b-50a4-4277-a300-18bbff311b64\" data-dt-img-description=\"\" data-large_image_width=\"720\" data-large_image_height=\"472\"href='https:\/\/www.radiopiu.net\/wordpress\/wp-content\/uploads\/2021\/05\/1d362f0b-50a4-4277-a300-18bbff311b64.jpg'><img loading=\"lazy\" decoding=\"async\" width=\"150\" height=\"150\" src=\"https:\/\/www.radiopiu.net\/wordpress\/wp-content\/uploads\/2021\/05\/1d362f0b-50a4-4277-a300-18bbff311b64-150x150.jpg\" class=\"attachment-thumbnail size-thumbnail\" alt=\"\" \/><\/a>\n\t\t\t\t<\/dt><\/dl><dl class='gallery-item'>\n\t\t\t\t<dt class='gallery-icon landscape'>\n\t\t\t\t\t<a class=\"rollover rollover-zoom dt-pswp-item\" title=\"fb018d6f-75a4-499c-a3c2-b45dd198acdd\" data-dt-img-description=\"\" data-large_image_width=\"720\" data-large_image_height=\"500\"href='https:\/\/www.radiopiu.net\/wordpress\/wp-content\/uploads\/2021\/05\/fb018d6f-75a4-499c-a3c2-b45dd198acdd.jpg'><img loading=\"lazy\" decoding=\"async\" width=\"150\" height=\"150\" src=\"https:\/\/www.radiopiu.net\/wordpress\/wp-content\/uploads\/2021\/05\/fb018d6f-75a4-499c-a3c2-b45dd198acdd-150x150.jpg\" class=\"attachment-thumbnail size-thumbnail\" alt=\"\" \/><\/a>\n\t\t\t\t<\/dt><\/dl><dl class='gallery-item'>\n\t\t\t\t<dt class='gallery-icon portrait'>\n\t\t\t\t\t<a class=\"rollover rollover-zoom dt-pswp-item\" title=\"d527310a-c637-4d6d-9e58-0ff21678f531\" data-dt-img-description=\"\" data-large_image_width=\"720\" data-large_image_height=\"998\"href='https:\/\/www.radiopiu.net\/wordpress\/wp-content\/uploads\/2021\/05\/d527310a-c637-4d6d-9e58-0ff21678f531.jpg'><img loading=\"lazy\" decoding=\"async\" width=\"150\" height=\"150\" src=\"https:\/\/www.radiopiu.net\/wordpress\/wp-content\/uploads\/2021\/05\/d527310a-c637-4d6d-9e58-0ff21678f531-150x150.jpg\" class=\"attachment-thumbnail size-thumbnail\" alt=\"\" \/><\/a>\n\t\t\t\t<\/dt><\/dl><br style=\"clear: both\" \/>\n\t\t\t<\/div>\n\n<p>&nbsp;<\/p>\n<hr \/>\n<p>&nbsp;<\/p>\n<p>&nbsp;<\/p>\n<blockquote>\n<h3>ESCURSIONISTA IN GRAVI CONDIZIONI DOPO ESSERE PRECIPITATO DA UNA ROCCIA<\/h3>\n<\/blockquote>\n<p><strong><a href=\"https:\/\/www.radiopiu.net\/wordpress\/torna-la-festa-del-volontariato-cadorino-sabato-1-settembre\/soccorsoalpino\/\" rel=\"attachment wp-att-59164\"><img loading=\"lazy\" decoding=\"async\" class=\" wp-image-59164 alignleft\" src=\"https:\/\/www.radiopiu.net\/wordpress\/wp-content\/uploads\/2018\/08\/soccorsoalpino-300x300.jpg\" alt=\"\" width=\"230\" height=\"230\" srcset=\"https:\/\/www.radiopiu.net\/wordpress\/wp-content\/uploads\/2018\/08\/soccorsoalpino-300x300.jpg 300w, https:\/\/www.radiopiu.net\/wordpress\/wp-content\/uploads\/2018\/08\/soccorsoalpino-150x150.jpg 150w, https:\/\/www.radiopiu.net\/wordpress\/wp-content\/uploads\/2018\/08\/soccorsoalpino-768x768.jpg 768w, https:\/\/www.radiopiu.net\/wordpress\/wp-content\/uploads\/2018\/08\/soccorsoalpino-1024x1024.jpg 1024w, https:\/\/www.radiopiu.net\/wordpress\/wp-content\/uploads\/2018\/08\/soccorsoalpino.jpg 1200w\" sizes=\"auto, (max-width: 230px) 100vw, 230px\" \/><\/a>CESIOMAGGIORE\u00a0<\/strong>Sono gravi le condizioni di un escursionista precipitato questa mattina per una quindicina di metri da una parete si roccia. L&#8217;uomo, R.V., 62 anni di Casier (TV), che si trovava con altre due persone in un canale a circa 500 metri dal Bivacco Bosc dei Buoi, aveva lasciato il sentiero per andare a verificare non ci fosse nessuno in difficolt\u00e0, dopo aver visto un bastoncino e dei guanti abbandonati. Era per\u00f2 scivolato sulla roccia bagnata, cadendo lungo una paretina e facendosi seriamente male. Scattato l&#8217;allarme, l&#8217;elicottero del Suem di Pieve di Cadore \u00e8 decollato portandosi sul posto in base alle coordinate della posizione ricevute. Una volta individuato il luogo dell&#8217;incidente, con un verricello di 50 metri sono stati sbarcati il tecnico di elisoccorso e l&#8217;equipe medica, che hanno subito prestato le prime cure urgenti all&#8217;infortunato a seguito di un probabile politrauma. Imbarellato, l&#8217;escursionista \u00e8 stato recuperato e trasportato all&#8217;ospedale di Treviso.<\/p>\n<p>&nbsp;<\/p>\n<p>&nbsp;<\/p>\n<hr \/>\n<p>&nbsp;<\/p>\n<p>&nbsp;<\/p>\n<blockquote>\n<h3>UOMO SCOMPARSO&#8230; ERA SUL TRENO<\/h3>\n<p><strong>BELLUNO<\/strong> Manca un uomo dal centro di Cusighe e scattano le ricerche. Si era allontanato in treno verso\u00a0 Venezia. Dopo aver visionato le telecamere di sorveglianza\u00a0 delle ferrovie la persona \u00e8 stata individuata, stava bene ed era salita su un treno.<\/p><\/blockquote>\n<p>&nbsp;<\/p>\n<p>&nbsp;<\/p>\n<hr \/>\n<p>\u200b<\/p>\n<p>&nbsp;<\/p>\n<h3 align=\"CENTER\"><b>SECONDE DOSI VACCINI A mRNA: nuove indicazioni<\/b><\/h3>\n<p><strong>BELLUNO<\/strong> A seguito di circolare ministeriale di ieri gli appuntamenti per le seconde dosi di vaccino a mRNA (Pfizer e Moderna) saranno di regola dati a 42 giorni di distanza dalla prima dose. Le raccomandazioni attuali prevedono che la seconda dose di vaccino Pfizer venga eseguita da 21 a 42 giorni dopo la prima; la seconda dose di vaccino Moderna tra 28 e 42 giorni rispetto alla prima. Alla luce di ci\u00f2, tutti gli appuntamenti gi\u00e0 dati per la seconda dose vengono mantenuti e devono essere rispettati.<\/p>\n<p>&nbsp;<\/p>\n<p>&nbsp;<\/p>\n<hr \/>\n<blockquote>\n<h3><\/h3>\n<h3>LUXOTTICA, FATTURATO IN FORTE CRESCITA, +14% NEL PRIMO TRIMESTRE<\/h3>\n<\/blockquote>\n<p><strong><img loading=\"lazy\" decoding=\"async\" class=\"alignleft\" src=\"https:\/\/www.radiopiu.net\/wordpress\/wp-content\/uploads\/2020\/08\/LUXOTTICA-2020.jpg\" width=\"193\" height=\"145\" \/>AGORDO<\/strong> EssilorLuxottica ha annunciato che i ricavi consolidati del primo trimestre 2021 ammontano a 4.060 milioni di Euro, con un incremento su base annua del 7,3% rispetto al primo trimestre 2020 (+14,3% a cambi costantI). I ricavi consolidati sono cresciuti dell&#8217;1,9%\u00a0 rispetto al primo trimestre del 2019. <em>\u201cEssilorLuxottica ha avuto un ottimo inizio d&#8217;anno. Sebbene la pandemia ci abbia posto sfide sempre pi\u00f9 impegnative le abbiamo affrontate con decisione, raggiungendo un aumento significativo dei ricavi che hanno superato i livelli pre-pandemia e rispondendo al bisogno strutturale di protezione o correzione visiva. Le nostre persone hanno continuato a lavorare con passione e spirito di adattamento, non facendosi scoraggiare dalle avversit\u00e0, per migliorare l\u2019esperienza di acquisto di clienti e consumatori. Nel primo trimestre, abbiamo capitalizzato con successo il recupero negli Stati Uniti e in Cina, facendo <\/em><em>leva sia sui nostri marchi, sia sull&#8217;innovazione di prodotto, sulla distribuzione e sulla digitalizzazione ovunque nel mondo. L\u2019integrazione ha acquisito ulteriore slancio e abbiamo fatto importanti passi avanti in diverse aree di attivit\u00e0, pur continuando a fare nuove acquisizioni. I temi di sostenibilit\u00e0 e responsabilit\u00e0 sociale, e i programmi inclusivi sono rimasti al centro della nostra mission e del nostro modello di business. La posizione in cui ci troviamo oggi ci d\u00e0 maggiore fiducia nella nostra capacit\u00e0 di generare risultati migliori del settore&#8221;<\/em>, hanno detto Francesco Milleri e Paul du Saillant, rispettivamente Amministratore Delegato e Vice Amministratore Delegato di EssilorLuxottica.<\/p>\n<p>&nbsp;<\/p>\n<p><strong>Fatturato superiore ai livelli del 20191 nonostante la pandemia di COVID-19, in crescita del 2% \/\/ <\/strong><strong>Buona performance delle lenti e delle insegne vista \/\/\u00a0 <\/strong><strong>E-commerce in crescita del 61% rispetto al 2019 \/\/\u00a0 <\/strong><strong>Nord America, Cina e Australia guidano la ripresa<\/strong><br \/>\n<strong>Posizione finanziaria e generazione di cassa5 solidi \/\/\u00a0 <\/strong><strong>I ricavi sono aumentati, sia rispetto al primo trimestre 2020 (+14,3%) sia rispetto al 2019 (+1,9%), con un&#8217;accelerazione verso la fine del trimestre \/\/\u00a0 <\/strong><strong>I ricavi del primo trimestre sono migliorati progressivamente anche rispetto alla crescita dell&#8217;1,7%\u00a0 raggiunta nel quarto trimestre del 2020 \/\/ <\/strong><strong>circa il 75% dei ricavi, ha continuato a trainare la performance registrando vendite solide sia di prodotti ottici sia nel retail vista\u00a0\u00a0<\/strong><\/p>\n<p>&nbsp;<\/p>\n<p>&nbsp;<\/p>\n<p>&nbsp;<\/p>\n<hr \/>\n<p>&nbsp;<\/p>\n<p>&nbsp;<\/p>\n<blockquote>\n<h3><span style=\"color: #ff0000;\"><a href=\"https:\/\/www.radiopiu.net\/wordpress\/giornale-radiopiu-11-giugno-2019-direttore-mirko-mezzacasa\/logo-uiltec-21_5_2013\/\" rel=\"attachment wp-att-88027\"><img loading=\"lazy\" decoding=\"async\" class=\"wp-image-88027 alignleft\" src=\"https:\/\/www.radiopiu.net\/wordpress\/wp-content\/uploads\/2019\/06\/logo-UILTEC-21_5_2013.jpg\" alt=\"\" width=\"172\" height=\"109\" \/><\/a>FERIE ESTIVE 2021, CHIARIMENTI SULLA PRENOTAZIONE<\/span><\/h3>\n<\/blockquote>\n<p><strong>AGORDO<\/strong> La Uiltec informa: &#8220;Entro il 9 maggio \u00e8 necessario effettuare la scelta per la terza settimana di ferie. Alcuni non hanno ancora effettuato la prenotazione ritenendo &#8211; sbagliando &#8211; che resti valida la scelta del sondaggio proposto ad aprile. In ogni caso meglio chiarire che la scelta \u00e8 necessaria, oppure verr\u00e0 decisa direttamente dall&#8217;azienda. E&#8217; possibile fare una scelta diversa rispetto a quella indicata nel sondaggio di aprile.<\/p>\n<p>&nbsp;<\/p>\n<p>&nbsp;<\/p>\n<p>&nbsp;<\/p>\n<hr \/>\n<p>&nbsp;<\/p>\n<p>&nbsp;<\/p>\n<p>&nbsp;<\/p>\n<blockquote>\n<h3>DONAZIONE ALL&#8217;OSPEDALE DI AGORDO DA 10 ASSOCIAZIONI DEL CAPOLUOGO DI VALLATA<\/h3>\n<\/blockquote>\n<p><strong><a href=\"https:\/\/www.radiopiu.net\/wordpress\/una-semplice\/a8a8cbd6-9ca3-4f14-9e6a-43069c08cd84\/\" rel=\"attachment wp-att-151434\"><img loading=\"lazy\" decoding=\"async\" class=\" wp-image-151434 alignleft\" src=\"https:\/\/www.radiopiu.net\/wordpress\/wp-content\/uploads\/2020\/07\/a8a8cbd6-9ca3-4f14-9e6a-43069c08cd84-300x225.jpg\" alt=\"\" width=\"257\" height=\"193\" srcset=\"https:\/\/www.radiopiu.net\/wordpress\/wp-content\/uploads\/2020\/07\/a8a8cbd6-9ca3-4f14-9e6a-43069c08cd84-300x225.jpg 300w, https:\/\/www.radiopiu.net\/wordpress\/wp-content\/uploads\/2020\/07\/a8a8cbd6-9ca3-4f14-9e6a-43069c08cd84-768x576.jpg 768w, https:\/\/www.radiopiu.net\/wordpress\/wp-content\/uploads\/2020\/07\/a8a8cbd6-9ca3-4f14-9e6a-43069c08cd84.jpg 960w\" sizes=\"auto, (max-width: 257px) 100vw, 257px\" \/><\/a>AGORDO <\/strong>Una poltrona prelievi con altezza regolabile, un sistema VDC per videoconferenze e una barella per il Pronto Soccorso. Sono queste le attrezzature donate all&#8217;ospedale di Agordo da 10 associazioni del capoluogo di vallata che hanno aderito all&#8217;iniziativa lanciata dal Comitato Palio. Sono stati raccolti pi\u00f9 di 9 mila euro con l&#8217;aiuto delle associazione ma anche dei cittadini di Agordo. Matteo Chissal\u00e8, Presidente del Comitato Palio, ha spiegato per filo e per segno come \u00e8 nata l&#8217;iniziativa e come sono stati impiegati i soldi raccolti.<\/p>\n<audio class=\"wp-audio-shortcode\" id=\"audio-207858-1\" preload=\"none\" style=\"width: 100%;\" controls=\"controls\"><source type=\"audio\/mpeg\" src=\"https:\/\/www.radiopiu.net\/wordpress\/wp-content\/uploads\/2021\/05\/MATTEO-CHISSALE-DONAZIONI-ULSS.mp3?_=1\" \/><a href=\"https:\/\/www.radiopiu.net\/wordpress\/wp-content\/uploads\/2021\/05\/MATTEO-CHISSALE-DONAZIONI-ULSS.mp3\">https:\/\/www.radiopiu.net\/wordpress\/wp-content\/uploads\/2021\/05\/MATTEO-CHISSALE-DONAZIONI-ULSS.mp3<\/a><\/audio>\n<p>&nbsp;<\/p>\n<p>&nbsp;<\/p>\n<p>&nbsp;<\/p>\n<hr \/>\n<p>&nbsp;<\/p>\n<blockquote>\n<h3>TRENO DELLE DOLOMITI: IL PRESIDENTE DELL&#8217;UNIONE MONTANA AGORDINA PENSA DI COINVOLGERE I SINDACI PRIMA DI INVIARE DOCUMENTI IN PROVINCIA<\/h3>\n<\/blockquote>\n<p><strong><a href=\"https:\/\/www.radiopiu.net\/wordpress\/treno-delle-dolomiti-il-presidente-dellunione-montana-agordina-pensa-di-coinvolgere-i-sindaci-prima-di-iviare-documenti-in-provincia\/michele-costa-12\/\" rel=\"attachment wp-att-208023\"><img loading=\"lazy\" decoding=\"async\" class=\" wp-image-208023 alignleft\" src=\"https:\/\/www.radiopiu.net\/wordpress\/wp-content\/uploads\/2021\/05\/MICHELE-COSTA-300x300.png\" alt=\"\" width=\"150\" height=\"150\" srcset=\"https:\/\/www.radiopiu.net\/wordpress\/wp-content\/uploads\/2021\/05\/MICHELE-COSTA-300x300.png 300w, https:\/\/www.radiopiu.net\/wordpress\/wp-content\/uploads\/2021\/05\/MICHELE-COSTA-1024x1024.png 1024w, https:\/\/www.radiopiu.net\/wordpress\/wp-content\/uploads\/2021\/05\/MICHELE-COSTA-150x150.png 150w, https:\/\/www.radiopiu.net\/wordpress\/wp-content\/uploads\/2021\/05\/MICHELE-COSTA-768x768.png 768w, https:\/\/www.radiopiu.net\/wordpress\/wp-content\/uploads\/2021\/05\/MICHELE-COSTA.png 1378w\" sizes=\"auto, (max-width: 150px) 100vw, 150px\" \/><\/a>AGORDO<\/strong><\/p>\n<p>di Gianni Santomaso<\/p>\n<audio class=\"wp-audio-shortcode\" id=\"audio-207858-2\" preload=\"none\" style=\"width: 100%;\" controls=\"controls\"><source type=\"audio\/mpeg\" src=\"https:\/\/www.radiopiu.net\/wordpress\/wp-content\/uploads\/2021\/05\/GIANNI-TRENO-DOLOMITI-MICHELE-COSTA.mp3?_=2\" \/><a href=\"https:\/\/www.radiopiu.net\/wordpress\/wp-content\/uploads\/2021\/05\/GIANNI-TRENO-DOLOMITI-MICHELE-COSTA.mp3\">https:\/\/www.radiopiu.net\/wordpress\/wp-content\/uploads\/2021\/05\/GIANNI-TRENO-DOLOMITI-MICHELE-COSTA.mp3<\/a><\/audio>\n<p>&nbsp;<\/p>\n<p><strong>IL PRESIDENTE DELL&#8217;UNIONE MONTANA AGORDINA MICHELE COSTA<\/strong><\/p>\n<audio class=\"wp-audio-shortcode\" id=\"audio-207858-3\" preload=\"none\" style=\"width: 100%;\" controls=\"controls\"><source type=\"audio\/mpeg\" src=\"https:\/\/www.radiopiu.net\/wordpress\/wp-content\/uploads\/2021\/05\/michele.mp3?_=3\" \/><a href=\"https:\/\/www.radiopiu.net\/wordpress\/wp-content\/uploads\/2021\/05\/michele.mp3\">https:\/\/www.radiopiu.net\/wordpress\/wp-content\/uploads\/2021\/05\/michele.mp3<\/a><\/audio>\n<p>&nbsp;<\/p>\n<p><span style=\"color: #0000ff;\"><strong>\u200bIL TRENO DELLE DOLOMITI PER LA VAL CORDEVOLE<\/strong><\/span><\/p>\n<p><strong><span style=\"color: #ff0000;\">IERI ALLA RADIO\u00a0<\/span><\/strong><\/p>\n<blockquote class=\"wp-embedded-content\" data-secret=\"Mh0mM9HNHF\"><p><a href=\"https:\/\/www.radiopiu.net\/wordpress\/treno-delle-dolomiti-presentato-ai-sindaci\/\">TRENO DELLE DOLOMITI, PRESENTATO AI SINDACI\u00a0<\/a><\/p><\/blockquote>\n<p><iframe loading=\"lazy\" class=\"wp-embedded-content\" sandbox=\"allow-scripts\" security=\"restricted\" style=\"position: absolute; clip: rect(1px, 1px, 1px, 1px);\" title=\"&#8220;TRENO DELLE DOLOMITI, PRESENTATO AI SINDACI\u00a0&#8221; &#8212; Radio Pi\u00f9\" src=\"https:\/\/www.radiopiu.net\/wordpress\/treno-delle-dolomiti-presentato-ai-sindaci\/embed\/#?secret=Mh0mM9HNHF\" data-secret=\"Mh0mM9HNHF\" width=\"600\" height=\"338\" frameborder=\"0\" marginwidth=\"0\" marginheight=\"0\" scrolling=\"no\"><\/iframe><\/p>\n<p>&nbsp;<\/p>\n<p>&nbsp;<\/p>\n<p>&nbsp;<\/p>\n<p>&nbsp;<\/p>\n<hr \/>\n<p>&nbsp;<\/p>\n<blockquote>\n<h3>LA SABBIONAIA DELLA SCUOLA DI RIVAMONTE TRASFORMATA IN LETTIERA PER GATTI<\/h3>\n<\/blockquote>\n<p><strong>RIVAMONTE<\/strong><\/p>\n<p>di Gianni Santomaso<\/p>\n<audio class=\"wp-audio-shortcode\" id=\"audio-207858-4\" preload=\"none\" style=\"width: 100%;\" controls=\"controls\"><source type=\"audio\/mpeg\" src=\"https:\/\/www.radiopiu.net\/wordpress\/wp-content\/uploads\/2021\/05\/GIANNI-PROTESTE-SCUOLE-RIVAMONTE.mp3?_=4\" \/><a href=\"https:\/\/www.radiopiu.net\/wordpress\/wp-content\/uploads\/2021\/05\/GIANNI-PROTESTE-SCUOLE-RIVAMONTE.mp3\">https:\/\/www.radiopiu.net\/wordpress\/wp-content\/uploads\/2021\/05\/GIANNI-PROTESTE-SCUOLE-RIVAMONTE.mp3<\/a><\/audio>\n<p>&nbsp;<\/p>\n\n\t\t\t<style type='text\/css'>\n\t\t\t\t#gallery-3 {\n\t\t\t\t\tmargin: auto;\n\t\t\t\t}\n\t\t\t\t#gallery-3 .gallery-item {\n\t\t\t\t\tfloat: left;\n\t\t\t\t\tmargin-top: 10px;\n\t\t\t\t\ttext-align: center;\n\t\t\t\t\twidth: 33%;\n\t\t\t\t}\n\t\t\t\t#gallery-3 img {\n\t\t\t\t\tborder: 2px solid #cfcfcf;\n\t\t\t\t}\n\t\t\t\t#gallery-3 .gallery-caption {\n\t\t\t\t\tmargin-left: 0;\n\t\t\t\t}\n\t\t\t\t\/* see gallery_shortcode() in wp-includes\/media.php *\/\n\t\t\t<\/style>\n\t\t<div id='gallery-3' class='dt-gallery-container gallery galleryid-207858 gallery-columns-3 gallery-size-medium'><dl class='gallery-item'>\n\t\t\t\t<dt class='gallery-icon landscape'>\n\t\t\t\t\t<a class=\"rollover rollover-zoom dt-pswp-item\" title=\"ade969ea-8bf0-4af1-838d-35212bc91a2a\" data-dt-img-description=\"\" data-large_image_width=\"1600\" data-large_image_height=\"1200\"href='https:\/\/www.radiopiu.net\/wordpress\/wp-content\/uploads\/2021\/05\/ade969ea-8bf0-4af1-838d-35212bc91a2a.jpg'><img loading=\"lazy\" decoding=\"async\" width=\"300\" height=\"225\" src=\"https:\/\/www.radiopiu.net\/wordpress\/wp-content\/uploads\/2021\/05\/ade969ea-8bf0-4af1-838d-35212bc91a2a-300x225.jpg\" class=\"attachment-medium size-medium\" alt=\"\" srcset=\"https:\/\/www.radiopiu.net\/wordpress\/wp-content\/uploads\/2021\/05\/ade969ea-8bf0-4af1-838d-35212bc91a2a-300x225.jpg 300w, https:\/\/www.radiopiu.net\/wordpress\/wp-content\/uploads\/2021\/05\/ade969ea-8bf0-4af1-838d-35212bc91a2a-1024x768.jpg 1024w, https:\/\/www.radiopiu.net\/wordpress\/wp-content\/uploads\/2021\/05\/ade969ea-8bf0-4af1-838d-35212bc91a2a-768x576.jpg 768w, https:\/\/www.radiopiu.net\/wordpress\/wp-content\/uploads\/2021\/05\/ade969ea-8bf0-4af1-838d-35212bc91a2a-1536x1152.jpg 1536w, https:\/\/www.radiopiu.net\/wordpress\/wp-content\/uploads\/2021\/05\/ade969ea-8bf0-4af1-838d-35212bc91a2a.jpg 1600w\" sizes=\"auto, (max-width: 300px) 100vw, 300px\" \/><\/a>\n\t\t\t\t<\/dt><\/dl><dl class='gallery-item'>\n\t\t\t\t<dt class='gallery-icon landscape'>\n\t\t\t\t\t<a class=\"rollover rollover-zoom dt-pswp-item\" title=\"de121854-9f87-432e-b4a6-842a5e2c6116\" data-dt-img-description=\"\" data-large_image_width=\"1600\" data-large_image_height=\"1200\"href='https:\/\/www.radiopiu.net\/wordpress\/wp-content\/uploads\/2021\/05\/de121854-9f87-432e-b4a6-842a5e2c6116.jpg'><img loading=\"lazy\" decoding=\"async\" width=\"300\" height=\"225\" src=\"https:\/\/www.radiopiu.net\/wordpress\/wp-content\/uploads\/2021\/05\/de121854-9f87-432e-b4a6-842a5e2c6116-300x225.jpg\" class=\"attachment-medium size-medium\" alt=\"\" srcset=\"https:\/\/www.radiopiu.net\/wordpress\/wp-content\/uploads\/2021\/05\/de121854-9f87-432e-b4a6-842a5e2c6116-300x225.jpg 300w, https:\/\/www.radiopiu.net\/wordpress\/wp-content\/uploads\/2021\/05\/de121854-9f87-432e-b4a6-842a5e2c6116-1024x768.jpg 1024w, https:\/\/www.radiopiu.net\/wordpress\/wp-content\/uploads\/2021\/05\/de121854-9f87-432e-b4a6-842a5e2c6116-768x576.jpg 768w, https:\/\/www.radiopiu.net\/wordpress\/wp-content\/uploads\/2021\/05\/de121854-9f87-432e-b4a6-842a5e2c6116-1536x1152.jpg 1536w, https:\/\/www.radiopiu.net\/wordpress\/wp-content\/uploads\/2021\/05\/de121854-9f87-432e-b4a6-842a5e2c6116.jpg 1600w\" sizes=\"auto, (max-width: 300px) 100vw, 300px\" \/><\/a>\n\t\t\t\t<\/dt><\/dl><dl class='gallery-item'>\n\t\t\t\t<dt class='gallery-icon landscape'>\n\t\t\t\t\t<a class=\"rollover rollover-zoom dt-pswp-item\" title=\"56c50db9-3beb-4bac-841c-a828b5f8f56b\" data-dt-img-description=\"\" data-large_image_width=\"1600\" data-large_image_height=\"1200\"href='https:\/\/www.radiopiu.net\/wordpress\/wp-content\/uploads\/2021\/05\/56c50db9-3beb-4bac-841c-a828b5f8f56b.jpg'><img loading=\"lazy\" decoding=\"async\" width=\"300\" height=\"225\" src=\"https:\/\/www.radiopiu.net\/wordpress\/wp-content\/uploads\/2021\/05\/56c50db9-3beb-4bac-841c-a828b5f8f56b-300x225.jpg\" class=\"attachment-medium size-medium\" alt=\"\" srcset=\"https:\/\/www.radiopiu.net\/wordpress\/wp-content\/uploads\/2021\/05\/56c50db9-3beb-4bac-841c-a828b5f8f56b-300x225.jpg 300w, https:\/\/www.radiopiu.net\/wordpress\/wp-content\/uploads\/2021\/05\/56c50db9-3beb-4bac-841c-a828b5f8f56b-1024x768.jpg 1024w, https:\/\/www.radiopiu.net\/wordpress\/wp-content\/uploads\/2021\/05\/56c50db9-3beb-4bac-841c-a828b5f8f56b-768x576.jpg 768w, https:\/\/www.radiopiu.net\/wordpress\/wp-content\/uploads\/2021\/05\/56c50db9-3beb-4bac-841c-a828b5f8f56b-1536x1152.jpg 1536w, https:\/\/www.radiopiu.net\/wordpress\/wp-content\/uploads\/2021\/05\/56c50db9-3beb-4bac-841c-a828b5f8f56b.jpg 1600w\" sizes=\"auto, (max-width: 300px) 100vw, 300px\" \/><\/a>\n\t\t\t\t<\/dt><\/dl><br style=\"clear: both\" \/>\n\t\t\t<\/div>\n\n<p>&nbsp;<\/p>\n<hr \/>\n<p>&nbsp;<\/p>\n<p>&nbsp;<\/p>\n<p>&nbsp;<\/p>\n<blockquote>\n<h3>ZERO IN EDUCAZIONE CIVICA, LO SFOGO DEL SINDACO ROBERTO CHISSALE&#8217;<\/h3>\n<\/blockquote>\n<blockquote><p><em>Segnalate i gesti di incivilt\u00e0, gli episodi come questo vanno sanzionati<\/em><\/p><\/blockquote>\n<p><strong>AGORDO<\/strong> Gli ecofurbi o presunti tali sono ritornati in azione. A metterci una pezza un operatore su commissione del Comune di Agordo, il sindaco Roberto Chissal\u00e8 non esita a parlare di &#8220;vergogna&#8221;, i rifiuti sono stati scaricati nei pressi della frequentata passeggiata<\/p>\n<p><strong>il sindaco Roberto Chissal\u00e8<\/strong><\/p>\n<p>&nbsp;<\/p>\n<audio class=\"wp-audio-shortcode\" id=\"audio-207858-5\" preload=\"none\" style=\"width: 100%;\" controls=\"controls\"><source type=\"audio\/mpeg\" src=\"https:\/\/www.radiopiu.net\/wordpress\/wp-content\/uploads\/2021\/05\/chissale.mp3?_=5\" \/><a href=\"https:\/\/www.radiopiu.net\/wordpress\/wp-content\/uploads\/2021\/05\/chissale.mp3\">https:\/\/www.radiopiu.net\/wordpress\/wp-content\/uploads\/2021\/05\/chissale.mp3<\/a><\/audio>\n<p>&nbsp;<\/p>\n\n\t\t\t<style type='text\/css'>\n\t\t\t\t#gallery-4 {\n\t\t\t\t\tmargin: auto;\n\t\t\t\t}\n\t\t\t\t#gallery-4 .gallery-item {\n\t\t\t\t\tfloat: left;\n\t\t\t\t\tmargin-top: 10px;\n\t\t\t\t\ttext-align: center;\n\t\t\t\t\twidth: 50%;\n\t\t\t\t}\n\t\t\t\t#gallery-4 img {\n\t\t\t\t\tborder: 2px solid #cfcfcf;\n\t\t\t\t}\n\t\t\t\t#gallery-4 .gallery-caption {\n\t\t\t\t\tmargin-left: 0;\n\t\t\t\t}\n\t\t\t\t\/* see gallery_shortcode() in wp-includes\/media.php *\/\n\t\t\t<\/style>\n\t\t<div id='gallery-4' class='dt-gallery-container gallery galleryid-207858 gallery-columns-2 gallery-size-medium'><dl class='gallery-item'>\n\t\t\t\t<dt class='gallery-icon portrait'>\n\t\t\t\t\t<a class=\"rollover rollover-zoom dt-pswp-item\" title=\"69f6896d-0356-4a0e-b854-8820426be5f0\" data-dt-img-description=\"\" data-large_image_width=\"899\" data-large_image_height=\"1599\"href='https:\/\/www.radiopiu.net\/wordpress\/wp-content\/uploads\/2021\/05\/69f6896d-0356-4a0e-b854-8820426be5f0.jpg'><img loading=\"lazy\" decoding=\"async\" width=\"169\" height=\"300\" src=\"https:\/\/www.radiopiu.net\/wordpress\/wp-content\/uploads\/2021\/05\/69f6896d-0356-4a0e-b854-8820426be5f0-169x300.jpg\" class=\"attachment-medium size-medium\" alt=\"\" srcset=\"https:\/\/www.radiopiu.net\/wordpress\/wp-content\/uploads\/2021\/05\/69f6896d-0356-4a0e-b854-8820426be5f0-169x300.jpg 169w, https:\/\/www.radiopiu.net\/wordpress\/wp-content\/uploads\/2021\/05\/69f6896d-0356-4a0e-b854-8820426be5f0-576x1024.jpg 576w, https:\/\/www.radiopiu.net\/wordpress\/wp-content\/uploads\/2021\/05\/69f6896d-0356-4a0e-b854-8820426be5f0-768x1366.jpg 768w, https:\/\/www.radiopiu.net\/wordpress\/wp-content\/uploads\/2021\/05\/69f6896d-0356-4a0e-b854-8820426be5f0-864x1536.jpg 864w, https:\/\/www.radiopiu.net\/wordpress\/wp-content\/uploads\/2021\/05\/69f6896d-0356-4a0e-b854-8820426be5f0.jpg 899w\" sizes=\"auto, (max-width: 169px) 100vw, 169px\" \/><\/a>\n\t\t\t\t<\/dt><\/dl><dl class='gallery-item'>\n\t\t\t\t<dt class='gallery-icon portrait'>\n\t\t\t\t\t<a class=\"rollover rollover-zoom dt-pswp-item\" title=\"dee57977-f636-4ea0-b86b-22d61884c4e7\" data-dt-img-description=\"\" data-large_image_width=\"899\" data-large_image_height=\"1599\"href='https:\/\/www.radiopiu.net\/wordpress\/wp-content\/uploads\/2021\/05\/dee57977-f636-4ea0-b86b-22d61884c4e7.jpg'><img loading=\"lazy\" decoding=\"async\" width=\"169\" height=\"300\" src=\"https:\/\/www.radiopiu.net\/wordpress\/wp-content\/uploads\/2021\/05\/dee57977-f636-4ea0-b86b-22d61884c4e7-169x300.jpg\" class=\"attachment-medium size-medium\" alt=\"\" srcset=\"https:\/\/www.radiopiu.net\/wordpress\/wp-content\/uploads\/2021\/05\/dee57977-f636-4ea0-b86b-22d61884c4e7-169x300.jpg 169w, https:\/\/www.radiopiu.net\/wordpress\/wp-content\/uploads\/2021\/05\/dee57977-f636-4ea0-b86b-22d61884c4e7-576x1024.jpg 576w, https:\/\/www.radiopiu.net\/wordpress\/wp-content\/uploads\/2021\/05\/dee57977-f636-4ea0-b86b-22d61884c4e7-768x1366.jpg 768w, https:\/\/www.radiopiu.net\/wordpress\/wp-content\/uploads\/2021\/05\/dee57977-f636-4ea0-b86b-22d61884c4e7-864x1536.jpg 864w, https:\/\/www.radiopiu.net\/wordpress\/wp-content\/uploads\/2021\/05\/dee57977-f636-4ea0-b86b-22d61884c4e7.jpg 899w\" sizes=\"auto, (max-width: 169px) 100vw, 169px\" \/><\/a>\n\t\t\t\t<\/dt><\/dl><br style=\"clear: both\" \/>\n\t\t\t<\/div>\n\n<p>&nbsp;<\/p>\n<p>&nbsp;<\/p>\n<p>&nbsp;<\/p>\n<p>&nbsp;<\/p>\n<hr \/>\n<blockquote>\n<h3><\/h3>\n<p>&nbsp;<\/p>\n<h3>CRISI ACC: LE SIGLE SINDACALI ORGANIZZANO UNA MANIFESTAZIONE A VENEZIA PER MERCOLEDI&#8217; 12 MAGGIO, ORA LA CARTA DRAGHI<\/h3>\n<\/blockquote>\n<p><strong>BELLUNO<\/strong> Con un comunicato unitario, CGIL, CISL e UIL hanno ufficializzato per mercoled\u00ec 12 maggio una manifestazione a Venezia per salvare ACC. La manifestazione avr\u00e0 luogo sotto il palazzo della Regione alle 9:30. I sindacati chiedono a Zaia di essere ricevuti<\/p>\n<p><strong>IL COMUNICATO SINDACALE<\/strong><\/p>\n<a href=\"https:\/\/www.radiopiu.net\/wordpress\/wp-content\/uploads\/2021\/05\/UNITARIVENEZIA.pdf\" class=\"pdfemb-viewer\" style=\"\" data-width=\"max\" data-height=\"max\" data-toolbar=\"top\" data-toolbar-fixed=\"on\">UNITARIVENEZIA<\/a>\n<p>&nbsp;<\/p>\n<p><strong>INTANTO LE SIGLE SINDACALI SCRIVONO A DRAGHI<\/strong><\/p>\n<a href=\"https:\/\/www.radiopiu.net\/wordpress\/wp-content\/uploads\/2021\/05\/Lettera_Draghi.pdf\" class=\"pdfemb-viewer\" style=\"\" data-width=\"max\" data-height=\"max\" data-toolbar=\"top\" data-toolbar-fixed=\"on\">Lettera_Draghi<\/a>\n<p>&nbsp;<\/p>\n<p>&nbsp;<\/p>\n<p>&nbsp;<\/p>\n<hr \/>\n<p>&nbsp;<\/p>\n<p>&nbsp;<\/p>\n<p>&nbsp;<\/p>\n<blockquote>\n<h3>CRISI ACC. APPELLO DI DE CARLO AL MINISTRO D&#8217;INCA<\/h3>\n<\/blockquote>\n<p><strong><a href=\"https:\/\/www.radiopiu.net\/wordpress\/giornale-radiopiu-19-maggio-2020-direttore-mirko-mezzacasa\/luca-de-carlo-8\/\" rel=\"attachment wp-att-138787\"><img loading=\"lazy\" decoding=\"async\" class=\"size-full wp-image-138787 alignleft\" src=\"https:\/\/www.radiopiu.net\/wordpress\/wp-content\/uploads\/2020\/05\/Luca-De-Carlo.jpg\" alt=\"\" width=\"165\" height=\"228\" \/><\/a>ROMA <\/strong><span class=\"s1\">\u201c<em>Il problema di liquidit\u00e0 di ACC \u00e8 oggi, non pu\u00f2 essere ancora dimenticato in un angolo. Le centinaia di lavoratori di questa azienda non possono pagare il prezzo delle beghe e delle diverse visioni dei partiti di maggioranza. Faccio quindi appello al Ministro Federico D&#8217;Inc\u00e0 perch\u00e9 si arrivi al pi\u00f9 presto a una risposta concreta a questa emergenza<\/em>\u201d: cos\u00ec il senatore Luca De Carlo \u00e8 intervenuto oggi in aula durante il dibattito sul Decreto Sostegni. <\/span><span class=\"s1\">Nel mirino di De Carlo, l&#8217;articolo 37 del DL Sostegni, che avrebbe dovuto garantire anche alle aziende in amministrazione controllata la possibilit\u00e0 di usufruire delle risorse stanziate: \u201cAll&#8217;interno del governo, c&#8217;\u00e8 chi vede una soluzione pi\u00f9 privatistica e chi invece punta sulla strategicit\u00e0 di un progetto come quello di Italcomp. Bisogna che si arrivi subito a una soluzione comune e condivisa, qualunque essa sia, perch\u00e9 ad ACC serve liquidit\u00e0 entro la fine del mese di maggio per poter continuare ad esistere\u201d, ha sottolineato De Carlo. \u201c<em>Chiedo quindi al Ministro D&#8217;Inc\u00e0, che ben conosce la situazione di quest&#8217;azienda della nostra terra, di intervenire per non condannare ACC a morte certa e per non lasciare centinaia di famiglie nella disperazione<\/em>\u201d.\u00a0<\/span><\/p>\n<p>\u200b<\/p>\n<p>&nbsp;<\/p>\n<p>&nbsp;<\/p>\n<p>&nbsp;<\/p>\n<hr \/>\n<p>&nbsp;<\/p>\n<p>&nbsp;<\/p>\n<p>&nbsp;<\/p>\n<blockquote>\n<h3>SUPERATE LE 90 MILA DOSI DI VACCINO ANTI-COVID IN PROVINCIA DI BELLUNO<\/h3>\n<\/blockquote>\n<p><strong><a href=\"https:\/\/www.radiopiu.net\/wordpress\/superate-le-90-mila-dosi-di-vaccino-anti-covid-in-provincia-di-belluno\/img-20210506-wa0016\/\" rel=\"attachment wp-att-208034\"><img loading=\"lazy\" decoding=\"async\" class=\"size-medium wp-image-208034 alignleft\" src=\"https:\/\/www.radiopiu.net\/wordpress\/wp-content\/uploads\/2021\/05\/IMG-20210506-WA0016-300x169.jpg\" alt=\"\" width=\"300\" height=\"169\" srcset=\"https:\/\/www.radiopiu.net\/wordpress\/wp-content\/uploads\/2021\/05\/IMG-20210506-WA0016-300x169.jpg 300w, https:\/\/www.radiopiu.net\/wordpress\/wp-content\/uploads\/2021\/05\/IMG-20210506-WA0016-1024x576.jpg 1024w, https:\/\/www.radiopiu.net\/wordpress\/wp-content\/uploads\/2021\/05\/IMG-20210506-WA0016-768x432.jpg 768w, https:\/\/www.radiopiu.net\/wordpress\/wp-content\/uploads\/2021\/05\/IMG-20210506-WA0016-1536x864.jpg 1536w, https:\/\/www.radiopiu.net\/wordpress\/wp-content\/uploads\/2021\/05\/IMG-20210506-WA0016.jpg 1600w\" sizes=\"auto, (max-width: 300px) 100vw, 300px\" \/><\/a>BELLUNO <\/strong>Nel pomeriggio di ieri sono state superate le 90 mila dosi di vaccino anti covid somministrate in Ulss Dolomiti. I cicli completi sono oltre 29.500. Calcolando le persone gi\u00e0 vaccinate con almeno una dose e quelle gi\u00e0 prenotate nei prossimi giorni nei drive in dell\u2019Ulss Dolomiti, \u00e8 stata raggiunta la copertura del 96% degli over 80, dell\u201980% dei 70-79enni e del 57% dei 60-69enni. Inoltre, queste percentuali aumenteranno nei prossimi giorni per le oltre 3 mila vaccinazioni che saranno effettuate dei Medici di Famiglia in diverse sedute collettive nel territorio (grazie alla collaborazione di Comuni e volontariato). Nel portale per le prenotazioni della vaccinazione rimangono disponibili posti prenotabili per over 60, estremamente vulnerabili, disabili, conviventi\/caregiver di immunodepressi e disabili (secondo normativa &#8211; senza limiti di et\u00e0).<\/p>\n<p><strong>LE PROSSIME SEDUTE &#8220;DI GRUPPO&#8221; PER LE VACCINAZIONI<\/strong><\/p>\n<p class=\"gmail-western\" align=\"left\"><span style=\"font-family: Arial, Helvetica, sans-serif;\">DOMANI: <\/span><span style=\"font-family: Arial, Helvetica, sans-serif;\">1^ somministrazione MAP <\/span><span style=\"font-family: Arial, Helvetica, sans-serif;\"><b>Comelico<\/b><\/span><span style=\"font-family: Arial, Helvetica, sans-serif;\"> (S. Stefano di Cadore), <\/span><span style=\"font-family: Arial, Helvetica, sans-serif;\">1^ somministrazione MAP <\/span><span style=\"font-family: Arial, Helvetica, sans-serif;\"><b>Auronzo di Cadore. <\/b><\/span><span style=\"font-family: Arial, Helvetica, sans-serif;\">08\/05\/2021 Sabato: <\/span><span style=\"font-family: Arial, Helvetica, sans-serif;\">1^ somministrazione MAP<b> Alpago, <\/b><\/span><span style=\"font-family: Arial, Helvetica, sans-serif;\">1^ somministrazione\u00a0MAP <b>Borgo Valbelluna. <\/b><\/span><span style=\"font-family: Arial, Helvetica, sans-serif;\">09\/05\/2021 Domenica: <\/span><span style=\"font-family: Arial, Helvetica, sans-serif;\">1^ somministrazione\u00a0MAP <b>Borgo Val Belluna. <\/b><\/span><span style=\"font-family: Arial, Helvetica, sans-serif;\">12\/05\/2021 Mercoled\u00ec: <\/span><span style=\"font-family: Arial, Helvetica, sans-serif;\">1^ somministrazione\u00a0MAP <b>Sedico e Sospirolo, <\/b><\/span><span style=\"font-family: Arial, Helvetica, sans-serif;\">1^ somministrazione\u00a0MAP <b>Alano di\u00a0Piave e Quero Vas<\/b> \u00a0<\/span><\/p>\n<hr \/>\n<blockquote>\n<h3 align=\"left\"><\/h3>\n<h3 align=\"left\"><\/h3>\n<h3 align=\"left\">ANCHE IN RIVA AL LAGO CERCASI MEDICO<\/h3>\n<\/blockquote>\n<p><strong><a href=\"https:\/\/www.radiopiu.net\/wordpress\/elezioni-comunali-2019-alleghe\/alleghe-danilo-de-toni\/\" rel=\"attachment wp-att-86463\"><img loading=\"lazy\" decoding=\"async\" class=\"size-medium wp-image-86463 alignleft\" src=\"https:\/\/www.radiopiu.net\/wordpress\/wp-content\/uploads\/2019\/05\/ALLEGHE-DANILO-DE-TONI-257x300.jpeg\" alt=\"\" width=\"257\" height=\"300\" srcset=\"https:\/\/www.radiopiu.net\/wordpress\/wp-content\/uploads\/2019\/05\/ALLEGHE-DANILO-DE-TONI-257x300.jpeg 257w, https:\/\/www.radiopiu.net\/wordpress\/wp-content\/uploads\/2019\/05\/ALLEGHE-DANILO-DE-TONI-768x895.jpeg 768w, https:\/\/www.radiopiu.net\/wordpress\/wp-content\/uploads\/2019\/05\/ALLEGHE-DANILO-DE-TONI-879x1024.jpeg 879w, https:\/\/www.radiopiu.net\/wordpress\/wp-content\/uploads\/2019\/05\/ALLEGHE-DANILO-DE-TONI.jpeg 1373w\" sizes=\"auto, (max-width: 257px) 100vw, 257px\" \/><\/a>ALLEGHE<\/strong> Vivere in montagna non \u00e8 facile, lontano dalle comodit\u00e0 e dai centri d&#8217;interesse. Anche per questo i professionisti evitano le zone periferiche, poco popolate tipiche delle nostre realt\u00e0. I problemi aumentano giorno per giorno e a questi se ne somma uno con scadenza il 20 giugno quando il medico di base andr\u00e0 in pensione e sar\u00e0 necessario trovare una soluzione anche e soprattutto per le categorie pi\u00f9 fragili. Il problema di Alleghe non riguarda solo il paese rivierasco ma a cascata andr\u00e0 ad interessare tutto il territorio. Il sindaco di Alleghe Danilo De Toni \u00e8 seriamente preoccupato e al momento in ottica 20 giugno non si intravvedono soluzioni concrete. Abbiamo sentito in propositi il primo cittadino: &#8220;<em>Il 20 giugno il dott. Agostino Mascanzoni andr\u00e0 i quiescenza e cesser\u00e0 quindi. l&#8217;attivit\u00e0 di medico di base ad Alleghe. Venuto a conoscenza di ci\u00f2, ancora nel mese di dicembre mi sono attivato scrivendo al direttore generale ulss e ad altri uffici competenti per richiedere un sostituto. Purtroppo mi \u00e8 stato pi\u00f9 volte riferito che non si trovano medici di base e il problema non \u00e8 solo delle nostre zone periferiche ma anche delle citt\u00e0. Auspico venga trovata una soluzione soprattutto pensando alle persone anziane e a quelle che hanno problemi per gli spostamenti&#8221;.\u00a0<\/em><\/p>\n<p>&nbsp;<\/p>\n<p>&nbsp;<\/p>\n<p>&nbsp;<\/p>\n<hr \/>\n<p>&nbsp;<\/p>\n<p>&nbsp;<\/p>\n<blockquote>\n<h3>PROGETTO RI RIFORESTAZIONE CON IL CARPINO PER IL VIALE DEL CIMITERO, LUOGO SIMBOLO DI VAIA<\/h3>\n<\/blockquote>\n<p>&nbsp;<\/p>\n<p><strong><a href=\"https:\/\/www.radiopiu.net\/wordpress\/giornale-radiopiu-07-maggio-2021-direttore-mirko-mezzacasa\/c3c8dea9-e323-4ffe-98ad-ed13ae0d431c\/\" rel=\"attachment wp-att-208112\"><img loading=\"lazy\" decoding=\"async\" class=\" wp-image-208112 alignleft\" src=\"https:\/\/www.radiopiu.net\/wordpress\/wp-content\/uploads\/2021\/05\/c3c8dea9-e323-4ffe-98ad-ed13ae0d431c-300x169.jpg\" alt=\"\" width=\"167\" height=\"94\" srcset=\"https:\/\/www.radiopiu.net\/wordpress\/wp-content\/uploads\/2021\/05\/c3c8dea9-e323-4ffe-98ad-ed13ae0d431c-300x169.jpg 300w, https:\/\/www.radiopiu.net\/wordpress\/wp-content\/uploads\/2021\/05\/c3c8dea9-e323-4ffe-98ad-ed13ae0d431c-1024x576.jpg 1024w, https:\/\/www.radiopiu.net\/wordpress\/wp-content\/uploads\/2021\/05\/c3c8dea9-e323-4ffe-98ad-ed13ae0d431c-768x432.jpg 768w, https:\/\/www.radiopiu.net\/wordpress\/wp-content\/uploads\/2021\/05\/c3c8dea9-e323-4ffe-98ad-ed13ae0d431c-1536x864.jpg 1536w, https:\/\/www.radiopiu.net\/wordpress\/wp-content\/uploads\/2021\/05\/c3c8dea9-e323-4ffe-98ad-ed13ae0d431c.jpg 2048w\" sizes=\"auto, (max-width: 167px) 100vw, 167px\" \/><\/a><\/strong><\/p>\n<p>&nbsp;<\/p>\n<p><strong>FELTRE<\/strong><\/p>\n<p><strong>di Moreno Gioli<\/strong><\/p>\n<p>&nbsp;<\/p>\n<audio class=\"wp-audio-shortcode\" id=\"audio-207858-6\" preload=\"none\" style=\"width: 100%;\" controls=\"controls\"><source type=\"audio\/mpeg\" src=\"https:\/\/www.radiopiu.net\/wordpress\/wp-content\/uploads\/2021\/05\/moreno.mp3?_=6\" \/><a href=\"https:\/\/www.radiopiu.net\/wordpress\/wp-content\/uploads\/2021\/05\/moreno.mp3\">https:\/\/www.radiopiu.net\/wordpress\/wp-content\/uploads\/2021\/05\/moreno.mp3<\/a><\/audio>\n<p>&nbsp;<\/p>\n<p><strong>L&#8217;ASSESSORE VALTER BONA<\/strong><\/p>\n<audio class=\"wp-audio-shortcode\" id=\"audio-207858-7\" preload=\"none\" style=\"width: 100%;\" controls=\"controls\"><source type=\"audio\/mpeg\" src=\"https:\/\/www.radiopiu.net\/wordpress\/wp-content\/uploads\/2021\/05\/Valter-Bonan-viale-del-Cimitero.mp3?_=7\" \/><a href=\"https:\/\/www.radiopiu.net\/wordpress\/wp-content\/uploads\/2021\/05\/Valter-Bonan-viale-del-Cimitero.mp3\">https:\/\/www.radiopiu.net\/wordpress\/wp-content\/uploads\/2021\/05\/Valter-Bonan-viale-del-Cimitero.mp3<\/a><\/audio>\n<p>&nbsp;<\/p>\n<p><strong>MARCO CODEN &#8211; TESAF<\/strong><\/p>\n<audio class=\"wp-audio-shortcode\" id=\"audio-207858-8\" preload=\"none\" style=\"width: 100%;\" controls=\"controls\"><source type=\"audio\/mpeg\" src=\"https:\/\/www.radiopiu.net\/wordpress\/wp-content\/uploads\/2021\/05\/marco-coden-tesaf.mp3?_=8\" \/><a href=\"https:\/\/www.radiopiu.net\/wordpress\/wp-content\/uploads\/2021\/05\/marco-coden-tesaf.mp3\">https:\/\/www.radiopiu.net\/wordpress\/wp-content\/uploads\/2021\/05\/marco-coden-tesaf.mp3<\/a><\/audio>\n<p>&nbsp;<\/p>\n<p>&nbsp;<\/p>\n<hr \/>\n<p>&nbsp;<\/p>\n<p>&nbsp;<\/p>\n<blockquote>\n<h3>25 EURO PER LA POLIZZA ASSICURATIVA ANNUALE PER FURTI, RAPINE, ATTI VANDALICI<\/h3>\n<\/blockquote>\n<p>&nbsp;<\/p>\n<p><strong><img loading=\"lazy\" decoding=\"async\" class=\"alignleft\" src=\"https:\/\/www.radiopiu.net\/wordpress\/wp-content\/uploads\/2020\/02\/chiesa-sedico.jpg\" width=\"245\" height=\"130\" \/>SEDICO<\/strong><\/p>\n<p><strong>di DAMIANO TORMEN<\/strong><\/p>\n<audio class=\"wp-audio-shortcode\" id=\"audio-207858-9\" preload=\"none\" style=\"width: 100%;\" controls=\"controls\"><source type=\"audio\/mpeg\" src=\"https:\/\/www.radiopiu.net\/wordpress\/wp-content\/uploads\/2021\/05\/damiano-progetto.mp3?_=9\" \/><a href=\"https:\/\/www.radiopiu.net\/wordpress\/wp-content\/uploads\/2021\/05\/damiano-progetto.mp3\">https:\/\/www.radiopiu.net\/wordpress\/wp-content\/uploads\/2021\/05\/damiano-progetto.mp3<\/a><\/audio>\n<p>&nbsp;<\/p>\n<p>&nbsp;<\/p>\n<hr \/>\n<p>&nbsp;<\/p>\n<blockquote>\n<h3><\/h3>\n<h3><a href=\"https:\/\/www.radiopiu.net\/wordpress\/giornale-radiopiu-24-giugno-2020-direttore-mirko-mezzacasa\/dsc_0515\/\" rel=\"attachment wp-att-145990\"><img loading=\"lazy\" decoding=\"async\" class=\"wp-image-145990 alignleft\" src=\"https:\/\/www.radiopiu.net\/wordpress\/wp-content\/uploads\/2020\/06\/DSC_0515-300x199.jpg\" alt=\"\" width=\"152\" height=\"101\" srcset=\"https:\/\/www.radiopiu.net\/wordpress\/wp-content\/uploads\/2020\/06\/DSC_0515-300x199.jpg 300w, https:\/\/www.radiopiu.net\/wordpress\/wp-content\/uploads\/2020\/06\/DSC_0515-1024x680.jpg 1024w, https:\/\/www.radiopiu.net\/wordpress\/wp-content\/uploads\/2020\/06\/DSC_0515-768x510.jpg 768w, https:\/\/www.radiopiu.net\/wordpress\/wp-content\/uploads\/2020\/06\/DSC_0515-1536x1020.jpg 1536w, https:\/\/www.radiopiu.net\/wordpress\/wp-content\/uploads\/2020\/06\/DSC_0515-2048x1360.jpg 2048w\" sizes=\"auto, (max-width: 152px) 100vw, 152px\" \/><\/a>BANDO PER 1030 ALLIEVI MARESCIALLI<\/h3>\n<\/blockquote>\n<p><strong>BELLUNO<\/strong> La Guardia di Finanza ha pubblicato il bando per titolo ed esami per l&#8217;ammissione al 93\u00b0 corso per la scuola Ispettori e Sovrintendenti della GDF, 983 allievi marescialli e 47 del contingente mare. La domanda di partecipazione va inviata entro le 12 del 20 maggio a: https:\/\/concorsi.gdf.gov.it. Sul sito internet tutte le informazioni per accedere al bando<\/p>\n<p>&nbsp;<\/p>\n<p>&nbsp;<\/p>\n<p>&nbsp;<\/p>\n<hr \/>\n<blockquote>\n<h2><\/h2>\n<h2><\/h2>\n<h2>DIRETTA: CONFERENZA STAMPA ULSS1 BELLUNO-AGGIORNAMENTO COVID19<\/h2>\n<\/blockquote>\n<p><span style=\"color: #000000;\"><strong>di Moreno Gioli<\/strong><\/span><\/p>\n<audio class=\"wp-audio-shortcode\" id=\"audio-207858-10\" preload=\"none\" style=\"width: 100%;\" controls=\"controls\"><source type=\"audio\/mpeg\" src=\"https:\/\/www.radiopiu.net\/wordpress\/wp-content\/uploads\/2021\/05\/GIOLI-CONFERENZA-ULSS-1.mp3?_=10\" \/><a href=\"https:\/\/www.radiopiu.net\/wordpress\/wp-content\/uploads\/2021\/05\/GIOLI-CONFERENZA-ULSS-1.mp3\">https:\/\/www.radiopiu.net\/wordpress\/wp-content\/uploads\/2021\/05\/GIOLI-CONFERENZA-ULSS-1.mp3<\/a><\/audio>\n<p>&nbsp;<\/p>\n<p><strong>IL DIRETTORE MARIA GRAZIA CARRARO<\/strong> Quadro epidemiolgico sta andando bene con 29 casi di nuovi positivi attualmente positivi nel territorio circa 440, in isolamento sotto i 1000. Incidenza inferiorie al 70%. Riprende l&#8217;attivit\u00e0 programmata, 24 pazienti in area non critica, 6 negli ospedali di comunit\u00e0. Gli ospedali riprendono le attivit\u00e0 ordinarie tenendo conto che ci sono ancora pazienti in ospedale che necessitano di assistenza. Stiamo riattivando le attivit\u00e0 ambulatoriale e programmate. Somministrate 89mila dosi di vaccino, buona copertura over 80, ci manca ancora un 4% di over 80, classe 70-79 con i dati delle prenotazioni da qui al 12 maggio abbiamo coperto l&#8217;80&amp; della popolazione, classe 60-69 con le persone gi\u00e0 prenotate arriviamo al 43% da vaccinare quindi superato il 57%.\u00a0 Continua la collaborazione sul territorio con Comuni, Sindaci, Medici di Medicina Generale e associazioni di volontariato.<br \/>\nLa classe 60-69 abbiamo margine per fare meglio, abbiamo dei posti liberi per cui un appello alle persone dai 60 anni di prenotarsi, ci sono posti liberi anche oggi, almeno una cinquantina di slot utilizzabili. L&#8217;obiettivo coprire pi\u00f9 possibile queste classi di et\u00e0 che ci da maggiore tranquillit\u00e0. Ci sono disponibilit\u00e0 per i conviventi delle persone fragili, disabili e ci sono ancora parecchi posti disponibili (un migliaio per i conviventi) da ieri abbiamo aperto alle prenotazioni dopo le opportune verifiche.<strong> ALLARME COPERTURA VACCINALE SEI MESI <\/strong>In questo momento le comunit\u00e0 scientifiche stanno studiando la copertura della vaccinazione iniziata ai primi di gennaio, da quanto ne so si sta discutendo per capire quale \u00e8 la copertura superiore ai 6 mesi, aspettiamo le loro indicazioni, luglio \u00e8 ancora lontano, siamo concentrati sulle scadenze piu&#8217; imminienti <strong>CATEGORIE OVER 50?<\/strong> Ora non ho indicazioni, abbiamo un bel numero di persone da vaccinare, credo almeno 10mila cittadini oltre i 60 e fino a 79 anni, queste sono le categorie da coprire. <strong>SEDI VACCINAZIONE<\/strong> <strong>FINE SETTIMANA CON I MEDICI DI BASE<\/strong> Sono previste:\u00a0 Comelico,\u00a0 Auronzo,\u00a0 Alpago,\u00a0 Borgo Valbelluna, Sedico, Sospirolo, Alano, Quero, Vas, Cesiomaggiore e San Gregorio. <strong>VISITE NELLE RSA<\/strong> Ci stanno apprezzando per il nostro impegno per facilitare il rientro dei famigliari nelle strutture, alcune hanno gi\u00e0 soluzioni tecniche altre ancora no. La buona stagione avanza quindi ritorneremo ai comparti pi\u00f9 sicuri all&#8217;aperto. Entro fine maggio met\u00e0 giugno tutte le strutture saranno aperte ai famigliari, ma saranno decisioni che prenderanno autonomamente le singole strutture <strong>FARMACIE QUANDO VACCINERANNO?<\/strong> Non abbiamo in questo momento alcuna data.L&#8217;apertura all&#8217;attivit\u00e0 vaccinale dipende dal percorso formativo richiesto dalle linee guida, non \u00e8 possibile definire la data di avvio <strong>QUANTE HANNO ADERITO?<\/strong> Alla prenotazione tutte, sulla vaccinazione non lo so. <strong>VACCINI AL GIORNO QUANTI E QUALE OBIETTIVO?<\/strong> Noi ne stiamo facendo mediamente in base alle forniture che abbiamo, vacciniamo molto nel fine settimana per la maggiore disponibilit\u00e0 anche dei medici. Mediamente su base settimanale arriviamo a fare 1800 dosi al giorno ovviamente correlato alla disponibilit\u00e0 di vaccino<strong>. PERSONALE SANITARIO NON VACCINATO <\/strong>E&#8217; un dato non veritiero. Rientrano in questa categoria (circa 360)\u00a0 le persone gi\u00e0 positive, oppure che non possono ricevere il vaccino per motivi medici, il dato complessivo \u00e8 prevalentemente &#8220;sporcato&#8221; da questo, quindi non tutti rifiutano il vaccino. Abbiamo sempre aperta la possibilit\u00e0 per gli operatori sanitari che rientrano dalla positivit\u00e0 di vaccinarsi. <strong>LETTERE INVIATE QUANTE SONO COMPRESE LE &#8220;SPORCHE&#8221;<\/strong> Sono 360-370 <strong>LETTERE SOSPENSIONE AI NON VACCINATI<\/strong>\u00a0 \u00a0Non ne abbiamo inviato, abbiamo avviato la comunicazione ai dipendenti che rifiutano il vaccino, siamo in attesa delle determinazioni che devono produrre.<\/p>\n<p><strong>VIDEO<\/strong><\/p>\n<p>https:\/\/www.facebook.com\/radiopiu\/videos\/153918010009429<\/p>\n<p>&nbsp;<\/p>\n<p>&nbsp;<\/p>\n<p>&nbsp;<\/p>\n<hr \/>\n<p>&nbsp;<\/p>\n<p><a href=\"https:\/\/www.radiopiu.net\/wordpress\/giornale-radiopiu-07-maggio-2021-direttore-mirko-mezzacasa\/7219a7b8-8c3c-4472-bdcf-b2642541af96\/\" rel=\"attachment wp-att-208075\"><img loading=\"lazy\" decoding=\"async\" class=\"alignnone wp-image-208075 size-large\" src=\"https:\/\/www.radiopiu.net\/wordpress\/wp-content\/uploads\/2021\/05\/7219a7b8-8c3c-4472-bdcf-b2642541af96-1024x771.jpg\" alt=\"\" width=\"1024\" height=\"771\" srcset=\"https:\/\/www.radiopiu.net\/wordpress\/wp-content\/uploads\/2021\/05\/7219a7b8-8c3c-4472-bdcf-b2642541af96-1024x771.jpg 1024w, https:\/\/www.radiopiu.net\/wordpress\/wp-content\/uploads\/2021\/05\/7219a7b8-8c3c-4472-bdcf-b2642541af96-300x226.jpg 300w, https:\/\/www.radiopiu.net\/wordpress\/wp-content\/uploads\/2021\/05\/7219a7b8-8c3c-4472-bdcf-b2642541af96-768x578.jpg 768w, https:\/\/www.radiopiu.net\/wordpress\/wp-content\/uploads\/2021\/05\/7219a7b8-8c3c-4472-bdcf-b2642541af96-1536x1157.jpg 1536w, https:\/\/www.radiopiu.net\/wordpress\/wp-content\/uploads\/2021\/05\/7219a7b8-8c3c-4472-bdcf-b2642541af96.jpg 2048w\" sizes=\"auto, (max-width: 1024px) 100vw, 1024px\" \/><\/a><\/p>\n<p>&nbsp;<\/p>\n<blockquote class=\"wp-embedded-content\" data-secret=\"i9mrjfz7BH\"><p><a href=\"https:\/\/www.radiopiu.net\/wordpress\/aggmag06\/\">CORONAVIRUS: AGGIORNAMENTO NAZIONALE 06 MAGGIO  2021<\/a><\/p><\/blockquote>\n<p><iframe loading=\"lazy\" class=\"wp-embedded-content\" sandbox=\"allow-scripts\" security=\"restricted\" style=\"position: absolute; clip: rect(1px, 1px, 1px, 1px);\" title=\"&#8220;CORONAVIRUS: AGGIORNAMENTO NAZIONALE 06 MAGGIO  2021&#8221; &#8212; Radio Pi\u00f9\" src=\"https:\/\/www.radiopiu.net\/wordpress\/aggmag06\/embed\/#?secret=i9mrjfz7BH\" data-secret=\"i9mrjfz7BH\" width=\"600\" height=\"338\" frameborder=\"0\" marginwidth=\"0\" marginheight=\"0\" scrolling=\"no\"><\/iframe><\/p>\n<p>&nbsp;<\/p>\n<blockquote class=\"wp-embedded-content\" data-secret=\"vNwEePbh7L\"><p><a href=\"https:\/\/www.radiopiu.net\/wordpress\/continuano-a-calare-i-ricoveri-691-nuove-positivita-in-veneto-nelle-ultime-24-ore-11-decessi\/\">CONTINUANO A CALARE I RICOVERI, 691 NUOVE POSITIVITA&#8217; IN VENETO NELLE ULTIME 24 ORE, 11 DECESSI<\/a><\/p><\/blockquote>\n<p><iframe loading=\"lazy\" class=\"wp-embedded-content\" sandbox=\"allow-scripts\" security=\"restricted\" style=\"position: absolute; clip: rect(1px, 1px, 1px, 1px);\" title=\"&#8220;CONTINUANO A CALARE I RICOVERI, 691 NUOVE POSITIVITA&#8217; IN VENETO NELLE ULTIME 24 ORE, 11 DECESSI&#8221; &#8212; Radio Pi\u00f9\" src=\"https:\/\/www.radiopiu.net\/wordpress\/continuano-a-calare-i-ricoveri-691-nuove-positivita-in-veneto-nelle-ultime-24-ore-11-decessi\/embed\/#?secret=vNwEePbh7L\" data-secret=\"vNwEePbh7L\" width=\"600\" height=\"338\" frameborder=\"0\" marginwidth=\"0\" marginheight=\"0\" scrolling=\"no\"><\/iframe><\/p>\n<p>&nbsp;<\/p>\n<blockquote>\n<h3>I GRAFICI DI TIZIANO DE COL<\/h3>\n<\/blockquote>\n\n\t\t\t<style type='text\/css'>\n\t\t\t\t#gallery-5 {\n\t\t\t\t\tmargin: auto;\n\t\t\t\t}\n\t\t\t\t#gallery-5 .gallery-item {\n\t\t\t\t\tfloat: left;\n\t\t\t\t\tmargin-top: 10px;\n\t\t\t\t\ttext-align: center;\n\t\t\t\t\twidth: 20%;\n\t\t\t\t}\n\t\t\t\t#gallery-5 img {\n\t\t\t\t\tborder: 2px solid #cfcfcf;\n\t\t\t\t}\n\t\t\t\t#gallery-5 .gallery-caption {\n\t\t\t\t\tmargin-left: 0;\n\t\t\t\t}\n\t\t\t\t\/* see gallery_shortcode() in wp-includes\/media.php *\/\n\t\t\t<\/style>\n\t\t<div id='gallery-5' class='dt-gallery-container gallery galleryid-207858 gallery-columns-5 gallery-size-medium'><dl class='gallery-item'>\n\t\t\t\t<dt class='gallery-icon landscape'>\n\t\t\t\t\t<a class=\"rollover rollover-zoom dt-pswp-item\" title=\"cfc7884d-2d07-43ef-805d-02ab27f0685d\" data-dt-img-description=\"\" data-large_image_width=\"589\" data-large_image_height=\"350\"href='https:\/\/www.radiopiu.net\/wordpress\/wp-content\/uploads\/2021\/05\/cfc7884d-2d07-43ef-805d-02ab27f0685d.jpg'><img loading=\"lazy\" decoding=\"async\" width=\"300\" height=\"178\" src=\"https:\/\/www.radiopiu.net\/wordpress\/wp-content\/uploads\/2021\/05\/cfc7884d-2d07-43ef-805d-02ab27f0685d-300x178.jpg\" class=\"attachment-medium size-medium\" alt=\"\" srcset=\"https:\/\/www.radiopiu.net\/wordpress\/wp-content\/uploads\/2021\/05\/cfc7884d-2d07-43ef-805d-02ab27f0685d-300x178.jpg 300w, https:\/\/www.radiopiu.net\/wordpress\/wp-content\/uploads\/2021\/05\/cfc7884d-2d07-43ef-805d-02ab27f0685d.jpg 589w\" sizes=\"auto, (max-width: 300px) 100vw, 300px\" \/><\/a>\n\t\t\t\t<\/dt><\/dl><dl class='gallery-item'>\n\t\t\t\t<dt class='gallery-icon landscape'>\n\t\t\t\t\t<a class=\"rollover rollover-zoom dt-pswp-item\" title=\"1f4aca5d-3662-4388-bfd5-ef7b0f7148cc\" data-dt-img-description=\"\" data-large_image_width=\"612\" data-large_image_height=\"354\"href='https:\/\/www.radiopiu.net\/wordpress\/wp-content\/uploads\/2021\/05\/1f4aca5d-3662-4388-bfd5-ef7b0f7148cc.jpg'><img loading=\"lazy\" decoding=\"async\" width=\"300\" height=\"174\" src=\"https:\/\/www.radiopiu.net\/wordpress\/wp-content\/uploads\/2021\/05\/1f4aca5d-3662-4388-bfd5-ef7b0f7148cc-300x174.jpg\" class=\"attachment-medium size-medium\" alt=\"\" srcset=\"https:\/\/www.radiopiu.net\/wordpress\/wp-content\/uploads\/2021\/05\/1f4aca5d-3662-4388-bfd5-ef7b0f7148cc-300x174.jpg 300w, https:\/\/www.radiopiu.net\/wordpress\/wp-content\/uploads\/2021\/05\/1f4aca5d-3662-4388-bfd5-ef7b0f7148cc.jpg 612w\" sizes=\"auto, (max-width: 300px) 100vw, 300px\" \/><\/a>\n\t\t\t\t<\/dt><\/dl><dl class='gallery-item'>\n\t\t\t\t<dt class='gallery-icon landscape'>\n\t\t\t\t\t<a class=\"rollover rollover-zoom dt-pswp-item\" title=\"8ce93025-f86d-4044-b378-30ee9d35f2c6\" data-dt-img-description=\"\" data-large_image_width=\"604\" data-large_image_height=\"352\"href='https:\/\/www.radiopiu.net\/wordpress\/wp-content\/uploads\/2021\/05\/8ce93025-f86d-4044-b378-30ee9d35f2c6.jpg'><img loading=\"lazy\" decoding=\"async\" width=\"300\" height=\"175\" src=\"https:\/\/www.radiopiu.net\/wordpress\/wp-content\/uploads\/2021\/05\/8ce93025-f86d-4044-b378-30ee9d35f2c6-300x175.jpg\" class=\"attachment-medium size-medium\" alt=\"\" srcset=\"https:\/\/www.radiopiu.net\/wordpress\/wp-content\/uploads\/2021\/05\/8ce93025-f86d-4044-b378-30ee9d35f2c6-300x175.jpg 300w, https:\/\/www.radiopiu.net\/wordpress\/wp-content\/uploads\/2021\/05\/8ce93025-f86d-4044-b378-30ee9d35f2c6.jpg 604w\" sizes=\"auto, (max-width: 300px) 100vw, 300px\" \/><\/a>\n\t\t\t\t<\/dt><\/dl><dl class='gallery-item'>\n\t\t\t\t<dt class='gallery-icon landscape'>\n\t\t\t\t\t<a class=\"rollover rollover-zoom dt-pswp-item\" title=\"62841b2a-5811-48b6-b5ee-7d0da4c4d578\" data-dt-img-description=\"\" data-large_image_width=\"608\" data-large_image_height=\"360\"href='https:\/\/www.radiopiu.net\/wordpress\/wp-content\/uploads\/2021\/05\/62841b2a-5811-48b6-b5ee-7d0da4c4d578.jpg'><img loading=\"lazy\" decoding=\"async\" width=\"300\" height=\"178\" src=\"https:\/\/www.radiopiu.net\/wordpress\/wp-content\/uploads\/2021\/05\/62841b2a-5811-48b6-b5ee-7d0da4c4d578-300x178.jpg\" class=\"attachment-medium size-medium\" alt=\"\" srcset=\"https:\/\/www.radiopiu.net\/wordpress\/wp-content\/uploads\/2021\/05\/62841b2a-5811-48b6-b5ee-7d0da4c4d578-300x178.jpg 300w, https:\/\/www.radiopiu.net\/wordpress\/wp-content\/uploads\/2021\/05\/62841b2a-5811-48b6-b5ee-7d0da4c4d578.jpg 608w\" sizes=\"auto, (max-width: 300px) 100vw, 300px\" \/><\/a>\n\t\t\t\t<\/dt><\/dl><dl class='gallery-item'>\n\t\t\t\t<dt class='gallery-icon landscape'>\n\t\t\t\t\t<a class=\"rollover rollover-zoom dt-pswp-item\" title=\"3cb61716-734f-4c44-9724-21b18135b357\" data-dt-img-description=\"\" data-large_image_width=\"604\" data-large_image_height=\"355\"href='https:\/\/www.radiopiu.net\/wordpress\/wp-content\/uploads\/2021\/05\/3cb61716-734f-4c44-9724-21b18135b357.jpg'><img loading=\"lazy\" decoding=\"async\" width=\"300\" height=\"176\" src=\"https:\/\/www.radiopiu.net\/wordpress\/wp-content\/uploads\/2021\/05\/3cb61716-734f-4c44-9724-21b18135b357-300x176.jpg\" class=\"attachment-medium size-medium\" alt=\"\" srcset=\"https:\/\/www.radiopiu.net\/wordpress\/wp-content\/uploads\/2021\/05\/3cb61716-734f-4c44-9724-21b18135b357-300x176.jpg 300w, https:\/\/www.radiopiu.net\/wordpress\/wp-content\/uploads\/2021\/05\/3cb61716-734f-4c44-9724-21b18135b357.jpg 604w\" sizes=\"auto, (max-width: 300px) 100vw, 300px\" \/><\/a>\n\t\t\t\t<\/dt><\/dl><br style=\"clear: both\" \/>\n\t\t\t<\/div>\n\n<p>&nbsp;<\/p>\n<hr \/>\n<p>&nbsp;<\/p>\n<p>&nbsp;<\/p>\n<blockquote>\n<h3>RISALE L&#8217;INDICE RT A 0,95, INCIDENZA (97 SU 100MILA) BEN SOTTO IL LIVELLO DI GUARDIA DA VENEZIA L&#8217;ASSESSORE LANZARIN<\/h3>\n<\/blockquote>\n<blockquote><p><em>Ci sono ancora alcuni giorni per le prenotazioni vaccinali dei sessantenni, poi si partir\u00e0 con i cinquantenni in modo uniforme in tutto il territorio regionale<\/em><\/p><\/blockquote>\n<p>Primi numeri dalla cabina di regia che saranno confermati domani, secondo la Prevenzione RT 0,95 incidenza 97 su 100 mila abitanti (soglia 250) occupazione ospedaliera 15% sia in area critica (delta 40) che in terapia intensiva (30). Preoccupa il dato RT e invita a porre tutte le dovute attenzioni. <strong>SANITARI NON VACCINATI?<\/strong> Non abbiamo ancora il dato <strong>SI APRE alla vaccinazione la fascia 50-59 QUANDO?<\/strong> Abbiamo fatto il punto Ulss per Ulss abbiamo concordato di fare un richiamo ulteriore e poi procederemo con l&#8217;apertura uniforme su tutto il territorio, nei prossimi giorni, mi sembra strano come dite che Venezia abbiamo gi\u00e0 aperto le prenotazioni. <strong>COPRIFUOCO <\/strong>le Regioni hanno chiesto le 23, la riapertura dal 1 giugno dei parchi tematici, la riapertura delle piscine e l&#8217;apertura dei centri commerciali nei fini settimana. <strong>RIAPERTURA RSA<\/strong> Pu\u00f2 accedere alla struttura chi ha fatto la doppia somministrazione di vaccino, chi ha effettuato tampone nelle ultime 24 ore o chi ha gi\u00e0 contratto la malattia. Un passo avanti ora serve un decreto che rimuova le indicazioni precedenti e vengano messe le nuove linee guida approvate ieri. Come poi si muover\u00e0 il Ministero staremo a vedere,\u00a0 serve dunque un provvedimento ministeriale.<\/p>\n<blockquote>\n<h3>IL VIROLOGO, PROFESSOR GIORGIO PALU&#8217;<\/h3>\n<\/blockquote>\n<p>Ho accettato l&#8217;invito di venire a parlare di varianti, tema importante e parler\u00f2 da virologo. Quando si parla di varianti \u00e8 necessario conoscere l&#8217;evolversi del virus, \u00e8 un fenomeno naturale come una costante di ogni virus. Il virus si \u00e8 evoluto dal gennaio 2020, il pipistrello con la zampa di cavallo ha uno dei tanti virus collegati alla Sars, infettano i mammiferi e gli uccelli. I pipistrelli e altri piccoli mammiferi come i ratti sono i serbatoi di questi virus e passano da questi animali attraverso l&#8217;ospite intermedio che \u00e8 l&#8217;uomo. \u00a0A pochi mesi dalla sequenziazione del genoma la societ\u00e0 Moderna aveva gi\u00e0 elaborato il vaccino, \u00e8 il pi\u00f9 grande virus che sta infettando il genere umano. . Gi\u00e0 da Whan all&#8217;Italia il virus si era modificato<\/p>\n<div><\/div>\n<p><a href=\"https:\/\/www.facebook.com\/ReteVeneta\/videos\/316450089833825\">https:\/\/www.facebook.com\/ReteVeneta\/videos\/316450089833825<\/a><\/p>\n<h3><\/h3>\n<hr \/>\n<p>&nbsp;<\/p>\n<p>&nbsp;<\/p>\n<blockquote>\n<h3>ASCOLTO E DIALOGO COME MOTORI DELLA RIPARTENZA. IL PREFETTO DI BELLUNO SAVASTANO AVVIA UNA SERIE DI INCONTRI CON LE CATEGORIE ECONOMICHE<\/h3>\n<\/blockquote>\n<p><strong><a href=\"https:\/\/www.radiopiu.net\/wordpress\/ascolto-e-dialogo-come-motori-della-ripartenza-il-prefetto-di-belluno-savastano-avvia-una-serie-di-incontri-con-le-categorie-economiche\/210506-prefetto-savastano-foto\/\" rel=\"attachment wp-att-207998\"><img loading=\"lazy\" decoding=\"async\" class=\"size-medium wp-image-207998 alignleft\" src=\"https:\/\/www.radiopiu.net\/wordpress\/wp-content\/uploads\/2021\/05\/210506-Prefetto-Savastano-foto-300x225.jpeg\" alt=\"\" width=\"300\" height=\"225\" srcset=\"https:\/\/www.radiopiu.net\/wordpress\/wp-content\/uploads\/2021\/05\/210506-Prefetto-Savastano-foto-300x225.jpeg 300w, https:\/\/www.radiopiu.net\/wordpress\/wp-content\/uploads\/2021\/05\/210506-Prefetto-Savastano-foto-1024x768.jpeg 1024w, https:\/\/www.radiopiu.net\/wordpress\/wp-content\/uploads\/2021\/05\/210506-Prefetto-Savastano-foto-768x576.jpeg 768w, https:\/\/www.radiopiu.net\/wordpress\/wp-content\/uploads\/2021\/05\/210506-Prefetto-Savastano-foto-1536x1152.jpeg 1536w, https:\/\/www.radiopiu.net\/wordpress\/wp-content\/uploads\/2021\/05\/210506-Prefetto-Savastano-foto.jpeg 1600w\" sizes=\"auto, (max-width: 300px) 100vw, 300px\" \/><\/a>BELLUNO <\/strong>\u201c<em>Un tavolo che apriamo oggi e che dovr\u00e0 restare aperto<\/em>\u201d . Cos\u00ec il Prefetto, Mariano Savastano, ha salutato i rappresentanti di Confcommercio, Confartigianato, Appia \u2013 CNA e Casartigiani, riuniti a Palazzo dei Rettori per il primo di una serie di incontri con i rappresentanti delle categorie economiche. L\u2019iniziativa intende confermare la volont\u00e0 della Prefettura di creare un rapporto stretto e collaborativo con il sistema imprenditoriale bellunese, specie in questo momento caratterizzato dalle difficolt\u00e0 legate all\u2019emergenza pandemica. Da parte loro, i rappresentanti delle Associazioni oggi presenti hanno messo sul tavolo una serie di temi il cui approfondimento viene ritenuto fondamentale: dall\u2019analisi della viabilit\u00e0 e dei lavori, alla \u201croad map\u201d verso le Olimpiadi, i singoli temi legati alla gestione dell\u2019emergenza epidemiologica che tocca i vari campi del commercio, del turismo, dell\u2019artigianato e delle attivit\u00e0 produttive in genere. Forte, infine, l\u2019invito del Prefetto, pienamente condiviso e accolto dai rappresentanti al tavolo, ad un\u2019ancor pi\u00f9 intensa collaborazione con le Forze dell\u2019Ordine per garantire il rispetto delle disposizioni per il contenimento del contagio nonch\u00e9 per la prevenzione di eventuali infiltrazioni di sistemi illegali nella rete imprenditoriale provinciale.<\/p>\n<p>&nbsp;<\/p>\n<p>&nbsp;<\/p>\n<hr \/>\n<blockquote>\n<h3 align=\"left\"><span style=\"color: #000000; font-family: Helvetica;\"><a href=\"https:\/\/www.radiopiu.net\/wordpress\/giornale-radiopiu-07-maggio-2021-direttore-mirko-mezzacasa\/todorov-hristo\/\" rel=\"attachment wp-att-207962\"><img loading=\"lazy\" decoding=\"async\" class=\"wp-image-207962 alignleft\" src=\"https:\/\/www.radiopiu.net\/wordpress\/wp-content\/uploads\/2021\/05\/Todorov-Hristo-300x225.jpg\" alt=\"\" width=\"139\" height=\"104\" srcset=\"https:\/\/www.radiopiu.net\/wordpress\/wp-content\/uploads\/2021\/05\/Todorov-Hristo-300x225.jpg 300w, https:\/\/www.radiopiu.net\/wordpress\/wp-content\/uploads\/2021\/05\/Todorov-Hristo-1024x768.jpg 1024w, https:\/\/www.radiopiu.net\/wordpress\/wp-content\/uploads\/2021\/05\/Todorov-Hristo-768x576.jpg 768w, https:\/\/www.radiopiu.net\/wordpress\/wp-content\/uploads\/2021\/05\/Todorov-Hristo-1536x1152.jpg 1536w, https:\/\/www.radiopiu.net\/wordpress\/wp-content\/uploads\/2021\/05\/Todorov-Hristo-2048x1536.jpg 2048w\" sizes=\"auto, (max-width: 139px) 100vw, 139px\" \/><\/a>ANOLF BELLUNO TREVISO, TODOROV IL NUOVO PRESIDENTE<\/span><\/h3>\n<\/blockquote>\n<div align=\"left\"><\/div>\n<div align=\"left\"><span style=\"color: #000000; font-family: Helvetica;\"><strong>BELLUNO-TREVISO<\/strong>\u00a0 <\/span><span style=\"color: #000000; font-family: Helvetica;\">Hristo Todorov \u00e8 il nuovo presidente di Anolf Belluno Treviso, l\u2019associazione di volontariato promossa dalla Cisl avente tra i suoi obiettivi l\u2019integrazione e la crescita della fratellanza tra i popoli nello spirito della Costituzione italiana. Confermato alla vicepresidenza Besnik Shukaj, operatore dell\u2019Ufficio Vertenze della Cisl territoriale. <\/span><\/div>\n<p>&nbsp;<\/p>\n<p>&nbsp;<\/p>\n<hr \/>\n<p>&nbsp;<\/p>\n<p>&nbsp;<\/p>\n<blockquote>\n<h3>VISITE IN CASA DI RIPOSO, IL PLAUSO DEI PENSIONATI CISL<\/h3>\n<\/blockquote>\n<p><strong><a href=\"https:\/\/www.radiopiu.net\/wordpress\/il-coronavirus-non-risparmia-la-casa-di-soggiorno-di-taibon-un-paziente-in-ospedale-e-4-membri-dello-staff-in-isolamento\/anziani-2\/\" rel=\"attachment wp-att-127296\"><img loading=\"lazy\" decoding=\"async\" class=\" wp-image-127296 alignleft\" src=\"https:\/\/www.radiopiu.net\/wordpress\/wp-content\/uploads\/2020\/04\/ANZIANI-300x210.jpg\" alt=\"\" width=\"254\" height=\"178\" srcset=\"https:\/\/www.radiopiu.net\/wordpress\/wp-content\/uploads\/2020\/04\/ANZIANI-300x210.jpg 300w, https:\/\/www.radiopiu.net\/wordpress\/wp-content\/uploads\/2020\/04\/ANZIANI.jpg 485w\" sizes=\"auto, (max-width: 254px) 100vw, 254px\" \/><\/a>BELLUNO <\/strong>Una data precisa ancora non c\u2019\u00e8, ma con certezza nel mese di maggio gli anziani che vivono nelle case di riposo potranno riabbracciare i loro cari. La Conferenza delle Regioni mercoled\u00ec ha approvato le linee-guida per la riapertura delle visite in casa di riposo e ora si attende il provvedimento ministeriale che andr\u00e0 a normare a livello giuridico la riapertura. \u201c<em>Ci auguriamo che il provvedimento arrivi in tempi brevissimi &#8211; afferma il segretario generale della Cisl Fnp Belluno Treviso Franco Marcuzzo -. Gli anziani residenti delle Rsa hanno pagato un prezzo altissimo con i contagi e i morti dei mesi passati, ma anche, ancora oggi, per gli effetti della mancanza di relazioni con i propri cari. La solitudine affettiva \u00e8 un male che affligge gli anziani pi\u00f9 degli altri, perch\u00e9 crea sconforto e li demoralizza, con il rischio che si lascino andare<\/em>\u201d.<\/p>\n<p>&nbsp;<\/p>\n<p>&nbsp;<\/p>\n<hr \/>\n<p>&nbsp;<\/p>\n<p>&nbsp;<\/p>\n<blockquote>\n<h3>CINQUE AZIENDE BELLUNESI PRENDONO PARTE A \u201cFOUNDATION OPEN FACTORY\u201d, NUOVO PROGETTO PER L\u2019INNOVAZIONE<\/h3>\n<\/blockquote>\n<p><strong>BELLUNO<\/strong> Sono cinque le aziende pilota bellunesi che, coordinate da Confindustria Belluno Dolomiti, parteciperanno alla prima fase dell\u2019ambizioso progetto \u201cFoundation Open Factory\u201d, un percorso sperimentale di \u201cOpen Innovation\u201d rivolto alle piccole e medie imprese del Triveneto e delle province di Mantova e Ancona. L\u2019obiettivo \u00e8 duplice: da una parte promuovere la cultura dell\u2019innovazione nelle pmi, identificando le loro esigenze, e dall\u2019altra metterle in contatto con le migliori startup a livello nazionale in grado di offrire loro soluzioni, strumenti e competenze anche per creare nuovi prodotti da immettere nel mercato, anche con l\u2019obiettivo di attrarre sul territorio talenti e nuove imprese innovative.<\/p>\n<p>&nbsp;<\/p>\n<p>&nbsp;<\/p>\n<hr \/>\n<blockquote>\n<h3><\/h3>\n<p>&nbsp;<\/p>\n<h3>MINORI, NUOVO CICLO DI INCONTRO<\/h3>\n<\/blockquote>\n<p><strong><a href=\"https:\/\/www.radiopiu.net\/wordpress\/giornale-radiopiu-14-agosto-2019-direttore-mirko-mezzacasa\/ponte-nelle-alpi-1-2\/\" rel=\"attachment wp-att-95606\"><img loading=\"lazy\" decoding=\"async\" class=\"wp-image-95606 alignleft\" src=\"https:\/\/www.radiopiu.net\/wordpress\/wp-content\/uploads\/2019\/08\/ponte-nelle-alpi-1-1.jpg\" alt=\"\" width=\"148\" height=\"111\" \/><\/a>PONTE NELLE ALPI\u00a0<\/strong> <span style=\"color: #000000; font-family: Helvetica;\">&#8220;Minori: maneggiare con cura\u201d: \u00e8 il titolo del nuovo ciclo di incontri organizzato dalla Commissione Diritti civili e Politiche di genere del Comune di Ponte nelle Alpi, in collaborazione con il Comune e la Biblioteca civica. <\/span><span style=\"color: #000000; font-family: Helvetica;\">Il ciclo si propone di sensibilizzare e informare la cittadinanza rispetto al tema della tutela dei minori, e promuovere la prevenzione per un\u2019educazione non violenta.\u00a0<\/span><span style=\"color: #000000; font-family: Helvetica;\">Le serate si svilupperanno online, su piattaforma Zoom, venerd\u00ec 7 maggio e 11 giugno (alle 20.30). <\/span><span style=\"color: #000000; font-family: Helvetica;\">\u00c8 possibile partecipare, gratuitamente, scrivendo una mail con il titolo dell\u2019incontro all\u2019indirizzo <a href=\"mailto:biblioteca@pna.bl.it\">biblioteca@pna.bl.it<\/a>: seguir\u00e0 l\u2019invio del link per il collegamento. In alternativa, si potr\u00e0 seguire la diretta sul canale YouTube del Comune: <a href=\"http:\/\/www.youtube.com\/user\/comunePNA\">www.youtube.com\/user\/comunePNA<\/a>.<\/span><\/p>\n<p>&nbsp;<\/p>\n<p>&nbsp;<\/p>\n<p>&nbsp;<\/p>\n<hr \/>\n<blockquote>\n<h3><\/h3>\n<p>&nbsp;<\/p>\n<h3><a href=\"https:\/\/www.radiopiu.net\/wordpress\/airc-e-lazalea-della-festa-della-mamma\/maddalenacorvaglia_aircalberto-gottardomg\/\" rel=\"attachment wp-att-207466\"><img loading=\"lazy\" decoding=\"async\" class=\"wp-image-207466 alignleft\" src=\"https:\/\/www.radiopiu.net\/wordpress\/wp-content\/uploads\/2021\/05\/MaddalenaCorvaglia_AIRC@Alberto-GottardoMG-200x300.jpeg\" alt=\"\" width=\"83\" height=\"125\" srcset=\"https:\/\/www.radiopiu.net\/wordpress\/wp-content\/uploads\/2021\/05\/MaddalenaCorvaglia_AIRC@Alberto-GottardoMG-200x300.jpeg 200w, https:\/\/www.radiopiu.net\/wordpress\/wp-content\/uploads\/2021\/05\/MaddalenaCorvaglia_AIRC@Alberto-GottardoMG.jpeg 427w\" sizes=\"auto, (max-width: 83px) 100vw, 83px\" \/><\/a>AIRC E L&#8217;AZALEA DELLA FESTA DELLA MAMMA<\/h3>\n<\/blockquote>\n<p>I volontari\u00a0 tornano nelle piazze per distribuire, a fronte di una donazione di 15 euro, l\u2019Azalea della Ricerca e una <em>speciale Guida<\/em> con informazioni su prevenzione, cura dei tumori e alcune facili ricette da dedicare alla mamma. Per Belluno e Provincia,\u00a0 i volontari saranno in 20 piazze: Trichiana,\u00a0 \u00a0Lentiai, Agordo , Limana, Villa di Villa\u00a0 Voltago Agordino (sabato e domenica), Alleghe, Canale d\u2019Agordo, Cortina, \u00a0(sabato), Domegge di Cadore,\u00a0 Feltre, <u><\/u><u><\/u>Belluno citt\u00e0, Longarone, Pieve di Livinallongo, Rivamonte, Santa Giustina, Soverzene,\u00a0 \u00a0 \u00a0(sabato in piazza 13 Ottobre, sabato e domenica in piazzale Caduti e Dispersi in Russia).<\/p>\n<p>&nbsp;<\/p>\n<p>&nbsp;<\/p>\n<div class=\"page-title-head hgroup\">\n<hr \/>\n<p>&nbsp;<\/p>\n<p>&nbsp;<\/p>\n<blockquote>\n<h3>LA DIFFICILE RIPARTENZA DEL CAI DI AGORDO<\/h3>\n<\/blockquote>\n<p><strong><a href=\"https:\/\/www.radiopiu.net\/wordpress\/adunanza-cai-a-la-marol\/cai-3\/\" rel=\"attachment wp-att-174710\"><img loading=\"lazy\" decoding=\"async\" class=\" wp-image-174710 alignleft\" src=\"https:\/\/www.radiopiu.net\/wordpress\/wp-content\/uploads\/2020\/11\/cai.jpeg\" sizes=\"auto, (max-width: 225px) 100vw, 225px\" srcset=\"https:\/\/www.radiopiu.net\/wordpress\/wp-content\/uploads\/2020\/11\/cai.jpeg 225w, https:\/\/www.radiopiu.net\/wordpress\/wp-content\/uploads\/2020\/11\/cai-150x150.jpeg 150w\" alt=\"\" width=\"137\" height=\"137\" \/><\/a>AGORDO\u00a0<\/strong><\/p>\n<p><strong>domenica 9 maggio\u00a0<\/strong><strong>MONTE PALMAR\u00a0<\/strong>Vette Feltrine\u00a0\u00a0<strong>Escursionismo\u00a0\u00a0<\/strong>Le Prealpi Feltrine con la propaggine del gruppo Cimone-Tre Pietre saranno\u00a0la meta dell\u2019escursione che\u00a0<strong>domenica 9 maggio<\/strong>\u00a0ci porter\u00e0 sulla cima del\u00a0<strong>Monte Palmar<\/strong>. L\u2019anello sovrasta\u00a0 Cesiomaggiore e la Val Belluna regalando numerose ed appaganti panoramiche. Escursione classificata <strong>E<\/strong>.<\/p>\n<p>&nbsp;<\/p>\n<\/div>\n<p><strong>DAL CORRIERE DELLE ALPI IL SERVIZIO DI GIANNI SANTOMASO<\/strong><\/p>\n<audio class=\"wp-audio-shortcode\" id=\"audio-207858-11\" preload=\"none\" style=\"width: 100%;\" controls=\"controls\"><source type=\"audio\/mpeg\" src=\"https:\/\/www.radiopiu.net\/wordpress\/wp-content\/uploads\/2021\/05\/GIANNI-ESCURSIONI-CAI-AGORDO.mp3?_=11\" \/><a href=\"https:\/\/www.radiopiu.net\/wordpress\/wp-content\/uploads\/2021\/05\/GIANNI-ESCURSIONI-CAI-AGORDO.mp3\">https:\/\/www.radiopiu.net\/wordpress\/wp-content\/uploads\/2021\/05\/GIANNI-ESCURSIONI-CAI-AGORDO.mp3<\/a><\/audio>\n<p>&nbsp;<\/p>\n<div class=\"page-title-head hgroup\">\n<hr \/>\n<p>&nbsp;<\/p>\n<p>&nbsp;<\/p>\n<blockquote>\n<h3><strong><a href=\"https:\/\/www.radiopiu.net\/wordpress\/giornale-radiopiu-07-maggio-2021-direttore-mirko-mezzacasa\/saluto-comandante-giacchi-1\/\" rel=\"attachment wp-att-207980\"><img loading=\"lazy\" decoding=\"async\" class=\" wp-image-207980 alignleft\" src=\"https:\/\/www.radiopiu.net\/wordpress\/wp-content\/uploads\/2021\/05\/Saluto-comandante-Giacchi-1-300x200.jpg\" alt=\"\" width=\"248\" height=\"165\" srcset=\"https:\/\/www.radiopiu.net\/wordpress\/wp-content\/uploads\/2021\/05\/Saluto-comandante-Giacchi-1-300x200.jpg 300w, https:\/\/www.radiopiu.net\/wordpress\/wp-content\/uploads\/2021\/05\/Saluto-comandante-Giacchi-1-1024x683.jpg 1024w, https:\/\/www.radiopiu.net\/wordpress\/wp-content\/uploads\/2021\/05\/Saluto-comandante-Giacchi-1-768x512.jpg 768w, https:\/\/www.radiopiu.net\/wordpress\/wp-content\/uploads\/2021\/05\/Saluto-comandante-Giacchi-1-1536x1024.jpg 1536w, https:\/\/www.radiopiu.net\/wordpress\/wp-content\/uploads\/2021\/05\/Saluto-comandante-Giacchi-1-2048x1365.jpg 2048w\" sizes=\"auto, (max-width: 248px) 100vw, 248px\" \/><\/a>Incontro tra il Sindaco e il colonnello Giacchi<\/strong><\/h3>\n<\/blockquote>\n<p><strong>BELLUNO<\/strong> Ieri incontro di saluto tra il Sindaco di Belluno Jacopo Massaro e il Comandante provinciale della Guardia di Finanza, il colonnello Gaetano Giacchi, che presto lascer\u00e0 il Bellunese. <em>\u00abIn questi anni, abbiamo avuto un&#8217;interlocuzione molto stretta con il comandante Giacchi, in un periodo in cui il coordinamento e la reciproca collaborazione tra tutte le istituzioni e le forze dell&#8217;ordini erano assolutamente necessari. &#8211; commenta Massaro \u2013 Con lui abbiamo infatti affrontato le grandi emergenze che hanno colpito il nostro territorio, dalla tempesta Vaia alla pandemia da Covid-19, che siamo riusciti e stiamo riuscendo a gestire anche grazie alla sua disponibilit\u00e0 all&#8217;attenzione al nostro territorio. Non possiamo far altro quindi che ringraziarlo per il servizio reso alla nostra provincia e fargli i nostri migliori auguri\u00bb.<\/em><\/p>\n<p>&nbsp;<\/p>\n<hr \/>\n<p>&nbsp;<\/p>\n<p>&nbsp;<\/p>\n<blockquote>\n<h3>FEDERICO VISENTIN DESIGNATO ALLA GUIDA DI FEDERMECCANICA<\/h3>\n<\/blockquote>\n<p><strong><a href=\"https:\/\/www.radiopiu.net\/wordpress\/giornale-radiopiu-19-settembre-2019-direttore-mirko-mezzacasa-2\/lorraine_berton\/\" rel=\"attachment wp-att-99105\"><img loading=\"lazy\" decoding=\"async\" class=\" wp-image-99105 alignleft\" src=\"https:\/\/www.radiopiu.net\/wordpress\/wp-content\/uploads\/2019\/09\/Lorraine_Berton-300x300.jpg\" alt=\"\" width=\"134\" height=\"134\" srcset=\"https:\/\/www.radiopiu.net\/wordpress\/wp-content\/uploads\/2019\/09\/Lorraine_Berton-300x300.jpg 300w, https:\/\/www.radiopiu.net\/wordpress\/wp-content\/uploads\/2019\/09\/Lorraine_Berton-150x150.jpg 150w, https:\/\/www.radiopiu.net\/wordpress\/wp-content\/uploads\/2019\/09\/Lorraine_Berton.jpg 767w\" sizes=\"auto, (max-width: 134px) 100vw, 134px\" \/><\/a>BELLUNO <\/strong>\u201c<em>Quello di Federico Visentin \u00e8 un nome che fa bene al territorio e a un comparto, quello della meccanica, strategico per la nostra economia. Nel Bellunese possiamo contare su eccellenze assolute che vanno valorizzate e stimolate. Siamo certi che Visentin \u2013 associato anche a Confindustria Belluno Dolomiti &#8211; far\u00e0 un ottimo lavoro<\/em>\u201d.\u00a0 A dirlo, all\u2019indomani della designazione dell\u2019imprenditore alla presidenza di Federmeccanica, la pi\u00f9 importante federazione di settore di Confindustria, sono Lorraine Berton, presidente di Confindustria Belluno Dolomiti ed Enrico Triches, presidente della Sezione Industrie Metalmeccaniche. \u201c<em>Visentin ha gi\u00e0 ribadito come la prima emergenza sia quella della formazione e quindi dell\u2019aggiornamento delle competenze, un aspetto sul quale concordo pienamente e che deve diventare centrale in questa fase di profondi cambiamenti, accanto a politiche attive del lavoro mirate &#8211; rimarcano Berton e Triches &#8211; e su questi temi auspichiamo fin d\u2019ora una forte sinergia. Particolare attenzione dovr\u00e0 essere posta alla promozione degli ITS, i corsi di\u00a0specializzazione tecnica post-diploma che anche le nostre aziende sostengono con grande convinzione, essendo l&#8217;unico segmento dell&#8217;intero sistema educativo italiano in cui le imprese sono presenti sia nella fase di co-progettazione dei corsi, che nella stessa attivit\u00e0 di indirizzo e di gestione dell\u2019amministrazione<\/em>\u201d. \u201c<em>L\u2019altro capitolo da affrontare subito \u00e8 l\u2019impennata dei prezzi delle materie prime con le difficolt\u00e0 legate al loro approvvigionamento; so che, anche su questo fronte, Visentin si muover\u00e0 in maniera efficace<\/em>\u201d, proseguono Berton e Triches. \u201c<em>Quello di Visentin \u00e8 un nome all\u2019altezza delle sfide che ci attendono. Confindustria Belluno Dolomiti \u00e8 pronta a collaborare in termini molto concreti. Il settore metalmeccanico resta la spina dorsale del territorio<\/em>\u201d, concludono Berton e Triches.<\/p>\n<p>&nbsp;<\/p>\n<p>&nbsp;<\/p>\n<hr \/>\n<blockquote>\n<h3><a href=\"https:\/\/www.radiopiu.net\/wordpress\/dalla-lastia-di-framont-verso-taibon-e-la-valle-di-san-lucano\/4424d9aa-f785-424e-a755-67f837b6f3be\/\" rel=\"attachment wp-att-157568\"><img loading=\"lazy\" decoding=\"async\" class=\"wp-image-157568 alignleft\" src=\"https:\/\/www.radiopiu.net\/wordpress\/wp-content\/uploads\/2020\/08\/4424d9aa-f785-424e-a755-67f837b6f3be-300x146.jpg\" alt=\"\" width=\"175\" height=\"85\" srcset=\"https:\/\/www.radiopiu.net\/wordpress\/wp-content\/uploads\/2020\/08\/4424d9aa-f785-424e-a755-67f837b6f3be-300x146.jpg 300w, https:\/\/www.radiopiu.net\/wordpress\/wp-content\/uploads\/2020\/08\/4424d9aa-f785-424e-a755-67f837b6f3be-1024x498.jpg 1024w, https:\/\/www.radiopiu.net\/wordpress\/wp-content\/uploads\/2020\/08\/4424d9aa-f785-424e-a755-67f837b6f3be-768x373.jpg 768w, https:\/\/www.radiopiu.net\/wordpress\/wp-content\/uploads\/2020\/08\/4424d9aa-f785-424e-a755-67f837b6f3be-1536x747.jpg 1536w, https:\/\/www.radiopiu.net\/wordpress\/wp-content\/uploads\/2020\/08\/4424d9aa-f785-424e-a755-67f837b6f3be-640x311.jpg 640w, https:\/\/www.radiopiu.net\/wordpress\/wp-content\/uploads\/2020\/08\/4424d9aa-f785-424e-a755-67f837b6f3be.jpg 2016w\" sizes=\"auto, (max-width: 175px) 100vw, 175px\" \/><\/a>OGGI IL CONSIGLIO COMUNALE A TAIBON<\/h3>\n<\/blockquote>\n<p><strong>TAIBON<\/strong> Il sindaco di Taibon Silvia Tormen ha convocato il consiglio comunale per oggi alle 18:30 in videoconferenza. Sono 6 i punti da discutere tra cui l&#8217;approvazione di bilancio 2020 di ASCA, una variazione al bilancio e l&#8217;approvazione dello schema e allegati di esercizio finanziario 2020.<\/p>\n<p>&nbsp;<\/p>\n<p>&nbsp;<\/p>\n<hr \/>\n<p>&nbsp;<\/p>\n<p>&nbsp;<\/p>\n<blockquote>\n<h3>LAVORI ALL&#8217;ECOCENTRO DI CENCENIGHE. CHIUSO DAL 5 AL 17 MAGGIO<\/h3>\n<\/blockquote>\n<p><strong><a href=\"https:\/\/www.radiopiu.net\/wordpress\/maltempo-possibili-problemi-alla-raccolta-dei-rifiuti-e-chiusura-di-sportelli-ed-ecocentri-al-pomeriggio\/logo-valpe-verticale\/\" rel=\"attachment wp-att-65542\"><img loading=\"lazy\" decoding=\"async\" class=\" wp-image-65542 alignleft\" src=\"https:\/\/www.radiopiu.net\/wordpress\/wp-content\/uploads\/2018\/10\/logo-valpe-verticale-300x298.jpg\" alt=\"\" width=\"141\" height=\"140\" srcset=\"https:\/\/www.radiopiu.net\/wordpress\/wp-content\/uploads\/2018\/10\/logo-valpe-verticale-300x298.jpg 300w, https:\/\/www.radiopiu.net\/wordpress\/wp-content\/uploads\/2018\/10\/logo-valpe-verticale-150x150.jpg 150w, https:\/\/www.radiopiu.net\/wordpress\/wp-content\/uploads\/2018\/10\/logo-valpe-verticale.jpg 370w\" sizes=\"auto, (max-width: 141px) 100vw, 141px\" \/><\/a>CENCENIGHE <\/strong>Nei prossimi giorni inizieranno alcuni interventi di sistemazione presso l\u2019Ecocentro di Cencenighe Agordino. Per consentire la realizzazione dei lavori previsti, la struttura chiuder\u00e0 al pubblico dal 5 al 17 maggio 2021. Durante il periodo di chiusura i cittadini potranno accedere a qualsiasi Ecocentro del territorio dell\u2019Unione Montana Agordina, verificando sedi e orari di apertura sul manuale informativo consegnato o su <a href=\"http:\/\/www.valpeambiente.it\">www.valpeambiente.it<\/a>.<\/p>\n<p>&nbsp;<\/p>\n<p>&nbsp;<\/p>\n<p>&nbsp;<\/p>\n<hr \/>\n<p>&nbsp;<\/p>\n<p>&nbsp;<\/p>\n<blockquote>\n<h3><a href=\"https:\/\/www.radiopiu.net\/wordpress\/giornale-radiopiu-07-maggio-2021-direttore-mirko-mezzacasa\/volantino-sab-8-maggio-bl-rev2-1\/\" rel=\"attachment wp-att-208131\"><img loading=\"lazy\" decoding=\"async\" class=\"size-medium wp-image-208131 alignleft\" src=\"https:\/\/www.radiopiu.net\/wordpress\/wp-content\/uploads\/2021\/05\/Volantino-SAB-8-maggio-BL-rev2-1-212x300.jpg\" alt=\"\" width=\"212\" height=\"300\" srcset=\"https:\/\/www.radiopiu.net\/wordpress\/wp-content\/uploads\/2021\/05\/Volantino-SAB-8-maggio-BL-rev2-1-212x300.jpg 212w, https:\/\/www.radiopiu.net\/wordpress\/wp-content\/uploads\/2021\/05\/Volantino-SAB-8-maggio-BL-rev2-1-724x1024.jpg 724w, https:\/\/www.radiopiu.net\/wordpress\/wp-content\/uploads\/2021\/05\/Volantino-SAB-8-maggio-BL-rev2-1-768x1086.jpg 768w, https:\/\/www.radiopiu.net\/wordpress\/wp-content\/uploads\/2021\/05\/Volantino-SAB-8-maggio-BL-rev2-1-1086x1536.jpg 1086w, https:\/\/www.radiopiu.net\/wordpress\/wp-content\/uploads\/2021\/05\/Volantino-SAB-8-maggio-BL-rev2-1.jpg 1240w\" sizes=\"auto, (max-width: 212px) 100vw, 212px\" \/><\/a>DOMENICA LA PREMIAZIONE DEL CONCORSO &#8220;PAROLE CHE PARLANO DI NOI&#8221;<\/h3>\n<\/blockquote>\n<p><strong>BORGO VALBELLUNA<\/strong> Domenica alle 10 in Piazza Toni Merlin a Trichiana si svolger\u00e0 la cerimonia di premiazione del concorso \u201cParole che parlano di noi\u201d, iniziativa promossa dall\u2019Associazione Culturale Veses con il patrocinio del Comune di Borgo Valbelluna. La proposta \u00e8 nata dall\u2019installazione artistica di Paolo Moro \u201cOpera Zero\u201d inaugurata a Trichiana il 5 settembre scorso, in occasione del trentennale del premio letterario \u201cTrichiana Paese del Libro\u201d.<\/p>\n<p>&nbsp;<\/p>\n<p>&nbsp;<\/p>\n<p>&nbsp;<\/p>\n<p>&nbsp;<\/p>\n<p>&nbsp;<\/p>\n<p>&nbsp;<\/p>\n<p>&nbsp;<\/p>\n<hr \/>\n<p>&nbsp;<\/p>\n<p class=\"default-style\"><strong>Domani\u00a0 dalle ore 9 alle ore 12.30 e dalle ore 15 alle ore 18.30 verr\u00e0 realizzato un gazebo informativo dal comitato spontaneo di cittadini elettrosmog5gbl, il WWF e l&#8217;associazione Ecoitaliasolidale in Piazza dei Martiri a Belluno. Sono stati invitati a partecipare amministratori e governo locale, l&#8217;Ordine dei Medici sulla proposta della commissione parlamentare di una legge che centuplicherebbe i livelli massimi di inquinamento elettromagnetico da radiotelefonia mobile. <\/strong><strong>Sar\u00e0 presente ed a disposizione l&#8217;esperto dell&#8217;Associazione Nazionale Ecoitaliasolidale, Giorgio Rossi. Organizza <\/strong><strong>Il Comitato <a href=\"mailto:elettrosmog5gbl@libero.it\">elettrosmog5gbl@libero.it<\/a><\/strong><\/p>\n<p>&nbsp;<\/p>\n<p>&nbsp;<\/p>\n<hr \/>\n<\/div>\n<p>&nbsp;<\/p>\n<p>&nbsp;<\/p>\n<blockquote>\n<h3>DAL 9 MAGGIO RIAPRE AL PUBBLICO LA CASA NATALE DI PAPA LUCIANI. PER LA PRIMA VOLTA VISITABILE PER INTERO<\/h3>\n<\/blockquote>\n<p><a href=\"https:\/\/www.radiopiu.net\/wordpress\/dal-9-maggio-riapre-al-pubblico-la-casa-natale-di-papa-luciani-per-la-prima-volta-visitabile-per-intero\/digital-camera-3\/\" rel=\"attachment wp-att-208003\"><img loading=\"lazy\" decoding=\"async\" class=\"wp-image-208003 size-medium alignleft\" src=\"https:\/\/www.radiopiu.net\/wordpress\/wp-content\/uploads\/2021\/05\/Luciani-Casa-Natale-di-Canale-dAgordo-300x225.jpg\" alt=\"\" width=\"300\" height=\"225\" srcset=\"https:\/\/www.radiopiu.net\/wordpress\/wp-content\/uploads\/2021\/05\/Luciani-Casa-Natale-di-Canale-dAgordo-300x225.jpg 300w, https:\/\/www.radiopiu.net\/wordpress\/wp-content\/uploads\/2021\/05\/Luciani-Casa-Natale-di-Canale-dAgordo-1024x768.jpg 1024w, https:\/\/www.radiopiu.net\/wordpress\/wp-content\/uploads\/2021\/05\/Luciani-Casa-Natale-di-Canale-dAgordo-768x576.jpg 768w, https:\/\/www.radiopiu.net\/wordpress\/wp-content\/uploads\/2021\/05\/Luciani-Casa-Natale-di-Canale-dAgordo-1536x1152.jpg 1536w, https:\/\/www.radiopiu.net\/wordpress\/wp-content\/uploads\/2021\/05\/Luciani-Casa-Natale-di-Canale-dAgordo.jpg 1772w\" sizes=\"auto, (max-width: 300px) 100vw, 300px\" \/><\/a><strong>CANALE D&#8217;AGORDO <\/strong><span class=\"s1\">Doppio importante appuntamento a Canale d&#8217;Agordo: domenica 9 maggio, su richiesta e prenotazione, il Musal &#8211; Museo Albino Luciani riapre le proprie porte per accogliere tutti i visitatori curiosi di conoscere e approfondire la storia di papa Giovanni Paolo I che nacque proprio in questo splendido paese incastonato delle Dolomiti Bellunesi. Ma non solo: nella stessa giornata, infatti, si terr\u00e0 anche un altro storico evento, come spiega Loris Serafini, direttore del Musal: \u00ab<em>Dopo l&#8217;apertura di alcune stanze della casa natale di Albino Luciani nel 2019 \u2013 dichiara Loris Serafini, direttore del Musal \u2013 ora possiamo annunciare che tutti i locali saranno aperti al pubblico, come il Musal sempre su richiesta e prenotazione. Un&#8217;opportunit\u00e0 davvero preziosa per chiunque voglia rivivere la quotidianit\u00e0 del futuro papa e della sua famiglia<\/em>\u00bb. <\/span><span class=\"s1\">La casa in via Rividella 8, dove a mezzogiorno di gioved\u00ec 17 ottobre 1912 nacque Albino Luciani, apr\u00ec infatti alcune delle sue stanze al pubblico per la prima volta nell&#8217;agosto 2019, con una visita del cardinale Beniamino Stella, Postulatore della Causa di Canonizzazione di papa Giovanni Paolo I: \u00ab<em>Per tutti fu una grande emozione poter entrare nelle stanze che videro nascere e crescere Albino Luciani fino all&#8217;ottobre 1923, quando entr\u00f2 nel seminario di Feltre<\/em>\u00bb. Dopo l&#8217;inaugurazione, furono centinaia i fedeli che accorsero a Canale d&#8217;Agordo per vedere di persona la stua, il locale pi\u00f9 caldo della casa dove il piccolo Albino vide la luce e fu battezzato per imminente pericolo di vita dalla levatrice Maria Fiocco, o la stanza da letto dove Luciani, quando era vescovo di Vittorio Veneto (Treviso) riposava durante le visite al fratello. <\/span><span class=\"s1\">Dal 9 maggio i fedeli avranno quindi l&#8217;occasione di entrare anche nelle altre cinque stanze del secondo piano, immergendosi cos\u00ec completamente nella vita di Albino Luciani e della sua famiglia: \u00ab<em>Siamo davvero felici di questa riapertura \u2013 aggiunge Serafini \u2013 Durante i mesi di chiusura abbiamo lavorato molto per poter essere pronti a questo momento che rappresenta solo l&#8217;inizio di una serie di iniziative in programma che come ogni anno ricorderanno e celebreranno Albino Luciani<\/em>\u00bb. Per garantire la sicurezza e rispettare le norme vigenti in materia di Covid-19, \u00e8 necessario prenotare le visite sia al Musal \u2013 Museo Albino Luciani sia alla casa natale di papa Luciani. Per informazioni e prenotazioni telefonare allo 0437 19480001 oppure WhatsApp 377 9665237).<\/span><\/p>\n<p>&nbsp;<\/p>\n<p>&nbsp;<\/p>\n<hr \/>\n<p>&nbsp;<\/p>\n<p>&nbsp;<\/p>\n<blockquote>\n<h2>LA STORIA DEL TEATRO RACCONTATA DA ROBERTO FAORO<\/h2>\n<\/blockquote>\n<p><strong><span style=\"color: #ff0000;\"><a href=\"https:\/\/www.radiopiu.net\/wordpress\/la-storia-del-teatro-raccontata-da-roberto-faoro\/5d2bd8b1-0118-4e47-ae05-a9417c1b02cb\/\" rel=\"attachment wp-att-207990\"><img loading=\"lazy\" decoding=\"async\" class=\"wp-image-207990 alignleft\" src=\"https:\/\/www.radiopiu.net\/wordpress\/wp-content\/uploads\/2021\/05\/5d2bd8b1-0118-4e47-ae05-a9417c1b02cb-300x199.jpg\" alt=\"\" width=\"161\" height=\"107\" srcset=\"https:\/\/www.radiopiu.net\/wordpress\/wp-content\/uploads\/2021\/05\/5d2bd8b1-0118-4e47-ae05-a9417c1b02cb-300x199.jpg 300w, https:\/\/www.radiopiu.net\/wordpress\/wp-content\/uploads\/2021\/05\/5d2bd8b1-0118-4e47-ae05-a9417c1b02cb-1024x681.jpg 1024w, https:\/\/www.radiopiu.net\/wordpress\/wp-content\/uploads\/2021\/05\/5d2bd8b1-0118-4e47-ae05-a9417c1b02cb-768x511.jpg 768w, https:\/\/www.radiopiu.net\/wordpress\/wp-content\/uploads\/2021\/05\/5d2bd8b1-0118-4e47-ae05-a9417c1b02cb-1536x1021.jpg 1536w, https:\/\/www.radiopiu.net\/wordpress\/wp-content\/uploads\/2021\/05\/5d2bd8b1-0118-4e47-ae05-a9417c1b02cb.jpg 1599w\" sizes=\"auto, (max-width: 161px) 100vw, 161px\" \/><\/a>IERI ALLA RADIO<\/span><\/strong> Dieci incontri online per raccontare la storia del Teatro dalle origini a oggi. Con letture. Conduce Roberto Faoro dall&#8217;11 maggio. <span style=\"color: #0000ff;\"><a style=\"color: #0000ff;\" href=\"https:\/\/www.robertofaoro.it\/blog-e-news\/corso-di-storia-del-teatro-online\">PER INFO CLICCA QUI<\/a><\/span><\/p>\n<p><span style=\"color: #000000;\">OSPITE Roberto Faoro<\/span><\/p>\n<p><strong>di Claudio Fontanive\u00a0<\/strong><\/p>\n<audio class=\"wp-audio-shortcode\" id=\"audio-207858-12\" preload=\"none\" style=\"width: 100%;\" controls=\"controls\"><source type=\"audio\/mpeg\" src=\"https:\/\/www.radiopiu.net\/wordpress\/wp-content\/uploads\/2021\/05\/roberto-faro.mp3?_=12\" \/><a href=\"https:\/\/www.radiopiu.net\/wordpress\/wp-content\/uploads\/2021\/05\/roberto-faro.mp3\">https:\/\/www.radiopiu.net\/wordpress\/wp-content\/uploads\/2021\/05\/roberto-faro.mp3<\/a><\/audio>\n<p>&nbsp;<\/p>\n<p>&nbsp;<\/p>\n<hr \/>\n<div class=\"page-title-head hgroup\">\n<h3><\/h3>\n<p>&nbsp;<\/p>\n<blockquote>\n<h3>MARTEDI&#8217; SI APRE LA 68\u00aa STAGIONE DEL CIRCOLO CULTURALE BELLUNESE CON IL TRIO KANON<\/h3>\n<\/blockquote>\n<p><strong><a href=\"https:\/\/www.radiopiu.net\/wordpress\/giornale-radiopiu-07-maggio-2021-direttore-mirko-mezzacasa\/trio-kanon-3\/\" rel=\"attachment wp-att-208013\"><img loading=\"lazy\" decoding=\"async\" class=\"size-medium wp-image-208013 alignleft\" src=\"https:\/\/www.radiopiu.net\/wordpress\/wp-content\/uploads\/2021\/05\/Trio-Kanon-3-300x191.jpg\" alt=\"\" width=\"300\" height=\"191\" srcset=\"https:\/\/www.radiopiu.net\/wordpress\/wp-content\/uploads\/2021\/05\/Trio-Kanon-3-300x191.jpg 300w, https:\/\/www.radiopiu.net\/wordpress\/wp-content\/uploads\/2021\/05\/Trio-Kanon-3-1024x651.jpg 1024w, https:\/\/www.radiopiu.net\/wordpress\/wp-content\/uploads\/2021\/05\/Trio-Kanon-3-768x488.jpg 768w, https:\/\/www.radiopiu.net\/wordpress\/wp-content\/uploads\/2021\/05\/Trio-Kanon-3-1536x976.jpg 1536w, https:\/\/www.radiopiu.net\/wordpress\/wp-content\/uploads\/2021\/05\/Trio-Kanon-3-2048x1301.jpg 2048w\" sizes=\"auto, (max-width: 300px) 100vw, 300px\" \/><\/a>BELLUNO <\/strong>Si apre la 68a Stagione del Circolo Culturale Bellunese, con il concerto del pluripremiato Trio Kanon, composto da Lena Yokoyama violino, Alessandro Copia violoncello e Diego Maccagnola pianoforte. Il concerto si tiene a Belluno, Teatro Giovanni XXIII, marted\u00ec 11 maggio, con orario anticipato alle ore 19:00, per rispettare il &#8220;coprifuoco&#8221; delle ore 22. In programma, l&#8217;esecuzione del <em>Trio n. 1 in re minore op. 63<\/em><em> di <\/em><em>Robert Schumann<\/em> e del <em>Trio n. 3 in fa minore op. 65<\/em><em> di <\/em><em>Anton\u00edn Dvo\u0159\u00e1k. <\/em>Per garantire le misure di prevenzione anticovid, \u00e8 richiesta la prenotazione presso l&#8217;Agenzia Alpe Bellunese: telefono Tel. 0437 940407, e-mail: info@alpebellunese.it. Si ricorda l&#8217;utilizzo della mascherina.<\/p>\n<p>&nbsp;<\/p>\n<p>&nbsp;<\/p>\n<hr \/>\n<p>&nbsp;<\/p>\n<p>&nbsp;<\/p>\n<blockquote>\n<h3>MUSEO DELLE ZOCHE, DELLA TARSIA E DELLE STAMPE ANTICHE<\/h3>\n<\/blockquote>\n<p><strong>SAN GREGORIO NELLE ALPI <\/strong>Dopo la chiusura invernale e \u00a0per la pandemia, \u00a0riaprir\u00e0 domenica 9 maggio 2021 \u00a0\u00a0il Museo delle Zoche, della Tarsia e delle stampe antiche di San Gregorio nelle Alpi. Nelle domeniche pomeriggio dalle 15 alle 18. Comitive e gruppi potranno visitare il Museo anche fuori orario di apertura telefonando al\u00a0 338 8375256 o 0437 800018.<\/p>\n\n\t\t\t<style type='text\/css'>\n\t\t\t\t#gallery-6 {\n\t\t\t\t\tmargin: auto;\n\t\t\t\t}\n\t\t\t\t#gallery-6 .gallery-item {\n\t\t\t\t\tfloat: left;\n\t\t\t\t\tmargin-top: 10px;\n\t\t\t\t\ttext-align: center;\n\t\t\t\t\twidth: 50%;\n\t\t\t\t}\n\t\t\t\t#gallery-6 img {\n\t\t\t\t\tborder: 2px solid #cfcfcf;\n\t\t\t\t}\n\t\t\t\t#gallery-6 .gallery-caption {\n\t\t\t\t\tmargin-left: 0;\n\t\t\t\t}\n\t\t\t\t\/* see gallery_shortcode() in wp-includes\/media.php *\/\n\t\t\t<\/style>\n\t\t<div id='gallery-6' class='dt-gallery-container gallery galleryid-207858 gallery-columns-2 gallery-size-medium'><dl class='gallery-item'>\n\t\t\t\t<dt class='gallery-icon landscape'>\n\t\t\t\t\t<a class=\"rollover rollover-zoom dt-pswp-item\" title=\"OLYMPUS DIGITAL CAMERA\" data-dt-img-description=\"\" data-large_image_width=\"2560\" data-large_image_height=\"1920\"href='https:\/\/www.radiopiu.net\/wordpress\/wp-content\/uploads\/2021\/05\/P8170509.jpg'><img loading=\"lazy\" decoding=\"async\" width=\"300\" height=\"225\" src=\"https:\/\/www.radiopiu.net\/wordpress\/wp-content\/uploads\/2021\/05\/P8170509-300x225.jpg\" class=\"attachment-medium size-medium\" alt=\"\" srcset=\"https:\/\/www.radiopiu.net\/wordpress\/wp-content\/uploads\/2021\/05\/P8170509-300x225.jpg 300w, https:\/\/www.radiopiu.net\/wordpress\/wp-content\/uploads\/2021\/05\/P8170509-1024x768.jpg 1024w, https:\/\/www.radiopiu.net\/wordpress\/wp-content\/uploads\/2021\/05\/P8170509-768x576.jpg 768w, https:\/\/www.radiopiu.net\/wordpress\/wp-content\/uploads\/2021\/05\/P8170509-1536x1152.jpg 1536w, https:\/\/www.radiopiu.net\/wordpress\/wp-content\/uploads\/2021\/05\/P8170509-2048x1536.jpg 2048w\" sizes=\"auto, (max-width: 300px) 100vw, 300px\" \/><\/a>\n\t\t\t\t<\/dt><\/dl><dl class='gallery-item'>\n\t\t\t\t<dt class='gallery-icon landscape'>\n\t\t\t\t\t<a class=\"rollover rollover-zoom dt-pswp-item\" title=\"OLYMPUS DIGITAL CAMERA\" data-dt-img-description=\"\" data-large_image_width=\"2560\" data-large_image_height=\"1920\"href='https:\/\/www.radiopiu.net\/wordpress\/wp-content\/uploads\/2021\/05\/PA310028-scaled.jpg'><img loading=\"lazy\" decoding=\"async\" width=\"300\" height=\"225\" src=\"https:\/\/www.radiopiu.net\/wordpress\/wp-content\/uploads\/2021\/05\/PA310028-300x225.jpg\" class=\"attachment-medium size-medium\" alt=\"\" srcset=\"https:\/\/www.radiopiu.net\/wordpress\/wp-content\/uploads\/2021\/05\/PA310028-300x225.jpg 300w, https:\/\/www.radiopiu.net\/wordpress\/wp-content\/uploads\/2021\/05\/PA310028-1024x768.jpg 1024w, https:\/\/www.radiopiu.net\/wordpress\/wp-content\/uploads\/2021\/05\/PA310028-768x576.jpg 768w, https:\/\/www.radiopiu.net\/wordpress\/wp-content\/uploads\/2021\/05\/PA310028-1536x1152.jpg 1536w, https:\/\/www.radiopiu.net\/wordpress\/wp-content\/uploads\/2021\/05\/PA310028-2048x1536.jpg 2048w\" sizes=\"auto, (max-width: 300px) 100vw, 300px\" \/><\/a>\n\t\t\t\t<\/dt><\/dl><br style=\"clear: both\" \/>\n\t\t\t<\/div>\n\n<p>&nbsp;<\/p>\n<p>&nbsp;<\/p>\n<hr \/>\n<p>&nbsp;<\/p>\n<p>&nbsp;<\/p>\n<blockquote>\n<blockquote>\n<h3>GIORNATE FAI DI PRIMAVERA CON LA DELEGAZIONE DI BELLUNO<\/h3>\n<\/blockquote>\n<p><strong>BELLUNO<\/strong> Due le giornate in calendario, sabato 15 e domenica 16 maggio, due giornate Fai<span style=\"font-family: Times New Roman, serif;\"><span style=\"font-size: medium;\"> accolte sempre con gioia e speranza e sono diventate ormai irrinunciabili per tantissimi italiani che amano stupirsi di fronte alle bellezze spesso poco conosciute che ci circondano. Chi parteciper\u00e0 <\/span><\/span><span style=\"font-family: Times New Roman, serif;\"><span style=\"font-size: medium;\">\u00a0potr\u00e0 effettuare una donazione libera &#8211; del valore minimo di\u00a0 euro &#8211;\u00a0 online,\u00a0 oppure in piazza durante la manifestazione. <\/span><\/span><span style=\"font-family: Times New Roman, serif;\"><span style=\"font-size: medium;\">La Delegazione bellunese, guidata dal capodelegazione Adriano Barcelloni Corte, e il Gruppo Fai Giovani di Belluno hanno organizzato l\u2019evento all\u2019aperto in due siti cadorini di interesse naturalistico, paesaggistico, storico e archeologico, uno in comune di Calalzo di Cadore e l\u2019altro di Ospitale di Cadore ovvero il s<\/span><\/span><span style=\"font-family: Times New Roman, serif;\"><span style=\"font-size: medium;\">ito archeologico e naturalistico di Lagole e a Davestra di Ospitale di Cadore alla scoperta del forno fusorio medioevale.\u00a0 <\/span><\/span><span style=\"font-family: Times New Roman, serif;\"><span style=\"font-size: medium;\">L\u2019accesso a Lagole e a Davestra avverr\u00e0 esclusivamente su prenotazione al sito <a href=\"https:\/\/faiprenotazioni.fondoambiente.it\/\">https:\/\/faiprenotazioni.fondoambiente.it\/<\/a> o nel sito <a href=\"https:\/\/www.fondoambiente.it\/il-fai\/grandi-campagne\/giornate-fai-di-primavera\/\">https:\/\/www.fondoambiente.it\/il-fai\/grandi-campagne\/giornate-fai-di-primavera\/<\/a><\/span><\/span><span style=\"font-family: Times New Roman, serif;\">digitando nel motore di ricerca &#8220;FAI Giornate primavera\u201d e nel campo di ricerca delle pagina web delle Giornate le due parole \u201cLagole\u201d o \u201cDavestra\u201d. <\/span><span style=\"font-family: Times New Roman, serif;\"><span style=\"font-size: medium;\">Non \u00e8 possibile garantire la possibilit\u00e0 di accesso a chi si presenta senza aver prenotato.<\/span><\/span><\/p>\n\n\t\t\t<style type='text\/css'>\n\t\t\t\t#gallery-7 {\n\t\t\t\t\tmargin: auto;\n\t\t\t\t}\n\t\t\t\t#gallery-7 .gallery-item {\n\t\t\t\t\tfloat: left;\n\t\t\t\t\tmargin-top: 10px;\n\t\t\t\t\ttext-align: center;\n\t\t\t\t\twidth: 25%;\n\t\t\t\t}\n\t\t\t\t#gallery-7 img {\n\t\t\t\t\tborder: 2px solid #cfcfcf;\n\t\t\t\t}\n\t\t\t\t#gallery-7 .gallery-caption {\n\t\t\t\t\tmargin-left: 0;\n\t\t\t\t}\n\t\t\t\t\/* see gallery_shortcode() in wp-includes\/media.php *\/\n\t\t\t<\/style>\n\t\t<div id='gallery-7' class='dt-gallery-container gallery galleryid-207858 gallery-columns-4 gallery-size-thumbnail'><dl class='gallery-item'>\n\t\t\t\t<dt class='gallery-icon landscape'>\n\t\t\t\t\t<a class=\"rollover\" href='https:\/\/www.radiopiu.net\/wordpress\/giornale-radiopiu-07-maggio-2021-direttore-mirko-mezzacasa\/forno-davestra\/'><img loading=\"lazy\" decoding=\"async\" width=\"150\" height=\"150\" src=\"https:\/\/www.radiopiu.net\/wordpress\/wp-content\/uploads\/2021\/05\/Forno-Davestra-150x150.jpg\" class=\"attachment-thumbnail size-thumbnail\" alt=\"\" aria-describedby=\"gallery-7-207975\" \/><\/a>\n\t\t\t\t<\/dt>\n\t\t\t\t\t<dd class='wp-caption-text gallery-caption' id='gallery-7-207975'>\n\t\t\t\t\tDAVESTRA\n\t\t\t\t\t<\/dd><\/dl><dl class='gallery-item'>\n\t\t\t\t<dt class='gallery-icon landscape'>\n\t\t\t\t\t<a class=\"rollover\" href='https:\/\/www.radiopiu.net\/wordpress\/giornale-radiopiu-07-maggio-2021-direttore-mirko-mezzacasa\/forno-davestra_2\/'><img loading=\"lazy\" decoding=\"async\" width=\"150\" height=\"150\" src=\"https:\/\/www.radiopiu.net\/wordpress\/wp-content\/uploads\/2021\/05\/Forno-Davestra_2-150x150.jpg\" class=\"attachment-thumbnail size-thumbnail\" alt=\"\" aria-describedby=\"gallery-7-207976\" \/><\/a>\n\t\t\t\t<\/dt>\n\t\t\t\t\t<dd class='wp-caption-text gallery-caption' id='gallery-7-207976'>\n\t\t\t\t\tDAVESTRA\n\t\t\t\t\t<\/dd><\/dl><dl class='gallery-item'>\n\t\t\t\t<dt class='gallery-icon landscape'>\n\t\t\t\t\t<a class=\"rollover\" href='https:\/\/www.radiopiu.net\/wordpress\/giornale-radiopiu-07-maggio-2021-direttore-mirko-mezzacasa\/lagole_lago-delle-tose\/'><img loading=\"lazy\" decoding=\"async\" width=\"150\" height=\"150\" src=\"https:\/\/www.radiopiu.net\/wordpress\/wp-content\/uploads\/2021\/05\/Lagole_lago-delle-tose-150x150.jpeg\" class=\"attachment-thumbnail size-thumbnail\" alt=\"\" aria-describedby=\"gallery-7-207978\" \/><\/a>\n\t\t\t\t<\/dt>\n\t\t\t\t\t<dd class='wp-caption-text gallery-caption' id='gallery-7-207978'>\n\t\t\t\t\tLAGOLE\n\t\t\t\t\t<\/dd><\/dl><dl class='gallery-item'>\n\t\t\t\t<dt class='gallery-icon portrait'>\n\t\t\t\t\t<a class=\"rollover\" href='https:\/\/www.radiopiu.net\/wordpress\/giornale-radiopiu-07-maggio-2021-direttore-mirko-mezzacasa\/lagole\/'><img loading=\"lazy\" decoding=\"async\" width=\"150\" height=\"150\" src=\"https:\/\/www.radiopiu.net\/wordpress\/wp-content\/uploads\/2021\/05\/Lagole-150x150.jpg\" class=\"attachment-thumbnail size-thumbnail\" alt=\"\" aria-describedby=\"gallery-7-207977\" \/><\/a>\n\t\t\t\t<\/dt>\n\t\t\t\t\t<dd class='wp-caption-text gallery-caption' id='gallery-7-207977'>\n\t\t\t\t\tLAGOLE\n\t\t\t\t\t<\/dd><\/dl><br style=\"clear: both\" \/>\n\t\t\t<\/div>\n<\/blockquote>\n<p>&nbsp;<\/p>\n<p>&nbsp;<\/p>\n<p>&nbsp;<\/p>\n<hr \/>\n<p>&nbsp;<\/p>\n<blockquote>\n<h3>SUPPLICA DELLE REGOLA DELLA VAL AL CAPITANO DI BELLUNO CONTRO LE MINIERE DI VALLE IMPERINA<\/h3>\n<p><strong><img loading=\"lazy\" decoding=\"async\" class=\"alignleft\" src=\"https:\/\/www.radiopiu.net\/wordpress\/wp-content\/uploads\/2020\/05\/DOLOMITI-BELLUNESI-MINIERE-DI-VALLE-IMPERINA-2.jpg\" width=\"214\" height=\"152\" \/>REDAZIONE<\/strong> Tiziano De Col ci propone un documento del Settecento dallo stesso trascritto nel febbraio del 2000 e che qui riproponiamo fedelmente.<\/p>\n<p><strong>LA VALLE<\/strong> I rapporti tra le Miniere e le Regole circostanti non sempre furono idilliaci, anzi. Riportiamo qui un documento del 1768 contenente la supplica della Regola della Val contro i sovraintendenti del Ministero delle Miniere che, calpestando ogni consuetudine e propriet\u00e0 della Regola facevano \u201ctabula rasa\u201d di ogni sorta di legname privando la Regola stessa del minimo indispensabile per le necessit\u00e0 della popolazione creando anche un grave pregiudizio alla stabilit\u00e0 dei versanti. Il tutto a fronte di una secolare e corretta gestione dei boschi e dei pascoli fatta dalle Regole. Una prevaricazione venuta dall\u2019alto che sembra talvolta di riscontrare seppur in altre forme anche ai nostri giorni (tdc)<\/p>\n<p>3 Luglio 1768<\/p><\/blockquote>\n<p><em>Illustrissimo ed Eccellentissimo Podest\u00e0 e Capitano di Belluno<\/em><\/p>\n<p><em>La Regola della Val del Capitaniato d\u2019Agordo composta di sei villaggi che contengono numero duecento25\u00a0 Focolari e novecento sessantaquattro abitanti godeva un tempo gl\u2019affetti della Sovrana Pubblica Mugnificenza nell\u2019intero possesso anche delle due Montagne di Calleda e Ballanzola, secondo l\u2019investitura ottenuta dal Magistrato Eccellentissimo de Beni Comunali 1623 : 26 Marzo e susseguenti replicata legali riconferme, coll\u2019oggetto di andar suffragata l\u2019infelice loro costittuzione negl\u2019occorrenti da Pascoli e da Legnami da quelle derivanti, riservati soltanto gl\u2019utili alla Casa Eccellentissima all\u2019Arsenal nel modo in essa espresso.\u00a0 <\/em><em>Per l\u2019esigenze poi delle Pubbliche Fucine della Valle Imperina e venuta l\u2019Autorit\u00e0 del Magistrato Eccellentissimo da Illustri Deputati alle Pubbliche Miniere con li Proclami in pi\u00f9 tempi emanati e quei specialmente 25 Maggio 1748 e 6 Settembre 1756 a vietare il libero taglio de Legnami di Pezzo e Larese onde non avessero a penuriare le Miniere sulle continue occorrenze dell\u2019Armadure; permettendo per altro anche alla detta Regola il taglio di Legna da fuoco e cos\u00ec di Pezzo e Larese per il solo bisogno de \u201cFragoli\u201d, restauro delle strade e Ponti e delle abitazioni de rispettivi Regolieri e per la Casara che attrovasi in Calleda.\u00a0<\/em><em>Rassegnati quei Popoli al comando tuttoch\u00e8 ristretto ad alcune nominate Regole potevano in qualche modo suplire alle loro indigenze; ma abusandi in seguito gli Ministri del prodotto Eccellentissimo Magistrato Deputati alla sopraintendenza in Agordo dei venerati passati e presenti Proclami, hanno ridotto la stessa Regola della Val ad una intiera inibizione di qualsiasi &#8230;. di Legnami derivanti da Boschi in dette due montagne esistenti cosicch\u00e8 il tutto in oggi passa a libera disposizione delle Miniere convertendo persino li sudetti Ministri ogni sorta di Legno anche in Carbone con un disfacimento de Boschi\u00a0 e totale desolazione di quelle povere Famiglie che loro manca il modo di riparare ai tanti bisogni che tengono di Legname; defraudati poi anche di quel miserabile provento che solevano ritrovare in passato dalla vendita del legname e carboni sempre prefferiti alla Miniera sudetta. <\/em><em>Rilevandosi per\u00f2 dallo Michiel qu Paulo da Roit e Giacomo qu Zuanne da Crose, Deputati eletti dalla Regola surriferita, il ricorso fatto alla Autorit\u00e0 dal predetto Eccellentissimo Magistrato per parte di quella Regola di Frassenech, ridotta ad una eguale condizione a differenza d\u2019alcune altre Regole d\u2019esso Capitaniato che s\u2019attrovano nel primiero libero ed utile possessorio come dai Documenti\u00a0 che si producono, pensano colla voce ed assenso di tanti afflitti Regolieri di presentare alla Eccellentissima Vostra le divote loro suppliche, affinch\u00e8 certificata da fatti esposti siano rassegnate le di essi umilissime istanze alla Giustizia e Carit\u00e0 del predetto Eccellentissimo Magistrato da cui sperano ottenere l\u2019opportuno provedimento a conforto di tante miserabili Famiglie che non lasceranno di porgere fervida preci a Dio Signore per la conservazione di questo Augusto e Clementissimo Dominio Grazia. <\/em><em>3 Luglio 1768 Belluno. Portata a S.E. Podest\u00e0 e Capitanio dalli sudeti Deputati della Regola della Val\u00a0\u00a0 Istando.<\/em><\/p>\n<p>&nbsp;<\/p>\n<p>&nbsp;<\/p>\n<p>&nbsp;<\/p>\n<hr \/>\n<blockquote>\n<h2><\/h2>\n<h2>30 MAGGIO, PALAFELTRE NOMADI IN CONCERTO &#8211; DATA ZERO<\/h2>\n<h2 dir=\"auto\"><strong>\u00a0le prevendite sono attive su\u00a0 <\/strong><strong><span style=\"color: #0000ff;\">www.primiallaprima.it\u00a0<\/span><\/strong><\/h2>\n<\/blockquote>\n<div dir=\"auto\"><\/div>\n<div dir=\"auto\"><strong>FELTRE<\/strong> Con grande gioia annunciamo l\u2019inizio del nostro tour 2021. Domenica 30 MAGGIO ore 16.30 FELTRE (BL) &#8211; PalaFeltre.\u00a0 A brevissimo sar\u00e0 attivata la prevendita <a class=\"oajrlxb2 g5ia77u1 qu0x051f esr5mh6w e9989ue4 r7d6kgcz rq0escxv nhd2j8a9 nc684nl6 p7hjln8o kvgmc6g5 cxmmr5t8 oygrvhab hcukyx3x jb3vyjys rz4wbd8a qt6c0cv9 a8nywdso i1ao9s8h esuyzwwr f1sip0of lzcic4wl q66pz984 gpro0wi8 b1v8xokw\" tabindex=\"0\" role=\"link\" href=\"https:\/\/www.facebook.com\/hashtag\/lamusicanonsiferma?__eep__=6&amp;__cft__[0]=AZXF0ytamgTRYZvXX4jy3QrGzUJpoW1-vPmFpJxejb4ugjlqH6xqgb-BqSnbxCUNb7Ip8Q2ceL-pu9rLtKCD96z1LcW0ieLQFNZK3nNtmcdIhIGMFGhsvWoXQmEJSTUvaHaUy15OANH42KG1U4sngwPH&amp;__tn__=*NK-R\">#lamusicanonsiferma<\/a> <a class=\"oajrlxb2 g5ia77u1 qu0x051f esr5mh6w e9989ue4 r7d6kgcz rq0escxv nhd2j8a9 nc684nl6 p7hjln8o kvgmc6g5 cxmmr5t8 oygrvhab hcukyx3x jb3vyjys rz4wbd8a qt6c0cv9 a8nywdso i1ao9s8h esuyzwwr f1sip0of lzcic4wl q66pz984 gpro0wi8 b1v8xokw\" tabindex=\"0\" role=\"link\" href=\"https:\/\/www.facebook.com\/hashtag\/nomadi?__eep__=6&amp;__cft__[0]=AZXF0ytamgTRYZvXX4jy3QrGzUJpoW1-vPmFpJxejb4ugjlqH6xqgb-BqSnbxCUNb7Ip8Q2ceL-pu9rLtKCD96z1LcW0ieLQFNZK3nNtmcdIhIGMFGhsvWoXQmEJSTUvaHaUy15OANH42KG1U4sngwPH&amp;__tn__=*NK-R\">#nomadi.<\/a><\/div>\n<p dir=\"auto\"><img loading=\"lazy\" decoding=\"async\" class=\"\" src=\"https:\/\/www.radiopiu.net\/wordpress\/wp-content\/uploads\/2021\/04\/180539277_349238196573423_8469987877907970181_n-300x300.jpg\" width=\"409\" height=\"409\" \/><\/p>\n<hr \/>\n<div class=\"page-title-head hgroup\">\n<div>\n<div class=\"b654a4as d2edcug0\">\n<div dir=\"auto\"><\/div>\n<div dir=\"auto\"><\/div>\n<blockquote>\n<h3>GUIDA DEL 1997: LE VILLE NEL PAESAGGIO PREALPINO DELLA PROVINCIA DI BELLUNO<\/h3>\n<\/blockquote>\n<p><strong>di Renato Bona<\/strong><\/p>\n<p>Con testi di Adriano Alpago Novello, Simonetta Chiovaro, Cesare Lasen e Paolo Conte, 208 illustrazioni di cui 141 a colori (foto del professionista bellunese Mauro De Santi), nel novembre del 1997 la Leva spa di Sesto San Giovanni stampava per Edizioni Charta l\u2019ottimo libro \u201cLe ville nel paesaggio prealpino della Provincia di Belluno\u201d, voluto dall\u2019Amministrazione provinciale col contributo della Fondazione Cassa di risparmio di Verona, Vicenza, Belluno e Ancona, e curato da Conte e dalla Chiovaro. In copertina: Sedico, Patt, Villa De Manzoni; nel retro di copertina: Girolamo Pellegrini \u201cGiochi di putti\u201d, Palazzo Poli de Pol, particolare (foto di Luciano Solero, Sappada). Proprio nel retro copertina si pu\u00f2 leggere: \u201cUna guida per un itinerario artistico culturale attraverso un paesaggio assolutamente unico: le Prealpi bellunesi e le montagne dolomitiche, note al mono per la bellezza delle loro cime e la dolcezza dei paesaggi che sovrastano maestosamente le vallate. Questa terra che nel corso dei secoli ha dato i natali a uomini illustri quali Tiziano, Vittorino e Bernardino da Feltre, Panfilo Castaldi, Dino Buzzati, si contraddistingue anche per la presenza di pi\u00f9 di duecento ville padronali, alcune risalenti anche al Cinquecento. La guida suggerisce dieci itinerari alla scoperta di queste dimore: i percorsi si snodano lungo strade alternative alla viabilit\u00e0 principale, tra alture, sentieri alberati, viottoli di montagna, attraverso gli insediamenti della Val Belluna, negli abitati limitrofi al Parco Nazionale delle Dolomiti bellunesi, fino agli estremi lembi della Provincia, in Agordino e Cadore\u201d. La presentazione del pregevole lavoro \u00e8 sottoscritta dagli allora presidente della Provincia, Oscar De Bona, e assessora ai Beni culturali, Nicoletta Comar i quali sottolineano fra l\u2019altro che: \u201cLa peculiarit\u00e0 del fenomeno dell\u2019\u2018insediamento villa\u2019 nel Bellunese \u00e8 stata determinata dall\u2019adeguamento di un modello abitativo all\u2019ambiente circostante ed alle attivit\u00e0 ad esso connesse. A sua volta, la villa, con l\u2019insieme dei suoi elementi (corpo padronale, rustico, aie, cappella ecc.), ha modificato a volte il profilo stesso del paesaggio. Da qui il fascino di un approccio all\u2019opera architettonica che coinvolge altri interessi e anche, perch\u00e9 no, il piacere della passeggiata fine a se stessa\u201d, e ricordano che: \u201cCome per altri progetti inerenti alla valorizzazione del patrimonio culturale e ambientale della provincia, anche per questa guida \u00e8 stata ricercata la sinergia con l\u2019Ente Parco Nazionale delle Dolomiti Bellunesi, Di certo non si trattava di realizzare una guida naturalistica e neanche di fornire un contributo che potesse essere esaustivo degli aspetti ambientali dei territori attraversati, ma solo di proporre a latere dell\u2019itinerario di visita alle ville, una traccia per godere meglio del paesaggio circostante. A questa proposta ha aderito il presidente dell\u2019Ente parco, Cesare Lasen, fornendo uno scritto che nella sua semplicit\u00e0 introduce alla bellezza di un territorio per molti versi unico nel panorama alpino italiano\u201d. Non poteva mancare un ringraziamento oltre che ai proprietari delle ville e a tutti coloro i quali hanno collaborato all\u2019iniziativa, in particolare al prof. Adriano Alpago Novello che \u00e8 stato \u201cfonte imprescindibile non solo per le notizie ma anche per un approccio alla tematica che si \u00e8 dimostrato completo ed esaustivo fin dalla prima edizione del suo volume sulle ville. Un ringraziamento anche ai fotografi De Santi padre e figlio \u201cla cui disponibilit\u00e0 per quanto riguarda le non facili riprese fotografiche, \u00e8 stata esemplare e preziosa per la buona riuscita complessiva del progetto; e grazie pure all\u2019editore che \u201ccon la presente pubblicazione ha accettato una scommessa non facile. Quella di promuovere la valorizzazione di un patrimonio che ha ancora molte sorprese in serbo per chi abbia la curiosit\u00e0 di scoprire una terra la cui bellezza si conosce ancora troppo poco\u201d. Torneremo senz\u2019altro sulla Guida, in questa occasione resta da dire che dopo l\u2019introduzione di Adriano Alpago Novello ci sono \u201cNote sulle ville della provincia di Belluno fra storia, architettura e ambiente\u201d di Simonetta Chiovaro; \u201cVille e non solo. Consigli per l\u2019uso della guida\u201d di Paolo Conte; una serie di avvertenze e quindi la descrizione dei dieci itinerari, seguita dal contributo di Cesare Lasen: \u201cDall\u2019arte alla natura: una prospettiva sempre aperta sul Parco Nazionale delle Dolomiti Bellunesi\u201d. E concludiamo con i titoli degli itinerari proposti: \u201cDa Pedavena a Feltre, attraverso il \u2019Canalet\u2019\u201d; \u201cLungo la \u2018Pedemontana\u2019 fino alla Valle di Lam\u00e8n\u201d; \u201cLe ville del viale di Cart, la \u2018Strada dei boschi\u2019 e le pendici di monte San Mauro\u201d; \u201cFra Santa Giustina e San Gregorio nelle Alpi\u201d; \u201cDa Cesiomaggiore ai Monti del Sole\u201d; \u201cIl territorio di Mel e la Sinistra Piave\u201d; \u201cSulle due sponde del Piave\u201d; \u201cDa Belluno ad Agordo attraversando Sedico\u201d; \u201cIntorno alla citt\u00e0 di Belluno: dai luoghi di Dino Buzzati al Castionese\u201d; \u201cBelluno, l\u2019Oltrardo ed una lunga deviazione verso il Cadore\u201d.<\/p>\n\n\t\t\t<style type='text\/css'>\n\t\t\t\t#gallery-8 {\n\t\t\t\t\tmargin: auto;\n\t\t\t\t}\n\t\t\t\t#gallery-8 .gallery-item {\n\t\t\t\t\tfloat: left;\n\t\t\t\t\tmargin-top: 10px;\n\t\t\t\t\ttext-align: center;\n\t\t\t\t\twidth: 14%;\n\t\t\t\t}\n\t\t\t\t#gallery-8 img {\n\t\t\t\t\tborder: 2px solid #cfcfcf;\n\t\t\t\t}\n\t\t\t\t#gallery-8 .gallery-caption {\n\t\t\t\t\tmargin-left: 0;\n\t\t\t\t}\n\t\t\t\t\/* see gallery_shortcode() in wp-includes\/media.php *\/\n\t\t\t<\/style>\n\t\t<div id='gallery-8' class='dt-gallery-container gallery galleryid-207858 gallery-columns-7 gallery-size-thumbnail'><dl class='gallery-item'>\n\t\t\t\t<dt class='gallery-icon landscape'>\n\t\t\t\t\t<a class=\"rollover rollover-zoom dt-pswp-item\" title=\"182787732_3130003687230395_4417644964639955485_n\" data-dt-img-description=\"\" data-large_image_width=\"200\" data-large_image_height=\"200\"href='https:\/\/www.radiopiu.net\/wordpress\/wp-content\/uploads\/2021\/05\/182787732_3130003687230395_4417644964639955485_n.jpg'><img loading=\"lazy\" decoding=\"async\" width=\"150\" height=\"150\" src=\"https:\/\/www.radiopiu.net\/wordpress\/wp-content\/uploads\/2021\/05\/182787732_3130003687230395_4417644964639955485_n-150x150.jpg\" class=\"attachment-thumbnail size-thumbnail\" alt=\"\" srcset=\"https:\/\/www.radiopiu.net\/wordpress\/wp-content\/uploads\/2021\/05\/182787732_3130003687230395_4417644964639955485_n-150x150.jpg 150w, https:\/\/www.radiopiu.net\/wordpress\/wp-content\/uploads\/2021\/05\/182787732_3130003687230395_4417644964639955485_n.jpg 200w\" sizes=\"auto, (max-width: 150px) 100vw, 150px\" \/><\/a>\n\t\t\t\t<\/dt><\/dl><dl class='gallery-item'>\n\t\t\t\t<dt class='gallery-icon portrait'>\n\t\t\t\t\t<a class=\"rollover rollover-zoom dt-pswp-item\" title=\"182454983_1099310527262017_7588275362645247202_n\" data-dt-img-description=\"\" data-large_image_width=\"2239\" data-large_image_height=\"2560\"href='https:\/\/www.radiopiu.net\/wordpress\/wp-content\/uploads\/2021\/05\/182454983_1099310527262017_7588275362645247202_n-scaled.jpg'><img loading=\"lazy\" decoding=\"async\" width=\"150\" height=\"150\" src=\"https:\/\/www.radiopiu.net\/wordpress\/wp-content\/uploads\/2021\/05\/182454983_1099310527262017_7588275362645247202_n-150x150.jpg\" class=\"attachment-thumbnail size-thumbnail\" alt=\"\" \/><\/a>\n\t\t\t\t<\/dt><\/dl><dl class='gallery-item'>\n\t\t\t\t<dt class='gallery-icon landscape'>\n\t\t\t\t\t<a class=\"rollover rollover-zoom dt-pswp-item\" title=\"183048702_1128219767657372_8898331710202071647_n\" data-dt-img-description=\"\" data-large_image_width=\"2560\" data-large_image_height=\"1603\"href='https:\/\/www.radiopiu.net\/wordpress\/wp-content\/uploads\/2021\/05\/183048702_1128219767657372_8898331710202071647_n-scaled.jpg'><img loading=\"lazy\" decoding=\"async\" width=\"150\" height=\"150\" src=\"https:\/\/www.radiopiu.net\/wordpress\/wp-content\/uploads\/2021\/05\/183048702_1128219767657372_8898331710202071647_n-150x150.jpg\" class=\"attachment-thumbnail size-thumbnail\" alt=\"\" \/><\/a>\n\t\t\t\t<\/dt><\/dl><dl class='gallery-item'>\n\t\t\t\t<dt class='gallery-icon portrait'>\n\t\t\t\t\t<a class=\"rollover rollover-zoom dt-pswp-item\" title=\"182530549_468531751091949_1042587855284037994_n\" data-dt-img-description=\"\" data-large_image_width=\"185\" data-large_image_height=\"272\"href='https:\/\/www.radiopiu.net\/wordpress\/wp-content\/uploads\/2021\/05\/182530549_468531751091949_1042587855284037994_n.jpg'><img loading=\"lazy\" decoding=\"async\" width=\"150\" height=\"150\" src=\"https:\/\/www.radiopiu.net\/wordpress\/wp-content\/uploads\/2021\/05\/182530549_468531751091949_1042587855284037994_n-150x150.jpg\" class=\"attachment-thumbnail size-thumbnail\" alt=\"\" \/><\/a>\n\t\t\t\t<\/dt><\/dl><dl class='gallery-item'>\n\t\t\t\t<dt class='gallery-icon portrait'>\n\t\t\t\t\t<a class=\"rollover rollover-zoom dt-pswp-item\" title=\"182538543_1046684352404802_8927751897563240777_n\" data-dt-img-description=\"\" data-large_image_width=\"215\" data-large_image_height=\"280\"href='https:\/\/www.radiopiu.net\/wordpress\/wp-content\/uploads\/2021\/05\/182538543_1046684352404802_8927751897563240777_n.jpg'><img loading=\"lazy\" decoding=\"async\" width=\"150\" height=\"150\" src=\"https:\/\/www.radiopiu.net\/wordpress\/wp-content\/uploads\/2021\/05\/182538543_1046684352404802_8927751897563240777_n-150x150.jpg\" class=\"attachment-thumbnail size-thumbnail\" alt=\"\" \/><\/a>\n\t\t\t\t<\/dt><\/dl><dl class='gallery-item'>\n\t\t\t\t<dt class='gallery-icon landscape'>\n\t\t\t\t\t<a class=\"rollover rollover-zoom dt-pswp-item\" title=\"182970007_515070212838134_790310960068008624_n\" data-dt-img-description=\"\" data-large_image_width=\"2560\" data-large_image_height=\"1712\"href='https:\/\/www.radiopiu.net\/wordpress\/wp-content\/uploads\/2021\/05\/182970007_515070212838134_790310960068008624_n-scaled.jpg'><img loading=\"lazy\" decoding=\"async\" width=\"150\" height=\"150\" src=\"https:\/\/www.radiopiu.net\/wordpress\/wp-content\/uploads\/2021\/05\/182970007_515070212838134_790310960068008624_n-150x150.jpg\" class=\"attachment-thumbnail size-thumbnail\" alt=\"\" \/><\/a>\n\t\t\t\t<\/dt><\/dl><dl class='gallery-item'>\n\t\t\t\t<dt class='gallery-icon landscape'>\n\t\t\t\t\t<a class=\"rollover rollover-zoom dt-pswp-item\" title=\"182704164_3617758551664132_4243585836828767301_n\" data-dt-img-description=\"\" data-large_image_width=\"2544\" data-large_image_height=\"2113\"href='https:\/\/www.radiopiu.net\/wordpress\/wp-content\/uploads\/2021\/05\/182704164_3617758551664132_4243585836828767301_n.jpg'><img loading=\"lazy\" decoding=\"async\" width=\"150\" height=\"150\" src=\"https:\/\/www.radiopiu.net\/wordpress\/wp-content\/uploads\/2021\/05\/182704164_3617758551664132_4243585836828767301_n-150x150.jpg\" class=\"attachment-thumbnail size-thumbnail\" alt=\"\" \/><\/a>\n\t\t\t\t<\/dt><\/dl><br style=\"clear: both\" \/><dl class='gallery-item'>\n\t\t\t\t<dt class='gallery-icon portrait'>\n\t\t\t\t\t<a class=\"rollover rollover-zoom dt-pswp-item\" title=\"182923904_2983760778522764_2354873892591473631_n\" data-dt-img-description=\"\" data-large_image_width=\"176\" data-large_image_height=\"286\"href='https:\/\/www.radiopiu.net\/wordpress\/wp-content\/uploads\/2021\/05\/182923904_2983760778522764_2354873892591473631_n.jpg'><img loading=\"lazy\" decoding=\"async\" width=\"150\" height=\"150\" src=\"https:\/\/www.radiopiu.net\/wordpress\/wp-content\/uploads\/2021\/05\/182923904_2983760778522764_2354873892591473631_n-150x150.jpg\" class=\"attachment-thumbnail size-thumbnail\" alt=\"\" \/><\/a>\n\t\t\t\t<\/dt><\/dl><dl class='gallery-item'>\n\t\t\t\t<dt class='gallery-icon landscape'>\n\t\t\t\t\t<a class=\"rollover rollover-zoom dt-pswp-item\" title=\"182453229_470931120784797_4703041303517869315_n\" data-dt-img-description=\"\" data-large_image_width=\"2486\" data-large_image_height=\"2328\"href='https:\/\/www.radiopiu.net\/wordpress\/wp-content\/uploads\/2021\/05\/182453229_470931120784797_4703041303517869315_n.jpg'><img loading=\"lazy\" decoding=\"async\" width=\"150\" height=\"150\" src=\"https:\/\/www.radiopiu.net\/wordpress\/wp-content\/uploads\/2021\/05\/182453229_470931120784797_4703041303517869315_n-150x150.jpg\" class=\"attachment-thumbnail size-thumbnail\" alt=\"\" \/><\/a>\n\t\t\t\t<\/dt><\/dl><dl class='gallery-item'>\n\t\t\t\t<dt class='gallery-icon landscape'>\n\t\t\t\t\t<a class=\"rollover rollover-zoom dt-pswp-item\" title=\"182800199_767063933995421_8142911808359140388_n\" data-dt-img-description=\"\" data-large_image_width=\"189\" data-large_image_height=\"164\"href='https:\/\/www.radiopiu.net\/wordpress\/wp-content\/uploads\/2021\/05\/182800199_767063933995421_8142911808359140388_n.jpg'><img loading=\"lazy\" decoding=\"async\" width=\"150\" height=\"150\" src=\"https:\/\/www.radiopiu.net\/wordpress\/wp-content\/uploads\/2021\/05\/182800199_767063933995421_8142911808359140388_n-150x150.jpg\" class=\"attachment-thumbnail size-thumbnail\" alt=\"\" \/><\/a>\n\t\t\t\t<\/dt><\/dl><dl class='gallery-item'>\n\t\t\t\t<dt class='gallery-icon portrait'>\n\t\t\t\t\t<a class=\"rollover rollover-zoom dt-pswp-item\" title=\"182649160_909015886341377_2510599796664670810_n\" data-dt-img-description=\"\" data-large_image_width=\"149\" data-large_image_height=\"184\"href='https:\/\/www.radiopiu.net\/wordpress\/wp-content\/uploads\/2021\/05\/182649160_909015886341377_2510599796664670810_n.jpg'><img loading=\"lazy\" decoding=\"async\" width=\"149\" height=\"150\" src=\"https:\/\/www.radiopiu.net\/wordpress\/wp-content\/uploads\/2021\/05\/182649160_909015886341377_2510599796664670810_n-149x150.jpg\" class=\"attachment-thumbnail size-thumbnail\" alt=\"\" \/><\/a>\n\t\t\t\t<\/dt><\/dl><dl class='gallery-item'>\n\t\t\t\t<dt class='gallery-icon landscape'>\n\t\t\t\t\t<a class=\"rollover rollover-zoom dt-pswp-item\" title=\"182718385_203544711399543_5843772965959179123_n\" data-dt-img-description=\"\" data-large_image_width=\"100\" data-large_image_height=\"100\"href='https:\/\/www.radiopiu.net\/wordpress\/wp-content\/uploads\/2021\/05\/182718385_203544711399543_5843772965959179123_n.jpg'><img loading=\"lazy\" decoding=\"async\" width=\"100\" height=\"100\" src=\"https:\/\/www.radiopiu.net\/wordpress\/wp-content\/uploads\/2021\/05\/182718385_203544711399543_5843772965959179123_n.jpg\" class=\"attachment-thumbnail size-thumbnail\" alt=\"\" \/><\/a>\n\t\t\t\t<\/dt><\/dl><dl class='gallery-item'>\n\t\t\t\t<dt class='gallery-icon portrait'>\n\t\t\t\t\t<a class=\"rollover rollover-zoom dt-pswp-item\" title=\"182983869_932390924181352_8175333369749491135_n\" data-dt-img-description=\"\" data-large_image_width=\"1788\" data-large_image_height=\"2560\"href='https:\/\/www.radiopiu.net\/wordpress\/wp-content\/uploads\/2021\/05\/182983869_932390924181352_8175333369749491135_n-scaled.jpg'><img loading=\"lazy\" decoding=\"async\" width=\"150\" height=\"150\" src=\"https:\/\/www.radiopiu.net\/wordpress\/wp-content\/uploads\/2021\/05\/182983869_932390924181352_8175333369749491135_n-150x150.jpg\" class=\"attachment-thumbnail size-thumbnail\" alt=\"\" \/><\/a>\n\t\t\t\t<\/dt><\/dl><dl class='gallery-item'>\n\t\t\t\t<dt class='gallery-icon portrait'>\n\t\t\t\t\t<a class=\"rollover rollover-zoom dt-pswp-item\" title=\"182543430_979983082809510_2022201239012875453_n\" data-dt-img-description=\"\" data-large_image_width=\"1562\" data-large_image_height=\"2025\"href='https:\/\/www.radiopiu.net\/wordpress\/wp-content\/uploads\/2021\/05\/182543430_979983082809510_2022201239012875453_n.jpg'><img loading=\"lazy\" decoding=\"async\" width=\"150\" height=\"150\" src=\"https:\/\/www.radiopiu.net\/wordpress\/wp-content\/uploads\/2021\/05\/182543430_979983082809510_2022201239012875453_n-150x150.jpg\" class=\"attachment-thumbnail size-thumbnail\" alt=\"\" \/><\/a>\n\t\t\t\t<\/dt><\/dl><br style=\"clear: both\" \/>\n\t\t\t<\/div>\n\n<p>NELLE FOTO (riproduzioni dal libro\u201dLe ville nel paesaggio prealpino della Provincia di Belluno\u201d, Rete del dono, Corriere delle Alpi, Il Gazzettino, Linkedin, Radio Cortina, Belluno-press): copertina della Guida; di Girolamo Pellegrini: particolare di \u201cGiochi di Putti\u201d a Palazzo Poli De Pol di San Pietro di Cadore; panoramica del Palazzo che risale al XVII secolo; veduta della facciata principale della Villa Poli De Pol del XVIII secolo; Villabruna a Cass\u00f2l di Santa Giustina nella litografia del 1876 di Marco Moro; litografia di Villa Angeli a Fonzaso, pure opera di Moro nello stesso anno; scorcio della facciata sud di Villa Banchieri a Tast di Farra, la prima proposta nella Guida; personaggi che hanno concorso alla realizzazione dell\u2019importante opera libraria: Adriano Alpago Novello; Cesare Lasen; il fotografo Mauro De Santi; la prof. Nicoletta Comar gi\u00e0 assessora provinciale ai Beni culturali; l\u2019allora presidente della Provincia di Belluno, Oscar De Bona; il curatore e storico Paolo Conte; la prof. Simonetta Chiovaro.<\/p>\n<p>&nbsp;<\/p>\n<\/div>\n<p>&nbsp;<\/p>\n<hr \/>\n<p>&nbsp;<\/p>\n<blockquote>\n<h2>FANTASTICHE DOLOMITI, NUOVA STAGIONE. APPUNTAMENTO QUINDICINALE IL GIOVEDI ALLE 10.30 E 19.00<\/h2>\n<\/blockquote>\n<h2><span style=\"color: #ff0000;\">PUNTATA NUMERO 12\u00a0 del\u00a0 06 MAGGIO 2021<\/span><\/h2>\n<p><strong><a href=\"https:\/\/www.radiopiu.net\/wordpress\/raccolta-completa\/121869645_648442942701436_4748562330148520081_n-2\/\" rel=\"attachment wp-att-196402\"><img loading=\"lazy\" decoding=\"async\" class=\"wp-image-196402 alignleft\" src=\"https:\/\/www.radiopiu.net\/wordpress\/wp-content\/uploads\/2021\/02\/121869645_648442942701436_4748562330148520081_n-1-300x169.jpg\" alt=\"\" width=\"160\" height=\"90\" srcset=\"https:\/\/www.radiopiu.net\/wordpress\/wp-content\/uploads\/2021\/02\/121869645_648442942701436_4748562330148520081_n-1-300x169.jpg 300w, https:\/\/www.radiopiu.net\/wordpress\/wp-content\/uploads\/2021\/02\/121869645_648442942701436_4748562330148520081_n-1-1024x576.jpg 1024w, https:\/\/www.radiopiu.net\/wordpress\/wp-content\/uploads\/2021\/02\/121869645_648442942701436_4748562330148520081_n-1-768x432.jpg 768w, https:\/\/www.radiopiu.net\/wordpress\/wp-content\/uploads\/2021\/02\/121869645_648442942701436_4748562330148520081_n-1-1536x864.jpg 1536w, https:\/\/www.radiopiu.net\/wordpress\/wp-content\/uploads\/2021\/02\/121869645_648442942701436_4748562330148520081_n-1.jpg 1707w\" sizes=\"auto, (max-width: 160px) 100vw, 160px\" \/><\/a>OSPITE IL PRESIDENTE CLAUDIO CANOVA<\/strong><\/p>\n<h3>LA RACCOLTA COMPLETA<\/h3>\n<p>&nbsp;<\/p>\n<audio class=\"wp-audio-shortcode\" id=\"audio-207858-13\" preload=\"none\" style=\"width: 100%;\" controls=\"controls\"><source type=\"audio\/mpeg\" src=\"https:\/\/www.radiopiu.net\/wordpress\/wp-content\/uploads\/2021\/05\/fantastiche-dolomiti-6-maggio.mp3?_=13\" \/><a href=\"https:\/\/www.radiopiu.net\/wordpress\/wp-content\/uploads\/2021\/05\/fantastiche-dolomiti-6-maggio.mp3\">https:\/\/www.radiopiu.net\/wordpress\/wp-content\/uploads\/2021\/05\/fantastiche-dolomiti-6-maggio.mp3<\/a><\/audio>\n<p>&nbsp;<\/p>\n<p>https:\/\/www.radiopiu.net\/wordpress\/raccolta-completa\/<\/p>\n<p>&nbsp;<\/p>\n<p>&nbsp;<\/p>\n<div>\n<hr \/>\n<\/div>\n<p>&nbsp;<\/p>\n<h2><strong><span style=\"color: #ff0000;\">\u00a0ALLA RADIO<\/span><\/strong><\/h2>\n<div data-offset-key=\"5n5nl-0-0\">\n<h3>Per ricevere gli aggiornamenti in tempo reale delle notizie pubblicate alla radio e sul sito di radio pi\u00f9 iscriviti al gruppo RADIO PIU INFORMAZIONE su Telegram.\u00a0\u00a0<a href=\"https:\/\/t.me\/radiopiu\">clicca qui<\/a><\/h3>\n<p>&nbsp;<\/p>\n<p><strong><a class=\"dt-pswp-item\" href=\"https:\/\/www.radiopiu.net\/wordpress\/wp-content\/uploads\/2020\/01\/logo-csa.jpg\" data-dt-img-description=\"\" data-large_image_width=\"1167\" data-large_image_height=\"574\"><img loading=\"lazy\" decoding=\"async\" class=\"wp-image-113364 alignleft\" src=\"https:\/\/www.radiopiu.net\/wordpress\/wp-content\/uploads\/2020\/01\/logo-csa-300x148.jpg\" alt=\"\" width=\"182\" height=\"90\" srcset=\"https:\/\/www.radiopiu.net\/wordpress\/wp-content\/uploads\/2020\/01\/logo-csa-300x148.jpg 300w, https:\/\/www.radiopiu.net\/wordpress\/wp-content\/uploads\/2020\/01\/logo-csa-1024x504.jpg 1024w, https:\/\/www.radiopiu.net\/wordpress\/wp-content\/uploads\/2020\/01\/logo-csa-768x378.jpg 768w, https:\/\/www.radiopiu.net\/wordpress\/wp-content\/uploads\/2020\/01\/logo-csa.jpg 1167w\" sizes=\"auto, (max-width: 182px) 100vw, 182px\" \/><\/a>AGORDO<\/strong> Appuntahttps:\/\/www.radiopiu.net\/wordpress\/erbe-e-piante-curative-il-mandorlo\/mento mensile (primo venerdi del mese) con lo speciale condotto da Claudio<\/p>\n<p>Fontanive, in studio Fabrizio Campedel e Paolo Chissal\u00e8.<\/p>\n<\/div>\n<p><strong>PUNTATA DI APRILE<\/strong><\/p>\n<blockquote><audio class=\"wp-audio-shortcode\" id=\"audio-207858-14\" preload=\"none\" style=\"width: 100%;\" controls=\"controls\"><source type=\"audio\/mpeg\" src=\"https:\/\/www.radiopiu.net\/wordpress\/wp-content\/uploads\/2021\/04\/ca-sol-lux-aprile-2021.mp3?_=14\" \/><a href=\"https:\/\/www.radiopiu.net\/wordpress\/wp-content\/uploads\/2021\/04\/ca-sol-lux-aprile-2021.mp3\">https:\/\/www.radiopiu.net\/wordpress\/wp-content\/uploads\/2021\/04\/ca-sol-lux-aprile-2021.mp3<\/a><\/audio>\n<h2>RACCOLTA COMPLETA<\/h2>\n<\/blockquote>\n<blockquote class=\"wp-embedded-content\" data-secret=\"HsfRB9Zstx\"><p><a href=\"https:\/\/www.radiopiu.net\/wordpress\/cassa-solidarieta-luxottica-puntata-del-16-ottobre-2020\/\">CASSA SOLIDARIET\u00c0 LUXOTTICA &#8211; PUNTATA DEL 20 NOVEMBRE 2020<\/a><\/p><\/blockquote>\n<p><iframe loading=\"lazy\" class=\"wp-embedded-content\" sandbox=\"allow-scripts\" security=\"restricted\" style=\"position: absolute; clip: rect(1px, 1px, 1px, 1px);\" title=\"&#8220;CASSA SOLIDARIET\u00c0 LUXOTTICA &#8211; PUNTATA DEL 20 NOVEMBRE 2020&#8221; &#8212; Radio Pi\u00f9\" src=\"https:\/\/www.radiopiu.net\/wordpress\/cassa-solidarieta-luxottica-puntata-del-16-ottobre-2020\/embed\/#?secret=HsfRB9Zstx\" data-secret=\"HsfRB9Zstx\" width=\"600\" height=\"338\" frameborder=\"0\" marginwidth=\"0\" marginheight=\"0\" scrolling=\"no\"><\/iframe><\/p>\n<div><\/div>\n<p>&nbsp;<\/p>\n<p>&nbsp;<\/p>\n<hr \/>\n<div class=\"page-title-head hgroup\">\n<div>\n<blockquote>\n<h3>AGORA&#8217; AGORDINA&#8230; LA NOSTA PIAZA LADINA RACCOLTA COMPLETA PRIMA STAGIONE<\/h3>\n<\/blockquote>\n<p><strong>TAIBON<\/strong> Nuovo programma alla radio con i giovani che dimostrano di amare territorio, storia, usi, costumi e soprattutto il linguaggio per non perderlo nei troppi termini americanizzati del web. I Musla (Moviment de Union e Standardisazion Linguistica del Agordin) presenta il nuovo programma di divulgazione e sensibilizzazione linguistica interamente in ladino agordino. Dal titolo Agor\u00c0gordina, la nosta piaza ladina, nasce con l\u2019obiettivo di essere un\u2019agor\u00e0 appunto, una piazza centrale in cui spiegare, ragionare e rispondere a domande come: che lingue parliamo in Agordino? Cosa vuol dire \u201cladino\u201d? Perch\u00e9 la questione della lingua \u00e8 cos\u00ec fondamentale e irrinunciabile nella nostra vita?\u00a0 PAGINA FACEBOOK <span style=\"color: #0000ff;\"><strong><a style=\"color: #0000ff;\" href=\"https:\/\/www.facebook.com\/groups\/395316224475304\">CLICCA QUI<\/a><\/strong><\/span><\/p>\n<p><strong><span style=\"color: #0000ff;\"><img loading=\"lazy\" decoding=\"async\" class=\"alignleft\" src=\"https:\/\/www.radiopiu.net\/wordpress\/wp-content\/uploads\/2021\/03\/db631d3b-7003-47af-8b77-6f8cbe83c59b.jpg\" width=\"95\" height=\"39\" \/><\/span><\/strong><\/p>\n<p><strong><span style=\"color: #0000ff;\">PUNTATA 10\u00a0<\/span> \u00a0&#8220;Final de Taibon, linguaggio paesaggio&#8221;<\/strong><\/p>\n<p>&nbsp;<\/p>\n<audio class=\"wp-audio-shortcode\" id=\"audio-207858-15\" preload=\"none\" style=\"width: 100%;\" controls=\"controls\"><source type=\"audio\/mpeg\" src=\"https:\/\/www.radiopiu.net\/wordpress\/wp-content\/uploads\/2021\/05\/Pontada-10-Final-de-staion-Paesaggio-linguistico.mp3?_=15\" \/><a href=\"https:\/\/www.radiopiu.net\/wordpress\/wp-content\/uploads\/2021\/05\/Pontada-10-Final-de-staion-Paesaggio-linguistico.mp3\">https:\/\/www.radiopiu.net\/wordpress\/wp-content\/uploads\/2021\/05\/Pontada-10-Final-de-staion-Paesaggio-linguistico.mp3<\/a><\/audio>\n<blockquote>\n<h2>LA RACCOLTA COMPLETA<\/h2>\n<\/blockquote>\n<blockquote class=\"wp-embedded-content\" data-secret=\"qBdvgYcti5\"><p><a href=\"https:\/\/www.radiopiu.net\/wordpress\/agora-agordina-la-nosta-piaza\/\">AGORA&#8217; AGORDINA&#8230; LA NOSTA PIAZA LADINA RACCOLTA COMPLETA PRIMA STAGIONE<\/a><\/p><\/blockquote>\n<p><iframe loading=\"lazy\" class=\"wp-embedded-content\" sandbox=\"allow-scripts\" security=\"restricted\" style=\"position: absolute; clip: rect(1px, 1px, 1px, 1px);\" title=\"&#8220;AGORA&#8217; AGORDINA&#8230; LA NOSTA PIAZA LADINA RACCOLTA COMPLETA PRIMA STAGIONE&#8221; &#8212; Radio Pi\u00f9\" src=\"https:\/\/www.radiopiu.net\/wordpress\/agora-agordina-la-nosta-piaza\/embed\/#?secret=qBdvgYcti5\" data-secret=\"qBdvgYcti5\" width=\"600\" height=\"338\" frameborder=\"0\" marginwidth=\"0\" marginheight=\"0\" scrolling=\"no\"><\/iframe><\/p>\n<p>&nbsp;<\/p>\n<hr \/>\n<p>&nbsp;<\/p>\n<p>&nbsp;<\/p>\n<blockquote>\n<h3 class=\"kvgmc6g5 cxmmr5t8 oygrvhab hcukyx3x c1et5uql\"><span style=\"color: #0000ff;\">INFORMAZIONE il canale su TELEGRAM informazione di prima mano e in tempo reale. iscriviti ed aiutaci a farlo conoscere\u00a0<\/span><\/h3>\n<\/blockquote>\n<h2><a href=\"https:\/\/www.radiopiu.net\/wordpress\/fondi-per-la-scuola\/soldi-scuola\/\" rel=\"attachment wp-att-207306\"><img loading=\"lazy\" decoding=\"async\" class=\"wp-image-207306 alignleft\" src=\"https:\/\/www.radiopiu.net\/wordpress\/wp-content\/uploads\/2021\/05\/soldi-scuola-300x169.jpeg\" alt=\"\" width=\"193\" height=\"109\" srcset=\"https:\/\/www.radiopiu.net\/wordpress\/wp-content\/uploads\/2021\/05\/soldi-scuola-300x169.jpeg 300w, https:\/\/www.radiopiu.net\/wordpress\/wp-content\/uploads\/2021\/05\/soldi-scuola.jpeg 626w\" sizes=\"auto, (max-width: 193px) 100vw, 193px\" \/><\/a>007 IN CONDOTTA CON LA PROF. MARIA ROSA SALMAZO IL LUNEDI ALLE 10,30 E ALLE 19.00 LA DOMENICA ALLE 8 DEL MATTINO. NONA STAGIONE<\/h2>\n<p><span style=\"color: #ff0000;\"><strong>PUNTATA DEL 03 MAGGIO 2021\u00a0<\/strong><\/span><\/p>\n<p>&nbsp;<\/p>\n<audio class=\"wp-audio-shortcode\" id=\"audio-207858-16\" preload=\"none\" style=\"width: 100%;\" controls=\"controls\"><source type=\"audio\/mpeg\" src=\"https:\/\/www.radiopiu.net\/wordpress\/wp-content\/uploads\/2021\/05\/007-3-maggio.mp3?_=16\" \/><a href=\"https:\/\/www.radiopiu.net\/wordpress\/wp-content\/uploads\/2021\/05\/007-3-maggio.mp3\">https:\/\/www.radiopiu.net\/wordpress\/wp-content\/uploads\/2021\/05\/007-3-maggio.mp3<\/a><\/audio>\n<h2>LA RACCOLTA COMPLETA<\/h2>\n<blockquote class=\"wp-embedded-content\" data-secret=\"Xgj3CAoBII\"><p><a href=\"https:\/\/www.radiopiu.net\/wordpress\/007incondotta-9\/\">007 in condotta<\/a><\/p><\/blockquote>\n<p><iframe loading=\"lazy\" class=\"wp-embedded-content\" sandbox=\"allow-scripts\" security=\"restricted\" style=\"position: absolute; clip: rect(1px, 1px, 1px, 1px);\" title=\"&#8220;007 in condotta&#8221; &#8212; Radio Pi\u00f9\" src=\"https:\/\/www.radiopiu.net\/wordpress\/007incondotta-9\/embed\/#?secret=Xgj3CAoBII\" data-secret=\"Xgj3CAoBII\" width=\"600\" height=\"338\" frameborder=\"0\" marginwidth=\"0\" marginheight=\"0\" scrolling=\"no\"><\/iframe><\/p>\n<blockquote><p>&nbsp;<\/p><\/blockquote>\n<p>&nbsp;<\/p>\n<p>&nbsp;<\/p>\n<hr \/>\n<h1><span style=\"color: #ff0000;\"><strong>\u00a0<\/strong><\/span><\/h1>\n<h1><span style=\"color: #ff0000;\"><strong>IN VIVO VERSO 2020-21 <\/strong><\/span><strong style=\"font-size: 14px;\">LA RACCOLTA COMPLETA<\/strong><\/h1>\n<blockquote class=\"wp-embedded-content\" data-secret=\"vncIusGw6B\"><p><a href=\"https:\/\/www.radiopiu.net\/wordpress\/in-vivo-verso\/\">In Vivo Verso<\/a><\/p><\/blockquote>\n<p><iframe loading=\"lazy\" class=\"wp-embedded-content\" sandbox=\"allow-scripts\" security=\"restricted\" style=\"position: absolute; clip: rect(1px, 1px, 1px, 1px);\" title=\"&#8220;In Vivo Verso&#8221; &#8212; Radio Pi\u00f9\" src=\"https:\/\/www.radiopiu.net\/wordpress\/in-vivo-verso\/embed\/#?secret=vncIusGw6B\" data-secret=\"vncIusGw6B\" width=\"600\" height=\"338\" frameborder=\"0\" marginwidth=\"0\" marginheight=\"0\" scrolling=\"no\"><\/iframe><\/p>\n<p>&nbsp;<\/p>\n<hr \/>\n<p>&nbsp;<\/p>\n<p>&nbsp;<\/p>\n<h2><span style=\"color: #ff0000;\"><a href=\"https:\/\/www.radiopiu.net\/wordpress\/giornale-radiopiu-05-gennaio-2021-direttore-mirko-mezzacasa\/133200401_100838761953611_1258544160541445132_o-2\/\" rel=\"attachment wp-att-183078\"><img loading=\"lazy\" decoding=\"async\" class=\" wp-image-183078 alignleft\" src=\"https:\/\/www.radiopiu.net\/wordpress\/wp-content\/uploads\/2021\/01\/133200401_100838761953611_1258544160541445132_o-1-300x157.jpg\" alt=\"\" width=\"192\" height=\"101\" srcset=\"https:\/\/www.radiopiu.net\/wordpress\/wp-content\/uploads\/2021\/01\/133200401_100838761953611_1258544160541445132_o-1-300x157.jpg 300w, https:\/\/www.radiopiu.net\/wordpress\/wp-content\/uploads\/2021\/01\/133200401_100838761953611_1258544160541445132_o-1.jpg 526w\" sizes=\"auto, (max-width: 192px) 100vw, 192px\" \/><\/a>GOCCE DI FILOSOFIA, CON CHIARA CAU, CON LISA DE LUCA. <\/span><\/h2>\n<h2><span style=\"color: #ff0000;\">TUTTI I GIORNI DAL LUNEDI AL VENERDI ALLE 6.55 E ALLE 18.55<\/span><\/h2>\n<p><strong>PUNTATA 89<\/strong><\/p>\n<audio class=\"wp-audio-shortcode\" id=\"audio-207858-17\" preload=\"none\" style=\"width: 100%;\" controls=\"controls\"><source type=\"audio\/mpeg\" src=\"https:\/\/www.radiopiu.net\/wordpress\/wp-content\/uploads\/2021\/05\/FI4.mp3?_=17\" \/><a href=\"https:\/\/www.radiopiu.net\/wordpress\/wp-content\/uploads\/2021\/05\/FI4.mp3\">https:\/\/www.radiopiu.net\/wordpress\/wp-content\/uploads\/2021\/05\/FI4.mp3<\/a><\/audio>\n<h3>LA RACCOLTA COMPLETA<\/h3>\n<blockquote class=\"wp-embedded-content\" data-secret=\"h113MkWS29\"><p><a href=\"https:\/\/www.radiopiu.net\/wordpress\/gocce-filosofia\/\">Gocce di filosofia<\/a><\/p><\/blockquote>\n<p><iframe loading=\"lazy\" class=\"wp-embedded-content\" sandbox=\"allow-scripts\" security=\"restricted\" style=\"position: absolute; clip: rect(1px, 1px, 1px, 1px);\" title=\"&#8220;Gocce di filosofia&#8221; &#8212; Radio Pi\u00f9\" src=\"https:\/\/www.radiopiu.net\/wordpress\/gocce-filosofia\/embed\/#?secret=h113MkWS29\" data-secret=\"h113MkWS29\" width=\"600\" height=\"338\" frameborder=\"0\" marginwidth=\"0\" marginheight=\"0\" scrolling=\"no\"><\/iframe><\/p>\n<p>&nbsp;<\/p>\n<hr \/>\n<p>\u200b<\/p>\n<div>\n<h2><span style=\"color: #33cccc;\">I RACCONTI DI PAOLO SOPPELSA il lunedi alle 9.30 e 18.30<\/span><\/h2>\n<blockquote class=\"wp-embedded-content\" data-secret=\"oer73WBHga\"><p><a href=\"https:\/\/www.radiopiu.net\/wordpress\/i-racconti-di-paolo-soppelsa-settantatreesima-puntata\/\">I RACCONTI DI PAOLO SOPPELSA SETTANTATREESIMA PUNTATA<\/a><\/p><\/blockquote>\n<p><iframe loading=\"lazy\" class=\"wp-embedded-content\" sandbox=\"allow-scripts\" security=\"restricted\" style=\"position: absolute; clip: rect(1px, 1px, 1px, 1px);\" title=\"&#8220;I RACCONTI DI PAOLO SOPPELSA SETTANTATREESIMA PUNTATA&#8221; &#8212; Radio Pi\u00f9\" src=\"https:\/\/www.radiopiu.net\/wordpress\/i-racconti-di-paolo-soppelsa-settantatreesima-puntata\/embed\/#?secret=oer73WBHga\" data-secret=\"oer73WBHga\" width=\"600\" height=\"338\" frameborder=\"0\" marginwidth=\"0\" marginheight=\"0\" scrolling=\"no\"><\/iframe><\/p>\n<p>&nbsp;<\/p>\n<p><span style=\"color: #0000ff;\">INFORMAZIONE il canale su TELEGRAM informazione di prima mano e in tempo reale. iscriviti ed aiutaci a farlo conoscere\u00a0<\/span><\/p>\n<h2><span style=\"color: #33cccc;\"><strong>RACCOLTA COMPLETA<\/strong><\/span><\/h2>\n<blockquote class=\"wp-embedded-content\" data-secret=\"Juvtmmf1lq\"><p><a href=\"https:\/\/www.radiopiu.net\/wordpress\/i-racconti-di-paolo-soppelsa\/\">I racconti di Paolo Soppelsa<\/a><\/p><\/blockquote>\n<p><iframe loading=\"lazy\" class=\"wp-embedded-content\" sandbox=\"allow-scripts\" security=\"restricted\" style=\"position: absolute; clip: rect(1px, 1px, 1px, 1px);\" title=\"&#8220;I racconti di Paolo Soppelsa&#8221; &#8212; Radio Pi\u00f9\" src=\"https:\/\/www.radiopiu.net\/wordpress\/i-racconti-di-paolo-soppelsa\/embed\/#?secret=Juvtmmf1lq\" data-secret=\"Juvtmmf1lq\" width=\"600\" height=\"338\" frameborder=\"0\" marginwidth=\"0\" marginheight=\"0\" scrolling=\"no\"><\/iframe><\/p>\n<\/div>\n<div class=\"b654a4as d2edcug0\">\n<hr \/>\n<\/div>\n<p>&nbsp;<\/p>\n<h2><span style=\"color: #800080;\"><strong>LA RASSEGNA STAMPA DA L&#8217;AMICO DEL POPOLO\u00a0<\/strong><\/span><\/h2>\n<h3 class=\"kvgmc6g5 cxmmr5t8 oygrvhab hcukyx3x c1et5uql\"><span style=\"color: #0000ff;\"> INFORMAZIONE il canale su TELEGRAM informazione di prima mano e in tempo reale. iscriviti ed aiutaci a farlo conoscere\u00a0<\/span><\/h3>\n<p><strong><a href=\"https:\/\/www.radiopiu.net\/wordpress\/la-rassegna-stampa-da-lamico-del-popolo-01-maggio-2021\/don-cesare-6\/\" rel=\"attachment wp-att-207098\"><img loading=\"lazy\" decoding=\"async\" class=\" wp-image-207098 alignleft\" src=\"https:\/\/www.radiopiu.net\/wordpress\/wp-content\/uploads\/2021\/05\/DON-CESARE-300x300.jpeg\" alt=\"\" width=\"129\" height=\"129\" srcset=\"https:\/\/www.radiopiu.net\/wordpress\/wp-content\/uploads\/2021\/05\/DON-CESARE-300x300.jpeg 300w, https:\/\/www.radiopiu.net\/wordpress\/wp-content\/uploads\/2021\/05\/DON-CESARE-150x150.jpeg 150w, https:\/\/www.radiopiu.net\/wordpress\/wp-content\/uploads\/2021\/05\/DON-CESARE.jpeg 640w\" sizes=\"auto, (max-width: 129px) 100vw, 129px\" \/><\/a>di Gianni Santomaso<\/strong><\/p>\n<p>OSPITE: Don Cesare Larese<\/p>\n<audio class=\"wp-audio-shortcode\" id=\"audio-207858-18\" preload=\"none\" style=\"width: 100%;\" controls=\"controls\"><source type=\"audio\/mpeg\" src=\"https:\/\/www.radiopiu.net\/wordpress\/wp-content\/uploads\/2021\/05\/RASSEGNA-GIANNI.mp3?_=18\" \/><a href=\"https:\/\/www.radiopiu.net\/wordpress\/wp-content\/uploads\/2021\/05\/RASSEGNA-GIANNI.mp3\">https:\/\/www.radiopiu.net\/wordpress\/wp-content\/uploads\/2021\/05\/RASSEGNA-GIANNI.mp3<\/a><\/audio>\n<p>&nbsp;<\/p>\n<p><strong>LA RACCOLTA COMPLETA<\/strong><\/p>\n<blockquote class=\"wp-embedded-content\" data-secret=\"gHqZmvPUnU\"><p><a href=\"https:\/\/www.radiopiu.net\/wordpress\/rassegna-stampa-di-gianni-santomaso\/\">Rassegna stampa da l&#8217;amico del popolo &#8211; di Gianni Santomaso<\/a><\/p><\/blockquote>\n<p><iframe loading=\"lazy\" class=\"wp-embedded-content\" sandbox=\"allow-scripts\" security=\"restricted\" style=\"position: absolute; clip: rect(1px, 1px, 1px, 1px);\" title=\"&#8220;Rassegna stampa da l&#8217;amico del popolo &#8211; di Gianni Santomaso&#8221; &#8212; Radio Pi\u00f9\" src=\"https:\/\/www.radiopiu.net\/wordpress\/rassegna-stampa-di-gianni-santomaso\/embed\/#?secret=gHqZmvPUnU\" data-secret=\"gHqZmvPUnU\" width=\"600\" height=\"338\" frameborder=\"0\" marginwidth=\"0\" marginheight=\"0\" scrolling=\"no\"><\/iframe><\/p>\n<h3><\/h3>\n<div class=\"b654a4as d2edcug0\">\n<hr \/>\n<\/div>\n<div class=\"b654a4as d2edcug0\"><\/div>\n<div class=\"b654a4as d2edcug0\"><\/div>\n<div class=\"b654a4as d2edcug0\">\n<div dir=\"auto\">\n<div class=\"b654a4as d2edcug0\">\n<h2><span style=\"color: #008000;\">\u00a0<\/span><\/h2>\n<h2><span style=\"color: #008000;\">ERBE E PIANTE CURATIVE&#8230;IL\u00a0 PROGRAMMA DI PAOLA LANCIATO<\/span><\/h2>\n<\/div>\n<p><strong><a href=\"https:\/\/www.radiopiu.net\/wordpress\/erbe-e-piante-curative-puntata-14\/rosa-3\/\" rel=\"attachment wp-att-207535\"><img loading=\"lazy\" decoding=\"async\" class=\" wp-image-207535 alignleft\" src=\"https:\/\/www.radiopiu.net\/wordpress\/wp-content\/uploads\/2021\/05\/ROSA-300x174.jpg\" alt=\"\" width=\"184\" height=\"107\" srcset=\"https:\/\/www.radiopiu.net\/wordpress\/wp-content\/uploads\/2021\/05\/ROSA-300x174.jpg 300w, https:\/\/www.radiopiu.net\/wordpress\/wp-content\/uploads\/2021\/05\/ROSA-1024x594.jpg 1024w, https:\/\/www.radiopiu.net\/wordpress\/wp-content\/uploads\/2021\/05\/ROSA-768x446.jpg 768w, https:\/\/www.radiopiu.net\/wordpress\/wp-content\/uploads\/2021\/05\/ROSA-1536x891.jpg 1536w, https:\/\/www.radiopiu.net\/wordpress\/wp-content\/uploads\/2021\/05\/ROSA.jpg 1920w\" sizes=\"auto, (max-width: 184px) 100vw, 184px\" \/><\/a><\/strong><strong>PUNTATA 14 &#8211; LA ROSA<\/strong><\/p>\n<audio class=\"wp-audio-shortcode\" id=\"audio-207858-19\" preload=\"none\" style=\"width: 100%;\" controls=\"controls\"><source type=\"audio\/mpeg\" src=\"https:\/\/www.radiopiu.net\/wordpress\/wp-content\/uploads\/2021\/05\/La-rosa-4-maggioM-1.mp3?_=19\" \/><a href=\"https:\/\/www.radiopiu.net\/wordpress\/wp-content\/uploads\/2021\/05\/La-rosa-4-maggioM-1.mp3\">https:\/\/www.radiopiu.net\/wordpress\/wp-content\/uploads\/2021\/05\/La-rosa-4-maggioM-1.mp3<\/a><\/audio>\n<p>&nbsp;<\/p>\n<h3><strong>LA RACCOLTA COMPLETA\u00a0<\/strong><\/h3>\n<blockquote class=\"wp-embedded-content\" data-secret=\"gIMwBzRDMy\"><p><a href=\"https:\/\/www.radiopiu.net\/wordpress\/erbe-e-piante-curative-il-mandorlo\/\">L\u2019ERBA VOGLIO DEL GIARDINO DEL RE\u2026 ERBE, FIORI E PIANTE DI E CON PAOLA LANCIATO<\/a><\/p><\/blockquote>\n<p><iframe loading=\"lazy\" class=\"wp-embedded-content\" sandbox=\"allow-scripts\" security=\"restricted\" style=\"position: absolute; clip: rect(1px, 1px, 1px, 1px);\" title=\"&#8220;L\u2019ERBA VOGLIO DEL GIARDINO DEL RE\u2026 ERBE, FIORI E PIANTE DI E CON PAOLA LANCIATO&#8221; &#8212; Radio Pi\u00f9\" src=\"https:\/\/www.radiopiu.net\/wordpress\/erbe-e-piante-curative-il-mandorlo\/embed\/#?secret=gIMwBzRDMy\" data-secret=\"gIMwBzRDMy\" width=\"600\" height=\"338\" frameborder=\"0\" marginwidth=\"0\" marginheight=\"0\" scrolling=\"no\"><\/iframe><\/p>\n<h1><\/h1>\n<hr \/>\n<p>&nbsp;<\/p>\n<div>\n<h2><strong>LE\u00a0 PUNTATE di Luisa Alchini di Leggermente Bellunesi, la domenica alle 11, <span style=\"color: #0000ff;\">IL MARTEDI IN PRIMA EDIZIONE\u00a0<\/span> alle 10.30 e alle 19.00<\/strong><\/h2>\n<p><strong><a href=\"https:\/\/www.radiopiu.net\/wordpress\/leggermente-bellunesi-04-maggio-2021\/181150987_1641870886000972_5780854326229668407_n\/\" rel=\"attachment wp-att-207540\"><img loading=\"lazy\" decoding=\"async\" class=\" wp-image-207540 alignleft\" src=\"https:\/\/www.radiopiu.net\/wordpress\/wp-content\/uploads\/2021\/05\/181150987_1641870886000972_5780854326229668407_n-206x300.jpg\" alt=\"\" width=\"89\" height=\"130\" srcset=\"https:\/\/www.radiopiu.net\/wordpress\/wp-content\/uploads\/2021\/05\/181150987_1641870886000972_5780854326229668407_n-206x300.jpg 206w, https:\/\/www.radiopiu.net\/wordpress\/wp-content\/uploads\/2021\/05\/181150987_1641870886000972_5780854326229668407_n.jpg 306w\" sizes=\"auto, (max-width: 89px) 100vw, 89px\" \/><\/a><\/strong>San Martino il patrono di Belluno e la leggenda di Agordo. La storia nel libro di Gian Domenico Mazzoccato.<\/p>\n<audio class=\"wp-audio-shortcode\" id=\"audio-207858-20\" preload=\"none\" style=\"width: 100%;\" controls=\"controls\"><source type=\"audio\/mpeg\" src=\"https:\/\/www.radiopiu.net\/wordpress\/wp-content\/uploads\/2021\/05\/26leggermentegiandomenicomazzoccato.mp3?_=20\" \/><a href=\"https:\/\/www.radiopiu.net\/wordpress\/wp-content\/uploads\/2021\/05\/26leggermentegiandomenicomazzoccato.mp3\">https:\/\/www.radiopiu.net\/wordpress\/wp-content\/uploads\/2021\/05\/26leggermentegiandomenicomazzoccato.mp3<\/a><\/audio>\n<p>&nbsp;<\/p>\n<\/div>\n<p><strong><span style=\"color: #000000;\">RACCOLTA COMPLETA<\/span><\/strong><\/p>\n<div>\n<blockquote class=\"wp-embedded-content\" data-secret=\"Bij33hwC7M\"><p><a href=\"https:\/\/www.radiopiu.net\/wordpress\/leggermente-20\/\">LEGGERmente&#8230;Bellunesi<\/a><\/p><\/blockquote>\n<p><iframe loading=\"lazy\" class=\"wp-embedded-content\" sandbox=\"allow-scripts\" security=\"restricted\" style=\"position: absolute; clip: rect(1px, 1px, 1px, 1px);\" title=\"&#8220;LEGGERmente&#8230;Bellunesi&#8221; &#8212; Radio Pi\u00f9\" src=\"https:\/\/www.radiopiu.net\/wordpress\/leggermente-20\/embed\/#?secret=Bij33hwC7M\" data-secret=\"Bij33hwC7M\" width=\"600\" height=\"338\" frameborder=\"0\" marginwidth=\"0\" marginheight=\"0\" scrolling=\"no\"><\/iframe><\/p>\n<p>&nbsp;<\/p>\n<\/div>\n<blockquote>\n<h3>SALUTE E SOCIETA&#8217; IL LUNEDI ALLE 13.10 E ALLE 20.10, LA DOMENICA ALLE 10.30 A CURA DEL DOTTOR MARCO CARACCIOLO. QUINTA STAGIONE<\/h3>\n<\/blockquote>\n<p><strong><a href=\"https:\/\/www.radiopiu.net\/wordpress\/giornale-radiopiu-04-maggio-2021-direttore-mirko-mezzacasa\/821d3876-7c7d-4e25-aadf-46d77354fb31\/\" rel=\"attachment wp-att-207327\"><img loading=\"lazy\" decoding=\"async\" class=\"wp-image-207327 alignleft\" src=\"https:\/\/www.radiopiu.net\/wordpress\/wp-content\/uploads\/2021\/05\/821d3876-7c7d-4e25-aadf-46d77354fb31-300x169.png\" alt=\"\" width=\"211\" height=\"119\" srcset=\"https:\/\/www.radiopiu.net\/wordpress\/wp-content\/uploads\/2021\/05\/821d3876-7c7d-4e25-aadf-46d77354fb31-300x169.png 300w, https:\/\/www.radiopiu.net\/wordpress\/wp-content\/uploads\/2021\/05\/821d3876-7c7d-4e25-aadf-46d77354fb31-1024x576.png 1024w, https:\/\/www.radiopiu.net\/wordpress\/wp-content\/uploads\/2021\/05\/821d3876-7c7d-4e25-aadf-46d77354fb31-768x432.png 768w, https:\/\/www.radiopiu.net\/wordpress\/wp-content\/uploads\/2021\/05\/821d3876-7c7d-4e25-aadf-46d77354fb31.png 1280w\" sizes=\"auto, (max-width: 211px) 100vw, 211px\" \/><\/a>LA PUNTATA DELLA SETTIMANA del 03 MAGGIO<\/strong><\/p>\n<p>in questa edizione:\u00a0Dalle terapie senza chemio all\u2019immunoterapia con CAR-T, quali sono le ultime conquiste nella cura dei linfomi di Hogdkin e dei linfomi non-Hodgkin?Ne parliamo con il prof. Angelo Michele Carella, ematologo e gi\u00e0 Direttore ematologia e trapianti di midollo Ospedale Policlinico San Martino di Genova<\/p>\n<audio class=\"wp-audio-shortcode\" id=\"audio-207858-21\" preload=\"none\" style=\"width: 100%;\" controls=\"controls\"><source type=\"audio\/mpeg\" src=\"https:\/\/www.radiopiu.net\/wordpress\/wp-content\/uploads\/2021\/05\/SALUTE.mp3?_=21\" \/><a href=\"https:\/\/www.radiopiu.net\/wordpress\/wp-content\/uploads\/2021\/05\/SALUTE.mp3\">https:\/\/www.radiopiu.net\/wordpress\/wp-content\/uploads\/2021\/05\/SALUTE.mp3<\/a><\/audio>\n<\/div>\n<div dir=\"auto\">\n<h3><strong>LA RACCOLTA COMPLETA\u00a0<\/strong><\/h3>\n<\/div>\n<blockquote class=\"wp-embedded-content\" data-secret=\"hFj0cPf600\"><p><a href=\"https:\/\/www.radiopiu.net\/wordpress\/saluteesocieta\/\">Salute e Societ\u00e0<\/a><\/p><\/blockquote>\n<p><iframe loading=\"lazy\" class=\"wp-embedded-content\" sandbox=\"allow-scripts\" security=\"restricted\" style=\"position: absolute; clip: rect(1px, 1px, 1px, 1px);\" title=\"&#8220;Salute e Societ\u00e0&#8221; &#8212; Radio Pi\u00f9\" src=\"https:\/\/www.radiopiu.net\/wordpress\/saluteesocieta\/embed\/#?secret=hFj0cPf600\" data-secret=\"hFj0cPf600\" width=\"600\" height=\"338\" frameborder=\"0\" marginwidth=\"0\" marginheight=\"0\" scrolling=\"no\"><\/iframe><\/p>\n<p>&nbsp;<\/p>\n<p>&nbsp;<\/p>\n<hr \/>\n<h2><span style=\"color: #808000;\">DUE MINUTI UN LIBRO\u00a0 TUTTI I GIORNI ALLA RADIO ALLE 9.30 E ALLE 18. QUINTA STAGIONE\u00a0 \u00a0 \u00a0\u00a0<\/span><\/h2>\n<blockquote class=\"wp-embedded-content\" data-secret=\"v7q1fCOdDD\"><p><a href=\"https:\/\/www.radiopiu.net\/wordpress\/un-crimine-bellissimo\/\">UN CRIMINE BELLISSIMO<\/a><\/p><\/blockquote>\n<p><iframe loading=\"lazy\" class=\"wp-embedded-content\" sandbox=\"allow-scripts\" security=\"restricted\" style=\"position: absolute; clip: rect(1px, 1px, 1px, 1px);\" title=\"&#8220;UN CRIMINE BELLISSIMO&#8221; &#8212; Radio Pi\u00f9\" src=\"https:\/\/www.radiopiu.net\/wordpress\/un-crimine-bellissimo\/embed\/#?secret=v7q1fCOdDD\" data-secret=\"v7q1fCOdDD\" width=\"600\" height=\"338\" frameborder=\"0\" marginwidth=\"0\" marginheight=\"0\" scrolling=\"no\"><\/iframe><\/p>\n<h3><span style=\"color: #808000;\">\u00a0<\/span>LA RACCOLTA COMPLETA<\/h3>\n<blockquote class=\"wp-embedded-content\" data-secret=\"gcQN7QkbHD\"><p><a href=\"https:\/\/www.radiopiu.net\/wordpress\/due-minuti-un-libro\/\">Due minuti un libro<\/a><\/p><\/blockquote>\n<p><iframe loading=\"lazy\" class=\"wp-embedded-content\" sandbox=\"allow-scripts\" security=\"restricted\" style=\"position: absolute; clip: rect(1px, 1px, 1px, 1px);\" title=\"&#8220;Due minuti un libro&#8221; &#8212; Radio Pi\u00f9\" src=\"https:\/\/www.radiopiu.net\/wordpress\/due-minuti-un-libro\/embed\/#?secret=gcQN7QkbHD\" data-secret=\"gcQN7QkbHD\" width=\"600\" height=\"338\" frameborder=\"0\" marginwidth=\"0\" marginheight=\"0\" scrolling=\"no\"><\/iframe><\/p>\n<p>&nbsp;<\/p>\n<p>&nbsp;<\/p>\n<div>\n<p>&nbsp;<\/p>\n<\/div>\n<p>&nbsp;<\/p>\n<hr \/>\n<blockquote>\n<h3><a style=\"font-size: 14px; font-weight: normal;\" href=\"https:\/\/www.radiopiu.net\/wordpress\/giornale-radiopiu-06-febbraio-2019-direttore-mirko-mezzacasa\/logo_spi-cgil-800x445\/\" rel=\"attachment wp-att-75538\"><img loading=\"lazy\" decoding=\"async\" class=\"wp-image-75538 alignleft\" src=\"https:\/\/www.radiopiu.net\/wordpress\/wp-content\/uploads\/2019\/02\/Logo_Spi-CGIL-800x445-300x167.jpg\" alt=\"\" width=\"210\" height=\"117\" srcset=\"https:\/\/www.radiopiu.net\/wordpress\/wp-content\/uploads\/2019\/02\/Logo_Spi-CGIL-800x445-300x167.jpg 300w, https:\/\/www.radiopiu.net\/wordpress\/wp-content\/uploads\/2019\/02\/Logo_Spi-CGIL-800x445-768x427.jpg 768w, https:\/\/www.radiopiu.net\/wordpress\/wp-content\/uploads\/2019\/02\/Logo_Spi-CGIL-800x445.jpg 800w\" sizes=\"auto, (max-width: 210px) 100vw, 210px\" \/><\/a><\/h3>\n<\/blockquote>\n<blockquote>\n<h3>ALLA RADIO, APPUNTAMENTO QUINDICINALE CON SPI-CGIL BELLUNO, IN STUDIO MARIA RITA GENTILIN<\/h3>\n<\/blockquote>\n<p><strong>di Claudio Fontanive\u00a0<\/strong><\/p>\n<p><span style=\"color: #ff0000;\"><strong>PUNTATA DEL 29 APRILE 2021<br \/>\n<\/strong><\/span><\/p>\n<audio class=\"wp-audio-shortcode\" id=\"audio-207858-22\" preload=\"none\" style=\"width: 100%;\" controls=\"controls\"><source type=\"audio\/mpeg\" src=\"https:\/\/www.radiopiu.net\/wordpress\/wp-content\/uploads\/2021\/04\/spi-cgil-28-aprile.mp3?_=22\" \/><a href=\"https:\/\/www.radiopiu.net\/wordpress\/wp-content\/uploads\/2021\/04\/spi-cgil-28-aprile.mp3\">https:\/\/www.radiopiu.net\/wordpress\/wp-content\/uploads\/2021\/04\/spi-cgil-28-aprile.mp3<\/a><\/audio>\n<p>&nbsp;<\/p>\n<h2><\/h2>\n<hr \/>\n<div class=\"b654a4as d2edcug0\">\n<div class=\"j83agx80 btwxx1t3 lhclo0ds hop8lmos nkwizq5d scwd0bx6 roh60bw9\">\n<div class=\"rq0escxv hkbzh7o3 jwdofwj8 n8tt0mok r8blr3vg hyh9befq\">\n<div class=\"do00u71z l9j0dhe7 k4urcfbm\">\n<div>\n<h2><span style=\"color: #000080;\"><a class=\"dt-pswp-item\" href=\"https:\/\/www.radiopiu.net\/wordpress\/wp-content\/uploads\/2020\/10\/pp.jpg\" data-dt-img-description=\"\" data-large_image_width=\"640\" data-large_image_height=\"640\"><img loading=\"lazy\" decoding=\"async\" class=\"wp-image-163678 alignleft\" src=\"https:\/\/www.radiopiu.net\/wordpress\/wp-content\/uploads\/2020\/10\/pp-300x300.jpg\" alt=\"\" width=\"106\" height=\"106\" srcset=\"https:\/\/www.radiopiu.net\/wordpress\/wp-content\/uploads\/2020\/10\/pp-300x300.jpg 300w, https:\/\/www.radiopiu.net\/wordpress\/wp-content\/uploads\/2020\/10\/pp-150x150.jpg 150w, https:\/\/www.radiopiu.net\/wordpress\/wp-content\/uploads\/2020\/10\/pp-125x125.jpg 125w, https:\/\/www.radiopiu.net\/wordpress\/wp-content\/uploads\/2020\/10\/pp-200x200.jpg 200w, https:\/\/www.radiopiu.net\/wordpress\/wp-content\/uploads\/2020\/10\/pp-80x80.jpg 80w, https:\/\/www.radiopiu.net\/wordpress\/wp-content\/uploads\/2020\/10\/pp-480x480.jpg 480w, https:\/\/www.radiopiu.net\/wordpress\/wp-content\/uploads\/2020\/10\/pp.jpg 640w\" sizes=\"auto, (max-width: 106px) 100vw, 106px\" \/><\/a><\/span><\/h2>\n<h2><span style=\"color: #000080;\">DON CESARE, IL PENSIERO DEL GIORNO. ALLA RADIO ALLE 7 DEL MATTINO E ALLE 19.30 DELLA SERA.\u00a0\u00a0<\/span><\/h2>\n<\/div>\n<\/div>\n<\/div>\n<\/div>\n<div class=\"rq0escxv hkbzh7o3 jwdofwj8 n8tt0mok r8blr3vg hyh9befq\">\n<p>&nbsp;<\/p>\n<p>&nbsp;<\/p>\n<p>&nbsp;<\/p>\n<audio class=\"wp-audio-shortcode\" id=\"audio-207858-23\" preload=\"none\" style=\"width: 100%;\" controls=\"controls\"><source type=\"audio\/mpeg\" src=\"https:\/\/www.radiopiu.net\/wordpress\/wp-content\/uploads\/2021\/05\/chissale.mp3?_=23\" \/><a href=\"https:\/\/www.radiopiu.net\/wordpress\/wp-content\/uploads\/2021\/05\/chissale.mp3\">https:\/\/www.radiopiu.net\/wordpress\/wp-content\/uploads\/2021\/05\/chissale.mp3<\/a><\/audio>\n<audio class=\"wp-audio-shortcode\" id=\"audio-207858-24\" preload=\"none\" style=\"width: 100%;\" controls=\"controls\"><source type=\"audio\/mpeg\" src=\"https:\/\/www.radiopiu.net\/wordpress\/wp-content\/uploads\/2021\/05\/cesare-1.mp3?_=24\" \/><a href=\"https:\/\/www.radiopiu.net\/wordpress\/wp-content\/uploads\/2021\/05\/cesare-1.mp3\">https:\/\/www.radiopiu.net\/wordpress\/wp-content\/uploads\/2021\/05\/cesare-1.mp3<\/a><\/audio>\n<\/div>\n<\/div>\n<hr \/>\n<p>&nbsp;<\/p>\n<blockquote>\n<h3><a href=\"https:\/\/www.radiopiu.net\/wordpress\/almanacco-ladino-puntata-5-2020\/sn\/\" rel=\"attachment wp-att-180931\"><img loading=\"lazy\" decoding=\"async\" class=\"wp-image-180931 alignleft\" src=\"https:\/\/www.radiopiu.net\/wordpress\/wp-content\/uploads\/2020\/12\/sn-300x194.jpg\" alt=\"\" width=\"181\" height=\"117\" srcset=\"https:\/\/www.radiopiu.net\/wordpress\/wp-content\/uploads\/2020\/12\/sn-300x194.jpg 300w, https:\/\/www.radiopiu.net\/wordpress\/wp-content\/uploads\/2020\/12\/sn.jpg 626w\" sizes=\"auto, (max-width: 181px) 100vw, 181px\" \/><\/a>L&#8217;ALMANACCO LADINO CON L&#8217;ISTITUT CESA DE JAN QUINDICINALE APPUNTAMENTO. LA DOMENICA ALLE 9 IL LUNEDI ALLE 8.35 IL MARTEDI ALLE 12.35 IL MERCOLEDI ALLE 18.35. SECONDA STAGIONE.<\/h3>\n<\/blockquote>\n<p>&nbsp;<\/p>\n<p><strong>RACCOLTA COMPLETA\u00a0<\/strong><\/p>\n<blockquote class=\"wp-embedded-content\" data-secret=\"8jURlB8leq\"><p><a href=\"https:\/\/www.radiopiu.net\/wordpress\/almanacco-ladino\/\">Almanacco Ladino<\/a><\/p><\/blockquote>\n<p><iframe loading=\"lazy\" class=\"wp-embedded-content\" sandbox=\"allow-scripts\" security=\"restricted\" style=\"position: absolute; clip: rect(1px, 1px, 1px, 1px);\" title=\"&#8220;Almanacco Ladino&#8221; &#8212; Radio Pi\u00f9\" src=\"https:\/\/www.radiopiu.net\/wordpress\/almanacco-ladino\/embed\/#?secret=8jURlB8leq\" data-secret=\"8jURlB8leq\" width=\"600\" height=\"338\" frameborder=\"0\" marginwidth=\"0\" marginheight=\"0\" scrolling=\"no\"><\/iframe><\/p>\n<div dir=\"auto\"><\/div>\n<\/div>\n<div><\/div>\n<hr \/>\n<p>&nbsp;<\/p>\n<blockquote>\n<h2><a href=\"https:\/\/www.radiopiu.net\/wordpress\/speciale-solidarieta-veneto\/solidarieta-veneto-3\/\" rel=\"attachment wp-att-134366\"><img loading=\"lazy\" decoding=\"async\" class=\"wp-image-134366 alignleft\" src=\"https:\/\/www.radiopiu.net\/wordpress\/wp-content\/uploads\/2020\/05\/solidariet\u00e0-veneto-300x210.jpg\" alt=\"\" width=\"102\" height=\"71\" srcset=\"https:\/\/www.radiopiu.net\/wordpress\/wp-content\/uploads\/2020\/05\/solidariet\u00e0-veneto-300x210.jpg 300w, https:\/\/www.radiopiu.net\/wordpress\/wp-content\/uploads\/2020\/05\/solidariet\u00e0-veneto-1024x717.jpg 1024w, https:\/\/www.radiopiu.net\/wordpress\/wp-content\/uploads\/2020\/05\/solidariet\u00e0-veneto-768x538.jpg 768w, https:\/\/www.radiopiu.net\/wordpress\/wp-content\/uploads\/2020\/05\/solidariet\u00e0-veneto.jpg 1373w\" sizes=\"auto, (max-width: 102px) 100vw, 102px\" \/><\/a>SOLIDARIETA&#8217; VENETO FONDO PENSIONE, IN ONDA IL PRIMO VENERDI DEL MESE ALLE 10.30 E ALLE 19.00 QUINTA STAGIONE<\/h2>\n<\/blockquote>\n<p><strong>AUDIO APRILE 2021<\/strong><\/p>\n<audio class=\"wp-audio-shortcode\" id=\"audio-207858-25\" preload=\"none\" style=\"width: 100%;\" controls=\"controls\"><source type=\"audio\/mpeg\" src=\"https:\/\/www.radiopiu.net\/wordpress\/wp-content\/uploads\/2021\/04\/solidarieta-veneto-aprile-2021.mp3?_=25\" \/><a href=\"https:\/\/www.radiopiu.net\/wordpress\/wp-content\/uploads\/2021\/04\/solidarieta-veneto-aprile-2021.mp3\">https:\/\/www.radiopiu.net\/wordpress\/wp-content\/uploads\/2021\/04\/solidarieta-veneto-aprile-2021.mp3<\/a><\/audio>\n<p>&nbsp;<\/p>\n<blockquote>\n<h2>RACCOLTA COMPLETA<\/h2>\n<\/blockquote>\n<blockquote class=\"wp-embedded-content\" data-secret=\"anVwWrth4o\"><p><a href=\"https:\/\/www.radiopiu.net\/wordpress\/solidarieta-veneto\/\">Solidariet\u00e0 Veneto<\/a><\/p><\/blockquote>\n<p><iframe loading=\"lazy\" class=\"wp-embedded-content\" sandbox=\"allow-scripts\" security=\"restricted\" style=\"position: absolute; clip: rect(1px, 1px, 1px, 1px);\" title=\"&#8220;Solidariet\u00e0 Veneto&#8221; &#8212; Radio Pi\u00f9\" src=\"https:\/\/www.radiopiu.net\/wordpress\/solidarieta-veneto\/embed\/#?secret=anVwWrth4o\" data-secret=\"anVwWrth4o\" width=\"600\" height=\"338\" frameborder=\"0\" marginwidth=\"0\" marginheight=\"0\" scrolling=\"no\"><\/iframe><\/p>\n<p>&nbsp;<\/p>\n<p>&nbsp;<\/p>\n<p>&nbsp;<\/p>\n<\/div>\n<p>&nbsp;<\/p>\n<p><a href=\"https:\/\/www.radiopiu.net\/wordpress\/giornale-radiopiu-26-settembre-2018-direttore-mirko-mezzacasa\/viabilita-2\/\" rel=\"attachment wp-att-61954\"><img loading=\"lazy\" decoding=\"async\" class=\"wp-image-61954 size-full aligncenter\" src=\"https:\/\/www.radiopiu.net\/wordpress\/wp-content\/uploads\/2018\/09\/viabilita.jpeg\" alt=\"\" width=\"800\" height=\"100\" srcset=\"https:\/\/www.radiopiu.net\/wordpress\/wp-content\/uploads\/2018\/09\/viabilita.jpeg 800w, https:\/\/www.radiopiu.net\/wordpress\/wp-content\/uploads\/2018\/09\/viabilita-300x38.jpeg 300w, https:\/\/www.radiopiu.net\/wordpress\/wp-content\/uploads\/2018\/09\/viabilita-768x96.jpeg 768w\" sizes=\"auto, (max-width: 800px) 100vw, 800px\" \/><\/a><\/p>\n<blockquote><p><a href=\"https:\/\/www.radiopiu.net\/wordpress\/giornale-radiopiu-09-agosto-2018-direttore-mirko-mezzacasa\/viabilia\/\" rel=\"attachment wp-att-57053\"><img loading=\"lazy\" decoding=\"async\" class=\" wp-image-57053 alignleft\" src=\"https:\/\/www.radiopiu.net\/wordpress\/wp-content\/uploads\/2018\/08\/VIABILIA-300x180.jpeg\" alt=\"\" width=\"220\" height=\"132\" srcset=\"https:\/\/www.radiopiu.net\/wordpress\/wp-content\/uploads\/2018\/08\/VIABILIA-300x180.jpeg 300w, https:\/\/www.radiopiu.net\/wordpress\/wp-content\/uploads\/2018\/08\/VIABILIA-768x461.jpeg 768w, https:\/\/www.radiopiu.net\/wordpress\/wp-content\/uploads\/2018\/08\/VIABILIA-1024x614.jpeg 1024w, https:\/\/www.radiopiu.net\/wordpress\/wp-content\/uploads\/2018\/08\/VIABILIA.jpeg 1280w\" sizes=\"auto, (max-width: 220px) 100vw, 220px\" \/><\/a>La viabilit\u00e0 con gli ultimi aggiornamenti da Veneto Strade.<\/p>\n<p><span style=\"color: #ff0000;\"><strong>in onda alla radio: 4.05, 6.18, 14 30 , 18.30, 23.25\u00a0<\/strong><\/span><\/p>\n<p>&nbsp;<\/p>\n<p>&nbsp;<\/p><\/blockquote>\n<blockquote><p>&nbsp;<\/p><\/blockquote>\n<audio class=\"wp-audio-shortcode\" id=\"audio-207858-26\" preload=\"none\" style=\"width: 100%;\" controls=\"controls\"><source type=\"audio\/mpeg\" src=\"https:\/\/www.radiopiu.net\/wordpress\/wp-content\/uploads\/2021\/05\/VIABILITA-1.mp3?_=26\" \/><a href=\"https:\/\/www.radiopiu.net\/wordpress\/wp-content\/uploads\/2021\/05\/VIABILITA-1.mp3\">https:\/\/www.radiopiu.net\/wordpress\/wp-content\/uploads\/2021\/05\/VIABILITA-1.mp3<\/a><\/audio>\n<\/div>\n<div class=\"page-title-head hgroup\"><\/div>\n<div class=\"page-title-head hgroup\"><\/div>\n<div class=\"page-title-head hgroup\">\n<p><strong>\u00a0di JOHN FRANCIS DELLA PIETRA\u00a0<\/strong><\/p>\n<p>Un pensiero<\/p>\n<p><a href=\"https:\/\/www.radiopiu.net\/wordpress\/giornale-radiopiu-07-maggio-2021-direttore-mirko-mezzacasa\/67751573_1199764700195067_8521680668244049920_n-2\/\" rel=\"attachment wp-att-208137\"><img loading=\"lazy\" decoding=\"async\" class=\"wp-image-208137 alignleft\" src=\"https:\/\/www.radiopiu.net\/wordpress\/wp-content\/uploads\/2021\/05\/67751573_1199764700195067_8521680668244049920_n-300x300.jpg\" alt=\"\" width=\"125\" height=\"125\" srcset=\"https:\/\/www.radiopiu.net\/wordpress\/wp-content\/uploads\/2021\/05\/67751573_1199764700195067_8521680668244049920_n-300x300.jpg 300w, https:\/\/www.radiopiu.net\/wordpress\/wp-content\/uploads\/2021\/05\/67751573_1199764700195067_8521680668244049920_n-150x150.jpg 150w, https:\/\/www.radiopiu.net\/wordpress\/wp-content\/uploads\/2021\/05\/67751573_1199764700195067_8521680668244049920_n-768x768.jpg 768w, https:\/\/www.radiopiu.net\/wordpress\/wp-content\/uploads\/2021\/05\/67751573_1199764700195067_8521680668244049920_n.jpg 799w\" sizes=\"auto, (max-width: 125px) 100vw, 125px\" \/><\/a>I prossimi gg partir\u00e0 il giro d italia<br \/>\nLa massima espressione nazionale del ciclismo<br \/>\nMolte manifestazioni ciclistiche minori prenderanno vita<br \/>\nMeteo permettendo anche gli amatori<br \/>\nRispolvereranno la loro due ruote<br \/>\nQualcuno \u00e8 gi\u00e0 li che calca i nuovi asfalti del giro<br \/>\nLa gente inizier\u00e0 di nuovo a muoversi e fra loro il popolo delle faticose due ruote<br \/>\nIl sudore si mescoler\u00e0 alla gioia per la prossima entrante stagione<br \/>\nI saliscendi caratteristici delle Dolomiti ritorneranno a far leggenda<br \/>\nChe meraviglia quell aria fresca in faccia<br \/>\nForiera di novelle energie e di ricordi<br \/>\nL\u00ec nel limpido cielo azzurro ogni tanto scorre un bianco nembo<br \/>\nOsservandolo pi\u00f9 attentamente ha delle forme conosciute<br \/>\nSembra un ciclista in sella alla sua bici<br \/>\nPer un attimo volge a noi lo sguardo sorridente e felice<br \/>\nNel trasparir d un volto<br \/>\nIl ns cuore perde un colpo<br \/>\nMa subitaneamente si riprende<br \/>\nNel saperlo nel saperti li nel paradiso<br \/>\nA pedalare e discorrere con molti campioni<br \/>\nUn pensiero a te<br \/>\nGigi<\/p>\n<\/div>\n<\/div>\n<p>&nbsp;<\/p>\n<\/div>\n<div class=\"page-title-head hgroup\"><\/div>\n<div class=\"page-title-head hgroup\"><\/div>\n<div class=\"page-title-head hgroup\">\n<hr \/>\n<p>&nbsp;<\/p>\n<div dir=\"auto\">\n<div>\n<p class=\"photoswipe-wrapper\"><a class=\"dt-pswp-item pspw-wrap-ready\" href=\"https:\/\/i0.wp.com\/www.radiopiu.net\/wordpress\/wp-content\/uploads\/2018\/09\/WhatsApp-Image-2018-09-20-at-16.04.06.jpeg?ssl=1\" data-dt-img-description=\"\" data-large_image_width=\"800\" data-large_image_height=\"100\"><img loading=\"lazy\" decoding=\"async\" class=\"aligncenter wp-image-61378 size-full jetpack-lazy-image jetpack-lazy-image--handled\" src=\"https:\/\/i0.wp.com\/www.radiopiu.net\/wordpress\/wp-content\/uploads\/2018\/09\/WhatsApp-Image-2018-09-20-at-16.04.06.jpeg?resize=800%2C100&amp;ssl=1\" sizes=\"auto, (max-width: 800px) 100vw, 800px\" srcset=\"https:\/\/i0.wp.com\/www.radiopiu.net\/wordpress\/wp-content\/uploads\/2018\/09\/WhatsApp-Image-2018-09-20-at-16.04.06.jpeg?w=800&amp;ssl=1 800w, https:\/\/i0.wp.com\/www.radiopiu.net\/wordpress\/wp-content\/uploads\/2018\/09\/WhatsApp-Image-2018-09-20-at-16.04.06.jpeg?resize=300%2C38&amp;ssl=1 300w, https:\/\/i0.wp.com\/www.radiopiu.net\/wordpress\/wp-content\/uploads\/2018\/09\/WhatsApp-Image-2018-09-20-at-16.04.06.jpeg?resize=768%2C96&amp;ssl=1 768w\" alt=\"\" width=\"800\" height=\"100\" data-lazy-loaded=\"1\" \/><\/a><\/p>\n<\/div>\n<div><\/div>\n<p>&nbsp;<\/p>\n<p><center><b>Venerdi 7<\/b><\/center><b>Tempo atteso: <\/b>Maggiore nuvolosit\u00e0 rispetto a gioved\u00ec con qualche schiarita nelle prime ore del giorno, prima che la nuvolosit\u00e0 predomini con breve episodio d&#8217;instabilit\u00e0 tra le ore centrali e la prima parte del pomeriggio. In seguito il tempo migliorer\u00e0 con ampi rasserenamenti a partire da nord, in estensione alle Prealpi entro la sera. Il contesto termico sar\u00e0 inizialmente mite, nonostante la copertura nuvolosa, e assai pi\u00f9 fresco alla sera.<br \/>\n<b>Precipitazioni: <\/b>Al mattino assenti sulle Prealpi (0%), ma gi\u00e0 probabili sulle Dolomiti (20\/30%) in tarda mattinata. Nel primo pomeriggio probabilit\u00e0 medio-bassa sulle Dolomiti per rovesci sparsi (30\/40%), in rapido trasferimento alle Prealpi, dove i fenomeni saranno pi\u00f9 frequenti (70\/80%), localmente anche temporaleschi. Il limite della neve sar\u00e0 sui 1900 m sulle Dolomiti in tarda mattinata, poi oltre 2200\/2300 m. I quantitativi di pioggia saranno molto variabili da 1 a 10 mm, anche del tutto assenti su alcuni settori.<br \/>\n<b>Temperature: <\/b>In leggera ripresa rispetto a gioved\u00ec, eccetto stazionariet\u00e0 delle minime osservabili alla sera in alta quota. Su Prealpi a 1500 m min 5\u00b0C max 10\u00b0C, a 2000 m min 3\u00b0C max 6\u00b0C. Su Dolomiti a 2000 m min 2\u00b0C max 5\u00b0C, a 3000 m min -6\u00b0C max -3\u00b0C.<br \/>\n<b>Venti: <\/b>Nelle valli perlopi\u00f9 deboli di direzione variabile, eccetto locali rinforzi notturni su alcuni settori prealpini; in quota moderati da sud-ovest, a tratti tesi sulle cime pi\u00f9 alte, a 10-15 km\/h a 2000 m e 25-35 km\/h a 3000 m.<\/p>\n<hr \/>\n<p><center><b>Sabato 8<\/b><\/center><b>Tempo atteso: <\/b>Tempo in gran parte soleggiato con cielo da sereno a parzialmente nuvoloso per sottili velature del cielo. Nelle ore pi\u00f9 calde modesta attivit\u00e0 cumuliforme a ridosso delle cime. Contesto termico assai fresco al mattino, mentre si avr\u00e0 un netto riscaldamento in giornata.<br \/>\n<b>Precipitazioni: <\/b>Assenti (0%)<br \/>\n<b>Temperature: <\/b>Minime in calo, anche marcato su alcuni settori, e le gelate saranno probabili fin sui 900\/1000 m sulle Dolomiti e sugli altopiani prealpini. Massime in aumento. Su Prealpi a 1500 m min 1\u00b0C max 10\u00b0C, a 2000 m min -1\u00b0C max 7\u00b0C. Su Dolomiti a 2000 m min -2\u00b0C max 6\u00b0C, a 3000 m min -7\u00b0C max 1\u00b0C.<br \/>\n<b>Venti: <\/b>Nelle valli perlopi\u00f9 deboli di direzione variabile, eccetto locali rinforzi notturni su alcuni settori prealpini; in quota moderati da ovest nottete e da nord-ovest in giornata, a tratti tesi sulle cime pi\u00f9 alte verso sera, a 10-15 km\/h a 2000 m e 20-30 km\/h a 3000 m.<\/p>\n<hr \/>\n<p><center><b>Domenica 9<\/b><\/center>Tempo ben soleggiato con cielo sereno, salvo modesti cumuli di bel tempo a ridosso delle cime durante le ore pi\u00f9 calde e sopraggiungere di nubi alte verso sera. Aria tersa e ottima visibilit\u00e0 in quota. Temperature in rialzo con valori diurni primaverili (22\/24\u00b0C nei fondovalle Prealpini e punte di 18\/20\u00b0C attorno ai 1000 m). In quota venti deboli da nord-ovest nella notte, poi moderati da sud-ovest, anche tesi in serata; nelle valli deboli per brezze, localmente e a tratti moderati nei settori solitamente pi\u00f9 ventilati.<\/p>\n<hr \/>\n<p><center><b>Lunedi 10<\/b><\/center>Al mattino sole e temporanee velature, in successivo diradamento. Nel corso del pomeriggio aumento della nuvolosit\u00e0 fino a cielo coperto verso sera, quando si verificheranno le prime deboli piogge a partire dalle Prealpi occidentali, in estensione al resto della montagna veneta in serata. Temperature in ulteriore aumento, eccetto lieve flessione della massime in quota. Rinforzo dei venti da sud sud-ovest fino a forti in quota; debolio localmente moderati, per brezze nelle valli. Previsore: R.L.Th.<\/p>\n<p>&nbsp;<\/p>\n<p>&nbsp;<\/p>\n<p>&nbsp;<\/p>\n<\/div>\n<p><a href=\"https:\/\/www.radiopiu.net\/wordpress\/giornale-radiopiu-15-settembre-2018-direttore-mirko-mezzacasa\/sport-7\/\" rel=\"attachment wp-att-60761\"><img loading=\"lazy\" decoding=\"async\" class=\"wp-image-60761 size-full aligncenter\" src=\"https:\/\/www.radiopiu.net\/wordpress\/wp-content\/uploads\/2018\/09\/sport.jpg\" alt=\"\" width=\"800\" height=\"100\" srcset=\"https:\/\/www.radiopiu.net\/wordpress\/wp-content\/uploads\/2018\/09\/sport.jpg 800w, https:\/\/www.radiopiu.net\/wordpress\/wp-content\/uploads\/2018\/09\/sport-300x38.jpg 300w, https:\/\/www.radiopiu.net\/wordpress\/wp-content\/uploads\/2018\/09\/sport-768x96.jpg 768w\" sizes=\"auto, (max-width: 800px) 100vw, 800px\" \/><\/a><\/p>\n<\/div>\n<\/div>\n<p>&nbsp;<\/p>\n<div class=\"page-title-head hgroup\">\n<div class=\"page-title-head hgroup\">\n<blockquote>\n<h3>ANCHE IL GIRO D&#8217;ITALIA UNDER 23 DI CICLISMO ABBRACCIA AGORDO\u200b<\/h3>\n<\/blockquote>\n<p><strong><img loading=\"lazy\" decoding=\"async\" class=\"alignleft\" src=\"https:\/\/www.radiopiu.net\/wordpress\/wp-content\/uploads\/2021\/05\/GiroUnder23-kdyH-U410354029417xZD-528x329@Gazzetta-Web_528x329.jpg\" width=\"202\" height=\"126\" \/>AGORDO<\/strong> I girini junior transiteranno per Agordo il prossimo 11 giugno, si tratta della 9^ tappa che li porter\u00e0 da Cavalese al Nevegal, 167,1 km e 3.100 mt di dislivell ed \u00e8 la tappa regina (alta montagna).\u00a0 Dieci tappe, cinque Regioni, 17 Comuni. Il 44\u00b0 Giro d\u2019Italia Giovani Under 23 Enel, in programma dal 3 al 12 giugno 2021, \u00e8 stato presentato\u00a0 al Teatro comunale di Cesenatico, citt\u00e0 che quest\u2019anno ospiter\u00e0 il via della pi\u00f9 prestigiosa e ambita corsa a tappe al mondo per ciclisti Under 23.\u200b<\/p>\n<p>&nbsp;<\/p>\n<p>&nbsp;<\/p>\n<hr \/>\n<p>&nbsp;<\/p>\n<blockquote>\n<h3>MERCOLEDI&#8217; SERA E&#8217; ANDATA IN SCENA &#8220;RIPARTIAMO DI CORSA&#8221; ALL&#8217;IVANO DORIGO DI AGORDO<\/h3>\n<\/blockquote>\n<p><strong><a href=\"https:\/\/www.radiopiu.net\/wordpress\/quarta-sconfitta-consecutiva-per-lagordina-il-fiori-barp-vince-ancora\/campo-ivano-dorigo\/\" rel=\"attachment wp-att-64706\"><img loading=\"lazy\" decoding=\"async\" class=\"size-medium wp-image-64706 alignleft\" src=\"https:\/\/www.radiopiu.net\/wordpress\/wp-content\/uploads\/2018\/10\/CAMPO-IVANO-DORIGO-300x169.jpg\" alt=\"\" width=\"300\" height=\"169\" srcset=\"https:\/\/www.radiopiu.net\/wordpress\/wp-content\/uploads\/2018\/10\/CAMPO-IVANO-DORIGO-300x169.jpg 300w, https:\/\/www.radiopiu.net\/wordpress\/wp-content\/uploads\/2018\/10\/CAMPO-IVANO-DORIGO-768x432.jpg 768w, https:\/\/www.radiopiu.net\/wordpress\/wp-content\/uploads\/2018\/10\/CAMPO-IVANO-DORIGO-1024x576.jpg 1024w, https:\/\/www.radiopiu.net\/wordpress\/wp-content\/uploads\/2018\/10\/CAMPO-IVANO-DORIGO.jpg 1440w\" sizes=\"auto, (max-width: 300px) 100vw, 300px\" \/><\/a>AGORDO<\/strong> L\u2019idea \u00e8 venuta ad uno dei pi\u00f9 forti mezzofondisti della provincia: se il protrarsi dell\u2019emergenza sanitaria rende difficile girare l\u2019Italia, o anche soltanto il Veneto, per gareggiare, perch\u00e9 l\u2019attivit\u00e0 non ce la facciamo in casa? Lucio Sacchet, che oltre ad essere un ottimo atleta \u00e8 vicepresidente dell\u2019Ana Atletica Feltre,\u00a0 ha preso in mano il telefono e coinvolto nell\u2019iniziativa i tecnici bellunesi di mezzofondo e marcia, che hanno risposto con entusiasmo. Il circuito, dedicato ai tesserati bellunesi, si chiama \u201cRipartiamo di corsa\u201d e mercoled\u00ec in pista ad Agordo, con il sostegno del Comitato provinciale della Fidal, si \u00e8 svolta la prima prova: sei gare a livello assoluto e cadetti, che hanno coinvolto una cinquantina di atleti. Organizzazione curata dal Gs La Piave 2000 e Atletica Agordina. Un bella partenza, in un pomeriggio poco felice dal punto di vista meteorologico.<\/p>\n<p><strong>QUESTI I RISULTATI DELL&#8217;ATLETICA AGORDINA<\/strong>: 1000 metri cadette: 2\u00b0 Adriana Soppelsa\u00a0 3&#8217;31&#8221;, 3\u00b0 Zaira De Col\u00f2 3&#8217;34&#8221;, 5\u00b0 Francesca Triches 3&#8217;38&#8221;. 3000 metri serie unica: 1\u00b0 Gabriele Toffoli 10&#8217;15&#8221;, 2\u00b0 Manuela Bulf 10&#8217;47&#8221;, 6\u00b0 Ilaria Schena 13&#8217;06&#8221;<br \/>\nProssimo appuntamento domenica per i regionali di corsa in montagna a Valpiana a Limana dove l&#8217;Atletica Agordina \u00e8 attesa ad una grande prova di squadra visto il crescere della condizione dei nostri atleti<\/p>\n<\/div>\n<\/div>\n","protected":false},"excerpt":{"rendered":"<p>PER\u00a0RICEVERE QUESTO NOTIZIARIO DIRETTAMENTE SUL TUO CELLULARE ISCRIVITI AL CANALE TELEGRAM\u00a0\u201cRADIO PIU\u00a0 INFORMAZIONE\u201d\u00a0\u00a0 IERI AL CENTRO VACCINAZIONE DI TAMONICH AD AGORDO&#8230;. LA VACCINAZIONE CON UN SORRISO &#8230; grazie ai nasi rossi dottor clown &nbsp; &nbsp; TRASPORTO LEGNAME A CERNADOI &#8211; I VIDEO LIVINALLONGO Giornata di lavori boschivi a Cernadoi, impiegato anche un elicottero per il&hellip;<\/p>\n","protected":false},"author":4,"featured_media":207945,"comment_status":"closed","ping_status":"open","sticky":false,"template":"","format":"standard","meta":{"_monsterinsights_skip_tracking":false,"_monsterinsights_sitenote_active":false,"_monsterinsights_sitenote_note":"","_monsterinsights_sitenote_category":0,"footnotes":""},"categories":[1,51,86,49],"tags":[],"class_list":["post-207858","post","type-post","status-publish","format-standard","has-post-thumbnail","hentry","category-senza-categoria","category-evidenza-top","category-gr","category-news-18","category-1","category-51","category-86","category-49","description-off"],"img_url":"https:\/\/www.radiopiu.net\/wordpress\/wp-content\/uploads\/2021\/05\/cf991516-df38-4e37-a3a2-f37fa5eaeb42.jpg","_links":{"self":[{"href":"https:\/\/www.radiopiu.net\/wordpress\/wp-json\/wp\/v2\/posts\/207858","targetHints":{"allow":["GET"]}}],"collection":[{"href":"https:\/\/www.radiopiu.net\/wordpress\/wp-json\/wp\/v2\/posts"}],"about":[{"href":"https:\/\/www.radiopiu.net\/wordpress\/wp-json\/wp\/v2\/types\/post"}],"author":[{"embeddable":true,"href":"https:\/\/www.radiopiu.net\/wordpress\/wp-json\/wp\/v2\/users\/4"}],"replies":[{"embeddable":true,"href":"https:\/\/www.radiopiu.net\/wordpress\/wp-json\/wp\/v2\/comments?post=207858"}],"version-history":[{"count":0,"href":"https:\/\/www.radiopiu.net\/wordpress\/wp-json\/wp\/v2\/posts\/207858\/revisions"}],"wp:featuredmedia":[{"embeddable":true,"href":"https:\/\/www.radiopiu.net\/wordpress\/wp-json\/wp\/v2\/media\/207945"}],"wp:attachment":[{"href":"https:\/\/www.radiopiu.net\/wordpress\/wp-json\/wp\/v2\/media?parent=207858"}],"wp:term":[{"taxonomy":"category","embeddable":true,"href":"https:\/\/www.radiopiu.net\/wordpress\/wp-json\/wp\/v2\/categories?post=207858"},{"taxonomy":"post_tag","embeddable":true,"href":"https:\/\/www.radiopiu.net\/wordpress\/wp-json\/wp\/v2\/tags?post=207858"}],"curies":[{"name":"wp","href":"https:\/\/api.w.org\/{rel}","templated":true}]}}