{"id":207874,"date":"2021-05-08T09:43:13","date_gmt":"2021-05-08T07:43:13","guid":{"rendered":"https:\/\/www.radiopiu.net\/wordpress\/?p=207874"},"modified":"2021-05-10T05:16:54","modified_gmt":"2021-05-10T03:16:54","slug":"treno-delle-dolomit","status":"publish","type":"post","link":"https:\/\/www.radiopiu.net\/wordpress\/treno-delle-dolomit\/","title":{"rendered":"TRENO DELLE DOLOMITI,  PARLANO I SINDACI DELL&#8217;AGORDINO"},"content":{"rendered":"<blockquote><p>&nbsp;<\/p><\/blockquote>\n<p><strong>IL PRESIDENTE DELL&#8217;UNIONE MONTANA AGORDINA MICHELE COSTA<\/strong><\/p>\n<audio class=\"wp-audio-shortcode\" id=\"audio-207874-1\" preload=\"none\" style=\"width: 100%;\" controls=\"controls\"><source type=\"audio\/mpeg\" src=\"https:\/\/www.radiopiu.net\/wordpress\/wp-content\/uploads\/2021\/05\/michele.mp3?_=1\" \/><a href=\"https:\/\/www.radiopiu.net\/wordpress\/wp-content\/uploads\/2021\/05\/michele.mp3\">https:\/\/www.radiopiu.net\/wordpress\/wp-content\/uploads\/2021\/05\/michele.mp3<\/a><\/audio>\n<p>&nbsp;<\/p>\n<p>&nbsp;<\/p>\n<p><b>VOLTAGO Francesca Della Lucia candidato a sindaco per Voltago \u00a0<\/b><\/p>\n<audio class=\"wp-audio-shortcode\" id=\"audio-207874-2\" preload=\"none\" style=\"width: 100%;\" controls=\"controls\"><source type=\"audio\/mpeg\" src=\"https:\/\/www.radiopiu.net\/wordpress\/wp-content\/uploads\/2021\/05\/FRANCESCA.mp3?_=2\" \/><a href=\"https:\/\/www.radiopiu.net\/wordpress\/wp-content\/uploads\/2021\/05\/FRANCESCA.mp3\">https:\/\/www.radiopiu.net\/wordpress\/wp-content\/uploads\/2021\/05\/FRANCESCA.mp3<\/a><\/audio>\n<p>&nbsp;<\/p>\n<p><b>COLLE SANTA LUCIA ai microfoni di RADIOPIU Paolo Frena<\/b><\/p>\n<audio class=\"wp-audio-shortcode\" id=\"audio-207874-3\" preload=\"none\" style=\"width: 100%;\" controls=\"controls\"><source type=\"audio\/mpeg\" src=\"https:\/\/www.radiopiu.net\/wordpress\/wp-content\/uploads\/2021\/05\/paolo-frena.mp3?_=3\" \/><a href=\"https:\/\/www.radiopiu.net\/wordpress\/wp-content\/uploads\/2021\/05\/paolo-frena.mp3\">https:\/\/www.radiopiu.net\/wordpress\/wp-content\/uploads\/2021\/05\/paolo-frena.mp3<\/a><\/audio>\n<p>&nbsp;<\/p>\n<p><strong>TAIBON\u00a0<\/strong><strong>ai microfoni di RADIOPIU Silvia Tormen<\/strong><\/p>\n<audio class=\"wp-audio-shortcode\" id=\"audio-207874-4\" preload=\"none\" style=\"width: 100%;\" controls=\"controls\"><source type=\"audio\/mpeg\" src=\"https:\/\/www.radiopiu.net\/wordpress\/wp-content\/uploads\/2021\/05\/silvia-tormen.mp3?_=4\" \/><a href=\"https:\/\/www.radiopiu.net\/wordpress\/wp-content\/uploads\/2021\/05\/silvia-tormen.mp3\">https:\/\/www.radiopiu.net\/wordpress\/wp-content\/uploads\/2021\/05\/silvia-tormen.mp3<\/a><\/audio>\n<p>&nbsp;<\/p>\n<p><strong>SAN TOMASO\u00a0 <\/strong><strong>ai microfoni di RADIOPIU Moreno De Val\u00a0\u00a0<\/strong><\/p>\n<audio class=\"wp-audio-shortcode\" id=\"audio-207874-5\" preload=\"none\" style=\"width: 100%;\" controls=\"controls\"><source type=\"audio\/mpeg\" src=\"https:\/\/www.radiopiu.net\/wordpress\/wp-content\/uploads\/2021\/05\/moreno-treno.mp3?_=5\" \/><a href=\"https:\/\/www.radiopiu.net\/wordpress\/wp-content\/uploads\/2021\/05\/moreno-treno.mp3\">https:\/\/www.radiopiu.net\/wordpress\/wp-content\/uploads\/2021\/05\/moreno-treno.mp3<\/a><\/audio>\n<p>&nbsp;<\/p>\n<p><strong>CENCENIGHE\u00a0<\/strong><strong>ai microfoni di RADIOPIU&#8217; Mauro Soppelsa<\/strong><\/p>\n<audio class=\"wp-audio-shortcode\" id=\"audio-207874-6\" preload=\"none\" style=\"width: 100%;\" controls=\"controls\"><source type=\"audio\/mpeg\" src=\"https:\/\/www.radiopiu.net\/wordpress\/wp-content\/uploads\/2021\/05\/mauro-soppelsa-1.mp3?_=6\" \/><a href=\"https:\/\/www.radiopiu.net\/wordpress\/wp-content\/uploads\/2021\/05\/mauro-soppelsa-1.mp3\">https:\/\/www.radiopiu.net\/wordpress\/wp-content\/uploads\/2021\/05\/mauro-soppelsa-1.mp3<\/a><\/audio>\n<p>&nbsp;<\/p>\n<p><strong>ROCCA PIETORE\u00a0\u00a0<\/strong> \u00a0<strong>ai microfoni di RADIOPIU&#8217; Andrea De Bernardin<\/strong><\/p>\n<audio class=\"wp-audio-shortcode\" id=\"audio-207874-7\" preload=\"none\" style=\"width: 100%;\" controls=\"controls\"><source type=\"audio\/mpeg\" src=\"https:\/\/www.radiopiu.net\/wordpress\/wp-content\/uploads\/2021\/05\/andrea-2.mp3?_=7\" \/><a href=\"https:\/\/www.radiopiu.net\/wordpress\/wp-content\/uploads\/2021\/05\/andrea-2.mp3\">https:\/\/www.radiopiu.net\/wordpress\/wp-content\/uploads\/2021\/05\/andrea-2.mp3<\/a><\/audio>\n<h3><\/h3>\n<p><strong>VOLTAGO ai microfoni di RADIOPIU&#8217;\u00a0 Giuseppe Schena candiato a sindaco per Voltago<\/strong><\/p>\n<audio class=\"wp-audio-shortcode\" id=\"audio-207874-8\" preload=\"none\" style=\"width: 100%;\" controls=\"controls\"><source type=\"audio\/mpeg\" src=\"https:\/\/www.radiopiu.net\/wordpress\/wp-content\/uploads\/2021\/05\/GIUSEPPE.mp3?_=8\" \/><a href=\"https:\/\/www.radiopiu.net\/wordpress\/wp-content\/uploads\/2021\/05\/GIUSEPPE.mp3\">https:\/\/www.radiopiu.net\/wordpress\/wp-content\/uploads\/2021\/05\/GIUSEPPE.mp3<\/a><\/audio>\n<p>&nbsp;<\/p>\n<p><span style=\"color: #ff0000;\">archivio RADIOPIU<\/span><\/p>\n<blockquote>\n<h3>TRENO DELLE DOLOMITI, PADRIN: \u00abATTENDIAMO GLI APPROFONDIMENTI DELLA REGIONE; SOLO DOPO SI POTR\u00c0 SCEGLIERE\u00bb<\/h3>\n<\/blockquote>\n<p><strong>BELLUNO<\/strong>\u00a0 \u00abAttendiamo lo studio di fattibilit\u00e0 che la Regione Veneto sta preparando sul treno delle Dolomiti. \u00c8 l\u2019unico strumento che ci consentir\u00e0 di verificare se la ferrovia \u00e8 un progetto realizzabile e soprattutto se il treno potr\u00e0 essere il mezzo pi\u00f9 utile a risolvere i problemi infrastrutturali del Bellunese\u00bb. \u00c8 quanto afferma il presidente della Provincia, Roberto Padrin.<br \/>\nIl tema del treno delle Dolomiti \u00e8 tornato prepotentemente d\u2019attualit\u00e0, dopo che l\u2019Agordino ha avanzato l\u2019ipotesi del quarto tracciato. \u00abAlcuni sindaci dell\u2019Agordino hanno pensato a un nuovo tracciato e sono stati a colloquio con l\u2019assessore regionale De Berti, per presentarle il progetto; e lei lo ha accolto favorevolmente &#8211; spiega il presidente Padrin -. Poi, quell\u2019idea \u00e8 stata presentata anche alla Provincia, con un documento prodotto dall\u2019Unione Montana Agordina e la preghiera di inviarlo alla Regione per lo studio di fattibilit\u00e0. Ed \u00e8 quello che ho fatto, in quanto si tratta di una proposta che nasce dal territorio e la Provincia ha il dovere di fare da collettore delle richieste dei sindaci\u00bb.<\/p>\n<p>&nbsp;<\/p>\n<p>&nbsp;<\/p>\n<p>&nbsp;<\/p>\n","protected":false},"excerpt":{"rendered":"<p>&nbsp; IL PRESIDENTE DELL&#8217;UNIONE MONTANA AGORDINA MICHELE COSTA &nbsp; &nbsp; VOLTAGO Francesca Della Lucia candidato a sindaco per Voltago \u00a0 &nbsp; COLLE SANTA LUCIA ai microfoni di RADIOPIU Paolo Frena &nbsp; TAIBON\u00a0ai microfoni di RADIOPIU Silvia Tormen &nbsp; SAN TOMASO\u00a0 ai microfoni di RADIOPIU Moreno De Val\u00a0\u00a0 &nbsp; CENCENIGHE\u00a0ai microfoni di RADIOPIU&#8217; Mauro Soppelsa &nbsp;&hellip;<\/p>\n","protected":false},"author":4,"featured_media":183760,"comment_status":"closed","ping_status":"open","sticky":false,"template":"","format":"standard","meta":{"_monsterinsights_skip_tracking":false,"_monsterinsights_sitenote_active":false,"_monsterinsights_sitenote_note":"","_monsterinsights_sitenote_category":0,"footnotes":""},"categories":[49],"tags":[],"class_list":["post-207874","post","type-post","status-publish","format-standard","has-post-thumbnail","hentry","category-news-18","category-49","description-off"],"img_url":"https:\/\/www.radiopiu.net\/wordpress\/wp-content\/uploads\/2021\/01\/8c0de30e-d8a9-4602-a471-923eed31e373.jpg","_links":{"self":[{"href":"https:\/\/www.radiopiu.net\/wordpress\/wp-json\/wp\/v2\/posts\/207874","targetHints":{"allow":["GET"]}}],"collection":[{"href":"https:\/\/www.radiopiu.net\/wordpress\/wp-json\/wp\/v2\/posts"}],"about":[{"href":"https:\/\/www.radiopiu.net\/wordpress\/wp-json\/wp\/v2\/types\/post"}],"author":[{"embeddable":true,"href":"https:\/\/www.radiopiu.net\/wordpress\/wp-json\/wp\/v2\/users\/4"}],"replies":[{"embeddable":true,"href":"https:\/\/www.radiopiu.net\/wordpress\/wp-json\/wp\/v2\/comments?post=207874"}],"version-history":[{"count":0,"href":"https:\/\/www.radiopiu.net\/wordpress\/wp-json\/wp\/v2\/posts\/207874\/revisions"}],"wp:featuredmedia":[{"embeddable":true,"href":"https:\/\/www.radiopiu.net\/wordpress\/wp-json\/wp\/v2\/media\/183760"}],"wp:attachment":[{"href":"https:\/\/www.radiopiu.net\/wordpress\/wp-json\/wp\/v2\/media?parent=207874"}],"wp:term":[{"taxonomy":"category","embeddable":true,"href":"https:\/\/www.radiopiu.net\/wordpress\/wp-json\/wp\/v2\/categories?post=207874"},{"taxonomy":"post_tag","embeddable":true,"href":"https:\/\/www.radiopiu.net\/wordpress\/wp-json\/wp\/v2\/tags?post=207874"}],"curies":[{"name":"wp","href":"https:\/\/api.w.org\/{rel}","templated":true}]}}