{"id":208184,"date":"2021-05-07T11:10:40","date_gmt":"2021-05-07T09:10:40","guid":{"rendered":"https:\/\/www.radiopiu.net\/wordpress\/?p=208184"},"modified":"2021-05-07T11:10:40","modified_gmt":"2021-05-07T09:10:40","slug":"nomadi-in-concerto-la-data-zero-al-palafeltre-il-30-maggio","status":"publish","type":"post","link":"https:\/\/www.radiopiu.net\/wordpress\/nomadi-in-concerto-la-data-zero-al-palafeltre-il-30-maggio\/","title":{"rendered":"NOMADI IN CONCERTO, LA DATA &#8220;ZERO&#8221; AL PALAFELTRE IL 30 MAGGIO"},"content":{"rendered":"<p align=\"JUSTIFY\"><span style=\"font-size: small;\"><strong><img loading=\"lazy\" decoding=\"async\" class=\"alignleft\" src=\"https:\/\/www.radiopiu.net\/wordpress\/wp-content\/uploads\/2021\/05\/Modello-NomadiFeltre_9ffd0f07-740f-4d2c-a753-b5026c029c99.png\" width=\"180\" height=\"254\" \/>I NOMADI<\/strong> iniziano il loro Tour 2021 con la DATA \u201c0\u201d da FELTRE (BL) al Palafeltre, nel pieno rispetto delle attuali norme e disposizioni anti Covid. <\/span><span style=\"font-size: small;\">Dopo tanti mesi di emergenza sanitaria, di stop e di difficolt\u00e0 per tutti i lavoratori dello spettacolo, la musica live pu\u00f2 e deve riprendere, in sicurezza, gli eventi dal vivo si possono realizzare. Questo \u00e8 un segnale importante per tutti, la musica guarisce le ferite, ci aiuta a superare le difficolt\u00e0: la musica non si ferma! <\/span><span style=\"font-size: small;\">Per i Nomadi la musica non si ferma neanche nella produzione discografica: il 23 aprile \u00e8 uscito un <\/span><span style=\"font-size: small;\"><b>nuovo album di inediti \u201cSolo essere umani\u201d,<\/b><\/span> <span style=\"font-size: small;\">per la prima volta su etichetta BMG e pubblicato in formato vinile, cd e digital download. \u201c<\/span><span style=\"font-size: small;\"><i><b>Valori.Amore.Vita<\/b><\/i><\/span><span style=\"font-size: small;\"><i>. Queste tre parole sono state il punto di partenza per ogni singola traccia inclusa in questo album ricco di spunti di riflessione sulla nostra esistenza e sul momento complesso che stiamo vivendo\u201d <\/i><\/span><span style=\"font-size: small;\">anticipano <\/span><span style=\"font-size: small;\"><b>i Nomadi<\/b><\/span><span style=\"font-size: small;\"> \u201c<\/span><span style=\"font-size: small;\"><i>La prima sorpresa di questo progetto \u00e8 il brano che da il titolo all\u2019album \u2018Solo Esseri Umani\u2019, cantato insieme all\u2019amico storico della band, Enzo Iacchetti\u201d. <\/i><\/span><span style=\"color: #050505;\"><span style=\"font-family: Calibri, serif;\"><span style=\"font-size: small;\">L\u2019album \u00e8 stato anticipato <\/span><\/span><\/span><span style=\"color: #050505;\"><span style=\"font-family: Calibri, serif;\"><span style=\"font-size: small;\"><b>9 aprile<\/b><\/span><\/span><\/span><span style=\"color: #050505;\"><span style=\"font-family: Calibri, serif;\"><span style=\"font-size: small;\"> dal primo singolo ufficiale <\/span><\/span><\/span><span style=\"color: #050505;\"><span style=\"font-family: Calibri, serif;\"><span style=\"font-size: small;\"><b>\u201cFrasi nel fuoco\u201d,<\/b><\/span><\/span><\/span><span style=\"color: #050505;\"><span style=\"font-family: Calibri, serif;\"><span style=\"font-size: small;\"> un brano pieno di vita, dedicato a chi vuole continuare a sperare, a guardare al futuro per arricchire questo presente che spesso risulta essere complesso ed invalicabile. <\/span><\/span><\/span><span style=\"color: #050505;\"><span style=\"font-family: Calibri, serif;\"><span style=\"font-size: small;\"><b>Beppe Carletti<\/b><\/span><\/span><\/span><span style=\"color: #050505;\"><span style=\"font-family: Calibri, serif;\"><span style=\"font-size: small;\">, storico leader dei Nomadi, racconta: \u201c\u2018<\/span><\/span><\/span><span style=\"color: #050505;\"><span style=\"font-family: Calibri, serif;\"><span style=\"font-size: small;\"><i>Frasi nel fuoco\u2019 \u00e8 la voglia di vivere pura, tenacia e determinazione. \u00c8 un inno alla vita e all&#8217;amore per la vita a dispetto di ogni difficolt\u00e0. \u00c8 un brano vivace che conferma il nostro bisogno di ripartenza, di un&#8217;esistenza piena.\u201d <\/i><\/span><\/span><\/span><span style=\"font-family: Calibri, serif;\"><span style=\"font-size: small;\">Oltre al nuovo album, nel repertorio del concerto <\/span><\/span><span style=\"font-family: Calibri, serif;\"><span style=\"font-size: small;\">verranno riproposti<\/span><\/span><span style=\"font-family: Calibri, serif;\"><span style=\"font-size: small;\"> i brani che hanno segnato la storia del gruppo, nato nel 1963 e che non ha mai smesso di rinnovarsi, senza tradire lo <\/span><\/span><span style=\"font-family: Calibri, serif;\"><span style=\"font-size: small;\"><i>spirito nomade<\/i><\/span><\/span><span style=\"font-family: Calibri, serif;\"><span style=\"font-size: small;\"> che lo contraddistingue. <\/span><\/span><b style=\"font-size: small;\">Il concerto \u00e8 organizzato da Gioservice di Giovanni Tosatto in collaborazione con la Cooperativa Elementa che gestisce l\u2019impianto sportivo <\/b><span style=\"font-size: small;\"><b>I biglietti per il concerto sono disponibili sul sito <a href=\"http:\/\/www.primiallaprima.it\">www.primiallaprima.it<\/a> presso le Casse Rurali Trentine e a Feltre presso Tony Dischi Center Shop via Montelungo 4 tel 0439302007 <\/b><\/span><span style=\"font-size: small;\"><b>Informazioni: <\/b><\/span><span style=\"font-size: small;\"><b>Gio Service 3200437637<\/b><\/span><\/p>\n<p>&nbsp;<\/p>\n","protected":false},"excerpt":{"rendered":"<p>I NOMADI iniziano il loro Tour 2021 con la DATA \u201c0\u201d da FELTRE (BL) al Palafeltre, nel pieno rispetto delle attuali norme e disposizioni anti Covid. Dopo tanti mesi di emergenza sanitaria, di stop e di difficolt\u00e0 per tutti i lavoratori dello spettacolo, la musica live pu\u00f2 e deve riprendere, in sicurezza, gli eventi dal&hellip;<\/p>\n","protected":false},"author":4,"featured_media":208185,"comment_status":"closed","ping_status":"open","sticky":false,"template":"","format":"standard","meta":{"_monsterinsights_skip_tracking":false,"_monsterinsights_sitenote_active":false,"_monsterinsights_sitenote_note":"","_monsterinsights_sitenote_category":0,"footnotes":""},"categories":[51,49],"tags":[],"class_list":["post-208184","post","type-post","status-publish","format-standard","has-post-thumbnail","hentry","category-evidenza-top","category-news-18","category-51","category-49","description-off"],"img_url":"https:\/\/www.radiopiu.net\/wordpress\/wp-content\/uploads\/2021\/05\/Modello-NomadiFeltre_9ffd0f07-740f-4d2c-a753-b5026c029c99.png","_links":{"self":[{"href":"https:\/\/www.radiopiu.net\/wordpress\/wp-json\/wp\/v2\/posts\/208184","targetHints":{"allow":["GET"]}}],"collection":[{"href":"https:\/\/www.radiopiu.net\/wordpress\/wp-json\/wp\/v2\/posts"}],"about":[{"href":"https:\/\/www.radiopiu.net\/wordpress\/wp-json\/wp\/v2\/types\/post"}],"author":[{"embeddable":true,"href":"https:\/\/www.radiopiu.net\/wordpress\/wp-json\/wp\/v2\/users\/4"}],"replies":[{"embeddable":true,"href":"https:\/\/www.radiopiu.net\/wordpress\/wp-json\/wp\/v2\/comments?post=208184"}],"version-history":[{"count":0,"href":"https:\/\/www.radiopiu.net\/wordpress\/wp-json\/wp\/v2\/posts\/208184\/revisions"}],"wp:featuredmedia":[{"embeddable":true,"href":"https:\/\/www.radiopiu.net\/wordpress\/wp-json\/wp\/v2\/media\/208185"}],"wp:attachment":[{"href":"https:\/\/www.radiopiu.net\/wordpress\/wp-json\/wp\/v2\/media?parent=208184"}],"wp:term":[{"taxonomy":"category","embeddable":true,"href":"https:\/\/www.radiopiu.net\/wordpress\/wp-json\/wp\/v2\/categories?post=208184"},{"taxonomy":"post_tag","embeddable":true,"href":"https:\/\/www.radiopiu.net\/wordpress\/wp-json\/wp\/v2\/tags?post=208184"}],"curies":[{"name":"wp","href":"https:\/\/api.w.org\/{rel}","templated":true}]}}