{"id":208255,"date":"2021-05-07T15:13:22","date_gmt":"2021-05-07T13:13:22","guid":{"rendered":"https:\/\/www.radiopiu.net\/wordpress\/?p=208255"},"modified":"2021-05-07T15:13:22","modified_gmt":"2021-05-07T13:13:22","slug":"avvio-di-stagione-difficile-per-i-rifugi-le-regole-sono-troppo-penalizzanti","status":"publish","type":"post","link":"https:\/\/www.radiopiu.net\/wordpress\/avvio-di-stagione-difficile-per-i-rifugi-le-regole-sono-troppo-penalizzanti\/","title":{"rendered":"AVVIO  DI STAGIONE DIFFICILE PER I RIFUGI, LE REGOLE SONO TROPPO PENALIZZANTI"},"content":{"rendered":"<blockquote><p><em>\u201cIl divieto di consumazioni al chiuso a pranzo ed a cena fino al 31 maggio e, la sera dopo il 1 giugno deve urgentemente essere riconsiderato per le attivit\u00e0 rifugistiche con una deroga specifica&#8221;<\/em><\/p><\/blockquote>\n<p><strong><a href=\"https:\/\/www.radiopiu.net\/wordpress\/giornale-radiopiu-20-agosto-2019-direttore-mirko-mezzacasa\/rifugio-auronzo\/\" rel=\"attachment wp-att-96113\"><img loading=\"lazy\" decoding=\"async\" class=\"wp-image-96113 alignleft\" src=\"https:\/\/www.radiopiu.net\/wordpress\/wp-content\/uploads\/2019\/08\/rifugio-auronzo-300x200.jpg\" alt=\"\" width=\"183\" height=\"122\" srcset=\"https:\/\/www.radiopiu.net\/wordpress\/wp-content\/uploads\/2019\/08\/rifugio-auronzo-300x200.jpg 300w, https:\/\/www.radiopiu.net\/wordpress\/wp-content\/uploads\/2019\/08\/rifugio-auronzo-768x512.jpg 768w, https:\/\/www.radiopiu.net\/wordpress\/wp-content\/uploads\/2019\/08\/rifugio-auronzo-1024x683.jpg 1024w, https:\/\/www.radiopiu.net\/wordpress\/wp-content\/uploads\/2019\/08\/rifugio-auronzo.jpg 1900w\" sizes=\"auto, (max-width: 183px) 100vw, 183px\" \/><\/a>BELLUNO<\/strong>\u00a0 Il settore rifugistico s&#8217;avvia verso la nuova stagione con diverse incognite, dalla meteo alla neve ancora presente in quota, si sono quindi aggiunte le regole dell&#8217;emergenza sanitaria.<em> &#8220;Siamo molto preoccupati &#8211; dice Guido Lorenzi presidente provinciale Rifugi Alpini di Confcommercio-\u00a0 per le limitazioni alle consumazioni dei pasti ora in vigore. Pensare di avviare la stagione con il solo servizio all\u2019aperto (salvo che per gli alloggiati) in un <\/em><br \/>\n<em>contesto caratterizzato, quest\u2019anno pi\u00f9 che mai, da un clima ancora rigido anche di giorno e dalla presenza di grandi quantitativi di neve al suolo, rappresenta una costrizione molto penalizzante e difficilmente gestibile&#8221;. <\/em>Il presidente\u00a0 si rivolge ai rappresentanti di governo a livello locale, regionale e nazionale sostenendo come i temi della montagna non vengano sufficientemente capiti.<em> &#8220;Chiediamo di intervenire &#8211; dice Lorenzi &#8211;\u00a0 affinch\u00e8 al pi\u00f9 presto i rifugi vengano messi nelle condizioni di poter utilizzare anche gli spazi interni in virt\u00f9 delle criticit\u00e0 che potrebbero sfociare anche in problemi di sicurezza&#8221;. (foto rifugi Carestiato e Auronzo)<\/em><\/p>\n","protected":false},"excerpt":{"rendered":"<p>\u201cIl divieto di consumazioni al chiuso a pranzo ed a cena fino al 31 maggio e, la sera dopo il 1 giugno deve urgentemente essere riconsiderato per le attivit\u00e0 rifugistiche con una deroga specifica&#8221; BELLUNO\u00a0 Il settore rifugistico s&#8217;avvia verso la nuova stagione con diverse incognite, dalla meteo alla neve ancora presente in quota, si&hellip;<\/p>\n","protected":false},"author":4,"featured_media":132214,"comment_status":"closed","ping_status":"open","sticky":false,"template":"","format":"standard","meta":{"_monsterinsights_skip_tracking":false,"_monsterinsights_sitenote_active":false,"_monsterinsights_sitenote_note":"","_monsterinsights_sitenote_category":0,"footnotes":""},"categories":[104,49],"tags":[],"class_list":["post-208255","post","type-post","status-publish","format-standard","has-post-thumbnail","hentry","category-evidenza_3","category-news-18","category-104","category-49","description-off"],"img_url":"https:\/\/www.radiopiu.net\/wordpress\/wp-content\/uploads\/2020\/04\/rifugio-CARESTIATO-scaled.jpg","_links":{"self":[{"href":"https:\/\/www.radiopiu.net\/wordpress\/wp-json\/wp\/v2\/posts\/208255","targetHints":{"allow":["GET"]}}],"collection":[{"href":"https:\/\/www.radiopiu.net\/wordpress\/wp-json\/wp\/v2\/posts"}],"about":[{"href":"https:\/\/www.radiopiu.net\/wordpress\/wp-json\/wp\/v2\/types\/post"}],"author":[{"embeddable":true,"href":"https:\/\/www.radiopiu.net\/wordpress\/wp-json\/wp\/v2\/users\/4"}],"replies":[{"embeddable":true,"href":"https:\/\/www.radiopiu.net\/wordpress\/wp-json\/wp\/v2\/comments?post=208255"}],"version-history":[{"count":0,"href":"https:\/\/www.radiopiu.net\/wordpress\/wp-json\/wp\/v2\/posts\/208255\/revisions"}],"wp:featuredmedia":[{"embeddable":true,"href":"https:\/\/www.radiopiu.net\/wordpress\/wp-json\/wp\/v2\/media\/132214"}],"wp:attachment":[{"href":"https:\/\/www.radiopiu.net\/wordpress\/wp-json\/wp\/v2\/media?parent=208255"}],"wp:term":[{"taxonomy":"category","embeddable":true,"href":"https:\/\/www.radiopiu.net\/wordpress\/wp-json\/wp\/v2\/categories?post=208255"},{"taxonomy":"post_tag","embeddable":true,"href":"https:\/\/www.radiopiu.net\/wordpress\/wp-json\/wp\/v2\/tags?post=208255"}],"curies":[{"name":"wp","href":"https:\/\/api.w.org\/{rel}","templated":true}]}}