{"id":208352,"date":"2021-05-08T05:37:09","date_gmt":"2021-05-08T03:37:09","guid":{"rendered":"https:\/\/www.radiopiu.net\/wordpress\/?p=208352"},"modified":"2021-05-08T06:24:03","modified_gmt":"2021-05-08T04:24:03","slug":"dillo-a-radio-piu-i-saluti-dallargentina-alle-famiglie-tome-di-agordo","status":"publish","type":"post","link":"https:\/\/www.radiopiu.net\/wordpress\/dillo-a-radio-piu-i-saluti-dallargentina-alle-famiglie-tome-di-agordo\/","title":{"rendered":"DILLO A RADIO PIU&#8230; i saluti dall&#8217;Argentina alle famiglie Tom\u00e8 di Agordo"},"content":{"rendered":"<p><strong><img decoding=\"async\" class=\"alignleft\" src=\"https:\/\/www.radiopiu.net\/wordpress\/wp-content\/uploads\/2021\/05\/th-4.jpg\" \/>REDAZIONE<\/strong> Nella notte abbiamo ricevuto una mail da C\u00f2rdoba (Argentina) da Andre\u00e8s con radici ad Agordo. Volentieri pubblichiamo con relativa mail nell&#8217;eventualit\u00e0 le famiglie Tom\u00e8 di Agordo dovessero riconoscersi.<\/p>\n<p>Gent.ma Radio Pi\u00f9 prima di tutto voglio scusarmi per il mio povero italiano. Ascolto ogni giorno Radio Pi\u00f9, perch\u00e9 mi interessano e mi piacciono molto le notizie del luogo, dell&#8217;Italia e dell&#8217; Europa. Ma quello che pi\u00f9 mi attrae \u00e8 che i miei bisnonni sono nati ad Agordo e sono emigrati in Argentina intorno al 1884. Mi chiamo Andr\u00e9s Mutigliengo di San Francisco, C\u00f3rdoba, Argentina e vorrei\u00a0 salutare le famiglie Tom\u00e8 che sono ad Agordo i miei parenti lontani<\/p>\n<p><strong>Andr\u00e9s<\/strong><\/p>\n<p><span style=\"color: #0000ff;\"><strong>andres.mutigliengo@zf.com<\/strong><\/span><\/p>\n<p>&nbsp;<\/p>\n","protected":false},"excerpt":{"rendered":"<p>REDAZIONE Nella notte abbiamo ricevuto una mail da C\u00f2rdoba (Argentina) da Andre\u00e8s con radici ad Agordo. Volentieri pubblichiamo con relativa mail nell&#8217;eventualit\u00e0 le famiglie Tom\u00e8 di Agordo dovessero riconoscersi. Gent.ma Radio Pi\u00f9 prima di tutto voglio scusarmi per il mio povero italiano. Ascolto ogni giorno Radio Pi\u00f9, perch\u00e9 mi interessano e mi piacciono molto le&hellip;<\/p>\n","protected":false},"author":4,"featured_media":208353,"comment_status":"closed","ping_status":"open","sticky":false,"template":"","format":"standard","meta":{"_monsterinsights_skip_tracking":false,"_monsterinsights_sitenote_active":false,"_monsterinsights_sitenote_note":"","_monsterinsights_sitenote_category":0,"footnotes":""},"categories":[104,49],"tags":[],"class_list":["post-208352","post","type-post","status-publish","format-standard","has-post-thumbnail","hentry","category-evidenza_3","category-news-18","category-104","category-49","description-off"],"img_url":"https:\/\/www.radiopiu.net\/wordpress\/wp-content\/uploads\/2021\/05\/th-4.jpg","_links":{"self":[{"href":"https:\/\/www.radiopiu.net\/wordpress\/wp-json\/wp\/v2\/posts\/208352","targetHints":{"allow":["GET"]}}],"collection":[{"href":"https:\/\/www.radiopiu.net\/wordpress\/wp-json\/wp\/v2\/posts"}],"about":[{"href":"https:\/\/www.radiopiu.net\/wordpress\/wp-json\/wp\/v2\/types\/post"}],"author":[{"embeddable":true,"href":"https:\/\/www.radiopiu.net\/wordpress\/wp-json\/wp\/v2\/users\/4"}],"replies":[{"embeddable":true,"href":"https:\/\/www.radiopiu.net\/wordpress\/wp-json\/wp\/v2\/comments?post=208352"}],"version-history":[{"count":0,"href":"https:\/\/www.radiopiu.net\/wordpress\/wp-json\/wp\/v2\/posts\/208352\/revisions"}],"wp:featuredmedia":[{"embeddable":true,"href":"https:\/\/www.radiopiu.net\/wordpress\/wp-json\/wp\/v2\/media\/208353"}],"wp:attachment":[{"href":"https:\/\/www.radiopiu.net\/wordpress\/wp-json\/wp\/v2\/media?parent=208352"}],"wp:term":[{"taxonomy":"category","embeddable":true,"href":"https:\/\/www.radiopiu.net\/wordpress\/wp-json\/wp\/v2\/categories?post=208352"},{"taxonomy":"post_tag","embeddable":true,"href":"https:\/\/www.radiopiu.net\/wordpress\/wp-json\/wp\/v2\/tags?post=208352"}],"curies":[{"name":"wp","href":"https:\/\/api.w.org\/{rel}","templated":true}]}}