{"id":208386,"date":"2021-05-08T12:40:14","date_gmt":"2021-05-08T10:40:14","guid":{"rendered":"https:\/\/www.radiopiu.net\/wordpress\/?p=208386"},"modified":"2021-05-08T14:27:07","modified_gmt":"2021-05-08T12:27:07","slug":"stamane-due-valanghe-e-altrettante-persone-coinvolte","status":"publish","type":"post","link":"https:\/\/www.radiopiu.net\/wordpress\/stamane-due-valanghe-e-altrettante-persone-coinvolte\/","title":{"rendered":"STAMANE DUE VALANGHE E ALTRETTANTE PERSONE COINVOLTE"},"content":{"rendered":"<p><strong>CORTINA\u00a0<\/strong>Sulla Tofana di Rozes tre amici stavano affrontando, a piedi con i ramponi, il traverso che porta allo spallone, 200 metri sopra il Rifugio Giussani. Pi\u00f9 alti rispetto al percorso consueto, si sono trovati per\u00f2 su di un cumulo di neve ventata che ha ceduto, trasportando per 150 metri una ragazza, A.C., 27 anni, di Tolmezzo (UD), che non aveva Artva con s\u00e9. Fortunatamente non \u00e8 stata sommersa dalla neve ed \u00e8 stata raggiunta dai compagni e da altre persone presenti. Sul posto sono arrivati l&#8217;elicottero del Suem di Pieve di Cadore e una squadra del Soccorso alpino di Cortina e del Sagf con un&#8217;unit\u00e0 cinofila, portata in quota dell&#8217;elicottero dell&#8217;Air Service Center. La ragazza, con un sospetto trauma alla schiena, \u00e8 stata quindi accompagnata all&#8217;ospedale di Belluno per gli accertamenti del caso. I soccorritori hanno invece provveduto a bonificare la superficie con il passaggio del cane, Artva e Recco, escludendo la presenza di altri coinvolti.<\/p>\n\n\t\t\t<style type='text\/css'>\n\t\t\t\t#gallery-1 {\n\t\t\t\t\tmargin: auto;\n\t\t\t\t}\n\t\t\t\t#gallery-1 .gallery-item {\n\t\t\t\t\tfloat: left;\n\t\t\t\t\tmargin-top: 10px;\n\t\t\t\t\ttext-align: center;\n\t\t\t\t\twidth: 50%;\n\t\t\t\t}\n\t\t\t\t#gallery-1 img {\n\t\t\t\t\tborder: 2px solid #cfcfcf;\n\t\t\t\t}\n\t\t\t\t#gallery-1 .gallery-caption {\n\t\t\t\t\tmargin-left: 0;\n\t\t\t\t}\n\t\t\t\t\/* see gallery_shortcode() in wp-includes\/media.php *\/\n\t\t\t<\/style>\n\t\t<div id='gallery-1' class='dt-gallery-container gallery galleryid-208386 gallery-columns-2 gallery-size-medium'><dl class='gallery-item'>\n\t\t\t\t<dt class='gallery-icon landscape'>\n\t\t\t\t\t<a class=\"rollover rollover-zoom dt-pswp-item\" title=\"salt_20210508_140426_069\" data-dt-img-description=\"\" data-large_image_width=\"2364\" data-large_image_height=\"1773\"href='https:\/\/www.radiopiu.net\/wordpress\/wp-content\/uploads\/2021\/05\/salt_20210508_140426_069.jpg'><img loading=\"lazy\" decoding=\"async\" width=\"300\" height=\"225\" src=\"https:\/\/www.radiopiu.net\/wordpress\/wp-content\/uploads\/2021\/05\/salt_20210508_140426_069-300x225.jpg\" class=\"attachment-medium size-medium\" alt=\"\" srcset=\"https:\/\/www.radiopiu.net\/wordpress\/wp-content\/uploads\/2021\/05\/salt_20210508_140426_069-300x225.jpg 300w, https:\/\/www.radiopiu.net\/wordpress\/wp-content\/uploads\/2021\/05\/salt_20210508_140426_069-1024x768.jpg 1024w, https:\/\/www.radiopiu.net\/wordpress\/wp-content\/uploads\/2021\/05\/salt_20210508_140426_069-768x576.jpg 768w, https:\/\/www.radiopiu.net\/wordpress\/wp-content\/uploads\/2021\/05\/salt_20210508_140426_069-1536x1152.jpg 1536w, https:\/\/www.radiopiu.net\/wordpress\/wp-content\/uploads\/2021\/05\/salt_20210508_140426_069-2048x1536.jpg 2048w\" sizes=\"auto, (max-width: 300px) 100vw, 300px\" \/><\/a>\n\t\t\t\t<\/dt><\/dl><dl class='gallery-item'>\n\t\t\t\t<dt class='gallery-icon landscape'>\n\t\t\t\t\t<a class=\"rollover rollover-zoom dt-pswp-item\" title=\"salt_20210508_140451_959\" data-dt-img-description=\"\" data-large_image_width=\"2364\" data-large_image_height=\"1773\"href='https:\/\/www.radiopiu.net\/wordpress\/wp-content\/uploads\/2021\/05\/salt_20210508_140451_959.jpg'><img loading=\"lazy\" decoding=\"async\" width=\"300\" height=\"225\" src=\"https:\/\/www.radiopiu.net\/wordpress\/wp-content\/uploads\/2021\/05\/salt_20210508_140451_959-300x225.jpg\" class=\"attachment-medium size-medium\" alt=\"\" srcset=\"https:\/\/www.radiopiu.net\/wordpress\/wp-content\/uploads\/2021\/05\/salt_20210508_140451_959-300x225.jpg 300w, https:\/\/www.radiopiu.net\/wordpress\/wp-content\/uploads\/2021\/05\/salt_20210508_140451_959-1024x768.jpg 1024w, https:\/\/www.radiopiu.net\/wordpress\/wp-content\/uploads\/2021\/05\/salt_20210508_140451_959-768x576.jpg 768w, https:\/\/www.radiopiu.net\/wordpress\/wp-content\/uploads\/2021\/05\/salt_20210508_140451_959-1536x1152.jpg 1536w, https:\/\/www.radiopiu.net\/wordpress\/wp-content\/uploads\/2021\/05\/salt_20210508_140451_959-2048x1536.jpg 2048w\" sizes=\"auto, (max-width: 300px) 100vw, 300px\" \/><\/a>\n\t\t\t\t<\/dt><\/dl><br style=\"clear: both\" \/>\n\t\t\t<\/div>\n\n<p><strong>COMELICO SUPERIORE <\/strong>Alle 10.40, lanciato da due testimoni, \u00e8 scattato il secondo allarme per una valanga sul Passo della Sentinella, dove \u00e8 stato inviato il Pelikan di Bolzano e dove l&#8217;elicottero dell&#8217;Air Service Center ha subito portato l&#8217;unit\u00e0 cinofila del Sagf che aveva terminato di operare a Cortina, per poi provvedere al trasporto in quota di una squadra della Val Comelico e del Sagf. Mentre saliva con sci e pelli lungo un canale, C.B., 28 anni, di Venezia, aveva infatti probabilmente originato un piccolo distacco di superficie che gli aveva fatto perdere l&#8217;equilibrio. Lo scialpinista era quindi caduto ed era stato trascinato dalla neve per circa 300 metri, senza finire sotto. Con una ferita alla gamba e possibili traumi, lo sciatore \u00e8 stato medicato e recuperato dall&#8217;equipaggio, poi volato all&#8217;ospedale di Brunico. I soccorritori hanno quindi ultimato la bonifica della valanga ed escluso ci fossero altre persone. Mentre stavano ultimando le operazioni, in un canale vicino si \u00e8 staccata un&#8217;altra grande valanga e dopo un veloce controllo i soccorritori si sono velocemente allontanati.<\/p>\n<div dir=\"auto\"><em><strong>Date le particolari condizioni di questa primavera, con ancora grandi quantit\u00e0 di neve in quota e temperature elevate, \u00e8 prevedibile la caduta di altre valanghe, anche spontanee. Vi invitiamo alla massima prudenza.<\/strong><\/em><\/div>\n","protected":false},"excerpt":{"rendered":"<p>CORTINA\u00a0Sulla Tofana di Rozes tre amici stavano affrontando, a piedi con i ramponi, il traverso che porta allo spallone, 200 metri sopra il Rifugio Giussani. Pi\u00f9 alti rispetto al percorso consueto, si sono trovati per\u00f2 su di un cumulo di neve ventata che ha ceduto, trasportando per 150 metri una ragazza, A.C., 27 anni, di&hellip;<\/p>\n","protected":false},"author":4,"featured_media":191832,"comment_status":"closed","ping_status":"open","sticky":false,"template":"","format":"standard","meta":{"_monsterinsights_skip_tracking":false,"_monsterinsights_sitenote_active":false,"_monsterinsights_sitenote_note":"","_monsterinsights_sitenote_category":0,"footnotes":""},"categories":[51,49],"tags":[],"class_list":["post-208386","post","type-post","status-publish","format-standard","has-post-thumbnail","hentry","category-evidenza-top","category-news-18","category-51","category-49","description-off"],"img_url":"https:\/\/www.radiopiu.net\/wordpress\/wp-content\/uploads\/2021\/02\/salt_20210216_124343_642.jpg","_links":{"self":[{"href":"https:\/\/www.radiopiu.net\/wordpress\/wp-json\/wp\/v2\/posts\/208386","targetHints":{"allow":["GET"]}}],"collection":[{"href":"https:\/\/www.radiopiu.net\/wordpress\/wp-json\/wp\/v2\/posts"}],"about":[{"href":"https:\/\/www.radiopiu.net\/wordpress\/wp-json\/wp\/v2\/types\/post"}],"author":[{"embeddable":true,"href":"https:\/\/www.radiopiu.net\/wordpress\/wp-json\/wp\/v2\/users\/4"}],"replies":[{"embeddable":true,"href":"https:\/\/www.radiopiu.net\/wordpress\/wp-json\/wp\/v2\/comments?post=208386"}],"version-history":[{"count":0,"href":"https:\/\/www.radiopiu.net\/wordpress\/wp-json\/wp\/v2\/posts\/208386\/revisions"}],"wp:featuredmedia":[{"embeddable":true,"href":"https:\/\/www.radiopiu.net\/wordpress\/wp-json\/wp\/v2\/media\/191832"}],"wp:attachment":[{"href":"https:\/\/www.radiopiu.net\/wordpress\/wp-json\/wp\/v2\/media?parent=208386"}],"wp:term":[{"taxonomy":"category","embeddable":true,"href":"https:\/\/www.radiopiu.net\/wordpress\/wp-json\/wp\/v2\/categories?post=208386"},{"taxonomy":"post_tag","embeddable":true,"href":"https:\/\/www.radiopiu.net\/wordpress\/wp-json\/wp\/v2\/tags?post=208386"}],"curies":[{"name":"wp","href":"https:\/\/api.w.org\/{rel}","templated":true}]}}