{"id":208510,"date":"2021-05-10T05:38:10","date_gmt":"2021-05-10T03:38:10","guid":{"rendered":"https:\/\/www.radiopiu.net\/wordpress\/?p=208510"},"modified":"2021-05-10T09:54:35","modified_gmt":"2021-05-10T07:54:35","slug":"giornale-radiopiu-10-maggio-2021-direttore-mirko-mezzacasa","status":"publish","type":"post","link":"https:\/\/www.radiopiu.net\/wordpress\/giornale-radiopiu-10-maggio-2021-direttore-mirko-mezzacasa\/","title":{"rendered":"GIORNALE RADIOPIU 10 MAGGIO 2021 DIRETTORE MIRKO MEZZACASA"},"content":{"rendered":"<h3><span style=\"color: #0000ff;\">PER<strong>\u00a0RICEVERE QUESTO NOTIZIARIO DIRETTAMENTE SUL TUO CELLULARE ISCRIVITI AL CANALE TELEGRAM\u00a0<\/strong><strong>\u201cRADIO PIU\u00a0 INFORMAZIONE\u201d\u00a0\u00a0<\/strong><\/span><\/h3>\n<p>&nbsp;<\/p>\n<p>&nbsp;<\/p>\n<hr \/>\n<p>&nbsp;<\/p>\n<p><em><a href=\"https:\/\/www.radiopiu.net\/wordpress\/giornale-radiopiu-24-gennaio-2021-direttore-mirko-mezzacasa\/79216601_126817312416448_708980208774483089_n\/\" rel=\"attachment wp-att-186567\"><img loading=\"lazy\" decoding=\"async\" class=\"size-medium wp-image-186567 alignleft\" src=\"https:\/\/www.radiopiu.net\/wordpress\/wp-content\/uploads\/2021\/01\/79216601_126817312416448_708980208774483089_n-300x114.jpg\" sizes=\"auto, (max-width: 300px) 100vw, 300px\" srcset=\"https:\/\/www.radiopiu.net\/wordpress\/wp-content\/uploads\/2021\/01\/79216601_126817312416448_708980208774483089_n-300x114.jpg 300w, https:\/\/www.radiopiu.net\/wordpress\/wp-content\/uploads\/2021\/01\/79216601_126817312416448_708980208774483089_n-768x292.jpg 768w, https:\/\/www.radiopiu.net\/wordpress\/wp-content\/uploads\/2021\/01\/79216601_126817312416448_708980208774483089_n.jpg 820w\" alt=\"\" width=\"300\" height=\"114\" \/><\/a><\/em><\/p>\n<p><em>\u00a0A<\/em><em>PP PER IOS-IPHONE di Nicola Vettorello <\/em><a href=\"https:\/\/apps.apple.com\/it\/app\/radio-pi%C3%B9-emittente-agordina\/id1515939845\">https:\/\/apps.apple.com\/it\/app\/radio-pi%C3%B9-emittente-agordina\/id1515939845<\/a><\/p>\n<p><em>ATTENZIONE: LA NUOVA APP RADIO\u00a0 PER ANDROID di Nicola Vettorello<\/em><\/p>\n<p><a href=\"https:\/\/play.google.com\/store\/apps\/details?id=net.radiopiu.iniko\" target=\"_blank\" rel=\"noopener noreferrer\">https:\/\/play.google.com\/store\/apps\/details?id=net.radiopiu.iniko<\/a><\/p>\n<p>&nbsp;<\/p>\n<p>&nbsp;<\/p>\n<hr \/>\n<p>&nbsp;<\/p>\n<p>&nbsp;<\/p>\n<blockquote>\n<h3><img loading=\"lazy\" decoding=\"async\" class=\"alignleft\" src=\"https:\/\/www.radiopiu.net\/wordpress\/wp-content\/uploads\/2018\/08\/ACQUA.jpeg\" width=\"168\" height=\"101\" \/>ACQUA INQUINATA A CENCENIGHE ZONA LUXOTTICA<\/h3>\n<\/blockquote>\n<p><span style=\"color: #000000;\">Gestione Servizi Pubblici informa che a CENCENIGHE AGORDINO nelle LOCALITA&#8217; FAE&#8217;, VARE BASSE, LUXOTTICA, FOCH E PRA&#8217; DI MEZZO l&#8217;acqua erogata dall&#8217;acquedotto non \u00e8 potabile e pu\u00f2 essere usata per scopi alimentari SOLO PREVIA bollitura. Previsto il servizio con autobotte.<\/span><\/p>\n<p>&nbsp;<\/p>\n<p>&nbsp;<\/p>\n<hr \/>\n<blockquote>\n<h3><\/h3>\n<h3>VENETO IN GIALLO<\/h3>\n<\/blockquote>\n<p><strong><a href=\"https:\/\/www.radiopiu.net\/wordpress\/il-veneto-rimane-in-zona-gialla-la-provincia-di-trento-passa-in-arancione\/giallo\/\" rel=\"attachment wp-att-190818\"><img loading=\"lazy\" decoding=\"async\" class=\" wp-image-190818 alignleft\" src=\"https:\/\/www.radiopiu.net\/wordpress\/wp-content\/uploads\/2021\/02\/Giallo-300x200.png\" alt=\"\" width=\"185\" height=\"123\" srcset=\"https:\/\/www.radiopiu.net\/wordpress\/wp-content\/uploads\/2021\/02\/Giallo-300x200.png 300w, https:\/\/www.radiopiu.net\/wordpress\/wp-content\/uploads\/2021\/02\/Giallo-1024x682.png 1024w, https:\/\/www.radiopiu.net\/wordpress\/wp-content\/uploads\/2021\/02\/Giallo-768x512.png 768w, https:\/\/www.radiopiu.net\/wordpress\/wp-content\/uploads\/2021\/02\/Giallo.png 1250w\" sizes=\"auto, (max-width: 185px) 100vw, 185px\" \/><\/a><\/strong><em>Il Veneto \u00e8 in zona GIALLA. Aperti bar e ristoranti ma solo con consumazione all&#8217;aperto, coprifuoco dalle 22 alle 5, scuola in presenza dal 70 al 100%, consentiti gli spostamenti tra regioni gialle ma non tra regione di colore diverso (in questo caso serve un pass per poter accedere alla regione di colore diverso), riaprono cinema, teatri, sale da ballo ma con capienza limitata e solo su prenotazione, ritornano gli sport di squadra e di contatto ma solo all&#8217;aperto e sar\u00e0 vietato l&#8217;uso degli spogliatoi. Sono consentite visite a parenti ed amici per un massimo di 4 persone una volta al giorno.<\/em><\/p>\n<p>&nbsp;<\/p>\n<p>&nbsp;<\/p>\n<hr \/>\n<p>&nbsp;<\/p>\n<div>\n<blockquote>\n<h3 class=\"page-title-head hgroup\">EX PROVINCIALE TAIBON-AGORDO, STRADA CHIUSA FINO AL 31 MAGGIO<\/h3>\n<\/blockquote>\n<p><strong>TAIBON<\/strong>\u00a0Cantiere aperto tra Taibon, Taier e Brugnach sulla strada di campagna, (ex Sp 34): fino al 31 maggio la strada rester\u00e0 chiusa da\u00a0 via Col di Lana (sabati, domeniche e festivi inclusi).<\/p>\n<p><b>\u00a0<\/b><strong>PROVINCIALE 10 DI ALANO, LOC. LE SORGENTI<\/strong>\u00a0interruzione totale alla viabilit\u00e0 fino al 19 maggio, dalle 8 alle 12 e dalle 13 alle 18, esclusi sabato e domenica<\/p>\n<\/div>\n<p>&nbsp;<\/p>\n<hr \/>\n<p>&nbsp;<\/p>\n<p>&nbsp;<\/p>\n<div class=\"page-title-head hgroup\">\n<blockquote>\n<h3>LAVORI ALL&#8217;ECOCENTRO DI CENCENIGHE. CHIUSO DAL 5 AL 17 MAGGIO<\/h3>\n<\/blockquote>\n<p><strong><a href=\"https:\/\/www.radiopiu.net\/wordpress\/maltempo-possibili-problemi-alla-raccolta-dei-rifiuti-e-chiusura-di-sportelli-ed-ecocentri-al-pomeriggio\/logo-valpe-verticale\/\" rel=\"attachment wp-att-65542\"><img loading=\"lazy\" decoding=\"async\" class=\" wp-image-65542 alignleft\" src=\"https:\/\/www.radiopiu.net\/wordpress\/wp-content\/uploads\/2018\/10\/logo-valpe-verticale-300x298.jpg\" alt=\"\" width=\"141\" height=\"140\" srcset=\"https:\/\/www.radiopiu.net\/wordpress\/wp-content\/uploads\/2018\/10\/logo-valpe-verticale-300x298.jpg 300w, https:\/\/www.radiopiu.net\/wordpress\/wp-content\/uploads\/2018\/10\/logo-valpe-verticale-150x150.jpg 150w, https:\/\/www.radiopiu.net\/wordpress\/wp-content\/uploads\/2018\/10\/logo-valpe-verticale.jpg 370w\" sizes=\"auto, (max-width: 141px) 100vw, 141px\" \/><\/a>CENCENIGHE <\/strong>Nei prossimi giorni inizieranno alcuni interventi di sistemazione presso l\u2019Ecocentro di Cencenighe Agordino. Per consentire la realizzazione dei lavori previsti, la struttura chiuder\u00e0 al pubblico dal 5 al 17 maggio 2021. Durante il periodo di chiusura i cittadini potranno accedere a qualsiasi Ecocentro del territorio dell\u2019Unione Montana Agordina, verificando sedi e orari di apertura sul manuale informativo consegnato o su <a href=\"http:\/\/www.valpeambiente.it\">www.valpeambiente.it<\/a>.<\/p>\n<p>&nbsp;<\/p>\n<p>&nbsp;<\/p>\n<p>&nbsp;<\/p>\n<hr \/>\n<p>&nbsp;<\/p>\n<blockquote>\n<h2>LA MAPPA DEI PUNTI VACCINALI DAL 9 AL 15 MAGGIO<\/h2>\n<\/blockquote>\n<\/div>\n<p><a href=\"https:\/\/www.radiopiu.net\/wordpress\/giornale-radiopiu-09-maggio-2021-direttore-mirko-mezzacasa\/settimana-9-15-maggio\/\" rel=\"attachment wp-att-208409\"><img loading=\"lazy\" decoding=\"async\" class=\"alignnone wp-image-208409 size-full\" src=\"https:\/\/www.radiopiu.net\/wordpress\/wp-content\/uploads\/2021\/05\/settimana-9-15-maggio.png\" alt=\"\" width=\"940\" height=\"788\" srcset=\"https:\/\/www.radiopiu.net\/wordpress\/wp-content\/uploads\/2021\/05\/settimana-9-15-maggio.png 940w, https:\/\/www.radiopiu.net\/wordpress\/wp-content\/uploads\/2021\/05\/settimana-9-15-maggio-300x251.png 300w, https:\/\/www.radiopiu.net\/wordpress\/wp-content\/uploads\/2021\/05\/settimana-9-15-maggio-768x644.png 768w\" sizes=\"auto, (max-width: 940px) 100vw, 940px\" \/><\/a><\/p>\n<p>&nbsp;<\/p>\n<div class=\"page-title-head hgroup\">\n<p align=\"LEFT\"><b style=\"font-size: medium; font-family: Calibri, serif; color: #000000;\"><a href=\"https:\/\/www.radiopiu.net\/wordpress\/giornale-radiopiu-08-maggio-2021-direttore-mirko-mezzacasa\/orari-drive-in-tamponi\/\" rel=\"attachment wp-att-208178\"><img loading=\"lazy\" decoding=\"async\" class=\"wp-image-208178 size-large alignnone\" src=\"https:\/\/www.radiopiu.net\/wordpress\/wp-content\/uploads\/2021\/05\/orari-drive-in-tamponi-1024x682.png\" alt=\"\" width=\"1024\" height=\"682\" srcset=\"https:\/\/www.radiopiu.net\/wordpress\/wp-content\/uploads\/2021\/05\/orari-drive-in-tamponi-1024x682.png 1024w, https:\/\/www.radiopiu.net\/wordpress\/wp-content\/uploads\/2021\/05\/orari-drive-in-tamponi-300x200.png 300w, https:\/\/www.radiopiu.net\/wordpress\/wp-content\/uploads\/2021\/05\/orari-drive-in-tamponi-768x511.png 768w, https:\/\/www.radiopiu.net\/wordpress\/wp-content\/uploads\/2021\/05\/orari-drive-in-tamponi.png 1179w\" sizes=\"auto, (max-width: 1024px) 100vw, 1024px\" \/><\/a><\/b><\/p>\n<p>&nbsp;<\/p>\n<hr \/>\n<p>&nbsp;<\/p>\n<blockquote>\n<h3>IL FIASCO DOMENICALE: LA TERZA MANIFESTAZIONE DEI NO PAURA DAY, NO VAX, NO MASK&#8230;<\/h3>\n<\/blockquote>\n<p><span style=\"color: #ff0000;\"><strong>Rsa da oggi si torna ad aprire le liste per accogliere gli ospiti con tutte le precauzioni e le direttive emanate dalla direzione sanitaria di ogni singolo istituto. Over 80 il 96,7%\u00a0 sono stati vaccinati. Su 440 mila over 80 veneti, 100 mila sono stati raggiunti a casa\u00a0 dai medici di base e dalle Usca.\u00a0 \u00a0<\/strong><\/span><\/p>\n<p><span style=\"color: #ff0000;\"><strong><span style=\"color: #000000;\">FLOP: scarsa adesione alla manifestazione \u00a0\u201cNo paura day\u201d, pochi i contenuti dal palco in piazza e poca gente ad ascoltare peraltro tutti con mascherina, l&#8217;ultimo a relazionare si \u00e8 trovato davanti al nulla i pi\u00f9 avevano lasciato la piazza.\u00a0<\/span><br \/>\n<\/strong><\/span><\/p>\n<p>&nbsp;<\/p>\n<blockquote>\n<h3><span style=\"color: #ff0000;\"><strong><br \/>\n<\/strong><\/span>AGGIORNAMENTO COVID IN PROVINCIA: NESSUN DECESSO E 15 NUOVI POSITIVI<\/h3>\n<\/blockquote>\n<p><strong>BELLUNO <\/strong>Nelle ultime 24 ore non sono stati registrati decessi di pazienti covid positivi, 15 le nuove positivit\u00e0 in provincia di Belluno e 419 le persone attualmente positive.<\/p>\n<p><strong>Ricoveri \u00a0\u00a0\u00a0\u00a0\u00a0\u00a0\u00a0\u00a0\u00a0\u00a0\u00a0\u00a0\u00a0\u00a0\u00a0\u00a0\u00a0\u00a0\u00a0\u00a0\u00a0\u00a0\u00a0\u00a0\u00a0\u00a0\u00a0\u00a0\u00a0\u00a0\u00a0\u00a0\u00a0 <\/strong><\/p>\n<p><em>(dato alle ore 17.00 fonte: Azienda Zero)<\/em><\/p>\n<p>Le persone attualmente POSITIVE ricoverate negli ospedali dell\u2019Ulss Dolomiti sono:<\/p>\n<table>\n<tbody>\n<tr>\n<td width=\"217\"><strong>\u00a0<\/strong><\/td>\n<td width=\"217\"><strong>Area NON CRITICA<\/strong><\/td>\n<td width=\"217\"><strong>Terapia Intensiva<\/strong><\/td>\n<\/tr>\n<tr>\n<td width=\"217\"><strong>Ospedale di Belluno <\/strong><\/td>\n<td width=\"217\">11<\/td>\n<td width=\"217\">1<\/td>\n<\/tr>\n<tr>\n<td width=\"217\"><strong>Ospedale di Feltre<\/strong><\/td>\n<td width=\"217\">10<\/td>\n<td width=\"217\">0<\/td>\n<\/tr>\n<\/tbody>\n<\/table>\n<p>Le persone attualmente POSITIVE ricoverate in Ospedale di Comunit\u00e0 sono:<\/p>\n<table>\n<tbody>\n<tr>\n<td width=\"326\"><strong>\u00a0<\/strong><\/td>\n<td width=\"326\"><strong>pazienti attualmente positivi<\/strong><\/td>\n<\/tr>\n<tr>\n<td width=\"326\"><strong>Ospedale di Comunit\u00e0 di FELTRE<\/strong><\/td>\n<td width=\"326\">8<\/td>\n<\/tr>\n<\/tbody>\n<\/table>\n<p>&nbsp;<\/p>\n<p>&nbsp;<\/p>\n<hr \/>\n<p>&nbsp;<\/p>\n<blockquote>\n<h2>TRAFFICO IN VALLE DEL MIS, COLLOCAZIONE DEI CARTELLI DA RIVEDERE<\/h2>\n<\/blockquote>\n<p><strong>GOSALDO<\/strong>\u00a0 via vai continuo per la Valle dei Mis, soprattutto di motociclisti. Evidentemente non a tutti \u00e8 noto che la strada oltre il lago arrivando da Sospirolo \u00e8 chiusa dai primi di dicembre.\u00a0 Per la verit\u00e0 un cartello di chiusura non \u00e8 collocato al bivio per Tiser (Valle del Mis) ma molto prima. Chi arriva da Rivamonte-Agordo il cartello lo vede, chi arriva dal Primiero non pu\u00f2 vederlo perch\u00e9 oltre il bivio per Tiser e quindi\u00a0 imbocca la Provinciale del Mis.. C&#8217;\u00e8 un cartello all&#8217;inizio della discesa per Tiser con un foglio attaccato al divieto, visto il traffico pare ovvio che non \u00e8 visibile e\u00a0 sufficiente (foto2)<\/p>\n\n\t\t\t<style type='text\/css'>\n\t\t\t\t#gallery-1 {\n\t\t\t\t\tmargin: auto;\n\t\t\t\t}\n\t\t\t\t#gallery-1 .gallery-item {\n\t\t\t\t\tfloat: left;\n\t\t\t\t\tmargin-top: 10px;\n\t\t\t\t\ttext-align: center;\n\t\t\t\t\twidth: 50%;\n\t\t\t\t}\n\t\t\t\t#gallery-1 img {\n\t\t\t\t\tborder: 2px solid #cfcfcf;\n\t\t\t\t}\n\t\t\t\t#gallery-1 .gallery-caption {\n\t\t\t\t\tmargin-left: 0;\n\t\t\t\t}\n\t\t\t\t\/* see gallery_shortcode() in wp-includes\/media.php *\/\n\t\t\t<\/style>\n\t\t<div id='gallery-1' class='dt-gallery-container gallery galleryid-208510 gallery-columns-2 gallery-size-thumbnail'><dl class='gallery-item'>\n\t\t\t\t<dt class='gallery-icon landscape'>\n\t\t\t\t\t<a class=\"rollover rollover-zoom dt-pswp-item\" title=\"b2fee130-9603-4316-be69-872988ac84fa\" data-dt-img-description=\"\" data-large_image_width=\"1600\" data-large_image_height=\"777\"href='https:\/\/www.radiopiu.net\/wordpress\/wp-content\/uploads\/2021\/05\/b2fee130-9603-4316-be69-872988ac84fa.jpg'><img loading=\"lazy\" decoding=\"async\" width=\"150\" height=\"150\" src=\"https:\/\/www.radiopiu.net\/wordpress\/wp-content\/uploads\/2021\/05\/b2fee130-9603-4316-be69-872988ac84fa-150x150.jpg\" class=\"attachment-thumbnail size-thumbnail\" alt=\"\" \/><\/a>\n\t\t\t\t<\/dt><\/dl><dl class='gallery-item'>\n\t\t\t\t<dt class='gallery-icon portrait'>\n\t\t\t\t\t<a class=\"rollover rollover-zoom dt-pswp-item\" title=\"bebdba57-7425-4f68-9c5e-5c893bf8bb4c\" data-dt-img-description=\"\" data-large_image_width=\"777\" data-large_image_height=\"1600\"href='https:\/\/www.radiopiu.net\/wordpress\/wp-content\/uploads\/2021\/05\/bebdba57-7425-4f68-9c5e-5c893bf8bb4c.jpg'><img loading=\"lazy\" decoding=\"async\" width=\"150\" height=\"150\" src=\"https:\/\/www.radiopiu.net\/wordpress\/wp-content\/uploads\/2021\/05\/bebdba57-7425-4f68-9c5e-5c893bf8bb4c-150x150.jpg\" class=\"attachment-thumbnail size-thumbnail\" alt=\"\" \/><\/a>\n\t\t\t\t<\/dt><\/dl><br style=\"clear: both\" \/>\n\t\t\t<\/div>\n\n<p>&nbsp;<\/p>\n<hr \/>\n<p>&nbsp;<\/p>\n<blockquote>\n<h2>LUNA S&#8217;ASCIUGA AL SOLE&#8230; SALVATA DAI VIGILI DEL FUOCO<\/h2>\n<\/blockquote>\n<p><strong>\u00a0SEREN DEL GRAPPA<\/strong> Luna, un cane setter, caduta in una forra \u00e8 stata salvata\u00a0 oggi\u00a0 pomeriggio dai vigili del fuoco, dopo l\u2019allarme di un escursionista, che mentre risaliva la vecchia strada delle Saline in Valle di Seren a Seren del Grappa, ha sentito i guaiti di lamento dell\u2019animale provenire dal sottostante canale. L\u2019uomo ha notato una cinquantina di metri pi\u00f9 in basso il cane, che girava in un piccolo spiazzo sul fondo della forra. I vigili del fuoco intervenuti con una squadra, hanno predisposto il recupero. Un operatore SAF (Speleo alpino Fluviale) si \u00e8 calato sul fondo raggiungendo l\u2019animale. La cagnetta sul fondo da 5 giorni \u00e8 stata subito rifocillata con due bistecche. Terminato il lauto pasto, Luna ancora tremante si \u00e8 fatta avvicinare ed \u00e8 stata imbragata per essere recuperata. Ad attendere l\u2019animale il felice proprietario, che da giorni ritornava in zona dove aveva smarrito l\u2019amata cagnetta.<\/p>\n\n\t\t\t<style type='text\/css'>\n\t\t\t\t#gallery-2 {\n\t\t\t\t\tmargin: auto;\n\t\t\t\t}\n\t\t\t\t#gallery-2 .gallery-item {\n\t\t\t\t\tfloat: left;\n\t\t\t\t\tmargin-top: 10px;\n\t\t\t\t\ttext-align: center;\n\t\t\t\t\twidth: 50%;\n\t\t\t\t}\n\t\t\t\t#gallery-2 img {\n\t\t\t\t\tborder: 2px solid #cfcfcf;\n\t\t\t\t}\n\t\t\t\t#gallery-2 .gallery-caption {\n\t\t\t\t\tmargin-left: 0;\n\t\t\t\t}\n\t\t\t\t\/* see gallery_shortcode() in wp-includes\/media.php *\/\n\t\t\t<\/style>\n\t\t<div id='gallery-2' class='dt-gallery-container gallery galleryid-208510 gallery-columns-2 gallery-size-thumbnail'><dl class='gallery-item'>\n\t\t\t\t<dt class='gallery-icon portrait'>\n\t\t\t\t\t<a class=\"rollover rollover-zoom dt-pswp-item\" title=\"9518ab54-e0f4-4846-89bb-3c88ec5250a0\" data-dt-img-description=\"\" data-large_image_width=\"1185\" data-large_image_height=\"1280\"href='https:\/\/www.radiopiu.net\/wordpress\/wp-content\/uploads\/2021\/05\/9518ab54-e0f4-4846-89bb-3c88ec5250a0.jpg'><img loading=\"lazy\" decoding=\"async\" width=\"150\" height=\"150\" src=\"https:\/\/www.radiopiu.net\/wordpress\/wp-content\/uploads\/2021\/05\/9518ab54-e0f4-4846-89bb-3c88ec5250a0-150x150.jpg\" class=\"attachment-thumbnail size-thumbnail\" alt=\"\" \/><\/a>\n\t\t\t\t<\/dt><\/dl><dl class='gallery-item'>\n\t\t\t\t<dt class='gallery-icon portrait'>\n\t\t\t\t\t<a class=\"rollover rollover-zoom dt-pswp-item\" title=\"05faf502-97ac-48bb-9d16-d1fb370dda70\" data-dt-img-description=\"\" data-large_image_width=\"1000\" data-large_image_height=\"1280\"href='https:\/\/www.radiopiu.net\/wordpress\/wp-content\/uploads\/2021\/05\/05faf502-97ac-48bb-9d16-d1fb370dda70.jpg'><img loading=\"lazy\" decoding=\"async\" width=\"150\" height=\"150\" src=\"https:\/\/www.radiopiu.net\/wordpress\/wp-content\/uploads\/2021\/05\/05faf502-97ac-48bb-9d16-d1fb370dda70-150x150.jpg\" class=\"attachment-thumbnail size-thumbnail\" alt=\"\" \/><\/a>\n\t\t\t\t<\/dt><\/dl><br style=\"clear: both\" \/>\n\t\t\t<\/div>\n\n<p>&nbsp;<\/p>\n<p>&nbsp;<\/p>\n<hr \/>\n<blockquote>\n<h3>TANTI AUGURI A GIULIA FONTANIVE E LE SUE 103 PRIMAVERE<\/h3>\n<\/blockquote>\n<p><strong><a href=\"https:\/\/www.radiopiu.net\/wordpress\/treno-delle-dolomiti-presentato-ai-sindaci\/181843101_10158974719656970_5174897952238653154_n\/\" rel=\"attachment wp-att-207904\"><img loading=\"lazy\" decoding=\"async\" class=\"size-medium wp-image-207904 alignleft\" src=\"https:\/\/www.radiopiu.net\/wordpress\/wp-content\/uploads\/2021\/05\/181843101_10158974719656970_5174897952238653154_n-224x300.jpg\" sizes=\"auto, (max-width: 224px) 100vw, 224px\" srcset=\"https:\/\/www.radiopiu.net\/wordpress\/wp-content\/uploads\/2021\/05\/181843101_10158974719656970_5174897952238653154_n-224x300.jpg 224w, https:\/\/www.radiopiu.net\/wordpress\/wp-content\/uploads\/2021\/05\/181843101_10158974719656970_5174897952238653154_n.jpg 526w\" alt=\"\" width=\"224\" height=\"300\" \/><\/a><\/strong><\/p>\n<p>&nbsp;<\/p>\n<p>&nbsp;<\/p>\n<p><strong>CANALE D\u2019AGORDO<\/strong>\u00a0 auguri Giulia!!!<\/p>\n<p>Giulia Fontanive\u00a0 103 anni, l\u2019altro giorno \u00e8 stata fotografata dal nipote Ivan Cagnati mentre seminava l\u2019orto. Donna granitica, anzi dolomitica Giulia, nata il 9 maggio 1918 quando a Canale d\u2019Agordo si parlava tedesco con l\u2019impero Austro Ungarico. Non a caso a Canale d\u2019Agordo a portare gli auguri a Giulia\u00a0 anche il Console Austriaco<\/p>\n<p>&nbsp;<\/p>\n<p>&nbsp;<\/p>\n<p>&nbsp;<\/p>\n<p><strong>LE FOTO DELLA MATTINATA DEDICATA A GIULIA<\/strong><\/p>\n\n\t\t\t<style type='text\/css'>\n\t\t\t\t#gallery-3 {\n\t\t\t\t\tmargin: auto;\n\t\t\t\t}\n\t\t\t\t#gallery-3 .gallery-item {\n\t\t\t\t\tfloat: left;\n\t\t\t\t\tmargin-top: 10px;\n\t\t\t\t\ttext-align: center;\n\t\t\t\t\twidth: 20%;\n\t\t\t\t}\n\t\t\t\t#gallery-3 img {\n\t\t\t\t\tborder: 2px solid #cfcfcf;\n\t\t\t\t}\n\t\t\t\t#gallery-3 .gallery-caption {\n\t\t\t\t\tmargin-left: 0;\n\t\t\t\t}\n\t\t\t\t\/* see gallery_shortcode() in wp-includes\/media.php *\/\n\t\t\t<\/style>\n\t\t<div id='gallery-3' class='dt-gallery-container gallery galleryid-208510 gallery-columns-5 gallery-size-thumbnail'><dl class='gallery-item'>\n\t\t\t\t<dt class='gallery-icon portrait'>\n\t\t\t\t\t<a class=\"rollover rollover-zoom dt-pswp-item\" title=\"6367d30b-0772-45fa-a1a7-4e6f935d3f46\" data-dt-img-description=\"\" data-large_image_width=\"798\" data-large_image_height=\"1024\"href='https:\/\/www.radiopiu.net\/wordpress\/wp-content\/uploads\/2021\/05\/6367d30b-0772-45fa-a1a7-4e6f935d3f46.jpg'><img loading=\"lazy\" decoding=\"async\" width=\"150\" height=\"150\" src=\"https:\/\/www.radiopiu.net\/wordpress\/wp-content\/uploads\/2021\/05\/6367d30b-0772-45fa-a1a7-4e6f935d3f46-150x150.jpg\" class=\"attachment-thumbnail size-thumbnail\" alt=\"\" \/><\/a>\n\t\t\t\t<\/dt><\/dl><dl class='gallery-item'>\n\t\t\t\t<dt class='gallery-icon landscape'>\n\t\t\t\t\t<a class=\"rollover rollover-zoom dt-pswp-item\" title=\"cb739ce1-0987-4b30-bf9d-5ca7d161f0a5\" data-dt-img-description=\"\" data-large_image_width=\"1024\" data-large_image_height=\"768\"href='https:\/\/www.radiopiu.net\/wordpress\/wp-content\/uploads\/2021\/05\/cb739ce1-0987-4b30-bf9d-5ca7d161f0a5.jpg'><img loading=\"lazy\" decoding=\"async\" width=\"150\" height=\"150\" src=\"https:\/\/www.radiopiu.net\/wordpress\/wp-content\/uploads\/2021\/05\/cb739ce1-0987-4b30-bf9d-5ca7d161f0a5-150x150.jpg\" class=\"attachment-thumbnail size-thumbnail\" alt=\"\" \/><\/a>\n\t\t\t\t<\/dt><\/dl><dl class='gallery-item'>\n\t\t\t\t<dt class='gallery-icon portrait'>\n\t\t\t\t\t<a class=\"rollover rollover-zoom dt-pswp-item\" title=\"d2a00a00-746c-424b-b987-63ce956e0d03\" data-dt-img-description=\"\" data-large_image_width=\"1004\" data-large_image_height=\"1024\"href='https:\/\/www.radiopiu.net\/wordpress\/wp-content\/uploads\/2021\/05\/d2a00a00-746c-424b-b987-63ce956e0d03.jpg'><img loading=\"lazy\" decoding=\"async\" width=\"150\" height=\"150\" src=\"https:\/\/www.radiopiu.net\/wordpress\/wp-content\/uploads\/2021\/05\/d2a00a00-746c-424b-b987-63ce956e0d03-150x150.jpg\" class=\"attachment-thumbnail size-thumbnail\" alt=\"\" \/><\/a>\n\t\t\t\t<\/dt><\/dl><dl class='gallery-item'>\n\t\t\t\t<dt class='gallery-icon portrait'>\n\t\t\t\t\t<a class=\"rollover rollover-zoom dt-pswp-item\" title=\"cb94180d-57ed-42ac-950c-5f6949d48a83\" data-dt-img-description=\"\" data-large_image_width=\"972\" data-large_image_height=\"1024\"href='https:\/\/www.radiopiu.net\/wordpress\/wp-content\/uploads\/2021\/05\/cb94180d-57ed-42ac-950c-5f6949d48a83.jpg'><img loading=\"lazy\" decoding=\"async\" width=\"150\" height=\"150\" src=\"https:\/\/www.radiopiu.net\/wordpress\/wp-content\/uploads\/2021\/05\/cb94180d-57ed-42ac-950c-5f6949d48a83-150x150.jpg\" class=\"attachment-thumbnail size-thumbnail\" alt=\"\" \/><\/a>\n\t\t\t\t<\/dt><\/dl><dl class='gallery-item'>\n\t\t\t\t<dt class='gallery-icon portrait'>\n\t\t\t\t\t<a class=\"rollover rollover-zoom dt-pswp-item\" title=\"1d0dda0b-0420-49c1-9497-8dbbfaf6ffd9\" data-dt-img-description=\"\" data-large_image_width=\"825\" data-large_image_height=\"1024\"href='https:\/\/www.radiopiu.net\/wordpress\/wp-content\/uploads\/2021\/05\/1d0dda0b-0420-49c1-9497-8dbbfaf6ffd9.jpg'><img loading=\"lazy\" decoding=\"async\" width=\"150\" height=\"150\" src=\"https:\/\/www.radiopiu.net\/wordpress\/wp-content\/uploads\/2021\/05\/1d0dda0b-0420-49c1-9497-8dbbfaf6ffd9-150x150.jpg\" class=\"attachment-thumbnail size-thumbnail\" alt=\"\" \/><\/a>\n\t\t\t\t<\/dt><\/dl><br style=\"clear: both\" \/><dl class='gallery-item'>\n\t\t\t\t<dt class='gallery-icon portrait'>\n\t\t\t\t\t<a class=\"rollover rollover-zoom dt-pswp-item\" title=\"c9f00286-3701-4cc6-989d-10584a403a56\" data-dt-img-description=\"\" data-large_image_width=\"933\" data-large_image_height=\"1024\"href='https:\/\/www.radiopiu.net\/wordpress\/wp-content\/uploads\/2021\/05\/c9f00286-3701-4cc6-989d-10584a403a56.jpg'><img loading=\"lazy\" decoding=\"async\" width=\"150\" height=\"150\" src=\"https:\/\/www.radiopiu.net\/wordpress\/wp-content\/uploads\/2021\/05\/c9f00286-3701-4cc6-989d-10584a403a56-150x150.jpg\" class=\"attachment-thumbnail size-thumbnail\" alt=\"\" \/><\/a>\n\t\t\t\t<\/dt><\/dl><dl class='gallery-item'>\n\t\t\t\t<dt class='gallery-icon landscape'>\n\t\t\t\t\t<a class=\"rollover rollover-zoom dt-pswp-item\" title=\"b1144689-0449-4e54-a1dd-2f767df6c224\" data-dt-img-description=\"\" data-large_image_width=\"1024\" data-large_image_height=\"768\"href='https:\/\/www.radiopiu.net\/wordpress\/wp-content\/uploads\/2021\/05\/b1144689-0449-4e54-a1dd-2f767df6c224.jpg'><img loading=\"lazy\" decoding=\"async\" width=\"150\" height=\"150\" src=\"https:\/\/www.radiopiu.net\/wordpress\/wp-content\/uploads\/2021\/05\/b1144689-0449-4e54-a1dd-2f767df6c224-150x150.jpg\" class=\"attachment-thumbnail size-thumbnail\" alt=\"\" \/><\/a>\n\t\t\t\t<\/dt><\/dl><dl class='gallery-item'>\n\t\t\t\t<dt class='gallery-icon landscape'>\n\t\t\t\t\t<a class=\"rollover rollover-zoom dt-pswp-item\" title=\"0c8c14ee-f289-4cc7-a9fb-49fce6ce6e5b\" data-dt-img-description=\"\" data-large_image_width=\"1024\" data-large_image_height=\"691\"href='https:\/\/www.radiopiu.net\/wordpress\/wp-content\/uploads\/2021\/05\/0c8c14ee-f289-4cc7-a9fb-49fce6ce6e5b.jpg'><img loading=\"lazy\" decoding=\"async\" width=\"150\" height=\"150\" src=\"https:\/\/www.radiopiu.net\/wordpress\/wp-content\/uploads\/2021\/05\/0c8c14ee-f289-4cc7-a9fb-49fce6ce6e5b-150x150.jpg\" class=\"attachment-thumbnail size-thumbnail\" alt=\"\" \/><\/a>\n\t\t\t\t<\/dt><\/dl><dl class='gallery-item'>\n\t\t\t\t<dt class='gallery-icon portrait'>\n\t\t\t\t\t<a class=\"rollover rollover-zoom dt-pswp-item\" title=\"f8b7194e-20a1-4493-be46-90ce2588f6ad\" data-dt-img-description=\"\" data-large_image_width=\"803\" data-large_image_height=\"1024\"href='https:\/\/www.radiopiu.net\/wordpress\/wp-content\/uploads\/2021\/05\/f8b7194e-20a1-4493-be46-90ce2588f6ad.jpg'><img loading=\"lazy\" decoding=\"async\" width=\"150\" height=\"150\" src=\"https:\/\/www.radiopiu.net\/wordpress\/wp-content\/uploads\/2021\/05\/f8b7194e-20a1-4493-be46-90ce2588f6ad-150x150.jpg\" class=\"attachment-thumbnail size-thumbnail\" alt=\"\" \/><\/a>\n\t\t\t\t<\/dt><\/dl><dl class='gallery-item'>\n\t\t\t\t<dt class='gallery-icon portrait'>\n\t\t\t\t\t<a class=\"rollover rollover-zoom dt-pswp-item\" title=\"148eb227-5c50-43ae-8ea2-195f60e3ae99\" data-dt-img-description=\"\" data-large_image_width=\"741\" data-large_image_height=\"1024\"href='https:\/\/www.radiopiu.net\/wordpress\/wp-content\/uploads\/2021\/05\/148eb227-5c50-43ae-8ea2-195f60e3ae99.jpg'><img loading=\"lazy\" decoding=\"async\" width=\"150\" height=\"150\" src=\"https:\/\/www.radiopiu.net\/wordpress\/wp-content\/uploads\/2021\/05\/148eb227-5c50-43ae-8ea2-195f60e3ae99-150x150.jpg\" class=\"attachment-thumbnail size-thumbnail\" alt=\"\" \/><\/a>\n\t\t\t\t<\/dt><\/dl><br style=\"clear: both\" \/><dl class='gallery-item'>\n\t\t\t\t<dt class='gallery-icon landscape'>\n\t\t\t\t\t<a class=\"rollover rollover-zoom dt-pswp-item\" title=\"cdd69bce-2d72-42b0-b0b7-2349772c6c78\" data-dt-img-description=\"\" data-large_image_width=\"1024\" data-large_image_height=\"768\"href='https:\/\/www.radiopiu.net\/wordpress\/wp-content\/uploads\/2021\/05\/cdd69bce-2d72-42b0-b0b7-2349772c6c78.jpg'><img loading=\"lazy\" decoding=\"async\" width=\"150\" height=\"150\" src=\"https:\/\/www.radiopiu.net\/wordpress\/wp-content\/uploads\/2021\/05\/cdd69bce-2d72-42b0-b0b7-2349772c6c78-150x150.jpg\" class=\"attachment-thumbnail size-thumbnail\" alt=\"\" \/><\/a>\n\t\t\t\t<\/dt><\/dl><dl class='gallery-item'>\n\t\t\t\t<dt class='gallery-icon portrait'>\n\t\t\t\t\t<a class=\"rollover rollover-zoom dt-pswp-item\" title=\"361cc9a9-fddd-43c3-8d92-f0d3bfe7f9b9\" data-dt-img-description=\"\" data-large_image_width=\"676\" data-large_image_height=\"1024\"href='https:\/\/www.radiopiu.net\/wordpress\/wp-content\/uploads\/2021\/05\/361cc9a9-fddd-43c3-8d92-f0d3bfe7f9b9.jpg'><img loading=\"lazy\" decoding=\"async\" width=\"150\" height=\"150\" src=\"https:\/\/www.radiopiu.net\/wordpress\/wp-content\/uploads\/2021\/05\/361cc9a9-fddd-43c3-8d92-f0d3bfe7f9b9-150x150.jpg\" class=\"attachment-thumbnail size-thumbnail\" alt=\"\" \/><\/a>\n\t\t\t\t<\/dt><\/dl><dl class='gallery-item'>\n\t\t\t\t<dt class='gallery-icon portrait'>\n\t\t\t\t\t<a class=\"rollover rollover-zoom dt-pswp-item\" title=\"58029f49-59d7-45e8-b3d7-554be7cc9eaf\" data-dt-img-description=\"\" data-large_image_width=\"777\" data-large_image_height=\"1024\"href='https:\/\/www.radiopiu.net\/wordpress\/wp-content\/uploads\/2021\/05\/58029f49-59d7-45e8-b3d7-554be7cc9eaf.jpg'><img loading=\"lazy\" decoding=\"async\" width=\"150\" height=\"150\" src=\"https:\/\/www.radiopiu.net\/wordpress\/wp-content\/uploads\/2021\/05\/58029f49-59d7-45e8-b3d7-554be7cc9eaf-150x150.jpg\" class=\"attachment-thumbnail size-thumbnail\" alt=\"\" \/><\/a>\n\t\t\t\t<\/dt><\/dl><dl class='gallery-item'>\n\t\t\t\t<dt class='gallery-icon portrait'>\n\t\t\t\t\t<a class=\"rollover rollover-zoom dt-pswp-item\" title=\"8609b177-b5c2-4faa-854c-8ff0f1b7769a\" data-dt-img-description=\"\" data-large_image_width=\"587\" data-large_image_height=\"1024\"href='https:\/\/www.radiopiu.net\/wordpress\/wp-content\/uploads\/2021\/05\/8609b177-b5c2-4faa-854c-8ff0f1b7769a.jpg'><img loading=\"lazy\" decoding=\"async\" width=\"150\" height=\"150\" src=\"https:\/\/www.radiopiu.net\/wordpress\/wp-content\/uploads\/2021\/05\/8609b177-b5c2-4faa-854c-8ff0f1b7769a-150x150.jpg\" class=\"attachment-thumbnail size-thumbnail\" alt=\"\" \/><\/a>\n\t\t\t\t<\/dt><\/dl><dl class='gallery-item'>\n\t\t\t\t<dt class='gallery-icon portrait'>\n\t\t\t\t\t<a class=\"rollover rollover-zoom dt-pswp-item\" title=\"1ddc14de-1779-48ed-bc65-f53dcff0c1a5\" data-dt-img-description=\"\" data-large_image_width=\"698\" data-large_image_height=\"1024\"href='https:\/\/www.radiopiu.net\/wordpress\/wp-content\/uploads\/2021\/05\/1ddc14de-1779-48ed-bc65-f53dcff0c1a5.jpg'><img loading=\"lazy\" decoding=\"async\" width=\"150\" height=\"150\" src=\"https:\/\/www.radiopiu.net\/wordpress\/wp-content\/uploads\/2021\/05\/1ddc14de-1779-48ed-bc65-f53dcff0c1a5-150x150.jpg\" class=\"attachment-thumbnail size-thumbnail\" alt=\"\" \/><\/a>\n\t\t\t\t<\/dt><\/dl><br style=\"clear: both\" \/>\n\t\t\t<\/div>\n\n<p>&nbsp;<\/p>\n<p>&nbsp;<\/p>\n<p><strong>LA DIRETTA DI RADIO PIU&#8217;<\/strong><\/p>\n<p>https:\/\/www.facebook.com\/radiopiu\/videos\/1168661130248174<\/p>\n<p>&nbsp;<\/p>\n<p><strong>IL DISCORSO DEL SINDACO DI CANALE D&#8217;AGORDO FLAVIO COLCERGNAN (3 PAGINE)<\/strong><\/p>\n<a href=\"https:\/\/www.radiopiu.net\/wordpress\/wp-content\/uploads\/2021\/05\/Discorso-console.pdf\" class=\"pdfemb-viewer\" style=\"\" data-width=\"max\" data-height=\"max\" data-toolbar=\"top\" data-toolbar-fixed=\"on\">Discorso console<\/a>\n<p>&nbsp;<\/p>\n<hr \/>\n<p>&nbsp;<\/p>\n<h2>IL TRENO DELLE DOLOMITI PER LA VALCORDEVOLE, I PARERI DEI SINDACI<\/h2>\n<p><span style=\"color: #ff0000;\"><b>VOLTAGO Francesca Della Lucia candidato a sindaco per Voltago \u00a0<\/b><\/span><\/p>\n<audio class=\"wp-audio-shortcode\" id=\"audio-208510-1\" preload=\"none\" style=\"width: 100%;\" controls=\"controls\"><source type=\"audio\/mpeg\" src=\"https:\/\/www.radiopiu.net\/wordpress\/wp-content\/uploads\/2021\/05\/FRANCESCA.mp3?_=1\" \/><a href=\"https:\/\/www.radiopiu.net\/wordpress\/wp-content\/uploads\/2021\/05\/FRANCESCA.mp3\">https:\/\/www.radiopiu.net\/wordpress\/wp-content\/uploads\/2021\/05\/FRANCESCA.mp3<\/a><\/audio>\n<p>&nbsp;<\/p>\n<blockquote class=\"wp-embedded-content\" data-secret=\"oWwMcQ9gxr\"><p><a href=\"https:\/\/www.radiopiu.net\/wordpress\/treno-delle-dolomit\/\">TRENO DELLE DOLOMITI,  PARLANO I SINDACI DELL&#8217;AGORDINO<\/a><\/p><\/blockquote>\n<p><iframe loading=\"lazy\" class=\"wp-embedded-content\" sandbox=\"allow-scripts\" security=\"restricted\" style=\"position: absolute; clip: rect(1px, 1px, 1px, 1px);\" title=\"&#8220;TRENO DELLE DOLOMITI,  PARLANO I SINDACI DELL&#8217;AGORDINO&#8221; &#8212; Radio Pi\u00f9\" src=\"https:\/\/www.radiopiu.net\/wordpress\/treno-delle-dolomit\/embed\/#?secret=oWwMcQ9gxr\" data-secret=\"oWwMcQ9gxr\" width=\"600\" height=\"338\" frameborder=\"0\" marginwidth=\"0\" marginheight=\"0\" scrolling=\"no\"><\/iframe><\/p>\n<p>&nbsp;<\/p>\n<hr \/>\n<blockquote>\n<h3><\/h3>\n<h3>PLASTIC FREE: AD ALLEGHE, NEVEGAL E PIEVE DI CADORE LE GIORNATE ECOLOGICHE DEL FINE SETTIMANA<\/h3>\n<\/blockquote>\n<p><strong>BELLUNO <\/strong>Tre eventi di raccolta organizzati da Plastic Free e da vari associazioni e gruppi locali si sono distinti in una giornata all\u2019insegna dell\u2019ambiente che dimostra quanto il territorio montano Veneto \u00e8 ricettivo all&#8217;emergenza ambientale.<\/p>\n<p><strong>ALLEGHE <\/strong>Oltre 50 volontari infaticabili divisi in due squadre una sulle sponde del lago di Alleghe e l\u2019altra lungo il Cordevole e l\u2018attigua strada si sono dati da fare dalle 7.45 del mattino sino alle 14. Armati anche di \u00absenso civico e cultura ambientale\u00bb dice il sindaco Danilo De Toni, che ringrazia i suoi cittadini e l\u2019associazione Plastic Free per aver collaborato alla giornata ecologica, organizzata dal Comune di Alleghe, dal Comune di Rocca Pietore e dal Gruppo alpini Monte Civetta. Sono state ripulite le sponde del lago di Alleghe, il torrente Cordevole e la camminata nel tratto Alleghe-Caprile nonch\u00e9 la strada attigua. I rifiuti in alcune erano tantissimi purtroppo la tempesta Vaia ha rotto molte discariche dell\u2019alto Agordino che ha provocato lo spargimento dei rifiuti lungo il Cordevole.<\/p>\n<p><strong>LE FOTO DI ALLEGHE<\/strong><\/p>\n\n\t\t\t<style type='text\/css'>\n\t\t\t\t#gallery-4 {\n\t\t\t\t\tmargin: auto;\n\t\t\t\t}\n\t\t\t\t#gallery-4 .gallery-item {\n\t\t\t\t\tfloat: left;\n\t\t\t\t\tmargin-top: 10px;\n\t\t\t\t\ttext-align: center;\n\t\t\t\t\twidth: 20%;\n\t\t\t\t}\n\t\t\t\t#gallery-4 img {\n\t\t\t\t\tborder: 2px solid #cfcfcf;\n\t\t\t\t}\n\t\t\t\t#gallery-4 .gallery-caption {\n\t\t\t\t\tmargin-left: 0;\n\t\t\t\t}\n\t\t\t\t\/* see gallery_shortcode() in wp-includes\/media.php *\/\n\t\t\t<\/style>\n\t\t<div id='gallery-4' class='dt-gallery-container gallery galleryid-208510 gallery-columns-5 gallery-size-thumbnail'><dl class='gallery-item'>\n\t\t\t\t<dt class='gallery-icon landscape'>\n\t\t\t\t\t<a class=\"rollover rollover-zoom dt-pswp-item\" title=\"Alleghe-Roccapietore_1\" data-dt-img-description=\"\" data-large_image_width=\"2560\" data-large_image_height=\"1920\"href='https:\/\/www.radiopiu.net\/wordpress\/wp-content\/uploads\/2021\/05\/Alleghe-Roccapietore_1-scaled.jpg'><img loading=\"lazy\" decoding=\"async\" width=\"150\" height=\"150\" src=\"https:\/\/www.radiopiu.net\/wordpress\/wp-content\/uploads\/2021\/05\/Alleghe-Roccapietore_1-150x150.jpg\" class=\"attachment-thumbnail size-thumbnail\" alt=\"\" \/><\/a>\n\t\t\t\t<\/dt><\/dl><dl class='gallery-item'>\n\t\t\t\t<dt class='gallery-icon landscape'>\n\t\t\t\t\t<a class=\"rollover rollover-zoom dt-pswp-item\" title=\"Alleghe-Roccapietore_4\" data-dt-img-description=\"\" data-large_image_width=\"2560\" data-large_image_height=\"1707\"href='https:\/\/www.radiopiu.net\/wordpress\/wp-content\/uploads\/2021\/05\/Alleghe-Roccapietore_4-scaled.jpg'><img loading=\"lazy\" decoding=\"async\" width=\"150\" height=\"150\" src=\"https:\/\/www.radiopiu.net\/wordpress\/wp-content\/uploads\/2021\/05\/Alleghe-Roccapietore_4-150x150.jpg\" class=\"attachment-thumbnail size-thumbnail\" alt=\"\" \/><\/a>\n\t\t\t\t<\/dt><\/dl><dl class='gallery-item'>\n\t\t\t\t<dt class='gallery-icon landscape'>\n\t\t\t\t\t<a class=\"rollover rollover-zoom dt-pswp-item\" title=\"Alleghe-Roccapietore_5\" data-dt-img-description=\"\" data-large_image_width=\"2560\" data-large_image_height=\"945\"href='https:\/\/www.radiopiu.net\/wordpress\/wp-content\/uploads\/2021\/05\/Alleghe-Roccapietore_5-scaled.jpg'><img loading=\"lazy\" decoding=\"async\" width=\"150\" height=\"150\" src=\"https:\/\/www.radiopiu.net\/wordpress\/wp-content\/uploads\/2021\/05\/Alleghe-Roccapietore_5-150x150.jpg\" class=\"attachment-thumbnail size-thumbnail\" alt=\"\" \/><\/a>\n\t\t\t\t<\/dt><\/dl><dl class='gallery-item'>\n\t\t\t\t<dt class='gallery-icon landscape'>\n\t\t\t\t\t<a class=\"rollover rollover-zoom dt-pswp-item\" title=\"Alleghe-Roccapietore_7\" data-dt-img-description=\"\" data-large_image_width=\"1024\" data-large_image_height=\"768\"href='https:\/\/www.radiopiu.net\/wordpress\/wp-content\/uploads\/2021\/05\/Alleghe-Roccapietore_7.jpg'><img loading=\"lazy\" decoding=\"async\" width=\"150\" height=\"150\" src=\"https:\/\/www.radiopiu.net\/wordpress\/wp-content\/uploads\/2021\/05\/Alleghe-Roccapietore_7-150x150.jpg\" class=\"attachment-thumbnail size-thumbnail\" alt=\"\" \/><\/a>\n\t\t\t\t<\/dt><\/dl><dl class='gallery-item'>\n\t\t\t\t<dt class='gallery-icon landscape'>\n\t\t\t\t\t<a class=\"rollover rollover-zoom dt-pswp-item\" title=\"Alleghe-Roccapietore_9\" data-dt-img-description=\"\" data-large_image_width=\"1024\" data-large_image_height=\"768\"href='https:\/\/www.radiopiu.net\/wordpress\/wp-content\/uploads\/2021\/05\/Alleghe-Roccapietore_9.jpg'><img loading=\"lazy\" decoding=\"async\" width=\"150\" height=\"150\" src=\"https:\/\/www.radiopiu.net\/wordpress\/wp-content\/uploads\/2021\/05\/Alleghe-Roccapietore_9-150x150.jpg\" class=\"attachment-thumbnail size-thumbnail\" alt=\"\" \/><\/a>\n\t\t\t\t<\/dt><\/dl><br style=\"clear: both\" \/><dl class='gallery-item'>\n\t\t\t\t<dt class='gallery-icon landscape'>\n\t\t\t\t\t<a class=\"rollover rollover-zoom dt-pswp-item\" title=\"Alleghe-Roccapietore_11\" data-dt-img-description=\"\" data-large_image_width=\"1024\" data-large_image_height=\"768\"href='https:\/\/www.radiopiu.net\/wordpress\/wp-content\/uploads\/2021\/05\/Alleghe-Roccapietore_11.jpg'><img loading=\"lazy\" decoding=\"async\" width=\"150\" height=\"150\" src=\"https:\/\/www.radiopiu.net\/wordpress\/wp-content\/uploads\/2021\/05\/Alleghe-Roccapietore_11-150x150.jpg\" class=\"attachment-thumbnail size-thumbnail\" alt=\"\" \/><\/a>\n\t\t\t\t<\/dt><\/dl><dl class='gallery-item'>\n\t\t\t\t<dt class='gallery-icon landscape'>\n\t\t\t\t\t<a class=\"rollover rollover-zoom dt-pswp-item\" title=\"Alleghe-Roccapietore_12\" data-dt-img-description=\"\" data-large_image_width=\"1599\" data-large_image_height=\"1200\"href='https:\/\/www.radiopiu.net\/wordpress\/wp-content\/uploads\/2021\/05\/Alleghe-Roccapietore_12.jpg'><img loading=\"lazy\" decoding=\"async\" width=\"150\" height=\"150\" src=\"https:\/\/www.radiopiu.net\/wordpress\/wp-content\/uploads\/2021\/05\/Alleghe-Roccapietore_12-150x150.jpg\" class=\"attachment-thumbnail size-thumbnail\" alt=\"\" \/><\/a>\n\t\t\t\t<\/dt><\/dl><dl class='gallery-item'>\n\t\t\t\t<dt class='gallery-icon landscape'>\n\t\t\t\t\t<a class=\"rollover rollover-zoom dt-pswp-item\" title=\"Alleghe-Roccapietore_15\" data-dt-img-description=\"\" data-large_image_width=\"2560\" data-large_image_height=\"1440\"href='https:\/\/www.radiopiu.net\/wordpress\/wp-content\/uploads\/2021\/05\/Alleghe-Roccapietore_15-scaled.jpg'><img loading=\"lazy\" decoding=\"async\" width=\"150\" height=\"150\" src=\"https:\/\/www.radiopiu.net\/wordpress\/wp-content\/uploads\/2021\/05\/Alleghe-Roccapietore_15-150x150.jpg\" class=\"attachment-thumbnail size-thumbnail\" alt=\"\" \/><\/a>\n\t\t\t\t<\/dt><\/dl><dl class='gallery-item'>\n\t\t\t\t<dt class='gallery-icon landscape'>\n\t\t\t\t\t<a class=\"rollover rollover-zoom dt-pswp-item\" title=\"Alleghe-Roccapietore_16\" data-dt-img-description=\"\" data-large_image_width=\"2560\" data-large_image_height=\"1440\"href='https:\/\/www.radiopiu.net\/wordpress\/wp-content\/uploads\/2021\/05\/Alleghe-Roccapietore_16-scaled.jpg'><img loading=\"lazy\" decoding=\"async\" width=\"150\" height=\"150\" src=\"https:\/\/www.radiopiu.net\/wordpress\/wp-content\/uploads\/2021\/05\/Alleghe-Roccapietore_16-150x150.jpg\" class=\"attachment-thumbnail size-thumbnail\" alt=\"\" \/><\/a>\n\t\t\t\t<\/dt><\/dl><dl class='gallery-item'>\n\t\t\t\t<dt class='gallery-icon landscape'>\n\t\t\t\t\t<a class=\"rollover rollover-zoom dt-pswp-item\" title=\"Alleghe-Roccapietore_21\" data-dt-img-description=\"\" data-large_image_width=\"2560\" data-large_image_height=\"1440\"href='https:\/\/www.radiopiu.net\/wordpress\/wp-content\/uploads\/2021\/05\/Alleghe-Roccapietore_21-scaled.jpg'><img loading=\"lazy\" decoding=\"async\" width=\"150\" height=\"150\" src=\"https:\/\/www.radiopiu.net\/wordpress\/wp-content\/uploads\/2021\/05\/Alleghe-Roccapietore_21-150x150.jpg\" class=\"attachment-thumbnail size-thumbnail\" alt=\"\" \/><\/a>\n\t\t\t\t<\/dt><\/dl><br style=\"clear: both\" \/>\n\t\t\t<\/div>\n\n<p><strong>IL VIDEO DA ALLEGHE<\/strong><\/p>\n<div style=\"width: 1200px;\" class=\"wp-video\"><video class=\"wp-video-shortcode\" id=\"video-208510-1\" width=\"1200\" height=\"675\" preload=\"metadata\" controls=\"controls\"><source type=\"video\/mp4\" src=\"https:\/\/www.radiopiu.net\/wordpress\/wp-content\/uploads\/2021\/05\/PLASTIC-FREE-ALLEGHE.mp4?_=1\" \/><a href=\"https:\/\/www.radiopiu.net\/wordpress\/wp-content\/uploads\/2021\/05\/PLASTIC-FREE-ALLEGHE.mp4\">https:\/\/www.radiopiu.net\/wordpress\/wp-content\/uploads\/2021\/05\/PLASTIC-FREE-ALLEGHE.mp4<\/a><\/video><\/div>\n<p>&nbsp;<\/p>\n<p><strong>NEVEGAL <\/strong>L\u2019iniziativa promossa dai gruppi Facebook Noi amiamo il Nevegal, Amanti Alpe del Nevegal-il Colle e dall\u2019associazione Amici del Nevegal, in collaborazione con il gruppo Plastic Free Belluno \u2013 ha coinvolto oltre 40 persone, tra cui molti bambini. Suddivisi in cinque squadre, gli amanti dell\u2019ambiente hanno ripulito una vasta zona attorno al piazzale, si sono spinti dal Santuario fino all\u2019Alpe in fiore, lungo la strada di Pian Longhi, e hanno ispezionato le scarpate della salita che da Caleipo porta al Colle. Il materiale trovato \u00e8 stato differenziato e sistemato in tre punti raccolta concordati con la societ\u00e0 Bellunum, che nei prossimi giorni invier\u00e0 i propri operatori per trasportare il tutto all\u2019ecocentro.<\/p>\n<p><strong>LE FOTO<\/strong><\/p>\n\n\t\t\t<style type='text\/css'>\n\t\t\t\t#gallery-5 {\n\t\t\t\t\tmargin: auto;\n\t\t\t\t}\n\t\t\t\t#gallery-5 .gallery-item {\n\t\t\t\t\tfloat: left;\n\t\t\t\t\tmargin-top: 10px;\n\t\t\t\t\ttext-align: center;\n\t\t\t\t\twidth: 33%;\n\t\t\t\t}\n\t\t\t\t#gallery-5 img {\n\t\t\t\t\tborder: 2px solid #cfcfcf;\n\t\t\t\t}\n\t\t\t\t#gallery-5 .gallery-caption {\n\t\t\t\t\tmargin-left: 0;\n\t\t\t\t}\n\t\t\t\t\/* see gallery_shortcode() in wp-includes\/media.php *\/\n\t\t\t<\/style>\n\t\t<div id='gallery-5' class='dt-gallery-container gallery galleryid-208510 gallery-columns-3 gallery-size-thumbnail'><dl class='gallery-item'>\n\t\t\t\t<dt class='gallery-icon landscape'>\n\t\t\t\t\t<a class=\"rollover rollover-zoom dt-pswp-item\" title=\"Nevegal_1\" data-dt-img-description=\"\" data-large_image_width=\"1496\" data-large_image_height=\"1496\"href='https:\/\/www.radiopiu.net\/wordpress\/wp-content\/uploads\/2021\/05\/Nevegal_1.jpg'><img loading=\"lazy\" decoding=\"async\" width=\"150\" height=\"150\" src=\"https:\/\/www.radiopiu.net\/wordpress\/wp-content\/uploads\/2021\/05\/Nevegal_1-150x150.jpg\" class=\"attachment-thumbnail size-thumbnail\" alt=\"\" srcset=\"https:\/\/www.radiopiu.net\/wordpress\/wp-content\/uploads\/2021\/05\/Nevegal_1-150x150.jpg 150w, https:\/\/www.radiopiu.net\/wordpress\/wp-content\/uploads\/2021\/05\/Nevegal_1-300x300.jpg 300w, https:\/\/www.radiopiu.net\/wordpress\/wp-content\/uploads\/2021\/05\/Nevegal_1-1024x1024.jpg 1024w, https:\/\/www.radiopiu.net\/wordpress\/wp-content\/uploads\/2021\/05\/Nevegal_1-768x768.jpg 768w, https:\/\/www.radiopiu.net\/wordpress\/wp-content\/uploads\/2021\/05\/Nevegal_1.jpg 1496w\" sizes=\"auto, (max-width: 150px) 100vw, 150px\" \/><\/a>\n\t\t\t\t<\/dt><\/dl><dl class='gallery-item'>\n\t\t\t\t<dt class='gallery-icon landscape'>\n\t\t\t\t\t<a class=\"rollover rollover-zoom dt-pswp-item\" title=\"Nevegal_2\" data-dt-img-description=\"\" data-large_image_width=\"1496\" data-large_image_height=\"1496\"href='https:\/\/www.radiopiu.net\/wordpress\/wp-content\/uploads\/2021\/05\/Nevegal_2.jpg'><img loading=\"lazy\" decoding=\"async\" width=\"150\" height=\"150\" src=\"https:\/\/www.radiopiu.net\/wordpress\/wp-content\/uploads\/2021\/05\/Nevegal_2-150x150.jpg\" class=\"attachment-thumbnail size-thumbnail\" alt=\"\" srcset=\"https:\/\/www.radiopiu.net\/wordpress\/wp-content\/uploads\/2021\/05\/Nevegal_2-150x150.jpg 150w, https:\/\/www.radiopiu.net\/wordpress\/wp-content\/uploads\/2021\/05\/Nevegal_2-300x300.jpg 300w, https:\/\/www.radiopiu.net\/wordpress\/wp-content\/uploads\/2021\/05\/Nevegal_2-1024x1024.jpg 1024w, https:\/\/www.radiopiu.net\/wordpress\/wp-content\/uploads\/2021\/05\/Nevegal_2-768x768.jpg 768w, https:\/\/www.radiopiu.net\/wordpress\/wp-content\/uploads\/2021\/05\/Nevegal_2.jpg 1496w\" sizes=\"auto, (max-width: 150px) 100vw, 150px\" \/><\/a>\n\t\t\t\t<\/dt><\/dl><dl class='gallery-item'>\n\t\t\t\t<dt class='gallery-icon landscape'>\n\t\t\t\t\t<a class=\"rollover rollover-zoom dt-pswp-item\" title=\"Nevegal_3\" data-dt-img-description=\"\" data-large_image_width=\"1496\" data-large_image_height=\"1496\"href='https:\/\/www.radiopiu.net\/wordpress\/wp-content\/uploads\/2021\/05\/Nevegal_3.jpg'><img loading=\"lazy\" decoding=\"async\" width=\"150\" height=\"150\" src=\"https:\/\/www.radiopiu.net\/wordpress\/wp-content\/uploads\/2021\/05\/Nevegal_3-150x150.jpg\" class=\"attachment-thumbnail size-thumbnail\" alt=\"\" srcset=\"https:\/\/www.radiopiu.net\/wordpress\/wp-content\/uploads\/2021\/05\/Nevegal_3-150x150.jpg 150w, https:\/\/www.radiopiu.net\/wordpress\/wp-content\/uploads\/2021\/05\/Nevegal_3-300x300.jpg 300w, https:\/\/www.radiopiu.net\/wordpress\/wp-content\/uploads\/2021\/05\/Nevegal_3-1024x1024.jpg 1024w, https:\/\/www.radiopiu.net\/wordpress\/wp-content\/uploads\/2021\/05\/Nevegal_3-768x768.jpg 768w, https:\/\/www.radiopiu.net\/wordpress\/wp-content\/uploads\/2021\/05\/Nevegal_3.jpg 1496w\" sizes=\"auto, (max-width: 150px) 100vw, 150px\" \/><\/a>\n\t\t\t\t<\/dt><\/dl><br style=\"clear: both\" \/>\n\t\t\t<\/div>\n\n<p>&nbsp;<\/p>\n<p><strong>PIEVE DI CADORE<\/strong> Evento di raccolta ufficiale Plastic Free organizzato dalla referente di Pieve di Cadore Giulia Bridda all\u2019omonimo lago. Nonostante stavolta la partecipazione sia stata scarsa, soli 11 volontari, hanno fatto una raccolta molto proficua.<\/p>\n\n\t\t\t<style type='text\/css'>\n\t\t\t\t#gallery-6 {\n\t\t\t\t\tmargin: auto;\n\t\t\t\t}\n\t\t\t\t#gallery-6 .gallery-item {\n\t\t\t\t\tfloat: left;\n\t\t\t\t\tmargin-top: 10px;\n\t\t\t\t\ttext-align: center;\n\t\t\t\t\twidth: 16%;\n\t\t\t\t}\n\t\t\t\t#gallery-6 img {\n\t\t\t\t\tborder: 2px solid #cfcfcf;\n\t\t\t\t}\n\t\t\t\t#gallery-6 .gallery-caption {\n\t\t\t\t\tmargin-left: 0;\n\t\t\t\t}\n\t\t\t\t\/* see gallery_shortcode() in wp-includes\/media.php *\/\n\t\t\t<\/style>\n\t\t<div id='gallery-6' class='dt-gallery-container gallery galleryid-208510 gallery-columns-6 gallery-size-thumbnail'><dl class='gallery-item'>\n\t\t\t\t<dt class='gallery-icon landscape'>\n\t\t\t\t\t<a class=\"rollover rollover-zoom dt-pswp-item\" title=\"PievediCadore_1\" data-dt-img-description=\"\" data-large_image_width=\"2048\" data-large_image_height=\"1365\"href='https:\/\/www.radiopiu.net\/wordpress\/wp-content\/uploads\/2021\/05\/PievediCadore_1.jpg'><img loading=\"lazy\" decoding=\"async\" width=\"150\" height=\"150\" src=\"https:\/\/www.radiopiu.net\/wordpress\/wp-content\/uploads\/2021\/05\/PievediCadore_1-150x150.jpg\" class=\"attachment-thumbnail size-thumbnail\" alt=\"\" \/><\/a>\n\t\t\t\t<\/dt><\/dl><dl class='gallery-item'>\n\t\t\t\t<dt class='gallery-icon portrait'>\n\t\t\t\t\t<a class=\"rollover rollover-zoom dt-pswp-item\" title=\"PievediCadore_2\" data-dt-img-description=\"\" data-large_image_width=\"1200\" data-large_image_height=\"1600\"href='https:\/\/www.radiopiu.net\/wordpress\/wp-content\/uploads\/2021\/05\/PievediCadore_2.jpg'><img loading=\"lazy\" decoding=\"async\" width=\"150\" height=\"150\" src=\"https:\/\/www.radiopiu.net\/wordpress\/wp-content\/uploads\/2021\/05\/PievediCadore_2-150x150.jpg\" class=\"attachment-thumbnail size-thumbnail\" alt=\"\" \/><\/a>\n\t\t\t\t<\/dt><\/dl><dl class='gallery-item'>\n\t\t\t\t<dt class='gallery-icon landscape'>\n\t\t\t\t\t<a class=\"rollover rollover-zoom dt-pswp-item\" title=\"PievediCadore_3\" data-dt-img-description=\"\" data-large_image_width=\"1600\" data-large_image_height=\"1200\"href='https:\/\/www.radiopiu.net\/wordpress\/wp-content\/uploads\/2021\/05\/PievediCadore_3.jpg'><img loading=\"lazy\" decoding=\"async\" width=\"150\" height=\"150\" src=\"https:\/\/www.radiopiu.net\/wordpress\/wp-content\/uploads\/2021\/05\/PievediCadore_3-150x150.jpg\" class=\"attachment-thumbnail size-thumbnail\" alt=\"\" \/><\/a>\n\t\t\t\t<\/dt><\/dl><dl class='gallery-item'>\n\t\t\t\t<dt class='gallery-icon portrait'>\n\t\t\t\t\t<a class=\"rollover rollover-zoom dt-pswp-item\" title=\"PievediCadore_4\" data-dt-img-description=\"\" data-large_image_width=\"1536\" data-large_image_height=\"2048\"href='https:\/\/www.radiopiu.net\/wordpress\/wp-content\/uploads\/2021\/05\/PievediCadore_4.jpg'><img loading=\"lazy\" decoding=\"async\" width=\"150\" height=\"150\" src=\"https:\/\/www.radiopiu.net\/wordpress\/wp-content\/uploads\/2021\/05\/PievediCadore_4-150x150.jpg\" class=\"attachment-thumbnail size-thumbnail\" alt=\"\" \/><\/a>\n\t\t\t\t<\/dt><\/dl><dl class='gallery-item'>\n\t\t\t\t<dt class='gallery-icon portrait'>\n\t\t\t\t\t<a class=\"rollover rollover-zoom dt-pswp-item\" title=\"PievediCadore_5\" data-dt-img-description=\"\" data-large_image_width=\"1536\" data-large_image_height=\"2048\"href='https:\/\/www.radiopiu.net\/wordpress\/wp-content\/uploads\/2021\/05\/PievediCadore_5.jpg'><img loading=\"lazy\" decoding=\"async\" width=\"150\" height=\"150\" src=\"https:\/\/www.radiopiu.net\/wordpress\/wp-content\/uploads\/2021\/05\/PievediCadore_5-150x150.jpg\" class=\"attachment-thumbnail size-thumbnail\" alt=\"\" \/><\/a>\n\t\t\t\t<\/dt><\/dl><dl class='gallery-item'>\n\t\t\t\t<dt class='gallery-icon landscape'>\n\t\t\t\t\t<a class=\"rollover rollover-zoom dt-pswp-item\" title=\"PievediCadore_7\" data-dt-img-description=\"\" data-large_image_width=\"1599\" data-large_image_height=\"738\"href='https:\/\/www.radiopiu.net\/wordpress\/wp-content\/uploads\/2021\/05\/PievediCadore_7.jpg'><img loading=\"lazy\" decoding=\"async\" width=\"150\" height=\"150\" src=\"https:\/\/www.radiopiu.net\/wordpress\/wp-content\/uploads\/2021\/05\/PievediCadore_7-150x150.jpg\" class=\"attachment-thumbnail size-thumbnail\" alt=\"\" \/><\/a>\n\t\t\t\t<\/dt><\/dl><br style=\"clear: both\" \/>\n\t\t\t<\/div>\n\n<hr \/>\n<p>&nbsp;<\/p>\n<p><a href=\"https:\/\/www.radiopiu.net\/wordpress\/giornale-radiopiu-10-maggio-2021-direttore-mirko-mezzacasa\/8fc12816-49ec-4cfd-8ae9-394ff276779d\/\" rel=\"attachment wp-att-208655\"><img loading=\"lazy\" decoding=\"async\" class=\"alignnone wp-image-208655 size-full\" src=\"https:\/\/www.radiopiu.net\/wordpress\/wp-content\/uploads\/2021\/05\/8fc12816-49ec-4cfd-8ae9-394ff276779d.jpg\" alt=\"\" width=\"1024\" height=\"770\" srcset=\"https:\/\/www.radiopiu.net\/wordpress\/wp-content\/uploads\/2021\/05\/8fc12816-49ec-4cfd-8ae9-394ff276779d.jpg 1024w, https:\/\/www.radiopiu.net\/wordpress\/wp-content\/uploads\/2021\/05\/8fc12816-49ec-4cfd-8ae9-394ff276779d-300x226.jpg 300w, https:\/\/www.radiopiu.net\/wordpress\/wp-content\/uploads\/2021\/05\/8fc12816-49ec-4cfd-8ae9-394ff276779d-768x578.jpg 768w\" sizes=\"auto, (max-width: 1024px) 100vw, 1024px\" \/><\/a><\/p>\n<p>&nbsp;<\/p>\n<blockquote class=\"wp-embedded-content\" data-secret=\"VPRBoWxxhx\"><p><a href=\"https:\/\/www.radiopiu.net\/wordpress\/aggmag09\/\">CORONAVIRUS: AGGIORNAMENTO NAZIONALE 09 MAGGIO  2021<\/a><\/p><\/blockquote>\n<p><iframe loading=\"lazy\" class=\"wp-embedded-content\" sandbox=\"allow-scripts\" security=\"restricted\" style=\"position: absolute; clip: rect(1px, 1px, 1px, 1px);\" title=\"&#8220;CORONAVIRUS: AGGIORNAMENTO NAZIONALE 09 MAGGIO  2021&#8221; &#8212; Radio Pi\u00f9\" src=\"https:\/\/www.radiopiu.net\/wordpress\/aggmag09\/embed\/#?secret=VPRBoWxxhx\" data-secret=\"VPRBoWxxhx\" width=\"600\" height=\"338\" frameborder=\"0\" marginwidth=\"0\" marginheight=\"0\" scrolling=\"no\"><\/iframe><\/p>\n<p>&nbsp;<\/p>\n<blockquote class=\"wp-embedded-content\" data-secret=\"an5wnf0WyA\"><p><a href=\"https:\/\/www.radiopiu.net\/wordpress\/in-veneto-calano-i-ricoveri-ma-anche-i-nuovi-positivi-370-nelle-ultime-24-ore-quattro-decessi-in-regione-a-belluno-15-nuove-positivita\/\">IN VENETO CALANO I RICOVERI MA ANCHE I NUOVI POSITIVI (+370 NELLE ULTIME 24 ORE). QUATTRO DECESSI IN REGIONE. A BELLUNO 15 NUOVE POSITIVITA&#8217;<\/a><\/p><\/blockquote>\n<p><iframe loading=\"lazy\" class=\"wp-embedded-content\" sandbox=\"allow-scripts\" security=\"restricted\" style=\"position: absolute; clip: rect(1px, 1px, 1px, 1px);\" title=\"&#8220;IN VENETO CALANO I RICOVERI MA ANCHE I NUOVI POSITIVI (+370 NELLE ULTIME 24 ORE). QUATTRO DECESSI IN REGIONE. A BELLUNO 15 NUOVE POSITIVITA&#8217;&#8221; &#8212; Radio Pi\u00f9\" src=\"https:\/\/www.radiopiu.net\/wordpress\/in-veneto-calano-i-ricoveri-ma-anche-i-nuovi-positivi-370-nelle-ultime-24-ore-quattro-decessi-in-regione-a-belluno-15-nuove-positivita\/embed\/#?secret=an5wnf0WyA\" data-secret=\"an5wnf0WyA\" width=\"600\" height=\"338\" frameborder=\"0\" marginwidth=\"0\" marginheight=\"0\" scrolling=\"no\"><\/iframe><\/p>\n<p>&nbsp;<\/p>\n<blockquote>\n<h3>I GRAFICI DI TIZIANO DE COL<\/h3>\n<\/blockquote>\n\n\t\t\t<style type='text\/css'>\n\t\t\t\t#gallery-7 {\n\t\t\t\t\tmargin: auto;\n\t\t\t\t}\n\t\t\t\t#gallery-7 .gallery-item {\n\t\t\t\t\tfloat: left;\n\t\t\t\t\tmargin-top: 10px;\n\t\t\t\t\ttext-align: center;\n\t\t\t\t\twidth: 20%;\n\t\t\t\t}\n\t\t\t\t#gallery-7 img {\n\t\t\t\t\tborder: 2px solid #cfcfcf;\n\t\t\t\t}\n\t\t\t\t#gallery-7 .gallery-caption {\n\t\t\t\t\tmargin-left: 0;\n\t\t\t\t}\n\t\t\t\t\/* see gallery_shortcode() in wp-includes\/media.php *\/\n\t\t\t<\/style>\n\t\t<div id='gallery-7' class='dt-gallery-container gallery galleryid-208510 gallery-columns-5 gallery-size-thumbnail'><dl class='gallery-item'>\n\t\t\t\t<dt class='gallery-icon landscape'>\n\t\t\t\t\t<a class=\"rollover rollover-zoom dt-pswp-item\" title=\"4820ea15-c124-456e-b793-ce7bf83dc829\" data-dt-img-description=\"\" data-large_image_width=\"602\" data-large_image_height=\"350\"href='https:\/\/www.radiopiu.net\/wordpress\/wp-content\/uploads\/2021\/05\/4820ea15-c124-456e-b793-ce7bf83dc829.jpg'><img loading=\"lazy\" decoding=\"async\" width=\"150\" height=\"150\" src=\"https:\/\/www.radiopiu.net\/wordpress\/wp-content\/uploads\/2021\/05\/4820ea15-c124-456e-b793-ce7bf83dc829-150x150.jpg\" class=\"attachment-thumbnail size-thumbnail\" alt=\"\" \/><\/a>\n\t\t\t\t<\/dt><\/dl><dl class='gallery-item'>\n\t\t\t\t<dt class='gallery-icon landscape'>\n\t\t\t\t\t<a class=\"rollover rollover-zoom dt-pswp-item\" title=\"64012888-226f-4033-8916-118d15cd8524\" data-dt-img-description=\"\" data-large_image_width=\"612\" data-large_image_height=\"355\"href='https:\/\/www.radiopiu.net\/wordpress\/wp-content\/uploads\/2021\/05\/64012888-226f-4033-8916-118d15cd8524.jpg'><img loading=\"lazy\" decoding=\"async\" width=\"150\" height=\"150\" src=\"https:\/\/www.radiopiu.net\/wordpress\/wp-content\/uploads\/2021\/05\/64012888-226f-4033-8916-118d15cd8524-150x150.jpg\" class=\"attachment-thumbnail size-thumbnail\" alt=\"\" \/><\/a>\n\t\t\t\t<\/dt><\/dl><dl class='gallery-item'>\n\t\t\t\t<dt class='gallery-icon landscape'>\n\t\t\t\t\t<a class=\"rollover rollover-zoom dt-pswp-item\" title=\"680fb975-f30c-4056-ae09-ee5c5f850536\" data-dt-img-description=\"\" data-large_image_width=\"612\" data-large_image_height=\"355\"href='https:\/\/www.radiopiu.net\/wordpress\/wp-content\/uploads\/2021\/05\/680fb975-f30c-4056-ae09-ee5c5f850536.jpg'><img loading=\"lazy\" decoding=\"async\" width=\"150\" height=\"150\" src=\"https:\/\/www.radiopiu.net\/wordpress\/wp-content\/uploads\/2021\/05\/680fb975-f30c-4056-ae09-ee5c5f850536-150x150.jpg\" class=\"attachment-thumbnail size-thumbnail\" alt=\"\" \/><\/a>\n\t\t\t\t<\/dt><\/dl><dl class='gallery-item'>\n\t\t\t\t<dt class='gallery-icon landscape'>\n\t\t\t\t\t<a class=\"rollover rollover-zoom dt-pswp-item\" title=\"d56d2728-345e-45c9-8962-355644659435\" data-dt-img-description=\"\" data-large_image_width=\"614\" data-large_image_height=\"357\"href='https:\/\/www.radiopiu.net\/wordpress\/wp-content\/uploads\/2021\/05\/d56d2728-345e-45c9-8962-355644659435.jpg'><img loading=\"lazy\" decoding=\"async\" width=\"150\" height=\"150\" src=\"https:\/\/www.radiopiu.net\/wordpress\/wp-content\/uploads\/2021\/05\/d56d2728-345e-45c9-8962-355644659435-150x150.jpg\" class=\"attachment-thumbnail size-thumbnail\" alt=\"\" \/><\/a>\n\t\t\t\t<\/dt><\/dl><dl class='gallery-item'>\n\t\t\t\t<dt class='gallery-icon landscape'>\n\t\t\t\t\t<a class=\"rollover rollover-zoom dt-pswp-item\" title=\"53a67013-42e0-4226-af5a-dcd8020a3f95\" data-dt-img-description=\"\" data-large_image_width=\"594\" data-large_image_height=\"354\"href='https:\/\/www.radiopiu.net\/wordpress\/wp-content\/uploads\/2021\/05\/53a67013-42e0-4226-af5a-dcd8020a3f95.jpg'><img loading=\"lazy\" decoding=\"async\" width=\"150\" height=\"150\" src=\"https:\/\/www.radiopiu.net\/wordpress\/wp-content\/uploads\/2021\/05\/53a67013-42e0-4226-af5a-dcd8020a3f95-150x150.jpg\" class=\"attachment-thumbnail size-thumbnail\" alt=\"\" \/><\/a>\n\t\t\t\t<\/dt><\/dl><br style=\"clear: both\" \/>\n\t\t\t<\/div>\n\n<p>&nbsp;<\/p>\n<hr \/>\n<p>&nbsp;<\/p>\n<blockquote>\n<h3>LAVORI DI ADEGUAMENTO DELLE SCUOLE DI BELLUNO<\/h3>\n<\/blockquote>\n<p><strong><a href=\"https:\/\/www.radiopiu.net\/wordpress\/giornale-radiopiu-23-aprile-2021-direttore-mirko-mezzacasa\/belluno_feltre_b_panoramica-sulla-citta\/\" rel=\"attachment wp-att-190211\"><img loading=\"lazy\" decoding=\"async\" class=\"size-medium wp-image-190211 alignleft\" src=\"https:\/\/www.radiopiu.net\/wordpress\/wp-content\/uploads\/2021\/02\/Belluno_Feltre_b_Panoramica-sulla-citta-300x190.jpg\" alt=\"\" width=\"300\" height=\"190\" srcset=\"https:\/\/www.radiopiu.net\/wordpress\/wp-content\/uploads\/2021\/02\/Belluno_Feltre_b_Panoramica-sulla-citta-300x190.jpg 300w, https:\/\/www.radiopiu.net\/wordpress\/wp-content\/uploads\/2021\/02\/Belluno_Feltre_b_Panoramica-sulla-citta-768x487.jpg 768w, https:\/\/www.radiopiu.net\/wordpress\/wp-content\/uploads\/2021\/02\/Belluno_Feltre_b_Panoramica-sulla-citta.jpg 1024w\" sizes=\"auto, (max-width: 300px) 100vw, 300px\" \/><\/a>BELLUNO<\/strong><\/p>\n<p><strong>di Moreno Gioli<\/strong><\/p>\n<audio class=\"wp-audio-shortcode\" id=\"audio-208510-2\" preload=\"none\" style=\"width: 100%;\" controls=\"controls\"><source type=\"audio\/mpeg\" src=\"https:\/\/www.radiopiu.net\/wordpress\/wp-content\/uploads\/2021\/05\/GIOLI-LAVORI-ADEGUAMENTO-SCUOLE-BELLUNO.mp3?_=2\" \/><a href=\"https:\/\/www.radiopiu.net\/wordpress\/wp-content\/uploads\/2021\/05\/GIOLI-LAVORI-ADEGUAMENTO-SCUOLE-BELLUNO.mp3\">https:\/\/www.radiopiu.net\/wordpress\/wp-content\/uploads\/2021\/05\/GIOLI-LAVORI-ADEGUAMENTO-SCUOLE-BELLUNO.mp3<\/a><\/audio>\n<p>&nbsp;<\/p>\n<p>&nbsp;<\/p>\n<hr \/>\n<p>&nbsp;<\/p>\n<blockquote>\n<h3>DAGLI ALBERI DELLA TEMPESTA VAIA ARRIVANO AD ABANO TERME 50 CEPPI PER AULE ESTERNE. IL DONO DEL COMUNE DI ALLEGHE<\/h3>\n<\/blockquote>\n<p><strong><a href=\"https:\/\/www.radiopiu.net\/wordpress\/dagli-alberi-della-tempesta-vaia-arrivano-ad-abano-terme-50-ceppi-per-aule-esterne-il-dono-del-comune-di-alleghe\/ceppi-alleghe-abano\/\" rel=\"attachment wp-att-208538\"><img loading=\"lazy\" decoding=\"async\" class=\" wp-image-208538 alignleft\" src=\"https:\/\/www.radiopiu.net\/wordpress\/wp-content\/uploads\/2021\/05\/CEPPI-ALLEGHE-ABANO-300x199.png\" alt=\"\" width=\"283\" height=\"188\" srcset=\"https:\/\/www.radiopiu.net\/wordpress\/wp-content\/uploads\/2021\/05\/CEPPI-ALLEGHE-ABANO-300x199.png 300w, https:\/\/www.radiopiu.net\/wordpress\/wp-content\/uploads\/2021\/05\/CEPPI-ALLEGHE-ABANO-768x511.png 768w, https:\/\/www.radiopiu.net\/wordpress\/wp-content\/uploads\/2021\/05\/CEPPI-ALLEGHE-ABANO.png 770w\" sizes=\"auto, (max-width: 283px) 100vw, 283px\" \/><\/a>ABANO TERME (PD) <\/strong>I ceppi degli alberi spezzati dalla tempesta Vaia arrivano ad Abano Terme per creare delle aule all&#8217;aria aperta. Il dono \u00e8 del comune di Alleghe che oggi, con una delegazione alleghese, far\u00e0 visita al comune padovano per portare appunto i 50 ceppi da 30 kg ciascuno. Alle 11 il sindaco di Alleghe Danilo De Toni e gli accompagnatori saranno ricevuti alla scuola Vittorino Da Feltre da l&#8217;assessore all&#8217;istruzione di Abano Terme Cristina Pollazzi. Gi\u00e0 resa nota la collocazione, 25 saranno disposti nel giardino della scuola dove avverr\u00e0 l&#8217;incontro, mentre i restanti 25 verranno posizionati nel Giardino dei Giusti per formare un anfiteatro naturale per le attivit\u00e0 di ascolto e di confronto.<\/p>\n<p>&nbsp;<\/p>\n<p>&nbsp;<\/p>\n<hr \/>\n<p>&nbsp;<\/p>\n<blockquote>\n<h2>DOPO TRE ANNI FELTRE DIVENTA LA CAPITALE EUROPEA DEL VETRO D&#8217;ARTE<\/h2>\n<\/blockquote>\n<p><strong>FELTRE\u00a0\u00a0<\/strong><\/p>\n\n\t\t\t<style type='text\/css'>\n\t\t\t\t#gallery-8 {\n\t\t\t\t\tmargin: auto;\n\t\t\t\t}\n\t\t\t\t#gallery-8 .gallery-item {\n\t\t\t\t\tfloat: left;\n\t\t\t\t\tmargin-top: 10px;\n\t\t\t\t\ttext-align: center;\n\t\t\t\t\twidth: 33%;\n\t\t\t\t}\n\t\t\t\t#gallery-8 img {\n\t\t\t\t\tborder: 2px solid #cfcfcf;\n\t\t\t\t}\n\t\t\t\t#gallery-8 .gallery-caption {\n\t\t\t\t\tmargin-left: 0;\n\t\t\t\t}\n\t\t\t\t\/* see gallery_shortcode() in wp-includes\/media.php *\/\n\t\t\t<\/style>\n\t\t<div id='gallery-8' class='dt-gallery-container gallery galleryid-208510 gallery-columns-3 gallery-size-thumbnail'><dl class='gallery-item'>\n\t\t\t\t<dt class='gallery-icon landscape'>\n\t\t\t\t\t<a class=\"rollover rollover-zoom dt-pswp-item\" title=\"8c9f4436-3b80-48c5-afc3-e1278915cdaf\" data-dt-img-description=\"\" data-large_image_width=\"560\" data-large_image_height=\"560\"href='https:\/\/www.radiopiu.net\/wordpress\/wp-content\/uploads\/2021\/05\/8c9f4436-3b80-48c5-afc3-e1278915cdaf.jpg'><img loading=\"lazy\" decoding=\"async\" width=\"150\" height=\"150\" src=\"https:\/\/www.radiopiu.net\/wordpress\/wp-content\/uploads\/2021\/05\/8c9f4436-3b80-48c5-afc3-e1278915cdaf-150x150.jpg\" class=\"attachment-thumbnail size-thumbnail\" alt=\"\" srcset=\"https:\/\/www.radiopiu.net\/wordpress\/wp-content\/uploads\/2021\/05\/8c9f4436-3b80-48c5-afc3-e1278915cdaf-150x150.jpg 150w, https:\/\/www.radiopiu.net\/wordpress\/wp-content\/uploads\/2021\/05\/8c9f4436-3b80-48c5-afc3-e1278915cdaf-300x300.jpg 300w, https:\/\/www.radiopiu.net\/wordpress\/wp-content\/uploads\/2021\/05\/8c9f4436-3b80-48c5-afc3-e1278915cdaf.jpg 560w\" sizes=\"auto, (max-width: 150px) 100vw, 150px\" \/><\/a>\n\t\t\t\t<\/dt><\/dl><dl class='gallery-item'>\n\t\t\t\t<dt class='gallery-icon landscape'>\n\t\t\t\t\t<a class=\"rollover rollover-zoom dt-pswp-item\" title=\"f5d9881f-e53f-4d91-a89d-72c5759c691a\" data-dt-img-description=\"\" data-large_image_width=\"840\" data-large_image_height=\"560\"href='https:\/\/www.radiopiu.net\/wordpress\/wp-content\/uploads\/2021\/05\/f5d9881f-e53f-4d91-a89d-72c5759c691a.jpg'><img loading=\"lazy\" decoding=\"async\" width=\"150\" height=\"150\" src=\"https:\/\/www.radiopiu.net\/wordpress\/wp-content\/uploads\/2021\/05\/f5d9881f-e53f-4d91-a89d-72c5759c691a-150x150.jpg\" class=\"attachment-thumbnail size-thumbnail\" alt=\"\" \/><\/a>\n\t\t\t\t<\/dt><\/dl><dl class='gallery-item'>\n\t\t\t\t<dt class='gallery-icon landscape'>\n\t\t\t\t\t<a class=\"rollover rollover-zoom dt-pswp-item\" title=\"a9ee6e4a-7069-48a1-a6fb-203068d7e437\" data-dt-img-description=\"\" data-large_image_width=\"560\" data-large_image_height=\"560\"href='https:\/\/www.radiopiu.net\/wordpress\/wp-content\/uploads\/2021\/05\/a9ee6e4a-7069-48a1-a6fb-203068d7e437.jpg'><img loading=\"lazy\" decoding=\"async\" width=\"150\" height=\"150\" src=\"https:\/\/www.radiopiu.net\/wordpress\/wp-content\/uploads\/2021\/05\/a9ee6e4a-7069-48a1-a6fb-203068d7e437-150x150.jpg\" class=\"attachment-thumbnail size-thumbnail\" alt=\"\" srcset=\"https:\/\/www.radiopiu.net\/wordpress\/wp-content\/uploads\/2021\/05\/a9ee6e4a-7069-48a1-a6fb-203068d7e437-150x150.jpg 150w, https:\/\/www.radiopiu.net\/wordpress\/wp-content\/uploads\/2021\/05\/a9ee6e4a-7069-48a1-a6fb-203068d7e437-300x300.jpg 300w, https:\/\/www.radiopiu.net\/wordpress\/wp-content\/uploads\/2021\/05\/a9ee6e4a-7069-48a1-a6fb-203068d7e437.jpg 560w\" sizes=\"auto, (max-width: 150px) 100vw, 150px\" \/><\/a>\n\t\t\t\t<\/dt><\/dl><br style=\"clear: both\" \/>\n\t\t\t<\/div>\n\n<p>&nbsp;<\/p>\n<p><strong>MORENO GIOLI<\/strong><\/p>\n<audio class=\"wp-audio-shortcode\" id=\"audio-208510-3\" preload=\"none\" style=\"width: 100%;\" controls=\"controls\"><source type=\"audio\/mpeg\" src=\"https:\/\/www.radiopiu.net\/wordpress\/wp-content\/uploads\/2021\/05\/ORENO-PEZZO.mp3?_=3\" \/><a href=\"https:\/\/www.radiopiu.net\/wordpress\/wp-content\/uploads\/2021\/05\/ORENO-PEZZO.mp3\">https:\/\/www.radiopiu.net\/wordpress\/wp-content\/uploads\/2021\/05\/ORENO-PEZZO.mp3<\/a><\/audio>\n<p>&nbsp;<\/p>\n<p><strong><a href=\"https:\/\/www.radiopiu.net\/wordpress\/giornale-radiopiu-09-maggio-2021-direttore-mirko-mezzacasa\/e1fc6e71-ac94-4c38-ac22-a0b2cfc87363\/\" rel=\"attachment wp-att-208487\"><img loading=\"lazy\" decoding=\"async\" class=\" wp-image-208487 alignleft\" src=\"https:\/\/www.radiopiu.net\/wordpress\/wp-content\/uploads\/2021\/05\/e1fc6e71-ac94-4c38-ac22-a0b2cfc87363-300x200.jpg\" alt=\"\" width=\"195\" height=\"130\" srcset=\"https:\/\/www.radiopiu.net\/wordpress\/wp-content\/uploads\/2021\/05\/e1fc6e71-ac94-4c38-ac22-a0b2cfc87363-300x200.jpg 300w, https:\/\/www.radiopiu.net\/wordpress\/wp-content\/uploads\/2021\/05\/e1fc6e71-ac94-4c38-ac22-a0b2cfc87363-1024x684.jpg 1024w, https:\/\/www.radiopiu.net\/wordpress\/wp-content\/uploads\/2021\/05\/e1fc6e71-ac94-4c38-ac22-a0b2cfc87363-768x513.jpg 768w, https:\/\/www.radiopiu.net\/wordpress\/wp-content\/uploads\/2021\/05\/e1fc6e71-ac94-4c38-ac22-a0b2cfc87363-1536x1026.jpg 1536w, https:\/\/www.radiopiu.net\/wordpress\/wp-content\/uploads\/2021\/05\/e1fc6e71-ac94-4c38-ac22-a0b2cfc87363.jpg 1600w\" sizes=\"auto, (max-width: 195px) 100vw, 195px\" \/><\/a> <\/strong><\/p>\n<p><strong>\u00a0<\/strong><\/p>\n<p>&nbsp;<\/p>\n<p>&nbsp;<\/p>\n<p><strong>IL SINDACO PAOLO PERENZIN<\/strong><\/p>\n<audio class=\"wp-audio-shortcode\" id=\"audio-208510-4\" preload=\"none\" style=\"width: 100%;\" controls=\"controls\"><source type=\"audio\/mpeg\" src=\"https:\/\/www.radiopiu.net\/wordpress\/wp-content\/uploads\/2021\/05\/PERENZIN.mp3?_=4\" \/><a href=\"https:\/\/www.radiopiu.net\/wordpress\/wp-content\/uploads\/2021\/05\/PERENZIN.mp3\">https:\/\/www.radiopiu.net\/wordpress\/wp-content\/uploads\/2021\/05\/PERENZIN.mp3<\/a><\/audio>\n<p>&nbsp;<\/p>\n<p><strong>L&#8217;ARCHITETTO FERRUCCIO\u00a0 FRANZOIA<\/strong><\/p>\n<audio class=\"wp-audio-shortcode\" id=\"audio-208510-5\" preload=\"none\" style=\"width: 100%;\" controls=\"controls\"><source type=\"audio\/mpeg\" src=\"https:\/\/www.radiopiu.net\/wordpress\/wp-content\/uploads\/2021\/05\/FRANZOIA.mp3?_=5\" \/><a href=\"https:\/\/www.radiopiu.net\/wordpress\/wp-content\/uploads\/2021\/05\/FRANZOIA.mp3\">https:\/\/www.radiopiu.net\/wordpress\/wp-content\/uploads\/2021\/05\/FRANZOIA.mp3<\/a><\/audio>\n<p>&nbsp;<\/p>\n<hr \/>\n<p>&nbsp;<\/p>\n<blockquote>\n<h3>PALIO DI FELTRE: SANTA MESSA DI SAN VITTORE E NOMINA DELL&#8217;ARTISTA DEL DRAPPO<\/h3>\n<\/blockquote>\n<p><strong><a href=\"https:\/\/www.radiopiu.net\/wordpress\/palio-di-feltre-santa-messa-di-san-vittore-e-nomina-dellartista-del-drappo\/img-20210509-wa0005\/\" rel=\"attachment wp-att-208591\"><img loading=\"lazy\" decoding=\"async\" class=\"size-medium wp-image-208591 alignleft\" src=\"https:\/\/www.radiopiu.net\/wordpress\/wp-content\/uploads\/2021\/05\/IMG-20210509-WA0005-225x300.jpg\" alt=\"\" width=\"225\" height=\"300\" srcset=\"https:\/\/www.radiopiu.net\/wordpress\/wp-content\/uploads\/2021\/05\/IMG-20210509-WA0005-225x300.jpg 225w, https:\/\/www.radiopiu.net\/wordpress\/wp-content\/uploads\/2021\/05\/IMG-20210509-WA0005-768x1024.jpg 768w, https:\/\/www.radiopiu.net\/wordpress\/wp-content\/uploads\/2021\/05\/IMG-20210509-WA0005-1152x1536.jpg 1152w, https:\/\/www.radiopiu.net\/wordpress\/wp-content\/uploads\/2021\/05\/IMG-20210509-WA0005.jpg 1200w\" sizes=\"auto, (max-width: 225px) 100vw, 225px\" \/><\/a>FELTRE <\/strong>Il Palio riparte e lo fa con un artista feltrino innovativo, chiamato ad elaborare il drappo 2021. E\u2019 Luca Rento, noto per le sue videoinstallazioni con cui ama esprimersi, ad essere stato incaricato per questa edizione che ha un significato particolare. La novit\u00e0 \u00e8 stata annunciata ieri dal presidente Eugenio Tamburrino in concomitanza con la cerimonia al Santuario dei Santi Vittore e Corona con cui il mondo del Palio ha reso onore ai Santi patroni della citt\u00e0, la cui festivit\u00e0 ricorre il prossimo 14 maggio. Una liturgia sulla quale l\u2019effetto Covid ha inciso ancora: l\u2019accesso all\u2019interno della chiesa \u00e8 stato chiesa \u00e8 stato limitato a un numero contingentato di sbandieratori e musici dei cinque gruppi cittadini (i quattro Quartieri e il Gruppo Sbandieratori Citt\u00e0 di Feltre), accompagnati dal rispettivo stendardo e dai loro presidenti. Presenti anche il Direttivo dell\u2019Associazione Palio Citt\u00e0 di Feltre, e il Presidente del Consiglio Comunale \u2013 che ha per il Sindaco la delega alle manifestazioni \u2013 Manuel Sacchet. Al termine della funzione il Presidente del Quartiere Castello, Francesco Larese, ha riconsegnato nelle mani del Presidente dell\u2019Associazione Palio Citt\u00e0 di Feltre, Eugenio Tamburrino, e del Presidente del Consiglio Comunale, Manuel Sacchet, il drappo dei XV Ducati d\u2019oro, il premio che \u2013 unitamente al drappo dipinto \u2013 viene assegnato al vincitore del Palio di Feltre. Con questo gesto, il Palio rimette ufficialmente il drappo, a testimoniare la concreta volont\u00e0 di tornare a disputare le gare del Palio dopo lo stop forzato del 2020.<\/p>\n<p>&nbsp;<\/p>\n<p>&nbsp;<\/p>\n<hr \/>\n<p>&nbsp;<\/p>\n<blockquote>\n<h3>LUCE SULLE MALATTIE &#8220;INVISIBILI&#8221;. LA PIAZZA DELLA POESIA SI ILLUMINA DI VIOLA<\/h3>\n<\/blockquote>\n<p><strong><a href=\"https:\/\/www.radiopiu.net\/wordpress\/giornale-radiopiu-09-maggio-2021-direttore-mirko-mezzacasa\/piazza_della_poesia_ponte_viola\/\" rel=\"attachment wp-att-208411\"><img loading=\"lazy\" decoding=\"async\" class=\"size-medium wp-image-208411 alignleft\" src=\"https:\/\/www.radiopiu.net\/wordpress\/wp-content\/uploads\/2021\/05\/Piazza_della_Poesia_Ponte_viola-300x219.jpg\" alt=\"\" width=\"300\" height=\"219\" srcset=\"https:\/\/www.radiopiu.net\/wordpress\/wp-content\/uploads\/2021\/05\/Piazza_della_Poesia_Ponte_viola-300x219.jpg 300w, https:\/\/www.radiopiu.net\/wordpress\/wp-content\/uploads\/2021\/05\/Piazza_della_Poesia_Ponte_viola-1024x746.jpg 1024w, https:\/\/www.radiopiu.net\/wordpress\/wp-content\/uploads\/2021\/05\/Piazza_della_Poesia_Ponte_viola-768x560.jpg 768w, https:\/\/www.radiopiu.net\/wordpress\/wp-content\/uploads\/2021\/05\/Piazza_della_Poesia_Ponte_viola-1536x1119.jpg 1536w, https:\/\/www.radiopiu.net\/wordpress\/wp-content\/uploads\/2021\/05\/Piazza_della_Poesia_Ponte_viola.jpg 1897w\" sizes=\"auto, (max-width: 300px) 100vw, 300px\" \/><\/a>PONTE NELLE ALPI <\/strong><span style=\"color: #000000; font-family: Helvetica;\">Avere una malattia rara significa spesso combattere con pregiudizi e diagnosi tardive, tanto che il paziente \u00e8 indotto a \u201cchiudersi\u201d nel proprio dolore e talvolta a rassegnarsi. Il timore \u00e8 di non essere creduti dai familiari, che minimizzano i sintomi. O dai medici che, in difficolt\u00e0 nell\u2019individuare una diagnosi, lasciano il paziente senza risposte. <\/span><span style=\"color: #000000; font-family: Helvetica;\">Chi ne soffre conosce il dolore e le difficolt\u00e0 da affrontare lungo il percorso di diagnosi. Anche perch\u00e9 sono tante le malattie \u201cinvisibili\u201d: l\u2019endometriosi, la psoriasi artropatica, la sindrome da stanchezza cronica, la sclerosi multipla, l\u2019emicrania, la fibromialgia, il morbo di Crohn e altre ancora. <\/span><span style=\"color: #000000; font-family: Helvetica;\">In questo senso, l\u2019amministrazione comunale di Ponte nelle Alpi ha voluto cogliere la proposta di rendere visibile ci\u00f2 che visibile non \u00e8. E illuminare il buio. Ecco perch\u00e9 la piazza della Poesia, antistante la biblioteca civica, per tutto il mese di maggio sar\u00e0 illuminata di colore viola: simbolo di unione, aggregazione e forza, a sostegno di coloro che soffrono. <\/span><span style=\"color: #000000; font-family: Helvetica;\">In particolare, il 12 maggio si celebra la \u201cGiornata mondiale della fibromialgia\u201d, sindrome che si manifesta con forti dolori all\u2019apparato muscolo-scheletrico; il 19 maggio, invece, \u00e8 la \u201cGiornata mondiale IBD\u201d (Infiammatory Bowel Disease), ovvero delle malattie infiammatorie intestinali croniche (nello specifico, morbo di Crohn e rettocolite ulcerosa). <\/span><span style=\"color: #000000; font-family: Helvetica;\">L\u2019amministrazione intende cos\u00ec accrescere l\u2019interesse verso queste malattie e augurare a tutte le persone che ne soffrono di poter vivere senza mai perdere lo spirito e la forza d\u2019animo, con la fiducia che la ricerca scientifica possa trovare presto delle risposte orientate a facilitare la diagnosi, alleviare il dolore. E, magari, sconfiggere i mali invisibili.<\/span><\/p>\n<p>&nbsp;<\/p>\n<p>&nbsp;<\/p>\n<hr \/>\n<p>&nbsp;<\/p>\n<blockquote>\n<h3>OGNI ANNO SPENDIAMO 4 RECOVERY FOUND<\/h3>\n<\/blockquote>\n<p><a href=\"https:\/\/www.radiopiu.net\/wordpress\/alle-imprese-aiuti-anti-covid-per-quasi-65-miliardi\/soldi-3\/\" rel=\"attachment wp-att-199630\"><img loading=\"lazy\" decoding=\"async\" class=\"size-medium wp-image-199630 alignleft\" src=\"https:\/\/www.radiopiu.net\/wordpress\/wp-content\/uploads\/2021\/03\/soldi-300x200.jpeg\" alt=\"\" width=\"300\" height=\"200\" srcset=\"https:\/\/www.radiopiu.net\/wordpress\/wp-content\/uploads\/2021\/03\/soldi-300x200.jpeg 300w, https:\/\/www.radiopiu.net\/wordpress\/wp-content\/uploads\/2021\/03\/soldi.jpeg 626w\" sizes=\"auto, (max-width: 300px) 100vw, 300px\" \/><\/a>Al netto degli interessi sul debito, l\u2019anno scorso la spesa pubblica del nostro Paese \u00e8 stata pari a quasi 890 miliardi di euro: un importo oltre 4 volte superiore a quanto saremo chiamati a spendere nei prossimi 5 anni con i soldi messi a disposizione dall\u2019Unione europea con il Recovery che, ricordiamo, ammontano a 191,5 miliardi di euro.<\/p>\n<p>Intendiamoci: nessuno mette in discussione l\u2019importanza e l\u2019utilit\u00e0 delle risorse europee che saremo chiamati ad investire nei prossimi anni. Ci mancherebbe altro. Tuttavia, vorremmo che il dibattito che si \u00e8 aperto in questi ultimi mesi nel Paese sulla necessit\u00e0 di spendere bene e presto queste risorse fosse applicato sempre; visto che, solo nell\u2019ultimo anno, le uscite pubbliche hanno sfiorato gli 890 miliardi di euro.<\/p>\n<p>Una spesa, quella pubblica, che per il 90 per cento circa \u00e8 di parte corrente e viene utilizzata, in particolar modo, per liquidare gli stipendi dei dipendenti del pubblico impiego, per consentire i consumi della macchina pubblica e per pagare le prestazioni sociali. A dirlo \u00e8 l\u2019Ufficio studi della CGIA.<\/p>\n<p>Ora, affidare tutte le nostre aspettative di crescita alla \u201criuscita\u201d del \u201cPiano Nazionale di Ripresa e Resilienza\u201d (PNRR) \u00e8 una cosa estremamente giusta e doverosa; \u00e8 comunque altrettanto determinante che il Governo Draghi intensifichi l\u2019attenzione anche su come vengono impiegati ogni anno questi 890 miliardi di euro e attivi, in misura pi\u00f9 incisiva di quanto \u00e8 stato fatto fino a ora, un sistema di monitoraggio pi\u00f9 attento e oculato.<\/p>\n<p>PNRR: tanti investimenti, ma poca reddittivit\u00e0<br \/>\nIl nostro PNRR \u00e8 costituito da 235,6 miliardi di euro, di cui 191,5 riconducibili al Recovery Fund, 30,6 a un fondo complementare e gli altri 13,5 miliardi di euro al REACT-EU. Di questi 235,6 miliardi, 52,6 verranno investiti per \u201cprogetti in essere\u201d, ovvero gi\u00e0 previsti, mentre i restanti 183 andranno a finanziare \u201cnuovi progetti\u201d. Pertanto, nel 2026 la crescita del Pil, anno in cui si concluder\u00e0 l\u2019azione del Piano, dovrebbe essere pi\u00f9 alta di 3,6 punti percentuali rispetto allo scenario che si verificherebbe senza l\u2019effetto degli investimenti aggiuntivi.<\/p>\n<p>Una previsione, quest\u2019ultima, che viene prefigurata nello scenario ottimale, ovvero che gli investimenti vengano spesi in maniera efficiente, che le condizioni monetarie siano favorevoli e che non vi siano ripercussioni negative sul premio del rischio sovrano. Condizioni che, ovviamente, nessuno pu\u00f2 confermarci che si verificheranno.<\/p>\n<p>Se, rispetto a quanto riportato, il quadro generale fosse meno ottimistico, il nostro PNRR ipotizza altri 2 scenari: uno medio con una crescita del Pil del 2,7 per cento e uno basso con un incremento dell\u20191,8 per cento.<\/p>\n<p>Un effetto moltiplicatore del Pil contenuto<br \/>\nAnalizzando solo lo scenario ottimale, a fronte di 183 miliardi di investimenti, nel 2026 avremo un aumento strutturale del Pil di poco inferiore ai 70 miliardi, determinando un moltiplicatore del Pil pari a 1,2.<\/p>\n<p>Un risultato non particolarmente esaltante, segnala l\u2019Ufficio studi della CGIA, se si tiene conto che, secondo uno studio della Banca d\u2019Italia, la realizzazione delle opere pubbliche pu\u00f2 avere ripercussioni importanti sulla crescita economica di un paese se il moltiplicatore della spesa pubblica per investimenti \u00e8 compreso tra l\u20191 e il 21 .<\/p>\n<p>E\u2019 vero che l\u20191,2 per cento previsto dal Governo Draghi nel PNRR ricadrebbe nella forchetta indicata dalla Banca d\u2019Italia, ma \u00e8 altrettanto vero che raggiungeremo questo obbiettivo solo se tutto andr\u00e0 per il verso giusto; cosa che molti osservatori dubitano, vista la cronica inefficienza che caratterizza buona parte della nostra Pubblica Amministrazione, la mole di burocrazia che attanaglia il paese, l\u2019incapacit\u00e0 storica di spendere tutti i fondi europei e i tempi di realizzazione delle opere pubbliche italiane che presentano dei ritardi che non hanno eguali nel resto d\u2019Europa.<\/p>\n<p>Va ricordato, inoltre, che l\u2019Italia non desta una elevata affidabilit\u00e0 in materia di previsioni macro economiche. I dati dell\u2019European Fiscal Board (organo consultivo indipendente della Commissione Europea) che riportiamo pi\u00f9 sotto sono impietosi: tra il 2013 e il 2019 siamo il Paese che ha \u201csbagliato\u201d di pi\u00f9. Un\u2019altra ragione per dubitare che saremo in grado di raggiungere la crescita del Pil del 3,6 per cento e, conseguentemente, disporre di un moltiplicatore dell\u20191,2.<\/p>\n<p>Previsti 750 nuovi occupati, ma in un anno ne abbiamo gi\u00e0 persi 900 mila<br \/>\nAnche sul fronte occupazionale gli effetti del PNRR non saranno particolarmente entusiasmanti. Grazie ai 235,6 miliardi di investimenti, nel 2024-2026 l\u2019occupazione in Italia \u00e8 destinata ad aumentare di 3,2 punti percentuali che in termini assoluti equivalgono a 750 mila addetti. Una cifra sicuramente importante, anche se va tenuto conto che solo nel primo anno della pandemia abbiamo perso 900 mila posti di lavoro, nonostante sia in vigore per legge il blocco dei licenziamenti. Non osiamo pensare cosa succeder\u00e0 prossimamente, quando quasi sicuramente questa misura verr\u00e0 eliminata.<\/p>\n<p>Gli errori di previsioni sul Pil: Italia fanalino di coda in UE<br \/>\nOltre ad avere una spesa pubblica spesso intrisa di sprechi e di sperperi, l\u2019Italia ha un triste primato europeo: facciamo estremamente fatica ad elaborare delle previsioni di crescita economica attendibili. Nell\u2019ultimo rapporto annuale dell\u2019European Fiscal Board, pubblicato nell\u2019ottobre 2020 (quarto rapporto annuale), \u00e8 riportata un\u2019analisi sulle differenze tra la crescita effettiva del Pil e le proiezioni presentate nei programmi di stabilit\u00e0 e convergenza durante il periodo 2013-2019.<\/p>\n<p>Rispetto ai Paesi dell\u2019Area Euro, l\u2019Italia presenta il risultato pi\u00f9 critico: le previsioni di crescita sono risultate essere alte in tutti e 7 gli anni presi in esame (2013-2019). Dopo l\u2019Italia, si posizionano 5 paesi che hanno stimato previsioni pi\u00f9 elevate in 5 anni su 7. Essi sono: Belgio, Spagna, Francia, Lettonia e Slovacchia.<\/p>\n<p>Il risultato dell\u2019Italia \u00e8 altres\u00ec critico sul fronte dell\u2019errore medio delle previsioni; in questo rank negativo risultiamo secondi solamente alla Slovenia, con un errore medio annuo di stima pari all\u20191,3 per cento del Pil nominale; tale discrepanza si traduce in un impatto sul bilancio delle Amministrazioni pubbliche di oltre lo 0,5 per cento del Pil all\u2019anno (in 7 anni circa 60 miliardi di euro sul bilancio della nostra PA).<\/p>\n<p>&nbsp;<\/p>\n<p>&nbsp;<\/p>\n<hr \/>\n<p>&nbsp;<\/p>\n<blockquote>\n<h3><a href=\"https:\/\/www.radiopiu.net\/wordpress\/giornale-radiopiu-24-giugno-2020-direttore-mirko-mezzacasa\/dsc_0515\/\" rel=\"attachment wp-att-145990\"><img loading=\"lazy\" decoding=\"async\" class=\"wp-image-145990 alignleft\" src=\"https:\/\/www.radiopiu.net\/wordpress\/wp-content\/uploads\/2020\/06\/DSC_0515-300x199.jpg\" alt=\"\" width=\"152\" height=\"101\" srcset=\"https:\/\/www.radiopiu.net\/wordpress\/wp-content\/uploads\/2020\/06\/DSC_0515-300x199.jpg 300w, https:\/\/www.radiopiu.net\/wordpress\/wp-content\/uploads\/2020\/06\/DSC_0515-1024x680.jpg 1024w, https:\/\/www.radiopiu.net\/wordpress\/wp-content\/uploads\/2020\/06\/DSC_0515-768x510.jpg 768w, https:\/\/www.radiopiu.net\/wordpress\/wp-content\/uploads\/2020\/06\/DSC_0515-1536x1020.jpg 1536w, https:\/\/www.radiopiu.net\/wordpress\/wp-content\/uploads\/2020\/06\/DSC_0515-2048x1360.jpg 2048w\" sizes=\"auto, (max-width: 152px) 100vw, 152px\" \/><\/a>BANDO PER 1030 ALLIEVI MARESCIALLI<\/h3>\n<\/blockquote>\n<p><strong>BELLUNO<\/strong> La Guardia di Finanza ha pubblicato il bando per titolo ed esami per l&#8217;ammissione al 93\u00b0 corso per la scuola Ispettori e Sovrintendenti della GDF, 983 allievi marescialli e 47 del contingente mare. La domanda di partecipazione va inviata entro le 12 del 20 maggio a: https:\/\/concorsi.gdf.gov.it. Sul sito internet tutte le informazioni per accedere al bando<\/p>\n<p>&nbsp;<\/p>\n<p>&nbsp;<\/p>\n<hr \/>\n<p>&nbsp;<\/p>\n<p><strong>LONGARONE<\/strong> L\u2019Area Formazione di Certottica ha aperto le iscrizioni alla Work Experience gratuita per formare l\u2019attrezzista di macchine Cnc per il settore occhialeria, partir\u00e0 il 21 giugno, dopo la selezione fissata per l\u20198. Il corso \u00e8 destinato a 9 persone disoccupate\/inoccupate in possesso di diploma. Info sul sito www.certottica.it.<\/p>\n<div class=\"page-title-head hgroup\">\n<p>&nbsp;<\/p>\n<p>&nbsp;<\/p>\n<\/div>\n<p>&nbsp;<\/p>\n<hr \/>\n<p>&nbsp;<\/p>\n<blockquote>\n<h3>APERTE LE VISITE ALLA CASA NATALE DI PAPA LUCIANI<\/h3>\n<\/blockquote>\n<p><strong>CANALE D&#8217;AGORDO<\/strong> \u00c8\u00a0aperta anche la Casa natale di Papa Luciani a Canale d&#8217;Agordo. Come per il Museo, \u00e8 necessaria la prenotazione allo 0437 1948001 (WhatsApp 377 9665237).<\/p>\n<p><strong>LA VISITA DEL CONSOLE AUSTRIACO\u00a0<\/strong><\/p>\n\n\t\t\t<style type='text\/css'>\n\t\t\t\t#gallery-9 {\n\t\t\t\t\tmargin: auto;\n\t\t\t\t}\n\t\t\t\t#gallery-9 .gallery-item {\n\t\t\t\t\tfloat: left;\n\t\t\t\t\tmargin-top: 10px;\n\t\t\t\t\ttext-align: center;\n\t\t\t\t\twidth: 33%;\n\t\t\t\t}\n\t\t\t\t#gallery-9 img {\n\t\t\t\t\tborder: 2px solid #cfcfcf;\n\t\t\t\t}\n\t\t\t\t#gallery-9 .gallery-caption {\n\t\t\t\t\tmargin-left: 0;\n\t\t\t\t}\n\t\t\t\t\/* see gallery_shortcode() in wp-includes\/media.php *\/\n\t\t\t<\/style>\n\t\t<div id='gallery-9' class='dt-gallery-container gallery galleryid-208510 gallery-columns-3 gallery-size-medium'><dl class='gallery-item'>\n\t\t\t\t<dt class='gallery-icon landscape'>\n\t\t\t\t\t<a class=\"rollover rollover-zoom dt-pswp-item\" title=\"827cdb7f-1f1c-45cf-9814-771284cf75ae\" data-dt-img-description=\"\" data-large_image_width=\"1600\" data-large_image_height=\"1200\"href='https:\/\/www.radiopiu.net\/wordpress\/wp-content\/uploads\/2021\/05\/827cdb7f-1f1c-45cf-9814-771284cf75ae.jpg'><img loading=\"lazy\" decoding=\"async\" width=\"300\" height=\"225\" src=\"https:\/\/www.radiopiu.net\/wordpress\/wp-content\/uploads\/2021\/05\/827cdb7f-1f1c-45cf-9814-771284cf75ae-300x225.jpg\" class=\"attachment-medium size-medium\" alt=\"\" srcset=\"https:\/\/www.radiopiu.net\/wordpress\/wp-content\/uploads\/2021\/05\/827cdb7f-1f1c-45cf-9814-771284cf75ae-300x225.jpg 300w, https:\/\/www.radiopiu.net\/wordpress\/wp-content\/uploads\/2021\/05\/827cdb7f-1f1c-45cf-9814-771284cf75ae-1024x768.jpg 1024w, https:\/\/www.radiopiu.net\/wordpress\/wp-content\/uploads\/2021\/05\/827cdb7f-1f1c-45cf-9814-771284cf75ae-768x576.jpg 768w, https:\/\/www.radiopiu.net\/wordpress\/wp-content\/uploads\/2021\/05\/827cdb7f-1f1c-45cf-9814-771284cf75ae-1536x1152.jpg 1536w, https:\/\/www.radiopiu.net\/wordpress\/wp-content\/uploads\/2021\/05\/827cdb7f-1f1c-45cf-9814-771284cf75ae.jpg 1600w\" sizes=\"auto, (max-width: 300px) 100vw, 300px\" \/><\/a>\n\t\t\t\t<\/dt><\/dl><dl class='gallery-item'>\n\t\t\t\t<dt class='gallery-icon portrait'>\n\t\t\t\t\t<a class=\"rollover rollover-zoom dt-pswp-item\" title=\"acff9919-76fb-4d5b-991a-88dc83e612a5\" data-dt-img-description=\"\" data-large_image_width=\"1200\" data-large_image_height=\"1600\"href='https:\/\/www.radiopiu.net\/wordpress\/wp-content\/uploads\/2021\/05\/acff9919-76fb-4d5b-991a-88dc83e612a5.jpg'><img loading=\"lazy\" decoding=\"async\" width=\"225\" height=\"300\" src=\"https:\/\/www.radiopiu.net\/wordpress\/wp-content\/uploads\/2021\/05\/acff9919-76fb-4d5b-991a-88dc83e612a5-225x300.jpg\" class=\"attachment-medium size-medium\" alt=\"\" srcset=\"https:\/\/www.radiopiu.net\/wordpress\/wp-content\/uploads\/2021\/05\/acff9919-76fb-4d5b-991a-88dc83e612a5-225x300.jpg 225w, https:\/\/www.radiopiu.net\/wordpress\/wp-content\/uploads\/2021\/05\/acff9919-76fb-4d5b-991a-88dc83e612a5-768x1024.jpg 768w, https:\/\/www.radiopiu.net\/wordpress\/wp-content\/uploads\/2021\/05\/acff9919-76fb-4d5b-991a-88dc83e612a5-1152x1536.jpg 1152w, https:\/\/www.radiopiu.net\/wordpress\/wp-content\/uploads\/2021\/05\/acff9919-76fb-4d5b-991a-88dc83e612a5.jpg 1200w\" sizes=\"auto, (max-width: 225px) 100vw, 225px\" \/><\/a>\n\t\t\t\t<\/dt><\/dl><dl class='gallery-item'>\n\t\t\t\t<dt class='gallery-icon portrait'>\n\t\t\t\t\t<a class=\"rollover rollover-zoom dt-pswp-item\" title=\"25a2958c-d027-45fa-a005-e3f9d7ddb539\" data-dt-img-description=\"\" data-large_image_width=\"1200\" data-large_image_height=\"1600\"href='https:\/\/www.radiopiu.net\/wordpress\/wp-content\/uploads\/2021\/05\/25a2958c-d027-45fa-a005-e3f9d7ddb539.jpg'><img loading=\"lazy\" decoding=\"async\" width=\"225\" height=\"300\" src=\"https:\/\/www.radiopiu.net\/wordpress\/wp-content\/uploads\/2021\/05\/25a2958c-d027-45fa-a005-e3f9d7ddb539-225x300.jpg\" class=\"attachment-medium size-medium\" alt=\"\" srcset=\"https:\/\/www.radiopiu.net\/wordpress\/wp-content\/uploads\/2021\/05\/25a2958c-d027-45fa-a005-e3f9d7ddb539-225x300.jpg 225w, https:\/\/www.radiopiu.net\/wordpress\/wp-content\/uploads\/2021\/05\/25a2958c-d027-45fa-a005-e3f9d7ddb539-768x1024.jpg 768w, https:\/\/www.radiopiu.net\/wordpress\/wp-content\/uploads\/2021\/05\/25a2958c-d027-45fa-a005-e3f9d7ddb539-1152x1536.jpg 1152w, https:\/\/www.radiopiu.net\/wordpress\/wp-content\/uploads\/2021\/05\/25a2958c-d027-45fa-a005-e3f9d7ddb539.jpg 1200w\" sizes=\"auto, (max-width: 225px) 100vw, 225px\" \/><\/a>\n\t\t\t\t<\/dt><\/dl><br style=\"clear: both\" \/>\n\t\t\t<\/div>\n\n<p>&nbsp;<\/p>\n<p>&nbsp;<\/p>\n<p>&nbsp;<\/p>\n<hr \/>\n<p>&nbsp;<\/p>\n<blockquote>\n<h3>MARTEDI&#8217; SI APRE LA 68\u00aa STAGIONE DEL CIRCOLO CULTURALE BELLUNESE CON IL TRIO KANON<\/h3>\n<\/blockquote>\n<p><strong><a href=\"https:\/\/www.radiopiu.net\/wordpress\/giornale-radiopiu-07-maggio-2021-direttore-mirko-mezzacasa\/trio-kanon-3\/\" rel=\"attachment wp-att-208013\"><img loading=\"lazy\" decoding=\"async\" class=\"size-medium wp-image-208013 alignleft\" src=\"https:\/\/www.radiopiu.net\/wordpress\/wp-content\/uploads\/2021\/05\/Trio-Kanon-3-300x191.jpg\" alt=\"\" width=\"300\" height=\"191\" srcset=\"https:\/\/www.radiopiu.net\/wordpress\/wp-content\/uploads\/2021\/05\/Trio-Kanon-3-300x191.jpg 300w, https:\/\/www.radiopiu.net\/wordpress\/wp-content\/uploads\/2021\/05\/Trio-Kanon-3-1024x651.jpg 1024w, https:\/\/www.radiopiu.net\/wordpress\/wp-content\/uploads\/2021\/05\/Trio-Kanon-3-768x488.jpg 768w, https:\/\/www.radiopiu.net\/wordpress\/wp-content\/uploads\/2021\/05\/Trio-Kanon-3-1536x976.jpg 1536w, https:\/\/www.radiopiu.net\/wordpress\/wp-content\/uploads\/2021\/05\/Trio-Kanon-3-2048x1301.jpg 2048w\" sizes=\"auto, (max-width: 300px) 100vw, 300px\" \/><\/a>BELLUNO <\/strong>Si apre la 68a Stagione del Circolo Culturale Bellunese, con il concerto del pluripremiato Trio Kanon, composto da Lena Yokoyama violino, Alessandro Copia violoncello e Diego Maccagnola pianoforte. Il concerto si tiene a Belluno, Teatro Giovanni XXIII, marted\u00ec 11 maggio, con orario anticipato alle ore 19:00, per rispettare il &#8220;coprifuoco&#8221; delle ore 22. In programma, l&#8217;esecuzione del <em>Trio n. 1 in re minore op. 63<\/em><em> di <\/em><em>Robert Schumann<\/em> e del <em>Trio n. 3 in fa minore op. 65<\/em><em> di <\/em><em>Anton\u00edn Dvo\u0159\u00e1k. <\/em>Per garantire le misure di prevenzione anticovid, \u00e8 richiesta la prenotazione presso l&#8217;Agenzia Alpe Bellunese: telefono Tel. 0437 940407, e-mail: info@alpebellunese.it. Si ricorda l&#8217;utilizzo della mascherina.<\/p>\n<p>&nbsp;<\/p>\n<p>&nbsp;<\/p>\n<p>&nbsp;<\/p>\n<p>&nbsp;<\/p>\n<hr \/>\n<p>&nbsp;<\/p>\n<blockquote>\n<h3>CINEMA ITALIA, TUTTO QUELLO CHE C&#8217;\u00c8 DA SAPERE SULLO STORICO CINEMA DI BELLUNO<\/h3>\n<\/blockquote>\n<p><strong><a href=\"https:\/\/www.radiopiu.net\/wordpress\/giornale-radiopiu-04-aprile-2020-direttore-mirko-mezzacasa\/cinema-4153289_1920\/\" rel=\"attachment wp-att-127262\"><img loading=\"lazy\" decoding=\"async\" class=\"size-medium wp-image-127262 alignleft\" src=\"https:\/\/www.radiopiu.net\/wordpress\/wp-content\/uploads\/2020\/04\/cinema-4153289_1920-300x193.jpg\" alt=\"\" width=\"300\" height=\"193\" srcset=\"https:\/\/www.radiopiu.net\/wordpress\/wp-content\/uploads\/2020\/04\/cinema-4153289_1920-300x193.jpg 300w, https:\/\/www.radiopiu.net\/wordpress\/wp-content\/uploads\/2020\/04\/cinema-4153289_1920-1024x660.jpg 1024w, https:\/\/www.radiopiu.net\/wordpress\/wp-content\/uploads\/2020\/04\/cinema-4153289_1920-768x495.jpg 768w, https:\/\/www.radiopiu.net\/wordpress\/wp-content\/uploads\/2020\/04\/cinema-4153289_1920-1536x990.jpg 1536w, https:\/\/www.radiopiu.net\/wordpress\/wp-content\/uploads\/2020\/04\/cinema-4153289_1920.jpg 1920w\" sizes=\"auto, (max-width: 300px) 100vw, 300px\" \/><\/a>BELLUNO <\/strong>Il gruppo FAI Giovani di Belluno ha organizzato una conversazione on line dedicata allo storico cinema Italia di Belluno. Il gestore Manuele Sangalli porter\u00e0 il pubblico dietro le quinte del cinema Italia, in un viaggio virtuale alla scoperta dei misteri e tecnicismi di un mestiere poco noto. Si parler\u00e0 della nascita e della evoluzione di questo luogo storico, costruito nel 1926 dall\u2019architetto Riccardo Alfar\u00e8 in un\u2019area dove sorgeva una chiesa trecentesca, e si potr\u00e0 capire meglio il fascino che tuttora questo luogo esercita sui bellunesi. L\u2019appuntamento \u00e8 marted\u00ec 11 maggio alle 21.00 sulla piattaforma digitale Zoom, prenotazione obbligatoria al sito <a href=\"https:\/\/faiprenotazioni.fondoambiente.it\/\">https:\/\/faiprenotazioni.fondoambiente.it\/<\/a> scrivendo nel motore di ricerca degli eventi \u201ccinema Italia\u201d.<\/p>\n<p>&nbsp;<\/p>\n<p>&nbsp;<\/p>\n<hr \/>\n<p>&nbsp;<\/p>\n<blockquote>\n<blockquote>\n<h3>GIORNATE FAI DI PRIMAVERA CON LA DELEGAZIONE DI BELLUNO<\/h3>\n<\/blockquote>\n<p><strong>BELLUNO<\/strong> Due le giornate in calendario, sabato 15 e domenica 16 maggio, due giornate Fai<span style=\"font-family: Times New Roman, serif;\"><span style=\"font-size: medium;\"> accolte sempre con gioia e speranza e sono diventate ormai irrinunciabili per tantissimi italiani che amano stupirsi di fronte alle bellezze spesso poco conosciute che ci circondano. Chi parteciper\u00e0 <\/span><\/span><span style=\"font-family: Times New Roman, serif;\"><span style=\"font-size: medium;\">\u00a0potr\u00e0 effettuare una donazione libera &#8211; del valore minimo di\u00a0 euro &#8211;\u00a0 online,\u00a0 oppure in piazza durante la manifestazione. <\/span><\/span><span style=\"font-family: Times New Roman, serif;\"><span style=\"font-size: medium;\">La Delegazione bellunese, guidata dal capodelegazione Adriano Barcelloni Corte, e il Gruppo Fai Giovani di Belluno hanno organizzato l\u2019evento all\u2019aperto in due siti cadorini di interesse naturalistico, paesaggistico, storico e archeologico, uno in comune di Calalzo di Cadore e l\u2019altro di Ospitale di Cadore ovvero il s<\/span><\/span><span style=\"font-family: Times New Roman, serif;\"><span style=\"font-size: medium;\">ito archeologico e naturalistico di Lagole e a Davestra di Ospitale di Cadore alla scoperta del forno fusorio medioevale.\u00a0 <\/span><\/span><span style=\"font-family: Times New Roman, serif;\"><span style=\"font-size: medium;\">L\u2019accesso a Lagole e a Davestra avverr\u00e0 esclusivamente su prenotazione al sito <a href=\"https:\/\/faiprenotazioni.fondoambiente.it\/\">https:\/\/faiprenotazioni.fondoambiente.it\/<\/a> o nel sito <a href=\"https:\/\/www.fondoambiente.it\/il-fai\/grandi-campagne\/giornate-fai-di-primavera\/\">https:\/\/www.fondoambiente.it\/il-fai\/grandi-campagne\/giornate-fai-di-primavera\/<\/a><\/span><\/span><span style=\"font-family: Times New Roman, serif;\">digitando nel motore di ricerca &#8220;FAI Giornate primavera\u201d e nel campo di ricerca delle pagina web delle Giornate le due parole \u201cLagole\u201d o \u201cDavestra\u201d. <\/span><span style=\"font-family: Times New Roman, serif;\"><span style=\"font-size: medium;\">Non \u00e8 possibile garantire la possibilit\u00e0 di accesso a chi si presenta senza aver prenotato.<\/span><\/span><\/p>\n\n\t\t\t<style type='text\/css'>\n\t\t\t\t#gallery-10 {\n\t\t\t\t\tmargin: auto;\n\t\t\t\t}\n\t\t\t\t#gallery-10 .gallery-item {\n\t\t\t\t\tfloat: left;\n\t\t\t\t\tmargin-top: 10px;\n\t\t\t\t\ttext-align: center;\n\t\t\t\t\twidth: 25%;\n\t\t\t\t}\n\t\t\t\t#gallery-10 img {\n\t\t\t\t\tborder: 2px solid #cfcfcf;\n\t\t\t\t}\n\t\t\t\t#gallery-10 .gallery-caption {\n\t\t\t\t\tmargin-left: 0;\n\t\t\t\t}\n\t\t\t\t\/* see gallery_shortcode() in wp-includes\/media.php *\/\n\t\t\t<\/style>\n\t\t<div id='gallery-10' class='dt-gallery-container gallery galleryid-208510 gallery-columns-4 gallery-size-thumbnail'><dl class='gallery-item'>\n\t\t\t\t<dt class='gallery-icon landscape'>\n\t\t\t\t\t<a class=\"rollover\" href='https:\/\/www.radiopiu.net\/wordpress\/giornale-radiopiu-07-maggio-2021-direttore-mirko-mezzacasa\/forno-davestra\/'><img loading=\"lazy\" decoding=\"async\" width=\"150\" height=\"150\" src=\"https:\/\/www.radiopiu.net\/wordpress\/wp-content\/uploads\/2021\/05\/Forno-Davestra-150x150.jpg\" class=\"attachment-thumbnail size-thumbnail\" alt=\"\" aria-describedby=\"gallery-10-207975\" \/><\/a>\n\t\t\t\t<\/dt>\n\t\t\t\t\t<dd class='wp-caption-text gallery-caption' id='gallery-10-207975'>\n\t\t\t\t\tDAVESTRA\n\t\t\t\t\t<\/dd><\/dl><dl class='gallery-item'>\n\t\t\t\t<dt class='gallery-icon landscape'>\n\t\t\t\t\t<a class=\"rollover\" href='https:\/\/www.radiopiu.net\/wordpress\/giornale-radiopiu-07-maggio-2021-direttore-mirko-mezzacasa\/forno-davestra_2\/'><img loading=\"lazy\" decoding=\"async\" width=\"150\" height=\"150\" src=\"https:\/\/www.radiopiu.net\/wordpress\/wp-content\/uploads\/2021\/05\/Forno-Davestra_2-150x150.jpg\" class=\"attachment-thumbnail size-thumbnail\" alt=\"\" aria-describedby=\"gallery-10-207976\" \/><\/a>\n\t\t\t\t<\/dt>\n\t\t\t\t\t<dd class='wp-caption-text gallery-caption' id='gallery-10-207976'>\n\t\t\t\t\tDAVESTRA\n\t\t\t\t\t<\/dd><\/dl><dl class='gallery-item'>\n\t\t\t\t<dt class='gallery-icon landscape'>\n\t\t\t\t\t<a class=\"rollover\" href='https:\/\/www.radiopiu.net\/wordpress\/giornale-radiopiu-07-maggio-2021-direttore-mirko-mezzacasa\/lagole_lago-delle-tose\/'><img loading=\"lazy\" decoding=\"async\" width=\"150\" height=\"150\" src=\"https:\/\/www.radiopiu.net\/wordpress\/wp-content\/uploads\/2021\/05\/Lagole_lago-delle-tose-150x150.jpeg\" class=\"attachment-thumbnail size-thumbnail\" alt=\"\" aria-describedby=\"gallery-10-207978\" \/><\/a>\n\t\t\t\t<\/dt>\n\t\t\t\t\t<dd class='wp-caption-text gallery-caption' id='gallery-10-207978'>\n\t\t\t\t\tLAGOLE\n\t\t\t\t\t<\/dd><\/dl><dl class='gallery-item'>\n\t\t\t\t<dt class='gallery-icon portrait'>\n\t\t\t\t\t<a class=\"rollover\" href='https:\/\/www.radiopiu.net\/wordpress\/giornale-radiopiu-07-maggio-2021-direttore-mirko-mezzacasa\/lagole\/'><img loading=\"lazy\" decoding=\"async\" width=\"150\" height=\"150\" src=\"https:\/\/www.radiopiu.net\/wordpress\/wp-content\/uploads\/2021\/05\/Lagole-150x150.jpg\" class=\"attachment-thumbnail size-thumbnail\" alt=\"\" aria-describedby=\"gallery-10-207977\" \/><\/a>\n\t\t\t\t<\/dt>\n\t\t\t\t\t<dd class='wp-caption-text gallery-caption' id='gallery-10-207977'>\n\t\t\t\t\tLAGOLE\n\t\t\t\t\t<\/dd><\/dl><br style=\"clear: both\" \/>\n\t\t\t<\/div>\n<\/blockquote>\n<p>&nbsp;<\/p>\n<hr \/>\n<p>&nbsp;<\/p>\n<blockquote>\n<h2>30 MAGGIO, PALAFELTRE NOMADI IN CONCERTO &#8211; DATA ZERO<\/h2>\n<h2 dir=\"auto\"><strong>\u00a0le prevendite sono attive su\u00a0 <\/strong><strong><span style=\"color: #0000ff;\">www.primiallaprima.it\u00a0<\/span><\/strong><\/h2>\n<\/blockquote>\n<div dir=\"auto\"><\/div>\n<p dir=\"auto\"><b><span style=\"font-size: small;\"><strong><img loading=\"lazy\" decoding=\"async\" class=\"alignleft\" src=\"https:\/\/www.radiopiu.net\/wordpress\/wp-content\/uploads\/2021\/05\/Modello-NomadiFeltre_9ffd0f07-740f-4d2c-a753-b5026c029c99.png\" width=\"180\" height=\"254\" \/>I NOMADI<\/strong> iniziano il loro Tour 2021 con la DATA \u201c0\u201d da FELTRE (BL) al Palafeltre, nel pieno rispetto delle attuali norme e disposizioni anti Covid. <\/span><span style=\"font-size: small;\">Dopo tanti mesi di emergenza sanitaria, di stop e di difficolt\u00e0 per tutti i lavoratori dello spettacolo, la musica live pu\u00f2 e deve riprendere, in sicurezza, gli eventi dal vivo si possono realizzare. Questo \u00e8 un segnale importante per tutti, la musica guarisce le ferite, ci aiuta a superare le difficolt\u00e0: la musica non si ferma! <\/span><span style=\"font-size: small;\">Per i Nomadi la musica non si ferma neanche nella produzione discografica: il 23 aprile \u00e8 uscito un <\/span><span style=\"font-size: small;\">nuovo album di inediti \u201cSolo essere umani\u201d,<\/span> <span style=\"font-size: small;\">per la prima volta su etichetta BMG e pubblicato in formato vinile, cd e digital download. \u201c<\/span><span style=\"font-size: small;\"><i>Valori.Amore.Vita<\/i><\/span><span style=\"font-size: small;\"><i>. Queste tre parole sono state il punto di partenza per ogni singola traccia inclusa in questo album ricco di spunti di riflessione sulla nostra esistenza e sul momento complesso che stiamo vivendo\u201d <\/i><\/span><span style=\"font-size: small;\">anticipano <\/span><span style=\"font-size: small;\">i Nomadi<\/span><span style=\"font-size: small;\"> \u201c<\/span><span style=\"font-size: small;\"><i>La prima sorpresa di questo progetto \u00e8 il brano che da il titolo all\u2019album \u2018Solo Esseri Umani\u2019, cantato insieme all\u2019amico storico della band, Enzo Iacchetti\u201d. <\/i><\/span><span style=\"color: #050505;\"><span style=\"font-family: Calibri, serif;\"><span style=\"font-size: small;\">L\u2019album \u00e8 stato anticipato <\/span><\/span><\/span><span style=\"color: #050505;\"><span style=\"font-family: Calibri, serif;\"><span style=\"font-size: small;\">9 aprile<\/span><\/span><\/span><span style=\"color: #050505;\"><span style=\"font-family: Calibri, serif;\"><span style=\"font-size: small;\"> dal primo singolo ufficiale <\/span><\/span><\/span><span style=\"color: #050505;\"><span style=\"font-family: Calibri, serif;\"><span style=\"font-size: small;\">\u201cFrasi nel fuoco\u201d,<\/span><\/span><\/span><span style=\"color: #050505;\"><span style=\"font-family: Calibri, serif;\"><span style=\"font-size: small;\"> un brano pieno di vita, dedicato a chi vuole continuare a sperare, a guardare al futuro per arricchire questo presente che spesso risulta essere complesso ed invalicabile. <\/span><\/span><\/span><span style=\"color: #050505;\"><span style=\"font-family: Calibri, serif;\"><span style=\"font-size: small;\">Beppe Carletti<\/span><\/span><\/span><span style=\"color: #050505;\"><span style=\"font-family: Calibri, serif;\"><span style=\"font-size: small;\">, storico leader dei Nomadi, racconta: \u201c\u2018<\/span><\/span><\/span><span style=\"color: #050505;\"><span style=\"font-family: Calibri, serif;\"><span style=\"font-size: small;\"><i>Frasi nel fuoco\u2019 \u00e8 la voglia di vivere pura, tenacia e determinazione. \u00c8 un inno alla vita e all&#8217;amore per la vita a dispetto di ogni difficolt\u00e0. \u00c8 un brano vivace che conferma il nostro bisogno di ripartenza, di un&#8217;esistenza piena.\u201d <\/i><\/span><\/span><\/span><span style=\"font-family: Calibri, serif;\"><span style=\"font-size: small;\">Oltre al nuovo album, nel repertorio del concerto <\/span><\/span><span style=\"font-family: Calibri, serif;\"><span style=\"font-size: small;\">verranno riproposti<\/span><\/span><span style=\"font-family: Calibri, serif;\"><span style=\"font-size: small;\"> i brani che hanno segnato la storia del gruppo, nato nel 1963 e che non ha mai smesso di rinnovarsi, senza tradire lo <\/span><\/span><span style=\"font-family: Calibri, serif;\"><span style=\"font-size: small;\"><i>spirito nomade<\/i><\/span><\/span><span style=\"font-family: Calibri, serif;\"><span style=\"font-size: small;\"> che lo contraddistingue. <\/span><\/span><b style=\"font-size: small;\">Il concerto \u00e8 organizzato da Gioservice di Giovanni Tosatto in collaborazione con la Cooperativa Elementa che gestisce l\u2019impianto sportivo <\/b><span style=\"font-size: small;\">I biglietti per il concerto sono disponibili sul sito <a href=\"http:\/\/www.primiallaprima.it\">www.primiallaprima.it<\/a> presso le Casse Rurali Trentine e a Feltre presso Tony Dischi Center Shop via Montelungo 4 tel 0439302007 <\/span><span style=\"font-size: small;\">Informazioni: <\/span><span style=\"font-size: small;\">Gio Service 3200437637<\/span><\/b><\/p>\n<hr \/>\n<div class=\"page-title-head hgroup\">\n<div class=\"page-title-head hgroup\">\n<div>\n<div><\/div>\n<blockquote>\n<h3>RADIO PIU&#8217; NETWORK MONDIALE PER CROZZA-ZAIA<\/h3>\n<\/blockquote>\n<div>\n<p><strong>REDAZIONE<\/strong> Ormai \u00e8 diventata un&#8217;abitudine quella di Maurizio Crozza di nominare Mirko di Radio Pi\u00f9 ogni volta che in &#8220;Fratelli di Crozza&#8221; fa l&#8217;imitazione del governatore del Veneto Luca Zaia. Anche nella puntata di venerd\u00ec sera andata in onda sul NOVE del gruppo Discovery \u00e8 stata chiamata in causa la radio che in questo caso diventa un network a livello mondiale per avvisare la popolazione che il vaccino non si pu\u00f2 scegliere.<\/p>\n<p><strong>LO STRALCIO DELL&#8217;IMITAZIONE DI CROZZA NEI PANNI DI ZAIA<\/strong><\/p>\n<div style=\"width: 1200px;\" class=\"wp-video\"><video class=\"wp-video-shortcode\" id=\"video-208510-2\" width=\"1200\" height=\"675\" preload=\"metadata\" controls=\"controls\"><source type=\"video\/mp4\" src=\"https:\/\/www.radiopiu.net\/wordpress\/wp-content\/uploads\/2021\/05\/CROZZA-ZAIA-RADIO-PIU-VACCINO.mp4?_=2\" \/><a href=\"https:\/\/www.radiopiu.net\/wordpress\/wp-content\/uploads\/2021\/05\/CROZZA-ZAIA-RADIO-PIU-VACCINO.mp4\">https:\/\/www.radiopiu.net\/wordpress\/wp-content\/uploads\/2021\/05\/CROZZA-ZAIA-RADIO-PIU-VACCINO.mp4<\/a><\/video><\/div>\n<p>&nbsp;<\/p>\n<p>&nbsp;<\/p>\n<hr \/>\n<p>&nbsp;<\/p>\n<blockquote>\n<h3>GLI UOMINI ERANO SERVITI PER PRIMI (E FRA GLI SPOSI CI SI DAVA DEL VOI\u2026)<\/h3>\n<\/blockquote>\n<p><strong>di Renato Bona<\/strong><\/p>\n<p>Concludiamo con questa terza puntata la rivisitazione del libro \u201cdi donna in donna\u201d &#8211; realizzato in occasione di una mostra sullo stesso tema &#8211; anche grazie al contributo della Cassa di risparmio di Verona, Vicenza, Belluno ed Ancona &#8211; nel luglio 1993 (Tipografia Tiziano di Pieve) dall\u2019Azienda di promozione turistica Valboite Cadore con sede a San Vito, per il coordinamento di Mario Ferruccio Belli, organizzazione generale di Giorgio Del Favero e Bortolo De Vido, raccolta e selezione di testi curata da Gloria Fiori e Ivana Barrei, materiale fotografico della Magnifica comunit\u00e0 di Cadore, Biblioteca comunale di Lozzo, Mario Ferruccio Belli, Giovanni De Don\u00e0, Giorgio Del Favero, Benito Pagnussat, Famiglia Perini d Borca, Giuseppe Teza; molte e tutte preziose le collaborazioni, in particolare quelle del Museo delle tradizioni popolari di San Vito e di Vittoria Da Pra di Lozzo. Nella presentazione, Franca Bimbi docente di sociologia della famiglia all\u2019Universit\u00e0 di Padova nonch\u00e9 presidente della commissione regionale per la realizzazione delle pari opportunit\u00e0 tra la donna e l\u2019uomo aveva inserito la testimonianza di un\u2019anziana contadina &#8211; Antonia, nata nel 1912; sposata a 26 anni, 8 figli &#8211; che offriva la sua rappresentazione della \u2018legge del padre\u2019, rievocando i riti della distribuzione del cibo nella famiglia, che qui di seguito proponiamo integralmente: \u201c\u2026 Quando ero incinta mangiavo quello che mangiavano tutti. Beh, sempre stata quella che gli uomini erano serviti meglio delle donne. Loro sempre serviti per primi, perch\u00e9 erano superiori alle donne. Non era giusto neanche una volta. Quella storia l\u00e0 l\u2019ho sempre avuta nella testa. Purtroppo non si poteva parlare, perch\u00e9 allora ti dicevano che eri un po\u2019 mattana, chi diceva: \u2018Perch\u00e9 io devo mangiare con due bambini in braccio e uno nella pancia e lui magari senza niente perch\u00e9 era uomo. Perch\u00e9 era un uomo che cosa aveva di diverso? Mio marito mi voleva bene, per\u00f2 queste storie erano naturali\u2026 S\u00ec noi si mangiava a tavola, purtroppo c\u2019erano contadini che le donne le mandavano fuori\u2026 E tutti gli uomini a tavola, le donne fuori perch\u00e9 erano donne, e i bambini lo stesso, perch\u00e9 disturbavano\u201d. Ed ecco invece cosa ha inserito lo storico Mario Ferruccio Belli, traendo dal suo libro \u201cLa guerra in Valle del Boite\u201d, tipografia Tiziano 1991: \u201c\u2026 Al momento della nascita di una femminuccia il padre nascondeva difficilmente la sua amarezza. Ancora pi\u00f9 delusi, \u00e8 probabile fossero i vecchi genitori con i quali la coppia di sposi necessariamente conviveva, e anche la nonna parteggiava per un nipote maschio. Se non moriva presto, la piccola trascorreva la sua infanzia come un animaletto domestico,. All\u2019et\u00e0 della scuola i suoi fratelli andavano a imparare a leggere e scrivere, lei, fino ai primi anni di questo secolo, non lo poteva fare. La sua presenza era pi\u00f9 utile in cucina, nei campi, a portare l\u2019acqua agli assetati, sui prati, nella stalla. Quando cominciava a essere signorina, et\u00e0 a cui si giungeva senza nessun trattamento di favore per il sesso debole, si ritrovavano davanti a una massa sempre crescente di incombenze: badare ai fratelli pi\u00f9 piccoli, cucinare, lavare, filare, tessere, rammendare. Nella campagna doveva lavorare come i maschi: falciare, portare fieno, raccogliere le patate, mietere, guidare le vacche all\u2019aratro. Spesso le donne dovevano anche reggere l\u2019aratro, tagliare i tronchi, portarli con la pesante slitta alla segheria, perch\u00e9 i fratelli o i mariti erano emigrati\u201d. E aggiungeva: \u201cQuando la giovane moglie entrava nella casa del marito, vi trovava molte altre donne: una madre, forse una nonna, certo una o pi\u00f9 cognate e zie, cos\u00ec la nuova arrivata era vista come un\u2019intrusa, Nulla poteva lo sposo contro una tale coalizione, non rimaneva che subire in silenzio i rimproveri, le osservazioni, le malignit\u00e0, i consigli non richiesti, i suggerimenti non voluti, i comandi non desiderati\u201d. E quanto alle gioie del talamo? Ecco ancora Belli: \u201cFra sposi ci si dava del \u2018voi\u2019: questo manteneva i rapporti nuziali su un piano che \u00e8 difficile definire. Inoltre la giovane, se proveniva da una famiglia dove vigevano abitudini in qualche maniera differenti, veniva come nulla redarguita cos\u00ec da indurla a cambiare in fretta, Intanto \u00e8 probabile che restasse incinta. Se ne accorgeva la \u2018parona\u2019, che forse si rallegrava e forse no comunque non adottava particolari cure per la gestante. Nulla cambiava per una donna in attesa, nemmeno l\u2019alimentazione, nemmeno i ritmi bestiali di lavoro. Gli aborti pertanto non suscitavano meraviglia\u2026 Le donne cadorine erano forti, i loro mariti giovani, le gravidanze numerosissime. Si ricordano come normali dodici-tredici e pi\u00f9 gravidanze. Le famiglie tuttavia finivano col non essere molto numerose perch\u00e9 la mortalit\u00e0 infantile si portava via i bambini\u2026 Tutte erano donne \u2018serie\u2019, giacch\u00e9 la rigida tradizione non avrebbe permesso a una qualsiasi ragazza di non esserlo e se proprio una giovane avesse scelto i facili costumi, sarebbe stata immediatamente emarginata e costretta ad andarsene\u2026\u201d. Concludiamo con l\u2019ultimo passo della presentazione della Bimbi: \u201cIn questo lavoro, le immagini delle donne ci rimandano al fatto che esse non sono la parte debole ma l\u2019\u2018anello forte\u2019 della societ\u00e0, poich\u00e9 tengono assieme il lavoro e le relazioni familiari, la produzione dei beni e la distribuzione giusta delle risorse, anche all\u2019interno di economie della povert\u00e0\u201d. Come non condividere anche l\u2019affermazione finale: \u201cle donne pi\u00f9 giovani riconoscono in queste immagini il debito verso quelle che le hanno precedute\u201d?!<\/p>\n\n\t\t\t<style type='text\/css'>\n\t\t\t\t#gallery-11 {\n\t\t\t\t\tmargin: auto;\n\t\t\t\t}\n\t\t\t\t#gallery-11 .gallery-item {\n\t\t\t\t\tfloat: left;\n\t\t\t\t\tmargin-top: 10px;\n\t\t\t\t\ttext-align: center;\n\t\t\t\t\twidth: 12%;\n\t\t\t\t}\n\t\t\t\t#gallery-11 img {\n\t\t\t\t\tborder: 2px solid #cfcfcf;\n\t\t\t\t}\n\t\t\t\t#gallery-11 .gallery-caption {\n\t\t\t\t\tmargin-left: 0;\n\t\t\t\t}\n\t\t\t\t\/* see gallery_shortcode() in wp-includes\/media.php *\/\n\t\t\t<\/style>\n\t\t<div id='gallery-11' class='dt-gallery-container gallery galleryid-208510 gallery-columns-8 gallery-size-thumbnail'><dl class='gallery-item'>\n\t\t\t\t<dt class='gallery-icon portrait'>\n\t\t\t\t\t<a class=\"rollover rollover-zoom dt-pswp-item\" title=\"184214218_1897603023741265_4662770076901298159_n\" data-dt-img-description=\"\" data-large_image_width=\"320\" data-large_image_height=\"459\"href='https:\/\/www.radiopiu.net\/wordpress\/wp-content\/uploads\/2021\/05\/184214218_1897603023741265_4662770076901298159_n.jpg'><img loading=\"lazy\" decoding=\"async\" width=\"150\" height=\"150\" src=\"https:\/\/www.radiopiu.net\/wordpress\/wp-content\/uploads\/2021\/05\/184214218_1897603023741265_4662770076901298159_n-150x150.jpg\" class=\"attachment-thumbnail size-thumbnail\" alt=\"\" \/><\/a>\n\t\t\t\t<\/dt><\/dl><dl class='gallery-item'>\n\t\t\t\t<dt class='gallery-icon portrait'>\n\t\t\t\t\t<a class=\"rollover rollover-zoom dt-pswp-item\" title=\"183863285_314241360093884_6448071699697189238_n\" data-dt-img-description=\"\" data-large_image_width=\"301\" data-large_image_height=\"414\"href='https:\/\/www.radiopiu.net\/wordpress\/wp-content\/uploads\/2021\/05\/183863285_314241360093884_6448071699697189238_n.jpg'><img loading=\"lazy\" decoding=\"async\" width=\"150\" height=\"150\" src=\"https:\/\/www.radiopiu.net\/wordpress\/wp-content\/uploads\/2021\/05\/183863285_314241360093884_6448071699697189238_n-150x150.jpg\" class=\"attachment-thumbnail size-thumbnail\" alt=\"\" \/><\/a>\n\t\t\t\t<\/dt><\/dl><dl class='gallery-item'>\n\t\t\t\t<dt class='gallery-icon portrait'>\n\t\t\t\t\t<a class=\"rollover rollover-zoom dt-pswp-item\" title=\"183939448_830781324312503_1472292160806886667_n\" data-dt-img-description=\"\" data-large_image_width=\"311\" data-large_image_height=\"403\"href='https:\/\/www.radiopiu.net\/wordpress\/wp-content\/uploads\/2021\/05\/183939448_830781324312503_1472292160806886667_n.jpg'><img loading=\"lazy\" decoding=\"async\" width=\"150\" height=\"150\" src=\"https:\/\/www.radiopiu.net\/wordpress\/wp-content\/uploads\/2021\/05\/183939448_830781324312503_1472292160806886667_n-150x150.jpg\" class=\"attachment-thumbnail size-thumbnail\" alt=\"\" \/><\/a>\n\t\t\t\t<\/dt><\/dl><dl class='gallery-item'>\n\t\t\t\t<dt class='gallery-icon portrait'>\n\t\t\t\t\t<a class=\"rollover rollover-zoom dt-pswp-item\" title=\"184172960_474686386926543_283018565071507351_n\" data-dt-img-description=\"\" data-large_image_width=\"320\" data-large_image_height=\"461\"href='https:\/\/www.radiopiu.net\/wordpress\/wp-content\/uploads\/2021\/05\/184172960_474686386926543_283018565071507351_n.jpg'><img loading=\"lazy\" decoding=\"async\" width=\"150\" height=\"150\" src=\"https:\/\/www.radiopiu.net\/wordpress\/wp-content\/uploads\/2021\/05\/184172960_474686386926543_283018565071507351_n-150x150.jpg\" class=\"attachment-thumbnail size-thumbnail\" alt=\"\" \/><\/a>\n\t\t\t\t<\/dt><\/dl><dl class='gallery-item'>\n\t\t\t\t<dt class='gallery-icon portrait'>\n\t\t\t\t\t<a class=\"rollover rollover-zoom dt-pswp-item\" title=\"184119035_196190902350685_7427042807706648246_n\" data-dt-img-description=\"\" data-large_image_width=\"302\" data-large_image_height=\"414\"href='https:\/\/www.radiopiu.net\/wordpress\/wp-content\/uploads\/2021\/05\/184119035_196190902350685_7427042807706648246_n.jpg'><img loading=\"lazy\" decoding=\"async\" width=\"150\" height=\"150\" src=\"https:\/\/www.radiopiu.net\/wordpress\/wp-content\/uploads\/2021\/05\/184119035_196190902350685_7427042807706648246_n-150x150.jpg\" class=\"attachment-thumbnail size-thumbnail\" alt=\"\" \/><\/a>\n\t\t\t\t<\/dt><\/dl><dl class='gallery-item'>\n\t\t\t\t<dt class='gallery-icon portrait'>\n\t\t\t\t\t<a class=\"rollover rollover-zoom dt-pswp-item\" title=\"183659241_164566612252189_150046692900912820_n\" data-dt-img-description=\"\" data-large_image_width=\"320\" data-large_image_height=\"475\"href='https:\/\/www.radiopiu.net\/wordpress\/wp-content\/uploads\/2021\/05\/183659241_164566612252189_150046692900912820_n.jpg'><img loading=\"lazy\" decoding=\"async\" width=\"150\" height=\"150\" src=\"https:\/\/www.radiopiu.net\/wordpress\/wp-content\/uploads\/2021\/05\/183659241_164566612252189_150046692900912820_n-150x150.jpg\" class=\"attachment-thumbnail size-thumbnail\" alt=\"\" \/><\/a>\n\t\t\t\t<\/dt><\/dl><dl class='gallery-item'>\n\t\t\t\t<dt class='gallery-icon portrait'>\n\t\t\t\t\t<a class=\"rollover rollover-zoom dt-pswp-item\" title=\"183850611_238748441340775_2115482002829000100_n\" data-dt-img-description=\"\" data-large_image_width=\"320\" data-large_image_height=\"475\"href='https:\/\/www.radiopiu.net\/wordpress\/wp-content\/uploads\/2021\/05\/183850611_238748441340775_2115482002829000100_n.jpg'><img loading=\"lazy\" decoding=\"async\" width=\"150\" height=\"150\" src=\"https:\/\/www.radiopiu.net\/wordpress\/wp-content\/uploads\/2021\/05\/183850611_238748441340775_2115482002829000100_n-150x150.jpg\" class=\"attachment-thumbnail size-thumbnail\" alt=\"\" \/><\/a>\n\t\t\t\t<\/dt><\/dl><dl class='gallery-item'>\n\t\t\t\t<dt class='gallery-icon portrait'>\n\t\t\t\t\t<a class=\"rollover rollover-zoom dt-pswp-item\" title=\"183778521_312356873735522_4572194983579150486_n\" data-dt-img-description=\"\" data-large_image_width=\"320\" data-large_image_height=\"473\"href='https:\/\/www.radiopiu.net\/wordpress\/wp-content\/uploads\/2021\/05\/183778521_312356873735522_4572194983579150486_n.jpg'><img loading=\"lazy\" decoding=\"async\" width=\"150\" height=\"150\" src=\"https:\/\/www.radiopiu.net\/wordpress\/wp-content\/uploads\/2021\/05\/183778521_312356873735522_4572194983579150486_n-150x150.jpg\" class=\"attachment-thumbnail size-thumbnail\" alt=\"\" \/><\/a>\n\t\t\t\t<\/dt><\/dl><br style=\"clear: both\" \/><dl class='gallery-item'>\n\t\t\t\t<dt class='gallery-icon landscape'>\n\t\t\t\t\t<a class=\"rollover rollover-zoom dt-pswp-item\" title=\"184090421_570615807252493_4429695133873906771_n\" data-dt-img-description=\"\" data-large_image_width=\"338\" data-large_image_height=\"312\"href='https:\/\/www.radiopiu.net\/wordpress\/wp-content\/uploads\/2021\/05\/184090421_570615807252493_4429695133873906771_n.jpg'><img loading=\"lazy\" decoding=\"async\" width=\"150\" height=\"150\" src=\"https:\/\/www.radiopiu.net\/wordpress\/wp-content\/uploads\/2021\/05\/184090421_570615807252493_4429695133873906771_n-150x150.jpg\" class=\"attachment-thumbnail size-thumbnail\" alt=\"\" \/><\/a>\n\t\t\t\t<\/dt><\/dl><dl class='gallery-item'>\n\t\t\t\t<dt class='gallery-icon landscape'>\n\t\t\t\t\t<a class=\"rollover rollover-zoom dt-pswp-item\" title=\"183918987_2884073181833495_3918593313113050908_n\" data-dt-img-description=\"\" data-large_image_width=\"578\" data-large_image_height=\"403\"href='https:\/\/www.radiopiu.net\/wordpress\/wp-content\/uploads\/2021\/05\/183918987_2884073181833495_3918593313113050908_n.jpg'><img loading=\"lazy\" decoding=\"async\" width=\"150\" height=\"150\" src=\"https:\/\/www.radiopiu.net\/wordpress\/wp-content\/uploads\/2021\/05\/183918987_2884073181833495_3918593313113050908_n-150x150.jpg\" class=\"attachment-thumbnail size-thumbnail\" alt=\"\" \/><\/a>\n\t\t\t\t<\/dt><\/dl><dl class='gallery-item'>\n\t\t\t\t<dt class='gallery-icon landscape'>\n\t\t\t\t\t<a class=\"rollover rollover-zoom dt-pswp-item\" title=\"183876621_483923969476292_5117846550736991772_n\" data-dt-img-description=\"\" data-large_image_width=\"598\" data-large_image_height=\"403\"href='https:\/\/www.radiopiu.net\/wordpress\/wp-content\/uploads\/2021\/05\/183876621_483923969476292_5117846550736991772_n.jpg'><img loading=\"lazy\" decoding=\"async\" width=\"150\" height=\"150\" src=\"https:\/\/www.radiopiu.net\/wordpress\/wp-content\/uploads\/2021\/05\/183876621_483923969476292_5117846550736991772_n-150x150.jpg\" class=\"attachment-thumbnail size-thumbnail\" alt=\"\" \/><\/a>\n\t\t\t\t<\/dt><\/dl><dl class='gallery-item'>\n\t\t\t\t<dt class='gallery-icon portrait'>\n\t\t\t\t\t<a class=\"rollover rollover-zoom dt-pswp-item\" title=\"184060844_154038326674375_2476108779916002451_n\" data-dt-img-description=\"\" data-large_image_width=\"299\" data-large_image_height=\"417\"href='https:\/\/www.radiopiu.net\/wordpress\/wp-content\/uploads\/2021\/05\/184060844_154038326674375_2476108779916002451_n.jpg'><img loading=\"lazy\" decoding=\"async\" width=\"150\" height=\"150\" src=\"https:\/\/www.radiopiu.net\/wordpress\/wp-content\/uploads\/2021\/05\/184060844_154038326674375_2476108779916002451_n-150x150.jpg\" class=\"attachment-thumbnail size-thumbnail\" alt=\"\" \/><\/a>\n\t\t\t\t<\/dt><\/dl><dl class='gallery-item'>\n\t\t\t\t<dt class='gallery-icon portrait'>\n\t\t\t\t\t<a class=\"rollover rollover-zoom dt-pswp-item\" title=\"183759295_1039579483240020_4092114320891195836_n\" data-dt-img-description=\"\" data-large_image_width=\"309\" data-large_image_height=\"403\"href='https:\/\/www.radiopiu.net\/wordpress\/wp-content\/uploads\/2021\/05\/183759295_1039579483240020_4092114320891195836_n.jpg'><img loading=\"lazy\" decoding=\"async\" width=\"150\" height=\"150\" src=\"https:\/\/www.radiopiu.net\/wordpress\/wp-content\/uploads\/2021\/05\/183759295_1039579483240020_4092114320891195836_n-150x150.jpg\" class=\"attachment-thumbnail size-thumbnail\" alt=\"\" \/><\/a>\n\t\t\t\t<\/dt><\/dl><dl class='gallery-item'>\n\t\t\t\t<dt class='gallery-icon portrait'>\n\t\t\t\t\t<a class=\"rollover rollover-zoom dt-pswp-item\" title=\"184048680_778317222841690_2950400131041691941_n\" data-dt-img-description=\"\" data-large_image_width=\"320\" data-large_image_height=\"469\"href='https:\/\/www.radiopiu.net\/wordpress\/wp-content\/uploads\/2021\/05\/184048680_778317222841690_2950400131041691941_n.jpg'><img loading=\"lazy\" decoding=\"async\" width=\"150\" height=\"150\" src=\"https:\/\/www.radiopiu.net\/wordpress\/wp-content\/uploads\/2021\/05\/184048680_778317222841690_2950400131041691941_n-150x150.jpg\" class=\"attachment-thumbnail size-thumbnail\" alt=\"\" \/><\/a>\n\t\t\t\t<\/dt><\/dl><dl class='gallery-item'>\n\t\t\t\t<dt class='gallery-icon portrait'>\n\t\t\t\t\t<a class=\"rollover rollover-zoom dt-pswp-item\" title=\"184721930_477217796927799_3730028041013600325_n\" data-dt-img-description=\"\" data-large_image_width=\"300\" data-large_image_height=\"417\"href='https:\/\/www.radiopiu.net\/wordpress\/wp-content\/uploads\/2021\/05\/184721930_477217796927799_3730028041013600325_n.jpg'><img loading=\"lazy\" decoding=\"async\" width=\"150\" height=\"150\" src=\"https:\/\/www.radiopiu.net\/wordpress\/wp-content\/uploads\/2021\/05\/184721930_477217796927799_3730028041013600325_n-150x150.jpg\" class=\"attachment-thumbnail size-thumbnail\" alt=\"\" \/><\/a>\n\t\t\t\t<\/dt><\/dl><dl class='gallery-item'>\n\t\t\t\t<dt class='gallery-icon landscape'>\n\t\t\t\t\t<a class=\"rollover rollover-zoom dt-pswp-item\" title=\"183837839_966214710814286_699769451347481415_n\" data-dt-img-description=\"\" data-large_image_width=\"514\" data-large_image_height=\"403\"href='https:\/\/www.radiopiu.net\/wordpress\/wp-content\/uploads\/2021\/05\/183837839_966214710814286_699769451347481415_n.jpg'><img loading=\"lazy\" decoding=\"async\" width=\"150\" height=\"150\" src=\"https:\/\/www.radiopiu.net\/wordpress\/wp-content\/uploads\/2021\/05\/183837839_966214710814286_699769451347481415_n-150x150.jpg\" class=\"attachment-thumbnail size-thumbnail\" alt=\"\" \/><\/a>\n\t\t\t\t<\/dt><\/dl><br style=\"clear: both\" \/>\n\t\t\t<\/div>\n\n<p>NELLE FOTO (riproduzioni dal libro \u201cdi donna in donna\u201d tutte affiancate da diciture che si richiamano a grandi personaggi della storia): \u201cFulmineo precipita il frutto di giovinezza\u2026\u201d, Mimnermo &#8211; Al modo delle foglie; \u201cLi allattavano con il latte della vacca\u2026 ogni tanto passavano a guardarli\u2026\u201d, Nuto Revelli &#8211; L\u2019anello forte; \u201cUna donna deve piacere, tacere e stare in casa\u201d, proverbio cadorino; \u201cQuanto \u00e8 tristo il passo di chi, cresciuto tra voi, se ne allontana!\u201d, Alessandro Manzoni &#8211; I promessi sposi; \u201c\u2026La madre deve aiutare il bambino ad acquisire una certa autodisciplina e molta forza di carattere\u201d, Indira Gandhi &#8211; La mia verit\u00e0; \u201cCastit\u00e0, abnegazione, sottomissione, sofferenze: gli strumenti sacrificali della donna\u2026\u201d &#8211; Vito di Dario, \u201cOh mia Patria!; \u201cL\u2019altro mondo \u00e8 l\u2019America\u201d, Carlo Levi &#8211; \u201cCristo si \u00e8 fermato a Eboli\u201d; \u201cNella donna\u2026 diviene sempre pi\u00f9 chiara e operante la coscienza della propria dignit\u00e0\u2026\u201d, Giovanni XXIII &#8211; \u201cPacem in terris\u201d; \u201cUna donna col grembiule contribuisce all\u2019economia della famiglia pi\u00f9 di un uomo col cavallo\u201d, Proverbio cadorino; \u201cVecchina, gracile, pallida.. dai lineamenti fini\u2026\u201d, Luigi Pirandello &#8211; \u201cE domani luned\u00ec\u201d; \u201cAccogliamola di buon grado la vecchiaia e amiamola: pu\u00f2 dare tanta gioia a chi sa goderne\u201d, Lucio Anneo Seneca &#8211; Lettere a Lucillo; \u201cEd un lavoro eterno compievano accorte le mani\u2026\u201d , Gaio Valerio Catullo &#8211; \u201cEpithalamia\u201d; \u201cDelin delon campanon le campane de Longaron una che canta una che fila, una che fa capei de paia\u2026\u201d, Antica filastrocca che propiziava i matrimoni; \u201cTu sei innanzi tutto moglie e madre\u2026\u201d, Henrik Ibsen, \u201cUna casa di bambola\u201d; \u201cAndava pel mondo il quale \u00e8 tanto grande che se uno potesse camminare e camminare sempre, giorno e notte, non arriverebbe mai\u2026\u201d, Giovanni Verga &#8211; \u201cI Malavoglia\u201d; Mario Ferruccio Belli, il coordinatore del libro \u201cdi donna in donna\u201d (foto geosnews).<\/p>\n<p>&nbsp;<\/p>\n<p>&nbsp;<\/p>\n<hr \/>\n<p>&nbsp;<\/p>\n<p>&nbsp;<\/p>\n<div class=\"b654a4as d2edcug0\">\n<div class=\"j83agx80 btwxx1t3 lhclo0ds hop8lmos nkwizq5d scwd0bx6 roh60bw9\">\n<div class=\"rq0escxv hkbzh7o3 jwdofwj8 n8tt0mok r8blr3vg hyh9befq\">\n<div class=\"do00u71z l9j0dhe7 k4urcfbm\">\n<div>\n<h2><span style=\"color: #000080;\"><a class=\"dt-pswp-item\" href=\"https:\/\/www.radiopiu.net\/wordpress\/wp-content\/uploads\/2020\/10\/pp.jpg\" data-dt-img-description=\"\" data-large_image_width=\"640\" data-large_image_height=\"640\"><img loading=\"lazy\" decoding=\"async\" class=\"wp-image-163678 alignleft\" src=\"https:\/\/www.radiopiu.net\/wordpress\/wp-content\/uploads\/2020\/10\/pp-300x300.jpg\" alt=\"\" width=\"106\" height=\"106\" srcset=\"https:\/\/www.radiopiu.net\/wordpress\/wp-content\/uploads\/2020\/10\/pp-300x300.jpg 300w, https:\/\/www.radiopiu.net\/wordpress\/wp-content\/uploads\/2020\/10\/pp-150x150.jpg 150w, https:\/\/www.radiopiu.net\/wordpress\/wp-content\/uploads\/2020\/10\/pp-125x125.jpg 125w, https:\/\/www.radiopiu.net\/wordpress\/wp-content\/uploads\/2020\/10\/pp-200x200.jpg 200w, https:\/\/www.radiopiu.net\/wordpress\/wp-content\/uploads\/2020\/10\/pp-80x80.jpg 80w, https:\/\/www.radiopiu.net\/wordpress\/wp-content\/uploads\/2020\/10\/pp-480x480.jpg 480w, https:\/\/www.radiopiu.net\/wordpress\/wp-content\/uploads\/2020\/10\/pp.jpg 640w\" sizes=\"auto, (max-width: 106px) 100vw, 106px\" \/><\/a><\/span><\/h2>\n<h2><span style=\"color: #000080;\">DON CESARE, IL PENSIERO DEL GIORNO. ALLA RADIO ALLE 7 DEL MATTINO E ALLE 19.30 DELLA SERA.\u00a0\u00a0<\/span><\/h2>\n<\/div>\n<\/div>\n<\/div>\n<\/div>\n<div class=\"rq0escxv hkbzh7o3 jwdofwj8 n8tt0mok r8blr3vg hyh9befq\">\n<p>&nbsp;<\/p>\n<p>&nbsp;<\/p>\n<p>&nbsp;<\/p>\n<\/div>\n<\/div>\n<audio class=\"wp-audio-shortcode\" id=\"audio-208510-6\" preload=\"none\" style=\"width: 100%;\" controls=\"controls\"><source type=\"audio\/mpeg\" src=\"https:\/\/www.radiopiu.net\/wordpress\/wp-content\/uploads\/2021\/05\/CESARE-5.mp3?_=6\" \/><a href=\"https:\/\/www.radiopiu.net\/wordpress\/wp-content\/uploads\/2021\/05\/CESARE-5.mp3\">https:\/\/www.radiopiu.net\/wordpress\/wp-content\/uploads\/2021\/05\/CESARE-5.mp3<\/a><\/audio>\n<hr \/>\n<p>&nbsp;<\/p>\n<\/div>\n<blockquote>\n<blockquote>\n<h2><a href=\"https:\/\/www.radiopiu.net\/wordpress\/speciale-solidarieta-veneto\/solidarieta-veneto-3\/\" rel=\"attachment wp-att-134366\"><img loading=\"lazy\" decoding=\"async\" class=\"wp-image-134366 alignleft\" src=\"https:\/\/www.radiopiu.net\/wordpress\/wp-content\/uploads\/2020\/05\/solidariet\u00e0-veneto-300x210.jpg\" alt=\"\" width=\"102\" height=\"71\" srcset=\"https:\/\/www.radiopiu.net\/wordpress\/wp-content\/uploads\/2020\/05\/solidariet\u00e0-veneto-300x210.jpg 300w, https:\/\/www.radiopiu.net\/wordpress\/wp-content\/uploads\/2020\/05\/solidariet\u00e0-veneto-1024x717.jpg 1024w, https:\/\/www.radiopiu.net\/wordpress\/wp-content\/uploads\/2020\/05\/solidariet\u00e0-veneto-768x538.jpg 768w, https:\/\/www.radiopiu.net\/wordpress\/wp-content\/uploads\/2020\/05\/solidariet\u00e0-veneto.jpg 1373w\" sizes=\"auto, (max-width: 102px) 100vw, 102px\" \/><\/a>SOLIDARIETA&#8217; VENETO FONDO PENSIONE, IN ONDA IL PRIMO VENERDI DEL MESE ALLE 10.30 E ALLE 19.00 QUINTA STAGIONE<\/h2>\n<\/blockquote>\n<h2><strong><span style=\"color: #ff0000;\">AUDIO MAGGIO 2021<\/span><\/strong><\/h2>\n<\/blockquote>\n<div><\/div>\n<div>\n<audio class=\"wp-audio-shortcode\" id=\"audio-208510-7\" preload=\"none\" style=\"width: 100%;\" controls=\"controls\"><source type=\"audio\/mpeg\" src=\"https:\/\/www.radiopiu.net\/wordpress\/wp-content\/uploads\/2021\/05\/solidarieta-veneto-maggio-2021.mp3?_=7\" \/><a href=\"https:\/\/www.radiopiu.net\/wordpress\/wp-content\/uploads\/2021\/05\/solidarieta-veneto-maggio-2021.mp3\">https:\/\/www.radiopiu.net\/wordpress\/wp-content\/uploads\/2021\/05\/solidarieta-veneto-maggio-2021.mp3<\/a><\/audio>\n<\/div>\n<h2>LA RACCOLTA COMPLETA<\/h2>\n<blockquote>\n<h2><\/h2>\n<\/blockquote>\n<blockquote class=\"wp-embedded-content\" data-secret=\"OE91ygwZvh\"><p><a href=\"https:\/\/www.radiopiu.net\/wordpress\/solidarieta-veneto\/\">Solidariet\u00e0 Veneto<\/a><\/p><\/blockquote>\n<p><iframe loading=\"lazy\" class=\"wp-embedded-content\" sandbox=\"allow-scripts\" security=\"restricted\" style=\"position: absolute; clip: rect(1px, 1px, 1px, 1px);\" title=\"&#8220;Solidariet\u00e0 Veneto&#8221; &#8212; Radio Pi\u00f9\" src=\"https:\/\/www.radiopiu.net\/wordpress\/solidarieta-veneto\/embed\/#?secret=OE91ygwZvh\" data-secret=\"OE91ygwZvh\" width=\"600\" height=\"338\" frameborder=\"0\" marginwidth=\"0\" marginheight=\"0\" scrolling=\"no\"><\/iframe><\/p>\n<blockquote>\n<h2><\/h2>\n<h2><\/h2>\n<\/blockquote>\n<blockquote>\n<h2><\/h2>\n<\/blockquote>\n<hr \/>\n<blockquote>\n<h2><\/h2>\n<h2>FANTASTICHE DOLOMITI, NUOVA STAGIONE. APPUNTAMENTO QUINDICINALE IL GIOVEDI ALLE 10.30 E 19.00<\/h2>\n<\/blockquote>\n<h2><span style=\"color: #ff0000;\">PUNTATA NUMERO 12\u00a0 del\u00a0 06 MAGGIO 2021<\/span><\/h2>\n<p><strong><a href=\"https:\/\/www.radiopiu.net\/wordpress\/raccolta-completa\/121869645_648442942701436_4748562330148520081_n-2\/\" rel=\"attachment wp-att-196402\"><img loading=\"lazy\" decoding=\"async\" class=\"wp-image-196402 alignleft\" src=\"https:\/\/www.radiopiu.net\/wordpress\/wp-content\/uploads\/2021\/02\/121869645_648442942701436_4748562330148520081_n-1-300x169.jpg\" alt=\"\" width=\"160\" height=\"90\" srcset=\"https:\/\/www.radiopiu.net\/wordpress\/wp-content\/uploads\/2021\/02\/121869645_648442942701436_4748562330148520081_n-1-300x169.jpg 300w, https:\/\/www.radiopiu.net\/wordpress\/wp-content\/uploads\/2021\/02\/121869645_648442942701436_4748562330148520081_n-1-1024x576.jpg 1024w, https:\/\/www.radiopiu.net\/wordpress\/wp-content\/uploads\/2021\/02\/121869645_648442942701436_4748562330148520081_n-1-768x432.jpg 768w, https:\/\/www.radiopiu.net\/wordpress\/wp-content\/uploads\/2021\/02\/121869645_648442942701436_4748562330148520081_n-1-1536x864.jpg 1536w, https:\/\/www.radiopiu.net\/wordpress\/wp-content\/uploads\/2021\/02\/121869645_648442942701436_4748562330148520081_n-1.jpg 1707w\" sizes=\"auto, (max-width: 160px) 100vw, 160px\" \/><\/a>OSPITE IL PRESIDENTE CLAUDIO CANOVA<\/strong><\/p>\n<h3>LA RACCOLTA COMPLETA<\/h3>\n<p>&nbsp;<\/p>\n<audio class=\"wp-audio-shortcode\" id=\"audio-208510-8\" preload=\"none\" style=\"width: 100%;\" controls=\"controls\"><source type=\"audio\/mpeg\" src=\"https:\/\/www.radiopiu.net\/wordpress\/wp-content\/uploads\/2021\/05\/fantastiche-dolomiti-6-maggio.mp3?_=8\" \/><a href=\"https:\/\/www.radiopiu.net\/wordpress\/wp-content\/uploads\/2021\/05\/fantastiche-dolomiti-6-maggio.mp3\">https:\/\/www.radiopiu.net\/wordpress\/wp-content\/uploads\/2021\/05\/fantastiche-dolomiti-6-maggio.mp3<\/a><\/audio>\n<p>&nbsp;<\/p>\n<p>https:\/\/www.radiopiu.net\/wordpress\/raccolta-completa\/<\/p>\n<p>&nbsp;<\/p>\n<p>&nbsp;<\/p>\n<div>\n<hr \/>\n<\/div>\n<p>&nbsp;<\/p>\n<h2><strong><span style=\"color: #ff0000;\">\u00a0ALLA RADIO<\/span><\/strong><\/h2>\n<div data-offset-key=\"5n5nl-0-0\">\n<h3>Per ricevere gli aggiornamenti in tempo reale delle notizie pubblicate alla radio e sul sito di radio pi\u00f9 iscriviti al gruppo RADIO PIU INFORMAZIONE su Telegram.\u00a0\u00a0<a href=\"https:\/\/t.me\/radiopiu\">clicca qui<\/a><\/h3>\n<p>&nbsp;<\/p>\n<p><strong><a class=\"dt-pswp-item\" href=\"https:\/\/www.radiopiu.net\/wordpress\/wp-content\/uploads\/2020\/01\/logo-csa.jpg\" data-dt-img-description=\"\" data-large_image_width=\"1167\" data-large_image_height=\"574\"><img loading=\"lazy\" decoding=\"async\" class=\"wp-image-113364 alignleft\" src=\"https:\/\/www.radiopiu.net\/wordpress\/wp-content\/uploads\/2020\/01\/logo-csa-300x148.jpg\" alt=\"\" width=\"182\" height=\"90\" srcset=\"https:\/\/www.radiopiu.net\/wordpress\/wp-content\/uploads\/2020\/01\/logo-csa-300x148.jpg 300w, https:\/\/www.radiopiu.net\/wordpress\/wp-content\/uploads\/2020\/01\/logo-csa-1024x504.jpg 1024w, https:\/\/www.radiopiu.net\/wordpress\/wp-content\/uploads\/2020\/01\/logo-csa-768x378.jpg 768w, https:\/\/www.radiopiu.net\/wordpress\/wp-content\/uploads\/2020\/01\/logo-csa.jpg 1167w\" sizes=\"auto, (max-width: 182px) 100vw, 182px\" \/><\/a>AGORDO<\/strong> Appuntahttps:\/\/www.radiopiu.net\/wordpress\/erbe-e-piante-curative-il-mandorlo\/mento mensile (primo venerdi del mese) con lo speciale condotto da Claudio<\/p>\n<p>Fontanive, in studio Fabrizio Campedel e Paolo Chissal\u00e8.<\/p>\n<\/div>\n<p><strong>PUNTATA DI APRILE<\/strong><\/p>\n<blockquote><audio class=\"wp-audio-shortcode\" id=\"audio-208510-9\" preload=\"none\" style=\"width: 100%;\" controls=\"controls\"><source type=\"audio\/mpeg\" src=\"https:\/\/www.radiopiu.net\/wordpress\/wp-content\/uploads\/2021\/04\/ca-sol-lux-aprile-2021.mp3?_=9\" \/><a href=\"https:\/\/www.radiopiu.net\/wordpress\/wp-content\/uploads\/2021\/04\/ca-sol-lux-aprile-2021.mp3\">https:\/\/www.radiopiu.net\/wordpress\/wp-content\/uploads\/2021\/04\/ca-sol-lux-aprile-2021.mp3<\/a><\/audio>\n<h2>RACCOLTA COMPLETA<\/h2>\n<\/blockquote>\n<blockquote class=\"wp-embedded-content\" data-secret=\"paQ8IFoOx4\"><p><a href=\"https:\/\/www.radiopiu.net\/wordpress\/cassa-solidarieta-luxottica-puntata-del-16-ottobre-2020\/\">CASSA SOLIDARIET\u00c0 LUXOTTICA &#8211; PUNTATA DEL 20 NOVEMBRE 2020<\/a><\/p><\/blockquote>\n<p><iframe loading=\"lazy\" class=\"wp-embedded-content\" sandbox=\"allow-scripts\" security=\"restricted\" style=\"position: absolute; clip: rect(1px, 1px, 1px, 1px);\" title=\"&#8220;CASSA SOLIDARIET\u00c0 LUXOTTICA &#8211; PUNTATA DEL 20 NOVEMBRE 2020&#8221; &#8212; Radio Pi\u00f9\" src=\"https:\/\/www.radiopiu.net\/wordpress\/cassa-solidarieta-luxottica-puntata-del-16-ottobre-2020\/embed\/#?secret=paQ8IFoOx4\" data-secret=\"paQ8IFoOx4\" width=\"600\" height=\"338\" frameborder=\"0\" marginwidth=\"0\" marginheight=\"0\" scrolling=\"no\"><\/iframe><\/p>\n<div><\/div>\n<p>&nbsp;<\/p>\n<p>&nbsp;<\/p>\n<hr \/>\n<div class=\"page-title-head hgroup\">\n<div>\n<blockquote>\n<h3>AGORA&#8217; AGORDINA&#8230; LA NOSTA PIAZA LADINA RACCOLTA COMPLETA PRIMA STAGIONE<\/h3>\n<\/blockquote>\n<p><strong>TAIBON<\/strong> Nuovo programma alla radio con i giovani che dimostrano di amare territorio, storia, usi, costumi e soprattutto il linguaggio per non perderlo nei troppi termini americanizzati del web. I Musla (Moviment de Union e Standardisazion Linguistica del Agordin) presenta il nuovo programma di divulgazione e sensibilizzazione linguistica interamente in ladino agordino. Dal titolo Agor\u00c0gordina, la nosta piaza ladina, nasce con l\u2019obiettivo di essere un\u2019agor\u00e0 appunto, una piazza centrale in cui spiegare, ragionare e rispondere a domande come: che lingue parliamo in Agordino? Cosa vuol dire \u201cladino\u201d? Perch\u00e9 la questione della lingua \u00e8 cos\u00ec fondamentale e irrinunciabile nella nostra vita?\u00a0 PAGINA FACEBOOK <span style=\"color: #0000ff;\"><strong><a style=\"color: #0000ff;\" href=\"https:\/\/www.facebook.com\/groups\/395316224475304\">CLICCA QUI<\/a><\/strong><\/span><\/p>\n<blockquote>\n<h2>LA RACCOLTA COMPLETA<\/h2>\n<\/blockquote>\n<blockquote class=\"wp-embedded-content\" data-secret=\"vwwOTt1Etk\"><p><a href=\"https:\/\/www.radiopiu.net\/wordpress\/agora-agordina-la-nosta-piaza\/\">AGORA&#8217; AGORDINA&#8230; LA NOSTA PIAZA LADINA RACCOLTA COMPLETA PRIMA STAGIONE<\/a><\/p><\/blockquote>\n<p><iframe loading=\"lazy\" class=\"wp-embedded-content\" sandbox=\"allow-scripts\" security=\"restricted\" style=\"position: absolute; clip: rect(1px, 1px, 1px, 1px);\" title=\"&#8220;AGORA&#8217; AGORDINA&#8230; LA NOSTA PIAZA LADINA RACCOLTA COMPLETA PRIMA STAGIONE&#8221; &#8212; Radio Pi\u00f9\" src=\"https:\/\/www.radiopiu.net\/wordpress\/agora-agordina-la-nosta-piaza\/embed\/#?secret=vwwOTt1Etk\" data-secret=\"vwwOTt1Etk\" width=\"600\" height=\"338\" frameborder=\"0\" marginwidth=\"0\" marginheight=\"0\" scrolling=\"no\"><\/iframe><\/p>\n<p>&nbsp;<\/p>\n<hr \/>\n<p>&nbsp;<\/p>\n<p>&nbsp;<\/p>\n<blockquote>\n<h3 class=\"kvgmc6g5 cxmmr5t8 oygrvhab hcukyx3x c1et5uql\"><span style=\"color: #0000ff;\">INFORMAZIONE il canale su TELEGRAM informazione di prima mano e in tempo reale. iscriviti ed aiutaci a farlo conoscere\u00a0<\/span><\/h3>\n<\/blockquote>\n<h2><a href=\"https:\/\/www.radiopiu.net\/wordpress\/fondi-per-la-scuola\/soldi-scuola\/\" rel=\"attachment wp-att-207306\"><img loading=\"lazy\" decoding=\"async\" class=\"wp-image-207306 alignleft\" src=\"https:\/\/www.radiopiu.net\/wordpress\/wp-content\/uploads\/2021\/05\/soldi-scuola-300x169.jpeg\" alt=\"\" width=\"193\" height=\"109\" srcset=\"https:\/\/www.radiopiu.net\/wordpress\/wp-content\/uploads\/2021\/05\/soldi-scuola-300x169.jpeg 300w, https:\/\/www.radiopiu.net\/wordpress\/wp-content\/uploads\/2021\/05\/soldi-scuola.jpeg 626w\" sizes=\"auto, (max-width: 193px) 100vw, 193px\" \/><\/a>007 IN CONDOTTA CON LA PROF. MARIA ROSA SALMAZO IL LUNEDI ALLE 10,30 E ALLE 19.00 LA DOMENICA ALLE 8 DEL MATTINO. NONA STAGIONE<\/h2>\n<p><span style=\"color: #ff0000;\"><strong>PUNTATA DEL 03 MAGGIO 2021\u00a0<\/strong><\/span><\/p>\n<p>&nbsp;<\/p>\n<audio class=\"wp-audio-shortcode\" id=\"audio-208510-10\" preload=\"none\" style=\"width: 100%;\" controls=\"controls\"><source type=\"audio\/mpeg\" src=\"https:\/\/www.radiopiu.net\/wordpress\/wp-content\/uploads\/2021\/05\/007-3-maggio.mp3?_=10\" \/><a href=\"https:\/\/www.radiopiu.net\/wordpress\/wp-content\/uploads\/2021\/05\/007-3-maggio.mp3\">https:\/\/www.radiopiu.net\/wordpress\/wp-content\/uploads\/2021\/05\/007-3-maggio.mp3<\/a><\/audio>\n<h2>LA RACCOLTA COMPLETA<\/h2>\n<blockquote class=\"wp-embedded-content\" data-secret=\"yGxIo4TacT\"><p><a href=\"https:\/\/www.radiopiu.net\/wordpress\/007incondotta-9\/\">007 in condotta<\/a><\/p><\/blockquote>\n<p><iframe loading=\"lazy\" class=\"wp-embedded-content\" sandbox=\"allow-scripts\" security=\"restricted\" style=\"position: absolute; clip: rect(1px, 1px, 1px, 1px);\" title=\"&#8220;007 in condotta&#8221; &#8212; Radio Pi\u00f9\" src=\"https:\/\/www.radiopiu.net\/wordpress\/007incondotta-9\/embed\/#?secret=yGxIo4TacT\" data-secret=\"yGxIo4TacT\" width=\"600\" height=\"338\" frameborder=\"0\" marginwidth=\"0\" marginheight=\"0\" scrolling=\"no\"><\/iframe><\/p>\n<blockquote><p>&nbsp;<\/p><\/blockquote>\n<p>&nbsp;<\/p>\n<p>&nbsp;<\/p>\n<hr \/>\n<h1><span style=\"color: #ff0000;\"><strong>\u00a0<\/strong><\/span><\/h1>\n<h1><span style=\"color: #ff0000;\"><strong>IN VIVO VERSO 2020-21\u00a0<\/strong><\/span><\/h1>\n<h1><strong style=\"font-size: 14px;\">SPECIALE ESTATE 2021, DAL CASSETTO DI RADIO PIU&#8230; L&#8217;ANGOLO DEI RICORDI, SEI ANNI DI POESIE, TUTTI I GIORNI DAL LUNEDI AL VENEDI ALLA RADIO .<\/strong><\/h1>\n<h1><strong style=\"font-size: 14px;\">LA RACCOLTA COMPLETA<\/strong><\/h1>\n<blockquote class=\"wp-embedded-content\" data-secret=\"tzU7pnm8R9\"><p><a href=\"https:\/\/www.radiopiu.net\/wordpress\/in-vivo-verso\/\">In Vivo Verso<\/a><\/p><\/blockquote>\n<p><iframe loading=\"lazy\" class=\"wp-embedded-content\" sandbox=\"allow-scripts\" security=\"restricted\" style=\"position: absolute; clip: rect(1px, 1px, 1px, 1px);\" title=\"&#8220;In Vivo Verso&#8221; &#8212; Radio Pi\u00f9\" src=\"https:\/\/www.radiopiu.net\/wordpress\/in-vivo-verso\/embed\/#?secret=tzU7pnm8R9\" data-secret=\"tzU7pnm8R9\" width=\"600\" height=\"338\" frameborder=\"0\" marginwidth=\"0\" marginheight=\"0\" scrolling=\"no\"><\/iframe><\/p>\n<p>&nbsp;<\/p>\n<hr \/>\n<p>&nbsp;<\/p>\n<p>&nbsp;<\/p>\n<h2><span style=\"color: #ff0000;\"><a href=\"https:\/\/www.radiopiu.net\/wordpress\/giornale-radiopiu-05-gennaio-2021-direttore-mirko-mezzacasa\/133200401_100838761953611_1258544160541445132_o-2\/\" rel=\"attachment wp-att-183078\"><img loading=\"lazy\" decoding=\"async\" class=\" wp-image-183078 alignleft\" src=\"https:\/\/www.radiopiu.net\/wordpress\/wp-content\/uploads\/2021\/01\/133200401_100838761953611_1258544160541445132_o-1-300x157.jpg\" alt=\"\" width=\"192\" height=\"101\" srcset=\"https:\/\/www.radiopiu.net\/wordpress\/wp-content\/uploads\/2021\/01\/133200401_100838761953611_1258544160541445132_o-1-300x157.jpg 300w, https:\/\/www.radiopiu.net\/wordpress\/wp-content\/uploads\/2021\/01\/133200401_100838761953611_1258544160541445132_o-1.jpg 526w\" sizes=\"auto, (max-width: 192px) 100vw, 192px\" \/><\/a>GOCCE DI FILOSOFIA, CON CHIARA CAU, CON LISA DE LUCA. <\/span><\/h2>\n<h2><span style=\"color: #ff0000;\">TUTTI I GIORNI DAL LUNEDI AL VENERDI ALLE 6.55 E ALLE 18.55<\/span><\/h2>\n<h3>LA RACCOLTA COMPLETA<\/h3>\n<blockquote class=\"wp-embedded-content\" data-secret=\"NgMpMpWkMt\"><p><a href=\"https:\/\/www.radiopiu.net\/wordpress\/gocce-filosofia\/\">Gocce di filosofia<\/a><\/p><\/blockquote>\n<p><iframe loading=\"lazy\" class=\"wp-embedded-content\" sandbox=\"allow-scripts\" security=\"restricted\" style=\"position: absolute; clip: rect(1px, 1px, 1px, 1px);\" title=\"&#8220;Gocce di filosofia&#8221; &#8212; Radio Pi\u00f9\" src=\"https:\/\/www.radiopiu.net\/wordpress\/gocce-filosofia\/embed\/#?secret=NgMpMpWkMt\" data-secret=\"NgMpMpWkMt\" width=\"600\" height=\"338\" frameborder=\"0\" marginwidth=\"0\" marginheight=\"0\" scrolling=\"no\"><\/iframe><\/p>\n<p>&nbsp;<\/p>\n<hr \/>\n<p>\u200b<\/p>\n<div>\n<h2><span style=\"color: #33cccc;\">I RACCONTI DI PAOLO SOPPELSA il lunedi alle 9.30 e 18.30<\/span><\/h2>\n<blockquote class=\"wp-embedded-content\" data-secret=\"1WxehSx7CU\"><p><a href=\"https:\/\/www.radiopiu.net\/wordpress\/i-racconti-di-paolo-soppelsa-settantatreesima-puntata\/\">I RACCONTI DI PAOLO SOPPELSA SETTANTATREESIMA PUNTATA<\/a><\/p><\/blockquote>\n<p><iframe loading=\"lazy\" class=\"wp-embedded-content\" sandbox=\"allow-scripts\" security=\"restricted\" style=\"position: absolute; clip: rect(1px, 1px, 1px, 1px);\" title=\"&#8220;I RACCONTI DI PAOLO SOPPELSA SETTANTATREESIMA PUNTATA&#8221; &#8212; Radio Pi\u00f9\" src=\"https:\/\/www.radiopiu.net\/wordpress\/i-racconti-di-paolo-soppelsa-settantatreesima-puntata\/embed\/#?secret=1WxehSx7CU\" data-secret=\"1WxehSx7CU\" width=\"600\" height=\"338\" frameborder=\"0\" marginwidth=\"0\" marginheight=\"0\" scrolling=\"no\"><\/iframe><\/p>\n<p>&nbsp;<\/p>\n<p><span style=\"color: #0000ff;\">INFORMAZIONE il canale su TELEGRAM informazione di prima mano e in tempo reale. iscriviti ed aiutaci a farlo conoscere\u00a0<\/span><\/p>\n<h2><span style=\"color: #33cccc;\"><strong>RACCOLTA COMPLETA<\/strong><\/span><\/h2>\n<blockquote class=\"wp-embedded-content\" data-secret=\"jK6gNTEinb\"><p><a href=\"https:\/\/www.radiopiu.net\/wordpress\/i-racconti-di-paolo-soppelsa\/\">I racconti di Paolo Soppelsa<\/a><\/p><\/blockquote>\n<p><iframe loading=\"lazy\" class=\"wp-embedded-content\" sandbox=\"allow-scripts\" security=\"restricted\" style=\"position: absolute; clip: rect(1px, 1px, 1px, 1px);\" title=\"&#8220;I racconti di Paolo Soppelsa&#8221; &#8212; Radio Pi\u00f9\" src=\"https:\/\/www.radiopiu.net\/wordpress\/i-racconti-di-paolo-soppelsa\/embed\/#?secret=jK6gNTEinb\" data-secret=\"jK6gNTEinb\" width=\"600\" height=\"338\" frameborder=\"0\" marginwidth=\"0\" marginheight=\"0\" scrolling=\"no\"><\/iframe><\/p>\n<\/div>\n<div class=\"b654a4as d2edcug0\">\n<hr \/>\n<\/div>\n<p>&nbsp;<\/p>\n<h2><span style=\"color: #800080;\"><strong>LA RASSEGNA STAMPA DA L&#8217;AMICO DEL POPOLO\u00a0<\/strong><\/span><\/h2>\n<h3 class=\"kvgmc6g5 cxmmr5t8 oygrvhab hcukyx3x c1et5uql\"><span style=\"color: #0000ff;\"> INFORMAZIONE il canale su TELEGRAM informazione di prima mano e in tempo reale. iscriviti ed aiutaci a farlo conoscere\u00a0<\/span><\/h3>\n<p><strong><a href=\"https:\/\/www.radiopiu.net\/wordpress\/airc-e-lazalea-della-festa-della-mamma\/maddalenacorvaglia_aircalberto-gottardomg\/\" rel=\"attachment wp-att-207466\"><img loading=\"lazy\" decoding=\"async\" class=\" wp-image-207466 alignleft\" src=\"https:\/\/www.radiopiu.net\/wordpress\/wp-content\/uploads\/2021\/05\/MaddalenaCorvaglia_AIRC@Alberto-GottardoMG-200x300.jpeg\" alt=\"\" width=\"113\" height=\"170\" srcset=\"https:\/\/www.radiopiu.net\/wordpress\/wp-content\/uploads\/2021\/05\/MaddalenaCorvaglia_AIRC@Alberto-GottardoMG-200x300.jpeg 200w, https:\/\/www.radiopiu.net\/wordpress\/wp-content\/uploads\/2021\/05\/MaddalenaCorvaglia_AIRC@Alberto-GottardoMG.jpeg 427w\" sizes=\"auto, (max-width: 113px) 100vw, 113px\" \/><\/a>di Gianni Santomaso<\/strong><\/p>\n<p>OSPITE: Chiara Rumualdi, professore associato in biologia molecolare dipartimento Biologia dell&#8217;Universit\u00e0 di Padova<\/p>\n<audio class=\"wp-audio-shortcode\" id=\"audio-208510-11\" preload=\"none\" style=\"width: 100%;\" controls=\"controls\"><source type=\"audio\/mpeg\" src=\"https:\/\/www.radiopiu.net\/wordpress\/wp-content\/uploads\/2021\/05\/RASSEGNA-GIANNI-1.mp3?_=11\" \/><a href=\"https:\/\/www.radiopiu.net\/wordpress\/wp-content\/uploads\/2021\/05\/RASSEGNA-GIANNI-1.mp3\">https:\/\/www.radiopiu.net\/wordpress\/wp-content\/uploads\/2021\/05\/RASSEGNA-GIANNI-1.mp3<\/a><\/audio>\n<p>&nbsp;<\/p>\n<p><strong>LA RACCOLTA COMPLETA<\/strong><\/p>\n<blockquote class=\"wp-embedded-content\" data-secret=\"lqKAgNKSkw\"><p><a href=\"https:\/\/www.radiopiu.net\/wordpress\/rassegna-stampa-di-gianni-santomaso\/\">Rassegna stampa da l&#8217;amico del popolo &#8211; di Gianni Santomaso<\/a><\/p><\/blockquote>\n<p><iframe loading=\"lazy\" class=\"wp-embedded-content\" sandbox=\"allow-scripts\" security=\"restricted\" style=\"position: absolute; clip: rect(1px, 1px, 1px, 1px);\" title=\"&#8220;Rassegna stampa da l&#8217;amico del popolo &#8211; di Gianni Santomaso&#8221; &#8212; Radio Pi\u00f9\" src=\"https:\/\/www.radiopiu.net\/wordpress\/rassegna-stampa-di-gianni-santomaso\/embed\/#?secret=lqKAgNKSkw\" data-secret=\"lqKAgNKSkw\" width=\"600\" height=\"338\" frameborder=\"0\" marginwidth=\"0\" marginheight=\"0\" scrolling=\"no\"><\/iframe><\/p>\n<h3><\/h3>\n<div class=\"b654a4as d2edcug0\">\n<hr \/>\n<\/div>\n<div class=\"b654a4as d2edcug0\"><\/div>\n<div class=\"b654a4as d2edcug0\"><\/div>\n<div class=\"b654a4as d2edcug0\">\n<div dir=\"auto\">\n<div class=\"b654a4as d2edcug0\">\n<h2><span style=\"color: #008000;\">\u00a0<\/span><\/h2>\n<h2><span style=\"color: #008000;\">ERBE E PIANTE CURATIVE&#8230;IL\u00a0 PROGRAMMA DI PAOLA LANCIATO<\/span><\/h2>\n<\/div>\n<p><strong><a href=\"https:\/\/www.radiopiu.net\/wordpress\/erbe-e-piante-curative-puntata-14\/rosa-3\/\" rel=\"attachment wp-att-207535\"><img loading=\"lazy\" decoding=\"async\" class=\" wp-image-207535 alignleft\" src=\"https:\/\/www.radiopiu.net\/wordpress\/wp-content\/uploads\/2021\/05\/ROSA-300x174.jpg\" alt=\"\" width=\"184\" height=\"107\" srcset=\"https:\/\/www.radiopiu.net\/wordpress\/wp-content\/uploads\/2021\/05\/ROSA-300x174.jpg 300w, https:\/\/www.radiopiu.net\/wordpress\/wp-content\/uploads\/2021\/05\/ROSA-1024x594.jpg 1024w, https:\/\/www.radiopiu.net\/wordpress\/wp-content\/uploads\/2021\/05\/ROSA-768x446.jpg 768w, https:\/\/www.radiopiu.net\/wordpress\/wp-content\/uploads\/2021\/05\/ROSA-1536x891.jpg 1536w, https:\/\/www.radiopiu.net\/wordpress\/wp-content\/uploads\/2021\/05\/ROSA.jpg 1920w\" sizes=\"auto, (max-width: 184px) 100vw, 184px\" \/><\/a><\/strong><strong>PUNTATA 14 &#8211; LA ROSA<\/strong><\/p>\n<audio class=\"wp-audio-shortcode\" id=\"audio-208510-12\" preload=\"none\" style=\"width: 100%;\" controls=\"controls\"><source type=\"audio\/mpeg\" src=\"https:\/\/www.radiopiu.net\/wordpress\/wp-content\/uploads\/2021\/05\/La-rosa-4-maggioM-1.mp3?_=12\" \/><a href=\"https:\/\/www.radiopiu.net\/wordpress\/wp-content\/uploads\/2021\/05\/La-rosa-4-maggioM-1.mp3\">https:\/\/www.radiopiu.net\/wordpress\/wp-content\/uploads\/2021\/05\/La-rosa-4-maggioM-1.mp3<\/a><\/audio>\n<p>&nbsp;<\/p>\n<h3><strong>LA RACCOLTA COMPLETA\u00a0<\/strong><\/h3>\n<blockquote class=\"wp-embedded-content\" data-secret=\"MdWJUQJUPC\"><p><a href=\"https:\/\/www.radiopiu.net\/wordpress\/erbe-e-piante-curative-il-mandorlo\/\">L\u2019ERBA VOGLIO DEL GIARDINO DEL RE\u2026 ERBE, FIORI E PIANTE DI E CON PAOLA LANCIATO<\/a><\/p><\/blockquote>\n<p><iframe loading=\"lazy\" class=\"wp-embedded-content\" sandbox=\"allow-scripts\" security=\"restricted\" style=\"position: absolute; clip: rect(1px, 1px, 1px, 1px);\" title=\"&#8220;L\u2019ERBA VOGLIO DEL GIARDINO DEL RE\u2026 ERBE, FIORI E PIANTE DI E CON PAOLA LANCIATO&#8221; &#8212; Radio Pi\u00f9\" src=\"https:\/\/www.radiopiu.net\/wordpress\/erbe-e-piante-curative-il-mandorlo\/embed\/#?secret=MdWJUQJUPC\" data-secret=\"MdWJUQJUPC\" width=\"600\" height=\"338\" frameborder=\"0\" marginwidth=\"0\" marginheight=\"0\" scrolling=\"no\"><\/iframe><\/p>\n<h1><\/h1>\n<hr \/>\n<p>&nbsp;<\/p>\n<div>\n<h2><strong>LE\u00a0 PUNTATE di Luisa Alchini di Leggermente Bellunesi, la domenica alle 11, <span style=\"color: #0000ff;\">IL MARTEDI IN PRIMA EDIZIONE\u00a0<\/span> alle 10.30 e alle 19.00<\/strong><\/h2>\n<p><strong><a href=\"https:\/\/www.radiopiu.net\/wordpress\/leggermente-bellunesi-04-maggio-2021\/181150987_1641870886000972_5780854326229668407_n\/\" rel=\"attachment wp-att-207540\"><img loading=\"lazy\" decoding=\"async\" class=\" wp-image-207540 alignleft\" src=\"https:\/\/www.radiopiu.net\/wordpress\/wp-content\/uploads\/2021\/05\/181150987_1641870886000972_5780854326229668407_n-206x300.jpg\" alt=\"\" width=\"89\" height=\"130\" srcset=\"https:\/\/www.radiopiu.net\/wordpress\/wp-content\/uploads\/2021\/05\/181150987_1641870886000972_5780854326229668407_n-206x300.jpg 206w, https:\/\/www.radiopiu.net\/wordpress\/wp-content\/uploads\/2021\/05\/181150987_1641870886000972_5780854326229668407_n.jpg 306w\" sizes=\"auto, (max-width: 89px) 100vw, 89px\" \/><\/a><\/strong>San Martino il patrono di Belluno e la leggenda di Agordo. La storia nel libro di Gian Domenico Mazzoccato.<\/p>\n<audio class=\"wp-audio-shortcode\" id=\"audio-208510-13\" preload=\"none\" style=\"width: 100%;\" controls=\"controls\"><source type=\"audio\/mpeg\" src=\"https:\/\/www.radiopiu.net\/wordpress\/wp-content\/uploads\/2021\/05\/26leggermentegiandomenicomazzoccato.mp3?_=13\" \/><a href=\"https:\/\/www.radiopiu.net\/wordpress\/wp-content\/uploads\/2021\/05\/26leggermentegiandomenicomazzoccato.mp3\">https:\/\/www.radiopiu.net\/wordpress\/wp-content\/uploads\/2021\/05\/26leggermentegiandomenicomazzoccato.mp3<\/a><\/audio>\n<p>&nbsp;<\/p>\n<\/div>\n<p><strong><span style=\"color: #000000;\">RACCOLTA COMPLETA<\/span><\/strong><\/p>\n<div>\n<blockquote class=\"wp-embedded-content\" data-secret=\"tqpY5PuCgZ\"><p><a href=\"https:\/\/www.radiopiu.net\/wordpress\/leggermente-20\/\">LEGGERmente&#8230;Bellunesi<\/a><\/p><\/blockquote>\n<p><iframe loading=\"lazy\" class=\"wp-embedded-content\" sandbox=\"allow-scripts\" security=\"restricted\" style=\"position: absolute; clip: rect(1px, 1px, 1px, 1px);\" title=\"&#8220;LEGGERmente&#8230;Bellunesi&#8221; &#8212; Radio Pi\u00f9\" src=\"https:\/\/www.radiopiu.net\/wordpress\/leggermente-20\/embed\/#?secret=tqpY5PuCgZ\" data-secret=\"tqpY5PuCgZ\" width=\"600\" height=\"338\" frameborder=\"0\" marginwidth=\"0\" marginheight=\"0\" scrolling=\"no\"><\/iframe><\/p>\n<p>&nbsp;<\/p>\n<\/div>\n<blockquote>\n<h3>SALUTE E SOCIETA&#8217; IL LUNEDI ALLE 13.10 E ALLE 20.10, LA DOMENICA ALLE 10.30 A CURA DEL DOTTOR MARCO CARACCIOLO. QUINTA STAGIONE<\/h3>\n<\/blockquote>\n<p><strong><a href=\"https:\/\/www.radiopiu.net\/wordpress\/giornale-radiopiu-04-maggio-2021-direttore-mirko-mezzacasa\/821d3876-7c7d-4e25-aadf-46d77354fb31\/\" rel=\"attachment wp-att-207327\"><img loading=\"lazy\" decoding=\"async\" class=\"wp-image-207327 alignleft\" src=\"https:\/\/www.radiopiu.net\/wordpress\/wp-content\/uploads\/2021\/05\/821d3876-7c7d-4e25-aadf-46d77354fb31-300x169.png\" alt=\"\" width=\"211\" height=\"119\" srcset=\"https:\/\/www.radiopiu.net\/wordpress\/wp-content\/uploads\/2021\/05\/821d3876-7c7d-4e25-aadf-46d77354fb31-300x169.png 300w, https:\/\/www.radiopiu.net\/wordpress\/wp-content\/uploads\/2021\/05\/821d3876-7c7d-4e25-aadf-46d77354fb31-1024x576.png 1024w, https:\/\/www.radiopiu.net\/wordpress\/wp-content\/uploads\/2021\/05\/821d3876-7c7d-4e25-aadf-46d77354fb31-768x432.png 768w, https:\/\/www.radiopiu.net\/wordpress\/wp-content\/uploads\/2021\/05\/821d3876-7c7d-4e25-aadf-46d77354fb31.png 1280w\" sizes=\"auto, (max-width: 211px) 100vw, 211px\" \/><\/a>LA PUNTATA DELLA SETTIMANA del 03 MAGGIO<\/strong><\/p>\n<p>in questa edizione:\u00a0Dalle terapie senza chemio all\u2019immunoterapia con CAR-T, quali sono le ultime conquiste nella cura dei linfomi di Hogdkin e dei linfomi non-Hodgkin?Ne parliamo con il prof. Angelo Michele Carella, ematologo e gi\u00e0 Direttore ematologia e trapianti di midollo Ospedale Policlinico San Martino di Genova<\/p>\n<audio class=\"wp-audio-shortcode\" id=\"audio-208510-14\" preload=\"none\" style=\"width: 100%;\" controls=\"controls\"><source type=\"audio\/mpeg\" src=\"https:\/\/www.radiopiu.net\/wordpress\/wp-content\/uploads\/2021\/05\/SALUTE.mp3?_=14\" \/><a href=\"https:\/\/www.radiopiu.net\/wordpress\/wp-content\/uploads\/2021\/05\/SALUTE.mp3\">https:\/\/www.radiopiu.net\/wordpress\/wp-content\/uploads\/2021\/05\/SALUTE.mp3<\/a><\/audio>\n<\/div>\n<div dir=\"auto\">\n<h3><strong>LA RACCOLTA COMPLETA\u00a0<\/strong><\/h3>\n<\/div>\n<blockquote class=\"wp-embedded-content\" data-secret=\"ARcHsAbYTh\"><p><a href=\"https:\/\/www.radiopiu.net\/wordpress\/saluteesocieta\/\">Salute e Societ\u00e0<\/a><\/p><\/blockquote>\n<p><iframe loading=\"lazy\" class=\"wp-embedded-content\" sandbox=\"allow-scripts\" security=\"restricted\" style=\"position: absolute; clip: rect(1px, 1px, 1px, 1px);\" title=\"&#8220;Salute e Societ\u00e0&#8221; &#8212; Radio Pi\u00f9\" src=\"https:\/\/www.radiopiu.net\/wordpress\/saluteesocieta\/embed\/#?secret=ARcHsAbYTh\" data-secret=\"ARcHsAbYTh\" width=\"600\" height=\"338\" frameborder=\"0\" marginwidth=\"0\" marginheight=\"0\" scrolling=\"no\"><\/iframe><\/p>\n<p>&nbsp;<\/p>\n<p>&nbsp;<\/p>\n<hr \/>\n<h2><span style=\"color: #808000;\">DUE MINUTI UN LIBRO\u00a0 TUTTI I GIORNI ALLA RADIO ALLE 9.30 E ALLE 18. QUINTA STAGIONE\u00a0 \u00a0 \u00a0\u00a0<\/span><\/h2>\n<blockquote class=\"wp-embedded-content\" data-secret=\"LLcKW6XhnU\"><p><a href=\"https:\/\/www.radiopiu.net\/wordpress\/camminando-verso-loceano\/\">CAMMINANDO VERSO L&#8217;OCEANO<\/a><\/p><\/blockquote>\n<p><iframe loading=\"lazy\" class=\"wp-embedded-content\" sandbox=\"allow-scripts\" security=\"restricted\" style=\"position: absolute; clip: rect(1px, 1px, 1px, 1px);\" title=\"&#8220;CAMMINANDO VERSO L&#8217;OCEANO&#8221; &#8212; Radio Pi\u00f9\" src=\"https:\/\/www.radiopiu.net\/wordpress\/camminando-verso-loceano\/embed\/#?secret=LLcKW6XhnU\" data-secret=\"LLcKW6XhnU\" width=\"600\" height=\"338\" frameborder=\"0\" marginwidth=\"0\" marginheight=\"0\" scrolling=\"no\"><\/iframe><\/p>\n<h3><span style=\"color: #808000;\">\u00a0<\/span>LA RACCOLTA COMPLETA<\/h3>\n<blockquote class=\"wp-embedded-content\" data-secret=\"n8ePegrxR3\"><p><a href=\"https:\/\/www.radiopiu.net\/wordpress\/due-minuti-un-libro\/\">Due minuti un libro<\/a><\/p><\/blockquote>\n<p><iframe loading=\"lazy\" class=\"wp-embedded-content\" sandbox=\"allow-scripts\" security=\"restricted\" style=\"position: absolute; clip: rect(1px, 1px, 1px, 1px);\" title=\"&#8220;Due minuti un libro&#8221; &#8212; Radio Pi\u00f9\" src=\"https:\/\/www.radiopiu.net\/wordpress\/due-minuti-un-libro\/embed\/#?secret=n8ePegrxR3\" data-secret=\"n8ePegrxR3\" width=\"600\" height=\"338\" frameborder=\"0\" marginwidth=\"0\" marginheight=\"0\" scrolling=\"no\"><\/iframe><\/p>\n<p>&nbsp;<\/p>\n<p>&nbsp;<\/p>\n<div>\n<p>&nbsp;<\/p>\n<\/div>\n<p>&nbsp;<\/p>\n<hr \/>\n<blockquote>\n<h3><a style=\"font-size: 14px; font-weight: normal;\" href=\"https:\/\/www.radiopiu.net\/wordpress\/giornale-radiopiu-06-febbraio-2019-direttore-mirko-mezzacasa\/logo_spi-cgil-800x445\/\" rel=\"attachment wp-att-75538\"><img loading=\"lazy\" decoding=\"async\" class=\"wp-image-75538 alignleft\" src=\"https:\/\/www.radiopiu.net\/wordpress\/wp-content\/uploads\/2019\/02\/Logo_Spi-CGIL-800x445-300x167.jpg\" alt=\"\" width=\"210\" height=\"117\" srcset=\"https:\/\/www.radiopiu.net\/wordpress\/wp-content\/uploads\/2019\/02\/Logo_Spi-CGIL-800x445-300x167.jpg 300w, https:\/\/www.radiopiu.net\/wordpress\/wp-content\/uploads\/2019\/02\/Logo_Spi-CGIL-800x445-768x427.jpg 768w, https:\/\/www.radiopiu.net\/wordpress\/wp-content\/uploads\/2019\/02\/Logo_Spi-CGIL-800x445.jpg 800w\" sizes=\"auto, (max-width: 210px) 100vw, 210px\" \/><\/a><\/h3>\n<\/blockquote>\n<blockquote>\n<h3>ALLA RADIO, APPUNTAMENTO QUINDICINALE CON SPI-CGIL BELLUNO, IN STUDIO MARIA RITA GENTILIN<\/h3>\n<\/blockquote>\n<p><strong>di Claudio Fontanive\u00a0<\/strong><\/p>\n<p><span style=\"color: #ff0000;\"><strong>PUNTATA DEL 29 APRILE 2021<br \/>\n<\/strong><\/span><\/p>\n<audio class=\"wp-audio-shortcode\" id=\"audio-208510-15\" preload=\"none\" style=\"width: 100%;\" controls=\"controls\"><source type=\"audio\/mpeg\" src=\"https:\/\/www.radiopiu.net\/wordpress\/wp-content\/uploads\/2021\/04\/spi-cgil-28-aprile.mp3?_=15\" \/><a href=\"https:\/\/www.radiopiu.net\/wordpress\/wp-content\/uploads\/2021\/04\/spi-cgil-28-aprile.mp3\">https:\/\/www.radiopiu.net\/wordpress\/wp-content\/uploads\/2021\/04\/spi-cgil-28-aprile.mp3<\/a><\/audio>\n<p>&nbsp;<\/p>\n<h2><\/h2>\n<hr \/>\n<hr \/>\n<p>&nbsp;<\/p>\n<blockquote>\n<h3><a href=\"https:\/\/www.radiopiu.net\/wordpress\/almanacco-ladino-puntata-5-2020\/sn\/\" rel=\"attachment wp-att-180931\"><img loading=\"lazy\" decoding=\"async\" class=\"wp-image-180931 alignleft\" src=\"https:\/\/www.radiopiu.net\/wordpress\/wp-content\/uploads\/2020\/12\/sn-300x194.jpg\" alt=\"\" width=\"181\" height=\"117\" srcset=\"https:\/\/www.radiopiu.net\/wordpress\/wp-content\/uploads\/2020\/12\/sn-300x194.jpg 300w, https:\/\/www.radiopiu.net\/wordpress\/wp-content\/uploads\/2020\/12\/sn.jpg 626w\" sizes=\"auto, (max-width: 181px) 100vw, 181px\" \/><\/a>L&#8217;ALMANACCO LADINO CON L&#8217;ISTITUT CESA DE JAN QUINDICINALE APPUNTAMENTO. LA DOMENICA ALLE 9 IL LUNEDI ALLE 8.35 IL MARTEDI ALLE 12.35 IL MERCOLEDI ALLE 18.35. SECONDA STAGIONE.<\/h3>\n<\/blockquote>\n<p>&nbsp;<\/p>\n<p><strong>RACCOLTA COMPLETA\u00a0<\/strong><\/p>\n<blockquote class=\"wp-embedded-content\" data-secret=\"lvDiO8YgiJ\"><p><a href=\"https:\/\/www.radiopiu.net\/wordpress\/almanacco-ladino\/\">Almanacco Ladino<\/a><\/p><\/blockquote>\n<p><iframe loading=\"lazy\" class=\"wp-embedded-content\" sandbox=\"allow-scripts\" security=\"restricted\" style=\"position: absolute; clip: rect(1px, 1px, 1px, 1px);\" title=\"&#8220;Almanacco Ladino&#8221; &#8212; Radio Pi\u00f9\" src=\"https:\/\/www.radiopiu.net\/wordpress\/almanacco-ladino\/embed\/#?secret=lvDiO8YgiJ\" data-secret=\"lvDiO8YgiJ\" width=\"600\" height=\"338\" frameborder=\"0\" marginwidth=\"0\" marginheight=\"0\" scrolling=\"no\"><\/iframe><\/p>\n<div dir=\"auto\"><\/div>\n<\/div>\n<div><\/div>\n<hr \/>\n<\/div>\n<p>&nbsp;<\/p>\n<p><a href=\"https:\/\/www.radiopiu.net\/wordpress\/giornale-radiopiu-26-settembre-2018-direttore-mirko-mezzacasa\/viabilita-2\/\" rel=\"attachment wp-att-61954\"><img loading=\"lazy\" decoding=\"async\" class=\"wp-image-61954 size-full aligncenter\" src=\"https:\/\/www.radiopiu.net\/wordpress\/wp-content\/uploads\/2018\/09\/viabilita.jpeg\" alt=\"\" width=\"800\" height=\"100\" srcset=\"https:\/\/www.radiopiu.net\/wordpress\/wp-content\/uploads\/2018\/09\/viabilita.jpeg 800w, https:\/\/www.radiopiu.net\/wordpress\/wp-content\/uploads\/2018\/09\/viabilita-300x38.jpeg 300w, https:\/\/www.radiopiu.net\/wordpress\/wp-content\/uploads\/2018\/09\/viabilita-768x96.jpeg 768w\" sizes=\"auto, (max-width: 800px) 100vw, 800px\" \/><\/a><\/p>\n<blockquote><p><a href=\"https:\/\/www.radiopiu.net\/wordpress\/giornale-radiopiu-09-agosto-2018-direttore-mirko-mezzacasa\/viabilia\/\" rel=\"attachment wp-att-57053\"><img loading=\"lazy\" decoding=\"async\" class=\" wp-image-57053 alignleft\" src=\"https:\/\/www.radiopiu.net\/wordpress\/wp-content\/uploads\/2018\/08\/VIABILIA-300x180.jpeg\" alt=\"\" width=\"220\" height=\"132\" srcset=\"https:\/\/www.radiopiu.net\/wordpress\/wp-content\/uploads\/2018\/08\/VIABILIA-300x180.jpeg 300w, https:\/\/www.radiopiu.net\/wordpress\/wp-content\/uploads\/2018\/08\/VIABILIA-768x461.jpeg 768w, https:\/\/www.radiopiu.net\/wordpress\/wp-content\/uploads\/2018\/08\/VIABILIA-1024x614.jpeg 1024w, https:\/\/www.radiopiu.net\/wordpress\/wp-content\/uploads\/2018\/08\/VIABILIA.jpeg 1280w\" sizes=\"auto, (max-width: 220px) 100vw, 220px\" \/><\/a>La viabilit\u00e0 con gli ultimi aggiornamenti da Veneto Strade.<\/p>\n<p><span style=\"color: #ff0000;\"><strong>in onda alla radio: 4.05, 6.18, 14 30 , 18.30, 23.25\u00a0<\/strong><\/span><\/p>\n<p>&nbsp;<\/p>\n<p>&nbsp;<\/p><\/blockquote>\n<blockquote><p>&nbsp;<\/p><\/blockquote>\n<audio class=\"wp-audio-shortcode\" id=\"audio-208510-16\" preload=\"none\" style=\"width: 100%;\" controls=\"controls\"><source type=\"audio\/mpeg\" src=\"https:\/\/www.radiopiu.net\/wordpress\/wp-content\/uploads\/2021\/05\/VIABILITA-1.mp3?_=16\" \/><a href=\"https:\/\/www.radiopiu.net\/wordpress\/wp-content\/uploads\/2021\/05\/VIABILITA-1.mp3\">https:\/\/www.radiopiu.net\/wordpress\/wp-content\/uploads\/2021\/05\/VIABILITA-1.mp3<\/a><\/audio>\n<\/div>\n<div class=\"page-title-head hgroup\"><\/div>\n<div class=\"page-title-head hgroup\"><\/div>\n<div class=\"page-title-head hgroup\"><\/div>\n<\/div>\n<p>&nbsp;<\/p>\n<\/div>\n<div class=\"page-title-head hgroup\"><\/div>\n<div class=\"page-title-head hgroup\"><\/div>\n<div class=\"page-title-head hgroup\">\n<hr \/>\n<p>&nbsp;<\/p>\n<div dir=\"auto\">\n<div>\n<p class=\"photoswipe-wrapper\"><a class=\"dt-pswp-item pspw-wrap-ready\" href=\"https:\/\/i0.wp.com\/www.radiopiu.net\/wordpress\/wp-content\/uploads\/2018\/09\/WhatsApp-Image-2018-09-20-at-16.04.06.jpeg?ssl=1\" data-dt-img-description=\"\" data-large_image_width=\"800\" data-large_image_height=\"100\"><img loading=\"lazy\" decoding=\"async\" class=\"aligncenter wp-image-61378 size-full jetpack-lazy-image jetpack-lazy-image--handled\" src=\"https:\/\/i0.wp.com\/www.radiopiu.net\/wordpress\/wp-content\/uploads\/2018\/09\/WhatsApp-Image-2018-09-20-at-16.04.06.jpeg?resize=800%2C100&amp;ssl=1\" sizes=\"auto, (max-width: 800px) 100vw, 800px\" srcset=\"https:\/\/i0.wp.com\/www.radiopiu.net\/wordpress\/wp-content\/uploads\/2018\/09\/WhatsApp-Image-2018-09-20-at-16.04.06.jpeg?w=800&amp;ssl=1 800w, https:\/\/i0.wp.com\/www.radiopiu.net\/wordpress\/wp-content\/uploads\/2018\/09\/WhatsApp-Image-2018-09-20-at-16.04.06.jpeg?resize=300%2C38&amp;ssl=1 300w, https:\/\/i0.wp.com\/www.radiopiu.net\/wordpress\/wp-content\/uploads\/2018\/09\/WhatsApp-Image-2018-09-20-at-16.04.06.jpeg?resize=768%2C96&amp;ssl=1 768w\" alt=\"\" width=\"800\" height=\"100\" data-lazy-loaded=\"1\" \/><\/a><\/p>\n<\/div>\n<div><\/div>\n<p><center><center><b>Lunedi 10<\/b><\/center><b>Tempo atteso: <\/b>Per gran parte della giornata sole e cielo sereno, nel tardo pomeriggio\/sera aumento della nuvolosit\u00e0, dapprima per sottili nubi alte, poi rapido infittirsi della stessa copertura per sopraggiungere di cirrostrati ed altocumuli fino a cielo molto nuvoloso in tarda serata. Il contesto termico sar\u00e0 sempre pi\u00f9 primaverile nei fondovalle, con valori superiori alla media.<br \/>\n<b>Precipitazioni: <\/b>Assenti (0%).<br \/>\n<b>Temperature: <\/b>Fino sui 2000\/2200 m in generale rialzo con valori diurni di stampo primaverile. Oltre i 2000\/2200 in lieve flessione con minime osservate alla sera. Sono previste punte di 24\/25\u00b0C nei fondovalle Prealpini e di 19\/22\u00b0C attorno ai 1000\/1200 m. Su Prealpi a 1500 m min 8\u00b0C max 14\u00b0C, a 2000 m min 5\u00b0C max 10\u00b0C. Su Dolomiti a 2000 m min 4\u00b0C max 11\u00b0C, a 3000 m min 1\u00b0C max 3\u00b0C.<br \/>\n<b>Venti: <\/b>Nelle valli perlopi\u00f9 deboli per brezze, localmente e a tratti moderati nei settori solitamente pi\u00f9 ventilati; in quota moderati\/tesi da sud, anche forti sulle cime pi\u00f9 alte e a tratti anche sulle dorsali prealpine, a 10-25 km\/h a 2000 m e 45-70 km\/h a 3000 m.<\/center><\/p>\n<hr \/>\n<p><center><b>Martedi 11<\/b><\/center><b>Tempo atteso: <\/b>Peggioramento del tempo nel corso della mattinata fino a risultare moderatamente perturbato al pomeriggio\/sera, quando le precipitazioni saranno via via pi\u00f9 diffuse. Gli apporti saranno significativi, specie su alcuni settori prealpini. Ambiente uggioso e ridotta escursione termica giornaliera, ma lo scirocco manterr\u00e0 livelli termici ancora alti nelle valli.<br \/>\n<b>Precipitazioni: <\/b>Probabilit\u00e0 in aumento fino a molto alta (100%). Al mattino fenomeni sparsi e deboli in estensione da ovest verso est, localmente moderati sulle Prealpi occidentali. Al pomeriggio precipitazioni diffuse e persistenti, spesso a carattere di rovescio e temporale. Il limite della neve sar\u00e0 sopra i 2500 m, prima di abbassarsi fino sui 2300\/2400 m, anche 2000\/2100 m in serata sulle Dolomiti. Sono previsti apporti medi di 20\/35 mm, ma nei settori prealpini esposti allo Stau potranno cadere fino a 40\/60 mm. Gli apporti di neve saranno significativi solo oltre i 2400\/2500 m.<br \/>\n<b>Temperature: <\/b>A eccezione dell&#8217;aumento delle minime nelle valli, saranno in generale calo, specie in quota, dove saranno osservate alla sera. Sono previste punte di 16\/18\u00b0C nei fondovalle Prealpini e di 11\/14\u00b0C attorno ai 1000\/1200 m. Su Prealpi a 1500 m min 6\u00b0C max 9\u00b0C, a 2000 m min 3\u00b0C max 6\u00b0C. Su Dolomiti a 2000 m min 2\u00b0C max 5\u00b0C, a 3000 m min -3\u00b0C max 0\u00b0C.<br \/>\n<b>Venti: <\/b>Deboli di direzione variabile nelle valli, eccetto rinforzi per raffiche in corrispondenza delle fasi temporalesche; in alta quota perlopi\u00f9 forti da sud e scirocco perlopi\u00f9 teso sulle vette prealpine; a 15-30 km\/h a 2000 m e 50\/75 km\/h a 3000 m.<\/p>\n<hr \/>\n<p><center><b>Mercoledi 12<\/b><\/center>Persistenza del maltempo con cielo coperto tutto il giorno, associato a moderate e diffuse piogge nella prima parte del giorno. Nelle ore centrali del giorno temporanea attenuazione dei fenomeni, prima che l&#8217;instabilit\u00e0 riprenda con frequenti rovesci per ritorno da est. Sulle Dolomiti il limite neve sar\u00e0 temporaneamente a 1900\/2000 m, prima di risalire un po&#8217; in giornata; sulle Prealpi la neve cadr\u00e0 solo sulle vette bellunesi pi\u00f9 alte. Temperature in ulteriore lieve calo. Venti deboli di direzione variabile nelle valli; in quota inizialmente moderati\/tesi dai quadranti orientali, in attenuazione al pomeriggio, anche se potranno ancora risultare tesi sulle dorsali prealpine.<\/p>\n<hr \/>\n<p><center><b>Giovedi 13<\/b><\/center>Tempo perlopi\u00f9 instabile con cielo coperto, salvo brevi schiarite, pi\u00f9 probabili a fine giornata. La probabilit\u00e0 di rovesci sar\u00e0 elevata sia sulle Dolomiti che sulle Prealpi, con limite neve sui 2000\/2200 m. Temperature minime in lieve calo e massime in leggera ripresa. Nelle valli venti deboli di direzione variabile; in quota deboli da nord-ovest, in rotazione da sud-ovest alla sera. Previsore: R.L.Th.<\/p>\n<p>&nbsp;<\/p>\n<hr \/>\n<p>&nbsp;<\/p>\n<\/div>\n<p><a href=\"https:\/\/www.radiopiu.net\/wordpress\/giornale-radiopiu-15-settembre-2018-direttore-mirko-mezzacasa\/sport-7\/\" rel=\"attachment wp-att-60761\"><img loading=\"lazy\" decoding=\"async\" class=\"wp-image-60761 size-full aligncenter\" src=\"https:\/\/www.radiopiu.net\/wordpress\/wp-content\/uploads\/2018\/09\/sport.jpg\" alt=\"\" width=\"800\" height=\"100\" srcset=\"https:\/\/www.radiopiu.net\/wordpress\/wp-content\/uploads\/2018\/09\/sport.jpg 800w, https:\/\/www.radiopiu.net\/wordpress\/wp-content\/uploads\/2018\/09\/sport-300x38.jpg 300w, https:\/\/www.radiopiu.net\/wordpress\/wp-content\/uploads\/2018\/09\/sport-768x96.jpg 768w\" sizes=\"auto, (max-width: 800px) 100vw, 800px\" \/><\/a><\/p>\n<\/div>\n<\/div>\n<p>&nbsp;<\/p>\n<blockquote>\n<h3 class=\"p1\"><span class=\"s1\">LO SPETTACOLO DELLA CORSA IN MONTAGNA A VALPIANA DI LIMANA.\u00a0TITOLI VENETI ASSOLUTI A MANUELA BULF E ISACCO COSTA<\/span><\/h3>\n<\/blockquote>\n<p class=\"p1\"><span class=\"s1\"><strong><a href=\"https:\/\/www.radiopiu.net\/wordpress\/giornale-radiopiu-10-maggio-2021-direttore-mirko-mezzacasa\/limana-9-maggio-2021-manuela-bulf-vincitrice-assoluta\/\" rel=\"attachment wp-att-208635\"><img loading=\"lazy\" decoding=\"async\" class=\" wp-image-208635 alignleft\" src=\"https:\/\/www.radiopiu.net\/wordpress\/wp-content\/uploads\/2021\/05\/limana-9-maggio-2021-manuela-bulf-vincitrice-assoluta-300x200.jpg\" alt=\"\" width=\"234\" height=\"156\" srcset=\"https:\/\/www.radiopiu.net\/wordpress\/wp-content\/uploads\/2021\/05\/limana-9-maggio-2021-manuela-bulf-vincitrice-assoluta-300x200.jpg 300w, https:\/\/www.radiopiu.net\/wordpress\/wp-content\/uploads\/2021\/05\/limana-9-maggio-2021-manuela-bulf-vincitrice-assoluta-1024x683.jpg 1024w, https:\/\/www.radiopiu.net\/wordpress\/wp-content\/uploads\/2021\/05\/limana-9-maggio-2021-manuela-bulf-vincitrice-assoluta-768x512.jpg 768w, https:\/\/www.radiopiu.net\/wordpress\/wp-content\/uploads\/2021\/05\/limana-9-maggio-2021-manuela-bulf-vincitrice-assoluta-1536x1024.jpg 1536w, https:\/\/www.radiopiu.net\/wordpress\/wp-content\/uploads\/2021\/05\/limana-9-maggio-2021-manuela-bulf-vincitrice-assoluta-2048x1365.jpg 2048w\" sizes=\"auto, (max-width: 234px) 100vw, 234px\" \/><\/a>LIMANA <\/strong>Sono stati 227 i protagonisti, domenica 9 maggio, a Valpiana di Limana (Belluno), del Campionato regionale veneto 2021 di corsa in montagna, evento proposto da Bellunoatletica M.G.B. in sinergia con il comitato provinciale di Belluno e quello regionale veneto della Fidal (Federazione italiana di atletica leggera). <\/span><span class=\"s1\">Una splendida giornata di sole e un tracciato impegnativo e al contempo spettacolare hanno caratterizzato la manifestazione che \u00e8 ritornata in Valpiana dopo l\u2019esperienza dello scorso anno e dopo i campionati italiani giovanili del 2019. <\/span><span class=\"s1\">Per quanto riguarda la gara assoluta, a vincere il titolo regionale veneto \u00e8 stato il bellunese di Val di Zoldo, alfiere del Gs Quantin Alpenplus Isacco Costa (secondo assoluto, alle spalle del cadorino, ma tesserato con la friulana Atletica Brugnera, Osvaldo Zanella) che ha avuto la meglio sul trevigiano Mirko Signorotto (HRobert Running) e su un altro bellunese, Gabriele Del Longo (Marciatori Calalzo). <a href=\"https:\/\/www.radiopiu.net\/wordpress\/giornale-radiopiu-10-maggio-2021-direttore-mirko-mezzacasa\/87e4e5fe-e461-4471-b22c-59c6dc0fabb6\/\" rel=\"attachment wp-att-208639\"><img loading=\"lazy\" decoding=\"async\" class=\"size-medium wp-image-208639 alignright\" src=\"https:\/\/www.radiopiu.net\/wordpress\/wp-content\/uploads\/2021\/05\/87e4e5fe-e461-4471-b22c-59c6dc0fabb6-300x200.jpg\" alt=\"\" width=\"300\" height=\"200\" srcset=\"https:\/\/www.radiopiu.net\/wordpress\/wp-content\/uploads\/2021\/05\/87e4e5fe-e461-4471-b22c-59c6dc0fabb6-300x200.jpg 300w, https:\/\/www.radiopiu.net\/wordpress\/wp-content\/uploads\/2021\/05\/87e4e5fe-e461-4471-b22c-59c6dc0fabb6-1024x682.jpg 1024w, https:\/\/www.radiopiu.net\/wordpress\/wp-content\/uploads\/2021\/05\/87e4e5fe-e461-4471-b22c-59c6dc0fabb6-768x512.jpg 768w, https:\/\/www.radiopiu.net\/wordpress\/wp-content\/uploads\/2021\/05\/87e4e5fe-e461-4471-b22c-59c6dc0fabb6-1536x1023.jpg 1536w, https:\/\/www.radiopiu.net\/wordpress\/wp-content\/uploads\/2021\/05\/87e4e5fe-e461-4471-b22c-59c6dc0fabb6.jpg 1600w\" sizes=\"auto, (max-width: 300px) 100vw, 300px\" \/><\/a>Tra le donne, la bellunese Manuela Bulf (Atletica Agordina), che si era imposta al campionato regionale anche lo scorso anno, ha fatto proprio il titolo precedendo di 1\u201911\u201d3 Sara Mazzucco (Atletica Dolomiti Belluno) e di 3\u201900\u201d1 la vicentina Kristel Mottin (Faizan\u00e8 runners team). Quest\u2019ultima, bronzo regionale, \u00e8 arrivata quarta assoluta, preceduta da Martina Festini Purlan, bellunese ma tesserata per la friulana Atletica Brugnera. <\/span><span class=\"s1\">Per quanto riguarda le classifiche di societ\u00e0, a livello giovanile podio tutto bellunese, con, nell&#8217;ordine, La Piave 2000, Gs Quantin Alpenplus e Atletica Dolomiti mentre a livello Seniores si sono imposti i trevigiani dell&#8217;Atletica Valdobbiadene su Gruppo Marciatori Calalzo e Gs Quantin Alpenplus. (credito www.ti-comunicazione.com)<\/span><\/p>\n<p><strong>AI MICROFONI DI RADIO PIU&#8217; MANUELA BULF<\/strong><\/p>\n<audio class=\"wp-audio-shortcode\" id=\"audio-208510-17\" preload=\"none\" style=\"width: 100%;\" controls=\"controls\"><source type=\"audio\/mpeg\" src=\"https:\/\/www.radiopiu.net\/wordpress\/wp-content\/uploads\/2021\/05\/MANUELA-BULF-ATL-AGORDINA.mp3?_=17\" \/><a href=\"https:\/\/www.radiopiu.net\/wordpress\/wp-content\/uploads\/2021\/05\/MANUELA-BULF-ATL-AGORDINA.mp3\">https:\/\/www.radiopiu.net\/wordpress\/wp-content\/uploads\/2021\/05\/MANUELA-BULF-ATL-AGORDINA.mp3<\/a><\/audio>\n<p>&nbsp;<\/p>\n<p><a href=\"https:\/\/www.radiopiu.net\/wordpress\/wp-content\/uploads\/2021\/05\/CLASSIFICHE-RIPARTENZA-LIMANA.pdf\">CLICCA QUI PER LE CLASSIFICHE<\/a><\/p>\n<p>&nbsp;<\/p>\n<p>&nbsp;<\/p>\n<hr \/>\n<p>&nbsp;<\/p>\n<blockquote>\n<h3>UNA DOMENICA DA DIMENTICARE PER MARCO TORMEN AD ADRIA<\/h3>\n<\/blockquote>\n<p><strong><a href=\"https:\/\/www.radiopiu.net\/wordpress\/marco-tormen-primo-degli-italiani-al-trofeo-andrea-margutti-di-lonato-del-garda\/marco-tormen-lonato-2021\/\" rel=\"attachment wp-att-207242\"><img loading=\"lazy\" decoding=\"async\" class=\" wp-image-207242 alignleft\" src=\"https:\/\/www.radiopiu.net\/wordpress\/wp-content\/uploads\/2021\/05\/marco-tormen-lonato-2021-300x200.jpg\" alt=\"\" width=\"293\" height=\"195\" srcset=\"https:\/\/www.radiopiu.net\/wordpress\/wp-content\/uploads\/2021\/05\/marco-tormen-lonato-2021-300x200.jpg 300w, https:\/\/www.radiopiu.net\/wordpress\/wp-content\/uploads\/2021\/05\/marco-tormen-lonato-2021-1024x682.jpg 1024w, https:\/\/www.radiopiu.net\/wordpress\/wp-content\/uploads\/2021\/05\/marco-tormen-lonato-2021-768x511.jpg 768w, https:\/\/www.radiopiu.net\/wordpress\/wp-content\/uploads\/2021\/05\/marco-tormen-lonato-2021-1536x1022.jpg 1536w, https:\/\/www.radiopiu.net\/wordpress\/wp-content\/uploads\/2021\/05\/marco-tormen-lonato-2021.jpg 1875w\" sizes=\"auto, (max-width: 293px) 100vw, 293px\" \/><\/a>ADRIA (RO)<\/strong> Si \u00e8 svolta sulla pista di Adria la seconda tappa del Campionato Italiano Kart. Una giornata da dimenticare per il pilota agordino Marco Tormen che, dopo il quarto e settimo posto nelle manches pre-gara di sabato, ieri mattina non ha iniziato al meglio la prima delle due gare ufficiali. Tormen, partito dalla quinta posizione, recupera subito un posto in partenza. Il ragazzo di Voltago lotta a denti stretti per i primi 4 giri poi un testacoda lo costringe al ritiro. Nel pomeriggio, in gara 2, Tormen parte dalle retrovie al 25\u00b0 posto. Buono lo spunto in partenza e giro dopo giro recupera posizioni concludendo la seconda prova al 11\u00b0 posto. Prossima tappa del Campionato Italiano Kart a Val Vibrata in provincia di Teramo in Abruzzo.<\/p>\n<p>&nbsp;<\/p>\n<p>&nbsp;<\/p>\n<hr \/>\n<p>&nbsp;<\/p>\n<blockquote>\n<h3>TRE SCONFITTE IN ALTRETTANTE PARTITE PER IL VOLLEY CLUB AGORDINO<\/h3>\n<\/blockquote>\n<p><strong><a href=\"https:\/\/www.radiopiu.net\/wordpress\/due-sconfitte-per-il-settore-giovanile-del-volley-club-agordino\/volley-2021\/\" rel=\"attachment wp-att-207180\"><img loading=\"lazy\" decoding=\"async\" class=\"size-medium wp-image-207180 alignleft\" src=\"https:\/\/www.radiopiu.net\/wordpress\/wp-content\/uploads\/2021\/05\/volley-2021-300x175.jpg\" alt=\"\" width=\"300\" height=\"175\" srcset=\"https:\/\/www.radiopiu.net\/wordpress\/wp-content\/uploads\/2021\/05\/volley-2021-300x175.jpg 300w, https:\/\/www.radiopiu.net\/wordpress\/wp-content\/uploads\/2021\/05\/volley-2021-768x449.jpg 768w, https:\/\/www.radiopiu.net\/wordpress\/wp-content\/uploads\/2021\/05\/volley-2021.jpg 770w\" sizes=\"auto, (max-width: 300px) 100vw, 300px\" \/><\/a>AGORDO <\/strong>Un fine settimana nero per il Volley Club Agordino che con tutte e tre le categorie non riesce a fare risultati. Weekend iniziato venerd\u00ec sera al Palarova di Agordo dove la prima squadra era impegnata nella seconda giornata di Coppa Italia di Seconda Divisione. Nella partita contro il Santa Giustina le ragazze agordine hanno perso i primi due set vincendo il terzo tempo. Nella quarta frazione ad avere la meglio \u00e8 stata la squadra ospite che ha quindi conquistato i 3 punti in palio. Sabato \u00e8 stato il turno delle ragazze Under 17 che, sempre al Palarova di Agordo, hanno giocato contro la squadra della Valbelluna della Birreria Pedavena Agordina. 3 a 0 il risultato finale a favore delle bellunesi con le pallavoliste di Agordo che hanno lottato punto a punto. A chiudere il fine settimana del Volley Agordino sono state le ragazze dell&#8217;Under 15 che, ad Agordo, dopo aver perso male il primo set sono riuscite a vincere la seconda frazione di gara crollando nell&#8217;ultimo set contro il New Comelico<\/p>\n<p><strong>I RISULTATI<\/strong><\/p>\n<p><em>COPPA ITALIA SECONDA DIVISIONE<\/em>: VOLLEY CLUB AGORDINO &#8211; SANTA GIUSTINA 1-3 (13-25, 20-25, 25-21, 19-25)<\/p>\n<p><em>UNDER 17<\/em>: VOLLEY CLUB AGORDINO &#8211; BIRRERIA PEDAVENA AGORDINA 0-3 (18-25, 23-25, 23-25)<\/p>\n<p><em>UNDER 15<\/em>: VOLLEY CLUB AGORDINO &#8211; NEW COMELICO 1-2 (13-25, 28-26, 10-25)<\/p>\n<\/div>\n","protected":false},"excerpt":{"rendered":"<p>PER\u00a0RICEVERE QUESTO NOTIZIARIO DIRETTAMENTE SUL TUO CELLULARE ISCRIVITI AL CANALE TELEGRAM\u00a0\u201cRADIO PIU\u00a0 INFORMAZIONE\u201d\u00a0\u00a0 &nbsp; &nbsp; &nbsp; \u00a0APP PER IOS-IPHONE di Nicola Vettorello https:\/\/apps.apple.com\/it\/app\/radio-pi%C3%B9-emittente-agordina\/id1515939845 ATTENZIONE: LA NUOVA APP RADIO\u00a0 PER ANDROID di Nicola Vettorello https:\/\/play.google.com\/store\/apps\/details?id=net.radiopiu.iniko &nbsp; &nbsp; &nbsp; &nbsp; ACQUA INQUINATA A CENCENIGHE ZONA LUXOTTICA Gestione Servizi Pubblici informa che a CENCENIGHE AGORDINO nelle LOCALITA&#8217; FAE&#8217;,&hellip;<\/p>\n","protected":false},"author":4,"featured_media":208577,"comment_status":"closed","ping_status":"open","sticky":false,"template":"","format":"standard","meta":{"_monsterinsights_skip_tracking":false,"_monsterinsights_sitenote_active":false,"_monsterinsights_sitenote_note":"","_monsterinsights_sitenote_category":0,"footnotes":""},"categories":[1,51,86,49],"tags":[],"class_list":["post-208510","post","type-post","status-publish","format-standard","has-post-thumbnail","hentry","category-senza-categoria","category-evidenza-top","category-gr","category-news-18","category-1","category-51","category-86","category-49","description-off"],"img_url":"https:\/\/www.radiopiu.net\/wordpress\/wp-content\/uploads\/2021\/05\/Nevegal_3.jpg","_links":{"self":[{"href":"https:\/\/www.radiopiu.net\/wordpress\/wp-json\/wp\/v2\/posts\/208510","targetHints":{"allow":["GET"]}}],"collection":[{"href":"https:\/\/www.radiopiu.net\/wordpress\/wp-json\/wp\/v2\/posts"}],"about":[{"href":"https:\/\/www.radiopiu.net\/wordpress\/wp-json\/wp\/v2\/types\/post"}],"author":[{"embeddable":true,"href":"https:\/\/www.radiopiu.net\/wordpress\/wp-json\/wp\/v2\/users\/4"}],"replies":[{"embeddable":true,"href":"https:\/\/www.radiopiu.net\/wordpress\/wp-json\/wp\/v2\/comments?post=208510"}],"version-history":[{"count":0,"href":"https:\/\/www.radiopiu.net\/wordpress\/wp-json\/wp\/v2\/posts\/208510\/revisions"}],"wp:featuredmedia":[{"embeddable":true,"href":"https:\/\/www.radiopiu.net\/wordpress\/wp-json\/wp\/v2\/media\/208577"}],"wp:attachment":[{"href":"https:\/\/www.radiopiu.net\/wordpress\/wp-json\/wp\/v2\/media?parent=208510"}],"wp:term":[{"taxonomy":"category","embeddable":true,"href":"https:\/\/www.radiopiu.net\/wordpress\/wp-json\/wp\/v2\/categories?post=208510"},{"taxonomy":"post_tag","embeddable":true,"href":"https:\/\/www.radiopiu.net\/wordpress\/wp-json\/wp\/v2\/tags?post=208510"}],"curies":[{"name":"wp","href":"https:\/\/api.w.org\/{rel}","templated":true}]}}