{"id":208589,"date":"2021-05-09T15:48:34","date_gmt":"2021-05-09T13:48:34","guid":{"rendered":"https:\/\/www.radiopiu.net\/wordpress\/?p=208589"},"modified":"2021-05-09T18:44:25","modified_gmt":"2021-05-09T16:44:25","slug":"palio-di-feltre-santa-messa-di-san-vittore-e-nomina-dellartista-del-drappo","status":"publish","type":"post","link":"https:\/\/www.radiopiu.net\/wordpress\/palio-di-feltre-santa-messa-di-san-vittore-e-nomina-dellartista-del-drappo\/","title":{"rendered":"PALIO DI FELTRE: SANTA MESSA DI SAN VITTORE E NOMINA DELL&#8217;ARTISTA DEL DRAPPO"},"content":{"rendered":"<p><strong><a href=\"https:\/\/www.radiopiu.net\/wordpress\/palio-di-feltre-santa-messa-di-san-vittore-e-nomina-dellartista-del-drappo\/20210509_113530\/\" rel=\"attachment wp-att-208590\"><img loading=\"lazy\" decoding=\"async\" class=\"size-medium wp-image-208590 alignleft\" src=\"https:\/\/www.radiopiu.net\/wordpress\/wp-content\/uploads\/2021\/05\/20210509_113530-300x240.jpg\" alt=\"\" width=\"300\" height=\"240\" srcset=\"https:\/\/www.radiopiu.net\/wordpress\/wp-content\/uploads\/2021\/05\/20210509_113530-300x240.jpg 300w, https:\/\/www.radiopiu.net\/wordpress\/wp-content\/uploads\/2021\/05\/20210509_113530-1024x820.jpg 1024w, https:\/\/www.radiopiu.net\/wordpress\/wp-content\/uploads\/2021\/05\/20210509_113530-768x615.jpg 768w, https:\/\/www.radiopiu.net\/wordpress\/wp-content\/uploads\/2021\/05\/20210509_113530.jpg 1051w\" sizes=\"auto, (max-width: 300px) 100vw, 300px\" \/><\/a>FELTRE <\/strong>Il Palio riparte e lo fa con un artista feltrino innovativo, chiamato ad elaborare il drappo 2021. E\u2019 Luca Rento, noto per le sue videoinstallazioni con cui ama esprimersi, ad essere stato incaricato per questa edizione che ha un significato particolare. La novit\u00e0 \u00e8 stata annunciata ieri dal presidente Eugenio Tamburrino in concomitanza con la cerimonia al Santuario dei Santi Vittore e Corona con cui il mondo del Palio ha reso onore ai Santi patroni della citt\u00e0, la cui festivit\u00e0 ricorre il prossimo 14 maggio. Una liturgia sulla quale l\u2019effetto Covid ha inciso ancora: l\u2019accesso all\u2019interno della chiesa \u00e8 stato chiesa \u00e8 stato limitato a un numero contingentato di sbandieratori e musici dei cinque gruppi cittadini (i quattro Quartieri e il Gruppo Sbandieratori Citt\u00e0 di Feltre), accompagnati dal rispettivo stendardo e dai loro presidenti. Presenti anche il Direttivo dell\u2019Associazione Palio Citt\u00e0 di Feltre, e il Presidente del Consiglio Comunale \u2013 che ha per il Sindaco la delega alle manifestazioni \u2013 Manuel Sacchet. Al termine della funzione il Presidente del Quartiere Castello, Francesco Larese, ha riconsegnato nelle mani del Presidente dell\u2019Associazione Palio Citt\u00e0 di Feltre, Eugenio Tamburrino, e del Presidente del Consiglio Comunale, Manuel Sacchet, il drappo dei XV Ducati d\u2019oro, il premio che \u2013 unitamente al drappo dipinto \u2013 viene assegnato al vincitore del Palio di Feltre. Con questo gesto, il Palio rimette ufficialmente il drappo, a testimoniare la concreta volont\u00e0 di tornare a disputare le gare del Palio dopo lo stop forzato del 2020. Lo stesso Presidente dell\u2019Associazione Palio Citt\u00e0 di Feltre, Tamburrino ha poi ricordato come la ripartenza del Palio, pur dovendo obbedire a vincoli che possono talvolta stravolgere le consuetudini a cui tutti sono ormai affezionati e abituati, rappresenti un segno importante non solo per il mondo del Palio ma per tutta la citt\u00e0, che recupera cos\u00ec una dimensione di socialit\u00e0, la cui scomparsa rappresentava un pericolo. \u201cSiamo davvero felici e orgogliosi di aver potuto dare alla Citt\u00e0 e al Palio un momento importante di identit\u00e0, vissuto nel rispetto delle regole e delle indicazioni imposte dalle autorit\u00e0 e dal periodo storico che stiamo vivendo. \u00c8 stato per\u00f2 un appuntamento vissuto pienamente, al pari di quelli degli anni scorsi, e ha segnato da una parte il convinto omaggio del mondo del Palio ai nostri santi patroni, dall\u2019altro l\u2019inizio dell\u2019anno paliesco\u201d ha aggiunto Tamburrino \u201cQuest\u2019anno questa accezione \u00e8 ancora pi\u00f9 viva, dopo molti mesi di sosta forzata, con gli allenamenti dei gruppi sbandieratori e musici che sono ricominciati in concomitanza con questa occasione. C\u2019\u00e8 stato poi l\u2019annuncio dell\u2019artista del drappo dipinto del Palio 2021, Luca Rento. Un\u2019eccellenza della citt\u00e0 di Feltre, che siamo orgogliosi abbia accettato di donare a tutta la citt\u00e0 la sua opera per il drappo, che siamo tutti sicuri esprimer\u00e0 al meglio l\u2019essenza feltrina. Ringraziamo quindi Luca e quanti hanno reso possibile la giornata di oggi e si adopereranno per realizzare il Palio 2021, rendendolo fruibile ai pi\u00f9 anche grazie all\u2019uso di ausili tecnologici\u201d Luca Rento nasce a Feltre nel 1965 e rappresenta un\u2019eccellenza artistica feltrina e italiana, essendo incluso nelle collezioni stabili dei pi\u00f9 importanti musei del mondo: esposizioni a New York e Berlino, e\u00a0 dopo Tancredi Parmeggiani \u00e8 il secondo artista feltrino\u00a0 le cui opere siano entrate nelle collezioni stabili della Galleria Nazionale d&#8217;Arte Moderna di Roma, che ha acquistato quattro opere del Maestro feltrino. Il suo linguaggio artistico varia dalla pittura alla scultura, da ultimo ha cavalcato le potenzialit\u00e0\u00a0 della videoinstallazione, mezzo che lo ha reso uno dei punti di riferimento a livello mondiale, aprendogli le porte dei pi\u00f9 rilevanti musei del panorama mondiale. I suoi lavori sono stati esposti in dialogo con i grandi artisti del diciannovesimo e ventesimo secolo, tra cui &#8211; per esempio &#8211; Monet, Renoir, Segantini e Andy Warhol.<\/p>\n\n\t\t\t<style type='text\/css'>\n\t\t\t\t#gallery-1 {\n\t\t\t\t\tmargin: auto;\n\t\t\t\t}\n\t\t\t\t#gallery-1 .gallery-item {\n\t\t\t\t\tfloat: left;\n\t\t\t\t\tmargin-top: 10px;\n\t\t\t\t\ttext-align: center;\n\t\t\t\t\twidth: 50%;\n\t\t\t\t}\n\t\t\t\t#gallery-1 img {\n\t\t\t\t\tborder: 2px solid #cfcfcf;\n\t\t\t\t}\n\t\t\t\t#gallery-1 .gallery-caption {\n\t\t\t\t\tmargin-left: 0;\n\t\t\t\t}\n\t\t\t\t\/* see gallery_shortcode() in wp-includes\/media.php *\/\n\t\t\t<\/style>\n\t\t<div id='gallery-1' class='dt-gallery-container gallery galleryid-208589 gallery-columns-2 gallery-size-medium'><dl class='gallery-item'>\n\t\t\t\t<dt class='gallery-icon portrait'>\n\t\t\t\t\t<a class=\"rollover rollover-zoom dt-pswp-item\" title=\"IMG-20210509-WA0005\" data-dt-img-description=\"\" data-large_image_width=\"1200\" data-large_image_height=\"1600\"href='https:\/\/www.radiopiu.net\/wordpress\/wp-content\/uploads\/2021\/05\/IMG-20210509-WA0005.jpg'><img loading=\"lazy\" decoding=\"async\" width=\"225\" height=\"300\" src=\"https:\/\/www.radiopiu.net\/wordpress\/wp-content\/uploads\/2021\/05\/IMG-20210509-WA0005-225x300.jpg\" class=\"attachment-medium size-medium\" alt=\"\" srcset=\"https:\/\/www.radiopiu.net\/wordpress\/wp-content\/uploads\/2021\/05\/IMG-20210509-WA0005-225x300.jpg 225w, https:\/\/www.radiopiu.net\/wordpress\/wp-content\/uploads\/2021\/05\/IMG-20210509-WA0005-768x1024.jpg 768w, https:\/\/www.radiopiu.net\/wordpress\/wp-content\/uploads\/2021\/05\/IMG-20210509-WA0005-1152x1536.jpg 1152w, https:\/\/www.radiopiu.net\/wordpress\/wp-content\/uploads\/2021\/05\/IMG-20210509-WA0005.jpg 1200w\" sizes=\"auto, (max-width: 225px) 100vw, 225px\" \/><\/a>\n\t\t\t\t<\/dt><\/dl><dl class='gallery-item'>\n\t\t\t\t<dt class='gallery-icon portrait'>\n\t\t\t\t\t<a class=\"rollover rollover-zoom dt-pswp-item\" title=\"IMG-20210509-WA0015\" data-dt-img-description=\"\" data-large_image_width=\"748\" data-large_image_height=\"1000\"href='https:\/\/www.radiopiu.net\/wordpress\/wp-content\/uploads\/2021\/05\/IMG-20210509-WA0015.jpg'><img loading=\"lazy\" decoding=\"async\" width=\"224\" height=\"300\" src=\"https:\/\/www.radiopiu.net\/wordpress\/wp-content\/uploads\/2021\/05\/IMG-20210509-WA0015-224x300.jpg\" class=\"attachment-medium size-medium\" alt=\"\" srcset=\"https:\/\/www.radiopiu.net\/wordpress\/wp-content\/uploads\/2021\/05\/IMG-20210509-WA0015-224x300.jpg 224w, https:\/\/www.radiopiu.net\/wordpress\/wp-content\/uploads\/2021\/05\/IMG-20210509-WA0015.jpg 748w\" sizes=\"auto, (max-width: 224px) 100vw, 224px\" \/><\/a>\n\t\t\t\t<\/dt><\/dl><br style=\"clear: both\" \/>\n\t\t\t<\/div>\n\n","protected":false},"excerpt":{"rendered":"<p>FELTRE Il Palio riparte e lo fa con un artista feltrino innovativo, chiamato ad elaborare il drappo 2021. E\u2019 Luca Rento, noto per le sue videoinstallazioni con cui ama esprimersi, ad essere stato incaricato per questa edizione che ha un significato particolare. La novit\u00e0 \u00e8 stata annunciata ieri dal presidente Eugenio Tamburrino in concomitanza con&hellip;<\/p>\n","protected":false},"author":4,"featured_media":208591,"comment_status":"closed","ping_status":"open","sticky":false,"template":"","format":"standard","meta":{"_monsterinsights_skip_tracking":false,"_monsterinsights_sitenote_active":false,"_monsterinsights_sitenote_note":"","_monsterinsights_sitenote_category":0,"footnotes":""},"categories":[104,49],"tags":[],"class_list":["post-208589","post","type-post","status-publish","format-standard","has-post-thumbnail","hentry","category-evidenza_3","category-news-18","category-104","category-49","description-off"],"img_url":"https:\/\/www.radiopiu.net\/wordpress\/wp-content\/uploads\/2021\/05\/IMG-20210509-WA0005.jpg","_links":{"self":[{"href":"https:\/\/www.radiopiu.net\/wordpress\/wp-json\/wp\/v2\/posts\/208589","targetHints":{"allow":["GET"]}}],"collection":[{"href":"https:\/\/www.radiopiu.net\/wordpress\/wp-json\/wp\/v2\/posts"}],"about":[{"href":"https:\/\/www.radiopiu.net\/wordpress\/wp-json\/wp\/v2\/types\/post"}],"author":[{"embeddable":true,"href":"https:\/\/www.radiopiu.net\/wordpress\/wp-json\/wp\/v2\/users\/4"}],"replies":[{"embeddable":true,"href":"https:\/\/www.radiopiu.net\/wordpress\/wp-json\/wp\/v2\/comments?post=208589"}],"version-history":[{"count":0,"href":"https:\/\/www.radiopiu.net\/wordpress\/wp-json\/wp\/v2\/posts\/208589\/revisions"}],"wp:featuredmedia":[{"embeddable":true,"href":"https:\/\/www.radiopiu.net\/wordpress\/wp-json\/wp\/v2\/media\/208591"}],"wp:attachment":[{"href":"https:\/\/www.radiopiu.net\/wordpress\/wp-json\/wp\/v2\/media?parent=208589"}],"wp:term":[{"taxonomy":"category","embeddable":true,"href":"https:\/\/www.radiopiu.net\/wordpress\/wp-json\/wp\/v2\/categories?post=208589"},{"taxonomy":"post_tag","embeddable":true,"href":"https:\/\/www.radiopiu.net\/wordpress\/wp-json\/wp\/v2\/tags?post=208589"}],"curies":[{"name":"wp","href":"https:\/\/api.w.org\/{rel}","templated":true}]}}