{"id":208648,"date":"2021-05-11T06:00:08","date_gmt":"2021-05-11T04:00:08","guid":{"rendered":"https:\/\/www.radiopiu.net\/wordpress\/?p=208648"},"modified":"2021-05-11T10:51:19","modified_gmt":"2021-05-11T08:51:19","slug":"giornale-radiopiu-11-maggio-2021-direttore-mirko-mezzacasa","status":"publish","type":"post","link":"https:\/\/www.radiopiu.net\/wordpress\/giornale-radiopiu-11-maggio-2021-direttore-mirko-mezzacasa\/","title":{"rendered":"GIORNALE RADIOPIU 11 MAGGIO 2021 DIRETTORE MIRKO MEZZACASA"},"content":{"rendered":"<h3><span style=\"color: #0000ff;\">PER<strong>\u00a0RICEVERE QUESTO NOTIZIARIO DIRETTAMENTE SUL TUO CELLULARE ISCRIVITI AL CANALE TELEGRAM\u00a0<\/strong><strong>\u201cRADIO PIU\u00a0 INFORMAZIONE\u201d\u00a0\u00a0<\/strong><\/span><\/h3>\n<p>&nbsp;<\/p>\n<hr \/>\n<p>&nbsp;<\/p>\n<p><strong>FOTO COPERTINA,<\/strong> Incidente stradale autonomo ieri sera a Vignole, strada regionale 203 agordina Mas-Belluno.\u00a0 Sul posto i Vigili del Fuoco. Nei notiziari di RADIO PIU, alle 9.30 gr mattina, 12.30 gr principale 14.30 gr primo pomeriggio 16.30 gr pomeriggio, 18.30 gr sera e alla mezzanotte il gr della mezzanotte.<\/p>\n<p>Alle 21:40 i vigili del fuoco sono intervenuti lungo la SR 203 al km 4+650 in localit\u00e0 Vignole del comune di Sedico per la fuoriuscita autonoma di un\u2019auto, finita contro un palo del telefono e poi contro gli alberi: lievemente ferito il conducente. I pompieri arrivati da Belluno, hanno messo in sicurezza il mezzo, mentre l\u2019autista \u00e8 stato medicato dal personale sanitario del SUEM. I carabinieri hanno deviato il traffico ed eseguito i rilievi del sinistro. Le operazioni di soccorso dei vigili del fuoco sono terminate dopo circa un\u2019ora e mezza.<\/p>\n<p><a href=\"https:\/\/www.radiopiu.net\/wordpress\/giornale-radiopiu-11-maggio-2021-direttore-mirko-mezzacasa\/4c8f76d0-15ab-42cf-99f6-d0b4b3bd7421\/\" rel=\"attachment wp-att-208966\"><img loading=\"lazy\" decoding=\"async\" class=\"alignnone wp-image-208966 size-full\" src=\"https:\/\/www.radiopiu.net\/wordpress\/wp-content\/uploads\/2021\/05\/4c8f76d0-15ab-42cf-99f6-d0b4b3bd7421.jpg\" alt=\"\" width=\"1280\" height=\"720\" srcset=\"https:\/\/www.radiopiu.net\/wordpress\/wp-content\/uploads\/2021\/05\/4c8f76d0-15ab-42cf-99f6-d0b4b3bd7421.jpg 1280w, https:\/\/www.radiopiu.net\/wordpress\/wp-content\/uploads\/2021\/05\/4c8f76d0-15ab-42cf-99f6-d0b4b3bd7421-300x169.jpg 300w, https:\/\/www.radiopiu.net\/wordpress\/wp-content\/uploads\/2021\/05\/4c8f76d0-15ab-42cf-99f6-d0b4b3bd7421-1024x576.jpg 1024w, https:\/\/www.radiopiu.net\/wordpress\/wp-content\/uploads\/2021\/05\/4c8f76d0-15ab-42cf-99f6-d0b4b3bd7421-768x432.jpg 768w\" sizes=\"auto, (max-width: 1280px) 100vw, 1280px\" \/><\/a><\/p>\n<p>&nbsp;<\/p>\n\n\t\t\t<style type='text\/css'>\n\t\t\t\t#gallery-1 {\n\t\t\t\t\tmargin: auto;\n\t\t\t\t}\n\t\t\t\t#gallery-1 .gallery-item {\n\t\t\t\t\tfloat: left;\n\t\t\t\t\tmargin-top: 10px;\n\t\t\t\t\ttext-align: center;\n\t\t\t\t\twidth: 25%;\n\t\t\t\t}\n\t\t\t\t#gallery-1 img {\n\t\t\t\t\tborder: 2px solid #cfcfcf;\n\t\t\t\t}\n\t\t\t\t#gallery-1 .gallery-caption {\n\t\t\t\t\tmargin-left: 0;\n\t\t\t\t}\n\t\t\t\t\/* see gallery_shortcode() in wp-includes\/media.php *\/\n\t\t\t<\/style>\n\t\t<div id='gallery-1' class='dt-gallery-container gallery galleryid-208648 gallery-columns-4 gallery-size-thumbnail'><dl class='gallery-item'>\n\t\t\t\t<dt class='gallery-icon landscape'>\n\t\t\t\t\t<a class=\"rollover rollover-zoom dt-pswp-item\" title=\"3cc28fd0-b901-496a-807a-27d5676da13f\" data-dt-img-description=\"\" data-large_image_width=\"1280\" data-large_image_height=\"720\"href='https:\/\/www.radiopiu.net\/wordpress\/wp-content\/uploads\/2021\/05\/3cc28fd0-b901-496a-807a-27d5676da13f.jpg'><img loading=\"lazy\" decoding=\"async\" width=\"150\" height=\"150\" src=\"https:\/\/www.radiopiu.net\/wordpress\/wp-content\/uploads\/2021\/05\/3cc28fd0-b901-496a-807a-27d5676da13f-150x150.jpg\" class=\"attachment-thumbnail size-thumbnail\" alt=\"\" \/><\/a>\n\t\t\t\t<\/dt><\/dl><dl class='gallery-item'>\n\t\t\t\t<dt class='gallery-icon landscape'>\n\t\t\t\t\t<a class=\"rollover rollover-zoom dt-pswp-item\" title=\"86a3b84a-68ea-4f19-9951-b1bd3caf13dd\" data-dt-img-description=\"\" data-large_image_width=\"1280\" data-large_image_height=\"720\"href='https:\/\/www.radiopiu.net\/wordpress\/wp-content\/uploads\/2021\/05\/86a3b84a-68ea-4f19-9951-b1bd3caf13dd.jpg'><img loading=\"lazy\" decoding=\"async\" width=\"150\" height=\"150\" src=\"https:\/\/www.radiopiu.net\/wordpress\/wp-content\/uploads\/2021\/05\/86a3b84a-68ea-4f19-9951-b1bd3caf13dd-150x150.jpg\" class=\"attachment-thumbnail size-thumbnail\" alt=\"\" \/><\/a>\n\t\t\t\t<\/dt><\/dl><dl class='gallery-item'>\n\t\t\t\t<dt class='gallery-icon landscape'>\n\t\t\t\t\t<a class=\"rollover rollover-zoom dt-pswp-item\" title=\"a33d69d2-4d55-474a-b9a6-af5904b9352b\" data-dt-img-description=\"\" data-large_image_width=\"1280\" data-large_image_height=\"720\"href='https:\/\/www.radiopiu.net\/wordpress\/wp-content\/uploads\/2021\/05\/a33d69d2-4d55-474a-b9a6-af5904b9352b.jpg'><img loading=\"lazy\" decoding=\"async\" width=\"150\" height=\"150\" src=\"https:\/\/www.radiopiu.net\/wordpress\/wp-content\/uploads\/2021\/05\/a33d69d2-4d55-474a-b9a6-af5904b9352b-150x150.jpg\" class=\"attachment-thumbnail size-thumbnail\" alt=\"\" \/><\/a>\n\t\t\t\t<\/dt><\/dl><dl class='gallery-item'>\n\t\t\t\t<dt class='gallery-icon landscape'>\n\t\t\t\t\t<a class=\"rollover rollover-zoom dt-pswp-item\" title=\"95a5362e-72c0-4a96-b081-7aba8a4aa699\" data-dt-img-description=\"\" data-large_image_width=\"1280\" data-large_image_height=\"720\"href='https:\/\/www.radiopiu.net\/wordpress\/wp-content\/uploads\/2021\/05\/95a5362e-72c0-4a96-b081-7aba8a4aa699.jpg'><img loading=\"lazy\" decoding=\"async\" width=\"150\" height=\"150\" src=\"https:\/\/www.radiopiu.net\/wordpress\/wp-content\/uploads\/2021\/05\/95a5362e-72c0-4a96-b081-7aba8a4aa699-150x150.jpg\" class=\"attachment-thumbnail size-thumbnail\" alt=\"\" \/><\/a>\n\t\t\t\t<\/dt><\/dl><br style=\"clear: both\" \/>\n\t\t\t<\/div>\n\n<p>&nbsp;<\/p>\n<p>&nbsp;<\/p>\n<hr \/>\n<blockquote>\n<h2><\/h2>\n<h2>METEO. PREVISTE PRECIPITAZIONI CONSISTENTI NELLA NOTTE<\/h2>\n<\/blockquote>\n<p><strong><img loading=\"lazy\" decoding=\"async\" class=\"alignleft\" src=\"https:\/\/www.radiopiu.net\/wordpress\/wp-content\/uploads\/2018\/08\/instabilita.jpg\" width=\"257\" height=\"154\" \/>VENEZIA <\/strong>Le previsioni meteorologiche del Veneto segnalano tra il pomeriggio\u00a0 e il mattino di\u00a0 domani\u00a0 tempo a tratti perturbato con precipitazioni diffuse e quantitativi anche consistenti o localmente abbondanti sulle zone centro-occidentali della regione. In particolare tra Prealpi e pianura, inoltre, saranno possibili forti rovesci anche temporaleschi.\u00a0 Il Centro Funzionale Decentrato della Protezione Civile della Regione ha emesso un avviso di criticit\u00e0 idrogeologica, fissando dalle 14 di oggi_e fino alla stessa ora di domani lo stato di Attenzione , il limite delle nevicate in abbassamento fino a circa 2000 metri e rinforzi di vento in quota dai quadranti meridionali e in pianura da quelli orientali.<\/p>\n<p>&nbsp;<\/p>\n<p>&nbsp;<\/p>\n<p>&nbsp;<\/p>\n<p>&nbsp;<\/p>\n<hr \/>\n<p>&nbsp;<\/p>\n<p><em><a href=\"https:\/\/www.radiopiu.net\/wordpress\/giornale-radiopiu-24-gennaio-2021-direttore-mirko-mezzacasa\/79216601_126817312416448_708980208774483089_n\/\" rel=\"attachment wp-att-186567\"><img loading=\"lazy\" decoding=\"async\" class=\"size-medium wp-image-186567 alignleft\" src=\"https:\/\/www.radiopiu.net\/wordpress\/wp-content\/uploads\/2021\/01\/79216601_126817312416448_708980208774483089_n-300x114.jpg\" sizes=\"auto, (max-width: 300px) 100vw, 300px\" srcset=\"https:\/\/www.radiopiu.net\/wordpress\/wp-content\/uploads\/2021\/01\/79216601_126817312416448_708980208774483089_n-300x114.jpg 300w, https:\/\/www.radiopiu.net\/wordpress\/wp-content\/uploads\/2021\/01\/79216601_126817312416448_708980208774483089_n-768x292.jpg 768w, https:\/\/www.radiopiu.net\/wordpress\/wp-content\/uploads\/2021\/01\/79216601_126817312416448_708980208774483089_n.jpg 820w\" alt=\"\" width=\"300\" height=\"114\" \/><\/a><\/em><\/p>\n<p><em>\u00a0A<\/em><em>PP PER IOS-IPHONE di Nicola Vettorello <\/em><a href=\"https:\/\/apps.apple.com\/it\/app\/radio-pi%C3%B9-emittente-agordina\/id1515939845\">https:\/\/apps.apple.com\/it\/app\/radio-pi%C3%B9-emittente-agordina\/id1515939845<\/a><\/p>\n<p><em>ATTENZIONE: LA NUOVA APP RADIO\u00a0 PER ANDROID di Nicola Vettorello<\/em><\/p>\n<p><a href=\"https:\/\/play.google.com\/store\/apps\/details?id=net.radiopiu.iniko\" target=\"_blank\" rel=\"noopener noreferrer\">https:\/\/play.google.com\/store\/apps\/details?id=net.radiopiu.iniko<\/a><\/p>\n<p>&nbsp;<\/p>\n<p>&nbsp;<\/p>\n<p>&nbsp;<\/p>\n<hr \/>\n<p>&nbsp;<\/p>\n<p>&nbsp;<\/p>\n<blockquote>\n<h3><img loading=\"lazy\" decoding=\"async\" class=\"alignleft\" src=\"https:\/\/www.radiopiu.net\/wordpress\/wp-content\/uploads\/2018\/08\/ACQUA.jpeg\" width=\"142\" height=\"85\" \/>ACQUA INQUINATA A CENCENIGHE ZONA LUXOTTICA<\/h3>\n<\/blockquote>\n<p><span style=\"color: #000000;\">Gestione Servizi Pubblici informa che a CENCENIGHE AGORDINO nelle LOCALITA&#8217; FAE&#8217;, VARE BASSE, LUXOTTICA E PRADIMEZZO l&#8217;acqua erogata dall&#8217;acquedotto non \u00e8 potabile e pu\u00f2 essere usata per scopi alimentari SOLO PREVIA bollitura. Previsto il servizio con autobotte.<\/span><\/p>\n<p>&nbsp;<\/p>\n<p>&nbsp;<\/p>\n<p><strong><a href=\"https:\/\/www.radiopiu.net\/wordpress\/acqua-di-nuovo-potabile-a-gosaldo\/bicchiere-acqua\/\" rel=\"attachment wp-att-197762\"><img loading=\"lazy\" decoding=\"async\" class=\" wp-image-197762 alignleft\" src=\"https:\/\/www.radiopiu.net\/wordpress\/wp-content\/uploads\/2021\/03\/BICCHIERE-ACQUA-300x200.jpg\" alt=\"\" width=\"114\" height=\"76\" srcset=\"https:\/\/www.radiopiu.net\/wordpress\/wp-content\/uploads\/2021\/03\/BICCHIERE-ACQUA-300x200.jpg 300w, https:\/\/www.radiopiu.net\/wordpress\/wp-content\/uploads\/2021\/03\/BICCHIERE-ACQUA-1024x683.jpg 1024w, https:\/\/www.radiopiu.net\/wordpress\/wp-content\/uploads\/2021\/03\/BICCHIERE-ACQUA-768x512.jpg 768w, https:\/\/www.radiopiu.net\/wordpress\/wp-content\/uploads\/2021\/03\/BICCHIERE-ACQUA-1536x1024.jpg 1536w, https:\/\/www.radiopiu.net\/wordpress\/wp-content\/uploads\/2021\/03\/BICCHIERE-ACQUA.jpg 1920w\" sizes=\"auto, (max-width: 114px) 100vw, 114px\" \/><\/a>CENCENIGHE <\/strong>In LOCALITA&#8217; FOCH l&#8217;acqua erogata dall&#8217;acquedotto \u00e8 di nuovo potabile e pu\u00f2 essere usata, quindi, per scopi alimentari<\/p>\n<p><strong>LIVINALLONGO <\/strong>Gestione Servizi Pubblici informa che, per lavori alla rete idrica comunale, domani dalle 13:30 alle 16.30 verr\u00e0 sospesa l\u2019erogazione dell\u2019acqua a LIVINALLONGO DEL COL DI LANA, in via PRECUMON. Il personale addetto operer\u00e0 per limitare il pi\u00f9 possibile i disagi alla popolazione<\/p>\n<p>&nbsp;<\/p>\n<p>&nbsp;<\/p>\n<p>&nbsp;<\/p>\n<hr \/>\n<p>&nbsp;<\/p>\n<p>&nbsp;<\/p>\n<p><strong><a href=\"https:\/\/www.radiopiu.net\/wordpress\/giornale-radiopiu-06-maggio-2021-direttore-mirko-mezzacasa\/enel-2\/\" rel=\"attachment wp-att-207692\"><img loading=\"lazy\" decoding=\"async\" class=\"wp-image-207692 alignleft\" src=\"https:\/\/www.radiopiu.net\/wordpress\/wp-content\/uploads\/2021\/05\/enel-300x199.jpg\" alt=\"\" width=\"118\" height=\"78\" srcset=\"https:\/\/www.radiopiu.net\/wordpress\/wp-content\/uploads\/2021\/05\/enel-300x199.jpg 300w, https:\/\/www.radiopiu.net\/wordpress\/wp-content\/uploads\/2021\/05\/enel-1024x681.jpg 1024w, https:\/\/www.radiopiu.net\/wordpress\/wp-content\/uploads\/2021\/05\/enel-768x510.jpg 768w, https:\/\/www.radiopiu.net\/wordpress\/wp-content\/uploads\/2021\/05\/enel-1536x1021.jpg 1536w, https:\/\/www.radiopiu.net\/wordpress\/wp-content\/uploads\/2021\/05\/enel.jpg 1920w\" sizes=\"auto, (max-width: 118px) 100vw, 118px\" \/><\/a>INTERRUZIONI PROGRAMMATE ENEL PER LAVORI SULLE LINEE ELETTRICHE E RECUPERO SCHIANTI<\/strong><br \/>\n<strong>Giovedi<\/strong> dalle 7.30 alle 12.00 in via dei Pini ad Alleghe.<\/p>\n<p>&nbsp;<\/p>\n<p>&nbsp;<\/p>\n<p>&nbsp;<\/p>\n<hr \/>\n<p>&nbsp;<\/p>\n<div>\n<blockquote>\n<h3 class=\"page-title-head hgroup\">EX PROVINCIALE TAIBON-AGORDO, STRADA CHIUSA FINO AL 31 MAGGIO<\/h3>\n<\/blockquote>\n<p><strong>TAIBON<\/strong>\u00a0Cantiere aperto tra Taibon, Taier e Brugnach sulla strada di campagna, (ex Sp 34): fino al 31 maggio la strada rester\u00e0 chiusa da\u00a0 via Col di Lana (sabati, domeniche e festivi inclusi).<\/p>\n<p><b>\u00a0<\/b><strong>PROVINCIALE 10 DI ALANO, LOC. LE SORGENTI<\/strong>\u00a0interruzione totale alla viabilit\u00e0 fino al 19 maggio, dalle 8 alle 12 e dalle 13 alle 18, esclusi sabato e domenica<\/p>\n<\/div>\n<p>&nbsp;<\/p>\n<hr \/>\n<p>&nbsp;<\/p>\n<p>&nbsp;<\/p>\n<div class=\"page-title-head hgroup\">\n<blockquote>\n<h3>LAVORI ALL&#8217;ECOCENTRO DI CENCENIGHE. CHIUSO DAL 5 AL 17 MAGGIO<\/h3>\n<\/blockquote>\n<p><strong><a href=\"https:\/\/www.radiopiu.net\/wordpress\/maltempo-possibili-problemi-alla-raccolta-dei-rifiuti-e-chiusura-di-sportelli-ed-ecocentri-al-pomeriggio\/logo-valpe-verticale\/\" rel=\"attachment wp-att-65542\"><img loading=\"lazy\" decoding=\"async\" class=\" wp-image-65542 alignleft\" src=\"https:\/\/www.radiopiu.net\/wordpress\/wp-content\/uploads\/2018\/10\/logo-valpe-verticale-300x298.jpg\" alt=\"\" width=\"141\" height=\"140\" srcset=\"https:\/\/www.radiopiu.net\/wordpress\/wp-content\/uploads\/2018\/10\/logo-valpe-verticale-300x298.jpg 300w, https:\/\/www.radiopiu.net\/wordpress\/wp-content\/uploads\/2018\/10\/logo-valpe-verticale-150x150.jpg 150w, https:\/\/www.radiopiu.net\/wordpress\/wp-content\/uploads\/2018\/10\/logo-valpe-verticale.jpg 370w\" sizes=\"auto, (max-width: 141px) 100vw, 141px\" \/><\/a>CENCENIGHE <\/strong>Nei prossimi giorni inizieranno alcuni interventi di sistemazione presso l\u2019Ecocentro di Cencenighe Agordino. Per consentire la realizzazione dei lavori previsti, la struttura chiuder\u00e0 al pubblico dal 5 al 17 maggio 2021. Durante il periodo di chiusura i cittadini potranno accedere a qualsiasi Ecocentro del territorio dell\u2019Unione Montana Agordina, verificando sedi e orari di apertura sul manuale informativo consegnato o su <a href=\"http:\/\/www.valpeambiente.it\">www.valpeambiente.it<\/a>.<\/p>\n<p>&nbsp;<\/p>\n<p>&nbsp;<\/p>\n<p>&nbsp;<\/p>\n<hr \/>\n<p>&nbsp;<\/p>\n<blockquote>\n<h2><\/h2>\n<\/blockquote>\n<\/div>\n<div class=\"page-title-head hgroup\">\n<p align=\"LEFT\"><b style=\"font-size: medium; font-family: Calibri, serif; color: #000000;\"><a href=\"https:\/\/www.radiopiu.net\/wordpress\/giornale-radiopiu-08-maggio-2021-direttore-mirko-mezzacasa\/orari-drive-in-tamponi\/\" rel=\"attachment wp-att-208178\"><img loading=\"lazy\" decoding=\"async\" class=\"wp-image-208178 size-large alignnone\" src=\"https:\/\/www.radiopiu.net\/wordpress\/wp-content\/uploads\/2021\/05\/orari-drive-in-tamponi-1024x682.png\" alt=\"\" width=\"1024\" height=\"682\" srcset=\"https:\/\/www.radiopiu.net\/wordpress\/wp-content\/uploads\/2021\/05\/orari-drive-in-tamponi-1024x682.png 1024w, https:\/\/www.radiopiu.net\/wordpress\/wp-content\/uploads\/2021\/05\/orari-drive-in-tamponi-300x200.png 300w, https:\/\/www.radiopiu.net\/wordpress\/wp-content\/uploads\/2021\/05\/orari-drive-in-tamponi-768x511.png 768w, https:\/\/www.radiopiu.net\/wordpress\/wp-content\/uploads\/2021\/05\/orari-drive-in-tamponi.png 1179w\" sizes=\"auto, (max-width: 1024px) 100vw, 1024px\" \/><\/a><\/b><\/p>\n<p>&nbsp;<\/p>\n<hr \/>\n<p>&nbsp;<\/p>\n<p>&nbsp;<\/p>\n<blockquote>\n<h3>PROVINCIA DI BELLUNO Lavori di installazione container negli Istituti Superiori Calvi e Renier<\/h3>\n<p><strong>BELLUNO<\/strong> Stanno prendendo forma in questi giorni i nuovi spazi didattici per gli istituti Calvi e Renier. Si tratta di 24 moduli prefabbricati per complessive cinque aule <em>\u00abQueste nuove aule non sono state pensate solamente per la richiesta di spazi ulteriori causata dall\u2019emergenza Covid &#8211; spiega la consigliera Bogana -. Molte delle nostre scuole hanno necessit\u00e0 di lavori di manutenzione che richiederanno alcuni accorgimenti logistici. In particolare i moduli installati in questi giorni a Mier serviranno a supporto dei due istituti quando cominceranno i lavori alla palestra del Calvi, dove abbiamo gi\u00e0 predisposto l\u2019adeguamento sismico e l\u2019antincendio. L\u2019obiettivo \u00e8 sempre quello di garantire luoghi sicuri e accoglienti per i ragazzi e tutto il personale scolastico\u00bb.<\/em><\/p><\/blockquote>\n\n\t\t\t<style type='text\/css'>\n\t\t\t\t#gallery-2 {\n\t\t\t\t\tmargin: auto;\n\t\t\t\t}\n\t\t\t\t#gallery-2 .gallery-item {\n\t\t\t\t\tfloat: left;\n\t\t\t\t\tmargin-top: 10px;\n\t\t\t\t\ttext-align: center;\n\t\t\t\t\twidth: 20%;\n\t\t\t\t}\n\t\t\t\t#gallery-2 img {\n\t\t\t\t\tborder: 2px solid #cfcfcf;\n\t\t\t\t}\n\t\t\t\t#gallery-2 .gallery-caption {\n\t\t\t\t\tmargin-left: 0;\n\t\t\t\t}\n\t\t\t\t\/* see gallery_shortcode() in wp-includes\/media.php *\/\n\t\t\t<\/style>\n\t\t<div id='gallery-2' class='dt-gallery-container gallery galleryid-208648 gallery-columns-5 gallery-size-thumbnail'><dl class='gallery-item'>\n\t\t\t\t<dt class='gallery-icon landscape'>\n\t\t\t\t\t<a class=\"rollover rollover-zoom dt-pswp-item\" title=\"66ff675e-11da-413b-b3e7-0c55ceadab63\" data-dt-img-description=\"\" data-large_image_width=\"1024\" data-large_image_height=\"768\"href='https:\/\/www.radiopiu.net\/wordpress\/wp-content\/uploads\/2021\/05\/66ff675e-11da-413b-b3e7-0c55ceadab63.jpg'><img loading=\"lazy\" decoding=\"async\" width=\"150\" height=\"150\" src=\"https:\/\/www.radiopiu.net\/wordpress\/wp-content\/uploads\/2021\/05\/66ff675e-11da-413b-b3e7-0c55ceadab63-150x150.jpg\" class=\"attachment-thumbnail size-thumbnail\" alt=\"\" \/><\/a>\n\t\t\t\t<\/dt><\/dl><dl class='gallery-item'>\n\t\t\t\t<dt class='gallery-icon landscape'>\n\t\t\t\t\t<a class=\"rollover rollover-zoom dt-pswp-item\" title=\"d13c9b1a-2370-48c5-9aa2-28c326663c27\" data-dt-img-description=\"\" data-large_image_width=\"1024\" data-large_image_height=\"768\"href='https:\/\/www.radiopiu.net\/wordpress\/wp-content\/uploads\/2021\/05\/d13c9b1a-2370-48c5-9aa2-28c326663c27.jpg'><img loading=\"lazy\" decoding=\"async\" width=\"150\" height=\"150\" src=\"https:\/\/www.radiopiu.net\/wordpress\/wp-content\/uploads\/2021\/05\/d13c9b1a-2370-48c5-9aa2-28c326663c27-150x150.jpg\" class=\"attachment-thumbnail size-thumbnail\" alt=\"\" \/><\/a>\n\t\t\t\t<\/dt><\/dl><dl class='gallery-item'>\n\t\t\t\t<dt class='gallery-icon landscape'>\n\t\t\t\t\t<a class=\"rollover rollover-zoom dt-pswp-item\" title=\"6d0a9e1c-06c6-4f7b-9067-f1df5a11f58d\" data-dt-img-description=\"\" data-large_image_width=\"1024\" data-large_image_height=\"768\"href='https:\/\/www.radiopiu.net\/wordpress\/wp-content\/uploads\/2021\/05\/6d0a9e1c-06c6-4f7b-9067-f1df5a11f58d.jpg'><img loading=\"lazy\" decoding=\"async\" width=\"150\" height=\"150\" src=\"https:\/\/www.radiopiu.net\/wordpress\/wp-content\/uploads\/2021\/05\/6d0a9e1c-06c6-4f7b-9067-f1df5a11f58d-150x150.jpg\" class=\"attachment-thumbnail size-thumbnail\" alt=\"\" \/><\/a>\n\t\t\t\t<\/dt><\/dl><dl class='gallery-item'>\n\t\t\t\t<dt class='gallery-icon landscape'>\n\t\t\t\t\t<a class=\"rollover rollover-zoom dt-pswp-item\" title=\"cdc0dace-2d59-489c-af47-1ed55da9521e\" data-dt-img-description=\"\" data-large_image_width=\"1024\" data-large_image_height=\"768\"href='https:\/\/www.radiopiu.net\/wordpress\/wp-content\/uploads\/2021\/05\/cdc0dace-2d59-489c-af47-1ed55da9521e.jpg'><img loading=\"lazy\" decoding=\"async\" width=\"150\" height=\"150\" src=\"https:\/\/www.radiopiu.net\/wordpress\/wp-content\/uploads\/2021\/05\/cdc0dace-2d59-489c-af47-1ed55da9521e-150x150.jpg\" class=\"attachment-thumbnail size-thumbnail\" alt=\"\" \/><\/a>\n\t\t\t\t<\/dt><\/dl><dl class='gallery-item'>\n\t\t\t\t<dt class='gallery-icon landscape'>\n\t\t\t\t\t<a class=\"rollover rollover-zoom dt-pswp-item\" title=\"b85a108c-70e4-4efd-afb6-3202c93b9363\" data-dt-img-description=\"\" data-large_image_width=\"1024\" data-large_image_height=\"768\"href='https:\/\/www.radiopiu.net\/wordpress\/wp-content\/uploads\/2021\/05\/b85a108c-70e4-4efd-afb6-3202c93b9363.jpg'><img loading=\"lazy\" decoding=\"async\" width=\"150\" height=\"150\" src=\"https:\/\/www.radiopiu.net\/wordpress\/wp-content\/uploads\/2021\/05\/b85a108c-70e4-4efd-afb6-3202c93b9363-150x150.jpg\" class=\"attachment-thumbnail size-thumbnail\" alt=\"\" \/><\/a>\n\t\t\t\t<\/dt><\/dl><br style=\"clear: both\" \/>\n\t\t\t<\/div>\n\n<p>&nbsp;<\/p>\n<hr \/>\n<blockquote>\n<h3><\/h3>\n<h3>COVID: A FELTRE MUORE UN UOMO DI 85 ANNI, 4 POSITIVI NELLE 24 ORE<\/h3>\n<\/blockquote>\n<p><strong>BELLUNO<\/strong> Aggiornamento covid 19:\u00a0 A ieri mattina alle 8, dall\u2019inizio dell\u2019epidemia, sono stati effettuati 260 mila tamponi molecolari e 185 mila tamponi antigenici, nelle ultime 24 ore in provincia di Belluno sono state riscontrate 4\u00a0 positivit\u00e0 (un terzo rispetto alle 15 di ieri), attualmente positivi 406 (-10).\u00a0<b> <\/b>\u00a0Le persone covid positive ricoverate negli ospedali dell\u2019Ulss sono 30 (nessuna variazione nelle 24 ore): 1 in terapia intensiva e 11 in area non critica all\u2019ospedale di Belluno, 10 in area non critica all\u2019ospedale di Feltre, 8 nell\u2019ospedale di comunit\u00e0 di Feltre.<\/p>\n<blockquote><p><em>Nelle ultime 24 ore \u00e8 deceduto un uomo covid positivo di 85 anni ricoverato all\u2019ospedale di comunit\u00e0 di Feltre.<\/em><\/p><\/blockquote>\n\n\t\t\t<style type='text\/css'>\n\t\t\t\t#gallery-3 {\n\t\t\t\t\tmargin: auto;\n\t\t\t\t}\n\t\t\t\t#gallery-3 .gallery-item {\n\t\t\t\t\tfloat: left;\n\t\t\t\t\tmargin-top: 10px;\n\t\t\t\t\ttext-align: center;\n\t\t\t\t\twidth: 33%;\n\t\t\t\t}\n\t\t\t\t#gallery-3 img {\n\t\t\t\t\tborder: 2px solid #cfcfcf;\n\t\t\t\t}\n\t\t\t\t#gallery-3 .gallery-caption {\n\t\t\t\t\tmargin-left: 0;\n\t\t\t\t}\n\t\t\t\t\/* see gallery_shortcode() in wp-includes\/media.php *\/\n\t\t\t<\/style>\n\t\t<div id='gallery-3' class='dt-gallery-container gallery galleryid-208648 gallery-columns-3 gallery-size-thumbnail'><dl class='gallery-item'>\n\t\t\t\t<dt class='gallery-icon landscape'>\n\t\t\t\t\t<a class=\"rollover\" href='https:\/\/www.radiopiu.net\/wordpress\/in-provincia-un-terzo\/014480b2-3ce6-4966-aff0-56862f1c3e31\/'><img loading=\"lazy\" decoding=\"async\" width=\"150\" height=\"150\" src=\"https:\/\/www.radiopiu.net\/wordpress\/wp-content\/uploads\/2021\/05\/014480b2-3ce6-4966-aff0-56862f1c3e31-150x150.jpg\" class=\"attachment-thumbnail size-thumbnail\" alt=\"\" \/><\/a>\n\t\t\t\t<\/dt><\/dl><dl class='gallery-item'>\n\t\t\t\t<dt class='gallery-icon landscape'>\n\t\t\t\t\t<a class=\"rollover\" href='https:\/\/www.radiopiu.net\/wordpress\/in-provincia-un-terzo\/d32f6c9a-e2fe-4bf8-b27f-a08cc9d9d26d\/'><img loading=\"lazy\" decoding=\"async\" width=\"150\" height=\"150\" src=\"https:\/\/www.radiopiu.net\/wordpress\/wp-content\/uploads\/2021\/05\/d32f6c9a-e2fe-4bf8-b27f-a08cc9d9d26d-150x150.jpg\" class=\"attachment-thumbnail size-thumbnail\" alt=\"\" \/><\/a>\n\t\t\t\t<\/dt><\/dl><dl class='gallery-item'>\n\t\t\t\t<dt class='gallery-icon portrait'>\n\t\t\t\t\t<a class=\"rollover\" href='https:\/\/www.radiopiu.net\/wordpress\/in-provincia-un-terzo\/ac6c380e-5e7d-4ad0-9a8d-73087fb66cc0\/'><img loading=\"lazy\" decoding=\"async\" width=\"150\" height=\"150\" src=\"https:\/\/www.radiopiu.net\/wordpress\/wp-content\/uploads\/2021\/05\/ac6c380e-5e7d-4ad0-9a8d-73087fb66cc0-150x150.jpg\" class=\"attachment-thumbnail size-thumbnail\" alt=\"\" \/><\/a>\n\t\t\t\t<\/dt><\/dl><br style=\"clear: both\" \/>\n\t\t\t<\/div>\n\n<p><strong>AGGIORNAMENTO ORGANIZZATIVO <\/strong>\u00a0Sono stati aumentati i posti letto di terapia intensiva per pazienti covid negativi all\u2019ospedale di Belluno. \u00c9 stata riattivata la Pneumologia covid free. Rimane un\u2019area covid in Malattie Infettive e si sta riducendo la Geriatria Covid.Sono state riattivate le degenze di Pneumologia covid free e week surgery dell\u2019ospedale di Feltre.<\/p>\n<p><strong>AGGIORNAMENTO CAMPAGNA VACCINALE<\/strong>\u00a0 Ieri alle 17 sono state superate le 98.049 dosi di vaccino somministrate in Ulss Dolomiti. Dalle 15 di ieri\u00a0 al Palaskating di Sedico \u00e8 partita con regolarit\u00e0 la seduta di avvio del nuovo centro vaccinale gestito in collaborazione con Luxottica. Sono state vaccinate circa 50 persone nella fascia d\u2019et\u00e0 60-69. Il centro vaccinale si affianca ai cinque centri drive-in gi\u00e0 attivi. Il team attivo al Palaskating \u00e8 composto da due operatori sanitari dell\u2019azienda sanitaria e da 11 operatori sanitari e tecnici messi a disposizione gratuitamente da Luxottica. . Oggi \u00e8 in programma una ulteriore giornata di assestamento organizzativo sempre la fascia 60-69 dalle 14 alle 19. Dopo un giorno di sosta mercoled\u00ec (per garantire l\u2019operativit\u00e0 al Palaskating delle vaccinazioni a cura dei Medici di Medicina Generale), la struttura sar\u00e0 continuamente operativa da gioved\u00ec in poi, tutti i pomeriggi, per 250 posti\/giorno prenotabili dal sito www.aulss1.veneto.it. Pi\u00f9 in dettaglio, fino a domenica saranno vaccinati i 60-69enni; da luned\u00ec partiranno le vaccinazioni anche aperte per i 50-59enni.In totale, per la vaccinazione di persone tra 50 e 59 anni dall\u20198 maggio al 9 giugno in Ulss Dolomiti, a ieri alle 17 i posti gi\u00e0 prenotati sono 8.700.<\/p>\n<p>&nbsp;<\/p>\n<p>&nbsp;<\/p>\n<hr \/>\n<blockquote>\n<h2><\/h2>\n<h2>MINACCIA DALLE PALE DI SAN LUCANO<\/h2>\n<\/blockquote>\n<p><strong><a href=\"https:\/\/www.radiopiu.net\/wordpress\/minaccia-dalle-pale-di-san-lucano\/b7be660d-9ef1-4c13-8dbe-53f5800a8ea7\/\" rel=\"attachment wp-att-208863\"><img loading=\"lazy\" decoding=\"async\" class=\" wp-image-208863 alignleft\" src=\"https:\/\/www.radiopiu.net\/wordpress\/wp-content\/uploads\/2021\/05\/b7be660d-9ef1-4c13-8dbe-53f5800a8ea7-300x169.jpg\" alt=\"\" width=\"217\" height=\"122\" srcset=\"https:\/\/www.radiopiu.net\/wordpress\/wp-content\/uploads\/2021\/05\/b7be660d-9ef1-4c13-8dbe-53f5800a8ea7-300x169.jpg 300w, https:\/\/www.radiopiu.net\/wordpress\/wp-content\/uploads\/2021\/05\/b7be660d-9ef1-4c13-8dbe-53f5800a8ea7-1024x576.jpg 1024w, https:\/\/www.radiopiu.net\/wordpress\/wp-content\/uploads\/2021\/05\/b7be660d-9ef1-4c13-8dbe-53f5800a8ea7-768x432.jpg 768w, https:\/\/www.radiopiu.net\/wordpress\/wp-content\/uploads\/2021\/05\/b7be660d-9ef1-4c13-8dbe-53f5800a8ea7-1536x864.jpg 1536w, https:\/\/www.radiopiu.net\/wordpress\/wp-content\/uploads\/2021\/05\/b7be660d-9ef1-4c13-8dbe-53f5800a8ea7.jpg 1920w\" sizes=\"auto, (max-width: 217px) 100vw, 217px\" \/><\/a>TAIBON<\/strong> Nel primo pomeriggio dalla centrale Enel di Agordo \u00e8 partita la telefonata di allerta<em> &#8220;Attenzione quel sasso pare si sia spostato&#8221;.\u00a0<\/em>Il sasso \u00e8 un macigno di grandi dimensioni collocato al centro del canal de la Roa che si stacca sulla Pale di San Lucano, sopra la Roa del Forn (ex cava difronte alla centralina idrolettrica sul Tegnas). Un sasso di dimensioni enormi che potrebbe scendere lungo il canale incrociando peraltro la strada tagliafuoco in costruzione tra San Lucano e la localit\u00e0 al Forte, perch\u00e9 si tratta sempre della tristemente famosa zona interessata dall&#8217;incendio del 2018. <em>&#8220;Vista la minaccia e le segnalazioni\u00a0 &#8211; ricorda il tecnico comunale Fulvio Colazzuol &#8211; abbiamo provveduto a fermare momentaneamente il cantiere&#8221;. <\/em>Tecnico, agente di Polizia Locale Gilberto Fossen e i vigili del fuoco\u00a0 di Agordo, che hanno ricevuto la segnalazione, sono saliti fino alla localit\u00e0 Soccol e poi ancora pi\u00f9 su da dove la visione verso la Pale di San Lucano \u00e8 ideale. Intanto da Bologna \u00e8 partito l&#8217;elicottero Drago che a Belluno ha fatto salire i geologi e una volta a Taibon (campo di calcio) hanno preso atto della situazione e sono saliti in quota per capire se quel macigno \u00e8 stabile, si \u00e8 mosso di recente o potr\u00e0 comportare problemi in futuro. Ora l&#8217;attesa delle risposte degli esperti, forse gi\u00e0 domani sia\u00a0 al Comando dei Vigili del Fuoco che in\u00a0 Municipio. Oltre alla strada tagliafuoco in costruzione, sotto ci sono abitazioni e la strada che porta alla Valle di San Lucano.<\/p>\n\n\t\t\t<style type='text\/css'>\n\t\t\t\t#gallery-4 {\n\t\t\t\t\tmargin: auto;\n\t\t\t\t}\n\t\t\t\t#gallery-4 .gallery-item {\n\t\t\t\t\tfloat: left;\n\t\t\t\t\tmargin-top: 10px;\n\t\t\t\t\ttext-align: center;\n\t\t\t\t\twidth: 50%;\n\t\t\t\t}\n\t\t\t\t#gallery-4 img {\n\t\t\t\t\tborder: 2px solid #cfcfcf;\n\t\t\t\t}\n\t\t\t\t#gallery-4 .gallery-caption {\n\t\t\t\t\tmargin-left: 0;\n\t\t\t\t}\n\t\t\t\t\/* see gallery_shortcode() in wp-includes\/media.php *\/\n\t\t\t<\/style>\n\t\t<div id='gallery-4' class='dt-gallery-container gallery galleryid-208648 gallery-columns-2 gallery-size-medium'><dl class='gallery-item'>\n\t\t\t\t<dt class='gallery-icon landscape'>\n\t\t\t\t\t<a class=\"rollover rollover-zoom dt-pswp-item\" title=\"e0a6bb2a-3b46-4beb-a11d-365e63bb8436\" data-dt-img-description=\"\" data-large_image_width=\"1920\" data-large_image_height=\"1080\"href='https:\/\/www.radiopiu.net\/wordpress\/wp-content\/uploads\/2021\/05\/e0a6bb2a-3b46-4beb-a11d-365e63bb8436.jpg'><img loading=\"lazy\" decoding=\"async\" width=\"300\" height=\"169\" src=\"https:\/\/www.radiopiu.net\/wordpress\/wp-content\/uploads\/2021\/05\/e0a6bb2a-3b46-4beb-a11d-365e63bb8436-300x169.jpg\" class=\"attachment-medium size-medium\" alt=\"\" srcset=\"https:\/\/www.radiopiu.net\/wordpress\/wp-content\/uploads\/2021\/05\/e0a6bb2a-3b46-4beb-a11d-365e63bb8436-300x169.jpg 300w, https:\/\/www.radiopiu.net\/wordpress\/wp-content\/uploads\/2021\/05\/e0a6bb2a-3b46-4beb-a11d-365e63bb8436-1024x576.jpg 1024w, https:\/\/www.radiopiu.net\/wordpress\/wp-content\/uploads\/2021\/05\/e0a6bb2a-3b46-4beb-a11d-365e63bb8436-768x432.jpg 768w, https:\/\/www.radiopiu.net\/wordpress\/wp-content\/uploads\/2021\/05\/e0a6bb2a-3b46-4beb-a11d-365e63bb8436-1536x864.jpg 1536w, https:\/\/www.radiopiu.net\/wordpress\/wp-content\/uploads\/2021\/05\/e0a6bb2a-3b46-4beb-a11d-365e63bb8436.jpg 1920w\" sizes=\"auto, (max-width: 300px) 100vw, 300px\" \/><\/a>\n\t\t\t\t<\/dt><\/dl><dl class='gallery-item'>\n\t\t\t\t<dt class='gallery-icon landscape'>\n\t\t\t\t\t<a class=\"rollover rollover-zoom dt-pswp-item\" title=\"da65fc82-653b-4642-a21d-9d09a612c9ff\" data-dt-img-description=\"\" data-large_image_width=\"1024\" data-large_image_height=\"579\"href='https:\/\/www.radiopiu.net\/wordpress\/wp-content\/uploads\/2021\/05\/da65fc82-653b-4642-a21d-9d09a612c9ff.jpg'><img loading=\"lazy\" decoding=\"async\" width=\"300\" height=\"170\" src=\"https:\/\/www.radiopiu.net\/wordpress\/wp-content\/uploads\/2021\/05\/da65fc82-653b-4642-a21d-9d09a612c9ff-300x170.jpg\" class=\"attachment-medium size-medium\" alt=\"\" srcset=\"https:\/\/www.radiopiu.net\/wordpress\/wp-content\/uploads\/2021\/05\/da65fc82-653b-4642-a21d-9d09a612c9ff-300x170.jpg 300w, https:\/\/www.radiopiu.net\/wordpress\/wp-content\/uploads\/2021\/05\/da65fc82-653b-4642-a21d-9d09a612c9ff-768x434.jpg 768w, https:\/\/www.radiopiu.net\/wordpress\/wp-content\/uploads\/2021\/05\/da65fc82-653b-4642-a21d-9d09a612c9ff.jpg 1024w\" sizes=\"auto, (max-width: 300px) 100vw, 300px\" \/><\/a>\n\t\t\t\t<\/dt><\/dl><br style=\"clear: both\" \/><dl class='gallery-item'>\n\t\t\t\t<dt class='gallery-icon landscape'>\n\t\t\t\t\t<a class=\"rollover rollover-zoom dt-pswp-item\" title=\"55af60c8-e2ae-460b-a3be-e514a76c8d1a\" data-dt-img-description=\"\" data-large_image_width=\"1920\" data-large_image_height=\"1080\"href='https:\/\/www.radiopiu.net\/wordpress\/wp-content\/uploads\/2021\/05\/55af60c8-e2ae-460b-a3be-e514a76c8d1a.jpg'><img loading=\"lazy\" decoding=\"async\" width=\"300\" height=\"169\" src=\"https:\/\/www.radiopiu.net\/wordpress\/wp-content\/uploads\/2021\/05\/55af60c8-e2ae-460b-a3be-e514a76c8d1a-300x169.jpg\" class=\"attachment-medium size-medium\" alt=\"\" srcset=\"https:\/\/www.radiopiu.net\/wordpress\/wp-content\/uploads\/2021\/05\/55af60c8-e2ae-460b-a3be-e514a76c8d1a-300x169.jpg 300w, https:\/\/www.radiopiu.net\/wordpress\/wp-content\/uploads\/2021\/05\/55af60c8-e2ae-460b-a3be-e514a76c8d1a-1024x576.jpg 1024w, https:\/\/www.radiopiu.net\/wordpress\/wp-content\/uploads\/2021\/05\/55af60c8-e2ae-460b-a3be-e514a76c8d1a-768x432.jpg 768w, https:\/\/www.radiopiu.net\/wordpress\/wp-content\/uploads\/2021\/05\/55af60c8-e2ae-460b-a3be-e514a76c8d1a-1536x864.jpg 1536w, https:\/\/www.radiopiu.net\/wordpress\/wp-content\/uploads\/2021\/05\/55af60c8-e2ae-460b-a3be-e514a76c8d1a.jpg 1920w\" sizes=\"auto, (max-width: 300px) 100vw, 300px\" \/><\/a>\n\t\t\t\t<\/dt><\/dl><dl class='gallery-item'>\n\t\t\t\t<dt class='gallery-icon portrait'>\n\t\t\t\t\t<a class=\"rollover rollover-zoom dt-pswp-item\" title=\"a4dd54fc-01e5-4e01-91cb-7c140009eeff\" data-dt-img-description=\"\" data-large_image_width=\"698\" data-large_image_height=\"1024\"href='https:\/\/www.radiopiu.net\/wordpress\/wp-content\/uploads\/2021\/05\/a4dd54fc-01e5-4e01-91cb-7c140009eeff.jpg'><img loading=\"lazy\" decoding=\"async\" width=\"204\" height=\"300\" src=\"https:\/\/www.radiopiu.net\/wordpress\/wp-content\/uploads\/2021\/05\/a4dd54fc-01e5-4e01-91cb-7c140009eeff-204x300.jpg\" class=\"attachment-medium size-medium\" alt=\"\" srcset=\"https:\/\/www.radiopiu.net\/wordpress\/wp-content\/uploads\/2021\/05\/a4dd54fc-01e5-4e01-91cb-7c140009eeff-204x300.jpg 204w, https:\/\/www.radiopiu.net\/wordpress\/wp-content\/uploads\/2021\/05\/a4dd54fc-01e5-4e01-91cb-7c140009eeff.jpg 698w\" sizes=\"auto, (max-width: 204px) 100vw, 204px\" \/><\/a>\n\t\t\t\t<\/dt><\/dl><br style=\"clear: both\" \/>\n\t\t\t<\/div>\n\n<p>&nbsp;<\/p>\n<blockquote>\n<h3><a href=\"https:\/\/www.radiopiu.net\/wordpress\/minaccia-dalle-pale-di-san-lucano\/dsc_0540-4\/\" rel=\"attachment wp-att-208935\"><img loading=\"lazy\" decoding=\"async\" class=\"size-medium wp-image-208935 alignleft\" src=\"https:\/\/www.radiopiu.net\/wordpress\/wp-content\/uploads\/2021\/05\/DSC_0540-200x300.jpg\" alt=\"\" width=\"200\" height=\"300\" srcset=\"https:\/\/www.radiopiu.net\/wordpress\/wp-content\/uploads\/2021\/05\/DSC_0540-200x300.jpg 200w, https:\/\/www.radiopiu.net\/wordpress\/wp-content\/uploads\/2021\/05\/DSC_0540-683x1024.jpg 683w, https:\/\/www.radiopiu.net\/wordpress\/wp-content\/uploads\/2021\/05\/DSC_0540-768x1152.jpg 768w, https:\/\/www.radiopiu.net\/wordpress\/wp-content\/uploads\/2021\/05\/DSC_0540-1024x1536.jpg 1024w, https:\/\/www.radiopiu.net\/wordpress\/wp-content\/uploads\/2021\/05\/DSC_0540-1365x2048.jpg 1365w, https:\/\/www.radiopiu.net\/wordpress\/wp-content\/uploads\/2021\/05\/DSC_0540-scaled.jpg 1707w\" sizes=\"auto, (max-width: 200px) 100vw, 200px\" \/><\/a>AGGIORNAMENTO DI IERI SERA ALLE 19<\/h3>\n<\/blockquote>\n<p><strong>TAIBON\u00a0<\/strong> I tecnici saliti in quota con l&#8217;elicottero Drago dei Vigili del Fuoco di Bologna hanno dato le prime indicazioni, il macigno presumibilmente in &#8220;bilico&#8221; non dovrebbe creare grandi preoccupazioni, dovesse anche scendere a valle si incastrerebbe nella stretta valle della Roa. In ogni modo le relazioni dettagliate arriveranno sul tavolo dei tecnici nella mattinata\u00a0 odierna. Al momento nessuna ordinanza dagli uffici di Polizia Locale del Municipio, solo il cantiere della strada taglia fuoco in costruzione \u00e8 momentaneamente bloccato per motivi precauzionali visto che sotto ci lavorano gli operai della ditta incaricata..<\/p>\n<p>&nbsp;<\/p>\n<p>&nbsp;<\/p>\n<p>&nbsp;<\/p>\n<p>&nbsp;<\/p>\n<p>&nbsp;<\/p>\n<p>&nbsp;<\/p>\n<p>&nbsp;<\/p>\n<hr \/>\n<blockquote>\n<h3><\/h3>\n<h3>CONTROLLI SUI TRASPORTI ALIMENTARI, 6000 EURO DI SANZIONI<\/h3>\n<\/blockquote>\n<p><strong><a href=\"https:\/\/www.radiopiu.net\/wordpress\/?attachment_id=60258\" rel=\"attachment wp-att-60258\"><img loading=\"lazy\" decoding=\"async\" class=\" wp-image-60258 alignleft\" src=\"https:\/\/www.radiopiu.net\/wordpress\/wp-content\/uploads\/2018\/09\/POLIZIA-1-300x225.jpg\" alt=\"\" width=\"167\" height=\"125\" srcset=\"https:\/\/www.radiopiu.net\/wordpress\/wp-content\/uploads\/2018\/09\/POLIZIA-1-300x225.jpg 300w, https:\/\/www.radiopiu.net\/wordpress\/wp-content\/uploads\/2018\/09\/POLIZIA-1-768x576.jpg 768w, https:\/\/www.radiopiu.net\/wordpress\/wp-content\/uploads\/2018\/09\/POLIZIA-1-1024x768.jpg 1024w, https:\/\/www.radiopiu.net\/wordpress\/wp-content\/uploads\/2018\/09\/POLIZIA-1.jpg 1600w\" sizes=\"auto, (max-width: 167px) 100vw, 167px\" \/><\/a>BELLUNO <\/strong>I controlli effettuati lungo gli assi stradali provinciali da parte della Sezione di Polizia Stradale di Belluno, hanno consentito negli ultimi mesi di intercettare una serie di trasporti alimentari non conformi alla normativa di riferimento. L\u2019ultimo accertamento in ordine di tempo \u00e8 stato effettuato nella giornata di gioved\u00ec scorso sulla SP1 a Limana, e ha consentito di intercettare e sanzionare un trasporto di carni surgelate, uova e latticini freschi, che risultavano sistemati sul mezzo in maniera eccessivamente promiscua, tale da comprometterne i requisiti igienici generali minimi previsti dalla normativa. Analoghi accertamenti erano gi\u00e0 stati effettuati nel mese di aprile scorso, durante il quale sono stati fermati e sanzionati altri trasporti di alimenti con varie irregolarit\u00e0 riscontrate dal punto di vista igienico sanitario. In particolare, in uno di essi, sulla statale SS 50 a confine con la limitrofa provincia di Trento, \u00e8 stata contestata la cattiva sistemazione di carne fresca, che non solo risultava essere in contatto con le pareti della cella isotermica, ma dalle quali percolava pure del liquido che gocciolava sui cartoni posti sul pianale, a loro volta contenenti della carne. Nell\u2019altro caso, ad Alano di Piave, \u00e8 stato fermato un veicolo privo di adeguata manutenzione ed igienizzazione, con muffe e sporco sedimentato rilevati dalla pattuglia intervenuta, nonch\u00e9 una temperatura non adeguata alla conservazione della merce trasportata (nel caso specifico frattaglie congelate). Anche sulla SP1 a Borgo Valbelluna, era stato fermato e sanzionato un trasporto di latticini e derivati che erano stati sistemati sul mezzo in maniera tale da determinare un rischio di contaminazione del prodotto. All\u2019esito degli accertamenti effettuati, sono state elevate sanzioni amministrative per un importo complessivo di 6.000 euro. I controlli della Polizia Stradale proseguiranno senza sosta, al fine di assicurare che il trasporto di alimenti avvenga sempre nel rispetto delle prescrizioni normative, poste a tutela e garanzia della salute pubblica.<\/p>\n<p>&nbsp;<\/p>\n<p>&nbsp;<\/p>\n<hr \/>\n<p>&nbsp;<\/p>\n<blockquote>\n<h3>LA FREGATA! MARGHERITA SI RITROVA SENZA INTERNET CON UN NUOVO GESTORE NON DESIDERATO<\/h3>\n<\/blockquote>\n<p><strong><a class=\"dt-pswp-item\" href=\"https:\/\/www.radiopiu.net\/wordpress\/wp-content\/uploads\/2021\/05\/download.jpg\" data-dt-img-description=\"\" data-large_image_width=\"328\" data-large_image_height=\"154\"><img loading=\"lazy\" decoding=\"async\" class=\" wp-image-208781 alignleft\" src=\"https:\/\/www.radiopiu.net\/wordpress\/wp-content\/uploads\/2021\/05\/download-300x141.jpg\" alt=\"\" width=\"200\" height=\"94\" srcset=\"https:\/\/www.radiopiu.net\/wordpress\/wp-content\/uploads\/2021\/05\/download-300x141.jpg 300w, https:\/\/www.radiopiu.net\/wordpress\/wp-content\/uploads\/2021\/05\/download.jpg 328w\" sizes=\"auto, (max-width: 200px) 100vw, 200px\" \/><\/a>LIVINALLONGO<\/strong> Margherita Casaril, settant&#8217;anni ma ancora attiva con il suo punto vendita ad Andraz di Livinallongo, un servizio, una missione per il paese quel piccolo negozio di alimentari. Margherita \u00e8 stata abbindolata dal gestore &#8220;fantasma&#8221;. Ignorato il diritto di recesso e ora \u00e8\u00a0 costretta a ricorrere ad un legale. Non bastasse, la linea internet non c&#8217;\u00e8 pi\u00f9 e i problemi si sormontano,\u00a0 ad esempio nel comunicare i dati all&#8217;Agenzia delle Entrate<\/p>\n<p><strong>LA NOSTRA INTERVISTA A MARGHERITA<\/strong><\/p>\n<audio class=\"wp-audio-shortcode\" id=\"audio-208648-1\" preload=\"none\" style=\"width: 100%;\" controls=\"controls\"><source type=\"audio\/mpeg\" src=\"https:\/\/www.radiopiu.net\/wordpress\/wp-content\/uploads\/2021\/05\/margherita.mp3?_=1\" \/><a href=\"https:\/\/www.radiopiu.net\/wordpress\/wp-content\/uploads\/2021\/05\/margherita.mp3\">https:\/\/www.radiopiu.net\/wordpress\/wp-content\/uploads\/2021\/05\/margherita.mp3<\/a><\/audio>\n<p>&nbsp;<\/p>\n<p>&nbsp;<\/p>\n<p>&nbsp;<\/p>\n<hr \/>\n<p>&nbsp;<\/p>\n<blockquote>\n<h3>FERIE LUXOTTICA: GLI UFFICI LAMENTANO CHE NON POSSONO ANCORA EFFETTUARE LA SCELTA<\/h3>\n<\/blockquote>\n<p><strong><a href=\"https:\/\/www.radiopiu.net\/wordpress\/le-nuove-insegne-di-luxottica-ad-agordo\/nuova-insegna-luxottica\/\" rel=\"attachment wp-att-113444\"><img loading=\"lazy\" decoding=\"async\" class=\" wp-image-113444 alignleft\" src=\"https:\/\/www.radiopiu.net\/wordpress\/wp-content\/uploads\/2020\/01\/NUOVA-INSEGNA-LUXOTTICA-300x225.jpg\" alt=\"\" width=\"175\" height=\"131\" srcset=\"https:\/\/www.radiopiu.net\/wordpress\/wp-content\/uploads\/2020\/01\/NUOVA-INSEGNA-LUXOTTICA-300x225.jpg 300w, https:\/\/www.radiopiu.net\/wordpress\/wp-content\/uploads\/2020\/01\/NUOVA-INSEGNA-LUXOTTICA-1024x768.jpg 1024w, https:\/\/www.radiopiu.net\/wordpress\/wp-content\/uploads\/2020\/01\/NUOVA-INSEGNA-LUXOTTICA-768x576.jpg 768w, https:\/\/www.radiopiu.net\/wordpress\/wp-content\/uploads\/2020\/01\/NUOVA-INSEGNA-LUXOTTICA-1536x1152.jpg 1536w, https:\/\/www.radiopiu.net\/wordpress\/wp-content\/uploads\/2020\/01\/NUOVA-INSEGNA-LUXOTTICA-2048x1536.jpg 2048w\" sizes=\"auto, (max-width: 175px) 100vw, 175px\" \/><\/a>AGORDO<\/strong> Come per la produzione, anche gli uffici dello stabilimento Luxottica di Agordo &#8220;chiuderanno&#8221; nelle due settimane centrali di agosto e una settimana potr\u00e0 essere usufruita a scelta, anche a giornate singole. Come \u00e8 successo per gli operai anche gli impiegati dovranno fare la propria scelta ma al momento l&#8217;azienda non ha dato comunicazione di quando si potr\u00e0 iniziare a pianificare la terza settimana di ferie. &#8220;<em>Abbiamo ricevuto da parte di impiegati diverse segnalazioni sul fatto che, a distanza di giorni dalla firma dell&#8217;accordo, non fosse ancora arrivata una comunicazione aziendale sulle ferie &#8211; dicono i delegati UILTEC di Agordo &#8211; questo aveva anche creato qualche difficolt\u00e0 a coloro che, lavorando in produzione, dovevano prenotare le ferie avendo per\u00f2 necessit\u00e0 di farle coincidere con uno o pi\u00f9 familiari impiegati negli uffici. L&#8217;azienda, interpellata sul tema, ci ha detto che la comunicazione sar\u00e0 inviata a breve a tutte le persone coinvolte. Ovviamente verr\u00e0 dato un adeguato lasso di tempo per la prenotazione e verranno gestite eventuali problematiche<\/em>&#8220;.<\/p>\n<p>&nbsp;<\/p>\n<p>&nbsp;<\/p>\n<p>&nbsp;<\/p>\n<hr \/>\n<p>&nbsp;<\/p>\n<blockquote>\n<h3>ACC &#8220;SIAMO A DISPOSIZIONE&#8221; DICE IL PRESIDENTE DELLA REGIONE ALL&#8217;ANNUNCIO CHE MERCOLEDI BUSSERANNO A PALAZZO FERRO FINI<\/h3>\n<\/blockquote>\n<blockquote><p><strong><img loading=\"lazy\" decoding=\"async\" class=\"alignleft\" src=\"https:\/\/www.radiopiu.net\/wordpress\/wp-content\/uploads\/2019\/09\/STABILIMENTO-WANBAO-DI-MEL.-DONAZZAN-%E2%80%9CDOPO-IL-PRIMO-TRAGUARDO-DI-OGGI-CHIEDEREMO-RASSICURAZIONI-SUL-MANTENIMENTO-DELLA-PRODUZIONE.jpg\" width=\"167\" height=\"125\" \/>audio dalla conferenza stampa di Venezia<\/strong><\/p><\/blockquote>\n<p><strong>VENEZIA<\/strong> Le Maestranze Acc scenderanno a Venezia a Palazzo Ferro Fini. Zaia pronto a riceverli come ha ricordato in conferenza stampa <em>&#8220;Siamo a disposizione&#8221;.<\/em><\/p>\n<audio class=\"wp-audio-shortcode\" id=\"audio-208648-2\" preload=\"none\" style=\"width: 100%;\" controls=\"controls\"><source type=\"audio\/mpeg\" src=\"https:\/\/www.radiopiu.net\/wordpress\/wp-content\/uploads\/2021\/05\/ZAIA-AZZ.mp3?_=2\" \/><a href=\"https:\/\/www.radiopiu.net\/wordpress\/wp-content\/uploads\/2021\/05\/ZAIA-AZZ.mp3\">https:\/\/www.radiopiu.net\/wordpress\/wp-content\/uploads\/2021\/05\/ZAIA-AZZ.mp3<\/a><\/audio>\n<p>&nbsp;<\/p>\n<blockquote>\n<h2>DALLA ACC LA RISPOSTA ALLE DICHIARAZIONI DI ZAIA<\/h2>\n<\/blockquote>\n<p><em><a href=\"https:\/\/www.radiopiu.net\/wordpress\/dalla-acc-la-risposta-alle-dichiarazioni-odierne-di-zaia\/pp-61\/\" rel=\"attachment wp-att-208886\"><img loading=\"lazy\" decoding=\"async\" class=\"wp-image-208886 alignleft\" src=\"https:\/\/www.radiopiu.net\/wordpress\/wp-content\/uploads\/2021\/05\/pp-1-300x300.jpg\" alt=\"\" width=\"178\" height=\"178\" srcset=\"https:\/\/www.radiopiu.net\/wordpress\/wp-content\/uploads\/2021\/05\/pp-1-300x300.jpg 300w, https:\/\/www.radiopiu.net\/wordpress\/wp-content\/uploads\/2021\/05\/pp-1-150x150.jpg 150w, https:\/\/www.radiopiu.net\/wordpress\/wp-content\/uploads\/2021\/05\/pp-1.jpg 640w\" sizes=\"auto, (max-width: 178px) 100vw, 178px\" \/><\/a>&#8220;Ringraziamo il presidente Zaia per la disponibilit\u00e0 ad incontrare le maestranze di Acc Wanbao il prossimo 12 Maggio in occasione della nostra manifestazione a Venezia, gli illustreremo la situazione e le nostre proposte per individuare soluzioni utili e necessarie per garantire, insieme, futuro industriale e occupazionale ad Acc, di seguito succintamente indichiamo la situazione e la sua drammatica urgenza.Il governo deve dare una parola chiara e conclusiva sull&#8217;art 37. Il Conte 2 aveva puntato prima sull, art. 55 Prodi bis( vanificato dalla DG comp. EU) e poi sull&#8217;art 1 DL liquidit\u00e0 Garanzia Italia interrotto dalla crisi di governo. L&#8217;esecutivo Draghi ha puntato invece sul 37 per i tempi troppo lunghi del fondo di sostegno per le grandi aziende, poi la nota di Giorgetti che ha abortito l&#8217;emendamento anticipatorio al 37 ha sostenuto che \u00e8 inutilizzabile perch\u00e9 richiama in campo la DG Comp EU con la notifica individuale sugli aiuti di stato. Il governo Draghi deve quindi dire come trovare i soldi per Acc, per finanziare il tempo della vendita, che non pu\u00f2 essere accorciato a meno di 6 mesi, anche se si rinuncia a Italcomp e si cerca un compratore per Acc. Qui non c&#8217;\u00e8 in ballo Italcomp ma il meccanismo stesso dell&#8217;amministrazione straordinaria. In virt\u00f9 della quale Acc \u00e8 una azienda del governo e quindi cosa vuole farne? \u00c8 in gioco la credibilit\u00e0 internazionale dell&#8217;esecutivo, Electrolux, Bosch, Liebherr, Whirlpool il mercato si \u00e8 fidato del governo ed ora ci dicano come risolvere il caso&#8221;<\/em><\/p>\n<p>&nbsp;<\/p>\n<hr \/>\n<p>&nbsp;<\/p>\n<blockquote>\n<h3>IL COMUNE PRECISA SULLA SABBIONAIA, MA IL PROBLEMA E&#8217; UN ALTRO<\/h3>\n<\/blockquote>\n<p><strong><a href=\"https:\/\/www.radiopiu.net\/wordpress\/il-comune-precisa-sulla-sabbionaia-ma-il-problema-e-un-altro\/ade969ea-8bf0-4af1-838d-35212bc91a2a-300x225\/\" rel=\"attachment wp-att-208976\"><img loading=\"lazy\" decoding=\"async\" class=\"wp-image-208976 alignleft\" src=\"https:\/\/www.radiopiu.net\/wordpress\/wp-content\/uploads\/2021\/05\/ade969ea-8bf0-4af1-838d-35212bc91a2a-300x225-1.jpg\" alt=\"\" width=\"161\" height=\"121\" \/><\/a>RIVAMONTE<\/strong> La sabbionaia delle polemiche di un privato (colonia di 7-8 gatti sterilizzati), il traliccio marrone che il paese non voleva e soprattutto il rischio di perdere una scuola perch\u00e9 gli alunni dal prossimo anno potrebbero scegliere un&#8217;altra scuola.<\/p>\n<p><strong>di GIANNI SANTOMASO<\/strong><\/p>\n<audio class=\"wp-audio-shortcode\" id=\"audio-208648-3\" preload=\"none\" style=\"width: 100%;\" controls=\"controls\"><source type=\"audio\/mpeg\" src=\"https:\/\/www.radiopiu.net\/wordpress\/wp-content\/uploads\/2021\/05\/GIANNI-SABBIONAIA.mp3?_=3\" \/><a href=\"https:\/\/www.radiopiu.net\/wordpress\/wp-content\/uploads\/2021\/05\/GIANNI-SABBIONAIA.mp3\">https:\/\/www.radiopiu.net\/wordpress\/wp-content\/uploads\/2021\/05\/GIANNI-SABBIONAIA.mp3<\/a><\/audio>\n<p>&nbsp;<\/p>\n<p>&nbsp;<\/p>\n<p><strong><span style=\"color: #ff0000;\">NOTIZIARIO DEL 7 MAGGIO<\/span><\/strong><\/p>\n<h3>LA SABBIONAIA DELLA SCUOLA DI RIVAMONTE TRASFORMATA IN LETTIERA PER GATTI<\/h3>\n<audio class=\"wp-audio-shortcode\" id=\"audio-208648-4\" preload=\"none\" style=\"width: 100%;\" controls=\"controls\"><source type=\"audio\/mpeg\" src=\"https:\/\/www.radiopiu.net\/wordpress\/wp-content\/uploads\/2021\/05\/GIANNI-PROTESTE-SCUOLE-RIVAMONTE.mp3?_=4\" \/><a href=\"https:\/\/www.radiopiu.net\/wordpress\/wp-content\/uploads\/2021\/05\/GIANNI-PROTESTE-SCUOLE-RIVAMONTE.mp3\">https:\/\/www.radiopiu.net\/wordpress\/wp-content\/uploads\/2021\/05\/GIANNI-PROTESTE-SCUOLE-RIVAMONTE.mp3<\/a><\/audio>\n<p>&nbsp;<\/p>\n\n\t\t\t<style type='text\/css'>\n\t\t\t\t#gallery-5 {\n\t\t\t\t\tmargin: auto;\n\t\t\t\t}\n\t\t\t\t#gallery-5 .gallery-item {\n\t\t\t\t\tfloat: left;\n\t\t\t\t\tmargin-top: 10px;\n\t\t\t\t\ttext-align: center;\n\t\t\t\t\twidth: 33%;\n\t\t\t\t}\n\t\t\t\t#gallery-5 img {\n\t\t\t\t\tborder: 2px solid #cfcfcf;\n\t\t\t\t}\n\t\t\t\t#gallery-5 .gallery-caption {\n\t\t\t\t\tmargin-left: 0;\n\t\t\t\t}\n\t\t\t\t\/* see gallery_shortcode() in wp-includes\/media.php *\/\n\t\t\t<\/style>\n\t\t<div id='gallery-5' class='dt-gallery-container gallery galleryid-208648 gallery-columns-3 gallery-size-medium'><dl class='gallery-item'>\n\t\t\t\t<dt class='gallery-icon landscape'>\n\t\t\t\t\t<a class=\"rollover rollover-zoom dt-pswp-item\" title=\"ade969ea-8bf0-4af1-838d-35212bc91a2a\" data-dt-img-description=\"\" data-large_image_width=\"1600\" data-large_image_height=\"1200\"href='https:\/\/www.radiopiu.net\/wordpress\/wp-content\/uploads\/2021\/05\/ade969ea-8bf0-4af1-838d-35212bc91a2a.jpg'><img loading=\"lazy\" decoding=\"async\" width=\"300\" height=\"225\" src=\"https:\/\/www.radiopiu.net\/wordpress\/wp-content\/uploads\/2021\/05\/ade969ea-8bf0-4af1-838d-35212bc91a2a-300x225.jpg\" class=\"attachment-medium size-medium\" alt=\"\" srcset=\"https:\/\/www.radiopiu.net\/wordpress\/wp-content\/uploads\/2021\/05\/ade969ea-8bf0-4af1-838d-35212bc91a2a-300x225.jpg 300w, https:\/\/www.radiopiu.net\/wordpress\/wp-content\/uploads\/2021\/05\/ade969ea-8bf0-4af1-838d-35212bc91a2a-1024x768.jpg 1024w, https:\/\/www.radiopiu.net\/wordpress\/wp-content\/uploads\/2021\/05\/ade969ea-8bf0-4af1-838d-35212bc91a2a-768x576.jpg 768w, https:\/\/www.radiopiu.net\/wordpress\/wp-content\/uploads\/2021\/05\/ade969ea-8bf0-4af1-838d-35212bc91a2a-1536x1152.jpg 1536w, https:\/\/www.radiopiu.net\/wordpress\/wp-content\/uploads\/2021\/05\/ade969ea-8bf0-4af1-838d-35212bc91a2a.jpg 1600w\" sizes=\"auto, (max-width: 300px) 100vw, 300px\" \/><\/a>\n\t\t\t\t<\/dt><\/dl><dl class='gallery-item'>\n\t\t\t\t<dt class='gallery-icon landscape'>\n\t\t\t\t\t<a class=\"rollover rollover-zoom dt-pswp-item\" title=\"de121854-9f87-432e-b4a6-842a5e2c6116\" data-dt-img-description=\"\" data-large_image_width=\"1600\" data-large_image_height=\"1200\"href='https:\/\/www.radiopiu.net\/wordpress\/wp-content\/uploads\/2021\/05\/de121854-9f87-432e-b4a6-842a5e2c6116.jpg'><img loading=\"lazy\" decoding=\"async\" width=\"300\" height=\"225\" src=\"https:\/\/www.radiopiu.net\/wordpress\/wp-content\/uploads\/2021\/05\/de121854-9f87-432e-b4a6-842a5e2c6116-300x225.jpg\" class=\"attachment-medium size-medium\" alt=\"\" srcset=\"https:\/\/www.radiopiu.net\/wordpress\/wp-content\/uploads\/2021\/05\/de121854-9f87-432e-b4a6-842a5e2c6116-300x225.jpg 300w, https:\/\/www.radiopiu.net\/wordpress\/wp-content\/uploads\/2021\/05\/de121854-9f87-432e-b4a6-842a5e2c6116-1024x768.jpg 1024w, https:\/\/www.radiopiu.net\/wordpress\/wp-content\/uploads\/2021\/05\/de121854-9f87-432e-b4a6-842a5e2c6116-768x576.jpg 768w, https:\/\/www.radiopiu.net\/wordpress\/wp-content\/uploads\/2021\/05\/de121854-9f87-432e-b4a6-842a5e2c6116-1536x1152.jpg 1536w, https:\/\/www.radiopiu.net\/wordpress\/wp-content\/uploads\/2021\/05\/de121854-9f87-432e-b4a6-842a5e2c6116.jpg 1600w\" sizes=\"auto, (max-width: 300px) 100vw, 300px\" \/><\/a>\n\t\t\t\t<\/dt><\/dl><dl class='gallery-item'>\n\t\t\t\t<dt class='gallery-icon landscape'>\n\t\t\t\t\t<a class=\"rollover rollover-zoom dt-pswp-item\" title=\"56c50db9-3beb-4bac-841c-a828b5f8f56b\" data-dt-img-description=\"\" data-large_image_width=\"1600\" data-large_image_height=\"1200\"href='https:\/\/www.radiopiu.net\/wordpress\/wp-content\/uploads\/2021\/05\/56c50db9-3beb-4bac-841c-a828b5f8f56b.jpg'><img loading=\"lazy\" decoding=\"async\" width=\"300\" height=\"225\" src=\"https:\/\/www.radiopiu.net\/wordpress\/wp-content\/uploads\/2021\/05\/56c50db9-3beb-4bac-841c-a828b5f8f56b-300x225.jpg\" class=\"attachment-medium size-medium\" alt=\"\" srcset=\"https:\/\/www.radiopiu.net\/wordpress\/wp-content\/uploads\/2021\/05\/56c50db9-3beb-4bac-841c-a828b5f8f56b-300x225.jpg 300w, https:\/\/www.radiopiu.net\/wordpress\/wp-content\/uploads\/2021\/05\/56c50db9-3beb-4bac-841c-a828b5f8f56b-1024x768.jpg 1024w, https:\/\/www.radiopiu.net\/wordpress\/wp-content\/uploads\/2021\/05\/56c50db9-3beb-4bac-841c-a828b5f8f56b-768x576.jpg 768w, https:\/\/www.radiopiu.net\/wordpress\/wp-content\/uploads\/2021\/05\/56c50db9-3beb-4bac-841c-a828b5f8f56b-1536x1152.jpg 1536w, https:\/\/www.radiopiu.net\/wordpress\/wp-content\/uploads\/2021\/05\/56c50db9-3beb-4bac-841c-a828b5f8f56b.jpg 1600w\" sizes=\"auto, (max-width: 300px) 100vw, 300px\" \/><\/a>\n\t\t\t\t<\/dt><\/dl><br style=\"clear: both\" \/>\n\t\t\t<\/div>\n\n<p>&nbsp;<\/p>\n<p><strong><span style=\"color: #ff0000;\">NOTIZIARIO 6 MAGGIO<\/span><\/strong><\/p>\n<blockquote>\n<h3>L&#8217;ANTENNA CHE RIVAMONTE NON VOLEVA&#8230;<\/h3>\n<\/blockquote>\n<p><strong>RIVAMONTE<\/strong> Cemento, ferro, antenne e cavi. Il nuovo monumento alla tecnologia in uno dei luoghi pi\u00f9 panoramici e integri del territorio al Camp o Pradalares. Dopo le riunioni con l&#8217;amministrazione comunale e l&#8217;azienda telefonica ecco il finale, da questa mattina il traliccio prende corpo. MontatI 8 pezzi da 3 metri cio\u00e8 24 metri di traliccio<br \/>\n<strong>\u00a0foto Giuliano Laveder<\/strong><\/p>\n\n\t\t\t<style type='text\/css'>\n\t\t\t\t#gallery-6 {\n\t\t\t\t\tmargin: auto;\n\t\t\t\t}\n\t\t\t\t#gallery-6 .gallery-item {\n\t\t\t\t\tfloat: left;\n\t\t\t\t\tmargin-top: 10px;\n\t\t\t\t\ttext-align: center;\n\t\t\t\t\twidth: 33%;\n\t\t\t\t}\n\t\t\t\t#gallery-6 img {\n\t\t\t\t\tborder: 2px solid #cfcfcf;\n\t\t\t\t}\n\t\t\t\t#gallery-6 .gallery-caption {\n\t\t\t\t\tmargin-left: 0;\n\t\t\t\t}\n\t\t\t\t\/* see gallery_shortcode() in wp-includes\/media.php *\/\n\t\t\t<\/style>\n\t\t<div id='gallery-6' class='dt-gallery-container gallery galleryid-208648 gallery-columns-3 gallery-size-medium'><dl class='gallery-item'>\n\t\t\t\t<dt class='gallery-icon portrait'>\n\t\t\t\t\t<a class=\"rollover rollover-zoom dt-pswp-item\" title=\"9a937624-4d54-4ff7-bba8-104101e4fa1b\" data-dt-img-description=\"\" data-large_image_width=\"1536\" data-large_image_height=\"2048\"href='https:\/\/www.radiopiu.net\/wordpress\/wp-content\/uploads\/2021\/05\/9a937624-4d54-4ff7-bba8-104101e4fa1b.jpg'><img loading=\"lazy\" decoding=\"async\" width=\"225\" height=\"300\" src=\"https:\/\/www.radiopiu.net\/wordpress\/wp-content\/uploads\/2021\/05\/9a937624-4d54-4ff7-bba8-104101e4fa1b-225x300.jpg\" class=\"attachment-medium size-medium\" alt=\"\" srcset=\"https:\/\/www.radiopiu.net\/wordpress\/wp-content\/uploads\/2021\/05\/9a937624-4d54-4ff7-bba8-104101e4fa1b-225x300.jpg 225w, https:\/\/www.radiopiu.net\/wordpress\/wp-content\/uploads\/2021\/05\/9a937624-4d54-4ff7-bba8-104101e4fa1b-768x1024.jpg 768w, https:\/\/www.radiopiu.net\/wordpress\/wp-content\/uploads\/2021\/05\/9a937624-4d54-4ff7-bba8-104101e4fa1b-1152x1536.jpg 1152w, https:\/\/www.radiopiu.net\/wordpress\/wp-content\/uploads\/2021\/05\/9a937624-4d54-4ff7-bba8-104101e4fa1b.jpg 1536w\" sizes=\"auto, (max-width: 225px) 100vw, 225px\" \/><\/a>\n\t\t\t\t<\/dt><\/dl><dl class='gallery-item'>\n\t\t\t\t<dt class='gallery-icon portrait'>\n\t\t\t\t\t<a class=\"rollover rollover-zoom dt-pswp-item\" title=\"567ad990-82fc-4b34-be77-c5d44d35ba22\" data-dt-img-description=\"\" data-large_image_width=\"1536\" data-large_image_height=\"2048\"href='https:\/\/www.radiopiu.net\/wordpress\/wp-content\/uploads\/2021\/05\/567ad990-82fc-4b34-be77-c5d44d35ba22.jpg'><img loading=\"lazy\" decoding=\"async\" width=\"225\" height=\"300\" src=\"https:\/\/www.radiopiu.net\/wordpress\/wp-content\/uploads\/2021\/05\/567ad990-82fc-4b34-be77-c5d44d35ba22-225x300.jpg\" class=\"attachment-medium size-medium\" alt=\"\" srcset=\"https:\/\/www.radiopiu.net\/wordpress\/wp-content\/uploads\/2021\/05\/567ad990-82fc-4b34-be77-c5d44d35ba22-225x300.jpg 225w, https:\/\/www.radiopiu.net\/wordpress\/wp-content\/uploads\/2021\/05\/567ad990-82fc-4b34-be77-c5d44d35ba22-768x1024.jpg 768w, https:\/\/www.radiopiu.net\/wordpress\/wp-content\/uploads\/2021\/05\/567ad990-82fc-4b34-be77-c5d44d35ba22-1152x1536.jpg 1152w, https:\/\/www.radiopiu.net\/wordpress\/wp-content\/uploads\/2021\/05\/567ad990-82fc-4b34-be77-c5d44d35ba22.jpg 1536w\" sizes=\"auto, (max-width: 225px) 100vw, 225px\" \/><\/a>\n\t\t\t\t<\/dt><\/dl><dl class='gallery-item'>\n\t\t\t\t<dt class='gallery-icon portrait'>\n\t\t\t\t\t<a class=\"rollover rollover-zoom dt-pswp-item\" title=\"dfc47846-3f1e-4232-9ac7-55cce0068f66\" data-dt-img-description=\"\" data-large_image_width=\"1536\" data-large_image_height=\"2048\"href='https:\/\/www.radiopiu.net\/wordpress\/wp-content\/uploads\/2021\/05\/dfc47846-3f1e-4232-9ac7-55cce0068f66.jpg'><img loading=\"lazy\" decoding=\"async\" width=\"225\" height=\"300\" src=\"https:\/\/www.radiopiu.net\/wordpress\/wp-content\/uploads\/2021\/05\/dfc47846-3f1e-4232-9ac7-55cce0068f66-225x300.jpg\" class=\"attachment-medium size-medium\" alt=\"\" srcset=\"https:\/\/www.radiopiu.net\/wordpress\/wp-content\/uploads\/2021\/05\/dfc47846-3f1e-4232-9ac7-55cce0068f66-225x300.jpg 225w, https:\/\/www.radiopiu.net\/wordpress\/wp-content\/uploads\/2021\/05\/dfc47846-3f1e-4232-9ac7-55cce0068f66-768x1024.jpg 768w, https:\/\/www.radiopiu.net\/wordpress\/wp-content\/uploads\/2021\/05\/dfc47846-3f1e-4232-9ac7-55cce0068f66-1152x1536.jpg 1152w, https:\/\/www.radiopiu.net\/wordpress\/wp-content\/uploads\/2021\/05\/dfc47846-3f1e-4232-9ac7-55cce0068f66.jpg 1536w\" sizes=\"auto, (max-width: 225px) 100vw, 225px\" \/><\/a>\n\t\t\t\t<\/dt><\/dl><br style=\"clear: both\" \/>\n\t\t\t<\/div>\n\n<p>&nbsp;<\/p>\n<p>&nbsp;<\/p>\n<hr \/>\n<blockquote>\n<h3 style=\"text-align: left;\"><\/h3>\n<h3 style=\"text-align: left;\">INCIDENZA COVID COMUNE PER COMUNE, MEGLIO DI SETTE GIORNI FA<\/h3>\n<p><em>Scende a 59 casi ogni 100 mila abitanti l\u2019incidenza del Covid-19. Scende al grado 1 su 5 il rischio di appesantire l\u2019attivit\u00e0 delle Rianimazioni provinciali, mentre \u00e8 pari a 2 (sempre su \u00a0una scala che arriva fino a 5) quello relativo ai reparti di area non critica.<\/em><\/p><\/blockquote>\n<p><strong><img loading=\"lazy\" decoding=\"async\" class=\"alignleft\" src=\"https:\/\/www.radiopiu.net\/wordpress\/wp-content\/uploads\/2021\/05\/710a973d-e368-4401-930f-b90c9979890b.jpg\" width=\"214\" height=\"232\" \/>BELLUNO<\/strong> Tanti Comuni colorati di bianco, non significa che sono Comuni covid free, privi di persone in quarantena o positivi, significa che i Comuni &#8220;bianchi&#8221; (35) non hanno registrato nuovi contagi negli ultimi sette giorni. Va meglio in tutta la provincia anche a La Valle Agordina e Conca Agordina dove la scorsa settimana imperava il colore scuro (251-500 casi ogni 100 mila abitanti). I Comuni pi\u00f9 contagiati negli ultimi sette giorni risultano: Longarone, Tambre d&#8217;Alpago, Arsi\u00e8, Falcade e San Vito di Cadore (126-250 contagi per 100 mila abitanti). Colorazione pi\u00f9 tenute per la zona del Cadore e Valbelluna (1-125).<\/p>\n<p><strong>IN SEQUENZA L&#8217;ANDAMENTO DELLE ULTIME 4 SETTIMANE<\/strong><\/p>\n<p><a href=\"https:\/\/www.radiopiu.net\/wordpress\/covid-in-provincia-il-punto-della-ulss-1-dolomiti-in-agordino-nuovi-casi-ad-agordo-voltago-la-valle-falcade-e-livinallongo\/2-84\/\" rel=\"attachment wp-att-207391\"><img loading=\"lazy\" decoding=\"async\" class=\"alignnone wp-image-207391 \" src=\"https:\/\/www.radiopiu.net\/wordpress\/wp-content\/uploads\/2021\/05\/2.jpg\" alt=\"\" width=\"292\" height=\"300\" srcset=\"https:\/\/www.radiopiu.net\/wordpress\/wp-content\/uploads\/2021\/05\/2.jpg 966w, https:\/\/www.radiopiu.net\/wordpress\/wp-content\/uploads\/2021\/05\/2-291x300.jpg 291w, https:\/\/www.radiopiu.net\/wordpress\/wp-content\/uploads\/2021\/05\/2-768x792.jpg 768w\" sizes=\"auto, (max-width: 292px) 100vw, 292px\" \/><\/a><a href=\"https:\/\/www.radiopiu.net\/wordpress\/scende-a-80-lincidenza-per-100-mila-abitanti-la-nuova-mappa-del-contagio-comune-per-comune\/asdasdasdasdasdasdasdasd\/\" rel=\"attachment wp-att-206067\"><img loading=\"lazy\" decoding=\"async\" class=\"alignnone size-medium wp-image-206067\" src=\"https:\/\/www.radiopiu.net\/wordpress\/wp-content\/uploads\/2021\/04\/asdasdasdasdasdasdasdasd-290x300.jpg\" alt=\"\" width=\"290\" height=\"300\" srcset=\"https:\/\/www.radiopiu.net\/wordpress\/wp-content\/uploads\/2021\/04\/asdasdasdasdasdasdasdasd-290x300.jpg 290w, https:\/\/www.radiopiu.net\/wordpress\/wp-content\/uploads\/2021\/04\/asdasdasdasdasdasdasdasd-991x1024.jpg 991w, https:\/\/www.radiopiu.net\/wordpress\/wp-content\/uploads\/2021\/04\/asdasdasdasdasdasdasdasd-768x794.jpg 768w, https:\/\/www.radiopiu.net\/wordpress\/wp-content\/uploads\/2021\/04\/asdasdasdasdasdasdasdasd-1486x1536.jpg 1486w, https:\/\/www.radiopiu.net\/wordpress\/wp-content\/uploads\/2021\/04\/asdasdasdasdasdasdasdasd.jpg 1548w\" sizes=\"auto, (max-width: 290px) 100vw, 290px\" \/><\/a><\/p>\n<p>&nbsp;<\/p>\n<p>&nbsp;<\/p>\n<p><a href=\"https:\/\/www.radiopiu.net\/wordpress\/alleghe-rimane-il-comune-piu-contagiato-in-crescita-a-cortina-la-valle-alano-vigo-e-soverzene\/5048c42e-0717-474a-935d-ad9a6d0526b4\/\" rel=\"attachment wp-att-204474\"><img loading=\"lazy\" decoding=\"async\" class=\"alignnone size-medium wp-image-204474\" src=\"https:\/\/www.radiopiu.net\/wordpress\/wp-content\/uploads\/2021\/04\/5048c42e-0717-474a-935d-ad9a6d0526b4-300x300.jpg\" alt=\"\" width=\"300\" height=\"300\" srcset=\"https:\/\/www.radiopiu.net\/wordpress\/wp-content\/uploads\/2021\/04\/5048c42e-0717-474a-935d-ad9a6d0526b4-300x300.jpg 300w, https:\/\/www.radiopiu.net\/wordpress\/wp-content\/uploads\/2021\/04\/5048c42e-0717-474a-935d-ad9a6d0526b4-150x150.jpg 150w, https:\/\/www.radiopiu.net\/wordpress\/wp-content\/uploads\/2021\/04\/5048c42e-0717-474a-935d-ad9a6d0526b4-768x770.jpg 768w, https:\/\/www.radiopiu.net\/wordpress\/wp-content\/uploads\/2021\/04\/5048c42e-0717-474a-935d-ad9a6d0526b4.jpg 1021w\" sizes=\"auto, (max-width: 300px) 100vw, 300px\" \/><\/a><a href=\"https:\/\/www.radiopiu.net\/wordpress\/curve-verso-il-basso-e-sempre-piu-comuni-liberi-dal-virus-record-di-casi-ad-alleghe-e-soverzene\/c9150f1c-cab9-447a-8417-fe26cb134f32\/\" rel=\"attachment wp-att-203016\"><img loading=\"lazy\" decoding=\"async\" class=\"alignnone size-medium wp-image-203016\" src=\"https:\/\/www.radiopiu.net\/wordpress\/wp-content\/uploads\/2021\/04\/c9150f1c-cab9-447a-8417-fe26cb134f32-281x300.jpg\" alt=\"\" width=\"281\" height=\"300\" srcset=\"https:\/\/www.radiopiu.net\/wordpress\/wp-content\/uploads\/2021\/04\/c9150f1c-cab9-447a-8417-fe26cb134f32-281x300.jpg 281w, https:\/\/www.radiopiu.net\/wordpress\/wp-content\/uploads\/2021\/04\/c9150f1c-cab9-447a-8417-fe26cb134f32-958x1024.jpg 958w, https:\/\/www.radiopiu.net\/wordpress\/wp-content\/uploads\/2021\/04\/c9150f1c-cab9-447a-8417-fe26cb134f32-768x821.jpg 768w, https:\/\/www.radiopiu.net\/wordpress\/wp-content\/uploads\/2021\/04\/c9150f1c-cab9-447a-8417-fe26cb134f32.jpg 1125w\" sizes=\"auto, (max-width: 281px) 100vw, 281px\" \/><\/a><\/p>\n<p>&nbsp;<\/p>\n<hr \/>\n<p>&nbsp;<\/p>\n<blockquote>\n<h3><\/h3>\n<h3>IN PROVINCIA UN TERZO DI NUOVI POSITIVI RISPETTO A IERI<\/h3>\n<\/blockquote>\n<p><strong>BELLUNO<\/strong> Aggiornamento covid 19:\u00a0 A ieri mattina alle 8, dall\u2019inizio dell\u2019epidemia, sono stati effettuati 260 mila tamponi molecolari e 185 mila tamponi antigenici, nelle ultime 24 ore in provincia di Belluno sono state riscontrate 4\u00a0 positivit\u00e0 (un terzo rispetto alle 15 di ieri), attualmente positivi 406 (-10).\u00a0<b> <\/b>\u00a0Le persone covid positive ricoverate negli ospedali dell\u2019Ulss sono 30 (nessuna variazione nelle 24 ore): 1 in terapia intensiva e 11 in area non critica all\u2019ospedale di Belluno, 10 in area non critica all\u2019ospedale di Feltre, 8 nell\u2019ospedale di comunit\u00e0 di Feltre. Nelle ultime 24 ore negli ospedali dell\u2019Ulss Dolomiti non sono stati registrati decessi di pazienti covid positivi.<\/p>\n\n\t\t\t<style type='text\/css'>\n\t\t\t\t#gallery-7 {\n\t\t\t\t\tmargin: auto;\n\t\t\t\t}\n\t\t\t\t#gallery-7 .gallery-item {\n\t\t\t\t\tfloat: left;\n\t\t\t\t\tmargin-top: 10px;\n\t\t\t\t\ttext-align: center;\n\t\t\t\t\twidth: 33%;\n\t\t\t\t}\n\t\t\t\t#gallery-7 img {\n\t\t\t\t\tborder: 2px solid #cfcfcf;\n\t\t\t\t}\n\t\t\t\t#gallery-7 .gallery-caption {\n\t\t\t\t\tmargin-left: 0;\n\t\t\t\t}\n\t\t\t\t\/* see gallery_shortcode() in wp-includes\/media.php *\/\n\t\t\t<\/style>\n\t\t<div id='gallery-7' class='dt-gallery-container gallery galleryid-208648 gallery-columns-3 gallery-size-thumbnail'><dl class='gallery-item'>\n\t\t\t\t<dt class='gallery-icon landscape'>\n\t\t\t\t\t<a class=\"rollover\" href='https:\/\/www.radiopiu.net\/wordpress\/in-provincia-un-terzo\/014480b2-3ce6-4966-aff0-56862f1c3e31\/'><img loading=\"lazy\" decoding=\"async\" width=\"150\" height=\"150\" src=\"https:\/\/www.radiopiu.net\/wordpress\/wp-content\/uploads\/2021\/05\/014480b2-3ce6-4966-aff0-56862f1c3e31-150x150.jpg\" class=\"attachment-thumbnail size-thumbnail\" alt=\"\" \/><\/a>\n\t\t\t\t<\/dt><\/dl><dl class='gallery-item'>\n\t\t\t\t<dt class='gallery-icon landscape'>\n\t\t\t\t\t<a class=\"rollover\" href='https:\/\/www.radiopiu.net\/wordpress\/in-provincia-un-terzo\/d32f6c9a-e2fe-4bf8-b27f-a08cc9d9d26d\/'><img loading=\"lazy\" decoding=\"async\" width=\"150\" height=\"150\" src=\"https:\/\/www.radiopiu.net\/wordpress\/wp-content\/uploads\/2021\/05\/d32f6c9a-e2fe-4bf8-b27f-a08cc9d9d26d-150x150.jpg\" class=\"attachment-thumbnail size-thumbnail\" alt=\"\" \/><\/a>\n\t\t\t\t<\/dt><\/dl><dl class='gallery-item'>\n\t\t\t\t<dt class='gallery-icon portrait'>\n\t\t\t\t\t<a class=\"rollover\" href='https:\/\/www.radiopiu.net\/wordpress\/in-provincia-un-terzo\/ac6c380e-5e7d-4ad0-9a8d-73087fb66cc0\/'><img loading=\"lazy\" decoding=\"async\" width=\"150\" height=\"150\" src=\"https:\/\/www.radiopiu.net\/wordpress\/wp-content\/uploads\/2021\/05\/ac6c380e-5e7d-4ad0-9a8d-73087fb66cc0-150x150.jpg\" class=\"attachment-thumbnail size-thumbnail\" alt=\"\" \/><\/a>\n\t\t\t\t<\/dt><\/dl><br style=\"clear: both\" \/>\n\t\t\t<\/div>\n\n<p>&nbsp;<\/p>\n<p>&nbsp;<\/p>\n<hr \/>\n<p>&nbsp;<\/p>\n<blockquote>\n<h3>NUOVE ASSUNZIONI IN ULSS1 DOLOMITI<\/h3>\n<\/blockquote>\n<p><strong><a href=\"https:\/\/www.radiopiu.net\/wordpress\/il-nuovo-direttore-della-ulss1-accolta-con-un-sorriso-auspicando-sorrisi\/carraro-7-300x225\/\" rel=\"attachment wp-att-194640\"><img loading=\"lazy\" decoding=\"async\" class=\"wp-image-194640 alignleft\" src=\"https:\/\/www.radiopiu.net\/wordpress\/wp-content\/uploads\/2021\/03\/Carraro-7-300x225-1.jpg\" alt=\"\" width=\"173\" height=\"130\" \/><\/a>BELLUNO<\/strong> <span style=\"font-family: Calibri, serif;\"><span style=\"font-size: large;\">Continua il rafforzamento dell\u2019Ulss Dolomiti con l\u2019assunzione di diverse figure sanitarie che andranno a potenziare i servizi territoriali e ospedalieri. <\/span><\/span><span style=\"font-family: Calibri, serif;\"><span style=\"font-size: large;\">In particolare, sono stati assunti a tempo determinato <\/span><\/span><span style=\"font-family: Calibri, serif;\"><span style=\"font-size: large;\">6 dirigenti psicologi psicoterapeuti <\/span><\/span><span style=\"font-family: Calibri, serif;\"><span style=\"font-size: large;\"> che andranno a rinforzare vari servizi, per una presa in carico completa della persona assistita. <\/span><\/span><span style=\"font-family: Calibri, serif;\"><span style=\"font-size: large;\">Inoltre, sono stati assunti a tempo indeterminato un medico specialista in allergologia ed immunologia clinica e 3 fisioterapisti. <\/span><\/span><em><span style=\"font-family: Calibri, serif;\"><span style=\"font-size: large;\">\u00abQueste assunzioni rafforzano i nostri team, per una sempre migliore qualit\u00e0 dei servizi offerti e attenzione alla persona assistit<\/span><\/span><span style=\"color: #00000a;\"><span style=\"font-family: Calibri, serif;\"><span style=\"font-size: large;\"><span lang=\"it-IT\">a<\/span><\/span><\/span><\/span><span style=\"font-family: Calibri, serif;\"><span style=\"font-size: large;\"> \u00bb, commenta il Direttore Generale Maria Grazia Carraro.<\/span><\/span><\/em><\/p>\n<p>&nbsp;<\/p>\n<p>&nbsp;<\/p>\n<hr \/>\n<p>&nbsp;<\/p>\n<blockquote>\n<h1 style=\"text-align: center;\">IL MIO SOGNO BIANCO NEL GRANDE NORD<\/h1>\n<\/blockquote>\n<h2>Dopo 25 anni di alpinismo e sci estremo, Anselmo Cagnati sente il bisogno di vivere qualcosa di diverso. Nasce cos\u00ec l&#8217;amore per i grandi spazi selvaggi dell&#8217;artico e la bellezza di viverli grazie ai proprio cani.<\/h2>\n<h2>IL RACCONTO <span style=\"color: #0000ff;\"><strong><a style=\"color: #0000ff;\" href=\"http:\/\/www.altitudini.it\/mio-sogno-bianco-nel-grande-nord\/?fbclid=IwAR1_hHlGTj66mOeJUwm1cgL3rm1q4LGyVQU-kmgkXPZVUrHw66BcbGXpTY4\">CLICCA QUI<\/a><\/strong><\/span><\/h2>\n<p>&nbsp;<\/p>\n<p>&nbsp;<\/p>\n<hr \/>\n<p>&nbsp;<\/p>\n<blockquote class=\"wp-embedded-content\" data-secret=\"lEKhzQhffb\"><p><a href=\"https:\/\/www.radiopiu.net\/wordpress\/aggmag10\/\">CORONAVIRUS: AGGIORNAMENTO NAZIONALE 10 MAGGIO  2021<\/a><\/p><\/blockquote>\n<p><iframe loading=\"lazy\" class=\"wp-embedded-content\" sandbox=\"allow-scripts\" security=\"restricted\" style=\"position: absolute; clip: rect(1px, 1px, 1px, 1px);\" title=\"&#8220;CORONAVIRUS: AGGIORNAMENTO NAZIONALE 10 MAGGIO  2021&#8221; &#8212; Radio Pi\u00f9\" src=\"https:\/\/www.radiopiu.net\/wordpress\/aggmag10\/embed\/#?secret=lEKhzQhffb\" data-secret=\"lEKhzQhffb\" width=\"600\" height=\"338\" frameborder=\"0\" marginwidth=\"0\" marginheight=\"0\" scrolling=\"no\"><\/iframe><\/p>\n<p>&nbsp;<\/p>\n<p>&nbsp;<\/p>\n<blockquote class=\"wp-embedded-content\" data-secret=\"mRR4ZSiqwA\"><p><a href=\"https:\/\/www.radiopiu.net\/wordpress\/in-veneto-calano-i-ricoveri-ma-anche-i-nuovi-positivi-370-nelle-ultime-24-ore-quattro-decessi-in-regione-a-belluno-15-nuove-positivita\/\">IN REGIONE 10 DECESSI NELLE 24 ORE PER COVID, 446 ATTUALMENTE POSITIVI IN MENO<\/a><\/p><\/blockquote>\n<p><iframe loading=\"lazy\" class=\"wp-embedded-content\" sandbox=\"allow-scripts\" security=\"restricted\" style=\"position: absolute; clip: rect(1px, 1px, 1px, 1px);\" title=\"&#8220;IN REGIONE 10 DECESSI NELLE 24 ORE PER COVID, 446 ATTUALMENTE POSITIVI IN MENO&#8221; &#8212; Radio Pi\u00f9\" src=\"https:\/\/www.radiopiu.net\/wordpress\/in-veneto-calano-i-ricoveri-ma-anche-i-nuovi-positivi-370-nelle-ultime-24-ore-quattro-decessi-in-regione-a-belluno-15-nuove-positivita\/embed\/#?secret=mRR4ZSiqwA\" data-secret=\"mRR4ZSiqwA\" width=\"600\" height=\"338\" frameborder=\"0\" marginwidth=\"0\" marginheight=\"0\" scrolling=\"no\"><\/iframe><\/p>\n<p>&nbsp;<\/p>\n<h2>I GRAFICI DI TIZIANO DE COL<\/h2>\n\n\t\t\t<style type='text\/css'>\n\t\t\t\t#gallery-8 {\n\t\t\t\t\tmargin: auto;\n\t\t\t\t}\n\t\t\t\t#gallery-8 .gallery-item {\n\t\t\t\t\tfloat: left;\n\t\t\t\t\tmargin-top: 10px;\n\t\t\t\t\ttext-align: center;\n\t\t\t\t\twidth: 20%;\n\t\t\t\t}\n\t\t\t\t#gallery-8 img {\n\t\t\t\t\tborder: 2px solid #cfcfcf;\n\t\t\t\t}\n\t\t\t\t#gallery-8 .gallery-caption {\n\t\t\t\t\tmargin-left: 0;\n\t\t\t\t}\n\t\t\t\t\/* see gallery_shortcode() in wp-includes\/media.php *\/\n\t\t\t<\/style>\n\t\t<div id='gallery-8' class='dt-gallery-container gallery galleryid-208648 gallery-columns-5 gallery-size-thumbnail'><dl class='gallery-item'>\n\t\t\t\t<dt class='gallery-icon landscape'>\n\t\t\t\t\t<a class=\"rollover rollover-zoom dt-pswp-item\" title=\"6bdeb85a-9dc6-4992-87ea-45e8217c55fd\" data-dt-img-description=\"\" data-large_image_width=\"592\" data-large_image_height=\"352\"href='https:\/\/www.radiopiu.net\/wordpress\/wp-content\/uploads\/2021\/05\/6bdeb85a-9dc6-4992-87ea-45e8217c55fd.jpg'><img loading=\"lazy\" decoding=\"async\" width=\"150\" height=\"150\" src=\"https:\/\/www.radiopiu.net\/wordpress\/wp-content\/uploads\/2021\/05\/6bdeb85a-9dc6-4992-87ea-45e8217c55fd-150x150.jpg\" class=\"attachment-thumbnail size-thumbnail\" alt=\"\" \/><\/a>\n\t\t\t\t<\/dt><\/dl><dl class='gallery-item'>\n\t\t\t\t<dt class='gallery-icon landscape'>\n\t\t\t\t\t<a class=\"rollover rollover-zoom dt-pswp-item\" title=\"4bf046b9-cfb3-4367-bde5-644fb15a102a\" data-dt-img-description=\"\" data-large_image_width=\"608\" data-large_image_height=\"357\"href='https:\/\/www.radiopiu.net\/wordpress\/wp-content\/uploads\/2021\/05\/4bf046b9-cfb3-4367-bde5-644fb15a102a.jpg'><img loading=\"lazy\" decoding=\"async\" width=\"150\" height=\"150\" src=\"https:\/\/www.radiopiu.net\/wordpress\/wp-content\/uploads\/2021\/05\/4bf046b9-cfb3-4367-bde5-644fb15a102a-150x150.jpg\" class=\"attachment-thumbnail size-thumbnail\" alt=\"\" \/><\/a>\n\t\t\t\t<\/dt><\/dl><dl class='gallery-item'>\n\t\t\t\t<dt class='gallery-icon landscape'>\n\t\t\t\t\t<a class=\"rollover rollover-zoom dt-pswp-item\" title=\"e791cb38-4ce7-47a3-a643-b846f2f45ebd\" data-dt-img-description=\"\" data-large_image_width=\"620\" data-large_image_height=\"358\"href='https:\/\/www.radiopiu.net\/wordpress\/wp-content\/uploads\/2021\/05\/e791cb38-4ce7-47a3-a643-b846f2f45ebd.jpg'><img loading=\"lazy\" decoding=\"async\" width=\"150\" height=\"150\" src=\"https:\/\/www.radiopiu.net\/wordpress\/wp-content\/uploads\/2021\/05\/e791cb38-4ce7-47a3-a643-b846f2f45ebd-150x150.jpg\" class=\"attachment-thumbnail size-thumbnail\" alt=\"\" \/><\/a>\n\t\t\t\t<\/dt><\/dl><dl class='gallery-item'>\n\t\t\t\t<dt class='gallery-icon landscape'>\n\t\t\t\t\t<a class=\"rollover rollover-zoom dt-pswp-item\" title=\"9e3737cd-77dc-4d06-8b3f-7de3add501eb\" data-dt-img-description=\"\" data-large_image_width=\"610\" data-large_image_height=\"352\"href='https:\/\/www.radiopiu.net\/wordpress\/wp-content\/uploads\/2021\/05\/9e3737cd-77dc-4d06-8b3f-7de3add501eb.jpg'><img loading=\"lazy\" decoding=\"async\" width=\"150\" height=\"150\" src=\"https:\/\/www.radiopiu.net\/wordpress\/wp-content\/uploads\/2021\/05\/9e3737cd-77dc-4d06-8b3f-7de3add501eb-150x150.jpg\" class=\"attachment-thumbnail size-thumbnail\" alt=\"\" \/><\/a>\n\t\t\t\t<\/dt><\/dl><dl class='gallery-item'>\n\t\t\t\t<dt class='gallery-icon landscape'>\n\t\t\t\t\t<a class=\"rollover rollover-zoom dt-pswp-item\" title=\"f1360dea-2ad0-4229-80c3-bf8b05b7953f\" data-dt-img-description=\"\" data-large_image_width=\"610\" data-large_image_height=\"354\"href='https:\/\/www.radiopiu.net\/wordpress\/wp-content\/uploads\/2021\/05\/f1360dea-2ad0-4229-80c3-bf8b05b7953f.jpg'><img loading=\"lazy\" decoding=\"async\" width=\"150\" height=\"150\" src=\"https:\/\/www.radiopiu.net\/wordpress\/wp-content\/uploads\/2021\/05\/f1360dea-2ad0-4229-80c3-bf8b05b7953f-150x150.jpg\" class=\"attachment-thumbnail size-thumbnail\" alt=\"\" \/><\/a>\n\t\t\t\t<\/dt><\/dl><br style=\"clear: both\" \/>\n\t\t\t<\/div>\n\n<p>&nbsp;<\/p>\n<hr \/>\n<p>&nbsp;<\/p>\n<blockquote>\n<h3>AGGIORNAMENTO COVID19, &#8211; DA MARGHERA IL PUNTO STAMPA &#8211; vaccinati 1 veneto su 2 CINQUANTENNI PRENOTATEVI<\/h3>\n<\/blockquote>\n<blockquote><p><em>Mi vaccino mercoledi alle 15.55, non \u00e8 stato facile ma sono riuscito a prenotarmi, non sono un privilegiato. Oltre 62mila posti ancora liberi di qui al 9 giugno,\u00a0 non escludo\u00a0 ci possano essere novit\u00e0 nel fine settimana, non possiamo lasciare dosi &#8220;sospese&#8221;. Per giovedi\u00a0 saranno disponibili 207mila vaccini<\/em><\/p><\/blockquote>\n<p>Nel fine settimana 34.500 vaccinazioni. In magazzino 178mila dosi per oggi, domani e mercoledi. 53mila sono astrazenica messi da parte per i richiami, 3500 sono le dosi del lotto piemontese ancora sotto sequestro. Bastano i vaccini? No, andiamo avanti a scartamente ridotto, siamo quasi a 2milioni100mila dosi. Domani raggiungeremo con almeno una dose un veneto su due. Over 80 vaccinati il 96%\u00a0 70-79 anni 80,9% dai 60 ai 29 anni 70% con le prenotazioni, 50-59 prima dose 69433, da vaccinare 660449 prenotati 288mila, cio\u00e8 di fatto un veneto di cinquant&#8217;anni su 2 \u00e8 stato vaccinato, restano liberi oltre 66 mila posti.<strong> IMMUNITA&#8217; DI GREGGE<\/strong> Il calo di presenze\u00a0 negli ospedali c&#8217;\u00e8, chi \u00e8 vaccinato non rappresenta pi\u00f9 un target che viene ricoverato, oramai la luce in fondo al tunnel la vediamo, si calcola che l&#8217;immunit\u00e0 di gregge potrebbe essere al 65%. <strong>GREEN PAS<\/strong>\u00a0Nessun chiarimento \u00e8 ancora mischia al centro di una vicenda non ancora ben definita. Sono in corso gli incontri.<\/p>\n<p>&nbsp;<\/p>\n<p><strong>ACC EMBRACO<\/strong> Italcomp leggo di dati di aumento di fatturato (ma non sono esperto di questo) abbiamo messo a disposizione la Finanziaria regionale, ho contattato grossi imprenditori per testare eventuali responsabilit\u00e0. Giorgetti durante una conferenza ufficiale con l&#8217;assessore Elena Donazzan e l&#8217;omologo piemontese ha detto chiaramente della disponibilit\u00e0 di aiuti che \u00e8 di gran lunga pi\u00f9 importante di quanto accaduto in passato su un territorio che ha mille difficolt\u00e0, che si spopola di 1000 abitanti all&#8217;anno, situazione\u00a0 complicata, siamo a fianco dei lavoratori sperando si trovi un soluzione.<\/p>\n<p><strong>SBARCHI DI EXTRACOMUNITARI<\/strong> chi rifiuterebbe aiuto a chi scappa da morte e fame? Non tutti scappano da questo.\u00a0 Bisogna aiutare chi ha bisogno di aiuto vero e controllare tutto il resto.<\/p>\n<p><strong>NATALINO BALASSO E IL MIO STATO D&#8217;ANIMO &#8220;Ci vuole la lucidit\u00e0 di dire.. ho sbagliato&#8221;<\/strong>\u00a0Primo nessuno vuole censurare nessuno. Venezia con acqua alta ci fu uno spettacolo di Pennacchi che introdusse informazioni sbagliate sul mio ruolo del Mose, io non l&#8217;ho mai denunciato, tramite un suo caro amico (Marcato) \u00e8 venuto anche a trovarmi una settimana dopo e abbiamo parlato piacevolmente un&#8217;ora di teatro e altro ma non ha modificato il suo atteggiamento nei miei confronti. Balasso lo guardo fin da studente, ma anche lui non puo&#8217; dire che \u00e8 satira. Mi arriva la notizia di un signore che circoscrive un fatto &#8211; che \u00e8 un reato &#8211;\u00a0 e dice che c&#8217;era <em>&#8220;me lo ricordo Zaia Pr all&#8217;Odissea di Spresiamo dopo un concerto dei Pitura Fresca \u00e8 entrato in camerino e ha proposto le prostitute e adesso \u00e8 il nostro Governatore..<\/em>..&#8221; Un post ricomparso e Balasso lo ha postato il 7 maggio 2020, noi uscivamo il giorno dopo dal lockdown e dice\u00a0 <em>&#8220;se lo dice Furio&#8230;&#8221;<\/em> che lo ha generato,\u00a0 lo stesso Furio\u00a0 che poi dice che \u00e8 una fake: &#8221; <em>i post su Luca il governatore \u00e8 falso e lesivo, diffido dal condividerlo, \u00e8 una fake news&#8221;.<\/em>\u00a0 Ma Balasso lo lascia li\u00a0 con 1120 condivisioni, 1113 commenti e 8000 mi piace. Io non ero incardinato nel locale dell&#8217;Odissea dove i Pitura Fresca non si sono mai esibiti e non so chi siano i Pitura Freska se non le loro canzoni. Non ce l&#8217;ho con Balasso, non ho sete di vendetta, il mio problema \u00e8 solo uno che sia acclarata la verit\u00e0, \u00e8 l&#8217;unico artista che ho denunciato. Non ho mai rotto le palle a un artista ma non si venga a dire che questa \u00e8 arte. Al posto mio voi lo avreste accettato? Non ho mai chiesto soldi a nessuno, dopo una causa c&#8217;\u00e8 chi ha fatto servizi sociali per un anno andando in casa di riposo a trovare gli anziani.<\/p>\n<p>&nbsp;<\/p>\n<p><a href=\"https:\/\/www.facebook.com\/zaiaufficiale\/videos\/2352629278204953\">https:\/\/www.facebook.com\/zaiaufficiale\/videos\/2352629278204953<\/a><\/p>\n<p>&nbsp;<\/p>\n<hr \/>\n<p>&nbsp;<\/p>\n<blockquote>\n<h3>VISITE NELLA RSA, LE REGIONI NON HANNO PIU&#8217; SCUSE<\/h3>\n<\/blockquote>\n<p><span style=\"font-size: large;\"><b>VENEZIA\u00a0 <\/b><\/span><span style=\"font-size: large;\"><em>\u201cNon ci sono pi\u00f9 scuse per vietare le visite dei familiari nelle Rsa, nel pieno rispetto di regole e protocolli per la sicurezza. Il ministero della Salute ha firmato l\u2019ordinanza, adesso tocca alla Regione mettere fine a un isolamento ingiustificato\u201d.<\/em> \u00c8 quanto afferma la vicepresidente della commissione Sanit\u00e0 Anna Maria Bigon del Partito Democratico.<em>\u201cEra attesa da giorni, \u00e8 inaccettabile che in troppi si siano fatti trovare impreparati. I dati di ieri indicano che otto Rsa su 10 erano ancora chiuse, gi\u00e0 da oggi la situazione deve assolutamente cambiare. <\/em><\/span><span style=\"font-size: large;\"><em>\u201cMercoled\u00ec la Conferenza Stato-Regioni ha approvato le linee guida, sabato con la firma dell\u2019ordinanza \u00e8 caduto anche l\u2019ultimo tab\u00f9. Da febbraio i degenti sono tutti vaccinati, cos\u00ec come gran parte del personale sociosanitario: non ci sono motivazioni reali per impedire le visite dei parenti rispettando i protocolli di sicurezza.<\/em><\/span><\/p>\n<p>&nbsp;<\/p>\n<p>&nbsp;<\/p>\n<hr \/>\n<blockquote>\n<h3><\/h3>\n<h3>AL VIA I LAVORI SUI TORRENTI VESES E CAORAME<\/h3>\n<p><em>A disposizione 250mila euro per la\u00a0 messa in sicurezza del territorio.<\/em><\/p><\/blockquote>\n<p><strong>VENEZIA<\/strong> Sono stati consegnati nei giorni scorsi i lavori di messa in sicurezza di alcuni tratti del torrente Veses nelle localit\u00e0 Altanon e Sartena in comune di Santa Giustina e del torrente Caorame in localit\u00e0 Busa in comune di Cesiomaggiore. \u201c<em>Sul Veses realizzeremo un tratto di difesa idraulica lungo la sponda destra nei pressi dell\u2019ostello dell\u2019Altanon&#8221;<\/em>\u00a0 spiega l\u2019assessore al Dissesto Idrogeologico Gianpaolo Bottacin\u201d. I gabbioni utilizzati, costituiti di un\u2019anima in cemento armato, saranno posati in maniera verticale consentendo loro di funzionare come un muro di sostegno. \u201c<em>Sul Caorame &#8211; continua Bottacin &#8211; provvederemo alla sistemazione di alcune difese spondali ammalorate<\/em>.\u00a0 Condizioni meteo e imprevisti permettendo, la conclusione dei lavori \u00e8 prevista per l\u2019inizio dell\u2019autunno.<\/p>\n\n\t\t\t<style type='text\/css'>\n\t\t\t\t#gallery-9 {\n\t\t\t\t\tmargin: auto;\n\t\t\t\t}\n\t\t\t\t#gallery-9 .gallery-item {\n\t\t\t\t\tfloat: left;\n\t\t\t\t\tmargin-top: 10px;\n\t\t\t\t\ttext-align: center;\n\t\t\t\t\twidth: 25%;\n\t\t\t\t}\n\t\t\t\t#gallery-9 img {\n\t\t\t\t\tborder: 2px solid #cfcfcf;\n\t\t\t\t}\n\t\t\t\t#gallery-9 .gallery-caption {\n\t\t\t\t\tmargin-left: 0;\n\t\t\t\t}\n\t\t\t\t\/* see gallery_shortcode() in wp-includes\/media.php *\/\n\t\t\t<\/style>\n\t\t<div id='gallery-9' class='dt-gallery-container gallery galleryid-208648 gallery-columns-4 gallery-size-thumbnail'><dl class='gallery-item'>\n\t\t\t\t<dt class='gallery-icon landscape'>\n\t\t\t\t\t<a class=\"rollover rollover-zoom dt-pswp-item\" title=\"fb413383-b3e2-4ec5-bfe9-11855f8ab17e\" data-dt-img-description=\"\" data-large_image_width=\"2048\" data-large_image_height=\"1585\"href='https:\/\/www.radiopiu.net\/wordpress\/wp-content\/uploads\/2021\/05\/fb413383-b3e2-4ec5-bfe9-11855f8ab17e.jpg'><img loading=\"lazy\" decoding=\"async\" width=\"150\" height=\"150\" src=\"https:\/\/www.radiopiu.net\/wordpress\/wp-content\/uploads\/2021\/05\/fb413383-b3e2-4ec5-bfe9-11855f8ab17e-150x150.jpg\" class=\"attachment-thumbnail size-thumbnail\" alt=\"\" \/><\/a>\n\t\t\t\t<\/dt><\/dl><dl class='gallery-item'>\n\t\t\t\t<dt class='gallery-icon portrait'>\n\t\t\t\t\t<a class=\"rollover rollover-zoom dt-pswp-item\" title=\"734dd205-d6af-4bc7-a584-67c9272e91f1\" data-dt-img-description=\"\" data-large_image_width=\"1536\" data-large_image_height=\"2048\"href='https:\/\/www.radiopiu.net\/wordpress\/wp-content\/uploads\/2021\/05\/734dd205-d6af-4bc7-a584-67c9272e91f1.jpg'><img loading=\"lazy\" decoding=\"async\" width=\"150\" height=\"150\" src=\"https:\/\/www.radiopiu.net\/wordpress\/wp-content\/uploads\/2021\/05\/734dd205-d6af-4bc7-a584-67c9272e91f1-150x150.jpg\" class=\"attachment-thumbnail size-thumbnail\" alt=\"\" \/><\/a>\n\t\t\t\t<\/dt><\/dl><dl class='gallery-item'>\n\t\t\t\t<dt class='gallery-icon portrait'>\n\t\t\t\t\t<a class=\"rollover rollover-zoom dt-pswp-item\" title=\"d539dbd7-397c-4efb-9528-6d7ba660dd20\" data-dt-img-description=\"\" data-large_image_width=\"1536\" data-large_image_height=\"2048\"href='https:\/\/www.radiopiu.net\/wordpress\/wp-content\/uploads\/2021\/05\/d539dbd7-397c-4efb-9528-6d7ba660dd20.jpg'><img loading=\"lazy\" decoding=\"async\" width=\"150\" height=\"150\" src=\"https:\/\/www.radiopiu.net\/wordpress\/wp-content\/uploads\/2021\/05\/d539dbd7-397c-4efb-9528-6d7ba660dd20-150x150.jpg\" class=\"attachment-thumbnail size-thumbnail\" alt=\"\" \/><\/a>\n\t\t\t\t<\/dt><\/dl><dl class='gallery-item'>\n\t\t\t\t<dt class='gallery-icon landscape'>\n\t\t\t\t\t<a class=\"rollover rollover-zoom dt-pswp-item\" title=\"bb3bebce-2176-4f8e-9cd0-26c6572e32c2\" data-dt-img-description=\"\" data-large_image_width=\"2048\" data-large_image_height=\"1536\"href='https:\/\/www.radiopiu.net\/wordpress\/wp-content\/uploads\/2021\/05\/bb3bebce-2176-4f8e-9cd0-26c6572e32c2.jpg'><img loading=\"lazy\" decoding=\"async\" width=\"150\" height=\"150\" src=\"https:\/\/www.radiopiu.net\/wordpress\/wp-content\/uploads\/2021\/05\/bb3bebce-2176-4f8e-9cd0-26c6572e32c2-150x150.jpg\" class=\"attachment-thumbnail size-thumbnail\" alt=\"\" \/><\/a>\n\t\t\t\t<\/dt><\/dl><br style=\"clear: both\" \/>\n\t\t\t<\/div>\n\n<p>&nbsp;<\/p>\n<p>&nbsp;<\/p>\n<hr \/>\n<p>&nbsp;<\/p>\n<blockquote>\n<h3>LA RIPARTENZA DELL&#8217;ANA FELTRE<\/h3>\n<\/blockquote>\n<p><strong><a href=\"https:\/\/www.radiopiu.net\/wordpress\/giornale-radiopiu-11-maggio-2021-direttore-mirko-mezzacasa\/foto-cds\/\" rel=\"attachment wp-att-208796\"><img loading=\"lazy\" decoding=\"async\" class=\" wp-image-208796 alignleft\" src=\"https:\/\/www.radiopiu.net\/wordpress\/wp-content\/uploads\/2021\/05\/foto-CDS-300x225.jpg\" alt=\"\" width=\"236\" height=\"177\" srcset=\"https:\/\/www.radiopiu.net\/wordpress\/wp-content\/uploads\/2021\/05\/foto-CDS-300x225.jpg 300w, https:\/\/www.radiopiu.net\/wordpress\/wp-content\/uploads\/2021\/05\/foto-CDS-1024x768.jpg 1024w, https:\/\/www.radiopiu.net\/wordpress\/wp-content\/uploads\/2021\/05\/foto-CDS-768x576.jpg 768w, https:\/\/www.radiopiu.net\/wordpress\/wp-content\/uploads\/2021\/05\/foto-CDS-1536x1152.jpg 1536w, https:\/\/www.radiopiu.net\/wordpress\/wp-content\/uploads\/2021\/05\/foto-CDS-2048x1536.jpg 2048w\" sizes=\"auto, (max-width: 236px) 100vw, 236px\" \/><\/a>FELTRE<\/strong> . Gli alpini sono tornati ad incontrarsi dopo molti mesi. I lavori sono stati aperti dalla consegna da parte di Roberto Sarto, manager della Wienerberger, di una somma raccolta dalla ditta di laterizi di Villabruna, da donare ad un\u2019associazione. La somma\u00a0 verra\u0300 utilizzata per continuare l\u2019attivita\u0300 a favore del territorio feltrino. Uno dei primi punti all\u2019ordine del giorno e\u0300 quindi stato il programma di massima del centenario della sezione di Feltre: a causa delle incertezze dovute all\u2019andamento dell\u2019attuale pandemia, l\u2019organizzazione contempla un programma di massima e un programma minimale che verra\u0300 attuato nel malaugurato caso vi fosse una recrudescenza del virus. Altro punto all\u2019ordine del giorno e\u0300 stato l\u2019aggiornamento sul progetto di dare la cittadinanza onoraria al Milite Ignoto, iniziativa partita dall\u2019associazione Medaglie d\u2019oro e fatta propria dall\u2019A.N.A. di Feltre. Allo stato attuale delle cose, pochi sono i Comuni che hanno gia\u0300 dato la loro adesione: in previsione di concretizzare questo progetto il 4 novembre, il presidente\u00a0 Stefano Mariech ha pregato i capigruppo di sollecitare le loro amministrazioni comunali alle azioni necessarie. Si e\u0300 quindi deliberato sull\u2019iniziativa della sezione di Feltre dell\u2019A.N.A. di rendersi disponibile alla convenzione per lavori di pubblica utilita\u0300: verranno quindi espletate le pratiche per poter accogliere tre persone, la cui pena, per reati minori, e\u0300 stata commutata in un periodo di lavori socialmente utili.<\/p>\n<p>&nbsp;<\/p>\n<hr \/>\n<p>&nbsp;<\/p>\n<blockquote>\n<h3>POST VAIA I CANTIERI\u00a0 ATTORNO AL LAGO E SABATO LA GIORNATA ECOLOGICA<\/h3>\n<\/blockquote>\n<div><strong>ROCCA PIETORE\u00a0<\/strong> Ecco le foto del cantiere per il rifacimento del muro di sostegno in sponda\u00a0 destra orografica del Lago di Alleghe in Comune di Rocca Pietore. Progetto ed esecuzione lavori dell&#8217;Unione Montana Agordina con fondi del demanio idrico.<\/div>\n<div><\/div>\n<div>\n\n\t\t\t<style type='text\/css'>\n\t\t\t\t#gallery-10 {\n\t\t\t\t\tmargin: auto;\n\t\t\t\t}\n\t\t\t\t#gallery-10 .gallery-item {\n\t\t\t\t\tfloat: left;\n\t\t\t\t\tmargin-top: 10px;\n\t\t\t\t\ttext-align: center;\n\t\t\t\t\twidth: 25%;\n\t\t\t\t}\n\t\t\t\t#gallery-10 img {\n\t\t\t\t\tborder: 2px solid #cfcfcf;\n\t\t\t\t}\n\t\t\t\t#gallery-10 .gallery-caption {\n\t\t\t\t\tmargin-left: 0;\n\t\t\t\t}\n\t\t\t\t\/* see gallery_shortcode() in wp-includes\/media.php *\/\n\t\t\t<\/style>\n\t\t<div id='gallery-10' class='dt-gallery-container gallery galleryid-208648 gallery-columns-4 gallery-size-thumbnail'><dl class='gallery-item'>\n\t\t\t\t<dt class='gallery-icon portrait'>\n\t\t\t\t\t<a class=\"rollover rollover-zoom dt-pswp-item\" title=\"416f6292-d9d0-4c66-9d5e-041c4753abf6\" data-dt-img-description=\"\" data-large_image_width=\"1200\" data-large_image_height=\"1599\"href='https:\/\/www.radiopiu.net\/wordpress\/wp-content\/uploads\/2021\/05\/416f6292-d9d0-4c66-9d5e-041c4753abf6.jpg'><img loading=\"lazy\" decoding=\"async\" width=\"150\" height=\"150\" src=\"https:\/\/www.radiopiu.net\/wordpress\/wp-content\/uploads\/2021\/05\/416f6292-d9d0-4c66-9d5e-041c4753abf6-150x150.jpg\" class=\"attachment-thumbnail size-thumbnail\" alt=\"\" \/><\/a>\n\t\t\t\t<\/dt><\/dl><dl class='gallery-item'>\n\t\t\t\t<dt class='gallery-icon landscape'>\n\t\t\t\t\t<a class=\"rollover rollover-zoom dt-pswp-item\" title=\"abe0a767-d5d9-4899-b75c-88ec3c8b5c4a\" data-dt-img-description=\"\" data-large_image_width=\"1599\" data-large_image_height=\"1200\"href='https:\/\/www.radiopiu.net\/wordpress\/wp-content\/uploads\/2021\/05\/abe0a767-d5d9-4899-b75c-88ec3c8b5c4a.jpg'><img loading=\"lazy\" decoding=\"async\" width=\"150\" height=\"150\" src=\"https:\/\/www.radiopiu.net\/wordpress\/wp-content\/uploads\/2021\/05\/abe0a767-d5d9-4899-b75c-88ec3c8b5c4a-150x150.jpg\" class=\"attachment-thumbnail size-thumbnail\" alt=\"\" \/><\/a>\n\t\t\t\t<\/dt><\/dl><dl class='gallery-item'>\n\t\t\t\t<dt class='gallery-icon portrait'>\n\t\t\t\t\t<a class=\"rollover rollover-zoom dt-pswp-item\" title=\"bc87297c-cfe3-4f61-95f8-1991e058e34a\" data-dt-img-description=\"\" data-large_image_width=\"1200\" data-large_image_height=\"1599\"href='https:\/\/www.radiopiu.net\/wordpress\/wp-content\/uploads\/2021\/05\/bc87297c-cfe3-4f61-95f8-1991e058e34a.jpg'><img loading=\"lazy\" decoding=\"async\" width=\"150\" height=\"150\" src=\"https:\/\/www.radiopiu.net\/wordpress\/wp-content\/uploads\/2021\/05\/bc87297c-cfe3-4f61-95f8-1991e058e34a-150x150.jpg\" class=\"attachment-thumbnail size-thumbnail\" alt=\"\" \/><\/a>\n\t\t\t\t<\/dt><\/dl><dl class='gallery-item'>\n\t\t\t\t<dt class='gallery-icon portrait'>\n\t\t\t\t\t<a class=\"rollover rollover-zoom dt-pswp-item\" title=\"6572c8f7-e9e5-45c4-be79-b677555ae744\" data-dt-img-description=\"\" data-large_image_width=\"757\" data-large_image_height=\"1600\"href='https:\/\/www.radiopiu.net\/wordpress\/wp-content\/uploads\/2021\/05\/6572c8f7-e9e5-45c4-be79-b677555ae744.jpg'><img loading=\"lazy\" decoding=\"async\" width=\"150\" height=\"150\" src=\"https:\/\/www.radiopiu.net\/wordpress\/wp-content\/uploads\/2021\/05\/6572c8f7-e9e5-45c4-be79-b677555ae744-150x150.jpg\" class=\"attachment-thumbnail size-thumbnail\" alt=\"\" \/><\/a>\n\t\t\t\t<\/dt><\/dl><br style=\"clear: both\" \/>\n\t\t\t<\/div>\n\n<\/div>\n<div><\/div>\n<div><strong>LA GIORNATA ECOLOGICA\u00a0<\/strong><\/div>\n<div>Sabato 52 volontari di Alleghe e Rocca hanno aderito alla giornata ecologica di pulizia delle sponde del Lago. Riuscitissima iniziativa che ha visto la collaborazione anche dei due Comuni. Il grosso quantitativo raccolto e depositato sulla sponda di Rocca del lago \u00e8 stato raccolto oggi dal camion del Comune di Rocca con l&#8217;aiuto di due volontari. &#8220;<em>Un grazie particolare al collega Sindaco di Alleghe Danilo, al Gruppo Alpini Monte Civetta, alla squadra di Hockey, all&#8217;associazione Plastic Free e a tutti i volontari&#8221;<\/em> dice il sindaco Andrea De Bernardin<\/div>\n<div><\/div>\n<div><strong>AUDIO IL SINDACO DE BERNARDIN\u00a0<\/strong><\/div>\n<div>\n<audio class=\"wp-audio-shortcode\" id=\"audio-208648-5\" preload=\"none\" style=\"width: 100%;\" controls=\"controls\"><source type=\"audio\/mpeg\" src=\"https:\/\/www.radiopiu.net\/wordpress\/wp-content\/uploads\/2021\/05\/andrea.mp3?_=5\" \/><a href=\"https:\/\/www.radiopiu.net\/wordpress\/wp-content\/uploads\/2021\/05\/andrea.mp3\">https:\/\/www.radiopiu.net\/wordpress\/wp-content\/uploads\/2021\/05\/andrea.mp3<\/a><\/audio>\n<p>&nbsp;<\/p>\n\n\t\t\t<style type='text\/css'>\n\t\t\t\t#gallery-11 {\n\t\t\t\t\tmargin: auto;\n\t\t\t\t}\n\t\t\t\t#gallery-11 .gallery-item {\n\t\t\t\t\tfloat: left;\n\t\t\t\t\tmargin-top: 10px;\n\t\t\t\t\ttext-align: center;\n\t\t\t\t\twidth: 25%;\n\t\t\t\t}\n\t\t\t\t#gallery-11 img {\n\t\t\t\t\tborder: 2px solid #cfcfcf;\n\t\t\t\t}\n\t\t\t\t#gallery-11 .gallery-caption {\n\t\t\t\t\tmargin-left: 0;\n\t\t\t\t}\n\t\t\t\t\/* see gallery_shortcode() in wp-includes\/media.php *\/\n\t\t\t<\/style>\n\t\t<div id='gallery-11' class='dt-gallery-container gallery galleryid-208648 gallery-columns-4 gallery-size-thumbnail'><dl class='gallery-item'>\n\t\t\t\t<dt class='gallery-icon landscape'>\n\t\t\t\t\t<a class=\"rollover rollover-zoom dt-pswp-item\" title=\"7836ea9c-c952-4844-ad28-3968afe908fe\" data-dt-img-description=\"\" data-large_image_width=\"1599\" data-large_image_height=\"1200\"href='https:\/\/www.radiopiu.net\/wordpress\/wp-content\/uploads\/2021\/05\/7836ea9c-c952-4844-ad28-3968afe908fe.jpg'><img loading=\"lazy\" decoding=\"async\" width=\"150\" height=\"150\" src=\"https:\/\/www.radiopiu.net\/wordpress\/wp-content\/uploads\/2021\/05\/7836ea9c-c952-4844-ad28-3968afe908fe-150x150.jpg\" class=\"attachment-thumbnail size-thumbnail\" alt=\"\" \/><\/a>\n\t\t\t\t<\/dt><\/dl><dl class='gallery-item'>\n\t\t\t\t<dt class='gallery-icon landscape'>\n\t\t\t\t\t<a class=\"rollover rollover-zoom dt-pswp-item\" title=\"e208c537-ccd5-4289-a61f-746b01bc2768\" data-dt-img-description=\"\" data-large_image_width=\"1599\" data-large_image_height=\"1200\"href='https:\/\/www.radiopiu.net\/wordpress\/wp-content\/uploads\/2021\/05\/e208c537-ccd5-4289-a61f-746b01bc2768.jpg'><img loading=\"lazy\" decoding=\"async\" width=\"150\" height=\"150\" src=\"https:\/\/www.radiopiu.net\/wordpress\/wp-content\/uploads\/2021\/05\/e208c537-ccd5-4289-a61f-746b01bc2768-150x150.jpg\" class=\"attachment-thumbnail size-thumbnail\" alt=\"\" \/><\/a>\n\t\t\t\t<\/dt><\/dl><dl class='gallery-item'>\n\t\t\t\t<dt class='gallery-icon landscape'>\n\t\t\t\t\t<a class=\"rollover rollover-zoom dt-pswp-item\" title=\"92088191-b4d1-47e0-bd34-3d94e76cac29\" data-dt-img-description=\"\" data-large_image_width=\"1599\" data-large_image_height=\"1200\"href='https:\/\/www.radiopiu.net\/wordpress\/wp-content\/uploads\/2021\/05\/92088191-b4d1-47e0-bd34-3d94e76cac29.jpg'><img loading=\"lazy\" decoding=\"async\" width=\"150\" height=\"150\" src=\"https:\/\/www.radiopiu.net\/wordpress\/wp-content\/uploads\/2021\/05\/92088191-b4d1-47e0-bd34-3d94e76cac29-150x150.jpg\" class=\"attachment-thumbnail size-thumbnail\" alt=\"\" \/><\/a>\n\t\t\t\t<\/dt><\/dl><dl class='gallery-item'>\n\t\t\t\t<dt class='gallery-icon landscape'>\n\t\t\t\t\t<a class=\"rollover rollover-zoom dt-pswp-item\" title=\"36f94e10-f2c7-456f-afd7-d6fb90f814eb\" data-dt-img-description=\"\" data-large_image_width=\"1599\" data-large_image_height=\"1200\"href='https:\/\/www.radiopiu.net\/wordpress\/wp-content\/uploads\/2021\/05\/36f94e10-f2c7-456f-afd7-d6fb90f814eb.jpg'><img loading=\"lazy\" decoding=\"async\" width=\"150\" height=\"150\" src=\"https:\/\/www.radiopiu.net\/wordpress\/wp-content\/uploads\/2021\/05\/36f94e10-f2c7-456f-afd7-d6fb90f814eb-150x150.jpg\" class=\"attachment-thumbnail size-thumbnail\" alt=\"\" \/><\/a>\n\t\t\t\t<\/dt><\/dl><br style=\"clear: both\" \/>\n\t\t\t<\/div>\n\n<p>&nbsp;<\/p>\n<\/div>\n<p>&nbsp;<\/p>\n<hr \/>\n<p>&nbsp;<\/p>\n<blockquote>\n<h2><span style=\"color: #0000ff;\">SESTA&#8230;DI DIECI FIGLI, UN SECOLO DI VITA E TANTE AVE MARIA,\u00a0 AUGURI!<\/span><\/h2>\n<\/blockquote>\n<p><strong>AGORDO<\/strong><\/p>\n<p><strong>DI GIANNI SANTOMASO<\/strong><\/p>\n<audio class=\"wp-audio-shortcode\" id=\"audio-208648-6\" preload=\"none\" style=\"width: 100%;\" controls=\"controls\"><source type=\"audio\/mpeg\" src=\"https:\/\/www.radiopiu.net\/wordpress\/wp-content\/uploads\/2021\/05\/GIANNI-SESTA.mp3?_=6\" \/><a href=\"https:\/\/www.radiopiu.net\/wordpress\/wp-content\/uploads\/2021\/05\/GIANNI-SESTA.mp3\">https:\/\/www.radiopiu.net\/wordpress\/wp-content\/uploads\/2021\/05\/GIANNI-SESTA.mp3<\/a><\/audio>\n\n\t\t\t<style type='text\/css'>\n\t\t\t\t#gallery-12 {\n\t\t\t\t\tmargin: auto;\n\t\t\t\t}\n\t\t\t\t#gallery-12 .gallery-item {\n\t\t\t\t\tfloat: left;\n\t\t\t\t\tmargin-top: 10px;\n\t\t\t\t\ttext-align: center;\n\t\t\t\t\twidth: 33%;\n\t\t\t\t}\n\t\t\t\t#gallery-12 img {\n\t\t\t\t\tborder: 2px solid #cfcfcf;\n\t\t\t\t}\n\t\t\t\t#gallery-12 .gallery-caption {\n\t\t\t\t\tmargin-left: 0;\n\t\t\t\t}\n\t\t\t\t\/* see gallery_shortcode() in wp-includes\/media.php *\/\n\t\t\t<\/style>\n\t\t<div id='gallery-12' class='dt-gallery-container gallery galleryid-208648 gallery-columns-3 gallery-size-thumbnail'><dl class='gallery-item'>\n\t\t\t\t<dt class='gallery-icon landscape'>\n\t\t\t\t\t<a class=\"rollover rollover-zoom dt-pswp-item\" title=\"4beaf224-d86f-40f6-9852-c7659daa3c8b\" data-dt-img-description=\"\" data-large_image_width=\"1208\" data-large_image_height=\"1119\"href='https:\/\/www.radiopiu.net\/wordpress\/wp-content\/uploads\/2021\/05\/4beaf224-d86f-40f6-9852-c7659daa3c8b.jpg'><img loading=\"lazy\" decoding=\"async\" width=\"150\" height=\"150\" src=\"https:\/\/www.radiopiu.net\/wordpress\/wp-content\/uploads\/2021\/05\/4beaf224-d86f-40f6-9852-c7659daa3c8b-150x150.jpg\" class=\"attachment-thumbnail size-thumbnail\" alt=\"\" \/><\/a>\n\t\t\t\t<\/dt><\/dl><dl class='gallery-item'>\n\t\t\t\t<dt class='gallery-icon portrait'>\n\t\t\t\t\t<a class=\"rollover rollover-zoom dt-pswp-item\" title=\"708b3965-95d8-4e2a-aaa2-8f3ba650de95\" data-dt-img-description=\"\" data-large_image_width=\"777\" data-large_image_height=\"1600\"href='https:\/\/www.radiopiu.net\/wordpress\/wp-content\/uploads\/2021\/05\/708b3965-95d8-4e2a-aaa2-8f3ba650de95.jpg'><img loading=\"lazy\" decoding=\"async\" width=\"150\" height=\"150\" src=\"https:\/\/www.radiopiu.net\/wordpress\/wp-content\/uploads\/2021\/05\/708b3965-95d8-4e2a-aaa2-8f3ba650de95-150x150.jpg\" class=\"attachment-thumbnail size-thumbnail\" alt=\"\" \/><\/a>\n\t\t\t\t<\/dt><\/dl><dl class='gallery-item'>\n\t\t\t\t<dt class='gallery-icon portrait'>\n\t\t\t\t\t<a class=\"rollover rollover-zoom dt-pswp-item\" title=\"7dbca56a-fd49-419d-97ae-bc0f191d9cf3\" data-dt-img-description=\"\" data-large_image_width=\"1088\" data-large_image_height=\"1094\"href='https:\/\/www.radiopiu.net\/wordpress\/wp-content\/uploads\/2021\/05\/7dbca56a-fd49-419d-97ae-bc0f191d9cf3.jpg'><img loading=\"lazy\" decoding=\"async\" width=\"150\" height=\"150\" src=\"https:\/\/www.radiopiu.net\/wordpress\/wp-content\/uploads\/2021\/05\/7dbca56a-fd49-419d-97ae-bc0f191d9cf3-150x150.jpg\" class=\"attachment-thumbnail size-thumbnail\" alt=\"\" srcset=\"https:\/\/www.radiopiu.net\/wordpress\/wp-content\/uploads\/2021\/05\/7dbca56a-fd49-419d-97ae-bc0f191d9cf3-150x150.jpg 150w, https:\/\/www.radiopiu.net\/wordpress\/wp-content\/uploads\/2021\/05\/7dbca56a-fd49-419d-97ae-bc0f191d9cf3-298x300.jpg 298w, https:\/\/www.radiopiu.net\/wordpress\/wp-content\/uploads\/2021\/05\/7dbca56a-fd49-419d-97ae-bc0f191d9cf3-1018x1024.jpg 1018w, https:\/\/www.radiopiu.net\/wordpress\/wp-content\/uploads\/2021\/05\/7dbca56a-fd49-419d-97ae-bc0f191d9cf3-768x772.jpg 768w, https:\/\/www.radiopiu.net\/wordpress\/wp-content\/uploads\/2021\/05\/7dbca56a-fd49-419d-97ae-bc0f191d9cf3.jpg 1088w\" sizes=\"auto, (max-width: 150px) 100vw, 150px\" \/><\/a>\n\t\t\t\t<\/dt><\/dl><br style=\"clear: both\" \/>\n\t\t\t<\/div>\n\n<p>&nbsp;<\/p>\n<p>&nbsp;<\/p>\n<p>&nbsp;<\/p>\n<hr \/>\n<blockquote>\n<h3><\/h3>\n<h3><span style=\"color: #ff0000;\">GLI AUGURI DI LUCA ZAIA A GIULIA<\/span><\/h3>\n<\/blockquote>\n<blockquote><p><strong><img loading=\"lazy\" decoding=\"async\" class=\"alignleft\" src=\"https:\/\/www.radiopiu.net\/wordpress\/wp-content\/uploads\/2021\/05\/0c8c14ee-f289-4cc7-a9fb-49fce6ce6e5b.jpg\" width=\"141\" height=\"95\" \/>AUDIO DALLA CONFERENZA STAMPA DI LUCA ZAIA<\/strong><\/p><\/blockquote>\n<audio class=\"wp-audio-shortcode\" id=\"audio-208648-7\" preload=\"none\" style=\"width: 100%;\" controls=\"controls\"><source type=\"audio\/mpeg\" src=\"https:\/\/www.radiopiu.net\/wordpress\/wp-content\/uploads\/2021\/05\/zaia-compleanno.mp3?_=7\" \/><a href=\"https:\/\/www.radiopiu.net\/wordpress\/wp-content\/uploads\/2021\/05\/zaia-compleanno.mp3\">https:\/\/www.radiopiu.net\/wordpress\/wp-content\/uploads\/2021\/05\/zaia-compleanno.mp3<\/a><\/audio>\n<p><em>&#8230;e nel video diretta (pagina Zaia) la foto di Giulia nell&#8217;orto\u00a0<\/em><\/p>\n<p>&nbsp;<\/p>\n<p>&nbsp;<\/p>\n<hr \/>\n<p>&nbsp;<\/p>\n<blockquote>\n<h3>ARMA, LE PROMOZIONI I NUOVI INCARICHI<\/h3>\n<\/blockquote>\n<p><strong><a href=\"https:\/\/www.radiopiu.net\/wordpress\/208822-2\/0489bb79-d088-448e-87a1-c5ab9ef002ba\/\" rel=\"attachment wp-att-208827\"><img loading=\"lazy\" decoding=\"async\" class=\"size-medium wp-image-208827 alignleft\" src=\"https:\/\/www.radiopiu.net\/wordpress\/wp-content\/uploads\/2021\/05\/0489bb79-d088-448e-87a1-c5ab9ef002ba-300x205.jpg\" alt=\"\" width=\"300\" height=\"205\" srcset=\"https:\/\/www.radiopiu.net\/wordpress\/wp-content\/uploads\/2021\/05\/0489bb79-d088-448e-87a1-c5ab9ef002ba-300x205.jpg 300w, https:\/\/www.radiopiu.net\/wordpress\/wp-content\/uploads\/2021\/05\/0489bb79-d088-448e-87a1-c5ab9ef002ba-768x525.jpg 768w, https:\/\/www.radiopiu.net\/wordpress\/wp-content\/uploads\/2021\/05\/0489bb79-d088-448e-87a1-c5ab9ef002ba.jpg 800w\" sizes=\"auto, (max-width: 300px) 100vw, 300px\" \/><\/a>BELLUNO<\/strong> Tempo di promozioni al Comando Provinciale dei Carabinieri,\u00a0 \u00e9 stato promosso al grado di capitano (da Tenente) <strong>Giorgio Bergamo<\/strong>, Comandante del Norm, promosso Tenente (da sotto tenente)<strong> Giovanni Marti<\/strong>\u00a0 gi\u00e0 maresciallo dei Carabinieri ad Agordo( a sinistra), Comandante del Nucleo informativo e infine\u00a0 <strong>Fabio Tantalo<\/strong> (a destra) Comandante della sezione radiomobile del Norm di belluno<\/p>\n<p>&nbsp;<\/p>\n<p>&nbsp;<\/p>\n<p>&nbsp;<\/p>\n<p>&nbsp;<\/p>\n<p>&nbsp;<\/p>\n<p>&nbsp;<\/p>\n<p>&nbsp;<\/p>\n<hr \/>\n<p>&nbsp;<\/p>\n<blockquote>\n<h3>L&#8217;ENNESIMO SCIPPO: I SERRAI DI SOTTOGUDA ALTO ATESINI<\/h3>\n<\/blockquote>\n<p>&nbsp;<\/p>\n<p><strong>ROCCA PIETORE<\/strong> Che Vaia abbia colpito duro anche nelle vicine regioni autonome \u00e8 noto, che abbiamo devastato di Serrai \u00e8 altrettanto noto in tutto il mondo. Un post su facebook ha scatenato la presidente del Consorzio Operatori Turistici Marmolada Rocca Pietore. Un&#8217;altra occasione per ribadire che la geografia \u00e8 materia da studiare.<\/p>\n<p><strong>IL POST E LA RISPOSTA DI LUCIA FARENZENA.<\/strong><\/p>\n\n\t\t\t<style type='text\/css'>\n\t\t\t\t#gallery-13 {\n\t\t\t\t\tmargin: auto;\n\t\t\t\t}\n\t\t\t\t#gallery-13 .gallery-item {\n\t\t\t\t\tfloat: left;\n\t\t\t\t\tmargin-top: 10px;\n\t\t\t\t\ttext-align: center;\n\t\t\t\t\twidth: 50%;\n\t\t\t\t}\n\t\t\t\t#gallery-13 img {\n\t\t\t\t\tborder: 2px solid #cfcfcf;\n\t\t\t\t}\n\t\t\t\t#gallery-13 .gallery-caption {\n\t\t\t\t\tmargin-left: 0;\n\t\t\t\t}\n\t\t\t\t\/* see gallery_shortcode() in wp-includes\/media.php *\/\n\t\t\t<\/style>\n\t\t<div id='gallery-13' class='dt-gallery-container gallery galleryid-208648 gallery-columns-2 gallery-size-medium'><dl class='gallery-item'>\n\t\t\t\t<dt class='gallery-icon portrait'>\n\t\t\t\t\t<a class=\"rollover rollover-zoom dt-pswp-item\" title=\"94769c31-48a1-47a8-bf9e-ce89682f138b\" data-dt-img-description=\"\" data-large_image_width=\"646\" data-large_image_height=\"1024\"href='https:\/\/www.radiopiu.net\/wordpress\/wp-content\/uploads\/2021\/05\/94769c31-48a1-47a8-bf9e-ce89682f138b.jpg'><img loading=\"lazy\" decoding=\"async\" width=\"189\" height=\"300\" src=\"https:\/\/www.radiopiu.net\/wordpress\/wp-content\/uploads\/2021\/05\/94769c31-48a1-47a8-bf9e-ce89682f138b-189x300.jpg\" class=\"attachment-medium size-medium\" alt=\"\" srcset=\"https:\/\/www.radiopiu.net\/wordpress\/wp-content\/uploads\/2021\/05\/94769c31-48a1-47a8-bf9e-ce89682f138b-189x300.jpg 189w, https:\/\/www.radiopiu.net\/wordpress\/wp-content\/uploads\/2021\/05\/94769c31-48a1-47a8-bf9e-ce89682f138b.jpg 646w\" sizes=\"auto, (max-width: 189px) 100vw, 189px\" \/><\/a>\n\t\t\t\t<\/dt><\/dl><dl class='gallery-item'>\n\t\t\t\t<dt class='gallery-icon portrait'>\n\t\t\t\t\t<a class=\"rollover rollover-zoom dt-pswp-item\" title=\"0b3cd5db-3ad2-4e65-937a-fef8bd92287e\" data-dt-img-description=\"\" data-large_image_width=\"828\" data-large_image_height=\"1123\"href='https:\/\/www.radiopiu.net\/wordpress\/wp-content\/uploads\/2021\/05\/0b3cd5db-3ad2-4e65-937a-fef8bd92287e.jpg'><img loading=\"lazy\" decoding=\"async\" width=\"221\" height=\"300\" src=\"https:\/\/www.radiopiu.net\/wordpress\/wp-content\/uploads\/2021\/05\/0b3cd5db-3ad2-4e65-937a-fef8bd92287e-221x300.jpg\" class=\"attachment-medium size-medium\" alt=\"\" srcset=\"https:\/\/www.radiopiu.net\/wordpress\/wp-content\/uploads\/2021\/05\/0b3cd5db-3ad2-4e65-937a-fef8bd92287e-221x300.jpg 221w, https:\/\/www.radiopiu.net\/wordpress\/wp-content\/uploads\/2021\/05\/0b3cd5db-3ad2-4e65-937a-fef8bd92287e-755x1024.jpg 755w, https:\/\/www.radiopiu.net\/wordpress\/wp-content\/uploads\/2021\/05\/0b3cd5db-3ad2-4e65-937a-fef8bd92287e-768x1042.jpg 768w, https:\/\/www.radiopiu.net\/wordpress\/wp-content\/uploads\/2021\/05\/0b3cd5db-3ad2-4e65-937a-fef8bd92287e.jpg 828w\" sizes=\"auto, (max-width: 221px) 100vw, 221px\" \/><\/a>\n\t\t\t\t<\/dt><\/dl><br style=\"clear: both\" \/>\n\t\t\t<\/div>\n\n<p>&nbsp;<\/p>\n<p>&nbsp;<\/p>\n<p>&nbsp;<\/p>\n<hr \/>\n<p>&nbsp;<\/p>\n<blockquote>\n<h3>ASCA CERCA INFERMIERE<\/h3>\n<\/blockquote>\n<p><strong><a href=\"https:\/\/www.radiopiu.net\/wordpress\/asca-ricerca-personale-infermieristico\/asca-4\/\" rel=\"attachment wp-att-128881\"><img loading=\"lazy\" decoding=\"async\" class=\" wp-image-128881 alignleft\" src=\"https:\/\/www.radiopiu.net\/wordpress\/wp-content\/uploads\/2020\/04\/ASCA-300x165.png\" alt=\"\" width=\"167\" height=\"92\" srcset=\"https:\/\/www.radiopiu.net\/wordpress\/wp-content\/uploads\/2020\/04\/ASCA-300x165.png 300w, https:\/\/www.radiopiu.net\/wordpress\/wp-content\/uploads\/2020\/04\/ASCA-1024x565.png 1024w, https:\/\/www.radiopiu.net\/wordpress\/wp-content\/uploads\/2020\/04\/ASCA-768x424.png 768w, https:\/\/www.radiopiu.net\/wordpress\/wp-content\/uploads\/2020\/04\/ASCA.png 1211w\" sizes=\"auto, (max-width: 167px) 100vw, 167px\" \/><\/a>AGORDO <\/strong>ASCA ha indetto una nuova selezione pubblica finalizzata alla formulazione di una graduatoria di idoneit\u00e0 utile all\u2019inserimento a tempo indeterminato pieno e part-time presso la RSA di Agordo di INFERMIERE. La domanda deve essere presentata entro le 12 di luned\u00ec 17 maggio. Tutte le informazioni sul bando sul sito www.servizisocialiasca.it<\/p>\n<p>&nbsp;<\/p>\n<p>&nbsp;<\/p>\n<hr \/>\n<p>&nbsp;<\/p>\n<p>&nbsp;<\/p>\n<blockquote>\n<h3><a href=\"https:\/\/www.radiopiu.net\/wordpress\/giornale-radiopiu-24-giugno-2020-direttore-mirko-mezzacasa\/dsc_0515\/\" rel=\"attachment wp-att-145990\"><img loading=\"lazy\" decoding=\"async\" class=\"wp-image-145990 alignleft\" src=\"https:\/\/www.radiopiu.net\/wordpress\/wp-content\/uploads\/2020\/06\/DSC_0515-300x199.jpg\" alt=\"\" width=\"152\" height=\"101\" srcset=\"https:\/\/www.radiopiu.net\/wordpress\/wp-content\/uploads\/2020\/06\/DSC_0515-300x199.jpg 300w, https:\/\/www.radiopiu.net\/wordpress\/wp-content\/uploads\/2020\/06\/DSC_0515-1024x680.jpg 1024w, https:\/\/www.radiopiu.net\/wordpress\/wp-content\/uploads\/2020\/06\/DSC_0515-768x510.jpg 768w, https:\/\/www.radiopiu.net\/wordpress\/wp-content\/uploads\/2020\/06\/DSC_0515-1536x1020.jpg 1536w, https:\/\/www.radiopiu.net\/wordpress\/wp-content\/uploads\/2020\/06\/DSC_0515-2048x1360.jpg 2048w\" sizes=\"auto, (max-width: 152px) 100vw, 152px\" \/><\/a>BANDO PER 1030 ALLIEVI MARESCIALLI<\/h3>\n<\/blockquote>\n<p><strong>BELLUNO<\/strong> La Guardia di Finanza ha pubblicato il bando per titolo ed esami per l&#8217;ammissione al 93\u00b0 corso per la scuola Ispettori e Sovrintendenti della GDF, 983 allievi marescialli e 47 del contingente mare. La domanda di partecipazione va inviata entro le 12 del 20 maggio a: https:\/\/concorsi.gdf.gov.it. Sul sito internet tutte le informazioni per accedere al bando<\/p>\n<p>&nbsp;<\/p>\n<hr \/>\n<p>&nbsp;<\/p>\n<p>&nbsp;<\/p>\n<p><strong><a href=\"https:\/\/www.radiopiu.net\/wordpress\/giornale-radiopiu-11-maggio-2021-direttore-mirko-mezzacasa\/logistica\/\" rel=\"attachment wp-att-208812\"><img loading=\"lazy\" decoding=\"async\" class=\" wp-image-208812 alignleft\" src=\"https:\/\/www.radiopiu.net\/wordpress\/wp-content\/uploads\/2021\/05\/logistica-300x211.jpg\" alt=\"\" width=\"135\" height=\"95\" srcset=\"https:\/\/www.radiopiu.net\/wordpress\/wp-content\/uploads\/2021\/05\/logistica-300x211.jpg 300w, https:\/\/www.radiopiu.net\/wordpress\/wp-content\/uploads\/2021\/05\/logistica-1024x722.jpg 1024w, https:\/\/www.radiopiu.net\/wordpress\/wp-content\/uploads\/2021\/05\/logistica-768x541.jpg 768w, https:\/\/www.radiopiu.net\/wordpress\/wp-content\/uploads\/2021\/05\/logistica-1536x1083.jpg 1536w, https:\/\/www.radiopiu.net\/wordpress\/wp-content\/uploads\/2021\/05\/logistica-2048x1444.jpg 2048w\" sizes=\"auto, (max-width: 135px) 100vw, 135px\" \/><\/a>LONGARONE<\/strong> L\u2019Area Formazione di Certottica ha aperto le iscrizioni alla Work Experience gratuita per formare l\u2019attrezzista di macchine Cnc\u00a0 e addetto international trade &amp; logistic per il settore occhialeria, partir\u00e0 il 21 giugno, dopo la selezione fissata per l\u20198. Il corso \u00e8 destinato a 9 persone disoccupate\/inoccupate in possesso di diploma. Info sul sito www.certottica.it.<\/p>\n<div class=\"page-title-head hgroup\">\n<p>&nbsp;<\/p>\n<p>&nbsp;<\/p>\n<p>&nbsp;<\/p>\n<hr \/>\n<p>&nbsp;<\/p>\n<blockquote>\n<h3>COLLEZIONE NASCI-FRANZOIA, I PRIMI 200 VISITATORI<\/h3>\n<\/blockquote>\n<p><strong><a href=\"https:\/\/www.radiopiu.net\/wordpress\/giornale-radiopiu-11-maggio-2021-direttore-mirko-mezzacasa\/collezione-nasci-franzoia\/\" rel=\"attachment wp-att-208905\"><img loading=\"lazy\" decoding=\"async\" class=\" wp-image-208905 alignleft\" src=\"https:\/\/www.radiopiu.net\/wordpress\/wp-content\/uploads\/2021\/05\/Collezione-Nasci-Franzoia-300x169.jpg\" alt=\"\" width=\"225\" height=\"127\" srcset=\"https:\/\/www.radiopiu.net\/wordpress\/wp-content\/uploads\/2021\/05\/Collezione-Nasci-Franzoia-300x169.jpg 300w, https:\/\/www.radiopiu.net\/wordpress\/wp-content\/uploads\/2021\/05\/Collezione-Nasci-Franzoia-1024x576.jpg 1024w, https:\/\/www.radiopiu.net\/wordpress\/wp-content\/uploads\/2021\/05\/Collezione-Nasci-Franzoia-768x432.jpg 768w, https:\/\/www.radiopiu.net\/wordpress\/wp-content\/uploads\/2021\/05\/Collezione-Nasci-Franzoia-1536x864.jpg 1536w, https:\/\/www.radiopiu.net\/wordpress\/wp-content\/uploads\/2021\/05\/Collezione-Nasci-Franzoia.jpg 2048w\" sizes=\"auto, (max-width: 225px) 100vw, 225px\" \/><\/a>FELTRE<\/strong> Dopo le oltre 130 persone che hanno potuto visitare la nuova collezione di vetri d\u2019arte veneziani Nasci-Franzoia nel giorno della vernice, domenica la Galleria Rizzarda ha aperto ufficialmente i battenti al pubblico. Nonostante gli ingressi contingentati, domenica sono state una settantina le persone che hanno scelto di non perdere nemmeno un giorno per poter ammirare gli oltre 800 straordinari pezzi dell\u2019esposizione, curata direttamente dallo stesso architetto Ferruccio Franzoia. <em>\u201cFrancamente, esordisce l\u2019assessore alla Cultura del Comune di Feltre Alessando Del Bianco, non \u00e8 una sorpresa. L\u2019importanza e la valenza artistica e storica della donazione ora esposta alla Galleria Rizzarda sono tali da collocare la stessa nella cerchia dei pi\u00f9 importanti musei di arti decorative a livello nazionale ed internazionale&#8221;.\u00a0<\/em><\/p>\n<p>&nbsp;<\/p>\n<p>&nbsp;<\/p>\n<hr \/>\n<blockquote>\n<h3><\/h3>\n<h3>IL MINISTRO D&#8217;INCA&#8217; A &#8220;PAROLE CHE PARLANO DI NOI&#8221;<\/h3>\n<\/blockquote>\n<p><strong>di Federico D&#8217;Inc\u00e0<\/strong><\/p>\n<p><strong>TRICHIANA<\/strong>\u00a0 <em>&#8220;Ho presenziato alla premiazione del concorso letterario \u201cParole che parlano di noi\u201d\u00a0 davanti ad una bellissima opera dell\u2019artista Paolo Moro. \u00c8 stato un momento importante perch\u00e9 ci ha permesso di riprendere, in un certo modo, le abitudini di prima della pandemia. Ai vincitori del concorso e a tutti i giovani il mio appello affinch\u00e9 si faccia tesoro di questa esperienza che avr\u00e0 inevitabilmente delle conseguenze da un punto di vista culturale. Attraverso le parole che parlano di noi dobbiamo raccontarci e raccontare per fare memoria e trovare soluzioni per non trovarci impreparati alle sfide che ci attendono&#8221;.<\/em><\/p>\n<p>&nbsp;<\/p>\n\n\t\t\t<style type='text\/css'>\n\t\t\t\t#gallery-14 {\n\t\t\t\t\tmargin: auto;\n\t\t\t\t}\n\t\t\t\t#gallery-14 .gallery-item {\n\t\t\t\t\tfloat: left;\n\t\t\t\t\tmargin-top: 10px;\n\t\t\t\t\ttext-align: center;\n\t\t\t\t\twidth: 25%;\n\t\t\t\t}\n\t\t\t\t#gallery-14 img {\n\t\t\t\t\tborder: 2px solid #cfcfcf;\n\t\t\t\t}\n\t\t\t\t#gallery-14 .gallery-caption {\n\t\t\t\t\tmargin-left: 0;\n\t\t\t\t}\n\t\t\t\t\/* see gallery_shortcode() in wp-includes\/media.php *\/\n\t\t\t<\/style>\n\t\t<div id='gallery-14' class='dt-gallery-container gallery galleryid-208648 gallery-columns-4 gallery-size-thumbnail'><dl class='gallery-item'>\n\t\t\t\t<dt class='gallery-icon landscape'>\n\t\t\t\t\t<a class=\"rollover rollover-zoom dt-pswp-item\" title=\"184235916_1936641129829409_3157401751281842136_n\" data-dt-img-description=\"\" data-large_image_width=\"596\" data-large_image_height=\"414\"href='https:\/\/www.radiopiu.net\/wordpress\/wp-content\/uploads\/2021\/05\/184235916_1936641129829409_3157401751281842136_n.jpg'><img loading=\"lazy\" decoding=\"async\" width=\"150\" height=\"150\" src=\"https:\/\/www.radiopiu.net\/wordpress\/wp-content\/uploads\/2021\/05\/184235916_1936641129829409_3157401751281842136_n-150x150.jpg\" class=\"attachment-thumbnail size-thumbnail\" alt=\"\" \/><\/a>\n\t\t\t\t<\/dt><\/dl><dl class='gallery-item'>\n\t\t\t\t<dt class='gallery-icon landscape'>\n\t\t\t\t\t<a class=\"rollover rollover-zoom dt-pswp-item\" title=\"184720156_1936641123162743_8917323847934553775_n\" data-dt-img-description=\"\" data-large_image_width=\"596\" data-large_image_height=\"395\"href='https:\/\/www.radiopiu.net\/wordpress\/wp-content\/uploads\/2021\/05\/184720156_1936641123162743_8917323847934553775_n.jpg'><img loading=\"lazy\" decoding=\"async\" width=\"150\" height=\"150\" src=\"https:\/\/www.radiopiu.net\/wordpress\/wp-content\/uploads\/2021\/05\/184720156_1936641123162743_8917323847934553775_n-150x150.jpg\" class=\"attachment-thumbnail size-thumbnail\" alt=\"\" \/><\/a>\n\t\t\t\t<\/dt><\/dl><dl class='gallery-item'>\n\t\t\t\t<dt class='gallery-icon landscape'>\n\t\t\t\t\t<a class=\"rollover rollover-zoom dt-pswp-item\" title=\"185183316_1936641183162737_6296266427652646006_n\" data-dt-img-description=\"\" data-large_image_width=\"595\" data-large_image_height=\"395\"href='https:\/\/www.radiopiu.net\/wordpress\/wp-content\/uploads\/2021\/05\/185183316_1936641183162737_6296266427652646006_n.jpg'><img loading=\"lazy\" decoding=\"async\" width=\"150\" height=\"150\" src=\"https:\/\/www.radiopiu.net\/wordpress\/wp-content\/uploads\/2021\/05\/185183316_1936641183162737_6296266427652646006_n-150x150.jpg\" class=\"attachment-thumbnail size-thumbnail\" alt=\"\" \/><\/a>\n\t\t\t\t<\/dt><\/dl><dl class='gallery-item'>\n\t\t\t\t<dt class='gallery-icon landscape'>\n\t\t\t\t\t<a class=\"rollover rollover-zoom dt-pswp-item\" title=\"184878732_1936641126496076_8827233095889691292_n\" data-dt-img-description=\"\" data-large_image_width=\"600\" data-large_image_height=\"460\"href='https:\/\/www.radiopiu.net\/wordpress\/wp-content\/uploads\/2021\/05\/184878732_1936641126496076_8827233095889691292_n.jpg'><img loading=\"lazy\" decoding=\"async\" width=\"150\" height=\"150\" src=\"https:\/\/www.radiopiu.net\/wordpress\/wp-content\/uploads\/2021\/05\/184878732_1936641126496076_8827233095889691292_n-150x150.jpg\" class=\"attachment-thumbnail size-thumbnail\" alt=\"\" \/><\/a>\n\t\t\t\t<\/dt><\/dl><br style=\"clear: both\" \/>\n\t\t\t<\/div>\n\n<\/div>\n<div class=\"page-title-head hgroup\"><\/div>\n<div class=\"page-title-head hgroup\">\n<hr \/>\n<p>&nbsp;<\/p>\n<p>&nbsp;<\/p>\n<blockquote>\n<h2>LE INIZIATIVE DI AD AGORDO PROLOCO<\/h2>\n<\/blockquote>\n<p><strong><a href=\"https:\/\/www.radiopiu.net\/wordpress\/scopriamo-agordo-perche-quando-tutto-questo-sara-finito-diremo-andiamo-a-farci-un-giro-ad-agordo\/ad-agordo-proloco-logo_colors\/\" rel=\"attachment wp-att-129089\"><img loading=\"lazy\" decoding=\"async\" class=\"wp-image-129089 alignleft\" src=\"https:\/\/www.radiopiu.net\/wordpress\/wp-content\/uploads\/2020\/04\/AD-AGORDO-PROLOCO-LOGO_colors-300x300.jpg\" alt=\"\" width=\"116\" height=\"116\" srcset=\"https:\/\/www.radiopiu.net\/wordpress\/wp-content\/uploads\/2020\/04\/AD-AGORDO-PROLOCO-LOGO_colors-300x300.jpg 300w, https:\/\/www.radiopiu.net\/wordpress\/wp-content\/uploads\/2020\/04\/AD-AGORDO-PROLOCO-LOGO_colors-1024x1024.jpg 1024w, https:\/\/www.radiopiu.net\/wordpress\/wp-content\/uploads\/2020\/04\/AD-AGORDO-PROLOCO-LOGO_colors-150x150.jpg 150w, https:\/\/www.radiopiu.net\/wordpress\/wp-content\/uploads\/2020\/04\/AD-AGORDO-PROLOCO-LOGO_colors-768x768.jpg 768w, https:\/\/www.radiopiu.net\/wordpress\/wp-content\/uploads\/2020\/04\/AD-AGORDO-PROLOCO-LOGO_colors-1536x1536.jpg 1536w, https:\/\/www.radiopiu.net\/wordpress\/wp-content\/uploads\/2020\/04\/AD-AGORDO-PROLOCO-LOGO_colors.jpg 1920w\" sizes=\"auto, (max-width: 116px) 100vw, 116px\" \/><\/a><\/strong><\/p>\n<p><strong>AGORDO<\/strong> In occasione del passaggio del Giro d&#8217;Italia del 24 maggio, il successivo passaggio del Giro U23 dell&#8217;11 maggio l&#8217;Ufficio Turistico di Agordo &#8211; Conca Agordina propone una nuova iniziativa dedicata alle foto e al mondo bici. Le foto delle bici in Agordino, che siano da corsa, MTB o ebike, saranno esposte sullo schermo in vetrina del nostro ufficio dal 21 maggio fino al 5 settembre 2021 e pubblicate su Facebook ed Instagram. Il regolamento visionabile anche al link <span style=\"color: #0000ff;\"><a style=\"color: #0000ff;\" href=\"https:\/\/www.agordo.net\/wp-content\/uploads\/2021\/05\/2021_Agordino-in-bici-regolamento.pdf\">CLICCA QUI<\/a><\/span><\/p>\n<div><span style=\"font-family: Segoe UI Historic, Segoe UI, Helvetica, Arial, sans-serif;\">\u00a0<\/span><\/div>\n<div><\/div>\n<div>\n<hr \/>\n<\/div>\n<blockquote>\n<h3>L&#8217;ASSEMBLEA DEL COMITATO DI GEMELLAGGIO<\/h3>\n<\/blockquote>\n<div><\/div>\n<div><strong>AGORDO<\/strong> Venerdi 21 maggio alle 20.30 nella saletta della Biblioteca di Agordo assemblea ordinaria dei soci e simpatizzanti del comitato gemellaggio di Agordo (incontro anche on line su piattaforma zoom). Ordine del giorno: rendicontazione 2020 e approvazione bilancio, rinnovo tesseramento 2021 e sospensione di tutte le iniziative fino al termine dell&#8217;emergenza sanitaria.<\/div>\n<div><\/div>\n<div><\/div>\n<\/div>\n<p>&nbsp;<\/p>\n<hr \/>\n<p>&nbsp;<\/p>\n<blockquote>\n<h3>APERTE LE VISITE ALLA CASA NATALE DI PAPA LUCIANI<\/h3>\n<\/blockquote>\n<p><strong>CANALE D&#8217;AGORDO<\/strong> \u00c8\u00a0aperta anche la Casa natale di Papa Luciani a Canale d&#8217;Agordo. Come per il Museo, \u00e8 necessaria la prenotazione allo 0437 1948001 (WhatsApp 377 9665237).<\/p>\n<p>&nbsp;<\/p>\n<p>&nbsp;<\/p>\n<hr \/>\n<p>&nbsp;<\/p>\n<blockquote>\n<h3>SI APRE LA 68\u00aa STAGIONE DEL CIRCOLO CULTURALE BELLUNESE CON IL TRIO KANON<\/h3>\n<\/blockquote>\n<p><strong><a href=\"https:\/\/www.radiopiu.net\/wordpress\/giornale-radiopiu-07-maggio-2021-direttore-mirko-mezzacasa\/trio-kanon-3\/\" rel=\"attachment wp-att-208013\"><img loading=\"lazy\" decoding=\"async\" class=\"size-medium wp-image-208013 alignleft\" src=\"https:\/\/www.radiopiu.net\/wordpress\/wp-content\/uploads\/2021\/05\/Trio-Kanon-3-300x191.jpg\" alt=\"\" width=\"300\" height=\"191\" srcset=\"https:\/\/www.radiopiu.net\/wordpress\/wp-content\/uploads\/2021\/05\/Trio-Kanon-3-300x191.jpg 300w, https:\/\/www.radiopiu.net\/wordpress\/wp-content\/uploads\/2021\/05\/Trio-Kanon-3-1024x651.jpg 1024w, https:\/\/www.radiopiu.net\/wordpress\/wp-content\/uploads\/2021\/05\/Trio-Kanon-3-768x488.jpg 768w, https:\/\/www.radiopiu.net\/wordpress\/wp-content\/uploads\/2021\/05\/Trio-Kanon-3-1536x976.jpg 1536w, https:\/\/www.radiopiu.net\/wordpress\/wp-content\/uploads\/2021\/05\/Trio-Kanon-3-2048x1301.jpg 2048w\" sizes=\"auto, (max-width: 300px) 100vw, 300px\" \/><\/a>BELLUNO <\/strong>Si apre la 68a Stagione del Circolo Culturale Bellunese, con il concerto del pluripremiato Trio Kanon, composto da Lena Yokoyama violino, Alessandro Copia violoncello e Diego Maccagnola pianoforte. Il concerto si tiene a Belluno, Teatro Giovanni XXIII, oggi, con orario anticipato alle ore 19:00, per rispettare il &#8220;coprifuoco&#8221; delle ore 22. In programma, l&#8217;esecuzione del <em>Trio n. 1 in re minore op. 63<\/em><em> di <\/em><em>Robert Schumann<\/em> e del <em>Trio n. 3 in fa minore op. 65<\/em><em> di <\/em><em>Anton\u00edn Dvo\u0159\u00e1k. <\/em>Per garantire le misure di prevenzione anticovid, \u00e8 richiesta la prenotazione presso l&#8217;Agenzia Alpe Bellunese: telefono Tel. 0437 940407, e-mail: info@alpebellunese.it. Si ricorda l&#8217;utilizzo della mascherina.<\/p>\n<p>&nbsp;<\/p>\n<p>&nbsp;<\/p>\n<p>&nbsp;<\/p>\n<p>&nbsp;<\/p>\n<p>&nbsp;<\/p>\n<hr \/>\n<p>&nbsp;<\/p>\n<blockquote>\n<h2>UN SANTO \u201cTAIBONER\u201d IN BRASILE?<\/h2>\n<h2>di RENATO BONA<\/h2>\n<\/blockquote>\n<div class=\"l60d2q6s d1544ag0 sj5x9vvc tw6a2znq l9j0dhe7 ni8dbmo4 stjgntxs qlfml3jp inkptoze e72ty7fz qttc61fc jm1wdb64 qv66sw1b ljqsnud1 g6srhlxm odn2s2vf\">\n<div class=\"oo9gr5id\" dir=\"auto\">Castaldi Feltre stampava nel luglio del 1997, per Nuovi Sentieri editore di Bepi Pellegrinon, il libretto di una ventina di pagine dedicato a \u201cMons. Giovanni Benvegn\u00f9. Un santo \u2018taiboner\u2019 in Brasile\u201d, realizzato da Libera Rossi per la Parrocchia di Taibon Agordino e voluto in particolare dall\u2019allora parroco don Mario Zanon. Il quale, nella presentazione, esaltava la figura di Benvegn\u00f9 \u201cfiglio illustre di emigranti della nostra terra che nel secolo scorso, in numero rilevante, hanno lasciato i nostri paesi e son partiti in tutte le direzioni dell\u2019Europa, delle Americhe e del Brasile in cerca di lavoro e di un avvenire migliore\u201d. Queste famiglie hanno portato con s\u00e9 un ricco bagaglio di virt\u00f9 umane e cristiane: si sono rese benemerite in tanti campi, compreso quello religioso, ed hanno dato alla Chiesa numerose vocazioni sacerdotali e religiose. Sottolineava quindi che: \u201cMons. Giovanni Benvegn\u00f9 ha trovato proprio in seno alla famiglia l\u2019aiuto per seguire la vocazione al sacerdozio; ha seguito via via tutti i passi della preparazione con entusiasmo, ha vissuto in pienezza il dono del sacerdozio lasciando in tutti un ricordo incancellabile di virt\u00f9 e di fecondit\u00e0 nei vari campi dell\u2019apostolato. Ora viene invocato nelle preghiere perch\u00e9 ottenga, tra i tanti benefici, anche quello di numerose vocazioni sacerdotali e religiose\u201d. Concludeva formulando l\u2019augurio che \u201cl\u2019esempio di mons. Giovanni Benvegn\u00f9 susciti anche nei nostri giovani il desiderio di ascoltare e accogliere l\u2019invito di Ges\u00f9: \u2018Vieni e seguimi\u2019\u201d. A sua volta l\u2019ex parroco di Taibon, don Gino Del Favero, ricordato il personale primo incontro: \u201cnon di meraviglia ma di profonda, incancellabile ammirazione e venerazione: cuore aperto, umilt\u00e0 resa pi\u00f9 evidente dall\u2019aspetto sempre sorridente, carico di delicatezza nel tratto e nella parola, occhio limpido con uno sguardo che entrava nel cuore e lasciava il segno\u201d, richiamava un\u2019indicazione di Benvegn\u00f9 che gli aveva dato il vescovo mons. Luigi De Nadal: \u201cUomo di Dio, si rivel\u00f2 con umilt\u00e0 e costanza pastore zelante, spinto dal solo desiderio che ogni famiglia della sua comunit\u00e0 di San Domingos fosse centro di vita cristiana, vivaio di vocazioni sacerdotali e religiose, piccola chiesa viva e sempre in cannino per garantire ed indicare scelte sicure di vita cristiana ai suoi figli spirituali\u201d e concludeva il suo intervento intitolato \u201cIl buon seme\u201d sottolineando che le vecchie famiglie di Col dei Pr\u00e0 e di Taibon emigrate in Brasile, hanno eretto il pi\u00f9 bel monumento alla memoria di don Giovanni con figli che nella stessa chiesa e nella societ\u00e0 brasiliana hanno onorato ed onorano ancor oggi il loro paese di origine\u201d, che era poi una delle tante e sante ambizioni che don Giovanni portava nel suo cuore. Monsignor Jo\u00e3o (Giovanni) Benvegn\u00f9 era figlio di Fedele (1852-1908) e Maria Moretti (1862-1937) che partirono da Pra il 20 novembre 1888 con due figli, decisi come molti altri compaesani a varcare l\u2019oceano in cerca di fortuna (recenti ricerche nei registri comunali di Taibon affermano che fra il 1876 ed il 1894 emigrarono per il Brasile 119 persone e nel biennio 1923-24 altre 35 \u2013 ndr.). L\u2019autrice del libretto, anche grazie alla collaborazione dell\u2019amica Solange Soccol, pronipote di Luigi Soccol (Gigeto dei Bigoi) e Rachele Benvegn\u00f9, sorella di Fedele, anch\u2019essi emigrati nello stesso anno ha potuto soddisfare le curiosit\u00e0 di quanti si interrogavano sulla storia di don Giovanni, anche con testimonianze sull\u2019infanzia raccolte da Clotilde Ben Anghiben, Maria Lagunaz Nardin, Antonio Lagunaz, Ines De Nadal e Maria Luisa Sandi De Nadal, parenti o vicini di casa della famiglia. Dunque: Giovanni venne alla luce il 12 agosto 1907 nel distretto di Macum, nello stato del Rio Grande do Sul e Libera Rossi non omette di citare l\u2019espressione attribuita al padre del neonato: \u201cSperiamo che questo piccino un giorno diventi sacerdote!\u201d\u2026 Battezzato il 7 ottobre 1907 nella chiesa di Santa Teresa, ricevette la cresima dall\u2019arcivescovo di Porto Alegre nel 1914 e la prima comunione cinque anni pi\u00f9 tardi. Purtroppo, a soli 13 anni perse il padre. Dopo gli studi con i Padri Passionisti a Bento Goncalves, nel 1922 entr\u00f2 in seminario e dopo aver superato difficolt\u00e0 connesse alle condizioni di salute, fu ordinato sacerdote il 16 il 16 settembre 1934 nella cattedrale di Porto Alegre \u201ce da quel giorno non festeggi\u00f2 pi\u00f9 il compleanno bens\u00ec l\u2019anniversario dell\u2019ordinazione sacerdotale\u201d. Prima messa solenne nella terra natale, a Santa Teresa il 20 dello stesso mese. Il 12 ottobre 1935 venne nominato parroco di San Domingo do Sul ove rimase fino alla morte. La sera del 31 dicembre 1985, dopo la messa, si sent\u00ec male e venne ricoverato nell\u2019ospedale di Passo Fundo dove mor\u00ec il 3 gennaio 1986. Il 16 ottobre di dieci anni fa, Gianni Santomaso dava conto di una grande notizia: \u201cmonsignor Joao Benvegn\u00f9 \u00e8 servo di Dio\u201d. Era infatti giunto dal Brasile l&#8217;annuncio dell\u2019avvio della causa di beatificazione con l\u2019arrivo in Vaticano del faldone con le 600 testimonianze raccolte nel Rio Grande do Sul, come aveva spiegato Livio Benvegn\u00f9 di Taibon, che assieme a Pio Benvegn\u00f9, don Mario Zanon ed il presidente della Bellunesi nel mondo, Oscar De Bona, fa parte del Comitato a sostegno della beatificazione. Aggiungeva che in Brasile monsignor Joao Benvegn\u00f9 \u00e8 gi\u00e0 venerato come un santo. Basti dire che, dal 1987, ogni anno, la prima domenica di gennaio, sulla sua tomba si recano circa 20 mila persone in pellegrinaggio\u201d. Ricordiamo in conclusione due notizie rifacendoci al sito di Bellunesi nel Mondo: quella che il 5 gennaio 2019 annunciava il 33. Pellegrinaggio annuo alla tomba del \u201cServo di Dio\u201d Giovanni Benvegn\u00f9 a cura della \u201cFamiglia bellunese\u201d di Serra Gaucha presieduta da Leoni Menta Zamin, e questa, del 7 agosto 2018: Gianantonio Cecchin pu\u00f2 essere definito il \u2018Michelangelo\u2019 del Brasile. Continua infatti con successo il tour in terra brasiliana con l\u2019obiettivo di incontrare le comunit\u00e0 di veneti presenti in loco e offrire loro un dipinto. La Famiglia Bellunese di Serra Gaucha ha chiesto all\u2019artista feltrino di realizzare un murales dedicato alla figura di mons. Joao Benvegn\u00f9, L\u2019opera \u00e8 stata realizzata nella chiesa di Sao Domingos do Sul ed \u00e8 stata benedetta in occasione di una messa, presente con il gagliardetto della Famiglia Bellunese di Serra Gaucha, il vulcanico segretario Davino Contini.<\/div>\n<div dir=\"auto\"><\/div>\n<div dir=\"auto\">\n\n\t\t\t<style type='text\/css'>\n\t\t\t\t#gallery-15 {\n\t\t\t\t\tmargin: auto;\n\t\t\t\t}\n\t\t\t\t#gallery-15 .gallery-item {\n\t\t\t\t\tfloat: left;\n\t\t\t\t\tmargin-top: 10px;\n\t\t\t\t\ttext-align: center;\n\t\t\t\t\twidth: 20%;\n\t\t\t\t}\n\t\t\t\t#gallery-15 img {\n\t\t\t\t\tborder: 2px solid #cfcfcf;\n\t\t\t\t}\n\t\t\t\t#gallery-15 .gallery-caption {\n\t\t\t\t\tmargin-left: 0;\n\t\t\t\t}\n\t\t\t\t\/* see gallery_shortcode() in wp-includes\/media.php *\/\n\t\t\t<\/style>\n\t\t<div id='gallery-15' class='dt-gallery-container gallery galleryid-208648 gallery-columns-5 gallery-size-thumbnail'><dl class='gallery-item'>\n\t\t\t\t<dt class='gallery-icon landscape'>\n\t\t\t\t\t<a class=\"rollover rollover-zoom dt-pswp-item\" title=\"184595891_1405054923205711_7525517003928550144_n\" data-dt-img-description=\"\" data-large_image_width=\"300\" data-large_image_height=\"300\"href='https:\/\/www.radiopiu.net\/wordpress\/wp-content\/uploads\/2021\/05\/184595891_1405054923205711_7525517003928550144_n.gif'><img loading=\"lazy\" decoding=\"async\" width=\"150\" height=\"150\" src=\"https:\/\/www.radiopiu.net\/wordpress\/wp-content\/uploads\/2021\/05\/184595891_1405054923205711_7525517003928550144_n-150x150.gif\" class=\"attachment-thumbnail size-thumbnail\" alt=\"\" srcset=\"https:\/\/www.radiopiu.net\/wordpress\/wp-content\/uploads\/2021\/05\/184595891_1405054923205711_7525517003928550144_n-150x150.gif 150w, https:\/\/www.radiopiu.net\/wordpress\/wp-content\/uploads\/2021\/05\/184595891_1405054923205711_7525517003928550144_n-300x300.gif 300w\" sizes=\"auto, (max-width: 150px) 100vw, 150px\" \/><\/a>\n\t\t\t\t<\/dt><\/dl><dl class='gallery-item'>\n\t\t\t\t<dt class='gallery-icon portrait'>\n\t\t\t\t\t<a class=\"rollover rollover-zoom dt-pswp-item\" title=\"184325185_3914965725267107_126215596122146491_n\" data-dt-img-description=\"\" data-large_image_width=\"180\" data-large_image_height=\"206\"href='https:\/\/www.radiopiu.net\/wordpress\/wp-content\/uploads\/2021\/05\/184325185_3914965725267107_126215596122146491_n.jpg'><img loading=\"lazy\" decoding=\"async\" width=\"150\" height=\"150\" src=\"https:\/\/www.radiopiu.net\/wordpress\/wp-content\/uploads\/2021\/05\/184325185_3914965725267107_126215596122146491_n-150x150.jpg\" class=\"attachment-thumbnail size-thumbnail\" alt=\"\" \/><\/a>\n\t\t\t\t<\/dt><\/dl><dl class='gallery-item'>\n\t\t\t\t<dt class='gallery-icon landscape'>\n\t\t\t\t\t<a class=\"rollover rollover-zoom dt-pswp-item\" title=\"184191631_1764289630417535_3498030026238747369_n\" data-dt-img-description=\"\" data-large_image_width=\"206\" data-large_image_height=\"206\"href='https:\/\/www.radiopiu.net\/wordpress\/wp-content\/uploads\/2021\/05\/184191631_1764289630417535_3498030026238747369_n.jpg'><img loading=\"lazy\" decoding=\"async\" width=\"150\" height=\"150\" src=\"https:\/\/www.radiopiu.net\/wordpress\/wp-content\/uploads\/2021\/05\/184191631_1764289630417535_3498030026238747369_n-150x150.jpg\" class=\"attachment-thumbnail size-thumbnail\" alt=\"\" srcset=\"https:\/\/www.radiopiu.net\/wordpress\/wp-content\/uploads\/2021\/05\/184191631_1764289630417535_3498030026238747369_n-150x150.jpg 150w, https:\/\/www.radiopiu.net\/wordpress\/wp-content\/uploads\/2021\/05\/184191631_1764289630417535_3498030026238747369_n.jpg 206w\" sizes=\"auto, (max-width: 150px) 100vw, 150px\" \/><\/a>\n\t\t\t\t<\/dt><\/dl><dl class='gallery-item'>\n\t\t\t\t<dt class='gallery-icon portrait'>\n\t\t\t\t\t<a class=\"rollover rollover-zoom dt-pswp-item\" title=\"184630679_1194046821029353_4390223422636701513_n\" data-dt-img-description=\"\" data-large_image_width=\"160\" data-large_image_height=\"222\"href='https:\/\/www.radiopiu.net\/wordpress\/wp-content\/uploads\/2021\/05\/184630679_1194046821029353_4390223422636701513_n.jpg'><img loading=\"lazy\" decoding=\"async\" width=\"150\" height=\"150\" src=\"https:\/\/www.radiopiu.net\/wordpress\/wp-content\/uploads\/2021\/05\/184630679_1194046821029353_4390223422636701513_n-150x150.jpg\" class=\"attachment-thumbnail size-thumbnail\" alt=\"\" \/><\/a>\n\t\t\t\t<\/dt><\/dl><dl class='gallery-item'>\n\t\t\t\t<dt class='gallery-icon portrait'>\n\t\t\t\t\t<a class=\"rollover rollover-zoom dt-pswp-item\" title=\"185230921_287392813041216_6352624409097197652_n\" data-dt-img-description=\"\" data-large_image_width=\"155\" data-large_image_height=\"225\"href='https:\/\/www.radiopiu.net\/wordpress\/wp-content\/uploads\/2021\/05\/185230921_287392813041216_6352624409097197652_n.jpg'><img loading=\"lazy\" decoding=\"async\" width=\"150\" height=\"150\" src=\"https:\/\/www.radiopiu.net\/wordpress\/wp-content\/uploads\/2021\/05\/185230921_287392813041216_6352624409097197652_n-150x150.jpg\" class=\"attachment-thumbnail size-thumbnail\" alt=\"\" \/><\/a>\n\t\t\t\t<\/dt><\/dl><br style=\"clear: both\" \/><dl class='gallery-item'>\n\t\t\t\t<dt class='gallery-icon landscape'>\n\t\t\t\t\t<a class=\"rollover rollover-zoom dt-pswp-item\" title=\"184626067_770348417181318_2986461721765822297_n\" data-dt-img-description=\"\" data-large_image_width=\"240\" data-large_image_height=\"200\"href='https:\/\/www.radiopiu.net\/wordpress\/wp-content\/uploads\/2021\/05\/184626067_770348417181318_2986461721765822297_n.jpg'><img loading=\"lazy\" decoding=\"async\" width=\"150\" height=\"150\" src=\"https:\/\/www.radiopiu.net\/wordpress\/wp-content\/uploads\/2021\/05\/184626067_770348417181318_2986461721765822297_n-150x150.jpg\" class=\"attachment-thumbnail size-thumbnail\" alt=\"\" \/><\/a>\n\t\t\t\t<\/dt><\/dl><dl class='gallery-item'>\n\t\t\t\t<dt class='gallery-icon landscape'>\n\t\t\t\t\t<a class=\"rollover rollover-zoom dt-pswp-item\" title=\"185073346_1367679480265544_5095079811938601253_n\" data-dt-img-description=\"\" data-large_image_width=\"293\" data-large_image_height=\"206\"href='https:\/\/www.radiopiu.net\/wordpress\/wp-content\/uploads\/2021\/05\/185073346_1367679480265544_5095079811938601253_n.jpg'><img loading=\"lazy\" decoding=\"async\" width=\"150\" height=\"150\" src=\"https:\/\/www.radiopiu.net\/wordpress\/wp-content\/uploads\/2021\/05\/185073346_1367679480265544_5095079811938601253_n-150x150.jpg\" class=\"attachment-thumbnail size-thumbnail\" alt=\"\" \/><\/a>\n\t\t\t\t<\/dt><\/dl><dl class='gallery-item'>\n\t\t\t\t<dt class='gallery-icon landscape'>\n\t\t\t\t\t<a class=\"rollover rollover-zoom dt-pswp-item\" title=\"184501736_3013745165617676_8172908585441252394_n\" data-dt-img-description=\"\" data-large_image_width=\"296\" data-large_image_height=\"202\"href='https:\/\/www.radiopiu.net\/wordpress\/wp-content\/uploads\/2021\/05\/184501736_3013745165617676_8172908585441252394_n.jpg'><img loading=\"lazy\" decoding=\"async\" width=\"150\" height=\"150\" src=\"https:\/\/www.radiopiu.net\/wordpress\/wp-content\/uploads\/2021\/05\/184501736_3013745165617676_8172908585441252394_n-150x150.jpg\" class=\"attachment-thumbnail size-thumbnail\" alt=\"\" \/><\/a>\n\t\t\t\t<\/dt><\/dl><dl class='gallery-item'>\n\t\t\t\t<dt class='gallery-icon landscape'>\n\t\t\t\t\t<a class=\"rollover rollover-zoom dt-pswp-item\" title=\"184815610_154341309978675_4009278651891940250_n\" data-dt-img-description=\"\" data-large_image_width=\"296\" data-large_image_height=\"203\"href='https:\/\/www.radiopiu.net\/wordpress\/wp-content\/uploads\/2021\/05\/184815610_154341309978675_4009278651891940250_n.jpg'><img loading=\"lazy\" decoding=\"async\" width=\"150\" height=\"150\" src=\"https:\/\/www.radiopiu.net\/wordpress\/wp-content\/uploads\/2021\/05\/184815610_154341309978675_4009278651891940250_n-150x150.jpg\" class=\"attachment-thumbnail size-thumbnail\" alt=\"\" \/><\/a>\n\t\t\t\t<\/dt><\/dl><dl class='gallery-item'>\n\t\t\t\t<dt class='gallery-icon landscape'>\n\t\t\t\t\t<a class=\"rollover rollover-zoom dt-pswp-item\" title=\"184641835_1444105939267219_7448446155856551773_n\" data-dt-img-description=\"\" data-large_image_width=\"254\" data-large_image_height=\"206\"href='https:\/\/www.radiopiu.net\/wordpress\/wp-content\/uploads\/2021\/05\/184641835_1444105939267219_7448446155856551773_n.jpg'><img loading=\"lazy\" decoding=\"async\" width=\"150\" height=\"150\" src=\"https:\/\/www.radiopiu.net\/wordpress\/wp-content\/uploads\/2021\/05\/184641835_1444105939267219_7448446155856551773_n-150x150.jpg\" class=\"attachment-thumbnail size-thumbnail\" alt=\"\" \/><\/a>\n\t\t\t\t<\/dt><\/dl><br style=\"clear: both\" \/><dl class='gallery-item'>\n\t\t\t\t<dt class='gallery-icon landscape'>\n\t\t\t\t\t<a class=\"rollover rollover-zoom dt-pswp-item\" title=\"184155009_264848405392982_3272050313687607897_n\" data-dt-img-description=\"\" data-large_image_width=\"391\" data-large_image_height=\"206\"href='https:\/\/www.radiopiu.net\/wordpress\/wp-content\/uploads\/2021\/05\/184155009_264848405392982_3272050313687607897_n.jpg'><img loading=\"lazy\" decoding=\"async\" width=\"150\" height=\"150\" src=\"https:\/\/www.radiopiu.net\/wordpress\/wp-content\/uploads\/2021\/05\/184155009_264848405392982_3272050313687607897_n-150x150.jpg\" class=\"attachment-thumbnail size-thumbnail\" alt=\"\" \/><\/a>\n\t\t\t\t<\/dt><\/dl><dl class='gallery-item'>\n\t\t\t\t<dt class='gallery-icon landscape'>\n\t\t\t\t\t<a class=\"rollover rollover-zoom dt-pswp-item\" title=\"185135904_2982082855445896_4816963104827136365_n\" data-dt-img-description=\"\" data-large_image_width=\"322\" data-large_image_height=\"206\"href='https:\/\/www.radiopiu.net\/wordpress\/wp-content\/uploads\/2021\/05\/185135904_2982082855445896_4816963104827136365_n.jpg'><img loading=\"lazy\" decoding=\"async\" width=\"150\" height=\"150\" src=\"https:\/\/www.radiopiu.net\/wordpress\/wp-content\/uploads\/2021\/05\/185135904_2982082855445896_4816963104827136365_n-150x150.jpg\" class=\"attachment-thumbnail size-thumbnail\" alt=\"\" \/><\/a>\n\t\t\t\t<\/dt><\/dl><dl class='gallery-item'>\n\t\t\t\t<dt class='gallery-icon portrait'>\n\t\t\t\t\t<a class=\"rollover rollover-zoom dt-pswp-item\" title=\"184808322_3732977540159116_1465188829951143502_n\" data-dt-img-description=\"\" data-large_image_width=\"201\" data-large_image_height=\"206\"href='https:\/\/www.radiopiu.net\/wordpress\/wp-content\/uploads\/2021\/05\/184808322_3732977540159116_1465188829951143502_n.jpg'><img loading=\"lazy\" decoding=\"async\" width=\"150\" height=\"150\" src=\"https:\/\/www.radiopiu.net\/wordpress\/wp-content\/uploads\/2021\/05\/184808322_3732977540159116_1465188829951143502_n-150x150.jpg\" class=\"attachment-thumbnail size-thumbnail\" alt=\"\" \/><\/a>\n\t\t\t\t<\/dt><\/dl><dl class='gallery-item'>\n\t\t\t\t<dt class='gallery-icon portrait'>\n\t\t\t\t\t<a class=\"rollover rollover-zoom dt-pswp-item\" title=\"184117130_139193204862703_6261457470448649643_n\" data-dt-img-description=\"\" data-large_image_width=\"154\" data-large_image_height=\"225\"href='https:\/\/www.radiopiu.net\/wordpress\/wp-content\/uploads\/2021\/05\/184117130_139193204862703_6261457470448649643_n.jpg'><img loading=\"lazy\" decoding=\"async\" width=\"150\" height=\"150\" src=\"https:\/\/www.radiopiu.net\/wordpress\/wp-content\/uploads\/2021\/05\/184117130_139193204862703_6261457470448649643_n-150x150.jpg\" class=\"attachment-thumbnail size-thumbnail\" alt=\"\" \/><\/a>\n\t\t\t\t<\/dt><\/dl><dl class='gallery-item'>\n\t\t\t\t<dt class='gallery-icon landscape'>\n\t\t\t\t\t<a class=\"rollover rollover-zoom dt-pswp-item\" title=\"184169005_319496222923172_1973065056721330759_n\" data-dt-img-description=\"\" data-large_image_width=\"365\" data-large_image_height=\"206\"href='https:\/\/www.radiopiu.net\/wordpress\/wp-content\/uploads\/2021\/05\/184169005_319496222923172_1973065056721330759_n.jpg'><img loading=\"lazy\" decoding=\"async\" width=\"150\" height=\"150\" src=\"https:\/\/www.radiopiu.net\/wordpress\/wp-content\/uploads\/2021\/05\/184169005_319496222923172_1973065056721330759_n-150x150.jpg\" class=\"attachment-thumbnail size-thumbnail\" alt=\"\" \/><\/a>\n\t\t\t\t<\/dt><\/dl><br style=\"clear: both\" \/>\n\t\t\t<\/div>\n\n<\/div>\n<div class=\"oo9gr5id\" dir=\"auto\">NELLE FOTO (SITO Bellunesi nel Mondo e riproduzioni dal libretto di Libera Rossi \u201cMons. Giovanni Benvegn\u00f9. Un santo \u2018taiboner\u2019 in Brasile?\u201d): la copertina della pubblicazione; mons. Benvegn\u00f9 davanti alla parrocchiale di Taibon nell\u2019agosto 1957; veduta di San Domingos nello stato brasiliano del Rio Grande; Taibon con le chiese di San Cipriano a fine Anni Venti; i genitori di don Giovanni: Maria Margherita Moretti e Fedele Benvegn\u00f9; don Giovanni con lo zio Santo e parenti sulla scala della casa di Peden (agosto 1957) e davanti alla porta laterale della chiesa parrocchiale; 20 settembre 1934: con la madre e i fratelli il giorno della prima messa, in piedi da sinistra: Agostino, Davide, Rosalia, Paolo, Giuseppe; seduti: Sisto, nato a Taibon, don Giovanni, la madre, Vittorio, pure nato a Taibon; il ricordo dell\u2019ordinazione sacerdotale; con lo zio Santo e l\u2019ameda Cristina (1957); con don Gino Del Favero all\u2019ingresso della parrocchiale di Taibon, lo stesso anno; l\u2019inizio di una lettera che Giovanni invi\u00f2 allo zio Santo il 3 marzo 1958; San Domingos do Sul: la cappella accanto alla parrocchiale dove \u00e8 sepolto mons. Giovanni Benvegn\u00f9, aperta giorno e notte per consentire ai fedeli di pregarlo; particolare della tomba ripreso nel febbraio 1997; il dipinto realizzato da Gianantonio Cecchin; il \u201cServo di Dio\u201d con parenti.<\/div>\n<\/div>\n<div class=\"ay7djpcl k4urcfbm nred35xi\"><\/div>\n<div class=\"b654a4as d2edcug0\">\n<div class=\"j83agx80 btwxx1t3 lhclo0ds hop8lmos nkwizq5d scwd0bx6 roh60bw9\">\n<div class=\"rq0escxv hkbzh7o3 jwdofwj8 n8tt0mok r8blr3vg hyh9befq\">\n<div class=\"do00u71z l9j0dhe7 k4urcfbm\">\n<div class=\"gs1a9yip ow4ym5g4 auili1gw j83agx80 cbu4d94t buofh1pr g5gj957u i1fnvgqd oygrvhab cxmmr5t8 hcukyx3x kvgmc6g5 tgvbjcpo hpfvmrgz qt6c0cv9 rz4wbd8a a8nywdso jb3vyjys du4w35lb i09qtzwb rq0escxv n7fi1qx3 pmk7jnqg j9ispegn kr520xx4\">\n<div class=\"n00je7tq arfg74bv qs9ysxi8 k77z8yql i09qtzwb n7fi1qx3 b5wmifdl hzruof5a pmk7jnqg j9ispegn kr520xx4 c5ndavph art1omkt ot9fgl3s rnr61an3\" data-visualcompletion=\"ignore\"><\/div>\n<\/div>\n<\/div>\n<\/div>\n<\/div>\n<\/div>\n<p>&nbsp;<\/p>\n<hr \/>\n<blockquote>\n<h2><\/h2>\n<h2>30 MAGGIO, PALAFELTRE NOMADI IN CONCERTO &#8211; DATA ZERO<\/h2>\n<h2 dir=\"auto\"><strong>\u00a0le prevendite sono attive su\u00a0 <\/strong><strong><span style=\"color: #0000ff;\">www.primiallaprima.it\u00a0<\/span><\/strong><\/h2>\n<\/blockquote>\n<div dir=\"auto\"><\/div>\n<p dir=\"auto\"><b><span style=\"font-size: small;\"><strong>I NOMADI<\/strong> iniziano il loro Tour 2021 con la DATA \u201c0\u201d da FELTRE (BL) al Palafeltre, nel pieno rispetto delle attuali norme e disposizioni anti Covid. <\/span><span style=\"color: #050505;\"><span style=\"font-family: Calibri, serif;\"><span style=\"font-size: small;\">\u00a0\u00a0<\/span><\/span><\/span><b style=\"font-size: small;\">Il concerto \u00e8 organizzato da Gioservice di Giovanni Tosatto in collaborazione con la Cooperativa Elementa che gestisce l\u2019impianto sportivo <\/b><span style=\"font-size: small;\">I biglietti per il concerto sono disponibili sul sito <a href=\"http:\/\/www.primiallaprima.it\">www.primiallaprima.it<\/a> presso le Casse Rurali Trentine e a Feltre presso Tony Dischi Center Shop via Montelungo 4 tel 0439302007 <\/span><span style=\"font-size: small;\">Informazioni: <\/span><span style=\"font-size: small;\">Gio Service 3200437637\u00a0 \u00a0\u00a0<\/span><\/b><\/p>\n<hr \/>\n<div class=\"page-title-head hgroup\">\n<div class=\"page-title-head hgroup\">\n<div><\/div>\n<div>\n<div class=\"page-title-head hgroup\">\n<div class=\"page-title-head hgroup\">\n<div>\n<div class=\"b654a4as d2edcug0\">\n<div class=\"j83agx80 btwxx1t3 lhclo0ds hop8lmos nkwizq5d scwd0bx6 roh60bw9\">\n<div class=\"rq0escxv hkbzh7o3 jwdofwj8 n8tt0mok r8blr3vg hyh9befq\">\n<div class=\"do00u71z l9j0dhe7 k4urcfbm\">\n<div>\n<h2><span style=\"color: #000080;\"><a class=\"dt-pswp-item\" href=\"https:\/\/www.radiopiu.net\/wordpress\/wp-content\/uploads\/2020\/10\/pp.jpg\" data-dt-img-description=\"\" data-large_image_width=\"640\" data-large_image_height=\"640\"><img loading=\"lazy\" decoding=\"async\" class=\"wp-image-163678 alignleft\" src=\"https:\/\/www.radiopiu.net\/wordpress\/wp-content\/uploads\/2020\/10\/pp-300x300.jpg\" alt=\"\" width=\"106\" height=\"106\" srcset=\"https:\/\/www.radiopiu.net\/wordpress\/wp-content\/uploads\/2020\/10\/pp-300x300.jpg 300w, https:\/\/www.radiopiu.net\/wordpress\/wp-content\/uploads\/2020\/10\/pp-150x150.jpg 150w, https:\/\/www.radiopiu.net\/wordpress\/wp-content\/uploads\/2020\/10\/pp-125x125.jpg 125w, https:\/\/www.radiopiu.net\/wordpress\/wp-content\/uploads\/2020\/10\/pp-200x200.jpg 200w, https:\/\/www.radiopiu.net\/wordpress\/wp-content\/uploads\/2020\/10\/pp-80x80.jpg 80w, https:\/\/www.radiopiu.net\/wordpress\/wp-content\/uploads\/2020\/10\/pp-480x480.jpg 480w, https:\/\/www.radiopiu.net\/wordpress\/wp-content\/uploads\/2020\/10\/pp.jpg 640w\" sizes=\"auto, (max-width: 106px) 100vw, 106px\" \/><\/a><\/span><\/h2>\n<h2><span style=\"color: #000080;\">DON CESARE, IL PENSIERO DEL GIORNO. ALLA RADIO ALLE 7 DEL MATTINO E ALLE 19.30 DELLA SERA.\u00a0\u00a0<\/span><\/h2>\n<\/div>\n<\/div>\n<\/div>\n<\/div>\n<div class=\"rq0escxv hkbzh7o3 jwdofwj8 n8tt0mok r8blr3vg hyh9befq\">\n<p>&nbsp;<\/p>\n<p>&nbsp;<\/p>\n<audio class=\"wp-audio-shortcode\" id=\"audio-208648-8\" preload=\"none\" style=\"width: 100%;\" controls=\"controls\"><source type=\"audio\/mpeg\" src=\"https:\/\/www.radiopiu.net\/wordpress\/wp-content\/uploads\/2021\/05\/CESARE-6.mp3?_=8\" \/><a href=\"https:\/\/www.radiopiu.net\/wordpress\/wp-content\/uploads\/2021\/05\/CESARE-6.mp3\">https:\/\/www.radiopiu.net\/wordpress\/wp-content\/uploads\/2021\/05\/CESARE-6.mp3<\/a><\/audio>\n<hr \/>\n<p>&nbsp;<\/p>\n<h2><em>ZAINO ALLA RADIO&#8230;ESTATE DI PAOLA LANCIATO DALLA DOMENICA AL VENERDI TUTTI I GIORNI ALLE 14 E 23.30\u00a0<\/em><\/h2>\n<p><strong><img loading=\"lazy\" decoding=\"async\" class=\"\" src=\"https:\/\/www.radiopiu.net\/wordpress\/wp-content\/uploads\/2021\/05\/5-1.jpg\" width=\"167\" height=\"125\" \/><\/strong><\/p>\n<p><strong>1 CELLA MONTE &#8211; ZAINO DA VIAGGIO ESTATE, DI PAOLA LANCIATO<\/strong><\/p>\n<audio class=\"wp-audio-shortcode\" id=\"audio-208648-9\" preload=\"none\" style=\"width: 100%;\" controls=\"controls\"><source type=\"audio\/mpeg\" src=\"https:\/\/www.radiopiu.net\/wordpress\/wp-content\/uploads\/2021\/05\/1-Cella-Monte-m.mp3?_=9\" \/><a href=\"https:\/\/www.radiopiu.net\/wordpress\/wp-content\/uploads\/2021\/05\/1-Cella-Monte-m.mp3\">https:\/\/www.radiopiu.net\/wordpress\/wp-content\/uploads\/2021\/05\/1-Cella-Monte-m.mp3<\/a><\/audio>\n<p><strong>LA RACCOLTA COMPLETA\u00a0<\/strong><\/p>\n<blockquote class=\"wp-embedded-content\" data-secret=\"OtRBl8iRaf\"><p><a href=\"https:\/\/www.radiopiu.net\/wordpress\/zaino-femminile-lanciato\/\">Zaino da viaggio al femminile<\/a><\/p><\/blockquote>\n<p><iframe loading=\"lazy\" class=\"wp-embedded-content\" sandbox=\"allow-scripts\" security=\"restricted\" style=\"position: absolute; clip: rect(1px, 1px, 1px, 1px);\" title=\"&#8220;Zaino da viaggio al femminile&#8221; &#8212; Radio Pi\u00f9\" src=\"https:\/\/www.radiopiu.net\/wordpress\/zaino-femminile-lanciato\/embed\/#?secret=OtRBl8iRaf\" data-secret=\"OtRBl8iRaf\" width=\"600\" height=\"338\" frameborder=\"0\" marginwidth=\"0\" marginheight=\"0\" scrolling=\"no\"><\/iframe><\/p>\n<\/div>\n<\/div>\n<hr \/>\n<p>&nbsp;<\/p>\n<div class=\"b654a4as d2edcug0\">\n<p>&nbsp;<\/p>\n<blockquote>\n<h3><a href=\"https:\/\/www.radiopiu.net\/wordpress\/almanacco-ladino-puntata-5-2020\/sn\/\" rel=\"attachment wp-att-180931\"><img loading=\"lazy\" decoding=\"async\" class=\"wp-image-180931 alignleft\" src=\"https:\/\/www.radiopiu.net\/wordpress\/wp-content\/uploads\/2020\/12\/sn-300x194.jpg\" alt=\"\" width=\"181\" height=\"117\" srcset=\"https:\/\/www.radiopiu.net\/wordpress\/wp-content\/uploads\/2020\/12\/sn-300x194.jpg 300w, https:\/\/www.radiopiu.net\/wordpress\/wp-content\/uploads\/2020\/12\/sn.jpg 626w\" sizes=\"auto, (max-width: 181px) 100vw, 181px\" \/><\/a>L&#8217;ALMANACCO LADINO CON L&#8217;ISTITUT CESA DE JAN QUINDICINALE APPUNTAMENTO. LA DOMENICA ALLE 9 IL LUNEDI ALLE 8.35 IL MARTEDI ALLE 12.35 IL MERCOLEDI ALLE 18.35. SECONDA STAGIONE.<\/h3>\n<\/blockquote>\n<p><strong>PUNTATA DEL 10 MAGGIO<\/strong><\/p>\n<audio class=\"wp-audio-shortcode\" id=\"audio-208648-10\" preload=\"none\" style=\"width: 100%;\" controls=\"controls\"><source type=\"audio\/mpeg\" src=\"https:\/\/www.radiopiu.net\/wordpress\/wp-content\/uploads\/2021\/05\/58\u00b0-Almanacco-Ladino_Fodom-1.mp3?_=10\" \/><a href=\"https:\/\/www.radiopiu.net\/wordpress\/wp-content\/uploads\/2021\/05\/58\u00b0-Almanacco-Ladino_Fodom-1.mp3\">https:\/\/www.radiopiu.net\/wordpress\/wp-content\/uploads\/2021\/05\/58\u00b0-Almanacco-Ladino_Fodom-1.mp3<\/a><\/audio>\n<p><strong>RACCOLTA COMPLETA\u00a0<\/strong><\/p>\n<blockquote class=\"wp-embedded-content\" data-secret=\"yZ8g9jLDUX\"><p><a href=\"https:\/\/www.radiopiu.net\/wordpress\/almanacco-ladino\/\">Almanacco Ladino<\/a><\/p><\/blockquote>\n<p><iframe loading=\"lazy\" class=\"wp-embedded-content\" sandbox=\"allow-scripts\" security=\"restricted\" style=\"position: absolute; clip: rect(1px, 1px, 1px, 1px);\" title=\"&#8220;Almanacco Ladino&#8221; &#8212; Radio Pi\u00f9\" src=\"https:\/\/www.radiopiu.net\/wordpress\/almanacco-ladino\/embed\/#?secret=yZ8g9jLDUX\" data-secret=\"yZ8g9jLDUX\" width=\"600\" height=\"338\" frameborder=\"0\" marginwidth=\"0\" marginheight=\"0\" scrolling=\"no\"><\/iframe><\/p>\n<div dir=\"auto\"><\/div>\n<\/div>\n<div><\/div>\n<div>\n<hr \/>\n<\/div>\n<div><\/div>\n<div><\/div>\n<div>\n<blockquote>\n<h3 class=\"kvgmc6g5 cxmmr5t8 oygrvhab hcukyx3x c1et5uql\"><span style=\"color: #0000ff;\">INFORMAZIONE il canale su TELEGRAM informazione di prima mano e in tempo reale. iscriviti ed aiutaci a farlo conoscere\u00a0<\/span><\/h3>\n<\/blockquote>\n<h2><a href=\"https:\/\/www.radiopiu.net\/wordpress\/fondi-per-la-scuola\/soldi-scuola\/\" rel=\"attachment wp-att-207306\"><img loading=\"lazy\" decoding=\"async\" class=\"wp-image-207306 alignleft\" src=\"https:\/\/www.radiopiu.net\/wordpress\/wp-content\/uploads\/2021\/05\/soldi-scuola-300x169.jpeg\" alt=\"\" width=\"193\" height=\"109\" srcset=\"https:\/\/www.radiopiu.net\/wordpress\/wp-content\/uploads\/2021\/05\/soldi-scuola-300x169.jpeg 300w, https:\/\/www.radiopiu.net\/wordpress\/wp-content\/uploads\/2021\/05\/soldi-scuola.jpeg 626w\" sizes=\"auto, (max-width: 193px) 100vw, 193px\" \/><\/a>007 IN CONDOTTA CON LA PROF. MARIA ROSA SALMAZO IL LUNEDI ALLE 10,30 E ALLE 19.00 LA DOMENICA ALLE 8 DEL MATTINO. NONA STAGIONE<\/h2>\n<p><span style=\"color: #ff0000;\"><strong>PUNTATA DEL 10 MAGGIO 2021\u00a0<\/strong><\/span><\/p>\n<audio class=\"wp-audio-shortcode\" id=\"audio-208648-11\" preload=\"none\" style=\"width: 100%;\" controls=\"controls\"><source type=\"audio\/mpeg\" src=\"https:\/\/www.radiopiu.net\/wordpress\/wp-content\/uploads\/2021\/05\/007-condotta-10-magio.mp3?_=11\" \/><a href=\"https:\/\/www.radiopiu.net\/wordpress\/wp-content\/uploads\/2021\/05\/007-condotta-10-magio.mp3\">https:\/\/www.radiopiu.net\/wordpress\/wp-content\/uploads\/2021\/05\/007-condotta-10-magio.mp3<\/a><\/audio>\n<h2>LA RACCOLTA COMPLETA<\/h2>\n<blockquote class=\"wp-embedded-content\" data-secret=\"OtQjXEvVp7\"><p><a href=\"https:\/\/www.radiopiu.net\/wordpress\/007incondotta-9\/\">007 in condotta<\/a><\/p><\/blockquote>\n<p><iframe loading=\"lazy\" class=\"wp-embedded-content\" sandbox=\"allow-scripts\" security=\"restricted\" style=\"position: absolute; clip: rect(1px, 1px, 1px, 1px);\" title=\"&#8220;007 in condotta&#8221; &#8212; Radio Pi\u00f9\" src=\"https:\/\/www.radiopiu.net\/wordpress\/007incondotta-9\/embed\/#?secret=OtQjXEvVp7\" data-secret=\"OtQjXEvVp7\" width=\"600\" height=\"338\" frameborder=\"0\" marginwidth=\"0\" marginheight=\"0\" scrolling=\"no\"><\/iframe><\/p>\n<blockquote><p>&nbsp;<\/p><\/blockquote>\n<p>&nbsp;<\/p>\n<p>&nbsp;<\/p>\n<hr \/>\n<h1><span style=\"color: #ff0000;\"><strong>\u00a0<\/strong><\/span><\/h1>\n<h2><span style=\"color: #ff0000;\"><strong>IN VIVO VERSO 2020-21 ESTATE, RIASCOLTIAMOLI&#8230; DAL CASSETTO DEI RICORDI DI RADIO PIU&#8217;&#8230; LE PRIME\u00a0 SEI STAGIONI\u00a0\u00a0<\/strong><\/span><\/h2>\n<div class=\"page-title-head hgroup\">\n<h3 class=\"entry-title\">RIASCOLTIAMOLE TACCHI A SPILLO 12 , MIRTA DE RIZ STAGIONE 2015<\/h3>\n<\/div>\n<div class=\"page-title-breadcrumbs\">\n<p><strong>AUDIO<\/strong><\/p>\n<audio class=\"wp-audio-shortcode\" id=\"audio-208648-12\" preload=\"none\" style=\"width: 100%;\" controls=\"controls\"><source type=\"audio\/mpeg\" src=\"https:\/\/www.radiopiu.net\/wordpress\/wp-content\/uploads\/2021\/05\/VIVO-VERSO-LUN.mp3?_=12\" \/><a href=\"https:\/\/www.radiopiu.net\/wordpress\/wp-content\/uploads\/2021\/05\/VIVO-VERSO-LUN.mp3\">https:\/\/www.radiopiu.net\/wordpress\/wp-content\/uploads\/2021\/05\/VIVO-VERSO-LUN.mp3<\/a><\/audio>\n<p><strong>LA RACCOLTA COMPLETA<\/strong><\/p>\n<\/div>\n<blockquote class=\"wp-embedded-content\" data-secret=\"YB9L1TWzJd\"><p><a href=\"https:\/\/www.radiopiu.net\/wordpress\/in-vivo-verso\/\">In Vivo Verso<\/a><\/p><\/blockquote>\n<p><iframe loading=\"lazy\" class=\"wp-embedded-content\" sandbox=\"allow-scripts\" security=\"restricted\" style=\"position: absolute; clip: rect(1px, 1px, 1px, 1px);\" title=\"&#8220;In Vivo Verso&#8221; &#8212; Radio Pi\u00f9\" src=\"https:\/\/www.radiopiu.net\/wordpress\/in-vivo-verso\/embed\/#?secret=YB9L1TWzJd\" data-secret=\"YB9L1TWzJd\" width=\"600\" height=\"338\" frameborder=\"0\" marginwidth=\"0\" marginheight=\"0\" scrolling=\"no\"><\/iframe><\/p>\n<p>&nbsp;<\/p>\n<hr \/>\n<p>&nbsp;<\/p>\n<p>&nbsp;<\/p>\n<div dir=\"auto\">\n<blockquote>\n<h3>SALUTE E SOCIETA&#8217; IL LUNEDI ALLE 13.10 E ALLE 20.10, LA DOMENICA ALLE 10.30 A CURA DEL DOTTOR MARCO CARACCIOLO. QUINTA STAGIONE<\/h3>\n<\/blockquote>\n<p><strong>LA PUNTATA DELLA SETTIMANA del 10 <\/strong><strong>MAGGIO<\/strong><\/p>\n<p><a href=\"https:\/\/www.radiopiu.net\/wordpress\/giornale-radiopiu-11-maggio-2021-direttore-mirko-mezzacasa\/c01e5ff5-7ec1-03b8-21cb-c55b76b6c6ef\/\" rel=\"attachment wp-att-208757\"><img loading=\"lazy\" decoding=\"async\" class=\"size-medium wp-image-208757 alignleft\" src=\"https:\/\/www.radiopiu.net\/wordpress\/wp-content\/uploads\/2021\/05\/c01e5ff5-7ec1-03b8-21cb-c55b76b6c6ef-300x169.png\" alt=\"\" width=\"300\" height=\"169\" srcset=\"https:\/\/www.radiopiu.net\/wordpress\/wp-content\/uploads\/2021\/05\/c01e5ff5-7ec1-03b8-21cb-c55b76b6c6ef-300x169.png 300w, https:\/\/www.radiopiu.net\/wordpress\/wp-content\/uploads\/2021\/05\/c01e5ff5-7ec1-03b8-21cb-c55b76b6c6ef-1024x576.png 1024w, https:\/\/www.radiopiu.net\/wordpress\/wp-content\/uploads\/2021\/05\/c01e5ff5-7ec1-03b8-21cb-c55b76b6c6ef-768x432.png 768w, https:\/\/www.radiopiu.net\/wordpress\/wp-content\/uploads\/2021\/05\/c01e5ff5-7ec1-03b8-21cb-c55b76b6c6ef.png 1280w\" sizes=\"auto, (max-width: 300px) 100vw, 300px\" \/><\/a>L\u2019 emergenza Covid ha portato a un ritardo degli interventi chirurgici per le cosiddette patologie di parete, giudicati erroneamente meno urgenti. Ma procrastinare la chirurgia oggi porter\u00e0 ad accumulare molti pi\u00f9 interventi in futuro e molte situazioni potrebbero diventare vere e proprie urgenze. Danilo Magliano ne ha parlato con Micaela Piccoli, Direttrice SC Chirurgia Generale, d\u2019Urgenza e Nuove Tecnologie, Ospedale Civile di Baggiovara, Modena.<\/p>\n<\/div>\n<div dir=\"auto\">\n<audio class=\"wp-audio-shortcode\" id=\"audio-208648-13\" preload=\"none\" style=\"width: 100%;\" controls=\"controls\"><source type=\"audio\/mpeg\" src=\"https:\/\/www.radiopiu.net\/wordpress\/wp-content\/uploads\/2021\/05\/SALUTE-1.mp3?_=13\" \/><a href=\"https:\/\/www.radiopiu.net\/wordpress\/wp-content\/uploads\/2021\/05\/SALUTE-1.mp3\">https:\/\/www.radiopiu.net\/wordpress\/wp-content\/uploads\/2021\/05\/SALUTE-1.mp3<\/a><\/audio>\n<h3><strong>LA RACCOLTA COMPLETA\u00a0<\/strong><\/h3>\n<\/div>\n<blockquote class=\"wp-embedded-content\" data-secret=\"qEVHEGn0zX\"><p><a href=\"https:\/\/www.radiopiu.net\/wordpress\/saluteesocieta\/\">Salute e Societ\u00e0<\/a><\/p><\/blockquote>\n<p><iframe loading=\"lazy\" class=\"wp-embedded-content\" sandbox=\"allow-scripts\" security=\"restricted\" style=\"position: absolute; clip: rect(1px, 1px, 1px, 1px);\" title=\"&#8220;Salute e Societ\u00e0&#8221; &#8212; Radio Pi\u00f9\" src=\"https:\/\/www.radiopiu.net\/wordpress\/saluteesocieta\/embed\/#?secret=qEVHEGn0zX\" data-secret=\"qEVHEGn0zX\" width=\"600\" height=\"338\" frameborder=\"0\" marginwidth=\"0\" marginheight=\"0\" scrolling=\"no\"><\/iframe><\/p>\n<p>&nbsp;<\/p>\n<p>&nbsp;<\/p>\n<hr \/>\n<h2><span style=\"color: #808000;\">DUE MINUTI UN LIBRO\u00a0 TUTTI I GIORNI ALLA RADIO ALLE 9.30 E ALLE 18. QUINTA STAGIONE\u00a0 \u00a0 \u00a0\u00a0<\/span><\/h2>\n<blockquote class=\"wp-embedded-content\" data-secret=\"IND9w7xP1P\"><p><a href=\"https:\/\/www.radiopiu.net\/wordpress\/teresa-degli-oracoli\/\">TERESA DEGLI ORACOLI<\/a><\/p><\/blockquote>\n<p><iframe loading=\"lazy\" class=\"wp-embedded-content\" sandbox=\"allow-scripts\" security=\"restricted\" style=\"position: absolute; clip: rect(1px, 1px, 1px, 1px);\" title=\"&#8220;TERESA DEGLI ORACOLI&#8221; &#8212; Radio Pi\u00f9\" src=\"https:\/\/www.radiopiu.net\/wordpress\/teresa-degli-oracoli\/embed\/#?secret=IND9w7xP1P\" data-secret=\"IND9w7xP1P\" width=\"600\" height=\"338\" frameborder=\"0\" marginwidth=\"0\" marginheight=\"0\" scrolling=\"no\"><\/iframe><\/p>\n<h3><span style=\"color: #808000;\">\u00a0<\/span>LA RACCOLTA COMPLETA<\/h3>\n<blockquote class=\"wp-embedded-content\" data-secret=\"eIeJCYTp9o\"><p><a href=\"https:\/\/www.radiopiu.net\/wordpress\/due-minuti-un-libro\/\">Due minuti un libro<\/a><\/p><\/blockquote>\n<p><iframe loading=\"lazy\" class=\"wp-embedded-content\" sandbox=\"allow-scripts\" security=\"restricted\" style=\"position: absolute; clip: rect(1px, 1px, 1px, 1px);\" title=\"&#8220;Due minuti un libro&#8221; &#8212; Radio Pi\u00f9\" src=\"https:\/\/www.radiopiu.net\/wordpress\/due-minuti-un-libro\/embed\/#?secret=eIeJCYTp9o\" data-secret=\"eIeJCYTp9o\" width=\"600\" height=\"338\" frameborder=\"0\" marginwidth=\"0\" marginheight=\"0\" scrolling=\"no\"><\/iframe><\/p>\n<p>&nbsp;<\/p>\n<p>&nbsp;<\/p>\n<hr \/>\n<h2><span style=\"color: #ff0000;\"><a href=\"https:\/\/www.radiopiu.net\/wordpress\/giornale-radiopiu-05-gennaio-2021-direttore-mirko-mezzacasa\/133200401_100838761953611_1258544160541445132_o-2\/\" rel=\"attachment wp-att-183078\"><img loading=\"lazy\" decoding=\"async\" class=\" wp-image-183078 alignleft\" src=\"https:\/\/www.radiopiu.net\/wordpress\/wp-content\/uploads\/2021\/01\/133200401_100838761953611_1258544160541445132_o-1-300x157.jpg\" alt=\"\" width=\"192\" height=\"101\" srcset=\"https:\/\/www.radiopiu.net\/wordpress\/wp-content\/uploads\/2021\/01\/133200401_100838761953611_1258544160541445132_o-1-300x157.jpg 300w, https:\/\/www.radiopiu.net\/wordpress\/wp-content\/uploads\/2021\/01\/133200401_100838761953611_1258544160541445132_o-1.jpg 526w\" sizes=\"auto, (max-width: 192px) 100vw, 192px\" \/><\/a>GOCCE DI FILOSOFIA, CON CHIARA CAU, CON LISA DE LUCA. <\/span><\/h2>\n<h2><span style=\"color: #ff0000;\">TUTTI I GIORNI DAL LUNEDI AL VENERDI ALLE 6.55 E ALLE 18.55<\/span><\/h2>\n<p><strong>PUNTATA 91<\/strong><\/p>\n<audio class=\"wp-audio-shortcode\" id=\"audio-208648-14\" preload=\"none\" style=\"width: 100%;\" controls=\"controls\"><source type=\"audio\/mpeg\" src=\"https:\/\/www.radiopiu.net\/wordpress\/wp-content\/uploads\/2021\/05\/FI1-1.mp3?_=14\" \/><a href=\"https:\/\/www.radiopiu.net\/wordpress\/wp-content\/uploads\/2021\/05\/FI1-1.mp3\">https:\/\/www.radiopiu.net\/wordpress\/wp-content\/uploads\/2021\/05\/FI1-1.mp3<\/a><\/audio>\n<p>&nbsp;<\/p>\n<h3>LA RACCOLTA COMPLETA<\/h3>\n<blockquote class=\"wp-embedded-content\" data-secret=\"GN8YdNROwq\"><p><a href=\"https:\/\/www.radiopiu.net\/wordpress\/gocce-filosofia\/\">Gocce di filosofia<\/a><\/p><\/blockquote>\n<p><iframe loading=\"lazy\" class=\"wp-embedded-content\" sandbox=\"allow-scripts\" security=\"restricted\" style=\"position: absolute; clip: rect(1px, 1px, 1px, 1px);\" title=\"&#8220;Gocce di filosofia&#8221; &#8212; Radio Pi\u00f9\" src=\"https:\/\/www.radiopiu.net\/wordpress\/gocce-filosofia\/embed\/#?secret=GN8YdNROwq\" data-secret=\"GN8YdNROwq\" width=\"600\" height=\"338\" frameborder=\"0\" marginwidth=\"0\" marginheight=\"0\" scrolling=\"no\"><\/iframe><\/p>\n<p>&nbsp;<\/p>\n<hr \/>\n<p>\u200b<\/p>\n<div>\n<h2><span style=\"color: #33cccc;\">I RACCONTI DI PAOLO SOPPELSA il lunedi alle 9.30 e 18.30<\/span><\/h2>\n<p><strong>PIOGGIA DI MAGGIO<\/strong><\/p>\n<p><em><strong>AUDIO<\/strong><\/em><\/p>\n<audio class=\"wp-audio-shortcode\" id=\"audio-208648-15\" preload=\"none\" style=\"width: 100%;\" controls=\"controls\"><source type=\"audio\/mpeg\" src=\"https:\/\/www.radiopiu.net\/wordpress\/wp-content\/uploads\/2021\/05\/PAOLO-SOPPELSA-PIOGGIA-DI-MAGGIO.mp3?_=15\" \/><a href=\"https:\/\/www.radiopiu.net\/wordpress\/wp-content\/uploads\/2021\/05\/PAOLO-SOPPELSA-PIOGGIA-DI-MAGGIO.mp3\">https:\/\/www.radiopiu.net\/wordpress\/wp-content\/uploads\/2021\/05\/PAOLO-SOPPELSA-PIOGGIA-DI-MAGGIO.mp3<\/a><\/audio>\n<p>&nbsp;<\/p>\n<p><a href=\"https:\/\/www.radiopiu.net\/wordpress\/i-racconti-di-paolo-soppelsa-settantaquattresima-puntata\/0a2ea4cd-42f9-49ee-a9cb-f33b3374ac4e\/\" rel=\"attachment wp-att-208601\"><img loading=\"lazy\" decoding=\"async\" class=\"size-medium wp-image-208601 alignleft\" src=\"https:\/\/www.radiopiu.net\/wordpress\/wp-content\/uploads\/2021\/05\/0a2ea4cd-42f9-49ee-a9cb-f33b3374ac4e-300x225.jpg\" alt=\"\" width=\"300\" height=\"225\" srcset=\"https:\/\/www.radiopiu.net\/wordpress\/wp-content\/uploads\/2021\/05\/0a2ea4cd-42f9-49ee-a9cb-f33b3374ac4e-300x225.jpg 300w, https:\/\/www.radiopiu.net\/wordpress\/wp-content\/uploads\/2021\/05\/0a2ea4cd-42f9-49ee-a9cb-f33b3374ac4e-1024x768.jpg 1024w, https:\/\/www.radiopiu.net\/wordpress\/wp-content\/uploads\/2021\/05\/0a2ea4cd-42f9-49ee-a9cb-f33b3374ac4e-768x576.jpg 768w, https:\/\/www.radiopiu.net\/wordpress\/wp-content\/uploads\/2021\/05\/0a2ea4cd-42f9-49ee-a9cb-f33b3374ac4e-1536x1152.jpg 1536w, https:\/\/www.radiopiu.net\/wordpress\/wp-content\/uploads\/2021\/05\/0a2ea4cd-42f9-49ee-a9cb-f33b3374ac4e.jpg 2048w\" sizes=\"auto, (max-width: 300px) 100vw, 300px\" \/><\/a>\u201c\u2026dai parecete che don in s\u00f9\u2026fon en salto fin a San Tomas\u2026\u201d. Terminavo i compiti in velocit\u00e0 mentre pap\u00e0 finiva di bere il caff\u00e8 sfogliando le pagine del Gazzettino. Ero contento di fare un giro infrasettimanale dai nonni, in fondo fuori pioveva e sicuramente non sarei uscito a giocare. La Ritmo ci aspettava in cortile, grigia e triste come quel cielo carico d&#8217;acqua. Viale Europa aveva il traffico del pomeriggio; auto svoltavano all\u2019Eurospar mentre l\u2019autobus giallo si dirigeva verso il capolinea di Mier. Salita di San Lorenzo ed incrocio della Baita. Ecco, il deciso prima-seconda davanti al bar dava inizio al \u201cviaggio\u201d vero e proprio. Non c\u2019era l\u2019autoradio e non c\u2019erano tante parole. Qualche frase lasciata a met\u00e0, quasi delle riflessioni a voce alta che si perdevano nel rumore delle ruote che aprivano le pozzanghere sull\u2019asfalto. \u201c\u2026varda quanta acqua\u2026varda che temp\u2026le en cin de trafico encoi\u2026\u201d. Poi ritornava il silenzio delle voci ed il cupo e monotono suono della Ritmo che accelerava di terza dopo il curvone del ponte del Mas. Superato il curvone a destra dopo il Peron si poteva correre un po\u2019 di pi\u00f9. Le auto che ci precedevano alzavano nuvole d\u2019acqua che sfumavano il verde deciso della primavera appena sbocciata. Anche la spia dei fari della Ritmo era verde come le foglie degli alberi a fianco della strada ed i tergicristalli ritmavano il nostro viaggiare sull\u2019asfalto bagnato della 203. Sullo sfondo niente montagne. Nascoste dalle nuvole basse si lasciavano soltanto immaginare alte ed imponenti sopra i prati di Candaten. Il Cordevole era scuro, leggermente ingrossato dalle acque del disgelo ed un po\u2019 anche da quella pioggia insistente. Ma non faceva paura come qualche volta d\u2019autunno. Scorreva tranquillo, nella certezza di poter ospitare senza problemi quel piovere di maggio. Al curvone della Muda non c\u2019era il versante sud dell\u2019Agner a salutarci. Anche lui inghiottito dalle nuvole che ricoprivano quel mondo umido di una primavera che pareva novembre. \u201c\u2026varda acqua\u2026speron che cambie sto temp\u2026\u201d Poche parole e tanti silenzi mentre salivamo la \u201cRiva dei Castei\u201d. La cantoniera ci accoglieva malinconica, con il tetto di lamiera lucidato dalla pioggia ed i gerani alle finestre gocciolanti e tristi. Una malinconia che voleva entrare nell\u2019anima ed una umidit\u00e0 che entrava nell\u2019abitacolo della Ritmo. Pap\u00e0 \u201csfrazzava\u201d col riscaldamento e la \u201cpeza\u201d per disappannare i vetri mentre i miei occhi cercavano invano la sud della Marmolada sullo sfondo. Ogni panorama ci era precluso, solo i due campanili della chiesa di Agordo ci salutavano pigramente per l\u2019ennesima volta. Dopo il ponte di Listolade, una volta imboccata la strada &#8220;alta&#8221;, lo sguardo volgeva aldil\u00e0 del Cordevole a cercare la neve ancora presente della &#8220;levina de M\u00e8zcanal&#8221;: &#8220;ghe n\u00e9 vegn\u00f9 du &#8216;n bon cin sto an, la dir\u00e0 via ala fin del mes&#8221;. A Cencenighe il lago era pieno fino all\u2019orlo, l\u2019acqua sfiorava potente dalla paratoia e gli scarichi di fondo ruggivano sotto il ponte del Ghirlo. In piazza le nuvole stazionavano poco sopra l\u2019Angelo del campanile e rivoli d\u2019acqua scendevano lungo la strada che porta in Val del Biois. Ormai eravamo quasi a \u201cSan Tomas\u201d. Ancora poco pi\u00f9 di due km di salita affiancati dai \u201cfagher\u201d addobbati di nuove foglie pregne d\u2019acqua e poi avremmo parcheggiato nello spiazzo di ghiaia. Ora non c\u2019era pi\u00f9 il suono cupo della Ritmo. Solo il picchiettare della pioggia e qualche camino che fumava stancamente. Era un giorno di primavera carico di nuvole e silenzi d\u2019autunno. Lass\u00f9, sulle creste del Pelsa ricoperte di nubi, sarebbe scesa l\u2019ultima neve&#8230;Magiche Dolomiti!!<\/p>\n<p><span style=\"color: #0000ff;\">INFORMAZIONE il canale su TELEGRAM informazione di prima mano e in tempo reale. iscriviti ed aiutaci a farlo conoscere\u00a0<\/span><\/p>\n<h2><span style=\"color: #33cccc;\"><strong>RACCOLTA COMPLETA<\/strong><\/span><\/h2>\n<blockquote class=\"wp-embedded-content\" data-secret=\"WHg59cJ5nO\"><p><a href=\"https:\/\/www.radiopiu.net\/wordpress\/i-racconti-di-paolo-soppelsa\/\">I racconti di Paolo Soppelsa<\/a><\/p><\/blockquote>\n<p><iframe loading=\"lazy\" class=\"wp-embedded-content\" sandbox=\"allow-scripts\" security=\"restricted\" style=\"position: absolute; clip: rect(1px, 1px, 1px, 1px);\" title=\"&#8220;I racconti di Paolo Soppelsa&#8221; &#8212; Radio Pi\u00f9\" src=\"https:\/\/www.radiopiu.net\/wordpress\/i-racconti-di-paolo-soppelsa\/embed\/#?secret=WHg59cJ5nO\" data-secret=\"WHg59cJ5nO\" width=\"600\" height=\"338\" frameborder=\"0\" marginwidth=\"0\" marginheight=\"0\" scrolling=\"no\"><\/iframe><\/p>\n<\/div>\n<div class=\"b654a4as d2edcug0\">\n<hr \/>\n<\/div>\n<p>&nbsp;<\/p>\n<h2><span style=\"color: #800080;\"><strong>LA RASSEGNA STAMPA DA L&#8217;AMICO DEL POPOLO\u00a0<\/strong><\/span><\/h2>\n<h3 class=\"kvgmc6g5 cxmmr5t8 oygrvhab hcukyx3x c1et5uql\"><span style=\"color: #0000ff;\"> INFORMAZIONE il canale su TELEGRAM informazione di prima mano e in tempo reale. iscriviti ed aiutaci a farlo conoscere\u00a0<\/span><\/h3>\n<p><strong><a href=\"https:\/\/www.radiopiu.net\/wordpress\/airc-e-lazalea-della-festa-della-mamma\/maddalenacorvaglia_aircalberto-gottardomg\/\" rel=\"attachment wp-att-207466\"><img loading=\"lazy\" decoding=\"async\" class=\" wp-image-207466 alignleft\" src=\"https:\/\/www.radiopiu.net\/wordpress\/wp-content\/uploads\/2021\/05\/MaddalenaCorvaglia_AIRC@Alberto-GottardoMG-200x300.jpeg\" alt=\"\" width=\"89\" height=\"134\" srcset=\"https:\/\/www.radiopiu.net\/wordpress\/wp-content\/uploads\/2021\/05\/MaddalenaCorvaglia_AIRC@Alberto-GottardoMG-200x300.jpeg 200w, https:\/\/www.radiopiu.net\/wordpress\/wp-content\/uploads\/2021\/05\/MaddalenaCorvaglia_AIRC@Alberto-GottardoMG.jpeg 427w\" sizes=\"auto, (max-width: 89px) 100vw, 89px\" \/><\/a>di Gianni Santomaso<\/strong><\/p>\n<p>OSPITE: Chiara Rumualdi, professore associato in biologia molecolare dipartimento Biologia dell&#8217;Universit\u00e0 di Padova<\/p>\n<audio class=\"wp-audio-shortcode\" id=\"audio-208648-16\" preload=\"none\" style=\"width: 100%;\" controls=\"controls\"><source type=\"audio\/mpeg\" src=\"https:\/\/www.radiopiu.net\/wordpress\/wp-content\/uploads\/2021\/05\/RASSEGNA-GIANNI-1.mp3?_=16\" \/><a href=\"https:\/\/www.radiopiu.net\/wordpress\/wp-content\/uploads\/2021\/05\/RASSEGNA-GIANNI-1.mp3\">https:\/\/www.radiopiu.net\/wordpress\/wp-content\/uploads\/2021\/05\/RASSEGNA-GIANNI-1.mp3<\/a><\/audio>\n<p>&nbsp;<\/p>\n<p><strong>LA RACCOLTA COMPLETA<\/strong><\/p>\n<blockquote class=\"wp-embedded-content\" data-secret=\"9xkZTqYQFp\"><p><a href=\"https:\/\/www.radiopiu.net\/wordpress\/rassegna-stampa-di-gianni-santomaso\/\">Rassegna stampa da l&#8217;amico del popolo &#8211; di Gianni Santomaso<\/a><\/p><\/blockquote>\n<p><iframe loading=\"lazy\" class=\"wp-embedded-content\" sandbox=\"allow-scripts\" security=\"restricted\" style=\"position: absolute; clip: rect(1px, 1px, 1px, 1px);\" title=\"&#8220;Rassegna stampa da l&#8217;amico del popolo &#8211; di Gianni Santomaso&#8221; &#8212; Radio Pi\u00f9\" src=\"https:\/\/www.radiopiu.net\/wordpress\/rassegna-stampa-di-gianni-santomaso\/embed\/#?secret=9xkZTqYQFp\" data-secret=\"9xkZTqYQFp\" width=\"600\" height=\"338\" frameborder=\"0\" marginwidth=\"0\" marginheight=\"0\" scrolling=\"no\"><\/iframe><\/p>\n<div class=\"b654a4as d2edcug0\"><\/div>\n<\/div>\n<p>&nbsp;<\/p>\n<p>&nbsp;<\/p>\n<hr \/>\n<p>&nbsp;<\/p>\n<\/div>\n<blockquote>\n<blockquote>\n<h2><a href=\"https:\/\/www.radiopiu.net\/wordpress\/speciale-solidarieta-veneto\/solidarieta-veneto-3\/\" rel=\"attachment wp-att-134366\"><img loading=\"lazy\" decoding=\"async\" class=\"wp-image-134366 alignleft\" src=\"https:\/\/www.radiopiu.net\/wordpress\/wp-content\/uploads\/2020\/05\/solidariet\u00e0-veneto-300x210.jpg\" alt=\"\" width=\"102\" height=\"71\" srcset=\"https:\/\/www.radiopiu.net\/wordpress\/wp-content\/uploads\/2020\/05\/solidariet\u00e0-veneto-300x210.jpg 300w, https:\/\/www.radiopiu.net\/wordpress\/wp-content\/uploads\/2020\/05\/solidariet\u00e0-veneto-1024x717.jpg 1024w, https:\/\/www.radiopiu.net\/wordpress\/wp-content\/uploads\/2020\/05\/solidariet\u00e0-veneto-768x538.jpg 768w, https:\/\/www.radiopiu.net\/wordpress\/wp-content\/uploads\/2020\/05\/solidariet\u00e0-veneto.jpg 1373w\" sizes=\"auto, (max-width: 102px) 100vw, 102px\" \/><\/a>SOLIDARIETA&#8217; VENETO FONDO PENSIONE, IN ONDA IL PRIMO VENERDI DEL MESE ALLE 10.30 E ALLE 19.00 QUINTA STAGIONE<\/h2>\n<\/blockquote>\n<h2><strong><span style=\"color: #ff0000;\">AUDIO MAGGIO 2021<\/span><\/strong><\/h2>\n<\/blockquote>\n<div><\/div>\n<div>\n<audio class=\"wp-audio-shortcode\" id=\"audio-208648-17\" preload=\"none\" style=\"width: 100%;\" controls=\"controls\"><source type=\"audio\/mpeg\" src=\"https:\/\/www.radiopiu.net\/wordpress\/wp-content\/uploads\/2021\/05\/solidarieta-veneto-maggio-2021.mp3?_=17\" \/><a href=\"https:\/\/www.radiopiu.net\/wordpress\/wp-content\/uploads\/2021\/05\/solidarieta-veneto-maggio-2021.mp3\">https:\/\/www.radiopiu.net\/wordpress\/wp-content\/uploads\/2021\/05\/solidarieta-veneto-maggio-2021.mp3<\/a><\/audio>\n<\/div>\n<h2>LA RACCOLTA COMPLETA<\/h2>\n<blockquote>\n<h2><\/h2>\n<\/blockquote>\n<blockquote class=\"wp-embedded-content\" data-secret=\"ZtWlCbr8wq\"><p><a href=\"https:\/\/www.radiopiu.net\/wordpress\/solidarieta-veneto\/\">Solidariet\u00e0 Veneto<\/a><\/p><\/blockquote>\n<p><iframe loading=\"lazy\" class=\"wp-embedded-content\" sandbox=\"allow-scripts\" security=\"restricted\" style=\"position: absolute; clip: rect(1px, 1px, 1px, 1px);\" title=\"&#8220;Solidariet\u00e0 Veneto&#8221; &#8212; Radio Pi\u00f9\" src=\"https:\/\/www.radiopiu.net\/wordpress\/solidarieta-veneto\/embed\/#?secret=ZtWlCbr8wq\" data-secret=\"ZtWlCbr8wq\" width=\"600\" height=\"338\" frameborder=\"0\" marginwidth=\"0\" marginheight=\"0\" scrolling=\"no\"><\/iframe><\/p>\n<blockquote>\n<h2><\/h2>\n<h2><\/h2>\n<\/blockquote>\n<blockquote>\n<h2><\/h2>\n<\/blockquote>\n<hr \/>\n<blockquote>\n<h2><\/h2>\n<h2>FANTASTICHE DOLOMITI, NUOVA STAGIONE. APPUNTAMENTO QUINDICINALE IL GIOVEDI ALLE 10.30 E 19.00<\/h2>\n<\/blockquote>\n<h2><span style=\"color: #ff0000;\">PUNTATA NUMERO 12\u00a0 del\u00a0 06 MAGGIO 2021<\/span><\/h2>\n<p><strong><a href=\"https:\/\/www.radiopiu.net\/wordpress\/raccolta-completa\/121869645_648442942701436_4748562330148520081_n-2\/\" rel=\"attachment wp-att-196402\"><img loading=\"lazy\" decoding=\"async\" class=\"wp-image-196402 alignleft\" src=\"https:\/\/www.radiopiu.net\/wordpress\/wp-content\/uploads\/2021\/02\/121869645_648442942701436_4748562330148520081_n-1-300x169.jpg\" alt=\"\" width=\"160\" height=\"90\" srcset=\"https:\/\/www.radiopiu.net\/wordpress\/wp-content\/uploads\/2021\/02\/121869645_648442942701436_4748562330148520081_n-1-300x169.jpg 300w, https:\/\/www.radiopiu.net\/wordpress\/wp-content\/uploads\/2021\/02\/121869645_648442942701436_4748562330148520081_n-1-1024x576.jpg 1024w, https:\/\/www.radiopiu.net\/wordpress\/wp-content\/uploads\/2021\/02\/121869645_648442942701436_4748562330148520081_n-1-768x432.jpg 768w, https:\/\/www.radiopiu.net\/wordpress\/wp-content\/uploads\/2021\/02\/121869645_648442942701436_4748562330148520081_n-1-1536x864.jpg 1536w, https:\/\/www.radiopiu.net\/wordpress\/wp-content\/uploads\/2021\/02\/121869645_648442942701436_4748562330148520081_n-1.jpg 1707w\" sizes=\"auto, (max-width: 160px) 100vw, 160px\" \/><\/a>OSPITE IL PRESIDENTE CLAUDIO CANOVA<\/strong><\/p>\n<h3>LA RACCOLTA COMPLETA<\/h3>\n<p>&nbsp;<\/p>\n<audio class=\"wp-audio-shortcode\" id=\"audio-208648-18\" preload=\"none\" style=\"width: 100%;\" controls=\"controls\"><source type=\"audio\/mpeg\" src=\"https:\/\/www.radiopiu.net\/wordpress\/wp-content\/uploads\/2021\/05\/fantastiche-dolomiti-6-maggio.mp3?_=18\" \/><a href=\"https:\/\/www.radiopiu.net\/wordpress\/wp-content\/uploads\/2021\/05\/fantastiche-dolomiti-6-maggio.mp3\">https:\/\/www.radiopiu.net\/wordpress\/wp-content\/uploads\/2021\/05\/fantastiche-dolomiti-6-maggio.mp3<\/a><\/audio>\n<p>&nbsp;<\/p>\n<p>https:\/\/www.radiopiu.net\/wordpress\/raccolta-completa\/<\/p>\n<p>&nbsp;<\/p>\n<p>&nbsp;<\/p>\n<div>\n<hr \/>\n<\/div>\n<p>&nbsp;<\/p>\n<h2><strong><span style=\"color: #ff0000;\">\u00a0ALLA RADIO<\/span><\/strong><\/h2>\n<div data-offset-key=\"5n5nl-0-0\">\n<h3>Per ricevere gli aggiornamenti in tempo reale delle notizie pubblicate alla radio e sul sito di radio pi\u00f9 iscriviti al gruppo RADIO PIU INFORMAZIONE su Telegram.\u00a0\u00a0<a href=\"https:\/\/t.me\/radiopiu\">clicca qui<\/a><\/h3>\n<p>&nbsp;<\/p>\n<p><strong><a class=\"dt-pswp-item\" href=\"https:\/\/www.radiopiu.net\/wordpress\/wp-content\/uploads\/2020\/01\/logo-csa.jpg\" data-dt-img-description=\"\" data-large_image_width=\"1167\" data-large_image_height=\"574\"><img loading=\"lazy\" decoding=\"async\" class=\"wp-image-113364 alignleft\" src=\"https:\/\/www.radiopiu.net\/wordpress\/wp-content\/uploads\/2020\/01\/logo-csa-300x148.jpg\" alt=\"\" width=\"182\" height=\"90\" srcset=\"https:\/\/www.radiopiu.net\/wordpress\/wp-content\/uploads\/2020\/01\/logo-csa-300x148.jpg 300w, https:\/\/www.radiopiu.net\/wordpress\/wp-content\/uploads\/2020\/01\/logo-csa-1024x504.jpg 1024w, https:\/\/www.radiopiu.net\/wordpress\/wp-content\/uploads\/2020\/01\/logo-csa-768x378.jpg 768w, https:\/\/www.radiopiu.net\/wordpress\/wp-content\/uploads\/2020\/01\/logo-csa.jpg 1167w\" sizes=\"auto, (max-width: 182px) 100vw, 182px\" \/><\/a>AGORDO<\/strong> Appuntahttps:\/\/www.radiopiu.net\/wordpress\/erbe-e-piante-curative-il-mandorlo\/mento mensile (primo venerdi del mese) con lo speciale condotto da Claudio<\/p>\n<p>Fontanive, in studio Fabrizio Campedel e Paolo Chissal\u00e8.<\/p>\n<\/div>\n<p><strong>PUNTATA DI APRILE<\/strong><\/p>\n<blockquote><audio class=\"wp-audio-shortcode\" id=\"audio-208648-19\" preload=\"none\" style=\"width: 100%;\" controls=\"controls\"><source type=\"audio\/mpeg\" src=\"https:\/\/www.radiopiu.net\/wordpress\/wp-content\/uploads\/2021\/04\/ca-sol-lux-aprile-2021.mp3?_=19\" \/><a href=\"https:\/\/www.radiopiu.net\/wordpress\/wp-content\/uploads\/2021\/04\/ca-sol-lux-aprile-2021.mp3\">https:\/\/www.radiopiu.net\/wordpress\/wp-content\/uploads\/2021\/04\/ca-sol-lux-aprile-2021.mp3<\/a><\/audio>\n<h2>RACCOLTA COMPLETA<\/h2>\n<\/blockquote>\n<blockquote class=\"wp-embedded-content\" data-secret=\"mjA8aQGpBZ\"><p><a href=\"https:\/\/www.radiopiu.net\/wordpress\/cassa-solidarieta-luxottica-puntata-del-16-ottobre-2020\/\">CASSA SOLIDARIET\u00c0 LUXOTTICA &#8211; PUNTATA DEL 20 NOVEMBRE 2020<\/a><\/p><\/blockquote>\n<p><iframe loading=\"lazy\" class=\"wp-embedded-content\" sandbox=\"allow-scripts\" security=\"restricted\" style=\"position: absolute; clip: rect(1px, 1px, 1px, 1px);\" title=\"&#8220;CASSA SOLIDARIET\u00c0 LUXOTTICA &#8211; PUNTATA DEL 20 NOVEMBRE 2020&#8221; &#8212; Radio Pi\u00f9\" src=\"https:\/\/www.radiopiu.net\/wordpress\/cassa-solidarieta-luxottica-puntata-del-16-ottobre-2020\/embed\/#?secret=mjA8aQGpBZ\" data-secret=\"mjA8aQGpBZ\" width=\"600\" height=\"338\" frameborder=\"0\" marginwidth=\"0\" marginheight=\"0\" scrolling=\"no\"><\/iframe><\/p>\n<div><\/div>\n<p>&nbsp;<\/p>\n<p>&nbsp;<\/p>\n<hr \/>\n<div class=\"page-title-head hgroup\">\n<div>\n<p>&nbsp;<\/p>\n<p><strong><span style=\"color: #0000ff;\"><img loading=\"lazy\" decoding=\"async\" class=\"alignleft\" src=\"https:\/\/www.radiopiu.net\/wordpress\/wp-content\/uploads\/2021\/03\/db631d3b-7003-47af-8b77-6f8cbe83c59b.jpg\" width=\"95\" height=\"39\" \/><\/span><\/strong><\/p>\n<blockquote>\n<h2>LA RACCOLTA COMPLETA<\/h2>\n<\/blockquote>\n<blockquote class=\"wp-embedded-content\" data-secret=\"cowl94UIe3\"><p><a href=\"https:\/\/www.radiopiu.net\/wordpress\/agora-agordina-la-nosta-piaza\/\">AGORA&#8217; AGORDINA&#8230; LA NOSTA PIAZA LADINA RACCOLTA COMPLETA PRIMA STAGIONE<\/a><\/p><\/blockquote>\n<p><iframe loading=\"lazy\" class=\"wp-embedded-content\" sandbox=\"allow-scripts\" security=\"restricted\" style=\"position: absolute; clip: rect(1px, 1px, 1px, 1px);\" title=\"&#8220;AGORA&#8217; AGORDINA&#8230; LA NOSTA PIAZA LADINA RACCOLTA COMPLETA PRIMA STAGIONE&#8221; &#8212; Radio Pi\u00f9\" src=\"https:\/\/www.radiopiu.net\/wordpress\/agora-agordina-la-nosta-piaza\/embed\/#?secret=cowl94UIe3\" data-secret=\"cowl94UIe3\" width=\"600\" height=\"338\" frameborder=\"0\" marginwidth=\"0\" marginheight=\"0\" scrolling=\"no\"><\/iframe><\/p>\n<p>&nbsp;<\/p>\n<hr \/>\n<p>&nbsp;<\/p>\n<p>&nbsp;<\/p>\n<div class=\"b654a4as d2edcug0\">\n<div dir=\"auto\">\n<div class=\"b654a4as d2edcug0\">\n<h2><\/h2>\n<h2><span style=\"color: #008000;\">ERBE E PIANTE CURATIVE&#8230;IL\u00a0 PROGRAMMA DI PAOLA LANCIATO<\/span><\/h2>\n<\/div>\n<p><strong><a href=\"https:\/\/www.radiopiu.net\/wordpress\/erbe-e-piante-curative-puntata-14\/rosa-3\/\" rel=\"attachment wp-att-207535\"><img loading=\"lazy\" decoding=\"async\" class=\" wp-image-207535 alignleft\" src=\"https:\/\/www.radiopiu.net\/wordpress\/wp-content\/uploads\/2021\/05\/ROSA-300x174.jpg\" alt=\"\" width=\"184\" height=\"107\" srcset=\"https:\/\/www.radiopiu.net\/wordpress\/wp-content\/uploads\/2021\/05\/ROSA-300x174.jpg 300w, https:\/\/www.radiopiu.net\/wordpress\/wp-content\/uploads\/2021\/05\/ROSA-1024x594.jpg 1024w, https:\/\/www.radiopiu.net\/wordpress\/wp-content\/uploads\/2021\/05\/ROSA-768x446.jpg 768w, https:\/\/www.radiopiu.net\/wordpress\/wp-content\/uploads\/2021\/05\/ROSA-1536x891.jpg 1536w, https:\/\/www.radiopiu.net\/wordpress\/wp-content\/uploads\/2021\/05\/ROSA.jpg 1920w\" sizes=\"auto, (max-width: 184px) 100vw, 184px\" \/><\/a><\/strong><strong>PUNTATA 14 &#8211; LA ROSA<\/strong><\/p>\n<audio class=\"wp-audio-shortcode\" id=\"audio-208648-20\" preload=\"none\" style=\"width: 100%;\" controls=\"controls\"><source type=\"audio\/mpeg\" src=\"https:\/\/www.radiopiu.net\/wordpress\/wp-content\/uploads\/2021\/05\/La-rosa-4-maggioM-1.mp3?_=20\" \/><a href=\"https:\/\/www.radiopiu.net\/wordpress\/wp-content\/uploads\/2021\/05\/La-rosa-4-maggioM-1.mp3\">https:\/\/www.radiopiu.net\/wordpress\/wp-content\/uploads\/2021\/05\/La-rosa-4-maggioM-1.mp3<\/a><\/audio>\n<h3><strong>LA RACCOLTA COMPLETA\u00a0<\/strong><\/h3>\n<blockquote class=\"wp-embedded-content\" data-secret=\"KUVRCVwNxm\"><p><a href=\"https:\/\/www.radiopiu.net\/wordpress\/erbe-e-piante-curative-il-mandorlo\/\">L\u2019ERBA VOGLIO DEL GIARDINO DEL RE\u2026 ERBE, FIORI E PIANTE DI E CON PAOLA LANCIATO<\/a><\/p><\/blockquote>\n<p><iframe loading=\"lazy\" class=\"wp-embedded-content\" sandbox=\"allow-scripts\" security=\"restricted\" style=\"position: absolute; clip: rect(1px, 1px, 1px, 1px);\" title=\"&#8220;L\u2019ERBA VOGLIO DEL GIARDINO DEL RE\u2026 ERBE, FIORI E PIANTE DI E CON PAOLA LANCIATO&#8221; &#8212; Radio Pi\u00f9\" src=\"https:\/\/www.radiopiu.net\/wordpress\/erbe-e-piante-curative-il-mandorlo\/embed\/#?secret=KUVRCVwNxm\" data-secret=\"KUVRCVwNxm\" width=\"600\" height=\"338\" frameborder=\"0\" marginwidth=\"0\" marginheight=\"0\" scrolling=\"no\"><\/iframe><\/p>\n<h1><\/h1>\n<hr \/>\n<p>&nbsp;<\/p>\n<div>\n<h2><strong>LE\u00a0 PUNTATE di Luisa Alchini di Leggermente Bellunesi, la domenica alle 11, <span style=\"color: #0000ff;\">IL MARTEDI IN PRIMA EDIZIONE\u00a0<\/span> alle 10.30 e alle 19.00<\/strong><\/h2>\n<p><strong><a href=\"https:\/\/www.radiopiu.net\/wordpress\/leggermente-bellunesi-04-maggio-2021\/181150987_1641870886000972_5780854326229668407_n\/\" rel=\"attachment wp-att-207540\"><img loading=\"lazy\" decoding=\"async\" class=\" wp-image-207540 alignleft\" src=\"https:\/\/www.radiopiu.net\/wordpress\/wp-content\/uploads\/2021\/05\/181150987_1641870886000972_5780854326229668407_n-206x300.jpg\" alt=\"\" width=\"89\" height=\"130\" srcset=\"https:\/\/www.radiopiu.net\/wordpress\/wp-content\/uploads\/2021\/05\/181150987_1641870886000972_5780854326229668407_n-206x300.jpg 206w, https:\/\/www.radiopiu.net\/wordpress\/wp-content\/uploads\/2021\/05\/181150987_1641870886000972_5780854326229668407_n.jpg 306w\" sizes=\"auto, (max-width: 89px) 100vw, 89px\" \/><\/a><\/strong>San Martino il patrono di Belluno e la leggenda di Agordo. La storia nel libro di Gian Domenico Mazzoccato.<\/p>\n<audio class=\"wp-audio-shortcode\" id=\"audio-208648-21\" preload=\"none\" style=\"width: 100%;\" controls=\"controls\"><source type=\"audio\/mpeg\" src=\"https:\/\/www.radiopiu.net\/wordpress\/wp-content\/uploads\/2021\/05\/26leggermentegiandomenicomazzoccato.mp3?_=21\" \/><a href=\"https:\/\/www.radiopiu.net\/wordpress\/wp-content\/uploads\/2021\/05\/26leggermentegiandomenicomazzoccato.mp3\">https:\/\/www.radiopiu.net\/wordpress\/wp-content\/uploads\/2021\/05\/26leggermentegiandomenicomazzoccato.mp3<\/a><\/audio>\n<p><strong><span style=\"color: #000000;\">RACCOLTA COMPLETA<\/span><\/strong><\/p>\n<\/div>\n<div>\n<blockquote class=\"wp-embedded-content\" data-secret=\"F5CQCUjwZq\"><p><a href=\"https:\/\/www.radiopiu.net\/wordpress\/leggermente-20\/\">LEGGERmente&#8230;Bellunesi<\/a><\/p><\/blockquote>\n<p><iframe loading=\"lazy\" class=\"wp-embedded-content\" sandbox=\"allow-scripts\" security=\"restricted\" style=\"position: absolute; clip: rect(1px, 1px, 1px, 1px);\" title=\"&#8220;LEGGERmente&#8230;Bellunesi&#8221; &#8212; Radio Pi\u00f9\" src=\"https:\/\/www.radiopiu.net\/wordpress\/leggermente-20\/embed\/#?secret=F5CQCUjwZq\" data-secret=\"F5CQCUjwZq\" width=\"600\" height=\"338\" frameborder=\"0\" marginwidth=\"0\" marginheight=\"0\" scrolling=\"no\"><\/iframe><\/p>\n<hr \/>\n<p>&nbsp;<\/p>\n<\/div>\n<\/div>\n<p>&nbsp;<\/p>\n<hr \/>\n<blockquote>\n<h3><a style=\"font-size: 14px; font-weight: normal;\" href=\"https:\/\/www.radiopiu.net\/wordpress\/giornale-radiopiu-06-febbraio-2019-direttore-mirko-mezzacasa\/logo_spi-cgil-800x445\/\" rel=\"attachment wp-att-75538\"><img loading=\"lazy\" decoding=\"async\" class=\"wp-image-75538 alignleft\" src=\"https:\/\/www.radiopiu.net\/wordpress\/wp-content\/uploads\/2019\/02\/Logo_Spi-CGIL-800x445-300x167.jpg\" alt=\"\" width=\"210\" height=\"117\" srcset=\"https:\/\/www.radiopiu.net\/wordpress\/wp-content\/uploads\/2019\/02\/Logo_Spi-CGIL-800x445-300x167.jpg 300w, https:\/\/www.radiopiu.net\/wordpress\/wp-content\/uploads\/2019\/02\/Logo_Spi-CGIL-800x445-768x427.jpg 768w, https:\/\/www.radiopiu.net\/wordpress\/wp-content\/uploads\/2019\/02\/Logo_Spi-CGIL-800x445.jpg 800w\" sizes=\"auto, (max-width: 210px) 100vw, 210px\" \/><\/a><\/h3>\n<\/blockquote>\n<blockquote>\n<h3>ALLA RADIO, APPUNTAMENTO QUINDICINALE CON SPI-CGIL BELLUNO, IN STUDIO MARIA RITA GENTILIN<\/h3>\n<\/blockquote>\n<p><strong>di Claudio Fontanive\u00a0<\/strong><\/p>\n<p><span style=\"color: #ff0000;\"><strong>PUNTATA DEL 29 APRILE 2021<br \/>\n<\/strong><\/span><\/p>\n<audio class=\"wp-audio-shortcode\" id=\"audio-208648-22\" preload=\"none\" style=\"width: 100%;\" controls=\"controls\"><source type=\"audio\/mpeg\" src=\"https:\/\/www.radiopiu.net\/wordpress\/wp-content\/uploads\/2021\/04\/spi-cgil-28-aprile.mp3?_=22\" \/><a href=\"https:\/\/www.radiopiu.net\/wordpress\/wp-content\/uploads\/2021\/04\/spi-cgil-28-aprile.mp3\">https:\/\/www.radiopiu.net\/wordpress\/wp-content\/uploads\/2021\/04\/spi-cgil-28-aprile.mp3<\/a><\/audio>\n<p>&nbsp;<\/p>\n<h2><\/h2>\n<\/div>\n<hr \/>\n<\/div>\n<p>&nbsp;<\/p>\n<p><a href=\"https:\/\/www.radiopiu.net\/wordpress\/giornale-radiopiu-26-settembre-2018-direttore-mirko-mezzacasa\/viabilita-2\/\" rel=\"attachment wp-att-61954\"><img loading=\"lazy\" decoding=\"async\" class=\"wp-image-61954 size-full aligncenter\" src=\"https:\/\/www.radiopiu.net\/wordpress\/wp-content\/uploads\/2018\/09\/viabilita.jpeg\" alt=\"\" width=\"800\" height=\"100\" srcset=\"https:\/\/www.radiopiu.net\/wordpress\/wp-content\/uploads\/2018\/09\/viabilita.jpeg 800w, https:\/\/www.radiopiu.net\/wordpress\/wp-content\/uploads\/2018\/09\/viabilita-300x38.jpeg 300w, https:\/\/www.radiopiu.net\/wordpress\/wp-content\/uploads\/2018\/09\/viabilita-768x96.jpeg 768w\" sizes=\"auto, (max-width: 800px) 100vw, 800px\" \/><\/a><\/p>\n<blockquote><p><a href=\"https:\/\/www.radiopiu.net\/wordpress\/giornale-radiopiu-09-agosto-2018-direttore-mirko-mezzacasa\/viabilia\/\" rel=\"attachment wp-att-57053\"><img loading=\"lazy\" decoding=\"async\" class=\" wp-image-57053 alignleft\" src=\"https:\/\/www.radiopiu.net\/wordpress\/wp-content\/uploads\/2018\/08\/VIABILIA-300x180.jpeg\" alt=\"\" width=\"220\" height=\"132\" srcset=\"https:\/\/www.radiopiu.net\/wordpress\/wp-content\/uploads\/2018\/08\/VIABILIA-300x180.jpeg 300w, https:\/\/www.radiopiu.net\/wordpress\/wp-content\/uploads\/2018\/08\/VIABILIA-768x461.jpeg 768w, https:\/\/www.radiopiu.net\/wordpress\/wp-content\/uploads\/2018\/08\/VIABILIA-1024x614.jpeg 1024w, https:\/\/www.radiopiu.net\/wordpress\/wp-content\/uploads\/2018\/08\/VIABILIA.jpeg 1280w\" sizes=\"auto, (max-width: 220px) 100vw, 220px\" \/><\/a>La viabilit\u00e0 con gli ultimi aggiornamenti da Veneto Strade.<\/p>\n<p><span style=\"color: #ff0000;\"><strong>in onda alla radio: 4.05, 6.18, 14 30 , 18.30, 23.25\u00a0<\/strong><\/span><\/p>\n<p>&nbsp;<\/p>\n<h2><span style=\"color: #ff0000;\"><strong>AUDIO\u00a0\u00a0<\/strong><\/span><\/h2>\n<\/blockquote>\n<audio class=\"wp-audio-shortcode\" id=\"audio-208648-23\" preload=\"none\" style=\"width: 100%;\" controls=\"controls\"><source type=\"audio\/mpeg\" src=\"https:\/\/www.radiopiu.net\/wordpress\/wp-content\/uploads\/2021\/05\/VIABILITA-2.mp3?_=23\" \/><a href=\"https:\/\/www.radiopiu.net\/wordpress\/wp-content\/uploads\/2021\/05\/VIABILITA-2.mp3\">https:\/\/www.radiopiu.net\/wordpress\/wp-content\/uploads\/2021\/05\/VIABILITA-2.mp3<\/a><\/audio>\n<\/div>\n<div class=\"page-title-head hgroup\"><\/div>\n<div class=\"page-title-head hgroup\"><\/div>\n<\/div>\n<div class=\"page-title-head hgroup\"><\/div>\n<div class=\"page-title-head hgroup\">\n<hr \/>\n<p>&nbsp;<\/p>\n<div dir=\"auto\"><center><\/center><a class=\"dt-pswp-item pspw-wrap-ready\" href=\"https:\/\/i0.wp.com\/www.radiopiu.net\/wordpress\/wp-content\/uploads\/2018\/09\/WhatsApp-Image-2018-09-20-at-16.04.06.jpeg?ssl=1\" data-dt-img-description=\"\" data-large_image_width=\"800\" data-large_image_height=\"100\"><img loading=\"lazy\" decoding=\"async\" class=\"aligncenter wp-image-61378 size-full jetpack-lazy-image jetpack-lazy-image--handled\" src=\"https:\/\/i0.wp.com\/www.radiopiu.net\/wordpress\/wp-content\/uploads\/2018\/09\/WhatsApp-Image-2018-09-20-at-16.04.06.jpeg?resize=800%2C100&amp;ssl=1\" sizes=\"auto, (max-width: 800px) 100vw, 800px\" srcset=\"https:\/\/i0.wp.com\/www.radiopiu.net\/wordpress\/wp-content\/uploads\/2018\/09\/WhatsApp-Image-2018-09-20-at-16.04.06.jpeg?w=800&amp;ssl=1 800w, https:\/\/i0.wp.com\/www.radiopiu.net\/wordpress\/wp-content\/uploads\/2018\/09\/WhatsApp-Image-2018-09-20-at-16.04.06.jpeg?resize=300%2C38&amp;ssl=1 300w, https:\/\/i0.wp.com\/www.radiopiu.net\/wordpress\/wp-content\/uploads\/2018\/09\/WhatsApp-Image-2018-09-20-at-16.04.06.jpeg?resize=768%2C96&amp;ssl=1 768w\" alt=\"\" width=\"800\" height=\"100\" data-lazy-loaded=\"1\" \/><\/a><\/p>\n<p><center><b>Martedi 11<\/b><\/center><b>Tempo atteso: <\/b>Peggioramento del tempo nel corso della mattinata fino a risultare moderatamente perturbato al pomeriggio\/sera, quando le precipitazioni saranno diffuse e significative, anche abbondanti su alcuni settori prealpini. Ambiente uggioso, ma il flusso meridionale manterr\u00e0 una relativa mitezza nelle valli.<br \/>\n<b>Precipitazioni: <\/b>Probabilit\u00e0 in aumento fino a molto alta (100%). Al mattino fenomeni sparsi e deboli in estensione da ovest verso est, localmente moderati sulle Prealpi occidentali. Al pomeriggio precipitazioni diffuse e persistenti, anche a carattere di rovescio e temporale. Il limite della neve sar\u00e0 sopra i 2600 m, prima di abbassarsi fino sui 2300\/2400 m, anche 2000\/2100 m in serata sulle Dolomiti.<br \/>\n<b>Temperature: <\/b>Eccetto aumento delle minime nelle valli, saranno in generale calo, specie in quota, dove saranno osservate alla sera. Sono previste punte di 16\/18\u00b0C nei fondovalle Prealpini e di 11\/14\u00b0C attorno ai 1000\/1200 m. Su Prealpi a 1500 m min 6\u00b0C max 9\u00b0C, a 2000 m min 3\u00b0C max 6\u00b0C. Su Dolomiti a 2000 m min 2\u00b0C max 5\u00b0C, a 3000 m min -3\u00b0C max 0\u00b0C.<br \/>\n<b>Venti: <\/b>Deboli di direzione variabile nelle valli, eccetto rinforzi per raffiche in corrispondenza dei temporali; in alta quota perlopi\u00f9 tesi forti da sud, in rotazione da sud-est a nord-est tra i 1500 e 2000 m al pomeriggio, a 10-30 km\/h a 2000 m e 25\/75 km\/h a 3000 m.<\/p>\n<hr \/>\n<p><center><b>Mercoledi 12<\/b><\/center><b>Tempo atteso: <\/b>Persistenza del maltempo che alterner\u00e0 momenti di moderata perturbabilit\u00e0, sepcie nella notte e di instabilit\u00e0 diurna, nonostante qualche pausa nell&#8217;arco della giornata, specie alla sera. Il cielo sar\u00e0 ancora molto nuvoloso o coperto e le chance di schiarite saranno assai limitate. Ambiente uggioso e fresco in quota.<br \/>\n<b>Precipitazioni: <\/b>Probabilit\u00e0 alta o molto alta (90\/100%), specie nella notte e parte del pomeriggio. Il limite neve sar\u00e0 temporaneamente a 1900\/2100 m, prima di risalire un po&#8217; in giornata (2200 m circa); sulle Prealpi la neve cadr\u00e0 solo sulle vette bellunesi pi\u00f9 alte nelle ore notturne. Tra marted\u00ec e mercoled\u00ec sono previsti apporti complessivi medi di 30\/45 mm e nei settori prealpini esposti allo Stau da sud i cumuli toccheranno gli 80\/110 mm. Gli apporti di neve saranno significativi solo oltre i 2300\/2400 m, mentre sotto tali quote il contributo pioggia sar\u00e0 prevalente.<br \/>\n<b>Temperature: <\/b>In ulteriore contenuto calo con ridotta escursione termica giornaliera, specie in quota. Sono previste punte di 14\/16\u00b0C nei fondovalle Prealpini e di 9\/12\u00b0C attorno ai 1000\/1200 m. Su Prealpi a 1500 m min 5\u00b0C max 8\u00b0C, a 2000 m min 3\u00b0C max 4\u00b0C. Su Dolomiti a 2000 m min 1\u00b0C max 3\u00b0C, a 3000 m min -4\u00b0C max -3\u00b0C.<br \/>\n<b>Venti: <\/b>Deboli di direzione variabile nelle valli; in quota inizialmente moderati\/tesi dai quadranti orientali, in attenuazione da nord-est al pomeriggio, a 5-20 km\/h a 2000 m e 15\/45 km\/h a 3000 m.<\/p>\n<hr \/>\n<p><center><b>Giovedi 13<\/b><\/center>Tempo perlopi\u00f9 instabile con cielo coperto, salvo brevi schiarite, pi\u00f9 probabili a fine giornata. La probabilit\u00e0 di rovesci sar\u00e0 elevata sia sulle Dolomiti che sulle Prealpi, con limite neve sui 2100\/2200 m. Temperature minime in lieve calo e massime in leggera ripresa. Nelle valli venti deboli di direzione variabile; in quota deboli da nord-ovest, in rotazione da sud-ovest alla sera.<\/p>\n<hr \/>\n<p><center><b>Venerdi 14<\/b><\/center>Nuovo peggioramento del tempo con cielo da molto nuvoloso a coperto, associato a precipitazioni, gi\u00e0 al mattino, ma pi\u00f9 probabili e diffuse al pomeriggio. La neve cadr\u00e0 sopra i 1800\/2000 m. Temperature minime senza notevoli variazioni e massime in leggera flessione rispetto a gioved\u00ec. Venti moderati da sud in quota, deboli di direzione variabile nelle valli. Previsore: R.L.Th.<\/p>\n<p>&nbsp;<\/p>\n<hr \/>\n<p>&nbsp;<\/p>\n<\/div>\n<p><a href=\"https:\/\/www.radiopiu.net\/wordpress\/giornale-radiopiu-15-settembre-2018-direttore-mirko-mezzacasa\/sport-7\/\" rel=\"attachment wp-att-60761\"><img loading=\"lazy\" decoding=\"async\" class=\"wp-image-60761 size-full aligncenter\" src=\"https:\/\/www.radiopiu.net\/wordpress\/wp-content\/uploads\/2018\/09\/sport.jpg\" alt=\"\" width=\"800\" height=\"100\" srcset=\"https:\/\/www.radiopiu.net\/wordpress\/wp-content\/uploads\/2018\/09\/sport.jpg 800w, https:\/\/www.radiopiu.net\/wordpress\/wp-content\/uploads\/2018\/09\/sport-300x38.jpg 300w, https:\/\/www.radiopiu.net\/wordpress\/wp-content\/uploads\/2018\/09\/sport-768x96.jpg 768w\" sizes=\"auto, (max-width: 800px) 100vw, 800px\" \/><\/a><\/p>\n<\/div>\n<\/div>\n<p>&nbsp;<\/p>\n<blockquote>\n<h3>DIECI CASI DI POSITIVITA&#8217; AL COVID NELLA NAZIONALE DI HOCKEY. SOSPESI GLI ALLENAMENTI<\/h3>\n<\/blockquote>\n<p><strong><a href=\"https:\/\/www.radiopiu.net\/wordpress\/giornale-radiopiu-11-maggio-2021-direttore-mirko-mezzacasa\/cfa4a94e-c4e0-61d3-c555-06be2b731ef5\/\" rel=\"attachment wp-att-208760\"><img loading=\"lazy\" decoding=\"async\" class=\" wp-image-208760 alignleft\" src=\"https:\/\/www.radiopiu.net\/wordpress\/wp-content\/uploads\/2021\/05\/cfa4a94e-c4e0-61d3-c555-06be2b731ef5-300x200.jpg\" alt=\"\" width=\"261\" height=\"174\" srcset=\"https:\/\/www.radiopiu.net\/wordpress\/wp-content\/uploads\/2021\/05\/cfa4a94e-c4e0-61d3-c555-06be2b731ef5-300x200.jpg 300w, https:\/\/www.radiopiu.net\/wordpress\/wp-content\/uploads\/2021\/05\/cfa4a94e-c4e0-61d3-c555-06be2b731ef5-1024x683.jpg 1024w, https:\/\/www.radiopiu.net\/wordpress\/wp-content\/uploads\/2021\/05\/cfa4a94e-c4e0-61d3-c555-06be2b731ef5-768x512.jpg 768w, https:\/\/www.radiopiu.net\/wordpress\/wp-content\/uploads\/2021\/05\/cfa4a94e-c4e0-61d3-c555-06be2b731ef5.jpg 1200w\" sizes=\"auto, (max-width: 261px) 100vw, 261px\" \/><\/a>BOLZANO <\/strong>Il Covid-19 continua a creare problemi alla nazionale italiana di hockey su ghiaccio. Attualmente, infatti, sono 10 i casi di positivit\u00e0 nel gruppo azzurro: si tratta di 7 giocatori, un membro del coaching staff e due membri dello staff di supporto alla squadra. Per rispettare il diritto alla riservatezza in tema di dati sensibili come quelli legati allo stato di salute, e in attesa dei risultati di ulteriori test che potrebbero far considerare guarite le persone coinvolte, i nomi di coloro che sono stati trovati positivi al Sars-CoV-2 non vengono resi noti.\u00a0Per motivi precauzionali, d\u2019intesa con lo staff tecnico, la FISG ha deciso di sospendere gli allenamenti di squadra allo scopo di ridurre al minimo ogni tipo di contatto e di occasione di contagio.\u00a0Sono rientrati nel gruppo azzurro il portiere Jake Smith e gli attaccanti Leonardo Felicetti e Simone Dadi\u00e8, \u00e8 atteso a breve il difensore Peter Spornberger, si aggiunge al raduno il terzino Stefano Marchetti.\u00a0Inoltre, lo staff tecnico \u00e8 stato \u201crinforzato\u201d con l\u2019ingresso di Florian Keinz, video-coach degli Adler Mannheim.<\/p>\n<\/div>\n<\/div>\n<\/div>\n<\/div>\n","protected":false},"excerpt":{"rendered":"<p>PER\u00a0RICEVERE QUESTO NOTIZIARIO DIRETTAMENTE SUL TUO CELLULARE ISCRIVITI AL CANALE TELEGRAM\u00a0\u201cRADIO PIU\u00a0 INFORMAZIONE\u201d\u00a0\u00a0 &nbsp; &nbsp; FOTO COPERTINA, Incidente stradale autonomo ieri sera a Vignole, strada regionale 203 agordina Mas-Belluno.\u00a0 Sul posto i Vigili del Fuoco. Nei notiziari di RADIO PIU, alle 9.30 gr mattina, 12.30 gr principale 14.30 gr primo pomeriggio 16.30 gr pomeriggio, 18.30&hellip;<\/p>\n","protected":false},"author":4,"featured_media":208966,"comment_status":"closed","ping_status":"open","sticky":false,"template":"","format":"standard","meta":{"_monsterinsights_skip_tracking":false,"_monsterinsights_sitenote_active":false,"_monsterinsights_sitenote_note":"","_monsterinsights_sitenote_category":0,"footnotes":""},"categories":[1,51,86,49],"tags":[],"class_list":["post-208648","post","type-post","status-publish","format-standard","has-post-thumbnail","hentry","category-senza-categoria","category-evidenza-top","category-gr","category-news-18","category-1","category-51","category-86","category-49","description-off"],"img_url":"https:\/\/www.radiopiu.net\/wordpress\/wp-content\/uploads\/2021\/05\/4c8f76d0-15ab-42cf-99f6-d0b4b3bd7421.jpg","_links":{"self":[{"href":"https:\/\/www.radiopiu.net\/wordpress\/wp-json\/wp\/v2\/posts\/208648","targetHints":{"allow":["GET"]}}],"collection":[{"href":"https:\/\/www.radiopiu.net\/wordpress\/wp-json\/wp\/v2\/posts"}],"about":[{"href":"https:\/\/www.radiopiu.net\/wordpress\/wp-json\/wp\/v2\/types\/post"}],"author":[{"embeddable":true,"href":"https:\/\/www.radiopiu.net\/wordpress\/wp-json\/wp\/v2\/users\/4"}],"replies":[{"embeddable":true,"href":"https:\/\/www.radiopiu.net\/wordpress\/wp-json\/wp\/v2\/comments?post=208648"}],"version-history":[{"count":0,"href":"https:\/\/www.radiopiu.net\/wordpress\/wp-json\/wp\/v2\/posts\/208648\/revisions"}],"wp:featuredmedia":[{"embeddable":true,"href":"https:\/\/www.radiopiu.net\/wordpress\/wp-json\/wp\/v2\/media\/208966"}],"wp:attachment":[{"href":"https:\/\/www.radiopiu.net\/wordpress\/wp-json\/wp\/v2\/media?parent=208648"}],"wp:term":[{"taxonomy":"category","embeddable":true,"href":"https:\/\/www.radiopiu.net\/wordpress\/wp-json\/wp\/v2\/categories?post=208648"},{"taxonomy":"post_tag","embeddable":true,"href":"https:\/\/www.radiopiu.net\/wordpress\/wp-json\/wp\/v2\/tags?post=208648"}],"curies":[{"name":"wp","href":"https:\/\/api.w.org\/{rel}","templated":true}]}}