{"id":208654,"date":"2021-05-09T21:47:13","date_gmt":"2021-05-09T19:47:13","guid":{"rendered":"https:\/\/www.radiopiu.net\/wordpress\/?p=208654"},"modified":"2021-05-09T21:59:16","modified_gmt":"2021-05-09T19:59:16","slug":"luna-sasciuga-al-sole-salvata-dai-vigili-del-fuoco","status":"publish","type":"post","link":"https:\/\/www.radiopiu.net\/wordpress\/luna-sasciuga-al-sole-salvata-dai-vigili-del-fuoco\/","title":{"rendered":"LUNA S&#8217;ASCIUGA AL SOLE&#8230; SALVATA DAI VIGILI DEL FUOCO"},"content":{"rendered":"<p><strong>\u00a0SEREN DEL GRAPPA<\/strong> Luna, un cane setter, caduta in una forra \u00e8 stata salvata\u00a0 oggi\u00a0 pomeriggio dai vigili del fuoco, dopo l\u2019allarme di un escursionista, che mentre risaliva la vecchia strada delle Saline in Valle di Seren a Seren del Grappa, ha sentito i guaiti di lamento dell\u2019animale provenire dal sottostante canale. L\u2019uomo ha notato una cinquantina di metri pi\u00f9 in basso il cane, che girava in un piccolo spiazzo sul fondo della forra. I vigili del fuoco intervenuti con una squadra, hanno predisposto il recupero. Un operatore SAF (Speleo alpino Fluviale) si \u00e8 calato sul fondo raggiungendo l\u2019animale. La cagnetta sul fondo da 5 giorni \u00e8 stata subito rifocillata con due bistecche. Terminato il lauto pasto, Luna ancora tremante si \u00e8 fatta avvicinare ed \u00e8 stata imbragata per essere recuperata. Ad attendere l\u2019animale il felice proprietario, che da giorni ritornava in zona dove aveva smarrito l\u2019amata cagnetta.<\/p>\n\n\t\t\t<style type='text\/css'>\n\t\t\t\t#gallery-1 {\n\t\t\t\t\tmargin: auto;\n\t\t\t\t}\n\t\t\t\t#gallery-1 .gallery-item {\n\t\t\t\t\tfloat: left;\n\t\t\t\t\tmargin-top: 10px;\n\t\t\t\t\ttext-align: center;\n\t\t\t\t\twidth: 50%;\n\t\t\t\t}\n\t\t\t\t#gallery-1 img {\n\t\t\t\t\tborder: 2px solid #cfcfcf;\n\t\t\t\t}\n\t\t\t\t#gallery-1 .gallery-caption {\n\t\t\t\t\tmargin-left: 0;\n\t\t\t\t}\n\t\t\t\t\/* see gallery_shortcode() in wp-includes\/media.php *\/\n\t\t\t<\/style>\n\t\t<div id='gallery-1' class='dt-gallery-container gallery galleryid-208654 gallery-columns-2 gallery-size-medium'><dl class='gallery-item'>\n\t\t\t\t<dt class='gallery-icon portrait'>\n\t\t\t\t\t<a class=\"rollover rollover-zoom dt-pswp-item\" title=\"9518ab54-e0f4-4846-89bb-3c88ec5250a0\" data-dt-img-description=\"\" data-large_image_width=\"1185\" data-large_image_height=\"1280\"href='https:\/\/www.radiopiu.net\/wordpress\/wp-content\/uploads\/2021\/05\/9518ab54-e0f4-4846-89bb-3c88ec5250a0.jpg'><img loading=\"lazy\" decoding=\"async\" width=\"278\" height=\"300\" src=\"https:\/\/www.radiopiu.net\/wordpress\/wp-content\/uploads\/2021\/05\/9518ab54-e0f4-4846-89bb-3c88ec5250a0-278x300.jpg\" class=\"attachment-medium size-medium\" alt=\"\" srcset=\"https:\/\/www.radiopiu.net\/wordpress\/wp-content\/uploads\/2021\/05\/9518ab54-e0f4-4846-89bb-3c88ec5250a0-278x300.jpg 278w, https:\/\/www.radiopiu.net\/wordpress\/wp-content\/uploads\/2021\/05\/9518ab54-e0f4-4846-89bb-3c88ec5250a0-948x1024.jpg 948w, https:\/\/www.radiopiu.net\/wordpress\/wp-content\/uploads\/2021\/05\/9518ab54-e0f4-4846-89bb-3c88ec5250a0-768x830.jpg 768w, https:\/\/www.radiopiu.net\/wordpress\/wp-content\/uploads\/2021\/05\/9518ab54-e0f4-4846-89bb-3c88ec5250a0.jpg 1185w\" sizes=\"auto, (max-width: 278px) 100vw, 278px\" \/><\/a>\n\t\t\t\t<\/dt><\/dl><dl class='gallery-item'>\n\t\t\t\t<dt class='gallery-icon portrait'>\n\t\t\t\t\t<a class=\"rollover rollover-zoom dt-pswp-item\" title=\"05faf502-97ac-48bb-9d16-d1fb370dda70\" data-dt-img-description=\"\" data-large_image_width=\"1000\" data-large_image_height=\"1280\"href='https:\/\/www.radiopiu.net\/wordpress\/wp-content\/uploads\/2021\/05\/05faf502-97ac-48bb-9d16-d1fb370dda70.jpg'><img loading=\"lazy\" decoding=\"async\" width=\"234\" height=\"300\" src=\"https:\/\/www.radiopiu.net\/wordpress\/wp-content\/uploads\/2021\/05\/05faf502-97ac-48bb-9d16-d1fb370dda70-234x300.jpg\" class=\"attachment-medium size-medium\" alt=\"\" srcset=\"https:\/\/www.radiopiu.net\/wordpress\/wp-content\/uploads\/2021\/05\/05faf502-97ac-48bb-9d16-d1fb370dda70-234x300.jpg 234w, https:\/\/www.radiopiu.net\/wordpress\/wp-content\/uploads\/2021\/05\/05faf502-97ac-48bb-9d16-d1fb370dda70-800x1024.jpg 800w, https:\/\/www.radiopiu.net\/wordpress\/wp-content\/uploads\/2021\/05\/05faf502-97ac-48bb-9d16-d1fb370dda70-768x983.jpg 768w, https:\/\/www.radiopiu.net\/wordpress\/wp-content\/uploads\/2021\/05\/05faf502-97ac-48bb-9d16-d1fb370dda70.jpg 1000w\" sizes=\"auto, (max-width: 234px) 100vw, 234px\" \/><\/a>\n\t\t\t\t<\/dt><\/dl><br style=\"clear: both\" \/>\n\t\t\t<\/div>\n\n","protected":false},"excerpt":{"rendered":"<p>\u00a0SEREN DEL GRAPPA Luna, un cane setter, caduta in una forra \u00e8 stata salvata\u00a0 oggi\u00a0 pomeriggio dai vigili del fuoco, dopo l\u2019allarme di un escursionista, che mentre risaliva la vecchia strada delle Saline in Valle di Seren a Seren del Grappa, ha sentito i guaiti di lamento dell\u2019animale provenire dal sottostante canale. L\u2019uomo ha notato&hellip;<\/p>\n","protected":false},"author":4,"featured_media":208657,"comment_status":"closed","ping_status":"open","sticky":false,"template":"","format":"standard","meta":{"_monsterinsights_skip_tracking":false,"_monsterinsights_sitenote_active":false,"_monsterinsights_sitenote_note":"","_monsterinsights_sitenote_category":0,"footnotes":""},"categories":[51,49],"tags":[],"class_list":["post-208654","post","type-post","status-publish","format-standard","has-post-thumbnail","hentry","category-evidenza-top","category-news-18","category-51","category-49","description-off"],"img_url":"https:\/\/www.radiopiu.net\/wordpress\/wp-content\/uploads\/2021\/05\/9518ab54-e0f4-4846-89bb-3c88ec5250a0.jpg","_links":{"self":[{"href":"https:\/\/www.radiopiu.net\/wordpress\/wp-json\/wp\/v2\/posts\/208654","targetHints":{"allow":["GET"]}}],"collection":[{"href":"https:\/\/www.radiopiu.net\/wordpress\/wp-json\/wp\/v2\/posts"}],"about":[{"href":"https:\/\/www.radiopiu.net\/wordpress\/wp-json\/wp\/v2\/types\/post"}],"author":[{"embeddable":true,"href":"https:\/\/www.radiopiu.net\/wordpress\/wp-json\/wp\/v2\/users\/4"}],"replies":[{"embeddable":true,"href":"https:\/\/www.radiopiu.net\/wordpress\/wp-json\/wp\/v2\/comments?post=208654"}],"version-history":[{"count":0,"href":"https:\/\/www.radiopiu.net\/wordpress\/wp-json\/wp\/v2\/posts\/208654\/revisions"}],"wp:featuredmedia":[{"embeddable":true,"href":"https:\/\/www.radiopiu.net\/wordpress\/wp-json\/wp\/v2\/media\/208657"}],"wp:attachment":[{"href":"https:\/\/www.radiopiu.net\/wordpress\/wp-json\/wp\/v2\/media?parent=208654"}],"wp:term":[{"taxonomy":"category","embeddable":true,"href":"https:\/\/www.radiopiu.net\/wordpress\/wp-json\/wp\/v2\/categories?post=208654"},{"taxonomy":"post_tag","embeddable":true,"href":"https:\/\/www.radiopiu.net\/wordpress\/wp-json\/wp\/v2\/tags?post=208654"}],"curies":[{"name":"wp","href":"https:\/\/api.w.org\/{rel}","templated":true}]}}