{"id":208874,"date":"2021-05-10T17:56:21","date_gmt":"2021-05-10T15:56:21","guid":{"rendered":"https:\/\/www.radiopiu.net\/wordpress\/?p=208874"},"modified":"2021-05-10T18:39:34","modified_gmt":"2021-05-10T16:39:34","slug":"incidenza-covid-comune-per-comune-meglio-di-sette-giorni-fa","status":"publish","type":"post","link":"https:\/\/www.radiopiu.net\/wordpress\/incidenza-covid-comune-per-comune-meglio-di-sette-giorni-fa\/","title":{"rendered":"INCIDENZA COVID COMUNE PER COMUNE, MEGLIO DI SETTE GIORNI FA"},"content":{"rendered":"<blockquote><p><strong> <em>Scende a 59 casi ogni 100 mila abitanti l\u2019incidenza del Covid-19. Scende al grado 1 su 5 il rischio di appesantire l\u2019attivit\u00e0 delle Rianimazioni provinciali, mentre \u00e8 pari a 2 (sempre su \u00a0una scala che arriva fino a 5) quello relativo ai reparti di area non critica.<\/em><\/strong><\/p><\/blockquote>\n<p><strong><img decoding=\"async\" src=\"https:\/\/www.radiopiu.net\/wordpress\/wp-content\/uploads\/2021\/05\/710a973d-e368-4401-930f-b90c9979890b.jpg\" \/>BELLUNO<\/strong> Tanti Comuni colorati di bianco, non significa che sono Comuni covid free, privi di persone in quarantena o positivi, significa che i Comuni &#8220;bianchi&#8221; (35) non hanno registrato nuovi contagi negli ultimi sette giorni. Va meglio in tutta la provincia anche a La Valle Agordina e Conca Agordina dove la scorsa settimana imperava il colore scuro (251-500 casi ogni 100 mila abitanti). I Comuni pi\u00f9 contagiati negli ultimi sette giorni risultano: Longarone, Tambre d&#8217;Alpago, Arsi\u00e8, Falcade e San Vito di Cadore (126-250 contagi per 100 mila abitanti). Colorazione pi\u00f9 tenute per la zona del Cadore e Valbelluna (1-125).<\/p>\n<p><strong>IN SEQUENZA L&#8217;ANDAMENTO DELLE ULTIME 5 SETTIMANE<\/strong><\/p>\n<p><a href=\"https:\/\/www.radiopiu.net\/wordpress\/covid-in-provincia-il-punto-della-ulss-1-dolomiti-in-agordino-nuovi-casi-ad-agordo-voltago-la-valle-falcade-e-livinallongo\/2-84\/\" rel=\"attachment wp-att-207391\"><img loading=\"lazy\" decoding=\"async\" class=\"alignnone wp-image-207391 \" src=\"https:\/\/www.radiopiu.net\/wordpress\/wp-content\/uploads\/2021\/05\/2.jpg\" alt=\"\" width=\"292\" height=\"300\" srcset=\"https:\/\/www.radiopiu.net\/wordpress\/wp-content\/uploads\/2021\/05\/2.jpg 966w, https:\/\/www.radiopiu.net\/wordpress\/wp-content\/uploads\/2021\/05\/2-291x300.jpg 291w, https:\/\/www.radiopiu.net\/wordpress\/wp-content\/uploads\/2021\/05\/2-768x792.jpg 768w\" sizes=\"auto, (max-width: 292px) 100vw, 292px\" \/><\/a><a href=\"https:\/\/www.radiopiu.net\/wordpress\/scende-a-80-lincidenza-per-100-mila-abitanti-la-nuova-mappa-del-contagio-comune-per-comune\/asdasdasdasdasdasdasdasd\/\" rel=\"attachment wp-att-206067\"><img loading=\"lazy\" decoding=\"async\" class=\"alignnone size-medium wp-image-206067\" src=\"https:\/\/www.radiopiu.net\/wordpress\/wp-content\/uploads\/2021\/04\/asdasdasdasdasdasdasdasd-290x300.jpg\" alt=\"\" width=\"290\" height=\"300\" srcset=\"https:\/\/www.radiopiu.net\/wordpress\/wp-content\/uploads\/2021\/04\/asdasdasdasdasdasdasdasd-290x300.jpg 290w, https:\/\/www.radiopiu.net\/wordpress\/wp-content\/uploads\/2021\/04\/asdasdasdasdasdasdasdasd-991x1024.jpg 991w, https:\/\/www.radiopiu.net\/wordpress\/wp-content\/uploads\/2021\/04\/asdasdasdasdasdasdasdasd-768x794.jpg 768w, https:\/\/www.radiopiu.net\/wordpress\/wp-content\/uploads\/2021\/04\/asdasdasdasdasdasdasdasd-1486x1536.jpg 1486w, https:\/\/www.radiopiu.net\/wordpress\/wp-content\/uploads\/2021\/04\/asdasdasdasdasdasdasdasd.jpg 1548w\" sizes=\"auto, (max-width: 290px) 100vw, 290px\" \/><\/a><\/p>\n<p>&nbsp;<\/p>\n<p>&nbsp;<\/p>\n<p><a href=\"https:\/\/www.radiopiu.net\/wordpress\/alleghe-rimane-il-comune-piu-contagiato-in-crescita-a-cortina-la-valle-alano-vigo-e-soverzene\/5048c42e-0717-474a-935d-ad9a6d0526b4\/\" rel=\"attachment wp-att-204474\"><img loading=\"lazy\" decoding=\"async\" class=\"alignnone size-medium wp-image-204474\" src=\"https:\/\/www.radiopiu.net\/wordpress\/wp-content\/uploads\/2021\/04\/5048c42e-0717-474a-935d-ad9a6d0526b4-300x300.jpg\" alt=\"\" width=\"300\" height=\"300\" srcset=\"https:\/\/www.radiopiu.net\/wordpress\/wp-content\/uploads\/2021\/04\/5048c42e-0717-474a-935d-ad9a6d0526b4-300x300.jpg 300w, https:\/\/www.radiopiu.net\/wordpress\/wp-content\/uploads\/2021\/04\/5048c42e-0717-474a-935d-ad9a6d0526b4-150x150.jpg 150w, https:\/\/www.radiopiu.net\/wordpress\/wp-content\/uploads\/2021\/04\/5048c42e-0717-474a-935d-ad9a6d0526b4-768x770.jpg 768w, https:\/\/www.radiopiu.net\/wordpress\/wp-content\/uploads\/2021\/04\/5048c42e-0717-474a-935d-ad9a6d0526b4.jpg 1021w\" sizes=\"auto, (max-width: 300px) 100vw, 300px\" \/><\/a><a href=\"https:\/\/www.radiopiu.net\/wordpress\/curve-verso-il-basso-e-sempre-piu-comuni-liberi-dal-virus-record-di-casi-ad-alleghe-e-soverzene\/c9150f1c-cab9-447a-8417-fe26cb134f32\/\" rel=\"attachment wp-att-203016\"><img loading=\"lazy\" decoding=\"async\" class=\"alignnone size-medium wp-image-203016\" src=\"https:\/\/www.radiopiu.net\/wordpress\/wp-content\/uploads\/2021\/04\/c9150f1c-cab9-447a-8417-fe26cb134f32-281x300.jpg\" alt=\"\" width=\"281\" height=\"300\" srcset=\"https:\/\/www.radiopiu.net\/wordpress\/wp-content\/uploads\/2021\/04\/c9150f1c-cab9-447a-8417-fe26cb134f32-281x300.jpg 281w, https:\/\/www.radiopiu.net\/wordpress\/wp-content\/uploads\/2021\/04\/c9150f1c-cab9-447a-8417-fe26cb134f32-958x1024.jpg 958w, https:\/\/www.radiopiu.net\/wordpress\/wp-content\/uploads\/2021\/04\/c9150f1c-cab9-447a-8417-fe26cb134f32-768x821.jpg 768w, https:\/\/www.radiopiu.net\/wordpress\/wp-content\/uploads\/2021\/04\/c9150f1c-cab9-447a-8417-fe26cb134f32.jpg 1125w\" sizes=\"auto, (max-width: 281px) 100vw, 281px\" \/><\/a><a class=\"dt-pswp-item\" href=\"https:\/\/www.radiopiu.net\/wordpress\/wp-content\/uploads\/2021\/04\/c9150f1c-cab9-447a-8417-fe26cb134f32.jpg\" data-dt-img-description=\"\" data-large_image_width=\"1125\" data-large_image_height=\"1202\"><img loading=\"lazy\" decoding=\"async\" class=\"alignnone size-medium wp-image-203016\" src=\"https:\/\/www.radiopiu.net\/wordpress\/wp-content\/uploads\/2021\/04\/c9150f1c-cab9-447a-8417-fe26cb134f32-281x300.jpg\" alt=\"\" width=\"281\" height=\"300\" srcset=\"https:\/\/www.radiopiu.net\/wordpress\/wp-content\/uploads\/2021\/04\/c9150f1c-cab9-447a-8417-fe26cb134f32-281x300.jpg 281w, https:\/\/www.radiopiu.net\/wordpress\/wp-content\/uploads\/2021\/04\/c9150f1c-cab9-447a-8417-fe26cb134f32-958x1024.jpg 958w, https:\/\/www.radiopiu.net\/wordpress\/wp-content\/uploads\/2021\/04\/c9150f1c-cab9-447a-8417-fe26cb134f32-768x821.jpg 768w, https:\/\/www.radiopiu.net\/wordpress\/wp-content\/uploads\/2021\/04\/c9150f1c-cab9-447a-8417-fe26cb134f32.jpg 1125w\" sizes=\"auto, (max-width: 281px) 100vw, 281px\" \/><\/a><\/p>\n<p>&nbsp;<\/p>\n<p>&nbsp;<\/p>\n","protected":false},"excerpt":{"rendered":"<p>Scende a 59 casi ogni 100 mila abitanti l\u2019incidenza del Covid-19. Scende al grado 1 su 5 il rischio di appesantire l\u2019attivit\u00e0 delle Rianimazioni provinciali, mentre \u00e8 pari a 2 (sempre su \u00a0una scala che arriva fino a 5) quello relativo ai reparti di area non critica. BELLUNO Tanti Comuni colorati di bianco, non significa&hellip;<\/p>\n","protected":false},"author":4,"featured_media":208875,"comment_status":"closed","ping_status":"open","sticky":false,"template":"","format":"standard","meta":{"_monsterinsights_skip_tracking":false,"_monsterinsights_sitenote_active":false,"_monsterinsights_sitenote_note":"","_monsterinsights_sitenote_category":0,"footnotes":""},"categories":[51,49],"tags":[],"class_list":["post-208874","post","type-post","status-publish","format-standard","has-post-thumbnail","hentry","category-evidenza-top","category-news-18","category-51","category-49","description-off"],"img_url":"https:\/\/www.radiopiu.net\/wordpress\/wp-content\/uploads\/2021\/05\/710a973d-e368-4401-930f-b90c9979890b.jpg","_links":{"self":[{"href":"https:\/\/www.radiopiu.net\/wordpress\/wp-json\/wp\/v2\/posts\/208874","targetHints":{"allow":["GET"]}}],"collection":[{"href":"https:\/\/www.radiopiu.net\/wordpress\/wp-json\/wp\/v2\/posts"}],"about":[{"href":"https:\/\/www.radiopiu.net\/wordpress\/wp-json\/wp\/v2\/types\/post"}],"author":[{"embeddable":true,"href":"https:\/\/www.radiopiu.net\/wordpress\/wp-json\/wp\/v2\/users\/4"}],"replies":[{"embeddable":true,"href":"https:\/\/www.radiopiu.net\/wordpress\/wp-json\/wp\/v2\/comments?post=208874"}],"version-history":[{"count":0,"href":"https:\/\/www.radiopiu.net\/wordpress\/wp-json\/wp\/v2\/posts\/208874\/revisions"}],"wp:featuredmedia":[{"embeddable":true,"href":"https:\/\/www.radiopiu.net\/wordpress\/wp-json\/wp\/v2\/media\/208875"}],"wp:attachment":[{"href":"https:\/\/www.radiopiu.net\/wordpress\/wp-json\/wp\/v2\/media?parent=208874"}],"wp:term":[{"taxonomy":"category","embeddable":true,"href":"https:\/\/www.radiopiu.net\/wordpress\/wp-json\/wp\/v2\/categories?post=208874"},{"taxonomy":"post_tag","embeddable":true,"href":"https:\/\/www.radiopiu.net\/wordpress\/wp-json\/wp\/v2\/tags?post=208874"}],"curies":[{"name":"wp","href":"https:\/\/api.w.org\/{rel}","templated":true}]}}