{"id":208884,"date":"2021-05-10T18:13:30","date_gmt":"2021-05-10T16:13:30","guid":{"rendered":"https:\/\/www.radiopiu.net\/wordpress\/?p=208884"},"modified":"2021-05-11T06:00:45","modified_gmt":"2021-05-11T04:00:45","slug":"dalla-acc-la-risposta-alle-dichiarazioni-odierne-di-zaia","status":"publish","type":"post","link":"https:\/\/www.radiopiu.net\/wordpress\/dalla-acc-la-risposta-alle-dichiarazioni-odierne-di-zaia\/","title":{"rendered":"DALLA ACC LA RISPOSTA ALLE DICHIARAZIONI ODIERNE DI ZAIA"},"content":{"rendered":"<p><strong>BORGO VALBELLUNA<\/strong> Oggi le dichiarazioni di Zaia in conferenza stampa sulla Acc di Mel, a stretto giro di posta \u00e8 arrivata la risposta di Stefano Bona della Fiom Cgil.<\/p>\n<p><em><a href=\"https:\/\/www.radiopiu.net\/wordpress\/dalla-acc-la-risposta-alle-dichiarazioni-odierne-di-zaia\/pp-61\/\" rel=\"attachment wp-att-208886\"><img loading=\"lazy\" decoding=\"async\" class=\"wp-image-208886 alignleft\" src=\"https:\/\/www.radiopiu.net\/wordpress\/wp-content\/uploads\/2021\/05\/pp-1-300x300.jpg\" alt=\"\" width=\"178\" height=\"178\" srcset=\"https:\/\/www.radiopiu.net\/wordpress\/wp-content\/uploads\/2021\/05\/pp-1-300x300.jpg 300w, https:\/\/www.radiopiu.net\/wordpress\/wp-content\/uploads\/2021\/05\/pp-1-150x150.jpg 150w, https:\/\/www.radiopiu.net\/wordpress\/wp-content\/uploads\/2021\/05\/pp-1.jpg 640w\" sizes=\"auto, (max-width: 178px) 100vw, 178px\" \/><\/a>&#8220;Ringraziamo il presidente Zaia per la disponibilit\u00e0 ad incontrare le maestranze di Acc Wanbao il prossimo 12 Maggio in occasione della nostra manifestazione a Venezia, gli illustreremo la situazione e le nostre proposte per individuare soluzioni utili e necessarie per garantire, insieme, futuro industriale e occupazionale ad Acc, di seguito succintamente indichiamo la situazione e la sua drammatica urgenza.Il governo deve dare una parola chiara e conclusiva sull&#8217;art 37. Il Conte 2 aveva puntato prima sull, art. 55 Prodi bis( vanificato dalla DG comp. EU) e poi sull&#8217;art 1 DL liquidit\u00e0 Garanzia Italia interrotto dalla crisi di governo. L&#8217;esecutivo Draghi ha puntato invece sul 37 per i tempi troppo lunghi del fondo di sostegno per le grandi aziende, poi la nota di Giorgetti che ha abortito l&#8217;emendamento anticipatorio al 37 ha sostenuto che \u00e8 inutilizzabile perch\u00e9 richiama in campo la DG Comp EU con la notifica individuale sugli aiuti di stato. Il governo Draghi deve quindi dire come trovare i soldi per Acc, per finanziare il tempo della vendita, che non pu\u00f2 essere accorciato a meno di 6 mesi, anche se si rinuncia a Italcomp e si cerca un compratore per Acc. Qui non c&#8217;\u00e8 in ballo Italcomp ma il meccanismo stesso dell&#8217;amministrazione straordinaria. In virt\u00f9 della quale Acc \u00e8 una azienda del governo e quindi cosa vuole farne? \u00c8 in gioco la credibilit\u00e0 internazionale dell&#8217;esecutivo, Electrolux, Bosch, Liebherr, Whirlpool il mercato si \u00e8 fidato del governo ed ora ci dicano come risolvere il caso&#8221;<\/em><\/p>\n<p>&nbsp;<\/p>\n<p><strong>OGGI ZAIA DA VENEZIA<\/strong><\/p>\n<blockquote><p><strong>audio dalla conferenza stampa di Venezia<\/strong><\/p><\/blockquote>\n<p><strong>VENEZIA<\/strong> Le Maestranze Acc scenderanno a Venezia a Palazzo Ferro Fini. Zaia pronto a riceverli come ha ricordato in conferenza stampa <em>&#8220;Siamo a disposizione&#8221;.<\/em><\/p>\n<audio class=\"wp-audio-shortcode\" id=\"audio-208884-1\" preload=\"none\" style=\"width: 100%;\" controls=\"controls\"><source type=\"audio\/mpeg\" src=\"https:\/\/www.radiopiu.net\/wordpress\/wp-content\/uploads\/2021\/05\/ZAIA-AZZ.mp3?_=1\" \/><a href=\"https:\/\/www.radiopiu.net\/wordpress\/wp-content\/uploads\/2021\/05\/ZAIA-AZZ.mp3\">https:\/\/www.radiopiu.net\/wordpress\/wp-content\/uploads\/2021\/05\/ZAIA-AZZ.mp3<\/a><\/audio>\n<p>&nbsp;<\/p>\n<p>&nbsp;<\/p>\n","protected":false},"excerpt":{"rendered":"<p>BORGO VALBELLUNA Oggi le dichiarazioni di Zaia in conferenza stampa sulla Acc di Mel, a stretto giro di posta \u00e8 arrivata la risposta di Stefano Bona della Fiom Cgil. &#8220;Ringraziamo il presidente Zaia per la disponibilit\u00e0 ad incontrare le maestranze di Acc Wanbao il prossimo 12 Maggio in occasione della nostra manifestazione a Venezia, gli&hellip;<\/p>\n","protected":false},"author":4,"featured_media":197657,"comment_status":"closed","ping_status":"open","sticky":false,"template":"","format":"standard","meta":{"_monsterinsights_skip_tracking":false,"_monsterinsights_sitenote_active":false,"_monsterinsights_sitenote_note":"","_monsterinsights_sitenote_category":0,"footnotes":""},"categories":[51,49],"tags":[],"class_list":["post-208884","post","type-post","status-publish","format-standard","has-post-thumbnail","hentry","category-evidenza-top","category-news-18","category-51","category-49","description-off"],"img_url":"https:\/\/www.radiopiu.net\/wordpress\/wp-content\/uploads\/2021\/03\/c1241a67-be2c-4bdd-952e-452cfb7345de.jpg","_links":{"self":[{"href":"https:\/\/www.radiopiu.net\/wordpress\/wp-json\/wp\/v2\/posts\/208884","targetHints":{"allow":["GET"]}}],"collection":[{"href":"https:\/\/www.radiopiu.net\/wordpress\/wp-json\/wp\/v2\/posts"}],"about":[{"href":"https:\/\/www.radiopiu.net\/wordpress\/wp-json\/wp\/v2\/types\/post"}],"author":[{"embeddable":true,"href":"https:\/\/www.radiopiu.net\/wordpress\/wp-json\/wp\/v2\/users\/4"}],"replies":[{"embeddable":true,"href":"https:\/\/www.radiopiu.net\/wordpress\/wp-json\/wp\/v2\/comments?post=208884"}],"version-history":[{"count":0,"href":"https:\/\/www.radiopiu.net\/wordpress\/wp-json\/wp\/v2\/posts\/208884\/revisions"}],"wp:featuredmedia":[{"embeddable":true,"href":"https:\/\/www.radiopiu.net\/wordpress\/wp-json\/wp\/v2\/media\/197657"}],"wp:attachment":[{"href":"https:\/\/www.radiopiu.net\/wordpress\/wp-json\/wp\/v2\/media?parent=208884"}],"wp:term":[{"taxonomy":"category","embeddable":true,"href":"https:\/\/www.radiopiu.net\/wordpress\/wp-json\/wp\/v2\/categories?post=208884"},{"taxonomy":"post_tag","embeddable":true,"href":"https:\/\/www.radiopiu.net\/wordpress\/wp-json\/wp\/v2\/tags?post=208884"}],"curies":[{"name":"wp","href":"https:\/\/api.w.org\/{rel}","templated":true}]}}