{"id":208926,"date":"2021-05-10T19:34:36","date_gmt":"2021-05-10T17:34:36","guid":{"rendered":"https:\/\/www.radiopiu.net\/wordpress\/?p=208926"},"modified":"2021-05-11T05:58:43","modified_gmt":"2021-05-11T03:58:43","slug":"la-minaccia-dalle-pale-di-san-lucano-aggiornamento-delle-19","status":"publish","type":"post","link":"https:\/\/www.radiopiu.net\/wordpress\/la-minaccia-dalle-pale-di-san-lucano-aggiornamento-delle-19\/","title":{"rendered":"2018 L&#8217;INCENDIO PRIMA, VAIA POI 2021  MASSI IN BILICO TRA SCHIANTI E GHIAIONI"},"content":{"rendered":"<p>seconda edizione, 19.00<\/p>\n<p><strong>TAIBON\u00a0<\/strong> I tecnici saliti in quota con l&#8217;elicottero Drago dei Vigili del Fuoco di Bologna hanno dato le prime indicazioni, il macigno presumibilmente in &#8220;bilico&#8221; non dovrebbe creare grandi preoccupazioni, dovesse anche scendere a valle si incastrerebbe nella stretta valle della Roa. In ogni modo le relazioni dettagliate arriveranno sul tavolo dei tecnici nella mattinata di domani. Al momento nessuna ordinanza dagli uffici di Polizia Locale del Municipio, solo il cantiere della strada taglia fuoco in costruzione \u00e8 momentaneamente bloccato per motivi precauzionali visto che sotto ci lavorano gli operai della ditta incaricata..<\/p>\n<p>&nbsp;<\/p>\n<p><strong>FOTO FULVIO COLLAZUOL, TECNICO COMUNALE TAIBON AGORDINO<\/strong><\/p>\n\n\t\t\t<style type='text\/css'>\n\t\t\t\t#gallery-1 {\n\t\t\t\t\tmargin: auto;\n\t\t\t\t}\n\t\t\t\t#gallery-1 .gallery-item {\n\t\t\t\t\tfloat: left;\n\t\t\t\t\tmargin-top: 10px;\n\t\t\t\t\ttext-align: center;\n\t\t\t\t\twidth: 100%;\n\t\t\t\t}\n\t\t\t\t#gallery-1 img {\n\t\t\t\t\tborder: 2px solid #cfcfcf;\n\t\t\t\t}\n\t\t\t\t#gallery-1 .gallery-caption {\n\t\t\t\t\tmargin-left: 0;\n\t\t\t\t}\n\t\t\t\t\/* see gallery_shortcode() in wp-includes\/media.php *\/\n\t\t\t<\/style>\n\t\t<div id='gallery-1' class='dt-gallery-container gallery galleryid-208926 gallery-columns-1 gallery-size-large'><dl class='gallery-item'>\n\t\t\t\t<dt class='gallery-icon portrait'>\n\t\t\t\t\t<a class=\"rollover rollover-zoom dt-pswp-item\" title=\"DSC_0540\" data-dt-img-description=\"\" data-large_image_width=\"1707\" data-large_image_height=\"2560\"href='https:\/\/www.radiopiu.net\/wordpress\/wp-content\/uploads\/2021\/05\/DSC_0540-scaled.jpg'><img loading=\"lazy\" decoding=\"async\" width=\"683\" height=\"1024\" src=\"https:\/\/www.radiopiu.net\/wordpress\/wp-content\/uploads\/2021\/05\/DSC_0540-683x1024.jpg\" class=\"attachment-large size-large\" alt=\"\" srcset=\"https:\/\/www.radiopiu.net\/wordpress\/wp-content\/uploads\/2021\/05\/DSC_0540-683x1024.jpg 683w, https:\/\/www.radiopiu.net\/wordpress\/wp-content\/uploads\/2021\/05\/DSC_0540-200x300.jpg 200w, https:\/\/www.radiopiu.net\/wordpress\/wp-content\/uploads\/2021\/05\/DSC_0540-768x1152.jpg 768w, https:\/\/www.radiopiu.net\/wordpress\/wp-content\/uploads\/2021\/05\/DSC_0540-1024x1536.jpg 1024w, https:\/\/www.radiopiu.net\/wordpress\/wp-content\/uploads\/2021\/05\/DSC_0540-1365x2048.jpg 1365w, https:\/\/www.radiopiu.net\/wordpress\/wp-content\/uploads\/2021\/05\/DSC_0540-scaled.jpg 1707w\" sizes=\"auto, (max-width: 683px) 100vw, 683px\" \/><\/a>\n\t\t\t\t<\/dt><\/dl><br style=\"clear: both\" \/>\n\t\t\t<\/div>\n\n<h2>OGGI ALLA RADIO<\/h2>\n<p><strong><a href=\"https:\/\/www.radiopiu.net\/wordpress\/minaccia-dalle-pale-di-san-lucano\/b7be660d-9ef1-4c13-8dbe-53f5800a8ea7\/\" rel=\"attachment wp-att-208863\"><img loading=\"lazy\" decoding=\"async\" class=\" wp-image-208863 alignleft\" src=\"https:\/\/www.radiopiu.net\/wordpress\/wp-content\/uploads\/2021\/05\/b7be660d-9ef1-4c13-8dbe-53f5800a8ea7-300x169.jpg\" alt=\"\" width=\"217\" height=\"122\" srcset=\"https:\/\/www.radiopiu.net\/wordpress\/wp-content\/uploads\/2021\/05\/b7be660d-9ef1-4c13-8dbe-53f5800a8ea7-300x169.jpg 300w, https:\/\/www.radiopiu.net\/wordpress\/wp-content\/uploads\/2021\/05\/b7be660d-9ef1-4c13-8dbe-53f5800a8ea7-1024x576.jpg 1024w, https:\/\/www.radiopiu.net\/wordpress\/wp-content\/uploads\/2021\/05\/b7be660d-9ef1-4c13-8dbe-53f5800a8ea7-768x432.jpg 768w, https:\/\/www.radiopiu.net\/wordpress\/wp-content\/uploads\/2021\/05\/b7be660d-9ef1-4c13-8dbe-53f5800a8ea7-1536x864.jpg 1536w, https:\/\/www.radiopiu.net\/wordpress\/wp-content\/uploads\/2021\/05\/b7be660d-9ef1-4c13-8dbe-53f5800a8ea7.jpg 1920w\" sizes=\"auto, (max-width: 217px) 100vw, 217px\" \/><\/a>TAIBON<\/strong> Nel primo pomeriggio dalla centrale Enel di Agordo \u00e8 partita la telefonata di allerta<em> &#8220;Attenzione quel sasso pare si sia spostato&#8221;.\u00a0<\/em>Il sasso \u00e8 un macigno di grandi dimensioni collocato al centro del canal de la Roa che si stacca sulla Pale di San Lucano, sopra la Roa del Forn (ex cava difronte alla centralina idrolettrica sul Tegnas). Un sasso di dimensioni enormi che potrebbe scendere lungo il canale incrociando peraltro la strada tagliafuoco in costruzione tra San Lucano e la localit\u00e0 al Forte, perch\u00e9 si tratta sempre della tristemente famosa zona interessata dall&#8217;incendio del 2018. <em>&#8220;Vista la minaccia e le segnalazioni\u00a0 &#8211; ricorda il tecnico comunale Fulvio Collazuol &#8211; abbiamo provveduto a fermare momentaneamente il cantiere&#8221;. <\/em>Tecnico, agente di Polizia Locale Gilberto Fossen e i vigili del fuoco\u00a0 di Agordo, che hanno ricevuto la segnalazione, sono saliti fino alla localit\u00e0 Soccol e poi ancora pi\u00f9 su da dove la visione verso la Pale di San Lucano \u00e8 ideale. Intanto da Bologna \u00e8 partito l&#8217;elicottero Drago che a Belluno ha fatto salire i geologi e una volta a Taibon (campo di calcio) hanno preso atto della situazione e sono saliti in quota per capire se quel macigno \u00e8 stabile, si \u00e8 mosso di recente o potr\u00e0 comportare problemi in futuro. Ora l&#8217;attesa delle risposte degli esperti, forse gi\u00e0 domani sia\u00a0 al Comando dei Vigili del Fuoco che in\u00a0 Municipio. Oltre alla strada tagliafuoco in costruzione, sotto ci sono abitazioni e la strada che porta alla Valle di San Lucano.<\/p>\n<p>&nbsp;<\/p>\n<blockquote class=\"wp-embedded-content\" data-secret=\"JL3q9WwHZv\"><p><a href=\"https:\/\/www.radiopiu.net\/wordpress\/minaccia-dalle-pale-di-san-lucano\/\">MINACCIA DALLE PALE DI SAN LUCANO<\/a><\/p><\/blockquote>\n<p><iframe loading=\"lazy\" class=\"wp-embedded-content\" sandbox=\"allow-scripts\" security=\"restricted\" style=\"position: absolute; clip: rect(1px, 1px, 1px, 1px);\" title=\"&#8220;MINACCIA DALLE PALE DI SAN LUCANO&#8221; &#8212; Radio Pi\u00f9\" src=\"https:\/\/www.radiopiu.net\/wordpress\/minaccia-dalle-pale-di-san-lucano\/embed\/#?secret=JL3q9WwHZv\" data-secret=\"JL3q9WwHZv\" width=\"600\" height=\"338\" frameborder=\"0\" marginwidth=\"0\" marginheight=\"0\" scrolling=\"no\"><\/iframe><\/p>\n","protected":false},"excerpt":{"rendered":"<p>seconda edizione, 19.00 TAIBON\u00a0 I tecnici saliti in quota con l&#8217;elicottero Drago dei Vigili del Fuoco di Bologna hanno dato le prime indicazioni, il macigno presumibilmente in &#8220;bilico&#8221; non dovrebbe creare grandi preoccupazioni, dovesse anche scendere a valle si incastrerebbe nella stretta valle della Roa. In ogni modo le relazioni dettagliate arriveranno sul tavolo dei&hellip;<\/p>\n","protected":false},"author":4,"featured_media":208935,"comment_status":"closed","ping_status":"open","sticky":false,"template":"","format":"standard","meta":{"_monsterinsights_skip_tracking":false,"_monsterinsights_sitenote_active":false,"_monsterinsights_sitenote_note":"","_monsterinsights_sitenote_category":0,"footnotes":""},"categories":[1,51,49],"tags":[],"class_list":["post-208926","post","type-post","status-publish","format-standard","has-post-thumbnail","hentry","category-senza-categoria","category-evidenza-top","category-news-18","category-1","category-51","category-49","description-off"],"img_url":"https:\/\/www.radiopiu.net\/wordpress\/wp-content\/uploads\/2021\/05\/DSC_0540-scaled.jpg","_links":{"self":[{"href":"https:\/\/www.radiopiu.net\/wordpress\/wp-json\/wp\/v2\/posts\/208926","targetHints":{"allow":["GET"]}}],"collection":[{"href":"https:\/\/www.radiopiu.net\/wordpress\/wp-json\/wp\/v2\/posts"}],"about":[{"href":"https:\/\/www.radiopiu.net\/wordpress\/wp-json\/wp\/v2\/types\/post"}],"author":[{"embeddable":true,"href":"https:\/\/www.radiopiu.net\/wordpress\/wp-json\/wp\/v2\/users\/4"}],"replies":[{"embeddable":true,"href":"https:\/\/www.radiopiu.net\/wordpress\/wp-json\/wp\/v2\/comments?post=208926"}],"version-history":[{"count":0,"href":"https:\/\/www.radiopiu.net\/wordpress\/wp-json\/wp\/v2\/posts\/208926\/revisions"}],"wp:featuredmedia":[{"embeddable":true,"href":"https:\/\/www.radiopiu.net\/wordpress\/wp-json\/wp\/v2\/media\/208935"}],"wp:attachment":[{"href":"https:\/\/www.radiopiu.net\/wordpress\/wp-json\/wp\/v2\/media?parent=208926"}],"wp:term":[{"taxonomy":"category","embeddable":true,"href":"https:\/\/www.radiopiu.net\/wordpress\/wp-json\/wp\/v2\/categories?post=208926"},{"taxonomy":"post_tag","embeddable":true,"href":"https:\/\/www.radiopiu.net\/wordpress\/wp-json\/wp\/v2\/tags?post=208926"}],"curies":[{"name":"wp","href":"https:\/\/api.w.org\/{rel}","templated":true}]}}