{"id":209193,"date":"2021-05-12T05:49:54","date_gmt":"2021-05-12T03:49:54","guid":{"rendered":"https:\/\/www.radiopiu.net\/wordpress\/?p=209193"},"modified":"2021-05-12T05:58:22","modified_gmt":"2021-05-12T03:58:22","slug":"luxottica-dalla-prossima-settimana-il-primo-passo-verso-la-normalita","status":"publish","type":"post","link":"https:\/\/www.radiopiu.net\/wordpress\/luxottica-dalla-prossima-settimana-il-primo-passo-verso-la-normalita\/","title":{"rendered":"LUXOTTICA: DALLA PROSSIMA SETTIMANA IL PRIMO PASSO VERSO LA NORMALITA\u2019"},"content":{"rendered":"<p class=\"p1\"><strong><a href=\"https:\/\/www.radiopiu.net\/wordpress\/giornale-radiopiu-01-agosto-2020-direttore-mirko-mezzacasa\/814ace46-a8a2-4c2d-a100-4d87aa509ef3\/\" rel=\"attachment wp-att-152483\"><img loading=\"lazy\" decoding=\"async\" class=\"size-medium wp-image-152483 alignleft\" src=\"https:\/\/www.radiopiu.net\/wordpress\/wp-content\/uploads\/2020\/07\/814ace46-a8a2-4c2d-a100-4d87aa509ef3-300x225.jpg\" alt=\"\" width=\"300\" height=\"225\" srcset=\"https:\/\/www.radiopiu.net\/wordpress\/wp-content\/uploads\/2020\/07\/814ace46-a8a2-4c2d-a100-4d87aa509ef3-300x225.jpg 300w, https:\/\/www.radiopiu.net\/wordpress\/wp-content\/uploads\/2020\/07\/814ace46-a8a2-4c2d-a100-4d87aa509ef3-1024x768.jpg 1024w, https:\/\/www.radiopiu.net\/wordpress\/wp-content\/uploads\/2020\/07\/814ace46-a8a2-4c2d-a100-4d87aa509ef3-768x576.jpg 768w, https:\/\/www.radiopiu.net\/wordpress\/wp-content\/uploads\/2020\/07\/814ace46-a8a2-4c2d-a100-4d87aa509ef3-1536x1152.jpg 1536w, https:\/\/www.radiopiu.net\/wordpress\/wp-content\/uploads\/2020\/07\/814ace46-a8a2-4c2d-a100-4d87aa509ef3.jpg 1560w\" sizes=\"auto, (max-width: 300px) 100vw, 300px\" \/><\/a>AGORDO<\/strong> A partire da luned\u00ec prossimo i dipendenti Luxottica inizieranno il ritorno alla normalit\u00e0. Il primo passo sar\u00e0 quello del ritorno all\u2019orario normale per quanto riguarda i turni. Da quasi un anno le maestranze hanno avuto degli orari scaglionati per l\u2019ingresso in azienda con mezz\u2019ora di differenza tra fine turno mattino e inizio di quello pomeridiano. Dal 17 maggio si ritorna al classico orario 6-14, 14-22 e 22-6 per il turno notturno. Sicuramente un passo in avanti con la produzione che non si fermer\u00e0 tra un turno e l\u2019altro ma continuer\u00e0 come avveniva prima del Covid-19. \u201c<em>Sappiamo che, nonostante i primi malumori, il distanziamento era piaciuto a tutti perch\u00e9 rendeva pi\u00f9 gestibile la vita famigliare o il trovare parcheggio &#8211; dicono i delegati della CISL &#8211; tuttavia questo \u00e8 il tentativo di un primo, lento, ritorno alla &#8220;normalit\u00e0&#8221;. Teniamo a fare presente che *verr\u00e0 mantenuta la compartimentazione* e quindi, nei reparti a turno, non sar\u00e0 possibile per ora tornare a svolgere turni fissi (oppure orari che vadano in sovrapposizione a pi\u00f9 turni). Sappiamo che questo sta comportando evidenti disagi ma stiamo lavorando costantemente per cercare di limitarli perch\u00e9 l&#8217;intento \u00e8 non solo quello di *ripristinare*, per quanto possibile, gli orari pre-pandemia, ma anche di *aiutare i colleghi* a trovare ogni soluzione possibile a favorire la conciliazione di tempi di vita e lavoro<\/em>\u201d.<\/p>\n","protected":false},"excerpt":{"rendered":"<p>AGORDO A partire da luned\u00ec prossimo i dipendenti Luxottica inizieranno il ritorno alla normalit\u00e0. Il primo passo sar\u00e0 quello del ritorno all\u2019orario normale per quanto riguarda i turni. Da quasi un anno le maestranze hanno avuto degli orari scaglionati per l\u2019ingresso in azienda con mezz\u2019ora di differenza tra fine turno mattino e inizio di quello&hellip;<\/p>\n","protected":false},"author":4,"featured_media":152483,"comment_status":"closed","ping_status":"open","sticky":false,"template":"","format":"standard","meta":{"_monsterinsights_skip_tracking":false,"_monsterinsights_sitenote_active":false,"_monsterinsights_sitenote_note":"","_monsterinsights_sitenote_category":0,"footnotes":""},"categories":[51,49],"tags":[],"class_list":["post-209193","post","type-post","status-publish","format-standard","has-post-thumbnail","hentry","category-evidenza-top","category-news-18","category-51","category-49","description-off"],"img_url":"https:\/\/www.radiopiu.net\/wordpress\/wp-content\/uploads\/2020\/07\/814ace46-a8a2-4c2d-a100-4d87aa509ef3.jpg","_links":{"self":[{"href":"https:\/\/www.radiopiu.net\/wordpress\/wp-json\/wp\/v2\/posts\/209193","targetHints":{"allow":["GET"]}}],"collection":[{"href":"https:\/\/www.radiopiu.net\/wordpress\/wp-json\/wp\/v2\/posts"}],"about":[{"href":"https:\/\/www.radiopiu.net\/wordpress\/wp-json\/wp\/v2\/types\/post"}],"author":[{"embeddable":true,"href":"https:\/\/www.radiopiu.net\/wordpress\/wp-json\/wp\/v2\/users\/4"}],"replies":[{"embeddable":true,"href":"https:\/\/www.radiopiu.net\/wordpress\/wp-json\/wp\/v2\/comments?post=209193"}],"version-history":[{"count":0,"href":"https:\/\/www.radiopiu.net\/wordpress\/wp-json\/wp\/v2\/posts\/209193\/revisions"}],"wp:featuredmedia":[{"embeddable":true,"href":"https:\/\/www.radiopiu.net\/wordpress\/wp-json\/wp\/v2\/media\/152483"}],"wp:attachment":[{"href":"https:\/\/www.radiopiu.net\/wordpress\/wp-json\/wp\/v2\/media?parent=209193"}],"wp:term":[{"taxonomy":"category","embeddable":true,"href":"https:\/\/www.radiopiu.net\/wordpress\/wp-json\/wp\/v2\/categories?post=209193"},{"taxonomy":"post_tag","embeddable":true,"href":"https:\/\/www.radiopiu.net\/wordpress\/wp-json\/wp\/v2\/tags?post=209193"}],"curies":[{"name":"wp","href":"https:\/\/api.w.org\/{rel}","templated":true}]}}