{"id":209196,"date":"2021-05-13T05:58:24","date_gmt":"2021-05-13T03:58:24","guid":{"rendered":"https:\/\/www.radiopiu.net\/wordpress\/?p=209196"},"modified":"2021-05-13T10:02:04","modified_gmt":"2021-05-13T08:02:04","slug":"giornale-radiopiu-13-maggio-2021-direttore-mirko-mezzacasa","status":"publish","type":"post","link":"https:\/\/www.radiopiu.net\/wordpress\/giornale-radiopiu-13-maggio-2021-direttore-mirko-mezzacasa\/","title":{"rendered":"GIORNALE RADIOPIU 13 MAGGIO 2021 DIRETTORE MIRKO MEZZACASA"},"content":{"rendered":"<h3><span style=\"color: #0000ff;\">PER<strong>\u00a0RICEVERE QUESTO NOTIZIARIO DIRETTAMENTE SUL TUO CELLULARE ISCRIVITI AL CANALE TELEGRAM\u00a0<\/strong><strong>\u201cRADIO PIU\u00a0 INFORMAZIONE\u201d\u00a0\u00a0<\/strong><\/span><\/h3>\n<p>&nbsp;<\/p>\n<hr \/>\n<p>&nbsp;<\/p>\n<p><em><a href=\"https:\/\/www.radiopiu.net\/wordpress\/giornale-radiopiu-24-gennaio-2021-direttore-mirko-mezzacasa\/79216601_126817312416448_708980208774483089_n\/\" rel=\"attachment wp-att-186567\"><img loading=\"lazy\" decoding=\"async\" class=\"size-medium wp-image-186567 alignleft\" src=\"https:\/\/www.radiopiu.net\/wordpress\/wp-content\/uploads\/2021\/01\/79216601_126817312416448_708980208774483089_n-300x114.jpg\" sizes=\"auto, (max-width: 300px) 100vw, 300px\" srcset=\"https:\/\/www.radiopiu.net\/wordpress\/wp-content\/uploads\/2021\/01\/79216601_126817312416448_708980208774483089_n-300x114.jpg 300w, https:\/\/www.radiopiu.net\/wordpress\/wp-content\/uploads\/2021\/01\/79216601_126817312416448_708980208774483089_n-768x292.jpg 768w, https:\/\/www.radiopiu.net\/wordpress\/wp-content\/uploads\/2021\/01\/79216601_126817312416448_708980208774483089_n.jpg 820w\" alt=\"\" width=\"300\" height=\"114\" \/><\/a><\/em><\/p>\n<p><em>\u00a0A<\/em><em>PP PER IOS-IPHONE di Nicola Vettorello <\/em><a href=\"https:\/\/apps.apple.com\/it\/app\/radio-pi%C3%B9-emittente-agordina\/id1515939845\">https:\/\/apps.apple.com\/it\/app\/radio-pi%C3%B9-emittente-agordina\/id1515939845<\/a><\/p>\n<p><em>ATTENZIONE: LA NUOVA APP RADIO\u00a0 PER ANDROID di Nicola Vettorello<\/em><\/p>\n<p><a href=\"https:\/\/play.google.com\/store\/apps\/details?id=net.radiopiu.iniko\" target=\"_blank\" rel=\"noopener noreferrer\">https:\/\/play.google.com\/store\/apps\/details?id=net.radiopiu.iniko<\/a><\/p>\n<p>&nbsp;<\/p>\n<p>&nbsp;<\/p>\n<hr \/>\n<p>&nbsp;<\/p>\n<p>&nbsp;<\/p>\n<blockquote>\n<h3><span style=\"color: #0000ff;\"><a href=\"https:\/\/www.radiopiu.net\/wordpress\/giornale-radiopiu-13-maggio-2021-direttore-mirko-mezzacasa\/184784408_10221664929829704_1130173425927828596_n\/\" rel=\"attachment wp-att-209359\"><img loading=\"lazy\" decoding=\"async\" class=\"wp-image-209359 alignleft\" src=\"https:\/\/www.radiopiu.net\/wordpress\/wp-content\/uploads\/2021\/05\/184784408_10221664929829704_1130173425927828596_n.jpg\" alt=\"\" width=\"310\" height=\"233\" srcset=\"https:\/\/www.radiopiu.net\/wordpress\/wp-content\/uploads\/2021\/05\/184784408_10221664929829704_1130173425927828596_n.jpg 2048w, https:\/\/www.radiopiu.net\/wordpress\/wp-content\/uploads\/2021\/05\/184784408_10221664929829704_1130173425927828596_n-300x225.jpg 300w, https:\/\/www.radiopiu.net\/wordpress\/wp-content\/uploads\/2021\/05\/184784408_10221664929829704_1130173425927828596_n-1024x768.jpg 1024w, https:\/\/www.radiopiu.net\/wordpress\/wp-content\/uploads\/2021\/05\/184784408_10221664929829704_1130173425927828596_n-768x576.jpg 768w, https:\/\/www.radiopiu.net\/wordpress\/wp-content\/uploads\/2021\/05\/184784408_10221664929829704_1130173425927828596_n-1536x1152.jpg 1536w\" sizes=\"auto, (max-width: 310px) 100vw, 310px\" \/><\/a>QUANDO LA STORIA SI RIPETE<\/span><\/h3>\n<p><strong><span style=\"color: #ff0000;\">LA VALLE<\/span><\/strong>\u00a0 A distanza di pochi giorni dalla precedente segnalazione eccone un&#8217;altra, tre mezzi pesanti hanno rischiato di incastrarsi come le tessere di un puzzle a Torsas.<\/p>\n<p>Lo ha documentato Stefano Dell&#8217;Osbel mentre seguiva la coraggiosa retromarcia di uno dei grandi mezzi.<\/p><\/blockquote>\n<p>&nbsp;<\/p>\n<p><strong>EZIO ZUANEL archivio radiopiu<\/strong><\/p>\n<audio class=\"wp-audio-shortcode\" id=\"audio-209196-1\" preload=\"none\" style=\"width: 100%;\" controls=\"controls\"><source type=\"audio\/mpeg\" src=\"https:\/\/www.radiopiu.net\/wordpress\/wp-content\/uploads\/2021\/04\/ezio-zuanel.mp3?_=1\" \/><a href=\"https:\/\/www.radiopiu.net\/wordpress\/wp-content\/uploads\/2021\/04\/ezio-zuanel.mp3\">https:\/\/www.radiopiu.net\/wordpress\/wp-content\/uploads\/2021\/04\/ezio-zuanel.mp3<\/a><\/audio>\n<p>&nbsp;<\/p>\n<p>&nbsp;<\/p>\n<blockquote>\n<h2>TRA GLI ARTICOLI PIU&#8217; CLICCATI NELLA GIORNATA DI IERI, IL TRENO E LUXOTTICA, DAI NOTIZIARI DI RADIO PIU&#8217;<\/h2>\n<\/blockquote>\n<blockquote class=\"wp-embedded-content\" data-secret=\"Mgh4kSebHg\"><p><a href=\"https:\/\/www.radiopiu.net\/wordpress\/trasporto-su-mono-o-doppia-rotaia-e-offerta-accattivante-per-i-lavoratori-luxottica\/\">TRASPORTO SU MONO O DOPPIA ROTAIA E&#8217; OFFERTA ACCATTIVANTE PER I LAVORATORI LUXOTTICA<\/a><\/p><\/blockquote>\n<p><iframe loading=\"lazy\" class=\"wp-embedded-content\" sandbox=\"allow-scripts\" security=\"restricted\" style=\"position: absolute; clip: rect(1px, 1px, 1px, 1px);\" title=\"&#8220;TRASPORTO SU MONO O DOPPIA ROTAIA E&#8217; OFFERTA ACCATTIVANTE PER I LAVORATORI LUXOTTICA&#8221; &#8212; Radio Pi\u00f9\" src=\"https:\/\/www.radiopiu.net\/wordpress\/trasporto-su-mono-o-doppia-rotaia-e-offerta-accattivante-per-i-lavoratori-luxottica\/embed\/#?secret=Mgh4kSebHg\" data-secret=\"Mgh4kSebHg\" width=\"600\" height=\"338\" frameborder=\"0\" marginwidth=\"0\" marginheight=\"0\" scrolling=\"no\"><\/iframe><\/p>\n<p>&nbsp;<\/p>\n<p>&nbsp;<\/p>\n<hr \/>\n<p>&nbsp;<\/p>\n<p>&nbsp;<\/p>\n<blockquote>\n<h3><img loading=\"lazy\" decoding=\"async\" class=\"alignleft\" src=\"https:\/\/www.radiopiu.net\/wordpress\/wp-content\/uploads\/2018\/08\/ACQUA.jpeg\" width=\"142\" height=\"85\" \/>A CENCENIGHE ACQUA POTABILE<\/h3>\n<\/blockquote>\n<p>Gestione Servizi Pubblici informa che a CENCENIGHE AGORDINO in LOCALITA&#8217; FOCH, FAE&#8217;, VARE BASSE e LUXOTTICA l&#8217;acqua erogata dall&#8217;acquedotto \u00e8 di nuovo potabile e pu\u00f2 essere usata, quindi, per scopi alimentari. Per informazioni \u00e8 possibile contattare il Servizio Clienti al numero 800 306 999 o +39 0445 230521 (da estero).<\/p>\n<h3><a href=\"https:\/\/www.radiopiu.net\/wordpress\/giornale-radiopiu-13-maggio-2021-direttore-mirko-mezzacasa\/343614be-a1f6-4d4a-9b92-950e5b1c1ee9\/\" rel=\"attachment wp-att-209422\"><img loading=\"lazy\" decoding=\"async\" class=\"size-full wp-image-209422 alignleft\" src=\"https:\/\/www.radiopiu.net\/wordpress\/wp-content\/uploads\/2021\/05\/343614be-a1f6-4d4a-9b92-950e5b1c1ee9.jpg\" alt=\"\" width=\"90\" height=\"67\" \/><\/a>NON\u00a0 A\u00a0 BERTOI DI VOLTAGO<\/h3>\n<p>a VOLTAGO AGORDINO in LOCALITA&#8217; BERTOI, l&#8217;acqua erogata dall&#8217;acquedotto non \u00e8 potabile e pu\u00f2 essere usata per scopi alimentari SOLO PREVIA bollitura.<\/p>\n<p>&nbsp;<\/p>\n<p>&nbsp;<\/p>\n<hr \/>\n<p>&nbsp;<\/p>\n<p>&nbsp;<\/p>\n<p>&nbsp;<\/p>\n<p><strong><a href=\"https:\/\/www.radiopiu.net\/wordpress\/giornale-radiopiu-06-maggio-2021-direttore-mirko-mezzacasa\/enel-2\/\" rel=\"attachment wp-att-207692\"><img loading=\"lazy\" decoding=\"async\" class=\"wp-image-207692 alignleft\" src=\"https:\/\/www.radiopiu.net\/wordpress\/wp-content\/uploads\/2021\/05\/enel-300x199.jpg\" alt=\"\" width=\"118\" height=\"78\" srcset=\"https:\/\/www.radiopiu.net\/wordpress\/wp-content\/uploads\/2021\/05\/enel-300x199.jpg 300w, https:\/\/www.radiopiu.net\/wordpress\/wp-content\/uploads\/2021\/05\/enel-1024x681.jpg 1024w, https:\/\/www.radiopiu.net\/wordpress\/wp-content\/uploads\/2021\/05\/enel-768x510.jpg 768w, https:\/\/www.radiopiu.net\/wordpress\/wp-content\/uploads\/2021\/05\/enel-1536x1021.jpg 1536w, https:\/\/www.radiopiu.net\/wordpress\/wp-content\/uploads\/2021\/05\/enel.jpg 1920w\" sizes=\"auto, (max-width: 118px) 100vw, 118px\" \/><\/a>INTERRUZIONI PROGRAMMATE ENEL PER LAVORI SULLE LINEE ELETTRICHE E RECUPERO SCHIANTI<\/strong><br \/>\n<strong>Oggi<\/strong> dalle 7.30 alle 12.00 in via dei Pini ad Alleghe.<\/p>\n<p>&nbsp;<\/p>\n<p>&nbsp;<\/p>\n<p>&nbsp;<\/p>\n<hr \/>\n<p>&nbsp;<\/p>\n<p><strong>DA LUNEDI 347 A SENSO UNICO\u00a0<\/strong><br \/>\n<strong>LA VALLE<\/strong><\/p>\n<p><strong>di GIANNI SANTOMASO<\/strong><\/p>\n<audio class=\"wp-audio-shortcode\" id=\"audio-209196-2\" preload=\"none\" style=\"width: 100%;\" controls=\"controls\"><source type=\"audio\/mpeg\" src=\"https:\/\/www.radiopiu.net\/wordpress\/wp-content\/uploads\/2021\/05\/veneto-strade-senso-unico-347.mp3?_=2\" \/><a href=\"https:\/\/www.radiopiu.net\/wordpress\/wp-content\/uploads\/2021\/05\/veneto-strade-senso-unico-347.mp3\">https:\/\/www.radiopiu.net\/wordpress\/wp-content\/uploads\/2021\/05\/veneto-strade-senso-unico-347.mp3<\/a><\/audio>\n<div>\n<blockquote>\n<h3><\/h3>\n<h3 class=\"page-title-head hgroup\">EX PROVINCIALE TAIBON-AGORDO, STRADA CHIUSA FINO AL 31 MAGGIO<\/h3>\n<\/blockquote>\n<p><strong>TAIBON<\/strong>\u00a0Cantiere aperto tra Taibon, Taier e Brugnach sulla strada di campagna, (ex Sp 34): fino al 31 maggio la strada rester\u00e0 chiusa da\u00a0 via Col di Lana (sabati, domeniche e festivi inclusi).<\/p>\n<p><b>\u00a0<\/b><strong>PROVINCIALE 10 DI ALANO, LOC. LE SORGENTI<\/strong>\u00a0interruzione totale alla viabilit\u00e0 fino al 19 maggio, dalle 8 alle 12 e dalle 13 alle 18, esclusi sabato e domenica<\/p>\n<\/div>\n<p>&nbsp;<\/p>\n<hr \/>\n<p>&nbsp;<\/p>\n<p>&nbsp;<\/p>\n<div class=\"page-title-head hgroup\">\n<blockquote>\n<h3>LAVORI ALL&#8217;ECOCENTRO DI CENCENIGHE. CHIUSO DAL 5 AL 17 MAGGIO<\/h3>\n<\/blockquote>\n<p><strong><a href=\"https:\/\/www.radiopiu.net\/wordpress\/maltempo-possibili-problemi-alla-raccolta-dei-rifiuti-e-chiusura-di-sportelli-ed-ecocentri-al-pomeriggio\/logo-valpe-verticale\/\" rel=\"attachment wp-att-65542\"><img loading=\"lazy\" decoding=\"async\" class=\" wp-image-65542 alignleft\" src=\"https:\/\/www.radiopiu.net\/wordpress\/wp-content\/uploads\/2018\/10\/logo-valpe-verticale-300x298.jpg\" alt=\"\" width=\"141\" height=\"140\" srcset=\"https:\/\/www.radiopiu.net\/wordpress\/wp-content\/uploads\/2018\/10\/logo-valpe-verticale-300x298.jpg 300w, https:\/\/www.radiopiu.net\/wordpress\/wp-content\/uploads\/2018\/10\/logo-valpe-verticale-150x150.jpg 150w, https:\/\/www.radiopiu.net\/wordpress\/wp-content\/uploads\/2018\/10\/logo-valpe-verticale.jpg 370w\" sizes=\"auto, (max-width: 141px) 100vw, 141px\" \/><\/a>CENCENIGHE <\/strong>Nei prossimi giorni inizieranno alcuni interventi di sistemazione presso l\u2019Ecocentro di Cencenighe Agordino. Per consentire la realizzazione dei lavori previsti, la struttura chiuder\u00e0 al pubblico dal 5 al 17 maggio 2021. Durante il periodo di chiusura i cittadini potranno accedere a qualsiasi Ecocentro del territorio dell\u2019Unione Montana Agordina, verificando sedi e orari di apertura sul manuale informativo consegnato o su <a href=\"http:\/\/www.valpeambiente.it\">www.valpeambiente.it<\/a>.<\/p>\n<p>&nbsp;<\/p>\n<p>&nbsp;<\/p>\n<\/div>\n<div class=\"page-title-head hgroup\">\n<hr \/>\n<div class=\"page\" title=\"Page 1\">\n<div class=\"section\">\n<div class=\"layoutArea\">\n<div class=\"column\">\n<p>&nbsp;<\/p>\n<blockquote>\n<h2>L&#8217;ULTIMO SALUTO A MARIA GRAZIA, IL RICORDO DEL SINDACO E DEL PRESIDENTE DELLA CROCE VERDE<\/h2>\n<\/blockquote>\n<p><strong><a href=\"https:\/\/www.radiopiu.net\/wordpress\/fede-e-battaglia-ciao-maria-grazie\/964f90ad-57a4-40f3-b421-961a7a250723\/\" rel=\"attachment wp-att-209240\"><img loading=\"lazy\" decoding=\"async\" class=\" wp-image-209240 alignleft\" src=\"https:\/\/www.radiopiu.net\/wordpress\/wp-content\/uploads\/2021\/05\/964f90ad-57a4-40f3-b421-961a7a250723-300x135.jpg\" alt=\"\" width=\"211\" height=\"95\" srcset=\"https:\/\/www.radiopiu.net\/wordpress\/wp-content\/uploads\/2021\/05\/964f90ad-57a4-40f3-b421-961a7a250723-300x135.jpg 300w, https:\/\/www.radiopiu.net\/wordpress\/wp-content\/uploads\/2021\/05\/964f90ad-57a4-40f3-b421-961a7a250723-1024x461.jpg 1024w, https:\/\/www.radiopiu.net\/wordpress\/wp-content\/uploads\/2021\/05\/964f90ad-57a4-40f3-b421-961a7a250723-768x345.jpg 768w, https:\/\/www.radiopiu.net\/wordpress\/wp-content\/uploads\/2021\/05\/964f90ad-57a4-40f3-b421-961a7a250723-1536x691.jpg 1536w, https:\/\/www.radiopiu.net\/wordpress\/wp-content\/uploads\/2021\/05\/964f90ad-57a4-40f3-b421-961a7a250723.jpg 2048w\" sizes=\"auto, (max-width: 211px) 100vw, 211px\" \/><\/a>CANALE D&#8217;AGORDO\u00a0<\/strong>\u00a0 In\u00a0 Valle del Biois e ben oltre, il pianto per\u00a0 Maria Grazia Scardanzan (in Costenaro) <em>&#8220;Hai combattuto la tua battaglia conservando la fede&#8221;. <\/em>\u00a0I funerali si svolgeranno oggi alle 14.30 nella chiesa di Caviola.<\/p>\n<blockquote><p><strong><em>di Gianni Santomaso\u00a0\u00a0<\/em><\/strong><\/p><\/blockquote>\n<audio class=\"wp-audio-shortcode\" id=\"audio-209196-3\" preload=\"none\" style=\"width: 100%;\" controls=\"controls\"><source type=\"audio\/mpeg\" src=\"https:\/\/www.radiopiu.net\/wordpress\/wp-content\/uploads\/2021\/05\/GIANNI-EPIGRAFE.mp3?_=3\" \/><a href=\"https:\/\/www.radiopiu.net\/wordpress\/wp-content\/uploads\/2021\/05\/GIANNI-EPIGRAFE.mp3\">https:\/\/www.radiopiu.net\/wordpress\/wp-content\/uploads\/2021\/05\/GIANNI-EPIGRAFE.mp3<\/a><\/audio>\n<p>&nbsp;<\/p>\n<p><strong>IL SINDACO DI FALCADE MICHELE COSTA\u00a0\u00a0<\/strong><\/p>\n<audio class=\"wp-audio-shortcode\" id=\"audio-209196-4\" preload=\"none\" style=\"width: 100%;\" controls=\"controls\"><source type=\"audio\/mpeg\" src=\"https:\/\/www.radiopiu.net\/wordpress\/wp-content\/uploads\/2021\/05\/MICHELE.mp3?_=4\" \/><a href=\"https:\/\/www.radiopiu.net\/wordpress\/wp-content\/uploads\/2021\/05\/MICHELE.mp3\">https:\/\/www.radiopiu.net\/wordpress\/wp-content\/uploads\/2021\/05\/MICHELE.mp3<\/a><\/audio>\n<p><strong>\u00a0<\/strong><\/p>\n<p><strong>IL PRESIDENTE DELLA CROCE VERDE STEFANO MURER<\/strong><\/p>\n<audio class=\"wp-audio-shortcode\" id=\"audio-209196-5\" preload=\"none\" style=\"width: 100%;\" controls=\"controls\"><source type=\"audio\/mpeg\" src=\"https:\/\/www.radiopiu.net\/wordpress\/wp-content\/uploads\/2021\/05\/ETAFNO.mp3?_=5\" \/><a href=\"https:\/\/www.radiopiu.net\/wordpress\/wp-content\/uploads\/2021\/05\/ETAFNO.mp3\">https:\/\/www.radiopiu.net\/wordpress\/wp-content\/uploads\/2021\/05\/ETAFNO.mp3<\/a><\/audio>\n<p>&nbsp;<\/p>\n<p><strong>Luigina Pescosta<\/strong><em> &#8220;la croce Verde Val Biois perde un pilastro importante. Ricorder\u00f3 sempre Maria Grazia per la serenit\u00e0 e la voglia di vivere con cui ha affrontato la malattia, aveva una forza e una fede cristiana che l ha accompagnata fino alla fine!! Alla famiglia , ci uniamo con un abbraccio stretto e con un pensiero positivo che Lei ha lasciato in noi&#8221;<\/em><\/p>\n<p>&nbsp;<\/p>\n<hr \/>\n<blockquote>\n<h3><\/h3>\n<h3>IERI IN TARDA MATTINATA &#8211;\u00a0 SUPERATE LE 100 MILA DOSI DI VACCINO ANTI COVID IN ULSS DOLOMITI<\/h3>\n<\/blockquote>\n<p><strong><a href=\"https:\/\/www.radiopiu.net\/wordpress\/vaccinazioni-a-ponte-nelle-alpi-il-6-e-7-aprile-convocate-600-persone-tra-70-e-79-anni\/vaccino_anti_covid\/\" rel=\"attachment wp-att-200891\"><img loading=\"lazy\" decoding=\"async\" class=\"size-medium wp-image-200891 alignleft\" src=\"https:\/\/www.radiopiu.net\/wordpress\/wp-content\/uploads\/2021\/04\/Vaccino_anti_Covid-300x167.jpg\" alt=\"\" width=\"300\" height=\"167\" srcset=\"https:\/\/www.radiopiu.net\/wordpress\/wp-content\/uploads\/2021\/04\/Vaccino_anti_Covid-300x167.jpg 300w, https:\/\/www.radiopiu.net\/wordpress\/wp-content\/uploads\/2021\/04\/Vaccino_anti_Covid-768x428.jpg 768w, https:\/\/www.radiopiu.net\/wordpress\/wp-content\/uploads\/2021\/04\/Vaccino_anti_Covid.jpg 943w\" sizes=\"auto, (max-width: 300px) 100vw, 300px\" \/><\/a>BELLUNO <\/strong>I cicli completi di immunizzazione, a ieri mattina erano 30.610. Il risultato \u00e8 frutto di un lavoro di squadra: al grande impegno dell&#8217;Ulss Dolomiti nelle vaccinazioni in drive in, si aggiunge il capillare lavoro sul territorio\u00a0 dei Medici di Medicina Generale (oltre 12 Mila dosi somministrate) e, da questa settimana, il CVP di Sedico attivato in collaborazione con Luxottica. Fondamentale il supporto delle amministrazioni comunali, della Protezione Civile Veneto e del Volontariato per l\u2019organizzazione delle sedute vaccinali e delle farmacie e dei Carabinieri per la prenotazione. Continuiamo insieme, il pi\u00f9 velocemente possibile, la campagna vaccinale per mettere al pi\u00f9 presto in sicurezza il territorio.<\/p>\n<p>&nbsp;<\/p>\n<hr \/>\n<p>&nbsp;<\/p>\n<blockquote>\n<h2>L&#8217;ANDAMENTO DELL&#8217;EPIDEMIA NEI NUMERI E NEI GRAFICI DAL FEBBRAIO 2020 AD OGGI. UN ANNO E PIU&#8217; DI GRAFICI DALL&#8217;AGGIORNAMENTO QUOTIDIANO DEL GIORNALE RADIO PIU&#8217;<\/h2>\n<\/blockquote>\n<p><strong>di TIZIANO DE COL\u00a0<\/strong><\/p>\n\n\t\t\t<style type='text\/css'>\n\t\t\t\t#gallery-1 {\n\t\t\t\t\tmargin: auto;\n\t\t\t\t}\n\t\t\t\t#gallery-1 .gallery-item {\n\t\t\t\t\tfloat: left;\n\t\t\t\t\tmargin-top: 10px;\n\t\t\t\t\ttext-align: center;\n\t\t\t\t\twidth: 50%;\n\t\t\t\t}\n\t\t\t\t#gallery-1 img {\n\t\t\t\t\tborder: 2px solid #cfcfcf;\n\t\t\t\t}\n\t\t\t\t#gallery-1 .gallery-caption {\n\t\t\t\t\tmargin-left: 0;\n\t\t\t\t}\n\t\t\t\t\/* see gallery_shortcode() in wp-includes\/media.php *\/\n\t\t\t<\/style>\n\t\t<div id='gallery-1' class='dt-gallery-container gallery galleryid-209196 gallery-columns-2 gallery-size-full'><dl class='gallery-item'>\n\t\t\t\t<dt class='gallery-icon landscape'>\n\t\t\t\t\t<a class=\"rollover rollover-zoom dt-pswp-item\" title=\"05fbeaa9-f9a1-4754-af4b-5d2c36a618b1\" data-dt-img-description=\"\" data-large_image_width=\"1024\" data-large_image_height=\"373\"href='https:\/\/www.radiopiu.net\/wordpress\/wp-content\/uploads\/2021\/05\/05fbeaa9-f9a1-4754-af4b-5d2c36a618b1.jpg'><img loading=\"lazy\" decoding=\"async\" width=\"1024\" height=\"373\" src=\"https:\/\/www.radiopiu.net\/wordpress\/wp-content\/uploads\/2021\/05\/05fbeaa9-f9a1-4754-af4b-5d2c36a618b1.jpg\" class=\"attachment-full size-full\" alt=\"\" srcset=\"https:\/\/www.radiopiu.net\/wordpress\/wp-content\/uploads\/2021\/05\/05fbeaa9-f9a1-4754-af4b-5d2c36a618b1.jpg 1024w, https:\/\/www.radiopiu.net\/wordpress\/wp-content\/uploads\/2021\/05\/05fbeaa9-f9a1-4754-af4b-5d2c36a618b1-300x109.jpg 300w, https:\/\/www.radiopiu.net\/wordpress\/wp-content\/uploads\/2021\/05\/05fbeaa9-f9a1-4754-af4b-5d2c36a618b1-768x280.jpg 768w\" sizes=\"auto, (max-width: 1024px) 100vw, 1024px\" \/><\/a>\n\t\t\t\t<\/dt><\/dl><dl class='gallery-item'>\n\t\t\t\t<dt class='gallery-icon landscape'>\n\t\t\t\t\t<a class=\"rollover rollover-zoom dt-pswp-item\" title=\"21c84a75-d63e-4c64-8afb-088155dc47b4\" data-dt-img-description=\"\" data-large_image_width=\"604\" data-large_image_height=\"357\"href='https:\/\/www.radiopiu.net\/wordpress\/wp-content\/uploads\/2021\/05\/21c84a75-d63e-4c64-8afb-088155dc47b4-1.jpg'><img loading=\"lazy\" decoding=\"async\" width=\"604\" height=\"357\" src=\"https:\/\/www.radiopiu.net\/wordpress\/wp-content\/uploads\/2021\/05\/21c84a75-d63e-4c64-8afb-088155dc47b4-1.jpg\" class=\"attachment-full size-full\" alt=\"\" srcset=\"https:\/\/www.radiopiu.net\/wordpress\/wp-content\/uploads\/2021\/05\/21c84a75-d63e-4c64-8afb-088155dc47b4-1.jpg 604w, https:\/\/www.radiopiu.net\/wordpress\/wp-content\/uploads\/2021\/05\/21c84a75-d63e-4c64-8afb-088155dc47b4-1-300x177.jpg 300w\" sizes=\"auto, (max-width: 604px) 100vw, 604px\" \/><\/a>\n\t\t\t\t<\/dt><\/dl><br style=\"clear: both\" \/>\n\t\t\t<\/div>\n\n<p>&nbsp;<\/p>\n<p>&nbsp;<\/p>\n<hr \/>\n<blockquote>\n<h3><\/h3>\n<h3>DUE DECESSI PER COVID NEGLI OSPEDALI BELLUNESI, NESSUN PAZIENTE COVID IN TERAPIA INTENSIVA<\/h3>\n<\/blockquote>\n<p><strong>BELLUNO\u00a0<\/strong> Nelle ultime 24 ore sono deceduti due pazienti covid positivi: un uomo di anni 78 ricoverato in Rianimazione a Belluno e un uomo di 75 anni ricoverato in Pneumologia a Feltre.<\/p>\n<p>Le persone attualmente POSITIVE ricoverate negli ospedali dell\u2019Ulss Dolomiti sono<\/p>\n<table>\n<tbody>\n<tr>\n<td width=\"217\"><strong>\u00a0<\/strong><\/td>\n<td width=\"217\"><strong>Area NON CRITICA<\/strong><\/td>\n<td width=\"217\"><strong>Terapia Intensiva<\/strong><\/td>\n<\/tr>\n<tr>\n<td width=\"217\"><strong>Ospedale di Belluno <\/strong><\/td>\n<td width=\"217\">11<\/td>\n<td width=\"217\">0<\/td>\n<\/tr>\n<tr>\n<td width=\"217\"><strong>Ospedale di Feltre<\/strong><\/td>\n<td width=\"217\">10<\/td>\n<td width=\"217\">0<\/td>\n<\/tr>\n<\/tbody>\n<\/table>\n<p>Le persone attualmente POSITIVE ricoverate in Ospedale di Comunit\u00e0 sono:<\/p>\n<table>\n<tbody>\n<tr>\n<td width=\"326\"><strong>\u00a0<\/strong><\/td>\n<td width=\"326\"><strong>pazienti attualmente positivi<\/strong><\/td>\n<\/tr>\n<tr>\n<td width=\"326\"><strong>Ospedale di Comunit\u00e0 di FELTRE<\/strong><\/td>\n<td width=\"326\">6<\/td>\n<\/tr>\n<\/tbody>\n<\/table>\n<p><em>\u00a0<\/em><\/p>\n<p><strong>AGGIORNAMENTO ORGANIZZATIVO <\/strong>In occasione della festa dei santi patroni di Feltre Vittore e Corona,\u00a0 domani il punto tamponi di Anz\u00f9 rimarr\u00e0 chiuso, mentre saranno regolarmente operativi gli altri punti tampone: Paludi (8.20-12.30) e Agordo (16.00 \u2013 17.00).<\/p>\n<p><strong>AGGIORNAMENTO ORGANIZZATIVO <\/strong><strong>Ospedale San Martino\u00a0<\/strong>Al momento non ci sono pazienti covid positivi in Terapia Intensiva in Ulss Dolomiti. Rimangono comunque disponibili, in caso di necessit\u00e0, posti letto di terapia intensiva per pazienti covid positivi,\u00a0 \u00e8 stata disattivata la Geriatria Covid all\u2019ospedale di Belluno. Rimane attiva un\u2019area per pazienti covid positivi assistiti da Pneumologia e Malattie Infettive.<\/p>\n<p><strong>\u00a0<\/strong><strong>AGGIORNAMENTO CAMPAGNA VACCINALE <\/strong>Sono state superate le 100 mila dosi di vaccino anti covid somministrate in Ulss Dolomiti.Il risultato \u00e8 frutto di un lavoro di squadra: al grande impegno dell&#8217;Ulss Dolomiti nelle vaccinazioni in drive in, si aggiunge il capillare lavoro sul territorio\u00a0 dei Medici di Medicina Generale (oltre 12 Mila dosi somministrate) e, da questa settimana, il CVP di Sedico attivato in collaborazione con Luxottica. \u00a0Fondamentale il supporto delle Amministrazioni comunali, della Protezione Civile Veneto e del Volontariato per l\u2019organizzazione delle sedute vaccinali e delle Farmacie e dei Carabinieri per la prenotazione.<\/p>\n<p>&nbsp;<\/p>\n<hr \/>\n<blockquote>\n<h3><\/h3>\n<h3>LA MANIFESTAZIONE DEI LAVORATORI ACC A VENEZIA, NUOVE SPERANZE PER L&#8217;ACC MENTRE S&#8217;APRE UN TAVOLO\u00a0 TRA REGIONE, MISE E BANCHE<\/h3>\n<\/blockquote>\n<p><strong>VENEZIA <\/strong>Si sono presentati in massa i lavoratori della ACC di Mel per la manifestazione in programma di ieri a Venezia<\/p>\n<p><strong>IL VIDEO<\/strong><\/p>\n<div style=\"width: 720px;\" class=\"wp-video\"><video class=\"wp-video-shortcode\" id=\"video-209196-1\" width=\"720\" height=\"480\" preload=\"metadata\" controls=\"controls\"><source type=\"video\/mp4\" src=\"https:\/\/www.radiopiu.net\/wordpress\/wp-content\/uploads\/2021\/05\/MANIFESTAZIONE-ACC-VENEZIA-OK.mp4?_=1\" \/><a href=\"https:\/\/www.radiopiu.net\/wordpress\/wp-content\/uploads\/2021\/05\/MANIFESTAZIONE-ACC-VENEZIA-OK.mp4\">https:\/\/www.radiopiu.net\/wordpress\/wp-content\/uploads\/2021\/05\/MANIFESTAZIONE-ACC-VENEZIA-OK.mp4<\/a><\/video><\/div>\n<h2>DOPO L&#8217;INCONTRO CON IL PRESIDENTE LUCA ZAIA<\/h2>\n<div style=\"width: 640px;\" class=\"wp-video\"><video class=\"wp-video-shortcode\" id=\"video-209196-2\" width=\"640\" height=\"352\" preload=\"metadata\" controls=\"controls\"><source type=\"video\/mp4\" src=\"https:\/\/www.radiopiu.net\/wordpress\/wp-content\/uploads\/2021\/05\/WhatsApp-Video-2021-05-12-at-14.25.12-1.mp4?_=2\" \/><a href=\"https:\/\/www.radiopiu.net\/wordpress\/wp-content\/uploads\/2021\/05\/WhatsApp-Video-2021-05-12-at-14.25.12-1.mp4\">https:\/\/www.radiopiu.net\/wordpress\/wp-content\/uploads\/2021\/05\/WhatsApp-Video-2021-05-12-at-14.25.12-1.mp4<\/a><\/video><\/div>\n<h2><\/h2>\n<hr \/>\n<p>&nbsp;<\/p>\n<blockquote>\n<h2>IL SASSO SULLE PALE DI SAN LUCANO: NESSUN PERICOLO IMMINENTE, RIAPRE IL CANTIERE<\/h2>\n<h2><img loading=\"lazy\" decoding=\"async\" class=\"aligncenter\" src=\"https:\/\/www.radiopiu.net\/wordpress\/wp-content\/uploads\/2021\/05\/DSC_0540-scaled.jpg\" width=\"348\" height=\"522\" \/><\/h2>\n<\/blockquote>\n<p><strong>TAIBON<\/strong> Nessun pericolo imminente, dopo il sopralluogo dei tecnici della Provincia.<br \/>\n<strong>(foto Fulvio Collazuol)<\/strong><\/p>\n<p><strong>di Gianni Santomaso\u00a0<\/strong><\/p>\n<audio class=\"wp-audio-shortcode\" id=\"audio-209196-6\" preload=\"none\" style=\"width: 100%;\" controls=\"controls\"><source type=\"audio\/mpeg\" src=\"https:\/\/www.radiopiu.net\/wordpress\/wp-content\/uploads\/2021\/05\/SASSO-PALE.mp3?_=6\" \/><a href=\"https:\/\/www.radiopiu.net\/wordpress\/wp-content\/uploads\/2021\/05\/SASSO-PALE.mp3\">https:\/\/www.radiopiu.net\/wordpress\/wp-content\/uploads\/2021\/05\/SASSO-PALE.mp3<\/a><\/audio>\n<p><span style=\"color: #ff0000;\"><strong>\u00a0\u00a0<\/strong><\/span><\/p>\n<hr \/>\n<h2><\/h2>\n<h2>SASSI A VIGNUI<\/h2>\n<p><strong>FELTRE<\/strong> Due sassi di notevoli dimensioni sono caduti ieri mattina lungo la strada che conduce alla frazione di Vignui.\u00a0 I due sassi\u00a0 sono precipitati dal versante che costeggia la carreggiata e finiti nelle due corsie di marcia in luoghi distanti circa duecento metri l&#8217;uno dall&#8217;altro. A rimuoverli la squadra manutenzioni del Comune,\u00a0 i residenti fanno notare come la strada sia percorso da auto, da ciclisti e anche da semplici escursionisti.<\/p>\n<p>&nbsp;<\/p>\n<p>&nbsp;<\/p>\n<hr \/>\n<p>&nbsp;<\/p>\n<h2>AD ANZU&#8217; IL TIR PERDE IL CARICO<\/h2>\n<p><strong>FELTRE\u00a0<\/strong> Rumore di vetri infranti nel tardo pomeriggio di ieri alla rotatoria di Anz\u00f9.\u00a0 Un mezzo pesante di una ditta di Benevento partito da Rimini e condotto da un camionista rumeno era carico di vetrate che si sono frantumate sull&#8217;asfalto. Sul posto pompieri e polizia stradale.<\/p>\n<p>&nbsp;<\/p>\n<p>&nbsp;<\/p>\n<hr \/>\n<p>&nbsp;<\/p>\n<blockquote>\n<h3>CARTELLI STRADALI PER LA SICUREZZA DEI CICLISTI INSTALLATI DAI COMUNI<\/h3>\n<\/blockquote>\n<p><strong><img loading=\"lazy\" decoding=\"async\" class=\"alignleft\" src=\"https:\/\/www.radiopiu.net\/wordpress\/wp-content\/uploads\/2021\/05\/PHOTO-2021-05-11-14-14-34.jpg\" width=\"224\" height=\"165\" \/>BELLUNO<\/strong> La Provincia di Belluno proporr\u00e0 alle amministrazioni locali l\u2019installazione di cartelli stradali per la sicurezza dei ciclisti. Un\u2019idea gi\u00e0 lanciata a livello nazionale dall\u2019associazione \u201cIo rispetto il ciclista\u201d e <a href=\"https:\/\/www.radiopiu.net\/wordpress\/cartelli-stradali-per-la-sicurezza-dei-ciclisti-a-carico-dei-comuni\/img_9665\/\" rel=\"attachment wp-att-209333\"><img loading=\"lazy\" decoding=\"async\" class=\"size-medium wp-image-209333 alignright\" src=\"https:\/\/www.radiopiu.net\/wordpress\/wp-content\/uploads\/2021\/05\/IMG_9665-300x225.jpg\" alt=\"\" width=\"300\" height=\"225\" srcset=\"https:\/\/www.radiopiu.net\/wordpress\/wp-content\/uploads\/2021\/05\/IMG_9665-300x225.jpg 300w, https:\/\/www.radiopiu.net\/wordpress\/wp-content\/uploads\/2021\/05\/IMG_9665-1024x768.jpg 1024w, https:\/\/www.radiopiu.net\/wordpress\/wp-content\/uploads\/2021\/05\/IMG_9665-768x576.jpg 768w, https:\/\/www.radiopiu.net\/wordpress\/wp-content\/uploads\/2021\/05\/IMG_9665-1536x1152.jpg 1536w, https:\/\/www.radiopiu.net\/wordpress\/wp-content\/uploads\/2021\/05\/IMG_9665.jpg 2016w\" sizes=\"auto, (max-width: 300px) 100vw, 300px\" \/><\/a>consegnata a Palazzo Piloni dalle associazioni sportive dilettantistiche Limana e Longarone. Si tratta di posizionare agli ingressi di ogni Comune,\u00a0 sulle strade frequentate da cicloamatori cartelli che indicano la possibile presenza di ciclisti, un invito a rallentare e prestare attenzione alle distanze. <em>&#8220;Potremmo essere la prima provincia d\u2019Italia a utilizzare in tutti i Comuni questo tipo di cartellonistica, con tanto di logo dell\u2019ente Provincia. Una questione di sicurezza stradale&#8221;<\/em> spiega il consigliere provinciale delegato alle infrastrutture, Fabio Luchetta che rilancia sulla promozione turistica in un territorio in cui il cicloturismo pu\u00f2 avere un grande sviluppo. Un fac-simile dei cartelli proposti lo hanno consegnato Paola Dal Mas, segretaria dell\u2019Asd Unione ciclistica Limana (sodalizio presieduto da Ernesto Reolon), e Mario Zandomenego per il gruppo longaronese. <em>&#8220;Interpelleremo la Federazione ciclistica e proveremo a lanciare l\u2019idea con un passaggio al Giro d\u2019Italia, che richiamer\u00e0 l\u2019attenzione sul nostro territorio il 24 maggio&#8221;\u00a0<\/em>conclude il presidente Padrin.<\/p>\n<p>&nbsp;<\/p>\n<p>&nbsp;<\/p>\n<hr \/>\n<p>&nbsp;<\/p>\n<p>&nbsp;<\/p>\n<blockquote>\n<h3>ENTRO L&#8217;AUTUNNO UN MARCHIO PER LE DOLOMITI BELLUNESI<\/h3>\n<\/blockquote>\n<p><strong>BELLUNO<\/strong><\/p>\n<p><strong>di Moreno Gioli\u00a0<\/strong><\/p>\n<audio class=\"wp-audio-shortcode\" id=\"audio-209196-7\" preload=\"none\" style=\"width: 100%;\" controls=\"controls\"><source type=\"audio\/mpeg\" src=\"https:\/\/www.radiopiu.net\/wordpress\/wp-content\/uploads\/2021\/05\/GIOLI.mp3?_=7\" \/><a href=\"https:\/\/www.radiopiu.net\/wordpress\/wp-content\/uploads\/2021\/05\/GIOLI.mp3\">https:\/\/www.radiopiu.net\/wordpress\/wp-content\/uploads\/2021\/05\/GIOLI.mp3<\/a><\/audio>\n<p>&nbsp;<\/p>\n<p>&nbsp;<\/p>\n<p><strong><a href=\"https:\/\/www.radiopiu.net\/wordpress\/209391-2\/9363e080-7f63-4699-ade4-423183ff0bee\/\" rel=\"attachment wp-att-209396\"><img loading=\"lazy\" decoding=\"async\" class=\"wp-image-209396 alignleft\" src=\"https:\/\/www.radiopiu.net\/wordpress\/wp-content\/uploads\/2021\/05\/9363e080-7f63-4699-ade4-423183ff0bee-300x225.jpg\" alt=\"\" width=\"167\" height=\"125\" srcset=\"https:\/\/www.radiopiu.net\/wordpress\/wp-content\/uploads\/2021\/05\/9363e080-7f63-4699-ade4-423183ff0bee-300x225.jpg 300w, https:\/\/www.radiopiu.net\/wordpress\/wp-content\/uploads\/2021\/05\/9363e080-7f63-4699-ade4-423183ff0bee-1024x768.jpg 1024w, https:\/\/www.radiopiu.net\/wordpress\/wp-content\/uploads\/2021\/05\/9363e080-7f63-4699-ade4-423183ff0bee-768x576.jpg 768w, https:\/\/www.radiopiu.net\/wordpress\/wp-content\/uploads\/2021\/05\/9363e080-7f63-4699-ade4-423183ff0bee-1536x1152.jpg 1536w, https:\/\/www.radiopiu.net\/wordpress\/wp-content\/uploads\/2021\/05\/9363e080-7f63-4699-ade4-423183ff0bee.jpg 2048w\" sizes=\"auto, (max-width: 167px) 100vw, 167px\" \/><\/a><\/strong><\/p>\n<p>&nbsp;<\/p>\n<p>&nbsp;<\/p>\n<p><strong>IL CONSIGLIERE PROVINCIALE E SINDACO DI ALLEGHE DANILO DE TONI<\/strong><\/p>\n<audio class=\"wp-audio-shortcode\" id=\"audio-209196-8\" preload=\"none\" style=\"width: 100%;\" controls=\"controls\"><source type=\"audio\/mpeg\" src=\"https:\/\/www.radiopiu.net\/wordpress\/wp-content\/uploads\/2021\/05\/danilo-de-toni.mp3?_=8\" \/><a href=\"https:\/\/www.radiopiu.net\/wordpress\/wp-content\/uploads\/2021\/05\/danilo-de-toni.mp3\">https:\/\/www.radiopiu.net\/wordpress\/wp-content\/uploads\/2021\/05\/danilo-de-toni.mp3<\/a><\/audio>\n<p>&nbsp;<\/p>\n<p>&nbsp;<\/p>\n<p><strong><a href=\"https:\/\/www.radiopiu.net\/wordpress\/209391-2\/baa527e7-02a2-4c5d-83ee-442ae30edc05\/\" rel=\"attachment wp-att-209397\"><img loading=\"lazy\" decoding=\"async\" class=\"wp-image-209397 alignleft\" src=\"https:\/\/www.radiopiu.net\/wordpress\/wp-content\/uploads\/2021\/05\/baa527e7-02a2-4c5d-83ee-442ae30edc05-300x225.jpg\" alt=\"\" width=\"167\" height=\"125\" srcset=\"https:\/\/www.radiopiu.net\/wordpress\/wp-content\/uploads\/2021\/05\/baa527e7-02a2-4c5d-83ee-442ae30edc05-300x225.jpg 300w, https:\/\/www.radiopiu.net\/wordpress\/wp-content\/uploads\/2021\/05\/baa527e7-02a2-4c5d-83ee-442ae30edc05-1024x768.jpg 1024w, https:\/\/www.radiopiu.net\/wordpress\/wp-content\/uploads\/2021\/05\/baa527e7-02a2-4c5d-83ee-442ae30edc05-768x576.jpg 768w, https:\/\/www.radiopiu.net\/wordpress\/wp-content\/uploads\/2021\/05\/baa527e7-02a2-4c5d-83ee-442ae30edc05-1536x1152.jpg 1536w, https:\/\/www.radiopiu.net\/wordpress\/wp-content\/uploads\/2021\/05\/baa527e7-02a2-4c5d-83ee-442ae30edc05.jpg 2048w\" sizes=\"auto, (max-width: 167px) 100vw, 167px\" \/><\/a><\/strong><\/p>\n<p>&nbsp;<\/p>\n<p>&nbsp;<\/p>\n<p><strong>ROBERTO LOCATELLI<\/strong><\/p>\n<audio class=\"wp-audio-shortcode\" id=\"audio-209196-9\" preload=\"none\" style=\"width: 100%;\" controls=\"controls\"><source type=\"audio\/mpeg\" src=\"https:\/\/www.radiopiu.net\/wordpress\/wp-content\/uploads\/2021\/05\/roberto-locatelli.mp3?_=9\" \/><a href=\"https:\/\/www.radiopiu.net\/wordpress\/wp-content\/uploads\/2021\/05\/roberto-locatelli.mp3\">https:\/\/www.radiopiu.net\/wordpress\/wp-content\/uploads\/2021\/05\/roberto-locatelli.mp3<\/a><\/audio>\n<p>&nbsp;<\/p>\n<p>&nbsp;<\/p>\n<hr \/>\n<blockquote>\n<h3><\/h3>\n<h3>BOND PORTA ALLA CAMERA IL TRENO DELLE DOLOMITI CHIEDENDO ALLA COMMISSIONE DI PRENDERE IN CONSIDERAZIONE IL PROGETTO<\/h3>\n<\/blockquote>\n<p><strong>ROMA <\/strong>Discussione alla Camera dei Deputati ieri mattina con Dario Bond che prende parola per portare a conoscenza del progetto del Treno delle Dolomiti, un progetto importante per turismo ma anche per i lavoratori.<\/p>\n<p><strong>IL VIDEO DALLA CAMERA DEI DEPUTATI<\/strong><\/p>\n<div style=\"width: 720px;\" class=\"wp-video\"><video class=\"wp-video-shortcode\" id=\"video-209196-3\" width=\"720\" height=\"576\" preload=\"metadata\" controls=\"controls\"><source type=\"video\/mp4\" src=\"https:\/\/www.radiopiu.net\/wordpress\/wp-content\/uploads\/2021\/05\/798a5ffb-6a69-4d43-b4ab-2462bcf033a1.mp4?_=3\" \/><a href=\"https:\/\/www.radiopiu.net\/wordpress\/wp-content\/uploads\/2021\/05\/798a5ffb-6a69-4d43-b4ab-2462bcf033a1.mp4\">https:\/\/www.radiopiu.net\/wordpress\/wp-content\/uploads\/2021\/05\/798a5ffb-6a69-4d43-b4ab-2462bcf033a1.mp4<\/a><\/video><\/div>\n<p>&nbsp;<\/p>\n<hr \/>\n<p>&nbsp;<\/p>\n<p>&nbsp;<\/p>\n<blockquote>\n<h3>UILTEC LUXOTTICA: CON IL NUOVO ORARIO CI SARANNO PROBLEMI DI PARCHEGGIO<\/h3>\n<\/blockquote>\n<p><strong><a href=\"https:\/\/www.radiopiu.net\/wordpress\/luxottica-agordo-il-calendario-ferie-di-natale\/maglia-luxottica\/\" rel=\"attachment wp-att-103580\"><img loading=\"lazy\" decoding=\"async\" class=\"size-medium wp-image-103580 alignleft\" src=\"https:\/\/www.radiopiu.net\/wordpress\/wp-content\/uploads\/2019\/10\/MAGLIA-LUXOTTICA-300x300.jpeg\" alt=\"\" width=\"300\" height=\"300\" srcset=\"https:\/\/www.radiopiu.net\/wordpress\/wp-content\/uploads\/2019\/10\/MAGLIA-LUXOTTICA-300x300.jpeg 300w, https:\/\/www.radiopiu.net\/wordpress\/wp-content\/uploads\/2019\/10\/MAGLIA-LUXOTTICA-150x150.jpeg 150w, https:\/\/www.radiopiu.net\/wordpress\/wp-content\/uploads\/2019\/10\/MAGLIA-LUXOTTICA-768x768.jpeg 768w, https:\/\/www.radiopiu.net\/wordpress\/wp-content\/uploads\/2019\/10\/MAGLIA-LUXOTTICA.jpeg 1024w\" sizes=\"auto, (max-width: 300px) 100vw, 300px\" \/><\/a>AGORDO<\/strong> Con il primo passo alla normalit\u00e0 arrivano anche le prime previsioni di disagio per le maestranze Luxottica. A partire da luned\u00ec prossimo le maestranze a turno ritorneranno all\u2019orario pre covid (6-14, 14-22 e 22-6) e per la UILTEC dello stabilimento di Agordo i problemi di parcheggio non mancheranno sul cambio turno delle 14. Negli ultimi mesi sono iniziati i lavori di arginatura del Cordevole e quindi gli operai dovranno evitare i parcheggi selvaggi. Altro problema sar\u00e0 quello che in auto non ci potranno essere pi\u00f9 di 3 persone non conviventi quindi le automobili da parcheggiare aumenteranno. \u201c<em>Purtroppo con la fine del distanziamento torner\u00e0 d&#8217;attualit\u00e0 il problema dei parcheggi in Valcozzena \u2013 dice Emilio Bez della UILTEC &#8211; visto che la mezz&#8217;ora di intervallo tra i turni mattina pomeriggio permetteva di liberare nel frattempo centinaia di posti auto. Il probabile ripristino della navetta dai parcheggi di Agordo per il turno pomeriggio potr\u00e0 dare una mano ma non \u00e8 certo risolutivo. Da tenere conto che prima della pandemia era normale vedere anche 4-5 colleghi condividere la stessa auto per recarsi al lavoro mentre ora si ha la limitazione normativa a tre persone non conviventi senza contare che una quota di colleghi ha preferito rinunciare temporaneamente alla condivisione dell&#8217;auto per maggior tutela propria. In zona Valcozzena i posti auto regolari sono rimasti grosso modo invariati negli ultimi anni ma, tra nuove costruzioni, lavori sull&#8217;argine e altro, si sono sensibilmente ridotte quelle aree dove in qualche modo si riusciva a piazzare l&#8217;auto. Il problema \u00e8 stato comunque fatto presente all&#8217;azienda \u2013 conclude Bez \u2013 \u00a0e sicuramente la commissione trasporti RSU terr\u00e0 alta l&#8217;attenzione su questo<\/em>\u201d<\/p>\n<p>&nbsp;<\/p>\n<p>&nbsp;<\/p>\n<hr \/>\n<p>&nbsp;<\/p>\n<p>&nbsp;<\/p>\n<blockquote class=\"wp-embedded-content\" data-secret=\"0SQUG4xRGo\"><p><a href=\"https:\/\/www.radiopiu.net\/wordpress\/aggmag12\/\">CORONAVIRUS: AGGIORNAMENTO NAZIONALE 12 MAGGIO  2021<\/a><\/p><\/blockquote>\n<p><iframe loading=\"lazy\" class=\"wp-embedded-content\" sandbox=\"allow-scripts\" security=\"restricted\" style=\"position: absolute; clip: rect(1px, 1px, 1px, 1px);\" title=\"&#8220;CORONAVIRUS: AGGIORNAMENTO NAZIONALE 12 MAGGIO  2021&#8221; &#8212; Radio Pi\u00f9\" src=\"https:\/\/www.radiopiu.net\/wordpress\/aggmag12\/embed\/#?secret=0SQUG4xRGo\" data-secret=\"0SQUG4xRGo\" width=\"600\" height=\"338\" frameborder=\"0\" marginwidth=\"0\" marginheight=\"0\" scrolling=\"no\"><\/iframe><\/p>\n<p>&nbsp;<\/p>\n<p>&nbsp;<\/p>\n<p>&nbsp;<\/p>\n<p><strong>I GRAFICI DI TIZIANO DE COL<\/strong><\/p>\n<p>&nbsp;<\/p>\n\n\t\t\t<style type='text\/css'>\n\t\t\t\t#gallery-2 {\n\t\t\t\t\tmargin: auto;\n\t\t\t\t}\n\t\t\t\t#gallery-2 .gallery-item {\n\t\t\t\t\tfloat: left;\n\t\t\t\t\tmargin-top: 10px;\n\t\t\t\t\ttext-align: center;\n\t\t\t\t\twidth: 20%;\n\t\t\t\t}\n\t\t\t\t#gallery-2 img {\n\t\t\t\t\tborder: 2px solid #cfcfcf;\n\t\t\t\t}\n\t\t\t\t#gallery-2 .gallery-caption {\n\t\t\t\t\tmargin-left: 0;\n\t\t\t\t}\n\t\t\t\t\/* see gallery_shortcode() in wp-includes\/media.php *\/\n\t\t\t<\/style>\n\t\t<div id='gallery-2' class='dt-gallery-container gallery galleryid-209196 gallery-columns-5 gallery-size-thumbnail'><dl class='gallery-item'>\n\t\t\t\t<dt class='gallery-icon landscape'>\n\t\t\t\t\t<a class=\"rollover rollover-zoom dt-pswp-item\" title=\"c581552b-9cd7-4eef-94c2-290b631bb62d\" data-dt-img-description=\"\" data-large_image_width=\"600\" data-large_image_height=\"355\"href='https:\/\/www.radiopiu.net\/wordpress\/wp-content\/uploads\/2021\/05\/c581552b-9cd7-4eef-94c2-290b631bb62d.jpg'><img loading=\"lazy\" decoding=\"async\" width=\"150\" height=\"150\" src=\"https:\/\/www.radiopiu.net\/wordpress\/wp-content\/uploads\/2021\/05\/c581552b-9cd7-4eef-94c2-290b631bb62d-150x150.jpg\" class=\"attachment-thumbnail size-thumbnail\" alt=\"\" \/><\/a>\n\t\t\t\t<\/dt><\/dl><dl class='gallery-item'>\n\t\t\t\t<dt class='gallery-icon landscape'>\n\t\t\t\t\t<a class=\"rollover rollover-zoom dt-pswp-item\" title=\"4ceb53eb-2947-4e99-8c6b-be1929718761\" data-dt-img-description=\"\" data-large_image_width=\"610\" data-large_image_height=\"375\"href='https:\/\/www.radiopiu.net\/wordpress\/wp-content\/uploads\/2021\/05\/4ceb53eb-2947-4e99-8c6b-be1929718761.jpg'><img loading=\"lazy\" decoding=\"async\" width=\"150\" height=\"150\" src=\"https:\/\/www.radiopiu.net\/wordpress\/wp-content\/uploads\/2021\/05\/4ceb53eb-2947-4e99-8c6b-be1929718761-150x150.jpg\" class=\"attachment-thumbnail size-thumbnail\" alt=\"\" \/><\/a>\n\t\t\t\t<\/dt><\/dl><dl class='gallery-item'>\n\t\t\t\t<dt class='gallery-icon landscape'>\n\t\t\t\t\t<a class=\"rollover rollover-zoom dt-pswp-item\" title=\"21c84a75-d63e-4c64-8afb-088155dc47b4\" data-dt-img-description=\"\" data-large_image_width=\"604\" data-large_image_height=\"357\"href='https:\/\/www.radiopiu.net\/wordpress\/wp-content\/uploads\/2021\/05\/21c84a75-d63e-4c64-8afb-088155dc47b4.jpg'><img loading=\"lazy\" decoding=\"async\" width=\"150\" height=\"150\" src=\"https:\/\/www.radiopiu.net\/wordpress\/wp-content\/uploads\/2021\/05\/21c84a75-d63e-4c64-8afb-088155dc47b4-150x150.jpg\" class=\"attachment-thumbnail size-thumbnail\" alt=\"\" \/><\/a>\n\t\t\t\t<\/dt><\/dl><dl class='gallery-item'>\n\t\t\t\t<dt class='gallery-icon landscape'>\n\t\t\t\t\t<a class=\"rollover rollover-zoom dt-pswp-item\" title=\"6c598b0c-d15f-4a9b-84a5-73dd3fe6a4bf\" data-dt-img-description=\"\" data-large_image_width=\"612\" data-large_image_height=\"354\"href='https:\/\/www.radiopiu.net\/wordpress\/wp-content\/uploads\/2021\/05\/6c598b0c-d15f-4a9b-84a5-73dd3fe6a4bf.jpg'><img loading=\"lazy\" decoding=\"async\" width=\"150\" height=\"150\" src=\"https:\/\/www.radiopiu.net\/wordpress\/wp-content\/uploads\/2021\/05\/6c598b0c-d15f-4a9b-84a5-73dd3fe6a4bf-150x150.jpg\" class=\"attachment-thumbnail size-thumbnail\" alt=\"\" \/><\/a>\n\t\t\t\t<\/dt><\/dl><dl class='gallery-item'>\n\t\t\t\t<dt class='gallery-icon landscape'>\n\t\t\t\t\t<a class=\"rollover rollover-zoom dt-pswp-item\" title=\"bcbe77bc-2b56-4203-bbec-abe81e81ff96\" data-dt-img-description=\"\" data-large_image_width=\"608\" data-large_image_height=\"355\"href='https:\/\/www.radiopiu.net\/wordpress\/wp-content\/uploads\/2021\/05\/bcbe77bc-2b56-4203-bbec-abe81e81ff96.jpg'><img loading=\"lazy\" decoding=\"async\" width=\"150\" height=\"150\" src=\"https:\/\/www.radiopiu.net\/wordpress\/wp-content\/uploads\/2021\/05\/bcbe77bc-2b56-4203-bbec-abe81e81ff96-150x150.jpg\" class=\"attachment-thumbnail size-thumbnail\" alt=\"\" \/><\/a>\n\t\t\t\t<\/dt><\/dl><br style=\"clear: both\" \/>\n\t\t\t<\/div>\n\n<hr \/>\n<p>&nbsp;<\/p>\n<blockquote>\n<h2><\/h2>\n<h2>DA LUNEDI LA VACCINAZIONE PER I QUARANTENNI<\/h2>\n<\/blockquote>\n<blockquote><p><em>ingegno veneto, estraendo sette dosi da ogni flaconcino. FUORI SACCO il 28 inaugurazione Pedemontana da Bassano a Montebelluna.<\/em><\/p><\/blockquote>\n<p>Trentaduemila vaccini nelle ultime 24 ore, sono finiti. I vaccini che stiamo facendo virtualmente sono frutto del genio veneto, ogni flacone facciamo 7 dosi. Ieri \u00e8 scatta la prenotazione numero 1 milione. Siamo ottimisti di chiudere la fascia 50-59 con un 65% delle adesioni luned\u00ec si apre ai 40enni.\u00a0 Mettiamo in sicurezza estrema questa fascia d&#8217;et\u00e0 poi\u00a0 via con la vaccinazione a chiunque voglia. Oggi ci sono 200 mila posti liberi; per i 50-59 siamo fiduciosi di chiudere sopra il 65%. Chi arriva tardi si mette in coda. Nessuna novit\u00e0 per la vaccinazione nelle aree turistiche, con le forniture attuali non \u00e8 possibile nemmeno pensarci.\u00a0 <strong>ACC<\/strong> Ho parlato con l&#8217;assessore sono pronto ad incontrarli. <strong>TENTATIVO DI SALVATAGGIO<\/strong> Non ne so niente. <strong>VACCINI DAL SUD<\/strong>\u00a0 Noi non ne sappiamo niente\u00a0 e ieri non \u00e8 mai stato detto che i vaccini della Sicilia arrivino qui, fosse vero a noi farebbe solo piacere. MODIFICA PARAMETRI ci siamo dati qualche giorno luned\u00ec si potrebbe chiudere,\u00a0 siamo in uno scenario nuovo, nel quale abbiamo le vaccinazioni.\u00a0 Abbiamo chiesto sempre pi\u00f9 automatismi, e soprattutto la necessit\u00e0 di avere una dotazione di screening di base, per alcuni &#8216;luoghi sentinella&#8217; cos\u00ec si capir\u00e0 se il virus circola o meno<\/p>\n<p>&nbsp;<\/p>\n<p><a href=\"https:\/\/www.facebook.com\/zaiaufficiale\/videos\/609040596719614\">https:\/\/www.facebook.com\/zaiaufficiale\/videos\/609040596719614<\/a><\/p>\n<p>&nbsp;<\/p>\n<p>&nbsp;<\/p>\n<p>&nbsp;<\/p>\n<hr \/>\n<p>&nbsp;<\/p>\n<p>&nbsp;<\/p>\n<blockquote class=\"wp-embedded-content\" data-secret=\"4MmhfGFv1w\"><p><a href=\"https:\/\/www.radiopiu.net\/wordpress\/zaia-su-la-manica-della-camicia\/\">ZAIA: SU LA MANICA DELLA CAMICIA<\/a><\/p><\/blockquote>\n<p><iframe loading=\"lazy\" class=\"wp-embedded-content\" sandbox=\"allow-scripts\" security=\"restricted\" style=\"position: absolute; clip: rect(1px, 1px, 1px, 1px);\" title=\"&#8220;ZAIA: SU LA MANICA DELLA CAMICIA&#8221; &#8212; Radio Pi\u00f9\" src=\"https:\/\/www.radiopiu.net\/wordpress\/zaia-su-la-manica-della-camicia\/embed\/#?secret=4MmhfGFv1w\" data-secret=\"4MmhfGFv1w\" width=\"600\" height=\"338\" frameborder=\"0\" marginwidth=\"0\" marginheight=\"0\" scrolling=\"no\"><\/iframe><\/p>\n<p>&nbsp;<\/p>\n<p>&nbsp;<\/p>\n<hr \/>\n<p>&nbsp;<\/p>\n<p>&nbsp;<\/p>\n<blockquote>\n<h2>IERI LA GIORNATA MONDIALE DELLA FIBROMIALGIA, COSI&#8217; L&#8217;ASSESSORE MANUELA LANZARIN<\/h2>\n<\/blockquote>\n<p>&nbsp;<\/p>\n<p><strong><img loading=\"lazy\" decoding=\"async\" class=\"alignleft\" src=\"https:\/\/www.radiopiu.net\/wordpress\/wp-content\/uploads\/2021\/05\/f7f3eb14-5391-40b8-ab0a-e3b311797dd2.jpg\" width=\"248\" height=\"186\" \/><\/strong><\/p>\n<p>&nbsp;<\/p>\n<p>&nbsp;<\/p>\n<p><strong>VENEZIA 12 maggio Giornata Mondiale della Fibromialgia, il messaggio dell&#8217;assessore Manuela Lanzarin.<\/strong><\/p>\n<div style=\"width: 640px;\" class=\"wp-video\"><video class=\"wp-video-shortcode\" id=\"video-209196-4\" width=\"640\" height=\"352\" preload=\"metadata\" controls=\"controls\"><source type=\"video\/mp4\" src=\"https:\/\/www.radiopiu.net\/wordpress\/wp-content\/uploads\/2021\/05\/WhatsApp-Video-2021-05-12-at-14.12.06-1.mp4?_=4\" \/><a href=\"https:\/\/www.radiopiu.net\/wordpress\/wp-content\/uploads\/2021\/05\/WhatsApp-Video-2021-05-12-at-14.12.06-1.mp4\">https:\/\/www.radiopiu.net\/wordpress\/wp-content\/uploads\/2021\/05\/WhatsApp-Video-2021-05-12-at-14.12.06-1.mp4<\/a><\/video><\/div>\n<p>&nbsp;<\/p>\n<p>&nbsp;<\/p>\n<p>&nbsp;<\/p>\n<hr \/>\n<blockquote>\n<h3><\/h3>\n<h3>IL CONSOLE AUSTRIACO\u00a0 VISITA LA CASA\u00a0 PAPA LUCIANI E IL MUSAL<\/h3>\n<\/blockquote>\n<p><strong>CANALE D&#8217;AGORDO <\/strong><span class=\"s1\">\u00ab<em>\u00c8 stato un vero onore avere come primo visitatore una personalit\u00e0 cos\u00ec importante. Un evento che sar\u00e0 sicuramente di buon auspicio per i prossimi appuntamenti che stiamo organizzando come ogni anno per ricordare la figura di papa Luciani<\/em><\/span><em><span class=\"s2\">.&#8221;<\/span><\/em><span class=\"s1\"> Loris Serafini, direttore del Musal \u2013 Museo Albino Luciani, saluta cos\u00ec la riapertura della casa natale di papa Luciani a Canale d&#8217;Agordo (Belluno) e l&#8217;illustre ospite che per primo ha potuto visitare le nuove stanze dove ha vissuto il futuro papa Giovanni Paolo I. Domenica 9 maggio, infatti, il console generale dell&#8217;Austria a Milano, Clemens Mantl, ha potuto visitare l&#8217;edificio in via Rividella 8, dove a mezzogiorno di gioved\u00ec 17 ottobre 1912 nacque Albino Luciani, accompagnato dal direttore del Musal e dal sindaco di Canale d\u2019Agordo, Flavio Colcergnan.\u00a0<\/span><\/p>\n\n\t\t\t<style type='text\/css'>\n\t\t\t\t#gallery-3 {\n\t\t\t\t\tmargin: auto;\n\t\t\t\t}\n\t\t\t\t#gallery-3 .gallery-item {\n\t\t\t\t\tfloat: left;\n\t\t\t\t\tmargin-top: 10px;\n\t\t\t\t\ttext-align: center;\n\t\t\t\t\twidth: 33%;\n\t\t\t\t}\n\t\t\t\t#gallery-3 img {\n\t\t\t\t\tborder: 2px solid #cfcfcf;\n\t\t\t\t}\n\t\t\t\t#gallery-3 .gallery-caption {\n\t\t\t\t\tmargin-left: 0;\n\t\t\t\t}\n\t\t\t\t\/* see gallery_shortcode() in wp-includes\/media.php *\/\n\t\t\t<\/style>\n\t\t<div id='gallery-3' class='dt-gallery-container gallery galleryid-209196 gallery-columns-3 gallery-size-medium'><dl class='gallery-item'>\n\t\t\t\t<dt class='gallery-icon landscape'>\n\t\t\t\t\t<a class=\"rollover rollover-zoom dt-pswp-item\" title=\"Casa natale di papa Luciani\" data-dt-img-description=\"\" data-large_image_width=\"1600\" data-large_image_height=\"1200\"href='https:\/\/www.radiopiu.net\/wordpress\/wp-content\/uploads\/2021\/05\/Casa-natale-di-papa-Luciani.jpg'><img loading=\"lazy\" decoding=\"async\" width=\"300\" height=\"225\" src=\"https:\/\/www.radiopiu.net\/wordpress\/wp-content\/uploads\/2021\/05\/Casa-natale-di-papa-Luciani-300x225.jpg\" class=\"attachment-medium size-medium\" alt=\"\" srcset=\"https:\/\/www.radiopiu.net\/wordpress\/wp-content\/uploads\/2021\/05\/Casa-natale-di-papa-Luciani-300x225.jpg 300w, https:\/\/www.radiopiu.net\/wordpress\/wp-content\/uploads\/2021\/05\/Casa-natale-di-papa-Luciani-1024x768.jpg 1024w, https:\/\/www.radiopiu.net\/wordpress\/wp-content\/uploads\/2021\/05\/Casa-natale-di-papa-Luciani-768x576.jpg 768w, https:\/\/www.radiopiu.net\/wordpress\/wp-content\/uploads\/2021\/05\/Casa-natale-di-papa-Luciani-1536x1152.jpg 1536w, https:\/\/www.radiopiu.net\/wordpress\/wp-content\/uploads\/2021\/05\/Casa-natale-di-papa-Luciani.jpg 1600w\" sizes=\"auto, (max-width: 300px) 100vw, 300px\" \/><\/a>\n\t\t\t\t<\/dt><\/dl><dl class='gallery-item'>\n\t\t\t\t<dt class='gallery-icon landscape'>\n\t\t\t\t\t<a class=\"rollover rollover-zoom dt-pswp-item\" title=\"Da sinistra Marilisa Luchetta, assessore alla Cultura del comune di Canale), il Sindaco Flavio Colcergnan e il Console Clemens Mantl\" data-dt-img-description=\"\" data-large_image_width=\"2048\" data-large_image_height=\"1536\"href='https:\/\/www.radiopiu.net\/wordpress\/wp-content\/uploads\/2021\/05\/Da-sinistra-Marilisa-Luchetta-assessore-alla-Cultura-del-comune-di-Canale-il-Sindaco-Flavio-Colcergnan-e-il-Console-Clemens-Mantl.jpeg'><img loading=\"lazy\" decoding=\"async\" width=\"300\" height=\"225\" src=\"https:\/\/www.radiopiu.net\/wordpress\/wp-content\/uploads\/2021\/05\/Da-sinistra-Marilisa-Luchetta-assessore-alla-Cultura-del-comune-di-Canale-il-Sindaco-Flavio-Colcergnan-e-il-Console-Clemens-Mantl-300x225.jpeg\" class=\"attachment-medium size-medium\" alt=\"\" srcset=\"https:\/\/www.radiopiu.net\/wordpress\/wp-content\/uploads\/2021\/05\/Da-sinistra-Marilisa-Luchetta-assessore-alla-Cultura-del-comune-di-Canale-il-Sindaco-Flavio-Colcergnan-e-il-Console-Clemens-Mantl-300x225.jpeg 300w, https:\/\/www.radiopiu.net\/wordpress\/wp-content\/uploads\/2021\/05\/Da-sinistra-Marilisa-Luchetta-assessore-alla-Cultura-del-comune-di-Canale-il-Sindaco-Flavio-Colcergnan-e-il-Console-Clemens-Mantl-1024x768.jpeg 1024w, https:\/\/www.radiopiu.net\/wordpress\/wp-content\/uploads\/2021\/05\/Da-sinistra-Marilisa-Luchetta-assessore-alla-Cultura-del-comune-di-Canale-il-Sindaco-Flavio-Colcergnan-e-il-Console-Clemens-Mantl-768x576.jpeg 768w, https:\/\/www.radiopiu.net\/wordpress\/wp-content\/uploads\/2021\/05\/Da-sinistra-Marilisa-Luchetta-assessore-alla-Cultura-del-comune-di-Canale-il-Sindaco-Flavio-Colcergnan-e-il-Console-Clemens-Mantl-1536x1152.jpeg 1536w, https:\/\/www.radiopiu.net\/wordpress\/wp-content\/uploads\/2021\/05\/Da-sinistra-Marilisa-Luchetta-assessore-alla-Cultura-del-comune-di-Canale-il-Sindaco-Flavio-Colcergnan-e-il-Console-Clemens-Mantl.jpeg 2048w\" sizes=\"auto, (max-width: 300px) 100vw, 300px\" \/><\/a>\n\t\t\t\t<\/dt><\/dl><dl class='gallery-item'>\n\t\t\t\t<dt class='gallery-icon landscape'>\n\t\t\t\t\t<a class=\"rollover rollover-zoom dt-pswp-item\" title=\"In vista al Musal da sinistra Dario Costa, il Console Clemens Mantl e Loris Serafini, direttore del Musal\" data-dt-img-description=\"\" data-large_image_width=\"1600\" data-large_image_height=\"1200\"href='https:\/\/www.radiopiu.net\/wordpress\/wp-content\/uploads\/2021\/05\/In-vista-al-Musal-da-sinistra-Dario-Costa-il-Console-Clemens-Mantl-e-Loris-Serafini-direttore-del-Musal.jpg'><img loading=\"lazy\" decoding=\"async\" width=\"300\" height=\"225\" src=\"https:\/\/www.radiopiu.net\/wordpress\/wp-content\/uploads\/2021\/05\/In-vista-al-Musal-da-sinistra-Dario-Costa-il-Console-Clemens-Mantl-e-Loris-Serafini-direttore-del-Musal-300x225.jpg\" class=\"attachment-medium size-medium\" alt=\"\" srcset=\"https:\/\/www.radiopiu.net\/wordpress\/wp-content\/uploads\/2021\/05\/In-vista-al-Musal-da-sinistra-Dario-Costa-il-Console-Clemens-Mantl-e-Loris-Serafini-direttore-del-Musal-300x225.jpg 300w, https:\/\/www.radiopiu.net\/wordpress\/wp-content\/uploads\/2021\/05\/In-vista-al-Musal-da-sinistra-Dario-Costa-il-Console-Clemens-Mantl-e-Loris-Serafini-direttore-del-Musal-1024x768.jpg 1024w, https:\/\/www.radiopiu.net\/wordpress\/wp-content\/uploads\/2021\/05\/In-vista-al-Musal-da-sinistra-Dario-Costa-il-Console-Clemens-Mantl-e-Loris-Serafini-direttore-del-Musal-768x576.jpg 768w, https:\/\/www.radiopiu.net\/wordpress\/wp-content\/uploads\/2021\/05\/In-vista-al-Musal-da-sinistra-Dario-Costa-il-Console-Clemens-Mantl-e-Loris-Serafini-direttore-del-Musal-1536x1152.jpg 1536w, https:\/\/www.radiopiu.net\/wordpress\/wp-content\/uploads\/2021\/05\/In-vista-al-Musal-da-sinistra-Dario-Costa-il-Console-Clemens-Mantl-e-Loris-Serafini-direttore-del-Musal.jpg 1600w\" sizes=\"auto, (max-width: 300px) 100vw, 300px\" \/><\/a>\n\t\t\t\t<\/dt><\/dl><br style=\"clear: both\" \/>\n\t\t\t<\/div>\n\n<p>&nbsp;<\/p>\n<p>&nbsp;<\/p>\n<hr \/>\n<p>&nbsp;<\/p>\n<blockquote>\n<h3>COVID, BOND (FI): CONTEGGIO DEI VACCINATI SBAGLIATO, SPERANZA FACCIA CHIAREZZA<\/h3>\n<\/blockquote>\n<p><strong><a href=\"https:\/\/www.radiopiu.net\/wordpress\/giornale-radiopiu-20-maggio-2020-direttore-mirko-mezzacasa\/dario-bond-11\/\" rel=\"attachment wp-att-138833\"><img loading=\"lazy\" decoding=\"async\" class=\"size-full wp-image-138833 alignleft\" src=\"https:\/\/www.radiopiu.net\/wordpress\/wp-content\/uploads\/2020\/05\/Dario-Bond.jpg\" alt=\"\" width=\"165\" height=\"228\" \/><\/a>ROMA <\/strong>&#8220;<em>Ilaria Capua, direttrice dell\u2019UF One Health Center dell\u2019Universit\u00e0 della Florida, ha dichiarato in una trasmissione televisiva che l&#8217;Italia sta commettendo un errore nel conteggio dei vaccinati considerando tali chi ha appena ricevuto la dose vaccinale spiegando che la risposta immunitaria, per\u00f2, si ha solo dopo 15 giorni dalla somministrazione. Purtroppo questo \u00e8 solo l&#8217;ultimo, in ordine cronologico, degli errori commessi dal CTS e dai cosiddetti &#8216;esperti&#8217; che ormai da un anno diffondono notizie e pareri discordanti. Al di l\u00e0 dell&#8217;informazione nei confronti dei cittadini, il problema \u00e8 che in questo modo si inficia la campagna vaccinale: se i numeri non sono esatti come possiamo procedere con le somministrazioni? Se altri esponenti del governo dichiarano che la mascherina \u00e8 inutile all&#8217;aperto e che andrebbero accelerate le riaperture, come possiamo programmare serenamente la ripartenza economica del Paese? Servono risposte ed azioni concrete subito, non possiamo rimanere in bal\u00eca di chi dice tutto e il contrario di tutto<\/em>&#8220;. Cos\u00ec in una nota il Deputato di Forza Italia Dario Bond.<\/p>\n<p>&nbsp;<\/p>\n<p>&nbsp;<\/p>\n<hr \/>\n<p>&nbsp;<\/p>\n<blockquote>\n<h3>PIANO DI RIPRESA E RESILIENZA, DOSSIER UNCEM PER GUIDARE I COMUNI E GLI ENTI MONTANI NELLE MISSIONE E NELLE COMPONENTI DEL PNRR<\/h3>\n<\/blockquote>\n<p><strong><a href=\"https:\/\/www.radiopiu.net\/wordpress\/giornale-radiopiu-06-novembre-2020-direttore-mirko-mezzacasa\/logouncem_no_scritta-wdtr\/\" rel=\"attachment wp-att-170846\"><img loading=\"lazy\" decoding=\"async\" class=\"size-medium wp-image-170846 alignleft\" src=\"https:\/\/www.radiopiu.net\/wordpress\/wp-content\/uploads\/2020\/11\/logoUNCEM_no_scritta-wdtr-300x300.jpg\" alt=\"\" width=\"300\" height=\"300\" srcset=\"https:\/\/www.radiopiu.net\/wordpress\/wp-content\/uploads\/2020\/11\/logoUNCEM_no_scritta-wdtr-300x300.jpg 300w, https:\/\/www.radiopiu.net\/wordpress\/wp-content\/uploads\/2020\/11\/logoUNCEM_no_scritta-wdtr-150x150.jpg 150w, https:\/\/www.radiopiu.net\/wordpress\/wp-content\/uploads\/2020\/11\/logoUNCEM_no_scritta-wdtr.jpg 640w\" sizes=\"auto, (max-width: 300px) 100vw, 300px\" \/><\/a>ROMA <\/strong>Uncem lo aveva chiamato &#8220;Non \u00e8 un elenco della spesa&#8221;, il dossier di proposte sul PNRR,presentato a marzo 2021. E cos\u00ec \u00e8 stato. Non era un elenco della spesa, perch\u00e9 non lo abbiamo mai voluto e perch\u00e9 non \u00e8 quello che serve. A dieci giorni dall&#8217;invio del PNRR a Bruxelles da parte del Governo guidato da Mario Draghi, Uncem presenta oggi il dossier &#8220;Non facciamo la somma&#8221;, con una prima analisi e una lettura del Piano rispetto a investimenti, missioni e componenti per Enti locali, territori, montagne, aree interne, ambiente, green economy. &#8220;Non facciamo la somma&#8221;, tra quello che c\u2019\u00e8 nelle diverse componenti e missioni del Piano che riguardino montagna, piccoli Comuni, aree interne, ambiente, territorio, green communities. &#8220;Perch\u00e9 sarebbe inopportuno farlo prima che la Commissione Europea validi e confermi le proposte italiane &#8211; evidenzia il Presidente Uncem Marco Bussone &#8211; E sarebbe comunque impreciso, avendo molte componenti per gli Enti territoriali, destinate ai Comuni, rivolte ai territori, con la montagna e gli stessi territori trasversali. Non c\u2019\u00e8 una sola voce per la &#8216;montagna&#8217;. In tutte le missioni e in tutte le componenti e in tutti gli investimenti vi sono risorse destinate ai territori e ai Comuni. Questo lo avevamo chiesto come Uncem al Governo e lo aveva ribadito il Parlamento nella sua Relazione&#8221;.\u00a0Gli Enti potranno accedere &#8211; quasi sicuramente tramite bandi dello Stato, dei Ministeri &#8211; a diversi tipi di risorse. Dovranno avere le idee chiare rispetto al percorso che stanno facendo e che vogliono intraprendere.<\/p>\n<p>&nbsp;<\/p>\n<p>&nbsp;<\/p>\n<hr \/>\n<p>&nbsp;<\/p>\n<h3><span style=\"color: #ff0000;\">IL SONDAGGIO<\/span><\/h3>\n<blockquote>\n<h3>I BELLUNESI SONO SEMPRE PI\u00d9 \u201cGREEN\u201d<\/h3>\n<\/blockquote>\n<p><strong><a href=\"https:\/\/www.radiopiu.net\/wordpress\/giornale-radiopiu-13-maggio-2021-direttore-mirko-mezzacasa\/photovoltaic-2138992_960_720\/\" rel=\"attachment wp-att-209356\"><img loading=\"lazy\" decoding=\"async\" class=\"size-medium wp-image-209356 alignleft\" src=\"https:\/\/www.radiopiu.net\/wordpress\/wp-content\/uploads\/2021\/05\/photovoltaic-2138992_960_720-300x197.jpg\" alt=\"\" width=\"300\" height=\"197\" srcset=\"https:\/\/www.radiopiu.net\/wordpress\/wp-content\/uploads\/2021\/05\/photovoltaic-2138992_960_720-300x197.jpg 300w, https:\/\/www.radiopiu.net\/wordpress\/wp-content\/uploads\/2021\/05\/photovoltaic-2138992_960_720-768x505.jpg 768w, https:\/\/www.radiopiu.net\/wordpress\/wp-content\/uploads\/2021\/05\/photovoltaic-2138992_960_720.jpg 960w\" sizes=\"auto, (max-width: 300px) 100vw, 300px\" \/><\/a>BELLUNO<\/strong> Nove bellunesi su dieci ritengono importante che la propria casa venga alimentata da energie rinnovabili e oltre otto su dieci sono convinti che proprio le rinnovabili possano proteggere il territorio montano dai cambiamenti climatici. Anche per questo, la grande maggioranza dei cittadini \u00e8 favorevole alla realizzazione di impianti green sul territorio e alla valorizzazione di risorse strategiche per la montagna come l&#8217;acqua. Sono i risultati del sondaggio sui temi della green economy &#8211; con un focus particolare sulle energie rinnovabili su iniziativa di Confindustria Belluno\u00a0 <em>\u00a0\u201cIl sondaggio indipendente e condotto con metodi scientifici conferma che la mentalit\u00e0 \u201cgreen\u201d \u00e8 sempre pi\u00f9 diffusa tra i nostri cittadini, soprattutto i pi\u00f9 giovani. C\u2019\u00e8 una rivoluzione culturale in atto e che avvenga nella nostra montagna \u00e8 un messaggio importante sia in termini etici che economici. E questo\u201d,<\/em> afferma Lorraine Berton, presidente di Confindustria Belluno Dolomiti. Dal sondaggio emerge che il 72% dei bellunesi \u00e8 favorevole alla realizzazione di impianti per la produzione di energia da fonte rinnovabile in provincia. Il 61% degli intervistati si \u00e8 dichiarato favorevole all\u2019installazione di impianti ad acqua fluente e il 58 per cento promuove l&#8217;idea di autorizzazioni straordinarie per sbloccare gli iter di autorizzazione ancora pendenti di tali impianti. Solo due bellunesi su dieci si dichiarano contrari o \u201cpoco favorevoli\u201d a questo genere di impianti sul territorio.<\/p>\n<p>&nbsp;<\/p>\n<p>&nbsp;<\/p>\n<hr \/>\n<p>&nbsp;<\/p>\n<p>&nbsp;<\/p>\n<blockquote>\n<h3>LA DEROGA\u00a0 FINO AL 31 LUGLIO ALLE CHIUSURE FESTIVE\u00a0 PER ACCONCIATORI, ESTETISTI, TATUATORI, PIERCING<\/h3>\n<p><strong><a href=\"https:\/\/www.radiopiu.net\/wordpress\/giornale-radiopiu-13-maggio-2021-direttore-mirko-mezzacasa\/model-2408519_960_720\/\" rel=\"attachment wp-att-209361\"><img loading=\"lazy\" decoding=\"async\" class=\" wp-image-209361 alignleft\" src=\"https:\/\/www.radiopiu.net\/wordpress\/wp-content\/uploads\/2021\/05\/model-2408519_960_720-300x300.jpg\" alt=\"\" width=\"116\" height=\"116\" srcset=\"https:\/\/www.radiopiu.net\/wordpress\/wp-content\/uploads\/2021\/05\/model-2408519_960_720-300x300.jpg 300w, https:\/\/www.radiopiu.net\/wordpress\/wp-content\/uploads\/2021\/05\/model-2408519_960_720-150x150.jpg 150w, https:\/\/www.radiopiu.net\/wordpress\/wp-content\/uploads\/2021\/05\/model-2408519_960_720.jpg 720w\" sizes=\"auto, (max-width: 116px) 100vw, 116px\" \/><\/a>FELTRE<\/strong> Il sindaco Paolo Perenzini dispone: limitatamente alle giornate festive fino al 31.07.2021 (compresa quella del Santo Patrono), apertura facoltativa all\u2019utenza degli esercizi nella fascia oraria compresa tra le\u00a0 7 e le 22, con possibilit\u00e0 di effettuare orario continuato, ossia senza interruzione a met\u00e0 giornata. Al solo fine di ultimare eventuali prestazioni ancora in corso, \u00e8 consentita la tolleranza di mezz\u2019ora oltre l\u2019orario autorizzato, a condizione che la porta d\u2019accesso all\u2019esercizio resti chiusa. \u00a0Nei locali di ciascun esercizio deve essere esposto, in modo visibile al pubblico anche dall&#8217;esterno, un cartello riportante l&#8217;orario di attivit\u00e0 praticato.<\/p><\/blockquote>\n<p>&nbsp;<\/p>\n<p>&nbsp;<\/p>\n<hr \/>\n<blockquote>\n<h3><\/h3>\n<h3>IL COMUNE DI ROCCA PIETORE ALLA RICERCA DI UN CONDUTTORE DI MACCHINE OPERATRICI<\/h3>\n<\/blockquote>\n<p><strong>ROCCA PIETORE<\/strong> E&#8217; indetto un concorso pubblico per esami per la copertura, a tempo indeterminato e a tempo pieno, di un posto di Collaboratore Professionale B3 \u2013 CCNL Funzioni Locali \u2013 Conduttore di macchine operatrici complesse \u2013 addetto ai servizi manutentivi e cimiteriali, da assumersi presso il Comune di Rocca Pietore. Le domande di partecipazione dovranno pervenire al Comune di Rocca Pietore secondo le modalita\u0300 e i termini indicati nel bando di concorso. Il bando di concorso ed il modello di domanda sono pubblicati nel sito internet del Comune di Rocca Pietore: http:\/\/www.comune.roccapietore.bl.it\/, sezione Amministrazione trasparente, link Bandi di concorso.<\/p>\n<p>&nbsp;<\/p>\n<p>&nbsp;<\/p>\n<hr \/>\n<p>&nbsp;<\/p>\n<p>&nbsp;<\/p>\n<blockquote>\n<h3>LA GIORNATA ECOLOGICA LAVALLESE SECONDO LE REGOLE ANTI COVID<\/h3>\n<\/blockquote>\n<p><strong>LA VALLE<\/strong> Domenica giornata ecologica con il Gruppo Ambiente, Comune e Proloco di La Valle. Programma: pulizia e raccolta rifiuti in vari luoghi del Comune. Ritrovo presso la sede del gruppo alle 7.30 con attrezzatura. Punto di ritrovo al campo sportivo<\/p>\n<p>&nbsp;<\/p>\n<p>&nbsp;<\/p>\n<hr \/>\n<\/div>\n<\/div>\n<\/div>\n<\/div>\n<blockquote>\n<h3><\/h3>\n<h3>ASCA CERCA INFERMIERE<\/h3>\n<\/blockquote>\n<p><strong><a href=\"https:\/\/www.radiopiu.net\/wordpress\/asca-ricerca-personale-infermieristico\/asca-4\/\" rel=\"attachment wp-att-128881\"><img loading=\"lazy\" decoding=\"async\" class=\" wp-image-128881 alignleft\" src=\"https:\/\/www.radiopiu.net\/wordpress\/wp-content\/uploads\/2020\/04\/ASCA-300x165.png\" alt=\"\" width=\"167\" height=\"92\" srcset=\"https:\/\/www.radiopiu.net\/wordpress\/wp-content\/uploads\/2020\/04\/ASCA-300x165.png 300w, https:\/\/www.radiopiu.net\/wordpress\/wp-content\/uploads\/2020\/04\/ASCA-1024x565.png 1024w, https:\/\/www.radiopiu.net\/wordpress\/wp-content\/uploads\/2020\/04\/ASCA-768x424.png 768w, https:\/\/www.radiopiu.net\/wordpress\/wp-content\/uploads\/2020\/04\/ASCA.png 1211w\" sizes=\"auto, (max-width: 167px) 100vw, 167px\" \/><\/a>AGORDO <\/strong>ASCA ha indetto una nuova selezione pubblica finalizzata alla formulazione di una graduatoria di idoneit\u00e0 utile all\u2019inserimento a tempo indeterminato pieno e part-time presso la RSA di Agordo di INFERMIERE. La domanda deve essere presentata entro le 12 di luned\u00ec 17 maggio. Tutte le informazioni sul bando sul sito www.servizisocialiasca.it<\/p>\n<p>&nbsp;<\/p>\n<p>&nbsp;<\/p>\n<hr \/>\n<p>&nbsp;<\/p>\n<p>&nbsp;<\/p>\n<blockquote>\n<h3>IN DISTRIBUZIONE IL TERZO QUADERNO DELLA VALLE DEL BIOIS<\/h3>\n<\/blockquote>\n<p>DI GIANNI SANTOMASO<\/p>\n<audio class=\"wp-audio-shortcode\" id=\"audio-209196-10\" preload=\"none\" style=\"width: 100%;\" controls=\"controls\"><source type=\"audio\/mpeg\" src=\"https:\/\/www.radiopiu.net\/wordpress\/wp-content\/uploads\/2021\/05\/GIANNI-RESISTERE.mp3?_=10\" \/><a href=\"https:\/\/www.radiopiu.net\/wordpress\/wp-content\/uploads\/2021\/05\/GIANNI-RESISTERE.mp3\">https:\/\/www.radiopiu.net\/wordpress\/wp-content\/uploads\/2021\/05\/GIANNI-RESISTERE.mp3<\/a><\/audio>\n<p>&nbsp;<\/p>\n<p>&nbsp;<\/p>\n<div class=\"page-title-head hgroup\">\n<hr \/>\n<p>&nbsp;<\/p>\n<blockquote>\n<h3><a href=\"https:\/\/www.radiopiu.net\/wordpress\/giornale-radiopiu-13-maggio-2021-direttore-mirko-mezzacasa\/albero_mutilato2\/\" rel=\"attachment wp-att-209462\"><img loading=\"lazy\" decoding=\"async\" class=\" wp-image-209462 alignleft\" src=\"https:\/\/www.radiopiu.net\/wordpress\/wp-content\/uploads\/2021\/05\/albero_mutilato2-300x207.jpg\" alt=\"\" width=\"174\" height=\"120\" srcset=\"https:\/\/www.radiopiu.net\/wordpress\/wp-content\/uploads\/2021\/05\/albero_mutilato2-300x207.jpg 300w, https:\/\/www.radiopiu.net\/wordpress\/wp-content\/uploads\/2021\/05\/albero_mutilato2-1024x705.jpg 1024w, https:\/\/www.radiopiu.net\/wordpress\/wp-content\/uploads\/2021\/05\/albero_mutilato2-768x529.jpg 768w, https:\/\/www.radiopiu.net\/wordpress\/wp-content\/uploads\/2021\/05\/albero_mutilato2-1536x1058.jpg 1536w, https:\/\/www.radiopiu.net\/wordpress\/wp-content\/uploads\/2021\/05\/albero_mutilato2-2048x1410.jpg 2048w\" sizes=\"auto, (max-width: 174px) 100vw, 174px\" \/><\/a>MI TENGO QUEST&#8217;ALBERO MUTILATO IN STREAMING<\/h3>\n<\/blockquote>\n<p><strong>ALLEGHE<\/strong> Sabato 15 maggio dal Centro Congressi Franceschini di Alleghe verr\u00e0 presentata la testimonianza multimediale dal titolo &#8220;Mi tengo quest&#8217;albero mutilato&#8221;. Nel progetto sono coinvolti gli alunni della scuola media Dino Buzzati di Caprile. Lo spettacolo sar\u00e0 in diretta video sul canale youtube del Teatro Nuovo di Verona.<\/p>\n<p><strong>DI GIANNI SANTOMASO\u00a0<\/strong><\/p>\n<audio class=\"wp-audio-shortcode\" id=\"audio-209196-11\" preload=\"none\" style=\"width: 100%;\" controls=\"controls\"><source type=\"audio\/mpeg\" src=\"https:\/\/www.radiopiu.net\/wordpress\/wp-content\/uploads\/2021\/05\/GIANNI-MUTILATO.mp3?_=11\" \/><a href=\"https:\/\/www.radiopiu.net\/wordpress\/wp-content\/uploads\/2021\/05\/GIANNI-MUTILATO.mp3\">https:\/\/www.radiopiu.net\/wordpress\/wp-content\/uploads\/2021\/05\/GIANNI-MUTILATO.mp3<\/a><\/audio>\n<p>&nbsp;<\/p>\n<p>&nbsp;<\/p>\n<p>&nbsp;<\/p>\n<hr \/>\n<p>&nbsp;<\/p>\n<div class=\"page-title-head hgroup\">\n<blockquote>\n<h2>LE INIZIATIVE DI AD AGORDO PROLOCO<\/h2>\n<\/blockquote>\n<p><strong><a href=\"https:\/\/www.radiopiu.net\/wordpress\/scopriamo-agordo-perche-quando-tutto-questo-sara-finito-diremo-andiamo-a-farci-un-giro-ad-agordo\/ad-agordo-proloco-logo_colors\/\" rel=\"attachment wp-att-129089\"><img loading=\"lazy\" decoding=\"async\" class=\"wp-image-129089 alignleft\" src=\"https:\/\/www.radiopiu.net\/wordpress\/wp-content\/uploads\/2020\/04\/AD-AGORDO-PROLOCO-LOGO_colors-300x300.jpg\" alt=\"\" width=\"116\" height=\"116\" srcset=\"https:\/\/www.radiopiu.net\/wordpress\/wp-content\/uploads\/2020\/04\/AD-AGORDO-PROLOCO-LOGO_colors-300x300.jpg 300w, https:\/\/www.radiopiu.net\/wordpress\/wp-content\/uploads\/2020\/04\/AD-AGORDO-PROLOCO-LOGO_colors-1024x1024.jpg 1024w, https:\/\/www.radiopiu.net\/wordpress\/wp-content\/uploads\/2020\/04\/AD-AGORDO-PROLOCO-LOGO_colors-150x150.jpg 150w, https:\/\/www.radiopiu.net\/wordpress\/wp-content\/uploads\/2020\/04\/AD-AGORDO-PROLOCO-LOGO_colors-768x768.jpg 768w, https:\/\/www.radiopiu.net\/wordpress\/wp-content\/uploads\/2020\/04\/AD-AGORDO-PROLOCO-LOGO_colors-1536x1536.jpg 1536w, https:\/\/www.radiopiu.net\/wordpress\/wp-content\/uploads\/2020\/04\/AD-AGORDO-PROLOCO-LOGO_colors.jpg 1920w\" sizes=\"auto, (max-width: 116px) 100vw, 116px\" \/><\/a><\/strong><\/p>\n<p><strong>AGORDO<\/strong> In occasione del passaggio del Giro d&#8217;Italia del 24 maggio, il successivo passaggio del Giro U23 dell&#8217;11 maggio l&#8217;Ufficio Turistico di Agordo &#8211; Conca Agordina propone una nuova iniziativa dedicata alle foto e al mondo bici. Le foto delle bici in Agordino, che siano da corsa, MTB o ebike, saranno esposte sullo schermo in vetrina del nostro ufficio dal 21 maggio fino al 5 settembre 2021 e pubblicate su Facebook ed Instagram. Il regolamento visionabile anche al link <span style=\"color: #0000ff;\"><a style=\"color: #0000ff;\" href=\"https:\/\/www.agordo.net\/wp-content\/uploads\/2021\/05\/2021_Agordino-in-bici-regolamento.pdf\">CLICCA QUI<\/a><\/span><\/p>\n<div><span style=\"font-family: Segoe UI Historic, Segoe UI, Helvetica, Arial, sans-serif;\">\u00a0<\/span><\/div>\n<div><\/div>\n<\/div>\n<p>&nbsp;<\/p>\n<hr \/>\n<p>&nbsp;<\/p>\n<p>&nbsp;<\/p>\n<blockquote>\n<h1 style=\"text-align: center;\">L&#8217;OBIETTIVO DI MIRIAM, BUON LAVORO AMICA PIU&#8217;<\/h1>\n<\/blockquote>\n<p><strong><img loading=\"lazy\" decoding=\"async\" class=\"aligncenter\" src=\"https:\/\/www.radiopiu.net\/wordpress\/wp-content\/uploads\/2021\/05\/185025490_2970179573308796_2608190048800817870_n.jpg\" width=\"352\" height=\"264\" \/>BELLUNO<\/strong> L&#8217;Aipd sezione di Belluno porta una buona notizia: Miriam Tormen, socia della sezione, dal 3 maggio dopo varie esperienze come operaia nel settore delle occhialerie agordine e dopo un lungo periodo di cassa integrazione, ha coronato il suo sogno di essere assunta, per ora a tempo determinato, dopo uno stage formativo, alla Luxottica, nella sede storica di Agordo. Vogliamo complimentarci con Miriam per il coronamento del suo sogno e farle ogni augurio per questa nuova esperienza.<\/p>\n<p>&nbsp;<\/p>\n<p>&nbsp;<\/p>\n<p>&nbsp;<\/p>\n<hr \/>\n<p>&nbsp;<\/p>\n<p>&nbsp;<\/p>\n<blockquote>\n<h3><a href=\"https:\/\/www.radiopiu.net\/wordpress\/giornale-radiopiu-13-maggio-2021-direttore-mirko-mezzacasa\/luca-rento\/\" rel=\"attachment wp-att-209357\"><img loading=\"lazy\" decoding=\"async\" class=\" wp-image-209357 alignleft\" src=\"https:\/\/www.radiopiu.net\/wordpress\/wp-content\/uploads\/2021\/05\/Luca-Rento-194x300.jpg\" alt=\"\" width=\"132\" height=\"204\" srcset=\"https:\/\/www.radiopiu.net\/wordpress\/wp-content\/uploads\/2021\/05\/Luca-Rento-194x300.jpg 194w, https:\/\/www.radiopiu.net\/wordpress\/wp-content\/uploads\/2021\/05\/Luca-Rento.jpg 662w\" sizes=\"auto, (max-width: 132px) 100vw, 132px\" \/><\/a>A LUGLIO LA MOSTRA DI LUCA RENTO<\/h3>\n<\/blockquote>\n<p><strong>FELTRE\u00a0 <\/strong>La giunta comunale di Feltre ha approvato il progetto di realizzazione di una mostra-evento di Luca Rento, di cui la citt\u00e0 di Feltre acquisir\u00e0 anche un\u2019opera che entrer\u00e0 a far parte della collezione dei musei feltrini nell\u2019ambito del progetto avviato alla fine del 2020 con il sostegno finanziario del Fondo per i Comuni di Confine. Luca Rento, artista feltrino di nascita, \u00e8 uno dei pi\u00f9 apprezzati artisti della videoarte internazionale. La mostra-evento avr\u00e0 come titolo \u201cResistere all\u2019Infinito\u201d, sar\u00e0 presentata a partire dal mese di luglio e si svilupper\u00e0 su pi\u00f9 livelli. Il progetto si articoler\u00e0 con le opere dell\u2019artista feltrino in diversi luoghi della citt\u00e0. <em>\u201cSi tratta di un\u2019operazione importante che segna il ritorno all\u2019esposizione di Luca Rento nella sua citt\u00e0 con una serie di eventi che coinvolger\u00e0 il centro storico di Feltre, generando una sinergia tra vari luoghi, istituzioni e cittadini\u201d,<\/em> commenta il sindaco di Feltre Paolo Perenzin.<\/p>\n<p>&nbsp;<\/p>\n<p>&nbsp;<\/p>\n<hr \/>\n<p>&nbsp;<\/p>\n<p>&nbsp;<\/p>\n<blockquote>\n<h3><span style=\"color: #ff0000;\">QUATTRO RAGAZZE E UN PROGETTO PER ROCCA PIETORE<\/span><\/h3>\n<\/blockquote>\n<p><strong>IL MESSAGGIO<\/strong><\/p>\n<blockquote><p><em><a href=\"https:\/\/www.radiopiu.net\/wordpress\/quattro-ragazze-e-un-progetto-per-rocca-pietore\/012745d5-6c7a-42e8-a59e-9f4c7cd514d0\/\" rel=\"attachment wp-att-209216\"><img loading=\"lazy\" decoding=\"async\" class=\"size-medium wp-image-209216 alignleft\" src=\"https:\/\/www.radiopiu.net\/wordpress\/wp-content\/uploads\/2021\/05\/012745d5-6c7a-42e8-a59e-9f4c7cd514d0-212x300.jpg\" alt=\"\" width=\"212\" height=\"300\" srcset=\"https:\/\/www.radiopiu.net\/wordpress\/wp-content\/uploads\/2021\/05\/012745d5-6c7a-42e8-a59e-9f4c7cd514d0-212x300.jpg 212w, https:\/\/www.radiopiu.net\/wordpress\/wp-content\/uploads\/2021\/05\/012745d5-6c7a-42e8-a59e-9f4c7cd514d0-723x1024.jpg 723w, https:\/\/www.radiopiu.net\/wordpress\/wp-content\/uploads\/2021\/05\/012745d5-6c7a-42e8-a59e-9f4c7cd514d0.jpg 725w\" sizes=\"auto, (max-width: 212px) 100vw, 212px\" \/><\/a>Siamo Francesca, Sofia, Sara e Beatrice; quattro ragazze del comune di Rocca Pietore creatrici-amministratrici della pagina Facebook \u201cProgetto Insieme per Rocca\u201d. Con questa proposta puntiamo a sensibilizzare la comunit\u00e0 locale riguardo alle varie necessit\u00e0 dei giovani residenti e a far conoscere il nostro territorio. Portiamo avanti l\u2019iniziativa nata da un gruppo di amici stimolato da Maria Luisa Daniele Toffanin, autrice del libro di poesie \u201cLa casa in mezzo al prato in Bosco Verde\u201d e ideatrice del progetto \u201cInsieme per Rocca\u201d insieme all\u2019Associazione Levi Montalcini e Il Centro Studi Sebastiano Schiavon: un bando per borse di studio che potete approfondire sulla nostra pagina Facebook. Noi stesse siamo state protagoniste delle due edizioni precedenti, ora oggetto dell\u2019antologia \u201cInsieme per Rocca\u201d, e adesso ci mettiamo in gioco per collaborare alla rinascita dell\u2019intero territorio comunale dopo la tempesta Vaia 2018; sostenute anche dal Sindaco e l\u2019Amministrazione Comunale. Contiamo sul vostro aiuto con un \u201cMi piace\u201d alla pagina e condividendo i nostri post<\/em><\/p><\/blockquote>\n<p><strong><span style=\"color: #0000ff;\"><a style=\"color: #0000ff;\" href=\"https:\/\/m.facebook.com\/Progetto-Insieme-per-Rocca-100314405472270\/\">PAGINA FACEBOOK CLICCA QUI<\/a><\/span><\/strong><\/p>\n<p>&nbsp;<\/p>\n<p>&nbsp;<\/p>\n<p>&nbsp;<\/p>\n<p>&nbsp;<\/p>\n<hr \/>\n<blockquote>\n<h2><\/h2>\n<h2>30 MAGGIO, PALAFELTRE NOMADI IN CONCERTO &#8211; DATA ZERO<\/h2>\n<h2 dir=\"auto\"><strong>\u00a0le prevendite sono attive su\u00a0 <\/strong><strong><span style=\"color: #0000ff;\">www.primiallaprima.it\u00a0<\/span><\/strong><\/h2>\n<\/blockquote>\n<div dir=\"auto\"><\/div>\n<p dir=\"auto\"><b><span style=\"font-size: small;\"><strong>I NOMADI<\/strong> iniziano il loro Tour 2021 con la DATA \u201c0\u201d da FELTRE (BL) al Palafeltre, nel pieno rispetto delle attuali norme e disposizioni anti Covid. <\/span><span style=\"color: #050505;\"><span style=\"font-family: Calibri, serif;\"><span style=\"font-size: small;\">\u00a0\u00a0<\/span><\/span><\/span><b style=\"font-size: small;\">Il concerto \u00e8 organizzato da Gioservice di Giovanni Tosatto in collaborazione con la Cooperativa Elementa che gestisce l\u2019impianto sportivo <\/b><span style=\"font-size: small;\">I biglietti per il concerto sono disponibili sul sito <a href=\"http:\/\/www.primiallaprima.it\">www.primiallaprima.it<\/a> presso le Casse Rurali Trentine e a Feltre presso Tony Dischi Center Shop via Montelungo 4 tel 0439302007 <\/span><span style=\"font-size: small;\">Informazioni: <\/span><span style=\"font-size: small;\">Gio Service 3200437637\u00a0 \u00a0 \u00a0<\/span><\/b><\/p>\n<hr \/>\n<div>\n<div>\n<div class=\"b654a4as d2edcug0\">\n<div class=\"rq0escxv hkbzh7o3 jwdofwj8 n8tt0mok r8blr3vg hyh9befq\">\n<div class=\"b654a4as d2edcug0\">\n<p><span style=\"color: #008000;\">\u00a0<\/span><\/p>\n<h1><span style=\"color: #ff0000;\">IERI ALLA RADIO<\/span><\/h1>\n<h2><span style=\"color: #808000;\">GIROVAGANDO IN E-BIKE TRA LE DOLOMITI<\/span><\/h2>\n<blockquote><p><strong>Con Moreno Geremetta, Thomas Soppelsa e Ivan Cagnati<\/strong><\/p><\/blockquote>\n<audio class=\"wp-audio-shortcode\" id=\"audio-209196-12\" preload=\"none\" style=\"width: 100%;\" controls=\"controls\"><source type=\"audio\/mpeg\" src=\"https:\/\/www.radiopiu.net\/wordpress\/wp-content\/uploads\/2021\/05\/girovagando-dolomiti.mp3?_=12\" \/><a href=\"https:\/\/www.radiopiu.net\/wordpress\/wp-content\/uploads\/2021\/05\/girovagando-dolomiti.mp3\">https:\/\/www.radiopiu.net\/wordpress\/wp-content\/uploads\/2021\/05\/girovagando-dolomiti.mp3<\/a><\/audio>\n<blockquote>\n<blockquote><p><em>\u201cBenvenuti in questo gruppo dove cercheremo di postare le foto pi\u00f9 belle dei nostri giri, facendovi scoprire gli angoli pi\u00f9 belli delle nostre amate montagne e magari anche posti che neanche conoscevate\u2026\u201d<\/em><\/p>\n<p><a href=\"https:\/\/www.radiopiu.net\/wordpress\/giornale-radiopiu-23-aprile-2021-direttore-mirko-mezzacasa\/175719585_10221753028888286_4493050957849567432_n\/\" rel=\"attachment wp-att-205054\"><img loading=\"lazy\" decoding=\"async\" class=\"alignnone size-medium wp-image-205054\" src=\"https:\/\/www.radiopiu.net\/wordpress\/wp-content\/uploads\/2021\/04\/175719585_10221753028888286_4493050957849567432_n-300x115.jpg\" sizes=\"auto, (max-width: 300px) 100vw, 300px\" srcset=\"https:\/\/www.radiopiu.net\/wordpress\/wp-content\/uploads\/2021\/04\/175719585_10221753028888286_4493050957849567432_n-300x115.jpg 300w, https:\/\/www.radiopiu.net\/wordpress\/wp-content\/uploads\/2021\/04\/175719585_10221753028888286_4493050957849567432_n-768x295.jpg 768w, https:\/\/www.radiopiu.net\/wordpress\/wp-content\/uploads\/2021\/04\/175719585_10221753028888286_4493050957849567432_n.jpg 820w\" alt=\"\" width=\"300\" height=\"115\" \/><\/a><\/p><\/blockquote>\n<p><strong>Ecco un nuovo gruppo facebook per promuovere la vallata, far conoscere sentieri anche per le biciclette. Tanti bei luoghi\u00a0 da visitare e che molti non sanno nemmeno esistano.<\/strong><\/p>\n<p>PER SAPERNE DI PIU\u2019\u00a0<strong><a href=\"https:\/\/www.facebook.com\/groups\/942664679826112\/\">CLICCA QUI\u00a0<\/a><\/strong><\/p><\/blockquote>\n<p>&nbsp;<\/p>\n<hr \/>\n<p>&nbsp;<\/p>\n<h2><strong><a href=\"https:\/\/www.radiopiu.net\/wordpress\/salta-la-marcialonga-cycling-a-settembre-la-marcialonga-running\/marcialonga\/\" rel=\"attachment wp-att-209281\"><img loading=\"lazy\" decoding=\"async\" class=\" wp-image-209281 alignleft\" src=\"https:\/\/www.radiopiu.net\/wordpress\/wp-content\/uploads\/2021\/05\/MARCIALONGA-246x300.png\" alt=\"\" width=\"148\" height=\"180\" srcset=\"https:\/\/www.radiopiu.net\/wordpress\/wp-content\/uploads\/2021\/05\/MARCIALONGA-246x300.png 246w, https:\/\/www.radiopiu.net\/wordpress\/wp-content\/uploads\/2021\/05\/MARCIALONGA-839x1024.png 839w, https:\/\/www.radiopiu.net\/wordpress\/wp-content\/uploads\/2021\/05\/MARCIALONGA-768x937.png 768w, https:\/\/www.radiopiu.net\/wordpress\/wp-content\/uploads\/2021\/05\/MARCIALONGA.png 1124w\" sizes=\"auto, (max-width: 148px) 100vw, 148px\" \/><\/a><span style=\"color: #3366ff;\">SALTA LA MARCIALONGA CYCLING, A SETTEMBRE LA MARCIALONGA RUNNING<\/span><\/strong><\/h2>\n<p><strong>di Claudio Fontanive<\/strong><\/p>\n<p><strong>OSPITI: Nino Barresi e Davide Stoffie<\/strong><\/p>\n<audio class=\"wp-audio-shortcode\" id=\"audio-209196-13\" preload=\"none\" style=\"width: 100%;\" controls=\"controls\"><source type=\"audio\/mpeg\" src=\"https:\/\/www.radiopiu.net\/wordpress\/wp-content\/uploads\/2021\/05\/marcialonga-barresi-stoffie.mp3?_=13\" \/><a href=\"https:\/\/www.radiopiu.net\/wordpress\/wp-content\/uploads\/2021\/05\/marcialonga-barresi-stoffie.mp3\">https:\/\/www.radiopiu.net\/wordpress\/wp-content\/uploads\/2021\/05\/marcialonga-barresi-stoffie.mp3<\/a><\/audio>\n<p>&nbsp;<\/p>\n<hr \/>\n<p>&nbsp;<\/p>\n<p><span style=\"color: #008000;\">\u00a0\u00a0<\/span><\/p>\n<blockquote>\n<h2>SABATO \u00c8 IL COMPLEANNO DEL BUSTO DI DANTE A\u2026 PORTA DANTE<\/h2>\n<\/blockquote>\n<p><strong>di RENATO BONA<\/strong><\/p>\n<p><strong>BELLUNO<\/strong> Il 15 maggio, sabato prossimo, dunque, sar\u00e0 il compleanno numero 156 per il bronzo di Dante che campeggia sulla Porta Dante esterna e d\u00e0 in Piazza dei Martiri di \u201cBelluno citt\u00e0 splendente\u201d. Una curiosit\u00e0 che viene proposta nel libro \u201cCuriosando per la citt\u00e0 di Belluno\u201d, realizzato in proprio nel marzo scorso con la bellunese Tipografia Sommavilla dall\u2019amico Vincenzo Caputo che ha ricercato frammenti d\u2019arte locale del passato con la preziosa collaborazione dell\u2019architetto Roberto Reolon, di Orsola Petrella, Carla De Poli nonch\u00e9 del proprio figlio Marco; le numerose fotografie a corredo del testo sono dello stesso autore nonch\u00e9 della De Poli che ha curato anche la copertina del libro di oltre 130 pagine. L\u2019iniziativa editoriale &#8211; viene precisato &#8211; ha lo scopo di cercare di porre l\u2019attenzione su alcuni beni artistici nei luoghi storici della citt\u00e0, affinch\u00e9 il loro ricordo si protragga nel tempo. La curiosit\u00e0 sul busto del \u201csommo poeta\u201d \u00e8 inserita nel capitolo: \u201cLavori in bronzo, campane, statue, busti e bocchettoni delle fontane\u201d dove accanto a due foto \u00e8 scritto che Porta Dante \u201canticamente era denominata porta Reniera: fu realizzata nel 1669 dal Rettore veneto Daniele Renier da cui prese naturalmente il nome. In una nicchia \u00e8 collocato un busto di bronzo del divino poeta, modellato da Alessandro Borro di Vittorio Veneto ed inaugurato il 15 maggio 1865\u201d. E veniamo alle Campane del Duomo di cui si ricorda che nel 1917 gli austriaci le asportarono e spogliarono del rame l\u2019intera cupola. Il 23 gennaio 1921 furono inaugurate quelle nuove: la maggiore (con scritta latina che recita: \u201cDono del vescovo Giovanni Battista Sandi nell\u2019anno 1759. Da peste, fame e guerra, liberaci o Signore\u201d), quella di mezzogiorno (\u201cCeleste Patrona difendi i confini dell\u2019Italia\u201d), quella dell\u2019agonia (\u201cDona loro Signore, il riposo eterno\u201d), la quarta (\u201cSignore, esaudisci le preghiere del tuo popolo e liberalko da ogni male\u201d), quella della messa (unica senza iscrizione di sorta). Vennero quindi fuse per l\u2019ultima volta nel 1934 dall\u2019antica Fonderia De Poli di Vittorio Veneto. Anche qui Caputo propone una curiosit\u00e0: \u201cFin dal XII secolo, durante la guerra coi trevisani i bellunesi collocarono una campana sulla torre del Duomo, destinata a chiamare i cittadini alle armi per combattere. E siccome il nemico di quell\u2019epoca era sempre la citt\u00e0 di Treviso, la campana si chiam\u00f2 \u2018Trevisana\u2019\u201d. Restiamo al Duomo per dire che la torre campanaria \u201ciniziata nel 17232 su progetto di Filippo Juvara venne terminata nel 1743. In seguito al terremoto del 1936 l\u2019Angelo di rame, modellato in legno da Andrea Brustolon, fu smantellato e rifatto completamente. Nel 1968 un\u2019ala cedette e fu l\u2019occasione per un suo consolidamento. Gravemente danneggiata dagli eventi atmosferici, fu restaurata definitivamente nel 2001\u201d. Ancora nella bella piazza centrale per dire dei due busti di Garibaldi e del re Vittorio Emanuele II sul palazzo dell\u2019ex Tribunale. \u201cFu realizzato nel 1838 demolendo nel 1834 il vecchio palazzo del Consiglio de Nobili della citt\u00e0, detto \u2018Caminada\u2019, costruito nel 1474. Il 4 giugno 1893 venivano collocate sulla facciata, sopra due cornici in pietra lavorata i busti in bronzo di Garibaldi, generale patriota, e Vittorio Emanuele II, primo re d\u2019Italia, opera dello scultore bellunese Girolamo Bortotti (poi sistemati sull\u2019attuale facciata dell\u2019ex Palazzo del Tribunale)\u201d. Poco pi\u00f9 in l\u00e0 ecco il Palazzo dei Rettori, del secolo quindicesimo. Eretto nel 1409 fu ricostruito nel 1491 da Giovanni Candi e completato nel 1536; fu sede per quasi 4 secoli dei Rettori veneti che governarono per la Serenissima il territorio bellunese. La facciata \u00e8 adorna di fregi e fogliami, di busti in bronzo e in marmo tra le finestre del secondo piano, di podest\u00e0 veneti. Sulla facciata laterale sinistra i busti in bronzo di Mazzini e Cavour, protagonisti del Risorgimento. Con la nascita del Regno d\u2019Italia, Cavour divenne primo Presidente del Consiglio\u201d. Detto di Porta Dante, ci spostiamo di pochi metri attratti dal Teatro comunale, gi\u00e0 Teatro sociale (1835) nella Piazza Vittorio Emanuele II. Cos\u00ec Caputo: \u201cLa costruzione, iniziata nel 1833, \u00e8 opera dell\u2019architetto Giuseppe Segusini. Sulle pareti esterne si trovano in apposite nicchie ovali nove busti in pietra e bronzo di Rettori veneti dei secoli XVI e XVII, provenienti dal demolito Palazzo Comunale\u201d. Avviandoci alla conclusione di questo \u201cviaggio virtuale\u201d guidati dal bel libro di Vincenzo Caputo, giungiamo nella via Psaro dove vi \u00e8 la sede dell\u2019Istituto tecnico industriale che \u201cnei giardinetti antistanti la facciata dell\u2019edificio scolastico, gi\u00e0 Regia Scuola Industriale (1905), si possono vedere i busti in bronzo su delle colonne in pietra: l\u2019accuratezza del lavoro, l\u2019attenta caratterizzazione fisionomica indicano l\u2019importanza dei personaggi\u201d. Da ultimo ecco la scuola elementare \u201cAristide Gabelli\u201d, nella via Segato, di cui si viene proposto un \u201cparticolare del cancello d\u2019entrata con una delle tre aquile realizzate con fusione in bronzo, e collocate su pilastrini di pietra a forma cilindrica, che \u00e8 del 1934. La scuola con il suo giardini sorge nel luogo della vecchia, preesistente stazione ferroviaria inaugurata nel 1896\u201d. Oggi le \u201cGabelli\u201d sono oggetto di importanti lavori di ristrutturazione che dovrebbe potersi concludere al massimo fra un paio d\u2019anni.\u201cGabelli\u201d.<\/p>\n\n\t\t\t<style type='text\/css'>\n\t\t\t\t#gallery-4 {\n\t\t\t\t\tmargin: auto;\n\t\t\t\t}\n\t\t\t\t#gallery-4 .gallery-item {\n\t\t\t\t\tfloat: left;\n\t\t\t\t\tmargin-top: 10px;\n\t\t\t\t\ttext-align: center;\n\t\t\t\t\twidth: 14%;\n\t\t\t\t}\n\t\t\t\t#gallery-4 img {\n\t\t\t\t\tborder: 2px solid #cfcfcf;\n\t\t\t\t}\n\t\t\t\t#gallery-4 .gallery-caption {\n\t\t\t\t\tmargin-left: 0;\n\t\t\t\t}\n\t\t\t\t\/* see gallery_shortcode() in wp-includes\/media.php *\/\n\t\t\t<\/style>\n\t\t<div id='gallery-4' class='dt-gallery-container gallery galleryid-209196 gallery-columns-7 gallery-size-thumbnail'><dl class='gallery-item'>\n\t\t\t\t<dt class='gallery-icon portrait'>\n\t\t\t\t\t<a class=\"rollover rollover-zoom dt-pswp-item\" title=\"185282449_3335143123255316_3829797928742389594_n\" data-dt-img-description=\"\" data-large_image_width=\"152\" data-large_image_height=\"280\"href='https:\/\/www.radiopiu.net\/wordpress\/wp-content\/uploads\/2021\/05\/185282449_3335143123255316_3829797928742389594_n.jpg'><img loading=\"lazy\" decoding=\"async\" width=\"150\" height=\"150\" src=\"https:\/\/www.radiopiu.net\/wordpress\/wp-content\/uploads\/2021\/05\/185282449_3335143123255316_3829797928742389594_n-150x150.jpg\" class=\"attachment-thumbnail size-thumbnail\" alt=\"\" \/><\/a>\n\t\t\t\t<\/dt><\/dl><dl class='gallery-item'>\n\t\t\t\t<dt class='gallery-icon portrait'>\n\t\t\t\t\t<a class=\"rollover rollover-zoom dt-pswp-item\" title=\"185031754_389325758876381_6216791514446319015_n\" data-dt-img-description=\"\" data-large_image_width=\"151\" data-large_image_height=\"247\"href='https:\/\/www.radiopiu.net\/wordpress\/wp-content\/uploads\/2021\/05\/185031754_389325758876381_6216791514446319015_n.jpg'><img loading=\"lazy\" decoding=\"async\" width=\"150\" height=\"150\" src=\"https:\/\/www.radiopiu.net\/wordpress\/wp-content\/uploads\/2021\/05\/185031754_389325758876381_6216791514446319015_n-150x150.jpg\" class=\"attachment-thumbnail size-thumbnail\" alt=\"\" \/><\/a>\n\t\t\t\t<\/dt><\/dl><dl class='gallery-item'>\n\t\t\t\t<dt class='gallery-icon portrait'>\n\t\t\t\t\t<a class=\"rollover rollover-zoom dt-pswp-item\" title=\"185826798_3902036583167350_185931432345947675_n\" data-dt-img-description=\"\" data-large_image_width=\"160\" data-large_image_height=\"204\"href='https:\/\/www.radiopiu.net\/wordpress\/wp-content\/uploads\/2021\/05\/185826798_3902036583167350_185931432345947675_n.jpg'><img loading=\"lazy\" decoding=\"async\" width=\"150\" height=\"150\" src=\"https:\/\/www.radiopiu.net\/wordpress\/wp-content\/uploads\/2021\/05\/185826798_3902036583167350_185931432345947675_n-150x150.jpg\" class=\"attachment-thumbnail size-thumbnail\" alt=\"\" \/><\/a>\n\t\t\t\t<\/dt><\/dl><dl class='gallery-item'>\n\t\t\t\t<dt class='gallery-icon portrait'>\n\t\t\t\t\t<a class=\"rollover rollover-zoom dt-pswp-item\" title=\"186250786_474622680428383_7802354535349416681_n\" data-dt-img-description=\"\" data-large_image_width=\"151\" data-large_image_height=\"206\"href='https:\/\/www.radiopiu.net\/wordpress\/wp-content\/uploads\/2021\/05\/186250786_474622680428383_7802354535349416681_n.jpg'><img loading=\"lazy\" decoding=\"async\" width=\"150\" height=\"150\" src=\"https:\/\/www.radiopiu.net\/wordpress\/wp-content\/uploads\/2021\/05\/186250786_474622680428383_7802354535349416681_n-150x150.jpg\" class=\"attachment-thumbnail size-thumbnail\" alt=\"\" \/><\/a>\n\t\t\t\t<\/dt><\/dl><dl class='gallery-item'>\n\t\t\t\t<dt class='gallery-icon landscape'>\n\t\t\t\t\t<a class=\"rollover rollover-zoom dt-pswp-item\" title=\"185431639_1551178428418663_5478150704303250316_n\" data-dt-img-description=\"\" data-large_image_width=\"476\" data-large_image_height=\"206\"href='https:\/\/www.radiopiu.net\/wordpress\/wp-content\/uploads\/2021\/05\/185431639_1551178428418663_5478150704303250316_n.jpg'><img loading=\"lazy\" decoding=\"async\" width=\"150\" height=\"150\" src=\"https:\/\/www.radiopiu.net\/wordpress\/wp-content\/uploads\/2021\/05\/185431639_1551178428418663_5478150704303250316_n-150x150.jpg\" class=\"attachment-thumbnail size-thumbnail\" alt=\"\" \/><\/a>\n\t\t\t\t<\/dt><\/dl><dl class='gallery-item'>\n\t\t\t\t<dt class='gallery-icon portrait'>\n\t\t\t\t\t<a class=\"rollover rollover-zoom dt-pswp-item\" title=\"185955802_135335075201264_8015090132420008354_n\" data-dt-img-description=\"\" data-large_image_width=\"168\" data-large_image_height=\"207\"href='https:\/\/www.radiopiu.net\/wordpress\/wp-content\/uploads\/2021\/05\/185955802_135335075201264_8015090132420008354_n.jpg'><img loading=\"lazy\" decoding=\"async\" width=\"150\" height=\"150\" src=\"https:\/\/www.radiopiu.net\/wordpress\/wp-content\/uploads\/2021\/05\/185955802_135335075201264_8015090132420008354_n-150x150.jpg\" class=\"attachment-thumbnail size-thumbnail\" alt=\"\" \/><\/a>\n\t\t\t\t<\/dt><\/dl><dl class='gallery-item'>\n\t\t\t\t<dt class='gallery-icon landscape'>\n\t\t\t\t\t<a class=\"rollover rollover-zoom dt-pswp-item\" title=\"185771369_181603667166362_6539969390438271236_n\" data-dt-img-description=\"\" data-large_image_width=\"840\" data-large_image_height=\"206\"href='https:\/\/www.radiopiu.net\/wordpress\/wp-content\/uploads\/2021\/05\/185771369_181603667166362_6539969390438271236_n.jpg'><img loading=\"lazy\" decoding=\"async\" width=\"150\" height=\"150\" src=\"https:\/\/www.radiopiu.net\/wordpress\/wp-content\/uploads\/2021\/05\/185771369_181603667166362_6539969390438271236_n-150x150.jpg\" class=\"attachment-thumbnail size-thumbnail\" alt=\"\" \/><\/a>\n\t\t\t\t<\/dt><\/dl><br style=\"clear: both\" \/><dl class='gallery-item'>\n\t\t\t\t<dt class='gallery-icon landscape'>\n\t\t\t\t\t<a class=\"rollover rollover-zoom dt-pswp-item\" title=\"185557016_481585039849350_891077905117688654_n\" data-dt-img-description=\"\" data-large_image_width=\"223\" data-large_image_height=\"206\"href='https:\/\/www.radiopiu.net\/wordpress\/wp-content\/uploads\/2021\/05\/185557016_481585039849350_891077905117688654_n.jpg'><img loading=\"lazy\" decoding=\"async\" width=\"150\" height=\"150\" src=\"https:\/\/www.radiopiu.net\/wordpress\/wp-content\/uploads\/2021\/05\/185557016_481585039849350_891077905117688654_n-150x150.jpg\" class=\"attachment-thumbnail size-thumbnail\" alt=\"\" \/><\/a>\n\t\t\t\t<\/dt><\/dl><dl class='gallery-item'>\n\t\t\t\t<dt class='gallery-icon portrait'>\n\t\t\t\t\t<a class=\"rollover rollover-zoom dt-pswp-item\" title=\"185295855_2913965868815937_8892049979313195758_n\" data-dt-img-description=\"\" data-large_image_width=\"156\" data-large_image_height=\"206\"href='https:\/\/www.radiopiu.net\/wordpress\/wp-content\/uploads\/2021\/05\/185295855_2913965868815937_8892049979313195758_n.jpg'><img loading=\"lazy\" decoding=\"async\" width=\"150\" height=\"150\" src=\"https:\/\/www.radiopiu.net\/wordpress\/wp-content\/uploads\/2021\/05\/185295855_2913965868815937_8892049979313195758_n-150x150.jpg\" class=\"attachment-thumbnail size-thumbnail\" alt=\"\" \/><\/a>\n\t\t\t\t<\/dt><\/dl><dl class='gallery-item'>\n\t\t\t\t<dt class='gallery-icon landscape'>\n\t\t\t\t\t<a class=\"rollover rollover-zoom dt-pswp-item\" title=\"185628037_296949078596857_4156465043127341990_n\" data-dt-img-description=\"\" data-large_image_width=\"403\" data-large_image_height=\"204\"href='https:\/\/www.radiopiu.net\/wordpress\/wp-content\/uploads\/2021\/05\/185628037_296949078596857_4156465043127341990_n.jpg'><img loading=\"lazy\" decoding=\"async\" width=\"150\" height=\"150\" src=\"https:\/\/www.radiopiu.net\/wordpress\/wp-content\/uploads\/2021\/05\/185628037_296949078596857_4156465043127341990_n-150x150.jpg\" class=\"attachment-thumbnail size-thumbnail\" alt=\"\" \/><\/a>\n\t\t\t\t<\/dt><\/dl><dl class='gallery-item'>\n\t\t\t\t<dt class='gallery-icon landscape'>\n\t\t\t\t\t<a class=\"rollover rollover-zoom dt-pswp-item\" title=\"185327225_394608054944974_5939166102290422485_n\" data-dt-img-description=\"\" data-large_image_width=\"350\" data-large_image_height=\"202\"href='https:\/\/www.radiopiu.net\/wordpress\/wp-content\/uploads\/2021\/05\/185327225_394608054944974_5939166102290422485_n.jpg'><img loading=\"lazy\" decoding=\"async\" width=\"150\" height=\"150\" src=\"https:\/\/www.radiopiu.net\/wordpress\/wp-content\/uploads\/2021\/05\/185327225_394608054944974_5939166102290422485_n-150x150.jpg\" class=\"attachment-thumbnail size-thumbnail\" alt=\"\" \/><\/a>\n\t\t\t\t<\/dt><\/dl><dl class='gallery-item'>\n\t\t\t\t<dt class='gallery-icon portrait'>\n\t\t\t\t\t<a class=\"rollover rollover-zoom dt-pswp-item\" title=\"185305823_513414093016886_1415023245122707592_n\" data-dt-img-description=\"\" data-large_image_width=\"152\" data-large_image_height=\"206\"href='https:\/\/www.radiopiu.net\/wordpress\/wp-content\/uploads\/2021\/05\/185305823_513414093016886_1415023245122707592_n.jpg'><img loading=\"lazy\" decoding=\"async\" width=\"150\" height=\"150\" src=\"https:\/\/www.radiopiu.net\/wordpress\/wp-content\/uploads\/2021\/05\/185305823_513414093016886_1415023245122707592_n-150x150.jpg\" class=\"attachment-thumbnail size-thumbnail\" alt=\"\" \/><\/a>\n\t\t\t\t<\/dt><\/dl><dl class='gallery-item'>\n\t\t\t\t<dt class='gallery-icon landscape'>\n\t\t\t\t\t<a class=\"rollover rollover-zoom dt-pswp-item\" title=\"185533113_324357175699646_6973276347079918554_n\" data-dt-img-description=\"\" data-large_image_width=\"280\" data-large_image_height=\"204\"href='https:\/\/www.radiopiu.net\/wordpress\/wp-content\/uploads\/2021\/05\/185533113_324357175699646_6973276347079918554_n.jpg'><img loading=\"lazy\" decoding=\"async\" width=\"150\" height=\"150\" src=\"https:\/\/www.radiopiu.net\/wordpress\/wp-content\/uploads\/2021\/05\/185533113_324357175699646_6973276347079918554_n-150x150.jpg\" class=\"attachment-thumbnail size-thumbnail\" alt=\"\" \/><\/a>\n\t\t\t\t<\/dt><\/dl><dl class='gallery-item'>\n\t\t\t\t<dt class='gallery-icon portrait'>\n\t\t\t\t\t<a class=\"rollover rollover-zoom dt-pswp-item\" title=\"186452042_322852586117405_9184873883996846586_n\" data-dt-img-description=\"\" data-large_image_width=\"160\" data-large_image_height=\"222\"href='https:\/\/www.radiopiu.net\/wordpress\/wp-content\/uploads\/2021\/05\/186452042_322852586117405_9184873883996846586_n.jpg'><img loading=\"lazy\" decoding=\"async\" width=\"150\" height=\"150\" src=\"https:\/\/www.radiopiu.net\/wordpress\/wp-content\/uploads\/2021\/05\/186452042_322852586117405_9184873883996846586_n-150x150.jpg\" class=\"attachment-thumbnail size-thumbnail\" alt=\"\" \/><\/a>\n\t\t\t\t<\/dt><\/dl><br style=\"clear: both\" \/>\n\t\t\t<\/div>\n\n<p>NELLE FOTO (riproduzioni dal libro\u201dCuriosando per la citt\u00e0 di Belluno\u201d): il busto e la porta dedicati a Dante Alighieri, nella Piazza dei Martiri; il campanile di Filippo Juvara e l\u2019Angelo che lo sovrasta in Piazza Duomo; i bronzi di Garibaldi e Vittorio Emanuele II nel Palazzo ex Tribunale, nella stessa Piazza; uno scorcio della facciata del Palazzo dei Rettori, sede della Prefettura; i busti di Mazzini e Cavour; alcuni dei busti in pietra e bronzo di Rettori veneti sulle pareti esterne del Teatro Comunale opera di Giuseppe Segusini; e quelli nei giardinetti antistanti la facciata dell\u2019Istituto tecnico industriale \u201cSegato\u201d nella via Psaro; l\u2019ingresso delle scuole elementari \u201cGabelli\u201d con le sue aquile bronzee.<\/p>\n<p>&nbsp;<\/p>\n<hr \/>\n<p>&nbsp;<\/p>\n<blockquote>\n<h2>MARCO DAL FARRA, TALENTO DA IMITATORE<\/h2>\n<\/blockquote>\n<p><strong>BELLUNO<\/strong> Lo abbiamo gi\u00e0 conosciuto alla radio in veste di cantante, lo abbiamo seguito nei suoi concerti ed ora, in tempi di covid lo stiamo ascoltando in alcune brillanti imitazioni, del sindaco di Agordo Roberto Chissal\u00e8 solo qualche giorno fa. Oggi vi proponiamo una bella imitazione del Giorgio Nazionale. Marco avrebbe dovuto partecipare al Talent show ma la pandemia covid ha rotto i piani, ma non la voglia di Marco di fare musica, spettacolo e molto altro.<\/p>\n<p><strong>MARCO DAL FARRA IMITA GIORGIO GABER\u00a0<\/strong><\/p>\n<div style=\"width: 640px;\" class=\"wp-video\"><video class=\"wp-video-shortcode\" id=\"video-209196-5\" width=\"640\" height=\"352\" preload=\"metadata\" controls=\"controls\"><source type=\"video\/mp4\" src=\"https:\/\/www.radiopiu.net\/wordpress\/wp-content\/uploads\/2021\/05\/WhatsApp-Video-2021-05-12-at-07.28.10.mp4?_=5\" \/><a href=\"https:\/\/www.radiopiu.net\/wordpress\/wp-content\/uploads\/2021\/05\/WhatsApp-Video-2021-05-12-at-07.28.10.mp4\">https:\/\/www.radiopiu.net\/wordpress\/wp-content\/uploads\/2021\/05\/WhatsApp-Video-2021-05-12-at-07.28.10.mp4<\/a><\/video><\/div>\n<p>&nbsp;<\/p>\n<p>&nbsp;<\/p>\n<p>&nbsp;<\/p>\n<hr \/>\n<\/div>\n<div class=\"b654a4as d2edcug0\">\n<h2><span style=\"color: #008000;\">\u00a0<\/span><\/h2>\n<h2><span style=\"color: #008000;\">ERBE E PIANTE CURATIVE&#8230;IL\u00a0 PROGRAMMA DI PAOLA LANCIATO<\/span><\/h2>\n<\/div>\n<p><strong><a href=\"https:\/\/www.radiopiu.net\/wordpress\/erbe-e-piante-curative-puntata-15\/tiglio\/\" rel=\"attachment wp-att-209024\"><img loading=\"lazy\" decoding=\"async\" class=\"size-medium wp-image-209024 alignleft\" src=\"https:\/\/www.radiopiu.net\/wordpress\/wp-content\/uploads\/2021\/05\/TIGLIO-300x200.jpg\" alt=\"\" width=\"300\" height=\"200\" srcset=\"https:\/\/www.radiopiu.net\/wordpress\/wp-content\/uploads\/2021\/05\/TIGLIO-300x200.jpg 300w, https:\/\/www.radiopiu.net\/wordpress\/wp-content\/uploads\/2021\/05\/TIGLIO-1024x683.jpg 1024w, https:\/\/www.radiopiu.net\/wordpress\/wp-content\/uploads\/2021\/05\/TIGLIO-768x512.jpg 768w, https:\/\/www.radiopiu.net\/wordpress\/wp-content\/uploads\/2021\/05\/TIGLIO-1536x1024.jpg 1536w, https:\/\/www.radiopiu.net\/wordpress\/wp-content\/uploads\/2021\/05\/TIGLIO.jpg 1920w\" sizes=\"auto, (max-width: 300px) 100vw, 300px\" \/><\/a>di Paola Lanciato<\/strong><\/p>\n<p><strong>\u00a0<\/strong><\/p>\n<p><strong>\u00a0<\/strong><\/p>\n<p><strong>\u00a0<\/strong><\/p>\n<p><strong>\u00a0<\/strong><\/p>\n<p><strong>\u00a0<\/strong><\/p>\n<p><strong>\u00a0<\/strong><\/p>\n<p><strong>PUNTATA 15 &#8211; IL TIGLIO<\/strong><\/p>\n<audio class=\"wp-audio-shortcode\" id=\"audio-209196-14\" preload=\"none\" style=\"width: 100%;\" controls=\"controls\"><source type=\"audio\/mpeg\" src=\"https:\/\/www.radiopiu.net\/wordpress\/wp-content\/uploads\/2021\/05\/13-Il-tiglio-M.mp3?_=14\" \/><a href=\"https:\/\/www.radiopiu.net\/wordpress\/wp-content\/uploads\/2021\/05\/13-Il-tiglio-M.mp3\">https:\/\/www.radiopiu.net\/wordpress\/wp-content\/uploads\/2021\/05\/13-Il-tiglio-M.mp3<\/a><\/audio>\n<h3><strong>LA RACCOLTA COMPLETA\u00a0<\/strong><\/h3>\n<blockquote class=\"wp-embedded-content\" data-secret=\"Fpv3UMY1lm\"><p><a href=\"https:\/\/www.radiopiu.net\/wordpress\/erbe-e-piante-curative-il-mandorlo\/\">L\u2019ERBA VOGLIO DEL GIARDINO DEL RE\u2026 ERBE, FIORI E PIANTE DI E CON PAOLA LANCIATO<\/a><\/p><\/blockquote>\n<p><iframe loading=\"lazy\" class=\"wp-embedded-content\" sandbox=\"allow-scripts\" security=\"restricted\" style=\"position: absolute; clip: rect(1px, 1px, 1px, 1px);\" title=\"&#8220;L\u2019ERBA VOGLIO DEL GIARDINO DEL RE\u2026 ERBE, FIORI E PIANTE DI E CON PAOLA LANCIATO&#8221; &#8212; Radio Pi\u00f9\" src=\"https:\/\/www.radiopiu.net\/wordpress\/erbe-e-piante-curative-il-mandorlo\/embed\/#?secret=Fpv3UMY1lm\" data-secret=\"Fpv3UMY1lm\" width=\"600\" height=\"338\" frameborder=\"0\" marginwidth=\"0\" marginheight=\"0\" scrolling=\"no\"><\/iframe><\/p>\n<p>&nbsp;<\/p>\n<hr \/>\n<p>&nbsp;<\/p>\n<h2><em>ZAINO ALLA RADIO&#8230;ESTATE DI PAOLA LANCIATO DALLA DOMENICA AL VENERDI TUTTI I GIORNI ALLE 14 E 23.30\u00a0<\/em><\/h2>\n<blockquote>\n<h3><strong>IL MULINO DI BERT \u2013 ZAINO DA VIAGGIO ESTATE, DI PAOLA LANCIATO\u00a0<\/strong><\/h3>\n<\/blockquote>\n<p><strong><a href=\"https:\/\/www.radiopiu.net\/wordpress\/il-mulino-di-bert-zaino-da-viaggio-estate-di-paola-lanciato\/3-73\/\" rel=\"attachment wp-att-209273\"><img loading=\"lazy\" decoding=\"async\" class=\" wp-image-209273 alignleft\" src=\"https:\/\/www.radiopiu.net\/wordpress\/wp-content\/uploads\/2021\/05\/3-3-300x199.jpg\" alt=\"\" width=\"143\" height=\"95\" srcset=\"https:\/\/www.radiopiu.net\/wordpress\/wp-content\/uploads\/2021\/05\/3-3-300x199.jpg 300w, https:\/\/www.radiopiu.net\/wordpress\/wp-content\/uploads\/2021\/05\/3-3-768x510.jpg 768w, https:\/\/www.radiopiu.net\/wordpress\/wp-content\/uploads\/2021\/05\/3-3.jpg 800w\" sizes=\"auto, (max-width: 143px) 100vw, 143px\" \/><\/a>AUDIO<\/strong><\/p>\n<audio class=\"wp-audio-shortcode\" id=\"audio-209196-15\" preload=\"none\" style=\"width: 100%;\" controls=\"controls\"><source type=\"audio\/mpeg\" src=\"https:\/\/www.radiopiu.net\/wordpress\/wp-content\/uploads\/2021\/05\/3-Il-mulino-di-Bert-M.mp3?_=15\" \/><a href=\"https:\/\/www.radiopiu.net\/wordpress\/wp-content\/uploads\/2021\/05\/3-Il-mulino-di-Bert-M.mp3\">https:\/\/www.radiopiu.net\/wordpress\/wp-content\/uploads\/2021\/05\/3-Il-mulino-di-Bert-M.mp3<\/a><\/audio>\n<p>&nbsp;<\/p>\n<p><strong>LA RACCOLTA COMPLETA\u00a0<\/strong><\/p>\n<blockquote class=\"wp-embedded-content\" data-secret=\"GMLrK8LRmb\"><p><a href=\"https:\/\/www.radiopiu.net\/wordpress\/zaino-femminile-lanciato\/\">Zaino da viaggio al femminile<\/a><\/p><\/blockquote>\n<p><iframe loading=\"lazy\" class=\"wp-embedded-content\" sandbox=\"allow-scripts\" security=\"restricted\" style=\"position: absolute; clip: rect(1px, 1px, 1px, 1px);\" title=\"&#8220;Zaino da viaggio al femminile&#8221; &#8212; Radio Pi\u00f9\" src=\"https:\/\/www.radiopiu.net\/wordpress\/zaino-femminile-lanciato\/embed\/#?secret=GMLrK8LRmb\" data-secret=\"GMLrK8LRmb\" width=\"600\" height=\"338\" frameborder=\"0\" marginwidth=\"0\" marginheight=\"0\" scrolling=\"no\"><\/iframe><\/p>\n<\/div>\n<\/div>\n<p>&nbsp;<\/p>\n<p>&nbsp;<\/p>\n<hr \/>\n<p>&nbsp;<\/p>\n<\/div>\n<div>\n<div class=\"page-title-head hgroup\">\n<div class=\"page-title-head hgroup\">\n<div>\n<div class=\"b654a4as d2edcug0\">\n<div class=\"j83agx80 btwxx1t3 lhclo0ds hop8lmos nkwizq5d scwd0bx6 roh60bw9\">\n<div class=\"rq0escxv hkbzh7o3 jwdofwj8 n8tt0mok r8blr3vg hyh9befq\">\n<div class=\"do00u71z l9j0dhe7 k4urcfbm\">\n<div>\n<h2><span style=\"color: #000080;\"><a class=\"dt-pswp-item\" href=\"https:\/\/www.radiopiu.net\/wordpress\/wp-content\/uploads\/2020\/10\/pp.jpg\" data-dt-img-description=\"\" data-large_image_width=\"640\" data-large_image_height=\"640\"><img loading=\"lazy\" decoding=\"async\" class=\"wp-image-163678 alignleft\" src=\"https:\/\/www.radiopiu.net\/wordpress\/wp-content\/uploads\/2020\/10\/pp-300x300.jpg\" alt=\"\" width=\"106\" height=\"106\" srcset=\"https:\/\/www.radiopiu.net\/wordpress\/wp-content\/uploads\/2020\/10\/pp-300x300.jpg 300w, https:\/\/www.radiopiu.net\/wordpress\/wp-content\/uploads\/2020\/10\/pp-150x150.jpg 150w, https:\/\/www.radiopiu.net\/wordpress\/wp-content\/uploads\/2020\/10\/pp-125x125.jpg 125w, https:\/\/www.radiopiu.net\/wordpress\/wp-content\/uploads\/2020\/10\/pp-200x200.jpg 200w, https:\/\/www.radiopiu.net\/wordpress\/wp-content\/uploads\/2020\/10\/pp-80x80.jpg 80w, https:\/\/www.radiopiu.net\/wordpress\/wp-content\/uploads\/2020\/10\/pp-480x480.jpg 480w, https:\/\/www.radiopiu.net\/wordpress\/wp-content\/uploads\/2020\/10\/pp.jpg 640w\" sizes=\"auto, (max-width: 106px) 100vw, 106px\" \/><\/a><\/span><\/h2>\n<h2><span style=\"color: #000080;\">DON CESARE, IL PENSIERO DEL GIORNO. ALLA RADIO ALLE 7 DEL MATTINO E ALLE 19.30 DELLA SERA.\u00a0\u00a0<\/span><\/h2>\n<\/div>\n<\/div>\n<\/div>\n<\/div>\n<div class=\"rq0escxv hkbzh7o3 jwdofwj8 n8tt0mok r8blr3vg hyh9befq\">\n<p>&nbsp;<\/p>\n<p>&nbsp;<\/p>\n<audio class=\"wp-audio-shortcode\" id=\"audio-209196-16\" preload=\"none\" style=\"width: 100%;\" controls=\"controls\"><source type=\"audio\/mpeg\" src=\"https:\/\/www.radiopiu.net\/wordpress\/wp-content\/uploads\/2021\/05\/CESARE-8.mp3?_=16\" \/><a href=\"https:\/\/www.radiopiu.net\/wordpress\/wp-content\/uploads\/2021\/05\/CESARE-8.mp3\">https:\/\/www.radiopiu.net\/wordpress\/wp-content\/uploads\/2021\/05\/CESARE-8.mp3<\/a><\/audio>\n<p>&nbsp;<\/p>\n<hr \/>\n<div class=\"b654a4as d2edcug0\">\n<h2><span style=\"color: #008000;\">\u00a0<\/span><\/h2>\n<\/div>\n<\/div>\n<\/div>\n<div class=\"b654a4as d2edcug0\">\n<p>&nbsp;<\/p>\n<blockquote>\n<h3><a href=\"https:\/\/www.radiopiu.net\/wordpress\/almanacco-ladino-puntata-5-2020\/sn\/\" rel=\"attachment wp-att-180931\"><img loading=\"lazy\" decoding=\"async\" class=\"wp-image-180931 alignleft\" src=\"https:\/\/www.radiopiu.net\/wordpress\/wp-content\/uploads\/2020\/12\/sn-300x194.jpg\" alt=\"\" width=\"181\" height=\"117\" srcset=\"https:\/\/www.radiopiu.net\/wordpress\/wp-content\/uploads\/2020\/12\/sn-300x194.jpg 300w, https:\/\/www.radiopiu.net\/wordpress\/wp-content\/uploads\/2020\/12\/sn.jpg 626w\" sizes=\"auto, (max-width: 181px) 100vw, 181px\" \/><\/a>L&#8217;ALMANACCO LADINO CON L&#8217;ISTITUT CESA DE JAN QUINDICINALE APPUNTAMENTO. LA DOMENICA ALLE 9 IL LUNEDI ALLE 8.35 IL MARTEDI ALLE 12.35 IL MERCOLEDI ALLE 18.35. SECONDA STAGIONE.<\/h3>\n<\/blockquote>\n<p><strong>PUNTATA DEL 10 MAGGIO<\/strong><\/p>\n<audio class=\"wp-audio-shortcode\" id=\"audio-209196-17\" preload=\"none\" style=\"width: 100%;\" controls=\"controls\"><source type=\"audio\/mpeg\" src=\"https:\/\/www.radiopiu.net\/wordpress\/wp-content\/uploads\/2021\/05\/58\u00b0-Almanacco-Ladino_Fodom-1.mp3?_=17\" \/><a href=\"https:\/\/www.radiopiu.net\/wordpress\/wp-content\/uploads\/2021\/05\/58\u00b0-Almanacco-Ladino_Fodom-1.mp3\">https:\/\/www.radiopiu.net\/wordpress\/wp-content\/uploads\/2021\/05\/58\u00b0-Almanacco-Ladino_Fodom-1.mp3<\/a><\/audio>\n<p><strong>RACCOLTA COMPLETA\u00a0<\/strong><\/p>\n<blockquote class=\"wp-embedded-content\" data-secret=\"unF7jaxpKo\"><p><a href=\"https:\/\/www.radiopiu.net\/wordpress\/almanacco-ladino\/\">Almanacco Ladino<\/a><\/p><\/blockquote>\n<p><iframe loading=\"lazy\" class=\"wp-embedded-content\" sandbox=\"allow-scripts\" security=\"restricted\" style=\"position: absolute; clip: rect(1px, 1px, 1px, 1px);\" title=\"&#8220;Almanacco Ladino&#8221; &#8212; Radio Pi\u00f9\" src=\"https:\/\/www.radiopiu.net\/wordpress\/almanacco-ladino\/embed\/#?secret=unF7jaxpKo\" data-secret=\"unF7jaxpKo\" width=\"600\" height=\"338\" frameborder=\"0\" marginwidth=\"0\" marginheight=\"0\" scrolling=\"no\"><\/iframe><\/p>\n<div dir=\"auto\"><\/div>\n<\/div>\n<div>\n<hr \/>\n<\/div>\n<div><\/div>\n<div><\/div>\n<div>\n<blockquote>\n<h3 class=\"kvgmc6g5 cxmmr5t8 oygrvhab hcukyx3x c1et5uql\"><span style=\"color: #0000ff;\">INFORMAZIONE il canale su TELEGRAM informazione di prima mano e in tempo reale. iscriviti ed aiutaci a farlo conoscere\u00a0<\/span><\/h3>\n<\/blockquote>\n<h2><a href=\"https:\/\/www.radiopiu.net\/wordpress\/fondi-per-la-scuola\/soldi-scuola\/\" rel=\"attachment wp-att-207306\"><img loading=\"lazy\" decoding=\"async\" class=\"wp-image-207306 alignleft\" src=\"https:\/\/www.radiopiu.net\/wordpress\/wp-content\/uploads\/2021\/05\/soldi-scuola-300x169.jpeg\" alt=\"\" width=\"193\" height=\"109\" srcset=\"https:\/\/www.radiopiu.net\/wordpress\/wp-content\/uploads\/2021\/05\/soldi-scuola-300x169.jpeg 300w, https:\/\/www.radiopiu.net\/wordpress\/wp-content\/uploads\/2021\/05\/soldi-scuola.jpeg 626w\" sizes=\"auto, (max-width: 193px) 100vw, 193px\" \/><\/a>007 IN CONDOTTA CON LA PROF. MARIA ROSA SALMAZO IL LUNEDI ALLE 10,30 E ALLE 19.00 LA DOMENICA ALLE 8 DEL MATTINO. NONA STAGIONE<\/h2>\n<p><span style=\"color: #ff0000;\"><strong>PUNTATA DEL 10 MAGGIO 2021\u00a0<\/strong><\/span><\/p>\n<audio class=\"wp-audio-shortcode\" id=\"audio-209196-18\" preload=\"none\" style=\"width: 100%;\" controls=\"controls\"><source type=\"audio\/mpeg\" src=\"https:\/\/www.radiopiu.net\/wordpress\/wp-content\/uploads\/2021\/05\/007-condotta-10-magio.mp3?_=18\" \/><a href=\"https:\/\/www.radiopiu.net\/wordpress\/wp-content\/uploads\/2021\/05\/007-condotta-10-magio.mp3\">https:\/\/www.radiopiu.net\/wordpress\/wp-content\/uploads\/2021\/05\/007-condotta-10-magio.mp3<\/a><\/audio>\n<h2>LA RACCOLTA COMPLETA<\/h2>\n<blockquote class=\"wp-embedded-content\" data-secret=\"oszlD7bf9b\"><p><a href=\"https:\/\/www.radiopiu.net\/wordpress\/007incondotta-9\/\">007 in condotta<\/a><\/p><\/blockquote>\n<p><iframe loading=\"lazy\" class=\"wp-embedded-content\" sandbox=\"allow-scripts\" security=\"restricted\" style=\"position: absolute; clip: rect(1px, 1px, 1px, 1px);\" title=\"&#8220;007 in condotta&#8221; &#8212; Radio Pi\u00f9\" src=\"https:\/\/www.radiopiu.net\/wordpress\/007incondotta-9\/embed\/#?secret=oszlD7bf9b\" data-secret=\"oszlD7bf9b\" width=\"600\" height=\"338\" frameborder=\"0\" marginwidth=\"0\" marginheight=\"0\" scrolling=\"no\"><\/iframe><\/p>\n<blockquote><p>&nbsp;<\/p><\/blockquote>\n<p>&nbsp;<\/p>\n<p>&nbsp;<\/p>\n<hr \/>\n<h1><span style=\"color: #ff0000;\"><strong>\u00a0<\/strong><\/span><\/h1>\n<h2><span style=\"color: #ff0000;\"><strong>IN VIVO VERSO 2020-21 ESTATE, RIASCOLTIAMOLI&#8230; DAL CASSETTO DEI RICORDI DI RADIO PIU&#8217;&#8230; LE PRIME\u00a0 SEI STAGIONI\u00a0\u00a0<\/strong><\/span><\/h2>\n<div class=\"page-title-head hgroup\">\n<div class=\"page-title-head hgroup\">\n<div class=\"page-title-head hgroup\">\n<h5 class=\"entry-title\">RIASCOLTIAMOLE CORPI NELLA NOTTE DI LOREDANA BORGHETTO STAGIONE 2015<\/h5>\n<\/div>\n<div class=\"page-title-breadcrumbs\">\n<p><strong>AUDIO<\/strong><\/p>\n<audio class=\"wp-audio-shortcode\" id=\"audio-209196-19\" preload=\"none\" style=\"width: 100%;\" controls=\"controls\"><source type=\"audio\/mpeg\" src=\"https:\/\/www.radiopiu.net\/wordpress\/wp-content\/uploads\/2021\/05\/VIVO-VERSO-MER.mp3?_=19\" \/><a href=\"https:\/\/www.radiopiu.net\/wordpress\/wp-content\/uploads\/2021\/05\/VIVO-VERSO-MER.mp3\">https:\/\/www.radiopiu.net\/wordpress\/wp-content\/uploads\/2021\/05\/VIVO-VERSO-MER.mp3<\/a><\/audio>\n<p><strong>AUDIO<\/strong><\/p>\n<\/div>\n<\/div>\n<div class=\"page-title-breadcrumbs\">\n<p><strong>LA RACCOLTA COMPLETA<\/strong><\/p>\n<\/div>\n<\/div>\n<blockquote class=\"wp-embedded-content\" data-secret=\"ipXHpUBKbb\"><p><a href=\"https:\/\/www.radiopiu.net\/wordpress\/in-vivo-verso\/\">In Vivo Verso<\/a><\/p><\/blockquote>\n<p><iframe loading=\"lazy\" class=\"wp-embedded-content\" sandbox=\"allow-scripts\" security=\"restricted\" style=\"position: absolute; clip: rect(1px, 1px, 1px, 1px);\" title=\"&#8220;In Vivo Verso&#8221; &#8212; Radio Pi\u00f9\" src=\"https:\/\/www.radiopiu.net\/wordpress\/in-vivo-verso\/embed\/#?secret=ipXHpUBKbb\" data-secret=\"ipXHpUBKbb\" width=\"600\" height=\"338\" frameborder=\"0\" marginwidth=\"0\" marginheight=\"0\" scrolling=\"no\"><\/iframe><\/p>\n<p>&nbsp;<\/p>\n<hr \/>\n<p>&nbsp;<\/p>\n<div dir=\"auto\">\n<blockquote>\n<h3>SALUTE E SOCIETA&#8217; IL LUNEDI ALLE 13.10 E ALLE 20.10, LA DOMENICA ALLE 10.30 A CURA DEL DOTTOR MARCO CARACCIOLO. QUINTA STAGIONE<\/h3>\n<\/blockquote>\n<p><strong>LA PUNTATA DELLA SETTIMANA del 10 <\/strong><strong>MAGGIO<\/strong><\/p>\n<p><a href=\"https:\/\/www.radiopiu.net\/wordpress\/giornale-radiopiu-11-maggio-2021-direttore-mirko-mezzacasa\/c01e5ff5-7ec1-03b8-21cb-c55b76b6c6ef\/\" rel=\"attachment wp-att-208757\"><img loading=\"lazy\" decoding=\"async\" class=\"size-medium wp-image-208757 alignleft\" src=\"https:\/\/www.radiopiu.net\/wordpress\/wp-content\/uploads\/2021\/05\/c01e5ff5-7ec1-03b8-21cb-c55b76b6c6ef-300x169.png\" alt=\"\" width=\"300\" height=\"169\" srcset=\"https:\/\/www.radiopiu.net\/wordpress\/wp-content\/uploads\/2021\/05\/c01e5ff5-7ec1-03b8-21cb-c55b76b6c6ef-300x169.png 300w, https:\/\/www.radiopiu.net\/wordpress\/wp-content\/uploads\/2021\/05\/c01e5ff5-7ec1-03b8-21cb-c55b76b6c6ef-1024x576.png 1024w, https:\/\/www.radiopiu.net\/wordpress\/wp-content\/uploads\/2021\/05\/c01e5ff5-7ec1-03b8-21cb-c55b76b6c6ef-768x432.png 768w, https:\/\/www.radiopiu.net\/wordpress\/wp-content\/uploads\/2021\/05\/c01e5ff5-7ec1-03b8-21cb-c55b76b6c6ef.png 1280w\" sizes=\"auto, (max-width: 300px) 100vw, 300px\" \/><\/a>L\u2019 emergenza Covid ha portato a un ritardo degli interventi chirurgici per le cosiddette patologie di parete, giudicati erroneamente meno urgenti. Ma procrastinare la chirurgia oggi porter\u00e0 ad accumulare molti pi\u00f9 interventi in futuro e molte situazioni potrebbero diventare vere e proprie urgenze. Danilo Magliano ne ha parlato con Micaela Piccoli, Direttrice SC Chirurgia Generale, d\u2019Urgenza e Nuove Tecnologie, Ospedale Civile di Baggiovara, Modena.<\/p>\n<\/div>\n<div dir=\"auto\">\n<audio class=\"wp-audio-shortcode\" id=\"audio-209196-20\" preload=\"none\" style=\"width: 100%;\" controls=\"controls\"><source type=\"audio\/mpeg\" src=\"https:\/\/www.radiopiu.net\/wordpress\/wp-content\/uploads\/2021\/05\/SALUTE-1.mp3?_=20\" \/><a href=\"https:\/\/www.radiopiu.net\/wordpress\/wp-content\/uploads\/2021\/05\/SALUTE-1.mp3\">https:\/\/www.radiopiu.net\/wordpress\/wp-content\/uploads\/2021\/05\/SALUTE-1.mp3<\/a><\/audio>\n<h3><strong>LA RACCOLTA COMPLETA\u00a0<\/strong><\/h3>\n<\/div>\n<blockquote class=\"wp-embedded-content\" data-secret=\"U2u1XRHBoy\"><p><a href=\"https:\/\/www.radiopiu.net\/wordpress\/saluteesocieta\/\">Salute e Societ\u00e0<\/a><\/p><\/blockquote>\n<p><iframe loading=\"lazy\" class=\"wp-embedded-content\" sandbox=\"allow-scripts\" security=\"restricted\" style=\"position: absolute; clip: rect(1px, 1px, 1px, 1px);\" title=\"&#8220;Salute e Societ\u00e0&#8221; &#8212; Radio Pi\u00f9\" src=\"https:\/\/www.radiopiu.net\/wordpress\/saluteesocieta\/embed\/#?secret=U2u1XRHBoy\" data-secret=\"U2u1XRHBoy\" width=\"600\" height=\"338\" frameborder=\"0\" marginwidth=\"0\" marginheight=\"0\" scrolling=\"no\"><\/iframe><\/p>\n<p>&nbsp;<\/p>\n<p>&nbsp;<\/p>\n<hr \/>\n<h2><span style=\"color: #808000;\">DUE MINUTI UN LIBRO\u00a0 TUTTI I GIORNI ALLA RADIO ALLE 9.30 E ALLE 18. QUINTA STAGIONE\u00a0 \u00a0 \u00a0\u00a0<\/span><\/h2>\n<blockquote class=\"wp-embedded-content\" data-secret=\"fuP9r7lWqT\"><p><a href=\"https:\/\/www.radiopiu.net\/wordpress\/i-delitti-di-via-margutta\/\">I DELITTI DI VIA MARGUTTA<\/a><\/p><\/blockquote>\n<p><iframe loading=\"lazy\" class=\"wp-embedded-content\" sandbox=\"allow-scripts\" security=\"restricted\" style=\"position: absolute; clip: rect(1px, 1px, 1px, 1px);\" title=\"&#8220;I DELITTI DI VIA MARGUTTA&#8221; &#8212; Radio Pi\u00f9\" src=\"https:\/\/www.radiopiu.net\/wordpress\/i-delitti-di-via-margutta\/embed\/#?secret=fuP9r7lWqT\" data-secret=\"fuP9r7lWqT\" width=\"600\" height=\"338\" frameborder=\"0\" marginwidth=\"0\" marginheight=\"0\" scrolling=\"no\"><\/iframe><\/p>\n<h3><span style=\"color: #808000;\">\u00a0<\/span>LA RACCOLTA COMPLETA<\/h3>\n<blockquote class=\"wp-embedded-content\" data-secret=\"IVwkLtsRee\"><p><a href=\"https:\/\/www.radiopiu.net\/wordpress\/due-minuti-un-libro\/\">Due minuti un libro<\/a><\/p><\/blockquote>\n<p><iframe loading=\"lazy\" class=\"wp-embedded-content\" sandbox=\"allow-scripts\" security=\"restricted\" style=\"position: absolute; clip: rect(1px, 1px, 1px, 1px);\" title=\"&#8220;Due minuti un libro&#8221; &#8212; Radio Pi\u00f9\" src=\"https:\/\/www.radiopiu.net\/wordpress\/due-minuti-un-libro\/embed\/#?secret=IVwkLtsRee\" data-secret=\"IVwkLtsRee\" width=\"600\" height=\"338\" frameborder=\"0\" marginwidth=\"0\" marginheight=\"0\" scrolling=\"no\"><\/iframe><\/p>\n<p>&nbsp;<\/p>\n<p>&nbsp;<\/p>\n<hr \/>\n<h2><span style=\"color: #ff0000;\"><a href=\"https:\/\/www.radiopiu.net\/wordpress\/giornale-radiopiu-05-gennaio-2021-direttore-mirko-mezzacasa\/133200401_100838761953611_1258544160541445132_o-2\/\" rel=\"attachment wp-att-183078\"><img loading=\"lazy\" decoding=\"async\" class=\" wp-image-183078 alignleft\" src=\"https:\/\/www.radiopiu.net\/wordpress\/wp-content\/uploads\/2021\/01\/133200401_100838761953611_1258544160541445132_o-1-300x157.jpg\" alt=\"\" width=\"192\" height=\"101\" srcset=\"https:\/\/www.radiopiu.net\/wordpress\/wp-content\/uploads\/2021\/01\/133200401_100838761953611_1258544160541445132_o-1-300x157.jpg 300w, https:\/\/www.radiopiu.net\/wordpress\/wp-content\/uploads\/2021\/01\/133200401_100838761953611_1258544160541445132_o-1.jpg 526w\" sizes=\"auto, (max-width: 192px) 100vw, 192px\" \/><\/a>GOCCE DI FILOSOFIA, CON CHIARA CAU, CON LISA DE LUCA. <\/span><\/h2>\n<h2><span style=\"color: #ff0000;\">TUTTI I GIORNI DAL LUNEDI AL VENERDI ALLE 6.55 E ALLE 18.55<\/span><\/h2>\n<p><strong>PUNTATA 93<\/strong><\/p>\n<audio class=\"wp-audio-shortcode\" id=\"audio-209196-21\" preload=\"none\" style=\"width: 100%;\" controls=\"controls\"><source type=\"audio\/mpeg\" src=\"https:\/\/www.radiopiu.net\/wordpress\/wp-content\/uploads\/2021\/05\/FI3-1.mp3?_=21\" \/><a href=\"https:\/\/www.radiopiu.net\/wordpress\/wp-content\/uploads\/2021\/05\/FI3-1.mp3\">https:\/\/www.radiopiu.net\/wordpress\/wp-content\/uploads\/2021\/05\/FI3-1.mp3<\/a><\/audio>\n<h3>LA RACCOLTA COMPLETA<\/h3>\n<blockquote class=\"wp-embedded-content\" data-secret=\"Nk4uieMOcE\"><p><a href=\"https:\/\/www.radiopiu.net\/wordpress\/gocce-filosofia\/\">Gocce di filosofia<\/a><\/p><\/blockquote>\n<p><iframe loading=\"lazy\" class=\"wp-embedded-content\" sandbox=\"allow-scripts\" security=\"restricted\" style=\"position: absolute; clip: rect(1px, 1px, 1px, 1px);\" title=\"&#8220;Gocce di filosofia&#8221; &#8212; Radio Pi\u00f9\" src=\"https:\/\/www.radiopiu.net\/wordpress\/gocce-filosofia\/embed\/#?secret=Nk4uieMOcE\" data-secret=\"Nk4uieMOcE\" width=\"600\" height=\"338\" frameborder=\"0\" marginwidth=\"0\" marginheight=\"0\" scrolling=\"no\"><\/iframe><\/p>\n<p>&nbsp;<\/p>\n<hr \/>\n<p>\u200b<\/p>\n<div>\n<h2><span style=\"color: #33cccc;\">I RACCONTI DI PAOLO SOPPELSA il lunedi alle 9.30 e 18.30<\/span><\/h2>\n<blockquote class=\"wp-embedded-content\" data-secret=\"wrKqgbGjd6\"><p><a href=\"https:\/\/www.radiopiu.net\/wordpress\/i-racconti-di-paolo-soppelsa-settantaquattresima-puntata\/\">I RACCONTI DI PAOLO SOPPELSA SETTANTAQUATTRESIMA PUNTATA<\/a><\/p><\/blockquote>\n<p><iframe loading=\"lazy\" class=\"wp-embedded-content\" sandbox=\"allow-scripts\" security=\"restricted\" style=\"position: absolute; clip: rect(1px, 1px, 1px, 1px);\" title=\"&#8220;I RACCONTI DI PAOLO SOPPELSA SETTANTAQUATTRESIMA PUNTATA&#8221; &#8212; Radio Pi\u00f9\" src=\"https:\/\/www.radiopiu.net\/wordpress\/i-racconti-di-paolo-soppelsa-settantaquattresima-puntata\/embed\/#?secret=wrKqgbGjd6\" data-secret=\"wrKqgbGjd6\" width=\"600\" height=\"338\" frameborder=\"0\" marginwidth=\"0\" marginheight=\"0\" scrolling=\"no\"><\/iframe><\/p>\n<p><span style=\"color: #0000ff;\">INFORMAZIONE il canale su TELEGRAM informazione di prima mano e in tempo reale. iscriviti ed aiutaci a farlo conoscere\u00a0<\/span><\/p>\n<h2><span style=\"color: #33cccc;\"><strong>RACCOLTA COMPLETA<\/strong><\/span><\/h2>\n<blockquote class=\"wp-embedded-content\" data-secret=\"Idv9gBdoDI\"><p><a href=\"https:\/\/www.radiopiu.net\/wordpress\/i-racconti-di-paolo-soppelsa\/\">I racconti di Paolo Soppelsa<\/a><\/p><\/blockquote>\n<p><iframe loading=\"lazy\" class=\"wp-embedded-content\" sandbox=\"allow-scripts\" security=\"restricted\" style=\"position: absolute; clip: rect(1px, 1px, 1px, 1px);\" title=\"&#8220;I racconti di Paolo Soppelsa&#8221; &#8212; Radio Pi\u00f9\" src=\"https:\/\/www.radiopiu.net\/wordpress\/i-racconti-di-paolo-soppelsa\/embed\/#?secret=Idv9gBdoDI\" data-secret=\"Idv9gBdoDI\" width=\"600\" height=\"338\" frameborder=\"0\" marginwidth=\"0\" marginheight=\"0\" scrolling=\"no\"><\/iframe><\/p>\n<p>&nbsp;<\/p>\n<\/div>\n<div class=\"b654a4as d2edcug0\">\n<hr \/>\n<\/div>\n<p>&nbsp;<\/p>\n<h2><span style=\"color: #800080;\"><strong>LA RASSEGNA STAMPA DA L&#8217;AMICO DEL POPOLO\u00a0<\/strong><\/span><\/h2>\n<h3 class=\"kvgmc6g5 cxmmr5t8 oygrvhab hcukyx3x c1et5uql\"><span style=\"color: #0000ff;\"> INFORMAZIONE il canale su TELEGRAM informazione di prima mano e in tempo reale. iscriviti ed aiutaci a farlo conoscere\u00a0<\/span><\/h3>\n<p><strong><a href=\"https:\/\/www.radiopiu.net\/wordpress\/airc-e-lazalea-della-festa-della-mamma\/maddalenacorvaglia_aircalberto-gottardomg\/\" rel=\"attachment wp-att-207466\"><img loading=\"lazy\" decoding=\"async\" class=\" wp-image-207466 alignleft\" src=\"https:\/\/www.radiopiu.net\/wordpress\/wp-content\/uploads\/2021\/05\/MaddalenaCorvaglia_AIRC@Alberto-GottardoMG-200x300.jpeg\" alt=\"\" width=\"89\" height=\"134\" srcset=\"https:\/\/www.radiopiu.net\/wordpress\/wp-content\/uploads\/2021\/05\/MaddalenaCorvaglia_AIRC@Alberto-GottardoMG-200x300.jpeg 200w, https:\/\/www.radiopiu.net\/wordpress\/wp-content\/uploads\/2021\/05\/MaddalenaCorvaglia_AIRC@Alberto-GottardoMG.jpeg 427w\" sizes=\"auto, (max-width: 89px) 100vw, 89px\" \/><\/a>di Gianni Santomaso<\/strong><\/p>\n<p>OSPITE: Chiara Rumualdi, professore associato in biologia molecolare dipartimento Biologia dell&#8217;Universit\u00e0 di Padova<\/p>\n<audio class=\"wp-audio-shortcode\" id=\"audio-209196-22\" preload=\"none\" style=\"width: 100%;\" controls=\"controls\"><source type=\"audio\/mpeg\" src=\"https:\/\/www.radiopiu.net\/wordpress\/wp-content\/uploads\/2021\/05\/RASSEGNA-GIANNI-1.mp3?_=22\" \/><a href=\"https:\/\/www.radiopiu.net\/wordpress\/wp-content\/uploads\/2021\/05\/RASSEGNA-GIANNI-1.mp3\">https:\/\/www.radiopiu.net\/wordpress\/wp-content\/uploads\/2021\/05\/RASSEGNA-GIANNI-1.mp3<\/a><\/audio>\n<p>&nbsp;<\/p>\n<p><strong>LA RACCOLTA COMPLETA<\/strong><\/p>\n<blockquote class=\"wp-embedded-content\" data-secret=\"pha7gfE8cx\"><p><a href=\"https:\/\/www.radiopiu.net\/wordpress\/rassegna-stampa-di-gianni-santomaso\/\">Rassegna stampa da l&#8217;amico del popolo &#8211; di Gianni Santomaso<\/a><\/p><\/blockquote>\n<p><iframe loading=\"lazy\" class=\"wp-embedded-content\" sandbox=\"allow-scripts\" security=\"restricted\" style=\"position: absolute; clip: rect(1px, 1px, 1px, 1px);\" title=\"&#8220;Rassegna stampa da l&#8217;amico del popolo &#8211; di Gianni Santomaso&#8221; &#8212; Radio Pi\u00f9\" src=\"https:\/\/www.radiopiu.net\/wordpress\/rassegna-stampa-di-gianni-santomaso\/embed\/#?secret=pha7gfE8cx\" data-secret=\"pha7gfE8cx\" width=\"600\" height=\"338\" frameborder=\"0\" marginwidth=\"0\" marginheight=\"0\" scrolling=\"no\"><\/iframe><\/p>\n<div class=\"b654a4as d2edcug0\"><\/div>\n<\/div>\n<p>&nbsp;<\/p>\n<p>&nbsp;<\/p>\n<hr \/>\n<p>&nbsp;<\/p>\n<\/div>\n<blockquote>\n<blockquote>\n<h2><a href=\"https:\/\/www.radiopiu.net\/wordpress\/speciale-solidarieta-veneto\/solidarieta-veneto-3\/\" rel=\"attachment wp-att-134366\"><img loading=\"lazy\" decoding=\"async\" class=\"wp-image-134366 alignleft\" src=\"https:\/\/www.radiopiu.net\/wordpress\/wp-content\/uploads\/2020\/05\/solidariet\u00e0-veneto-300x210.jpg\" alt=\"\" width=\"102\" height=\"71\" srcset=\"https:\/\/www.radiopiu.net\/wordpress\/wp-content\/uploads\/2020\/05\/solidariet\u00e0-veneto-300x210.jpg 300w, https:\/\/www.radiopiu.net\/wordpress\/wp-content\/uploads\/2020\/05\/solidariet\u00e0-veneto-1024x717.jpg 1024w, https:\/\/www.radiopiu.net\/wordpress\/wp-content\/uploads\/2020\/05\/solidariet\u00e0-veneto-768x538.jpg 768w, https:\/\/www.radiopiu.net\/wordpress\/wp-content\/uploads\/2020\/05\/solidariet\u00e0-veneto.jpg 1373w\" sizes=\"auto, (max-width: 102px) 100vw, 102px\" \/><\/a>SOLIDARIETA&#8217; VENETO FONDO PENSIONE, IN ONDA IL PRIMO VENERDI DEL MESE ALLE 10.30 E ALLE 19.00 QUINTA STAGIONE<\/h2>\n<\/blockquote>\n<h2><strong><span style=\"color: #ff0000;\">AUDIO MAGGIO 2021<\/span><\/strong><\/h2>\n<\/blockquote>\n<div><\/div>\n<div>\n<audio class=\"wp-audio-shortcode\" id=\"audio-209196-23\" preload=\"none\" style=\"width: 100%;\" controls=\"controls\"><source type=\"audio\/mpeg\" src=\"https:\/\/www.radiopiu.net\/wordpress\/wp-content\/uploads\/2021\/05\/solidarieta-veneto-maggio-2021.mp3?_=23\" \/><a href=\"https:\/\/www.radiopiu.net\/wordpress\/wp-content\/uploads\/2021\/05\/solidarieta-veneto-maggio-2021.mp3\">https:\/\/www.radiopiu.net\/wordpress\/wp-content\/uploads\/2021\/05\/solidarieta-veneto-maggio-2021.mp3<\/a><\/audio>\n<\/div>\n<h2>LA RACCOLTA COMPLETA<\/h2>\n<blockquote>\n<h2><\/h2>\n<\/blockquote>\n<blockquote class=\"wp-embedded-content\" data-secret=\"vFkR4xPAF2\"><p><a href=\"https:\/\/www.radiopiu.net\/wordpress\/solidarieta-veneto\/\">Solidariet\u00e0 Veneto<\/a><\/p><\/blockquote>\n<p><iframe loading=\"lazy\" class=\"wp-embedded-content\" sandbox=\"allow-scripts\" security=\"restricted\" style=\"position: absolute; clip: rect(1px, 1px, 1px, 1px);\" title=\"&#8220;Solidariet\u00e0 Veneto&#8221; &#8212; Radio Pi\u00f9\" src=\"https:\/\/www.radiopiu.net\/wordpress\/solidarieta-veneto\/embed\/#?secret=vFkR4xPAF2\" data-secret=\"vFkR4xPAF2\" width=\"600\" height=\"338\" frameborder=\"0\" marginwidth=\"0\" marginheight=\"0\" scrolling=\"no\"><\/iframe><\/p>\n<blockquote>\n<h2><\/h2>\n<h2><\/h2>\n<\/blockquote>\n<blockquote>\n<h2><\/h2>\n<\/blockquote>\n<hr \/>\n<blockquote>\n<h2><\/h2>\n<h2>FANTASTICHE DOLOMITI, NUOVA STAGIONE. APPUNTAMENTO QUINDICINALE IL GIOVEDI ALLE 10.30 E 19.00<\/h2>\n<\/blockquote>\n<h2><span style=\"color: #ff0000;\">PUNTATA NUMERO 12\u00a0 del\u00a0 06 MAGGIO 2021<\/span><\/h2>\n<p><strong><a href=\"https:\/\/www.radiopiu.net\/wordpress\/raccolta-completa\/121869645_648442942701436_4748562330148520081_n-2\/\" rel=\"attachment wp-att-196402\"><img loading=\"lazy\" decoding=\"async\" class=\"wp-image-196402 alignleft\" src=\"https:\/\/www.radiopiu.net\/wordpress\/wp-content\/uploads\/2021\/02\/121869645_648442942701436_4748562330148520081_n-1-300x169.jpg\" alt=\"\" width=\"160\" height=\"90\" srcset=\"https:\/\/www.radiopiu.net\/wordpress\/wp-content\/uploads\/2021\/02\/121869645_648442942701436_4748562330148520081_n-1-300x169.jpg 300w, https:\/\/www.radiopiu.net\/wordpress\/wp-content\/uploads\/2021\/02\/121869645_648442942701436_4748562330148520081_n-1-1024x576.jpg 1024w, https:\/\/www.radiopiu.net\/wordpress\/wp-content\/uploads\/2021\/02\/121869645_648442942701436_4748562330148520081_n-1-768x432.jpg 768w, https:\/\/www.radiopiu.net\/wordpress\/wp-content\/uploads\/2021\/02\/121869645_648442942701436_4748562330148520081_n-1-1536x864.jpg 1536w, https:\/\/www.radiopiu.net\/wordpress\/wp-content\/uploads\/2021\/02\/121869645_648442942701436_4748562330148520081_n-1.jpg 1707w\" sizes=\"auto, (max-width: 160px) 100vw, 160px\" \/><\/a>OSPITE IL PRESIDENTE CLAUDIO CANOVA<\/strong><\/p>\n<h3>LA RACCOLTA COMPLETA<\/h3>\n<p>&nbsp;<\/p>\n<audio class=\"wp-audio-shortcode\" id=\"audio-209196-24\" preload=\"none\" style=\"width: 100%;\" controls=\"controls\"><source type=\"audio\/mpeg\" src=\"https:\/\/www.radiopiu.net\/wordpress\/wp-content\/uploads\/2021\/05\/fantastiche-dolomiti-6-maggio.mp3?_=24\" \/><a href=\"https:\/\/www.radiopiu.net\/wordpress\/wp-content\/uploads\/2021\/05\/fantastiche-dolomiti-6-maggio.mp3\">https:\/\/www.radiopiu.net\/wordpress\/wp-content\/uploads\/2021\/05\/fantastiche-dolomiti-6-maggio.mp3<\/a><\/audio>\n<p>&nbsp;<\/p>\n<p>https:\/\/www.radiopiu.net\/wordpress\/raccolta-completa\/<\/p>\n<p>&nbsp;<\/p>\n<p>&nbsp;<\/p>\n<div>\n<hr \/>\n<\/div>\n<p>&nbsp;<\/p>\n<h2><strong><span style=\"color: #ff0000;\">\u00a0ALLA RADIO<\/span><\/strong><\/h2>\n<div data-offset-key=\"5n5nl-0-0\">\n<h3>Per ricevere gli aggiornamenti in tempo reale delle notizie pubblicate alla radio e sul sito di radio pi\u00f9 iscriviti al gruppo RADIO PIU INFORMAZIONE su Telegram.\u00a0\u00a0<a href=\"https:\/\/t.me\/radiopiu\">clicca qui<\/a><\/h3>\n<p>&nbsp;<\/p>\n<p><strong><a class=\"dt-pswp-item\" href=\"https:\/\/www.radiopiu.net\/wordpress\/wp-content\/uploads\/2020\/01\/logo-csa.jpg\" data-dt-img-description=\"\" data-large_image_width=\"1167\" data-large_image_height=\"574\"><img loading=\"lazy\" decoding=\"async\" class=\"wp-image-113364 alignleft\" src=\"https:\/\/www.radiopiu.net\/wordpress\/wp-content\/uploads\/2020\/01\/logo-csa-300x148.jpg\" alt=\"\" width=\"182\" height=\"90\" srcset=\"https:\/\/www.radiopiu.net\/wordpress\/wp-content\/uploads\/2020\/01\/logo-csa-300x148.jpg 300w, https:\/\/www.radiopiu.net\/wordpress\/wp-content\/uploads\/2020\/01\/logo-csa-1024x504.jpg 1024w, https:\/\/www.radiopiu.net\/wordpress\/wp-content\/uploads\/2020\/01\/logo-csa-768x378.jpg 768w, https:\/\/www.radiopiu.net\/wordpress\/wp-content\/uploads\/2020\/01\/logo-csa.jpg 1167w\" sizes=\"auto, (max-width: 182px) 100vw, 182px\" \/><\/a>AGORDO<\/strong> Appuntahttps:\/\/www.radiopiu.net\/wordpress\/erbe-e-piante-curative-il-mandorlo\/mento mensile (primo venerdi del mese) con lo speciale condotto da Claudio<\/p>\n<p>Fontanive, in studio Fabrizio Campedel e Paolo Chissal\u00e8.<\/p>\n<\/div>\n<p><strong>PUNTATA DI APRILE<\/strong><\/p>\n<blockquote><audio class=\"wp-audio-shortcode\" id=\"audio-209196-25\" preload=\"none\" style=\"width: 100%;\" controls=\"controls\"><source type=\"audio\/mpeg\" src=\"https:\/\/www.radiopiu.net\/wordpress\/wp-content\/uploads\/2021\/04\/ca-sol-lux-aprile-2021.mp3?_=25\" \/><a href=\"https:\/\/www.radiopiu.net\/wordpress\/wp-content\/uploads\/2021\/04\/ca-sol-lux-aprile-2021.mp3\">https:\/\/www.radiopiu.net\/wordpress\/wp-content\/uploads\/2021\/04\/ca-sol-lux-aprile-2021.mp3<\/a><\/audio>\n<h2>RACCOLTA COMPLETA<\/h2>\n<\/blockquote>\n<blockquote class=\"wp-embedded-content\" data-secret=\"DPVrktGN1s\"><p><a href=\"https:\/\/www.radiopiu.net\/wordpress\/cassa-solidarieta-luxottica-puntata-del-16-ottobre-2020\/\">CASSA SOLIDARIET\u00c0 LUXOTTICA &#8211; PUNTATA DEL 20 NOVEMBRE 2020<\/a><\/p><\/blockquote>\n<p><iframe loading=\"lazy\" class=\"wp-embedded-content\" sandbox=\"allow-scripts\" security=\"restricted\" style=\"position: absolute; clip: rect(1px, 1px, 1px, 1px);\" title=\"&#8220;CASSA SOLIDARIET\u00c0 LUXOTTICA &#8211; PUNTATA DEL 20 NOVEMBRE 2020&#8221; &#8212; Radio Pi\u00f9\" src=\"https:\/\/www.radiopiu.net\/wordpress\/cassa-solidarieta-luxottica-puntata-del-16-ottobre-2020\/embed\/#?secret=DPVrktGN1s\" data-secret=\"DPVrktGN1s\" width=\"600\" height=\"338\" frameborder=\"0\" marginwidth=\"0\" marginheight=\"0\" scrolling=\"no\"><\/iframe><\/p>\n<div><\/div>\n<p>&nbsp;<\/p>\n<p>&nbsp;<\/p>\n<hr \/>\n<div class=\"page-title-head hgroup\">\n<div>\n<p>&nbsp;<\/p>\n<p><strong><span style=\"color: #0000ff;\"><img loading=\"lazy\" decoding=\"async\" class=\"alignleft\" src=\"https:\/\/www.radiopiu.net\/wordpress\/wp-content\/uploads\/2021\/03\/db631d3b-7003-47af-8b77-6f8cbe83c59b.jpg\" width=\"95\" height=\"39\" \/><\/span><\/strong><\/p>\n<blockquote>\n<h2>LA RACCOLTA COMPLETA<\/h2>\n<\/blockquote>\n<blockquote class=\"wp-embedded-content\" data-secret=\"YKkPVxu4eL\"><p><a href=\"https:\/\/www.radiopiu.net\/wordpress\/agora-agordina-la-nosta-piaza\/\">AGORA&#8217; AGORDINA&#8230; LA NOSTA PIAZA LADINA RACCOLTA COMPLETA PRIMA STAGIONE<\/a><\/p><\/blockquote>\n<p><iframe loading=\"lazy\" class=\"wp-embedded-content\" sandbox=\"allow-scripts\" security=\"restricted\" style=\"position: absolute; clip: rect(1px, 1px, 1px, 1px);\" title=\"&#8220;AGORA&#8217; AGORDINA&#8230; LA NOSTA PIAZA LADINA RACCOLTA COMPLETA PRIMA STAGIONE&#8221; &#8212; Radio Pi\u00f9\" src=\"https:\/\/www.radiopiu.net\/wordpress\/agora-agordina-la-nosta-piaza\/embed\/#?secret=YKkPVxu4eL\" data-secret=\"YKkPVxu4eL\" width=\"600\" height=\"338\" frameborder=\"0\" marginwidth=\"0\" marginheight=\"0\" scrolling=\"no\"><\/iframe><\/p>\n<p>&nbsp;<\/p>\n<div class=\"b654a4as d2edcug0\">\n<div dir=\"auto\">\n<h1><\/h1>\n<hr \/>\n<p>&nbsp;<\/p>\n<div>\n<h2><strong>LE\u00a0 PUNTATE di Luisa Alchini di Leggermente Bellunesi, la domenica alle 11, <span style=\"color: #0000ff;\">IL MARTEDI IN PRIMA EDIZIONE\u00a0<\/span> alle 10.30 e alle 19.00<\/strong><\/h2>\n<p><strong><a href=\"https:\/\/www.radiopiu.net\/wordpress\/leggermente-bellunesi-04-maggio-2021\/181150987_1641870886000972_5780854326229668407_n\/\" rel=\"attachment wp-att-207540\"><img loading=\"lazy\" decoding=\"async\" class=\" wp-image-207540 alignleft\" src=\"https:\/\/www.radiopiu.net\/wordpress\/wp-content\/uploads\/2021\/05\/181150987_1641870886000972_5780854326229668407_n-206x300.jpg\" alt=\"\" width=\"89\" height=\"130\" srcset=\"https:\/\/www.radiopiu.net\/wordpress\/wp-content\/uploads\/2021\/05\/181150987_1641870886000972_5780854326229668407_n-206x300.jpg 206w, https:\/\/www.radiopiu.net\/wordpress\/wp-content\/uploads\/2021\/05\/181150987_1641870886000972_5780854326229668407_n.jpg 306w\" sizes=\"auto, (max-width: 89px) 100vw, 89px\" \/><\/a><\/strong>San Martino il patrono di Belluno e la leggenda di Agordo. La storia nel libro di Gian Domenico Mazzoccato.<\/p>\n<audio class=\"wp-audio-shortcode\" id=\"audio-209196-26\" preload=\"none\" style=\"width: 100%;\" controls=\"controls\"><source type=\"audio\/mpeg\" src=\"https:\/\/www.radiopiu.net\/wordpress\/wp-content\/uploads\/2021\/05\/26leggermentegiandomenicomazzoccato.mp3?_=26\" \/><a href=\"https:\/\/www.radiopiu.net\/wordpress\/wp-content\/uploads\/2021\/05\/26leggermentegiandomenicomazzoccato.mp3\">https:\/\/www.radiopiu.net\/wordpress\/wp-content\/uploads\/2021\/05\/26leggermentegiandomenicomazzoccato.mp3<\/a><\/audio>\n<p><strong><span style=\"color: #000000;\">RACCOLTA COMPLETA<\/span><\/strong><\/p>\n<\/div>\n<div>\n<blockquote class=\"wp-embedded-content\" data-secret=\"ZFG78d1t1l\"><p><a href=\"https:\/\/www.radiopiu.net\/wordpress\/leggermente-20\/\">LEGGERmente&#8230;Bellunesi<\/a><\/p><\/blockquote>\n<p><iframe loading=\"lazy\" class=\"wp-embedded-content\" sandbox=\"allow-scripts\" security=\"restricted\" style=\"position: absolute; clip: rect(1px, 1px, 1px, 1px);\" title=\"&#8220;LEGGERmente&#8230;Bellunesi&#8221; &#8212; Radio Pi\u00f9\" src=\"https:\/\/www.radiopiu.net\/wordpress\/leggermente-20\/embed\/#?secret=ZFG78d1t1l\" data-secret=\"ZFG78d1t1l\" width=\"600\" height=\"338\" frameborder=\"0\" marginwidth=\"0\" marginheight=\"0\" scrolling=\"no\"><\/iframe><\/p>\n<hr \/>\n<p>&nbsp;<\/p>\n<\/div>\n<\/div>\n<p>&nbsp;<\/p>\n<hr \/>\n<blockquote>\n<h3><a style=\"font-size: 14px; font-weight: normal;\" href=\"https:\/\/www.radiopiu.net\/wordpress\/giornale-radiopiu-06-febbraio-2019-direttore-mirko-mezzacasa\/logo_spi-cgil-800x445\/\" rel=\"attachment wp-att-75538\"><img loading=\"lazy\" decoding=\"async\" class=\"wp-image-75538 alignleft\" src=\"https:\/\/www.radiopiu.net\/wordpress\/wp-content\/uploads\/2019\/02\/Logo_Spi-CGIL-800x445-300x167.jpg\" alt=\"\" width=\"210\" height=\"117\" srcset=\"https:\/\/www.radiopiu.net\/wordpress\/wp-content\/uploads\/2019\/02\/Logo_Spi-CGIL-800x445-300x167.jpg 300w, https:\/\/www.radiopiu.net\/wordpress\/wp-content\/uploads\/2019\/02\/Logo_Spi-CGIL-800x445-768x427.jpg 768w, https:\/\/www.radiopiu.net\/wordpress\/wp-content\/uploads\/2019\/02\/Logo_Spi-CGIL-800x445.jpg 800w\" sizes=\"auto, (max-width: 210px) 100vw, 210px\" \/><\/a><\/h3>\n<\/blockquote>\n<blockquote>\n<h3>ALLA RADIO, APPUNTAMENTO QUINDICINALE CON SPI-CGIL BELLUNO, IN STUDIO MARIA RITA GENTILIN<\/h3>\n<\/blockquote>\n<p><strong>di Claudio Fontanive\u00a0<\/strong><\/p>\n<p><span style=\"color: #ff0000;\"><strong>PUNTATA DEL 29 APRILE 2021<br \/>\n<\/strong><\/span><\/p>\n<audio class=\"wp-audio-shortcode\" id=\"audio-209196-27\" preload=\"none\" style=\"width: 100%;\" controls=\"controls\"><source type=\"audio\/mpeg\" src=\"https:\/\/www.radiopiu.net\/wordpress\/wp-content\/uploads\/2021\/04\/spi-cgil-28-aprile.mp3?_=27\" \/><a href=\"https:\/\/www.radiopiu.net\/wordpress\/wp-content\/uploads\/2021\/04\/spi-cgil-28-aprile.mp3\">https:\/\/www.radiopiu.net\/wordpress\/wp-content\/uploads\/2021\/04\/spi-cgil-28-aprile.mp3<\/a><\/audio>\n<p>&nbsp;<\/p>\n<h2><\/h2>\n<\/div>\n<hr \/>\n<\/div>\n<p>&nbsp;<\/p>\n<p><a href=\"https:\/\/www.radiopiu.net\/wordpress\/giornale-radiopiu-26-settembre-2018-direttore-mirko-mezzacasa\/viabilita-2\/\" rel=\"attachment wp-att-61954\"><img loading=\"lazy\" decoding=\"async\" class=\"wp-image-61954 size-full aligncenter\" src=\"https:\/\/www.radiopiu.net\/wordpress\/wp-content\/uploads\/2018\/09\/viabilita.jpeg\" alt=\"\" width=\"800\" height=\"100\" srcset=\"https:\/\/www.radiopiu.net\/wordpress\/wp-content\/uploads\/2018\/09\/viabilita.jpeg 800w, https:\/\/www.radiopiu.net\/wordpress\/wp-content\/uploads\/2018\/09\/viabilita-300x38.jpeg 300w, https:\/\/www.radiopiu.net\/wordpress\/wp-content\/uploads\/2018\/09\/viabilita-768x96.jpeg 768w\" sizes=\"auto, (max-width: 800px) 100vw, 800px\" \/><\/a><\/p>\n<blockquote><p><a href=\"https:\/\/www.radiopiu.net\/wordpress\/giornale-radiopiu-09-agosto-2018-direttore-mirko-mezzacasa\/viabilia\/\" rel=\"attachment wp-att-57053\"><img loading=\"lazy\" decoding=\"async\" class=\" wp-image-57053 alignleft\" src=\"https:\/\/www.radiopiu.net\/wordpress\/wp-content\/uploads\/2018\/08\/VIABILIA-300x180.jpeg\" alt=\"\" width=\"220\" height=\"132\" srcset=\"https:\/\/www.radiopiu.net\/wordpress\/wp-content\/uploads\/2018\/08\/VIABILIA-300x180.jpeg 300w, https:\/\/www.radiopiu.net\/wordpress\/wp-content\/uploads\/2018\/08\/VIABILIA-768x461.jpeg 768w, https:\/\/www.radiopiu.net\/wordpress\/wp-content\/uploads\/2018\/08\/VIABILIA-1024x614.jpeg 1024w, https:\/\/www.radiopiu.net\/wordpress\/wp-content\/uploads\/2018\/08\/VIABILIA.jpeg 1280w\" sizes=\"auto, (max-width: 220px) 100vw, 220px\" \/><\/a>La viabilit\u00e0 con gli ultimi aggiornamenti da Veneto Strade.<\/p>\n<p><span style=\"color: #ff0000;\"><strong>in onda alla radio: 4.05, 6.18, 14 30 , 18.30, 23.25\u00a0<\/strong><\/span><\/p><\/blockquote>\n<\/div>\n<div class=\"page-title-head hgroup\"><\/div>\n<div><\/div>\n<div><\/div>\n<div><\/div>\n<div class=\"page-title-head hgroup\">\n<audio class=\"wp-audio-shortcode\" id=\"audio-209196-28\" preload=\"none\" style=\"width: 100%;\" controls=\"controls\"><source type=\"audio\/mpeg\" src=\"https:\/\/www.radiopiu.net\/wordpress\/wp-content\/uploads\/2021\/05\/VIABILITA-3.mp3?_=28\" \/><a href=\"https:\/\/www.radiopiu.net\/wordpress\/wp-content\/uploads\/2021\/05\/VIABILITA-3.mp3\">https:\/\/www.radiopiu.net\/wordpress\/wp-content\/uploads\/2021\/05\/VIABILITA-3.mp3<\/a><\/audio>\n<\/div>\n<\/div>\n<hr \/>\n<p>&nbsp;<\/p>\n<\/div>\n<\/div>\n<\/div>\n<div>\n<div class=\"page-title-head hgroup\">\n<div class=\"page-title-head hgroup\">\n<div dir=\"auto\">\n<p><a class=\"dt-pswp-item pspw-wrap-ready\" href=\"https:\/\/i0.wp.com\/www.radiopiu.net\/wordpress\/wp-content\/uploads\/2018\/09\/WhatsApp-Image-2018-09-20-at-16.04.06.jpeg?ssl=1\" data-dt-img-description=\"\" data-large_image_width=\"800\" data-large_image_height=\"100\"><img loading=\"lazy\" decoding=\"async\" class=\"aligncenter wp-image-61378 size-full jetpack-lazy-image jetpack-lazy-image--handled\" src=\"https:\/\/i0.wp.com\/www.radiopiu.net\/wordpress\/wp-content\/uploads\/2018\/09\/WhatsApp-Image-2018-09-20-at-16.04.06.jpeg?resize=800%2C100&amp;ssl=1\" sizes=\"auto, (max-width: 800px) 100vw, 800px\" srcset=\"https:\/\/i0.wp.com\/www.radiopiu.net\/wordpress\/wp-content\/uploads\/2018\/09\/WhatsApp-Image-2018-09-20-at-16.04.06.jpeg?w=800&amp;ssl=1 800w, https:\/\/i0.wp.com\/www.radiopiu.net\/wordpress\/wp-content\/uploads\/2018\/09\/WhatsApp-Image-2018-09-20-at-16.04.06.jpeg?resize=300%2C38&amp;ssl=1 300w, https:\/\/i0.wp.com\/www.radiopiu.net\/wordpress\/wp-content\/uploads\/2018\/09\/WhatsApp-Image-2018-09-20-at-16.04.06.jpeg?resize=768%2C96&amp;ssl=1 768w\" alt=\"\" width=\"800\" height=\"100\" data-lazy-loaded=\"1\" \/><\/a><\/p>\n<p>&nbsp;<\/p>\n<p><center><b>Giovedi 13<\/b><\/center><b>Tempo atteso: <\/b>Tempo variabile al mattino con copertura nuvolosa irregolare e qualche chance di schiarite. Al pomeriggio aumento della nuvolosit\u00e0 per addensamenti e ripresa dell&#8217;instabilit\u00e0, pi\u00f9 marcata sulle Prealpi. Minore umidit\u00e0 atmosferica, ma persistenza del contesto termico fresco, specie in quota.<br \/>\n<b>Precipitazioni: <\/b>Probabilit\u00e0 piuttosto bassa e limitata al mattino sulle Dolomiti, gi\u00e0 presente sulle Prealpi entro le ore centrali (40\/50%). Al pomeriggio maggiore probabilit\u00e0 di rovesci ed eventuali temporali, specie sulle Prealpi (70\/80%), mentre il rischio sar\u00e0 minore sulle Dolomiti (50\/70%). Il limite neve sar\u00e0 a 2100-2200 m, anche 2000 m sulle Dolomiti in caso di rovescio prolungato, ma senza attecchire. Gli apporti di pioggia saranno variabili da 2 a 10 mm, localmente fino a 15-20 mm sulle Prealpi in caso di temporale.<br \/>\n<b>Temperature: <\/b>Minime in generale lieve calo e massime in leggero rialzo, specie nelle valli in caso di qualche momento soleggiato. Sono previste punte di 16\/18\u00b0C nei fondovalle prealpini e di 12\/14\u00b0C a 1000\/1200 m. Su Prealpi a 1500 m min 5\u00b0C max 9\u00b0C, a 2000 m min 2\u00b0C max 4\u00b0C. Su Dolomiti a 2000 m min 1\u00b0C max 5\u00b0C, a 3000 m min -5\u00b0C max -4\u00b0C.<br \/>\n<b>Venti: <\/b>Nelle valli deboli di direzione variabile; in quota deboli da nord, in rotazione da sud-est alla sera, a 5-10 km\/h a 2000 m e 10\/15 km\/h a 3000 m.<\/p>\n<hr \/>\n<p><center><b>Venerdi 14<\/b><\/center><b>Tempo atteso: <\/b>Al primo mattino qualche squarcio di sereno in quota sulle Dolomiti, altrove cielo assai nuvoloso, anche coperto per nubi basse e stratocumuli. Da met\u00e0 mattinata in poi nuovo peggioramento del tempo a partire dalle Prealpi occidentali, in estensione al resto della montagna veneta nelle ore successive con fase instabile, anche perturbata. Ambiente di nuovo pi\u00f9 umido e pi\u00f9 fresco rispetto a gioved\u00ec.<br \/>\n<b>Precipitazioni: <\/b>Aumento della probabilit\u00e0, gi\u00e0 nel corso della mattinata sulle Prealpi centro-occidentali (50\/70%), in estensione al resto della montagna veneta entro le ore centrali del giorno . Al pomeriggio probabilit\u00e0 alta (90%) di precipitazioni, anche a carattere di rovescio e di temporale. La neve cadr\u00e0 sopra i 1700-1900 m, localmente anche 1600 m sulle Dolomiti, ma senza attecchire a questa quota.<br \/>\n<b>Temperature: <\/b>In generale lieve calo, eccetto aumento delle minime nelle valli. i massimi saranno di 1\/2\u00b0C in meno rispetto a gioved\u00ec. Su Prealpi a 1500 m min 3\u00b0C max 6\u00b0C, a 2000 m min 1\u00b0C max 2\u00b0C. Su Dolomiti a 2000 m min 0\u00b0C max 3\u00b0C, a 3000 m min -7\u00b0C max -6\u00b0C.<br \/>\n<b>Venti: <\/b>Nelle valli deboli di direzione variabile; in quota deboli\/moderati da sud-ovest in giornata e da sud-est alla sera, a 5-15 km\/h a 2000 m e 10\/20 km\/h a 3000 m.<\/p>\n<hr \/>\n<p><center><b>Sabato 15<\/b><\/center>Tempo in parte instabile tra la notte e buona parte del mattino, poi parziale miglioramento con rasserenamenti e addensamenti, non esclusi che questi possano dar luogo a qualche residuo fenomeno convettivo, specie sulle Prealpi. La neve cadr\u00e0 a 1700\/1900 m. Temperature minime in lieve calo e massime senza notevoli variazioni. In quota venti deboli\/moderati da sud-est al mattino, da sud-ovest al pomeriggio, prima di ruotare da ovest alla sera; nelle valli deboli di direzione variabile.<\/p>\n<hr \/>\n<p><center><b>Domenica 16<\/b><\/center>Al mattino in prevalenza soleggiato con qualche stratocumulo a ridosso delle vette, specie sulle Prealpi. Con il passare delle ore aumento della nuvolosit\u00e0 per attivit\u00e0 cumuliforme, la quale sar\u00e0 associata a un rischio medio di rovesci o di locali temporali. Per\u00f2 maggiore sar\u00e0 il soleggiamento del mattino, e pi\u00f9 alto sar\u00e0 il rischio legato alla convezione. Temperature minime in calo e massime in rialzo. In quota venti deboli\/moderati da nord-ovest, in rotazione da ovest alla sera; nelle valli deboli per brezze, localmente e a tratti moderati nei settori solitamente pi\u00f9 ventilati. Previsore: R.L.Th.<\/p>\n<p>&nbsp;<\/p>\n<p>&nbsp;<\/p>\n<hr \/>\n<p>&nbsp;<\/p>\n<p><a href=\"https:\/\/www.radiopiu.net\/wordpress\/giornale-radiopiu-15-settembre-2018-direttore-mirko-mezzacasa\/sport-7\/\" rel=\"attachment wp-att-60761\"><img loading=\"lazy\" decoding=\"async\" class=\"aligncenter wp-image-60761 size-full\" src=\"https:\/\/www.radiopiu.net\/wordpress\/wp-content\/uploads\/2018\/09\/sport.jpg\" alt=\"\" width=\"800\" height=\"100\" srcset=\"https:\/\/www.radiopiu.net\/wordpress\/wp-content\/uploads\/2018\/09\/sport.jpg 800w, https:\/\/www.radiopiu.net\/wordpress\/wp-content\/uploads\/2018\/09\/sport-300x38.jpg 300w, https:\/\/www.radiopiu.net\/wordpress\/wp-content\/uploads\/2018\/09\/sport-768x96.jpg 768w\" sizes=\"auto, (max-width: 800px) 100vw, 800px\" \/><\/a><\/p>\n<p>&nbsp;<\/p>\n<blockquote>\n<h3>&#8220;GIORNATA DELLO SPORT&#8221; ALL&#8217;AGOSTI CON LA PALLAVOLO BELLUNO<\/h3>\n<\/blockquote>\n<p><strong>BELLUNO <\/strong><span style=\"color: #000000; font-family: Helvetica;\">Una piccola Olimpiade all\u2019Istituto Agosti di Belluno, dove \u00e8 stata organizzata la \u201cGiornata dello Sport\u201d. <\/span><span style=\"color: #000000; font-family: Helvetica;\">In questo senso, tutti gli alunni e le alunne della scuola primaria hanno potuto cimentarsi in varie discipline. Dal tennis, con il Circolo Tennis Fisterre a dare le direttive, fino al calcio, grazie a Belluno e Cavarzano. E poi non poteva mancare il volley.\u00a0<\/span><span style=\"color: #000000; font-family: Helvetica;\">Nella duplice veste di insegnante e giocatore, Roberto Schiano ha coinvolto i compagni di squadra della Pallavolo Belluno affinch\u00e9 trasmettessero ai giovani l\u2019abc del magico mondo delle schiacciate, tra bagher, salti e palleggi: oltre a Schiano, erano presenti Mattia Foroni (un altro insegnante e pallavolista), Andrea Milani ed Elena Da Ros, allenatrice del settore giovanile maschile.\u00a0<\/span><span style=\"color: #000000; font-family: Helvetica;\">Sotto rete e fra i campi da gioco, l\u2019iniziativa \u00e8 stata scandita da entusiasmo, sorrisi e divertimento. Tanto che uno dei bambini, al termine della mattinata, si \u00e8 rivolto a un insegnante con una domanda emblematica: \u00abQuando sar\u00e0 la prossima Giornata dello Sport?\u00bb.\u00a0<\/span><\/p>\n\n\t\t\t<style type='text\/css'>\n\t\t\t\t#gallery-5 {\n\t\t\t\t\tmargin: auto;\n\t\t\t\t}\n\t\t\t\t#gallery-5 .gallery-item {\n\t\t\t\t\tfloat: left;\n\t\t\t\t\tmargin-top: 10px;\n\t\t\t\t\ttext-align: center;\n\t\t\t\t\twidth: 20%;\n\t\t\t\t}\n\t\t\t\t#gallery-5 img {\n\t\t\t\t\tborder: 2px solid #cfcfcf;\n\t\t\t\t}\n\t\t\t\t#gallery-5 .gallery-caption {\n\t\t\t\t\tmargin-left: 0;\n\t\t\t\t}\n\t\t\t\t\/* see gallery_shortcode() in wp-includes\/media.php *\/\n\t\t\t<\/style>\n\t\t<div id='gallery-5' class='dt-gallery-container gallery galleryid-209196 gallery-columns-5 gallery-size-medium'><dl class='gallery-item'>\n\t\t\t\t<dt class='gallery-icon landscape'>\n\t\t\t\t\t<a class=\"rollover rollover-zoom dt-pswp-item\" title=\"Giornata_Sport_Agosti_5\" data-dt-img-description=\"\" data-large_image_width=\"945\" data-large_image_height=\"532\"href='https:\/\/www.radiopiu.net\/wordpress\/wp-content\/uploads\/2021\/05\/Giornata_Sport_Agosti_5.jpg'><img loading=\"lazy\" decoding=\"async\" width=\"300\" height=\"169\" src=\"https:\/\/www.radiopiu.net\/wordpress\/wp-content\/uploads\/2021\/05\/Giornata_Sport_Agosti_5-300x169.jpg\" class=\"attachment-medium size-medium\" alt=\"\" srcset=\"https:\/\/www.radiopiu.net\/wordpress\/wp-content\/uploads\/2021\/05\/Giornata_Sport_Agosti_5-300x169.jpg 300w, https:\/\/www.radiopiu.net\/wordpress\/wp-content\/uploads\/2021\/05\/Giornata_Sport_Agosti_5-768x432.jpg 768w, https:\/\/www.radiopiu.net\/wordpress\/wp-content\/uploads\/2021\/05\/Giornata_Sport_Agosti_5.jpg 945w\" sizes=\"auto, (max-width: 300px) 100vw, 300px\" \/><\/a>\n\t\t\t\t<\/dt><\/dl><dl class='gallery-item'>\n\t\t\t\t<dt class='gallery-icon landscape'>\n\t\t\t\t\t<a class=\"rollover rollover-zoom dt-pswp-item\" title=\"Giornata_Sport_Agosti_1\" data-dt-img-description=\"\" data-large_image_width=\"740\" data-large_image_height=\"555\"href='https:\/\/www.radiopiu.net\/wordpress\/wp-content\/uploads\/2021\/05\/Giornata_Sport_Agosti_1.jpg'><img loading=\"lazy\" decoding=\"async\" width=\"300\" height=\"225\" src=\"https:\/\/www.radiopiu.net\/wordpress\/wp-content\/uploads\/2021\/05\/Giornata_Sport_Agosti_1-300x225.jpg\" class=\"attachment-medium size-medium\" alt=\"\" srcset=\"https:\/\/www.radiopiu.net\/wordpress\/wp-content\/uploads\/2021\/05\/Giornata_Sport_Agosti_1-300x225.jpg 300w, https:\/\/www.radiopiu.net\/wordpress\/wp-content\/uploads\/2021\/05\/Giornata_Sport_Agosti_1.jpg 740w\" sizes=\"auto, (max-width: 300px) 100vw, 300px\" \/><\/a>\n\t\t\t\t<\/dt><\/dl><dl class='gallery-item'>\n\t\t\t\t<dt class='gallery-icon landscape'>\n\t\t\t\t\t<a class=\"rollover rollover-zoom dt-pswp-item\" title=\"Giornata_Sport_Agosti_2\" data-dt-img-description=\"\" data-large_image_width=\"672\" data-large_image_height=\"371\"href='https:\/\/www.radiopiu.net\/wordpress\/wp-content\/uploads\/2021\/05\/Giornata_Sport_Agosti_2.jpg'><img loading=\"lazy\" decoding=\"async\" width=\"300\" height=\"166\" src=\"https:\/\/www.radiopiu.net\/wordpress\/wp-content\/uploads\/2021\/05\/Giornata_Sport_Agosti_2-300x166.jpg\" class=\"attachment-medium size-medium\" alt=\"\" srcset=\"https:\/\/www.radiopiu.net\/wordpress\/wp-content\/uploads\/2021\/05\/Giornata_Sport_Agosti_2-300x166.jpg 300w, https:\/\/www.radiopiu.net\/wordpress\/wp-content\/uploads\/2021\/05\/Giornata_Sport_Agosti_2.jpg 672w\" sizes=\"auto, (max-width: 300px) 100vw, 300px\" \/><\/a>\n\t\t\t\t<\/dt><\/dl><dl class='gallery-item'>\n\t\t\t\t<dt class='gallery-icon portrait'>\n\t\t\t\t\t<a class=\"rollover rollover-zoom dt-pswp-item\" title=\"Giornata_Sport_Agosti_3\" data-dt-img-description=\"\" data-large_image_width=\"482\" data-large_image_height=\"495\"href='https:\/\/www.radiopiu.net\/wordpress\/wp-content\/uploads\/2021\/05\/Giornata_Sport_Agosti_3.jpg'><img loading=\"lazy\" decoding=\"async\" width=\"292\" height=\"300\" src=\"https:\/\/www.radiopiu.net\/wordpress\/wp-content\/uploads\/2021\/05\/Giornata_Sport_Agosti_3-292x300.jpg\" class=\"attachment-medium size-medium\" alt=\"\" srcset=\"https:\/\/www.radiopiu.net\/wordpress\/wp-content\/uploads\/2021\/05\/Giornata_Sport_Agosti_3-292x300.jpg 292w, https:\/\/www.radiopiu.net\/wordpress\/wp-content\/uploads\/2021\/05\/Giornata_Sport_Agosti_3.jpg 482w\" sizes=\"auto, (max-width: 292px) 100vw, 292px\" \/><\/a>\n\t\t\t\t<\/dt><\/dl><dl class='gallery-item'>\n\t\t\t\t<dt class='gallery-icon landscape'>\n\t\t\t\t\t<a class=\"rollover rollover-zoom dt-pswp-item\" title=\"Giornata_Sport_Agosti_4\" data-dt-img-description=\"\" data-large_image_width=\"740\" data-large_image_height=\"484\"href='https:\/\/www.radiopiu.net\/wordpress\/wp-content\/uploads\/2021\/05\/Giornata_Sport_Agosti_4.jpg'><img loading=\"lazy\" decoding=\"async\" width=\"300\" height=\"196\" src=\"https:\/\/www.radiopiu.net\/wordpress\/wp-content\/uploads\/2021\/05\/Giornata_Sport_Agosti_4-300x196.jpg\" class=\"attachment-medium size-medium\" alt=\"\" srcset=\"https:\/\/www.radiopiu.net\/wordpress\/wp-content\/uploads\/2021\/05\/Giornata_Sport_Agosti_4-300x196.jpg 300w, https:\/\/www.radiopiu.net\/wordpress\/wp-content\/uploads\/2021\/05\/Giornata_Sport_Agosti_4.jpg 740w\" sizes=\"auto, (max-width: 300px) 100vw, 300px\" \/><\/a>\n\t\t\t\t<\/dt><\/dl><br style=\"clear: both\" \/>\n\t\t\t<\/div>\n\n<\/div>\n<\/div>\n<\/div>\n<\/div>\n<\/div>\n<\/div>\n","protected":false},"excerpt":{"rendered":"<p>PER\u00a0RICEVERE QUESTO NOTIZIARIO DIRETTAMENTE SUL TUO CELLULARE ISCRIVITI AL CANALE TELEGRAM\u00a0\u201cRADIO PIU\u00a0 INFORMAZIONE\u201d\u00a0\u00a0 &nbsp; &nbsp; \u00a0APP PER IOS-IPHONE di Nicola Vettorello https:\/\/apps.apple.com\/it\/app\/radio-pi%C3%B9-emittente-agordina\/id1515939845 ATTENZIONE: LA NUOVA APP RADIO\u00a0 PER ANDROID di Nicola Vettorello https:\/\/play.google.com\/store\/apps\/details?id=net.radiopiu.iniko &nbsp; &nbsp; &nbsp; &nbsp; QUANDO LA STORIA SI RIPETE LA VALLE\u00a0 A distanza di pochi giorni dalla precedente segnalazione eccone un&#8217;altra, tre&hellip;<\/p>\n","protected":false},"author":4,"featured_media":209453,"comment_status":"closed","ping_status":"open","sticky":false,"template":"","format":"standard","meta":{"_monsterinsights_skip_tracking":false,"_monsterinsights_sitenote_active":false,"_monsterinsights_sitenote_note":"","_monsterinsights_sitenote_category":0,"footnotes":""},"categories":[1,51,86,49],"tags":[],"class_list":["post-209196","post","type-post","status-publish","format-standard","has-post-thumbnail","hentry","category-senza-categoria","category-evidenza-top","category-gr","category-news-18","category-1","category-51","category-86","category-49","description-off"],"img_url":"https:\/\/www.radiopiu.net\/wordpress\/wp-content\/uploads\/2021\/05\/45d82d2b-0b27-477e-857b-6c8b67bf8bb5.jpg","_links":{"self":[{"href":"https:\/\/www.radiopiu.net\/wordpress\/wp-json\/wp\/v2\/posts\/209196","targetHints":{"allow":["GET"]}}],"collection":[{"href":"https:\/\/www.radiopiu.net\/wordpress\/wp-json\/wp\/v2\/posts"}],"about":[{"href":"https:\/\/www.radiopiu.net\/wordpress\/wp-json\/wp\/v2\/types\/post"}],"author":[{"embeddable":true,"href":"https:\/\/www.radiopiu.net\/wordpress\/wp-json\/wp\/v2\/users\/4"}],"replies":[{"embeddable":true,"href":"https:\/\/www.radiopiu.net\/wordpress\/wp-json\/wp\/v2\/comments?post=209196"}],"version-history":[{"count":0,"href":"https:\/\/www.radiopiu.net\/wordpress\/wp-json\/wp\/v2\/posts\/209196\/revisions"}],"wp:featuredmedia":[{"embeddable":true,"href":"https:\/\/www.radiopiu.net\/wordpress\/wp-json\/wp\/v2\/media\/209453"}],"wp:attachment":[{"href":"https:\/\/www.radiopiu.net\/wordpress\/wp-json\/wp\/v2\/media?parent=209196"}],"wp:term":[{"taxonomy":"category","embeddable":true,"href":"https:\/\/www.radiopiu.net\/wordpress\/wp-json\/wp\/v2\/categories?post=209196"},{"taxonomy":"post_tag","embeddable":true,"href":"https:\/\/www.radiopiu.net\/wordpress\/wp-json\/wp\/v2\/tags?post=209196"}],"curies":[{"name":"wp","href":"https:\/\/api.w.org\/{rel}","templated":true}]}}