{"id":209223,"date":"2021-05-12T05:48:10","date_gmt":"2021-05-12T03:48:10","guid":{"rendered":"https:\/\/www.radiopiu.net\/wordpress\/?p=209223"},"modified":"2021-05-12T05:48:11","modified_gmt":"2021-05-12T03:48:11","slug":"casa-di-soggiorno-allattenzione-dellunione-montana","status":"publish","type":"post","link":"https:\/\/www.radiopiu.net\/wordpress\/casa-di-soggiorno-allattenzione-dellunione-montana\/","title":{"rendered":"CASA DI SOGGIORNO ALL&#8217;ATTENZIONE DELL&#8217;UNIONE MONTANA"},"content":{"rendered":"<p><strong><img loading=\"lazy\" decoding=\"async\" class=\"alignleft\" src=\"https:\/\/www.radiopiu.net\/wordpress\/wp-content\/uploads\/2021\/02\/CASA-SOGGIORNO-TAIBON.jpg\" width=\"213\" height=\"135\" \/>AGORDO<\/strong><\/p>\n<p>&nbsp;<\/p>\n<p><strong>DI GIANNI SANTOMASO<\/strong><\/p>\n<audio class=\"wp-audio-shortcode\" id=\"audio-209223-1\" preload=\"none\" style=\"width: 100%;\" controls=\"controls\"><source type=\"audio\/mpeg\" src=\"https:\/\/www.radiopiu.net\/wordpress\/wp-content\/uploads\/2021\/05\/costsa-scadenza-contratto-casa-di-soggiorno.mp3?_=1\" \/><a href=\"https:\/\/www.radiopiu.net\/wordpress\/wp-content\/uploads\/2021\/05\/costsa-scadenza-contratto-casa-di-soggiorno.mp3\">https:\/\/www.radiopiu.net\/wordpress\/wp-content\/uploads\/2021\/05\/costsa-scadenza-contratto-casa-di-soggiorno.mp3<\/a><\/audio>\n<p>&nbsp;<\/p>\n<h4><strong>LA STORIA<\/strong><\/h4>\n<p style=\"font-weight: 400;\"><a href=\"https:\/\/www.radiopiu.net\/wordpress\/casa-di-soggiorno-allattenzione-dellunione-montana\/logocasasoggiornook\/\" rel=\"attachment wp-att-209224\"><img loading=\"lazy\" decoding=\"async\" class=\"size-full wp-image-209224 alignleft\" src=\"https:\/\/www.radiopiu.net\/wordpress\/wp-content\/uploads\/2021\/05\/LogoCasasoggiornoOK.jpg\" alt=\"\" width=\"269\" height=\"220\" \/><\/a>La Casa di Soggiorno per le persone anziane dell\u2019Agordino \u00e8 stata costruita e donata ai Comuni dell\u2019Agordino, riuniti nell\u2019allora Comunit\u00e0 Montana Agordina, dal Sig. BRUNO DAI PRA\u2019 alla fine degli anni \u201960. Bruno Dai Pr\u00e0 \u00e8 nato a Taibon nel 1916, si \u00e8 Diplomato Perito Minerario all\u2019Istituto Minerario \u201cFollador\u201d di Agordo nel 1936. Dotato di geniale spirito di iniziativa e di non comuni doti imprenditoriali ha creato nella Marca Trevigiana e nel Bellunese fiorenti realt\u00e0 tessili e turistiche. Nel momento del successo non ha dimenticato la sua terra natale; quale segno tangibile di attaccamento al luogo di origine, ha edificato\u00a0\u00a0la Casa di Soggiorno per le persone Anziane dell\u2019Agordino, dimostrando di preferire, alle enunciazioni teoriche,\u00a0\u00a0la realizzazione tangibile della solidariet\u00e0 sociale.\u00a0\u00a0Con questa opera Bruno d\u00e0 una risposta a due problemi sociali del territorio: l\u2019isolamento sociale degli anziani\u00a0\u00a0e la disoccupazione. Negli anni, la Famiglia Dai Pr\u00e0 ha anche provveduto ad abbellire la Casa con pregevoli opere d\u2019arte. Nel 1970 per l\u2019inaugurazione della Casa e la consacrazione della Cappella, un bellissimo cristo in avorio di fattura tedesca databile fra il 1660 e il 1680 ; nel 1971 una grande tela di Lorenzo Tornabuoni dal titolo \u201cL\u2019uragano\u201d dove una mano si erge a difendere la terra dallo scatenarsi delle forze della natura e, in alto, un arcobaleno promette tempi migliori. Nel 1977 vengono commissionati due grandi affreschi all\u2019amico Augusto Murer; uno per l\u2019atrio raffigurante scene di vita ed i mestieri agordini di un tempo; l\u2019altro per la cappella raffigurante una coinvolgente e complessa crocifissione, ricca di simbolismi ma anche di terrena umanit\u00e0. Nel 1979\u00a0\u00a0viene donata la via crucis per la cappella, realizzata da Adriano Avanzolini in altorilievo su formelle di terracotta dipinte. Nell\u2019atto di donazione il Sig. Bruno Dai Pr\u00e0 vincolava la destinazione d\u2019uso della Casa all\u2019accoglienza di persone anziane autosufficienti ed all\u2019assenza di scopo di lucro dell\u2019attivit\u00e0. La Comunit\u00e0 Montana Agordina, nel 1970, nominava il Consiglio di Amministrazione ed iniziava l\u2019attivit\u00e0 della Casa. Il 7 novembre 1970, la Casa fu inaugurata ufficialmente dall\u2019allora patriarca di Venezia S.E. Albino Lucani, illustre agordino divenuto poi Papa. Per garantire maggiore efficienza all\u2019attivit\u00e0, la Comunit\u00e0 Montana Agordina volle si costituisse un\u2019Associazione senza scopo di lucro alla quale affidare la gestione della casa. Nel 1995 si costitu\u00ec l\u2019Associazione Casa di Soggiorno, le cui finalit\u00e0, oltre all\u2019assenza di scopo di lucro, erano la gestione della Casa ed il mantenimento delle finalit\u00e0 come da atto di donazione. L\u2019Associazione Casa di soggiorno dal 1998 \u00e8 iscritta al n. 145 del registro delle ONLUS; nel 2001 ha ottenuto anche il riconoscimento giuridico dalla Regione Veneto e risulta iscritta nel registro regionale delle Persone Giuridiche al n. 58. Il 5 gennaio 2005, ricorrenza del I\u00b0 anniversario della morte di Bruno Dai Pr\u00e0, la Comunit\u00e0 Montana Agordina erigeva una targa commemorativa nell\u2019atrio della Casa. Il 7 novembre 2005, ricorrendo il trentacinquesimo anno di attivit\u00e0 della Casa, si scopriva un affresco, commissionato dall\u2019Associazione Casa di Soggiorno\u00a0\u00a0al M\u00b0 Dunio Piccolin e raffigurante in forma allegorica e simbolica Bruno Dai Pr\u00e0 nell\u2019atto di donare la Casa di Soggiorno alle Genti Agordine. <span style=\"font-weight: 400;\">Nella primavera 2011 si \u00e8 aggiunto il murales dell\u2019artista locale Piani nell\u2019autunno 2011 affresco e il murales dell\u2019artista locale Ballis<\/span><\/p>\n<p style=\"font-weight: 400;\">\n","protected":false},"excerpt":{"rendered":"<p>AGORDO &nbsp; DI GIANNI SANTOMASO &nbsp; LA STORIA La Casa di Soggiorno per le persone anziane dell\u2019Agordino \u00e8 stata costruita e donata ai Comuni dell\u2019Agordino, riuniti nell\u2019allora Comunit\u00e0 Montana Agordina, dal Sig. BRUNO DAI PRA\u2019 alla fine degli anni \u201960. Bruno Dai Pr\u00e0 \u00e8 nato a Taibon nel 1916, si \u00e8 Diplomato Perito Minerario all\u2019Istituto&hellip;<\/p>\n","protected":false},"author":4,"featured_media":190126,"comment_status":"closed","ping_status":"open","sticky":false,"template":"","format":"standard","meta":{"_monsterinsights_skip_tracking":false,"_monsterinsights_sitenote_active":false,"_monsterinsights_sitenote_note":"","_monsterinsights_sitenote_category":0,"footnotes":""},"categories":[51,49],"tags":[],"class_list":["post-209223","post","type-post","status-publish","format-standard","has-post-thumbnail","hentry","category-evidenza-top","category-news-18","category-51","category-49","description-off"],"img_url":"https:\/\/www.radiopiu.net\/wordpress\/wp-content\/uploads\/2021\/02\/CASA-SOGGIORNO-TAIBON.jpg","_links":{"self":[{"href":"https:\/\/www.radiopiu.net\/wordpress\/wp-json\/wp\/v2\/posts\/209223","targetHints":{"allow":["GET"]}}],"collection":[{"href":"https:\/\/www.radiopiu.net\/wordpress\/wp-json\/wp\/v2\/posts"}],"about":[{"href":"https:\/\/www.radiopiu.net\/wordpress\/wp-json\/wp\/v2\/types\/post"}],"author":[{"embeddable":true,"href":"https:\/\/www.radiopiu.net\/wordpress\/wp-json\/wp\/v2\/users\/4"}],"replies":[{"embeddable":true,"href":"https:\/\/www.radiopiu.net\/wordpress\/wp-json\/wp\/v2\/comments?post=209223"}],"version-history":[{"count":0,"href":"https:\/\/www.radiopiu.net\/wordpress\/wp-json\/wp\/v2\/posts\/209223\/revisions"}],"wp:featuredmedia":[{"embeddable":true,"href":"https:\/\/www.radiopiu.net\/wordpress\/wp-json\/wp\/v2\/media\/190126"}],"wp:attachment":[{"href":"https:\/\/www.radiopiu.net\/wordpress\/wp-json\/wp\/v2\/media?parent=209223"}],"wp:term":[{"taxonomy":"category","embeddable":true,"href":"https:\/\/www.radiopiu.net\/wordpress\/wp-json\/wp\/v2\/categories?post=209223"},{"taxonomy":"post_tag","embeddable":true,"href":"https:\/\/www.radiopiu.net\/wordpress\/wp-json\/wp\/v2\/tags?post=209223"}],"curies":[{"name":"wp","href":"https:\/\/api.w.org\/{rel}","templated":true}]}}