{"id":209495,"date":"2021-05-14T05:31:11","date_gmt":"2021-05-14T03:31:11","guid":{"rendered":"https:\/\/www.radiopiu.net\/wordpress\/?p=209495"},"modified":"2021-05-14T05:59:07","modified_gmt":"2021-05-14T03:59:07","slug":"taibon-agordino-la-nuova-pista-tagliafuoco-e-di-manutenzione-ambientale","status":"publish","type":"post","link":"https:\/\/www.radiopiu.net\/wordpress\/taibon-agordino-la-nuova-pista-tagliafuoco-e-di-manutenzione-ambientale\/","title":{"rendered":"TAIBON AGORDINO: LA  NUOVA PISTA  TAGLIAFUOCO E DI MANUTENZIONE AMBIENTALE"},"content":{"rendered":"<p><strong>di Giorgio Fontanive<\/strong><\/p>\n<p><strong>TAIBON <\/strong>Da pi\u00f9 giorni l\u2019impresa incaricata dei lavori sul versante orientale della I Pala di S.Lucano, sta provvedendo all\u2019apertura della pista forestale tagliafuoco e di manutenzione ambientale per il recupero degli schianti del 29 ottobre 2018 (importo 500.000 \u20ac con fine lavori ad agosto. In queste prime settimane, nonostante avverse condizioni meteo, le opere svolte hanno comportato il tracciamento di oltre un paio di km sulle Piaie de Prombi\u00e0nch innalzandosi dalla comunale per C\u00f2l di Pra alle Besauseghe fino all\u2019altezza di Forno de Val dove, in questo momento, si sta lavorando su un tratto di terreno roccioso che qui emerge dai depositi detritici di copertura dove la pista \u00e8 stata aperta, finora senza grandi difficolt\u00e0. Domenica 9 maggio, un vero \u201cprimo giorno di primavera\u201d vari escursionisti &#8211; tra cui lo scrivente &#8211; hanno approfittato delle eccellenti condizioni meteo per verificare i pregi di quest\u2019opera che si dimostrano assolutamente innegabili. Un tracciato nel bosco rado con brevi salite intervallate da tratti pianeggianti in uno scenario incantevole, dove la natura la fa da padrona, qui all\u2019ingresso della Valle di S. Lucano con l\u2019Agn\u00e8r che vigila. Un progetto di cui si era parlato almeno una\u00a0 cinquantina d\u2019anni fa per l\u2019urbanizzazione di Taibon ma poi non andato a buon fine a beneficio dell\u2019area di campagna a sud del capoluogo. Ma ci voleva un grande incendio e un\u2019alluvione per promuovere quest\u2019opera, oggi come ieri necessaria anche per la sicurezza del paese com\u2019\u00e8 stato dimostrato due anni fa ma anche in precedenza con crolli dai costoni rocciosi: oltre che permettere il ripristino ambientale dell\u2019area e costituire un potente mezzo di pronto intervento in caso di scoscendimenti, il tracciato &#8211; che raggiunger\u00e0 la ex-strada militare del Forte di P\u00e8den presso l\u2019ultimo tornante &#8211; consentir\u00e0 anche un solat\u00eco anello di elevata valenza paesaggistica che non mancher\u00e0 di attirare frequentatori data la semplicit\u00e0 e la panoramicit\u00e0 del tracciato. Finalmente una iniziativa avverso la quale nessuno potr\u00e0 obbiettare alcunch\u00e9 e portata a buon fine dall\u2019amm. Comunale &#8211; attingendo ai fondi per i danni causati da Vaia &#8211; ma senza dimenticare le pressioni da parte di tanti residenti, da tempo mobilitati a favore di quest\u2019opera con la costituzione di un comitato spontaneo e anche con una raccolta firme.<\/p>\n\n\t\t\t<style type='text\/css'>\n\t\t\t\t#gallery-1 {\n\t\t\t\t\tmargin: auto;\n\t\t\t\t}\n\t\t\t\t#gallery-1 .gallery-item {\n\t\t\t\t\tfloat: left;\n\t\t\t\t\tmargin-top: 10px;\n\t\t\t\t\ttext-align: center;\n\t\t\t\t\twidth: 33%;\n\t\t\t\t}\n\t\t\t\t#gallery-1 img {\n\t\t\t\t\tborder: 2px solid #cfcfcf;\n\t\t\t\t}\n\t\t\t\t#gallery-1 .gallery-caption {\n\t\t\t\t\tmargin-left: 0;\n\t\t\t\t}\n\t\t\t\t\/* see gallery_shortcode() in wp-includes\/media.php *\/\n\t\t\t<\/style>\n\t\t<div id='gallery-1' class='dt-gallery-container gallery galleryid-209495 gallery-columns-3 gallery-size-medium'><dl class='gallery-item'>\n\t\t\t\t<dt class='gallery-icon landscape'>\n\t\t\t\t\t<a class=\"rollover rollover-zoom dt-pswp-item\" title=\"1-Tracciato indicativo della pista forestale\" data-dt-img-description=\"\" data-large_image_width=\"1416\" data-large_image_height=\"944\"href='https:\/\/www.radiopiu.net\/wordpress\/wp-content\/uploads\/2021\/05\/1-Tracciato-indicativo-della-pista-forestale.jpg'><img loading=\"lazy\" decoding=\"async\" width=\"300\" height=\"200\" src=\"https:\/\/www.radiopiu.net\/wordpress\/wp-content\/uploads\/2021\/05\/1-Tracciato-indicativo-della-pista-forestale-300x200.jpg\" class=\"attachment-medium size-medium\" alt=\"\" srcset=\"https:\/\/www.radiopiu.net\/wordpress\/wp-content\/uploads\/2021\/05\/1-Tracciato-indicativo-della-pista-forestale-300x200.jpg 300w, https:\/\/www.radiopiu.net\/wordpress\/wp-content\/uploads\/2021\/05\/1-Tracciato-indicativo-della-pista-forestale-1024x683.jpg 1024w, https:\/\/www.radiopiu.net\/wordpress\/wp-content\/uploads\/2021\/05\/1-Tracciato-indicativo-della-pista-forestale-768x512.jpg 768w, https:\/\/www.radiopiu.net\/wordpress\/wp-content\/uploads\/2021\/05\/1-Tracciato-indicativo-della-pista-forestale.jpg 1416w\" sizes=\"auto, (max-width: 300px) 100vw, 300px\" \/><\/a>\n\t\t\t\t<\/dt><\/dl><dl class='gallery-item'>\n\t\t\t\t<dt class='gallery-icon landscape'>\n\t\t\t\t\t<a class=\"rollover rollover-zoom dt-pswp-item\" title=\"2-Agne\u0300r e Spiz de la Lasti\u0300a (2)\" data-dt-img-description=\"\" data-large_image_width=\"1362\" data-large_image_height=\"915\"href='https:\/\/www.radiopiu.net\/wordpress\/wp-content\/uploads\/2021\/05\/2-Agne\u0300r-e-Spiz-de-la-Lasti\u0300a-2.jpg'><img loading=\"lazy\" decoding=\"async\" width=\"300\" height=\"202\" src=\"https:\/\/www.radiopiu.net\/wordpress\/wp-content\/uploads\/2021\/05\/2-Agne\u0300r-e-Spiz-de-la-Lasti\u0300a-2-300x202.jpg\" class=\"attachment-medium size-medium\" alt=\"\" srcset=\"https:\/\/www.radiopiu.net\/wordpress\/wp-content\/uploads\/2021\/05\/2-Agne\u0300r-e-Spiz-de-la-Lasti\u0300a-2-300x202.jpg 300w, https:\/\/www.radiopiu.net\/wordpress\/wp-content\/uploads\/2021\/05\/2-Agne\u0300r-e-Spiz-de-la-Lasti\u0300a-2-1024x688.jpg 1024w, https:\/\/www.radiopiu.net\/wordpress\/wp-content\/uploads\/2021\/05\/2-Agne\u0300r-e-Spiz-de-la-Lasti\u0300a-2-768x516.jpg 768w, https:\/\/www.radiopiu.net\/wordpress\/wp-content\/uploads\/2021\/05\/2-Agne\u0300r-e-Spiz-de-la-Lasti\u0300a-2.jpg 1362w\" sizes=\"auto, (max-width: 300px) 100vw, 300px\" \/><\/a>\n\t\t\t\t<\/dt><\/dl><dl class='gallery-item'>\n\t\t\t\t<dt class='gallery-icon landscape'>\n\t\t\t\t\t<a class=\"rollover rollover-zoom dt-pswp-item\" title=\"3-Panorama su Agordo\" data-dt-img-description=\"\" data-large_image_width=\"1024\" data-large_image_height=\"683\"href='https:\/\/www.radiopiu.net\/wordpress\/wp-content\/uploads\/2021\/05\/3-Panorama-su-Agordo.jpg'><img loading=\"lazy\" decoding=\"async\" width=\"300\" height=\"200\" src=\"https:\/\/www.radiopiu.net\/wordpress\/wp-content\/uploads\/2021\/05\/3-Panorama-su-Agordo-300x200.jpg\" class=\"attachment-medium size-medium\" alt=\"\" srcset=\"https:\/\/www.radiopiu.net\/wordpress\/wp-content\/uploads\/2021\/05\/3-Panorama-su-Agordo-300x200.jpg 300w, https:\/\/www.radiopiu.net\/wordpress\/wp-content\/uploads\/2021\/05\/3-Panorama-su-Agordo-768x512.jpg 768w, https:\/\/www.radiopiu.net\/wordpress\/wp-content\/uploads\/2021\/05\/3-Panorama-su-Agordo.jpg 1024w\" sizes=\"auto, (max-width: 300px) 100vw, 300px\" \/><\/a>\n\t\t\t\t<\/dt><\/dl><br style=\"clear: both\" \/>\n\t\t\t<\/div>\n\n<p>&nbsp;<\/p>\n<p>&nbsp;<\/p>\n<p>&nbsp;<\/p>\n<p>&nbsp;<\/p>\n<p>***<\/p>\n","protected":false},"excerpt":{"rendered":"<p>di Giorgio Fontanive TAIBON Da pi\u00f9 giorni l\u2019impresa incaricata dei lavori sul versante orientale della I Pala di S.Lucano, sta provvedendo all\u2019apertura della pista forestale tagliafuoco e di manutenzione ambientale per il recupero degli schianti del 29 ottobre 2018 (importo 500.000 \u20ac con fine lavori ad agosto. In queste prime settimane, nonostante avverse condizioni meteo,&hellip;<\/p>\n","protected":false},"author":4,"featured_media":209498,"comment_status":"closed","ping_status":"open","sticky":false,"template":"","format":"standard","meta":{"_monsterinsights_skip_tracking":false,"_monsterinsights_sitenote_active":false,"_monsterinsights_sitenote_note":"","_monsterinsights_sitenote_category":0,"footnotes":""},"categories":[1,51,49],"tags":[],"class_list":["post-209495","post","type-post","status-publish","format-standard","has-post-thumbnail","hentry","category-senza-categoria","category-evidenza-top","category-news-18","category-1","category-51","category-49","description-off"],"img_url":"https:\/\/www.radiopiu.net\/wordpress\/wp-content\/uploads\/2021\/05\/1-Tracciato-indicativo-della-pista-forestale.jpg","_links":{"self":[{"href":"https:\/\/www.radiopiu.net\/wordpress\/wp-json\/wp\/v2\/posts\/209495","targetHints":{"allow":["GET"]}}],"collection":[{"href":"https:\/\/www.radiopiu.net\/wordpress\/wp-json\/wp\/v2\/posts"}],"about":[{"href":"https:\/\/www.radiopiu.net\/wordpress\/wp-json\/wp\/v2\/types\/post"}],"author":[{"embeddable":true,"href":"https:\/\/www.radiopiu.net\/wordpress\/wp-json\/wp\/v2\/users\/4"}],"replies":[{"embeddable":true,"href":"https:\/\/www.radiopiu.net\/wordpress\/wp-json\/wp\/v2\/comments?post=209495"}],"version-history":[{"count":0,"href":"https:\/\/www.radiopiu.net\/wordpress\/wp-json\/wp\/v2\/posts\/209495\/revisions"}],"wp:featuredmedia":[{"embeddable":true,"href":"https:\/\/www.radiopiu.net\/wordpress\/wp-json\/wp\/v2\/media\/209498"}],"wp:attachment":[{"href":"https:\/\/www.radiopiu.net\/wordpress\/wp-json\/wp\/v2\/media?parent=209495"}],"wp:term":[{"taxonomy":"category","embeddable":true,"href":"https:\/\/www.radiopiu.net\/wordpress\/wp-json\/wp\/v2\/categories?post=209495"},{"taxonomy":"post_tag","embeddable":true,"href":"https:\/\/www.radiopiu.net\/wordpress\/wp-json\/wp\/v2\/tags?post=209495"}],"curies":[{"name":"wp","href":"https:\/\/api.w.org\/{rel}","templated":true}]}}