{"id":209639,"date":"2021-05-14T05:30:35","date_gmt":"2021-05-14T03:30:35","guid":{"rendered":"https:\/\/www.radiopiu.net\/wordpress\/?p=209639"},"modified":"2021-05-14T05:59:28","modified_gmt":"2021-05-14T03:59:28","slug":"luxottica-il-ritorno-della-navetta-e-altri-aggiornamenti-sui-parcheggi","status":"publish","type":"post","link":"https:\/\/www.radiopiu.net\/wordpress\/luxottica-il-ritorno-della-navetta-e-altri-aggiornamenti-sui-parcheggi\/","title":{"rendered":"LUXOTTICA: IL RITORNO DELLA NAVETTA E ALTRI AGGIORNAMENTI SUI PARCHEGGI"},"content":{"rendered":"<p>&nbsp;<\/p>\n<blockquote><p><em>I nuovi orari di autobus e navette verranno esposti nei reparti quanto prima possibile,\u00a0<\/em><\/p><\/blockquote>\n<p><strong> <img loading=\"lazy\" decoding=\"async\" class=\"alignleft\" src=\"https:\/\/www.radiopiu.net\/wordpress\/wp-content\/uploads\/2019\/03\/WhatsApp-Image-2019-03-24-at-18.11.14.jpeg\" width=\"274\" height=\"137\" \/>AGORDO<\/strong>\u00a0 Oggi si \u00e8 svolto un collaborativo incontro tra azienda e commissione trasporti RSU e sono state definite le novit\u00e0 in vigore da lunedi quando terminer\u00e0 il distanziamento tra turni nello stabilimento di Agordo.\u00a0 L&#8217;azienda ha messo in campo diverse soluzioni per migliorare la situazione dei parcheggi, accogliendo anche alcuni suggerimenti proposti dalla commissione. Da luned\u00ec verranno adeguati gli orari degli autobus a servizio dei turnisti, il ritorno ad orari normali dovrebbe anche consentire il ripristino delle corse notturne su alcune tratte nelle quali era stato sospeso per motivi tecnici durante il distanziamento turni. Verranno comunque rispettate le normative anti covid in vigore, a cominciare dalla sanificazione degli autobus tra un turno e l&#8217;altro, inoltre il numero dei mezzi verr\u00e0 adeguato in base all&#8217;utenza per rispettare la capienza massima prevista. Altra importante novit\u00e0 annunciata da Luxottica \u00e8 il ritorno della navetta che far\u00e0 la spola tra Valcozzena e i parcheggi di Polane e Tamonich, passando per il centro di Agordo. <em>&#8220;Vi saranno pi\u00f9 corse a servizio dei turnisti pomeridiani i quali sono maggiormente coinvolti dalle problematiche di parcheggio in Valcozzena &#8211; ricorda Emilio Bez,\u00a0 coordinatore Uiltec-Uil Luxottica Agordo &#8211; da luned\u00ec quindi sia i dipendenti residenti in Agordo sia quelli che arrivano in auto potranno usufruire di un comodo trasporto. L&#8217;invito:\u00a0 utilizzare la navetta invece di parcheggiare\u00a0 in localit\u00e0 Valcozzena confermando l&#8217;importanza di un servizio\u00a0 che per l&#8217;azienda ha\u00a0 un costo ma che viene comunque messo gratuitamente a disposizione dei dipendenti&#8221;.<\/em><\/p>\n<blockquote><p>&nbsp;<\/p><\/blockquote>\n<p>&nbsp;<\/p>\n<p>&nbsp;<\/p>\n","protected":false},"excerpt":{"rendered":"<p>&nbsp; I nuovi orari di autobus e navette verranno esposti nei reparti quanto prima possibile,\u00a0 AGORDO\u00a0 Oggi si \u00e8 svolto un collaborativo incontro tra azienda e commissione trasporti RSU e sono state definite le novit\u00e0 in vigore da lunedi quando terminer\u00e0 il distanziamento tra turni nello stabilimento di Agordo.\u00a0 L&#8217;azienda ha messo in campo diverse&hellip;<\/p>\n","protected":false},"author":4,"featured_media":80220,"comment_status":"closed","ping_status":"open","sticky":false,"template":"","format":"standard","meta":{"_monsterinsights_skip_tracking":false,"_monsterinsights_sitenote_active":false,"_monsterinsights_sitenote_note":"","_monsterinsights_sitenote_category":0,"footnotes":""},"categories":[104,49],"tags":[],"class_list":["post-209639","post","type-post","status-publish","format-standard","has-post-thumbnail","hentry","category-evidenza_3","category-news-18","category-104","category-49","description-off"],"img_url":"https:\/\/www.radiopiu.net\/wordpress\/wp-content\/uploads\/2019\/03\/WhatsApp-Image-2019-03-24-at-18.11.14.jpeg","_links":{"self":[{"href":"https:\/\/www.radiopiu.net\/wordpress\/wp-json\/wp\/v2\/posts\/209639","targetHints":{"allow":["GET"]}}],"collection":[{"href":"https:\/\/www.radiopiu.net\/wordpress\/wp-json\/wp\/v2\/posts"}],"about":[{"href":"https:\/\/www.radiopiu.net\/wordpress\/wp-json\/wp\/v2\/types\/post"}],"author":[{"embeddable":true,"href":"https:\/\/www.radiopiu.net\/wordpress\/wp-json\/wp\/v2\/users\/4"}],"replies":[{"embeddable":true,"href":"https:\/\/www.radiopiu.net\/wordpress\/wp-json\/wp\/v2\/comments?post=209639"}],"version-history":[{"count":0,"href":"https:\/\/www.radiopiu.net\/wordpress\/wp-json\/wp\/v2\/posts\/209639\/revisions"}],"wp:featuredmedia":[{"embeddable":true,"href":"https:\/\/www.radiopiu.net\/wordpress\/wp-json\/wp\/v2\/media\/80220"}],"wp:attachment":[{"href":"https:\/\/www.radiopiu.net\/wordpress\/wp-json\/wp\/v2\/media?parent=209639"}],"wp:term":[{"taxonomy":"category","embeddable":true,"href":"https:\/\/www.radiopiu.net\/wordpress\/wp-json\/wp\/v2\/categories?post=209639"},{"taxonomy":"post_tag","embeddable":true,"href":"https:\/\/www.radiopiu.net\/wordpress\/wp-json\/wp\/v2\/tags?post=209639"}],"curies":[{"name":"wp","href":"https:\/\/api.w.org\/{rel}","templated":true}]}}