{"id":209784,"date":"2021-05-14T17:17:03","date_gmt":"2021-05-14T15:17:03","guid":{"rendered":"https:\/\/www.radiopiu.net\/wordpress\/?p=209784"},"modified":"2021-05-14T17:17:03","modified_gmt":"2021-05-14T15:17:03","slug":"dillo-a-radio-piu-strada-del-mis-sei-mesi-dopo-la-tempesta","status":"publish","type":"post","link":"https:\/\/www.radiopiu.net\/wordpress\/dillo-a-radio-piu-strada-del-mis-sei-mesi-dopo-la-tempesta\/","title":{"rendered":"DILLO A RADIO PIU&#8230; STRADA DEL MIS,  SEI MESI DOPO LA TEMPESTA"},"content":{"rendered":"<p><strong><img loading=\"lazy\" decoding=\"async\" class=\"alignleft\" src=\"https:\/\/www.radiopiu.net\/wordpress\/wp-content\/uploads\/2018\/12\/1000x1000_mis-700x700-300x300.jpg\" width=\"231\" height=\"231\" \/>REDAZIONE<\/strong> Di recente abbiamo pubblicato le ultime novit\u00e0 riguardo alla strada del Mis che anche a seguito di una cartellonistica non precisa ha visto un afflusso di motociclisti lungo la provinciale 2, anche per questo Massimo Bordigato ci scrive con ironia &#8220;<em>Mi son detto che forse per tornare a circolare su quella strada dovrei comprare una moto&#8221;.\u00a0<\/em>Battute a parte il nostro ascoltatore ci scrive ricordando di essersi interfacciato con Veneto Strade per ottenere qualche informazione sentendosi rispondere che\u00a0 <em>&#8220;Il settore tecnico di riferimento informa che la riapertura della SP2 della valle del Mis \u00e8 prevista per la met\u00e0 di giugno 2021, tempo permettendo&#8221;.<\/em><\/p>\n<p><strong>IL PENSIERO DI MASSIMO BORDIGATO <\/strong><em>&#8220;Riepilogando: strada chiusa dal 6 dicembre; le prime risposte che sono state date, ancora a gennaio, parlavano della riapertura entro la prima decade di febbraio, e da allora ci sono stati diversi rinvii, anche per un palleggio di responsabilit\u00e0 tra Veneto Strade e Provincia. I lavori sono cominciati verso met\u00e0 marzo e sarebbero dovuti durare qualche settimana; ora si parla di met\u00e0 giugno: oltre 6 mesi con la strada chiusa. <\/em><em>Pur comprendendo i problemi e gli imprevisti che possono aver contribuito ad allungare i tempi, a me pare che quanto a impegno ed attenzione si doveva e poteva fare di pi\u00f9. Si fa fatica a non pensare che alla SP2 non sia riconosciuta l&#8217;importanza che ha per il turismo e come alternativa (con tutti i suoi limiti) alla 203 Agordina. <\/em><em>E a proposito di attenzione, l&#8217;impressione \u00e8 che anche nell&#8217;organizzare gli interventi sulle varie strade si faccia poco per ridurre il disagio: con la SP2 chiusa, \u00e8 stato in questi giorni aperto un cantiere poco a valle di Tiser, e si parla di una prossima chiusura della SP3 sopra Pont Alt; senza dimenticare il caso di un paio di mesi fa, quando sono state contemporaneamente chiuse la SP3 per Gosaldo e la SP26 per Voltago, con il disagio per persone e attivit\u00e0 che si pu\u00f2 immaginare&#8221;.<\/em><\/p>\n","protected":false},"excerpt":{"rendered":"<p>REDAZIONE Di recente abbiamo pubblicato le ultime novit\u00e0 riguardo alla strada del Mis che anche a seguito di una cartellonistica non precisa ha visto un afflusso di motociclisti lungo la provinciale 2, anche per questo Massimo Bordigato ci scrive con ironia &#8220;Mi son detto che forse per tornare a circolare su quella strada dovrei comprare&hellip;<\/p>\n","protected":false},"author":4,"featured_media":70546,"comment_status":"closed","ping_status":"open","sticky":false,"template":"","format":"standard","meta":{"_monsterinsights_skip_tracking":false,"_monsterinsights_sitenote_active":false,"_monsterinsights_sitenote_note":"","_monsterinsights_sitenote_category":0,"footnotes":""},"categories":[104,49],"tags":[],"class_list":["post-209784","post","type-post","status-publish","format-standard","has-post-thumbnail","hentry","category-evidenza_3","category-news-18","category-104","category-49","description-off"],"img_url":"https:\/\/www.radiopiu.net\/wordpress\/wp-content\/uploads\/2018\/12\/1000x1000_mis-700x700.jpg","_links":{"self":[{"href":"https:\/\/www.radiopiu.net\/wordpress\/wp-json\/wp\/v2\/posts\/209784","targetHints":{"allow":["GET"]}}],"collection":[{"href":"https:\/\/www.radiopiu.net\/wordpress\/wp-json\/wp\/v2\/posts"}],"about":[{"href":"https:\/\/www.radiopiu.net\/wordpress\/wp-json\/wp\/v2\/types\/post"}],"author":[{"embeddable":true,"href":"https:\/\/www.radiopiu.net\/wordpress\/wp-json\/wp\/v2\/users\/4"}],"replies":[{"embeddable":true,"href":"https:\/\/www.radiopiu.net\/wordpress\/wp-json\/wp\/v2\/comments?post=209784"}],"version-history":[{"count":0,"href":"https:\/\/www.radiopiu.net\/wordpress\/wp-json\/wp\/v2\/posts\/209784\/revisions"}],"wp:featuredmedia":[{"embeddable":true,"href":"https:\/\/www.radiopiu.net\/wordpress\/wp-json\/wp\/v2\/media\/70546"}],"wp:attachment":[{"href":"https:\/\/www.radiopiu.net\/wordpress\/wp-json\/wp\/v2\/media?parent=209784"}],"wp:term":[{"taxonomy":"category","embeddable":true,"href":"https:\/\/www.radiopiu.net\/wordpress\/wp-json\/wp\/v2\/categories?post=209784"},{"taxonomy":"post_tag","embeddable":true,"href":"https:\/\/www.radiopiu.net\/wordpress\/wp-json\/wp\/v2\/tags?post=209784"}],"curies":[{"name":"wp","href":"https:\/\/api.w.org\/{rel}","templated":true}]}}