{"id":209861,"date":"2021-05-15T05:15:40","date_gmt":"2021-05-15T03:15:40","guid":{"rendered":"https:\/\/www.radiopiu.net\/wordpress\/?p=209861"},"modified":"2021-05-15T05:15:40","modified_gmt":"2021-05-15T03:15:40","slug":"sabato-29-maggio-lassemblea-del-cai-sezione-agordina","status":"publish","type":"post","link":"https:\/\/www.radiopiu.net\/wordpress\/sabato-29-maggio-lassemblea-del-cai-sezione-agordina\/","title":{"rendered":"SABATO 29 MAGGIO L&#8217;ASSEMBLEA DEL CAI SEZIONE AGORDINA"},"content":{"rendered":"<p><strong><img decoding=\"async\" class=\"alignleft\" src=\"https:\/\/www.radiopiu.net\/wordpress\/wp-content\/uploads\/2020\/11\/cai.jpeg\" \/>AGORDO<\/strong> Dopo i rinvii per la pandemia in atto ecco la notizia: l&#8217;assemblea annuale della sezione agordina del Cai Armando Tama Da Roit \u00e8 calendarizzata per sabato 29 maggio alle 18 in sala Don Tamis. E&#8217; il momento pi\u00f9 importante per l&#8217;associazione perch\u00e9 viene data ai soci l&#8217;opportunit\u00e0 di confrontarsi con il Consiglio Direttivo sulla gestione della Sezione, sui programmi svolti e quelli futuri e le problematiche che di anno in anno emergono. Quest&#8217;anno\u00a0 \u00e8 anche in scadenza il mandato del Direttivo e pertanto i Soci saranno chiamati a votare per eleggere un nuovo Presidente ed i nuovi Consiglieri. <em>&#8220;Purtroppo\u00a0 &#8211; dice la Presidente Anna Magro -il prolungarsi dell&#8217;emergenza sanitaria non ci consente di effettuare il consueto programma con S. Messa e ritrovo conviviale che \u00e8 da sempre una bella occasione per <a href=\"https:\/\/www.radiopiu.net\/wordpress\/50471-2\/anna-magro\/\" rel=\"attachment wp-att-50482\"><img loading=\"lazy\" decoding=\"async\" class=\" wp-image-50482 alignright\" src=\"https:\/\/www.radiopiu.net\/wordpress\/wp-content\/uploads\/2018\/06\/anna-magro-225x300.jpg\" alt=\"\" width=\"172\" height=\"229\" srcset=\"https:\/\/www.radiopiu.net\/wordpress\/wp-content\/uploads\/2018\/06\/anna-magro-225x300.jpg 225w, https:\/\/www.radiopiu.net\/wordpress\/wp-content\/uploads\/2018\/06\/anna-magro.jpg 450w\" sizes=\"auto, (max-width: 172px) 100vw, 172px\" \/><\/a>scambiare due parole tra amici&#8221;. <\/em>Saranno rispettate tutte le misure sanitarie &#8211; Obbligatorio per tutti l\u2019uso della mascherina. Visto il difficile momento\u00a0 la Sezione Agordina ha voluto dare un segnale di vicinanza ai propri Soci con una lieve diminuzione delle quote associative annuali.<em> &#8220;Un gesto, seppur piccolo, ma che crediamo venga apprezzato come segno di sensibilit\u00e0 e delicatezza del Consiglio Direttivo nei confronti di quanti apprezzano l&#8217;operato e la condotta di <\/em><em>un&#8217;Associazione che lavora sul territorio da pi\u00f9 di 152 anni&#8221; <\/em>conclude la Presidente. L&#8217;ordine del giorno dell&#8217;assemblea: Relazione del Presidente della Sezione. \uf0b7 Aggiornamento stato opere alpine a cura del Responsabile Opere Alpine. \uf0b7 Rendiconto economico a cura del Tesoriere. \uf0b7 Modifica Statuto come da direttive della Sede Centrale. \uf0b7 Libero dibattito; interventi. \uf0b7 Approvazione relazione del Presidente. \uf0b7 Approvazione bilancio consuntivo 2020 e preventivo 2021. \uf0b7 Approvazione programma 2021 e delega al Consiglio per eventuali sue modifiche. \uf0b7 Premiazioni e riconoscimenti a soci. \uf0b7 Presentazione candidati al prossimo Consiglio 2021 \u2013 2023 \uf0b7 Elezioni per rinnovo del Consiglio Direttivo.<\/p>\n","protected":false},"excerpt":{"rendered":"<p>AGORDO Dopo i rinvii per la pandemia in atto ecco la notizia: l&#8217;assemblea annuale della sezione agordina del Cai Armando Tama Da Roit \u00e8 calendarizzata per sabato 29 maggio alle 18 in sala Don Tamis. E&#8217; il momento pi\u00f9 importante per l&#8217;associazione perch\u00e9 viene data ai soci l&#8217;opportunit\u00e0 di confrontarsi con il Consiglio Direttivo sulla&hellip;<\/p>\n","protected":false},"author":4,"featured_media":174710,"comment_status":"closed","ping_status":"open","sticky":false,"template":"","format":"standard","meta":{"_monsterinsights_skip_tracking":false,"_monsterinsights_sitenote_active":false,"_monsterinsights_sitenote_note":"","_monsterinsights_sitenote_category":0,"footnotes":""},"categories":[51,49],"tags":[],"class_list":["post-209861","post","type-post","status-publish","format-standard","has-post-thumbnail","hentry","category-evidenza-top","category-news-18","category-51","category-49","description-off"],"img_url":"https:\/\/www.radiopiu.net\/wordpress\/wp-content\/uploads\/2020\/11\/cai.jpeg","_links":{"self":[{"href":"https:\/\/www.radiopiu.net\/wordpress\/wp-json\/wp\/v2\/posts\/209861","targetHints":{"allow":["GET"]}}],"collection":[{"href":"https:\/\/www.radiopiu.net\/wordpress\/wp-json\/wp\/v2\/posts"}],"about":[{"href":"https:\/\/www.radiopiu.net\/wordpress\/wp-json\/wp\/v2\/types\/post"}],"author":[{"embeddable":true,"href":"https:\/\/www.radiopiu.net\/wordpress\/wp-json\/wp\/v2\/users\/4"}],"replies":[{"embeddable":true,"href":"https:\/\/www.radiopiu.net\/wordpress\/wp-json\/wp\/v2\/comments?post=209861"}],"version-history":[{"count":0,"href":"https:\/\/www.radiopiu.net\/wordpress\/wp-json\/wp\/v2\/posts\/209861\/revisions"}],"wp:featuredmedia":[{"embeddable":true,"href":"https:\/\/www.radiopiu.net\/wordpress\/wp-json\/wp\/v2\/media\/174710"}],"wp:attachment":[{"href":"https:\/\/www.radiopiu.net\/wordpress\/wp-json\/wp\/v2\/media?parent=209861"}],"wp:term":[{"taxonomy":"category","embeddable":true,"href":"https:\/\/www.radiopiu.net\/wordpress\/wp-json\/wp\/v2\/categories?post=209861"},{"taxonomy":"post_tag","embeddable":true,"href":"https:\/\/www.radiopiu.net\/wordpress\/wp-json\/wp\/v2\/tags?post=209861"}],"curies":[{"name":"wp","href":"https:\/\/api.w.org\/{rel}","templated":true}]}}