{"id":209864,"date":"2021-05-15T05:27:29","date_gmt":"2021-05-15T03:27:29","guid":{"rendered":"https:\/\/www.radiopiu.net\/wordpress\/?p=209864"},"modified":"2021-05-15T05:27:30","modified_gmt":"2021-05-15T03:27:30","slug":"dillo-a-radio-piu-lavori-sulla-347-e-possibili-disagi","status":"publish","type":"post","link":"https:\/\/www.radiopiu.net\/wordpress\/dillo-a-radio-piu-lavori-sulla-347-e-possibili-disagi\/","title":{"rendered":"DILLO A RADIO PIU&#8217;&#8230;. LAVORI SULLA 347 E POSSIBILI DISAGI\u00a0"},"content":{"rendered":"<h3>\n<a href=\"https:\/\/www.radiopiu.net\/wordpress\/?attachment_id=209863\" rel=\"attachment wp-att-209863\"><img loading=\"lazy\" decoding=\"async\" class=\"wp-image-209863 alignleft\" src=\"https:\/\/www.radiopiu.net\/wordpress\/wp-content\/uploads\/2021\/05\/Passo-Duran_Rennradler-IT-300x225.jpg\" alt=\"\" width=\"155\" height=\"116\" srcset=\"https:\/\/www.radiopiu.net\/wordpress\/wp-content\/uploads\/2021\/05\/Passo-Duran_Rennradler-IT-300x225.jpg 300w, https:\/\/www.radiopiu.net\/wordpress\/wp-content\/uploads\/2021\/05\/Passo-Duran_Rennradler-IT-768x576.jpg 768w, https:\/\/www.radiopiu.net\/wordpress\/wp-content\/uploads\/2021\/05\/Passo-Duran_Rennradler-IT.jpg 1000w\" sizes=\"auto, (max-width: 155px) 100vw, 155px\" \/><\/a>LA VALLE\u00a0 Sulla SP347 del passo Duran\u00a0 \u00a0da luned\u00ec ci sar\u00e0 il senso unico alternato con semaforo per la posa di un cavidotto, c&#8217;\u00e8 il dubbio che, vista la strada gi\u00e0 molto stretta in quel tratto, che non permette neache lo scambio tra due auto, non vi sia la possibilit\u00e0 di transito per gli autoarticolati per il trasporto trochi della ditta che sta facendo l&#8217;asportazione legname post Vaia ed ha il cantiere proprio in quel tratto<\/h3>\n<p>Tiziano De Col, La Valle.<\/p>\n","protected":false},"excerpt":{"rendered":"<p>LA VALLE\u00a0 Sulla SP347 del passo Duran\u00a0 \u00a0da luned\u00ec ci sar\u00e0 il senso unico alternato con semaforo per la posa di un cavidotto, c&#8217;\u00e8 il dubbio che, vista la strada gi\u00e0 molto stretta in quel tratto, che non permette neache lo scambio tra due auto, non vi sia la possibilit\u00e0 di transito per gli autoarticolati&hellip;<\/p>\n","protected":false},"author":4,"featured_media":209863,"comment_status":"closed","ping_status":"open","sticky":false,"template":"","format":"standard","meta":{"_monsterinsights_skip_tracking":false,"_monsterinsights_sitenote_active":false,"_monsterinsights_sitenote_note":"","_monsterinsights_sitenote_category":0,"footnotes":""},"categories":[51,49],"tags":[],"class_list":["post-209864","post","type-post","status-publish","format-standard","has-post-thumbnail","hentry","category-evidenza-top","category-news-18","category-51","category-49","description-off"],"img_url":"https:\/\/www.radiopiu.net\/wordpress\/wp-content\/uploads\/2021\/05\/Passo-Duran_Rennradler-IT.jpg","_links":{"self":[{"href":"https:\/\/www.radiopiu.net\/wordpress\/wp-json\/wp\/v2\/posts\/209864","targetHints":{"allow":["GET"]}}],"collection":[{"href":"https:\/\/www.radiopiu.net\/wordpress\/wp-json\/wp\/v2\/posts"}],"about":[{"href":"https:\/\/www.radiopiu.net\/wordpress\/wp-json\/wp\/v2\/types\/post"}],"author":[{"embeddable":true,"href":"https:\/\/www.radiopiu.net\/wordpress\/wp-json\/wp\/v2\/users\/4"}],"replies":[{"embeddable":true,"href":"https:\/\/www.radiopiu.net\/wordpress\/wp-json\/wp\/v2\/comments?post=209864"}],"version-history":[{"count":0,"href":"https:\/\/www.radiopiu.net\/wordpress\/wp-json\/wp\/v2\/posts\/209864\/revisions"}],"wp:featuredmedia":[{"embeddable":true,"href":"https:\/\/www.radiopiu.net\/wordpress\/wp-json\/wp\/v2\/media\/209863"}],"wp:attachment":[{"href":"https:\/\/www.radiopiu.net\/wordpress\/wp-json\/wp\/v2\/media?parent=209864"}],"wp:term":[{"taxonomy":"category","embeddable":true,"href":"https:\/\/www.radiopiu.net\/wordpress\/wp-json\/wp\/v2\/categories?post=209864"},{"taxonomy":"post_tag","embeddable":true,"href":"https:\/\/www.radiopiu.net\/wordpress\/wp-json\/wp\/v2\/tags?post=209864"}],"curies":[{"name":"wp","href":"https:\/\/api.w.org\/{rel}","templated":true}]}}