{"id":209918,"date":"2021-05-16T07:12:12","date_gmt":"2021-05-16T05:12:12","guid":{"rendered":"https:\/\/www.radiopiu.net\/wordpress\/?p=209918"},"modified":"2021-05-17T05:51:41","modified_gmt":"2021-05-17T03:51:41","slug":"giornale-radiopiu-16-maggio-2021-direttore-mirko-mezzacasa","status":"publish","type":"post","link":"https:\/\/www.radiopiu.net\/wordpress\/giornale-radiopiu-16-maggio-2021-direttore-mirko-mezzacasa\/","title":{"rendered":"GIORNALE RADIOPIU 16 MAGGIO 2021 DIRETTORE MIRKO MEZZACASA"},"content":{"rendered":"<h3><span style=\"color: #0000ff;\">PER<strong>\u00a0RICEVERE QUESTO NOTIZIARIO DIRETTAMENTE SUL TUO CELLULARE ISCRIVITI AL CANALE TELEGRAM\u00a0<\/strong><strong>\u201cRADIO PIU\u00a0 INFORMAZIONE\u201d\u00a0 \u00a0<\/strong><\/span><\/h3>\n<hr \/>\n<p class=\"western\"><b>\u00a0\u00a0<\/b><\/p>\n<blockquote>\n<h2>VAX DAY BIS A CENCENIGHE,\u00a0 AL NOF FILO&#8217; CON VACCINO ASTRAZENECA<\/h2>\n<\/blockquote>\n<p><strong><a href=\"https:\/\/www.radiopiu.net\/wordpress\/vax-day-bis-a-cencenighe-domenica-al-nof-filo-con-vaccino-mono-dose\/c4dec3b0-c68a-47b9-ad32-40a413bd4aea\/\" rel=\"attachment wp-att-209791\"><img loading=\"lazy\" decoding=\"async\" class=\" wp-image-209791 alignleft\" src=\"https:\/\/www.radiopiu.net\/wordpress\/wp-content\/uploads\/2021\/05\/c4dec3b0-c68a-47b9-ad32-40a413bd4aea-300x225.jpg\" alt=\"\" width=\"193\" height=\"145\" srcset=\"https:\/\/www.radiopiu.net\/wordpress\/wp-content\/uploads\/2021\/05\/c4dec3b0-c68a-47b9-ad32-40a413bd4aea-300x225.jpg 300w, https:\/\/www.radiopiu.net\/wordpress\/wp-content\/uploads\/2021\/05\/c4dec3b0-c68a-47b9-ad32-40a413bd4aea-768x576.jpg 768w, https:\/\/www.radiopiu.net\/wordpress\/wp-content\/uploads\/2021\/05\/c4dec3b0-c68a-47b9-ad32-40a413bd4aea.jpg 1024w\" sizes=\"auto, (max-width: 193px) 100vw, 193px\" \/><\/a><\/strong>La ULSS comunica che a causa della mancata fornitura dei previsti vaccini Johnson &amp; Johnson, OGGI le vaccinazioni al Nof Filo\u2019 verranno effettuate con il siero AstraZeneca. Per questo vaccino \u00e8 prevista la seconda dose. Rimane invariato l\u2019orario e la fascia d\u2019et\u00e0 over 60.<\/p>\n<p><strong>CENCENIGHE<\/strong> I cittadini dai 60 anni in su, della Valle del Biois, Cencenighe e San Tomaso sono invitati\u00a0 al Nof Fil\u00f2 di Cencenighe per una seconda giornata di vaccinazione con orario continuato dalle 9.30 alle 14.30. Non serve la prenotazione, novit\u00e0 anche per i gi\u00e0 vaccinati in attesa della seconda dose come spiega il sindaco di Cencenighe, Mauro Soppelsa.<\/p>\n<p><strong>AUDIO<\/strong><\/p>\n<audio class=\"wp-audio-shortcode\" id=\"audio-209918-1\" preload=\"none\" style=\"width: 100%;\" controls=\"controls\"><source type=\"audio\/mpeg\" src=\"https:\/\/www.radiopiu.net\/wordpress\/wp-content\/uploads\/2021\/05\/mauro.mp3?_=1\" \/><a href=\"https:\/\/www.radiopiu.net\/wordpress\/wp-content\/uploads\/2021\/05\/mauro.mp3\">https:\/\/www.radiopiu.net\/wordpress\/wp-content\/uploads\/2021\/05\/mauro.mp3<\/a><\/audio>\n<p>&nbsp;<\/p>\n<hr \/>\n<p>&nbsp;<\/p>\n<blockquote>\n<h3>LA NUOVA APP PER LE PRENOTAZIONI&#8230;A CHILOMETRI ZERO<\/h3>\n<\/blockquote>\n<p><strong><span style=\"color: #800000;\">TUTORIAL\u00a0<\/span><\/strong><\/p>\n<div style=\"width: 848px;\" class=\"wp-video\"><video class=\"wp-video-shortcode\" id=\"video-209918-1\" width=\"848\" height=\"480\" preload=\"metadata\" controls=\"controls\"><source type=\"video\/mp4\" src=\"https:\/\/www.radiopiu.net\/wordpress\/wp-content\/uploads\/2021\/05\/WhatsApp-Video-2021-05-14-at-14.42.21.mp4?_=1\" \/><a href=\"https:\/\/www.radiopiu.net\/wordpress\/wp-content\/uploads\/2021\/05\/WhatsApp-Video-2021-05-14-at-14.42.21.mp4\">https:\/\/www.radiopiu.net\/wordpress\/wp-content\/uploads\/2021\/05\/WhatsApp-Video-2021-05-14-at-14.42.21.mp4<\/a><\/video><\/div>\n<p>&nbsp;<\/p>\n<p>&nbsp;<\/p>\n<hr \/>\n<p>&nbsp;<\/p>\n<blockquote>\n<h3>GIORNATA DI VACCINAZIONI A ROCCA PIETORE, VACCINATO ANCHE IL SINDACO<\/h3>\n<\/blockquote>\n<p><strong>ROCCA PIETORE\u00a0<\/strong>Un pomeriggio impegnativo per il Medico di Medicina Generale di Rocca Pietoreil Dottor Allegro che ha vaccinato una novantina di persone tra i 40 e i 59 anni a Rocca Pietore. &#8220;Ringrazio tanto il Dottor Allegro. <em>Perfetta organizzazione. Grazie anche ai volontari del Gruppo ANA di Protezione Civile del Comune di Rocca Pietore, ai volontari dell&#8217;Ambulanza di Rocca, all&#8217;assistente del Doc Severino, a Michela dell&#8217;ufficio anagrafe, i quali hanno fatto da buon supporto logistico<\/em>&#8221; le parole del primo cittadino Andrea De Bernardin<\/p>\n<p><strong>AI MICROFONI DI RADIO PIU&#8217; IL SINDACO DI ROCCA PIETORE ANDREA DE BERNARDIN<\/strong><\/p>\n<audio class=\"wp-audio-shortcode\" id=\"audio-209918-2\" preload=\"none\" style=\"width: 100%;\" controls=\"controls\"><source type=\"audio\/mpeg\" src=\"https:\/\/www.radiopiu.net\/wordpress\/wp-content\/uploads\/2021\/05\/DE-BERNARDIN-VACCINAZIONI-ROCCA.mp3?_=2\" \/><a href=\"https:\/\/www.radiopiu.net\/wordpress\/wp-content\/uploads\/2021\/05\/DE-BERNARDIN-VACCINAZIONI-ROCCA.mp3\">https:\/\/www.radiopiu.net\/wordpress\/wp-content\/uploads\/2021\/05\/DE-BERNARDIN-VACCINAZIONI-ROCCA.mp3<\/a><\/audio>\n<p>&nbsp;<\/p>\n<p><strong>LE FOTO<\/strong><\/p>\n\n\t\t\t<style type='text\/css'>\n\t\t\t\t#gallery-1 {\n\t\t\t\t\tmargin: auto;\n\t\t\t\t}\n\t\t\t\t#gallery-1 .gallery-item {\n\t\t\t\t\tfloat: left;\n\t\t\t\t\tmargin-top: 10px;\n\t\t\t\t\ttext-align: center;\n\t\t\t\t\twidth: 20%;\n\t\t\t\t}\n\t\t\t\t#gallery-1 img {\n\t\t\t\t\tborder: 2px solid #cfcfcf;\n\t\t\t\t}\n\t\t\t\t#gallery-1 .gallery-caption {\n\t\t\t\t\tmargin-left: 0;\n\t\t\t\t}\n\t\t\t\t\/* see gallery_shortcode() in wp-includes\/media.php *\/\n\t\t\t<\/style>\n\t\t<div id='gallery-1' class='dt-gallery-container gallery galleryid-209918 gallery-columns-5 gallery-size-thumbnail'><dl class='gallery-item'>\n\t\t\t\t<dt class='gallery-icon landscape'>\n\t\t\t\t\t<a class=\"rollover rollover-zoom dt-pswp-item\" title=\"5f39b3ee-8693-41c5-a5be-579bc59b18ab\" data-dt-img-description=\"\" data-large_image_width=\"1599\" data-large_image_height=\"1200\"href='https:\/\/www.radiopiu.net\/wordpress\/wp-content\/uploads\/2021\/05\/5f39b3ee-8693-41c5-a5be-579bc59b18ab.jpg'><img loading=\"lazy\" decoding=\"async\" width=\"150\" height=\"150\" src=\"https:\/\/www.radiopiu.net\/wordpress\/wp-content\/uploads\/2021\/05\/5f39b3ee-8693-41c5-a5be-579bc59b18ab-150x150.jpg\" class=\"attachment-thumbnail size-thumbnail\" alt=\"\" \/><\/a>\n\t\t\t\t<\/dt><\/dl><dl class='gallery-item'>\n\t\t\t\t<dt class='gallery-icon landscape'>\n\t\t\t\t\t<a class=\"rollover rollover-zoom dt-pswp-item\" title=\"92a79dcf-7c42-4252-8e5c-123cf06ad7a9\" data-dt-img-description=\"\" data-large_image_width=\"1599\" data-large_image_height=\"1200\"href='https:\/\/www.radiopiu.net\/wordpress\/wp-content\/uploads\/2021\/05\/92a79dcf-7c42-4252-8e5c-123cf06ad7a9.jpg'><img loading=\"lazy\" decoding=\"async\" width=\"150\" height=\"150\" src=\"https:\/\/www.radiopiu.net\/wordpress\/wp-content\/uploads\/2021\/05\/92a79dcf-7c42-4252-8e5c-123cf06ad7a9-150x150.jpg\" class=\"attachment-thumbnail size-thumbnail\" alt=\"\" \/><\/a>\n\t\t\t\t<\/dt><\/dl><dl class='gallery-item'>\n\t\t\t\t<dt class='gallery-icon landscape'>\n\t\t\t\t\t<a class=\"rollover rollover-zoom dt-pswp-item\" title=\"718a1e84-233e-4401-a1a1-dee9c1ae6f24\" data-dt-img-description=\"\" data-large_image_width=\"1599\" data-large_image_height=\"1200\"href='https:\/\/www.radiopiu.net\/wordpress\/wp-content\/uploads\/2021\/05\/718a1e84-233e-4401-a1a1-dee9c1ae6f24.jpg'><img loading=\"lazy\" decoding=\"async\" width=\"150\" height=\"150\" src=\"https:\/\/www.radiopiu.net\/wordpress\/wp-content\/uploads\/2021\/05\/718a1e84-233e-4401-a1a1-dee9c1ae6f24-150x150.jpg\" class=\"attachment-thumbnail size-thumbnail\" alt=\"\" \/><\/a>\n\t\t\t\t<\/dt><\/dl><dl class='gallery-item'>\n\t\t\t\t<dt class='gallery-icon portrait'>\n\t\t\t\t\t<a class=\"rollover rollover-zoom dt-pswp-item\" title=\"5f240e7a-af99-49af-a4c9-c99266d18f5f\" data-dt-img-description=\"\" data-large_image_width=\"1200\" data-large_image_height=\"1599\"href='https:\/\/www.radiopiu.net\/wordpress\/wp-content\/uploads\/2021\/05\/5f240e7a-af99-49af-a4c9-c99266d18f5f.jpg'><img loading=\"lazy\" decoding=\"async\" width=\"150\" height=\"150\" src=\"https:\/\/www.radiopiu.net\/wordpress\/wp-content\/uploads\/2021\/05\/5f240e7a-af99-49af-a4c9-c99266d18f5f-150x150.jpg\" class=\"attachment-thumbnail size-thumbnail\" alt=\"\" \/><\/a>\n\t\t\t\t<\/dt><\/dl><dl class='gallery-item'>\n\t\t\t\t<dt class='gallery-icon landscape'>\n\t\t\t\t\t<a class=\"rollover rollover-zoom dt-pswp-item\" title=\"cb2eb281-8052-4a1d-8c11-fe6a78e93359\" data-dt-img-description=\"\" data-large_image_width=\"2048\" data-large_image_height=\"1536\"href='https:\/\/www.radiopiu.net\/wordpress\/wp-content\/uploads\/2021\/05\/cb2eb281-8052-4a1d-8c11-fe6a78e93359.jpg'><img loading=\"lazy\" decoding=\"async\" width=\"150\" height=\"150\" src=\"https:\/\/www.radiopiu.net\/wordpress\/wp-content\/uploads\/2021\/05\/cb2eb281-8052-4a1d-8c11-fe6a78e93359-150x150.jpg\" class=\"attachment-thumbnail size-thumbnail\" alt=\"\" \/><\/a>\n\t\t\t\t<\/dt><\/dl><br style=\"clear: both\" \/>\n\t\t\t<\/div>\n\n<p>&nbsp;<\/p>\n<p>&nbsp;<\/p>\n<p>&nbsp;<\/p>\n<hr \/>\n<p>&nbsp;<\/p>\n<p><em><a href=\"https:\/\/www.radiopiu.net\/wordpress\/giornale-radiopiu-24-gennaio-2021-direttore-mirko-mezzacasa\/79216601_126817312416448_708980208774483089_n\/\" rel=\"attachment wp-att-186567\"><img loading=\"lazy\" decoding=\"async\" class=\"size-medium wp-image-186567 alignleft\" src=\"https:\/\/www.radiopiu.net\/wordpress\/wp-content\/uploads\/2021\/01\/79216601_126817312416448_708980208774483089_n-300x114.jpg\" sizes=\"auto, (max-width: 300px) 100vw, 300px\" srcset=\"https:\/\/www.radiopiu.net\/wordpress\/wp-content\/uploads\/2021\/01\/79216601_126817312416448_708980208774483089_n-300x114.jpg 300w, https:\/\/www.radiopiu.net\/wordpress\/wp-content\/uploads\/2021\/01\/79216601_126817312416448_708980208774483089_n-768x292.jpg 768w, https:\/\/www.radiopiu.net\/wordpress\/wp-content\/uploads\/2021\/01\/79216601_126817312416448_708980208774483089_n.jpg 820w\" alt=\"\" width=\"300\" height=\"114\" \/><\/a><\/em><\/p>\n<p><em>\u00a0A<\/em><em>PP PER IOS-IPHONE di Nicola Vettorello <\/em><a href=\"https:\/\/apps.apple.com\/it\/app\/radio-pi%C3%B9-emittente-agordina\/id1515939845\">https:\/\/apps.apple.com\/it\/app\/radio-pi%C3%B9-emittente-agordina\/id1515939845<\/a><\/p>\n<p><em>ATTENZIONE: LA NUOVA APP RADIO\u00a0 PER ANDROID di Nicola Vettorello<\/em><\/p>\n<p><a href=\"https:\/\/play.google.com\/store\/apps\/details?id=net.radiopiu.iniko\" target=\"_blank\" rel=\"noopener noreferrer\">https:\/\/play.google.com\/store\/apps\/details?id=net.radiopiu.iniko<\/a><\/p>\n<p>&nbsp;<\/p>\n<p>&nbsp;<\/p>\n<hr \/>\n<p>&nbsp;<\/p>\n<p>&nbsp;<\/p>\n<h3><a href=\"https:\/\/www.radiopiu.net\/wordpress\/giornale-radiopiu-13-maggio-2021-direttore-mirko-mezzacasa\/343614be-a1f6-4d4a-9b92-950e5b1c1ee9\/\" rel=\"attachment wp-att-209422\"><img loading=\"lazy\" decoding=\"async\" class=\"size-full wp-image-209422 alignleft\" src=\"https:\/\/www.radiopiu.net\/wordpress\/wp-content\/uploads\/2021\/05\/343614be-a1f6-4d4a-9b92-950e5b1c1ee9.jpg\" alt=\"\" width=\"90\" height=\"67\" \/><\/a> A\u00a0 BERTOI DI VOLTAGO ACQUA INQUINATA<\/h3>\n<p>a VOLTAGO AGORDINO in LOCALITA&#8217; BERTOI, l&#8217;acqua erogata dall&#8217;acquedotto non \u00e8 potabile e pu\u00f2 essere usata per scopi alimentari SOLO PREVIA bollitura.<\/p>\n<p>&nbsp;<\/p>\n<p>&nbsp;<\/p>\n<hr \/>\n<p>&nbsp;<\/p>\n<blockquote>\n<h3><a href=\"https:\/\/www.radiopiu.net\/wordpress\/giornale-radiopiu-06-maggio-2021-direttore-mirko-mezzacasa\/enel-2\/\" rel=\"attachment wp-att-207692\"><img loading=\"lazy\" decoding=\"async\" class=\"wp-image-207692 alignleft\" src=\"https:\/\/www.radiopiu.net\/wordpress\/wp-content\/uploads\/2021\/05\/enel-300x199.jpg\" alt=\"\" width=\"142\" height=\"94\" srcset=\"https:\/\/www.radiopiu.net\/wordpress\/wp-content\/uploads\/2021\/05\/enel-300x199.jpg 300w, https:\/\/www.radiopiu.net\/wordpress\/wp-content\/uploads\/2021\/05\/enel-1024x681.jpg 1024w, https:\/\/www.radiopiu.net\/wordpress\/wp-content\/uploads\/2021\/05\/enel-768x510.jpg 768w, https:\/\/www.radiopiu.net\/wordpress\/wp-content\/uploads\/2021\/05\/enel-1536x1021.jpg 1536w, https:\/\/www.radiopiu.net\/wordpress\/wp-content\/uploads\/2021\/05\/enel.jpg 1920w\" sizes=\"auto, (max-width: 142px) 100vw, 142px\" \/><\/a>INTERRUZIONI ENEL PROGRAMMATE PER LAVORI ALLE LINEE ELETTRICHE E SUGLI SCHIANTI DI VAIA<\/h3>\n<p><strong>Interruzione di energia elettrica mercoledi 19 maggio alle 8 alle 13 ad Alleghe nelle vie: Pascoli, Pace, Corso Venezia e Pini.\u00a0 Previsti i recuperi delle linee dimesse e in contemporanea al rifacimento\u00a0 della cabina.\u00a0 Da martedi\u00a0 elicottero in volo&#8230;\u00a0<\/strong><\/p><\/blockquote>\n<p>&nbsp;<\/p>\n<p>&nbsp;<\/p>\n<hr \/>\n<p>&nbsp;<\/p>\n<p><strong>DA LUNEDI 347 A SENSO UNICO\u00a0<\/strong><br \/>\n<strong>LA VALLE<\/strong><\/p>\n<p><strong>di GIANNI SANTOMASO<\/strong><\/p>\n<audio class=\"wp-audio-shortcode\" id=\"audio-209918-3\" preload=\"none\" style=\"width: 100%;\" controls=\"controls\"><source type=\"audio\/mpeg\" src=\"https:\/\/www.radiopiu.net\/wordpress\/wp-content\/uploads\/2021\/05\/veneto-strade-senso-unico-347.mp3?_=3\" \/><a href=\"https:\/\/www.radiopiu.net\/wordpress\/wp-content\/uploads\/2021\/05\/veneto-strade-senso-unico-347.mp3\">https:\/\/www.radiopiu.net\/wordpress\/wp-content\/uploads\/2021\/05\/veneto-strade-senso-unico-347.mp3<\/a><\/audio>\n<div>\n<blockquote>\n<h3><\/h3>\n<h3 class=\"page-title-head hgroup\">RIAPERTA A SENSO UNICO ALTERNATO LA EX SP 34 DI TAIER<\/h3>\n<\/blockquote>\n<p><strong><a href=\"https:\/\/www.radiopiu.net\/wordpress\/riaperta-a-senso-unico-alternato-la-ex-sp-34-di-taier\/schermata-2021-05-15-alle-10-40-35\/\" rel=\"attachment wp-att-209939\"><img loading=\"lazy\" decoding=\"async\" class=\" wp-image-209939 alignleft\" src=\"https:\/\/www.radiopiu.net\/wordpress\/wp-content\/uploads\/2021\/05\/Schermata-2021-05-15-alle-10.40.35-300x207.png\" alt=\"\" width=\"122\" height=\"84\" srcset=\"https:\/\/www.radiopiu.net\/wordpress\/wp-content\/uploads\/2021\/05\/Schermata-2021-05-15-alle-10.40.35-300x207.png 300w, https:\/\/www.radiopiu.net\/wordpress\/wp-content\/uploads\/2021\/05\/Schermata-2021-05-15-alle-10.40.35-1024x706.png 1024w, https:\/\/www.radiopiu.net\/wordpress\/wp-content\/uploads\/2021\/05\/Schermata-2021-05-15-alle-10.40.35-768x530.png 768w, https:\/\/www.radiopiu.net\/wordpress\/wp-content\/uploads\/2021\/05\/Schermata-2021-05-15-alle-10.40.35-1536x1059.png 1536w, https:\/\/www.radiopiu.net\/wordpress\/wp-content\/uploads\/2021\/05\/Schermata-2021-05-15-alle-10.40.35.png 1766w\" sizes=\"auto, (max-width: 122px) 100vw, 122px\" \/><\/a>TAIBON<\/strong> Ben prima del previsto \u00e8 stata riaperta la strada comunale di Taier (ex SP34). Riaperta si ma in parte perch\u00e8 \u00e8 stato istituito un senso unico alternato regolato da semaforo per consentire il completamento dei lavori tra Via Col di Lana e la localit\u00e0 Taier. Il termine dei lavori \u00e8 programmato per il 31 maggio.<\/p>\n<p><b>\u00a0<\/b><strong>PROVINCIALE 10 DI ALANO, LOC. LE SORGENTI<\/strong>\u00a0interruzione totale alla viabilit\u00e0 fino al 19 maggio, dalle 8 alle 12 e dalle 13 alle 18, esclusi sabato e domenica<\/p>\n<\/div>\n<p>&nbsp;<\/p>\n<hr \/>\n<p>&nbsp;<\/p>\n<p>&nbsp;<\/p>\n<div class=\"page-title-head hgroup\">\n<blockquote>\n<h3>LAVORI ALL&#8217;ECOCENTRO DI CENCENIGHE. CHIUSO DAL 5 AL 17 MAGGIO<\/h3>\n<\/blockquote>\n<p><strong><a href=\"https:\/\/www.radiopiu.net\/wordpress\/maltempo-possibili-problemi-alla-raccolta-dei-rifiuti-e-chiusura-di-sportelli-ed-ecocentri-al-pomeriggio\/logo-valpe-verticale\/\" rel=\"attachment wp-att-65542\"><img loading=\"lazy\" decoding=\"async\" class=\" wp-image-65542 alignleft\" src=\"https:\/\/www.radiopiu.net\/wordpress\/wp-content\/uploads\/2018\/10\/logo-valpe-verticale-300x298.jpg\" alt=\"\" width=\"141\" height=\"140\" srcset=\"https:\/\/www.radiopiu.net\/wordpress\/wp-content\/uploads\/2018\/10\/logo-valpe-verticale-300x298.jpg 300w, https:\/\/www.radiopiu.net\/wordpress\/wp-content\/uploads\/2018\/10\/logo-valpe-verticale-150x150.jpg 150w, https:\/\/www.radiopiu.net\/wordpress\/wp-content\/uploads\/2018\/10\/logo-valpe-verticale.jpg 370w\" sizes=\"auto, (max-width: 141px) 100vw, 141px\" \/><\/a>CENCENIGHE <\/strong>Nei prossimi giorni inizieranno alcuni interventi di sistemazione presso l\u2019Ecocentro di Cencenighe Agordino. Per consentire la realizzazione dei lavori previsti, la struttura chiuder\u00e0 al pubblico dal 5 al 17 maggio 2021. Durante il periodo di chiusura i cittadini potranno accedere a qualsiasi Ecocentro del territorio dell\u2019Unione Montana Agordina, verificando sedi e orari di apertura sul manuale informativo consegnato o su <a href=\"http:\/\/www.valpeambiente.it\">www.valpeambiente.it<\/a>.<\/p>\n<p>&nbsp;<\/p>\n<p>&nbsp;<\/p>\n<p>&nbsp;<\/p>\n<hr \/>\n<\/div>\n<p>&nbsp;<\/p>\n<blockquote>\n<h3>AGGIORNAMENTO COVID-19: UN DECESSO A BELLUNO, I NUOVI POSITIVI IN PROVINCIA SONO 6<\/h3>\n<\/blockquote>\n<p><strong>BELLUNO<\/strong>\u00a0 <span style=\"color: #202124;\">Nelle ultime 24 ore <\/span><span style=\"color: #202124;\"><span style=\"font-family: Calibri, sans-serif;\"><span lang=\"it-IT\">\u00e8 deceduto un paziente covid positivo di anni 76 ricoverato in malattie infettive a Belluno. Le nuove positivit\u00e0 registrate in Ulss 1 Dolomiti sono 6, 336 le persone attualmente positive in provincia.<\/span><\/span><\/span><\/p>\n<p>Le persone attualmente POSITIVE ricoverate negli ospedali dell\u2019Ulss Dolomiti sono<\/p>\n<table>\n<tbody>\n<tr>\n<td width=\"217\"><strong>\u00a0<\/strong><\/td>\n<td width=\"217\"><strong>Area NON CRITICA<\/strong><\/td>\n<td width=\"217\"><strong>Terapia Intensiva<\/strong><\/td>\n<\/tr>\n<tr>\n<td width=\"217\"><strong>Ospedale di Belluno <\/strong><\/td>\n<td width=\"217\">9<\/td>\n<td width=\"217\">0<\/td>\n<\/tr>\n<tr>\n<td width=\"217\"><strong>Ospedale di Feltre<\/strong><\/td>\n<td width=\"217\">8<\/td>\n<td width=\"217\">0<\/td>\n<\/tr>\n<\/tbody>\n<\/table>\n<p>Le persone attualmente POSITIVE ricoverate in Ospedale di Comunit\u00e0 sono:<\/p>\n<table>\n<tbody>\n<tr>\n<td width=\"326\"><strong>\u00a0<\/strong><\/td>\n<td width=\"326\"><strong>pazienti attualmente positivi<\/strong><\/td>\n<\/tr>\n<tr>\n<td width=\"326\"><strong>Ospedale di Comunit\u00e0 di FELTRE<\/strong><\/td>\n<td width=\"326\">7<\/td>\n<\/tr>\n<\/tbody>\n<\/table>\n<p><em>\u00a0 \u00a0<\/em><\/p>\n<p class=\"gmail-western\">Prosegue la campagna vaccinale sia nei punti vaccinali dell&#8217;Ulss Dolomiti che nelle sedute organizzate dai Medici di Famiglia (venerd\u00ec ad Auronzo, ieri a Lamon e Rocca Pietore, oggi a Cencenighe, marted\u00ec a Fonzaso).<\/p>\n<p>&nbsp;<\/p>\n<p>&nbsp;<\/p>\n<hr \/>\n<p>&nbsp;<\/p>\n<blockquote>\n<h3>ESCE DI STRADA E CENTRA UN PALO. LAVORO NOTTURNO PER I VIGILI DEL FUOCO<\/h3>\n<\/blockquote>\n<p><strong>BELLUNO<\/strong> Incidente l&#8217;altra notte all&#8217;una in localit\u00e0 Sargnano in comune di Belluno. Un&#8217;auto \u00e8 uscita autonomamente dalla strada finendo la sua corsa in giardino dopo aver colpito un palo della luce. Sul posto i Vigili del Fuoco arrivati da Belluno che hanno messo in sicurezza la vettura, il luogo dell&#8217;incidente ed hanno aiutato il personale della ditta di distribuzione elettrica nella rimozione del palo pericolante. Le operazioni sono terminate attorno alle 3:40.<\/p>\n\n\t\t\t<style type='text\/css'>\n\t\t\t\t#gallery-2 {\n\t\t\t\t\tmargin: auto;\n\t\t\t\t}\n\t\t\t\t#gallery-2 .gallery-item {\n\t\t\t\t\tfloat: left;\n\t\t\t\t\tmargin-top: 10px;\n\t\t\t\t\ttext-align: center;\n\t\t\t\t\twidth: 50%;\n\t\t\t\t}\n\t\t\t\t#gallery-2 img {\n\t\t\t\t\tborder: 2px solid #cfcfcf;\n\t\t\t\t}\n\t\t\t\t#gallery-2 .gallery-caption {\n\t\t\t\t\tmargin-left: 0;\n\t\t\t\t}\n\t\t\t\t\/* see gallery_shortcode() in wp-includes\/media.php *\/\n\t\t\t<\/style>\n\t\t<div id='gallery-2' class='dt-gallery-container gallery galleryid-209918 gallery-columns-2 gallery-size-medium'><dl class='gallery-item'>\n\t\t\t\t<dt class='gallery-icon landscape'>\n\t\t\t\t\t<a class=\"rollover rollover-zoom dt-pswp-item\" title=\"Incidente Sargnano 1\" data-dt-img-description=\"\" data-large_image_width=\"1077\" data-large_image_height=\"632\"href='https:\/\/www.radiopiu.net\/wordpress\/wp-content\/uploads\/2021\/05\/Incidente-Sargnano-1.jpg'><img loading=\"lazy\" decoding=\"async\" width=\"300\" height=\"176\" src=\"https:\/\/www.radiopiu.net\/wordpress\/wp-content\/uploads\/2021\/05\/Incidente-Sargnano-1-300x176.jpg\" class=\"attachment-medium size-medium\" alt=\"\" srcset=\"https:\/\/www.radiopiu.net\/wordpress\/wp-content\/uploads\/2021\/05\/Incidente-Sargnano-1-300x176.jpg 300w, https:\/\/www.radiopiu.net\/wordpress\/wp-content\/uploads\/2021\/05\/Incidente-Sargnano-1-1024x601.jpg 1024w, https:\/\/www.radiopiu.net\/wordpress\/wp-content\/uploads\/2021\/05\/Incidente-Sargnano-1-768x451.jpg 768w, https:\/\/www.radiopiu.net\/wordpress\/wp-content\/uploads\/2021\/05\/Incidente-Sargnano-1.jpg 1077w\" sizes=\"auto, (max-width: 300px) 100vw, 300px\" \/><\/a>\n\t\t\t\t<\/dt><\/dl><dl class='gallery-item'>\n\t\t\t\t<dt class='gallery-icon landscape'>\n\t\t\t\t\t<a class=\"rollover rollover-zoom dt-pswp-item\" title=\"Incidente Sargnano 2\" data-dt-img-description=\"\" data-large_image_width=\"1111\" data-large_image_height=\"585\"href='https:\/\/www.radiopiu.net\/wordpress\/wp-content\/uploads\/2021\/05\/Incidente-Sargnano-2.jpg'><img loading=\"lazy\" decoding=\"async\" width=\"300\" height=\"158\" src=\"https:\/\/www.radiopiu.net\/wordpress\/wp-content\/uploads\/2021\/05\/Incidente-Sargnano-2-300x158.jpg\" class=\"attachment-medium size-medium\" alt=\"\" srcset=\"https:\/\/www.radiopiu.net\/wordpress\/wp-content\/uploads\/2021\/05\/Incidente-Sargnano-2-300x158.jpg 300w, https:\/\/www.radiopiu.net\/wordpress\/wp-content\/uploads\/2021\/05\/Incidente-Sargnano-2-1024x539.jpg 1024w, https:\/\/www.radiopiu.net\/wordpress\/wp-content\/uploads\/2021\/05\/Incidente-Sargnano-2-768x404.jpg 768w, https:\/\/www.radiopiu.net\/wordpress\/wp-content\/uploads\/2021\/05\/Incidente-Sargnano-2.jpg 1111w\" sizes=\"auto, (max-width: 300px) 100vw, 300px\" \/><\/a>\n\t\t\t\t<\/dt><\/dl><br style=\"clear: both\" \/>\n\t\t\t<\/div>\n\n<p>&nbsp;<\/p>\n<hr \/>\n<p>&nbsp;<\/p>\n<blockquote>\n<h3>SCIVOLA SULLA NEVE, IL SOCCORSO ALPINO INTERVIENE<\/h3>\n<\/blockquote>\n<p><strong><a href=\"https:\/\/www.radiopiu.net\/wordpress\/20210405_163922\/\"><img loading=\"lazy\" decoding=\"async\" class=\" wp-image-202691 alignleft\" src=\"https:\/\/www.radiopiu.net\/wordpress\/wp-content\/uploads\/2021\/04\/20210405_163922-300x225.jpg\" alt=\"\" width=\"271\" height=\"203\" srcset=\"https:\/\/www.radiopiu.net\/wordpress\/wp-content\/uploads\/2021\/04\/20210405_163922-300x225.jpg 300w, https:\/\/www.radiopiu.net\/wordpress\/wp-content\/uploads\/2021\/04\/20210405_163922-1024x768.jpg 1024w, https:\/\/www.radiopiu.net\/wordpress\/wp-content\/uploads\/2021\/04\/20210405_163922-768x576.jpg 768w, https:\/\/www.radiopiu.net\/wordpress\/wp-content\/uploads\/2021\/04\/20210405_163922-1536x1152.jpg 1536w, https:\/\/www.radiopiu.net\/wordpress\/wp-content\/uploads\/2021\/04\/20210405_163922-2048x1536.jpg 2048w\" sizes=\"auto, (max-width: 271px) 100vw, 271px\" \/><\/a>CORTINA <\/strong>Ieri attorno alle 11, il Soccorso alpino di Cortina \u00e8 stato allertato dalla Centrale del Suem, per un&#8217;escursionista scivolata mentre stava salendo al Lago del Sorapiss lungo il sentiero numero 215. Poich\u00e9 il tempo impediva l&#8217;avvicinamento dell&#8217;eliambulanza, una squadra del Sagf di Cortina ha risalito il sentiero e raggiunto C.L. 41 anni, di Travagliato (BS), che, da sola, era scivolata una ventina di metri pur calzando ramponcini e aveva riportato un sospetto trauma alla caviglia. La donna \u00e8 stata presa in carico da medico e tecnico di elisoccorso , sbarcati con il verricello, assieme a un secondo tecnico di elisoccorso, dal&#8217;elicottero del Suem di Pieve di Cadore, riuscito poi ad intervenire. L&#8217;infortunata \u00e8 stata quindi recuperata con la stessa modalit\u00e0 per essere trasportata all&#8217;ospedale di Cortina.<\/p>\n<p>&nbsp;<\/p>\n<p>&nbsp;<\/p>\n<p>&nbsp;<\/p>\n<p>&nbsp;<\/p>\n<hr \/>\n<p>&nbsp;<\/p>\n<blockquote>\n<h3>SI FERISCE CON UN FERRO DURANTE L&#8217;ESCURSIONE, ELITRASPORTATA A BELLUNO<\/h3>\n<\/blockquote>\n<p><strong><a href=\"https:\/\/www.radiopiu.net\/wordpress\/torna-la-festa-del-volontariato-cadorino-sabato-1-settembre\/soccorsoalpino\/\" rel=\"attachment wp-att-59164\"><img loading=\"lazy\" decoding=\"async\" class=\" wp-image-59164 alignleft\" src=\"https:\/\/www.radiopiu.net\/wordpress\/wp-content\/uploads\/2018\/08\/soccorsoalpino-300x300.jpg\" alt=\"\" width=\"107\" height=\"107\" srcset=\"https:\/\/www.radiopiu.net\/wordpress\/wp-content\/uploads\/2018\/08\/soccorsoalpino-300x300.jpg 300w, https:\/\/www.radiopiu.net\/wordpress\/wp-content\/uploads\/2018\/08\/soccorsoalpino-150x150.jpg 150w, https:\/\/www.radiopiu.net\/wordpress\/wp-content\/uploads\/2018\/08\/soccorsoalpino-768x768.jpg 768w, https:\/\/www.radiopiu.net\/wordpress\/wp-content\/uploads\/2018\/08\/soccorsoalpino-1024x1024.jpg 1024w, https:\/\/www.radiopiu.net\/wordpress\/wp-content\/uploads\/2018\/08\/soccorsoalpino.jpg 1200w\" sizes=\"auto, (max-width: 107px) 100vw, 107px\" \/><\/a>VAL DI ZOLDO <\/strong>Ieri pomeriggio passate le 16 \u00e8 scattato l&#8217;allarme per un&#8217;escursionista che, durante una camminata nei boschi in localit\u00e0 Baron, sopra Forno di Zoldo, era scivolata ferndosi a una gamba con un ferro. Aiutata da altre persone a raggiungere l&#8217;abitato, G.F.B., 61 anni, di Val di Zoldo (BL), \u00e8 stata medicata e imbarcata sull&#8217;elicottero del Suem di Pieve di Cadore, atterrato nelle vicinanze, per essere trasportata all&#8217;ospedale di Belluno. Presente anche una squadra del Soccorso alpino della Val di Zoldo.<\/p>\n<p>&nbsp;<\/p>\n<p>&nbsp;<\/p>\n<hr \/>\n<p>&nbsp;<\/p>\n<blockquote>\n<h3>IL COMUNE DI AGORDO NON PUO&#8217; PARTECIPARE AL BANDO NAZIONALE PER LA RIGENERAZIONE URBANA<\/h3>\n<\/blockquote>\n<p><strong><a href=\"https:\/\/www.radiopiu.net\/wordpress\/una-semplice\/a8a8cbd6-9ca3-4f14-9e6a-43069c08cd84\/\" rel=\"attachment wp-att-151434\"><img loading=\"lazy\" decoding=\"async\" class=\"size-medium wp-image-151434 alignleft\" src=\"https:\/\/www.radiopiu.net\/wordpress\/wp-content\/uploads\/2020\/07\/a8a8cbd6-9ca3-4f14-9e6a-43069c08cd84-300x225.jpg\" alt=\"\" width=\"300\" height=\"225\" srcset=\"https:\/\/www.radiopiu.net\/wordpress\/wp-content\/uploads\/2020\/07\/a8a8cbd6-9ca3-4f14-9e6a-43069c08cd84-300x225.jpg 300w, https:\/\/www.radiopiu.net\/wordpress\/wp-content\/uploads\/2020\/07\/a8a8cbd6-9ca3-4f14-9e6a-43069c08cd84-768x576.jpg 768w, https:\/\/www.radiopiu.net\/wordpress\/wp-content\/uploads\/2020\/07\/a8a8cbd6-9ca3-4f14-9e6a-43069c08cd84.jpg 960w\" sizes=\"auto, (max-width: 300px) 100vw, 300px\" \/><\/a>AGORDO<\/strong><\/p>\n<p>di Gianni Santomaso<\/p>\n<audio class=\"wp-audio-shortcode\" id=\"audio-209918-4\" preload=\"none\" style=\"width: 100%;\" controls=\"controls\"><source type=\"audio\/mpeg\" src=\"https:\/\/www.radiopiu.net\/wordpress\/wp-content\/uploads\/2021\/05\/GIANNI-FONDI-MONTAGNA-AGORDO.mp3?_=4\" \/><a href=\"https:\/\/www.radiopiu.net\/wordpress\/wp-content\/uploads\/2021\/05\/GIANNI-FONDI-MONTAGNA-AGORDO.mp3\">https:\/\/www.radiopiu.net\/wordpress\/wp-content\/uploads\/2021\/05\/GIANNI-FONDI-MONTAGNA-AGORDO.mp3<\/a><\/audio>\n<p>&nbsp;<\/p>\n<hr \/>\n<p>&nbsp;<\/p>\n<blockquote>\n<h3>GIORNATA NAZIONALE DEL MALATO ONCOLOGICO<\/h3>\n<\/blockquote>\n<p><strong><a href=\"https:\/\/www.radiopiu.net\/wordpress\/puntostampa27\/zaia-mascherina-2\/\" rel=\"attachment wp-att-175303\"><img loading=\"lazy\" decoding=\"async\" class=\"size-medium wp-image-175303 alignleft\" src=\"https:\/\/www.radiopiu.net\/wordpress\/wp-content\/uploads\/2020\/11\/ZAIA-MASCHERINA-e1616680380412-300x166.png\" alt=\"\" width=\"300\" height=\"166\" srcset=\"https:\/\/www.radiopiu.net\/wordpress\/wp-content\/uploads\/2020\/11\/ZAIA-MASCHERINA-e1616680380412-300x166.png 300w, https:\/\/www.radiopiu.net\/wordpress\/wp-content\/uploads\/2020\/11\/ZAIA-MASCHERINA-e1616680380412-1024x568.png 1024w, https:\/\/www.radiopiu.net\/wordpress\/wp-content\/uploads\/2020\/11\/ZAIA-MASCHERINA-e1616680380412-768x426.png 768w, https:\/\/www.radiopiu.net\/wordpress\/wp-content\/uploads\/2020\/11\/ZAIA-MASCHERINA-e1616680380412.png 1428w\" sizes=\"auto, (max-width: 300px) 100vw, 300px\" \/><\/a>VENEZIA <\/strong>\u201c<em>Oggi celebriamo la Giornata Nazionale del Malato Oncologico con la consapevolezza che in Veneto non abbiamo mai lasciato a piedi nessuno, anzi. Lo sforzo del personale sanitario durante la pandemia non si \u00e8 sostanziato soltanto nell\u2019affrontare con uno sforzo sovrumano i casi della pandemia SARS-CoV-2, ma anche nel prendersi cura di tutte le aree critiche della Sanit\u00e0 regionale, e dell\u2019oncologia in particolare. Questo d\u00e0 la misura definitiva della solidit\u00e0 del sistema sanitario Veneto<\/em>\u201d. Lo afferma il Presidente della Regione del Veneto, Luca Zaia, dedicando un pensiero a tutti i malati, a chi ha superato il cancro, a coloro che hanno vissuto da vicino la malattia ma anche a tutte le persone che dedicano il loro tempo in associazioni di volontariato, a servizio dei malati e delle loro famiglie. \u201c<em>Conoscere i numeri del cancro in una popolazione significa guidare la prevenzione e le cure, quantificare le risorse necessarie per contrastare tale malattia, promuovere interventi di prevenzione e di diagnosi precoce &#8211; dice il Governatore -. In Veneto, grazie al nuovo sito web istituzionale del Registro Tumori del Veneto (Rtv), raggiungiamo cittadini e professionisti con dati epidemiologici aggiornati dei tumori della popolazione residente<\/em>\u201d. \u201c<em>Ma il nostro impegno non si esaurisce qui. Infatti, grazie al lavoro prezioso del direttore scientifico del Registro Tumori Veneto, il Professor Massimo Rugge, la nostra Regione \u00e8 stata la prima a ottenere la certificazione di qualit\u00e0 ISO 9001:2015 di un Registro Tumori Italiano &#8211; continua il Governatore -. Questo perch\u00e9 abbiamo colto l\u2019importanza di raccogliere, conoscere, aggregare e valutare i numeri e le tipologie delle neoplasie che colpiscono i veneti e le venete. Arma fondamentale sia per programmare le azioni via via da attuare, sia per aiutare i clinici a definire cure sempre pi\u00f9 incisive. L\u2019RTV \u00e8 un fiore all\u2019occhiello di tutta la sanit\u00e0 veneta e nazionale, e il lavoro sulla correlazione tra cancro e Covid ne \u00e8 una dimostrazione lampante<\/em>\u201d. Dalle analisi, effettuate su 84.246 veneti sottoposti a tampone per la ricerca virus (febbraio &#8211; marzo 2020) \u00e8 emerso che il rischio di infezione nei pazienti oncologici \u00e8 simile a quello della popolazione che non ha contratto la infezione. Nei pazienti oncologici SARS-CoV-2-positivi \u00e8 sensibilmente maggiore il rischio di complicanze (ricoveri e decessi). Questi eventi negativi sono risultati pi\u00f9 frequenti nei pazienti con diagnosi di tumore pi\u00f9 recente (negli ultimi due anni), ma rispetto alla popolazione generale il rischio \u00e8 rimasto pi\u00f9 elevato anche in quelli con una diagnosi pi\u00f9 lontana nel tempo. \u201c<em>La certificazione di standard internazionale premia la qualit\u00e0 del lavoro svolto in questi anni ed \u00e8 un primo grande risultato che pone come prossimo obbiettivo quello di realizzare un Consorzio dei Registri Tumori del Nord-est, che con questo progetto desidera prepararsi da protagonista alla prossima realizzazione del Registro Tumori Nazionale &#8211; conclude Zaia &#8211;<\/em>\u201d.<\/p>\n<p>&nbsp;<\/p>\n<p>&nbsp;<\/p>\n<hr \/>\n<p>&nbsp;<\/p>\n<hr \/>\n<p>&nbsp;<\/p>\n<p><a href=\"https:\/\/www.radiopiu.net\/wordpress\/giornale-radiopiu-16-maggio-2021-direttore-mirko-mezzacasa\/57e5159a-7214-4a35-827a-99f3d0ae1a04\/\" rel=\"attachment wp-att-209982\"><img loading=\"lazy\" decoding=\"async\" class=\"alignnone wp-image-209982 size-full\" src=\"https:\/\/www.radiopiu.net\/wordpress\/wp-content\/uploads\/2021\/05\/57e5159a-7214-4a35-827a-99f3d0ae1a04.jpg\" alt=\"\" width=\"1024\" height=\"773\" srcset=\"https:\/\/www.radiopiu.net\/wordpress\/wp-content\/uploads\/2021\/05\/57e5159a-7214-4a35-827a-99f3d0ae1a04.jpg 1024w, https:\/\/www.radiopiu.net\/wordpress\/wp-content\/uploads\/2021\/05\/57e5159a-7214-4a35-827a-99f3d0ae1a04-300x226.jpg 300w, https:\/\/www.radiopiu.net\/wordpress\/wp-content\/uploads\/2021\/05\/57e5159a-7214-4a35-827a-99f3d0ae1a04-768x580.jpg 768w\" sizes=\"auto, (max-width: 1024px) 100vw, 1024px\" \/><\/a><\/p>\n<p>&nbsp;<\/p>\n<blockquote class=\"wp-embedded-content\" data-secret=\"Sjzit7zmSH\"><p><a href=\"https:\/\/www.radiopiu.net\/wordpress\/aggmag15\/\">CORONAVIRUS: AGGIORNAMENTO NAZIONALE 15 MAGGIO  2021<\/a><\/p><\/blockquote>\n<p><iframe loading=\"lazy\" class=\"wp-embedded-content\" sandbox=\"allow-scripts\" security=\"restricted\" style=\"position: absolute; clip: rect(1px, 1px, 1px, 1px);\" title=\"&#8220;CORONAVIRUS: AGGIORNAMENTO NAZIONALE 15 MAGGIO  2021&#8221; &#8212; Radio Pi\u00f9\" src=\"https:\/\/www.radiopiu.net\/wordpress\/aggmag15\/embed\/#?secret=Sjzit7zmSH\" data-secret=\"Sjzit7zmSH\" width=\"600\" height=\"338\" frameborder=\"0\" marginwidth=\"0\" marginheight=\"0\" scrolling=\"no\"><\/iframe><\/p>\n<p>&nbsp;<\/p>\n<blockquote class=\"wp-embedded-content\" data-secret=\"7SwESw1UtD\"><p><a href=\"https:\/\/www.radiopiu.net\/wordpress\/ricoveri-in-marcato-calo-382-nuovi-positivi-in-veneto-nelle-ultime-24-ore-9-i-decessi-a-belluno-6-positivi-in-piu\/\">RICOVERI IN MARCATO CALO, 382 NUOVI POSITIVI IN VENETO NELLE ULTIME 24 ORE, 9 I DECESSI. A BELLUNO 6 POSITIVI IN PIU&#8217;<\/a><\/p><\/blockquote>\n<p><iframe loading=\"lazy\" class=\"wp-embedded-content\" sandbox=\"allow-scripts\" security=\"restricted\" style=\"position: absolute; clip: rect(1px, 1px, 1px, 1px);\" title=\"&#8220;RICOVERI IN MARCATO CALO, 382 NUOVI POSITIVI IN VENETO NELLE ULTIME 24 ORE, 9 I DECESSI. A BELLUNO 6 POSITIVI IN PIU&#8217;&#8221; &#8212; Radio Pi\u00f9\" src=\"https:\/\/www.radiopiu.net\/wordpress\/ricoveri-in-marcato-calo-382-nuovi-positivi-in-veneto-nelle-ultime-24-ore-9-i-decessi-a-belluno-6-positivi-in-piu\/embed\/#?secret=7SwESw1UtD\" data-secret=\"7SwESw1UtD\" width=\"600\" height=\"338\" frameborder=\"0\" marginwidth=\"0\" marginheight=\"0\" scrolling=\"no\"><\/iframe><\/p>\n<p>&nbsp;<\/p>\n<blockquote>\n<h3>I GRAFICI DI TIZIANO DE COL<\/h3>\n<\/blockquote>\n\n\t\t\t<style type='text\/css'>\n\t\t\t\t#gallery-3 {\n\t\t\t\t\tmargin: auto;\n\t\t\t\t}\n\t\t\t\t#gallery-3 .gallery-item {\n\t\t\t\t\tfloat: left;\n\t\t\t\t\tmargin-top: 10px;\n\t\t\t\t\ttext-align: center;\n\t\t\t\t\twidth: 20%;\n\t\t\t\t}\n\t\t\t\t#gallery-3 img {\n\t\t\t\t\tborder: 2px solid #cfcfcf;\n\t\t\t\t}\n\t\t\t\t#gallery-3 .gallery-caption {\n\t\t\t\t\tmargin-left: 0;\n\t\t\t\t}\n\t\t\t\t\/* see gallery_shortcode() in wp-includes\/media.php *\/\n\t\t\t<\/style>\n\t\t<div id='gallery-3' class='dt-gallery-container gallery galleryid-209918 gallery-columns-5 gallery-size-medium'><dl class='gallery-item'>\n\t\t\t\t<dt class='gallery-icon landscape'>\n\t\t\t\t\t<a class=\"rollover rollover-zoom dt-pswp-item\" title=\"d9db512a-4b78-4953-bbea-b9e52a59b748\" data-dt-img-description=\"\" data-large_image_width=\"588\" data-large_image_height=\"347\"href='https:\/\/www.radiopiu.net\/wordpress\/wp-content\/uploads\/2021\/05\/d9db512a-4b78-4953-bbea-b9e52a59b748.jpg'><img loading=\"lazy\" decoding=\"async\" width=\"300\" height=\"177\" src=\"https:\/\/www.radiopiu.net\/wordpress\/wp-content\/uploads\/2021\/05\/d9db512a-4b78-4953-bbea-b9e52a59b748-300x177.jpg\" class=\"attachment-medium size-medium\" alt=\"\" srcset=\"https:\/\/www.radiopiu.net\/wordpress\/wp-content\/uploads\/2021\/05\/d9db512a-4b78-4953-bbea-b9e52a59b748-300x177.jpg 300w, https:\/\/www.radiopiu.net\/wordpress\/wp-content\/uploads\/2021\/05\/d9db512a-4b78-4953-bbea-b9e52a59b748.jpg 588w\" sizes=\"auto, (max-width: 300px) 100vw, 300px\" \/><\/a>\n\t\t\t\t<\/dt><\/dl><dl class='gallery-item'>\n\t\t\t\t<dt class='gallery-icon landscape'>\n\t\t\t\t\t<a class=\"rollover rollover-zoom dt-pswp-item\" title=\"f817ded2-b2b5-44cd-897f-3600ce39983e\" data-dt-img-description=\"\" data-large_image_width=\"593\" data-large_image_height=\"353\"href='https:\/\/www.radiopiu.net\/wordpress\/wp-content\/uploads\/2021\/05\/f817ded2-b2b5-44cd-897f-3600ce39983e.jpg'><img loading=\"lazy\" decoding=\"async\" width=\"300\" height=\"179\" src=\"https:\/\/www.radiopiu.net\/wordpress\/wp-content\/uploads\/2021\/05\/f817ded2-b2b5-44cd-897f-3600ce39983e-300x179.jpg\" class=\"attachment-medium size-medium\" alt=\"\" srcset=\"https:\/\/www.radiopiu.net\/wordpress\/wp-content\/uploads\/2021\/05\/f817ded2-b2b5-44cd-897f-3600ce39983e-300x179.jpg 300w, https:\/\/www.radiopiu.net\/wordpress\/wp-content\/uploads\/2021\/05\/f817ded2-b2b5-44cd-897f-3600ce39983e.jpg 593w\" sizes=\"auto, (max-width: 300px) 100vw, 300px\" \/><\/a>\n\t\t\t\t<\/dt><\/dl><dl class='gallery-item'>\n\t\t\t\t<dt class='gallery-icon landscape'>\n\t\t\t\t\t<a class=\"rollover rollover-zoom dt-pswp-item\" title=\"617e8e9b-a33f-42b9-8b5d-e9de63202bf6\" data-dt-img-description=\"\" data-large_image_width=\"610\" data-large_image_height=\"351\"href='https:\/\/www.radiopiu.net\/wordpress\/wp-content\/uploads\/2021\/05\/617e8e9b-a33f-42b9-8b5d-e9de63202bf6.jpg'><img loading=\"lazy\" decoding=\"async\" width=\"300\" height=\"173\" src=\"https:\/\/www.radiopiu.net\/wordpress\/wp-content\/uploads\/2021\/05\/617e8e9b-a33f-42b9-8b5d-e9de63202bf6-300x173.jpg\" class=\"attachment-medium size-medium\" alt=\"\" srcset=\"https:\/\/www.radiopiu.net\/wordpress\/wp-content\/uploads\/2021\/05\/617e8e9b-a33f-42b9-8b5d-e9de63202bf6-300x173.jpg 300w, https:\/\/www.radiopiu.net\/wordpress\/wp-content\/uploads\/2021\/05\/617e8e9b-a33f-42b9-8b5d-e9de63202bf6.jpg 610w\" sizes=\"auto, (max-width: 300px) 100vw, 300px\" \/><\/a>\n\t\t\t\t<\/dt><\/dl><dl class='gallery-item'>\n\t\t\t\t<dt class='gallery-icon landscape'>\n\t\t\t\t\t<a class=\"rollover rollover-zoom dt-pswp-item\" title=\"78f5aaaa-6f87-4521-a6c4-4784326aafb3\" data-dt-img-description=\"\" data-large_image_width=\"608\" data-large_image_height=\"357\"href='https:\/\/www.radiopiu.net\/wordpress\/wp-content\/uploads\/2021\/05\/78f5aaaa-6f87-4521-a6c4-4784326aafb3.jpg'><img loading=\"lazy\" decoding=\"async\" width=\"300\" height=\"176\" src=\"https:\/\/www.radiopiu.net\/wordpress\/wp-content\/uploads\/2021\/05\/78f5aaaa-6f87-4521-a6c4-4784326aafb3-300x176.jpg\" class=\"attachment-medium size-medium\" alt=\"\" srcset=\"https:\/\/www.radiopiu.net\/wordpress\/wp-content\/uploads\/2021\/05\/78f5aaaa-6f87-4521-a6c4-4784326aafb3-300x176.jpg 300w, https:\/\/www.radiopiu.net\/wordpress\/wp-content\/uploads\/2021\/05\/78f5aaaa-6f87-4521-a6c4-4784326aafb3.jpg 608w\" sizes=\"auto, (max-width: 300px) 100vw, 300px\" \/><\/a>\n\t\t\t\t<\/dt><\/dl><dl class='gallery-item'>\n\t\t\t\t<dt class='gallery-icon landscape'>\n\t\t\t\t\t<a class=\"rollover rollover-zoom dt-pswp-item\" title=\"762ccd4d-7d4d-4b36-989b-532989634e30\" data-dt-img-description=\"\" data-large_image_width=\"608\" data-large_image_height=\"360\"href='https:\/\/www.radiopiu.net\/wordpress\/wp-content\/uploads\/2021\/05\/762ccd4d-7d4d-4b36-989b-532989634e30.jpg'><img loading=\"lazy\" decoding=\"async\" width=\"300\" height=\"178\" src=\"https:\/\/www.radiopiu.net\/wordpress\/wp-content\/uploads\/2021\/05\/762ccd4d-7d4d-4b36-989b-532989634e30-300x178.jpg\" class=\"attachment-medium size-medium\" alt=\"\" srcset=\"https:\/\/www.radiopiu.net\/wordpress\/wp-content\/uploads\/2021\/05\/762ccd4d-7d4d-4b36-989b-532989634e30-300x178.jpg 300w, https:\/\/www.radiopiu.net\/wordpress\/wp-content\/uploads\/2021\/05\/762ccd4d-7d4d-4b36-989b-532989634e30.jpg 608w\" sizes=\"auto, (max-width: 300px) 100vw, 300px\" \/><\/a>\n\t\t\t\t<\/dt><\/dl><br style=\"clear: both\" \/>\n\t\t\t<\/div>\n\n<p>&nbsp;<\/p>\n<p>&nbsp;<\/p>\n<hr \/>\n<p>&nbsp;<\/p>\n<blockquote>\n<h3>LA PANDEMIA IN BRASILE E IL RACCONTO DI UN EMIGRANTE AGORDINO<\/h3>\n<\/blockquote>\n<p><strong><a href=\"https:\/\/www.radiopiu.net\/wordpress\/la-pandemia-in-brasile-e-il-racconto-di-un-emigrante-agordino\/claucir-caus\/\" rel=\"attachment wp-att-209929\"><img loading=\"lazy\" decoding=\"async\" class=\"size-medium wp-image-209929 alignleft\" src=\"https:\/\/www.radiopiu.net\/wordpress\/wp-content\/uploads\/2021\/05\/Claucir-Caus-300x198.jpg\" alt=\"\" width=\"300\" height=\"198\" srcset=\"https:\/\/www.radiopiu.net\/wordpress\/wp-content\/uploads\/2021\/05\/Claucir-Caus-300x198.jpg 300w, https:\/\/www.radiopiu.net\/wordpress\/wp-content\/uploads\/2021\/05\/Claucir-Caus-1024x676.jpg 1024w, https:\/\/www.radiopiu.net\/wordpress\/wp-content\/uploads\/2021\/05\/Claucir-Caus-768x507.jpg 768w, https:\/\/www.radiopiu.net\/wordpress\/wp-content\/uploads\/2021\/05\/Claucir-Caus-1536x1015.jpg 1536w, https:\/\/www.radiopiu.net\/wordpress\/wp-content\/uploads\/2021\/05\/Claucir-Caus-2048x1353.jpg 2048w\" sizes=\"auto, (max-width: 300px) 100vw, 300px\" \/><\/a>di Luisa Manfroi<\/strong><\/p>\n<p>La pandemia di Covid-19 ha colpito a livello globale e non ha risparmiato nessun continente. \u00c8 di questi giorni la notizia che il virus ha raggiunto i campi base dell\u2019Everest, in Nepal. Non si pu\u00f2 dimenticare del resto il dramma che sta vivendo l\u2019India con record di casi che rendono la situazione fuori controllo ma anche altri stati, come il Brasile, stanno attraversando momenti difficili per il numero di contagi e vittime. Giornali e\u00a0 notiziari danno ogni giorno informazioni\u00a0 in proposito ma sentirle dalla\u00a0 voce di chi vive la quotidianit\u00e0 rende tutto pi\u00f9 concreto. A parlare della situazione in Brasile, molto diversa da quella nostra, \u00e8 Claucir Caus, avvocato e storico di Porto Alegre di origine bellunese e agordina. Il suo antenato, Angelo Manfroi era partito da Cencenighe con i suoi familiari nel dicembre 1881 alla volta del Brasile. Con lui la nuora Domenica Tremea, originaria di Lentiai e la nipote Maddalena, bisnonna di Claucir. Anche se lui \u00e8 nato oltre oceano,\u00a0 ha un forte legame con la terra da cui sono partiti i suoi avi e costante \u00e8 la ricerca e l\u2019approfondimento delle sue origini.\u00a0\u00a0 \u00ab<em>Qui in Brasile, venerd\u00ec 7 maggio abbiamo raggiunto il triste traguardo dei 420mila morti. La pandemia che ha causato la sua prima vittima il 12 marzo 2020 sul suolo brasiliano, \u00e8 cresciuta fino a raggiungere effetti inimmaginabili e mantiene una media di oltre 2.500 morti al giorno. Per tutto questo tempo \u00e8 abbastanza prevedibile il desiderio di gran parte della popolazione\u00a0 di potersi vaccinare, ma allo stesso tempo ci sono i negazionisti che ignorano la letalit\u00e0 della malattia e ne minimizzano le conseguenze.\u00bb Da quanto testimoniato da Claucir sembra che il presidente del Brasile conduca politiche pubbliche che boicottano le campagne di prevenzione e\u00a0 si generano conflitti diplomatici con i leader dei paesi produttori di vaccini, il che rende certamente difficile per il paese avere accesso alle forniture. \u00abNello stesso modo in cui i nostri leader scommettono sulle politiche negazioniste, inducono la popolazione a seguire metodi che non sono quelli raccomandati dalle organizzazioni mondiali di sanit\u00e0 pubblica, principalmente dell&#8217;Organizzazione mondiale della sanit\u00e0 (OMS)<\/em>.\u00bb Un esempio \u00e8 quello della citt\u00e0 di Manaus, capitale dello Stato dell&#8217;Amazzonia, dove si \u00e8 lasciato che la popolazione si contagiasse in modo da raggiungere l\u2019immunit\u00e0 collettiva. Le autorit\u00e0 sanitarie erano convinte che\u00a0 \u201cl\u2019immunit\u00e0 di gregge\u201d potesse fare da scudo rispetto alla diffusione del virus, ma non \u00e8 stato cos\u00ec visto che a febbraio la situazione nella popolosa citt\u00e0 amazzonica era fuori controllo a causa dei contagi. \u00ab<em>Qui a Porto Alegre, nello stato del Rio Grande do Sul, dove vivo, queste politiche sanitarie hanno creato attriti anche tra i difensori dell&#8217;isolamento sociale come mezzo di prevenzione. Io abito nel sud del Brasile, dove si trovano gli stati pi\u00f9 ricchi e il problema di affrontare la pandemia \u00e8 stato ridotto a due scelte: o adottiamo l&#8217;isolamento sociale per preservare la vita o scegliamo la libert\u00e0 totale per non perdere denaro. Una scelta tra la vita e il profitto. Purtroppo gran parte della popolazione del Rio Grande do Sul ha scelto di non adottare le regole di prevenzione e in questo momento abbiamo raggiunto le 26mila vittime. A Porto Alegre, la capitale del Rio Grande do Sul, la pi\u00f9 grande citt\u00e0 e capitale finanziaria dello stato, la situazione non potrebbe essere diversa. Qui abbiamo gli estremi della disuguaglianza sociale. Ci sono persone molto ricche (che sono meno in percentuale) e quelle che non possono nemmeno consumare un pasto quotidiano a causa del loro sfortunato stato di povert\u00e0. \u00c8 il quadro della disuguaglianza sociale presente nella maggior parte dei paesi del terzo mondo. Questo scenario, a causa della ridotta disponibilit\u00e0 di vaccini, ci ha portato a superare i 4.500 morti in citt\u00e0<\/em>.\u00bbNumeri che non hanno un volto, non hanno una storia, come riflette Claucir ma il dolore della perdita, quando queste persone smettono di vivere, danno il senso della tragedia. \u00ab<em>Per la pandemia ho perso otto cari amici. Sono persone che mancheranno a me e\u00a0 alle loro famiglie e che hanno avuto la vita interrotta per il disprezzo nei confronti della scienza da parte di chi governa i quali dovrebbero salvaguardare la salute dei cittadini. Mi addolora sapere che non rivedr\u00f2 mai pi\u00f9 Michele, Paulo Augusto, Alcides, Joana, Francisco, Marco, Ildegard e Giovanni. Amici con cui ho vissuto e condiviso le mie gioie, i miei desideri e i miei dispiaceri. Il negazionismo uccide. Solo vaccino e prevenzione salvano.<\/em>\u00bb<\/p>\n<p>&nbsp;<\/p>\n<p>&nbsp;<\/p>\n<hr \/>\n<p>&nbsp;<\/p>\n<blockquote>\n<h3>MASSIMO DE VECCHI ELETTO CAPOGRUPPO DEGLI ALPINI DI SALCE<\/h3>\n<\/blockquote>\n<p><strong><a href=\"https:\/\/www.radiopiu.net\/wordpress\/giornale-radiopiu-16-maggio-2021-direttore-mirko-mezzacasa\/massimo-de-vecchi-capogruppo-alpini-salce\/\" rel=\"attachment wp-att-210025\"><img loading=\"lazy\" decoding=\"async\" class=\" wp-image-210025 alignleft\" src=\"https:\/\/www.radiopiu.net\/wordpress\/wp-content\/uploads\/2021\/05\/Massimo-De-Vecchi-capogruppo-alpini-salce-300x296.jpg\" alt=\"\" width=\"164\" height=\"162\" srcset=\"https:\/\/www.radiopiu.net\/wordpress\/wp-content\/uploads\/2021\/05\/Massimo-De-Vecchi-capogruppo-alpini-salce-300x296.jpg 300w, https:\/\/www.radiopiu.net\/wordpress\/wp-content\/uploads\/2021\/05\/Massimo-De-Vecchi-capogruppo-alpini-salce-768x759.jpg 768w, https:\/\/www.radiopiu.net\/wordpress\/wp-content\/uploads\/2021\/05\/Massimo-De-Vecchi-capogruppo-alpini-salce.jpg 1024w\" sizes=\"auto, (max-width: 164px) 100vw, 164px\" \/><\/a>BELLUNO<\/strong> <span style=\"font-family: tahoma,arial,helvetica,sans-serif;\">Massimo De Vecchi \u00e8 stato eletto al vertice del Gruppo alpini di Salce \u201cGen. P. Zaglio\u201d. Lo ha deciso l\u2019assemblea generale dei soci riunitasi oggi pomeriggio negli spazi all\u2019aperto della sede sociale per il rinnovo delle cariche. Il nuovo capogruppo Massimo De Vecchi rimarr\u00e0 in carica per il triennio 2021-2023, subentrando a Cesare Colbertaldo che lascia l\u2019incarico dopo dieci anni ininterrotti. <\/span><span style=\"font-family: tahoma,arial,helvetica,sans-serif;\">Dallo scrutinio dei voti, inoltre, sono risultati eletti nel consiglio direttivo i seguenti soci: Bruno Boito, Giuseppe Bortot, Maurizio Bortot, Stefano Brancher, Alessandro Capraro, Cesare Colbertaldo, Maurizio Dall\u2019O\u2019, Ennio Dell\u2019Eva, Ivano Fant, Luciano Fratta, Franco Lai, Alberto Padoin, Ennio Pavei, Ezio Roni, Michele Sacchet, Paolo Tormen, Andrea Dal Pont, Riccardo Dell\u2019Eva, Decimo Colbertaldo<\/span><\/p>\n<p>&nbsp;<\/p>\n<p>&nbsp;<\/p>\n<hr \/>\n<p>&nbsp;<\/p>\n<div class=\"page\" title=\"Page 1\">\n<div class=\"section\">\n<div class=\"layoutArea\">\n<div class=\"column\">\n<blockquote>\n<h3>LA GIORNATA ECOLOGICA LAVALLESE SECONDO LE REGOLE ANTI COVID<\/h3>\n<\/blockquote>\n<p><strong>LA VALLE<\/strong> Oggi giornata ecologica con il Gruppo Ambiente, Comune e Proloco di La Valle. Programma: pulizia e raccolta rifiuti in vari luoghi del Comune. Ritrovo presso la sede del gruppo alle 7.30 con attrezzatura. Punto di ritrovo al campo sportivo<\/p>\n<p>&nbsp;<\/p>\n<p>&nbsp;<\/p>\n<hr \/>\n<\/div>\n<\/div>\n<\/div>\n<\/div>\n<blockquote>\n<h3><\/h3>\n<h3>ASCA CERCA INFERMIERE<\/h3>\n<\/blockquote>\n<p><strong><a href=\"https:\/\/www.radiopiu.net\/wordpress\/asca-ricerca-personale-infermieristico\/asca-4\/\" rel=\"attachment wp-att-128881\"><img loading=\"lazy\" decoding=\"async\" class=\" wp-image-128881 alignleft\" src=\"https:\/\/www.radiopiu.net\/wordpress\/wp-content\/uploads\/2020\/04\/ASCA-300x165.png\" alt=\"\" width=\"167\" height=\"92\" srcset=\"https:\/\/www.radiopiu.net\/wordpress\/wp-content\/uploads\/2020\/04\/ASCA-300x165.png 300w, https:\/\/www.radiopiu.net\/wordpress\/wp-content\/uploads\/2020\/04\/ASCA-1024x565.png 1024w, https:\/\/www.radiopiu.net\/wordpress\/wp-content\/uploads\/2020\/04\/ASCA-768x424.png 768w, https:\/\/www.radiopiu.net\/wordpress\/wp-content\/uploads\/2020\/04\/ASCA.png 1211w\" sizes=\"auto, (max-width: 167px) 100vw, 167px\" \/><\/a>AGORDO <\/strong>ASCA ha indetto una nuova selezione pubblica finalizzata alla formulazione di una graduatoria di idoneit\u00e0 utile all\u2019inserimento a tempo indeterminato pieno e part-time presso la RSA di Agordo di INFERMIERE. La domanda deve essere presentata entro le 12 di luned\u00ec 17 maggio. Tutte le informazioni sul bando sul sito www.servizisocialiasca.it<\/p>\n<p>&nbsp;<\/p>\n<p>&nbsp;<\/p>\n<hr \/>\n<p>&nbsp;<\/p>\n<blockquote>\n<h2>LE INIZIATIVE DI AD AGORDO PROLOCO<\/h2>\n<\/blockquote>\n<p><strong><a href=\"https:\/\/www.radiopiu.net\/wordpress\/scopriamo-agordo-perche-quando-tutto-questo-sara-finito-diremo-andiamo-a-farci-un-giro-ad-agordo\/ad-agordo-proloco-logo_colors\/\" rel=\"attachment wp-att-129089\"><img loading=\"lazy\" decoding=\"async\" class=\"wp-image-129089 alignleft\" src=\"https:\/\/www.radiopiu.net\/wordpress\/wp-content\/uploads\/2020\/04\/AD-AGORDO-PROLOCO-LOGO_colors-300x300.jpg\" alt=\"\" width=\"116\" height=\"116\" srcset=\"https:\/\/www.radiopiu.net\/wordpress\/wp-content\/uploads\/2020\/04\/AD-AGORDO-PROLOCO-LOGO_colors-300x300.jpg 300w, https:\/\/www.radiopiu.net\/wordpress\/wp-content\/uploads\/2020\/04\/AD-AGORDO-PROLOCO-LOGO_colors-1024x1024.jpg 1024w, https:\/\/www.radiopiu.net\/wordpress\/wp-content\/uploads\/2020\/04\/AD-AGORDO-PROLOCO-LOGO_colors-150x150.jpg 150w, https:\/\/www.radiopiu.net\/wordpress\/wp-content\/uploads\/2020\/04\/AD-AGORDO-PROLOCO-LOGO_colors-768x768.jpg 768w, https:\/\/www.radiopiu.net\/wordpress\/wp-content\/uploads\/2020\/04\/AD-AGORDO-PROLOCO-LOGO_colors-1536x1536.jpg 1536w, https:\/\/www.radiopiu.net\/wordpress\/wp-content\/uploads\/2020\/04\/AD-AGORDO-PROLOCO-LOGO_colors.jpg 1920w\" sizes=\"auto, (max-width: 116px) 100vw, 116px\" \/><\/a><\/strong><\/p>\n<p><strong>AGORDO<\/strong> In occasione del passaggio del Giro d&#8217;Italia del 24 maggio, il successivo passaggio del Giro U23 dell&#8217;11 maggio l&#8217;Ufficio Turistico di Agordo &#8211; Conca Agordina propone una nuova iniziativa dedicata alle foto e al mondo bici. Le foto delle bici in Agordino, che siano da corsa, MTB o ebike, saranno esposte sullo schermo in vetrina del nostro ufficio dal 21 maggio fino al 5 settembre 2021 e pubblicate su Facebook ed Instagram. Il regolamento visionabile anche al link <span style=\"color: #0000ff;\"><a style=\"color: #0000ff;\" href=\"https:\/\/www.agordo.net\/wp-content\/uploads\/2021\/05\/2021_Agordino-in-bici-regolamento.pdf\">CLICCA QUI<\/a><\/span><\/p>\n<p>&nbsp;<\/p>\n<p>&nbsp;<\/p>\n<hr \/>\n<p>&nbsp;<\/p>\n<blockquote>\n<h3>\u00a0IL 30 MAGGIO AD ARABBA LA COMMEDIA &#8220;TRE VOLPONI VIZIOSI<\/h3>\n<\/blockquote>\n<p><strong><a href=\"https:\/\/www.radiopiu.net\/wordpress\/giornale-radiopiu-14-maggio-2021-direttore-mirko-mezzacasa\/schermata-2021-05-13-alle-12-25-37\/\" rel=\"attachment wp-att-209545\"><img loading=\"lazy\" decoding=\"async\" class=\" wp-image-209545 alignleft\" src=\"https:\/\/www.radiopiu.net\/wordpress\/wp-content\/uploads\/2021\/05\/Schermata-2021-05-13-alle-12.25.37-232x300.png\" alt=\"\" width=\"67\" height=\"87\" srcset=\"https:\/\/www.radiopiu.net\/wordpress\/wp-content\/uploads\/2021\/05\/Schermata-2021-05-13-alle-12.25.37-232x300.png 232w, https:\/\/www.radiopiu.net\/wordpress\/wp-content\/uploads\/2021\/05\/Schermata-2021-05-13-alle-12.25.37.png 672w\" sizes=\"auto, (max-width: 67px) 100vw, 67px\" \/><\/a>LIVINALLONGO<\/strong> Appuntamento alla sala congressi di Arabba domenica 30 maggio alle 16:30 con la commedia &#8220;Tre Volponi Viziosi&#8221; della Nuova Compagnia di Teatro di Brunico. Organizza l&#8217;evento il gruppo Insieme si Pu\u00f2 di Fodom. Ingresso 8 euro, l&#8217;incasso della giornata sar\u00e0 devoluto per la costruzione di un pozzo d&#8217;acqua in Uganda.<\/p>\n<p>&nbsp;<\/p>\n<p>&nbsp;<\/p>\n<hr \/>\n<p>&nbsp;<\/p>\n<blockquote>\n<h3>LA SCUOLA EQUIPE DI FALCADE PRESENTA IL PROGRAMMA ESTIVO DEDICATO AI BAMBINI<\/h3>\n<\/blockquote>\n<p><strong>FALCADE<\/strong> \u00c8 stato presentato il programma estivo KIDS ACTIVE dedicato ai bambini che partir\u00e0 il 7 giugno. Tante le attivit\u00e0 all&#8217;aperto che la Scuola Equipe Falcade ha organizzato per l&#8217;estate 2021 tra ferrate, Adventure Park e scuola di arrampicata. Il materiale si pu\u00f2\u00a0 noleggiare presso la sede.<\/p>\n<p>&nbsp;<\/p>\n<p>&nbsp;<\/p>\n<p>&nbsp;<\/p>\n<hr \/>\n<p>&nbsp;<\/p>\n<blockquote>\n<h3>LA VILLA DI SERAVELLA FIORISCE DI INIZIATIVE: QUATTRO EVENTI PER LA \u201cRASSEGNA DELLE ROSE 2021\u201d<\/h3>\n<\/blockquote>\n<p><strong><a href=\"https:\/\/www.radiopiu.net\/wordpress\/giornale-radiopiu-15-maggio-2021-direttore-mirko-mezzacasa\/img_9681\/\" rel=\"attachment wp-att-209752\"><img loading=\"lazy\" decoding=\"async\" class=\"size-medium wp-image-209752 alignleft\" src=\"https:\/\/www.radiopiu.net\/wordpress\/wp-content\/uploads\/2021\/05\/IMG_9681-300x224.jpg\" alt=\"\" width=\"300\" height=\"224\" srcset=\"https:\/\/www.radiopiu.net\/wordpress\/wp-content\/uploads\/2021\/05\/IMG_9681-300x224.jpg 300w, https:\/\/www.radiopiu.net\/wordpress\/wp-content\/uploads\/2021\/05\/IMG_9681-768x574.jpg 768w, https:\/\/www.radiopiu.net\/wordpress\/wp-content\/uploads\/2021\/05\/IMG_9681.jpg 1004w\" sizes=\"auto, (max-width: 300px) 100vw, 300px\" \/><\/a>BELLUNO<\/strong> \u00c8 tutto pronto al Museo etnografico della Provincia per la \u201cRassegna delle rose 2021\u201d. Quattro eventi, fino all\u2019inizio di giugno, che ruoteranno attorno allo storico roseto della villa di Seravella (a Cesiomaggiore), dove sono conservate variet\u00e0 di rose provenienti da tutto il mondo. Ci sar\u00e0 spazio per i piccoli e per le famiglie, un angolo per l\u2019attivit\u00e0 sportiva e la meditazione, iniziative legate alla fotografia, alla scienza e all\u2019arte. La \u201cRassegna delle rose\u201d si aprir\u00e0 il 22 maggio, tutte le iniziative sono gratuite, ma \u00e8 necessaria la prenotazione (a questo link: <a href=\"https:\/\/www.eventbrite.it\/o\/museo-etnografico-dolomiti-33288460427\">https:\/\/www.eventbrite.it\/o\/museo-etnografico-dolomiti-33288460427<\/a>). Programma dettagliato sulla pagina Facebook Museo etnografico Dolomiti.<\/p>\n<p>&nbsp;<\/p>\n<p>&nbsp;<\/p>\n<p>&nbsp;<\/p>\n<p>&nbsp;<\/p>\n<p>&nbsp;<\/p>\n<hr \/>\n<p>&nbsp;<\/p>\n<blockquote>\n<h3>CROZZA-ZAIA: &#8220;L&#8217;HO OBBLIGATO A PORTARE IL CAFFE&#8217; A MIRKO DI RADIO PIU&#8217; PER UN ANNO&#8221;<\/h3>\n<\/blockquote>\n<p><strong>REDAZIONE<\/strong> Ormai \u00e8 diventato l&#8217;appuntamento fisso del venerd\u00ec sera e ormai Mirko di Radio Pi\u00f9 \u00e8 diventato un personaggio &#8220;virale&#8221; di Maurizio Crozza quando imita il governatore del Veneto Luca Zaia. Anche nell&#8217;ultima puntata, andata in onda sul NOVE del gruppo Discovery, Crozza ha percorso la settimana del presidente del Veneto passando dalla vaccinazione, gli auguri alle ultra centenarie e il caso Balasso. Al momento degli auguri alle nonne immancabile la citazione di Mirko di Radio Pi\u00f9 ma anche di Canale D&#8217;Agordo. Poi Mirko chiamato in causa una seconda volta quando ha ricordato che nelle denunce fatte Zaia non ha mai chiesto una lira ma solo servizi alla comunit\u00e0, come quella volta che ha messo ai lavori utili una persona che lo aveva diffamato sui social mettendolo a disposizione di Mirko di Radio Pi\u00f9 per portargli il caff\u00e8 per un anno.<\/p>\n<p><strong>CROZZA-ZAIA DELL&#8217;ULTIMA PUNTATA<\/strong><\/p>\n<div style=\"width: 640px;\" class=\"wp-video\"><video class=\"wp-video-shortcode\" id=\"video-209918-2\" width=\"640\" height=\"480\" preload=\"metadata\" controls=\"controls\"><source type=\"video\/mp4\" src=\"https:\/\/www.radiopiu.net\/wordpress\/wp-content\/uploads\/2021\/05\/CROZZA-CAFFE-MIRKO.mp4?_=2\" \/><a href=\"https:\/\/www.radiopiu.net\/wordpress\/wp-content\/uploads\/2021\/05\/CROZZA-CAFFE-MIRKO.mp4\">https:\/\/www.radiopiu.net\/wordpress\/wp-content\/uploads\/2021\/05\/CROZZA-CAFFE-MIRKO.mp4<\/a><\/video><\/div>\n<p><strong>\u00a0<\/strong><\/p>\n<p><span style=\"color: #ff0000;\">PER GUARDARE LA PUNTATA INTERA DI FRATELLI DI CROZZA <a href=\"https:\/\/www.discoveryplus.it\/programmi\/fratelli-di-crozza\">CLICCA QUI<\/a><\/span><\/p>\n<p>&nbsp;<\/p>\n<p>&nbsp;<\/p>\n<hr \/>\n<p>&nbsp;<\/p>\n<h2><strong><a href=\"https:\/\/www.radiopiu.net\/wordpress\/dalla-val-badia-michil-costa-previsioni-per-lestate-in-tempi-di-coronavirus\/michil-costa-3\/\" rel=\"attachment wp-att-130907\"><img loading=\"lazy\" decoding=\"async\" class=\"size-medium wp-image-130907 alignleft\" src=\"https:\/\/www.radiopiu.net\/wordpress\/wp-content\/uploads\/2020\/04\/MICHIL-COSTA-199x300.jpg\" alt=\"\" width=\"199\" height=\"300\" srcset=\"https:\/\/www.radiopiu.net\/wordpress\/wp-content\/uploads\/2020\/04\/MICHIL-COSTA-199x300.jpg 199w, https:\/\/www.radiopiu.net\/wordpress\/wp-content\/uploads\/2020\/04\/MICHIL-COSTA.jpg 664w\" sizes=\"auto, (max-width: 199px) 100vw, 199px\" \/><\/a><span style=\"color: #33cccc;\">MICHIL COSTA, DALLA MARATONA DLES DOLOMITES AL TURISMO IN VAL BADIA<\/span><\/strong><\/h2>\n<p><strong>di Claudio Fontanive<\/strong><\/p>\n<p>OSPITE: Michil Costa<\/p>\n<audio class=\"wp-audio-shortcode\" id=\"audio-209918-5\" preload=\"none\" style=\"width: 100%;\" controls=\"controls\"><source type=\"audio\/mpeg\" src=\"https:\/\/www.radiopiu.net\/wordpress\/wp-content\/uploads\/2021\/05\/michil-costa.mp3?_=5\" \/><a href=\"https:\/\/www.radiopiu.net\/wordpress\/wp-content\/uploads\/2021\/05\/michil-costa.mp3\">https:\/\/www.radiopiu.net\/wordpress\/wp-content\/uploads\/2021\/05\/michil-costa.mp3<\/a><\/audio>\n<p>&nbsp;<\/p>\n<hr \/>\n<p>&nbsp;<\/p>\n<div>\n<div>\n<div class=\"b654a4as d2edcug0\">\n<div class=\"rq0escxv hkbzh7o3 jwdofwj8 n8tt0mok r8blr3vg hyh9befq\">\n<div class=\"b654a4as d2edcug0\">\n<h2><span style=\"color: #008000;\">ERBE E PIANTE CURATIVE&#8230;IL\u00a0 PROGRAMMA DI PAOLA LANCIATO<\/span><\/h2>\n<\/div>\n<p><strong><a href=\"https:\/\/www.radiopiu.net\/wordpress\/erbe-e-piante-curative-puntata-15\/tiglio\/\" rel=\"attachment wp-att-209024\"><img loading=\"lazy\" decoding=\"async\" class=\"size-medium wp-image-209024 alignleft\" src=\"https:\/\/www.radiopiu.net\/wordpress\/wp-content\/uploads\/2021\/05\/TIGLIO-300x200.jpg\" alt=\"\" width=\"300\" height=\"200\" srcset=\"https:\/\/www.radiopiu.net\/wordpress\/wp-content\/uploads\/2021\/05\/TIGLIO-300x200.jpg 300w, https:\/\/www.radiopiu.net\/wordpress\/wp-content\/uploads\/2021\/05\/TIGLIO-1024x683.jpg 1024w, https:\/\/www.radiopiu.net\/wordpress\/wp-content\/uploads\/2021\/05\/TIGLIO-768x512.jpg 768w, https:\/\/www.radiopiu.net\/wordpress\/wp-content\/uploads\/2021\/05\/TIGLIO-1536x1024.jpg 1536w, https:\/\/www.radiopiu.net\/wordpress\/wp-content\/uploads\/2021\/05\/TIGLIO.jpg 1920w\" sizes=\"auto, (max-width: 300px) 100vw, 300px\" \/><\/a>di Paola Lanciato<\/strong><\/p>\n<p><strong>\u00a0<\/strong><\/p>\n<p><strong>\u00a0<\/strong><\/p>\n<p><strong>\u00a0<\/strong><\/p>\n<p><strong>\u00a0<\/strong><\/p>\n<p><strong>\u00a0<\/strong><\/p>\n<p><strong>\u00a0<\/strong><\/p>\n<p><strong>PUNTATA 15 &#8211; IL TIGLIO<\/strong><\/p>\n<audio class=\"wp-audio-shortcode\" id=\"audio-209918-6\" preload=\"none\" style=\"width: 100%;\" controls=\"controls\"><source type=\"audio\/mpeg\" src=\"https:\/\/www.radiopiu.net\/wordpress\/wp-content\/uploads\/2021\/05\/13-Il-tiglio-M.mp3?_=6\" \/><a href=\"https:\/\/www.radiopiu.net\/wordpress\/wp-content\/uploads\/2021\/05\/13-Il-tiglio-M.mp3\">https:\/\/www.radiopiu.net\/wordpress\/wp-content\/uploads\/2021\/05\/13-Il-tiglio-M.mp3<\/a><\/audio>\n<h3><strong>LA RACCOLTA COMPLETA\u00a0<\/strong><\/h3>\n<blockquote class=\"wp-embedded-content\" data-secret=\"8xblGYCBtI\"><p><a href=\"https:\/\/www.radiopiu.net\/wordpress\/erbe-e-piante-curative-il-mandorlo\/\">L\u2019ERBA VOGLIO DEL GIARDINO DEL RE\u2026 ERBE, FIORI E PIANTE DI E CON PAOLA LANCIATO<\/a><\/p><\/blockquote>\n<p><iframe loading=\"lazy\" class=\"wp-embedded-content\" sandbox=\"allow-scripts\" security=\"restricted\" style=\"position: absolute; clip: rect(1px, 1px, 1px, 1px);\" title=\"&#8220;L\u2019ERBA VOGLIO DEL GIARDINO DEL RE\u2026 ERBE, FIORI E PIANTE DI E CON PAOLA LANCIATO&#8221; &#8212; Radio Pi\u00f9\" src=\"https:\/\/www.radiopiu.net\/wordpress\/erbe-e-piante-curative-il-mandorlo\/embed\/#?secret=8xblGYCBtI\" data-secret=\"8xblGYCBtI\" width=\"600\" height=\"338\" frameborder=\"0\" marginwidth=\"0\" marginheight=\"0\" scrolling=\"no\"><\/iframe><\/p>\n<p>&nbsp;<\/p>\n<hr \/>\n<p>&nbsp;<\/p>\n<blockquote>\n<h2><span style=\"color: #ff0000;\"><em>ZAINO ALLA RADIO&#8230;ESTATE DI PAOLA LANCIATO DALLA DOMENICA AL VENERDI TUTTI I GIORNI ALLE 14 E 23.30\u00a0<\/em><\/span><\/h2>\n<\/blockquote>\n<p>&nbsp;<\/p>\n<p><strong>LA RACCOLTA COMPLETA\u00a0<\/strong><\/p>\n<blockquote class=\"wp-embedded-content\" data-secret=\"6IMtcUxeWJ\"><p><a href=\"https:\/\/www.radiopiu.net\/wordpress\/zaino-femminile-lanciato\/\">Zaino da viaggio al femminile<\/a><\/p><\/blockquote>\n<p><iframe loading=\"lazy\" class=\"wp-embedded-content\" sandbox=\"allow-scripts\" security=\"restricted\" style=\"position: absolute; clip: rect(1px, 1px, 1px, 1px);\" title=\"&#8220;Zaino da viaggio al femminile&#8221; &#8212; Radio Pi\u00f9\" src=\"https:\/\/www.radiopiu.net\/wordpress\/zaino-femminile-lanciato\/embed\/#?secret=6IMtcUxeWJ\" data-secret=\"6IMtcUxeWJ\" width=\"600\" height=\"338\" frameborder=\"0\" marginwidth=\"0\" marginheight=\"0\" scrolling=\"no\"><\/iframe><\/p>\n<\/div>\n<\/div>\n<p>&nbsp;<\/p>\n<p>&nbsp;<\/p>\n<hr \/>\n<p>&nbsp;<\/p>\n<\/div>\n<div>\n<div class=\"page-title-head hgroup\">\n<div class=\"page-title-head hgroup\">\n<div>\n<div class=\"b654a4as d2edcug0\">\n<div class=\"j83agx80 btwxx1t3 lhclo0ds hop8lmos nkwizq5d scwd0bx6 roh60bw9\">\n<div class=\"rq0escxv hkbzh7o3 jwdofwj8 n8tt0mok r8blr3vg hyh9befq\">\n<div class=\"do00u71z l9j0dhe7 k4urcfbm\">\n<div>\n<h2><span style=\"color: #000080;\"><a class=\"dt-pswp-item\" href=\"https:\/\/www.radiopiu.net\/wordpress\/wp-content\/uploads\/2020\/10\/pp.jpg\" data-dt-img-description=\"\" data-large_image_width=\"640\" data-large_image_height=\"640\"><img loading=\"lazy\" decoding=\"async\" class=\"wp-image-163678 alignleft\" src=\"https:\/\/www.radiopiu.net\/wordpress\/wp-content\/uploads\/2020\/10\/pp-300x300.jpg\" alt=\"\" width=\"106\" height=\"106\" srcset=\"https:\/\/www.radiopiu.net\/wordpress\/wp-content\/uploads\/2020\/10\/pp-300x300.jpg 300w, https:\/\/www.radiopiu.net\/wordpress\/wp-content\/uploads\/2020\/10\/pp-150x150.jpg 150w, https:\/\/www.radiopiu.net\/wordpress\/wp-content\/uploads\/2020\/10\/pp-125x125.jpg 125w, https:\/\/www.radiopiu.net\/wordpress\/wp-content\/uploads\/2020\/10\/pp-200x200.jpg 200w, https:\/\/www.radiopiu.net\/wordpress\/wp-content\/uploads\/2020\/10\/pp-80x80.jpg 80w, https:\/\/www.radiopiu.net\/wordpress\/wp-content\/uploads\/2020\/10\/pp-480x480.jpg 480w, https:\/\/www.radiopiu.net\/wordpress\/wp-content\/uploads\/2020\/10\/pp.jpg 640w\" sizes=\"auto, (max-width: 106px) 100vw, 106px\" \/><\/a><\/span><\/h2>\n<h2><span style=\"color: #000080;\">DON CESARE, IL PENSIERO DEL GIORNO. ALLA RADIO ALLE 7 DEL MATTINO E ALLE 19.30 DELLA SERA.\u00a0\u00a0<\/span><\/h2>\n<\/div>\n<\/div>\n<\/div>\n<\/div>\n<div class=\"rq0escxv hkbzh7o3 jwdofwj8 n8tt0mok r8blr3vg hyh9befq\">\n<p>&nbsp;<\/p>\n<p>&nbsp;<\/p>\n<p>&nbsp;<\/p>\n<audio class=\"wp-audio-shortcode\" id=\"audio-209918-7\" preload=\"none\" style=\"width: 100%;\" controls=\"controls\"><source type=\"audio\/mpeg\" src=\"https:\/\/www.radiopiu.net\/wordpress\/wp-content\/uploads\/2021\/05\/CESARE-11.mp3?_=7\" \/><a href=\"https:\/\/www.radiopiu.net\/wordpress\/wp-content\/uploads\/2021\/05\/CESARE-11.mp3\">https:\/\/www.radiopiu.net\/wordpress\/wp-content\/uploads\/2021\/05\/CESARE-11.mp3<\/a><\/audio>\n<p>&nbsp;<\/p>\n<hr \/>\n<div class=\"b654a4as d2edcug0\">\n<p><span style=\"color: #008000;\">\u00a0\u00a0<\/span><\/p>\n<h2><a href=\"https:\/\/www.radiopiu.net\/wordpress\/laugurio-di-monsignor-giorgio-lise-agli-agordini\/don-giorgio-lise\/\" rel=\"attachment wp-att-177420\"><img loading=\"lazy\" decoding=\"async\" class=\"size-medium wp-image-177420 alignleft\" src=\"https:\/\/www.radiopiu.net\/wordpress\/wp-content\/uploads\/2020\/12\/DON-GIORGIO-LISE-300x169.jpg\" alt=\"\" width=\"300\" height=\"169\" srcset=\"https:\/\/www.radiopiu.net\/wordpress\/wp-content\/uploads\/2020\/12\/DON-GIORGIO-LISE-300x169.jpg 300w, https:\/\/www.radiopiu.net\/wordpress\/wp-content\/uploads\/2020\/12\/DON-GIORGIO-LISE-1024x577.jpg 1024w, https:\/\/www.radiopiu.net\/wordpress\/wp-content\/uploads\/2020\/12\/DON-GIORGIO-LISE-768x432.jpg 768w, https:\/\/www.radiopiu.net\/wordpress\/wp-content\/uploads\/2020\/12\/DON-GIORGIO-LISE-1536x865.jpg 1536w, https:\/\/www.radiopiu.net\/wordpress\/wp-content\/uploads\/2020\/12\/DON-GIORGIO-LISE.jpg 1600w\" sizes=\"auto, (max-width: 300px) 100vw, 300px\" \/><\/a><span style=\"color: #666699;\">DUE MINUTI PER TE&#8230;CON DON GIORGIO LISE<\/span><\/h2>\n<\/div>\n<\/div>\n<\/div>\n<div class=\"b654a4as d2edcug0\">\n<audio class=\"wp-audio-shortcode\" id=\"audio-209918-8\" preload=\"none\" style=\"width: 100%;\" controls=\"controls\"><source type=\"audio\/mpeg\" src=\"https:\/\/www.radiopiu.net\/wordpress\/wp-content\/uploads\/2021\/05\/DON-GIORGIO-2.mp3?_=8\" \/><a href=\"https:\/\/www.radiopiu.net\/wordpress\/wp-content\/uploads\/2021\/05\/DON-GIORGIO-2.mp3\">https:\/\/www.radiopiu.net\/wordpress\/wp-content\/uploads\/2021\/05\/DON-GIORGIO-2.mp3<\/a><\/audio>\n<p>&nbsp;<\/p>\n<hr \/>\n<p>&nbsp;<\/p>\n<blockquote>\n<h3><a href=\"https:\/\/www.radiopiu.net\/wordpress\/almanacco-ladino-puntata-5-2020\/sn\/\" rel=\"attachment wp-att-180931\"><img loading=\"lazy\" decoding=\"async\" class=\"wp-image-180931 alignleft\" src=\"https:\/\/www.radiopiu.net\/wordpress\/wp-content\/uploads\/2020\/12\/sn-300x194.jpg\" alt=\"\" width=\"181\" height=\"117\" srcset=\"https:\/\/www.radiopiu.net\/wordpress\/wp-content\/uploads\/2020\/12\/sn-300x194.jpg 300w, https:\/\/www.radiopiu.net\/wordpress\/wp-content\/uploads\/2020\/12\/sn.jpg 626w\" sizes=\"auto, (max-width: 181px) 100vw, 181px\" \/><\/a>L&#8217;ALMANACCO LADINO CON L&#8217;ISTITUT CESA DE JAN QUINDICINALE APPUNTAMENTO. LA DOMENICA ALLE 9 IL LUNEDI ALLE 8.35 IL MARTEDI ALLE 12.35 IL MERCOLEDI ALLE 18.35. SECONDA STAGIONE.<\/h3>\n<\/blockquote>\n<p><strong>RACCOLTA COMPLETA\u00a0<\/strong><\/p>\n<blockquote class=\"wp-embedded-content\" data-secret=\"G54RVnzYFP\"><p><a href=\"https:\/\/www.radiopiu.net\/wordpress\/almanacco-ladino\/\">Almanacco Ladino<\/a><\/p><\/blockquote>\n<p><iframe loading=\"lazy\" class=\"wp-embedded-content\" sandbox=\"allow-scripts\" security=\"restricted\" style=\"position: absolute; clip: rect(1px, 1px, 1px, 1px);\" title=\"&#8220;Almanacco Ladino&#8221; &#8212; Radio Pi\u00f9\" src=\"https:\/\/www.radiopiu.net\/wordpress\/almanacco-ladino\/embed\/#?secret=G54RVnzYFP\" data-secret=\"G54RVnzYFP\" width=\"600\" height=\"338\" frameborder=\"0\" marginwidth=\"0\" marginheight=\"0\" scrolling=\"no\"><\/iframe><\/p>\n<div dir=\"auto\"><\/div>\n<\/div>\n<div>\n<hr \/>\n<\/div>\n<div><\/div>\n<div><\/div>\n<div>\n<blockquote>\n<h3 class=\"kvgmc6g5 cxmmr5t8 oygrvhab hcukyx3x c1et5uql\"><span style=\"color: #0000ff;\">INFORMAZIONE il canale su TELEGRAM informazione di prima mano e in tempo reale. iscriviti ed aiutaci a farlo conoscere\u00a0<\/span><\/h3>\n<\/blockquote>\n<h2><a href=\"https:\/\/www.radiopiu.net\/wordpress\/fondi-per-la-scuola\/soldi-scuola\/\" rel=\"attachment wp-att-207306\"><img loading=\"lazy\" decoding=\"async\" class=\"wp-image-207306 alignleft\" src=\"https:\/\/www.radiopiu.net\/wordpress\/wp-content\/uploads\/2021\/05\/soldi-scuola-300x169.jpeg\" alt=\"\" width=\"193\" height=\"109\" srcset=\"https:\/\/www.radiopiu.net\/wordpress\/wp-content\/uploads\/2021\/05\/soldi-scuola-300x169.jpeg 300w, https:\/\/www.radiopiu.net\/wordpress\/wp-content\/uploads\/2021\/05\/soldi-scuola.jpeg 626w\" sizes=\"auto, (max-width: 193px) 100vw, 193px\" \/><\/a>007 IN CONDOTTA CON LA PROF. MARIA ROSA SALMAZO IL LUNEDI ALLE 10,30 E ALLE 19.00 LA DOMENICA ALLE 8 DEL MATTINO. NONA STAGIONE<\/h2>\n<p><span style=\"color: #ff0000;\"><strong>PUNTATA DEL 10 MAGGIO 2021\u00a0<\/strong><\/span><\/p>\n<audio class=\"wp-audio-shortcode\" id=\"audio-209918-9\" preload=\"none\" style=\"width: 100%;\" controls=\"controls\"><source type=\"audio\/mpeg\" src=\"https:\/\/www.radiopiu.net\/wordpress\/wp-content\/uploads\/2021\/05\/007-condotta-10-magio.mp3?_=9\" \/><a href=\"https:\/\/www.radiopiu.net\/wordpress\/wp-content\/uploads\/2021\/05\/007-condotta-10-magio.mp3\">https:\/\/www.radiopiu.net\/wordpress\/wp-content\/uploads\/2021\/05\/007-condotta-10-magio.mp3<\/a><\/audio>\n<h2>LA RACCOLTA COMPLETA<\/h2>\n<blockquote class=\"wp-embedded-content\" data-secret=\"EY7u15B1kI\"><p><a href=\"https:\/\/www.radiopiu.net\/wordpress\/007incondotta-9\/\">007 in condotta<\/a><\/p><\/blockquote>\n<p><iframe loading=\"lazy\" class=\"wp-embedded-content\" sandbox=\"allow-scripts\" security=\"restricted\" style=\"position: absolute; clip: rect(1px, 1px, 1px, 1px);\" title=\"&#8220;007 in condotta&#8221; &#8212; Radio Pi\u00f9\" src=\"https:\/\/www.radiopiu.net\/wordpress\/007incondotta-9\/embed\/#?secret=EY7u15B1kI\" data-secret=\"EY7u15B1kI\" width=\"600\" height=\"338\" frameborder=\"0\" marginwidth=\"0\" marginheight=\"0\" scrolling=\"no\"><\/iframe><\/p>\n<blockquote><p>&nbsp;<\/p><\/blockquote>\n<p>&nbsp;<\/p>\n<p>&nbsp;<\/p>\n<hr \/>\n<h1><span style=\"color: #ff0000;\"><strong>\u00a0<\/strong><\/span><\/h1>\n<h2><span style=\"color: #ff0000;\"><strong>IN VIVO VERSO 2020-21 ESTATE, RIASCOLTIAMOLI&#8230; DAL CASSETTO DEI RICORDI DI RADIO PIU&#8217;&#8230; LE PRIME\u00a0 SEI STAGIONI\u00a0\u00a0<\/strong><\/span><\/h2>\n<div class=\"page-title-head hgroup\">\n<div class=\"page-title-head hgroup\">\n<div class=\"page-title-head hgroup\">\n<h5 class=\"entry-title\">riascoltiamole HO VOGLIA DI di LUCA CARLI stagione 2015<\/h5>\n<\/div>\n<div class=\"page-title-breadcrumbs\">\n<p><strong>AUDIO\u00a0<\/strong><\/p>\n<audio class=\"wp-audio-shortcode\" id=\"audio-209918-10\" preload=\"none\" style=\"width: 100%;\" controls=\"controls\"><source type=\"audio\/mpeg\" src=\"https:\/\/www.radiopiu.net\/wordpress\/wp-content\/uploads\/2021\/05\/VIVO-VERSO-VEN.mp3?_=10\" \/><a href=\"https:\/\/www.radiopiu.net\/wordpress\/wp-content\/uploads\/2021\/05\/VIVO-VERSO-VEN.mp3\">https:\/\/www.radiopiu.net\/wordpress\/wp-content\/uploads\/2021\/05\/VIVO-VERSO-VEN.mp3<\/a><\/audio>\n<p>&nbsp;<\/p>\n<p><strong>LA RACCOLTA COMPLETA<\/strong><\/p>\n<\/div>\n<\/div>\n<\/div>\n<blockquote class=\"wp-embedded-content\" data-secret=\"tETV3vfcrc\"><p><a href=\"https:\/\/www.radiopiu.net\/wordpress\/in-vivo-verso\/\">In Vivo Verso<\/a><\/p><\/blockquote>\n<p><iframe loading=\"lazy\" class=\"wp-embedded-content\" sandbox=\"allow-scripts\" security=\"restricted\" style=\"position: absolute; clip: rect(1px, 1px, 1px, 1px);\" title=\"&#8220;In Vivo Verso&#8221; &#8212; Radio Pi\u00f9\" src=\"https:\/\/www.radiopiu.net\/wordpress\/in-vivo-verso\/embed\/#?secret=tETV3vfcrc\" data-secret=\"tETV3vfcrc\" width=\"600\" height=\"338\" frameborder=\"0\" marginwidth=\"0\" marginheight=\"0\" scrolling=\"no\"><\/iframe><\/p>\n<p>&nbsp;<\/p>\n<hr \/>\n<p>&nbsp;<\/p>\n<p>&nbsp;<\/p>\n<p>&nbsp;<\/p>\n<div dir=\"auto\">\n<blockquote>\n<h3>SALUTE E SOCIETA&#8217; IL LUNEDI ALLE 13.10 E ALLE 20.10, LA DOMENICA ALLE 10.30 A CURA DEL DOTTOR MARCO CARACCIOLO. QUINTA STAGIONE<\/h3>\n<\/blockquote>\n<p><strong>LA PUNTATA DELLA SETTIMANA del 10 <\/strong><strong>MAGGIO<\/strong><\/p>\n<p><a href=\"https:\/\/www.radiopiu.net\/wordpress\/giornale-radiopiu-11-maggio-2021-direttore-mirko-mezzacasa\/c01e5ff5-7ec1-03b8-21cb-c55b76b6c6ef\/\" rel=\"attachment wp-att-208757\"><img loading=\"lazy\" decoding=\"async\" class=\"size-medium wp-image-208757 alignleft\" src=\"https:\/\/www.radiopiu.net\/wordpress\/wp-content\/uploads\/2021\/05\/c01e5ff5-7ec1-03b8-21cb-c55b76b6c6ef-300x169.png\" alt=\"\" width=\"300\" height=\"169\" srcset=\"https:\/\/www.radiopiu.net\/wordpress\/wp-content\/uploads\/2021\/05\/c01e5ff5-7ec1-03b8-21cb-c55b76b6c6ef-300x169.png 300w, https:\/\/www.radiopiu.net\/wordpress\/wp-content\/uploads\/2021\/05\/c01e5ff5-7ec1-03b8-21cb-c55b76b6c6ef-1024x576.png 1024w, https:\/\/www.radiopiu.net\/wordpress\/wp-content\/uploads\/2021\/05\/c01e5ff5-7ec1-03b8-21cb-c55b76b6c6ef-768x432.png 768w, https:\/\/www.radiopiu.net\/wordpress\/wp-content\/uploads\/2021\/05\/c01e5ff5-7ec1-03b8-21cb-c55b76b6c6ef.png 1280w\" sizes=\"auto, (max-width: 300px) 100vw, 300px\" \/><\/a>L\u2019 emergenza Covid ha portato a un ritardo degli interventi chirurgici per le cosiddette patologie di parete, giudicati erroneamente meno urgenti. Ma procrastinare la chirurgia oggi porter\u00e0 ad accumulare molti pi\u00f9 interventi in futuro e molte situazioni potrebbero diventare vere e proprie urgenze. Danilo Magliano ne ha parlato con Micaela Piccoli, Direttrice SC Chirurgia Generale, d\u2019Urgenza e Nuove Tecnologie, Ospedale Civile di Baggiovara, Modena.<\/p>\n<\/div>\n<div dir=\"auto\">\n<audio class=\"wp-audio-shortcode\" id=\"audio-209918-11\" preload=\"none\" style=\"width: 100%;\" controls=\"controls\"><source type=\"audio\/mpeg\" src=\"https:\/\/www.radiopiu.net\/wordpress\/wp-content\/uploads\/2021\/05\/SALUTE-1.mp3?_=11\" \/><a href=\"https:\/\/www.radiopiu.net\/wordpress\/wp-content\/uploads\/2021\/05\/SALUTE-1.mp3\">https:\/\/www.radiopiu.net\/wordpress\/wp-content\/uploads\/2021\/05\/SALUTE-1.mp3<\/a><\/audio>\n<h3><strong>LA RACCOLTA COMPLETA\u00a0<\/strong><\/h3>\n<\/div>\n<blockquote class=\"wp-embedded-content\" data-secret=\"KuGex60klD\"><p><a href=\"https:\/\/www.radiopiu.net\/wordpress\/saluteesocieta\/\">Salute e Societ\u00e0<\/a><\/p><\/blockquote>\n<p><iframe loading=\"lazy\" class=\"wp-embedded-content\" sandbox=\"allow-scripts\" security=\"restricted\" style=\"position: absolute; clip: rect(1px, 1px, 1px, 1px);\" title=\"&#8220;Salute e Societ\u00e0&#8221; &#8212; Radio Pi\u00f9\" src=\"https:\/\/www.radiopiu.net\/wordpress\/saluteesocieta\/embed\/#?secret=KuGex60klD\" data-secret=\"KuGex60klD\" width=\"600\" height=\"338\" frameborder=\"0\" marginwidth=\"0\" marginheight=\"0\" scrolling=\"no\"><\/iframe><\/p>\n<p>&nbsp;<\/p>\n<p>&nbsp;<\/p>\n<hr \/>\n<h2><span style=\"color: #808000;\">DUE MINUTI UN LIBRO\u00a0 TUTTI I GIORNI ALLA RADIO ALLE 9.30 E ALLE 18. QUINTA STAGIONE\u00a0<\/span><\/h2>\n<blockquote class=\"wp-embedded-content\" data-secret=\"Uk9p9DhAn8\"><p><a href=\"https:\/\/www.radiopiu.net\/wordpress\/per-tutto-il-resto-dei-miei-sbagli\/\">PER TUTTO IL RESTO DEI MIEI SBAGLI<\/a><\/p><\/blockquote>\n<p><iframe loading=\"lazy\" class=\"wp-embedded-content\" sandbox=\"allow-scripts\" security=\"restricted\" style=\"position: absolute; clip: rect(1px, 1px, 1px, 1px);\" title=\"&#8220;PER TUTTO IL RESTO DEI MIEI SBAGLI&#8221; &#8212; Radio Pi\u00f9\" src=\"https:\/\/www.radiopiu.net\/wordpress\/per-tutto-il-resto-dei-miei-sbagli\/embed\/#?secret=Uk9p9DhAn8\" data-secret=\"Uk9p9DhAn8\" width=\"600\" height=\"338\" frameborder=\"0\" marginwidth=\"0\" marginheight=\"0\" scrolling=\"no\"><\/iframe><\/p>\n<h3><span style=\"color: #808000;\">\u00a0<\/span>LA RACCOLTA COMPLETA<\/h3>\n<blockquote class=\"wp-embedded-content\" data-secret=\"P30I2qn1gQ\"><p><a href=\"https:\/\/www.radiopiu.net\/wordpress\/due-minuti-un-libro\/\">Due minuti un libro<\/a><\/p><\/blockquote>\n<p><iframe loading=\"lazy\" class=\"wp-embedded-content\" sandbox=\"allow-scripts\" security=\"restricted\" style=\"position: absolute; clip: rect(1px, 1px, 1px, 1px);\" title=\"&#8220;Due minuti un libro&#8221; &#8212; Radio Pi\u00f9\" src=\"https:\/\/www.radiopiu.net\/wordpress\/due-minuti-un-libro\/embed\/#?secret=P30I2qn1gQ\" data-secret=\"P30I2qn1gQ\" width=\"600\" height=\"338\" frameborder=\"0\" marginwidth=\"0\" marginheight=\"0\" scrolling=\"no\"><\/iframe><\/p>\n<p>&nbsp;<\/p>\n<p>&nbsp;<\/p>\n<hr \/>\n<h2><span style=\"color: #ff0000;\"><a href=\"https:\/\/www.radiopiu.net\/wordpress\/giornale-radiopiu-05-gennaio-2021-direttore-mirko-mezzacasa\/133200401_100838761953611_1258544160541445132_o-2\/\" rel=\"attachment wp-att-183078\"><img loading=\"lazy\" decoding=\"async\" class=\" wp-image-183078 alignleft\" src=\"https:\/\/www.radiopiu.net\/wordpress\/wp-content\/uploads\/2021\/01\/133200401_100838761953611_1258544160541445132_o-1-300x157.jpg\" alt=\"\" width=\"192\" height=\"101\" srcset=\"https:\/\/www.radiopiu.net\/wordpress\/wp-content\/uploads\/2021\/01\/133200401_100838761953611_1258544160541445132_o-1-300x157.jpg 300w, https:\/\/www.radiopiu.net\/wordpress\/wp-content\/uploads\/2021\/01\/133200401_100838761953611_1258544160541445132_o-1.jpg 526w\" sizes=\"auto, (max-width: 192px) 100vw, 192px\" \/><\/a>GOCCE DI FILOSOFIA, CON CHIARA CAU, CON LISA DE LUCA. <\/span><\/h2>\n<h2><span style=\"color: #ff0000;\">TUTTI I GIORNI DAL LUNEDI AL VENERDI ALLE 6.55 E ALLE 18.55<\/span><\/h2>\n<p>&nbsp;<\/p>\n<h3>LA RACCOLTA COMPLETA<\/h3>\n<blockquote class=\"wp-embedded-content\" data-secret=\"uZ0pJXWTzA\"><p><a href=\"https:\/\/www.radiopiu.net\/wordpress\/gocce-filosofia\/\">Gocce di filosofia<\/a><\/p><\/blockquote>\n<p><iframe loading=\"lazy\" class=\"wp-embedded-content\" sandbox=\"allow-scripts\" security=\"restricted\" style=\"position: absolute; clip: rect(1px, 1px, 1px, 1px);\" title=\"&#8220;Gocce di filosofia&#8221; &#8212; Radio Pi\u00f9\" src=\"https:\/\/www.radiopiu.net\/wordpress\/gocce-filosofia\/embed\/#?secret=uZ0pJXWTzA\" data-secret=\"uZ0pJXWTzA\" width=\"600\" height=\"338\" frameborder=\"0\" marginwidth=\"0\" marginheight=\"0\" scrolling=\"no\"><\/iframe><\/p>\n<p>&nbsp;<\/p>\n<hr \/>\n<p>\u200b<\/p>\n<div>\n<h2><span style=\"color: #33cccc;\">I RACCONTI DI PAOLO SOPPELSA il lunedi alle 9.30 e 18.30<\/span><\/h2>\n<blockquote class=\"wp-embedded-content\" data-secret=\"1mU480nrRs\"><p><a href=\"https:\/\/www.radiopiu.net\/wordpress\/i-racconti-di-paolo-soppelsa-settantaquattresima-puntata\/\">I RACCONTI DI PAOLO SOPPELSA SETTANTAQUATTRESIMA PUNTATA<\/a><\/p><\/blockquote>\n<p><iframe loading=\"lazy\" class=\"wp-embedded-content\" sandbox=\"allow-scripts\" security=\"restricted\" style=\"position: absolute; clip: rect(1px, 1px, 1px, 1px);\" title=\"&#8220;I RACCONTI DI PAOLO SOPPELSA SETTANTAQUATTRESIMA PUNTATA&#8221; &#8212; Radio Pi\u00f9\" src=\"https:\/\/www.radiopiu.net\/wordpress\/i-racconti-di-paolo-soppelsa-settantaquattresima-puntata\/embed\/#?secret=1mU480nrRs\" data-secret=\"1mU480nrRs\" width=\"600\" height=\"338\" frameborder=\"0\" marginwidth=\"0\" marginheight=\"0\" scrolling=\"no\"><\/iframe><\/p>\n<p><span style=\"color: #0000ff;\">INFORMAZIONE il canale su TELEGRAM informazione di prima mano e in tempo reale. iscriviti ed aiutaci a farlo conoscere\u00a0<\/span><\/p>\n<h2><span style=\"color: #33cccc;\"><strong>RACCOLTA COMPLETA<\/strong><\/span><\/h2>\n<blockquote class=\"wp-embedded-content\" data-secret=\"Ntm64BRS4d\"><p><a href=\"https:\/\/www.radiopiu.net\/wordpress\/i-racconti-di-paolo-soppelsa\/\">I racconti di Paolo Soppelsa<\/a><\/p><\/blockquote>\n<p><iframe loading=\"lazy\" class=\"wp-embedded-content\" sandbox=\"allow-scripts\" security=\"restricted\" style=\"position: absolute; clip: rect(1px, 1px, 1px, 1px);\" title=\"&#8220;I racconti di Paolo Soppelsa&#8221; &#8212; Radio Pi\u00f9\" src=\"https:\/\/www.radiopiu.net\/wordpress\/i-racconti-di-paolo-soppelsa\/embed\/#?secret=Ntm64BRS4d\" data-secret=\"Ntm64BRS4d\" width=\"600\" height=\"338\" frameborder=\"0\" marginwidth=\"0\" marginheight=\"0\" scrolling=\"no\"><\/iframe><\/p>\n<p>&nbsp;<\/p>\n<\/div>\n<div class=\"b654a4as d2edcug0\">\n<hr \/>\n<\/div>\n<p>&nbsp;<\/p>\n<h2><span style=\"color: #800080;\"><strong>LA RASSEGNA STAMPA DA L&#8217;AMICO DEL POPOLO\u00a0<\/strong><\/span><\/h2>\n<h3 class=\"kvgmc6g5 cxmmr5t8 oygrvhab hcukyx3x c1et5uql\"><span style=\"color: #0000ff;\"> INFORMAZIONE il canale su TELEGRAM informazione di prima mano e in tempo reale. iscriviti ed aiutaci a farlo conoscere\u00a0<\/span><\/h3>\n<p><strong><a href=\"https:\/\/www.radiopiu.net\/wordpress\/emergenza-coronavirus-lappello-della-cooperazione-sociale-e-dei-sindacati-veneti-alle-istituzioni\/mani-anziani\/\" rel=\"attachment wp-att-125005\"><img loading=\"lazy\" decoding=\"async\" class=\"size-medium wp-image-125005 alignleft\" src=\"https:\/\/www.radiopiu.net\/wordpress\/wp-content\/uploads\/2020\/03\/MANI-ANZIANI-300x200.jpg\" alt=\"\" width=\"300\" height=\"200\" srcset=\"https:\/\/www.radiopiu.net\/wordpress\/wp-content\/uploads\/2020\/03\/MANI-ANZIANI-300x200.jpg 300w, https:\/\/www.radiopiu.net\/wordpress\/wp-content\/uploads\/2020\/03\/MANI-ANZIANI-1024x683.jpg 1024w, https:\/\/www.radiopiu.net\/wordpress\/wp-content\/uploads\/2020\/03\/MANI-ANZIANI-768x512.jpg 768w, https:\/\/www.radiopiu.net\/wordpress\/wp-content\/uploads\/2020\/03\/MANI-ANZIANI-1536x1024.jpg 1536w, https:\/\/www.radiopiu.net\/wordpress\/wp-content\/uploads\/2020\/03\/MANI-ANZIANI.jpg 1920w\" sizes=\"auto, (max-width: 300px) 100vw, 300px\" \/><\/a>di Gianni Santomaso<\/strong><\/p>\n<p>OSPITE: Tatiana Stalliviere<\/p>\n<audio class=\"wp-audio-shortcode\" id=\"audio-209918-12\" preload=\"none\" style=\"width: 100%;\" controls=\"controls\"><source type=\"audio\/mpeg\" src=\"https:\/\/www.radiopiu.net\/wordpress\/wp-content\/uploads\/2021\/05\/RASSEGNA-GIANNI-2.mp3?_=12\" \/><a href=\"https:\/\/www.radiopiu.net\/wordpress\/wp-content\/uploads\/2021\/05\/RASSEGNA-GIANNI-2.mp3\">https:\/\/www.radiopiu.net\/wordpress\/wp-content\/uploads\/2021\/05\/RASSEGNA-GIANNI-2.mp3<\/a><\/audio>\n<p>&nbsp;<\/p>\n<p><strong>LA RACCOLTA COMPLETA<\/strong><\/p>\n<blockquote class=\"wp-embedded-content\" data-secret=\"I6P2K2pvgt\"><p><a href=\"https:\/\/www.radiopiu.net\/wordpress\/rassegna-stampa-di-gianni-santomaso\/\">Rassegna stampa da l&#8217;amico del popolo &#8211; di Gianni Santomaso<\/a><\/p><\/blockquote>\n<p><iframe loading=\"lazy\" class=\"wp-embedded-content\" sandbox=\"allow-scripts\" security=\"restricted\" style=\"position: absolute; clip: rect(1px, 1px, 1px, 1px);\" title=\"&#8220;Rassegna stampa da l&#8217;amico del popolo &#8211; di Gianni Santomaso&#8221; &#8212; Radio Pi\u00f9\" src=\"https:\/\/www.radiopiu.net\/wordpress\/rassegna-stampa-di-gianni-santomaso\/embed\/#?secret=I6P2K2pvgt\" data-secret=\"I6P2K2pvgt\" width=\"600\" height=\"338\" frameborder=\"0\" marginwidth=\"0\" marginheight=\"0\" scrolling=\"no\"><\/iframe><\/p>\n<div class=\"b654a4as d2edcug0\"><\/div>\n<\/div>\n<p>&nbsp;<\/p>\n<p>&nbsp;<\/p>\n<hr \/>\n<p>&nbsp;<\/p>\n<\/div>\n<blockquote>\n<blockquote>\n<h2><a href=\"https:\/\/www.radiopiu.net\/wordpress\/speciale-solidarieta-veneto\/solidarieta-veneto-3\/\" rel=\"attachment wp-att-134366\"><img loading=\"lazy\" decoding=\"async\" class=\"wp-image-134366 alignleft\" src=\"https:\/\/www.radiopiu.net\/wordpress\/wp-content\/uploads\/2020\/05\/solidariet\u00e0-veneto-300x210.jpg\" alt=\"\" width=\"102\" height=\"71\" srcset=\"https:\/\/www.radiopiu.net\/wordpress\/wp-content\/uploads\/2020\/05\/solidariet\u00e0-veneto-300x210.jpg 300w, https:\/\/www.radiopiu.net\/wordpress\/wp-content\/uploads\/2020\/05\/solidariet\u00e0-veneto-1024x717.jpg 1024w, https:\/\/www.radiopiu.net\/wordpress\/wp-content\/uploads\/2020\/05\/solidariet\u00e0-veneto-768x538.jpg 768w, https:\/\/www.radiopiu.net\/wordpress\/wp-content\/uploads\/2020\/05\/solidariet\u00e0-veneto.jpg 1373w\" sizes=\"auto, (max-width: 102px) 100vw, 102px\" \/><\/a>SOLIDARIETA&#8217; VENETO FONDO PENSIONE, IN ONDA IL PRIMO VENERDI DEL MESE ALLE 10.30 E ALLE 19.00 QUINTA STAGIONE<\/h2>\n<\/blockquote>\n<h2><strong><span style=\"color: #ff0000;\">AUDIO MAGGIO 2021<\/span><\/strong><\/h2>\n<\/blockquote>\n<div><\/div>\n<div>\n<audio class=\"wp-audio-shortcode\" id=\"audio-209918-13\" preload=\"none\" style=\"width: 100%;\" controls=\"controls\"><source type=\"audio\/mpeg\" src=\"https:\/\/www.radiopiu.net\/wordpress\/wp-content\/uploads\/2021\/05\/solidarieta-veneto-maggio-2021.mp3?_=13\" \/><a href=\"https:\/\/www.radiopiu.net\/wordpress\/wp-content\/uploads\/2021\/05\/solidarieta-veneto-maggio-2021.mp3\">https:\/\/www.radiopiu.net\/wordpress\/wp-content\/uploads\/2021\/05\/solidarieta-veneto-maggio-2021.mp3<\/a><\/audio>\n<\/div>\n<h2>LA RACCOLTA COMPLETA<\/h2>\n<blockquote class=\"wp-embedded-content\" data-secret=\"dWA7sJlg96\"><p><a href=\"https:\/\/www.radiopiu.net\/wordpress\/solidarieta-veneto\/\">Solidariet\u00e0 Veneto<\/a><\/p><\/blockquote>\n<p><iframe loading=\"lazy\" class=\"wp-embedded-content\" sandbox=\"allow-scripts\" security=\"restricted\" style=\"position: absolute; clip: rect(1px, 1px, 1px, 1px);\" title=\"&#8220;Solidariet\u00e0 Veneto&#8221; &#8212; Radio Pi\u00f9\" src=\"https:\/\/www.radiopiu.net\/wordpress\/solidarieta-veneto\/embed\/#?secret=dWA7sJlg96\" data-secret=\"dWA7sJlg96\" width=\"600\" height=\"338\" frameborder=\"0\" marginwidth=\"0\" marginheight=\"0\" scrolling=\"no\"><\/iframe><\/p>\n<blockquote>\n<h2><\/h2>\n<h2><\/h2>\n<\/blockquote>\n<blockquote>\n<h2><\/h2>\n<\/blockquote>\n<hr \/>\n<blockquote>\n<h2><\/h2>\n<h2>FANTASTICHE DOLOMITI, NUOVA STAGIONE. APPUNTAMENTO QUINDICINALE IL GIOVEDI ALLE 10.30 E 19.00<\/h2>\n<\/blockquote>\n<h2><span style=\"color: #ff0000;\">PUNTATA NUMERO 12\u00a0 del\u00a0 06 MAGGIO 2021<\/span><\/h2>\n<p><strong><a href=\"https:\/\/www.radiopiu.net\/wordpress\/raccolta-completa\/121869645_648442942701436_4748562330148520081_n-2\/\" rel=\"attachment wp-att-196402\"><img loading=\"lazy\" decoding=\"async\" class=\"wp-image-196402 alignleft\" src=\"https:\/\/www.radiopiu.net\/wordpress\/wp-content\/uploads\/2021\/02\/121869645_648442942701436_4748562330148520081_n-1-300x169.jpg\" alt=\"\" width=\"160\" height=\"90\" srcset=\"https:\/\/www.radiopiu.net\/wordpress\/wp-content\/uploads\/2021\/02\/121869645_648442942701436_4748562330148520081_n-1-300x169.jpg 300w, https:\/\/www.radiopiu.net\/wordpress\/wp-content\/uploads\/2021\/02\/121869645_648442942701436_4748562330148520081_n-1-1024x576.jpg 1024w, https:\/\/www.radiopiu.net\/wordpress\/wp-content\/uploads\/2021\/02\/121869645_648442942701436_4748562330148520081_n-1-768x432.jpg 768w, https:\/\/www.radiopiu.net\/wordpress\/wp-content\/uploads\/2021\/02\/121869645_648442942701436_4748562330148520081_n-1-1536x864.jpg 1536w, https:\/\/www.radiopiu.net\/wordpress\/wp-content\/uploads\/2021\/02\/121869645_648442942701436_4748562330148520081_n-1.jpg 1707w\" sizes=\"auto, (max-width: 160px) 100vw, 160px\" \/><\/a>OSPITE IL PRESIDENTE CLAUDIO CANOVA<\/strong><\/p>\n<h3>LA RACCOLTA COMPLETA<\/h3>\n<p>&nbsp;<\/p>\n<audio class=\"wp-audio-shortcode\" id=\"audio-209918-14\" preload=\"none\" style=\"width: 100%;\" controls=\"controls\"><source type=\"audio\/mpeg\" src=\"https:\/\/www.radiopiu.net\/wordpress\/wp-content\/uploads\/2021\/05\/fantastiche-dolomiti-6-maggio.mp3?_=14\" \/><a href=\"https:\/\/www.radiopiu.net\/wordpress\/wp-content\/uploads\/2021\/05\/fantastiche-dolomiti-6-maggio.mp3\">https:\/\/www.radiopiu.net\/wordpress\/wp-content\/uploads\/2021\/05\/fantastiche-dolomiti-6-maggio.mp3<\/a><\/audio>\n<p>&nbsp;<\/p>\n<p>https:\/\/www.radiopiu.net\/wordpress\/raccolta-completa\/<\/p>\n<p>&nbsp;<\/p>\n<p>&nbsp;<\/p>\n<div>\n<hr \/>\n<\/div>\n<p>&nbsp;<\/p>\n<h2><strong><span style=\"color: #ff0000;\">\u00a0ALLA RADIO<\/span><\/strong><\/h2>\n<div data-offset-key=\"5n5nl-0-0\">\n<h3>Per ricevere gli aggiornamenti in tempo reale delle notizie pubblicate alla radio e sul sito di radio pi\u00f9 iscriviti al gruppo RADIO PIU INFORMAZIONE su Telegram.\u00a0\u00a0<a href=\"https:\/\/t.me\/radiopiu\">clicca qui<\/a><\/h3>\n<p>&nbsp;<\/p>\n<p><strong><a class=\"dt-pswp-item\" href=\"https:\/\/www.radiopiu.net\/wordpress\/wp-content\/uploads\/2020\/01\/logo-csa.jpg\" data-dt-img-description=\"\" data-large_image_width=\"1167\" data-large_image_height=\"574\"><img loading=\"lazy\" decoding=\"async\" class=\"wp-image-113364 alignleft\" src=\"https:\/\/www.radiopiu.net\/wordpress\/wp-content\/uploads\/2020\/01\/logo-csa-300x148.jpg\" alt=\"\" width=\"182\" height=\"90\" srcset=\"https:\/\/www.radiopiu.net\/wordpress\/wp-content\/uploads\/2020\/01\/logo-csa-300x148.jpg 300w, https:\/\/www.radiopiu.net\/wordpress\/wp-content\/uploads\/2020\/01\/logo-csa-1024x504.jpg 1024w, https:\/\/www.radiopiu.net\/wordpress\/wp-content\/uploads\/2020\/01\/logo-csa-768x378.jpg 768w, https:\/\/www.radiopiu.net\/wordpress\/wp-content\/uploads\/2020\/01\/logo-csa.jpg 1167w\" sizes=\"auto, (max-width: 182px) 100vw, 182px\" \/><\/a>AGORDO<\/strong> Appuntahttps:\/\/www.radiopiu.net\/wordpress\/erbe-e-piante-curative-il-mandorlo\/mento mensile (primo venerdi del mese) con lo speciale condotto da Claudio<\/p>\n<p>Fontanive, in studio Fabrizio Campedel e Paolo Chissal\u00e8.<\/p>\n<\/div>\n<p><strong>PUNTATA DI APRILE<\/strong><\/p>\n<blockquote><audio class=\"wp-audio-shortcode\" id=\"audio-209918-15\" preload=\"none\" style=\"width: 100%;\" controls=\"controls\"><source type=\"audio\/mpeg\" src=\"https:\/\/www.radiopiu.net\/wordpress\/wp-content\/uploads\/2021\/04\/ca-sol-lux-aprile-2021.mp3?_=15\" \/><a href=\"https:\/\/www.radiopiu.net\/wordpress\/wp-content\/uploads\/2021\/04\/ca-sol-lux-aprile-2021.mp3\">https:\/\/www.radiopiu.net\/wordpress\/wp-content\/uploads\/2021\/04\/ca-sol-lux-aprile-2021.mp3<\/a><\/audio>\n<h2>RACCOLTA COMPLETA<\/h2>\n<\/blockquote>\n<blockquote class=\"wp-embedded-content\" data-secret=\"ANlQYovRE0\"><p><a href=\"https:\/\/www.radiopiu.net\/wordpress\/cassa-solidarieta-luxottica-puntata-del-16-ottobre-2020\/\">CASSA SOLIDARIET\u00c0 LUXOTTICA &#8211; PUNTATA DEL 20 NOVEMBRE 2020<\/a><\/p><\/blockquote>\n<p><iframe loading=\"lazy\" class=\"wp-embedded-content\" sandbox=\"allow-scripts\" security=\"restricted\" style=\"position: absolute; clip: rect(1px, 1px, 1px, 1px);\" title=\"&#8220;CASSA SOLIDARIET\u00c0 LUXOTTICA &#8211; PUNTATA DEL 20 NOVEMBRE 2020&#8221; &#8212; Radio Pi\u00f9\" src=\"https:\/\/www.radiopiu.net\/wordpress\/cassa-solidarieta-luxottica-puntata-del-16-ottobre-2020\/embed\/#?secret=ANlQYovRE0\" data-secret=\"ANlQYovRE0\" width=\"600\" height=\"338\" frameborder=\"0\" marginwidth=\"0\" marginheight=\"0\" scrolling=\"no\"><\/iframe><\/p>\n<div><\/div>\n<p>&nbsp;<\/p>\n<p>&nbsp;<\/p>\n<hr \/>\n<div class=\"page-title-head hgroup\">\n<div>\n<p>&nbsp;<\/p>\n<p><strong><span style=\"color: #0000ff;\"><img loading=\"lazy\" decoding=\"async\" class=\"alignleft\" src=\"https:\/\/www.radiopiu.net\/wordpress\/wp-content\/uploads\/2021\/03\/db631d3b-7003-47af-8b77-6f8cbe83c59b.jpg\" width=\"95\" height=\"39\" \/><\/span><\/strong><\/p>\n<blockquote>\n<h2>LA RACCOLTA COMPLETA<\/h2>\n<\/blockquote>\n<blockquote class=\"wp-embedded-content\" data-secret=\"BT4CaOijXX\"><p><a href=\"https:\/\/www.radiopiu.net\/wordpress\/agora-agordina-la-nosta-piaza\/\">AGORA&#8217; AGORDINA&#8230; LA NOSTA PIAZA LADINA RACCOLTA COMPLETA PRIMA STAGIONE<\/a><\/p><\/blockquote>\n<p><iframe loading=\"lazy\" class=\"wp-embedded-content\" sandbox=\"allow-scripts\" security=\"restricted\" style=\"position: absolute; clip: rect(1px, 1px, 1px, 1px);\" title=\"&#8220;AGORA&#8217; AGORDINA&#8230; LA NOSTA PIAZA LADINA RACCOLTA COMPLETA PRIMA STAGIONE&#8221; &#8212; Radio Pi\u00f9\" src=\"https:\/\/www.radiopiu.net\/wordpress\/agora-agordina-la-nosta-piaza\/embed\/#?secret=BT4CaOijXX\" data-secret=\"BT4CaOijXX\" width=\"600\" height=\"338\" frameborder=\"0\" marginwidth=\"0\" marginheight=\"0\" scrolling=\"no\"><\/iframe><\/p>\n<p>&nbsp;<\/p>\n<div class=\"b654a4as d2edcug0\">\n<div dir=\"auto\">\n<h1><\/h1>\n<hr \/>\n<p>&nbsp;<\/p>\n<div>\n<h2><strong>LE\u00a0 PUNTATE di Luisa Alchini di Leggermente Bellunesi, la domenica alle 11, <span style=\"color: #0000ff;\">IL MARTEDI IN PRIMA EDIZIONE\u00a0<\/span> alle 10.30 e alle 19.00<\/strong><\/h2>\n<p><strong><a href=\"https:\/\/www.radiopiu.net\/wordpress\/leggermente-bellunesi-04-maggio-2021\/181150987_1641870886000972_5780854326229668407_n\/\" rel=\"attachment wp-att-207540\"><img loading=\"lazy\" decoding=\"async\" class=\" wp-image-207540 alignleft\" src=\"https:\/\/www.radiopiu.net\/wordpress\/wp-content\/uploads\/2021\/05\/181150987_1641870886000972_5780854326229668407_n-206x300.jpg\" alt=\"\" width=\"89\" height=\"130\" srcset=\"https:\/\/www.radiopiu.net\/wordpress\/wp-content\/uploads\/2021\/05\/181150987_1641870886000972_5780854326229668407_n-206x300.jpg 206w, https:\/\/www.radiopiu.net\/wordpress\/wp-content\/uploads\/2021\/05\/181150987_1641870886000972_5780854326229668407_n.jpg 306w\" sizes=\"auto, (max-width: 89px) 100vw, 89px\" \/><\/a><\/strong>San Martino il patrono di Belluno e la leggenda di Agordo. La storia nel libro di Gian Domenico Mazzoccato.<\/p>\n<audio class=\"wp-audio-shortcode\" id=\"audio-209918-16\" preload=\"none\" style=\"width: 100%;\" controls=\"controls\"><source type=\"audio\/mpeg\" src=\"https:\/\/www.radiopiu.net\/wordpress\/wp-content\/uploads\/2021\/05\/26leggermentegiandomenicomazzoccato.mp3?_=16\" \/><a href=\"https:\/\/www.radiopiu.net\/wordpress\/wp-content\/uploads\/2021\/05\/26leggermentegiandomenicomazzoccato.mp3\">https:\/\/www.radiopiu.net\/wordpress\/wp-content\/uploads\/2021\/05\/26leggermentegiandomenicomazzoccato.mp3<\/a><\/audio>\n<p><strong><span style=\"color: #000000;\">RACCOLTA COMPLETA<\/span><\/strong><\/p>\n<\/div>\n<div>\n<blockquote class=\"wp-embedded-content\" data-secret=\"okS8U4moSN\"><p><a href=\"https:\/\/www.radiopiu.net\/wordpress\/leggermente-20\/\">LEGGERmente&#8230;Bellunesi<\/a><\/p><\/blockquote>\n<p><iframe loading=\"lazy\" class=\"wp-embedded-content\" sandbox=\"allow-scripts\" security=\"restricted\" style=\"position: absolute; clip: rect(1px, 1px, 1px, 1px);\" title=\"&#8220;LEGGERmente&#8230;Bellunesi&#8221; &#8212; Radio Pi\u00f9\" src=\"https:\/\/www.radiopiu.net\/wordpress\/leggermente-20\/embed\/#?secret=okS8U4moSN\" data-secret=\"okS8U4moSN\" width=\"600\" height=\"338\" frameborder=\"0\" marginwidth=\"0\" marginheight=\"0\" scrolling=\"no\"><\/iframe><\/p>\n<hr \/>\n<p>&nbsp;<\/p>\n<\/div>\n<\/div>\n<p>&nbsp;<\/p>\n<hr \/>\n<blockquote>\n<h3><a style=\"font-size: 14px; font-weight: normal;\" href=\"https:\/\/www.radiopiu.net\/wordpress\/giornale-radiopiu-06-febbraio-2019-direttore-mirko-mezzacasa\/logo_spi-cgil-800x445\/\" rel=\"attachment wp-att-75538\"><img loading=\"lazy\" decoding=\"async\" class=\"wp-image-75538 alignleft\" src=\"https:\/\/www.radiopiu.net\/wordpress\/wp-content\/uploads\/2019\/02\/Logo_Spi-CGIL-800x445-300x167.jpg\" alt=\"\" width=\"210\" height=\"117\" srcset=\"https:\/\/www.radiopiu.net\/wordpress\/wp-content\/uploads\/2019\/02\/Logo_Spi-CGIL-800x445-300x167.jpg 300w, https:\/\/www.radiopiu.net\/wordpress\/wp-content\/uploads\/2019\/02\/Logo_Spi-CGIL-800x445-768x427.jpg 768w, https:\/\/www.radiopiu.net\/wordpress\/wp-content\/uploads\/2019\/02\/Logo_Spi-CGIL-800x445.jpg 800w\" sizes=\"auto, (max-width: 210px) 100vw, 210px\" \/><\/a><\/h3>\n<\/blockquote>\n<blockquote>\n<h3>ALLA RADIO, APPUNTAMENTO QUINDICINALE CON SPI-CGIL BELLUNO, IN STUDIO MARIA RITA GENTILIN<\/h3>\n<\/blockquote>\n<p><strong>di Claudio Fontanive\u00a0<\/strong><\/p>\n<p><span style=\"color: #ff0000;\"><strong>PUNTATA DEL 29 APRILE 2021<br \/>\n<\/strong><\/span><\/p>\n<audio class=\"wp-audio-shortcode\" id=\"audio-209918-17\" preload=\"none\" style=\"width: 100%;\" controls=\"controls\"><source type=\"audio\/mpeg\" src=\"https:\/\/www.radiopiu.net\/wordpress\/wp-content\/uploads\/2021\/04\/spi-cgil-28-aprile.mp3?_=17\" \/><a href=\"https:\/\/www.radiopiu.net\/wordpress\/wp-content\/uploads\/2021\/04\/spi-cgil-28-aprile.mp3\">https:\/\/www.radiopiu.net\/wordpress\/wp-content\/uploads\/2021\/04\/spi-cgil-28-aprile.mp3<\/a><\/audio>\n<p>&nbsp;<\/p>\n<h2><\/h2>\n<\/div>\n<hr \/>\n<\/div>\n<p>&nbsp;<\/p>\n<p><a href=\"https:\/\/www.radiopiu.net\/wordpress\/giornale-radiopiu-26-settembre-2018-direttore-mirko-mezzacasa\/viabilita-2\/\" rel=\"attachment wp-att-61954\"><img loading=\"lazy\" decoding=\"async\" class=\"wp-image-61954 size-full aligncenter\" src=\"https:\/\/www.radiopiu.net\/wordpress\/wp-content\/uploads\/2018\/09\/viabilita.jpeg\" alt=\"\" width=\"800\" height=\"100\" srcset=\"https:\/\/www.radiopiu.net\/wordpress\/wp-content\/uploads\/2018\/09\/viabilita.jpeg 800w, https:\/\/www.radiopiu.net\/wordpress\/wp-content\/uploads\/2018\/09\/viabilita-300x38.jpeg 300w, https:\/\/www.radiopiu.net\/wordpress\/wp-content\/uploads\/2018\/09\/viabilita-768x96.jpeg 768w\" sizes=\"auto, (max-width: 800px) 100vw, 800px\" \/><\/a><\/p>\n<blockquote><p><a href=\"https:\/\/www.radiopiu.net\/wordpress\/giornale-radiopiu-09-agosto-2018-direttore-mirko-mezzacasa\/viabilia\/\" rel=\"attachment wp-att-57053\"><img loading=\"lazy\" decoding=\"async\" class=\" wp-image-57053 alignleft\" src=\"https:\/\/www.radiopiu.net\/wordpress\/wp-content\/uploads\/2018\/08\/VIABILIA-300x180.jpeg\" alt=\"\" width=\"220\" height=\"132\" srcset=\"https:\/\/www.radiopiu.net\/wordpress\/wp-content\/uploads\/2018\/08\/VIABILIA-300x180.jpeg 300w, https:\/\/www.radiopiu.net\/wordpress\/wp-content\/uploads\/2018\/08\/VIABILIA-768x461.jpeg 768w, https:\/\/www.radiopiu.net\/wordpress\/wp-content\/uploads\/2018\/08\/VIABILIA-1024x614.jpeg 1024w, https:\/\/www.radiopiu.net\/wordpress\/wp-content\/uploads\/2018\/08\/VIABILIA.jpeg 1280w\" sizes=\"auto, (max-width: 220px) 100vw, 220px\" \/><\/a>La viabilit\u00e0 con gli ultimi aggiornamenti da Veneto Strade.<\/p>\n<p><span style=\"color: #ff0000;\"><strong>in onda alla radio: 4.05, 6.18, 14 30 , 18.30, 23.25\u00a0<\/strong><\/span><\/p><\/blockquote>\n<\/div>\n<div class=\"page-title-head hgroup\"><\/div>\n<div><\/div>\n<div><\/div>\n<div class=\"page-title-head hgroup\">\n<audio class=\"wp-audio-shortcode\" id=\"audio-209918-18\" preload=\"none\" style=\"width: 100%;\" controls=\"controls\"><source type=\"audio\/mpeg\" src=\"https:\/\/www.radiopiu.net\/wordpress\/wp-content\/uploads\/2021\/05\/VIABILITA-3.mp3?_=18\" \/><a href=\"https:\/\/www.radiopiu.net\/wordpress\/wp-content\/uploads\/2021\/05\/VIABILITA-3.mp3\">https:\/\/www.radiopiu.net\/wordpress\/wp-content\/uploads\/2021\/05\/VIABILITA-3.mp3<\/a><\/audio>\n<p>&nbsp;<\/p>\n<p>&nbsp;<\/p>\n<\/div>\n<\/div>\n<hr \/>\n<p>&nbsp;<\/p>\n<\/div>\n<\/div>\n<\/div>\n<div>\n<div class=\"page-title-head hgroup\">\n<div class=\"page-title-head hgroup\">\n<div dir=\"auto\">\n<p><a class=\"dt-pswp-item pspw-wrap-ready\" href=\"https:\/\/i0.wp.com\/www.radiopiu.net\/wordpress\/wp-content\/uploads\/2018\/09\/WhatsApp-Image-2018-09-20-at-16.04.06.jpeg?ssl=1\" data-dt-img-description=\"\" data-large_image_width=\"800\" data-large_image_height=\"100\"><img loading=\"lazy\" decoding=\"async\" class=\"aligncenter wp-image-61378 size-full jetpack-lazy-image jetpack-lazy-image--handled\" src=\"https:\/\/i0.wp.com\/www.radiopiu.net\/wordpress\/wp-content\/uploads\/2018\/09\/WhatsApp-Image-2018-09-20-at-16.04.06.jpeg?resize=800%2C100&amp;ssl=1\" sizes=\"auto, (max-width: 800px) 100vw, 800px\" srcset=\"https:\/\/i0.wp.com\/www.radiopiu.net\/wordpress\/wp-content\/uploads\/2018\/09\/WhatsApp-Image-2018-09-20-at-16.04.06.jpeg?w=800&amp;ssl=1 800w, https:\/\/i0.wp.com\/www.radiopiu.net\/wordpress\/wp-content\/uploads\/2018\/09\/WhatsApp-Image-2018-09-20-at-16.04.06.jpeg?resize=300%2C38&amp;ssl=1 300w, https:\/\/i0.wp.com\/www.radiopiu.net\/wordpress\/wp-content\/uploads\/2018\/09\/WhatsApp-Image-2018-09-20-at-16.04.06.jpeg?resize=768%2C96&amp;ssl=1 768w\" alt=\"\" width=\"800\" height=\"100\" data-lazy-loaded=\"1\" \/><\/a><\/p>\n<p>&nbsp;<\/p>\n<p><center><b>Domenica 16<\/b><\/center><b>Tempo atteso: <\/b>Dopo i possibili fenomeni notturni, specie sulle Dolomiti, in mattinata la nuvolosit\u00e0 si dirader\u00e0 temporaneamente, con parziali schiarite, prima di una sua nuova intensificazione dalla tarda mattinata, con primi locali fenomeni gi\u00e0 entro il mezzogiorno. Nel pomeriggio molto nuvoloso con fenomeni di instabilit\u00e0 pi\u00f9 probabili sul Bellunese.<br \/>\n<b>Precipitazioni: <\/b>Nella notte possibili piovaschi o rovesci (20-40%) soprattutto sulle Dolomiti. In mattinata rischio di piovaschi inizialmente basso, poi in tarda mattinata in aumento (30-50%). Nel pomeriggio probabilit\u00e0 alta di rovesci (60-80%), soprattutto sul Bellunese. Limite della neve fra i 2100 e i 2300 m<br \/>\n<b>Temperature: <\/b>In aumento, salvo rimanere stazionarie le minime a fondovalle. Su Prealpi a 1500 m min 4\u00b0C max 9\u00b0C, a 2000 m min 2\u00b0C max 6\u00b0C. Su Dolomiti a 2000 m min 1\u00b0C max 7\u00b0C, a 3000 m min -5\u00b0C max -2\u00b0C.<br \/>\n<b>Venti: <\/b>Nelle valli deboli; in quota ancora moderati o tesi da ovest sud-ovest, 15-25 km\/h a 2000 m, 25-35 km\/h a 3000 m.<\/p>\n<hr \/>\n<p><center><b>Lunedi 17<\/b><\/center><b>Tempo atteso: <\/b>Dopo un moderato episodio di maltempo notturno, pi\u00f9 significativo sul Bellunese, la mattinata sar\u00e0 in genere soleggiata, specie sulle Dolomiti. Tuttavia gi\u00e0 dal mezzogiorno si formeranno addensamenti cumuliformi che daranno luogo ai primi fenomeni di instabilit\u00e0 sulle Prealpi. Nel pomeriggio parzialmente nuvoloso con fenomeni pi\u00f9 diffusi e probabili sulle Prealpi, prima di un sensibile, generale miglioramento verso sera<br \/>\n<b>Precipitazioni: <\/b>Nella notte probabili precipitazioni, soprattutto sul Bellunese (40-60%), in mattinata generalmente assenti (10%), salvo primi locali rovesci sulle Prealpi dalla tarda mattinata (30%). Nel pomeriggio probabili rovesci (50-70%), specie sulle Prealpi bellunesi e vicentine. In serata assenti (0%)<br \/>\n<b>Temperature: <\/b>Senza grosse variazioni. Su Prealpi a 1500 m min 5\u00b0C max 7\u00b0C, a 2000 m min 2\u00b0C max 5\u00b0C. Su Dolomiti a 2000 m min 1\u00b0C max 6\u00b0C, a 3000 m min -6\u00b0C max -4\u00b0C.<br \/>\n<b>Venti: <\/b>Nelle valli deboli, salvo qualche rinforzo di Foehn; in quota moderati da nord-ovest, a tratti tesi sulle cime, 10-25 km\/h a 2000 m e 25-35 km\/h a 3000 m.<\/p>\n<hr \/>\n<p><center><b>Martedi 18<\/b><\/center>Da soleggiato al mattino a parzialmente soleggiato nel pomeriggio, quando locali addensamenti potranno causare qualche rovescio. Temperature minime in diminuzione, massime in aumento nelle valli. Venti in quota da ovest nord-ovest deboli o moderati.<\/p>\n<hr \/>\n<p><center><b>Mercoledi 19<\/b><\/center>Condizioni simili a quelle di marted\u00ec, sole al mattino e annuvolamenti irregolari nel pomeriggio, quando non si esclude qualche piovasco. Temperature stazionarie. Venti in quota deboli o moderati da nord-ovest. Previsore: B.R.<\/p>\n<p>&nbsp;<\/p>\n<hr \/>\n<p>&nbsp;<\/p>\n<p><a href=\"https:\/\/www.radiopiu.net\/wordpress\/giornale-radiopiu-15-settembre-2018-direttore-mirko-mezzacasa\/sport-7\/\" rel=\"attachment wp-att-60761\"><img loading=\"lazy\" decoding=\"async\" class=\"aligncenter wp-image-60761 size-full\" src=\"https:\/\/www.radiopiu.net\/wordpress\/wp-content\/uploads\/2018\/09\/sport.jpg\" alt=\"\" width=\"800\" height=\"100\" srcset=\"https:\/\/www.radiopiu.net\/wordpress\/wp-content\/uploads\/2018\/09\/sport.jpg 800w, https:\/\/www.radiopiu.net\/wordpress\/wp-content\/uploads\/2018\/09\/sport-300x38.jpg 300w, https:\/\/www.radiopiu.net\/wordpress\/wp-content\/uploads\/2018\/09\/sport-768x96.jpg 768w\" sizes=\"auto, (max-width: 800px) 100vw, 800px\" \/><\/a><\/p>\n<p>&nbsp;<\/p>\n<blockquote>\n<h3>ANDREA FONTANA AL RED BULL RING PER LA SECONDA TAPPA DELL&#8217;EUROPEAN LE MANS SERIES<\/h3>\n<\/blockquote>\n<p><strong>SPIELBERG (AUSTRIA) <\/strong>Si sono concluse le FP2 al Red Bull Ring, seconda prova dell&#8217;European Le Mans Series. Andrea Fontana e compagni hanno chiuso al quinto posto ma i tempi sono risicati. Piloti in pista per le qualifiche ufficiali.<\/p>\n<p><strong>Andrea Fontana<\/strong>\u00a0 <em>&#8220;Oggi qualifiche sfortunate, un acquazzone qualche minuto prima di iniziare ha rimescolato le carte, nei primi giri ero in testa alla classifica ma la pista si stava asciugando velocemente e purtroppo ci siamo fermati tardi per cambiare le gomme e non sono riuscito a rilanciarmi con la pista che si stava asciugando cosi abbiamo chiuso in P9 le qualifiche, domani h11.00 partenza per una gara tutta in rimonta&#8221;!<\/em><\/p>\n<p><a href=\"https:\/\/www.radiopiu.net\/wordpress\/wp-content\/uploads\/2021\/05\/01615e29-ed6b-4cc7-bfbb-b19f8b29f0a0.jpg\">CLICCA QUI PER I TEMPI DELLA FP2<\/a><\/p>\n<p><strong>LE QUALIFICHE\u00a0<\/strong><\/p>\n<p><iframe loading=\"lazy\" title=\"REPLAY EN - Qualifications - 4 Hours of the Red Bull Ring 2021\" width=\"1200\" height=\"675\" src=\"https:\/\/www.youtube.com\/embed\/008JIpDTgN0?feature=oembed\" frameborder=\"0\" allow=\"accelerometer; autoplay; clipboard-write; encrypted-media; gyroscope; picture-in-picture\" allowfullscreen><\/iframe><\/p>\n<p>&nbsp;<\/p>\n<hr \/>\n<p>&nbsp;<\/p>\n<blockquote>\n<h3>IHL 2021\/22: SONO 11 LE SQUADRE ISCRITTE AL CAMPIONATO<\/h3>\n<\/blockquote>\n<p><strong><a href=\"https:\/\/www.radiopiu.net\/wordpress\/alleghe-hockey-confermati-manuel-da-tos-nicola-soppelsa-e-david-malaj\/alleghe-hockey-gruppo\/\" rel=\"attachment wp-att-156065\"><img loading=\"lazy\" decoding=\"async\" class=\"size-medium wp-image-156065 alignleft\" src=\"https:\/\/www.radiopiu.net\/wordpress\/wp-content\/uploads\/2020\/08\/ALLEGHE-HOCKEY-GRUPPO-300x200.jpg\" alt=\"\" width=\"300\" height=\"200\" srcset=\"https:\/\/www.radiopiu.net\/wordpress\/wp-content\/uploads\/2020\/08\/ALLEGHE-HOCKEY-GRUPPO-300x200.jpg 300w, https:\/\/www.radiopiu.net\/wordpress\/wp-content\/uploads\/2020\/08\/ALLEGHE-HOCKEY-GRUPPO-1024x681.jpg 1024w, https:\/\/www.radiopiu.net\/wordpress\/wp-content\/uploads\/2020\/08\/ALLEGHE-HOCKEY-GRUPPO-768x511.jpg 768w, https:\/\/www.radiopiu.net\/wordpress\/wp-content\/uploads\/2020\/08\/ALLEGHE-HOCKEY-GRUPPO-1536x1022.jpg 1536w, https:\/\/www.radiopiu.net\/wordpress\/wp-content\/uploads\/2020\/08\/ALLEGHE-HOCKEY-GRUPPO-2048x1363.jpg 2048w\" sizes=\"auto, (max-width: 300px) 100vw, 300px\" \/><\/a>MILANO <\/strong>Ha preso forma la prossima edizione della IHL, stagione 2021\/22. In data 15 maggio si sono chiuse le iscrizioni per la partecipazione al prossimo torneo cadetto tra riconferme, ritorni ed un nuovo arrivo. Partiamo proprio dalla vera novit\u00e0 della prossima stagione agonistica della IHL. La neopromossa AHC Toblach\/Dobbiaco Icebears ha sfruttato il diritto sportivo per partecipare alla Italian Hockey League in quanto squadra vincitrice della IHL \u2013 Division I, stagione 2020\/21. Le seguenti compagini hanno confermato, nei tempi e nei modi prescritti dalla Federghiaccio, la loro partecipazione alla IHL: i Campioni in carica del SV Kaltern\/Caldaro rothoblaas, Alleghe Hockey, H.C. Eppan\/Appiano, Hockey Pergine Sapiens, HC Varese 1977, Valdifiemme H.C, HC Falcons Brixen\/Bressanone ed Hockey Unterland Cavaliers. Si registra anche ritorno di due realt\u00e0 che, causa problemi relativi al Covid, avevano saltato la scorsa stagione, HC ValpEagle, o l\u2019avevano interrotta, Hockey Como, con la possibilit\u00e0 da parte della FISG del reintegro nel successivo campionato IHL. Sia ValpEagle che Como, quindi, hanno riconfermato la loro presenza ai nastri di partenza della Italian Hockey League, stagione 2021\/22.<\/p>\n<p>&nbsp;<\/p>\n<p>&nbsp;<\/p>\n<hr \/>\n<p>&nbsp;<\/p>\n<blockquote>\n<h3>NAZIONALE FALCIDIATA DAL COVID-19, OGGI LA PARTENZA PER RIGA<\/h3>\n<\/blockquote>\n<p><strong><a href=\"https:\/\/www.radiopiu.net\/wordpress\/giornale-radiopiu-16-maggio-2021-direttore-mirko-mezzacasa\/e0534fb4-a984-b7b2-68f7-76c442513fbb-2\/\" rel=\"attachment wp-att-209962\"><img loading=\"lazy\" decoding=\"async\" class=\"size-medium wp-image-209962 alignleft\" src=\"https:\/\/www.radiopiu.net\/wordpress\/wp-content\/uploads\/2021\/05\/e0534fb4-a984-b7b2-68f7-76c442513fbb-1-300x192.jpg\" alt=\"\" width=\"300\" height=\"192\" srcset=\"https:\/\/www.radiopiu.net\/wordpress\/wp-content\/uploads\/2021\/05\/e0534fb4-a984-b7b2-68f7-76c442513fbb-1-300x192.jpg 300w, https:\/\/www.radiopiu.net\/wordpress\/wp-content\/uploads\/2021\/05\/e0534fb4-a984-b7b2-68f7-76c442513fbb-1-1024x655.jpg 1024w, https:\/\/www.radiopiu.net\/wordpress\/wp-content\/uploads\/2021\/05\/e0534fb4-a984-b7b2-68f7-76c442513fbb-1-768x491.jpg 768w, https:\/\/www.radiopiu.net\/wordpress\/wp-content\/uploads\/2021\/05\/e0534fb4-a984-b7b2-68f7-76c442513fbb-1.jpg 1200w\" sizes=\"auto, (max-width: 300px) 100vw, 300px\" \/><\/a>BOLZANO <\/strong>Onorare la maglia azzurra, rispettare fino in fondo i valori dello sport, dare l\u2019opportunit\u00e0 a ragazzi giovani e giovanissimi di confrontarsi con il meglio dell\u2019hockey su ghiaccio mondiale. Ecco gli obiettivi dell\u2019Italia che partir\u00e0 oggi da Verona diretta a Riga, dove il 21 maggio inizieranno i Mondiali Top Division. Sar\u00e0 un Blue Team falcidiato dalle assenze in pista e anche in panchina, quello che salir\u00e0 sul volo per la Lettonia. Una squadra colpita duramente dagli infortuni e, soprattutto, dal Covid-19. In totale, i casi di positivit\u00e0 sono stati 15, due dei quali sono rientrati grazie al superamento della malattia certificato da un test PCRnegativo. Rispetto alle convocazioni originarie, sono stati tagliati per scelta tecnica i seguenti giocatori: Simone Dadi\u00e8, Leonardo Felicetti, Enrico Larcher e Gianluca March. La lista dei giocatori attualmente positivi al Covid-19 \u00e8 piuttosto lunga, ed \u00e8 suddivisa tra coloro che sicuramente non potranno partecipare al Mondiale, e coloro che invece potrebbero aggregarsi alla squadra una volta negativizzati. Tra i primi vi sono il portiere Andreas Bernard e gli attaccanti Tommaso Traversa, Michele Marchetti e Matthias Mantinger, che non sono stati inseriti nella lista dei 28 inviata alla IIHF. Potrebbero invece entrare a far parte del roster a torneo in corso altri giocatori attualmente positivi al Covid-19: il portiere Jake Smith, i difensori Thomas Larkin, Enrico Miglioranzi e Alex Trivellato e l\u2019attaccante Markus Gander. Nella stessa situazione si trovano l\u2019head coach Greg Ireland e uno dei suoi assistenti, Riku-Petteri Lehtonen. Ireland continuer\u00e0 a svolgere, nei limiti del possibile, il suo ruolo di capo-allenatore da remoto, per l\u2019inizio dell\u2019avventura mondiale la squadra sar\u00e0 guidata in panchina da Giorgio De Bettin, Fabio Armani e dall\u2019allenatore dei portieri, lo svedese Peter Andersson.<\/p>\n<p>&nbsp;<\/p>\n<p>&nbsp;<\/p>\n<hr \/>\n<p>&nbsp;<\/p>\n<blockquote>\n<h3>AD ASIAGO SI LAVORA CON I FUTURI GIOCATORI DELLA NAZIONALE DI HOCKEY<\/h3>\n<\/blockquote>\n<p><strong><a href=\"https:\/\/www.radiopiu.net\/wordpress\/giornale-radiopiu-16-maggio-2021-direttore-mirko-mezzacasa\/51153197611_af6aba77f4_c\/\" rel=\"attachment wp-att-209977\"><img loading=\"lazy\" decoding=\"async\" class=\" wp-image-209977 alignleft\" src=\"https:\/\/www.radiopiu.net\/wordpress\/wp-content\/uploads\/2021\/05\/51153197611_af6aba77f4_c-300x200.jpg\" alt=\"\" width=\"249\" height=\"166\" srcset=\"https:\/\/www.radiopiu.net\/wordpress\/wp-content\/uploads\/2021\/05\/51153197611_af6aba77f4_c-300x200.jpg 300w, https:\/\/www.radiopiu.net\/wordpress\/wp-content\/uploads\/2021\/05\/51153197611_af6aba77f4_c-768x512.jpg 768w, https:\/\/www.radiopiu.net\/wordpress\/wp-content\/uploads\/2021\/05\/51153197611_af6aba77f4_c.jpg 799w\" sizes=\"auto, (max-width: 249px) 100vw, 249px\" \/><\/a>ASIAGO <\/strong>Cinque raduni, quasi 100 ragazzi under 16 nati fra il 2006 e il 2007 visionati da uno staff tecnico di alto livello. Sono i numeri della prima edizione del programma Prospect Weekend, iniziativa della Federazione Italiana Sport del Ghiaccio per promuovere la crescita dei giovani talenti nazionali dell\u2019hockey su ghiaccio. Il progetto, coordinato dal direttore esecutivo dello sviluppo dell\u2019hockey giovanile della FISG, John Parco, \u00e8 iniziato a fine aprile da Asiago e terminer\u00e0 a fine maggio ad Aosta. &#8220;Nei primi camp ho visto alcuni ragazzi davvero molto interessanti &#8211; spiega Parco &#8211; vogliamo seguirli e aiutarli a sviluppare il loro talento per fare in modo che diventino i leader della nazionale italiana del futuro\u201d.<\/p>\n<p>&nbsp;<\/p>\n<p>&nbsp;<\/p>\n<hr \/>\n<p>&nbsp;<\/p>\n<blockquote>\n<h3>22-24 MAGGIO: IL 36* RALLY BELLUNESE, VIGILIA DA BUONI AUSPICI<\/h3>\n<\/blockquote>\n<p><strong>BELLUNO<\/strong><\/p>\n<p><strong>DI ROBERTO BONA<\/strong><\/p>\n<p><img loading=\"lazy\" decoding=\"async\" class=\"alignleft\" src=\"https:\/\/www.radiopiu.net\/wordpress\/wp-content\/uploads\/2021\/05\/Bellunese2019_19.jpg\" width=\"212\" height=\"119\" \/><\/p>\n<p><strong>AUDIO<\/strong><\/p>\n<audio class=\"wp-audio-shortcode\" id=\"audio-209918-19\" preload=\"none\" style=\"width: 100%;\" controls=\"controls\"><source type=\"audio\/mpeg\" src=\"https:\/\/www.radiopiu.net\/wordpress\/wp-content\/uploads\/2021\/05\/roberto.mp3?_=19\" \/><a href=\"https:\/\/www.radiopiu.net\/wordpress\/wp-content\/uploads\/2021\/05\/roberto.mp3\">https:\/\/www.radiopiu.net\/wordpress\/wp-content\/uploads\/2021\/05\/roberto.mp3<\/a><\/audio>\n<p>&nbsp;<\/p>\n<p>&nbsp;<\/p>\n<p>***<\/p>\n<\/div>\n<\/div>\n<\/div>\n<\/div>\n","protected":false},"excerpt":{"rendered":"<p>PER\u00a0RICEVERE QUESTO NOTIZIARIO DIRETTAMENTE SUL TUO CELLULARE ISCRIVITI AL CANALE TELEGRAM\u00a0\u201cRADIO PIU\u00a0 INFORMAZIONE\u201d\u00a0 \u00a0 \u00a0\u00a0 VAX DAY BIS A CENCENIGHE,\u00a0 AL NOF FILO&#8217; CON VACCINO ASTRAZENECA La ULSS comunica che a causa della mancata fornitura dei previsti vaccini Johnson &amp; Johnson, OGGI le vaccinazioni al Nof Filo\u2019 verranno effettuate con il siero AstraZeneca. Per questo&hellip;<\/p>\n","protected":false},"author":4,"featured_media":210028,"comment_status":"closed","ping_status":"open","sticky":false,"template":"","format":"standard","meta":{"_monsterinsights_skip_tracking":false,"_monsterinsights_sitenote_active":false,"_monsterinsights_sitenote_note":"","_monsterinsights_sitenote_category":0,"footnotes":""},"categories":[1,86],"tags":[],"class_list":["post-209918","post","type-post","status-publish","format-standard","has-post-thumbnail","hentry","category-senza-categoria","category-gr","category-1","category-86","description-off"],"img_url":"https:\/\/www.radiopiu.net\/wordpress\/wp-content\/uploads\/2021\/05\/b9cc0a67-6663-40ab-be82-07040920fff2.jpg","_links":{"self":[{"href":"https:\/\/www.radiopiu.net\/wordpress\/wp-json\/wp\/v2\/posts\/209918","targetHints":{"allow":["GET"]}}],"collection":[{"href":"https:\/\/www.radiopiu.net\/wordpress\/wp-json\/wp\/v2\/posts"}],"about":[{"href":"https:\/\/www.radiopiu.net\/wordpress\/wp-json\/wp\/v2\/types\/post"}],"author":[{"embeddable":true,"href":"https:\/\/www.radiopiu.net\/wordpress\/wp-json\/wp\/v2\/users\/4"}],"replies":[{"embeddable":true,"href":"https:\/\/www.radiopiu.net\/wordpress\/wp-json\/wp\/v2\/comments?post=209918"}],"version-history":[{"count":0,"href":"https:\/\/www.radiopiu.net\/wordpress\/wp-json\/wp\/v2\/posts\/209918\/revisions"}],"wp:featuredmedia":[{"embeddable":true,"href":"https:\/\/www.radiopiu.net\/wordpress\/wp-json\/wp\/v2\/media\/210028"}],"wp:attachment":[{"href":"https:\/\/www.radiopiu.net\/wordpress\/wp-json\/wp\/v2\/media?parent=209918"}],"wp:term":[{"taxonomy":"category","embeddable":true,"href":"https:\/\/www.radiopiu.net\/wordpress\/wp-json\/wp\/v2\/categories?post=209918"},{"taxonomy":"post_tag","embeddable":true,"href":"https:\/\/www.radiopiu.net\/wordpress\/wp-json\/wp\/v2\/tags?post=209918"}],"curies":[{"name":"wp","href":"https:\/\/api.w.org\/{rel}","templated":true}]}}