{"id":209928,"date":"2021-05-17T01:59:16","date_gmt":"2021-05-16T23:59:16","guid":{"rendered":"https:\/\/www.radiopiu.net\/wordpress\/?p=209928"},"modified":"2021-05-17T05:52:01","modified_gmt":"2021-05-17T03:52:01","slug":"la-pandemia-in-brasile-e-il-racconto-di-un-emigrante-agordino","status":"publish","type":"post","link":"https:\/\/www.radiopiu.net\/wordpress\/la-pandemia-in-brasile-e-il-racconto-di-un-emigrante-agordino\/","title":{"rendered":"LA PANDEMIA IN BRASILE E IL RACCONTO DI UN EMIGRANTE AGORDINO"},"content":{"rendered":"<p><strong><a href=\"https:\/\/www.radiopiu.net\/wordpress\/la-pandemia-in-brasile-e-il-racconto-di-un-emigrante-agordino\/claucir-caus\/\" rel=\"attachment wp-att-209929\"><img loading=\"lazy\" decoding=\"async\" class=\"size-medium wp-image-209929 alignleft\" src=\"https:\/\/www.radiopiu.net\/wordpress\/wp-content\/uploads\/2021\/05\/Claucir-Caus-300x198.jpg\" alt=\"\" width=\"300\" height=\"198\" srcset=\"https:\/\/www.radiopiu.net\/wordpress\/wp-content\/uploads\/2021\/05\/Claucir-Caus-300x198.jpg 300w, https:\/\/www.radiopiu.net\/wordpress\/wp-content\/uploads\/2021\/05\/Claucir-Caus-1024x676.jpg 1024w, https:\/\/www.radiopiu.net\/wordpress\/wp-content\/uploads\/2021\/05\/Claucir-Caus-768x507.jpg 768w, https:\/\/www.radiopiu.net\/wordpress\/wp-content\/uploads\/2021\/05\/Claucir-Caus-1536x1015.jpg 1536w, https:\/\/www.radiopiu.net\/wordpress\/wp-content\/uploads\/2021\/05\/Claucir-Caus-2048x1353.jpg 2048w\" sizes=\"auto, (max-width: 300px) 100vw, 300px\" \/><\/a>di Luisa Manfroi<\/strong><\/p>\n<p>La pandemia di Covid-19 ha colpito a livello globale e non ha risparmiato nessun continente. \u00c8 di questi giorni la notizia che il virus ha raggiunto i campi base dell\u2019Everest, in Nepal. Non si pu\u00f2 dimenticare del resto il dramma che sta vivendo l\u2019India con record di casi che rendono la situazione fuori controllo ma anche altri stati, come il Brasile, stanno attraversando momenti difficili per il numero di contagi e vittime. Giornali e\u00a0 notiziari danno ogni giorno informazioni\u00a0 in proposito ma sentirle dalla\u00a0 voce di chi vive la quotidianit\u00e0 rende tutto pi\u00f9 concreto. A parlare della situazione in Brasile, molto diversa da quella nostra, \u00e8 Claucir Caus, avvocato e storico di Porto Alegre di origine bellunese e agordina. Il suo antenato, Angelo Manfroi era partito da Cencenighe con i suoi familiari nel dicembre 1881 alla volta del Brasile. Con lui la nuora Domenica Tremea, originaria di Lentiai e la nipote Maddalena, bisnonna di Claucir. Anche se lui \u00e8 nato oltre oceano,\u00a0 ha un forte legame con la terra da cui sono partiti i suoi avi e costante \u00e8 la ricerca e l\u2019approfondimento delle sue origini.\u00a0\u00a0 \u00ab<em>Qui in Brasile, venerd\u00ec 7 maggio abbiamo raggiunto il triste traguardo dei 420mila morti. La pandemia che ha causato la sua prima vittima il 12 marzo 2020 sul suolo brasiliano, \u00e8 cresciuta fino a raggiungere effetti inimmaginabili e mantiene una media di oltre 2.500 morti al giorno. Per tutto questo tempo \u00e8 abbastanza prevedibile il desiderio di gran parte della popolazione\u00a0 di potersi vaccinare, ma allo stesso tempo ci sono i negazionisti che ignorano la letalit\u00e0 della malattia e ne minimizzano le conseguenze.\u00bb Da quanto testimoniato da Claucir sembra che il presidente del Brasile conduca politiche pubbliche che boicottano le campagne di prevenzione e\u00a0 si generano conflitti diplomatici con i leader dei paesi produttori di vaccini, il che rende certamente difficile per il paese avere accesso alle forniture. \u00abNello stesso modo in cui i nostri leader scommettono sulle politiche negazioniste, inducono la popolazione a seguire metodi che non sono quelli raccomandati dalle organizzazioni mondiali di sanit\u00e0 pubblica, principalmente dell&#8217;Organizzazione mondiale della sanit\u00e0 (OMS)<\/em>.\u00bb Un esempio \u00e8 quello della citt\u00e0 di Manaus, capitale dello Stato dell&#8217;Amazzonia, dove si \u00e8 lasciato che la popolazione si contagiasse in modo da raggiungere l\u2019immunit\u00e0 collettiva. Le autorit\u00e0 sanitarie erano convinte che\u00a0 \u201cl\u2019immunit\u00e0 di gregge\u201d potesse fare da scudo rispetto alla diffusione del virus, ma non \u00e8 stato cos\u00ec visto che a febbraio la situazione nella popolosa citt\u00e0 amazzonica era fuori controllo a causa dei contagi. \u00ab<em>Qui a Porto Alegre, nello stato del Rio Grande do Sul, dove vivo, queste politiche sanitarie hanno creato attriti anche tra i difensori dell&#8217;isolamento sociale come mezzo di prevenzione. Io abito nel sud del Brasile, dove si trovano gli stati pi\u00f9 ricchi e il problema di affrontare la pandemia \u00e8 stato ridotto a due scelte: o adottiamo l&#8217;isolamento sociale per preservare la vita o scegliamo la libert\u00e0 totale per non perdere denaro. Una scelta tra la vita e il profitto. Purtroppo gran parte della popolazione del Rio Grande do Sul ha scelto di non adottare le regole di prevenzione e in questo momento abbiamo raggiunto le 26mila vittime. A Porto Alegre, la capitale del Rio Grande do Sul, la pi\u00f9 grande citt\u00e0 e capitale finanziaria dello stato, la situazione non potrebbe essere diversa. Qui abbiamo gli estremi della disuguaglianza sociale. Ci sono persone molto ricche (che sono meno in percentuale) e quelle che non possono nemmeno consumare un pasto quotidiano a causa del loro sfortunato stato di povert\u00e0. \u00c8 il quadro della disuguaglianza sociale presente nella maggior parte dei paesi del terzo mondo. Questo scenario, a causa della ridotta disponibilit\u00e0 di vaccini, ci ha portato a superare i 4.500 morti in citt\u00e0<\/em>.\u00bbNumeri che non hanno un volto, non hanno una storia, come riflette Claucir ma il dolore della perdita, quando queste persone smettono di vivere, danno il senso della tragedia. \u00ab<em>Per la pandemia ho perso otto cari amici. Sono persone che mancheranno a me e\u00a0 alle loro famiglie e che hanno avuto la vita interrotta per il disprezzo nei confronti della scienza da parte di chi governa i quali dovrebbero salvaguardare la salute dei cittadini. Mi addolora sapere che non rivedr\u00f2 mai pi\u00f9 Michele, Paulo Augusto, Alcides, Joana, Francisco, Marco, Ildegard e Giovanni. Amici con cui ho vissuto e condiviso le mie gioie, i miei desideri e i miei dispiaceri. Il negazionismo uccide. Solo vaccino e prevenzione salvano.<\/em>\u00bb<\/p>\n<p>&nbsp;<\/p>\n<p>&nbsp;<\/p>\n<p>&nbsp;<\/p>\n<p>****<\/p>\n","protected":false},"excerpt":{"rendered":"<p>di Luisa Manfroi La pandemia di Covid-19 ha colpito a livello globale e non ha risparmiato nessun continente. \u00c8 di questi giorni la notizia che il virus ha raggiunto i campi base dell\u2019Everest, in Nepal. Non si pu\u00f2 dimenticare del resto il dramma che sta vivendo l\u2019India con record di casi che rendono la situazione&hellip;<\/p>\n","protected":false},"author":4,"featured_media":209929,"comment_status":"closed","ping_status":"open","sticky":false,"template":"","format":"standard","meta":{"_monsterinsights_skip_tracking":false,"_monsterinsights_sitenote_active":false,"_monsterinsights_sitenote_note":"","_monsterinsights_sitenote_category":0,"footnotes":""},"categories":[51,49],"tags":[],"class_list":["post-209928","post","type-post","status-publish","format-standard","has-post-thumbnail","hentry","category-evidenza-top","category-news-18","category-51","category-49","description-off"],"img_url":"https:\/\/www.radiopiu.net\/wordpress\/wp-content\/uploads\/2021\/05\/Claucir-Caus-scaled.jpg","_links":{"self":[{"href":"https:\/\/www.radiopiu.net\/wordpress\/wp-json\/wp\/v2\/posts\/209928","targetHints":{"allow":["GET"]}}],"collection":[{"href":"https:\/\/www.radiopiu.net\/wordpress\/wp-json\/wp\/v2\/posts"}],"about":[{"href":"https:\/\/www.radiopiu.net\/wordpress\/wp-json\/wp\/v2\/types\/post"}],"author":[{"embeddable":true,"href":"https:\/\/www.radiopiu.net\/wordpress\/wp-json\/wp\/v2\/users\/4"}],"replies":[{"embeddable":true,"href":"https:\/\/www.radiopiu.net\/wordpress\/wp-json\/wp\/v2\/comments?post=209928"}],"version-history":[{"count":0,"href":"https:\/\/www.radiopiu.net\/wordpress\/wp-json\/wp\/v2\/posts\/209928\/revisions"}],"wp:featuredmedia":[{"embeddable":true,"href":"https:\/\/www.radiopiu.net\/wordpress\/wp-json\/wp\/v2\/media\/209929"}],"wp:attachment":[{"href":"https:\/\/www.radiopiu.net\/wordpress\/wp-json\/wp\/v2\/media?parent=209928"}],"wp:term":[{"taxonomy":"category","embeddable":true,"href":"https:\/\/www.radiopiu.net\/wordpress\/wp-json\/wp\/v2\/categories?post=209928"},{"taxonomy":"post_tag","embeddable":true,"href":"https:\/\/www.radiopiu.net\/wordpress\/wp-json\/wp\/v2\/tags?post=209928"}],"curies":[{"name":"wp","href":"https:\/\/api.w.org\/{rel}","templated":true}]}}