{"id":209938,"date":"2021-05-15T10:41:52","date_gmt":"2021-05-15T08:41:52","guid":{"rendered":"https:\/\/www.radiopiu.net\/wordpress\/?p=209938"},"modified":"2021-05-16T07:25:38","modified_gmt":"2021-05-16T05:25:38","slug":"riaperta-a-senso-unico-alternato-la-ex-sp-34-di-taier","status":"publish","type":"post","link":"https:\/\/www.radiopiu.net\/wordpress\/riaperta-a-senso-unico-alternato-la-ex-sp-34-di-taier\/","title":{"rendered":"RIAPERTA A SENSO UNICO ALTERNATO LA EX SP 34 DI TAIER"},"content":{"rendered":"<p><strong><a href=\"https:\/\/www.radiopiu.net\/wordpress\/riaperta-a-senso-unico-alternato-la-ex-sp-34-di-taier\/schermata-2021-05-15-alle-10-40-35\/\" rel=\"attachment wp-att-209939\"><img loading=\"lazy\" decoding=\"async\" class=\" wp-image-209939 alignleft\" src=\"https:\/\/www.radiopiu.net\/wordpress\/wp-content\/uploads\/2021\/05\/Schermata-2021-05-15-alle-10.40.35-300x207.png\" alt=\"\" width=\"122\" height=\"84\" srcset=\"https:\/\/www.radiopiu.net\/wordpress\/wp-content\/uploads\/2021\/05\/Schermata-2021-05-15-alle-10.40.35-300x207.png 300w, https:\/\/www.radiopiu.net\/wordpress\/wp-content\/uploads\/2021\/05\/Schermata-2021-05-15-alle-10.40.35-1024x706.png 1024w, https:\/\/www.radiopiu.net\/wordpress\/wp-content\/uploads\/2021\/05\/Schermata-2021-05-15-alle-10.40.35-768x530.png 768w, https:\/\/www.radiopiu.net\/wordpress\/wp-content\/uploads\/2021\/05\/Schermata-2021-05-15-alle-10.40.35-1536x1059.png 1536w, https:\/\/www.radiopiu.net\/wordpress\/wp-content\/uploads\/2021\/05\/Schermata-2021-05-15-alle-10.40.35.png 1766w\" sizes=\"auto, (max-width: 122px) 100vw, 122px\" \/><\/a>TAIBON<\/strong> Ben prima del previsto \u00e8 stata riaperta la strada comunale di Taier (ex SP34). Riaperta si ma in parte perch\u00e8 \u00e8 stato istituito un senso unico alternato regolato da semaforo per consentire il completamento dei lavori tra Via Col di Lana e la localit\u00e0 Taier. Il termine dei lavori \u00e8 programmato per il 31 maggio.<\/p>\n<p>&nbsp;<\/p>\n<p>&nbsp;<\/p>\n<p>&nbsp;<\/p>\n<p>&nbsp;<\/p>\n<p>****<\/p>\n","protected":false},"excerpt":{"rendered":"<p>TAIBON Ben prima del previsto \u00e8 stata riaperta la strada comunale di Taier (ex SP34). Riaperta si ma in parte perch\u00e8 \u00e8 stato istituito un senso unico alternato regolato da semaforo per consentire il completamento dei lavori tra Via Col di Lana e la localit\u00e0 Taier. Il termine dei lavori \u00e8 programmato per il 31&hellip;<\/p>\n","protected":false},"author":4,"featured_media":209939,"comment_status":"closed","ping_status":"open","sticky":false,"template":"","format":"standard","meta":{"_monsterinsights_skip_tracking":false,"_monsterinsights_sitenote_active":false,"_monsterinsights_sitenote_note":"","_monsterinsights_sitenote_category":0,"footnotes":""},"categories":[48,51,104,49],"tags":[],"class_list":["post-209938","post","type-post","status-publish","format-standard","has-post-thumbnail","hentry","category-alpenplus","category-evidenza-top","category-evidenza_3","category-news-18","category-48","category-51","category-104","category-49","description-off"],"img_url":"https:\/\/www.radiopiu.net\/wordpress\/wp-content\/uploads\/2021\/05\/Schermata-2021-05-15-alle-10.40.35.png","_links":{"self":[{"href":"https:\/\/www.radiopiu.net\/wordpress\/wp-json\/wp\/v2\/posts\/209938","targetHints":{"allow":["GET"]}}],"collection":[{"href":"https:\/\/www.radiopiu.net\/wordpress\/wp-json\/wp\/v2\/posts"}],"about":[{"href":"https:\/\/www.radiopiu.net\/wordpress\/wp-json\/wp\/v2\/types\/post"}],"author":[{"embeddable":true,"href":"https:\/\/www.radiopiu.net\/wordpress\/wp-json\/wp\/v2\/users\/4"}],"replies":[{"embeddable":true,"href":"https:\/\/www.radiopiu.net\/wordpress\/wp-json\/wp\/v2\/comments?post=209938"}],"version-history":[{"count":0,"href":"https:\/\/www.radiopiu.net\/wordpress\/wp-json\/wp\/v2\/posts\/209938\/revisions"}],"wp:featuredmedia":[{"embeddable":true,"href":"https:\/\/www.radiopiu.net\/wordpress\/wp-json\/wp\/v2\/media\/209939"}],"wp:attachment":[{"href":"https:\/\/www.radiopiu.net\/wordpress\/wp-json\/wp\/v2\/media?parent=209938"}],"wp:term":[{"taxonomy":"category","embeddable":true,"href":"https:\/\/www.radiopiu.net\/wordpress\/wp-json\/wp\/v2\/categories?post=209938"},{"taxonomy":"post_tag","embeddable":true,"href":"https:\/\/www.radiopiu.net\/wordpress\/wp-json\/wp\/v2\/tags?post=209938"}],"curies":[{"name":"wp","href":"https:\/\/api.w.org\/{rel}","templated":true}]}}