{"id":209963,"date":"2021-05-15T15:42:16","date_gmt":"2021-05-15T13:42:16","guid":{"rendered":"https:\/\/www.radiopiu.net\/wordpress\/?p=209963"},"modified":"2021-05-16T07:20:17","modified_gmt":"2021-05-16T05:20:17","slug":"nazionale-falcidiata-dal-covid-19-domani-la-partenza-per-riga","status":"publish","type":"post","link":"https:\/\/www.radiopiu.net\/wordpress\/nazionale-falcidiata-dal-covid-19-domani-la-partenza-per-riga\/","title":{"rendered":"NAZIONALE FALCIDIATA DAL COVID-19, DOMANI LA PARTENZA PER RIGA"},"content":{"rendered":"<p><strong><a href=\"https:\/\/www.radiopiu.net\/wordpress\/giornale-radiopiu-16-maggio-2021-direttore-mirko-mezzacasa\/e0534fb4-a984-b7b2-68f7-76c442513fbb-2\/\" rel=\"attachment wp-att-209962\"><img loading=\"lazy\" decoding=\"async\" class=\"size-medium wp-image-209962 alignleft\" src=\"https:\/\/www.radiopiu.net\/wordpress\/wp-content\/uploads\/2021\/05\/e0534fb4-a984-b7b2-68f7-76c442513fbb-1-300x192.jpg\" alt=\"\" width=\"300\" height=\"192\" srcset=\"https:\/\/www.radiopiu.net\/wordpress\/wp-content\/uploads\/2021\/05\/e0534fb4-a984-b7b2-68f7-76c442513fbb-1-300x192.jpg 300w, https:\/\/www.radiopiu.net\/wordpress\/wp-content\/uploads\/2021\/05\/e0534fb4-a984-b7b2-68f7-76c442513fbb-1-1024x655.jpg 1024w, https:\/\/www.radiopiu.net\/wordpress\/wp-content\/uploads\/2021\/05\/e0534fb4-a984-b7b2-68f7-76c442513fbb-1-768x491.jpg 768w, https:\/\/www.radiopiu.net\/wordpress\/wp-content\/uploads\/2021\/05\/e0534fb4-a984-b7b2-68f7-76c442513fbb-1.jpg 1200w\" sizes=\"auto, (max-width: 300px) 100vw, 300px\" \/><\/a>BOLZANO <\/strong>Onorare la maglia azzurra, rispettare fino in fondo i valori dello sport, dare l\u2019opportunit\u00e0 a ragazzi giovani e giovanissimi di confrontarsi con il meglio dell\u2019hockey su ghiaccio mondiale. Ecco gli obiettivi dell\u2019Italia che partir\u00e0 domani da Verona diretta a Riga, dove il 21 maggio inizieranno i Mondiali Top Division. Sar\u00e0 un Blue Team falcidiato dalle assenze in pista e anche in panchina, quello che salir\u00e0 sul volo per la Lettonia. Una squadra colpita duramente dagli infortuni e, soprattutto, dal Covid-19.\u00a0In totale, i casi di positivit\u00e0 sono stati 15, due dei quali sono rientrati grazie al superamento della malattia certificato da un test PCRnegativo. Rispetto alle convocazioni originarie, sono stati tagliati per scelta tecnica i seguenti giocatori: Simone Dadi\u00e8, Leonardo Felicetti, Enrico Larcher e Gianluca March. La lista dei giocatori attualmente positivi al Covid-19 \u00e8 piuttosto lunga, ed \u00e8 suddivisa tra coloro che sicuramente non potranno partecipare al Mondiale, e coloro che invece potrebbero aggregarsi alla squadra una volta negativizzati. Tra i primi vi sono il portiere Andreas Bernard e gli attaccanti Tommaso Traversa, Michele Marchetti e Matthias Mantinger, che non sono stati inseriti nella lista dei 28 inviata alla IIHF. Potrebbero invece entrare a far parte del roster a torneo in corso altri giocatori attualmente positivi al Covid-19: il portiere Jake Smith, i difensori Thomas Larkin, Enrico Miglioranzi e Alex Trivellato e l\u2019attaccante Markus Gander. Nella stessa situazione si trovano l\u2019head coach Greg Ireland e uno dei suoi assistenti, Riku-Petteri Lehtonen. Ireland continuer\u00e0 a svolgere, nei limiti del possibile, il suo ruolo di capo-allenatore da remoto, per l\u2019inizio dell\u2019avventura mondiale la squadra sar\u00e0 guidata in panchina da Giorgio De Bettin, Fabio Armani e dall\u2019allenatore dei portieri, lo svedese Peter Andersson.<\/p>\n<p>&nbsp;<\/p>\n<p>&nbsp;<\/p>\n<p>&nbsp;<\/p>\n<p>***<\/p>\n","protected":false},"excerpt":{"rendered":"<p>BOLZANO Onorare la maglia azzurra, rispettare fino in fondo i valori dello sport, dare l\u2019opportunit\u00e0 a ragazzi giovani e giovanissimi di confrontarsi con il meglio dell\u2019hockey su ghiaccio mondiale. Ecco gli obiettivi dell\u2019Italia che partir\u00e0 domani da Verona diretta a Riga, dove il 21 maggio inizieranno i Mondiali Top Division. Sar\u00e0 un Blue Team falcidiato&hellip;<\/p>\n","protected":false},"author":4,"featured_media":209962,"comment_status":"closed","ping_status":"open","sticky":false,"template":"","format":"standard","meta":{"_monsterinsights_skip_tracking":false,"_monsterinsights_sitenote_active":false,"_monsterinsights_sitenote_note":"","_monsterinsights_sitenote_category":0,"footnotes":""},"categories":[48,104,49,72],"tags":[],"class_list":["post-209963","post","type-post","status-publish","format-standard","has-post-thumbnail","hentry","category-alpenplus","category-evidenza_3","category-news-18","category-sport","category-48","category-104","category-49","category-72","description-off"],"img_url":"https:\/\/www.radiopiu.net\/wordpress\/wp-content\/uploads\/2021\/05\/e0534fb4-a984-b7b2-68f7-76c442513fbb-1.jpg","_links":{"self":[{"href":"https:\/\/www.radiopiu.net\/wordpress\/wp-json\/wp\/v2\/posts\/209963","targetHints":{"allow":["GET"]}}],"collection":[{"href":"https:\/\/www.radiopiu.net\/wordpress\/wp-json\/wp\/v2\/posts"}],"about":[{"href":"https:\/\/www.radiopiu.net\/wordpress\/wp-json\/wp\/v2\/types\/post"}],"author":[{"embeddable":true,"href":"https:\/\/www.radiopiu.net\/wordpress\/wp-json\/wp\/v2\/users\/4"}],"replies":[{"embeddable":true,"href":"https:\/\/www.radiopiu.net\/wordpress\/wp-json\/wp\/v2\/comments?post=209963"}],"version-history":[{"count":0,"href":"https:\/\/www.radiopiu.net\/wordpress\/wp-json\/wp\/v2\/posts\/209963\/revisions"}],"wp:featuredmedia":[{"embeddable":true,"href":"https:\/\/www.radiopiu.net\/wordpress\/wp-json\/wp\/v2\/media\/209962"}],"wp:attachment":[{"href":"https:\/\/www.radiopiu.net\/wordpress\/wp-json\/wp\/v2\/media?parent=209963"}],"wp:term":[{"taxonomy":"category","embeddable":true,"href":"https:\/\/www.radiopiu.net\/wordpress\/wp-json\/wp\/v2\/categories?post=209963"},{"taxonomy":"post_tag","embeddable":true,"href":"https:\/\/www.radiopiu.net\/wordpress\/wp-json\/wp\/v2\/tags?post=209963"}],"curies":[{"name":"wp","href":"https:\/\/api.w.org\/{rel}","templated":true}]}}