{"id":210105,"date":"2021-05-18T05:30:31","date_gmt":"2021-05-18T03:30:31","guid":{"rendered":"https:\/\/www.radiopiu.net\/wordpress\/?p=210105"},"modified":"2021-05-18T06:06:12","modified_gmt":"2021-05-18T04:06:12","slug":"giornale-radiopiu-18-maggio-2021-direttore-mirko-mezzacasa","status":"publish","type":"post","link":"https:\/\/www.radiopiu.net\/wordpress\/giornale-radiopiu-18-maggio-2021-direttore-mirko-mezzacasa\/","title":{"rendered":"GIORNALE RADIOPIU 18 MAGGIO 2021 DIRETTORE MIRKO MEZZACASA"},"content":{"rendered":"<p><em><a href=\"https:\/\/www.radiopiu.net\/wordpress\/giornale-radiopiu-24-gennaio-2021-direttore-mirko-mezzacasa\/79216601_126817312416448_708980208774483089_n\/\" rel=\"attachment wp-att-186567\"><img loading=\"lazy\" decoding=\"async\" class=\"size-medium wp-image-186567 alignleft\" src=\"https:\/\/www.radiopiu.net\/wordpress\/wp-content\/uploads\/2021\/01\/79216601_126817312416448_708980208774483089_n-300x114.jpg\" sizes=\"auto, (max-width: 300px) 100vw, 300px\" srcset=\"https:\/\/www.radiopiu.net\/wordpress\/wp-content\/uploads\/2021\/01\/79216601_126817312416448_708980208774483089_n-300x114.jpg 300w, https:\/\/www.radiopiu.net\/wordpress\/wp-content\/uploads\/2021\/01\/79216601_126817312416448_708980208774483089_n-768x292.jpg 768w, https:\/\/www.radiopiu.net\/wordpress\/wp-content\/uploads\/2021\/01\/79216601_126817312416448_708980208774483089_n.jpg 820w\" alt=\"\" width=\"300\" height=\"114\" \/><\/a><\/em><\/p>\n<p><em>\u00a0A<\/em><em>PP PER IOS-IPHONE di Nicola Vettorello <\/em><a href=\"https:\/\/apps.apple.com\/it\/app\/radio-pi%C3%B9-emittente-agordina\/id1515939845\">https:\/\/apps.apple.com\/it\/app\/radio-pi%C3%B9-emittente-agordina\/id1515939845<\/a><\/p>\n<p><em>ATTENZIONE: LA NUOVA APP RADIO\u00a0 PER ANDROID di Nicola Vettorello<\/em><\/p>\n<p><a href=\"https:\/\/play.google.com\/store\/apps\/details?id=net.radiopiu.iniko\" target=\"_blank\" rel=\"noopener noreferrer\">https:\/\/play.google.com\/store\/apps\/details?id=net.radiopiu.iniko<\/a><\/p>\n<p>&nbsp;<\/p>\n<h3><span style=\"color: #0000ff;\">PER<strong>\u00a0RICEVERE QUESTO NOTIZIARIO DIRETTAMENTE SUL TUO CELLULARE ISCRIVITI AL CANALE TELEGRAM\u00a0<\/strong><strong>\u201cRADIO PIU\u00a0 INFORMAZIONE\u201d\u00a0 \u00a0<\/strong><\/span><\/h3>\n<p>&nbsp;<\/p>\n<hr \/>\n<p>&nbsp;<\/p>\n<blockquote>\n<h3>LA NUOVA APP PER LE PRENOTAZIONI&#8230;A CHILOMETRI ZERO<\/h3>\n<\/blockquote>\n<p><strong><span style=\"color: #800000;\">TUTORIAL\u00a0<\/span><\/strong><\/p>\n<div style=\"width: 848px;\" class=\"wp-video\"><video class=\"wp-video-shortcode\" id=\"video-210105-1\" width=\"848\" height=\"480\" preload=\"metadata\" controls=\"controls\"><source type=\"video\/mp4\" src=\"https:\/\/www.radiopiu.net\/wordpress\/wp-content\/uploads\/2021\/05\/WhatsApp-Video-2021-05-14-at-14.42.21.mp4?_=1\" \/><a href=\"https:\/\/www.radiopiu.net\/wordpress\/wp-content\/uploads\/2021\/05\/WhatsApp-Video-2021-05-14-at-14.42.21.mp4\">https:\/\/www.radiopiu.net\/wordpress\/wp-content\/uploads\/2021\/05\/WhatsApp-Video-2021-05-14-at-14.42.21.mp4<\/a><\/video><\/div>\n<p>&nbsp;<\/p>\n<p>&nbsp;<\/p>\n<hr \/>\n<p>&nbsp;<\/p>\n<h2 style=\"text-align: center;\">RITORNANO LE ZONE BIANCHE. IL VENETO DAL 7 GIUGNO<\/h2>\n<p><strong><a href=\"https:\/\/www.radiopiu.net\/wordpress\/dal-26-aprile-ritorna-la-zona-gialla-si-ai-ristoranti-allaperto\/draghi-mascherina\/\" rel=\"attachment wp-att-203899\"><img loading=\"lazy\" decoding=\"async\" class=\"size-medium wp-image-203899 alignleft\" src=\"https:\/\/www.radiopiu.net\/wordpress\/wp-content\/uploads\/2021\/04\/DRAGHI-MASCHERINA-300x200.jpg\" alt=\"\" width=\"300\" height=\"200\" srcset=\"https:\/\/www.radiopiu.net\/wordpress\/wp-content\/uploads\/2021\/04\/DRAGHI-MASCHERINA-300x200.jpg 300w, https:\/\/www.radiopiu.net\/wordpress\/wp-content\/uploads\/2021\/04\/DRAGHI-MASCHERINA-768x512.jpg 768w, https:\/\/www.radiopiu.net\/wordpress\/wp-content\/uploads\/2021\/04\/DRAGHI-MASCHERINA.jpg 1024w\" sizes=\"auto, (max-width: 300px) 100vw, 300px\" \/><\/a>ROMA <\/strong>Dal 1 giugno Friuli Venezia Giulia, Molise e Sardegna saranno zona bianca, in queste regioni non ci sar\u00e0 il coprifuoco. \u00c8 la decisione presa nella cabina di regia. Dal 7 giugno anche Abruzzo, Veneto e Liguria avranno questi parametri. Nelle regioni in zona bianca varranno solo le regole di comportamento, tra cui l&#8217;obbligo della mascherina e di rispettare il distanziamento. Per quanto riguarda la zona gialla si prevedono riaperture e graduale abolizione del coprifuoco. In zona gialla il coprifuoco ci sara&#8217; dalle ore 23.00 a partire da subito, dalle ore 24.00 a partire dal 7 giugno. Il superamento totale del coprifuoco ci sara&#8217; dal 21 giugno. Dal 1 giugno sar\u00e0 consentito anche al chiuso il consumo al tavolo, dalle ore 5:00 alle ore 18:00. E&#8217; la proposta che emerge al termine della cabina di regia politica sulle misure anti-Covid che si \u00e8 tenuta prima del Cdm. Riapertura dei ristoranti al chiuso sar\u00e0 prevista anche la sera dal 1 giugno.\u00a0 Aperture delle palestre il 24 maggio, quella delle piscine al chiuso il 1 luglio. \u00c8 quanto prevede, si apprende da fonti di governo. Secondo lo stesso cronoprogramma l&#8217;apertura dei parchi tematici \u00e8 prevista il 15 giugno. Draghi: \u00abRiaperture graduali per monitorare effetti\u00bb.<\/p>\n<p><strong>IL CALENDARIO DELLE RIAPERTURE<\/strong><\/p>\n<p>Dal 1 giugno FVG, Molise e Sardegna in zona bianca, dove non \u00e8 pi\u00f9 previsto il coprifuoco. Dal 7 giugno zona bianca anche Abruzzo, Veneto e Liguria;<br \/>\nIn zona gialla previsto coprifuoco dalle 23 da subito, mentre dal 7 giugno sar\u00e0 spostato alle 24. Abolito totalmente dal 21 giugno; Dal 1 giugno sar\u00e0 consentito consumo anche al chiuso al tavolo dalle 5:00 alle 18. La riapertura dei ristoranti al chiuso sar\u00e0 prevista anche la sera dal 1 giugno; Aperture palestre il 24 maggio, mentre piscine al chiuso il 1 luglio. Apertura parchi tematici prevista per il 15 giugno; Da 1\/6 pubblico in stadi al 25% della capienza. Ok sale giochi e scommesse da 1 luglio. Da 15\/6 feste matrimoni solo con pass verde. Attivit\u00e0 centri culturali sociali e ricreativi da 1\/6. Restano chiuse le discoteche; Centri commerciali e mercati nelle giornate festive e prefestive riapriranno a partire dal 22 maggio;<br \/>\nPer finale Coppa Italia del 19 maggio deroga ad hoc: con pubblico e senza coprifuoco.<\/p>\n<p>&nbsp;<\/p>\n<blockquote>\n<h3 style=\"text-align: left;\">RIAPERTURE, BUSSONE (UNCEM): BENE GOVERNO SU IMPIANTI DI RISALITA E PARCHI DIVERTIMENTO<\/h3>\n<p style=\"text-align: left;\">di Marco Bussone, Presidente nazionale Uncem, Unione dei Comuni, delle Comunit\u00e0 e degli Enti montani.<\/p>\n<p style=\"text-align: left;\"><a href=\"https:\/\/www.radiopiu.net\/wordpress\/giornale-radiopiu-18-maggio-2021-direttore-mirko-mezzacasa\/argentera_ferrere-10\/\" rel=\"attachment wp-att-210405\"><img loading=\"lazy\" decoding=\"async\" class=\"size-medium wp-image-210405 alignleft\" src=\"https:\/\/www.radiopiu.net\/wordpress\/wp-content\/uploads\/2021\/05\/argentera_ferrere-300x114.jpg\" alt=\"\" width=\"300\" height=\"114\" srcset=\"https:\/\/www.radiopiu.net\/wordpress\/wp-content\/uploads\/2021\/05\/argentera_ferrere-300x114.jpg 300w, https:\/\/www.radiopiu.net\/wordpress\/wp-content\/uploads\/2021\/05\/argentera_ferrere-768x293.jpg 768w, https:\/\/www.radiopiu.net\/wordpress\/wp-content\/uploads\/2021\/05\/argentera_ferrere.jpg 865w\" sizes=\"auto, (max-width: 300px) 100vw, 300px\" \/><\/a><em>&#8220;\u00c8 positivo che gli impianti di risalita dei territori montani possano riaprire il 22 maggio, tra le prime attivit\u00e0 che ripartono a seguito del Decreto varato oggi dal Governo. Una positiva soluzione che vedr\u00e0 impegnati i gestori e i proprietari degli impianti, nei prossimi giorni, ha pianificare l&#8217;estate. In fondo \u00e8 ormai da anni che gli impiantisti puntano, d&#8217;intesa con Comuni e strutture ricettive, su una destagionalizzazione del turismo, con un&#8217;offerta per salire in quota, con bici ed e-bike a esempio, anche estiva. Bene l&#8217;anticipo dei Parchi tematici il 15 giugno,\u00a0che in base al vecchio decreto dovevano riaprire il 1\u00b0 luglio, insieme con i convegni e i congressi. Sui parchi tematici, moltissimi Sindaci avevano chiesto tramite Uncem un anticipo delle aperture, ora concesso dal Decreto del Governo&#8221;<\/em>.<\/p>\n<\/blockquote>\n<p>&nbsp;<\/p>\n<hr \/>\n<p>&nbsp;<\/p>\n<p>&nbsp;<\/p>\n<blockquote>\n<h3><a href=\"https:\/\/www.radiopiu.net\/wordpress\/giornale-radiopiu-18-maggio-2021-direttore-mirko-mezzacasa\/172150248_4278974318803349_7704320440210903719_n\/\" rel=\"attachment wp-att-210285\"><img loading=\"lazy\" decoding=\"async\" class=\" wp-image-210285 alignleft\" src=\"https:\/\/www.radiopiu.net\/wordpress\/wp-content\/uploads\/2021\/05\/172150248_4278974318803349_7704320440210903719_n-300x138.jpg\" alt=\"\" width=\"246\" height=\"113\" srcset=\"https:\/\/www.radiopiu.net\/wordpress\/wp-content\/uploads\/2021\/05\/172150248_4278974318803349_7704320440210903719_n-300x138.jpg 300w, https:\/\/www.radiopiu.net\/wordpress\/wp-content\/uploads\/2021\/05\/172150248_4278974318803349_7704320440210903719_n-768x354.jpg 768w, https:\/\/www.radiopiu.net\/wordpress\/wp-content\/uploads\/2021\/05\/172150248_4278974318803349_7704320440210903719_n.jpg 960w\" sizes=\"auto, (max-width: 246px) 100vw, 246px\" \/><\/a>LE INIZIATIVE DEL CUORE, PER TOMMASO DAL SORRISO CONTAGIOSO<\/h3>\n<p><strong>BELLUNO<\/strong> Viviana e Renato in coppia nella vita, nel lavoro insegnando SpineYoga\u00a0 e nella vendita per beneficenza di cinghiette per facilitare le posizioni a chi \u00e8 poco elastico ad un prezzo simbolico di\u00a0 10euro. Iniziativa che ha fruttato\u00a0 1500 euro tra i corsisti di san Gregorio nelle Alpi e i praticanti del Circolo Ospedaliero de\u00a0 San Martino di Belluno. Parte della cifra \u00e8 integrata dalla\u00a0 beneficenza\u00a0 della famiglia Cervo.<em> &#8220;Finalmente &#8211; dice Viviana &#8211; dopo tutte queste chiusure riusciamo a consegnare la somma alla famiglia Cella di Limana per Tommaso. Bambino colpito da grave disabilit\u00e0 dal sorriso disarmante e coinvolgente. La consegna sabato alle 14:30\u00a0 alla palestra del CORC ex pediatria.<\/em><\/p><\/blockquote>\n<p>&nbsp;<\/p>\n<p>&nbsp;<\/p>\n<hr \/>\n<p>&nbsp;<\/p>\n<p>&nbsp;<\/p>\n<h3><a href=\"https:\/\/www.radiopiu.net\/wordpress\/giornale-radiopiu-13-maggio-2021-direttore-mirko-mezzacasa\/343614be-a1f6-4d4a-9b92-950e5b1c1ee9\/\" rel=\"attachment wp-att-209422\"><img loading=\"lazy\" decoding=\"async\" class=\"size-full wp-image-209422 alignleft\" src=\"https:\/\/www.radiopiu.net\/wordpress\/wp-content\/uploads\/2021\/05\/343614be-a1f6-4d4a-9b92-950e5b1c1ee9.jpg\" alt=\"\" width=\"90\" height=\"67\" \/><\/a> A\u00a0 BERTOI DI VOLTAGO ACQUA INQUINATA<\/h3>\n<p>a VOLTAGO AGORDINO in LOCALITA&#8217; BERTOI, l&#8217;acqua erogata dall&#8217;acquedotto non \u00e8 potabile e pu\u00f2 essere usata per scopi alimentari SOLO PREVIA bollitura.<\/p>\n<p>&nbsp;<\/p>\n<p>&nbsp;<\/p>\n<hr \/>\n<p>&nbsp;<\/p>\n<blockquote>\n<h3><a href=\"https:\/\/www.radiopiu.net\/wordpress\/giornale-radiopiu-06-maggio-2021-direttore-mirko-mezzacasa\/enel-2\/\" rel=\"attachment wp-att-207692\"><img loading=\"lazy\" decoding=\"async\" class=\"wp-image-207692 alignleft\" src=\"https:\/\/www.radiopiu.net\/wordpress\/wp-content\/uploads\/2021\/05\/enel-300x199.jpg\" alt=\"\" width=\"142\" height=\"94\" srcset=\"https:\/\/www.radiopiu.net\/wordpress\/wp-content\/uploads\/2021\/05\/enel-300x199.jpg 300w, https:\/\/www.radiopiu.net\/wordpress\/wp-content\/uploads\/2021\/05\/enel-1024x681.jpg 1024w, https:\/\/www.radiopiu.net\/wordpress\/wp-content\/uploads\/2021\/05\/enel-768x510.jpg 768w, https:\/\/www.radiopiu.net\/wordpress\/wp-content\/uploads\/2021\/05\/enel-1536x1021.jpg 1536w, https:\/\/www.radiopiu.net\/wordpress\/wp-content\/uploads\/2021\/05\/enel.jpg 1920w\" sizes=\"auto, (max-width: 142px) 100vw, 142px\" \/><\/a>INTERRUZIONI ENEL PROGRAMMATE PER LAVORI ALLE LINEE ELETTRICHE E SUGLI SCHIANTI DI VAIA<\/h3>\n<p><strong>Interruzione di energia elettrica\u00a0 DOMANI alle 8 alle 13 ad Alleghe nelle vie: Pascoli, Pace, Corso Venezia e Pini.\u00a0 Previsti i recuperi delle linee dimesse e in contemporanea al rifacimento\u00a0 della cabina.\u00a0 Da martedi\u00a0 elicottero in volo&#8230;\u00a0<\/strong><\/p><\/blockquote>\n<p>&nbsp;<\/p>\n<p>&nbsp;<\/p>\n<hr \/>\n<p>&nbsp;<\/p>\n<div>\n<blockquote>\n<h3 class=\"page-title-head hgroup\">RIAPERTA A SENSO UNICO ALTERNATO LA EX SP 34 DI TAIER<\/h3>\n<\/blockquote>\n<p><strong><a href=\"https:\/\/www.radiopiu.net\/wordpress\/riaperta-a-senso-unico-alternato-la-ex-sp-34-di-taier\/schermata-2021-05-15-alle-10-40-35\/\" rel=\"attachment wp-att-209939\"><img loading=\"lazy\" decoding=\"async\" class=\" wp-image-209939 alignleft\" src=\"https:\/\/www.radiopiu.net\/wordpress\/wp-content\/uploads\/2021\/05\/Schermata-2021-05-15-alle-10.40.35-300x207.png\" alt=\"\" width=\"122\" height=\"84\" srcset=\"https:\/\/www.radiopiu.net\/wordpress\/wp-content\/uploads\/2021\/05\/Schermata-2021-05-15-alle-10.40.35-300x207.png 300w, https:\/\/www.radiopiu.net\/wordpress\/wp-content\/uploads\/2021\/05\/Schermata-2021-05-15-alle-10.40.35-1024x706.png 1024w, https:\/\/www.radiopiu.net\/wordpress\/wp-content\/uploads\/2021\/05\/Schermata-2021-05-15-alle-10.40.35-768x530.png 768w, https:\/\/www.radiopiu.net\/wordpress\/wp-content\/uploads\/2021\/05\/Schermata-2021-05-15-alle-10.40.35-1536x1059.png 1536w, https:\/\/www.radiopiu.net\/wordpress\/wp-content\/uploads\/2021\/05\/Schermata-2021-05-15-alle-10.40.35.png 1766w\" sizes=\"auto, (max-width: 122px) 100vw, 122px\" \/><\/a>TAIBON<\/strong> Ben prima del previsto \u00e8 stata riaperta la strada comunale di Taier (ex SP34). Riaperta si ma in parte perch\u00e8 \u00e8 stato istituito un senso unico alternato regolato da semaforo per consentire il completamento dei lavori tra Via Col di Lana e la localit\u00e0 Taier.<\/p>\n<p><b>\u00a0<\/b><strong>PROVINCIALE 10 DI ALANO, LOC. LE SORGENTI<\/strong>\u00a0interruzione totale alla viabilit\u00e0 fino al 19 maggio, dalle 8 alle 12 e dalle 13 alle 18, esclusi sabato e domenica<\/p>\n<\/div>\n<p>&nbsp;<\/p>\n<hr \/>\n<p>&nbsp;<\/p>\n<blockquote>\n<h2>TRISTEZZA IMMENSA PER LA SCOMPARSA DI RITA CASERA<\/h2>\n<\/blockquote>\n<p><strong><a href=\"https:\/\/www.radiopiu.net\/wordpress\/tristezza-immensa-per-la-scomparsa-di-rita\/51e7863c-bd43-425b-a296-9039e377ad00\/\" rel=\"attachment wp-att-210234\"><img loading=\"lazy\" decoding=\"async\" class=\" wp-image-210234 alignleft\" src=\"https:\/\/www.radiopiu.net\/wordpress\/wp-content\/uploads\/2021\/05\/51e7863c-bd43-425b-a296-9039e377ad00-169x300.jpg\" alt=\"\" width=\"100\" height=\"178\" srcset=\"https:\/\/www.radiopiu.net\/wordpress\/wp-content\/uploads\/2021\/05\/51e7863c-bd43-425b-a296-9039e377ad00-169x300.jpg 169w, https:\/\/www.radiopiu.net\/wordpress\/wp-content\/uploads\/2021\/05\/51e7863c-bd43-425b-a296-9039e377ad00-576x1024.jpg 576w, https:\/\/www.radiopiu.net\/wordpress\/wp-content\/uploads\/2021\/05\/51e7863c-bd43-425b-a296-9039e377ad00-768x1365.jpg 768w, https:\/\/www.radiopiu.net\/wordpress\/wp-content\/uploads\/2021\/05\/51e7863c-bd43-425b-a296-9039e377ad00-864x1536.jpg 864w, https:\/\/www.radiopiu.net\/wordpress\/wp-content\/uploads\/2021\/05\/51e7863c-bd43-425b-a296-9039e377ad00.jpg 1080w\" sizes=\"auto, (max-width: 100px) 100vw, 100px\" \/><\/a>TAIBON_VOLTAGO<\/strong> Tristezza immensa ai piedi dell&#8217;Agner tanto a Voltago dove 54 anni fa Rita Casera \u00e8 nata e cresciuta che a Taibon in localit\u00e0 campagna, luogo scelto per una vita con il marito Valter Paganin, i figli Martina, Nicolo&#8217; e Gianluca. Se n&#8217;\u00e8 andata in silenzio amorevolmente assistita dai sui cari, lasciando nel dolore i genitori, il fratello le sorelle, cognate, cognati e nipoti. I funerali oggi\u00a0 alle 14.30 nella chiesa di Voltago Agordino.<\/p>\n<p>La famiglia porge un ringraziamento al dottor Paolo Fadig\u00e0 per la amorevoli cure prestate.<\/p>\n<p>&nbsp;<\/p>\n<p>&nbsp;<\/p>\n<p>&nbsp;<\/p>\n<p>&nbsp;<\/p>\n<hr \/>\n<div class=\"page-title-head hgroup\">\n<h3 class=\"entry-title\"><\/h3>\n<blockquote>\n<h3>MALTRATTAMENTI FAMIGLIARI, 3 ANNI DI CONDANNA PER L&#8217;UOMO GIA&#8217; IN CARCERE A TORINO<\/h3>\n<\/blockquote>\n<p><strong><img loading=\"lazy\" decoding=\"async\" class=\"alignleft\" src=\"https:\/\/www.radiopiu.net\/wordpress\/wp-content\/uploads\/2020\/11\/ff410afc-8b0c-46c0-a4de-45a8768c3343.jpg\" width=\"209\" height=\"134\" \/>BELLUNO<\/strong> S&#8217;aggrava la posizione di R.D.B. 56anni gi\u00e0 recluso in carcere a Torino per la nota vicenda della &#8220;coca&#8221; al Bar. I Carabinieri del Nucleo Operativo di Belluno hanno infatti eseguito un nuovo ordine di carcerazione (tre anni di reclusione)\u00a0 per il reato di maltrattamenti in famiglia aggravati. Una vicenda che prende le mosse nel 2017 a seguito di una segnalazione di un istituto superiore bellunese per una situazione anomala all&#8217;interno della famiglia dell&#8217;uomo,\u00a0 portata a galla da un figlio. Dapprima \u00e8 scattato l&#8217;allontanamento famigliare dell&#8217;uomo,\u00a0 quindi la raccolta degli elementi per il processo. Nell&#8217;udienza del 2019 la condanna a 3 anni perch\u00e9 <em>&#8220;con una pluralit\u00e0 di condotte criminose, anche sotto l effetto di sostanze alcoliche, tutte lesive dell&#8217;integrit\u00e0 fisica e morale delle persone offese, commetteva reiterate violenze fisiche e psicologiche nei confronti della moglie e dei figli&#8230;&#8221;<\/em><\/p>\n<p>&nbsp;<\/p>\n<p>&nbsp;<\/p>\n<hr \/>\n<p>&nbsp;<\/p>\n<blockquote>\n<h3>TRE NUOVE POSITIVITA&#8217; NELLE ULTIME 24 ORE IN ULSS 1 DOLOMITI, NESSUN DECESSO<\/h3>\n<\/blockquote>\n<p><strong>BELLUNO <\/strong>Nelle ultime 24 ore non sono stati registrati decessi di persone covid positive. Tre i nuovi positivi in Ulss 1 Dolomiti, 320 le persone attualmente positive.<\/p>\n<p>Le persone attualmente POSITIVE ricoverate negli ospedali dell\u2019Ulss Dolomiti sono:<\/p>\n<table>\n<tbody>\n<tr>\n<td width=\"217\"><strong>\u00a0<\/strong><\/td>\n<td width=\"217\"><strong>Area NON CRITICA<\/strong><\/td>\n<td width=\"217\"><strong>Terapia Intensiva<\/strong><\/td>\n<\/tr>\n<tr>\n<td width=\"217\"><strong>Ospedale di Belluno <\/strong><\/td>\n<td width=\"217\">8<\/td>\n<td width=\"217\">0<\/td>\n<\/tr>\n<tr>\n<td width=\"217\"><strong>Ospedale di Feltre<\/strong><\/td>\n<td width=\"217\">9<\/td>\n<td width=\"217\">0<\/td>\n<\/tr>\n<\/tbody>\n<\/table>\n<p>Le persone attualmente POSITIVE ricoverate in Ospedale di Comunit\u00e0 sono:<\/p>\n<table>\n<tbody>\n<tr>\n<td width=\"326\"><strong>\u00a0<\/strong><\/td>\n<td width=\"326\"><strong>pazienti attualmente positivi<\/strong><\/td>\n<\/tr>\n<tr>\n<td width=\"326\"><strong>Ospedale di Comunit\u00e0 di FELTRE<\/strong><\/td>\n<td width=\"326\">7<\/td>\n<\/tr>\n<\/tbody>\n<\/table>\n<p>&nbsp;<\/p>\n<p>Ad oggi sono stati somministrati in Ulss Dolomiti sono circa 108 mila dosi di vaccino anti covid. I cicli completi sono circa 32 mila. Per facilitare l\u2019adesione alla campagna vaccinale, sono state organizzate alcune sedute con<strong> ACCESSO LIBERO<\/strong> (senza prenotazione) SOLO per<strong> persone con 60 e pi\u00f9 anni<\/strong> con vaccino Vaxzevria, in modalit\u00e0 drive in nelle seguenti sedi, giornate e orari: <strong>Tai di Cadore<\/strong>: mercoled\u00ec 19 maggio dalle 15.30 alle 17.30, <strong>Feltre<\/strong>: gioved\u00ec 20 maggio dalle ore 10.00 alle ore 17.30, <strong>Agordo<\/strong>: sabato 22 maggio dalle 15.00 alle 17.00, <strong>Paludi<\/strong>: domenica 23 maggio dalle 10.00 alle 13.00.<\/p>\n<p>&nbsp;<\/p>\n<p>&nbsp;<\/p>\n<hr \/>\n<p>&nbsp;<\/p>\n<blockquote>\n<h2><img loading=\"lazy\" decoding=\"async\" class=\"alignleft\" src=\"https:\/\/www.radiopiu.net\/wordpress\/wp-content\/uploads\/2021\/04\/060d4415-b732-4ec2-981e-b9f7bac70597-1.jpg\" width=\"265\" height=\"223\" \/>RIVAMONTE UNICO COMUNE PIU&#8217; CONTAGIATO DELLA PROVINCIA, AUMENTANO I COMUNI &#8220;BIANCHI&#8221;<\/h2>\n<h3>\u00a0&#8220;SONO NUMERI DA ZONA BIANCA&#8221; DICE IL DOTTOR CINQUETTI, 42 COMUNI SENZA NUOVI CASI.<\/h3>\n<\/blockquote>\n<p><em>Ulss1 Belluno, tamponi da inizio epidemia:\u00a0 265 mila tamponi molecolari, 188 mila tamponi antigenici.<\/em><\/p>\n<p><strong>BELLUNO<\/strong> Nella Ulss1 Dolomiti tra il 19 e il 25 aprile l&#8217;incidenza \u00e8 scesa a 32 su 100 mila abitanti (soglia d&#8217;allarme 250).\u00a0 La curva epidemica relativa alla seconda e terza fase dello sviluppo pandemico nel nostro territorio mette in evidenza\u00a0 la continuazione dell\u2019andamento discendente della curva stessa. Solo un Comune, Rivamonte, presenta un&#8217;\u00ecncidenza alta (251-500 casi ogni 100 mila abitanti), Sempre di pi\u00f9 i Comuni bianchi ovvero che non hanno registrato contagi negli ultimi sette giorni.<\/p>\n<blockquote><p>&nbsp;<\/p><\/blockquote>\n<p>&nbsp;<\/p>\n<p><strong>IN SEQUENZA L&#8217;ANDAMENTO DELLE ULTIME 6\u00a0 SETTIMANE<\/strong><\/p>\n<p><strong><img loading=\"lazy\" decoding=\"async\" class=\"\" src=\"https:\/\/www.radiopiu.net\/wordpress\/wp-content\/uploads\/2021\/05\/710a973d-e368-4401-930f-b90c9979890b.jpg\" width=\"147\" height=\"159\" \/><\/strong><a href=\"https:\/\/www.radiopiu.net\/wordpress\/covid-in-provincia-il-punto-della-ulss-1-dolomiti-in-agordino-nuovi-casi-ad-agordo-voltago-la-valle-falcade-e-livinallongo\/2-84\/\" rel=\"attachment wp-att-207391\"><img loading=\"lazy\" decoding=\"async\" class=\"alignnone wp-image-207391 \" src=\"https:\/\/www.radiopiu.net\/wordpress\/wp-content\/uploads\/2021\/05\/2.jpg\" alt=\"\" width=\"157\" height=\"162\" srcset=\"https:\/\/www.radiopiu.net\/wordpress\/wp-content\/uploads\/2021\/05\/2.jpg 966w, https:\/\/www.radiopiu.net\/wordpress\/wp-content\/uploads\/2021\/05\/2-291x300.jpg 291w, https:\/\/www.radiopiu.net\/wordpress\/wp-content\/uploads\/2021\/05\/2-768x792.jpg 768w\" sizes=\"auto, (max-width: 157px) 100vw, 157px\" \/><\/a><a href=\"https:\/\/www.radiopiu.net\/wordpress\/scende-a-80-lincidenza-per-100-mila-abitanti-la-nuova-mappa-del-contagio-comune-per-comune\/asdasdasdasdasdasdasdasd\/\" rel=\"attachment wp-att-206067\"><img loading=\"lazy\" decoding=\"async\" class=\"alignnone wp-image-206067\" src=\"https:\/\/www.radiopiu.net\/wordpress\/wp-content\/uploads\/2021\/04\/asdasdasdasdasdasdasdasd-290x300.jpg\" alt=\"\" width=\"156\" height=\"161\" srcset=\"https:\/\/www.radiopiu.net\/wordpress\/wp-content\/uploads\/2021\/04\/asdasdasdasdasdasdasdasd-290x300.jpg 290w, https:\/\/www.radiopiu.net\/wordpress\/wp-content\/uploads\/2021\/04\/asdasdasdasdasdasdasdasd-991x1024.jpg 991w, https:\/\/www.radiopiu.net\/wordpress\/wp-content\/uploads\/2021\/04\/asdasdasdasdasdasdasdasd-768x794.jpg 768w, https:\/\/www.radiopiu.net\/wordpress\/wp-content\/uploads\/2021\/04\/asdasdasdasdasdasdasdasd-1486x1536.jpg 1486w, https:\/\/www.radiopiu.net\/wordpress\/wp-content\/uploads\/2021\/04\/asdasdasdasdasdasdasdasd.jpg 1548w\" sizes=\"auto, (max-width: 156px) 100vw, 156px\" \/><\/a><a href=\"https:\/\/www.radiopiu.net\/wordpress\/alleghe-rimane-il-comune-piu-contagiato-in-crescita-a-cortina-la-valle-alano-vigo-e-soverzene\/5048c42e-0717-474a-935d-ad9a6d0526b4\/\" rel=\"attachment wp-att-204474\"><img loading=\"lazy\" decoding=\"async\" class=\"alignnone wp-image-204474\" src=\"https:\/\/www.radiopiu.net\/wordpress\/wp-content\/uploads\/2021\/04\/5048c42e-0717-474a-935d-ad9a6d0526b4-300x300.jpg\" alt=\"\" width=\"164\" height=\"164\" srcset=\"https:\/\/www.radiopiu.net\/wordpress\/wp-content\/uploads\/2021\/04\/5048c42e-0717-474a-935d-ad9a6d0526b4-300x300.jpg 300w, https:\/\/www.radiopiu.net\/wordpress\/wp-content\/uploads\/2021\/04\/5048c42e-0717-474a-935d-ad9a6d0526b4-150x150.jpg 150w, https:\/\/www.radiopiu.net\/wordpress\/wp-content\/uploads\/2021\/04\/5048c42e-0717-474a-935d-ad9a6d0526b4-768x770.jpg 768w, https:\/\/www.radiopiu.net\/wordpress\/wp-content\/uploads\/2021\/04\/5048c42e-0717-474a-935d-ad9a6d0526b4.jpg 1021w\" sizes=\"auto, (max-width: 164px) 100vw, 164px\" \/><\/a><a href=\"https:\/\/www.radiopiu.net\/wordpress\/curve-verso-il-basso-e-sempre-piu-comuni-liberi-dal-virus-record-di-casi-ad-alleghe-e-soverzene\/c9150f1c-cab9-447a-8417-fe26cb134f32\/\" rel=\"attachment wp-att-203016\"><img loading=\"lazy\" decoding=\"async\" class=\"alignnone wp-image-203016\" src=\"https:\/\/www.radiopiu.net\/wordpress\/wp-content\/uploads\/2021\/04\/c9150f1c-cab9-447a-8417-fe26cb134f32-281x300.jpg\" alt=\"\" width=\"148\" height=\"158\" srcset=\"https:\/\/www.radiopiu.net\/wordpress\/wp-content\/uploads\/2021\/04\/c9150f1c-cab9-447a-8417-fe26cb134f32-281x300.jpg 281w, https:\/\/www.radiopiu.net\/wordpress\/wp-content\/uploads\/2021\/04\/c9150f1c-cab9-447a-8417-fe26cb134f32-958x1024.jpg 958w, https:\/\/www.radiopiu.net\/wordpress\/wp-content\/uploads\/2021\/04\/c9150f1c-cab9-447a-8417-fe26cb134f32-768x821.jpg 768w, https:\/\/www.radiopiu.net\/wordpress\/wp-content\/uploads\/2021\/04\/c9150f1c-cab9-447a-8417-fe26cb134f32.jpg 1125w\" sizes=\"auto, (max-width: 148px) 100vw, 148px\" \/><\/a><a class=\"dt-pswp-item\" href=\"https:\/\/www.radiopiu.net\/wordpress\/wp-content\/uploads\/2021\/04\/c9150f1c-cab9-447a-8417-fe26cb134f32.jpg\" data-dt-img-description=\"\" data-large_image_width=\"1125\" data-large_image_height=\"1202\"><img loading=\"lazy\" decoding=\"async\" class=\"alignnone wp-image-203016\" src=\"https:\/\/www.radiopiu.net\/wordpress\/wp-content\/uploads\/2021\/04\/c9150f1c-cab9-447a-8417-fe26cb134f32-281x300.jpg\" alt=\"\" width=\"145\" height=\"155\" srcset=\"https:\/\/www.radiopiu.net\/wordpress\/wp-content\/uploads\/2021\/04\/c9150f1c-cab9-447a-8417-fe26cb134f32-281x300.jpg 281w, https:\/\/www.radiopiu.net\/wordpress\/wp-content\/uploads\/2021\/04\/c9150f1c-cab9-447a-8417-fe26cb134f32-958x1024.jpg 958w, https:\/\/www.radiopiu.net\/wordpress\/wp-content\/uploads\/2021\/04\/c9150f1c-cab9-447a-8417-fe26cb134f32-768x821.jpg 768w, https:\/\/www.radiopiu.net\/wordpress\/wp-content\/uploads\/2021\/04\/c9150f1c-cab9-447a-8417-fe26cb134f32.jpg 1125w\" sizes=\"auto, (max-width: 145px) 100vw, 145px\" \/><\/a><\/p>\n<p>&nbsp;<\/p>\n<blockquote><p>&nbsp;<\/p><\/blockquote>\n<hr \/>\n<h3><\/h3>\n<blockquote>\n<h3>VACCINAZIONE: QUATTRO GIORNATE AD ACCESSO LIBERO PER GLI OVER SESSANTA.<\/h3>\n<\/blockquote>\n<p><span style=\"color: #ff0000;\"><a class=\"dt-pswp-item\" href=\"https:\/\/www.radiopiu.net\/wordpress\/wp-content\/uploads\/2020\/11\/cinquetti.jpg\" data-dt-img-description=\"\" data-large_image_width=\"600\" data-large_image_height=\"800\"><img loading=\"lazy\" decoding=\"async\" class=\" wp-image-171790 alignleft\" src=\"https:\/\/www.radiopiu.net\/wordpress\/wp-content\/uploads\/2020\/11\/cinquetti-225x300.jpg\" alt=\"\" width=\"131\" height=\"175\" srcset=\"https:\/\/www.radiopiu.net\/wordpress\/wp-content\/uploads\/2020\/11\/cinquetti-225x300.jpg 225w, https:\/\/www.radiopiu.net\/wordpress\/wp-content\/uploads\/2020\/11\/cinquetti.jpg 600w\" sizes=\"auto, (max-width: 131px) 100vw, 131px\" \/><\/a><\/span><strong>REDAZIONE<\/strong> Ai microfoni di Radio Pi\u00f9 il dottor Sandro Cinquetti anche per commentare gli ultimi numeri come quel 32% di incidenza ben sotto il 250 (soglia d&#8217;allarme) ben sotto il 50%, dato pi\u00f9 che confortante. Gli aumenti di contagio nella scuola &#8220;normali oscillazioni&#8221; e poi la spallata alla Figliuolo: quattro giornate di vaccinazione ad accesso libero per gli over sessanta, sabato due ore al Drive in di Agordo<\/p>\n<p><strong>IL DOTTOR SANDRO CINQUETTI A RADIO PIU\u00a0<\/strong><\/p>\n<audio class=\"wp-audio-shortcode\" id=\"audio-210105-1\" preload=\"none\" style=\"width: 100%;\" controls=\"controls\"><source type=\"audio\/mpeg\" src=\"https:\/\/www.radiopiu.net\/wordpress\/wp-content\/uploads\/2021\/05\/cinquetti.mp3?_=1\" \/><a href=\"https:\/\/www.radiopiu.net\/wordpress\/wp-content\/uploads\/2021\/05\/cinquetti.mp3\">https:\/\/www.radiopiu.net\/wordpress\/wp-content\/uploads\/2021\/05\/cinquetti.mp3<\/a><\/audio>\n<p>&nbsp;<\/p>\n<p><a href=\"https:\/\/www.radiopiu.net\/wordpress\/giornale-radiopiu-18-maggio-2021-direttore-mirko-mezzacasa\/accesso-libero-over-60\/\" rel=\"attachment wp-att-210379\"><img loading=\"lazy\" decoding=\"async\" class=\" wp-image-210379 aligncenter\" src=\"https:\/\/www.radiopiu.net\/wordpress\/wp-content\/uploads\/2021\/05\/accesso-libero-over-60-300x251.png\" alt=\"\" width=\"537\" height=\"449\" srcset=\"https:\/\/www.radiopiu.net\/wordpress\/wp-content\/uploads\/2021\/05\/accesso-libero-over-60-300x251.png 300w, https:\/\/www.radiopiu.net\/wordpress\/wp-content\/uploads\/2021\/05\/accesso-libero-over-60-768x644.png 768w, https:\/\/www.radiopiu.net\/wordpress\/wp-content\/uploads\/2021\/05\/accesso-libero-over-60.png 940w\" sizes=\"auto, (max-width: 537px) 100vw, 537px\" \/><\/a><\/p>\n<p>&nbsp;<\/p>\n<p>&nbsp;<\/p>\n<hr \/>\n<p>&nbsp;<\/p>\n<blockquote>\n<h3>&#8220;GRAZIE PER AVERMI LETTERALMENTE PORTATO IN VITA&#8221;. I RINGRAZIAMENTI DI SIRO DE BIASIO AL PERSONALE DELL&#8217;OSPEDALE SAN MARTINO DI BELLUNO<\/h3>\n<\/blockquote>\n<p><strong><a href=\"https:\/\/www.radiopiu.net\/wordpress\/grazie-per-avermi-letteralmente-portato-in-vita-i-ringraziamenti-di-siro-de-biasio-al-personale-dellospedale-san-martino-di-belluno\/siro-de-biasio-12\/\" rel=\"attachment wp-att-210367\"><img loading=\"lazy\" decoding=\"async\" class=\"size-medium wp-image-210367 alignleft\" src=\"https:\/\/www.radiopiu.net\/wordpress\/wp-content\/uploads\/2021\/05\/SIRO-DE-BIASIO-300x219.png\" alt=\"\" width=\"300\" height=\"219\" srcset=\"https:\/\/www.radiopiu.net\/wordpress\/wp-content\/uploads\/2021\/05\/SIRO-DE-BIASIO-300x219.png 300w, https:\/\/www.radiopiu.net\/wordpress\/wp-content\/uploads\/2021\/05\/SIRO-DE-BIASIO-1024x747.png 1024w, https:\/\/www.radiopiu.net\/wordpress\/wp-content\/uploads\/2021\/05\/SIRO-DE-BIASIO-768x560.png 768w, https:\/\/www.radiopiu.net\/wordpress\/wp-content\/uploads\/2021\/05\/SIRO-DE-BIASIO.png 1108w\" sizes=\"auto, (max-width: 300px) 100vw, 300px\" \/><\/a>ALLEGHE<\/strong> L&#8217;ex Sindaco di Alleghe Siro De Biasio ringrazia con una lettera aperta tutto lo staff dell&#8217;Ospedale San Martino di Belluno. Poche righe scritte con il cuore dopo la brutta avventura dei mesi scorsi con il Covid-19 che pubblichiamo per intero.<\/p>\n<blockquote><p><em><strong>LA LETTERA<\/strong><\/em><\/p>\n<p><em>Vorrei esprimere un doveroso ringraziamento agli Angeli del Covid. Ho trascorso quasi due mesi all\u2019 Ospedale S. Martino di Belluno dei quali venti giorni in terapia intensiva ed un mese in Pneumologia, dove sono giunto nelle condizioni di un bambino nell\u2019et\u00e0 dello svezzamento quando dev\u2019essere imboccato ed impara a muovere i primi passi. Voglio sottolineare la disponibilit\u00e0, la professionalit\u00e0 e l\u2019umanit\u00e0 di tutto il personale infermieristico che mi ha pazientemente accudito e che mi ha fatto sentire quasi uno di famiglia. Un grazie per la competenza e la presenza costante di tutta l\u2019equipe del Dottor Muzzolon. Un particolare grazie va al Dottor Mazzon e a tutti i suoi collaboratori in rianimazione, urologi compresi. Non solo per avermi tolto da una situazione estremamente grave, ma anche per la presenza telefonica costante nei confronti di mia moglie. Permettetemi di esprimere un augurio a tutti i negazionisti e a tutti quelli che rifiutano il vaccino, di non trovarsi mai nella condizione in cui mi sono trovato io. Non avevo alcuna patologia particolare, ma il virus non guarda n\u00e9 all\u2019et\u00e0 n\u00e9 alle condizioni di salute e quando ti prende non sai dove ti pu\u00f2 portare.<\/em><\/p>\n<p><em>Siro De Biasio<\/em><\/p><\/blockquote>\n<p>&nbsp;<\/p>\n<hr \/>\n<p>&nbsp;<\/p>\n<blockquote>\n<h3>ASSEGNATA LA GESTIONE DELLA VERTIC AREA DI SAN TOMASO<\/h3>\n<\/blockquote>\n<p><strong><a href=\"https:\/\/www.radiopiu.net\/wordpress\/assegnata-la-gestione-della-vertic-area-di-san-tomaso\/1045091f-df08-41b0-8863-2ad95d66704b\/\" rel=\"attachment wp-att-210389\"><img loading=\"lazy\" decoding=\"async\" class=\" wp-image-210389 alignleft\" src=\"https:\/\/www.radiopiu.net\/wordpress\/wp-content\/uploads\/2021\/05\/1045091f-df08-41b0-8863-2ad95d66704b-300x225.jpg\" alt=\"\" width=\"187\" height=\"140\" srcset=\"https:\/\/www.radiopiu.net\/wordpress\/wp-content\/uploads\/2021\/05\/1045091f-df08-41b0-8863-2ad95d66704b-300x225.jpg 300w, https:\/\/www.radiopiu.net\/wordpress\/wp-content\/uploads\/2021\/05\/1045091f-df08-41b0-8863-2ad95d66704b-768x576.jpg 768w, https:\/\/www.radiopiu.net\/wordpress\/wp-content\/uploads\/2021\/05\/1045091f-df08-41b0-8863-2ad95d66704b.jpg 1024w\" sizes=\"auto, (max-width: 187px) 100vw, 187px\" \/><\/a>SAN TOMASO<\/strong><\/p>\n<p>di Gianni Santomaso<\/p>\n<audio class=\"wp-audio-shortcode\" id=\"audio-210105-2\" preload=\"none\" style=\"width: 100%;\" controls=\"controls\"><source type=\"audio\/mpeg\" src=\"https:\/\/www.radiopiu.net\/wordpress\/wp-content\/uploads\/2021\/05\/GIANNI-VERTIC-AREA-SAN-TOMASO.mp3?_=2\" \/><a href=\"https:\/\/www.radiopiu.net\/wordpress\/wp-content\/uploads\/2021\/05\/GIANNI-VERTIC-AREA-SAN-TOMASO.mp3\">https:\/\/www.radiopiu.net\/wordpress\/wp-content\/uploads\/2021\/05\/GIANNI-VERTIC-AREA-SAN-TOMASO.mp3<\/a><\/audio>\n\n\t\t\t<style type='text\/css'>\n\t\t\t\t#gallery-1 {\n\t\t\t\t\tmargin: auto;\n\t\t\t\t}\n\t\t\t\t#gallery-1 .gallery-item {\n\t\t\t\t\tfloat: left;\n\t\t\t\t\tmargin-top: 10px;\n\t\t\t\t\ttext-align: center;\n\t\t\t\t\twidth: 50%;\n\t\t\t\t}\n\t\t\t\t#gallery-1 img {\n\t\t\t\t\tborder: 2px solid #cfcfcf;\n\t\t\t\t}\n\t\t\t\t#gallery-1 .gallery-caption {\n\t\t\t\t\tmargin-left: 0;\n\t\t\t\t}\n\t\t\t\t\/* see gallery_shortcode() in wp-includes\/media.php *\/\n\t\t\t<\/style>\n\t\t<div id='gallery-1' class='dt-gallery-container gallery galleryid-210105 gallery-columns-2 gallery-size-medium'><dl class='gallery-item'>\n\t\t\t\t<dt class='gallery-icon portrait'>\n\t\t\t\t\t<a class=\"rollover rollover-zoom dt-pswp-item\" title=\"35ca5f2c-a9a2-42b2-a0c6-2c6aa78b955b\" data-dt-img-description=\"\" data-large_image_width=\"768\" data-large_image_height=\"1024\"href='https:\/\/www.radiopiu.net\/wordpress\/wp-content\/uploads\/2021\/05\/35ca5f2c-a9a2-42b2-a0c6-2c6aa78b955b.jpg'><img loading=\"lazy\" decoding=\"async\" width=\"225\" height=\"300\" src=\"https:\/\/www.radiopiu.net\/wordpress\/wp-content\/uploads\/2021\/05\/35ca5f2c-a9a2-42b2-a0c6-2c6aa78b955b-225x300.jpg\" class=\"attachment-medium size-medium\" alt=\"\" srcset=\"https:\/\/www.radiopiu.net\/wordpress\/wp-content\/uploads\/2021\/05\/35ca5f2c-a9a2-42b2-a0c6-2c6aa78b955b-225x300.jpg 225w, https:\/\/www.radiopiu.net\/wordpress\/wp-content\/uploads\/2021\/05\/35ca5f2c-a9a2-42b2-a0c6-2c6aa78b955b.jpg 768w\" sizes=\"auto, (max-width: 225px) 100vw, 225px\" \/><\/a>\n\t\t\t\t<\/dt><\/dl><dl class='gallery-item'>\n\t\t\t\t<dt class='gallery-icon portrait'>\n\t\t\t\t\t<a class=\"rollover rollover-zoom dt-pswp-item\" title=\"61c1cfd3-6fce-47ce-89d6-a68ae0a1b15b\" data-dt-img-description=\"\" data-large_image_width=\"683\" data-large_image_height=\"1024\"href='https:\/\/www.radiopiu.net\/wordpress\/wp-content\/uploads\/2021\/05\/61c1cfd3-6fce-47ce-89d6-a68ae0a1b15b.jpg'><img loading=\"lazy\" decoding=\"async\" width=\"200\" height=\"300\" src=\"https:\/\/www.radiopiu.net\/wordpress\/wp-content\/uploads\/2021\/05\/61c1cfd3-6fce-47ce-89d6-a68ae0a1b15b-200x300.jpg\" class=\"attachment-medium size-medium\" alt=\"\" srcset=\"https:\/\/www.radiopiu.net\/wordpress\/wp-content\/uploads\/2021\/05\/61c1cfd3-6fce-47ce-89d6-a68ae0a1b15b-200x300.jpg 200w, https:\/\/www.radiopiu.net\/wordpress\/wp-content\/uploads\/2021\/05\/61c1cfd3-6fce-47ce-89d6-a68ae0a1b15b.jpg 683w\" sizes=\"auto, (max-width: 200px) 100vw, 200px\" \/><\/a>\n\t\t\t\t<\/dt><\/dl><br style=\"clear: both\" \/>\n\t\t\t<\/div>\n\n<p>&nbsp;<\/p>\n<hr \/>\n<p>&nbsp;<\/p>\n<p><a href=\"https:\/\/www.radiopiu.net\/wordpress\/giornale-radiopiu-18-maggio-2021-direttore-mirko-mezzacasa\/04c41270-e560-4863-aae7-419a32f93561\/\" rel=\"attachment wp-att-210380\"><img loading=\"lazy\" decoding=\"async\" class=\"alignnone wp-image-210380 size-full\" src=\"https:\/\/www.radiopiu.net\/wordpress\/wp-content\/uploads\/2021\/05\/04c41270-e560-4863-aae7-419a32f93561.jpg\" alt=\"\" width=\"1024\" height=\"773\" srcset=\"https:\/\/www.radiopiu.net\/wordpress\/wp-content\/uploads\/2021\/05\/04c41270-e560-4863-aae7-419a32f93561.jpg 1024w, https:\/\/www.radiopiu.net\/wordpress\/wp-content\/uploads\/2021\/05\/04c41270-e560-4863-aae7-419a32f93561-300x226.jpg 300w, https:\/\/www.radiopiu.net\/wordpress\/wp-content\/uploads\/2021\/05\/04c41270-e560-4863-aae7-419a32f93561-768x580.jpg 768w\" sizes=\"auto, (max-width: 1024px) 100vw, 1024px\" \/><\/a><\/p>\n<p>&nbsp;<\/p>\n<blockquote class=\"wp-embedded-content\" data-secret=\"iFeMZapegZ\"><p><a href=\"https:\/\/www.radiopiu.net\/wordpress\/aggmag17\/\">CORONAVIRUS: AGGIORNAMENTO NAZIONALE 17 MAGGIO  2021<\/a><\/p><\/blockquote>\n<p><iframe loading=\"lazy\" class=\"wp-embedded-content\" sandbox=\"allow-scripts\" security=\"restricted\" style=\"position: absolute; clip: rect(1px, 1px, 1px, 1px);\" title=\"&#8220;CORONAVIRUS: AGGIORNAMENTO NAZIONALE 17 MAGGIO  2021&#8221; &#8212; Radio Pi\u00f9\" src=\"https:\/\/www.radiopiu.net\/wordpress\/aggmag17\/embed\/#?secret=iFeMZapegZ\" data-secret=\"iFeMZapegZ\" width=\"600\" height=\"338\" frameborder=\"0\" marginwidth=\"0\" marginheight=\"0\" scrolling=\"no\"><\/iframe><\/p>\n<p>&nbsp;<\/p>\n<blockquote class=\"wp-embedded-content\" data-secret=\"B4pq7HOlLi\"><p><a href=\"https:\/\/www.radiopiu.net\/wordpress\/nelle-ultime-24-ore-sono-182-i-nuovi-positivi-in-veneto-10-decessi-boom-di-negativizzati-ma-ricoveri-in-lieve-aumento\/\">NELLE ULTIME 24 ORE SONO 182 I NUOVI POSITIVI IN VENETO, 10 DECESSI,  BOOM DI NEGATIVIZZATI MA RICOVERI IN LIEVE AUMENTO<\/a><\/p><\/blockquote>\n<p><iframe loading=\"lazy\" class=\"wp-embedded-content\" sandbox=\"allow-scripts\" security=\"restricted\" style=\"position: absolute; clip: rect(1px, 1px, 1px, 1px);\" title=\"&#8220;NELLE ULTIME 24 ORE SONO 182 I NUOVI POSITIVI IN VENETO, 10 DECESSI,  BOOM DI NEGATIVIZZATI MA RICOVERI IN LIEVE AUMENTO&#8221; &#8212; Radio Pi\u00f9\" src=\"https:\/\/www.radiopiu.net\/wordpress\/nelle-ultime-24-ore-sono-182-i-nuovi-positivi-in-veneto-10-decessi-boom-di-negativizzati-ma-ricoveri-in-lieve-aumento\/embed\/#?secret=B4pq7HOlLi\" data-secret=\"B4pq7HOlLi\" width=\"600\" height=\"338\" frameborder=\"0\" marginwidth=\"0\" marginheight=\"0\" scrolling=\"no\"><\/iframe><\/p>\n<p>&nbsp;<\/p>\n<p>I GRAFICI DI TIZIANO DE COL<\/p>\n\n\t\t\t<style type='text\/css'>\n\t\t\t\t#gallery-2 {\n\t\t\t\t\tmargin: auto;\n\t\t\t\t}\n\t\t\t\t#gallery-2 .gallery-item {\n\t\t\t\t\tfloat: left;\n\t\t\t\t\tmargin-top: 10px;\n\t\t\t\t\ttext-align: center;\n\t\t\t\t\twidth: 20%;\n\t\t\t\t}\n\t\t\t\t#gallery-2 img {\n\t\t\t\t\tborder: 2px solid #cfcfcf;\n\t\t\t\t}\n\t\t\t\t#gallery-2 .gallery-caption {\n\t\t\t\t\tmargin-left: 0;\n\t\t\t\t}\n\t\t\t\t\/* see gallery_shortcode() in wp-includes\/media.php *\/\n\t\t\t<\/style>\n\t\t<div id='gallery-2' class='dt-gallery-container gallery galleryid-210105 gallery-columns-5 gallery-size-thumbnail'><dl class='gallery-item'>\n\t\t\t\t<dt class='gallery-icon landscape'>\n\t\t\t\t\t<a class=\"rollover rollover-zoom dt-pswp-item\" title=\"9bd28e43-b582-4b6e-84b0-7c0d4416fc2d\" data-dt-img-description=\"\" data-large_image_width=\"594\" data-large_image_height=\"352\"href='https:\/\/www.radiopiu.net\/wordpress\/wp-content\/uploads\/2021\/05\/9bd28e43-b582-4b6e-84b0-7c0d4416fc2d.jpg'><img loading=\"lazy\" decoding=\"async\" width=\"150\" height=\"150\" src=\"https:\/\/www.radiopiu.net\/wordpress\/wp-content\/uploads\/2021\/05\/9bd28e43-b582-4b6e-84b0-7c0d4416fc2d-150x150.jpg\" class=\"attachment-thumbnail size-thumbnail\" alt=\"\" \/><\/a>\n\t\t\t\t<\/dt><\/dl><dl class='gallery-item'>\n\t\t\t\t<dt class='gallery-icon landscape'>\n\t\t\t\t\t<a class=\"rollover rollover-zoom dt-pswp-item\" title=\"d8783ce3-06c5-424f-99f6-66ff3ea8a302\" data-dt-img-description=\"\" data-large_image_width=\"595\" data-large_image_height=\"350\"href='https:\/\/www.radiopiu.net\/wordpress\/wp-content\/uploads\/2021\/05\/d8783ce3-06c5-424f-99f6-66ff3ea8a302.jpg'><img loading=\"lazy\" decoding=\"async\" width=\"150\" height=\"150\" src=\"https:\/\/www.radiopiu.net\/wordpress\/wp-content\/uploads\/2021\/05\/d8783ce3-06c5-424f-99f6-66ff3ea8a302-150x150.jpg\" class=\"attachment-thumbnail size-thumbnail\" alt=\"\" \/><\/a>\n\t\t\t\t<\/dt><\/dl><dl class='gallery-item'>\n\t\t\t\t<dt class='gallery-icon landscape'>\n\t\t\t\t\t<a class=\"rollover rollover-zoom dt-pswp-item\" title=\"056a64fd-b9f3-4565-93a0-f3c358542564\" data-dt-img-description=\"\" data-large_image_width=\"612\" data-large_image_height=\"357\"href='https:\/\/www.radiopiu.net\/wordpress\/wp-content\/uploads\/2021\/05\/056a64fd-b9f3-4565-93a0-f3c358542564.jpg'><img loading=\"lazy\" decoding=\"async\" width=\"150\" height=\"150\" src=\"https:\/\/www.radiopiu.net\/wordpress\/wp-content\/uploads\/2021\/05\/056a64fd-b9f3-4565-93a0-f3c358542564-150x150.jpg\" class=\"attachment-thumbnail size-thumbnail\" alt=\"\" \/><\/a>\n\t\t\t\t<\/dt><\/dl><dl class='gallery-item'>\n\t\t\t\t<dt class='gallery-icon landscape'>\n\t\t\t\t\t<a class=\"rollover rollover-zoom dt-pswp-item\" title=\"55fa1265-9c14-40bc-bcb5-42780d8a6d91\" data-dt-img-description=\"\" data-large_image_width=\"608\" data-large_image_height=\"358\"href='https:\/\/www.radiopiu.net\/wordpress\/wp-content\/uploads\/2021\/05\/55fa1265-9c14-40bc-bcb5-42780d8a6d91.jpg'><img loading=\"lazy\" decoding=\"async\" width=\"150\" height=\"150\" src=\"https:\/\/www.radiopiu.net\/wordpress\/wp-content\/uploads\/2021\/05\/55fa1265-9c14-40bc-bcb5-42780d8a6d91-150x150.jpg\" class=\"attachment-thumbnail size-thumbnail\" alt=\"\" \/><\/a>\n\t\t\t\t<\/dt><\/dl><dl class='gallery-item'>\n\t\t\t\t<dt class='gallery-icon landscape'>\n\t\t\t\t\t<a class=\"rollover rollover-zoom dt-pswp-item\" title=\"1deb4083-34d1-49ca-a250-8b773fb9f2b5\" data-dt-img-description=\"\" data-large_image_width=\"620\" data-large_image_height=\"354\"href='https:\/\/www.radiopiu.net\/wordpress\/wp-content\/uploads\/2021\/05\/1deb4083-34d1-49ca-a250-8b773fb9f2b5.jpg'><img loading=\"lazy\" decoding=\"async\" width=\"150\" height=\"150\" src=\"https:\/\/www.radiopiu.net\/wordpress\/wp-content\/uploads\/2021\/05\/1deb4083-34d1-49ca-a250-8b773fb9f2b5-150x150.jpg\" class=\"attachment-thumbnail size-thumbnail\" alt=\"\" \/><\/a>\n\t\t\t\t<\/dt><\/dl><br style=\"clear: both\" \/>\n\t\t\t<\/div>\n\n<p>&nbsp;<\/p>\n<p>&nbsp;<\/p>\n<hr \/>\n<p>&nbsp;<\/p>\n<blockquote>\n<h3>CURVE IN DISCESA RICOVERATI SOTTO QUOTA 1000 ULTIMO AGGIORNAMENTO COVID 19 IN VENETO DA MARGHERA &#8211; LUCA ZAIA<\/h3>\n<\/blockquote>\n<blockquote>\n<blockquote><p><em>Scendono i positivi totali, circa 200 per provincia e sotto i mille i ricoverati: 871 in zona non critica e 120 nelle intensive.\u00a0 La direzione presa \u00e8 quella giusta e dobbiamo solo rispettare le regole e scollinare questo maggio, poi la discesa prender\u00e0 ancora pi\u00f9 velocit\u00e0. Dal 9 al 16 giugno avremo altri 80mila posti liberi, se non arrivano altri 40enni probabile che decidermeo di aprire agli altri. Cabina di regia: oggi pomeriggio anche per il coprifuoco, non ha molto senso continuare. Entrare in una palestra \u00e8 come nel posto di lavoro, basta rispettare le regole.\u00a0<\/em><\/p><\/blockquote>\n<p>Sono ore cruciali per il coprifuoco, per le attivit\u00e0 economiche, per il mondo delle piscine. <strong>Dati negativi<\/strong>: il virus c&#8217;\u00e8 ancora lo vediamo dai 173 positivi nelle 24 ore, anche se sono pochi ma il virus c&#8217;\u00e8. <strong>Dati positivi:<\/strong> dove abbiamo vaccinato scompare la categoria vaccinati dai ricoveri, il vaccino funziona. E&#8217; pur vero che quello che prevedevamo si \u00e8 avverato alla faccia delle cassandre sburgiadiati, predicavano la &#8220;sfiga&#8221; con le riaperture. Il professor Pal\u00f9 lo aveva sempre detto che con la buona stagione il virus sarebbe calato vistosamente, d&#8217;estate non ci si ammala di influenza. Ha senso seguire, accompagnare questo progetto, iniziare ad allentare un po&#8217; di pi\u00f9. E&#8217; innegabile che un minimo di collaudo sul campo \u00e8 gi\u00e0 stato fatto, con assembramenti, il lavoro della ristorazione. Ci sono i presupposti per un ragionamento. <strong>Dato importante:<\/strong> ultra ottantenni vaccinati 97,4%, il 70-89 all&#8217;83,7%, i 60-69 tra vaccinati e prenotati\u00a0 al 78%, i 50-59 in otto giorni sono al 65% e i 40-49 sono il 41%. Da domani ci saranno 80mila posti liberi per le vaccinazioni se non ci saranno i quarantenni indecisi apriamo al resto della popolazione. La campagna vaccinale in Veneto sta andando alla grande. <strong>OGGI CABINA DI REGIA<\/strong> Sono sempre stato molto prudente e continuo ad esserlo. E&#8217; pur vero che le attivit\u00e0 umane anche a rischio assembramento le abbiamo di pi\u00f9 nelle ore diurne che dopo le 22, il coprifuoco rischia di diventare strumento di coercizione della libert\u00e0 ma non significa che a mezzanotte il virus colpisca di pi\u00f9. Ci sono le linee guida, c&#8217;\u00e8 anche il tampone fai da te, da tenere in tasca, comperare in farmacia o al supermercato, che altro non \u00e8 che lo spacchettamento del tampone nasale. <strong>TURISMO<\/strong> Siamo quasi a un +10% di prenotazioni, met\u00e0 dei cittadini italiani far\u00e0 le vacanze in Italia, siamo interessati da un&#8217;industria rappresentata dal 67% di turisti stranieri, non \u00e8 l&#8217;alta stagione che preoccupa, la vera perdita se mai ce l&#8217;avremo sar\u00e0 nella fase iniziale della stagione estiva. <strong>VACCINAZIONE NOVITA&#8217; SUL TURISMO?<\/strong> Ancora non ci siamo, abbiamo sempre il blocco dei quarant&#8217;enni non posso anticipare nulla, prima ci servono vaccini.<strong> QUANDO L&#8217;IMMUNITA&#8217; DI GREGGE?<\/strong> Solo nel momento in cui vaccineremo anche i pi\u00f9 giovani ma non \u00e8 un calcolo che sono in grado di fare, i veneti stanno pero&#8217; rispondendo bene e in maniera volontaria. <strong>SECONDI DOSE IN VACANZE?<\/strong> Siamo disponibili e anche apri pista, oggi runione a livello nazionale vogliamo fare le seconde dosi ai turisti, anche agli stranieri se ci autorizzano.<\/p>\n<p>&nbsp;<\/p>\n<p><a href=\"https:\/\/www.facebook.com\/zaiaufficiale\/videos\/175739877768688\">https:\/\/www.facebook.com\/zaiaufficiale\/videos\/175739877768688<\/a><\/p>\n<p>&nbsp;<\/p>\n<h3 class=\"entry-title\"><\/h3>\n<h3 class=\"entry-title\"><\/h3>\n<\/blockquote>\n<hr \/>\n<h3 class=\"entry-title\"><\/h3>\n<p>&nbsp;<\/p>\n<blockquote>\n<h3>BOND: &#8221; BENE IL DECRETO SOSTEGNI, ORA UN GRANDE PIANO DI INVESTIMENTI PER LA RICETTIVITA'&#8221;<\/h3>\n<\/blockquote>\n<p><strong><a href=\"https:\/\/www.radiopiu.net\/wordpress\/giornale-radiopiu-20-maggio-2020-direttore-mirko-mezzacasa\/dario-bond-11\/\" rel=\"attachment wp-att-138833\"><img loading=\"lazy\" decoding=\"async\" class=\" wp-image-138833 alignleft\" src=\"https:\/\/www.radiopiu.net\/wordpress\/wp-content\/uploads\/2020\/05\/Dario-Bond.jpg\" alt=\"\" width=\"91\" height=\"126\" \/><\/a><\/strong><\/p>\n<p>&nbsp;<\/p>\n<p><strong>ROMA<\/strong> <em>\u00abIl Decreto Sostegni garantisce una boccata d\u2019ossigeno per la montagna, dopo la chiusura imposta nei mesi invernali. Ma adesso bisogna far correre il turismo con un grande piano di investimenti per il settore, per il rinnovo alberghiero, con risorse adeguate\u00bb. <\/em>Cos\u00ec in una nota il deputato di Forza Italia Dario Bond.<\/p>\n<p><strong>audio alla RADIO Dario Bond\u00a0<\/strong><\/p>\n<audio class=\"wp-audio-shortcode\" id=\"audio-210105-3\" preload=\"none\" style=\"width: 100%;\" controls=\"controls\"><source type=\"audio\/mpeg\" src=\"https:\/\/www.radiopiu.net\/wordpress\/wp-content\/uploads\/2021\/05\/DARIO-BOND.mp3?_=3\" \/><a href=\"https:\/\/www.radiopiu.net\/wordpress\/wp-content\/uploads\/2021\/05\/DARIO-BOND.mp3\">https:\/\/www.radiopiu.net\/wordpress\/wp-content\/uploads\/2021\/05\/DARIO-BOND.mp3<\/a><\/audio>\n<h3><\/h3>\n<hr \/>\n<p>&nbsp;<\/p>\n<blockquote>\n<h3>CANTIERI FORESTALI SUL TORRENTE ZUNAIA<\/h3>\n<\/blockquote>\n<p><strong>ALLEGHE\u00a0<\/strong> Diversi cantieri in partenza anche questa settimana a cura dei Servizi Forestali regionali, tra cui\u00a0 la realizzazione\u00a0 di alcune opere a prevenzione delle colate detritiche sul torrente Zunaia. Un\u2019intervento da 1.350.000 euro\u00a0 che coinvolge un\u2019ampia area che va dalle pendici del monte Civetta, alla confluenza tra il ru dell\u2019Aiva e il ru di Antersass fino al lago di Alleghe. <em>&#8220;Realizzeremo &#8211; spiega l&#8217;assessore Gianpaolo Bottacin &#8211;\u00a0 una soglia in massi legati dell\u2019altezza di 3 metri a met\u00e0 invaso. Tale manufatto consentir\u00e0 di ottenere una riduzione della pendenza della livelletta per favorire l\u2019arresto del materiale di pezzatura pi\u00f9 grossolana\u201d.\u00a0 Altro<\/em> intervento consiste la messa in sicurezza dell\u2019area impianti di risalita tramite una difesa spondale reversibile, che da un lato garantisca una luce di deflusso al torrente Zunaia superiore a quella attuale e dall\u2019altro assicuri uno spazio adeguato per far raggiungere l\u2019impianto agli sciatori che provengono dalla pista di rientro. <em>\u201cPer fare ci\u00f2 realizzeremo una scogliera di 115 metri di lunghezza e 4 di altezza \u2013 conclude l\u2019assessore &#8211; ad una pendenza del 3% che ponga in leggero rialzo l\u2019area adibita a pista, al fine di proteggerla dagli eventi di piena ordinaria. Tanti interventi puntuali con l\u2019obiettivo di continuare nell\u2019aumento della sicurezza del territorio\u201d.<\/em><\/p>\n<blockquote>\n\t\t\t<style type='text\/css'>\n\t\t\t\t#gallery-3 {\n\t\t\t\t\tmargin: auto;\n\t\t\t\t}\n\t\t\t\t#gallery-3 .gallery-item {\n\t\t\t\t\tfloat: left;\n\t\t\t\t\tmargin-top: 10px;\n\t\t\t\t\ttext-align: center;\n\t\t\t\t\twidth: 25%;\n\t\t\t\t}\n\t\t\t\t#gallery-3 img {\n\t\t\t\t\tborder: 2px solid #cfcfcf;\n\t\t\t\t}\n\t\t\t\t#gallery-3 .gallery-caption {\n\t\t\t\t\tmargin-left: 0;\n\t\t\t\t}\n\t\t\t\t\/* see gallery_shortcode() in wp-includes\/media.php *\/\n\t\t\t<\/style>\n\t\t<div id='gallery-3' class='dt-gallery-container gallery galleryid-210105 gallery-columns-4 gallery-size-thumbnail'><dl class='gallery-item'>\n\t\t\t\t<dt class='gallery-icon landscape'>\n\t\t\t\t\t<a class=\"rollover rollover-zoom dt-pswp-item\" title=\"06ed3340-c906-4bda-8fb6-3cbe4a1bd630\" data-dt-img-description=\"\" data-large_image_width=\"602\" data-large_image_height=\"401\"href='https:\/\/www.radiopiu.net\/wordpress\/wp-content\/uploads\/2021\/05\/06ed3340-c906-4bda-8fb6-3cbe4a1bd630.jpg'><img loading=\"lazy\" decoding=\"async\" width=\"150\" height=\"150\" src=\"https:\/\/www.radiopiu.net\/wordpress\/wp-content\/uploads\/2021\/05\/06ed3340-c906-4bda-8fb6-3cbe4a1bd630-150x150.jpg\" class=\"attachment-thumbnail size-thumbnail\" alt=\"\" \/><\/a>\n\t\t\t\t<\/dt><\/dl><dl class='gallery-item'>\n\t\t\t\t<dt class='gallery-icon landscape'>\n\t\t\t\t\t<a class=\"rollover rollover-zoom dt-pswp-item\" title=\"17fdde1d-19b0-438b-934e-6f6d93b133b4\" data-dt-img-description=\"\" data-large_image_width=\"1024\" data-large_image_height=\"768\"href='https:\/\/www.radiopiu.net\/wordpress\/wp-content\/uploads\/2021\/05\/17fdde1d-19b0-438b-934e-6f6d93b133b4.jpg'><img loading=\"lazy\" decoding=\"async\" width=\"150\" height=\"150\" src=\"https:\/\/www.radiopiu.net\/wordpress\/wp-content\/uploads\/2021\/05\/17fdde1d-19b0-438b-934e-6f6d93b133b4-150x150.jpg\" class=\"attachment-thumbnail size-thumbnail\" alt=\"\" \/><\/a>\n\t\t\t\t<\/dt><\/dl><dl class='gallery-item'>\n\t\t\t\t<dt class='gallery-icon portrait'>\n\t\t\t\t\t<a class=\"rollover rollover-zoom dt-pswp-item\" title=\"46a31012-ac24-4f6a-92bf-f2340f5625c3\" data-dt-img-description=\"\" data-large_image_width=\"768\" data-large_image_height=\"1024\"href='https:\/\/www.radiopiu.net\/wordpress\/wp-content\/uploads\/2021\/05\/46a31012-ac24-4f6a-92bf-f2340f5625c3.jpg'><img loading=\"lazy\" decoding=\"async\" width=\"150\" height=\"150\" src=\"https:\/\/www.radiopiu.net\/wordpress\/wp-content\/uploads\/2021\/05\/46a31012-ac24-4f6a-92bf-f2340f5625c3-150x150.jpg\" class=\"attachment-thumbnail size-thumbnail\" alt=\"\" \/><\/a>\n\t\t\t\t<\/dt><\/dl><dl class='gallery-item'>\n\t\t\t\t<dt class='gallery-icon portrait'>\n\t\t\t\t\t<a class=\"rollover rollover-zoom dt-pswp-item\" title=\"0f6ace85-7e39-4e82-beff-6d17ac6985d7\" data-dt-img-description=\"\" data-large_image_width=\"1544\" data-large_image_height=\"1731\"href='https:\/\/www.radiopiu.net\/wordpress\/wp-content\/uploads\/2021\/05\/0f6ace85-7e39-4e82-beff-6d17ac6985d7.jpg'><img loading=\"lazy\" decoding=\"async\" width=\"150\" height=\"150\" src=\"https:\/\/www.radiopiu.net\/wordpress\/wp-content\/uploads\/2021\/05\/0f6ace85-7e39-4e82-beff-6d17ac6985d7-150x150.jpg\" class=\"attachment-thumbnail size-thumbnail\" alt=\"\" \/><\/a>\n\t\t\t\t<\/dt><\/dl><br style=\"clear: both\" \/>\n\t\t\t<\/div>\n\n<p>&nbsp;<\/p>\n<h3 class=\"entry-title\"><\/h3>\n<\/blockquote>\n<hr \/>\n<p>&nbsp;<\/p>\n<blockquote>\n<h3>FONDI PSR: L&#8217;INTERVENTO DI PUPPATO (LEGA) IN REGIONE<\/h3>\n<\/blockquote>\n<p><strong><a href=\"https:\/\/www.radiopiu.net\/wordpress\/giornale-radiopiu-18-maggio-2021-direttore-mirko-mezzacasa\/th-108\/\" rel=\"attachment wp-att-210402\"><img loading=\"lazy\" decoding=\"async\" class=\" wp-image-210402 alignleft\" src=\"https:\/\/www.radiopiu.net\/wordpress\/wp-content\/uploads\/2021\/05\/th-11-300x169.jpg\" alt=\"\" width=\"211\" height=\"119\" srcset=\"https:\/\/www.radiopiu.net\/wordpress\/wp-content\/uploads\/2021\/05\/th-11-300x169.jpg 300w, https:\/\/www.radiopiu.net\/wordpress\/wp-content\/uploads\/2021\/05\/th-11.jpg 303w\" sizes=\"auto, (max-width: 211px) 100vw, 211px\" \/><\/a>VENEZIA\u00a0<\/strong>Solo per sostenere i giovani agricoltori che stanno avviando un&#8217;attivit\u00e0, per compensare le imprese agricole che subiscono costi maggiorati per il fatto di essere in montagna e per aiutare quelle che si trovano in zone frequentate da lupi, sono previsti dai Programmi di Sviluppo Rurale 30 milioni 500 mila euro. Per 10 milioni sono gi\u00e0 scaduti i termini di partecipazione, restano validi due fondi la cui scadenza \u00e8 stata di recente prorogata al 15 giugno.<\/p>\n<p><strong>IL CONSIGLIERE REGIONALE GIOVANNI PUPPATO<\/strong><\/p>\n<audio class=\"wp-audio-shortcode\" id=\"audio-210105-4\" preload=\"none\" style=\"width: 100%;\" controls=\"controls\"><source type=\"audio\/mpeg\" src=\"https:\/\/www.radiopiu.net\/wordpress\/wp-content\/uploads\/2021\/05\/PUPPATO-FONDI-PSR.mp3?_=4\" \/><a href=\"https:\/\/www.radiopiu.net\/wordpress\/wp-content\/uploads\/2021\/05\/PUPPATO-FONDI-PSR.mp3\">https:\/\/www.radiopiu.net\/wordpress\/wp-content\/uploads\/2021\/05\/PUPPATO-FONDI-PSR.mp3<\/a><\/audio>\n<p>&nbsp;<\/p>\n<p>&nbsp;<\/p>\n<hr \/>\n<p>&nbsp;<\/p>\n<blockquote>\n<h3>VACCINI ANTI-COVID PER GLI ISCRITTI AIRE<\/h3>\n<\/blockquote>\n<p><strong><a href=\"https:\/\/www.radiopiu.net\/wordpress\/giornale-radiopiu-13-giugno-2020-direttore-mirko-mezzacasa\/vaccino\/\" rel=\"attachment wp-att-143923\"><img loading=\"lazy\" decoding=\"async\" class=\"size-medium wp-image-143923 alignleft\" src=\"https:\/\/www.radiopiu.net\/wordpress\/wp-content\/uploads\/2020\/06\/vaccino-300x200.jpg\" alt=\"\" width=\"300\" height=\"200\" srcset=\"https:\/\/www.radiopiu.net\/wordpress\/wp-content\/uploads\/2020\/06\/vaccino-300x200.jpg 300w, https:\/\/www.radiopiu.net\/wordpress\/wp-content\/uploads\/2020\/06\/vaccino-1024x683.jpg 1024w, https:\/\/www.radiopiu.net\/wordpress\/wp-content\/uploads\/2020\/06\/vaccino-768x512.jpg 768w, https:\/\/www.radiopiu.net\/wordpress\/wp-content\/uploads\/2020\/06\/vaccino-1536x1024.jpg 1536w, https:\/\/www.radiopiu.net\/wordpress\/wp-content\/uploads\/2020\/06\/vaccino.jpg 1920w\" sizes=\"auto, (max-width: 300px) 100vw, 300px\" \/><\/a>BELLUNO<\/strong> Anche i bellunesi iscritti all\u2019Aire (Anagrafe degli Italiani Residenti all\u2019Estero), temporaneamente presenti in provincia di Belluno, hanno la possibilit\u00e0 di vaccinarsi contro il Covid-19. Ma con quale modalit\u00e0? \u00ab<em>Stiamo ricevendo numerose richieste di aiuto &#8211; le parole del presidente Abm Oscar De Bona &#8211; da parte dei nostri soci e non solo, perch\u00e9 non riescono a registrarsi al sito della Regione Veneto, che da l\u2019accesso alla prenotazione al vaccino anti-Covid<\/em>\u00bb. La prima cosa da fare, fanno sapere dagli Uffici dell\u2019Associazione Bellunesi nel Mondo, \u00e8 chiamare il numero verde 800 462 340. All\u2019operatore che risponder\u00e0 bisogner\u00e0 dare i propri dati personali (nome e cognome, indirizzo di domicilio, codice fiscale e l\u2019eventuale numero della tessera sanitaria in possesso). Fatta questa comunicazione sar\u00e0 la Regione Veneto a contattare l\u2019Ulss di appartenenza dell\u2019interessato &#8211; nel caso della provincia di Belluno l\u2019Ulss 1 Dolomiti &#8211; che a sua volta provveder\u00e0 ad aggiornare il database del sito dedicato alle prenotazioni. Ci vorranno alcuni giorni di attesa e poi si potr\u00e0 procedere alla prenotazione on line direttamente dal sito <a class=\"moz-txt-link-freetext\" href=\"https:\/\/vaccinicovid.regione.veneto.it\/ulss1\">https:\/\/vaccinicovid.regione.veneto.it\/ulss1<\/a><\/p>\n<p>&nbsp;<\/p>\n<p>&nbsp;<\/p>\n<hr \/>\n<p>&nbsp;<\/p>\n<blockquote>\n<h3>IL PONTE DELLA VITTORIA E&#8217; &#8220;SANO&#8221;? NECESSITA DI MANUTENZIONE? BRISTOT INTERROGA<\/h3>\n<\/blockquote>\n<p><strong>BELLUNO<\/strong>\u00a0Il Ponte della Vittoria per il consigliere comunale Fabio Rufus Bristot\u00a0 deve essere posto al centro dell\u2019attenzione dell\u2019amministrazione comunale, cos\u00ec come la \u00a0realizzazione del nuovo ponte in sostituzione del bailey. Cos\u00ec la citt\u00e0 \u00a0di Belluno\u00a0 potr\u00e0 sempre pi\u00f9 identificarsi in uno dei propri simboli che secondo Bristot oggi versa in uno stato di salute pessimo.<em>\u00a0\u201cNon baster\u00e0 neppure sostenere \u201cil ponte \u00e8 sicuro\u201d \u2013 dice Bristot-\u00a0 serve in ogni caso dimostrarlo con le perizie poich\u00e9, oltre ad un manufatto certamente sicuro, i cittadini di Belluno vogliono avere anche un ponte ben mantenuto\u201d.<\/em>\u00a0Da qui prende spunto l\u2019interrogazione dopo che il consigliere\u00a0 ha constatato le oggettive condizioni Ponte della Vittoria, sollecitato altres\u00ec da alcuni tecnici seriamente preoccupati per la \u00a0manutenzione in cui versa il manufatto soprattutto in relazione agli elementi che sorreggono l\u2019impalcato. Bristot chiede se nei quasi 95 anni di vita del ponte si siano mai registrati problemi di natura statica anche problematiche minori,\u00a0 quali siano state le opere effettuata, \u00a0come mai negli ultimi 15 anni \u00e8 stato appesantito con almeno cento quintali di asfalti, \u00a0se all\u2019atto della posa dei cavidotti dell\u2019illuminazione effettuata nel 2017 possano essere state compromesse alcune strutture e componenti, \u00a0se siano stati commissionati studi per la verifica del manufatto e se siano stati comunicati agli Enti preposti.<\/p>\n\n\t\t\t<style type='text\/css'>\n\t\t\t\t#gallery-4 {\n\t\t\t\t\tmargin: auto;\n\t\t\t\t}\n\t\t\t\t#gallery-4 .gallery-item {\n\t\t\t\t\tfloat: left;\n\t\t\t\t\tmargin-top: 10px;\n\t\t\t\t\ttext-align: center;\n\t\t\t\t\twidth: 25%;\n\t\t\t\t}\n\t\t\t\t#gallery-4 img {\n\t\t\t\t\tborder: 2px solid #cfcfcf;\n\t\t\t\t}\n\t\t\t\t#gallery-4 .gallery-caption {\n\t\t\t\t\tmargin-left: 0;\n\t\t\t\t}\n\t\t\t\t\/* see gallery_shortcode() in wp-includes\/media.php *\/\n\t\t\t<\/style>\n\t\t<div id='gallery-4' class='dt-gallery-container gallery galleryid-210105 gallery-columns-4 gallery-size-thumbnail'><dl class='gallery-item'>\n\t\t\t\t<dt class='gallery-icon portrait'>\n\t\t\t\t\t<a class=\"rollover rollover-zoom dt-pswp-item\" title=\"01\" data-dt-img-description=\"\" data-large_image_width=\"720\" data-large_image_height=\"960\"href='https:\/\/www.radiopiu.net\/wordpress\/wp-content\/uploads\/2021\/05\/01.jpg'><img loading=\"lazy\" decoding=\"async\" width=\"150\" height=\"150\" src=\"https:\/\/www.radiopiu.net\/wordpress\/wp-content\/uploads\/2021\/05\/01-150x150.jpg\" class=\"attachment-thumbnail size-thumbnail\" alt=\"\" \/><\/a>\n\t\t\t\t<\/dt><\/dl><dl class='gallery-item'>\n\t\t\t\t<dt class='gallery-icon portrait'>\n\t\t\t\t\t<a class=\"rollover rollover-zoom dt-pswp-item\" title=\"02-min\" data-dt-img-description=\"\" data-large_image_width=\"1920\" data-large_image_height=\"2560\"href='https:\/\/www.radiopiu.net\/wordpress\/wp-content\/uploads\/2021\/05\/02-min-scaled.jpg'><img loading=\"lazy\" decoding=\"async\" width=\"150\" height=\"150\" src=\"https:\/\/www.radiopiu.net\/wordpress\/wp-content\/uploads\/2021\/05\/02-min-150x150.jpg\" class=\"attachment-thumbnail size-thumbnail\" alt=\"\" \/><\/a>\n\t\t\t\t<\/dt><\/dl><dl class='gallery-item'>\n\t\t\t\t<dt class='gallery-icon portrait'>\n\t\t\t\t\t<a class=\"rollover rollover-zoom dt-pswp-item\" title=\"03-min\" data-dt-img-description=\"\" data-large_image_width=\"1920\" data-large_image_height=\"2560\"href='https:\/\/www.radiopiu.net\/wordpress\/wp-content\/uploads\/2021\/05\/03-min-scaled.jpg'><img loading=\"lazy\" decoding=\"async\" width=\"150\" height=\"150\" src=\"https:\/\/www.radiopiu.net\/wordpress\/wp-content\/uploads\/2021\/05\/03-min-150x150.jpg\" class=\"attachment-thumbnail size-thumbnail\" alt=\"\" \/><\/a>\n\t\t\t\t<\/dt><\/dl><dl class='gallery-item'>\n\t\t\t\t<dt class='gallery-icon portrait'>\n\t\t\t\t\t<a class=\"rollover rollover-zoom dt-pswp-item\" title=\"04-min\" data-dt-img-description=\"\" data-large_image_width=\"1920\" data-large_image_height=\"2560\"href='https:\/\/www.radiopiu.net\/wordpress\/wp-content\/uploads\/2021\/05\/04-min-scaled.jpg'><img loading=\"lazy\" decoding=\"async\" width=\"150\" height=\"150\" src=\"https:\/\/www.radiopiu.net\/wordpress\/wp-content\/uploads\/2021\/05\/04-min-150x150.jpg\" class=\"attachment-thumbnail size-thumbnail\" alt=\"\" \/><\/a>\n\t\t\t\t<\/dt><\/dl><br style=\"clear: both\" \/><dl class='gallery-item'>\n\t\t\t\t<dt class='gallery-icon portrait'>\n\t\t\t\t\t<a class=\"rollover rollover-zoom dt-pswp-item\" title=\"06-min\" data-dt-img-description=\"\" data-large_image_width=\"1920\" data-large_image_height=\"2560\"href='https:\/\/www.radiopiu.net\/wordpress\/wp-content\/uploads\/2021\/05\/06-min-scaled.jpg'><img loading=\"lazy\" decoding=\"async\" width=\"150\" height=\"150\" src=\"https:\/\/www.radiopiu.net\/wordpress\/wp-content\/uploads\/2021\/05\/06-min-150x150.jpg\" class=\"attachment-thumbnail size-thumbnail\" alt=\"\" \/><\/a>\n\t\t\t\t<\/dt><\/dl><dl class='gallery-item'>\n\t\t\t\t<dt class='gallery-icon portrait'>\n\t\t\t\t\t<a class=\"rollover rollover-zoom dt-pswp-item\" title=\"07-min\" data-dt-img-description=\"\" data-large_image_width=\"1920\" data-large_image_height=\"2560\"href='https:\/\/www.radiopiu.net\/wordpress\/wp-content\/uploads\/2021\/05\/07-min-scaled.jpg'><img loading=\"lazy\" decoding=\"async\" width=\"150\" height=\"150\" src=\"https:\/\/www.radiopiu.net\/wordpress\/wp-content\/uploads\/2021\/05\/07-min-150x150.jpg\" class=\"attachment-thumbnail size-thumbnail\" alt=\"\" \/><\/a>\n\t\t\t\t<\/dt><\/dl>\n\t\t\t\t<br style='clear: both' \/>\n\t\t\t<\/div>\n\n<p>&nbsp;<\/p>\n<hr \/>\n<p>&nbsp;<\/p>\n<blockquote>\n<h3>PIU&#8217; SOLDI PER LE SCUOLE GABELLI, SERVONO 500MILA EURO<\/h3>\n<\/blockquote>\n<p><strong><a href=\"https:\/\/www.radiopiu.net\/wordpress\/giornale-radiopiu-25-maggio-2019-direttore-mirko-mezzacasa\/33328_scuola-elementare-aristide-gabelli\/\" rel=\"attachment wp-att-86415\"><img loading=\"lazy\" decoding=\"async\" class=\"wp-image-86415 alignleft\" src=\"https:\/\/www.radiopiu.net\/wordpress\/wp-content\/uploads\/2019\/05\/33328_scuola-elementare-aristide-gabelli-300x245.jpg\" alt=\"\" width=\"158\" height=\"129\" srcset=\"https:\/\/www.radiopiu.net\/wordpress\/wp-content\/uploads\/2019\/05\/33328_scuola-elementare-aristide-gabelli-300x245.jpg 300w, https:\/\/www.radiopiu.net\/wordpress\/wp-content\/uploads\/2019\/05\/33328_scuola-elementare-aristide-gabelli-768x628.jpg 768w, https:\/\/www.radiopiu.net\/wordpress\/wp-content\/uploads\/2019\/05\/33328_scuola-elementare-aristide-gabelli.jpg 978w\" sizes=\"auto, (max-width: 158px) 100vw, 158px\" \/><\/a>BELLUNO\u00a0<\/strong><\/p>\n<p><strong>di MORENO GIOLI\u00a0<\/strong><\/p>\n<audio class=\"wp-audio-shortcode\" id=\"audio-210105-5\" preload=\"none\" style=\"width: 100%;\" controls=\"controls\"><source type=\"audio\/mpeg\" src=\"https:\/\/www.radiopiu.net\/wordpress\/wp-content\/uploads\/2021\/05\/moreno-delibera.mp3?_=5\" \/><a href=\"https:\/\/www.radiopiu.net\/wordpress\/wp-content\/uploads\/2021\/05\/moreno-delibera.mp3\">https:\/\/www.radiopiu.net\/wordpress\/wp-content\/uploads\/2021\/05\/moreno-delibera.mp3<\/a><\/audio>\n<p>&nbsp;<\/p>\n<p>&nbsp;<\/p>\n<hr \/>\n<blockquote>\n<h3 class=\"entry-title\"><\/h3>\n<h3 class=\"entry-title\">CONFARTIGIANATO BELLUNO PIANGE LA SCOMPARSA DI VALENTINO TRAIBER<\/h3>\n<\/blockquote>\n<p><strong><a href=\"https:\/\/www.radiopiu.net\/wordpress\/giornale-radiopiu-18-maggio-2021-direttore-mirko-mezzacasa\/valentino-traiber-foto-anni-sessanta\/\" rel=\"attachment wp-att-210309\"><img loading=\"lazy\" decoding=\"async\" class=\"size-medium wp-image-210309 alignleft\" src=\"https:\/\/www.radiopiu.net\/wordpress\/wp-content\/uploads\/2021\/05\/Valentino-Traiber-foto-anni-Sessanta-300x169.jpeg\" alt=\"\" width=\"300\" height=\"169\" srcset=\"https:\/\/www.radiopiu.net\/wordpress\/wp-content\/uploads\/2021\/05\/Valentino-Traiber-foto-anni-Sessanta-300x169.jpeg 300w, https:\/\/www.radiopiu.net\/wordpress\/wp-content\/uploads\/2021\/05\/Valentino-Traiber-foto-anni-Sessanta-1024x576.jpeg 1024w, https:\/\/www.radiopiu.net\/wordpress\/wp-content\/uploads\/2021\/05\/Valentino-Traiber-foto-anni-Sessanta-768x432.jpeg 768w, https:\/\/www.radiopiu.net\/wordpress\/wp-content\/uploads\/2021\/05\/Valentino-Traiber-foto-anni-Sessanta-1536x864.jpeg 1536w, https:\/\/www.radiopiu.net\/wordpress\/wp-content\/uploads\/2021\/05\/Valentino-Traiber-foto-anni-Sessanta.jpeg 1600w\" sizes=\"auto, (max-width: 300px) 100vw, 300px\" \/><\/a>BELLUNO <\/strong><span class=\"s1\">Confartigianato Belluno piange la scomparsa di Valentino Traiber, gi\u00e0 titolare dell\u2019omonima segheria in Val di Zoldo e suocero della presidente Claudia Scarzanella, che da un decennio porta avanti l\u2019attivit\u00e0. <\/span><span class=\"s1\">\u00ab<em>Con lui se ne va uno degli imprenditori storici della nostra provincia, un autentico pioniere del lavoro artigiano<\/em>\u00bb commenta Antinesca De Pol, presidente Anap (associazione pensionati di Confartigianato, di cui Valentino Traiber faceva parte dopo aver lasciato la segheria, nel 2002). Valentino infatti aveva rilevato negli anni Cinquanta l\u2019attivit\u00e0 fondata a Villanova di Forno di Zoldo dal nonno Pietro nel 1904. E l\u2019ha condotta nonostante le difficolt\u00e0 conseguenti l\u2019alluvione del \u201966, un autentico disastro che trascin\u00f2 via il laboratorio e tutti i macchinari. \u00ab<em>Proprio dalla distruzione del \u201966, Valentino seppe ricostruire con oculatezza &#8211; continua Antinesca De Pol -. Acquist\u00f2 macchinari innovativi e avvi\u00f2 nuove lavorazioni, al passo con i tempi. Mentre ci stringiamo ai suoi famigliari e ai suoi cari, ci auguriamo che le future generazioni possano imparare dall\u2019attivit\u00e0 di imprenditori cos\u00ec lungimiranti. Oggi non abbiamo l\u2019alluvione, ma il Covid e la tempesta che ne seguir\u00e0. E l\u2019esempio di Valentino Traiber deve esserci da stimolo<\/em>\u00bb.<\/span><\/p>\n<p>&nbsp;<\/p>\n<p>&nbsp;<\/p>\n<hr \/>\n<p>&nbsp;<\/p>\n<div class=\"page-title-head hgroup\">\n<blockquote>\n<h3 class=\"entry-title\">DUE CONCORSI MUSICALI A BELLUNO. IL CONCORSO NAZIONALE MUSICALE CITTA\u2019 DI BELLUNO E IL CONCORSO INTERNAZIONALE DI CANTO LIRICO<\/h3>\n<\/blockquote>\n<\/div>\n<div class=\"page-title-breadcrumbs\">\n<div class=\"page-title-breadcrumbs\"><a href=\"https:\/\/www.radiopiu.net\/wordpress\/con-manuela-selvestrel-gocce-di-sole-concorso-musicale-e-lirico-a-belluno\/3c62905c-0574-456b-beb2-65f50f65708d\/\" rel=\"attachment wp-att-210282\"><img loading=\"lazy\" decoding=\"async\" class=\"size-medium wp-image-210282 alignleft\" src=\"https:\/\/www.radiopiu.net\/wordpress\/wp-content\/uploads\/2021\/04\/3c62905c-0574-456b-beb2-65f50f65708d-300x138.jpg\" alt=\"\" width=\"300\" height=\"138\" srcset=\"https:\/\/www.radiopiu.net\/wordpress\/wp-content\/uploads\/2021\/04\/3c62905c-0574-456b-beb2-65f50f65708d-300x138.jpg 300w, https:\/\/www.radiopiu.net\/wordpress\/wp-content\/uploads\/2021\/04\/3c62905c-0574-456b-beb2-65f50f65708d-1024x472.jpg 1024w, https:\/\/www.radiopiu.net\/wordpress\/wp-content\/uploads\/2021\/04\/3c62905c-0574-456b-beb2-65f50f65708d-768x354.jpg 768w, https:\/\/www.radiopiu.net\/wordpress\/wp-content\/uploads\/2021\/04\/3c62905c-0574-456b-beb2-65f50f65708d-1536x708.jpg 1536w, https:\/\/www.radiopiu.net\/wordpress\/wp-content\/uploads\/2021\/04\/3c62905c-0574-456b-beb2-65f50f65708d.jpg 1600w\" sizes=\"auto, (max-width: 300px) 100vw, 300px\" \/><\/a><\/div>\n<div><\/div>\n<div class=\"page-title-breadcrumbs\"><strong>BELLUNO<\/strong> Dopo la presentazione alla radio con Manuela Selvestrel (vedi articolo allegato) ecco la conferenza stampa che preannuncia l&#8217;evento musicale bellunese.<\/div>\n<div><\/div>\n<div><\/div>\n<div><\/div>\n<div><\/div>\n<div><strong>di MORENO GIOLI<\/strong><\/div>\n<div><\/div>\n<div>\n<audio class=\"wp-audio-shortcode\" id=\"audio-210105-6\" preload=\"none\" style=\"width: 100%;\" controls=\"controls\"><source type=\"audio\/mpeg\" src=\"https:\/\/www.radiopiu.net\/wordpress\/wp-content\/uploads\/2021\/05\/GIOLI-CONCORSI-BELLUNO.mp3?_=6\" \/><a href=\"https:\/\/www.radiopiu.net\/wordpress\/wp-content\/uploads\/2021\/05\/GIOLI-CONCORSI-BELLUNO.mp3\">https:\/\/www.radiopiu.net\/wordpress\/wp-content\/uploads\/2021\/05\/GIOLI-CONCORSI-BELLUNO.mp3<\/a><\/audio>\n<\/div>\n<div><strong>LE INTERVISTE, MANUELA SELVESTREL- COMITATO GOCCE DI SOLE\u00a0\u00a0<\/strong><\/div>\n<div>\n<audio class=\"wp-audio-shortcode\" id=\"audio-210105-7\" preload=\"none\" style=\"width: 100%;\" controls=\"controls\"><source type=\"audio\/mpeg\" src=\"https:\/\/www.radiopiu.net\/wordpress\/wp-content\/uploads\/2021\/05\/MANUELA-SELVESTREL.mp3?_=7\" \/><a href=\"https:\/\/www.radiopiu.net\/wordpress\/wp-content\/uploads\/2021\/05\/MANUELA-SELVESTREL.mp3\">https:\/\/www.radiopiu.net\/wordpress\/wp-content\/uploads\/2021\/05\/MANUELA-SELVESTREL.mp3<\/a><\/audio>\n<p><strong>LE INTERVISTE, L&#8217;ASSESSORE MARCO PERALE\u00a0\u00a0<\/strong><\/p>\n<\/div>\n<div>\n<audio class=\"wp-audio-shortcode\" id=\"audio-210105-8\" preload=\"none\" style=\"width: 100%;\" controls=\"controls\"><source type=\"audio\/mpeg\" src=\"https:\/\/www.radiopiu.net\/wordpress\/wp-content\/uploads\/2021\/05\/MARCO-PERALE.mp3?_=8\" \/><a href=\"https:\/\/www.radiopiu.net\/wordpress\/wp-content\/uploads\/2021\/05\/MARCO-PERALE.mp3\">https:\/\/www.radiopiu.net\/wordpress\/wp-content\/uploads\/2021\/05\/MARCO-PERALE.mp3<\/a><\/audio>\n<p><strong>LE INTERVISTE,\u00a0 TIZIANA PAGANI CESA &#8211; FONDAZIONE TEATRI<\/strong><\/p>\n<\/div>\n<div>\n<audio class=\"wp-audio-shortcode\" id=\"audio-210105-9\" preload=\"none\" style=\"width: 100%;\" controls=\"controls\"><source type=\"audio\/mpeg\" src=\"https:\/\/www.radiopiu.net\/wordpress\/wp-content\/uploads\/2021\/05\/TIZIANA-TEATRO.mp3?_=9\" \/><a href=\"https:\/\/www.radiopiu.net\/wordpress\/wp-content\/uploads\/2021\/05\/TIZIANA-TEATRO.mp3\">https:\/\/www.radiopiu.net\/wordpress\/wp-content\/uploads\/2021\/05\/TIZIANA-TEATRO.mp3<\/a><\/audio>\n<p>&nbsp;<\/p>\n<\/div>\n<p><strong> <span style=\"color: #ff0000;\">DAI NOTIZIARI DI RADIO PIU&#8217; LO SPECIALE ALLA RADIO clicca ed entra nelle notizie<\/span><\/strong><\/p>\n<\/div>\n<blockquote class=\"wp-embedded-content\" data-secret=\"Ao34Popths\"><p><a href=\"https:\/\/www.radiopiu.net\/wordpress\/due-concorsi-musicali-a-belluno-il-concorso-nazionale-musicale-citta-di-belluno-e-il-concorso-internazionale-di-canto-lirico\/\">DUE CONCORSI MUSICALI A BELLUNO. IL CONCORSO NAZIONALE MUSICALE CITTA&#8217; DI BELLUNO E IL CONCORSO INTERNAZIONALE DI CANTO LIRICO<\/a><\/p><\/blockquote>\n<p><iframe loading=\"lazy\" class=\"wp-embedded-content\" sandbox=\"allow-scripts\" security=\"restricted\" style=\"position: absolute; clip: rect(1px, 1px, 1px, 1px);\" title=\"&#8220;DUE CONCORSI MUSICALI A BELLUNO. IL CONCORSO NAZIONALE MUSICALE CITTA&#8217; DI BELLUNO E IL CONCORSO INTERNAZIONALE DI CANTO LIRICO&#8221; &#8212; Radio Pi\u00f9\" src=\"https:\/\/www.radiopiu.net\/wordpress\/due-concorsi-musicali-a-belluno-il-concorso-nazionale-musicale-citta-di-belluno-e-il-concorso-internazionale-di-canto-lirico\/embed\/#?secret=Ao34Popths\" data-secret=\"Ao34Popths\" width=\"600\" height=\"338\" frameborder=\"0\" marginwidth=\"0\" marginheight=\"0\" scrolling=\"no\"><\/iframe><\/p>\n<h3 class=\"entry-title\"><\/h3>\n<hr \/>\n<h3 class=\"entry-title\"><\/h3>\n<blockquote>\n<h3 class=\"entry-title\">LA COMMISSIONE PARI OPPORTUNITA\u2019 CONTRO L\u2019UTILIZZO DELLA PAROLE D\u2019ODIO<\/h3>\n<\/blockquote>\n<\/div>\n<p><span style=\"font-size: large;\"><a href=\"https:\/\/www.radiopiu.net\/wordpress\/la-commissione-pari-opportunita-contro-lutilizzo-della-parole-dodio\/489b09a5-2012-4a17-aa32-ce1495805634-1\/\" rel=\"attachment wp-att-210201\"><img loading=\"lazy\" decoding=\"async\" class=\" wp-image-210201 alignleft\" src=\"https:\/\/www.radiopiu.net\/wordpress\/wp-content\/uploads\/2021\/05\/489b09a5-2012-4a17-aa32-ce1495805634-1-300x300.jpg\" alt=\"\" width=\"239\" height=\"239\" srcset=\"https:\/\/www.radiopiu.net\/wordpress\/wp-content\/uploads\/2021\/05\/489b09a5-2012-4a17-aa32-ce1495805634-1-300x300.jpg 300w, https:\/\/www.radiopiu.net\/wordpress\/wp-content\/uploads\/2021\/05\/489b09a5-2012-4a17-aa32-ce1495805634-1-1024x1024.jpg 1024w, https:\/\/www.radiopiu.net\/wordpress\/wp-content\/uploads\/2021\/05\/489b09a5-2012-4a17-aa32-ce1495805634-1-150x150.jpg 150w, https:\/\/www.radiopiu.net\/wordpress\/wp-content\/uploads\/2021\/05\/489b09a5-2012-4a17-aa32-ce1495805634-1-768x768.jpg 768w, https:\/\/www.radiopiu.net\/wordpress\/wp-content\/uploads\/2021\/05\/489b09a5-2012-4a17-aa32-ce1495805634-1.jpg 1080w\" sizes=\"auto, (max-width: 239px) 100vw, 239px\" \/><\/a><strong>FELTRE<\/strong>\u00a0 Ieri diciassettesima Giornata Internazionale contro l\u2019omofobia, la lesbofobia, la transfobia e la bifobia, per contrastare il fenomeno in tutte le sue forme. <\/span><span style=\"font-size: large;\">La Rete delle Amministrazioni pubbliche, conta attualmente 210 partner, tra cui il Comune di Feltre, e ogni anno &#8211; in occasione del 17 maggio &#8211; organizza un\u2019iniziativa congiunta su un tema e con uno strumento concordato nell\u2019incontro annuale dei partner. Per ieri \u00e8 stato scelto di lanciare una campagna di comunicazione social per il contrasto all\u2019utilizzo di parole d\u2019odio (Stop Hate Speech). I partner della Rete che aderiscono all\u2019iniziativa diffonderanno foto di testimonial e di luoghi della propria realt\u00e0 inseriti in una cornice grafica appositamente creata. Dal 14 maggio il frame della campagna \u00e8 utilizzabile anche come cornice delle foto profilo per tutti gli utenti di Facebook che volessero aderire alla campagna.<\/span><\/p>\n<p>&nbsp;<\/p>\n<p>&nbsp;<\/p>\n<div class=\"page-title-head hgroup\">\n<blockquote>\n<h3><\/h3>\n<\/blockquote>\n<blockquote><p>&nbsp;<\/p><\/blockquote>\n<hr \/>\n<p>&nbsp;<\/p>\n<blockquote>\n<h3>AL VIA IL CORSO BASE DI FOTOGRAFIA DIGITALE AD AGORDO<\/h3>\n<\/blockquote>\n<p><strong><a href=\"https:\/\/www.radiopiu.net\/wordpress\/al-via-il-corso-base-di-fotografia-digitale-ad-agordo\/macchina-fotografica\/\" rel=\"attachment wp-att-210383\"><img loading=\"lazy\" decoding=\"async\" class=\" wp-image-210383 alignleft\" src=\"https:\/\/www.radiopiu.net\/wordpress\/wp-content\/uploads\/2021\/05\/macchina-fotografica-300x200.jpg\" alt=\"\" width=\"168\" height=\"112\" srcset=\"https:\/\/www.radiopiu.net\/wordpress\/wp-content\/uploads\/2021\/05\/macchina-fotografica-300x200.jpg 300w, https:\/\/www.radiopiu.net\/wordpress\/wp-content\/uploads\/2021\/05\/macchina-fotografica-1024x683.jpg 1024w, https:\/\/www.radiopiu.net\/wordpress\/wp-content\/uploads\/2021\/05\/macchina-fotografica-768x512.jpg 768w, https:\/\/www.radiopiu.net\/wordpress\/wp-content\/uploads\/2021\/05\/macchina-fotografica-1536x1024.jpg 1536w, https:\/\/www.radiopiu.net\/wordpress\/wp-content\/uploads\/2021\/05\/macchina-fotografica.jpg 1920w\" sizes=\"auto, (max-width: 168px) 100vw, 168px\" \/><\/a>AGORDO<\/strong><\/p>\n<p>di Gianni Santomaso<\/p>\n<audio class=\"wp-audio-shortcode\" id=\"audio-210105-10\" preload=\"none\" style=\"width: 100%;\" controls=\"controls\"><source type=\"audio\/mpeg\" src=\"https:\/\/www.radiopiu.net\/wordpress\/wp-content\/uploads\/2021\/05\/GIANNI-CIRCOLO-FOTOGRAFICO-AGORDINO.mp3?_=10\" \/><a href=\"https:\/\/www.radiopiu.net\/wordpress\/wp-content\/uploads\/2021\/05\/GIANNI-CIRCOLO-FOTOGRAFICO-AGORDINO.mp3\">https:\/\/www.radiopiu.net\/wordpress\/wp-content\/uploads\/2021\/05\/GIANNI-CIRCOLO-FOTOGRAFICO-AGORDINO.mp3<\/a><\/audio>\n<p>&nbsp;<\/p>\n<hr \/>\n<p>&nbsp;<\/p>\n<blockquote>\n<h2>LE INIZIATIVE DI AD AGORDO PROLOCO<\/h2>\n<\/blockquote>\n<p><strong><a href=\"https:\/\/www.radiopiu.net\/wordpress\/scopriamo-agordo-perche-quando-tutto-questo-sara-finito-diremo-andiamo-a-farci-un-giro-ad-agordo\/ad-agordo-proloco-logo_colors\/\" rel=\"attachment wp-att-129089\"><img loading=\"lazy\" decoding=\"async\" class=\"wp-image-129089 alignleft\" src=\"https:\/\/www.radiopiu.net\/wordpress\/wp-content\/uploads\/2020\/04\/AD-AGORDO-PROLOCO-LOGO_colors-300x300.jpg\" alt=\"\" width=\"116\" height=\"116\" srcset=\"https:\/\/www.radiopiu.net\/wordpress\/wp-content\/uploads\/2020\/04\/AD-AGORDO-PROLOCO-LOGO_colors-300x300.jpg 300w, https:\/\/www.radiopiu.net\/wordpress\/wp-content\/uploads\/2020\/04\/AD-AGORDO-PROLOCO-LOGO_colors-1024x1024.jpg 1024w, https:\/\/www.radiopiu.net\/wordpress\/wp-content\/uploads\/2020\/04\/AD-AGORDO-PROLOCO-LOGO_colors-150x150.jpg 150w, https:\/\/www.radiopiu.net\/wordpress\/wp-content\/uploads\/2020\/04\/AD-AGORDO-PROLOCO-LOGO_colors-768x768.jpg 768w, https:\/\/www.radiopiu.net\/wordpress\/wp-content\/uploads\/2020\/04\/AD-AGORDO-PROLOCO-LOGO_colors-1536x1536.jpg 1536w, https:\/\/www.radiopiu.net\/wordpress\/wp-content\/uploads\/2020\/04\/AD-AGORDO-PROLOCO-LOGO_colors.jpg 1920w\" sizes=\"auto, (max-width: 116px) 100vw, 116px\" \/><\/a><\/strong><\/p>\n<p><strong>AGORDO<\/strong> In occasione del passaggio del Giro d&#8217;Italia del 24 maggio, il successivo passaggio del Giro U23 dell&#8217;11 maggio l&#8217;Ufficio Turistico di Agordo &#8211; Conca Agordina propone una nuova iniziativa dedicata alle foto e al mondo bici. Le foto delle bici in Agordino, che siano da corsa, MTB o ebike, saranno esposte sullo schermo in vetrina del nostro ufficio dal 21 maggio fino al 5 settembre 2021 e pubblicate su Facebook ed Instagram. Il regolamento visionabile anche al link <span style=\"color: #0000ff;\"><a style=\"color: #0000ff;\" href=\"https:\/\/www.agordo.net\/wp-content\/uploads\/2021\/05\/2021_Agordino-in-bici-regolamento.pdf\">CLICCA QUI<\/a><\/span><\/p>\n<p>&nbsp;<\/p>\n<p>&nbsp;<\/p>\n<hr \/>\n<p>&nbsp;<\/p>\n<blockquote>\n<h3>\u00a0IL 30 MAGGIO AD ARABBA LA COMMEDIA &#8220;TRE VOLPONI VIZIOSI<\/h3>\n<\/blockquote>\n<p><strong><a href=\"https:\/\/www.radiopiu.net\/wordpress\/giornale-radiopiu-14-maggio-2021-direttore-mirko-mezzacasa\/schermata-2021-05-13-alle-12-25-37\/\" rel=\"attachment wp-att-209545\"><img loading=\"lazy\" decoding=\"async\" class=\" wp-image-209545 alignleft\" src=\"https:\/\/www.radiopiu.net\/wordpress\/wp-content\/uploads\/2021\/05\/Schermata-2021-05-13-alle-12.25.37-232x300.png\" alt=\"\" width=\"67\" height=\"87\" srcset=\"https:\/\/www.radiopiu.net\/wordpress\/wp-content\/uploads\/2021\/05\/Schermata-2021-05-13-alle-12.25.37-232x300.png 232w, https:\/\/www.radiopiu.net\/wordpress\/wp-content\/uploads\/2021\/05\/Schermata-2021-05-13-alle-12.25.37.png 672w\" sizes=\"auto, (max-width: 67px) 100vw, 67px\" \/><\/a>LIVINALLONGO<\/strong> Appuntamento alla sala congressi di Arabba domenica 30 maggio alle 16:30 con la commedia &#8220;Tre Volponi Viziosi&#8221; della Nuova Compagnia di Teatro di Brunico. Organizza l&#8217;evento il gruppo Insieme si Pu\u00f2 di Fodom. Ingresso 8 euro, l&#8217;incasso della giornata sar\u00e0 devoluto per la costruzione di un pozzo d&#8217;acqua in Uganda.<\/p>\n<p>&nbsp;<\/p>\n<p>&nbsp;<\/p>\n<hr \/>\n<p>&nbsp;<\/p>\n<blockquote>\n<h3>GIORNATA NAZIONALE DELLA BIODIVERSIT\u00c0 AGRARIA E ALIMENTARE<\/h3>\n<\/blockquote>\n<p><strong>FELTRE<\/strong> Giovedi dalle 9 alle 12 porte aperte all&#8217;Azienda Agraria dell&#8217;Istituto &#8220;A. Della Lucia&#8221; in localit\u00e0 Vellai, visite guidate agli allevamenti, coltivazioni di conservazione di specie, razze e variet\u00e0 dell&#8217;agro-biodiversit\u00e0 bellunese. L\u2019ingresso \u00e8 libero e gratuito a tutti, previa prenotazione per la messa in atto di tutte le norme di sicurezza. Ulteriori informazioni sul sito www.agrariofeltre.edu.it<\/p>\n<p>&nbsp;<\/p>\n<hr \/>\n<p>&nbsp;<\/p>\n<blockquote>\n<h3>SHEEP AL.L. CHAIN: IL 21 MAGGIO IL CONVEGNO FINALE DI PRESENTAZIONE DEI RISULTATI RAGGIUNTI DAL PROGETTO<\/h3>\n<\/blockquote>\n<p><strong><a href=\"https:\/\/www.radiopiu.net\/wordpress\/giornale-radiopiu-14-maggio-2021-direttore-mirko-mezzacasa\/150215302_491415392248977_2134274507578512163_n\/\" rel=\"attachment wp-att-209513\"><img loading=\"lazy\" decoding=\"async\" class=\" wp-image-209513 alignleft\" src=\"https:\/\/www.radiopiu.net\/wordpress\/wp-content\/uploads\/2021\/05\/150215302_491415392248977_2134274507578512163_n-300x169.jpg\" sizes=\"auto, (max-width: 156px) 100vw, 156px\" srcset=\"https:\/\/www.radiopiu.net\/wordpress\/wp-content\/uploads\/2021\/05\/150215302_491415392248977_2134274507578512163_n-300x169.jpg 300w, https:\/\/www.radiopiu.net\/wordpress\/wp-content\/uploads\/2021\/05\/150215302_491415392248977_2134274507578512163_n-1024x576.jpg 1024w, https:\/\/www.radiopiu.net\/wordpress\/wp-content\/uploads\/2021\/05\/150215302_491415392248977_2134274507578512163_n-768x432.jpg 768w, https:\/\/www.radiopiu.net\/wordpress\/wp-content\/uploads\/2021\/05\/150215302_491415392248977_2134274507578512163_n-1536x864.jpg 1536w, https:\/\/www.radiopiu.net\/wordpress\/wp-content\/uploads\/2021\/05\/150215302_491415392248977_2134274507578512163_n.jpg 2048w\" alt=\"\" width=\"156\" height=\"88\" \/><\/a>SEDICO\u00a0\u00a0<\/strong>Si terr\u00e0 online venerd\u00ec 21 maggio dalle 10 alle 13 il convengo di presentazione dei risultati raggiunti in oltre due anni di attivit\u00e0 dal progetto SHEEP AL.L. CHAIN, che mira al miglioramento della competitivit\u00e0 degli allevamenti delle razze ovine autoctone a limitata diffusione: pecora di razza Alpagota e pecora di razza Lamon.<\/p>\n<p>&nbsp;<\/p>\n<p>&nbsp;<\/p>\n<hr \/>\n<p>&nbsp;<\/p>\n<div>\n<blockquote>\n<h3 class=\"gmail-documentFirstHeading\"><span id=\"gmail-parent-fieldname-title\" class=\"gmail-kssattr-atfieldname-title gmail-kssattr-templateId-widgets\/string gmail-kssattr-macro-string-field-view\">QUALIT\u00c0 DELL\u2019ARIA. PUBBLICATA LA RELAZIONE REGIONALE 2020<\/span><\/h3>\n<\/blockquote>\n<\/div>\n<\/div>\n<p><strong>PADOVA<\/strong> Arpav illustra lo stato della qualit\u00e0 dell\u2019aria a livello regionale utilizzando il confronto con gli anni precedenti.\u00a0 I risultati\u00a0 evidenziano come lo scorso anno, analogamente a quelli precedenti, le principali criticit\u00e0. Rispetto al 2019 non si sono registrati superamenti del valore limite annuale per il biossido di azoto. Il 2020 non \u00e8 anno di riferimento, con il lockdown totale \u00e8 stato, in assoluto, l\u2019anno con le concentrazioni di biossido di azoto pi\u00f9 basse di sempre in tutto il territorio regionale.<br \/>\nI DATI AL COMPLETO, RELAZIONE ARPAV\u00a0<span style=\"color: #0000ff;\"><strong> <a style=\"color: #0000ff;\" href=\"https:\/\/www.arpa.veneto.it\/arpavinforma\/comunicati-stampa\/archivio\/comunicati-2021\/qualita-dell2019aria.-pubblicata-la-relazione-regionale-2020\">CLICCA QUI<\/a><\/strong><\/span><\/p>\n<p>&nbsp;<\/p>\n<div class=\"page-title-head hgroup\">\n<div>\n<h1><\/h1>\n<\/div>\n<hr \/>\n<blockquote>\n<h2>VETRINA DEI RICORDI ANNI SESSANTA&#8230; MESSNER, RENZO &#8220;MONCIO&#8221; SIBILLON, SALVATORE SANTOMASO IL GIORNALISTA&#8230;<\/h2>\n<\/blockquote>\n<p><strong>dal libro &#8220;Odio La Radio&#8221;, di Mirko Mezzacasa 2013.\u00a0<\/strong><\/p>\n<p>Salvatore Santomaso il 13 febbraio 1968, firm\u00f2 l\u2019articolo sul quotidiano Triveneto in occasione della prima ascensione invernale della parete Nord dell\u2019Agner di Reinhold Messner, Henrich Messner e Sepp Mayerl: l\u2019 alpinista tirolese che ha perso la vita in un incidente sulle Dolomiti di Lienz a 75 anni il 28 luglio 2012, caduto mentre insieme ad un collega saliva la \u201cAlderwand, parete delle aquile\u201d presso Lavant, al confine fra il Tirolo dell\u2019Est e la Carinzia<\/p>\n<p>1968 Reinhold e Henrich Messner e Sepp Mayerl con Renzo Sibillon in Valle di San Lucano ai piedi del maestoso Agner. \u00a0A San Cipriano davanti al mio primo bar \u201cLocanda al Sasso\u201d, Salvatore \u00a0con Reinhold e Henrich Messner, Sepp Mayerl, Renzo Sibillon e la moglie Franca. Il bimbo al centro \u00e8 Danilo Sibillon socio fondatore di Radio Pi\u00f9. 3 &#8211; Paolo Sibillon con Sepp Mayerl in Austria. Paolo \u201cMoncio\u201d \u00e8 salito in moto fin lass\u00f9 per invitare Sepp alla bellissima manifestazione che si \u00e8 tenuta in Valle di San Lucano in ricordo della famosa ascensione invernale sull\u2019Agner<\/p>\n<p>&nbsp;<\/p>\n\n\t\t\t<style type='text\/css'>\n\t\t\t\t#gallery-5 {\n\t\t\t\t\tmargin: auto;\n\t\t\t\t}\n\t\t\t\t#gallery-5 .gallery-item {\n\t\t\t\t\tfloat: left;\n\t\t\t\t\tmargin-top: 10px;\n\t\t\t\t\ttext-align: center;\n\t\t\t\t\twidth: 20%;\n\t\t\t\t}\n\t\t\t\t#gallery-5 img {\n\t\t\t\t\tborder: 2px solid #cfcfcf;\n\t\t\t\t}\n\t\t\t\t#gallery-5 .gallery-caption {\n\t\t\t\t\tmargin-left: 0;\n\t\t\t\t}\n\t\t\t\t\/* see gallery_shortcode() in wp-includes\/media.php *\/\n\t\t\t<\/style>\n\t\t<div id='gallery-5' class='dt-gallery-container gallery galleryid-210105 gallery-columns-5 gallery-size-thumbnail'><dl class='gallery-item'>\n\t\t\t\t<dt class='gallery-icon portrait'>\n\t\t\t\t\t<a class=\"rollover rollover-zoom dt-pswp-item\" title=\"Agner_68\" data-dt-img-description=\"\" data-large_image_width=\"1227\" data-large_image_height=\"1689\"href='https:\/\/www.radiopiu.net\/wordpress\/wp-content\/uploads\/2021\/05\/Agner_68.jpg'><img loading=\"lazy\" decoding=\"async\" width=\"150\" height=\"150\" src=\"https:\/\/www.radiopiu.net\/wordpress\/wp-content\/uploads\/2021\/05\/Agner_68-150x150.jpg\" class=\"attachment-thumbnail size-thumbnail\" alt=\"\" \/><\/a>\n\t\t\t\t<\/dt><\/dl><dl class='gallery-item'>\n\t\t\t\t<dt class='gallery-icon landscape'>\n\t\t\t\t\t<a class=\"rollover rollover-zoom dt-pswp-item\" title=\"Iori68-11\" data-dt-img-description=\"\" data-large_image_width=\"1707\" data-large_image_height=\"1206\"href='https:\/\/www.radiopiu.net\/wordpress\/wp-content\/uploads\/2021\/05\/Iori68-11.jpg'><img loading=\"lazy\" decoding=\"async\" width=\"150\" height=\"150\" src=\"https:\/\/www.radiopiu.net\/wordpress\/wp-content\/uploads\/2021\/05\/Iori68-11-150x150.jpg\" class=\"attachment-thumbnail size-thumbnail\" alt=\"\" \/><\/a>\n\t\t\t\t<\/dt><\/dl><dl class='gallery-item'>\n\t\t\t\t<dt class='gallery-icon portrait'>\n\t\t\t\t\t<a class=\"rollover rollover-zoom dt-pswp-item\" title=\"Iori68-03\" data-dt-img-description=\"\" data-large_image_width=\"1215\" data-large_image_height=\"1716\"href='https:\/\/www.radiopiu.net\/wordpress\/wp-content\/uploads\/2021\/05\/Iori68-03.jpg'><img loading=\"lazy\" decoding=\"async\" width=\"150\" height=\"150\" src=\"https:\/\/www.radiopiu.net\/wordpress\/wp-content\/uploads\/2021\/05\/Iori68-03-150x150.jpg\" class=\"attachment-thumbnail size-thumbnail\" alt=\"\" \/><\/a>\n\t\t\t\t<\/dt><\/dl><dl class='gallery-item'>\n\t\t\t\t<dt class='gallery-icon portrait'>\n\t\t\t\t\t<a class=\"rollover rollover-zoom dt-pswp-item\" title=\"Iori68-12\" data-dt-img-description=\"\" data-large_image_width=\"1224\" data-large_image_height=\"1662\"href='https:\/\/www.radiopiu.net\/wordpress\/wp-content\/uploads\/2021\/05\/Iori68-12.jpg'><img loading=\"lazy\" decoding=\"async\" width=\"150\" height=\"150\" src=\"https:\/\/www.radiopiu.net\/wordpress\/wp-content\/uploads\/2021\/05\/Iori68-12-150x150.jpg\" class=\"attachment-thumbnail size-thumbnail\" alt=\"\" \/><\/a>\n\t\t\t\t<\/dt><\/dl><dl class='gallery-item'>\n\t\t\t\t<dt class='gallery-icon portrait'>\n\t\t\t\t\t<a class=\"rollover rollover-zoom dt-pswp-item\" title=\"Iori68-13\" data-dt-img-description=\"\" data-large_image_width=\"1228\" data-large_image_height=\"1697\"href='https:\/\/www.radiopiu.net\/wordpress\/wp-content\/uploads\/2021\/05\/Iori68-13.jpg'><img loading=\"lazy\" decoding=\"async\" width=\"150\" height=\"150\" src=\"https:\/\/www.radiopiu.net\/wordpress\/wp-content\/uploads\/2021\/05\/Iori68-13-150x150.jpg\" class=\"attachment-thumbnail size-thumbnail\" alt=\"\" \/><\/a>\n\t\t\t\t<\/dt><\/dl><br style=\"clear: both\" \/><dl class='gallery-item'>\n\t\t\t\t<dt class='gallery-icon portrait'>\n\t\t\t\t\t<a class=\"rollover rollover-zoom dt-pswp-item\" title=\"Agner6a-68\" data-dt-img-description=\"\" data-large_image_width=\"834\" data-large_image_height=\"1146\"href='https:\/\/www.radiopiu.net\/wordpress\/wp-content\/uploads\/2021\/05\/Agner6a-68.jpg'><img loading=\"lazy\" decoding=\"async\" width=\"150\" height=\"150\" src=\"https:\/\/www.radiopiu.net\/wordpress\/wp-content\/uploads\/2021\/05\/Agner6a-68-150x150.jpg\" class=\"attachment-thumbnail size-thumbnail\" alt=\"\" \/><\/a>\n\t\t\t\t<\/dt><\/dl><dl class='gallery-item'>\n\t\t\t\t<dt class='gallery-icon portrait'>\n\t\t\t\t\t<a class=\"rollover rollover-zoom dt-pswp-item\" title=\"Iori68-15\" data-dt-img-description=\"\" data-large_image_width=\"1215\" data-large_image_height=\"1719\"href='https:\/\/www.radiopiu.net\/wordpress\/wp-content\/uploads\/2021\/05\/Iori68-15.jpg'><img loading=\"lazy\" decoding=\"async\" width=\"150\" height=\"150\" src=\"https:\/\/www.radiopiu.net\/wordpress\/wp-content\/uploads\/2021\/05\/Iori68-15-150x150.jpg\" class=\"attachment-thumbnail size-thumbnail\" alt=\"\" \/><\/a>\n\t\t\t\t<\/dt><\/dl><dl class='gallery-item'>\n\t\t\t\t<dt class='gallery-icon portrait'>\n\t\t\t\t\t<a class=\"rollover rollover-zoom dt-pswp-item\" title=\"Iori68-16\" data-dt-img-description=\"\" data-large_image_width=\"1222\" data-large_image_height=\"1707\"href='https:\/\/www.radiopiu.net\/wordpress\/wp-content\/uploads\/2021\/05\/Iori68-16.jpg'><img loading=\"lazy\" decoding=\"async\" width=\"150\" height=\"150\" src=\"https:\/\/www.radiopiu.net\/wordpress\/wp-content\/uploads\/2021\/05\/Iori68-16-150x150.jpg\" class=\"attachment-thumbnail size-thumbnail\" alt=\"\" \/><\/a>\n\t\t\t\t<\/dt><\/dl><dl class='gallery-item'>\n\t\t\t\t<dt class='gallery-icon portrait'>\n\t\t\t\t\t<a class=\"rollover rollover-zoom dt-pswp-item\" title=\"RenzoSibillonMoncio\" data-dt-img-description=\"\" data-large_image_width=\"849\" data-large_image_height=\"1190\"href='https:\/\/www.radiopiu.net\/wordpress\/wp-content\/uploads\/2021\/05\/RenzoSibillonMoncio.jpg'><img loading=\"lazy\" decoding=\"async\" width=\"150\" height=\"150\" src=\"https:\/\/www.radiopiu.net\/wordpress\/wp-content\/uploads\/2021\/05\/RenzoSibillonMoncio-150x150.jpg\" class=\"attachment-thumbnail size-thumbnail\" alt=\"\" \/><\/a>\n\t\t\t\t<\/dt><\/dl><dl class='gallery-item'>\n\t\t\t\t<dt class='gallery-icon landscape'>\n\t\t\t\t\t<a class=\"rollover rollover-zoom dt-pswp-item\" title=\"Iori68-14\" data-dt-img-description=\"\" data-large_image_width=\"1695\" data-large_image_height=\"1219\"href='https:\/\/www.radiopiu.net\/wordpress\/wp-content\/uploads\/2021\/05\/Iori68-14.jpg'><img loading=\"lazy\" decoding=\"async\" width=\"150\" height=\"150\" src=\"https:\/\/www.radiopiu.net\/wordpress\/wp-content\/uploads\/2021\/05\/Iori68-14-150x150.jpg\" class=\"attachment-thumbnail size-thumbnail\" alt=\"\" \/><\/a>\n\t\t\t\t<\/dt><\/dl><br style=\"clear: both\" \/><dl class='gallery-item'>\n\t\t\t\t<dt class='gallery-icon portrait'>\n\t\t\t\t\t<a class=\"rollover rollover-zoom dt-pswp-item\" title=\"Iori68-01_Eliofoto\" data-dt-img-description=\"\" data-large_image_width=\"1216\" data-large_image_height=\"1665\"href='https:\/\/www.radiopiu.net\/wordpress\/wp-content\/uploads\/2021\/05\/Iori68-01_Eliofoto.jpg'><img loading=\"lazy\" decoding=\"async\" width=\"150\" height=\"150\" src=\"https:\/\/www.radiopiu.net\/wordpress\/wp-content\/uploads\/2021\/05\/Iori68-01_Eliofoto-150x150.jpg\" class=\"attachment-thumbnail size-thumbnail\" alt=\"\" \/><\/a>\n\t\t\t\t<\/dt><\/dl><dl class='gallery-item'>\n\t\t\t\t<dt class='gallery-icon landscape'>\n\t\t\t\t\t<a class=\"rollover rollover-zoom dt-pswp-item\" title=\"Agner68Iori\" data-dt-img-description=\"\" data-large_image_width=\"1743\" data-large_image_height=\"1214\"href='https:\/\/www.radiopiu.net\/wordpress\/wp-content\/uploads\/2021\/05\/Agner68Iori.jpg'><img loading=\"lazy\" decoding=\"async\" width=\"150\" height=\"150\" src=\"https:\/\/www.radiopiu.net\/wordpress\/wp-content\/uploads\/2021\/05\/Agner68Iori-150x150.jpg\" class=\"attachment-thumbnail size-thumbnail\" alt=\"\" \/><\/a>\n\t\t\t\t<\/dt><\/dl><dl class='gallery-item'>\n\t\t\t\t<dt class='gallery-icon landscape'>\n\t\t\t\t\t<a class=\"rollover rollover-zoom dt-pswp-item\" title=\"Agner68IoriD\" data-dt-img-description=\"\" data-large_image_width=\"1740\" data-large_image_height=\"1216\"href='https:\/\/www.radiopiu.net\/wordpress\/wp-content\/uploads\/2021\/05\/Agner68IoriD.jpg'><img loading=\"lazy\" decoding=\"async\" width=\"150\" height=\"150\" src=\"https:\/\/www.radiopiu.net\/wordpress\/wp-content\/uploads\/2021\/05\/Agner68IoriD-150x150.jpg\" class=\"attachment-thumbnail size-thumbnail\" alt=\"\" \/><\/a>\n\t\t\t\t<\/dt><\/dl><dl class='gallery-item'>\n\t\t\t\t<dt class='gallery-icon landscape'>\n\t\t\t\t\t<a class=\"rollover rollover-zoom dt-pswp-item\" title=\"Agner68IoriC\" data-dt-img-description=\"\" data-large_image_width=\"1741\" data-large_image_height=\"1226\"href='https:\/\/www.radiopiu.net\/wordpress\/wp-content\/uploads\/2021\/05\/Agner68IoriC.jpg'><img loading=\"lazy\" decoding=\"async\" width=\"150\" height=\"150\" src=\"https:\/\/www.radiopiu.net\/wordpress\/wp-content\/uploads\/2021\/05\/Agner68IoriC-150x150.jpg\" class=\"attachment-thumbnail size-thumbnail\" alt=\"\" \/><\/a>\n\t\t\t\t<\/dt><\/dl><dl class='gallery-item'>\n\t\t\t\t<dt class='gallery-icon landscape'>\n\t\t\t\t\t<a class=\"rollover rollover-zoom dt-pswp-item\" title=\"RenzoSibillonMoncioRetro\" data-dt-img-description=\"\" data-large_image_width=\"1217\" data-large_image_height=\"868\"href='https:\/\/www.radiopiu.net\/wordpress\/wp-content\/uploads\/2021\/05\/RenzoSibillonMoncioRetro.jpg'><img loading=\"lazy\" decoding=\"async\" width=\"150\" height=\"150\" src=\"https:\/\/www.radiopiu.net\/wordpress\/wp-content\/uploads\/2021\/05\/RenzoSibillonMoncioRetro-150x150.jpg\" class=\"attachment-thumbnail size-thumbnail\" alt=\"\" \/><\/a>\n\t\t\t\t<\/dt><\/dl><br style=\"clear: both\" \/>\n\t\t\t<\/div>\n\n<div>\n<div>\n<div class=\"b654a4as d2edcug0\">\n<div class=\"rq0escxv hkbzh7o3 jwdofwj8 n8tt0mok r8blr3vg hyh9befq\"><\/div>\n<\/div>\n<\/div>\n<div>\n<div class=\"page-title-head hgroup\">\n<div class=\"page-title-head hgroup\">\n<div>\n<div>\n<h3><\/h3>\n<hr \/>\n<p>&nbsp;<\/p>\n<blockquote>\n<h3>I PITTORI PAOLO FABRIS, OSVALDO MAZZORAN E FLAMINIO GRAPPINELLI \u201cALPAGOTI ILLUSTRI\u201d<\/h3>\n<\/blockquote>\n<p><strong>di Renato Bona<\/strong><\/p>\n<p>Nella nuova, odierna, occasione per scoprire o riscoprire \u201cPersonaggi illustri dell\u2019Alpago e Ponte nelle Alpi\u201d (titolo del libro dello scomparso maestro) che Mario De Nale realizz\u00f2 nell\u2019agosto del 1978 con la bellunese tipografia Piave &#8211; in occasione del centenario di Placido Fabris, il \u201cpittore solitario\u201d- per il Centro sociale di educazione permanente di Tambre e l\u2019Associazione emigranti bellunesi, con il contributo della Cassa di risparmio di Verona, Vicenza e Belluno, presentazione dell\u2019allora provveditore agli studi di Belluno prof. Mario Morales, noto critico d\u2019arte) ci soffermiamo nel campo dell\u2019arte, esponendo i profili di tre pittori. Partiamo da PAOLO FABRIS, fratello del pi\u00f9 noto Placido (del quale ci siamo gi\u00e0 occupati nel recente passato &#8211; ndr.): nacque a Pieve il 7 settembre 1810 e mor\u00ec a Venezia il 24 novembre 1888. Fu in particolare un grande restauratore di quadri di buoni autori e per molti anni &#8211; come spiegava sinteticamente De Nale &#8211; conservatore del Palazzo Ducale di Venezia. Si dedic\u00f2 pure alla pittura, infatti nella chiesa di Funes, in comune di Chies, \u00e8 esposto il suo quadro raffigurante San Pietro. OSVALDO MAZZORAN, noto come \u201cstucador\u201d, figlio di Angelo (1804) e di Angela Masin, nacque a Tambruz, una frazione di Tambre, il 12 settembre 1824 e mor\u00ec a Venezia nel 1888 (stessa citt\u00e0 e stesso anno di Paolo Fabris &#8211; ndr.). L\u2019autore del libro ricordava che \u201cAppartiene ad una famiglia di atavica tradizione nel campo decorativo: il suo bisavolo Giovanni era un noto decoratore e, da lui, i discendenti ereditarono il soprannome di \u201cstucador\u201d. Prima di lui, oltre al bisavolo, anche il nonno Osvaldo (1768) e il padre avevano lasciato un importante segno in molti palazzi veneziani. Fra tutti, tuttavia, il pi\u00f9 noto fu Osvaldo il cui nome, fino a qualche anno fa, appariva nell\u2019atrio di palazzo Farsetti dove ha sede il comune di Venezia\u201d. Il nostro decor\u00f2, tra l\u2019altro, il palazzo Fraschetti, sempre a Venezia. Ed eccoci a quello che \u00e8 ricordato come \u201cIl pittore degli apostoli\u201d: FLAMINIO GRAPPINELLI. Sulle pareti nord e sud della cattedrale-basilica di Belluno spiccano i dodici quadri che \u201craffigurano i dodici apostoli di cui sei, i pi\u00f9 belli, furono attribuiti proprio a Flaminio Grappinelli di Pieve d\u2019Alpago; gli altri al pittore locale Gabrieli, probabilmente allievo di Grappinelli stesso o, comunque, appartenente alla medesima scuola in quanto lo stile, le linee e le forme sembrano uscire da un\u2019unica mano, o dal medesimo pennello\u201d. De Nale a proposito di questo artista specificava che: \u201cL\u2019unico dato conosciuto intorno all\u2019identit\u00e0 del Grappinelli \u00e8 quello che ne attribuisce la morte avvenuta a Pieve, intorno alla met\u00e0 del XVIII secolo, ma le mie ricerche effettuate presso gli archivi di Pieve non hanno dato alcun esito positivo che possa avvalorare tale affermazione\u201d. Precisava tuttavia che a Pieve d\u2019Alpago, nel secolo accennato, c\u2019era veramente la famiglia di un Grappinelli: Bortolo, nato a Pieve nel 1788 e morto pure a Pieve nel 1878. Egli aveva sposato Celeste Miciarin e dal loro matrimonio nacquero sei figli: Emilio Francesco, venuto alla luce a Pieve il 10 maggio 1825 e morto nel paese natale il 7 novembre 1874\u00b8 Antonio, nato il 23 aprile 1829 e morto il 16 marzo 1876; Cecilia Francesca, Maria Luigia, Virginia Domenica e Luigia Vittoria. Non sarebbe quindi da escludere che il \u2018pittore degli apostoli\u2019 sia stato Emilio. Il suo quadro pi\u00f9 bello \u00e8 quello che raffigura l\u2019apostolo san Giovanni Battista, esposto nella parete nord alla sinistra del busto di Salvatore Bolognesi\u201d. Ne riferisce anche lo storico prof. Flavio Vizzutti nel suo ponderoso \u201cLa cattedrale di Belluno. Catalogo del patrimonio storico artistico\u201d soffermandosi sull\u2019opera \u201cI dodici apostoli: olio su tela cm. 171&#215;103, navata di destra: santi Filippo, Simome, Giovanni, Taddeo, Andrea, Giacomo Maggiore, navata di sinistra: santi Giacomo Minore, Tomaso, Bartolomeo, Matteo, Paolo, Pietro: \u201cLe dodici tele appese in alto lungo le navate da Agostino Occofer (Belluno 1791-1868) vengono genericamente assegnate in parte a Grappinelli ed in parte a Antonio Gabrieli (Belluno 1694-1789); a quest\u2019ultimo, per la precisione, sono attribuiti solo i dipinti con i santi Pietro e Paolo). Aggiunge: \u201cDi Flaminio Grappinelli non si conoscono gli esatti estremi biografici n\u00e9 nulla si sa della sua formazione artistica comunque secondo il Pellegrini \u2018egli nacque a Pieve d\u2019Alpago e mor\u00ec circa alla met\u00e0 del secolo XVIII\u2019. Nella realt\u00e0 per\u00f2 sinora non \u00e8 stata rintracciata nessuna fonte archivistica settecentesca che certifichi la sua nascita a Pieve sebbene la famiglia Grappinelli sia ben documentata in loco come un casato di distinta civilt\u00e0 dal seno del quale erano usciti ben quattro notai: Bortolo, attivo dal 16739 al 1681, Emilio, dal 1682 al 1742, Bortolo dal 1718 al 1771, Ludovico dal 1765 al 1808\u201d. Secondo lo stesso Vizzutti all\u2019artista \u201cvanno ascritti i dipinti con san Giovanni (recante il libro aperto; ai suoi piedi si vedono l\u2019allegorica aquila ed il calice), san Taddeo (regge l\u2019alabarda), sant\u2019Andrea (abbraccia la celebre croce), san Giacomo Maggiore (ha il bordone da pellegrino ed indossa il sanrocchino sul quale sono cucite le allusive conchiglie), san Bartolomeo (con entrambe le mani tende un brandello di pelle in riferimento al suo atroce martirio), san Matteo (regge il libro del suo Vangelo)\u201d e quindi ne sottolinea la \u201cmolto elevata valenza tecnico-pittorica delle opere nelle quali una pennellata magistralmente esperta e quasi sfrangiata conduce una fluente materia cromatica dalle tinte accese, luminose, sapientemente contrapposte a gole d\u2019ombra profonda\u201d. Vizzutti conclude: \u201cSebbene allo stato attuale degli studi grappinelliani si conosca solo questo gruppetto di lavori (oltre ad un disperso san Giovanni Nepomuceno dipinto attorno al 1750 per la chiesa dei Gesuiti ed un san Rocco riconosciuto dal Valcanover in una collezione privata milanese), nella cultura artistica del pittore sembrerebbe possibile individuare oltre a certe suggestioni desunte dalle opere guardesche anche alcuni influssi tratti dal lessico del Mazzoni, del Fetti e del Maffei\u2026\u201d.<\/p>\n\n\t\t\t<style type='text\/css'>\n\t\t\t\t#gallery-6 {\n\t\t\t\t\tmargin: auto;\n\t\t\t\t}\n\t\t\t\t#gallery-6 .gallery-item {\n\t\t\t\t\tfloat: left;\n\t\t\t\t\tmargin-top: 10px;\n\t\t\t\t\ttext-align: center;\n\t\t\t\t\twidth: 25%;\n\t\t\t\t}\n\t\t\t\t#gallery-6 img {\n\t\t\t\t\tborder: 2px solid #cfcfcf;\n\t\t\t\t}\n\t\t\t\t#gallery-6 .gallery-caption {\n\t\t\t\t\tmargin-left: 0;\n\t\t\t\t}\n\t\t\t\t\/* see gallery_shortcode() in wp-includes\/media.php *\/\n\t\t\t<\/style>\n\t\t<div id='gallery-6' class='dt-gallery-container gallery galleryid-210105 gallery-columns-4 gallery-size-thumbnail'><dl class='gallery-item'>\n\t\t\t\t<dt class='gallery-icon landscape'>\n\t\t\t\t\t<a class=\"rollover rollover-zoom dt-pswp-item\" title=\"186534082_1370777603306006_700018882879210484_n\" data-dt-img-description=\"\" data-large_image_width=\"275\" data-large_image_height=\"183\"href='https:\/\/www.radiopiu.net\/wordpress\/wp-content\/uploads\/2021\/05\/186534082_1370777603306006_700018882879210484_n.jpg'><img loading=\"lazy\" decoding=\"async\" width=\"150\" height=\"150\" src=\"https:\/\/www.radiopiu.net\/wordpress\/wp-content\/uploads\/2021\/05\/186534082_1370777603306006_700018882879210484_n-150x150.jpg\" class=\"attachment-thumbnail size-thumbnail\" alt=\"\" \/><\/a>\n\t\t\t\t<\/dt><\/dl><dl class='gallery-item'>\n\t\t\t\t<dt class='gallery-icon portrait'>\n\t\t\t\t\t<a class=\"rollover rollover-zoom dt-pswp-item\" title=\"186513427_109013844606916_5670494854064430460_n\" data-dt-img-description=\"\" data-large_image_width=\"310\" data-large_image_height=\"540\"href='https:\/\/www.radiopiu.net\/wordpress\/wp-content\/uploads\/2021\/05\/186513427_109013844606916_5670494854064430460_n.jpg'><img loading=\"lazy\" decoding=\"async\" width=\"150\" height=\"150\" src=\"https:\/\/www.radiopiu.net\/wordpress\/wp-content\/uploads\/2021\/05\/186513427_109013844606916_5670494854064430460_n-150x150.jpg\" class=\"attachment-thumbnail size-thumbnail\" alt=\"\" \/><\/a>\n\t\t\t\t<\/dt><\/dl><dl class='gallery-item'>\n\t\t\t\t<dt class='gallery-icon landscape'>\n\t\t\t\t\t<a class=\"rollover rollover-zoom dt-pswp-item\" title=\"186532581_5622185224489233_6564068597115414114_n\" data-dt-img-description=\"\" data-large_image_width=\"354\" data-large_image_height=\"142\"href='https:\/\/www.radiopiu.net\/wordpress\/wp-content\/uploads\/2021\/05\/186532581_5622185224489233_6564068597115414114_n.jpg'><img loading=\"lazy\" decoding=\"async\" width=\"150\" height=\"142\" src=\"https:\/\/www.radiopiu.net\/wordpress\/wp-content\/uploads\/2021\/05\/186532581_5622185224489233_6564068597115414114_n-150x142.jpg\" class=\"attachment-thumbnail size-thumbnail\" alt=\"\" \/><\/a>\n\t\t\t\t<\/dt><\/dl><dl class='gallery-item'>\n\t\t\t\t<dt class='gallery-icon portrait'>\n\t\t\t\t\t<a class=\"rollover rollover-zoom dt-pswp-item\" title=\"187292260_254980639711896_1012439215974781037_n\" data-dt-img-description=\"\" data-large_image_width=\"301\" data-large_image_height=\"600\"href='https:\/\/www.radiopiu.net\/wordpress\/wp-content\/uploads\/2021\/05\/187292260_254980639711896_1012439215974781037_n.jpg'><img loading=\"lazy\" decoding=\"async\" width=\"150\" height=\"150\" src=\"https:\/\/www.radiopiu.net\/wordpress\/wp-content\/uploads\/2021\/05\/187292260_254980639711896_1012439215974781037_n-150x150.jpg\" class=\"attachment-thumbnail size-thumbnail\" alt=\"\" \/><\/a>\n\t\t\t\t<\/dt><\/dl><br style=\"clear: both\" \/><dl class='gallery-item'>\n\t\t\t\t<dt class='gallery-icon portrait'>\n\t\t\t\t\t<a class=\"rollover rollover-zoom dt-pswp-item\" title=\"123852035_689425231983982_7861320097923571841_n\" data-dt-img-description=\"\" data-large_image_width=\"302\" data-large_image_height=\"403\"href='https:\/\/www.radiopiu.net\/wordpress\/wp-content\/uploads\/2021\/05\/123852035_689425231983982_7861320097923571841_n.jpg'><img loading=\"lazy\" decoding=\"async\" width=\"150\" height=\"150\" src=\"https:\/\/www.radiopiu.net\/wordpress\/wp-content\/uploads\/2021\/05\/123852035_689425231983982_7861320097923571841_n-150x150.jpg\" class=\"attachment-thumbnail size-thumbnail\" alt=\"\" \/><\/a>\n\t\t\t\t<\/dt><\/dl><dl class='gallery-item'>\n\t\t\t\t<dt class='gallery-icon landscape'>\n\t\t\t\t\t<a class=\"rollover rollover-zoom dt-pswp-item\" title=\"187102354_258153386088007_6585504481512816683_n\" data-dt-img-description=\"\" data-large_image_width=\"537\" data-large_image_height=\"403\"href='https:\/\/www.radiopiu.net\/wordpress\/wp-content\/uploads\/2021\/05\/187102354_258153386088007_6585504481512816683_n.jpg'><img loading=\"lazy\" decoding=\"async\" width=\"150\" height=\"150\" src=\"https:\/\/www.radiopiu.net\/wordpress\/wp-content\/uploads\/2021\/05\/187102354_258153386088007_6585504481512816683_n-150x150.jpg\" class=\"attachment-thumbnail size-thumbnail\" alt=\"\" \/><\/a>\n\t\t\t\t<\/dt><\/dl><dl class='gallery-item'>\n\t\t\t\t<dt class='gallery-icon portrait'>\n\t\t\t\t\t<a class=\"rollover rollover-zoom dt-pswp-item\" title=\"188482809_2842786959296857_850494329777756630_n\" data-dt-img-description=\"\" data-large_image_width=\"204\" data-large_image_height=\"247\"href='https:\/\/www.radiopiu.net\/wordpress\/wp-content\/uploads\/2021\/05\/188482809_2842786959296857_850494329777756630_n.jpg'><img loading=\"lazy\" decoding=\"async\" width=\"150\" height=\"150\" src=\"https:\/\/www.radiopiu.net\/wordpress\/wp-content\/uploads\/2021\/05\/188482809_2842786959296857_850494329777756630_n-150x150.jpg\" class=\"attachment-thumbnail size-thumbnail\" alt=\"\" \/><\/a>\n\t\t\t\t<\/dt><\/dl><dl class='gallery-item'>\n\t\t\t\t<dt class='gallery-icon portrait'>\n\t\t\t\t\t<a class=\"rollover rollover-zoom dt-pswp-item\" title=\"187114458_944144883003085_2199621787927893918_n\" data-dt-img-description=\"\" data-large_image_width=\"67\" data-large_image_height=\"111\"href='https:\/\/www.radiopiu.net\/wordpress\/wp-content\/uploads\/2021\/05\/187114458_944144883003085_2199621787927893918_n.jpg'><img loading=\"lazy\" decoding=\"async\" width=\"67\" height=\"111\" src=\"https:\/\/www.radiopiu.net\/wordpress\/wp-content\/uploads\/2021\/05\/187114458_944144883003085_2199621787927893918_n.jpg\" class=\"attachment-thumbnail size-thumbnail\" alt=\"\" \/><\/a>\n\t\t\t\t<\/dt><\/dl><br style=\"clear: both\" \/>\n\t\t\t<\/div>\n\n<p>NELLE FOTO (Wikipedia, Infodolomiti, foto arte Giulio Marino per eBay, riproduzioni dal libro \u201cPersonaggi illustri dell\u2019Alpago e Ponte nelle Alpi\u201d e da \u201cLa cattedrale di Belluno\u201d): il compianto maestro Mario De Nale; il prof. Flavio Vizzutti; Palazzo Ducale di Venezia; Ca\u2019 Farsetti nella citt\u00e0 lagunare; panoramica di Pieve d\u2019Alpago; uno scorcio di Tambruz di Tambre risalente al 1930; il \u201cSan Giovanni\u201d di Grappinelli nel Duomo di Belluno; sant\u2019Andrea che abbraccia la celebre Croce nella stessa cattedrale.<\/p>\n<p>&nbsp;<\/p>\n<p>&nbsp;<\/p>\n<hr \/>\n<p>&nbsp;<\/p>\n<blockquote>\n<h3><strong>ALESSIO CREMONESE IN COPERTINA NELL&#8217;ECONOMIA DEL CORRIERE DELLA SERA<\/strong><\/h3>\n<\/blockquote>\n<h2><span style=\"color: #ff0000;\"><img loading=\"lazy\" decoding=\"async\" class=\"alignleft\" src=\"https:\/\/www.radiopiu.net\/wordpress\/wp-content\/uploads\/2021\/05\/8e6e0743-e0c4-4a27-916f-12becd3d54bd.jpg\" width=\"208\" height=\"117\" \/>IERI ALLA RADIO<\/span><\/h2>\n<p><em>OSPITE Alessio Cremonese Ceo Valcismon Manifattura<\/em><\/p>\n<p><strong>AUDIO\u00a0<\/strong><\/p>\n<p>di Claudio Fontanive<\/p>\n<audio class=\"wp-audio-shortcode\" id=\"audio-210105-11\" preload=\"none\" style=\"width: 100%;\" controls=\"controls\"><source type=\"audio\/mpeg\" src=\"https:\/\/www.radiopiu.net\/wordpress\/wp-content\/uploads\/2021\/05\/alessio-cremonese.mp3?_=11\" \/><a href=\"https:\/\/www.radiopiu.net\/wordpress\/wp-content\/uploads\/2021\/05\/alessio-cremonese.mp3\">https:\/\/www.radiopiu.net\/wordpress\/wp-content\/uploads\/2021\/05\/alessio-cremonese.mp3<\/a><\/audio>\n<p>&nbsp;<\/p>\n<p>&nbsp;<\/p>\n<p>&nbsp;<\/p>\n<hr \/>\n<blockquote>\n<h3><\/h3>\n<h3>IL CANTIERE DELLA PROVVIDENZA, REALTA&#8217; CHE ASSORBE IL VOLONTARIATO<\/h3>\n<\/blockquote>\n<h2><span style=\"color: #ff0000;\">IERI ALLA RADIO<\/span><\/h2>\n<p><strong>OSPITE Angelo Paganin, Cantiere della Provvidenza Belluno<\/strong><\/p>\n<p>di Claudio Fontanive<\/p>\n<p><strong><span style=\"color: #0000ff;\">AUDIO\u00a0<\/span><\/strong><\/p>\n<audio class=\"wp-audio-shortcode\" id=\"audio-210105-12\" preload=\"none\" style=\"width: 100%;\" controls=\"controls\"><source type=\"audio\/mpeg\" src=\"https:\/\/www.radiopiu.net\/wordpress\/wp-content\/uploads\/2021\/05\/angelo-paganin.mp3?_=12\" \/><a href=\"https:\/\/www.radiopiu.net\/wordpress\/wp-content\/uploads\/2021\/05\/angelo-paganin.mp3\">https:\/\/www.radiopiu.net\/wordpress\/wp-content\/uploads\/2021\/05\/angelo-paganin.mp3<\/a><\/audio>\n<p>&nbsp;<\/p>\n<blockquote><p><strong><img loading=\"lazy\" decoding=\"async\" class=\"alignleft\" src=\"https:\/\/www.radiopiu.net\/wordpress\/wp-content\/uploads\/2021\/05\/chi_siamo_gruppo.jpg\" width=\"201\" height=\"134\" \/>Cantiere della Provvidenza SPA \u2013 Societ\u00e0 Persona Ambiente Scs Onlus<\/strong>\u00a0nasce nel 2013 per volont\u00e0 di un gruppo di persone provenienti da differenti ambiti ed esperienze, che hanno visto nell\u2019unione di competenze diverse ma complementari tra loro una\u00a0<strong>opportunit\u00e0 di sviluppo imprenditoriale con una particolare attenzione al Sociale<\/strong>. Oltre ad assumersi un impegno etico, morale e civile in risposta alle esigenze di persone, famiglie e territorio, l\u2019intenzione \u00e8 da sempre quella di non affidare la propria esistenza a sostegni pubblici, puntando invece su una\u00a0<strong>crescita economica costante per garantire stabilit\u00e0, continuit\u00e0 e solidit\u00e0<\/strong> all\u2019azienda e ai suoi collaboratori. Fin dalla costituzione, il Cantiere della Provvidenza si impegna nella\u00a0<strong>creazione di micro-progetti imprenditoriali professionali e di qualit\u00e0<\/strong>, che riescano ad autosostenersi economicamente grazie a progettualit\u00e0 a medio e lungo termine. L\u2019ideale iniziale \u00e8 in\u00a0<strong>continua evoluzione<\/strong>, stimolato dal senso di Responsabilit\u00e0 verso la Comunit\u00e0 e dalla propensione verso nuove opportunit\u00e0 di sviluppo.<\/p><\/blockquote>\n<p>&nbsp;<\/p>\n<p>&nbsp;<\/p>\n<hr \/>\n<div dir=\"auto\">\n<blockquote>\n<h3><\/h3>\n<h3>SALUTE E SOCIETA&#8217; IL LUNEDI ALLE 13.10 E ALLE 20.10, LA DOMENICA ALLE 10.30 A CURA DEL DOTTOR MARCO CARACCIOLO. QUINTA STAGIONE<\/h3>\n<\/blockquote>\n<p><strong>LA PUNTATA DELLA SETTIMANA del 17 <\/strong><strong>MAGGIO<\/strong><\/p>\n<h2><span style=\"color: #ff0000;\">IERI ALLA RADIO<\/span><\/h2>\n<p><strong> <img loading=\"lazy\" decoding=\"async\" class=\"alignleft\" src=\"https:\/\/www.radiopiu.net\/wordpress\/wp-content\/uploads\/2021\/05\/f2cbf5d0-c467-6173-78b8-cfd2dc6eac85.jpg\" width=\"213\" height=\"120\" \/>con il dottor Marco Caracciolo<\/strong><\/p>\n<p><strong>in questa edizione:<\/strong> Novit\u00e0 nella terapia del tumore del polmone. La Commissione europea ha dato il via libera a una nuova indicazione del farmaco immunoterapico atezolizumab, un inibitore del checkpoint immunitario PD-L1, che ora \u00e8 indicato anche per il trattamento di prima linea di uno specifico gruppo di pazienti con tumore del polmone non a piccole cellule. Alessandra Terzaghi ne ha parlato con Filippo De Marinis, Direttore dell\u2019Unit\u00e0 di Oncologia Toracica dell\u2019Istituto Europeo di Oncologia di Milano (IEO).<\/p>\n<p><strong>AUDIO<\/strong><\/p>\n<audio class=\"wp-audio-shortcode\" id=\"audio-210105-13\" preload=\"none\" style=\"width: 100%;\" controls=\"controls\"><source type=\"audio\/mpeg\" src=\"https:\/\/www.radiopiu.net\/wordpress\/wp-content\/uploads\/2021\/05\/SALUTE-2.mp3?_=13\" \/><a href=\"https:\/\/www.radiopiu.net\/wordpress\/wp-content\/uploads\/2021\/05\/SALUTE-2.mp3\">https:\/\/www.radiopiu.net\/wordpress\/wp-content\/uploads\/2021\/05\/SALUTE-2.mp3<\/a><\/audio>\n<div dir=\"auto\">\n<p>&nbsp;<\/p>\n<\/div>\n<div dir=\"auto\">\n<h3><strong>LA RACCOLTA COMPLETA\u00a0<\/strong><\/h3>\n<\/div>\n<blockquote class=\"wp-embedded-content\" data-secret=\"LUh4hJUmz1\"><p><a href=\"https:\/\/www.radiopiu.net\/wordpress\/saluteesocieta\/\">Salute e Societ\u00e0<\/a><\/p><\/blockquote>\n<p><iframe loading=\"lazy\" class=\"wp-embedded-content\" sandbox=\"allow-scripts\" security=\"restricted\" style=\"position: absolute; clip: rect(1px, 1px, 1px, 1px);\" title=\"&#8220;Salute e Societ\u00e0&#8221; &#8212; Radio Pi\u00f9\" src=\"https:\/\/www.radiopiu.net\/wordpress\/saluteesocieta\/embed\/#?secret=LUh4hJUmz1\" data-secret=\"LUh4hJUmz1\" width=\"600\" height=\"338\" frameborder=\"0\" marginwidth=\"0\" marginheight=\"0\" scrolling=\"no\"><\/iframe><\/p>\n<p>&nbsp;<\/p>\n<hr \/>\n<p>&nbsp;<\/p>\n<blockquote>\n<h3 class=\"kvgmc6g5 cxmmr5t8 oygrvhab hcukyx3x c1et5uql\"><span style=\"color: #0000ff;\">INFORMAZIONE il canale su TELEGRAM informazione di prima mano e in tempo reale. iscriviti ed aiutaci a farlo conoscere\u00a0<\/span><\/h3>\n<\/blockquote>\n<h2><a href=\"https:\/\/www.radiopiu.net\/wordpress\/strutturare-lo-studio\/studiare\/\" rel=\"attachment wp-att-210171\"><img loading=\"lazy\" decoding=\"async\" class=\" wp-image-210171 alignleft\" src=\"https:\/\/www.radiopiu.net\/wordpress\/wp-content\/uploads\/2021\/05\/studiare-300x200.jpeg\" alt=\"\" width=\"177\" height=\"118\" srcset=\"https:\/\/www.radiopiu.net\/wordpress\/wp-content\/uploads\/2021\/05\/studiare-300x200.jpeg 300w, https:\/\/www.radiopiu.net\/wordpress\/wp-content\/uploads\/2021\/05\/studiare.jpeg 626w\" sizes=\"auto, (max-width: 177px) 100vw, 177px\" \/><\/a>007 IN CONDOTTA CON LA PROF. MARIA ROSA SALMAZO IL LUNEDI ALLE 10,30 E ALLE 19.00 LA DOMENICA ALLE 8 DEL MATTINO. NONA STAGIONE<\/h2>\n<p><span style=\"color: #ff0000;\"><strong>PUNTATA DEL 17 MAGGIO 2021\u00a0\u00a0<\/strong><\/span><\/p>\n<p>&nbsp;<\/p>\n<audio class=\"wp-audio-shortcode\" id=\"audio-210105-14\" preload=\"none\" style=\"width: 100%;\" controls=\"controls\"><source type=\"audio\/mpeg\" src=\"https:\/\/www.radiopiu.net\/wordpress\/wp-content\/uploads\/2021\/05\/007-17-magio.mp3?_=14\" \/><a href=\"https:\/\/www.radiopiu.net\/wordpress\/wp-content\/uploads\/2021\/05\/007-17-magio.mp3\">https:\/\/www.radiopiu.net\/wordpress\/wp-content\/uploads\/2021\/05\/007-17-magio.mp3<\/a><\/audio>\n<h2>LA RACCOLTA COMPLETA<\/h2>\n<blockquote class=\"wp-embedded-content\" data-secret=\"ZFTTL6eJvD\"><p><a href=\"https:\/\/www.radiopiu.net\/wordpress\/007incondotta-9\/\">007 in condotta<\/a><\/p><\/blockquote>\n<p><iframe loading=\"lazy\" class=\"wp-embedded-content\" sandbox=\"allow-scripts\" security=\"restricted\" style=\"position: absolute; clip: rect(1px, 1px, 1px, 1px);\" title=\"&#8220;007 in condotta&#8221; &#8212; Radio Pi\u00f9\" src=\"https:\/\/www.radiopiu.net\/wordpress\/007incondotta-9\/embed\/#?secret=ZFTTL6eJvD\" data-secret=\"ZFTTL6eJvD\" width=\"600\" height=\"338\" frameborder=\"0\" marginwidth=\"0\" marginheight=\"0\" scrolling=\"no\"><\/iframe><\/p>\n<blockquote><p>&nbsp;<\/p><\/blockquote>\n<p>&nbsp;<\/p>\n<p>&nbsp;<\/p>\n<hr \/>\n<h1><span style=\"color: #ff0000;\"><strong>\u00a0<\/strong><\/span><\/h1>\n<h2><span style=\"color: #ff0000;\"><strong>IN VIVO VERSO 2020-21 ESTATE, RIASCOLTIAMOLI&#8230; DAL CASSETTO DEI RICORDI DI RADIO PIU&#8217;&#8230; LE PRIME\u00a0 SEI STAGIONI\u00a0\u00a0<\/strong><\/span><\/h2>\n<div class=\"page-title-head hgroup\">\n<div class=\"page-title-head hgroup\">\n<div class=\"page-title-head hgroup\">\n<div class=\"page-title-head hgroup\">\n<h3 class=\"entry-title\">RIASCOLTIAMOLE CLOWN DI ALDO DECIMA ANNO 2016<\/h3>\n<\/div>\n<div class=\"page-title-breadcrumbs\">\n<p><span style=\"color: #0000ff;\">AUDIO<\/span><\/p>\n<audio class=\"wp-audio-shortcode\" id=\"audio-210105-15\" preload=\"none\" style=\"width: 100%;\" controls=\"controls\"><source type=\"audio\/mpeg\" src=\"https:\/\/www.radiopiu.net\/wordpress\/wp-content\/uploads\/2021\/05\/VIVO-VERSO-LUN-1.mp3?_=15\" \/><a href=\"https:\/\/www.radiopiu.net\/wordpress\/wp-content\/uploads\/2021\/05\/VIVO-VERSO-LUN-1.mp3\">https:\/\/www.radiopiu.net\/wordpress\/wp-content\/uploads\/2021\/05\/VIVO-VERSO-LUN-1.mp3<\/a><\/audio>\n<p><strong>LA RACCOLTA COMPLETA<\/strong><\/p>\n<\/div>\n<\/div>\n<\/div>\n<\/div>\n<blockquote class=\"wp-embedded-content\" data-secret=\"uCc3t7KMqo\"><p><a href=\"https:\/\/www.radiopiu.net\/wordpress\/in-vivo-verso\/\">In Vivo Verso<\/a><\/p><\/blockquote>\n<p><iframe loading=\"lazy\" class=\"wp-embedded-content\" sandbox=\"allow-scripts\" security=\"restricted\" style=\"position: absolute; clip: rect(1px, 1px, 1px, 1px);\" title=\"&#8220;In Vivo Verso&#8221; &#8212; Radio Pi\u00f9\" src=\"https:\/\/www.radiopiu.net\/wordpress\/in-vivo-verso\/embed\/#?secret=uCc3t7KMqo\" data-secret=\"uCc3t7KMqo\" width=\"600\" height=\"338\" frameborder=\"0\" marginwidth=\"0\" marginheight=\"0\" scrolling=\"no\"><\/iframe><\/p>\n<p>&nbsp;<\/p>\n<hr \/>\n<h2><span style=\"color: #ff0000;\"><a href=\"https:\/\/www.radiopiu.net\/wordpress\/giornale-radiopiu-05-gennaio-2021-direttore-mirko-mezzacasa\/133200401_100838761953611_1258544160541445132_o-2\/\" rel=\"attachment wp-att-183078\"><img loading=\"lazy\" decoding=\"async\" class=\" wp-image-183078 alignleft\" src=\"https:\/\/www.radiopiu.net\/wordpress\/wp-content\/uploads\/2021\/01\/133200401_100838761953611_1258544160541445132_o-1-300x157.jpg\" alt=\"\" width=\"192\" height=\"101\" srcset=\"https:\/\/www.radiopiu.net\/wordpress\/wp-content\/uploads\/2021\/01\/133200401_100838761953611_1258544160541445132_o-1-300x157.jpg 300w, https:\/\/www.radiopiu.net\/wordpress\/wp-content\/uploads\/2021\/01\/133200401_100838761953611_1258544160541445132_o-1.jpg 526w\" sizes=\"auto, (max-width: 192px) 100vw, 192px\" \/><\/a>GOCCE DI FILOSOFIA, CON CHIARA CAU, CON LISA DE LUCA. <\/span><\/h2>\n<h2><span style=\"color: #ff0000;\">TUTTI I GIORNI DAL LUNEDI AL VENERDI ALLE 6.55 E ALLE 18.55<\/span><\/h2>\n<h3><strong><span style=\"color: #0000ff;\">PUNTATA 96\u00a0<\/span><\/strong><\/h3>\n<h3>AUDIO<\/h3>\n<audio class=\"wp-audio-shortcode\" id=\"audio-210105-16\" preload=\"none\" style=\"width: 100%;\" controls=\"controls\"><source type=\"audio\/mpeg\" src=\"https:\/\/www.radiopiu.net\/wordpress\/wp-content\/uploads\/2021\/05\/FI1-2.mp3?_=16\" \/><a href=\"https:\/\/www.radiopiu.net\/wordpress\/wp-content\/uploads\/2021\/05\/FI1-2.mp3\">https:\/\/www.radiopiu.net\/wordpress\/wp-content\/uploads\/2021\/05\/FI1-2.mp3<\/a><\/audio>\n<h3>LA RACCOLTA COMPLETA<\/h3>\n<blockquote class=\"wp-embedded-content\" data-secret=\"59ISXVExwz\"><p><a href=\"https:\/\/www.radiopiu.net\/wordpress\/gocce-filosofia\/\">Gocce di filosofia<\/a><\/p><\/blockquote>\n<p><iframe loading=\"lazy\" class=\"wp-embedded-content\" sandbox=\"allow-scripts\" security=\"restricted\" style=\"position: absolute; clip: rect(1px, 1px, 1px, 1px);\" title=\"&#8220;Gocce di filosofia&#8221; &#8212; Radio Pi\u00f9\" src=\"https:\/\/www.radiopiu.net\/wordpress\/gocce-filosofia\/embed\/#?secret=59ISXVExwz\" data-secret=\"59ISXVExwz\" width=\"600\" height=\"338\" frameborder=\"0\" marginwidth=\"0\" marginheight=\"0\" scrolling=\"no\"><\/iframe><\/p>\n<p>&nbsp;<\/p>\n<hr \/>\n<p>&nbsp;<\/p>\n<p>&nbsp;<\/p>\n<div>\n<p>&nbsp;<\/p>\n<h2><span style=\"color: #800080;\"><strong>LA RASSEGNA STAMPA DA L&#8217;AMICO DEL POPOLO\u00a0<\/strong><\/span><\/h2>\n<h3 class=\"kvgmc6g5 cxmmr5t8 oygrvhab hcukyx3x c1et5uql\"><span style=\"color: #0000ff;\"> INFORMAZIONE il canale su TELEGRAM informazione di prima mano e in tempo reale. iscriviti ed aiutaci a farlo conoscere\u00a0<\/span><\/h3>\n<p><strong><a href=\"https:\/\/www.radiopiu.net\/wordpress\/emergenza-coronavirus-lappello-della-cooperazione-sociale-e-dei-sindacati-veneti-alle-istituzioni\/mani-anziani\/\" rel=\"attachment wp-att-125005\"><img loading=\"lazy\" decoding=\"async\" class=\" wp-image-125005 alignleft\" src=\"https:\/\/www.radiopiu.net\/wordpress\/wp-content\/uploads\/2020\/03\/MANI-ANZIANI-300x200.jpg\" alt=\"\" width=\"143\" height=\"95\" srcset=\"https:\/\/www.radiopiu.net\/wordpress\/wp-content\/uploads\/2020\/03\/MANI-ANZIANI-300x200.jpg 300w, https:\/\/www.radiopiu.net\/wordpress\/wp-content\/uploads\/2020\/03\/MANI-ANZIANI-1024x683.jpg 1024w, https:\/\/www.radiopiu.net\/wordpress\/wp-content\/uploads\/2020\/03\/MANI-ANZIANI-768x512.jpg 768w, https:\/\/www.radiopiu.net\/wordpress\/wp-content\/uploads\/2020\/03\/MANI-ANZIANI-1536x1024.jpg 1536w, https:\/\/www.radiopiu.net\/wordpress\/wp-content\/uploads\/2020\/03\/MANI-ANZIANI.jpg 1920w\" sizes=\"auto, (max-width: 143px) 100vw, 143px\" \/><\/a>di Gianni Santomaso<\/strong><\/p>\n<p>OSPITE: Tatiana Stalliviere<\/p>\n<audio class=\"wp-audio-shortcode\" id=\"audio-210105-17\" preload=\"none\" style=\"width: 100%;\" controls=\"controls\"><source type=\"audio\/mpeg\" src=\"https:\/\/www.radiopiu.net\/wordpress\/wp-content\/uploads\/2021\/05\/RASSEGNA-GIANNI-2.mp3?_=17\" \/><a href=\"https:\/\/www.radiopiu.net\/wordpress\/wp-content\/uploads\/2021\/05\/RASSEGNA-GIANNI-2.mp3\">https:\/\/www.radiopiu.net\/wordpress\/wp-content\/uploads\/2021\/05\/RASSEGNA-GIANNI-2.mp3<\/a><\/audio>\n<p><strong>LA RACCOLTA COMPLETA<\/strong><\/p>\n<blockquote class=\"wp-embedded-content\" data-secret=\"ENBeniJsnQ\"><p><a href=\"https:\/\/www.radiopiu.net\/wordpress\/rassegna-stampa-di-gianni-santomaso\/\">Rassegna stampa da l&#8217;amico del popolo &#8211; di Gianni Santomaso<\/a><\/p><\/blockquote>\n<p><iframe loading=\"lazy\" class=\"wp-embedded-content\" sandbox=\"allow-scripts\" security=\"restricted\" style=\"position: absolute; clip: rect(1px, 1px, 1px, 1px);\" title=\"&#8220;Rassegna stampa da l&#8217;amico del popolo &#8211; di Gianni Santomaso&#8221; &#8212; Radio Pi\u00f9\" src=\"https:\/\/www.radiopiu.net\/wordpress\/rassegna-stampa-di-gianni-santomaso\/embed\/#?secret=ENBeniJsnQ\" data-secret=\"ENBeniJsnQ\" width=\"600\" height=\"338\" frameborder=\"0\" marginwidth=\"0\" marginheight=\"0\" scrolling=\"no\"><\/iframe><\/p>\n<div class=\"b654a4as d2edcug0\"><\/div>\n<\/div>\n<p>&nbsp;<\/p>\n<p>&nbsp;<\/p>\n<\/div>\n<hr \/>\n<div>\n<div>\n<div class=\"b654a4as d2edcug0\">\n<div class=\"rq0escxv hkbzh7o3 jwdofwj8 n8tt0mok r8blr3vg hyh9befq\">\n<div class=\"b654a4as d2edcug0\">\n<h2><span style=\"color: #008000;\">\u00a0<\/span><\/h2>\n<h2><span style=\"color: #008000;\">ERBE E PIANTE CURATIVE&#8230;IL\u00a0 PROGRAMMA DI PAOLA LANCIATO<\/span><\/h2>\n<\/div>\n<p><strong><a href=\"https:\/\/www.radiopiu.net\/wordpress\/erbe-e-piante-curative-puntata-15\/tiglio\/\" rel=\"attachment wp-att-209024\"><img loading=\"lazy\" decoding=\"async\" class=\"size-medium wp-image-209024 alignleft\" src=\"https:\/\/www.radiopiu.net\/wordpress\/wp-content\/uploads\/2021\/05\/TIGLIO-300x200.jpg\" alt=\"\" width=\"300\" height=\"200\" srcset=\"https:\/\/www.radiopiu.net\/wordpress\/wp-content\/uploads\/2021\/05\/TIGLIO-300x200.jpg 300w, https:\/\/www.radiopiu.net\/wordpress\/wp-content\/uploads\/2021\/05\/TIGLIO-1024x683.jpg 1024w, https:\/\/www.radiopiu.net\/wordpress\/wp-content\/uploads\/2021\/05\/TIGLIO-768x512.jpg 768w, https:\/\/www.radiopiu.net\/wordpress\/wp-content\/uploads\/2021\/05\/TIGLIO-1536x1024.jpg 1536w, https:\/\/www.radiopiu.net\/wordpress\/wp-content\/uploads\/2021\/05\/TIGLIO.jpg 1920w\" sizes=\"auto, (max-width: 300px) 100vw, 300px\" \/><\/a>di Paola Lanciato<\/strong><\/p>\n<p><strong>\u00a0<\/strong><\/p>\n<p><strong>\u00a0<\/strong><\/p>\n<p><strong>\u00a0<\/strong><\/p>\n<p><strong>\u00a0<\/strong><\/p>\n<p><strong>\u00a0<\/strong><\/p>\n<p><strong>\u00a0<\/strong><\/p>\n<p><strong>PUNTATA 15 &#8211; IL TIGLIO<\/strong><\/p>\n<audio class=\"wp-audio-shortcode\" id=\"audio-210105-18\" preload=\"none\" style=\"width: 100%;\" controls=\"controls\"><source type=\"audio\/mpeg\" src=\"https:\/\/www.radiopiu.net\/wordpress\/wp-content\/uploads\/2021\/05\/13-Il-tiglio-M.mp3?_=18\" \/><a href=\"https:\/\/www.radiopiu.net\/wordpress\/wp-content\/uploads\/2021\/05\/13-Il-tiglio-M.mp3\">https:\/\/www.radiopiu.net\/wordpress\/wp-content\/uploads\/2021\/05\/13-Il-tiglio-M.mp3<\/a><\/audio>\n<h3><strong>LA RACCOLTA COMPLETA\u00a0<\/strong><\/h3>\n<blockquote class=\"wp-embedded-content\" data-secret=\"4Sq8ZzDs0H\"><p><a href=\"https:\/\/www.radiopiu.net\/wordpress\/erbe-e-piante-curative-il-mandorlo\/\">L\u2019ERBA VOGLIO DEL GIARDINO DEL RE\u2026 ERBE, FIORI E PIANTE DI E CON PAOLA LANCIATO<\/a><\/p><\/blockquote>\n<p><iframe loading=\"lazy\" class=\"wp-embedded-content\" sandbox=\"allow-scripts\" security=\"restricted\" style=\"position: absolute; clip: rect(1px, 1px, 1px, 1px);\" title=\"&#8220;L\u2019ERBA VOGLIO DEL GIARDINO DEL RE\u2026 ERBE, FIORI E PIANTE DI E CON PAOLA LANCIATO&#8221; &#8212; Radio Pi\u00f9\" src=\"https:\/\/www.radiopiu.net\/wordpress\/erbe-e-piante-curative-il-mandorlo\/embed\/#?secret=4Sq8ZzDs0H\" data-secret=\"4Sq8ZzDs0H\" width=\"600\" height=\"338\" frameborder=\"0\" marginwidth=\"0\" marginheight=\"0\" scrolling=\"no\"><\/iframe><\/p>\n<p>&nbsp;<\/p>\n<p>&nbsp;<\/p>\n<p>&nbsp;<\/p>\n<hr \/>\n<p>&nbsp;<\/p>\n<blockquote>\n<h2><span style=\"color: #ff0000;\"><em>ZAINO ALLA RADIO&#8230;ESTATE DI PAOLA LANCIATO TUTTI I GIORNI dal lunedi al venerdi ALLE 14 E 23.30\u00a0<\/em><\/span><\/h2>\n<h3>CASTEL BESENO &#8211; ZAINO DA VIAGGIO ESTATE, DI PAOLA LANCIATO<\/h3>\n<\/blockquote>\n<p><strong>AUDIO<\/strong><\/p>\n<audio class=\"wp-audio-shortcode\" id=\"audio-210105-19\" preload=\"none\" style=\"width: 100%;\" controls=\"controls\"><source type=\"audio\/mpeg\" src=\"https:\/\/www.radiopiu.net\/wordpress\/wp-content\/uploads\/2021\/05\/6-Castel-Beseno-M.mp3?_=19\" \/><a href=\"https:\/\/www.radiopiu.net\/wordpress\/wp-content\/uploads\/2021\/05\/6-Castel-Beseno-M.mp3\">https:\/\/www.radiopiu.net\/wordpress\/wp-content\/uploads\/2021\/05\/6-Castel-Beseno-M.mp3<\/a><\/audio>\n<p><a href=\"https:\/\/www.radiopiu.net\/wordpress\/giornale-radiopiu-17-maggio-2021-direttore-mirko-mezzacasa\/6-17\/\" rel=\"attachment wp-att-210132\"><img loading=\"lazy\" decoding=\"async\" class=\"alignnone size-medium wp-image-210132\" src=\"https:\/\/www.radiopiu.net\/wordpress\/wp-content\/uploads\/2021\/05\/6-300x195.jpeg\" alt=\"\" width=\"300\" height=\"195\" srcset=\"https:\/\/www.radiopiu.net\/wordpress\/wp-content\/uploads\/2021\/05\/6-300x195.jpeg 300w, https:\/\/www.radiopiu.net\/wordpress\/wp-content\/uploads\/2021\/05\/6-1024x667.jpeg 1024w, https:\/\/www.radiopiu.net\/wordpress\/wp-content\/uploads\/2021\/05\/6-768x500.jpeg 768w, https:\/\/www.radiopiu.net\/wordpress\/wp-content\/uploads\/2021\/05\/6.jpeg 1228w\" sizes=\"auto, (max-width: 300px) 100vw, 300px\" \/><\/a><\/p>\n<p><strong>LA RACCOLTA COMPLETA\u00a0<\/strong><\/p>\n<blockquote class=\"wp-embedded-content\" data-secret=\"upO3Uz4hTR\"><p><a href=\"https:\/\/www.radiopiu.net\/wordpress\/zaino-femminile-lanciato\/\">Zaino da viaggio al femminile<\/a><\/p><\/blockquote>\n<p><iframe loading=\"lazy\" class=\"wp-embedded-content\" sandbox=\"allow-scripts\" security=\"restricted\" style=\"position: absolute; clip: rect(1px, 1px, 1px, 1px);\" title=\"&#8220;Zaino da viaggio al femminile&#8221; &#8212; Radio Pi\u00f9\" src=\"https:\/\/www.radiopiu.net\/wordpress\/zaino-femminile-lanciato\/embed\/#?secret=upO3Uz4hTR\" data-secret=\"upO3Uz4hTR\" width=\"600\" height=\"338\" frameborder=\"0\" marginwidth=\"0\" marginheight=\"0\" scrolling=\"no\"><\/iframe><\/p>\n<\/div>\n<\/div>\n<p>&nbsp;<\/p>\n<hr \/>\n<p>&nbsp;<\/p>\n<\/div>\n<div>\n<div class=\"page-title-head hgroup\">\n<div class=\"page-title-head hgroup\">\n<div>\n<div class=\"b654a4as d2edcug0\">\n<div class=\"j83agx80 btwxx1t3 lhclo0ds hop8lmos nkwizq5d scwd0bx6 roh60bw9\">\n<div class=\"rq0escxv hkbzh7o3 jwdofwj8 n8tt0mok r8blr3vg hyh9befq\">\n<div class=\"do00u71z l9j0dhe7 k4urcfbm\">\n<div>\n<h2><span style=\"color: #000080;\"><a class=\"dt-pswp-item\" href=\"https:\/\/www.radiopiu.net\/wordpress\/wp-content\/uploads\/2020\/10\/pp.jpg\" data-dt-img-description=\"\" data-large_image_width=\"640\" data-large_image_height=\"640\"><img loading=\"lazy\" decoding=\"async\" class=\"wp-image-163678 alignleft\" src=\"https:\/\/www.radiopiu.net\/wordpress\/wp-content\/uploads\/2020\/10\/pp-300x300.jpg\" alt=\"\" width=\"106\" height=\"106\" srcset=\"https:\/\/www.radiopiu.net\/wordpress\/wp-content\/uploads\/2020\/10\/pp-300x300.jpg 300w, https:\/\/www.radiopiu.net\/wordpress\/wp-content\/uploads\/2020\/10\/pp-150x150.jpg 150w, https:\/\/www.radiopiu.net\/wordpress\/wp-content\/uploads\/2020\/10\/pp-125x125.jpg 125w, https:\/\/www.radiopiu.net\/wordpress\/wp-content\/uploads\/2020\/10\/pp-200x200.jpg 200w, https:\/\/www.radiopiu.net\/wordpress\/wp-content\/uploads\/2020\/10\/pp-80x80.jpg 80w, https:\/\/www.radiopiu.net\/wordpress\/wp-content\/uploads\/2020\/10\/pp-480x480.jpg 480w, https:\/\/www.radiopiu.net\/wordpress\/wp-content\/uploads\/2020\/10\/pp.jpg 640w\" sizes=\"auto, (max-width: 106px) 100vw, 106px\" \/><\/a><\/span><\/h2>\n<h2><span style=\"color: #000080;\">DON CESARE, IL PENSIERO DEL GIORNO. ALLA RADIO ALLE 7 DEL MATTINO E ALLE 19.30 DELLA SERA.\u00a0\u00a0<\/span><\/h2>\n<\/div>\n<\/div>\n<\/div>\n<\/div>\n<div class=\"rq0escxv hkbzh7o3 jwdofwj8 n8tt0mok r8blr3vg hyh9befq\">\n<p>&nbsp;<\/p>\n<p>&nbsp;<\/p>\n<p>&nbsp;<\/p>\n<audio class=\"wp-audio-shortcode\" id=\"audio-210105-20\" preload=\"none\" style=\"width: 100%;\" controls=\"controls\"><source type=\"audio\/mpeg\" src=\"https:\/\/www.radiopiu.net\/wordpress\/wp-content\/uploads\/2021\/05\/CESARE-13.mp3?_=20\" \/><a href=\"https:\/\/www.radiopiu.net\/wordpress\/wp-content\/uploads\/2021\/05\/CESARE-13.mp3\">https:\/\/www.radiopiu.net\/wordpress\/wp-content\/uploads\/2021\/05\/CESARE-13.mp3<\/a><\/audio>\n<\/div>\n<\/div>\n<div class=\"b654a4as d2edcug0\">\n<hr \/>\n<p>&nbsp;<\/p>\n<blockquote>\n<h3><a href=\"https:\/\/www.radiopiu.net\/wordpress\/almanacco-ladino-puntata-5-2020\/sn\/\" rel=\"attachment wp-att-180931\"><img loading=\"lazy\" decoding=\"async\" class=\"wp-image-180931 alignleft\" src=\"https:\/\/www.radiopiu.net\/wordpress\/wp-content\/uploads\/2020\/12\/sn-300x194.jpg\" alt=\"\" width=\"181\" height=\"117\" srcset=\"https:\/\/www.radiopiu.net\/wordpress\/wp-content\/uploads\/2020\/12\/sn-300x194.jpg 300w, https:\/\/www.radiopiu.net\/wordpress\/wp-content\/uploads\/2020\/12\/sn.jpg 626w\" sizes=\"auto, (max-width: 181px) 100vw, 181px\" \/><\/a>L&#8217;ALMANACCO LADINO CON L&#8217;ISTITUT CESA DE JAN QUINDICINALE APPUNTAMENTO. LA DOMENICA ALLE 9 IL LUNEDI ALLE 8.35 IL MARTEDI ALLE 12.35 IL MERCOLEDI ALLE 18.35. SECONDA STAGIONE.<\/h3>\n<\/blockquote>\n<p><strong>RACCOLTA COMPLETA\u00a0<\/strong><\/p>\n<blockquote class=\"wp-embedded-content\" data-secret=\"7bxFLjhltm\"><p><a href=\"https:\/\/www.radiopiu.net\/wordpress\/almanacco-ladino\/\">Almanacco Ladino<\/a><\/p><\/blockquote>\n<p><iframe loading=\"lazy\" class=\"wp-embedded-content\" sandbox=\"allow-scripts\" security=\"restricted\" style=\"position: absolute; clip: rect(1px, 1px, 1px, 1px);\" title=\"&#8220;Almanacco Ladino&#8221; &#8212; Radio Pi\u00f9\" src=\"https:\/\/www.radiopiu.net\/wordpress\/almanacco-ladino\/embed\/#?secret=7bxFLjhltm\" data-secret=\"7bxFLjhltm\" width=\"600\" height=\"338\" frameborder=\"0\" marginwidth=\"0\" marginheight=\"0\" scrolling=\"no\"><\/iframe><\/p>\n<div dir=\"auto\"><\/div>\n<\/div>\n<div>\n<p>&nbsp;<\/p>\n<hr \/>\n<h2><span style=\"color: #808000;\">DUE MINUTI UN LIBRO\u00a0 TUTTI I GIORNI ALLA RADIO ALLE 9.30 E ALLE 18. QUINTA STAGIONE\u00a0<\/span><\/h2>\n<blockquote class=\"wp-embedded-content\" data-secret=\"hntp69XyZH\"><p><a href=\"https:\/\/www.radiopiu.net\/wordpress\/il-gioco-della-notte\/\">IL GIOCO DELLA NOTTE<\/a><\/p><\/blockquote>\n<p><iframe loading=\"lazy\" class=\"wp-embedded-content\" sandbox=\"allow-scripts\" security=\"restricted\" style=\"position: absolute; clip: rect(1px, 1px, 1px, 1px);\" title=\"&#8220;IL GIOCO DELLA NOTTE&#8221; &#8212; Radio Pi\u00f9\" src=\"https:\/\/www.radiopiu.net\/wordpress\/il-gioco-della-notte\/embed\/#?secret=hntp69XyZH\" data-secret=\"hntp69XyZH\" width=\"600\" height=\"338\" frameborder=\"0\" marginwidth=\"0\" marginheight=\"0\" scrolling=\"no\"><\/iframe><\/p>\n<h3><span style=\"color: #808000;\">\u00a0<\/span>LA RACCOLTA COMPLETA<\/h3>\n<blockquote class=\"wp-embedded-content\" data-secret=\"Hakk8WoMC6\"><p><a href=\"https:\/\/www.radiopiu.net\/wordpress\/due-minuti-un-libro\/\">Due minuti un libro<\/a><\/p><\/blockquote>\n<p><iframe loading=\"lazy\" class=\"wp-embedded-content\" sandbox=\"allow-scripts\" security=\"restricted\" style=\"position: absolute; clip: rect(1px, 1px, 1px, 1px);\" title=\"&#8220;Due minuti un libro&#8221; &#8212; Radio Pi\u00f9\" src=\"https:\/\/www.radiopiu.net\/wordpress\/due-minuti-un-libro\/embed\/#?secret=Hakk8WoMC6\" data-secret=\"Hakk8WoMC6\" width=\"600\" height=\"338\" frameborder=\"0\" marginwidth=\"0\" marginheight=\"0\" scrolling=\"no\"><\/iframe><\/p>\n<p>&nbsp;<\/p>\n<p>&nbsp;<\/p>\n<hr \/>\n<p>\u200b<\/p>\n<div>\n<h2><span style=\"color: #33cccc;\">I RACCONTI DI PAOLO SOPPELSA il lunedi alle 9.30 e 18.30<\/span><\/h2>\n<p><strong>INIZIO D\u2019ESTATE\u2026(pensieri a caso)<\/strong><\/p>\n<p><em><strong>AUDIO<\/strong><\/em><\/p>\n<audio class=\"wp-audio-shortcode\" id=\"audio-210105-21\" preload=\"none\" style=\"width: 100%;\" controls=\"controls\"><source type=\"audio\/mpeg\" src=\"https:\/\/www.radiopiu.net\/wordpress\/wp-content\/uploads\/2021\/05\/PAOLO-SOPPELSA-INIZIO-DESTATE.mp3?_=21\" \/><a href=\"https:\/\/www.radiopiu.net\/wordpress\/wp-content\/uploads\/2021\/05\/PAOLO-SOPPELSA-INIZIO-DESTATE.mp3\">https:\/\/www.radiopiu.net\/wordpress\/wp-content\/uploads\/2021\/05\/PAOLO-SOPPELSA-INIZIO-DESTATE.mp3<\/a><\/audio>\n<p>&nbsp;<\/p>\n<p><a href=\"https:\/\/www.radiopiu.net\/wordpress\/i-racconti-di-paolo-soppelsa-settantacinquesima-puntata\/bbe6e08e-087d-4569-905b-a86499ce77e3\/\" rel=\"attachment wp-att-210097\"><img loading=\"lazy\" decoding=\"async\" class=\"size-medium wp-image-210097 alignleft\" src=\"https:\/\/www.radiopiu.net\/wordpress\/wp-content\/uploads\/2021\/05\/bbe6e08e-087d-4569-905b-a86499ce77e3-300x206.jpg\" alt=\"\" width=\"300\" height=\"206\" srcset=\"https:\/\/www.radiopiu.net\/wordpress\/wp-content\/uploads\/2021\/05\/bbe6e08e-087d-4569-905b-a86499ce77e3-300x206.jpg 300w, https:\/\/www.radiopiu.net\/wordpress\/wp-content\/uploads\/2021\/05\/bbe6e08e-087d-4569-905b-a86499ce77e3-768x528.jpg 768w, https:\/\/www.radiopiu.net\/wordpress\/wp-content\/uploads\/2021\/05\/bbe6e08e-087d-4569-905b-a86499ce77e3.jpg 884w\" sizes=\"auto, (max-width: 300px) 100vw, 300px\" \/><\/a>Il bagagliaio della Ritmo, al termine del carico della merce necessaria al trasferimento estivo in agordino, era un esercizio di stile. Un mosaico perfetto. Un Tetris di pregevole fattura. Era preciso pap\u00e0, forse caricare la Ritmo lo considerava un p\u00f2 come uno di quei giochi della Settimana Enigmistica dove ogni cosa doveva avere necessariamente il suo posto preciso. La TV Mivar nell\u2019angolo destro con il monitor girato contro il retro del sedile e a fianco la grande valigia color vinaccia. Poi la borsa nera da palestra ed i sacchetti dell\u2019Eurospar con i giochi e i miei libri preferiti. Portavo con me le fondamentali macchinine, il pallone Super Tele e gli inseparabili Lego. Nella borsa dei libri era presente \u201cIl grande Libro del Sapere\u201d che era un volume enorme con la copertina gialla e che conteneva tutto il sapere umano utile ad un bambino: la geografia con l\u2019Unione Sovietica e la Jugoslavia, un po\u2019 di storia ma non troppa, parecchia astronomia con le avventure lunari che leggevo e rileggevo. E poi gli animali, da quelli pi\u00f9 grandi a quelli pi\u00f9 piccoli. E fra tutti gli animali proposti quello che preferivo era il capodoglio. Poi c\u2019era qualche libro pi\u00f9 specifico utile a soddisfare le mie curiosit\u00e0; un volume prettamente fotografico che aveva come tema le Dolomiti, il Manuale delle Giovani Marmotte ed un altro che spiegava la geografia italiana, con i nomi delle catene montuose ed i fiumi pi\u00f9 lunghi ed importanti. C\u2019erano descritte le Alpi Graie ed Orobiche, le Dolomiti le saltavo perch\u00e9 le potevo ammirare uscendo di casa. Infine le Alpi Giulie ed il Carso. Oltre il Carso, l\u2019ignoto. Nella classifica dei fiumi ovviamente \u201cvinceva\u201d il Po. Ma anche il Piave che lambiva Belluno non se la cavava affatto male con i suoi duecentoventi chilometri di percorso che attraversava l\u2019intero Veneto. E poi il Piave aveva la sua Storia gloriosa a renderlo importante, forse il pi\u00f9 importante di tutti. Fiume Sacro alla Patria, e la maestra questa definizione la pronunciava con una certa enfasi. Un ultimo sguardo all\u2019ineguagliabile bagagliaio divenuto mosaico e pap\u00e0 metteva in moto la Ritmo. Aveva una voce seria e cupa la Ritmo grigia. E sessanta forzuti cavalli per trasportare noi e l\u2019indispensabile mercanzia delle vacanze. Pareva davvero di mettersi in viaggio, con mamma e pap\u00e0 che si mettevano le cinture di sicurezza anche se ancora non erano obbligatorie. Dopo l\u2019incrocio della Baita l\u2019asfalto tremolava mentre pap\u00e0 scaricava i sessanta cavalli lungo la salita di Mussoi. Era triste la Ritmo. Severa. Con quella voce profonda ed il caratteristico \u201cuuhhhhhh\u201d che poi era il cambio che produceva quell\u2019inconfodibile suono. Me lo spieg\u00f2 Toni Meccanico una volta che eravamo in officina a cambiare l\u2019olio e registrare le punterie. Lo ascoltavo attento e guardavo ammirato le sue mani robuste che frugavano sicure nel motore. E pensavo che sarebbe piaciuto anche a me fare il suo lavoro. La Ritmo era la macchina che ci portava al mare a Bibione, che quello s\u00ec era viaggio serio, dei matrimoni vestiti bene e di qualche funerale. La Ritmo era l\u2019esatto opposto della 127 color del cielo: un po\u2019 come mettere a confronto l\u2019arte funeraria con l\u2019allegro stile liberty. Si respirava allegria nella 127 color del cielo lanciata a manetta sull\u2019asfalto della 203 con i deflettori aperti che facevano entrare il buon profumo dell&#8217;erba appena tagliata a Candaten. Era bello ascoltare la sua voce grintosa e ribelle lungo la \u201cRiva dei Castei\u201d. C\u2019era vita nella 127 con i sedili neri che ustionavano le cosce. La Ritmo invece aveva il sedili beige e quelli anteriori per un periodo furono ricoperti dagli iconici copri-sedili a palline di legno per non sudare. Che mica c\u2019era il climatizzatore e a Cencenighe si scendeva che sembravamo usciti da un altoforno, iper-sudati e felici. E bisognava correre in casa a cambiarci che \u201cvarda de no ciap\u00e0 aria che tes sud\u00e0\u201d. Arrivati a \u201cCence\u201d pap\u00e0 provvedeva a disfare quel mosaico che aveva creato nel bagagliaio della Ritmo. Operava con perizia e metodo, forse un p\u00f2 gli dispiaceva distruggere la sua pregevole opera d\u2019arte. Io invece non ero triste, anzi! La chiusura del portellone della Ritmo era il primo ciack del film di un\u2019estate anni&#8217;80 tutta da vivere. E che non avrei dimenticato mai pi\u00f9\u2026Magiche Dolomiti!!<\/p>\n<p><span style=\"color: #0000ff;\">INFORMAZIONE il canale su TELEGRAM informazione di prima mano e in tempo reale. iscriviti ed aiutaci a farlo conoscere\u00a0<\/span><\/p>\n<h2><span style=\"color: #33cccc;\"><strong>RACCOLTA COMPLETA<\/strong><\/span><\/h2>\n<blockquote class=\"wp-embedded-content\" data-secret=\"NaV8z1MdSy\"><p><a href=\"https:\/\/www.radiopiu.net\/wordpress\/i-racconti-di-paolo-soppelsa\/\">I racconti di Paolo Soppelsa<\/a><\/p><\/blockquote>\n<p><iframe loading=\"lazy\" class=\"wp-embedded-content\" sandbox=\"allow-scripts\" security=\"restricted\" style=\"position: absolute; clip: rect(1px, 1px, 1px, 1px);\" title=\"&#8220;I racconti di Paolo Soppelsa&#8221; &#8212; Radio Pi\u00f9\" src=\"https:\/\/www.radiopiu.net\/wordpress\/i-racconti-di-paolo-soppelsa\/embed\/#?secret=NaV8z1MdSy\" data-secret=\"NaV8z1MdSy\" width=\"600\" height=\"338\" frameborder=\"0\" marginwidth=\"0\" marginheight=\"0\" scrolling=\"no\"><\/iframe><\/p>\n<p>&nbsp;<\/p>\n<\/div>\n<\/div>\n<hr \/>\n<p>&nbsp;<\/p>\n<\/div>\n<blockquote>\n<blockquote>\n<h2><a href=\"https:\/\/www.radiopiu.net\/wordpress\/speciale-solidarieta-veneto\/solidarieta-veneto-3\/\" rel=\"attachment wp-att-134366\"><img loading=\"lazy\" decoding=\"async\" class=\"wp-image-134366 alignleft\" src=\"https:\/\/www.radiopiu.net\/wordpress\/wp-content\/uploads\/2020\/05\/solidariet\u00e0-veneto-300x210.jpg\" alt=\"\" width=\"102\" height=\"71\" srcset=\"https:\/\/www.radiopiu.net\/wordpress\/wp-content\/uploads\/2020\/05\/solidariet\u00e0-veneto-300x210.jpg 300w, https:\/\/www.radiopiu.net\/wordpress\/wp-content\/uploads\/2020\/05\/solidariet\u00e0-veneto-1024x717.jpg 1024w, https:\/\/www.radiopiu.net\/wordpress\/wp-content\/uploads\/2020\/05\/solidariet\u00e0-veneto-768x538.jpg 768w, https:\/\/www.radiopiu.net\/wordpress\/wp-content\/uploads\/2020\/05\/solidariet\u00e0-veneto.jpg 1373w\" sizes=\"auto, (max-width: 102px) 100vw, 102px\" \/><\/a>SOLIDARIETA&#8217; VENETO FONDO PENSIONE, IN ONDA IL PRIMO VENERDI DEL MESE ALLE 10.30 E ALLE 19.00 QUINTA STAGIONE<\/h2>\n<\/blockquote>\n<h2><strong><span style=\"color: #ff0000;\">AUDIO MAGGIO 2021<\/span><\/strong><\/h2>\n<\/blockquote>\n<div><\/div>\n<div>\n<audio class=\"wp-audio-shortcode\" id=\"audio-210105-22\" preload=\"none\" style=\"width: 100%;\" controls=\"controls\"><source type=\"audio\/mpeg\" src=\"https:\/\/www.radiopiu.net\/wordpress\/wp-content\/uploads\/2021\/05\/solidarieta-veneto-maggio-2021.mp3?_=22\" \/><a href=\"https:\/\/www.radiopiu.net\/wordpress\/wp-content\/uploads\/2021\/05\/solidarieta-veneto-maggio-2021.mp3\">https:\/\/www.radiopiu.net\/wordpress\/wp-content\/uploads\/2021\/05\/solidarieta-veneto-maggio-2021.mp3<\/a><\/audio>\n<\/div>\n<h2>LA RACCOLTA COMPLETA<\/h2>\n<blockquote class=\"wp-embedded-content\" data-secret=\"jMjSg3Neyr\"><p><a href=\"https:\/\/www.radiopiu.net\/wordpress\/solidarieta-veneto\/\">Solidariet\u00e0 Veneto<\/a><\/p><\/blockquote>\n<p><iframe loading=\"lazy\" class=\"wp-embedded-content\" sandbox=\"allow-scripts\" security=\"restricted\" style=\"position: absolute; clip: rect(1px, 1px, 1px, 1px);\" title=\"&#8220;Solidariet\u00e0 Veneto&#8221; &#8212; Radio Pi\u00f9\" src=\"https:\/\/www.radiopiu.net\/wordpress\/solidarieta-veneto\/embed\/#?secret=jMjSg3Neyr\" data-secret=\"jMjSg3Neyr\" width=\"600\" height=\"338\" frameborder=\"0\" marginwidth=\"0\" marginheight=\"0\" scrolling=\"no\"><\/iframe><\/p>\n<blockquote>\n<h2><\/h2>\n<h2><\/h2>\n<\/blockquote>\n<blockquote>\n<h2><\/h2>\n<\/blockquote>\n<hr \/>\n<blockquote>\n<h2><\/h2>\n<h2>FANTASTICHE DOLOMITI, NUOVA STAGIONE. APPUNTAMENTO QUINDICINALE IL GIOVEDI ALLE 10.30 E 19.00<\/h2>\n<\/blockquote>\n<h2><span style=\"color: #ff0000;\">PUNTATA NUMERO 12\u00a0 del\u00a0 06 MAGGIO 2021<\/span><\/h2>\n<p><strong><a href=\"https:\/\/www.radiopiu.net\/wordpress\/raccolta-completa\/121869645_648442942701436_4748562330148520081_n-2\/\" rel=\"attachment wp-att-196402\"><img loading=\"lazy\" decoding=\"async\" class=\"wp-image-196402 alignleft\" src=\"https:\/\/www.radiopiu.net\/wordpress\/wp-content\/uploads\/2021\/02\/121869645_648442942701436_4748562330148520081_n-1-300x169.jpg\" alt=\"\" width=\"160\" height=\"90\" srcset=\"https:\/\/www.radiopiu.net\/wordpress\/wp-content\/uploads\/2021\/02\/121869645_648442942701436_4748562330148520081_n-1-300x169.jpg 300w, https:\/\/www.radiopiu.net\/wordpress\/wp-content\/uploads\/2021\/02\/121869645_648442942701436_4748562330148520081_n-1-1024x576.jpg 1024w, https:\/\/www.radiopiu.net\/wordpress\/wp-content\/uploads\/2021\/02\/121869645_648442942701436_4748562330148520081_n-1-768x432.jpg 768w, https:\/\/www.radiopiu.net\/wordpress\/wp-content\/uploads\/2021\/02\/121869645_648442942701436_4748562330148520081_n-1-1536x864.jpg 1536w, https:\/\/www.radiopiu.net\/wordpress\/wp-content\/uploads\/2021\/02\/121869645_648442942701436_4748562330148520081_n-1.jpg 1707w\" sizes=\"auto, (max-width: 160px) 100vw, 160px\" \/><\/a>OSPITE IL PRESIDENTE CLAUDIO CANOVA<\/strong><\/p>\n<h3>LA RACCOLTA COMPLETA<\/h3>\n<p>&nbsp;<\/p>\n<audio class=\"wp-audio-shortcode\" id=\"audio-210105-23\" preload=\"none\" style=\"width: 100%;\" controls=\"controls\"><source type=\"audio\/mpeg\" src=\"https:\/\/www.radiopiu.net\/wordpress\/wp-content\/uploads\/2021\/05\/fantastiche-dolomiti-6-maggio.mp3?_=23\" \/><a href=\"https:\/\/www.radiopiu.net\/wordpress\/wp-content\/uploads\/2021\/05\/fantastiche-dolomiti-6-maggio.mp3\">https:\/\/www.radiopiu.net\/wordpress\/wp-content\/uploads\/2021\/05\/fantastiche-dolomiti-6-maggio.mp3<\/a><\/audio>\n<p>https:\/\/www.radiopiu.net\/wordpress\/raccolta-completa\/<\/p>\n<p>&nbsp;<\/p>\n<p>&nbsp;<\/p>\n<div>\n<hr \/>\n<\/div>\n<p>&nbsp;<\/p>\n<h2><strong><span style=\"color: #ff0000;\">\u00a0ALLA RADIO<\/span><\/strong><\/h2>\n<div data-offset-key=\"5n5nl-0-0\">\n<h3>Per ricevere gli aggiornamenti in tempo reale delle notizie pubblicate alla radio e sul sito di radio pi\u00f9 iscriviti al gruppo RADIO PIU INFORMAZIONE su Telegram.\u00a0\u00a0<a href=\"https:\/\/t.me\/radiopiu\">clicca qui<\/a><\/h3>\n<p>&nbsp;<\/p>\n<p><strong><a class=\"dt-pswp-item\" href=\"https:\/\/www.radiopiu.net\/wordpress\/wp-content\/uploads\/2020\/01\/logo-csa.jpg\" data-dt-img-description=\"\" data-large_image_width=\"1167\" data-large_image_height=\"574\"><img loading=\"lazy\" decoding=\"async\" class=\"wp-image-113364 alignleft\" src=\"https:\/\/www.radiopiu.net\/wordpress\/wp-content\/uploads\/2020\/01\/logo-csa-300x148.jpg\" alt=\"\" width=\"182\" height=\"90\" srcset=\"https:\/\/www.radiopiu.net\/wordpress\/wp-content\/uploads\/2020\/01\/logo-csa-300x148.jpg 300w, https:\/\/www.radiopiu.net\/wordpress\/wp-content\/uploads\/2020\/01\/logo-csa-1024x504.jpg 1024w, https:\/\/www.radiopiu.net\/wordpress\/wp-content\/uploads\/2020\/01\/logo-csa-768x378.jpg 768w, https:\/\/www.radiopiu.net\/wordpress\/wp-content\/uploads\/2020\/01\/logo-csa.jpg 1167w\" sizes=\"auto, (max-width: 182px) 100vw, 182px\" \/><\/a>AGORDO<\/strong> Appuntahttps:\/\/www.radiopiu.net\/wordpress\/erbe-e-piante-curative-il-mandorlo\/mento mensile (primo venerdi del mese) con lo speciale condotto da Claudio<\/p>\n<p>Fontanive, in studio Fabrizio Campedel e Paolo Chissal\u00e8.<\/p>\n<\/div>\n<p><strong>PUNTATA DI APRILE<\/strong><\/p>\n<blockquote><audio class=\"wp-audio-shortcode\" id=\"audio-210105-24\" preload=\"none\" style=\"width: 100%;\" controls=\"controls\"><source type=\"audio\/mpeg\" src=\"https:\/\/www.radiopiu.net\/wordpress\/wp-content\/uploads\/2021\/04\/ca-sol-lux-aprile-2021.mp3?_=24\" \/><a href=\"https:\/\/www.radiopiu.net\/wordpress\/wp-content\/uploads\/2021\/04\/ca-sol-lux-aprile-2021.mp3\">https:\/\/www.radiopiu.net\/wordpress\/wp-content\/uploads\/2021\/04\/ca-sol-lux-aprile-2021.mp3<\/a><\/audio>\n<h2>RACCOLTA COMPLETA<\/h2>\n<\/blockquote>\n<blockquote class=\"wp-embedded-content\" data-secret=\"V3IVmQSK2f\"><p><a href=\"https:\/\/www.radiopiu.net\/wordpress\/cassa-solidarieta-luxottica-puntata-del-16-ottobre-2020\/\">CASSA SOLIDARIET\u00c0 LUXOTTICA &#8211; PUNTATA DEL 20 NOVEMBRE 2020<\/a><\/p><\/blockquote>\n<p><iframe loading=\"lazy\" class=\"wp-embedded-content\" sandbox=\"allow-scripts\" security=\"restricted\" style=\"position: absolute; clip: rect(1px, 1px, 1px, 1px);\" title=\"&#8220;CASSA SOLIDARIET\u00c0 LUXOTTICA &#8211; PUNTATA DEL 20 NOVEMBRE 2020&#8221; &#8212; Radio Pi\u00f9\" src=\"https:\/\/www.radiopiu.net\/wordpress\/cassa-solidarieta-luxottica-puntata-del-16-ottobre-2020\/embed\/#?secret=V3IVmQSK2f\" data-secret=\"V3IVmQSK2f\" width=\"600\" height=\"338\" frameborder=\"0\" marginwidth=\"0\" marginheight=\"0\" scrolling=\"no\"><\/iframe><\/p>\n<div><\/div>\n<p>&nbsp;<\/p>\n<p>&nbsp;<\/p>\n<hr \/>\n<div class=\"page-title-head hgroup\">\n<div>\n<p>&nbsp;<\/p>\n<p><strong><span style=\"color: #0000ff;\"><img loading=\"lazy\" decoding=\"async\" class=\"alignleft\" src=\"https:\/\/www.radiopiu.net\/wordpress\/wp-content\/uploads\/2021\/03\/db631d3b-7003-47af-8b77-6f8cbe83c59b.jpg\" width=\"95\" height=\"39\" \/><\/span><\/strong><\/p>\n<blockquote>\n<h2>LA RACCOLTA COMPLETA<\/h2>\n<\/blockquote>\n<blockquote class=\"wp-embedded-content\" data-secret=\"PMgIAHrEy1\"><p><a href=\"https:\/\/www.radiopiu.net\/wordpress\/agora-agordina-la-nosta-piaza\/\">AGORA&#8217; AGORDINA&#8230; LA NOSTA PIAZA LADINA RACCOLTA COMPLETA PRIMA STAGIONE<\/a><\/p><\/blockquote>\n<p><iframe loading=\"lazy\" class=\"wp-embedded-content\" sandbox=\"allow-scripts\" security=\"restricted\" style=\"position: absolute; clip: rect(1px, 1px, 1px, 1px);\" title=\"&#8220;AGORA&#8217; AGORDINA&#8230; LA NOSTA PIAZA LADINA RACCOLTA COMPLETA PRIMA STAGIONE&#8221; &#8212; Radio Pi\u00f9\" src=\"https:\/\/www.radiopiu.net\/wordpress\/agora-agordina-la-nosta-piaza\/embed\/#?secret=PMgIAHrEy1\" data-secret=\"PMgIAHrEy1\" width=\"600\" height=\"338\" frameborder=\"0\" marginwidth=\"0\" marginheight=\"0\" scrolling=\"no\"><\/iframe><\/p>\n<p>&nbsp;<\/p>\n<div class=\"b654a4as d2edcug0\">\n<div dir=\"auto\">\n<h1><\/h1>\n<hr \/>\n<p>&nbsp;<\/p>\n<div>\n<h2><strong>LE\u00a0 PUNTATE di Luisa Alchini di Leggermente Bellunesi, la domenica alle 11, <span style=\"color: #0000ff;\">IL MARTEDI IN PRIMA EDIZIONE\u00a0<\/span> alle 10.30 e alle 19.00<\/strong><\/h2>\n<\/div>\n<div>\n<blockquote class=\"wp-embedded-content\" data-secret=\"nWKUFn6YJG\"><p><a href=\"https:\/\/www.radiopiu.net\/wordpress\/leggermente-20\/\">LEGGERmente&#8230;Bellunesi<\/a><\/p><\/blockquote>\n<p><iframe loading=\"lazy\" class=\"wp-embedded-content\" sandbox=\"allow-scripts\" security=\"restricted\" style=\"position: absolute; clip: rect(1px, 1px, 1px, 1px);\" title=\"&#8220;LEGGERmente&#8230;Bellunesi&#8221; &#8212; Radio Pi\u00f9\" src=\"https:\/\/www.radiopiu.net\/wordpress\/leggermente-20\/embed\/#?secret=nWKUFn6YJG\" data-secret=\"nWKUFn6YJG\" width=\"600\" height=\"338\" frameborder=\"0\" marginwidth=\"0\" marginheight=\"0\" scrolling=\"no\"><\/iframe><\/p>\n<\/div>\n<\/div>\n<p>&nbsp;<\/p>\n<hr \/>\n<blockquote>\n<h3><a style=\"font-size: 14px; font-weight: normal;\" href=\"https:\/\/www.radiopiu.net\/wordpress\/giornale-radiopiu-06-febbraio-2019-direttore-mirko-mezzacasa\/logo_spi-cgil-800x445\/\" rel=\"attachment wp-att-75538\"><img loading=\"lazy\" decoding=\"async\" class=\"wp-image-75538 alignleft\" src=\"https:\/\/www.radiopiu.net\/wordpress\/wp-content\/uploads\/2019\/02\/Logo_Spi-CGIL-800x445-300x167.jpg\" alt=\"\" width=\"210\" height=\"117\" srcset=\"https:\/\/www.radiopiu.net\/wordpress\/wp-content\/uploads\/2019\/02\/Logo_Spi-CGIL-800x445-300x167.jpg 300w, https:\/\/www.radiopiu.net\/wordpress\/wp-content\/uploads\/2019\/02\/Logo_Spi-CGIL-800x445-768x427.jpg 768w, https:\/\/www.radiopiu.net\/wordpress\/wp-content\/uploads\/2019\/02\/Logo_Spi-CGIL-800x445.jpg 800w\" sizes=\"auto, (max-width: 210px) 100vw, 210px\" \/><\/a><\/h3>\n<\/blockquote>\n<blockquote>\n<h3>ALLA RADIO, APPUNTAMENTO QUINDICINALE CON SPI-CGIL BELLUNO, IN STUDIO MARIA RITA GENTILIN<\/h3>\n<\/blockquote>\n<p><strong>di Claudio Fontanive\u00a0<\/strong><\/p>\n<p><span style=\"color: #ff0000;\"><strong>PUNTATA DEL 29 APRILE 2021<br \/>\n<\/strong><\/span><\/p>\n<audio class=\"wp-audio-shortcode\" id=\"audio-210105-25\" preload=\"none\" style=\"width: 100%;\" controls=\"controls\"><source type=\"audio\/mpeg\" src=\"https:\/\/www.radiopiu.net\/wordpress\/wp-content\/uploads\/2021\/04\/spi-cgil-28-aprile.mp3?_=25\" \/><a href=\"https:\/\/www.radiopiu.net\/wordpress\/wp-content\/uploads\/2021\/04\/spi-cgil-28-aprile.mp3\">https:\/\/www.radiopiu.net\/wordpress\/wp-content\/uploads\/2021\/04\/spi-cgil-28-aprile.mp3<\/a><\/audio>\n<p>&nbsp;<\/p>\n<h2><\/h2>\n<\/div>\n<hr \/>\n<\/div>\n<p>&nbsp;<\/p>\n<p><a href=\"https:\/\/www.radiopiu.net\/wordpress\/giornale-radiopiu-26-settembre-2018-direttore-mirko-mezzacasa\/viabilita-2\/\" rel=\"attachment wp-att-61954\"><img loading=\"lazy\" decoding=\"async\" class=\"wp-image-61954 size-full aligncenter\" src=\"https:\/\/www.radiopiu.net\/wordpress\/wp-content\/uploads\/2018\/09\/viabilita.jpeg\" alt=\"\" width=\"800\" height=\"100\" srcset=\"https:\/\/www.radiopiu.net\/wordpress\/wp-content\/uploads\/2018\/09\/viabilita.jpeg 800w, https:\/\/www.radiopiu.net\/wordpress\/wp-content\/uploads\/2018\/09\/viabilita-300x38.jpeg 300w, https:\/\/www.radiopiu.net\/wordpress\/wp-content\/uploads\/2018\/09\/viabilita-768x96.jpeg 768w\" sizes=\"auto, (max-width: 800px) 100vw, 800px\" \/><\/a><\/p>\n<blockquote><p><a href=\"https:\/\/www.radiopiu.net\/wordpress\/giornale-radiopiu-09-agosto-2018-direttore-mirko-mezzacasa\/viabilia\/\" rel=\"attachment wp-att-57053\"><img loading=\"lazy\" decoding=\"async\" class=\" wp-image-57053 alignleft\" src=\"https:\/\/www.radiopiu.net\/wordpress\/wp-content\/uploads\/2018\/08\/VIABILIA-300x180.jpeg\" alt=\"\" width=\"220\" height=\"132\" srcset=\"https:\/\/www.radiopiu.net\/wordpress\/wp-content\/uploads\/2018\/08\/VIABILIA-300x180.jpeg 300w, https:\/\/www.radiopiu.net\/wordpress\/wp-content\/uploads\/2018\/08\/VIABILIA-768x461.jpeg 768w, https:\/\/www.radiopiu.net\/wordpress\/wp-content\/uploads\/2018\/08\/VIABILIA-1024x614.jpeg 1024w, https:\/\/www.radiopiu.net\/wordpress\/wp-content\/uploads\/2018\/08\/VIABILIA.jpeg 1280w\" sizes=\"auto, (max-width: 220px) 100vw, 220px\" \/><\/a>La viabilit\u00e0 con gli ultimi aggiornamenti da Veneto Strade.<\/p>\n<p><span style=\"color: #ff0000;\"><strong>in onda alla radio: 4.05, 6.18, 14 30 , 18.30, 23.25\u00a0<\/strong><\/span><\/p><\/blockquote>\n<\/div>\n<div class=\"page-title-head hgroup\"><\/div>\n<div><\/div>\n<div>\n<audio class=\"wp-audio-shortcode\" id=\"audio-210105-26\" preload=\"none\" style=\"width: 100%;\" controls=\"controls\"><source type=\"audio\/mpeg\" src=\"https:\/\/www.radiopiu.net\/wordpress\/wp-content\/uploads\/2021\/05\/VIABILITA-4.mp3?_=26\" \/><a href=\"https:\/\/www.radiopiu.net\/wordpress\/wp-content\/uploads\/2021\/05\/VIABILITA-4.mp3\">https:\/\/www.radiopiu.net\/wordpress\/wp-content\/uploads\/2021\/05\/VIABILITA-4.mp3<\/a><\/audio>\n<p>&nbsp;<\/p>\n<p>&nbsp;<\/p>\n<\/div>\n<div class=\"page-title-head hgroup\">\n<p>&nbsp;<\/p>\n<\/div>\n<\/div>\n<hr \/>\n<p>&nbsp;<\/p>\n<\/div>\n<\/div>\n<\/div>\n<div>\n<div class=\"page-title-head hgroup\">\n<div class=\"page-title-head hgroup\">\n<div dir=\"auto\">\n<p><a class=\"dt-pswp-item pspw-wrap-ready\" href=\"https:\/\/i0.wp.com\/www.radiopiu.net\/wordpress\/wp-content\/uploads\/2018\/09\/WhatsApp-Image-2018-09-20-at-16.04.06.jpeg?ssl=1\" data-dt-img-description=\"\" data-large_image_width=\"800\" data-large_image_height=\"100\"><img loading=\"lazy\" decoding=\"async\" class=\"aligncenter wp-image-61378 size-full jetpack-lazy-image jetpack-lazy-image--handled\" src=\"https:\/\/i0.wp.com\/www.radiopiu.net\/wordpress\/wp-content\/uploads\/2018\/09\/WhatsApp-Image-2018-09-20-at-16.04.06.jpeg?resize=800%2C100&amp;ssl=1\" sizes=\"auto, (max-width: 800px) 100vw, 800px\" srcset=\"https:\/\/i0.wp.com\/www.radiopiu.net\/wordpress\/wp-content\/uploads\/2018\/09\/WhatsApp-Image-2018-09-20-at-16.04.06.jpeg?w=800&amp;ssl=1 800w, https:\/\/i0.wp.com\/www.radiopiu.net\/wordpress\/wp-content\/uploads\/2018\/09\/WhatsApp-Image-2018-09-20-at-16.04.06.jpeg?resize=300%2C38&amp;ssl=1 300w, https:\/\/i0.wp.com\/www.radiopiu.net\/wordpress\/wp-content\/uploads\/2018\/09\/WhatsApp-Image-2018-09-20-at-16.04.06.jpeg?resize=768%2C96&amp;ssl=1 768w\" alt=\"\" width=\"800\" height=\"100\" data-lazy-loaded=\"1\" \/><\/a><\/p>\n<p>&nbsp;<\/p>\n<p><center><b>Martedi 18<\/b><\/center><b>Tempo atteso: <\/b>Al primo mattino soleggiato con cielo perlopi\u00f9 sereno, da met\u00e0 mattinata in poi sopraggiungere di nubi medie e rapida riduzione del soleggiamento. Dalle ore centrali del giorno intensificazione della nuvolosit\u00e0 e primi fenomeni convettivi a partire dalle Dolomiti, in estensione verso sud fino a interessare le Prealpi. l&#8217;instabilit\u00e0 tender\u00e0 a perdurare anche in serata e parte della notte.<br \/>\n<b>Precipitazioni: <\/b>Al mattino assenti (0%), dalle ore centrali probabilit\u00e0 in aumento (70-80%) per rovesci e eventuali temporali, quest&#8217;ultimi pi\u00f9 probabili sulle Prealpi e la pedemontana, dove qualche locale grandinata non sar\u00e0 da escludere. La neve cadr\u00e0 in montagna oltre i 2000\/2200 m. I quantitativi saranno molto variabili, da 5-10 mm, localmente fino a 15\/20 mm tra Prealpi e pedemontana in caso di temporali.<br \/>\n<b>Temperature: <\/b>In generale lieve diminuzione, pi\u00f9 sensibile per le minime nelle valli grazie all&#8217;irraggiamento notturno. Probabilit\u00e0 di qualche gelata fino sui 1400\/1600 m e di brinate fino sui 1000\/1200 m sugli altopiani prealpini. Punte massime di 16\/18\u00b0C nei fondovalle prealpini e di 11\/13\u00b0C a 1000\/1200 m. Su Prealpi a 1500 m min 5\u00b0C max 8\u00b0C, a 2000 m min 1\u00b0C max 4\u00b0C. Su Dolomiti a 2000 m min -1\u00b0C max 5\u00b0C, a 3000 m min -7\u00b0C max -5\u00b0C.<br \/>\n<b>Venti: <\/b>Nelle valli deboli o moderati, salvo qualche rinforzo di Foehn in serata sulle Dolomiti; in quota deboli\/moderati da sud-ovest, in serata in rotazione da nord e in leggera intensificazione, a 5-15 km\/h a 2000 m e 10-30 km\/h a 3000 m.<\/p>\n<hr \/>\n<p><center><b>Mercoledi 19<\/b><\/center><b>Tempo atteso: <\/b>Maltempo notturno, in esaurimento dal primo mattino, con cielo inizialmente nuvoloso, ma con tendenza a schiarite. In seguito il tempo migliorer\u00e0 e a differenza dei giorni precedenti la nuvolosit\u00e0 cumuliforme diurna sar\u00e0 minore, anche se presente e localmente moderata sulle Prealpi. Contesto termico sempre fresco per il periodo nelle valli e freddo in alta quota.<br \/>\n<b>Precipitazioni: <\/b>Nottetempo probabilit\u00e0 alta (70\/80%) per fenomeni sparsi, nevosi fino sui 1800\/1900 m. In giornata perlopi\u00f9 assenti sulle Dolomiti (10%), mentre sulle Prealpi non esclusi residui fenomeni al primo mattino (20%), mentre qualche sporadico piovasco potr\u00e0 verificarsi al pomeriggio (20\/30%). Il limite dei rovesci nevosi diurni sar\u00e0 sui 2100 m.<br \/>\n<b>Temperature: <\/b>In quota in generale calo in quota, nelle valli minime in aumento e massime senza notevoli variazioni. Su valori decisamente inferiori alla norma (3\/4\u00b0C sotto la media). Su Prealpi a 1500 m min 2\u00b0C max 7\u00b0C, a 2000 m min 1\u00b0C max 4\u00b0C. Su Dolomiti a 2000 m min -2\u00b0C max 4\u00b0C, a 3000 m min -8\u00b0C max -7\u00b0C.<br \/>\n<b>Venti: <\/b>Nelle valli deboli o moderati di direzione variabile; in quota deboli\/moderati da nord-ovest al mattino, poi in rotazione da nord-est intensificandosi leggermente fino a tesi alla sera sulle cime pi\u00f9 alte, a 5-20 km\/h a 2000 m e 10-35 km\/h a 3000 m.<\/p>\n<hr \/>\n<p><center><b>Giovedi 20<\/b><\/center>Tempo da soleggiato a parzialmente soleggiato per temporanee nubi alte e medio-alte e per qualche modesto addensamento al pomeriggio, specie sulle Prealpi, dove qualche piovasco non sar\u00e0 da escludere, anche se la probabilit\u00e0 sar\u00e0 piuttosto bassa. Temperature minime senza notevoli variazioni e massime in leggera ripresa. Venti in quota deboli da nord al mattino e da ovest sud-ovest al pomeriggio; nelle valli deboli per brezze, a tratti moderati nei settori solitamente pi\u00f9 ventilati.<\/p>\n<hr \/>\n<p><center><b>Venerdi 21<\/b><\/center>Tempo ben soleggiato con cielo sereno al mattino, aria tersa e ottima visibilit\u00e0. Al pomeriggio sole velato da sottili nubi alte in arrivo da ovest e via via pi\u00f9 estese. Temperature ni generale aumento. Venti deboli a regime di brezza nelle valli, a tratti e localmente moderati nei settori solitamente pi\u00f9 ventilati; in quota deboli\/moderati da ovest sud-ovest. Previsore: R.L.Th.<\/p>\n<p>&nbsp;<\/p>\n<hr \/>\n<p>&nbsp;<\/p>\n<p><a href=\"https:\/\/www.radiopiu.net\/wordpress\/giornale-radiopiu-15-settembre-2018-direttore-mirko-mezzacasa\/sport-7\/\" rel=\"attachment wp-att-60761\"><img loading=\"lazy\" decoding=\"async\" class=\"aligncenter wp-image-60761 size-full\" src=\"https:\/\/www.radiopiu.net\/wordpress\/wp-content\/uploads\/2018\/09\/sport.jpg\" alt=\"\" width=\"800\" height=\"100\" srcset=\"https:\/\/www.radiopiu.net\/wordpress\/wp-content\/uploads\/2018\/09\/sport.jpg 800w, https:\/\/www.radiopiu.net\/wordpress\/wp-content\/uploads\/2018\/09\/sport-300x38.jpg 300w, https:\/\/www.radiopiu.net\/wordpress\/wp-content\/uploads\/2018\/09\/sport-768x96.jpg 768w\" sizes=\"auto, (max-width: 800px) 100vw, 800px\" \/><\/a><\/p>\n<p>&nbsp;<\/p>\n<blockquote>\n<h2>ROSE E LAVORO IN VASCA CON SPORTIVAMENTE BELLUNO<\/h2>\n<\/blockquote>\n<p><strong>BELLUNO<\/strong> Emozioni in piscina\u00a0 con\u00a0 \u201cLa festa delle rose e del lavoro\u201d, riservata alla categoria Esordienti.\u00a0I giovani atleti si sono esibiti su distanze dai 100 ai 400 metri. Quattro le squadre in corsia: Nottoli Nuoto di Vittorio Veneto, Ondablu di Santa Giustina, Attivamente Agordino e Sportivamente Belluno. \u00a0 <strong><a href=\"https:\/\/www.radiopiu.net\/wordpress\/rose-e-lavoro-in-vasca-con-sportivamente-belluno\/festa_delle_rose_16_5_2021\/\" rel=\"attachment wp-att-210206\"><img loading=\"lazy\" decoding=\"async\" class=\"size-medium wp-image-210206 alignleft\" src=\"https:\/\/www.radiopiu.net\/wordpress\/wp-content\/uploads\/2021\/05\/Festa_delle_Rose_16_5_2021-300x200.jpg\" alt=\"\" width=\"300\" height=\"200\" srcset=\"https:\/\/www.radiopiu.net\/wordpress\/wp-content\/uploads\/2021\/05\/Festa_delle_Rose_16_5_2021-300x200.jpg 300w, https:\/\/www.radiopiu.net\/wordpress\/wp-content\/uploads\/2021\/05\/Festa_delle_Rose_16_5_2021-768x513.jpg 768w, https:\/\/www.radiopiu.net\/wordpress\/wp-content\/uploads\/2021\/05\/Festa_delle_Rose_16_5_2021.jpg 1019w\" sizes=\"auto, (max-width: 300px) 100vw, 300px\" \/><\/a>RISULTATI BELLUNESI DEGLI ESORDIENTI B<\/strong> doppio terzo posto, nei 100 stile, di Dora Bortoluzzi e Daniel Somacal, quarto Luca Frisaldi. Nei 200 misti, volano Beatrice Mezzacasa (prima) e Margherita Mazzoli (seconda) e i maschi fanno en-plein grazie a Mattia Galanti (primo), Samuele Sommacal (secondo) e Thomas Pin (terzo): applausi pure per Vincenzo Iuliano e Mario Dalla Riva, quarto e quinto. I 100 farfalla, invece, incoronano Camilla Fistarol e Margherita Mazzoli bissa l\u2019argento nei 100 rana: quarta Ginevra Dal Mas. A proposito di 100 rana, gradino pi\u00f9 basso del podio per Daniel Somacal, oltre che per Beatrice Mezzacasa e Thomas Pin nei 200 stile libero. Infine, nei 100 dorso, Dora Bortoluzzi, Ginevra Dal Mas e Camilla Fistarol agguantano rispettivamente il primo, terzo e quarto posto. Non da meno i maschietti sulla stessa distanza, con Mario Dalla Riva che sfiora il primato e Luca Frisaldi quarto.<\/p>\n<blockquote><p><em>&#8220;Stiamo crescendo molto &#8211; commenta la coach Daniela Piermarini &#8211; e non solo in termini di prestazioni. Quello che ci d\u00e0 grande soddisfazione \u00e8 vedere un gruppo unito e motivato, desideroso di fare un grande percorso&#8221;.\u00a0<\/em><\/p><\/blockquote>\n<div><strong>RISULTATI BELLUNESI DEGLI ESORDIENTI A\u00a0 <\/strong>nei 400 stile \u00e8 l\u2019ottima performance di Carlotta Brida, prima, e terza \u00e8 Emma Bortoluzzi: pollice su anche per Alessandro Nerviani (quarto), Matteo Longi e Levi Riccardo Cervo. Nei 200 misti, trionfa Anna Simon, seguita da Alice De Cassan, Angelica Visentini, Margherita De Cian ed Eleonora Bortot, mentre Alberto Corr\u00f2 si merita la piazza d\u2019onore: bravi anche Francesco Milani e Daniele Salatin. Come Carlotta Brida, che nei 200 farfalla conquista l\u2019oro, al pari Francesco Ceolin. Cambia la gara, non la musica: nei 200 rana, trionfa Alessandro Nerviani e brilla Levi Riccardo Cervo. Altra vittoria per Anna Simon nei 200 stile: a ruota, Alice De Cassan, Angelica Visentini, Margherita De Cian ed Eleonora Bortot, mentre a livello maschile \u00e8 ancora Corr\u00f2 a vincere (bene pure Matteo Longi e Francesco Milani). Dulcis in fundo, i 200 dorso vedono primeggiare Francesco Ceolin: buoni poi i tempi di Emma Bortoluzzi e Greta Viel.<\/div>\n<div><\/div>\n<div><\/div>\n<div>\n<hr \/>\n<\/div>\n<blockquote>\n<h3>UNA PAZZA GARA IN UNA GIORNATA DAL METEO INSTABILE. IL GIORNO DI ANDREA FONTANA, domenica in Austria.<\/h3>\n<\/blockquote>\n<p><strong><img loading=\"lazy\" decoding=\"async\" class=\"alignleft\" src=\"https:\/\/www.radiopiu.net\/wordpress\/wp-content\/uploads\/2019\/03\/AndreaFontana-300x300.jpg\" width=\"150\" height=\"150\" \/>AUSTRIA<\/strong> Una rimonta dal nono al quinto posto in una gara che Andrea definisce &#8220;pazza&#8221; al Red Bull Ring che ha visto il meteo alternarsi di continuo tra sole pioggia. <em>&#8220;Il mio stint di gara \u00e8 stato uno dei pi\u00f9 difficili di tutta la mia carriera, iniziato con le gomme slick medie che ci hanno penalizzato perch\u00e9 dopo qualche giro le temperature sono crollate ed ha iniziato a bagnarsi la pista, ci siamo poi trovati sotto un diluvio torrenziale con le gomme intermedie e la pista totalmente allagata! Sono riuscito a rimanere in pista evitando errori che ci potevano costare molto caro fino all ingresso della safety car per i tanti incidenti dovuti alla pista allagata, purtroppo L ingresso della safety car non ci ha favorito nella strategia del pit stop in quanto noi ci eravamo appena fermati mentre gli altri sono riusciti ad approfittare della safety per il cambio pilota guadagnando cos\u00ec secondi importanti e questo ci ha fatto perdere un giro rispetto al leader della corsa! Nonostante ci\u00f2 alla ripartenza siamo riusciti a recuperare fino al 5\u00b0 posto finale, Contento della mia performance anche se rimane L amaro in bocca perche c\u2019era il potenziale per finire a podio! C\u2019\u00e8 un ottimo potenziale, ora dobbiamo mettere tutto insieme per il prossimo round al Paul Richard (FRA) il 05-06 giugno&#8221;<\/em><\/p>\n<div style=\"width: 848px;\" class=\"wp-video\"><video class=\"wp-video-shortcode\" id=\"video-210105-2\" width=\"848\" height=\"480\" preload=\"metadata\" controls=\"controls\"><source type=\"video\/mp4\" src=\"https:\/\/www.radiopiu.net\/wordpress\/wp-content\/uploads\/2021\/05\/WhatsApp-Video-2021-05-17-at-13.09.08.mp4?_=2\" \/><a href=\"https:\/\/www.radiopiu.net\/wordpress\/wp-content\/uploads\/2021\/05\/WhatsApp-Video-2021-05-17-at-13.09.08.mp4\">https:\/\/www.radiopiu.net\/wordpress\/wp-content\/uploads\/2021\/05\/WhatsApp-Video-2021-05-17-at-13.09.08.mp4<\/a><\/video><\/div>\n<p>&nbsp;<\/p>\n<\/div>\n<\/div>\n<\/div>\n<\/div>\n<p>\u200b<\/p>\n<p>&nbsp;<\/p>\n<p>&nbsp;<\/p>\n<hr \/>\n<\/div>\n<\/div>\n<\/div>\n<\/div>\n<\/div>\n<\/div>\n<div>\n<div class=\"page-title-head hgroup\">\n<div class=\"page-title-head hgroup\">\n<div dir=\"auto\">\n<p>&nbsp;<\/p>\n<blockquote>\n<h3>TRE PUNTI IN 5 PARTITE PER IL KERALPEN FEMMINILE<\/h3>\n<\/blockquote>\n<p><strong><a href=\"https:\/\/www.radiopiu.net\/wordpress\/i-presidenti-delle-squadre-di-seconda-categoria-girone-r-sul-piede-di-guerra-chiedono-un-incontro-urgente-con-lnd-e-ulss\/calcio-2020-2\/\" rel=\"attachment wp-att-162226\"><img loading=\"lazy\" decoding=\"async\" class=\"size-medium wp-image-162226 alignleft\" src=\"https:\/\/www.radiopiu.net\/wordpress\/wp-content\/uploads\/2020\/09\/calcio-2020-300x169.jpg\" alt=\"\" width=\"300\" height=\"169\" srcset=\"https:\/\/www.radiopiu.net\/wordpress\/wp-content\/uploads\/2020\/09\/calcio-2020-300x169.jpg 300w, https:\/\/www.radiopiu.net\/wordpress\/wp-content\/uploads\/2020\/09\/calcio-2020-1024x576.jpg 1024w, https:\/\/www.radiopiu.net\/wordpress\/wp-content\/uploads\/2020\/09\/calcio-2020-768x432.jpg 768w, https:\/\/www.radiopiu.net\/wordpress\/wp-content\/uploads\/2020\/09\/calcio-2020-1536x864.jpg 1536w, https:\/\/www.radiopiu.net\/wordpress\/wp-content\/uploads\/2020\/09\/calcio-2020-640x360.jpg 640w, https:\/\/www.radiopiu.net\/wordpress\/wp-content\/uploads\/2020\/09\/calcio-2020.jpg 1920w\" sizes=\"auto, (max-width: 300px) 100vw, 300px\" \/><\/a>BELLUNO<\/strong> Non \u00e8 stato un inizio di campionato con i fiocchi per il Keralpen Femminile. La squadra di calcio femminile della provincia sta giocando il campionato di Eccellenza e nell&#8217;ultimo fine settimana ha terminato il girone di andata del torneo composto solamente da 6 compagini. Dopo la vittoria netta nella partita d&#8217;esordio contro il Vis Pesaro per 5 a 0, le bellunesi non sono riuscite a tenere il passo perdendo due partite con un divario di 6 gol, contro Mittici e Villorba, e una con 5 reti subite contro il Virtus Padova. Nella penultima partita una prestazione migliore contro l&#8217;Alba Borgo Roma dove la sconfitta \u00e8 stata per 2 a 1. 19 gol subiti e 6 quelli fatti nelle prime 5 uscite stagionali, 1 vittoria e 4 sconfitte, tanto che il Keralpen in questo momento si trova al penultimo posto della classifica. Il girone di ritorno del Campionato Eccellenza Femminile inizier\u00e0 domenica prossima con le bellunesi in trasferta contro il Vis Pesaro dove all&#8217;andata si erano imposte con un secco 5 a 0.<\/p>\n<p>&nbsp;<\/p>\n<p>&nbsp;<\/p>\n<p>&nbsp;<\/p>\n<p>****<\/p>\n<\/div>\n<\/div>\n<\/div>\n<\/div>\n<\/div>\n","protected":false},"excerpt":{"rendered":"<p>\u00a0APP PER IOS-IPHONE di Nicola Vettorello https:\/\/apps.apple.com\/it\/app\/radio-pi%C3%B9-emittente-agordina\/id1515939845 ATTENZIONE: LA NUOVA APP RADIO\u00a0 PER ANDROID di Nicola Vettorello https:\/\/play.google.com\/store\/apps\/details?id=net.radiopiu.iniko &nbsp; PER\u00a0RICEVERE QUESTO NOTIZIARIO DIRETTAMENTE SUL TUO CELLULARE ISCRIVITI AL CANALE TELEGRAM\u00a0\u201cRADIO PIU\u00a0 INFORMAZIONE\u201d\u00a0 \u00a0 &nbsp; &nbsp; LA NUOVA APP PER LE PRENOTAZIONI&#8230;A CHILOMETRI ZERO TUTORIAL\u00a0 &nbsp; &nbsp; &nbsp; RITORNANO LE ZONE BIANCHE. IL VENETO DAL 7&hellip;<\/p>\n","protected":false},"author":4,"featured_media":210264,"comment_status":"closed","ping_status":"open","sticky":false,"template":"","format":"standard","meta":{"_monsterinsights_skip_tracking":false,"_monsterinsights_sitenote_active":false,"_monsterinsights_sitenote_note":"","_monsterinsights_sitenote_category":0,"footnotes":""},"categories":[1,51,86,49],"tags":[],"class_list":["post-210105","post","type-post","status-publish","format-standard","has-post-thumbnail","hentry","category-senza-categoria","category-evidenza-top","category-gr","category-news-18","category-1","category-51","category-86","category-49","description-off"],"img_url":"https:\/\/www.radiopiu.net\/wordpress\/wp-content\/uploads\/2021\/05\/17fdde1d-19b0-438b-934e-6f6d93b133b4.jpg","_links":{"self":[{"href":"https:\/\/www.radiopiu.net\/wordpress\/wp-json\/wp\/v2\/posts\/210105","targetHints":{"allow":["GET"]}}],"collection":[{"href":"https:\/\/www.radiopiu.net\/wordpress\/wp-json\/wp\/v2\/posts"}],"about":[{"href":"https:\/\/www.radiopiu.net\/wordpress\/wp-json\/wp\/v2\/types\/post"}],"author":[{"embeddable":true,"href":"https:\/\/www.radiopiu.net\/wordpress\/wp-json\/wp\/v2\/users\/4"}],"replies":[{"embeddable":true,"href":"https:\/\/www.radiopiu.net\/wordpress\/wp-json\/wp\/v2\/comments?post=210105"}],"version-history":[{"count":0,"href":"https:\/\/www.radiopiu.net\/wordpress\/wp-json\/wp\/v2\/posts\/210105\/revisions"}],"wp:featuredmedia":[{"embeddable":true,"href":"https:\/\/www.radiopiu.net\/wordpress\/wp-json\/wp\/v2\/media\/210264"}],"wp:attachment":[{"href":"https:\/\/www.radiopiu.net\/wordpress\/wp-json\/wp\/v2\/media?parent=210105"}],"wp:term":[{"taxonomy":"category","embeddable":true,"href":"https:\/\/www.radiopiu.net\/wordpress\/wp-json\/wp\/v2\/categories?post=210105"},{"taxonomy":"post_tag","embeddable":true,"href":"https:\/\/www.radiopiu.net\/wordpress\/wp-json\/wp\/v2\/tags?post=210105"}],"curies":[{"name":"wp","href":"https:\/\/api.w.org\/{rel}","templated":true}]}}