{"id":210191,"date":"2021-05-17T23:59:10","date_gmt":"2021-05-17T21:59:10","guid":{"rendered":"https:\/\/www.radiopiu.net\/wordpress\/?p=210191"},"modified":"2021-05-18T05:38:10","modified_gmt":"2021-05-18T03:38:10","slug":"il-cantiere-della-provvidenza-realta-che-assorbe-il-volontariato","status":"publish","type":"post","link":"https:\/\/www.radiopiu.net\/wordpress\/il-cantiere-della-provvidenza-realta-che-assorbe-il-volontariato\/","title":{"rendered":"IL CANTIERE DELLA PROVVIDENZA, REALTA&#8217; CHE ASSORBE IL VOLONTARIATO"},"content":{"rendered":"<h2><span style=\"color: #ff0000;\">IERI ALLA RADIO<\/span><\/h2>\n<p><strong>OSPITE Angelo Paganin, Cantiere della Provvidenza Belluno<\/strong><\/p>\n<p><strong><span style=\"color: #0000ff;\">AUDIO<\/span><\/strong><\/p>\n<audio class=\"wp-audio-shortcode\" id=\"audio-210191-1\" preload=\"none\" style=\"width: 100%;\" controls=\"controls\"><source type=\"audio\/mpeg\" src=\"https:\/\/www.radiopiu.net\/wordpress\/wp-content\/uploads\/2021\/05\/angelo-paganin.mp3?_=1\" \/><a href=\"https:\/\/www.radiopiu.net\/wordpress\/wp-content\/uploads\/2021\/05\/angelo-paganin.mp3\">https:\/\/www.radiopiu.net\/wordpress\/wp-content\/uploads\/2021\/05\/angelo-paganin.mp3<\/a><\/audio>\n<p>&nbsp;<\/p>\n<blockquote><p><strong><img loading=\"lazy\" decoding=\"async\" class=\"alignleft\" src=\"https:\/\/www.radiopiu.net\/wordpress\/wp-content\/uploads\/2021\/05\/chi_siamo_gruppo.jpg\" width=\"201\" height=\"134\" \/>Cantiere della Provvidenza SPA \u2013 Societ\u00e0 Persona Ambiente Scs Onlus<\/strong>\u00a0nasce nel 2013 per volont\u00e0 di un gruppo di persone provenienti da differenti ambiti ed esperienze, che hanno visto nell\u2019unione di competenze diverse ma complementari tra loro una\u00a0<strong>opportunit\u00e0 di sviluppo imprenditoriale con una particolare attenzione al Sociale<\/strong>. Oltre ad assumersi un impegno etico, morale e civile in risposta alle esigenze di persone, famiglie e territorio, l\u2019intenzione \u00e8 da sempre quella di non affidare la propria esistenza a sostegni pubblici, puntando invece su una\u00a0<strong>crescita economica costante per garantire stabilit\u00e0, continuit\u00e0 e solidit\u00e0<\/strong> all\u2019azienda e ai suoi collaboratori. Fin dalla costituzione, il Cantiere della Provvidenza si impegna nella\u00a0<strong>creazione di micro-progetti imprenditoriali professionali e di qualit\u00e0<\/strong>, che riescano ad autosostenersi economicamente grazie a progettualit\u00e0 a medio e lungo termine. L\u2019ideale iniziale \u00e8 in\u00a0<strong>continua evoluzione<\/strong>, stimolato dal senso di Responsabilit\u00e0 verso la Comunit\u00e0 e dalla propensione verso nuove opportunit\u00e0 di sviluppo.<\/p><\/blockquote>\n<p>&nbsp;<\/p>\n<p>&nbsp;<\/p>\n<p>&nbsp;<\/p>\n<p>***<\/p>\n","protected":false},"excerpt":{"rendered":"<p>IERI ALLA RADIO OSPITE Angelo Paganin, Cantiere della Provvidenza Belluno AUDIO &nbsp; Cantiere della Provvidenza SPA \u2013 Societ\u00e0 Persona Ambiente Scs Onlus\u00a0nasce nel 2013 per volont\u00e0 di un gruppo di persone provenienti da differenti ambiti ed esperienze, che hanno visto nell\u2019unione di competenze diverse ma complementari tra loro una\u00a0opportunit\u00e0 di sviluppo imprenditoriale con una particolare&hellip;<\/p>\n","protected":false},"author":4,"featured_media":210192,"comment_status":"closed","ping_status":"open","sticky":false,"template":"","format":"standard","meta":{"_monsterinsights_skip_tracking":false,"_monsterinsights_sitenote_active":false,"_monsterinsights_sitenote_note":"","_monsterinsights_sitenote_category":0,"footnotes":""},"categories":[104,49],"tags":[],"class_list":["post-210191","post","type-post","status-publish","format-standard","has-post-thumbnail","hentry","category-evidenza_3","category-news-18","category-104","category-49","description-off"],"img_url":"https:\/\/www.radiopiu.net\/wordpress\/wp-content\/uploads\/2021\/05\/chi_siamo_gruppo.jpg","_links":{"self":[{"href":"https:\/\/www.radiopiu.net\/wordpress\/wp-json\/wp\/v2\/posts\/210191","targetHints":{"allow":["GET"]}}],"collection":[{"href":"https:\/\/www.radiopiu.net\/wordpress\/wp-json\/wp\/v2\/posts"}],"about":[{"href":"https:\/\/www.radiopiu.net\/wordpress\/wp-json\/wp\/v2\/types\/post"}],"author":[{"embeddable":true,"href":"https:\/\/www.radiopiu.net\/wordpress\/wp-json\/wp\/v2\/users\/4"}],"replies":[{"embeddable":true,"href":"https:\/\/www.radiopiu.net\/wordpress\/wp-json\/wp\/v2\/comments?post=210191"}],"version-history":[{"count":0,"href":"https:\/\/www.radiopiu.net\/wordpress\/wp-json\/wp\/v2\/posts\/210191\/revisions"}],"wp:featuredmedia":[{"embeddable":true,"href":"https:\/\/www.radiopiu.net\/wordpress\/wp-json\/wp\/v2\/media\/210192"}],"wp:attachment":[{"href":"https:\/\/www.radiopiu.net\/wordpress\/wp-json\/wp\/v2\/media?parent=210191"}],"wp:term":[{"taxonomy":"category","embeddable":true,"href":"https:\/\/www.radiopiu.net\/wordpress\/wp-json\/wp\/v2\/categories?post=210191"},{"taxonomy":"post_tag","embeddable":true,"href":"https:\/\/www.radiopiu.net\/wordpress\/wp-json\/wp\/v2\/tags?post=210191"}],"curies":[{"name":"wp","href":"https:\/\/api.w.org\/{rel}","templated":true}]}}