{"id":210243,"date":"2021-05-17T11:30:05","date_gmt":"2021-05-17T09:30:05","guid":{"rendered":"https:\/\/www.radiopiu.net\/wordpress\/?p=210243"},"modified":"2021-05-17T13:16:40","modified_gmt":"2021-05-17T11:16:40","slug":"curve-in-discesa-ultimo-aggiornamento-covid-19-in-veneto-da-marghera-luca-zaia","status":"publish","type":"post","link":"https:\/\/www.radiopiu.net\/wordpress\/curve-in-discesa-ultimo-aggiornamento-covid-19-in-veneto-da-marghera-luca-zaia\/","title":{"rendered":"CURVE IN DISCESA RICOVERATI SOTTO QUOTA 1000  ULTIMO AGGIORNAMENTO COVID 19 IN VENETO DA MARGHERA &#8211;  LUCA ZAIA"},"content":{"rendered":"<p><strong>VENEZIA<\/strong> Punto stampa dalla sede della Protezione Civile di Marghera con il Governatore del Veneto Luca Zaia.<\/p>\n<p>&nbsp;<\/p>\n<p><strong>I NUMERI<\/strong><\/p>\n<p>TAMPONI MOLECOLARI 4 milioni\u00a0 TAMPONI RAPIDI 5 milioni\u00a0 TAMPONI IERI 9147 POSITIVI IERI 173 INCIDENZA 1,.89 POSITIVI DA INIZIO EPIDEMIA 420.351 POSITIVI ATTUALI 15.510 RICOVERI 991 (-1 IN AREA NON CRITICA ) 871 (-1) IN TERAPIA INTENSIVA\u00a0 120 (0) IN TERAPIA INTENSIVA NO COVID 276 DECESSI\u00a0 11487 (+2)\u00a0 \u00a0 DIMESSI 21.290<\/p>\n<blockquote>\n<h2>LEGGI LA CONFERENZA STAMPA DI LUCA ZAIA<\/h2>\n<p><em>Scendono i positivi totali, circa 200 per provincia e sotto i mille i ricoverati: 871 in zona non critica e 120 nelle intensive.\u00a0 La direzione presa \u00e8 quella giusta e dobbiamo solo rispettare le regole e scollinare questo maggio, poi la discesa prender\u00e0 ancora pi\u00f9 velocit\u00e0. Dal 9 al 16 giugno avremo altri 80mila posti liberi, se non arrivano altri 40enni probabile che decidermeo di aprire agli altri. Cabina di regia: oggi pomeriggio anche per il coprifuoco, non ha molto senso continuare. Entrare in una palestra \u00e8 come nel posto di lavoro, basta rispettare le regole.\u00a0<\/em><\/p><\/blockquote>\n<p>Sono ore cruciali per il coprifuoco, per le attivit\u00e0 economiche, per il mondo delle piscine. <strong>Dati negativi<\/strong>: il virus c&#8217;\u00e8 ancora lo vediamo dai 173 positivi nelle 24 ore, anche se sono pochi ma il virus c&#8217;\u00e8. <strong>Dati positivi:<\/strong> dove abbiamo vaccinato scompare la categoria vaccinati dai ricoveri, il vaccino funziona. E&#8217; pur vero che quello che prevedevamo si \u00e8 avverato alla faccia delle cassandre sburgiadiati, predicavano la &#8220;sfiga&#8221; con le riaperture. Il professor Pal\u00f9 lo aveva sempre detto che con la buona stagione il virus sarebbe calato vistosamente, d&#8217;estate non ci si ammala di influenza. Ha senso seguire, accompagnare questo progetto, iniziare ad allentare un po&#8217; di pi\u00f9. E&#8217; innegabile che un minimo di collaudo sul campo \u00e8 gi\u00e0 stato fatto, con assembramenti, il lavoro della ristorazione. Ci sono i presupposti per un ragionamento. <strong>Dato importante:<\/strong> ultra ottantenni vaccinati 97,4%, il 70-89 all&#8217;83,7%, i 60-69 tra vaccinati e prenotati\u00a0 al 78%, i 50-59 in otto giorni sono al 65% e i 40-49 sono il 41%. Da domani ci saranno 80mila posti liberi per le vaccinazioni se non ci saranno i quarantenni indecisi apriamo al resto della popolazione. La campagna vaccinale in Veneto sta andando alla grande. <strong>OGGI CABINA DI REGIA<\/strong> Sono sempre stato molto prudente e continuo ad esserlo. E&#8217; pur vero che le attivit\u00e0 umane anche a rischio assembramento le abbiamo di pi\u00f9 nelle ore diurne che dopo le 22, il coprifuoco rischia di diventare strumento di coercizione della libert\u00e0 ma non significa che a mezzanotte il virus colpisca di pi\u00f9. Ci sono le linee guida, c&#8217;\u00e8 anche il tampone fai da te, da tenere in tasca, comperare in farmacia o al supermercato, che altro non \u00e8 che lo spacchettamento del tampone nasale. <strong>TURISMO<\/strong> Siamo quasi a un +10% di prenotazioni, met\u00e0 dei cittadini italiani far\u00e0 le vacanze in Italia, siamo interessati da un&#8217;industria rappresentata dal 67% di turisti stranieri, non \u00e8 l&#8217;alta stagione che preoccupa, la vera perdita se mai ce l&#8217;avremo sar\u00e0 nella fase iniziale della stagione estiva. <strong>VACCINAZIONE NOVITA&#8217; SUL TURISMO?<\/strong> Ancora non ci siamo, abbiamo sempre il blocco dei quarant&#8217;enni non posso anticipare nulla, prima ci servono vaccini.<strong> QUANDO L&#8217;IMMUNITA&#8217; DI GREGGE?<\/strong> Solo nel momento in cui vaccineremo anche i pi\u00f9 giovani ma non \u00e8 un calcolo che sono in grado di fare, i veneti stanno pero&#8217; rispondendo bene e in maniera volontaria. <strong>SECONDI DOSE IN VACANZE?<\/strong> Siamo disponibili e anche apri pista, oggi runione a livello nazionale vogliamo fare le seconde dosi ai turisti, anche agli stranieri se ci autorizzano.<\/p>\n<p>&nbsp;<\/p>\n<p><a href=\"https:\/\/www.facebook.com\/zaiaufficiale\/videos\/175739877768688\">https:\/\/www.facebook.com\/zaiaufficiale\/videos\/175739877768688<\/a><\/p>\n<p>&nbsp;<\/p>\n","protected":false},"excerpt":{"rendered":"<p>VENEZIA Punto stampa dalla sede della Protezione Civile di Marghera con il Governatore del Veneto Luca Zaia. &nbsp; I NUMERI TAMPONI MOLECOLARI 4 milioni\u00a0 TAMPONI RAPIDI 5 milioni\u00a0 TAMPONI IERI 9147 POSITIVI IERI 173 INCIDENZA 1,.89 POSITIVI DA INIZIO EPIDEMIA 420.351 POSITIVI ATTUALI 15.510 RICOVERI 991 (-1 IN AREA NON CRITICA ) 871 (-1) IN&hellip;<\/p>\n","protected":false},"author":4,"featured_media":210244,"comment_status":"closed","ping_status":"open","sticky":false,"template":"","format":"standard","meta":{"_monsterinsights_skip_tracking":false,"_monsterinsights_sitenote_active":false,"_monsterinsights_sitenote_note":"","_monsterinsights_sitenote_category":0,"footnotes":""},"categories":[51,49],"tags":[],"class_list":["post-210243","post","type-post","status-publish","format-standard","has-post-thumbnail","hentry","category-evidenza-top","category-news-18","category-51","category-49","description-off"],"img_url":"https:\/\/www.radiopiu.net\/wordpress\/wp-content\/uploads\/2021\/05\/186572617_1782081485327092_4199285522618218311_n.jpg","_links":{"self":[{"href":"https:\/\/www.radiopiu.net\/wordpress\/wp-json\/wp\/v2\/posts\/210243","targetHints":{"allow":["GET"]}}],"collection":[{"href":"https:\/\/www.radiopiu.net\/wordpress\/wp-json\/wp\/v2\/posts"}],"about":[{"href":"https:\/\/www.radiopiu.net\/wordpress\/wp-json\/wp\/v2\/types\/post"}],"author":[{"embeddable":true,"href":"https:\/\/www.radiopiu.net\/wordpress\/wp-json\/wp\/v2\/users\/4"}],"replies":[{"embeddable":true,"href":"https:\/\/www.radiopiu.net\/wordpress\/wp-json\/wp\/v2\/comments?post=210243"}],"version-history":[{"count":0,"href":"https:\/\/www.radiopiu.net\/wordpress\/wp-json\/wp\/v2\/posts\/210243\/revisions"}],"wp:featuredmedia":[{"embeddable":true,"href":"https:\/\/www.radiopiu.net\/wordpress\/wp-json\/wp\/v2\/media\/210244"}],"wp:attachment":[{"href":"https:\/\/www.radiopiu.net\/wordpress\/wp-json\/wp\/v2\/media?parent=210243"}],"wp:term":[{"taxonomy":"category","embeddable":true,"href":"https:\/\/www.radiopiu.net\/wordpress\/wp-json\/wp\/v2\/categories?post=210243"},{"taxonomy":"post_tag","embeddable":true,"href":"https:\/\/www.radiopiu.net\/wordpress\/wp-json\/wp\/v2\/tags?post=210243"}],"curies":[{"name":"wp","href":"https:\/\/api.w.org\/{rel}","templated":true}]}}