{"id":210550,"date":"2021-05-19T05:55:31","date_gmt":"2021-05-19T03:55:31","guid":{"rendered":"https:\/\/www.radiopiu.net\/wordpress\/?p=210550"},"modified":"2021-05-19T06:19:08","modified_gmt":"2021-05-19T04:19:08","slug":"per-il-ponte-della-vittoria-era-gia-stato-programmato-il-sopralluogo","status":"publish","type":"post","link":"https:\/\/www.radiopiu.net\/wordpress\/per-il-ponte-della-vittoria-era-gia-stato-programmato-il-sopralluogo\/","title":{"rendered":"PER IL PONTE DELLA VITTORIA ERA GIA&#8217; STATO PROGRAMMATO IL SOPRALLUOGO"},"content":{"rendered":"<h2><span style=\"color: #ff0000;\"><strong>L&#8217;INTERVENTO<\/strong><\/span><\/h2>\n<p><strong>BELLUNO<\/strong> L&#8217;assessore bellunese interviene dopo le osservazioni del consigliere comunale Fabio Rufus Bristot, dichiaratori preoccupato per la manutenzione del Ponte della Vittoria, allegando fotografie e opinioni.<\/p>\n<p><strong><a href=\"https:\/\/www.radiopiu.net\/wordpress\/per-il-ponte-della-vittoria-era-gia-stato-programmato-il-sopralluogo\/83b2d5c1-38de-469c-8bc5-c5819f1bc1bc\/\" rel=\"attachment wp-att-210551\"><img loading=\"lazy\" decoding=\"async\" class=\"size-medium wp-image-210551 alignleft\" src=\"https:\/\/www.radiopiu.net\/wordpress\/wp-content\/uploads\/2021\/05\/83b2d5c1-38de-469c-8bc5-c5819f1bc1bc-300x225.jpg\" alt=\"\" width=\"300\" height=\"225\" srcset=\"https:\/\/www.radiopiu.net\/wordpress\/wp-content\/uploads\/2021\/05\/83b2d5c1-38de-469c-8bc5-c5819f1bc1bc-300x225.jpg 300w, https:\/\/www.radiopiu.net\/wordpress\/wp-content\/uploads\/2021\/05\/83b2d5c1-38de-469c-8bc5-c5819f1bc1bc-1024x768.jpg 1024w, https:\/\/www.radiopiu.net\/wordpress\/wp-content\/uploads\/2021\/05\/83b2d5c1-38de-469c-8bc5-c5819f1bc1bc-768x576.jpg 768w, https:\/\/www.radiopiu.net\/wordpress\/wp-content\/uploads\/2021\/05\/83b2d5c1-38de-469c-8bc5-c5819f1bc1bc.jpg 1408w\" sizes=\"auto, (max-width: 300px) 100vw, 300px\" \/><\/a>BIAGIO GIANNONE Assessore alle Manutenzioni e ai Lavori Pubblici del Comune di Belluno.<\/strong><\/p>\n<p><em>L&#8217;intervento sul Ponte della Vittoria rientra tra gli obbiettivi dirigenziali che ho assegnato agli uffici per l&#8217;anno 2021: tra questi c&#8217;\u00e8 infatti anche l&#8217;affidamento dell&#8217;incarico per la realizzazione del progetto di fattibilit\u00e0 tecnico-economica per la messa in sicurezza e monitoraggio digitale del Ponte della Vittoria, del Ponte sul Rei\u00f9 e del Ponte delle Fontane a Fisterre, con l&#8217;obbiettivo di intercettare i fondi del Recovery Plan. Gi\u00e0 nel 2015 era stato realizzato un primo progetto, che ha concorso ad un bando regionale senza ottenere il contributo, e avevo gi\u00e0 incaricato gli uffici di aggiornarlo sia dal punto di vista tecnico che da quello economico: il valore di 6 anni fa era 150mila euro, da rivalutare oggi visto il continuo aumento dei prezzi dei prodotti edili. In questi anni, non va poi dimenticato che abbiamo subito anche il passaggio della tempesta Vaia, che tra vento ed acqua pu\u00f2 aver provocato sul ponte nuove situazioni da monitorare, ed \u00e8 per questo che \u00e8 necessaria una rinfrescata al progetto, che gi\u00e0 prevedeva alcuni ripristini non strutturali. Una volta aggiornato, sar\u00e0 pronto per partecipare a eventuali nuovi bandi o, se la maggioranza lo riterr\u00e0, anche per intervenire direttamente con fondi di bilancio comunale, anche se le prime stime parlano di non meno di 200mila euro di lavori. Visto l\u2019obbiettivo dato e la necessit\u00e0 di verificare il reale stato di salute del manufatto, era gi\u00e0 stato programmato per i prossimi giorni un sopralluogo dei tecnici comunali, con l&#8217;intento di arrivare in tempi brevi a un nuovo e aggiornato progetto.<\/em><\/p>\n<p>&nbsp;<\/p>\n<h2><strong>IERI SUL SITO, OGGI ALLA RADIO<\/strong><\/h2>\n<blockquote class=\"wp-embedded-content\" data-secret=\"zMINahEGEx\"><p><a href=\"https:\/\/www.radiopiu.net\/wordpress\/il-ponte-della-vittoria-e-san\/\">IL PONTE DELLA VITTORIA E&#8217; &#8220;SANO&#8221;? NECESSITA DI MANUTENZIONI? BRISTOT INTERROGA<\/a><\/p><\/blockquote>\n<p><iframe loading=\"lazy\" class=\"wp-embedded-content\" sandbox=\"allow-scripts\" security=\"restricted\" style=\"position: absolute; clip: rect(1px, 1px, 1px, 1px);\" title=\"&#8220;IL PONTE DELLA VITTORIA E&#8217; &#8220;SANO&#8221;? NECESSITA DI MANUTENZIONI? BRISTOT INTERROGA&#8221; &#8212; Radio Pi\u00f9\" src=\"https:\/\/www.radiopiu.net\/wordpress\/il-ponte-della-vittoria-e-san\/embed\/#?secret=zMINahEGEx\" data-secret=\"zMINahEGEx\" width=\"600\" height=\"338\" frameborder=\"0\" marginwidth=\"0\" marginheight=\"0\" scrolling=\"no\"><\/iframe><\/p>\n<p>&nbsp;<\/p>\n<p>&nbsp;<\/p>\n<p>&nbsp;<\/p>\n<p>****<\/p>\n","protected":false},"excerpt":{"rendered":"<p>L&#8217;INTERVENTO BELLUNO L&#8217;assessore bellunese interviene dopo le osservazioni del consigliere comunale Fabio Rufus Bristot, dichiaratori preoccupato per la manutenzione del Ponte della Vittoria, allegando fotografie e opinioni. BIAGIO GIANNONE Assessore alle Manutenzioni e ai Lavori Pubblici del Comune di Belluno. L&#8217;intervento sul Ponte della Vittoria rientra tra gli obbiettivi dirigenziali che ho assegnato agli uffici&hellip;<\/p>\n","protected":false},"author":4,"featured_media":210552,"comment_status":"closed","ping_status":"open","sticky":false,"template":"","format":"standard","meta":{"_monsterinsights_skip_tracking":false,"_monsterinsights_sitenote_active":false,"_monsterinsights_sitenote_note":"","_monsterinsights_sitenote_category":0,"footnotes":""},"categories":[51,49],"tags":[],"class_list":["post-210550","post","type-post","status-publish","format-standard","has-post-thumbnail","hentry","category-evidenza-top","category-news-18","category-51","category-49","description-off"],"img_url":"https:\/\/www.radiopiu.net\/wordpress\/wp-content\/uploads\/2021\/05\/PONTE-VITTORIA-BELLUNO.jpg","_links":{"self":[{"href":"https:\/\/www.radiopiu.net\/wordpress\/wp-json\/wp\/v2\/posts\/210550","targetHints":{"allow":["GET"]}}],"collection":[{"href":"https:\/\/www.radiopiu.net\/wordpress\/wp-json\/wp\/v2\/posts"}],"about":[{"href":"https:\/\/www.radiopiu.net\/wordpress\/wp-json\/wp\/v2\/types\/post"}],"author":[{"embeddable":true,"href":"https:\/\/www.radiopiu.net\/wordpress\/wp-json\/wp\/v2\/users\/4"}],"replies":[{"embeddable":true,"href":"https:\/\/www.radiopiu.net\/wordpress\/wp-json\/wp\/v2\/comments?post=210550"}],"version-history":[{"count":0,"href":"https:\/\/www.radiopiu.net\/wordpress\/wp-json\/wp\/v2\/posts\/210550\/revisions"}],"wp:featuredmedia":[{"embeddable":true,"href":"https:\/\/www.radiopiu.net\/wordpress\/wp-json\/wp\/v2\/media\/210552"}],"wp:attachment":[{"href":"https:\/\/www.radiopiu.net\/wordpress\/wp-json\/wp\/v2\/media?parent=210550"}],"wp:term":[{"taxonomy":"category","embeddable":true,"href":"https:\/\/www.radiopiu.net\/wordpress\/wp-json\/wp\/v2\/categories?post=210550"},{"taxonomy":"post_tag","embeddable":true,"href":"https:\/\/www.radiopiu.net\/wordpress\/wp-json\/wp\/v2\/tags?post=210550"}],"curies":[{"name":"wp","href":"https:\/\/api.w.org\/{rel}","templated":true}]}}