{"id":210758,"date":"2021-05-20T05:28:29","date_gmt":"2021-05-20T03:28:29","guid":{"rendered":"https:\/\/www.radiopiu.net\/wordpress\/?p=210758"},"modified":"2021-05-20T05:39:25","modified_gmt":"2021-05-20T03:39:25","slug":"ex-embraco-cassa-integrazione-fino-a-fine-anno-stefano-bona-fiom-cgil-cosa-si-sta-facendo-per-acc","status":"publish","type":"post","link":"https:\/\/www.radiopiu.net\/wordpress\/ex-embraco-cassa-integrazione-fino-a-fine-anno-stefano-bona-fiom-cgil-cosa-si-sta-facendo-per-acc\/","title":{"rendered":"EX EMBRACO: CASSA INTEGRAZIONE FINO A FINE ANNO. STEFANO BONA (FIOM CGIL): &#8220;COSA SI STA FACENDO PER ACC?&#8221;"},"content":{"rendered":"<p><strong><a href=\"https:\/\/www.radiopiu.net\/wordpress\/il-ritorno-al-lavoro-dei-licenzati-dai-cinesi\/acc-mel\/\" rel=\"attachment wp-att-145345\"><img loading=\"lazy\" decoding=\"async\" class=\"size-medium wp-image-145345 alignleft\" src=\"https:\/\/www.radiopiu.net\/wordpress\/wp-content\/uploads\/2020\/06\/ACC-MEL-300x300.png\" alt=\"\" width=\"300\" height=\"300\" srcset=\"https:\/\/www.radiopiu.net\/wordpress\/wp-content\/uploads\/2020\/06\/ACC-MEL-300x300.png 300w, https:\/\/www.radiopiu.net\/wordpress\/wp-content\/uploads\/2020\/06\/ACC-MEL-150x150.png 150w, https:\/\/www.radiopiu.net\/wordpress\/wp-content\/uploads\/2020\/06\/ACC-MEL-768x768.png 768w, https:\/\/www.radiopiu.net\/wordpress\/wp-content\/uploads\/2020\/06\/ACC-MEL.png 796w\" sizes=\"auto, (max-width: 300px) 100vw, 300px\" \/><\/a>BELLUNO<\/strong> Stefano Bona della FIOM CGIL, dopo le dichiarazioni del presidente della regione Piemonte sulla questione ex Embraco, di ce la sua su ACC chiedendo cosa si sta facendo per evitare la morte dell&#8217;azienda di Borgo Valbelluna<\/p>\n<blockquote><p><em>In merito a quanto dichiarato dal presidente Cirio, resta per noi incomprensibili come non si capisca che il vero problema \u00e8 garantire in tempi rapidissimi il sostentamento finanziario di Acc, oppure veramente si crede che la soluzione risieda nel tentativo in corso con clienti e fornitori? si pensa forse che essi possano sostituirsi alle banche che da mesi si rifiutano di sostenere Acc? per quanto questo ipotetico accordo potrebbe garantire la continuit\u00e0 produttiva due settimane? un mese? forse se tutto va per il meglio! \u00e8 invece decisivo che il governo (Giorgetti) garantisca in tempi rapidissimi il finanziamento dal fondo art.37 Dl sostegni che sar\u00e0 convertito entro il 21 maggio, si \u00e8 in grado di garantire un iter accelerato che consenta il finanziamento entro la prima met\u00e0 di giugno? noi siamo convinti si possa fare, serve volerlo per\u00f2, poi discuteremo e valuteremo l&#8217;individuazione di soggetti privati disponibili ad entrare in Italcomp, il governo intende salvare una SUA azienda, carica di storia industriale ed occupazionale, per una volta vogliamo pensare alle persone, agli operai! e non alle opportunit\u00e0 di investimento che risiedono in Ebit-da e simili! Che ne pensano i nostri rappresentanti politici provinciali? e cosa stanno facendo per evitare il dramma della morte di Acc? guardano ai bilanci o alle persone? Il tempo sta per scadere e il silenzio \u00e8 funesto!!<\/em><\/p><\/blockquote>\n<p>&nbsp;<\/p>\n<p><strong>LE DICHIARAZIONI DEL PRESIDENTE DELLA REGIONE PIEMONTE CIRIO<\/strong><\/p>\n<p><iframe loading=\"lazy\" title=\"Ex Embraco, Cirio: &quot;Grazie a ministro Orlando cassa integrazione fino fine anno&quot;\" width=\"1200\" height=\"675\" src=\"https:\/\/www.youtube.com\/embed\/auhx2fxaJ2E?feature=oembed\" frameborder=\"0\" allow=\"accelerometer; autoplay; clipboard-write; encrypted-media; gyroscope; picture-in-picture\" allowfullscreen><\/iframe><\/p>\n<p>&nbsp;<\/p>\n<p>&nbsp;<\/p>\n<p>&nbsp;<\/p>\n<p>****<\/p>\n","protected":false},"excerpt":{"rendered":"<p>BELLUNO Stefano Bona della FIOM CGIL, dopo le dichiarazioni del presidente della regione Piemonte sulla questione ex Embraco, di ce la sua su ACC chiedendo cosa si sta facendo per evitare la morte dell&#8217;azienda di Borgo Valbelluna In merito a quanto dichiarato dal presidente Cirio, resta per noi incomprensibili come non si capisca che il&hellip;<\/p>\n","protected":false},"author":4,"featured_media":145345,"comment_status":"closed","ping_status":"open","sticky":false,"template":"","format":"standard","meta":{"_monsterinsights_skip_tracking":false,"_monsterinsights_sitenote_active":false,"_monsterinsights_sitenote_note":"","_monsterinsights_sitenote_category":0,"footnotes":""},"categories":[51,49],"tags":[],"class_list":["post-210758","post","type-post","status-publish","format-standard","has-post-thumbnail","hentry","category-evidenza-top","category-news-18","category-51","category-49","description-off"],"img_url":"https:\/\/www.radiopiu.net\/wordpress\/wp-content\/uploads\/2020\/06\/ACC-MEL.png","_links":{"self":[{"href":"https:\/\/www.radiopiu.net\/wordpress\/wp-json\/wp\/v2\/posts\/210758","targetHints":{"allow":["GET"]}}],"collection":[{"href":"https:\/\/www.radiopiu.net\/wordpress\/wp-json\/wp\/v2\/posts"}],"about":[{"href":"https:\/\/www.radiopiu.net\/wordpress\/wp-json\/wp\/v2\/types\/post"}],"author":[{"embeddable":true,"href":"https:\/\/www.radiopiu.net\/wordpress\/wp-json\/wp\/v2\/users\/4"}],"replies":[{"embeddable":true,"href":"https:\/\/www.radiopiu.net\/wordpress\/wp-json\/wp\/v2\/comments?post=210758"}],"version-history":[{"count":0,"href":"https:\/\/www.radiopiu.net\/wordpress\/wp-json\/wp\/v2\/posts\/210758\/revisions"}],"wp:featuredmedia":[{"embeddable":true,"href":"https:\/\/www.radiopiu.net\/wordpress\/wp-json\/wp\/v2\/media\/145345"}],"wp:attachment":[{"href":"https:\/\/www.radiopiu.net\/wordpress\/wp-json\/wp\/v2\/media?parent=210758"}],"wp:term":[{"taxonomy":"category","embeddable":true,"href":"https:\/\/www.radiopiu.net\/wordpress\/wp-json\/wp\/v2\/categories?post=210758"},{"taxonomy":"post_tag","embeddable":true,"href":"https:\/\/www.radiopiu.net\/wordpress\/wp-json\/wp\/v2\/tags?post=210758"}],"curies":[{"name":"wp","href":"https:\/\/api.w.org\/{rel}","templated":true}]}}