{"id":210985,"date":"2021-05-20T16:52:20","date_gmt":"2021-05-20T14:52:20","guid":{"rendered":"https:\/\/www.radiopiu.net\/wordpress\/?p=210985"},"modified":"2021-05-20T16:52:21","modified_gmt":"2021-05-20T14:52:21","slug":"riqualificazione-piazzale-stazione-padrin-e-scopel-tavolo-in-prefettura-per-limare-le-proposte-progettuali-il-tpl-ha-bisogno-di-efficienza-e-funzionalita","status":"publish","type":"post","link":"https:\/\/www.radiopiu.net\/wordpress\/riqualificazione-piazzale-stazione-padrin-e-scopel-tavolo-in-prefettura-per-limare-le-proposte-progettuali-il-tpl-ha-bisogno-di-efficienza-e-funzionalita\/","title":{"rendered":"RIQUALIFICAZIONE PIAZZALE STAZIONE, PADRIN E SCOPEL: \u00abTAVOLO IN PREFETTURA PER LIMARE LE PROPOSTE PROGETTUALI. IL TPL HA BISOGNO DI EFFICIENZA E FUNZIONALIT\u00c0\u00bb"},"content":{"rendered":"<p><strong><a href=\"https:\/\/www.radiopiu.net\/wordpress\/riqualificazione-piazzale-stazione-padrin-e-scopel-tavolo-in-prefettura-per-limare-le-proposte-progettuali-il-tpl-ha-bisogno-di-efficienza-e-funzionalita\/stazione-belluno\/\" rel=\"attachment wp-att-210990\"><img loading=\"lazy\" decoding=\"async\" class=\"size-medium wp-image-210990 alignleft\" src=\"https:\/\/www.radiopiu.net\/wordpress\/wp-content\/uploads\/2021\/05\/STAZIONE-BELLUNO-300x156.png\" alt=\"\" width=\"300\" height=\"156\" srcset=\"https:\/\/www.radiopiu.net\/wordpress\/wp-content\/uploads\/2021\/05\/STAZIONE-BELLUNO-300x156.png 300w, https:\/\/www.radiopiu.net\/wordpress\/wp-content\/uploads\/2021\/05\/STAZIONE-BELLUNO-1024x533.png 1024w, https:\/\/www.radiopiu.net\/wordpress\/wp-content\/uploads\/2021\/05\/STAZIONE-BELLUNO-768x400.png 768w, https:\/\/www.radiopiu.net\/wordpress\/wp-content\/uploads\/2021\/05\/STAZIONE-BELLUNO-1536x800.png 1536w, https:\/\/www.radiopiu.net\/wordpress\/wp-content\/uploads\/2021\/05\/STAZIONE-BELLUNO-2048x1066.png 2048w\" sizes=\"auto, (max-width: 300px) 100vw, 300px\" \/><\/a>BELLUNO <\/strong><span class=\"s1\">\u00ab<em>Abbiamo attivato una interlocuzione con il Comune di Belluno per richiedere alla Prefettura la convocazione di un tavolo tecnico e risolvere i nodi relativi alla riqualificazione del Piazzale stazione. La questione della sicurezza e della funzionalit\u00e0 del servizio tpl \u00e8 fondamentale. Contemporaneamente sar\u00e0 necessario ascoltare le esigenze dei cittadini, come hanno chiesto i residenti di via De Min. Da parte nostra, piena disponibilit\u00e0<\/em>\u00bb. Cos\u00ec il presidente della Provincia, Roberto Padrin, relativamente al progetto di rigenerazione urbana del Comune di Belluno, che prevede un intervento consistente sul Piazzale stazione. <\/span><span class=\"s1\">\u00ab<em>La Provincia si \u00e8 interessata del progetto a seguito delle richieste di Dolomitibus, che da tempo rileva problemi di sicurezza nel piazzale, soprattutto nelle ore di punta<\/em>\u00bb aggiunge il consigliere provinciale delegato alla mobilit\u00e0, Dario Scopel. \u00ab<em>Come tutti i piani che propongono modifiche sostanziali della situazione attuale, anche l\u2019intervento previsto per la stazione di Belluno ha provocato qualche reazione da parte dei residenti. Ricordo che i conteggi effettuati per il servizio tpl prevedono 24 stalli per i bus extraurbani e 6 stalli per i bus urbani e che attualmente gli spazi nel solo Piazzale stazione non sono sufficienti. Per questo \u00e8 stato proposto di aggiungere aree limitrofe, come il piazzale Metropolis, via Dante, via De Min e via Volontari della Libert\u00e0. Il progetto iniziale prevedeva la realizzazione di alcuni stalli davanti alla caserma Fantuzzi, ma lo stato precario del fabbricato e i futuri lavori di trasformazione nella cittadella della sicurezza hanno obbligato a scelte diverse, a servizio dell\u2019utenza. La stazione di Belluno \u00e8 l\u2019unico interscambio gomma-ferro di portata provinciale e non \u00e8 pensabile distribuire gli spazi di manovra e fermata in aree troppo distanti tra loro. In ogni caso, siamo ancora a livello di proposte, pur inserite in un accordo di programma. Per cui c\u2019\u00e8 tempo per approfondimenti e integrazioni, anche con il tavolo che abbiamo richiesto alla Prefettura<\/em>\u00bb.<\/span><\/p>\n","protected":false},"excerpt":{"rendered":"<p>BELLUNO \u00abAbbiamo attivato una interlocuzione con il Comune di Belluno per richiedere alla Prefettura la convocazione di un tavolo tecnico e risolvere i nodi relativi alla riqualificazione del Piazzale stazione. La questione della sicurezza e della funzionalit\u00e0 del servizio tpl \u00e8 fondamentale. Contemporaneamente sar\u00e0 necessario ascoltare le esigenze dei cittadini, come hanno chiesto i residenti&hellip;<\/p>\n","protected":false},"author":4,"featured_media":210990,"comment_status":"closed","ping_status":"open","sticky":false,"template":"","format":"standard","meta":{"_monsterinsights_skip_tracking":false,"_monsterinsights_sitenote_active":false,"_monsterinsights_sitenote_note":"","_monsterinsights_sitenote_category":0,"footnotes":""},"categories":[49],"tags":[],"class_list":["post-210985","post","type-post","status-publish","format-standard","has-post-thumbnail","hentry","category-news-18","category-49","description-off"],"img_url":"https:\/\/www.radiopiu.net\/wordpress\/wp-content\/uploads\/2021\/05\/STAZIONE-BELLUNO.png","_links":{"self":[{"href":"https:\/\/www.radiopiu.net\/wordpress\/wp-json\/wp\/v2\/posts\/210985","targetHints":{"allow":["GET"]}}],"collection":[{"href":"https:\/\/www.radiopiu.net\/wordpress\/wp-json\/wp\/v2\/posts"}],"about":[{"href":"https:\/\/www.radiopiu.net\/wordpress\/wp-json\/wp\/v2\/types\/post"}],"author":[{"embeddable":true,"href":"https:\/\/www.radiopiu.net\/wordpress\/wp-json\/wp\/v2\/users\/4"}],"replies":[{"embeddable":true,"href":"https:\/\/www.radiopiu.net\/wordpress\/wp-json\/wp\/v2\/comments?post=210985"}],"version-history":[{"count":0,"href":"https:\/\/www.radiopiu.net\/wordpress\/wp-json\/wp\/v2\/posts\/210985\/revisions"}],"wp:featuredmedia":[{"embeddable":true,"href":"https:\/\/www.radiopiu.net\/wordpress\/wp-json\/wp\/v2\/media\/210990"}],"wp:attachment":[{"href":"https:\/\/www.radiopiu.net\/wordpress\/wp-json\/wp\/v2\/media?parent=210985"}],"wp:term":[{"taxonomy":"category","embeddable":true,"href":"https:\/\/www.radiopiu.net\/wordpress\/wp-json\/wp\/v2\/categories?post=210985"},{"taxonomy":"post_tag","embeddable":true,"href":"https:\/\/www.radiopiu.net\/wordpress\/wp-json\/wp\/v2\/tags?post=210985"}],"curies":[{"name":"wp","href":"https:\/\/api.w.org\/{rel}","templated":true}]}}