{"id":211050,"date":"2021-05-22T05:50:30","date_gmt":"2021-05-22T03:50:30","guid":{"rendered":"https:\/\/www.radiopiu.net\/wordpress\/?p=211050"},"modified":"2021-05-23T07:22:32","modified_gmt":"2021-05-23T05:22:32","slug":"gr220521","status":"publish","type":"post","link":"https:\/\/www.radiopiu.net\/wordpress\/gr220521\/","title":{"rendered":"GIORNALE RADIOPIU 22 MAGGIO 2021 DIRETTORE MIRKO MEZZACASA"},"content":{"rendered":"<p>&nbsp;<\/p>\n<h3><span style=\"color: #0000ff;\">PER<strong>\u00a0RICEVERE QUESTO NOTIZIARIO DIRETTAMENTE SUL TUO CELLULARE ISCRIVITI AL CANALE TELEGRAM\u00a0<\/strong><strong>\u201cRADIO PIU\u00a0 INFORMAZIONE\u201d\u00a0 \u00a0\u00a0<\/strong><\/span><\/h3>\n<p>&nbsp;<\/p>\n<hr \/>\n<p>&nbsp;<\/p>\n<p><em><a href=\"https:\/\/www.radiopiu.net\/wordpress\/giornale-radiopiu-24-gennaio-2021-direttore-mirko-mezzacasa\/79216601_126817312416448_708980208774483089_n\/\" rel=\"attachment wp-att-186567\"><img loading=\"lazy\" decoding=\"async\" class=\"size-medium wp-image-186567 alignleft\" src=\"https:\/\/www.radiopiu.net\/wordpress\/wp-content\/uploads\/2021\/01\/79216601_126817312416448_708980208774483089_n-300x114.jpg\" sizes=\"auto, (max-width: 300px) 100vw, 300px\" srcset=\"https:\/\/www.radiopiu.net\/wordpress\/wp-content\/uploads\/2021\/01\/79216601_126817312416448_708980208774483089_n-300x114.jpg 300w, https:\/\/www.radiopiu.net\/wordpress\/wp-content\/uploads\/2021\/01\/79216601_126817312416448_708980208774483089_n-768x292.jpg 768w, https:\/\/www.radiopiu.net\/wordpress\/wp-content\/uploads\/2021\/01\/79216601_126817312416448_708980208774483089_n.jpg 820w\" alt=\"\" width=\"300\" height=\"114\" \/><\/a>A<\/em><em>PP PER IOS-IPHONE di Nicola Vettorello <\/em><a href=\"https:\/\/apps.apple.com\/it\/app\/radio-pi%C3%B9-emittente-agordina\/id1515939845\">https:\/\/apps.apple.com\/it\/app\/radio-pi%C3%B9-emittente-agordina\/id1515939845<\/a><\/p>\n<p><em>ATTENZIONE: LA NUOVA APP RADIO\u00a0 PER ANDROID di Nicola Vettorello<\/em><\/p>\n<p><a href=\"https:\/\/play.google.com\/store\/apps\/details?id=net.radiopiu.iniko\" target=\"_blank\" rel=\"noopener noreferrer\">https:\/\/play.google.com\/store\/apps\/details?id=net.radiopiu.iniko<\/a><\/p>\n<p>&nbsp;<\/p>\n<p>&nbsp;<\/p>\n<p>&nbsp;<\/p>\n<hr \/>\n<p>&nbsp;<\/p>\n<blockquote><p><strong><span style=\"color: #000000;\">IN OCCASIONE DEL PASSAGGIO DEL GIRO D&#8217;ITALIA AD ARABBA E LIVINALLONGO (LUNEDI) IL SINDACO HA ORDINATO LA CHIUSURA ANTICIPATA DELLA SCUOLA PRIMARIA DI PIEVE DI LIVINALLONGO ALLE 11.30 E DELLA SCUOLA DELL&#8217;INFANZIA DI ARABBA ALLE 12. AL TERMINE DELLE LEZIONI SARA&#8217; ASSICURATO IL REGOLARE SERVIZIO DI SCUOLABUS.<\/span><\/strong><\/p><\/blockquote>\n<p>&nbsp;<\/p>\n<hr \/>\n<h3><a href=\"https:\/\/www.radiopiu.net\/wordpress\/giornale-radiopiu-13-maggio-2021-direttore-mirko-mezzacasa\/343614be-a1f6-4d4a-9b92-950e5b1c1ee9\/\" rel=\"attachment wp-att-209422\"><img loading=\"lazy\" decoding=\"async\" class=\"size-full wp-image-209422 alignleft\" src=\"https:\/\/www.radiopiu.net\/wordpress\/wp-content\/uploads\/2021\/05\/343614be-a1f6-4d4a-9b92-950e5b1c1ee9.jpg\" alt=\"\" width=\"90\" height=\"67\" \/><\/a> A\u00a0 BERTOI DI VOLTAGO ACQUA INQUINATA<\/h3>\n<p>a VOLTAGO AGORDINO in VIA BERTOI, VIA STRUZ, VIA TRIESTE E TRENTO A TAIBON in localit\u00e0 COL DE CARRERA\u00a0\u00a0 l&#8217;acqua erogata dall&#8217;acquedotto non \u00e8 potabile e pu\u00f2 essere usata per scopi alimentari SOLO PREVIA bollitura.<\/p>\n<p>&nbsp;<\/p>\n<p>&nbsp;<\/p>\n<hr \/>\n<p>&nbsp;<\/p>\n<blockquote>\n<h3>CHIUSURA A FASCE ORARIE PER LA BRENTA-PIEVE DI LIVINALLONGO<\/h3>\n<h3><strong><img loading=\"lazy\" decoding=\"async\" class=\"alignleft\" src=\"https:\/\/www.radiopiu.net\/wordpress\/wp-content\/uploads\/2020\/06\/CHIESA-ARABBA-scaled.jpg\" width=\"171\" height=\"128\" \/>LIVINALLONGO<\/strong>\u00a0 Dal 25 giugno al 16 luglio da Pieve di Livinallongo ad Arabba si potr\u00e0 transitare ma in determinate fasce orarie. Dalle 7 del mattino alle 18 sono infatti previste interruzioni fino a 20 minuti per permettere i lavori di esbosco e realizzazione paramassi. Per tutta la durata dei lavori senso unico alternato nei periodi non interessati delle interruzioni.<\/h3>\n<\/blockquote>\n<p><strong>SENSI UNICI<\/strong>: 203 AGORDINA tra Taibon e Cencenighe fino al 5 giugno esclusi festivi e prefestivi. 347 DURAN E CEREDA a La Valle fino al 30 giugno compresi festivi e prefestivi 251 VAL DI ZOLDO localit\u00e0 Rutorbol fino al 31 luglio tutti i giorni.<\/p>\n<p>&nbsp;<\/p>\n<blockquote>\n<h3>203 AGORDINA LAVORI SOPRA LO ZUNAIA, DA MARTEDI STRADA CHIUSA A FASCE ORARIE<\/h3>\n<\/blockquote>\n<p><strong><img loading=\"lazy\" decoding=\"async\" class=\"alignleft\" src=\"https:\/\/www.radiopiu.net\/wordpress\/wp-content\/uploads\/2021\/05\/download-21.jpg\" width=\"166\" height=\"91\" \/>ALLEGHE<\/strong> A pieni giri il cantiere sopra la 203 Agordina difronte allo stadio del ghiaccio, ma da martedi dopo che saranno transitati i corridori del&#8217; Giro d&#8217;Italia. Sul versante a monte della strada dal 25 maggio al 18 giugno sono programmati lavori importanti per lo spostamento degli schianti e la messa a difesa della regionale. Da lunedi pertanto dalle 7 alle 18 (esclusi festivi e prefestivi) interruzioni della durata massima di 20 minuti e senso unico alternato nei periodi non interessati dalle interruzioni.<\/p>\n<p>&nbsp;<\/p>\n<hr \/>\n<p>&nbsp;<\/p>\n<p>&nbsp;<\/p>\n<blockquote>\n<h3>ESSILORLUXOTTICA: GUIDA L&#8217;ITALIA CON L&#8217;AMMINISTRATORE DELEGATO FRANCESCO MILLERI<\/h3>\n<p><a href=\"https:\/\/www.radiopiu.net\/wordpress\/giornale-radiopiu-22-maggio-2021-direttore-mirko-mezzacasa\/essilor-luxottica-483-306-px-300x190\/\" rel=\"attachment wp-att-211296\"><img loading=\"lazy\" decoding=\"async\" class=\" wp-image-211296 alignright\" src=\"https:\/\/www.radiopiu.net\/wordpress\/wp-content\/uploads\/2021\/05\/Essilor-Luxottica-483-306-px-300x190-1.jpg\" alt=\"\" width=\"234\" height=\"148\" \/><\/a><\/p>\n<p>\u201c<em>Vorrei porgere un caloroso ringraziamento ai nostri azionisti per essere stati al nostro fianco durante la pandemia e averci aiutato a raggiungere il nostro obiettivo di mettere assieme lenti e montature sotto lo stesso tetto. Oggi vogliamo accompagnare la Societ\u00e0 in questa nuova fase dell\u2019integrazione in cui il nostro management potr\u00e0 far leva su tutta la sua energia ed esperienza per realizzare la nostra visione. Oggi pi\u00f9 che mai siamo preparati e motivati dalla nostra Mission. Siamo esattamente dove volevamo essere, all\u2019inizio di una nuova era<\/em>\u201d, ha detto Leonardo Del Vecchio, Presidente di EssilorLuxottica.<\/p><\/blockquote>\n<p><strong><a href=\"https:\/\/www.radiopiu.net\/wordpress\/essilorluxottica-2\/\"><img loading=\"lazy\" decoding=\"async\" class=\"size-medium wp-image-193540 alignleft\" src=\"https:\/\/www.radiopiu.net\/wordpress\/wp-content\/uploads\/2021\/02\/ESSILORLUXOTTICA-300x170.png\" alt=\"\" width=\"300\" height=\"170\" srcset=\"https:\/\/www.radiopiu.net\/wordpress\/wp-content\/uploads\/2021\/02\/ESSILORLUXOTTICA-300x170.png 300w, https:\/\/www.radiopiu.net\/wordpress\/wp-content\/uploads\/2021\/02\/ESSILORLUXOTTICA-1024x579.png 1024w, https:\/\/www.radiopiu.net\/wordpress\/wp-content\/uploads\/2021\/02\/ESSILORLUXOTTICA-768x434.png 768w, https:\/\/www.radiopiu.net\/wordpress\/wp-content\/uploads\/2021\/02\/ESSILORLUXOTTICA.png 1320w\" sizes=\"auto, (max-width: 300px) 100vw, 300px\" \/><\/a>CHARENTON-LE-PONT (FRANCIA)\u00a0<\/strong>Durante l&#8217;Assemblea annuale degli Azionisti di EssilorLuxottica, sono stati approvati tutti i nominativi proposti per il nuovo Consiglio di Amministrazione della Societ\u00e0: Leonardo Del Vecchio, Francesco Milleri, Paul du Saillant, Romolo Bardin, Jean-Luc Biamonti, Marie-Christine Coisne-Roquette, Juliette Favre, Jos\u00e9 Gonzalo, Swati Piramal, Cristina Scocchia, Nathalie von Siemens e Andrea Zappia. Durante la sua prima seduta, il Consiglio di Amministrazione ha nominato Leonardo Del Vecchio Presidente, Francesco Milleri Amministratore Delegato e Paul du Saillant Vice Amministratore Delegato di EssilorLuxottica. Nella stessa riunione, il Consiglio di Amministrazione \u00e8 stato informato della nomina di Stefano Grassi a CFO della Societ\u00e0. \u201c<em>Ringrazio il Consiglio e l\u2019azienda intera per aver creduto in me e in tutto il management team. Sono felice di continuare a lavorare con Paul e di guidare EssilorLuxottica attraverso un nuovo capitolo della sua storia, raggiungendo ulteriori traguardi e creando valore per tutti i nostri stakeholder. Al nostro fianco avremo migliaia di talenti per realizzare la nostra Mission: aiutare le persone a vedere meglio, vivere meglio e godere appieno della vita<\/em>\u201d, ha commentato Francesco Milleri, Amministratore Delegato di EssilorLuxottica\u00a0 Gli azionisti della Societ\u00e0 sono stati invitati a esprimere il loro voto prima dell\u2019Assemblea. Gli azionisti hanno approvato tutte le 32 delibere presentate dal Consiglio di Amministrazione, incluse quelle relative alla nomina dei componenti del nuovo Consiglio di Amministrazione e alla politica di remunerazione applicabile agli Amministratori Esecutivi della Societ\u00e0. Inoltre, l\u2019Assemblea degli Azionisti ha deciso di dare a ciascun azionista la possibilit\u00e0 di optare per il pagamento del dividendo finale da corrispondere per l\u2019esercizio chiuso al 31 dicembre 2020, in azioni di nuova emissione della Societ\u00e0. Come reso noto al Consiglio di Amministrazione, il prezzo per le nuove azioni, in caso d\u2019esercizio dell\u2019opzione, \u00e8 fissato in Euro 124,70 per azione. Per gli azionisti ai quali\/alle quali il dividendo finale sar\u00e0 pagato in contanti, la data di pagamento \u00e8 fissata al 21 giugno 2021 cos\u00ec come agli azionisti che hanno optato per il pagamento del dividendo finale in azioni, le azioni saranno consegnate in pari data, cio\u00e8 il 21 giugno 2021.<\/p>\n<p>&nbsp;<\/p>\n<p>&nbsp;<\/p>\n<p>&nbsp;<\/p>\n<hr \/>\n<blockquote>\n<h3>UNDICI NUOVI POSITIVI IN PROVINCIA DI BELLUNO, 21 I PAZIENTI COVID RICOVERATI IN ULSS 1 DOLOMITI<\/h3>\n<\/blockquote>\n<p><strong>BELLUNO<\/strong> <span style=\"color: #202124;\">Nelle ultime 24 ore <\/span><span style=\"color: #202124;\"><span lang=\"it-IT\">non sono stati registrati decessi di persone covid positive, 11<\/span><\/span> nuove positivit\u00e0 registrate in Ulss 1 Dolomiti e 226 le persone attualmente positive in provincia di Belluno.<\/p>\n<p>Le persone attualmente POSITIVE ricoverate negli ospedali dell\u2019Ulss Dolomiti sono:<\/p>\n<table>\n<tbody>\n<tr>\n<td width=\"217\"><strong>\u00a0<\/strong><\/td>\n<td width=\"217\"><strong>Area NON CRITICA<\/strong><\/td>\n<td width=\"217\"><strong>Terapia Intensiva<\/strong><\/td>\n<\/tr>\n<tr>\n<td width=\"217\"><strong>Ospedale di Belluno <\/strong><\/td>\n<td width=\"217\">7<\/td>\n<td width=\"217\">1<\/td>\n<\/tr>\n<tr>\n<td width=\"217\"><strong>Ospedale di Feltre<\/strong><\/td>\n<td width=\"217\">7<\/td>\n<td width=\"217\">0<\/td>\n<\/tr>\n<\/tbody>\n<\/table>\n<p>Le persone attualmente POSITIVE ricoverate in Ospedale di Comunit\u00e0 sono:<\/p>\n<table>\n<tbody>\n<tr>\n<td width=\"326\"><strong>\u00a0<\/strong><\/td>\n<td width=\"326\"><strong>pazienti attualmente positivi<\/strong><\/td>\n<\/tr>\n<tr>\n<td width=\"326\"><strong>Ospedale di Comunit\u00e0 di FELTRE<\/strong><\/td>\n<td width=\"326\">6<\/td>\n<\/tr>\n<\/tbody>\n<\/table>\n<p>&nbsp;<\/p>\n<hr \/>\n<p>&nbsp;<\/p>\n<blockquote>\n<h3>FRONTALE A LIMANA, FERITI I DUE CONDUCENTI<\/h3>\n<\/blockquote>\n<p><strong>LIMANA<\/strong> Incidente frontale nel pomeriggio di ieri a Limana. Poco prima delle 16, i Vigili Del Fuoco sono intervenuti lungo la SP1 in Via Villa a Limana per lo scontro frontale tra due auto: feriti i due conducenti. I pompieri arrivati da Belluno con il personale di prima partenza, hanno messo in sicurezza i mezzi ed estratto i conducenti di una Renault Clio e di una Volkswagen Polo, i quali sono stati presi in cura dal personale sanitario del SUEM, stabilizzati e trasferiti in ospedale. La polizia stradale ha deviato il traffico ed eseguito i rilievi dell\u2019incidente. Le operazioni di soccorso dei vigili del fuoco sono terminate dopo circa un\u2019ora e mezza.<\/p>\n\n\t\t\t<style type='text\/css'>\n\t\t\t\t#gallery-1 {\n\t\t\t\t\tmargin: auto;\n\t\t\t\t}\n\t\t\t\t#gallery-1 .gallery-item {\n\t\t\t\t\tfloat: left;\n\t\t\t\t\tmargin-top: 10px;\n\t\t\t\t\ttext-align: center;\n\t\t\t\t\twidth: 14%;\n\t\t\t\t}\n\t\t\t\t#gallery-1 img {\n\t\t\t\t\tborder: 2px solid #cfcfcf;\n\t\t\t\t}\n\t\t\t\t#gallery-1 .gallery-caption {\n\t\t\t\t\tmargin-left: 0;\n\t\t\t\t}\n\t\t\t\t\/* see gallery_shortcode() in wp-includes\/media.php *\/\n\t\t\t<\/style>\n\t\t<div id='gallery-1' class='dt-gallery-container gallery galleryid-211050 gallery-columns-7 gallery-size-thumbnail'><dl class='gallery-item'>\n\t\t\t\t<dt class='gallery-icon landscape'>\n\t\t\t\t\t<a class=\"rollover rollover-zoom dt-pswp-item\" title=\"826f7994-bbb0-40d9-a0a8-7e34979a4438\" data-dt-img-description=\"\" data-large_image_width=\"1280\" data-large_image_height=\"888\"href='https:\/\/www.radiopiu.net\/wordpress\/wp-content\/uploads\/2021\/05\/826f7994-bbb0-40d9-a0a8-7e34979a4438.jpg'><img loading=\"lazy\" decoding=\"async\" width=\"150\" height=\"150\" src=\"https:\/\/www.radiopiu.net\/wordpress\/wp-content\/uploads\/2021\/05\/826f7994-bbb0-40d9-a0a8-7e34979a4438-150x150.jpg\" class=\"attachment-thumbnail size-thumbnail\" alt=\"\" \/><\/a>\n\t\t\t\t<\/dt><\/dl><dl class='gallery-item'>\n\t\t\t\t<dt class='gallery-icon landscape'>\n\t\t\t\t\t<a class=\"rollover rollover-zoom dt-pswp-item\" title=\"0c92f97e-4bda-41d9-84a5-c4f4dd37e179\" data-dt-img-description=\"\" data-large_image_width=\"1280\" data-large_image_height=\"882\"href='https:\/\/www.radiopiu.net\/wordpress\/wp-content\/uploads\/2021\/05\/0c92f97e-4bda-41d9-84a5-c4f4dd37e179.jpg'><img loading=\"lazy\" decoding=\"async\" width=\"150\" height=\"150\" src=\"https:\/\/www.radiopiu.net\/wordpress\/wp-content\/uploads\/2021\/05\/0c92f97e-4bda-41d9-84a5-c4f4dd37e179-150x150.jpg\" class=\"attachment-thumbnail size-thumbnail\" alt=\"\" \/><\/a>\n\t\t\t\t<\/dt><\/dl><dl class='gallery-item'>\n\t\t\t\t<dt class='gallery-icon landscape'>\n\t\t\t\t\t<a class=\"rollover rollover-zoom dt-pswp-item\" title=\"d6ce9cda-e6ca-4fe6-afc4-65751087aa78\" data-dt-img-description=\"\" data-large_image_width=\"1280\" data-large_image_height=\"828\"href='https:\/\/www.radiopiu.net\/wordpress\/wp-content\/uploads\/2021\/05\/d6ce9cda-e6ca-4fe6-afc4-65751087aa78.jpg'><img loading=\"lazy\" decoding=\"async\" width=\"150\" height=\"150\" src=\"https:\/\/www.radiopiu.net\/wordpress\/wp-content\/uploads\/2021\/05\/d6ce9cda-e6ca-4fe6-afc4-65751087aa78-150x150.jpg\" class=\"attachment-thumbnail size-thumbnail\" alt=\"\" \/><\/a>\n\t\t\t\t<\/dt><\/dl><dl class='gallery-item'>\n\t\t\t\t<dt class='gallery-icon landscape'>\n\t\t\t\t\t<a class=\"rollover rollover-zoom dt-pswp-item\" title=\"2ea83472-60c6-444b-a4a7-95df027d4615\" data-dt-img-description=\"\" data-large_image_width=\"1280\" data-large_image_height=\"837\"href='https:\/\/www.radiopiu.net\/wordpress\/wp-content\/uploads\/2021\/05\/2ea83472-60c6-444b-a4a7-95df027d4615.jpg'><img loading=\"lazy\" decoding=\"async\" width=\"150\" height=\"150\" src=\"https:\/\/www.radiopiu.net\/wordpress\/wp-content\/uploads\/2021\/05\/2ea83472-60c6-444b-a4a7-95df027d4615-150x150.jpg\" class=\"attachment-thumbnail size-thumbnail\" alt=\"\" \/><\/a>\n\t\t\t\t<\/dt><\/dl><dl class='gallery-item'>\n\t\t\t\t<dt class='gallery-icon landscape'>\n\t\t\t\t\t<a class=\"rollover rollover-zoom dt-pswp-item\" title=\"0633d8d7-3bf2-4a05-b6ed-1a4e68561c44\" data-dt-img-description=\"\" data-large_image_width=\"1280\" data-large_image_height=\"834\"href='https:\/\/www.radiopiu.net\/wordpress\/wp-content\/uploads\/2021\/05\/0633d8d7-3bf2-4a05-b6ed-1a4e68561c44.jpg'><img loading=\"lazy\" decoding=\"async\" width=\"150\" height=\"150\" src=\"https:\/\/www.radiopiu.net\/wordpress\/wp-content\/uploads\/2021\/05\/0633d8d7-3bf2-4a05-b6ed-1a4e68561c44-150x150.jpg\" class=\"attachment-thumbnail size-thumbnail\" alt=\"\" \/><\/a>\n\t\t\t\t<\/dt><\/dl><dl class='gallery-item'>\n\t\t\t\t<dt class='gallery-icon landscape'>\n\t\t\t\t\t<a class=\"rollover rollover-zoom dt-pswp-item\" title=\"0385e59c-5fe6-4845-8487-c353d29fd4cd\" data-dt-img-description=\"\" data-large_image_width=\"1280\" data-large_image_height=\"864\"href='https:\/\/www.radiopiu.net\/wordpress\/wp-content\/uploads\/2021\/05\/0385e59c-5fe6-4845-8487-c353d29fd4cd.jpg'><img loading=\"lazy\" decoding=\"async\" width=\"150\" height=\"150\" src=\"https:\/\/www.radiopiu.net\/wordpress\/wp-content\/uploads\/2021\/05\/0385e59c-5fe6-4845-8487-c353d29fd4cd-150x150.jpg\" class=\"attachment-thumbnail size-thumbnail\" alt=\"\" \/><\/a>\n\t\t\t\t<\/dt><\/dl><dl class='gallery-item'>\n\t\t\t\t<dt class='gallery-icon landscape'>\n\t\t\t\t\t<a class=\"rollover rollover-zoom dt-pswp-item\" title=\"244e023f-826d-4a17-8c49-42a117d81a8f\" data-dt-img-description=\"\" data-large_image_width=\"1280\" data-large_image_height=\"960\"href='https:\/\/www.radiopiu.net\/wordpress\/wp-content\/uploads\/2021\/05\/244e023f-826d-4a17-8c49-42a117d81a8f.jpg'><img loading=\"lazy\" decoding=\"async\" width=\"150\" height=\"150\" src=\"https:\/\/www.radiopiu.net\/wordpress\/wp-content\/uploads\/2021\/05\/244e023f-826d-4a17-8c49-42a117d81a8f-150x150.jpg\" class=\"attachment-thumbnail size-thumbnail\" alt=\"\" \/><\/a>\n\t\t\t\t<\/dt><\/dl><br style=\"clear: both\" \/>\n\t\t\t<\/div>\n\n<p>&nbsp;<\/p>\n<hr \/>\n<h3 align=\"CENTER\"><span style=\"font-family: Arial, serif;\"><b>\u00a0<\/b><\/span><\/h3>\n<h3 align=\"CENTER\"><span style=\"font-family: Arial, serif;\"><b>SOSPENSIONE DRIVE IN PALUDI LUNEDI 24 maggio <\/b><\/span><\/h3>\n<p align=\"LEFT\"><span style=\"font-family: Arial, serif;\"><strong>BELLUNO<\/strong> In relazione al passaggio del Giro d&#8217;Italia nel territorio bellunese, programmato per luned\u00ec 24 maggio 2021, con chiusura di varie strade, si rende necessaria la sospensione dell&#8217;esecuzione di tamponi presso il Covid Point di Paludi. <\/span><span style=\"font-family: Arial, serif;\">Luned\u00ec 24.05.2021 rimarranno attivi i Covid Point di Anz\u00f9 (8.30-12.30) e Agordo (16.00-17.00).<\/span><\/p>\n<p>&nbsp;<\/p>\n<hr \/>\n<p>&nbsp;<\/p>\n<p>&nbsp;<\/p>\n<blockquote>\n<h3>APERTE LE PRENOTAZIONI DEL VACCINO ANTI COVID PER PERSONE TRA 16 E 59 ANNI CON ESENZIONE PER PATOLOGIA<\/h3>\n<\/blockquote>\n<p><strong><a href=\"https:\/\/www.radiopiu.net\/wordpress\/giornale-radiopiu-15-marzo-2021-direttore-mirko-mezzacasa\/vaccino-2\/\" rel=\"attachment wp-att-196946\"><img loading=\"lazy\" decoding=\"async\" class=\"size-medium wp-image-196946 alignleft\" src=\"https:\/\/www.radiopiu.net\/wordpress\/wp-content\/uploads\/2021\/03\/VACCINO-300x169.jpg\" alt=\"\" width=\"300\" height=\"169\" srcset=\"https:\/\/www.radiopiu.net\/wordpress\/wp-content\/uploads\/2021\/03\/VACCINO-300x169.jpg 300w, https:\/\/www.radiopiu.net\/wordpress\/wp-content\/uploads\/2021\/03\/VACCINO-1024x576.jpg 1024w, https:\/\/www.radiopiu.net\/wordpress\/wp-content\/uploads\/2021\/03\/VACCINO-768x432.jpg 768w, https:\/\/www.radiopiu.net\/wordpress\/wp-content\/uploads\/2021\/03\/VACCINO.jpg 1280w\" sizes=\"auto, (max-width: 300px) 100vw, 300px\" \/><\/a>BELLUNO <\/strong>L\u2019ULSS Dolomiti sulla base di specifiche indicazioni regionali sta aprendo numerosi spazi (circa 4.000) di prenotazione tramite il sito <a href=\"http:\/\/www.aulss1.veneto.it\/\">www.aulss1.veneto.it<\/a> a favore di persone di et\u00e0 compresa tra 16 e 59 anni in possesso di esenzione ticket per patologia. Il sistema di prenotazione prevede l\u2019inserimento del codice fiscale con conseguente aggancio automatico all\u2019archivio delle esenzioni ticket per patologia. Questo potenziamento dell\u2019offerta vaccinale \u00e8 reso possibile dalla conferma di forniture aggiuntive di vaccino Pfizer e Moderna. Gli spazi di prenotazione sono prevalentemente collati nel mese di giugno. Le persone over 60 anni possono accedere senza prenotazione in due sedute vaccinale dedicate per questo week end: Agordo: sabato 22 maggio dalle 15.00 alle 17.00, Paludi: domenica 23 maggio dalle 10.00 alle 13.00 che fanno seguito alle due sedute tenutesi a Tai e Feltre nei giorni.<\/p>\n<p>&nbsp;<\/p>\n<p>&nbsp;<\/p>\n<hr \/>\n<p>&nbsp;<\/p>\n<blockquote>\n<h3>NELLE STRUTTURE RESIDENZIALI CON IL TAMPONE NEGATIVO<\/h3>\n<\/blockquote>\n<p><strong><img loading=\"lazy\" decoding=\"async\" class=\"alignleft\" src=\"https:\/\/www.radiopiu.net\/wordpress\/wp-content\/uploads\/2021\/02\/CASA-SOGGIORNO-TAIBON.jpg\" width=\"194\" height=\"123\" \/>BELLUNO<\/strong> Fin da oggi \u00e8 possibile eseguire un tampone per accedere a strutture residenziali in qualit\u00e0 di familiari o visitatori di ospiti delle strutture stesse. Gli interessati dovranno compilare e presentare al covid point tamponi il modulo di autocertificazione disposibile sul sito www.aulss1.veneto.it. I tamponi per questa finalit\u00e0 vengono eseguiti gratuitamente Drive-in Paludi: \u00a0\u00b7dal luned\u00ec al sabato (festivi esclusi), \u00b7dalle 8.30 alle 12.30; \u00b7Drive-in Feltre \u2013 loc. Anz\u00f9: \u00b7dal luned\u00ec al sabato (festivi esclusi), \u00b7dalle 8.30 alle 12.30; \u00b7Drive-in Tai di Cadore: \u00b7marted\u00ec, gioved\u00ec e sabato (festivi esclusi), \u00b7dalle 15.00 alle 17.00;\u00a0 \u00a0\u00b7Drive-in Agordo:\u00a0 \u00b7luned\u00ec, mercoled\u00ec e venerd\u00ec (festivi esclusi), \u00b7dalle 16.00 alle 17.00. \u00b7\u00a0\u00a0\u00a0\u00a0\u00a0 Drive in Belluno (area ospedale San Martino \u2013 vicino ad asilo ziendale) domenica e festivi dalle 8.30 alle 10.30<\/p>\n<p>&nbsp;<\/p>\n<hr \/>\n<blockquote>\n<h3><\/h3>\n<h3>CONTAGIO A SCUOLA, SEMPRE MEGLIO, IN UNA SETTIMANA 17 CLASSI OLTRE LA PANDEMIA<\/h3>\n<\/blockquote>\n<p><strong><img loading=\"lazy\" decoding=\"async\" class=\"alignleft\" src=\"https:\/\/www.radiopiu.net\/wordpress\/wp-content\/uploads\/2020\/03\/covid-importante.jpg\" width=\"167\" height=\"125\" \/>BELLUNO<\/strong> 10 classi con almeno un positivo in meno in carico al Dipartimento di Prevenzione della Ulss1, 7 classi in meno con casi in isolamento. Scende anche la curva scuola, questi i numeri aggiornati: CLASSI CON ALMENO UN POSITIVO 13 (-10 rispetto a 7 giorni fa),\u00a0\u00a0 nidi 0 classi, infanzia 1 classe (-4), primaria 5 (-3), secondaria primo grado 1 (0), secondaria seconda grado 5 (-2), convitto 0 (0), doposcuola 1 (-10) CLASSI IN ISOLAMENTO\u00a0 4 (-7), nidi 0 (0), infanzia 1 (-4), primaria 2 (0), secondaria primo grado 0 (0), secondaria seconda grado 0 (-3), convitto 0 (0) doposcuola 1 (0). Il team scuola dal 14 settembre ha preso in carico 780 classi.<\/p>\n<blockquote>\n<h3><\/h3>\n<\/blockquote>\n<hr \/>\n<blockquote>\n<h3><\/h3>\n<p>_<\/p><\/blockquote>\n<p>&nbsp;<\/p>\n<hr \/>\n<blockquote>\n<h3>SANITARI NON VACCINATI, PD &#8220;SI RISPETTI IL DECRETO E GLI OBBLIGHI&#8221;<\/h3>\n<\/blockquote>\n<p><strong><a href=\"https:\/\/www.radiopiu.net\/wordpress\/sanitati-non-vaccinati-pd-si-rispetti-il-decreto-e-gli-obblighi\/new-year-5822002__340\/\" rel=\"attachment wp-att-211121\"><img loading=\"lazy\" decoding=\"async\" class=\"wp-image-211121 alignleft\" src=\"https:\/\/www.radiopiu.net\/wordpress\/wp-content\/uploads\/2021\/05\/new-year-5822002__340.jpg\" alt=\"\" width=\"245\" height=\"163\" srcset=\"https:\/\/www.radiopiu.net\/wordpress\/wp-content\/uploads\/2021\/05\/new-year-5822002__340.jpg 510w, https:\/\/www.radiopiu.net\/wordpress\/wp-content\/uploads\/2021\/05\/new-year-5822002__340-300x200.jpg 300w\" sizes=\"auto, (max-width: 245px) 100vw, 245px\" \/><\/a>VENEZIA<\/strong>\u00a0 I consiglieri del Pd Veneto chiede che chi rifiuta il vaccino tra il personale sanitario venga immediatamente spostato ad altre mansioni perch\u00e9 non mettano in pericolo i pazienti., oppure come prevede il decreto che scattino immediate sospensioni dal lavoro. Per il Pd regionale il Tribunale di Belluno ha dato un segnale importante, dichiarando inammissibile il reclamo degli otto operatori delle case di riposo che pensavano di vantare il diritto a non vaccinarsi senza incorrere in conseguenze.\u00a0<em> &#8220;\u201cUn sanitario su 10 non vaccinato &#8211; dice in una nota il PD &#8211;\u00a0 nonostante l\u2019obbligo: sono numeri preoccupanti e per certi versi incredibili, considerato che da oltre un anno molti di loro sono in prima linea a combattere contro il virus. Da inizio aprile \u00e8 entrato in vigore il decreto che prevede provvedimenti disciplinari per gli \u2018irriducibili\u2019: si faccia rispettare. Queste persone potrebbero trasformarsi in veicolo di contagio e non possiamo rischiare di ritrovarci al punto di partenza, con focolai in ospedali o Rsa\u201d.<\/em> A proposito dei dati diffusi dalla Regione,\u00a0 6312 sanitari su 60.203 sono ancora da immunizzare. <em>\u201c\u00c8 oggettivamente impossibile &#8211; sottolineano ancora i consiglieri del PD &#8211; che oltre seimila persone siano tutte incompatibili con il vaccino, per motivi di salute o altro, ad esempio la gravidanza. Sappiamo che il Covid ha ritardato in modo drammatico molti interventi e la parte inerente la prevenzione: il pericolo, con la carenza di personale, \u00e8 di aggravare la situazione. Occorre, quindi, anche capire quante assunzioni a tempo determinato possono essere fatte, cos\u00ec da coprire le esigenze immediate, oltre a programmare concorsi in base alle future carenze di organico. Pi\u00f9 che negli ospedali, per\u00f2, il problema del personale non vaccinato \u00e8 particolarmente serio per Rsa e cooperative, perch\u00e9 non hanno i margini del pubblico per assumerne di nuovo o per spostare gli addetti ad altre mansioni. Anche per questo \u00e8 indispensabile insistere, senza sosta, sulla necessit\u00e0 di vaccinarsi\u201d.\u00a0<\/em><\/p>\n<p>&nbsp;<\/p>\n<p>&nbsp;<\/p>\n<hr \/>\n<blockquote>\n<h3><\/h3>\n<h3><\/h3>\n<h3>IL SIULP SULLA CARENZA DI PERSONALE &#8220;SI DISPONE LO SPIEGAMENTO DI UOMINI MA LE CASERME SONO SEMPRE PIU&#8217; VUOTE&#8221;<\/h3>\n<\/blockquote>\n<p><strong><img loading=\"lazy\" decoding=\"async\" class=\"alignleft\" src=\"https:\/\/www.radiopiu.net\/wordpress\/wp-content\/uploads\/2019\/02\/SIULP.jpg\" width=\"256\" height=\"143\" \/>BELLUNO<\/strong> Per sindacato di Polizia Siulp di Belluno\u00a0 un dispiegamento di pattuglie di assoluto rilievo sulla viabilit\u00e0 bellunese \u00e8 ipotesi che non regge stante l\u2019attuale consistenza degli organici. <em>&#8220;Pura fantascienza&#8221; <\/em>sintetizza il sindacato per voce del Segretario Albino Rossa al punto che arriva ad ipotizzare quanto invocato a pi\u00f9 riprese dal sindacato:\u00a0 un consistente arrivo di agenti presso la polizia stradale <em>&#8220;Oppure l\u2019impianto di vigilanza stradale annunciato sar\u00e0 composto da altre forze di polizia, forse locali anche nei\u00a0 fine settimana estivi&#8221;.\u00a0<\/em>Il Siulp non manca di ricordare i tre avvicendamenti a capo della Prefettura, nemmeno le note condivise con Palazzo dei Rettori sulla dimensione della grave carenza di personale che affligge la polizia stradale.<em> &#8220;Nell\u2019attesa\u00a0 -continua il Siulp &#8211; ricordiamo, prima di tutto a noi stessi che giornalmente viviamo dall\u2019interno il disagio professionale e umano di uffici con piante organiche ridotte all\u2019osso, che le carenze sono oramai prossime al 40%, e le enormi difficolt\u00e0 a garantire tutte quelle mansioni &#8220;ordinarie&#8221;, figuriamoci dispositivi straordinari.<\/em><\/p>\n<p>&nbsp;<\/p>\n<p>&nbsp;<\/p>\n<p>&nbsp;<\/p>\n<p>&nbsp;<\/p>\n<hr \/>\n<p>&nbsp;<\/p>\n<blockquote>\n<h3>IL TRENO IN VAL CORDEVOLE, &#8220;OPPORTUNITA&#8217; DA VALUTARE&#8221;<\/h3>\n<p><strong>\u00a0DI GIANNI SANTOMASO<\/strong><\/p>\n<audio class=\"wp-audio-shortcode\" id=\"audio-211050-1\" preload=\"none\" style=\"width: 100%;\" controls=\"controls\"><source type=\"audio\/mpeg\" src=\"https:\/\/www.radiopiu.net\/wordpress\/wp-content\/uploads\/2021\/05\/GIANNI-TRENO-DOLOMITI-CANALE.mp3?_=1\" \/><a href=\"https:\/\/www.radiopiu.net\/wordpress\/wp-content\/uploads\/2021\/05\/GIANNI-TRENO-DOLOMITI-CANALE.mp3\">https:\/\/www.radiopiu.net\/wordpress\/wp-content\/uploads\/2021\/05\/GIANNI-TRENO-DOLOMITI-CANALE.mp3<\/a><\/audio>\n<p>&nbsp;<\/p><\/blockquote>\n<p><strong><a href=\"https:\/\/www.radiopiu.net\/wordpress\/il-treno-in-val-cordevole-opportunita-da-valutare\/train-60539_960_720\/\" rel=\"attachment wp-att-211114\"><img loading=\"lazy\" decoding=\"async\" class=\"wp-image-211114 alignleft\" src=\"https:\/\/www.radiopiu.net\/wordpress\/wp-content\/uploads\/2021\/05\/train-60539_960_720.jpg\" alt=\"\" width=\"247\" height=\"164\" srcset=\"https:\/\/www.radiopiu.net\/wordpress\/wp-content\/uploads\/2021\/05\/train-60539_960_720.jpg 960w, https:\/\/www.radiopiu.net\/wordpress\/wp-content\/uploads\/2021\/05\/train-60539_960_720-300x199.jpg 300w, https:\/\/www.radiopiu.net\/wordpress\/wp-content\/uploads\/2021\/05\/train-60539_960_720-768x509.jpg 768w\" sizes=\"auto, (max-width: 247px) 100vw, 247px\" \/><\/a>CANALE D&#8217;AGORDO\u00a0<\/strong> I consiglieri di minoranza di Canale d&#8217;Agordo, capogruppo Giulia Fiocco, hanno preso visione dello studio di fattibilit\u00e0 di una linea ferroviaria elettrificata, a binario unico, da Ponte nelle Alpi a Cortina. Progetto di massima ma preciso anche nei dettagli. Per i consiglieri di Canale d&#8217;Agordo non utopia ma possibile realt\u00e0.<\/p>\n<blockquote><p><em><span style=\"font-size: medium;\">&#8220;Noi abbiamo trovato il progetto interessante, per il nostro territorio un\u2019 opportunit\u00e0 da valutare; riteniamo pertanto che meriti attenzione, che vada fatto conoscere e non solo in ambiti ristretti e, per cos\u00ec dire, specialistici. <\/span><span style=\"font-size: medium;\">Dal momento che le idee camminano con le gambe degli uomini, pensiamo che anche questa idea vada discussa, che intorno ad essa debba aprirsi un confronto, un dibattito franco e senza pregiudizi, prima di tutto nelle Amministrazioni, ma anche tra la gente dell\u2019 Agordino. <\/span><span style=\"font-size: medium;\">Sarebbe un treno soltanto turistico? Certamente il percorso interessa un\u2019 area in cui non mancano, da tale punto di vista, le attrattive: basti pensare al Parco delle Dolomiti bellunesi, o al vasto Comprensorio sciistico che consentirebbe di raggiungere, al sempre crescente interesse, anche a livello internazionale, per i complessi montuosi delle Dolomiti, Patrimonio dell\u2019 Umanit\u00e0. <\/span><span style=\"font-size: medium;\">Il treno, mezzo di trasporto sostenibile, potrebbe supportare anche il cicloturismo, una pratica oggi sempre pi\u00f9 diffusa. <\/span><span style=\"font-size: medium;\">Questa linea ferroviaria avrebbe una notevole rilevanza anche per la mobilit\u00e0 locale: non dobbiamo dimenticare infatti la presenza in Agordino di Luxottica e di altre aziende che mobilizzano, ogni giorno, un grande numero di persone. Gli studenti viaggiano per raggiungere le scuole o le universit\u00e0, ma anche i cittadini in genere si spostano per i motivi pi\u00f9 diversi, per lo pi\u00f9 in auto, lungo una statale come la 203, in certe occasioni notevolmente trafficata. <\/span><span style=\"font-size: medium;\">Dunque, di questa opportunit\u00e0, merita parlare. Quella che potrebbe sembrare un\u2019 utopia magari pu\u00f2 diventare realt\u00e0, a condizione che vi si creda, soprattutto che ci sia unit\u00e0 di intenti, determinante anche per le scelte che verranno compiute a livello regionale&#8221;<\/span><\/em><\/p><\/blockquote>\n<p>&nbsp;<\/p>\n<p>&nbsp;<\/p>\n<p>&nbsp;<\/p>\n<hr \/>\n<p>&nbsp;<\/p>\n<p><span style=\"color: #ff0000;\">\u00a0MINORANZE CONTRO<\/span><\/p>\n<blockquote>\n<h2>SETTE GRANDI OPERE IN ALTO MARE, LE MINORANZE PREPARANO IL TERRENO IN VISTA DEL CONSIGLIO COMUNALE<\/h2>\n<\/blockquote>\n<p><a href=\"https:\/\/www.radiopiu.net\/wordpress\/giornale-radiopiu-22-maggio-2021-direttore-mirko-mezzacasa\/d6d954d3-ea54-47ec-b8ea-10310195fdf7\/\" rel=\"attachment wp-att-211285\"><img loading=\"lazy\" decoding=\"async\" class=\"size-medium wp-image-211285 alignleft\" src=\"https:\/\/www.radiopiu.net\/wordpress\/wp-content\/uploads\/2021\/05\/d6d954d3-ea54-47ec-b8ea-10310195fdf7-300x138.jpg\" alt=\"\" width=\"300\" height=\"138\" srcset=\"https:\/\/www.radiopiu.net\/wordpress\/wp-content\/uploads\/2021\/05\/d6d954d3-ea54-47ec-b8ea-10310195fdf7-300x138.jpg 300w, https:\/\/www.radiopiu.net\/wordpress\/wp-content\/uploads\/2021\/05\/d6d954d3-ea54-47ec-b8ea-10310195fdf7-1024x472.jpg 1024w, https:\/\/www.radiopiu.net\/wordpress\/wp-content\/uploads\/2021\/05\/d6d954d3-ea54-47ec-b8ea-10310195fdf7-768x354.jpg 768w, https:\/\/www.radiopiu.net\/wordpress\/wp-content\/uploads\/2021\/05\/d6d954d3-ea54-47ec-b8ea-10310195fdf7-1536x708.jpg 1536w, https:\/\/www.radiopiu.net\/wordpress\/wp-content\/uploads\/2021\/05\/d6d954d3-ea54-47ec-b8ea-10310195fdf7.jpg 1600w\" sizes=\"auto, (max-width: 300px) 100vw, 300px\" \/><\/a>BELLUNO<\/p>\n<p>DI MORENO GIOLI<\/p>\n<audio class=\"wp-audio-shortcode\" id=\"audio-211050-2\" preload=\"none\" style=\"width: 100%;\" controls=\"controls\"><source type=\"audio\/mpeg\" src=\"https:\/\/www.radiopiu.net\/wordpress\/wp-content\/uploads\/2021\/05\/MORENO-1.mp3?_=2\" \/><a href=\"https:\/\/www.radiopiu.net\/wordpress\/wp-content\/uploads\/2021\/05\/MORENO-1.mp3\">https:\/\/www.radiopiu.net\/wordpress\/wp-content\/uploads\/2021\/05\/MORENO-1.mp3<\/a><\/audio>\n<p>&nbsp;<\/p>\n<p>&nbsp;<\/p>\n<hr \/>\n<p>&nbsp;<\/p>\n<blockquote>\n<h3>ALLESTITA LA NUOVA CASA DEI LIBRI E DELLA CULTURA<\/h3>\n<\/blockquote>\n<p><strong><a href=\"https:\/\/www.radiopiu.net\/wordpress\/il-mim-belluno-e-la-biblioteca-delle-migrazioni-dino-buzzati-chiusi-fino-al-3-dicembre\/biblioteca_migrazioni_dino_buzzati\/\" rel=\"attachment wp-att-171075\"><img loading=\"lazy\" decoding=\"async\" class=\"wp-image-171075 alignleft\" src=\"https:\/\/www.radiopiu.net\/wordpress\/wp-content\/uploads\/2020\/11\/biblioteca_migrazioni_dino_buzzati-300x249.jpg\" alt=\"\" width=\"192\" height=\"159\" srcset=\"https:\/\/www.radiopiu.net\/wordpress\/wp-content\/uploads\/2020\/11\/biblioteca_migrazioni_dino_buzzati-300x249.jpg 300w, https:\/\/www.radiopiu.net\/wordpress\/wp-content\/uploads\/2020\/11\/biblioteca_migrazioni_dino_buzzati.jpg 600w\" sizes=\"auto, (max-width: 192px) 100vw, 192px\" \/><\/a>SEDICO<\/strong><\/p>\n<p><strong>DI DAMIANO TORMEN\u00a0<\/strong><\/p>\n<audio class=\"wp-audio-shortcode\" id=\"audio-211050-3\" preload=\"none\" style=\"width: 100%;\" controls=\"controls\"><source type=\"audio\/mpeg\" src=\"https:\/\/www.radiopiu.net\/wordpress\/wp-content\/uploads\/2021\/05\/DAMIANO-1.mp3?_=3\" \/><a href=\"https:\/\/www.radiopiu.net\/wordpress\/wp-content\/uploads\/2021\/05\/DAMIANO-1.mp3\">https:\/\/www.radiopiu.net\/wordpress\/wp-content\/uploads\/2021\/05\/DAMIANO-1.mp3<\/a><\/audio>\n<p>&nbsp;<\/p>\n<p>&nbsp;<\/p>\n<hr \/>\n<p>&nbsp;<\/p>\n<p>&nbsp;<\/p>\n<blockquote>\n<h3>23 MAGGIO RALLY BELLUNESE, LE STRADE CHIUSE<\/h3>\n<\/blockquote>\n<p><strong><img loading=\"lazy\" decoding=\"async\" class=\"alignleft\" src=\"https:\/\/www.radiopiu.net\/wordpress\/wp-content\/uploads\/2019\/04\/SignorBernardiRallyElba.jpg\" width=\"192\" height=\"128\" \/>BELLUNO <\/strong>In occasione del 36\u00b0 Rally Bellunese la Prefettura ha disposto la sospensione della circolazione nei tratti di strada interessati secondo i tempi e le modalit\u00e0 della cronotabella. E&#8217; fatto divieto a tutti i mezzi di immettersi nel percorso interessato dal transito dei concorrenti, i veicoli provenienti da intersezioni dovranno arrestarsi come dagli ordini imposti dagli addetti alla vigilanza e\u00a0 dal personale dell&#8217;organizzazione.<span style=\"color: #ff0000;\"> OGGI\u00a0<\/span> dalle 9 alle 17 ricognizione del percorso nel rispetto del codice della strada (aperta), sabato dalle 7.30 alle 16.30 Accrediti, verifiche a Lentiai Shakedown su tratto stradale allestito a hoc. <span style=\"color: #ff0000;\">DOMANI<\/span>\u00a0dalle 8.30 da Lentiai partenza della gara con 7 prove speciali a<strong> Lentiai<\/strong> (vie Molade, Bortolini, Rocca, Cavvallotti, Canai e Solagna dalle 7.15 alle 17.30), <strong>Cesiomaggiore<\/strong> (Paoletti, Centenere, Busette, Capitel, Nalgher, Pradaghe, Calliol dalle 7.45 alle 14.15), <strong>Trichiana<\/strong> (Frontin, Noal, Pranolz, Nate, Pianezze dalle 11.15 alle 18.15),<strong> Limana<\/strong> (Peden, Valmorel, Navenze, Triches dalle 11.15 alle 18.15). Se il direttore di gara valuta le condizioni di sicurezza conceder\u00e0 una breve riapertura tra le prove speciali.<\/p>\n<p>&nbsp;<\/p>\n<p>&nbsp;<\/p>\n<hr \/>\n<blockquote>\n<h2><\/h2>\n<h2><span style=\"color: #000000;\">LUNEDI GIRO D&#8217;ITALIA NEL BELLUNESE &#8211; ORARI CHIUSURA STRADE<\/span><\/h2>\n<\/blockquote>\n<blockquote><p><span style=\"color: #cc99ff;\"><strong><em>Da domenica alle 19 passi chiusi<\/em><\/strong><\/span><\/p><\/blockquote>\n<p><strong>BELLUNO<\/strong> La Prefettura ha ufficializzato la chiusura dei tratti di strada interessati dal passaggio della corsa rosa. Il riferimento \u00e8 la cronotabella, la chiusura delle strade \u00e8 prevista 2 ore e mezza precedenti al transito degli atleti secondo la previsione oraria di percorrenza pi\u00f9 veloce (36chilometri-orari) fino a cessate esigenze, ovvero al passaggio dell&#8217;intera carovana. Come esempio se ad Agordo il passaggio \u00e8 previsto alle 13.25 la regionale 203 agordina Belluno-Agordo sar\u00e0 chiusa alle 11.00<\/p>\n<p>La circolazione per Passo Fedaia da Malga Ciapela, Passo Pordoi da Arabba e Passo Giau da Colle Santa Lucia sar\u00e0 interrotta dalle 19 di domenica 23 maggio. E&#8217; inoltre disposta la chiusura della circolazione da Arabba fino all&#8217;arrivo da 3 ore precedenti il transito degli atleti.<\/p>\n<p><strong>PASSAGGIO DEI CICLISTI:<\/strong> PIAN DI CANSIGLIO 12.01, BELLUNO 12.47, AGORDO 13.25, ALLEGHE 13.53, PASSO FEDAIA 14.38, PASSO PORDOI 15.23, ARABBA 15.34, PASSO GIAU 16.30, CORTINA 16.51. <strong>TRAGUARDO VOLANTE<\/strong> AD AGORDO E SOTTOGUDA <strong>GRAN PREMIO DELLA MONTAGNA<\/strong> LA CROSETTA, PASSO FEDAIA, PASSO PORDOI, PASSO GIAU.<\/p>\n<p><a href=\"https:\/\/www.radiopiu.net\/wordpress\/lunedi-giro-ditalia-di-ciclismo-nel-bellunese-gli-orari-di-chiusura-della-strade\/45576c03-0818-4e53-9a67-88a9e53b94cd\/\" rel=\"attachment wp-att-210490\"><img loading=\"lazy\" decoding=\"async\" class=\"alignnone wp-image-210490 size-full\" src=\"https:\/\/www.radiopiu.net\/wordpress\/wp-content\/uploads\/2021\/05\/45576c03-0818-4e53-9a67-88a9e53b94cd.jpg\" alt=\"\" width=\"682\" height=\"1024\" srcset=\"https:\/\/www.radiopiu.net\/wordpress\/wp-content\/uploads\/2021\/05\/45576c03-0818-4e53-9a67-88a9e53b94cd.jpg 682w, https:\/\/www.radiopiu.net\/wordpress\/wp-content\/uploads\/2021\/05\/45576c03-0818-4e53-9a67-88a9e53b94cd-200x300.jpg 200w\" sizes=\"auto, (max-width: 682px) 100vw, 682px\" \/><\/a><\/p>\n<p>&nbsp;<\/p>\n<p>&nbsp;<\/p>\n<p>&nbsp;<\/p>\n<hr \/>\n<p>&nbsp;<\/p>\n<p><a href=\"https:\/\/www.radiopiu.net\/wordpress\/giornale-radiopiu-22-maggio-2021-direttore-mirko-mezzacasa\/addba53c-f50e-4782-9c84-ae79352e23dc\/\" rel=\"attachment wp-att-211221\"><img loading=\"lazy\" decoding=\"async\" class=\"alignnone wp-image-211221 size-full\" src=\"https:\/\/www.radiopiu.net\/wordpress\/wp-content\/uploads\/2021\/05\/addba53c-f50e-4782-9c84-ae79352e23dc.jpg\" alt=\"\" width=\"1024\" height=\"769\" srcset=\"https:\/\/www.radiopiu.net\/wordpress\/wp-content\/uploads\/2021\/05\/addba53c-f50e-4782-9c84-ae79352e23dc.jpg 1024w, https:\/\/www.radiopiu.net\/wordpress\/wp-content\/uploads\/2021\/05\/addba53c-f50e-4782-9c84-ae79352e23dc-300x225.jpg 300w, https:\/\/www.radiopiu.net\/wordpress\/wp-content\/uploads\/2021\/05\/addba53c-f50e-4782-9c84-ae79352e23dc-768x577.jpg 768w\" sizes=\"auto, (max-width: 1024px) 100vw, 1024px\" \/><\/a><\/p>\n<p>&nbsp;<\/p>\n<blockquote class=\"wp-embedded-content\" data-secret=\"xYcLM8j5Pp\"><p><a href=\"https:\/\/www.radiopiu.net\/wordpress\/aggmag21\/\">CORONAVIRUS: AGGIORNAMENTO NAZIONALE 21 MAGGIO  2021<\/a><\/p><\/blockquote>\n<p><iframe loading=\"lazy\" class=\"wp-embedded-content\" sandbox=\"allow-scripts\" security=\"restricted\" style=\"position: absolute; clip: rect(1px, 1px, 1px, 1px);\" title=\"&#8220;CORONAVIRUS: AGGIORNAMENTO NAZIONALE 21 MAGGIO  2021&#8221; &#8212; Radio Pi\u00f9\" src=\"https:\/\/www.radiopiu.net\/wordpress\/aggmag21\/embed\/#?secret=xYcLM8j5Pp\" data-secret=\"xYcLM8j5Pp\" width=\"600\" height=\"338\" frameborder=\"0\" marginwidth=\"0\" marginheight=\"0\" scrolling=\"no\"><\/iframe><\/p>\n<blockquote class=\"wp-embedded-content\" data-secret=\"wO1ZWbWSVh\"><p><a href=\"https:\/\/www.radiopiu.net\/wordpress\/nelle-ultime-24-ore-si-registrano-263-nuove-positivita-in-veneto-9-decessi-e-828-negativizzati-ricoveri-in-calo-ma-non-in-terapia-intensiva\/\">NELLE ULTIME 24 ORE SI REGISTRANO 263 NUOVE POSITIVITA&#8217; IN VENETO, 9 DECESSI E 828 NEGATIVIZZATI. RICOVERI IN CALO MA NON IN TERAPIA INTENSIVA<\/a><\/p><\/blockquote>\n<p><iframe loading=\"lazy\" class=\"wp-embedded-content\" sandbox=\"allow-scripts\" security=\"restricted\" style=\"position: absolute; clip: rect(1px, 1px, 1px, 1px);\" title=\"&#8220;NELLE ULTIME 24 ORE SI REGISTRANO 263 NUOVE POSITIVITA&#8217; IN VENETO, 9 DECESSI E 828 NEGATIVIZZATI. RICOVERI IN CALO MA NON IN TERAPIA INTENSIVA&#8221; &#8212; Radio Pi\u00f9\" src=\"https:\/\/www.radiopiu.net\/wordpress\/nelle-ultime-24-ore-si-registrano-263-nuove-positivita-in-veneto-9-decessi-e-828-negativizzati-ricoveri-in-calo-ma-non-in-terapia-intensiva\/embed\/#?secret=wO1ZWbWSVh\" data-secret=\"wO1ZWbWSVh\" width=\"600\" height=\"338\" frameborder=\"0\" marginwidth=\"0\" marginheight=\"0\" scrolling=\"no\"><\/iframe><\/p>\n<p>&nbsp;<\/p>\n<h3>I GRAFICI DI TIZIANO DE COL<\/h3>\n\n\t\t\t<style type='text\/css'>\n\t\t\t\t#gallery-2 {\n\t\t\t\t\tmargin: auto;\n\t\t\t\t}\n\t\t\t\t#gallery-2 .gallery-item {\n\t\t\t\t\tfloat: left;\n\t\t\t\t\tmargin-top: 10px;\n\t\t\t\t\ttext-align: center;\n\t\t\t\t\twidth: 20%;\n\t\t\t\t}\n\t\t\t\t#gallery-2 img {\n\t\t\t\t\tborder: 2px solid #cfcfcf;\n\t\t\t\t}\n\t\t\t\t#gallery-2 .gallery-caption {\n\t\t\t\t\tmargin-left: 0;\n\t\t\t\t}\n\t\t\t\t\/* see gallery_shortcode() in wp-includes\/media.php *\/\n\t\t\t<\/style>\n\t\t<div id='gallery-2' class='dt-gallery-container gallery galleryid-211050 gallery-columns-5 gallery-size-thumbnail'><dl class='gallery-item'>\n\t\t\t\t<dt class='gallery-icon landscape'>\n\t\t\t\t\t<a class=\"rollover rollover-zoom dt-pswp-item\" title=\"0c5d9a89-0331-4baf-8386-f725dd33ba2b\" data-dt-img-description=\"\" data-large_image_width=\"607\" data-large_image_height=\"352\"href='https:\/\/www.radiopiu.net\/wordpress\/wp-content\/uploads\/2021\/05\/0c5d9a89-0331-4baf-8386-f725dd33ba2b.jpg'><img loading=\"lazy\" decoding=\"async\" width=\"150\" height=\"150\" src=\"https:\/\/www.radiopiu.net\/wordpress\/wp-content\/uploads\/2021\/05\/0c5d9a89-0331-4baf-8386-f725dd33ba2b-150x150.jpg\" class=\"attachment-thumbnail size-thumbnail\" alt=\"\" \/><\/a>\n\t\t\t\t<\/dt><\/dl><dl class='gallery-item'>\n\t\t\t\t<dt class='gallery-icon landscape'>\n\t\t\t\t\t<a class=\"rollover rollover-zoom dt-pswp-item\" title=\"5c07ccb6-c37d-413b-a9bb-9c5b09c7b814\" data-dt-img-description=\"\" data-large_image_width=\"612\" data-large_image_height=\"358\"href='https:\/\/www.radiopiu.net\/wordpress\/wp-content\/uploads\/2021\/05\/5c07ccb6-c37d-413b-a9bb-9c5b09c7b814.jpg'><img loading=\"lazy\" decoding=\"async\" width=\"150\" height=\"150\" src=\"https:\/\/www.radiopiu.net\/wordpress\/wp-content\/uploads\/2021\/05\/5c07ccb6-c37d-413b-a9bb-9c5b09c7b814-150x150.jpg\" class=\"attachment-thumbnail size-thumbnail\" alt=\"\" \/><\/a>\n\t\t\t\t<\/dt><\/dl><dl class='gallery-item'>\n\t\t\t\t<dt class='gallery-icon landscape'>\n\t\t\t\t\t<a class=\"rollover rollover-zoom dt-pswp-item\" title=\"28307d4d-a103-488c-8008-7971576d3814\" data-dt-img-description=\"\" data-large_image_width=\"602\" data-large_image_height=\"353\"href='https:\/\/www.radiopiu.net\/wordpress\/wp-content\/uploads\/2021\/05\/28307d4d-a103-488c-8008-7971576d3814.jpg'><img loading=\"lazy\" decoding=\"async\" width=\"150\" height=\"150\" src=\"https:\/\/www.radiopiu.net\/wordpress\/wp-content\/uploads\/2021\/05\/28307d4d-a103-488c-8008-7971576d3814-150x150.jpg\" class=\"attachment-thumbnail size-thumbnail\" alt=\"\" \/><\/a>\n\t\t\t\t<\/dt><\/dl><dl class='gallery-item'>\n\t\t\t\t<dt class='gallery-icon landscape'>\n\t\t\t\t\t<a class=\"rollover rollover-zoom dt-pswp-item\" title=\"39707905-6276-4645-b58a-16e222d3fbbd\" data-dt-img-description=\"\" data-large_image_width=\"612\" data-large_image_height=\"353\"href='https:\/\/www.radiopiu.net\/wordpress\/wp-content\/uploads\/2021\/05\/39707905-6276-4645-b58a-16e222d3fbbd.jpg'><img loading=\"lazy\" decoding=\"async\" width=\"150\" height=\"150\" src=\"https:\/\/www.radiopiu.net\/wordpress\/wp-content\/uploads\/2021\/05\/39707905-6276-4645-b58a-16e222d3fbbd-150x150.jpg\" class=\"attachment-thumbnail size-thumbnail\" alt=\"\" \/><\/a>\n\t\t\t\t<\/dt><\/dl><dl class='gallery-item'>\n\t\t\t\t<dt class='gallery-icon landscape'>\n\t\t\t\t\t<a class=\"rollover rollover-zoom dt-pswp-item\" title=\"b2688528-5747-498c-8722-e31c22d8da38\" data-dt-img-description=\"\" data-large_image_width=\"608\" data-large_image_height=\"354\"href='https:\/\/www.radiopiu.net\/wordpress\/wp-content\/uploads\/2021\/05\/b2688528-5747-498c-8722-e31c22d8da38.jpg'><img loading=\"lazy\" decoding=\"async\" width=\"150\" height=\"150\" src=\"https:\/\/www.radiopiu.net\/wordpress\/wp-content\/uploads\/2021\/05\/b2688528-5747-498c-8722-e31c22d8da38-150x150.jpg\" class=\"attachment-thumbnail size-thumbnail\" alt=\"\" \/><\/a>\n\t\t\t\t<\/dt><\/dl><br style=\"clear: both\" \/>\n\t\t\t<\/div>\n\n<p>&nbsp;<\/p>\n<p>&nbsp;<\/p>\n<hr \/>\n<p>&nbsp;<\/p>\n<blockquote>\n<h3>CURVE IN DISCESA, CONTAGI, INCIDENZA A 0.87%, RICOVERI&#8230; VERSO IL &#8220;LIBERA TUTTI&#8221; IN BIANCO? LA CONFERENZA STAMPA DI ZAIA<\/h3>\n<\/blockquote>\n<p><em>La mascherina? Diventer\u00e0 un accessorio come l&#8217;ombrello, utile all&#8217;evenienza Per chi ha postumi da Covid l&#8217;esenzione ticket almeno\u00a0 per due anni? Secondo me dovrebbe avere l&#8217;esenzione per sempre I postumi di questa patologia, se diventano invalidanti va riconosciuto il ruolo di questi reduci di quella che \u00e8 una Terza Guerra Mondiale.<\/em><\/p>\n<p><strong>INCIDENZA<\/strong> Non \u00e8 la festa della liberazione pur con tutti i numeri confortanti dall&#8217;incidenza all&#8217;occupazione ospedaliera. I morti di\u00a0 Covid\u00a0 in Italia superano quelli della seconda Mondiale, lo ha detto l&#8217;Oms, e che i morti nel mondo sono sicuramente superiori a quelli che sappiamo. <strong>ZONA BIANCA<\/strong> Lo\u00a0 siamo, ma avendo cambiato le regole lo siamo di fatto ma non di diritto per adesso.\u00a0 <strong>VACCINI<\/strong> La macchina della sanit\u00e0 veneta funziona abbiamo inoculato 43mila dosi nelle ultime ore e viaggiamo verso i 2 milioni e mezzo di dosi somministrate. Il 97,8% degli over 80 \u00e8 vaccinato, cos\u00ec come l&#8217; 84,7% dei 70-79enn, l&#8217;80.1% dei\u00a0\u00a060-69enni, il 68% dei 50-59enni, il 46% dei 40-49enni e per questi ci sono\u00a0 ancora 43mila posti liberi. Non escludo una redistribuzione dei vaccini nelle Ulss, in alcune i vaccini sono esauriti in altre sono a disposizione. <strong>SANITARI NON VACCINATI LA LINEA DELLA REGIONE PER FAR RISPETTARE IL DECRETO<\/strong>\u00a0 C&#8217;\u00e8 un dato di questa mattina, ufficiale il 10% dei sanitari nazionali non si vaccinano, la stessa percentuale del Veneto. La vaccinazione \u00e8 volontaria, c&#8217;\u00e8 un decreto che la impone per un preciso percorso, un dipendete della sanit\u00e0 assunto con delle regole si trova la regola cambiata, per questo la materia \u00e8 ostica. Dobbiamo avviare la fase di dare la possibilit\u00e0 di prenotarsi. Ho l&#8217;impressione che questo si trasformer\u00e0 in un mare di scartoffie che durer\u00e0 per anni. <strong>RIAPERTURA DEI CASINO&#8217;<\/strong> \u00a0stiamo lavorando per prevederne l&#8217;apertura in zona bianca, le sale gioco sono chiuse fino al 15\u00a0 giugno. <strong>VACCINI AI TURISTI<\/strong> Se un turista ci chiede di fare la seconda dose per me si pu\u00f2 fare portando a casa la ricevuta con il lotto vaccinale, si tratta di dare un servizio, \u00e8 un atto di gentilezza nei confronti di ospiti che scelgono il Veneto.\u00a0 Le prenotazioni in Veneto sono in accelerazione, potremmo recuperare due anni in uno e grazie al Pooh Red Canzian per lo spot al quale si \u00e8 prestato.<\/p>\n<p><a href=\"https:\/\/www.facebook.com\/zaiaufficiale\/videos\/478759746664842\">https:\/\/www.facebook.com\/zaiaufficiale\/videos\/478759746664842<\/a><\/p>\n<p>&nbsp;<\/p>\n<p>&nbsp;<\/p>\n<p>&nbsp;<\/p>\n<hr \/>\n<p>&nbsp;<\/p>\n<p>&nbsp;<\/p>\n<blockquote>\n<h3>MUTUI, BOND (FI): IL GOVERNO ACCOGLIE PROPOSTA ESTENSIONE GARANZIA PRIMA CASA ANCHE AGLI OVER 50<\/h3>\n<\/blockquote>\n<p><strong>ROMA<\/strong> Il deputato di Forza Italia Dario Bond si dice soddisfatto dopo che il Governo ha accolto la proposta dello stesso Bond dell&#8217;estensione di garanzia sulla prima casa anche agli over 50. \u201c<em>Mi sembra un buon risultato che si muove nell\u2019ottica di non generare disparit\u00e0 di trattamento tra i cittadini in merito all\u2019accesso ad un bene fondamentale come la prima casa.<\/em><\/p>\n<p>&nbsp;<\/p>\n<p>&nbsp;<\/p>\n<hr \/>\n<p>&nbsp;<\/p>\n<p>&nbsp;<\/p>\n<blockquote>\n<h3>NUOVE RISORSE DAL GOVERNO PER LE EMERGENZE, UNCEM: POSITIVI INVESTIMENTI PER TUTELA DEL TERRITORIO E AMBIENTE<\/h3>\n<\/blockquote>\n<p><strong><a href=\"https:\/\/www.radiopiu.net\/wordpress\/giornale-radiopiu-06-novembre-2020-direttore-mirko-mezzacasa\/logouncem_no_scritta-wdtr\/\" rel=\"attachment wp-att-170846\"><img loading=\"lazy\" decoding=\"async\" class=\"wp-image-170846 alignleft\" src=\"https:\/\/www.radiopiu.net\/wordpress\/wp-content\/uploads\/2020\/11\/logoUNCEM_no_scritta-wdtr-300x300.jpg\" alt=\"\" width=\"119\" height=\"119\" srcset=\"https:\/\/www.radiopiu.net\/wordpress\/wp-content\/uploads\/2020\/11\/logoUNCEM_no_scritta-wdtr-300x300.jpg 300w, https:\/\/www.radiopiu.net\/wordpress\/wp-content\/uploads\/2020\/11\/logoUNCEM_no_scritta-wdtr-150x150.jpg 150w, https:\/\/www.radiopiu.net\/wordpress\/wp-content\/uploads\/2020\/11\/logoUNCEM_no_scritta-wdtr.jpg 640w\" sizes=\"auto, (max-width: 119px) 100vw, 119px\" \/><\/a>ROMA<\/strong> Sono molto positivi, secondo Uncem, gli stanziamenti di risorse deliberati nelle scorse ore dal Consiglio dei Ministri per far fronte alle emergenze. &#8220;Erano molto attese da tante aree del Paese &#8211; evidenzia Marco Bussone, Presidente Uncem &#8211; e queste nuove somme permettono di cantierare lavori per la messa in sicurezza e la tutela del territorio, degli ecosistemi, dell&#8217;ambiente&#8221;. In Veneto oltre 10 milioni di euro per la realizzazione degli interventi in conseguenza degli eventi meteorologici che si sono verificati nel mese di agosto 2020 nel territorio delle province di Belluno, di Padova, di Verona e di Vicenza<\/p>\n<p>&nbsp;<\/p>\n<p>&nbsp;<\/p>\n<hr \/>\n<p>&nbsp;<\/p>\n<p>&nbsp;<\/p>\n<blockquote>\n<h1 dir=\"auto\">Belluno &#8211; CRAS inesistente e tutela della fauna fai da t\u00e8<\/h1>\n<p><strong><span style=\"color: #ff0000;\">di Iliana Comina<\/span><\/strong><\/p><\/blockquote>\n<div dir=\"auto\">\n<p><strong>Ne ha uccisi pi\u00f9 i film Disney che la natura\u2026<\/strong><br \/>\nNei film funziona cosi\u2026c\u2019\u00e8 un antefatto tragico e un salvataggio il pi\u00f9 delle volte ad opera dell\u2019uomo che non conosce l\u2019animale che raccoglie ma grazie al suo \u201camore\u201d lo salva. Esempio pessimo, che mette in pericolo ogni giorno la fauna selvatica per emulazione\u2026<\/p>\n<p><strong>La realt\u00e0 \u00e8 drammaticamente diversa.<\/strong><br \/>\nQuesti 2 cuccioli di scoiattolo erano 3, prelevati non si sa bene dove e finiti in mano di una persona che pensava di \u201csalvarli\u201d dall\u2019abbandono presunto, ritrovandosi poi in condizioni di non saperli gestire e rischiando di farli morire. E\u2019 intervenuta (per fortuna questa volta) una persona che sa gestire queste emergenze a cui sono stati affidati i cuccioli che pian piano si sono ripresi e sono stati rilasciati in natura.<br \/>\nGli animali selvatici sono fragilissimi, vivono in simbiosi con il loro ambiente, per cui l\u2019intervento dell\u2019uomo va sempre ponderato e soprattutto eseguito da chi conosce questi animali. Non basta un biberon e una scatola\u2026vanno somministrati appositi alimenti (non certo il latte vaccino) a certe cadenze, vanno gestiti in un certo modo senza improvvisazione, e soprattutto serve un lungo lavoro di reinserimento in natura anch\u2019esso svolto da persone esperte.<br \/>\n<strong>Ricordiamo inoltre che \u00e8 reato detenere la fauna selvatica (LEGGE 11 febbraio 1992, n.157)<\/strong><br \/>\nNorme per la protezione della fauna selvatica omeoterma e per il prelievo venatorio), la disciplina \u00e8 regolamentata dalla forestale e dalla polizia provinciale che di volta in volta affida gli animali che si ritengono recuperabili a persone esperte e solo per un preciso lasso di tempo. Gli animali vanno sempre reintrodotti in natura o custoditi in appositi centri.<\/p>\n<p><strong>La corsa al salvataggio.<\/strong><\/p>\n<p>Sempre pi\u00f9 spesso sentiamo di storie di \u201csalvataggi\u201d che poi tali non sono\u2026dopo le prime due foto sui social gli animali entrano in crisi e il pi\u00f9 delle volte muoiono perch\u00e8 non gestiti come si deve. Le persone credono di poterli aiutare, non rendendosi conto che questi cuccioli non sono abbandonati, semplicemente la madre non c\u2019\u00e8 perch\u00e8 in cerca di cibo o in esplorazione, o nascosta proprio per la presenza dell\u2019uomo, succede con scoiattoli, caprioli, lepri, uccelli, e molti altri.<\/p>\n<p>La nutrizione dei selvatici non \u00e8 semplice, il loro cibo \u00e8 fornito dagli adulti della specie non certo da prodotti che possiamo trovare in un supermercato, il latte vaccino non \u00e8 l\u2019alimento adatto a tutti e per alcuni \u00e8 addirittura mortale.<\/p>\n<p><strong>Come si fa? Si usa l\u2019umilt\u00e0 e l\u2019intelligenza.<\/strong><br \/>\nQuando si trova un animale selvatico in difficolt\u00e0 non si tocca, si osserva bene, e si chiama la forestale o la polizia provinciale, un veterinario, si descrive l\u2019animale e il luogo dove si trova, non si fa null\u2019altro, si attendono istruzioni e il pi\u00f9 delle volte ci si allontana.<br \/>\nMadre natura pu\u00f2 essere crudele? Secondo il punto di vista umano si\u2026ma in un ecosistema che funziona certe cose devono seguire il loro corso. Punto.<br \/>\nRaccogliere dei cuccioli che rimarranno in agonia dei giorni in mano umane \u00e8 forse meno crudele?<\/p>\n<p><strong>I centri recupero della fauna (Cras)<\/strong><br \/>\nI volontari di Belluno e buona parte delle persone che amano (e conoscono) la fauna chiedono a gran voce da anni che in provincia sia istituito un CRAS (centro recupero animali selvatici),<\/p>\n<p>la provincia di Belluno \u00e8 la pi\u00f9 estesa per territorio silvestre del Veneto, ha il Parco naturale pi\u00f9 grande del Veneto (Parco Nazionale Dolomiti Bellunesi con 31.034 ha) eppure nn ha un CRAS, il pi\u00f9 vicino si trova in provincia di Treviso, per cui il trasferimento di animali diventa difficoltoso e spesso le tempistiche di trasferimento ne provocano la morte.<\/p>\n<p>Avere un Cras vorrebbe dire dare risposte ai cittadini e finalmente risolvere il problema dei selvatici incidentati sulle strade, lasciati agonizzanti perch\u00e8 ad oggi da quel che risulta non si \u00e8 risolto il problema dell\u2019intervento veterinario su questi animali, e di certo non si pu\u00f2 pensare che dei professionisti possano portare cervi e caprioli nei loro ambulatori adibiti alla cura dei piccoli animali\u2026con che mezzi? In che spazi? Senza contare l\u2019importanza culturale che avrebbe un centro di recupero fauna nell\u2019educare adulti e bambini alla conoscenza, rispetto non solo degli animali ma dell\u2019ambiente tutto.<\/p>\n<\/div>\n<div dir=\"auto\">\n\n\t\t\t<style type='text\/css'>\n\t\t\t\t#gallery-3 {\n\t\t\t\t\tmargin: auto;\n\t\t\t\t}\n\t\t\t\t#gallery-3 .gallery-item {\n\t\t\t\t\tfloat: left;\n\t\t\t\t\tmargin-top: 10px;\n\t\t\t\t\ttext-align: center;\n\t\t\t\t\twidth: 16%;\n\t\t\t\t}\n\t\t\t\t#gallery-3 img {\n\t\t\t\t\tborder: 2px solid #cfcfcf;\n\t\t\t\t}\n\t\t\t\t#gallery-3 .gallery-caption {\n\t\t\t\t\tmargin-left: 0;\n\t\t\t\t}\n\t\t\t\t\/* see gallery_shortcode() in wp-includes\/media.php *\/\n\t\t\t<\/style>\n\t\t<div id='gallery-3' class='dt-gallery-container gallery galleryid-211050 gallery-columns-6 gallery-size-thumbnail'><dl class='gallery-item'>\n\t\t\t\t<dt class='gallery-icon portrait'>\n\t\t\t\t\t<a class=\"rollover rollover-zoom dt-pswp-item\" title=\"WhatsApp Image 2021-03-31 at 21.54.51\" data-dt-img-description=\"\" data-large_image_width=\"1500\" data-large_image_height=\"2000\"href='https:\/\/www.radiopiu.net\/wordpress\/wp-content\/uploads\/2021\/05\/WhatsApp-Image-2021-03-31-at-21.54.51.jpeg'><img loading=\"lazy\" decoding=\"async\" width=\"150\" height=\"150\" src=\"https:\/\/www.radiopiu.net\/wordpress\/wp-content\/uploads\/2021\/05\/WhatsApp-Image-2021-03-31-at-21.54.51-150x150.jpeg\" class=\"attachment-thumbnail size-thumbnail\" alt=\"\" \/><\/a>\n\t\t\t\t<\/dt><\/dl><dl class='gallery-item'>\n\t\t\t\t<dt class='gallery-icon portrait'>\n\t\t\t\t\t<a class=\"rollover rollover-zoom dt-pswp-item\" title=\"WhatsApp Image 2021-03-31 at 23.01.27\" data-dt-img-description=\"\" data-large_image_width=\"1500\" data-large_image_height=\"2000\"href='https:\/\/www.radiopiu.net\/wordpress\/wp-content\/uploads\/2021\/05\/WhatsApp-Image-2021-03-31-at-23.01.27.jpeg'><img loading=\"lazy\" decoding=\"async\" width=\"150\" height=\"150\" src=\"https:\/\/www.radiopiu.net\/wordpress\/wp-content\/uploads\/2021\/05\/WhatsApp-Image-2021-03-31-at-23.01.27-150x150.jpeg\" class=\"attachment-thumbnail size-thumbnail\" alt=\"\" \/><\/a>\n\t\t\t\t<\/dt><\/dl><dl class='gallery-item'>\n\t\t\t\t<dt class='gallery-icon landscape'>\n\t\t\t\t\t<a class=\"rollover rollover-zoom dt-pswp-item\" title=\"WhatsApp Image 2021-03-31 at 23.12.19\" data-dt-img-description=\"\" data-large_image_width=\"2000\" data-large_image_height=\"1500\"href='https:\/\/www.radiopiu.net\/wordpress\/wp-content\/uploads\/2021\/05\/WhatsApp-Image-2021-03-31-at-23.12.19.jpeg'><img loading=\"lazy\" decoding=\"async\" width=\"150\" height=\"150\" src=\"https:\/\/www.radiopiu.net\/wordpress\/wp-content\/uploads\/2021\/05\/WhatsApp-Image-2021-03-31-at-23.12.19-150x150.jpeg\" class=\"attachment-thumbnail size-thumbnail\" alt=\"\" \/><\/a>\n\t\t\t\t<\/dt><\/dl><dl class='gallery-item'>\n\t\t\t\t<dt class='gallery-icon landscape'>\n\t\t\t\t\t<a class=\"rollover rollover-zoom dt-pswp-item\" title=\"WhatsApp Image 2021-04-09 at 19.21.30\" data-dt-img-description=\"\" data-large_image_width=\"2000\" data-large_image_height=\"1500\"href='https:\/\/www.radiopiu.net\/wordpress\/wp-content\/uploads\/2021\/05\/WhatsApp-Image-2021-04-09-at-19.21.30.jpeg'><img loading=\"lazy\" decoding=\"async\" width=\"150\" height=\"150\" src=\"https:\/\/www.radiopiu.net\/wordpress\/wp-content\/uploads\/2021\/05\/WhatsApp-Image-2021-04-09-at-19.21.30-150x150.jpeg\" class=\"attachment-thumbnail size-thumbnail\" alt=\"\" \/><\/a>\n\t\t\t\t<\/dt><\/dl><dl class='gallery-item'>\n\t\t\t\t<dt class='gallery-icon landscape'>\n\t\t\t\t\t<a class=\"rollover rollover-zoom dt-pswp-item\" title=\"WhatsApp Image 2021-04-09 at 19.36.01\" data-dt-img-description=\"\" data-large_image_width=\"2000\" data-large_image_height=\"1500\"href='https:\/\/www.radiopiu.net\/wordpress\/wp-content\/uploads\/2021\/05\/WhatsApp-Image-2021-04-09-at-19.36.01.jpeg'><img loading=\"lazy\" decoding=\"async\" width=\"150\" height=\"150\" src=\"https:\/\/www.radiopiu.net\/wordpress\/wp-content\/uploads\/2021\/05\/WhatsApp-Image-2021-04-09-at-19.36.01-150x150.jpeg\" class=\"attachment-thumbnail size-thumbnail\" alt=\"\" \/><\/a>\n\t\t\t\t<\/dt><\/dl><dl class='gallery-item'>\n\t\t\t\t<dt class='gallery-icon landscape'>\n\t\t\t\t\t<a class=\"rollover rollover-zoom dt-pswp-item\" title=\"WhatsApp Image 2021-04-08 at 08.50.37\" data-dt-img-description=\"\" data-large_image_width=\"2000\" data-large_image_height=\"1500\"href='https:\/\/www.radiopiu.net\/wordpress\/wp-content\/uploads\/2021\/05\/WhatsApp-Image-2021-04-08-at-08.50.37.jpeg'><img loading=\"lazy\" decoding=\"async\" width=\"150\" height=\"150\" src=\"https:\/\/www.radiopiu.net\/wordpress\/wp-content\/uploads\/2021\/05\/WhatsApp-Image-2021-04-08-at-08.50.37-150x150.jpeg\" class=\"attachment-thumbnail size-thumbnail\" alt=\"\" \/><\/a>\n\t\t\t\t<\/dt><\/dl><br style=\"clear: both\" \/><dl class='gallery-item'>\n\t\t\t\t<dt class='gallery-icon landscape'>\n\t\t\t\t\t<a class=\"rollover rollover-zoom dt-pswp-item\" title=\"WhatsApp Image 2021-04-07 at 19.46.20\" data-dt-img-description=\"\" data-large_image_width=\"2000\" data-large_image_height=\"1500\"href='https:\/\/www.radiopiu.net\/wordpress\/wp-content\/uploads\/2021\/05\/WhatsApp-Image-2021-04-07-at-19.46.20.jpeg'><img loading=\"lazy\" decoding=\"async\" width=\"150\" height=\"150\" src=\"https:\/\/www.radiopiu.net\/wordpress\/wp-content\/uploads\/2021\/05\/WhatsApp-Image-2021-04-07-at-19.46.20-150x150.jpeg\" class=\"attachment-thumbnail size-thumbnail\" alt=\"\" \/><\/a>\n\t\t\t\t<\/dt><\/dl><dl class='gallery-item'>\n\t\t\t\t<dt class='gallery-icon portrait'>\n\t\t\t\t\t<a class=\"rollover rollover-zoom dt-pswp-item\" title=\"WhatsApp Image 2021-04-03 at 10.31.17\" data-dt-img-description=\"\" data-large_image_width=\"1500\" data-large_image_height=\"2000\"href='https:\/\/www.radiopiu.net\/wordpress\/wp-content\/uploads\/2021\/05\/WhatsApp-Image-2021-04-03-at-10.31.17.jpeg'><img loading=\"lazy\" decoding=\"async\" width=\"150\" height=\"150\" src=\"https:\/\/www.radiopiu.net\/wordpress\/wp-content\/uploads\/2021\/05\/WhatsApp-Image-2021-04-03-at-10.31.17-150x150.jpeg\" class=\"attachment-thumbnail size-thumbnail\" alt=\"\" \/><\/a>\n\t\t\t\t<\/dt><\/dl><dl class='gallery-item'>\n\t\t\t\t<dt class='gallery-icon portrait'>\n\t\t\t\t\t<a class=\"rollover rollover-zoom dt-pswp-item\" title=\"WhatsApp Image 2021-04-24 at 17.55.12\" data-dt-img-description=\"\" data-large_image_width=\"1500\" data-large_image_height=\"2000\"href='https:\/\/www.radiopiu.net\/wordpress\/wp-content\/uploads\/2021\/05\/WhatsApp-Image-2021-04-24-at-17.55.12.jpeg'><img loading=\"lazy\" decoding=\"async\" width=\"150\" height=\"150\" src=\"https:\/\/www.radiopiu.net\/wordpress\/wp-content\/uploads\/2021\/05\/WhatsApp-Image-2021-04-24-at-17.55.12-150x150.jpeg\" class=\"attachment-thumbnail size-thumbnail\" alt=\"\" \/><\/a>\n\t\t\t\t<\/dt><\/dl><dl class='gallery-item'>\n\t\t\t\t<dt class='gallery-icon portrait'>\n\t\t\t\t\t<a class=\"rollover rollover-zoom dt-pswp-item\" title=\"WhatsApp Image 2021-04-21 at 09.27.17 (1)\" data-dt-img-description=\"\" data-large_image_width=\"1500\" data-large_image_height=\"2000\"href='https:\/\/www.radiopiu.net\/wordpress\/wp-content\/uploads\/2021\/05\/WhatsApp-Image-2021-04-21-at-09.27.17-1.jpeg'><img loading=\"lazy\" decoding=\"async\" width=\"150\" height=\"150\" src=\"https:\/\/www.radiopiu.net\/wordpress\/wp-content\/uploads\/2021\/05\/WhatsApp-Image-2021-04-21-at-09.27.17-1-150x150.jpeg\" class=\"attachment-thumbnail size-thumbnail\" alt=\"\" \/><\/a>\n\t\t\t\t<\/dt><\/dl><dl class='gallery-item'>\n\t\t\t\t<dt class='gallery-icon landscape'>\n\t\t\t\t\t<a class=\"rollover rollover-zoom dt-pswp-item\" title=\"WhatsApp Image 2021-04-24 at 17.55.24\" data-dt-img-description=\"\" data-large_image_width=\"2000\" data-large_image_height=\"1500\"href='https:\/\/www.radiopiu.net\/wordpress\/wp-content\/uploads\/2021\/05\/WhatsApp-Image-2021-04-24-at-17.55.24.jpeg'><img loading=\"lazy\" decoding=\"async\" width=\"150\" height=\"150\" src=\"https:\/\/www.radiopiu.net\/wordpress\/wp-content\/uploads\/2021\/05\/WhatsApp-Image-2021-04-24-at-17.55.24-150x150.jpeg\" class=\"attachment-thumbnail size-thumbnail\" alt=\"\" \/><\/a>\n\t\t\t\t<\/dt><\/dl><dl class='gallery-item'>\n\t\t\t\t<dt class='gallery-icon landscape'>\n\t\t\t\t\t<a class=\"rollover rollover-zoom dt-pswp-item\" title=\"WhatsApp Image 2021-04-24 at 17.55.21\" data-dt-img-description=\"\" data-large_image_width=\"2000\" data-large_image_height=\"1500\"href='https:\/\/www.radiopiu.net\/wordpress\/wp-content\/uploads\/2021\/05\/WhatsApp-Image-2021-04-24-at-17.55.21.jpeg'><img loading=\"lazy\" decoding=\"async\" width=\"150\" height=\"150\" src=\"https:\/\/www.radiopiu.net\/wordpress\/wp-content\/uploads\/2021\/05\/WhatsApp-Image-2021-04-24-at-17.55.21-150x150.jpeg\" class=\"attachment-thumbnail size-thumbnail\" alt=\"\" \/><\/a>\n\t\t\t\t<\/dt><\/dl><br style=\"clear: both\" \/>\n\t\t\t<\/div>\n\n<p>&nbsp;<\/p>\n<\/div>\n<p>&nbsp;<\/p>\n<p>&nbsp;<\/p>\n<p>&nbsp;<\/p>\n<p>&nbsp;<\/p>\n<hr \/>\n<blockquote>\n<h3><\/h3>\n<h3>FINISCE CON LA TESTOLINA NELLA LATTINA MA PER SUA FORTUNA FINISCE TRA I PIEDI DELLA POLIZIA<\/h3>\n<div dir=\"auto\"><strong><span style=\"color: #0000ff;\"><em>QUANDO IL VIDEO DIVENTA VIRALE, NUMERI RECORD SULLA PAGINA DELLA QUESTURA<\/em><\/span><\/strong><\/div>\n<\/blockquote>\n<div dir=\"auto\"><strong>BELLUNO<\/strong> Quando gli agenti della Questura due giorni fa hanno postato il buongiorno sulla\u00a0<a href=\"https:\/\/www.facebook.com\/questuradibelluno\"> pagina facebook Questura di Belluno<\/a> non si aspettavano di certo il clamore social uscito dai numeri: oltre 18mila condivisioni, 11mila commenti, 169mila mi piace, ma i numeri crescono minuto dopo minuto, giorno dopo giorno.<\/div>\n<div dir=\"auto\"><strong>IL MESSAGGIO VIDEO<\/strong><br \/>\n<em>&#8220;Stanotte i nostri colleghi Mirco e Matteo, in pattuglia di Volante, sotto la pioggia hanno incrociato in mezza alla strada a Cavarzano un riccio. Il povero animale era rimasto incastrato in una lattina vuota, chiss\u00e0 da quanto tempo&#8230;probabilmente frugando alla ricerca di avanzi di cibo. Per fortuna ha incontrato i poliziotti che con precauzione lo hanno liberato e riportato al sicuro&#8221;.<\/em><\/div>\n<div dir=\"auto\"><\/div>\n<div dir=\"auto\">\n<div style=\"width: 1200px;\" class=\"wp-video\"><video class=\"wp-video-shortcode\" id=\"video-211050-1\" width=\"1200\" height=\"675\" preload=\"metadata\" controls=\"controls\"><source type=\"video\/mp4\" src=\"https:\/\/www.radiopiu.net\/wordpress\/wp-content\/uploads\/2021\/05\/RICCIO-POLIZIA.mp4?_=1\" \/><a href=\"https:\/\/www.radiopiu.net\/wordpress\/wp-content\/uploads\/2021\/05\/RICCIO-POLIZIA.mp4\">https:\/\/www.radiopiu.net\/wordpress\/wp-content\/uploads\/2021\/05\/RICCIO-POLIZIA.mp4<\/a><\/video><\/div>\n<\/div>\n<blockquote>\n<h3><\/h3>\n<h3><\/h3>\n<\/blockquote>\n<hr \/>\n<blockquote>\n<h3><\/h3>\n<h3><\/h3>\n<h3>ECOCENTRO DI FALCADE, CHIUSO PER LAVORI DA MERCOLEDI AL\u00a0 9 GIUGNO<\/h3>\n<\/blockquote>\n<p><strong>DI GIANNI SANTOMASO<\/strong><\/p>\n<audio class=\"wp-audio-shortcode\" id=\"audio-211050-4\" preload=\"none\" style=\"width: 100%;\" controls=\"controls\"><source type=\"audio\/mpeg\" src=\"https:\/\/www.radiopiu.net\/wordpress\/wp-content\/uploads\/2021\/05\/GIANNI-ECOCENTRO-FALCADE.mp3?_=4\" \/><a href=\"https:\/\/www.radiopiu.net\/wordpress\/wp-content\/uploads\/2021\/05\/GIANNI-ECOCENTRO-FALCADE.mp3\">https:\/\/www.radiopiu.net\/wordpress\/wp-content\/uploads\/2021\/05\/GIANNI-ECOCENTRO-FALCADE.mp3<\/a><\/audio>\n<p>&nbsp;<\/p>\n<h3><strong><img loading=\"lazy\" decoding=\"async\" class=\"alignleft\" src=\"https:\/\/www.radiopiu.net\/wordpress\/wp-content\/uploads\/2021\/05\/th-19.jpg\" width=\"142\" height=\"96\" \/>AGORDO <\/strong>Come\u00a0 per l\u2019Ecocentro di Cencenighe (i lavori stanno terminando), anche la struttura di Falcade sar\u00e0 interessata da alcuni interventi di manutenzione straordinaria.\u00a0 C<strong>hiuder\u00e0 al pubblico dal 26 maggio al 9 giugno 2021. <\/strong>Durante il periodo di chiusura <strong>i cittadini potranno accedere a qualsiasi Ecocentro del territorio dell\u2019Unione Montana Agordina<\/strong>, verificando sedi e orari di apertura sul manuale informativo consegnato o su <a href=\"http:\/\/www.valpeambiente.it\">www.valpeambiente.it<\/a>. <strong>L\u2019Ecocentro di Falcade sar\u00e0 nuovamente accessibile ai cittadini da gioved\u00ec 10 giugno. <\/strong>Per ulteriori informazioni, \u00e8 possibile inviare una mail a <a href=\"mailto:info@valpeambiente.it\">info@valpeambiente.it<\/a>, visitare il sito www.valpeambiente.it oppure contattare i numeri 0437 640462 oppure 0437 643621.<\/h3>\n<p>&nbsp;<\/p>\n<hr \/>\n<p>&nbsp;<\/p>\n<p>&nbsp;<\/p>\n<p>&nbsp;<\/p>\n<p>&nbsp;<\/p>\n<blockquote>\n<h3><strong><a class=\"dt-pswp-item\" href=\"http:\/\/www.radiopiu.net\/wordpress\/wp-content\/uploads\/2019\/02\/2684A6C25E67B1E7AEDBA39A893E68EF.jpg\" data-dt-img-description=\"\" data-large_image_width=\"340\" data-large_image_height=\"209\"><img loading=\"lazy\" decoding=\"async\" class=\"size-medium wp-image-75881 alignleft\" src=\"http:\/\/www.radiopiu.net\/wordpress\/wp-content\/uploads\/2019\/02\/2684A6C25E67B1E7AEDBA39A893E68EF-300x184.jpg\" alt=\"\" width=\"300\" height=\"184\" srcset=\"https:\/\/www.radiopiu.net\/wordpress\/wp-content\/uploads\/2019\/02\/2684A6C25E67B1E7AEDBA39A893E68EF-300x184.jpg 300w, https:\/\/www.radiopiu.net\/wordpress\/wp-content\/uploads\/2019\/02\/2684A6C25E67B1E7AEDBA39A893E68EF.jpg 340w\" sizes=\"auto, (max-width: 300px) 100vw, 300px\" \/><\/a><\/strong>CERCASI GESTORE PER IL RIFUGIO AQUILEIA, L&#8217;EX GESTORE RECEDE DAL CONTRATTO<\/h3>\n<\/blockquote>\n<p><strong>SELVA di CADORE\u00a0<\/strong><\/p>\n<p><strong>DI GIANNI SANTOMASO\u00a0<\/strong><\/p>\n<audio class=\"wp-audio-shortcode\" id=\"audio-211050-5\" preload=\"none\" style=\"width: 100%;\" controls=\"controls\"><source type=\"audio\/mpeg\" src=\"https:\/\/www.radiopiu.net\/wordpress\/wp-content\/uploads\/2021\/05\/gianni-sevla-di-cadore-aquileia.mp3?_=5\" \/><a href=\"https:\/\/www.radiopiu.net\/wordpress\/wp-content\/uploads\/2021\/05\/gianni-sevla-di-cadore-aquileia.mp3\">https:\/\/www.radiopiu.net\/wordpress\/wp-content\/uploads\/2021\/05\/gianni-sevla-di-cadore-aquileia.mp3<\/a><\/audio>\n<p>&nbsp;<\/p>\n<p>&nbsp;<\/p>\n<p>&nbsp;<\/p>\n<p>&nbsp;<\/p>\n<hr \/>\n<h3><\/h3>\n<h3>AL VIA I LAVORI AL DEPURATORE DI SEDICO<\/h3>\n<blockquote><p><em><a href=\"https:\/\/www.radiopiu.net\/wordpress\/superbonus-110-in-due-mesi-dimezzate-le-domande-in-attesa\/oselete_1\/\" rel=\"attachment wp-att-211127\"><img loading=\"lazy\" decoding=\"async\" class=\"wp-image-211127 alignleft\" src=\"https:\/\/www.radiopiu.net\/wordpress\/wp-content\/uploads\/2021\/05\/oselete_1-1024x768.jpg\" alt=\"\" width=\"220\" height=\"165\" srcset=\"https:\/\/www.radiopiu.net\/wordpress\/wp-content\/uploads\/2021\/05\/oselete_1-1024x768.jpg 1024w, https:\/\/www.radiopiu.net\/wordpress\/wp-content\/uploads\/2021\/05\/oselete_1-300x225.jpg 300w, https:\/\/www.radiopiu.net\/wordpress\/wp-content\/uploads\/2021\/05\/oselete_1-768x576.jpg 768w, https:\/\/www.radiopiu.net\/wordpress\/wp-content\/uploads\/2021\/05\/oselete_1.jpg 1134w\" sizes=\"auto, (max-width: 220px) 100vw, 220px\" \/><\/a>Nel pacchetto lavori da 215 milioni di euro previsti nel programma delle opere da realizzare entro il 2033, per la fognatura e depurazione investimenti per il 70% del valore complessivo.<\/em><\/p><\/blockquote>\n<p><strong>SEDICO<\/strong> Partiranno nei prossimi giorni i lavori di ammodernamento e potenziamento del depuratore di Oselete. Bim Gsp, con un investimento da 2 milioni di euro, andr\u00e0 ad ampliare e ristrutturare l\u2019impianto esistente, realizzato nel 1987 e ristrutturato in parte nel 2006, per aumentarne la capacit\u00e0 depurativa e trattare, di conseguenza, buona parte dei reflui del territorio comunale. <em>\u201cQuesto intervento \u2013 spiega Attilio Sommavilla, presidente di Bim Gsp \u2013 traduce chiaramente la nostra strategia di lungo periodo: investire in depuratori pi\u00f9 grandi ed efficienti, adeguatamente dimensionati e ove necessario ammodernati, per garantire migliori prestazioni di trattamento e minori impatti ambientali. Con quest\u2019opera andremo a centralizzare in un unico impianto ben strutturato il trattamento dei reflui di buona parte del comune di Sedico che, non dimentichiamolo, \u00e8 il terzo pi\u00f9 popolato della provincia e in crescita in termini di espansione residenziale e produttiva&#8221;.<\/em>\u00a0 Sar\u00e0 dismessa la struttura di Meli, piccola e ormai obsoleta, e in prospettiva nelle prossime annualit\u00e0, anche quella di Longano.<\/p>\n<p>&nbsp;<\/p>\n<p>&nbsp;<\/p>\n<hr \/>\n<blockquote>\n<h3><\/h3>\n<h3>SUPERBONUS 110% IN DUE MESI DIMEZZATE LE DOMANDE IN ATTESA<\/h3>\n<p><em>La ristrutturazione del patrimonio edilizio rappresenta un valore aggiuntoanche in chiave turistica<\/em><\/p><\/blockquote>\n<p><strong><a href=\"https:\/\/www.radiopiu.net\/wordpress\/superbonus-110-in-due-mesi-dimezzate-le-domande-in-attesa\/th-118\/\" rel=\"attachment wp-att-211126\"><img loading=\"lazy\" decoding=\"async\" class=\"wp-image-211126 alignleft\" src=\"https:\/\/www.radiopiu.net\/wordpress\/wp-content\/uploads\/2021\/05\/th-21.jpg\" alt=\"\" width=\"219\" height=\"124\" srcset=\"https:\/\/www.radiopiu.net\/wordpress\/wp-content\/uploads\/2021\/05\/th-21.jpg 351w, https:\/\/www.radiopiu.net\/wordpress\/wp-content\/uploads\/2021\/05\/th-21-300x170.jpg 300w\" sizes=\"auto, (max-width: 219px) 100vw, 219px\" \/><\/a>ALPAGO<\/strong> L&#8217;amministrazione comunale\u00a0 ha\u00a0 ampliato da 18 a 30 ore settimanali l&#8217;orario di lavoro di una propria dipendente per la durata di 6 mesi che il Comune\u00a0 finanzia con risorse di bilancio. Nello scorso mese di marzo gli uffici comunali avevano infatti in giacenza circa 200 pratiche di accesso agli atti da evadere, relative all&#8217;anno anno 2020 e ai primi mesi del 2021. Grazie all&#8217;implementazione organica questo numero si \u00e8 ad oggi dimezzato e dovrebbe pressoch\u00e9 azzerarsi nei prossimi mesi. <em>\u201cSiamo consapevoli che il rilancio del settore edilizio, anche grazie agli incentivi del \u201csuperbonus\u201d, rappresenta un&#8217;opportunit\u00e0 importante per la nostra economia locale, per le aziende del settore e per i professionisti, oltre che per i cittadini che vogliono riqualificare i propri immobili, in questo difficilissimo momento economico. Per questo abbiamo deciso di intervenire direttamente per cercare di accelerare il pi\u00f9 possibile l&#8217;iter amministrativo delle pratiche\u201d <\/em>dichiara il vicesindaco di Alpago Vanessa De Francesch.<\/p>\n<p>&nbsp;<\/p>\n<p>&nbsp;<\/p>\n<hr \/>\n<p>&nbsp;<\/p>\n<blockquote>\n<h3>AGGIORNAMENTO DEGLI ELENCHI DEI GIUDICI POPOLARI<\/h3>\n<\/blockquote>\n<p><strong>FELTRE<\/strong> Arriver\u00e0 in questi giorni agli 8300 cittadini di et\u00e0 compresa tra 30 e 65 anni residenti nel Comune di Feltre, una lettera con la richiesta di autocertificazione per l&#8217;aggiornamento dell&#8217;elenco dei Giudici Popolari. I cittadini sono inviatati a compilare e firmare il modulo stampato sul retro della comunicazione e ad inviarlo, o consegnarlo all&#8217;Ufficio Elettorale entro il 21 giugno prossimo. Per eventuali informazioni \u00e8 possibile contattare l&#8217;Ufficio Elettorale al n. 0439 885221 dal luned\u00ec al venerd\u00ec dalle\u00a0 11 alle\u00a0 13 e il marted\u00ec anche dalle ore 14,30 alle ore 16.<\/p>\n<p>&nbsp;<\/p>\n<p>&nbsp;<\/p>\n<hr \/>\n<p>&nbsp;<\/p>\n<p>&nbsp;<\/p>\n<blockquote>\n<h3>A LAMON LA DOTTORESSA BRATU CESSA L&#8217;ATTIVITA&#8217;, PAZIENTI DISTRIBUITI TRA I 3 MEDICI DEL POSTO<\/h3>\n<\/blockquote>\n<p><strong><a href=\"https:\/\/www.radiopiu.net\/wordpress\/solidarieta-umana-a-chi-vive-lesperienza-negativa-covid-ma-le-regole-devono-essere-rispettate\/medicodimedicinagenerale\/\" rel=\"attachment wp-att-167000\"><img loading=\"lazy\" decoding=\"async\" class=\"size-medium wp-image-167000 alignleft\" src=\"https:\/\/www.radiopiu.net\/wordpress\/wp-content\/uploads\/2020\/10\/Medicodimedicinagenerale-300x198.jpg\" alt=\"\" width=\"300\" height=\"198\" srcset=\"https:\/\/www.radiopiu.net\/wordpress\/wp-content\/uploads\/2020\/10\/Medicodimedicinagenerale-300x198.jpg 300w, https:\/\/www.radiopiu.net\/wordpress\/wp-content\/uploads\/2020\/10\/Medicodimedicinagenerale-1024x674.jpg 1024w, https:\/\/www.radiopiu.net\/wordpress\/wp-content\/uploads\/2020\/10\/Medicodimedicinagenerale-768x506.jpg 768w, https:\/\/www.radiopiu.net\/wordpress\/wp-content\/uploads\/2020\/10\/Medicodimedicinagenerale.jpg 1200w\" sizes=\"auto, (max-width: 300px) 100vw, 300px\" \/><\/a>FELTRE <\/strong>Dal 29 maggio 2021 (ultimo giorno di servizio) la Dr.ssa ELENA-IULIA BRATU cesser\u00e0 l\u2019attivit\u00e0 di medico di assistenza primaria nell\u2019ambito territoriale dei Comuni di Lamon, Sovramonte, Arsi\u00e8 e Fonzaso. La carenza di medici \u00e8 particolarmente significativa anche per i medici di famiglia e, nonostante le innumerevoli iniziative messe in campo da questa Ulss, anche sull\u2019intero territorio nazionale, ad oggi non \u00e8 stata acquisita alcuna disponibilit\u00e0 per un incarico provvisorio di medico presso il Comune di Lamon. Dopo un incontro tra il Direttore Generale, i Medici dell\u2019ambito territoriale e il sindaco di Lamon \u00e8 stata trovata la soluzione per garantire la continuit\u00e0 di cure agli assistiti. In particolare la dottoressa Maria Teresa Manglaviti, con il supporto dei dottori Vincenzo Caprio e Raffaele Stellato \u2013 tutti con ambulatorio nel Comune di Lamon &#8211; si sono resi disponibili ad accogliere, in via temporanea, i pazienti residenti nel Comune di Lamon. Gli assistiti residenti nel Comune di Lamon, per facilitare il percorso e snellire \u00a0pertanto, assegnati temporaneamente e d\u2019ufficio a uno dei tre medici suddetti e quindi non dovranno, quindi, effettuare alcuna nuova scelta medico. La riassegnazione al nuovo medico sar\u00e0 comunicata con lettera. E\u2019\u00a0 comunque possibile effettuare una diversa scelta tra i medici dell\u2019ambito territoriale che abbiano disponibilit\u00e0 di posti. Gli assistiti della dottoressa Bratu residenti invece nei Comuni di Fonzaso e Sovramonte, in tutto 29 persone, riceveranno una comunicazione con la quale verranno invitati ad effettuare una nuova scelta tra i medici disponibili operanti nei Comuni stessi: Mario Tollardo (ambulatorio a Fonzaso), Albino Cito (ambulatorio a Sovramonte), Annamaria Arboit (ambulatorio ad Arsi\u00e8) e Eleonora Tucci (ambulatorio ad Arsi\u00e8).<\/p>\n<p>\u200b<\/p>\n<p>&nbsp;<\/p>\n<hr \/>\n<p>&nbsp;<\/p>\n<p>&nbsp;<\/p>\n<blockquote>\n<h3>MUTANO LE DESTINAZIONE DEI TERRENI, SEI ISTANZE<\/h3>\n<\/blockquote>\n<p><strong>FALCADE<\/strong> Mercoledi alle 20 consiglio comunale a porte chiuse (diretta sui canali di Radio Pi\u00f9), all&#8217;ordine del giorno tra l&#8217;altro variazione al bilancio, mutamento di destinazione d&#8217;uso dei terreni, istanze di autorizzazioni in localit\u00e0 Le Busche, per l&#8217;elisuperficie, per la cooperativa di Falcade,<\/p>\n<p>&nbsp;<\/p>\n<hr \/>\n<blockquote>\n<h3><\/h3>\n<h3>GIOVEDI&#8217; 27 MAGGIO IL CONSIGLIO COMUNALE A ROCCA PIETORE<\/h3>\n<p><strong>DI GIANNI SANTOMASO<\/strong><\/p>\n<audio class=\"wp-audio-shortcode\" id=\"audio-211050-6\" preload=\"none\" style=\"width: 100%;\" controls=\"controls\"><source type=\"audio\/mpeg\" src=\"https:\/\/www.radiopiu.net\/wordpress\/wp-content\/uploads\/2021\/05\/GIANNI-CONSIGLIO-ROCCA.mp3?_=6\" \/><a href=\"https:\/\/www.radiopiu.net\/wordpress\/wp-content\/uploads\/2021\/05\/GIANNI-CONSIGLIO-ROCCA.mp3\">https:\/\/www.radiopiu.net\/wordpress\/wp-content\/uploads\/2021\/05\/GIANNI-CONSIGLIO-ROCCA.mp3<\/a><\/audio>\n<p>&nbsp;<\/p><\/blockquote>\n<p><strong>ROCCA PIETORE<\/strong> Il Sindaco di Rocca Pietore Andrea De Bernardin ha convocato il consiglio comunale per gioved\u00ec 27 maggio alle 19 in sala &#8220;El Teaz&#8221;. Sar\u00e0 un incontro carico di argomenti da trattere, 15 i punti all&#8217;ordine del giorno tra cui ben 11 interrogazioni della minoranza. Dai cimiteri di paese al campeggio di Malga Ciapela, dall&#8217;apertura e le spese del parco giochi di Boscoverde alle problematiche di Ru De Roi e Ru De La Cica passando per l&#8217;illuminazione della strada che porta allo Chalet Al Lago, la chiusura della strada che collega Pre De Pezzei a Sopracordevole e la messa in funzione della nuova vasca di depressione sopra l&#8217;abitato di Sottoguda.<\/p>\n<p>&nbsp;<\/p>\n<p>&nbsp;<\/p>\n<hr \/>\n<p>&nbsp;<\/p>\n<p>&nbsp;<\/p>\n<blockquote>\n<h2>LE INIZIATIVE DI AD AGORDO PROLOCO<\/h2>\n<\/blockquote>\n<p><strong><a href=\"https:\/\/www.radiopiu.net\/wordpress\/scopriamo-agordo-perche-quando-tutto-questo-sara-finito-diremo-andiamo-a-farci-un-giro-ad-agordo\/ad-agordo-proloco-logo_colors\/\" rel=\"attachment wp-att-129089\"><img loading=\"lazy\" decoding=\"async\" class=\"wp-image-129089 alignleft\" src=\"https:\/\/www.radiopiu.net\/wordpress\/wp-content\/uploads\/2020\/04\/AD-AGORDO-PROLOCO-LOGO_colors-300x300.jpg\" alt=\"\" width=\"116\" height=\"116\" srcset=\"https:\/\/www.radiopiu.net\/wordpress\/wp-content\/uploads\/2020\/04\/AD-AGORDO-PROLOCO-LOGO_colors-300x300.jpg 300w, https:\/\/www.radiopiu.net\/wordpress\/wp-content\/uploads\/2020\/04\/AD-AGORDO-PROLOCO-LOGO_colors-1024x1024.jpg 1024w, https:\/\/www.radiopiu.net\/wordpress\/wp-content\/uploads\/2020\/04\/AD-AGORDO-PROLOCO-LOGO_colors-150x150.jpg 150w, https:\/\/www.radiopiu.net\/wordpress\/wp-content\/uploads\/2020\/04\/AD-AGORDO-PROLOCO-LOGO_colors-768x768.jpg 768w, https:\/\/www.radiopiu.net\/wordpress\/wp-content\/uploads\/2020\/04\/AD-AGORDO-PROLOCO-LOGO_colors-1536x1536.jpg 1536w, https:\/\/www.radiopiu.net\/wordpress\/wp-content\/uploads\/2020\/04\/AD-AGORDO-PROLOCO-LOGO_colors.jpg 1920w\" sizes=\"auto, (max-width: 116px) 100vw, 116px\" \/><\/a><\/strong><\/p>\n<p><strong>AGORDO<\/strong> In occasione del passaggio del Giro d&#8217;Italia del 24 maggio, il successivo passaggio del Giro U23 dell&#8217;11 maggio l&#8217;Ufficio Turistico di Agordo &#8211; Conca Agordina propone una nuova iniziativa dedicata alle foto e al mondo bici. Le foto delle bici in Agordino, che siano da corsa, MTB o ebike, saranno esposte sullo schermo in vetrina del nostro ufficio dal 21 maggio fino al 5 settembre 2021 e pubblicate su Facebook ed Instagram. Il regolamento visionabile anche al link <span style=\"color: #0000ff;\"><a style=\"color: #0000ff;\" href=\"https:\/\/www.agordo.net\/wp-content\/uploads\/2021\/05\/2021_Agordino-in-bici-regolamento.pdf\">CLICCA QUI<\/a><\/span><\/p>\n<p>&nbsp;<\/p>\n<p>&nbsp;<\/p>\n<hr \/>\n<p>&nbsp;<\/p>\n<p>&nbsp;<\/p>\n<p>&nbsp;<\/p>\n<blockquote>\n<h3>&#8220;MI TENGO QUEST&#8217;ALBERO MUTILATO&#8221; LUNEDI&#8217; IN DIRETTA STREAMING DAL TEATRO COMUNALE DI BELLUNO<\/h3>\n<\/blockquote>\n<p><strong>BELLUNO<\/strong> Dopo i grandi successi di Verona e di Alleghe, diretta streaming luned\u00ec 24 maggio dal Teatro Comunale di Belluno sui milioni di alberi abbattuti dalla tempesta Vaia: una testimonianza multimediale \u2013 con riferimenti alla Prima Guerra Mondiale \u2013 curata da Rossana Valier. In scena, insieme agli attori, gli studenti di Belluno che hanno seguito i laboratori. Il Vaia cube simbolo di speranza di questa iniziativa finanziata dalla Regione del Veneto. Dopo la diretta di marted\u00ec 11 da Verona e quella di sabato 15 maggio da Alleghe, luned\u00ec 24 maggio alle 16.00 diretta streaming, dal Teatro Comunale di Belluno sul canale YouTube del Teatro Stabile di Verona, della testimonianza multimediale Mi tengo a quest\u2019albero mutilato. Curata da Rossana Valier, \u00e8 organizzata dal Teatro Stabile di Verona con il patrocinio del Comune di Alleghe e in collaborazione col Circolo Cultura e Stampa Bellunese, con la Fondazione Teatri delle Dolomiti, con la Fondazione Giovanni Angelini e con Vaia Cube. In scena \u2013 oltre a Valier \u2013 Susanna Cro, Alessandro Dinuzzi e gli studenti di due<br \/>\nclassi del liceo Leonardo da Vinci di Belluno che hanno seguito i laboratori di scrittura e di teatro di questa iniziativa della Presidenza del Consiglio dei Ministri finanziata dalla Regione del Veneto per la valorizzazione dei territori colpiti dalla tempesta Vaia e in memoria delle vicende storiche della Prima Guerra Mondiale.<\/p>\n\n\t\t\t<style type='text\/css'>\n\t\t\t\t#gallery-4 {\n\t\t\t\t\tmargin: auto;\n\t\t\t\t}\n\t\t\t\t#gallery-4 .gallery-item {\n\t\t\t\t\tfloat: left;\n\t\t\t\t\tmargin-top: 10px;\n\t\t\t\t\ttext-align: center;\n\t\t\t\t\twidth: 20%;\n\t\t\t\t}\n\t\t\t\t#gallery-4 img {\n\t\t\t\t\tborder: 2px solid #cfcfcf;\n\t\t\t\t}\n\t\t\t\t#gallery-4 .gallery-caption {\n\t\t\t\t\tmargin-left: 0;\n\t\t\t\t}\n\t\t\t\t\/* see gallery_shortcode() in wp-includes\/media.php *\/\n\t\t\t<\/style>\n\t\t<div id='gallery-4' class='dt-gallery-container gallery galleryid-211050 gallery-columns-5 gallery-size-thumbnail'><dl class='gallery-item'>\n\t\t\t\t<dt class='gallery-icon landscape'>\n\t\t\t\t\t<a class=\"rollover rollover-zoom dt-pswp-item\" title=\"a5adfcf0-24cf-4400-9d56-a59215bc39ea\" data-dt-img-description=\"\" data-large_image_width=\"1600\" data-large_image_height=\"1055\"href='https:\/\/www.radiopiu.net\/wordpress\/wp-content\/uploads\/2021\/05\/a5adfcf0-24cf-4400-9d56-a59215bc39ea.jpg'><img loading=\"lazy\" decoding=\"async\" width=\"150\" height=\"150\" src=\"https:\/\/www.radiopiu.net\/wordpress\/wp-content\/uploads\/2021\/05\/a5adfcf0-24cf-4400-9d56-a59215bc39ea-150x150.jpg\" class=\"attachment-thumbnail size-thumbnail\" alt=\"\" \/><\/a>\n\t\t\t\t<\/dt><\/dl><dl class='gallery-item'>\n\t\t\t\t<dt class='gallery-icon landscape'>\n\t\t\t\t\t<a class=\"rollover rollover-zoom dt-pswp-item\" title=\"bd65c31b-242e-4cbd-beb9-e571b1c6d371\" data-dt-img-description=\"\" data-large_image_width=\"1600\" data-large_image_height=\"900\"href='https:\/\/www.radiopiu.net\/wordpress\/wp-content\/uploads\/2021\/05\/bd65c31b-242e-4cbd-beb9-e571b1c6d371.jpg'><img loading=\"lazy\" decoding=\"async\" width=\"150\" height=\"150\" src=\"https:\/\/www.radiopiu.net\/wordpress\/wp-content\/uploads\/2021\/05\/bd65c31b-242e-4cbd-beb9-e571b1c6d371-150x150.jpg\" class=\"attachment-thumbnail size-thumbnail\" alt=\"\" \/><\/a>\n\t\t\t\t<\/dt><\/dl><dl class='gallery-item'>\n\t\t\t\t<dt class='gallery-icon landscape'>\n\t\t\t\t\t<a class=\"rollover rollover-zoom dt-pswp-item\" title=\"de50e388-39fb-4151-bc56-289fc56f3058\" data-dt-img-description=\"\" data-large_image_width=\"1600\" data-large_image_height=\"907\"href='https:\/\/www.radiopiu.net\/wordpress\/wp-content\/uploads\/2021\/05\/de50e388-39fb-4151-bc56-289fc56f3058.jpg'><img loading=\"lazy\" decoding=\"async\" width=\"150\" height=\"150\" src=\"https:\/\/www.radiopiu.net\/wordpress\/wp-content\/uploads\/2021\/05\/de50e388-39fb-4151-bc56-289fc56f3058-150x150.jpg\" class=\"attachment-thumbnail size-thumbnail\" alt=\"\" \/><\/a>\n\t\t\t\t<\/dt><\/dl><dl class='gallery-item'>\n\t\t\t\t<dt class='gallery-icon landscape'>\n\t\t\t\t\t<a class=\"rollover rollover-zoom dt-pswp-item\" title=\"ad901d0c-942e-4d09-93e7-ad04627722bb\" data-dt-img-description=\"\" data-large_image_width=\"1600\" data-large_image_height=\"900\"href='https:\/\/www.radiopiu.net\/wordpress\/wp-content\/uploads\/2021\/05\/ad901d0c-942e-4d09-93e7-ad04627722bb.jpg'><img loading=\"lazy\" decoding=\"async\" width=\"150\" height=\"150\" src=\"https:\/\/www.radiopiu.net\/wordpress\/wp-content\/uploads\/2021\/05\/ad901d0c-942e-4d09-93e7-ad04627722bb-150x150.jpg\" class=\"attachment-thumbnail size-thumbnail\" alt=\"\" \/><\/a>\n\t\t\t\t<\/dt><\/dl><dl class='gallery-item'>\n\t\t\t\t<dt class='gallery-icon landscape'>\n\t\t\t\t\t<a class=\"rollover rollover-zoom dt-pswp-item\" title=\"25aa7491-4729-49f3-aa3a-0c5bf0677b5e\" data-dt-img-description=\"\" data-large_image_width=\"1600\" data-large_image_height=\"1101\"href='https:\/\/www.radiopiu.net\/wordpress\/wp-content\/uploads\/2021\/05\/25aa7491-4729-49f3-aa3a-0c5bf0677b5e.jpg'><img loading=\"lazy\" decoding=\"async\" width=\"150\" height=\"150\" src=\"https:\/\/www.radiopiu.net\/wordpress\/wp-content\/uploads\/2021\/05\/25aa7491-4729-49f3-aa3a-0c5bf0677b5e-150x150.jpg\" class=\"attachment-thumbnail size-thumbnail\" alt=\"\" \/><\/a>\n\t\t\t\t<\/dt><\/dl><br style=\"clear: both\" \/>\n\t\t\t<\/div>\n\n<p>&nbsp;<\/p>\n<p><a href=\"https:\/\/www.youtube.com\/watch?v=XYOXx8sIOr0&amp;t=407s\">CLICCA QUI<\/a> PER VEDERE LO SPETTACOLO DI ALLEGHE<\/p>\n<p>&nbsp;<\/p>\n<p>&nbsp;<\/p>\n<hr \/>\n<p>&nbsp;<\/p>\n<p>&nbsp;<\/p>\n<blockquote>\n<h3>DAL 27 AL 30 MAGGIO LA PRIMA EDIZIONE DEL &#8220;DOLOMITI FILM FESTIVAL&#8221;, FESTIVAL INTERNAZIONALE CINEMA NATURA, AMBIENTE, MONTAGNA<\/h3>\n<\/blockquote>\n<p><strong><a href=\"https:\/\/www.radiopiu.net\/wordpress\/dal-27-al-30-maggio-la-prima-edizione-del-dolomiti-film-festival-festival-internazionale-cinema-natura-ambiente-montagna\/dolomiti-film-festival-immagine-con-loghi\/\" rel=\"attachment wp-att-211196\"><img loading=\"lazy\" decoding=\"async\" class=\"size-medium wp-image-211196 alignleft\" src=\"https:\/\/www.radiopiu.net\/wordpress\/wp-content\/uploads\/2021\/05\/Dolomiti-Film-Festival-Immagine-con-loghi-300x191.jpeg\" alt=\"\" width=\"300\" height=\"191\" srcset=\"https:\/\/www.radiopiu.net\/wordpress\/wp-content\/uploads\/2021\/05\/Dolomiti-Film-Festival-Immagine-con-loghi-300x191.jpeg 300w, https:\/\/www.radiopiu.net\/wordpress\/wp-content\/uploads\/2021\/05\/Dolomiti-Film-Festival-Immagine-con-loghi.jpeg 640w\" sizes=\"auto, (max-width: 300px) 100vw, 300px\" \/><\/a>FALCADE &#8211; ALLEGHE<\/strong> L\u2019Unione Montana Agordina, cuore pulsante della montagna bellunese, costituita da sedici Comuni sovrastati da montagne simbolo delle Dolomiti come Marmolada, Civetta e Focobon, danno il benvenuto alla prima edizione del DOLOMITI FILM FESTIVAL, che si svolger\u00e0 tra Alleghe e Falcade oltre che in modalit\u00e0 streaming, dal 27 al 30 maggio. Il Festival \u00e8 realizzato grazie al Bando Buone Pratiche, Rassegne e Festival promosso da MIC e MIUR all\u2019interno del Piano Nazionale Cinema per la Scuola 2019\/2020. E\u2019 un evento nuovo, un festival del cinema internazionale, finalmente possibile in questa fase post pandemia, incentrato su tematiche ambientali come: natura, ambiente e montagna. Pensato per i giovani, grazie al concorso dedicato alle scuole che ha interessato gli studenti degli istituti nazionali\u00a0 di istruzione secondaria. I ragazzi hanno realizzato video a tematica ambientale che verranno valutati da un\u2019apposita giuria di studenti dell\u2019Istituto Comprensivo di Cencenighe Agordino. Il DFF prevede inoltre un concorso internazionale dedicato ai cineasti di tutto il mondo, focalizzato sui cortometraggi di finzione della durata massima di 15\u2019, e sui documentari sotto i 30\u2019, dedicati alle tematiche dell\u2019ambiente e della montagna. Dolomiti Film Festival ha ricevuto oltre trecento cortometraggi e documentari provenienti da 43 nazioni differenti, selezionando una ventina di opere. Il Festival porta con s\u00e9 serate evento, incentrate sulla cultura della montagna con ospiti che sono riconosciuti come protagonisti della cultura alpina e ambientale. Una grande opportunit\u00e0, che l\u2019intera comunit\u00e0 agordina ha saputo cogliere, dando massimo supporto agli organizzatori dell\u2019evento Federico Massa di \u00a0Gooliver e Tommaso Brugin di Settimo Binario. L\u2019evento \u00e8 ad entrata libera secondo le norme vigenti in fatto di Covid e si svolger\u00e0 secondo il programma allegato ed \u00e8 aperto a tutti gli appassionati di montagne. Il DFF, \u00e8 un progetto vincitore del Bando MIUR MIC \u201cBuone Pratiche, Rassegne e Festival\u201d, nell\u2019ambito del Piano Nazionale Cinema per la Scuola 2019\/2020. L\u2019iniziativa si avvale in particolare della collaborazione di Aku, Asi, Avilab, Unione Montana Agordina, Comune di Agordo, Comune di Alleghe, Comune di Falcade, PromoFalcade Dolomiti, Istituto Comprensivo di Cencenighe Agordino e Rete eventi &#8211; Provincia di Belluno. Vanta inoltre il patrocinio di Ministero della transizione ecologica, Regione Veneto, ARPAV, Fondazione Dolomiti Unesco e CAI di Agordo.<\/p>\n<p><strong>IL PROGRAMMA<\/strong><\/p>\n<a href=\"https:\/\/www.radiopiu.net\/wordpress\/wp-content\/uploads\/2021\/05\/DFF-PROGRAMMA.pdf\" class=\"pdfemb-viewer\" style=\"\" data-width=\"max\" data-height=\"max\" data-toolbar=\"top\" data-toolbar-fixed=\"on\">DFF PROGRAMMA<\/a>\n<p>&nbsp;<\/p>\n<p>&nbsp;<\/p>\n<hr \/>\n<p>&nbsp;<\/p>\n<blockquote>\n<blockquote>\n<h3>Dolomitibus sostiene i dipendenti che fanno attivit\u00e0 sportiva<\/h3>\n<\/blockquote>\n<p><strong>BELLUNO<\/strong> \u00a0Dolomitibus\u00a0 da un\u2019idea di un delegato aziendale della Fit Cisl, Marcello Di Tavi,\u00a0 promuove l\u2019attivit\u00e0 sportiva fra i dipendenti, sostenendo parte dei costi per l\u2019acquisto dell\u2019abbigliamento tecnico, personalizzato, per l\u2019occasione, con il logo dell\u2019azienda. Per il rappresentante sindacale, si tratta di un \u201cmetodo innovativo per consolidare il rapporto tra lavoratori e azienda e favorire la pratica dello sport, fondamentale per il benessere anche lavorativo\u201d.<\/p>\n\n\t\t\t<style type='text\/css'>\n\t\t\t\t#gallery-5 {\n\t\t\t\t\tmargin: auto;\n\t\t\t\t}\n\t\t\t\t#gallery-5 .gallery-item {\n\t\t\t\t\tfloat: left;\n\t\t\t\t\tmargin-top: 10px;\n\t\t\t\t\ttext-align: center;\n\t\t\t\t\twidth: 50%;\n\t\t\t\t}\n\t\t\t\t#gallery-5 img {\n\t\t\t\t\tborder: 2px solid #cfcfcf;\n\t\t\t\t}\n\t\t\t\t#gallery-5 .gallery-caption {\n\t\t\t\t\tmargin-left: 0;\n\t\t\t\t}\n\t\t\t\t\/* see gallery_shortcode() in wp-includes\/media.php *\/\n\t\t\t<\/style>\n\t\t<div id='gallery-5' class='dt-gallery-container gallery galleryid-211050 gallery-columns-2 gallery-size-thumbnail'><dl class='gallery-item'>\n\t\t\t\t<dt class='gallery-icon landscape'>\n\t\t\t\t\t<a class=\"rollover rollover-zoom dt-pswp-item\" title=\"Dolomitbus1-1\" data-dt-img-description=\"\" data-large_image_width=\"1600\" data-large_image_height=\"1363\"href='https:\/\/www.radiopiu.net\/wordpress\/wp-content\/uploads\/2021\/05\/Dolomitbus1-1.jpeg'><img loading=\"lazy\" decoding=\"async\" width=\"150\" height=\"150\" src=\"https:\/\/www.radiopiu.net\/wordpress\/wp-content\/uploads\/2021\/05\/Dolomitbus1-1-150x150.jpeg\" class=\"attachment-thumbnail size-thumbnail\" alt=\"\" \/><\/a>\n\t\t\t\t<\/dt><\/dl><dl class='gallery-item'>\n\t\t\t\t<dt class='gallery-icon landscape'>\n\t\t\t\t\t<a class=\"rollover rollover-zoom dt-pswp-item\" title=\"Dolomitibus2-2\" data-dt-img-description=\"\" data-large_image_width=\"1600\" data-large_image_height=\"900\"href='https:\/\/www.radiopiu.net\/wordpress\/wp-content\/uploads\/2021\/05\/Dolomitibus2-2.jpeg'><img loading=\"lazy\" decoding=\"async\" width=\"150\" height=\"150\" src=\"https:\/\/www.radiopiu.net\/wordpress\/wp-content\/uploads\/2021\/05\/Dolomitibus2-2-150x150.jpeg\" class=\"attachment-thumbnail size-thumbnail\" alt=\"\" \/><\/a>\n\t\t\t\t<\/dt><\/dl><br style=\"clear: both\" \/>\n\t\t\t<\/div>\n\n<p>&nbsp;<\/p><\/blockquote>\n<p>&nbsp;<\/p>\n<p>&nbsp;<\/p>\n<hr \/>\n<p>&nbsp;<\/p>\n<blockquote>\n<h2>ASPETTANDO IL GIRO D&#8217;ITALIA&#8230; LA PAROLA AGLI ESPERTI<\/h2>\n<h3><span style=\"color: #ff0000;\">I CONSIGLI DEI PROFESSIONISTI DELL&#8217;ULSS DOLOMITI<\/span><\/h3>\n<\/blockquote>\n<h3>il direttore del Pronto Soccorso di Agordo\u00a0Ranieri Cravero<\/h3>\n<div style=\"width: 1200px;\" class=\"wp-video\"><video class=\"wp-video-shortcode\" id=\"video-211050-2\" width=\"1200\" height=\"675\" preload=\"metadata\" controls=\"controls\"><source type=\"video\/mp4\" src=\"https:\/\/www.radiopiu.net\/wordpress\/wp-content\/uploads\/2021\/05\/cravero.mp4?_=2\" \/><a href=\"https:\/\/www.radiopiu.net\/wordpress\/wp-content\/uploads\/2021\/05\/cravero.mp4\">https:\/\/www.radiopiu.net\/wordpress\/wp-content\/uploads\/2021\/05\/cravero.mp4<\/a><\/video><\/div>\n<p>&nbsp;<\/p>\n<h3>Il dottor Massimo Ballotta, direttore di Recupero e Rieducazione Funzionale<\/h3>\n<div style=\"width: 1200px;\" class=\"wp-video\"><video class=\"wp-video-shortcode\" id=\"video-211050-3\" width=\"1200\" height=\"675\" preload=\"metadata\" controls=\"controls\"><source type=\"video\/mp4\" src=\"https:\/\/www.radiopiu.net\/wordpress\/wp-content\/uploads\/2021\/05\/ballotta.mp4?_=3\" \/><a href=\"https:\/\/www.radiopiu.net\/wordpress\/wp-content\/uploads\/2021\/05\/ballotta.mp4\">https:\/\/www.radiopiu.net\/wordpress\/wp-content\/uploads\/2021\/05\/ballotta.mp4<\/a><\/video><\/div>\n<p>&nbsp;<\/p>\n<hr \/>\n<p>&nbsp;<\/p>\n<blockquote>\n<h3>\u201cUNA FINESTRA SU RIVA\u201d: TOCCA A CHIESA!<\/h3>\n<\/blockquote>\n<p><strong>di Renato Bona<\/strong><\/p>\n<p>Terzo incontro con \u201cUna finestra su Riva\u201d, che \u00e8 il titolo del pregevole volume stampato dalla Castaldi di Agordo per il Club Unesco Agordino di Rivamonte presieduto dall\u2019amico Giuliano Laveder, nell\u2019ottobre del 2013, e che si occupa di Chiesa, proponendo in apertura una bella immagine con questa dicitura: \u201cViale della chiesa alberato &#8211; Anni \u201950. Sulla destra il monumento Pro Caduti: nel 1922 il Comitato Pro Caduti incarica lo scultore Giovanni Giacopini di Pescantina (Verona) di realizzare l\u2019opera con marmo della Valpolicella e la statua in bronzo rappresentante un fante con la Vittoria Alata nella mano sinistra. Il monumento doveva essere costruito sul piazzale della chiesa e avere 12 scalini: i primi tre furono ordinati allo scalpellino di Taibon, Vincenzo Ben, con ottima pietra della Valle di San Lucano, gli altri nove in conformit\u00e0 al progetto dello scultore. Il costo totale dell\u2019opera fu di Lire 2.756,90\u201d. Seguono quelle di due gruppi: \u201c5 luglio 1953: foto di gruppo nella giornata in cui don Lino Mottes viene consacrato sacerdote\u201d e \u201c1989 Festa dei nonni\u201d; altro gruppo con dicitura: \u201cFesta di sant\u2019Antonio \u2013 anni \u201960. Processione con Don Elio Cesco e Don Giuseppe Pedandola (consacrato prete nel 1961). Si riconoscono all\u2019inizio della processione: Sergio Del Din, Luciano Conedera, Giovanni Schena, Domenico Zanin, Luigi Benvegn\u00f9, Ilario Schena, Mario Del Tin, Renato De Bernard, Michele Dall\u2019Acqua, Giovanni Conedera e Giovanni Schena\u201d. Di seguito vengono proposte tre panoramiche:\u201dEcco come si presentava la piazza negli anni \u201950, solo nel1960 iniziano i lavori per la sistemazione con blocchetti in porfido. Nell\u2019edificio di sinistra, oltre alla sede municipale, vi si trovavano l\u2019alloggio del medico, del segretario, del sacrestano e del parroco\u201d, \u201cLa facciata della chiesa non era ancora stata completata, \u00e8 grazie a don Giovanni Ren, che dopo varie vicissitudini port\u00f2 a completamento l\u2019opera nel 1926. Mentre la costruzione della chiesa necessit\u00f2 20 anni di attivit\u00e0: dal 1866 al 1886. A sinistra l\u2019edificio comunale a cui non era ancora stato aggiunto l\u2019ultimo piano\u201d; \u201c1948: veduta della chiesa del Sasson, con la vecchia strada di Lach. Nel 1940 viene appaltato il cantiere per la realizzazione della strada S. Antonio-Lach alla ditta Dai Pra\u201d. Di nuovo persone, in particolare bambini: \u201cPrima Comunione &#8211; 1953. Da sinistra: Carla Conedera, Rita Sommariva, Lidia Conedera, Amalia Pedandola, Gabriella Gnech, Maria Angela Zamperla, Clementina Gnech, Marcella Casera, Maria Angela Zanin, Margherita Fossen ed Ester Casera\u201d; \u201cChiesa &#8211; anni \u201960, Gruppo di ragazzi con merenda; prima fila da sinistra: Domenico Del Din, Giovanni Fadig\u00e0, Renzo Gnech, Roberto Laveder e Pietro Conedera. Seconda fila da sinistra: Luciano Del Din, Pierluigi Fossen, Giovanni Fossen e Sergio Gnech. Terza fila da sinistra: Giuseppe Rosson, Luciano Fossen, Ermanno Laveder, Dario Santel e Valentino Rosson\u201d. E poi gli adulti: \u201cSagra di S. Antonio &#8211; anni \u201940. In occasione della festa, il 13 giugno era tradizione acquistare le ciliegie. Molti erano i pellegrini provenienti dai villaggi limitrofi, come Frassen\u00e8 e Tiser e anche dall\u2019Alto Agordino. Coloro che venivano da pi\u00f9 lontano pernottavano nei fienili della zona o trovavano ospitalit\u00e0 presso le famiglie del paese\u201d; \u201c23 gennaio 1954. Matrimonio di Maria Teresa Schena e Guerrino Gnech\u201d. Dopo due panoramiche su: \u201cChiesa anni \u201830\u201d e \u201cChiesa e Municipio anni \u201970\u201d, di nuovo la gente per \u201cProcessione di S. Antonio &#8211; anni \u201920. La processione seguiva un rituale tramandato negli anni: davanti i gonfaloni delle Confraternite di S. Antonio, del Santissimo, della Beata Vergine della Salute e del Carmine. Come da tradizione erano i coscritti dell\u2019anno che trasportavano a spalla la statua del Santo Patrono, accompagnati dai rappresentanti della Confraternita con in mano le torce. In occasione delle feste religiose importanti, le donne indossavano il loro fazzoletto pi\u00f9 bello, quello a fiori di colore chiaro\u201d; e: \u201cChiesa &#8211; anni \u201960. Squadra di calcio; davanti da sinistra: Renzo Rosson e Luciano Fossen, dietro da sinistra, giocatore non identificato, Luigi Fossen, Carlo Schena, Gianpietro Rosson, Silvano Fossali, Luigi Fadig\u00e0 e l\u2019allenatore Antonio Da Costa \u201cCr\u00e8na)\u201d. Nelle pagine 36 e 37 tre le immagini: \u201cDavanti al cimitero &#8211; anni \u201930, da sinistra: Antonia Schena, Ginevra Mattarel, non identificata, Caterina Gnech (sorella della Mal\u00f9thi), Luigia Pasquali (Gis\u00e9ta, madre di don Giuseppe Pedandola), altra non identificata, Maria Sommariva (Gn\u00e9s), Rosina Conedera (del Pasqu\u00e0l Da Costa Galta), altra non identificata; l\u2019area dietro la chiesa veniva detta F\u00f2ra Altia\u201d; \u201cAnni \u201960 &#8211; E\u2019 in costruzione la nuova strada (via Roma) che dal bar posta arriva al Monumento. I lavori iniziarono nel 1961\u201d; \u201cChiesa &#8211; fine anni \u201950, Canonica di Rivamonte durante una gara di calcetto\u201d. Seguono: \u201cVeduta della chiesa &#8211; anni \u201960. Nel 1963 viene installato il nuovo orologio sistemato il campanile; il precedente orologio fu restaurato negli anni 1843-44 da Antonio Pasquali al costo di 92 lire Austriache\u201d; \u201cChiesa &#8211; 5 luglio 1953. Don Giovanni Ren accompagna in chiesa per la messa novella don Lino Mottes, dietro si riconosce Pietro Celestino Mottes; don Giovanni, nato a Tiser nel 1877 e deceduto nel 1964 fu mansionario di Rivamonte dal 1905 e successivamente curato fino al 1961, il primo a festeggiare i 50 anni di permanenza come parroco a Rivamonte. Nessuno dei suoi 24 predecessori ha raggiunto tale traguardo; don Giovanni era anche un abile artigiano: falegname, meccanico orologiaio e contadino\u201d; \u201cChiesa &#8211; inizio \u2018900. Classe maschile; tra gli altri, da sinistra in seconda fila: Piero Zanin (Pier\u00e0ti) e Sisto Cont, in terza fila, settimo da sinistra Antonio Gnech (Tin\u00e9ti), ultima fila quarto da sinistra con il cappello Fortunato Zanin (Bal\u00f9). Solo nel 1904 fu istituita la scuola mista con sede a Rosson per gli alunni iscritti alla prima classe; in totale c\u2019erano 63 bambini di cui 42 femmine e 21 maschi, ma coloro che effettivamente frequentavano le lezioni erano 35 femmine e 19 maschi; i banchi erano una ventina, lunghi m. 1,10 l\u2019uno con spazio sufficiente per due alunni. Nel 1907 una commissione fu incaricata di stilare una relazione sullo stato di fatto degli spazi adibiti a scuola da qui la necessit\u00e0 di costruire nuovi spazi: le scuole di Tos e Zenich\u201d. In conclusione di capitolo, le pagine 40, 41 e 42 che propongono le ultime sei immagini: \u201cChiesa &#8211; fine anni \u201940. Da sinistra: Pietro Gnech (Gal), Pietro Fossen (Rosina), Albino Mottes, Giuseppe Conedera (Bepino), Giovanni Battista Gnech (Titol\u00e9t)\u201d; \u201cChiesa &#8211; Anni \u201960. Giochi della Giovent\u00f9, da sinistra: Valentino Mottes, Silvano Sommariva, Giorgio Del Din, Silvano Laveder, Enzo Gnech, Giovanni Battista Gnech e Attilio Dall\u2019Acqua\u201d; \u201cChiesa &#8211; anni \u201950. Occasione religiosa di riunione di tutti i sacerdoti originari di Rivamonte; da sinistra don Giuseppe Pedandola, don Piero Del Din, don Angelo De Bernard, don Giovanni De Bernard, monsignor Carlo De Bernard, don Emilio Del Din e don Lino Mottes\u201d; \u201cAnni \u201930, a destra Emilio Tazzer e a sinistra il dottor Fiori Angoletta, che \u00e8 stato il medico condotto di Rivamonte per molti anni, fu nominato titolare della condotta del consorzio medico Rivamonte-Voltago il 3 agosto 1924\u201d; \u201cChiesa \u2013 inizio \u2018900. Classe femminile; si riconoscono, nella terza fila prima da sinistra: Antonia Zanin (Tat\u00e0u) e la prima sulla destra seduta: Teresa Schena. La scuola a quel tempo aveva la sede alla Chiesa; per un certo periodo si trovava al primo piano dell\u2019edificio che ospitava un\u2019osteria e l\u2019entrata era in comune. Dal 20906 le scuole elementari di Tos sono state chiuse e la sede scolastica \u00e8 ritornata ad essere alla Chiesa\u201d. L\u2019ultima immagine della serie propone \u201cCasa de Fod\u00e0ti con il vecchio viale dei pioppi; Giovanni Battista Mattarel ottenne la licenza di osteria nel 1927\u201d.<\/p>\n\n\t\t\t<style type='text\/css'>\n\t\t\t\t#gallery-6 {\n\t\t\t\t\tmargin: auto;\n\t\t\t\t}\n\t\t\t\t#gallery-6 .gallery-item {\n\t\t\t\t\tfloat: left;\n\t\t\t\t\tmargin-top: 10px;\n\t\t\t\t\ttext-align: center;\n\t\t\t\t\twidth: 16%;\n\t\t\t\t}\n\t\t\t\t#gallery-6 img {\n\t\t\t\t\tborder: 2px solid #cfcfcf;\n\t\t\t\t}\n\t\t\t\t#gallery-6 .gallery-caption {\n\t\t\t\t\tmargin-left: 0;\n\t\t\t\t}\n\t\t\t\t\/* see gallery_shortcode() in wp-includes\/media.php *\/\n\t\t\t<\/style>\n\t\t<div id='gallery-6' class='dt-gallery-container gallery galleryid-211050 gallery-columns-6 gallery-size-thumbnail'><dl class='gallery-item'>\n\t\t\t\t<dt class='gallery-icon landscape'>\n\t\t\t\t\t<a class=\"rollover rollover-zoom dt-pswp-item\" title=\"188837522_549129366075277_8188477891309420200_n\" data-dt-img-description=\"\" data-large_image_width=\"610\" data-large_image_height=\"403\"href='https:\/\/www.radiopiu.net\/wordpress\/wp-content\/uploads\/2021\/05\/188837522_549129366075277_8188477891309420200_n.jpg'><img loading=\"lazy\" decoding=\"async\" width=\"150\" height=\"150\" src=\"https:\/\/www.radiopiu.net\/wordpress\/wp-content\/uploads\/2021\/05\/188837522_549129366075277_8188477891309420200_n-150x150.jpg\" class=\"attachment-thumbnail size-thumbnail\" alt=\"\" \/><\/a>\n\t\t\t\t<\/dt><\/dl><dl class='gallery-item'>\n\t\t\t\t<dt class='gallery-icon landscape'>\n\t\t\t\t\t<a class=\"rollover rollover-zoom dt-pswp-item\" title=\"189258260_504479150915680_4169595106060135418_n\" data-dt-img-description=\"\" data-large_image_width=\"730\" data-large_image_height=\"403\"href='https:\/\/www.radiopiu.net\/wordpress\/wp-content\/uploads\/2021\/05\/189258260_504479150915680_4169595106060135418_n.jpg'><img loading=\"lazy\" decoding=\"async\" width=\"150\" height=\"150\" src=\"https:\/\/www.radiopiu.net\/wordpress\/wp-content\/uploads\/2021\/05\/189258260_504479150915680_4169595106060135418_n-150x150.jpg\" class=\"attachment-thumbnail size-thumbnail\" alt=\"\" \/><\/a>\n\t\t\t\t<\/dt><\/dl><dl class='gallery-item'>\n\t\t\t\t<dt class='gallery-icon landscape'>\n\t\t\t\t\t<a class=\"rollover rollover-zoom dt-pswp-item\" title=\"188384498_174574057916118_4644859705074876894_n\" data-dt-img-description=\"\" data-large_image_width=\"642\" data-large_image_height=\"403\"href='https:\/\/www.radiopiu.net\/wordpress\/wp-content\/uploads\/2021\/05\/188384498_174574057916118_4644859705074876894_n.jpg'><img loading=\"lazy\" decoding=\"async\" width=\"150\" height=\"150\" src=\"https:\/\/www.radiopiu.net\/wordpress\/wp-content\/uploads\/2021\/05\/188384498_174574057916118_4644859705074876894_n-150x150.jpg\" class=\"attachment-thumbnail size-thumbnail\" alt=\"\" \/><\/a>\n\t\t\t\t<\/dt><\/dl><dl class='gallery-item'>\n\t\t\t\t<dt class='gallery-icon landscape'>\n\t\t\t\t\t<a class=\"rollover rollover-zoom dt-pswp-item\" title=\"188587551_189488996373966_1481486875976086013_n\" data-dt-img-description=\"\" data-large_image_width=\"904\" data-large_image_height=\"403\"href='https:\/\/www.radiopiu.net\/wordpress\/wp-content\/uploads\/2021\/05\/188587551_189488996373966_1481486875976086013_n.jpg'><img loading=\"lazy\" decoding=\"async\" width=\"150\" height=\"150\" src=\"https:\/\/www.radiopiu.net\/wordpress\/wp-content\/uploads\/2021\/05\/188587551_189488996373966_1481486875976086013_n-150x150.jpg\" class=\"attachment-thumbnail size-thumbnail\" alt=\"\" \/><\/a>\n\t\t\t\t<\/dt><\/dl><dl class='gallery-item'>\n\t\t\t\t<dt class='gallery-icon landscape'>\n\t\t\t\t\t<a class=\"rollover rollover-zoom dt-pswp-item\" title=\"189546061_307516584226893_9059683391574338465_n\" data-dt-img-description=\"\" data-large_image_width=\"619\" data-large_image_height=\"403\"href='https:\/\/www.radiopiu.net\/wordpress\/wp-content\/uploads\/2021\/05\/189546061_307516584226893_9059683391574338465_n.jpg'><img loading=\"lazy\" decoding=\"async\" width=\"150\" height=\"150\" src=\"https:\/\/www.radiopiu.net\/wordpress\/wp-content\/uploads\/2021\/05\/189546061_307516584226893_9059683391574338465_n-150x150.jpg\" class=\"attachment-thumbnail size-thumbnail\" alt=\"\" \/><\/a>\n\t\t\t\t<\/dt><\/dl><dl class='gallery-item'>\n\t\t\t\t<dt class='gallery-icon landscape'>\n\t\t\t\t\t<a class=\"rollover rollover-zoom dt-pswp-item\" title=\"189198712_798764161034351_431991478264017746_n\" data-dt-img-description=\"\" data-large_image_width=\"472\" data-large_image_height=\"403\"href='https:\/\/www.radiopiu.net\/wordpress\/wp-content\/uploads\/2021\/05\/189198712_798764161034351_431991478264017746_n.jpg'><img loading=\"lazy\" decoding=\"async\" width=\"150\" height=\"150\" src=\"https:\/\/www.radiopiu.net\/wordpress\/wp-content\/uploads\/2021\/05\/189198712_798764161034351_431991478264017746_n-150x150.jpg\" class=\"attachment-thumbnail size-thumbnail\" alt=\"\" \/><\/a>\n\t\t\t\t<\/dt><\/dl><br style=\"clear: both\" \/><dl class='gallery-item'>\n\t\t\t\t<dt class='gallery-icon landscape'>\n\t\t\t\t\t<a class=\"rollover rollover-zoom dt-pswp-item\" title=\"188757600_802466947332660_330375216240926406_n\" data-dt-img-description=\"\" data-large_image_width=\"593\" data-large_image_height=\"403\"href='https:\/\/www.radiopiu.net\/wordpress\/wp-content\/uploads\/2021\/05\/188757600_802466947332660_330375216240926406_n.jpg'><img loading=\"lazy\" decoding=\"async\" width=\"150\" height=\"150\" src=\"https:\/\/www.radiopiu.net\/wordpress\/wp-content\/uploads\/2021\/05\/188757600_802466947332660_330375216240926406_n-150x150.jpg\" class=\"attachment-thumbnail size-thumbnail\" alt=\"\" \/><\/a>\n\t\t\t\t<\/dt><\/dl><dl class='gallery-item'>\n\t\t\t\t<dt class='gallery-icon landscape'>\n\t\t\t\t\t<a class=\"rollover rollover-zoom dt-pswp-item\" title=\"187967509_812384616326990_2885882849425038494_n\" data-dt-img-description=\"\" data-large_image_width=\"720\" data-large_image_height=\"403\"href='https:\/\/www.radiopiu.net\/wordpress\/wp-content\/uploads\/2021\/05\/187967509_812384616326990_2885882849425038494_n.jpg'><img loading=\"lazy\" decoding=\"async\" width=\"150\" height=\"150\" src=\"https:\/\/www.radiopiu.net\/wordpress\/wp-content\/uploads\/2021\/05\/187967509_812384616326990_2885882849425038494_n-150x150.jpg\" class=\"attachment-thumbnail size-thumbnail\" alt=\"\" \/><\/a>\n\t\t\t\t<\/dt><\/dl><dl class='gallery-item'>\n\t\t\t\t<dt class='gallery-icon landscape'>\n\t\t\t\t\t<a class=\"rollover rollover-zoom dt-pswp-item\" title=\"188820959_527466074942398_3304451106399212019_n\" data-dt-img-description=\"\" data-large_image_width=\"750\" data-large_image_height=\"403\"href='https:\/\/www.radiopiu.net\/wordpress\/wp-content\/uploads\/2021\/05\/188820959_527466074942398_3304451106399212019_n.jpg'><img loading=\"lazy\" decoding=\"async\" width=\"150\" height=\"150\" src=\"https:\/\/www.radiopiu.net\/wordpress\/wp-content\/uploads\/2021\/05\/188820959_527466074942398_3304451106399212019_n-150x150.jpg\" class=\"attachment-thumbnail size-thumbnail\" alt=\"\" \/><\/a>\n\t\t\t\t<\/dt><\/dl><dl class='gallery-item'>\n\t\t\t\t<dt class='gallery-icon landscape'>\n\t\t\t\t\t<a class=\"rollover rollover-zoom dt-pswp-item\" title=\"188985134_222255652705879_6341075320547500951_n\" data-dt-img-description=\"\" data-large_image_width=\"533\" data-large_image_height=\"403\"href='https:\/\/www.radiopiu.net\/wordpress\/wp-content\/uploads\/2021\/05\/188985134_222255652705879_6341075320547500951_n.jpg'><img loading=\"lazy\" decoding=\"async\" width=\"150\" height=\"150\" src=\"https:\/\/www.radiopiu.net\/wordpress\/wp-content\/uploads\/2021\/05\/188985134_222255652705879_6341075320547500951_n-150x150.jpg\" class=\"attachment-thumbnail size-thumbnail\" alt=\"\" \/><\/a>\n\t\t\t\t<\/dt><\/dl><dl class='gallery-item'>\n\t\t\t\t<dt class='gallery-icon landscape'>\n\t\t\t\t\t<a class=\"rollover rollover-zoom dt-pswp-item\" title=\"188595497_323949929113790_6108363701861394701_n\" data-dt-img-description=\"\" data-large_image_width=\"808\" data-large_image_height=\"403\"href='https:\/\/www.radiopiu.net\/wordpress\/wp-content\/uploads\/2021\/05\/188595497_323949929113790_6108363701861394701_n.jpg'><img loading=\"lazy\" decoding=\"async\" width=\"150\" height=\"150\" src=\"https:\/\/www.radiopiu.net\/wordpress\/wp-content\/uploads\/2021\/05\/188595497_323949929113790_6108363701861394701_n-150x150.jpg\" class=\"attachment-thumbnail size-thumbnail\" alt=\"\" \/><\/a>\n\t\t\t\t<\/dt><\/dl><dl class='gallery-item'>\n\t\t\t\t<dt class='gallery-icon landscape'>\n\t\t\t\t\t<a class=\"rollover rollover-zoom dt-pswp-item\" title=\"188486888_1167739483693700_7087918098598651746_n\" data-dt-img-description=\"\" data-large_image_width=\"634\" data-large_image_height=\"403\"href='https:\/\/www.radiopiu.net\/wordpress\/wp-content\/uploads\/2021\/05\/188486888_1167739483693700_7087918098598651746_n.jpg'><img loading=\"lazy\" decoding=\"async\" width=\"150\" height=\"150\" src=\"https:\/\/www.radiopiu.net\/wordpress\/wp-content\/uploads\/2021\/05\/188486888_1167739483693700_7087918098598651746_n-150x150.jpg\" class=\"attachment-thumbnail size-thumbnail\" alt=\"\" \/><\/a>\n\t\t\t\t<\/dt><\/dl><br style=\"clear: both\" \/><dl class='gallery-item'>\n\t\t\t\t<dt class='gallery-icon landscape'>\n\t\t\t\t\t<a class=\"rollover rollover-zoom dt-pswp-item\" title=\"188419343_297367372061480_9203239791619847539_n\" data-dt-img-description=\"\" data-large_image_width=\"582\" data-large_image_height=\"403\"href='https:\/\/www.radiopiu.net\/wordpress\/wp-content\/uploads\/2021\/05\/188419343_297367372061480_9203239791619847539_n.jpg'><img loading=\"lazy\" decoding=\"async\" width=\"150\" height=\"150\" src=\"https:\/\/www.radiopiu.net\/wordpress\/wp-content\/uploads\/2021\/05\/188419343_297367372061480_9203239791619847539_n-150x150.jpg\" class=\"attachment-thumbnail size-thumbnail\" alt=\"\" \/><\/a>\n\t\t\t\t<\/dt><\/dl><dl class='gallery-item'>\n\t\t\t\t<dt class='gallery-icon landscape'>\n\t\t\t\t\t<a class=\"rollover rollover-zoom dt-pswp-item\" title=\"189731683_498065741617685_3306294665053503335_n\" data-dt-img-description=\"\" data-large_image_width=\"577\" data-large_image_height=\"403\"href='https:\/\/www.radiopiu.net\/wordpress\/wp-content\/uploads\/2021\/05\/189731683_498065741617685_3306294665053503335_n.jpg'><img loading=\"lazy\" decoding=\"async\" width=\"150\" height=\"150\" src=\"https:\/\/www.radiopiu.net\/wordpress\/wp-content\/uploads\/2021\/05\/189731683_498065741617685_3306294665053503335_n-150x150.jpg\" class=\"attachment-thumbnail size-thumbnail\" alt=\"\" \/><\/a>\n\t\t\t\t<\/dt><\/dl><dl class='gallery-item'>\n\t\t\t\t<dt class='gallery-icon landscape'>\n\t\t\t\t\t<a class=\"rollover rollover-zoom dt-pswp-item\" title=\"188413185_297601655197869_2873295411130532347_n\" data-dt-img-description=\"\" data-large_image_width=\"505\" data-large_image_height=\"403\"href='https:\/\/www.radiopiu.net\/wordpress\/wp-content\/uploads\/2021\/05\/188413185_297601655197869_2873295411130532347_n.jpg'><img loading=\"lazy\" decoding=\"async\" width=\"150\" height=\"150\" src=\"https:\/\/www.radiopiu.net\/wordpress\/wp-content\/uploads\/2021\/05\/188413185_297601655197869_2873295411130532347_n-150x150.jpg\" class=\"attachment-thumbnail size-thumbnail\" alt=\"\" \/><\/a>\n\t\t\t\t<\/dt><\/dl><dl class='gallery-item'>\n\t\t\t\t<dt class='gallery-icon landscape'>\n\t\t\t\t\t<a class=\"rollover rollover-zoom dt-pswp-item\" title=\"188074046_522724692084788_4539631507853407080_n\" data-dt-img-description=\"\" data-large_image_width=\"502\" data-large_image_height=\"403\"href='https:\/\/www.radiopiu.net\/wordpress\/wp-content\/uploads\/2021\/05\/188074046_522724692084788_4539631507853407080_n.jpg'><img loading=\"lazy\" decoding=\"async\" width=\"150\" height=\"150\" src=\"https:\/\/www.radiopiu.net\/wordpress\/wp-content\/uploads\/2021\/05\/188074046_522724692084788_4539631507853407080_n-150x150.jpg\" class=\"attachment-thumbnail size-thumbnail\" alt=\"\" \/><\/a>\n\t\t\t\t<\/dt><\/dl><dl class='gallery-item'>\n\t\t\t\t<dt class='gallery-icon landscape'>\n\t\t\t\t\t<a class=\"rollover rollover-zoom dt-pswp-item\" title=\"188423488_2139393053026985_6615480869000862627_n\" data-dt-img-description=\"\" data-large_image_width=\"553\" data-large_image_height=\"403\"href='https:\/\/www.radiopiu.net\/wordpress\/wp-content\/uploads\/2021\/05\/188423488_2139393053026985_6615480869000862627_n.jpg'><img loading=\"lazy\" decoding=\"async\" width=\"150\" height=\"150\" src=\"https:\/\/www.radiopiu.net\/wordpress\/wp-content\/uploads\/2021\/05\/188423488_2139393053026985_6615480869000862627_n-150x150.jpg\" class=\"attachment-thumbnail size-thumbnail\" alt=\"\" \/><\/a>\n\t\t\t\t<\/dt><\/dl>\n\t\t\t\t<br style='clear: both' \/>\n\t\t\t<\/div>\n\n<p>&nbsp;<\/p>\n<p>&nbsp;<\/p>\n<p>&nbsp;<\/p>\n<p>&nbsp;<\/p>\n<p>&nbsp;<\/p>\n<hr \/>\n<p>&nbsp;<\/p>\n<h2><strong><span style=\"color: #ff0000;\">\u00a0ALLA RADIO<\/span><\/strong><\/h2>\n<div data-offset-key=\"5n5nl-0-0\">\n<h3>Per ricevere gli aggiornamenti in tempo reale delle notizie pubblicate alla radio e sul sito di radio pi\u00f9 iscriviti al gruppo RADIO PIU INFORMAZIONE su Telegram.\u00a0\u00a0<a href=\"https:\/\/t.me\/radiopiu\">clicca qui<\/a><\/h3>\n<p>&nbsp;<\/p>\n<\/div>\n<blockquote><p><strong><a href=\"https:\/\/www.radiopiu.net\/wordpress\/cassa-solidarieta-luxottica-puntata-del-19-giugno-2020\/cslxo-2\/\" rel=\"attachment wp-att-145244\"><img loading=\"lazy\" decoding=\"async\" class=\"size-medium wp-image-145244 alignleft\" src=\"https:\/\/www.radiopiu.net\/wordpress\/wp-content\/uploads\/2020\/06\/cassa-solidarieta-luxottica-300x148.jpg\" alt=\"\" width=\"300\" height=\"148\" srcset=\"https:\/\/www.radiopiu.net\/wordpress\/wp-content\/uploads\/2020\/06\/cassa-solidarieta-luxottica-300x148.jpg 300w, https:\/\/www.radiopiu.net\/wordpress\/wp-content\/uploads\/2020\/06\/cassa-solidarieta-luxottica-1024x504.jpg 1024w, https:\/\/www.radiopiu.net\/wordpress\/wp-content\/uploads\/2020\/06\/cassa-solidarieta-luxottica-768x378.jpg 768w, https:\/\/www.radiopiu.net\/wordpress\/wp-content\/uploads\/2020\/06\/cassa-solidarieta-luxottica.jpg 1167w\" sizes=\"auto, (max-width: 300px) 100vw, 300px\" \/><\/a>di Claudio Fontanive<\/strong><\/p>\n<p>OSPITI: Paolo Chissal\u00e8 e Fabrizio Campedel<\/p>\n<p>&nbsp;<\/p>\n<p>&nbsp;<\/p>\n<p>&nbsp;<\/p>\n<p><strong>PUNTATA MAGGIO 2021<\/strong><\/p>\n<audio class=\"wp-audio-shortcode\" id=\"audio-211050-7\" preload=\"none\" style=\"width: 100%;\" controls=\"controls\"><source type=\"audio\/mpeg\" src=\"https:\/\/www.radiopiu.net\/wordpress\/wp-content\/uploads\/2021\/05\/ca-sol-lux-maggio-2021.mp3?_=7\" \/><a href=\"https:\/\/www.radiopiu.net\/wordpress\/wp-content\/uploads\/2021\/05\/ca-sol-lux-maggio-2021.mp3\">https:\/\/www.radiopiu.net\/wordpress\/wp-content\/uploads\/2021\/05\/ca-sol-lux-maggio-2021.mp3<\/a><\/audio>\n<p>&nbsp;<\/p>\n<p>&nbsp;<\/p>\n<h2>RACCOLTA COMPLETA<\/h2>\n<\/blockquote>\n<blockquote class=\"wp-embedded-content\" data-secret=\"aUlmvc2hKA\"><p><a href=\"https:\/\/www.radiopiu.net\/wordpress\/cassa-solidarieta-luxottica-puntata-del-16-ottobre-2020\/\">CASSA SOLIDARIET\u00c0 LUXOTTICA &#8211; PUNTATA DEL 20 NOVEMBRE 2020<\/a><\/p><\/blockquote>\n<p><iframe loading=\"lazy\" class=\"wp-embedded-content\" sandbox=\"allow-scripts\" security=\"restricted\" style=\"position: absolute; clip: rect(1px, 1px, 1px, 1px);\" title=\"&#8220;CASSA SOLIDARIET\u00c0 LUXOTTICA &#8211; PUNTATA DEL 20 NOVEMBRE 2020&#8221; &#8212; Radio Pi\u00f9\" src=\"https:\/\/www.radiopiu.net\/wordpress\/cassa-solidarieta-luxottica-puntata-del-16-ottobre-2020\/embed\/#?secret=aUlmvc2hKA\" data-secret=\"aUlmvc2hKA\" width=\"600\" height=\"338\" frameborder=\"0\" marginwidth=\"0\" marginheight=\"0\" scrolling=\"no\"><\/iframe><\/p>\n<div><\/div>\n<p>&nbsp;<\/p>\n<p>&nbsp;<\/p>\n<p>&nbsp;<\/p>\n<p>&nbsp;<\/p>\n<hr \/>\n<h1><span style=\"color: #ff0000;\">\u00a0<\/span><\/h1>\n<h1><span style=\"color: #ff0000;\">ALLA RADIO<\/span><\/h1>\n<blockquote>\n<h3><a href=\"https:\/\/www.radiopiu.net\/wordpress\/convocato-per-venerdi-13-novembre-il-consiglio-generale-chiamato-ad-eleggere-il-nuovo-segretario-generale-dopo-lingresso-di-cinzia-bonan-in-segreteria-regionale-ampia-convergenza-sul-nome-del\/schermata-2020-11-11-alle-12-25-13\/\" rel=\"attachment wp-att-172025\"><img loading=\"lazy\" decoding=\"async\" class=\"wp-image-172025 alignleft\" src=\"https:\/\/www.radiopiu.net\/wordpress\/wp-content\/uploads\/2020\/11\/Schermata-2020-11-11-alle-12.25.13-300x157.png\" alt=\"\" width=\"174\" height=\"91\" srcset=\"https:\/\/www.radiopiu.net\/wordpress\/wp-content\/uploads\/2020\/11\/Schermata-2020-11-11-alle-12.25.13-300x157.png 300w, https:\/\/www.radiopiu.net\/wordpress\/wp-content\/uploads\/2020\/11\/Schermata-2020-11-11-alle-12.25.13.png 594w\" sizes=\"auto, (max-width: 174px) 100vw, 174px\" \/><\/a>CISL LA VOCE DEI LAVORATORI CON PAOLO CHISSALE&#8217; E ALICE VETTOREL<\/h3>\n<h3>PUNTATA 19 MAGGIO<\/h3>\n<\/blockquote>\n<audio class=\"wp-audio-shortcode\" id=\"audio-211050-8\" preload=\"none\" style=\"width: 100%;\" controls=\"controls\"><source type=\"audio\/mpeg\" src=\"https:\/\/www.radiopiu.net\/wordpress\/wp-content\/uploads\/2021\/05\/cisl-la-voce-dei-lavoratori.mp3?_=8\" \/><a href=\"https:\/\/www.radiopiu.net\/wordpress\/wp-content\/uploads\/2021\/05\/cisl-la-voce-dei-lavoratori.mp3\">https:\/\/www.radiopiu.net\/wordpress\/wp-content\/uploads\/2021\/05\/cisl-la-voce-dei-lavoratori.mp3<\/a><\/audio>\n<h3><\/h3>\n<hr \/>\n<p>&nbsp;<\/p>\n<p>&nbsp;<\/p>\n<blockquote>\n<h3><img loading=\"lazy\" decoding=\"async\" class=\"alignleft\" src=\"https:\/\/www.radiopiu.net\/wordpress\/wp-content\/uploads\/2021\/05\/c11358c7-8727-48f9-8b4e-41f351f4e04a-225x300-1.jpg\" width=\"123\" height=\"164\" \/>NOMADI IN CONCERTO, DOMENICA ALLE 16.30 A FELTRE &#8211; INDICAZIONI &#8211;<\/h3>\n<\/blockquote>\n<p>&nbsp;<\/p>\n<p><strong>FELTRE<\/strong> Attesissimo evento in presenza, il primo a Feltre con i Nomadi che aprono il nuovo tour. Ne parliamo con l&#8217;organizzatore Giovanni Tosatto della Gio Service.<\/p>\n<audio class=\"wp-audio-shortcode\" id=\"audio-211050-9\" preload=\"none\" style=\"width: 100%;\" controls=\"controls\"><source type=\"audio\/mpeg\" src=\"https:\/\/www.radiopiu.net\/wordpress\/wp-content\/uploads\/2021\/05\/INT-GIO.mp3?_=9\" \/><a href=\"https:\/\/www.radiopiu.net\/wordpress\/wp-content\/uploads\/2021\/05\/INT-GIO.mp3\">https:\/\/www.radiopiu.net\/wordpress\/wp-content\/uploads\/2021\/05\/INT-GIO.mp3<\/a><\/audio>\n<p>&nbsp;<\/p>\n<h2><span style=\"color: #ff0000;\"><a href=\"https:\/\/www.radiopiu.net\/wordpress\/la-ripartenza-nomadi-domenica-al-palafeltre-il-concerto-data-zero\/122720286_2797468823842472_1254831630635531242_n\/\" rel=\"attachment wp-att-210735\"><img loading=\"lazy\" decoding=\"async\" class=\" wp-image-210735 alignleft\" src=\"https:\/\/www.radiopiu.net\/wordpress\/wp-content\/uploads\/2021\/05\/122720286_2797468823842472_1254831630635531242_n.jpg\" alt=\"\" width=\"122\" height=\"122\" srcset=\"https:\/\/www.radiopiu.net\/wordpress\/wp-content\/uploads\/2021\/05\/122720286_2797468823842472_1254831630635531242_n.jpg 206w, https:\/\/www.radiopiu.net\/wordpress\/wp-content\/uploads\/2021\/05\/122720286_2797468823842472_1254831630635531242_n-150x150.jpg 150w\" sizes=\"auto, (max-width: 122px) 100vw, 122px\" \/><\/a><\/span><\/h2>\n<h2><span style=\"font-size: 14px; font-weight: normal;\">Ospite Beppe Carletti&#8230;dei Nomadi<\/span><\/h2>\n<audio class=\"wp-audio-shortcode\" id=\"audio-211050-10\" preload=\"none\" style=\"width: 100%;\" controls=\"controls\"><source type=\"audio\/mpeg\" src=\"https:\/\/www.radiopiu.net\/wordpress\/wp-content\/uploads\/2021\/05\/carletti-intervista-2021.mp3?_=10\" \/><a href=\"https:\/\/www.radiopiu.net\/wordpress\/wp-content\/uploads\/2021\/05\/carletti-intervista-2021.mp3\">https:\/\/www.radiopiu.net\/wordpress\/wp-content\/uploads\/2021\/05\/carletti-intervista-2021.mp3<\/a><\/audio>\n<p>&nbsp;<\/p>\n<h2 align=\"JUSTIFY\"><\/h2>\n<div>\n<div>\n<div class=\"page-title-head hgroup\">\n<div class=\"page-title-head hgroup\">\n<div class=\"page-title-head hgroup\">\n<hr \/>\n<p>&nbsp;<\/p>\n<blockquote>\n<h2><\/h2>\n<h2>FANTASTICHE DOLOMITI, NUOVA STAGIONE. APPUNTAMENTO QUINDICINALE IL GIOVEDI ALLE 10.30 E 19.00<\/h2>\n<\/blockquote>\n<h2><a class=\"dt-pswp-item\" href=\"https:\/\/www.radiopiu.net\/wordpress\/wp-content\/uploads\/2020\/10\/pp-2.jpg\" data-dt-img-description=\"\" data-large_image_width=\"384\" data-large_image_height=\"384\"><img loading=\"lazy\" decoding=\"async\" class=\"wp-image-165187 alignleft\" src=\"https:\/\/www.radiopiu.net\/wordpress\/wp-content\/uploads\/2020\/10\/pp-2-300x300.jpg\" alt=\"\" width=\"114\" height=\"114\" srcset=\"https:\/\/www.radiopiu.net\/wordpress\/wp-content\/uploads\/2020\/10\/pp-2-300x300.jpg 300w, https:\/\/www.radiopiu.net\/wordpress\/wp-content\/uploads\/2020\/10\/pp-2-150x150.jpg 150w, https:\/\/www.radiopiu.net\/wordpress\/wp-content\/uploads\/2020\/10\/pp-2.jpg 384w\" sizes=\"auto, (max-width: 114px) 100vw, 114px\" \/><\/a><\/h2>\n<h2><\/h2>\n<h2><span style=\"color: #ff0000;\">PUNTATA 16 20 MAGGIO<\/span><\/h2>\n<p><strong>OSPITE CLAUDIO CANOVA<\/strong><\/p>\n<p>&nbsp;<\/p>\n<audio class=\"wp-audio-shortcode\" id=\"audio-211050-11\" preload=\"none\" style=\"width: 100%;\" controls=\"controls\"><source type=\"audio\/mpeg\" src=\"https:\/\/www.radiopiu.net\/wordpress\/wp-content\/uploads\/2021\/05\/fantastiche-dolomiti-20-maggio.mp3?_=11\" \/><a href=\"https:\/\/www.radiopiu.net\/wordpress\/wp-content\/uploads\/2021\/05\/fantastiche-dolomiti-20-maggio.mp3\">https:\/\/www.radiopiu.net\/wordpress\/wp-content\/uploads\/2021\/05\/fantastiche-dolomiti-20-maggio.mp3<\/a><\/audio>\n<h3>LA RACCOLTA COMPLETA<\/h3>\n<p>https:\/\/www.radiopiu.net\/wordpress\/raccolta-completa\/<\/p>\n<p>&nbsp;<\/p>\n<p>&nbsp;<\/p>\n<p>&nbsp;<\/p>\n<hr \/>\n<div dir=\"auto\">\n<blockquote>\n<h3>SALUTE E SOCIETA&#8217; IL LUNEDI ALLE 13.10 E ALLE 20.10, LA DOMENICA ALLE 10.30 A CURA DEL DOTTOR MARCO CARACCIOLO. QUINTA STAGIONE<\/h3>\n<\/blockquote>\n<p><strong>LA PUNTATA DELLA SETTIMANA del 17 <\/strong><strong>MAGGIO<\/strong><\/p>\n<h2><span style=\"color: #ff0000;\">IERI ALLA RADIO<\/span><\/h2>\n<p><strong> <img loading=\"lazy\" decoding=\"async\" class=\"alignleft\" src=\"https:\/\/www.radiopiu.net\/wordpress\/wp-content\/uploads\/2021\/05\/f2cbf5d0-c467-6173-78b8-cfd2dc6eac85.jpg\" width=\"213\" height=\"120\" \/>con il dottor Marco Caracciolo<\/strong><\/p>\n<p><strong>in questa edizione:<\/strong> Novit\u00e0 nella terapia del tumore del polmone. La Commissione europea ha dato il via libera a una nuova indicazione del farmaco immunoterapico atezolizumab, un inibitore del checkpoint immunitario PD-L1, che ora \u00e8 indicato anche per il trattamento di prima linea di uno specifico gruppo di pazienti con tumore del polmone non a piccole cellule. Alessandra Terzaghi ne ha parlato con Filippo De Marinis, Direttore dell\u2019Unit\u00e0 di Oncologia Toracica dell\u2019Istituto Europeo di Oncologia di Milano (IEO).<\/p>\n<p><strong>AUDIO<\/strong><\/p>\n<audio class=\"wp-audio-shortcode\" id=\"audio-211050-12\" preload=\"none\" style=\"width: 100%;\" controls=\"controls\"><source type=\"audio\/mpeg\" src=\"https:\/\/www.radiopiu.net\/wordpress\/wp-content\/uploads\/2021\/05\/SALUTE-2.mp3?_=12\" \/><a href=\"https:\/\/www.radiopiu.net\/wordpress\/wp-content\/uploads\/2021\/05\/SALUTE-2.mp3\">https:\/\/www.radiopiu.net\/wordpress\/wp-content\/uploads\/2021\/05\/SALUTE-2.mp3<\/a><\/audio>\n<div dir=\"auto\">\n<p><strong>LA RACCOLTA COMPLETA\u00a0<\/strong><\/p>\n<\/div>\n<blockquote class=\"wp-embedded-content\" data-secret=\"SC3OyyZPa6\"><p><a href=\"https:\/\/www.radiopiu.net\/wordpress\/saluteesocieta\/\">Salute e Societ\u00e0<\/a><\/p><\/blockquote>\n<p><iframe loading=\"lazy\" class=\"wp-embedded-content\" sandbox=\"allow-scripts\" security=\"restricted\" style=\"position: absolute; clip: rect(1px, 1px, 1px, 1px);\" title=\"&#8220;Salute e Societ\u00e0&#8221; &#8212; Radio Pi\u00f9\" src=\"https:\/\/www.radiopiu.net\/wordpress\/saluteesocieta\/embed\/#?secret=SC3OyyZPa6\" data-secret=\"SC3OyyZPa6\" width=\"600\" height=\"338\" frameborder=\"0\" marginwidth=\"0\" marginheight=\"0\" scrolling=\"no\"><\/iframe><\/p>\n<p>&nbsp;<\/p>\n<hr \/>\n<p>&nbsp;<\/p>\n<blockquote>\n<h3 class=\"kvgmc6g5 cxmmr5t8 oygrvhab hcukyx3x c1et5uql\"><span style=\"color: #0000ff;\">INFORMAZIONE il canale su TELEGRAM informazione di prima mano e in tempo reale. iscriviti ed aiutaci a farlo conoscere\u00a0<\/span><\/h3>\n<\/blockquote>\n<h2><a href=\"https:\/\/www.radiopiu.net\/wordpress\/strutturare-lo-studio\/studiare\/\" rel=\"attachment wp-att-210171\"><img loading=\"lazy\" decoding=\"async\" class=\" wp-image-210171 alignleft\" src=\"https:\/\/www.radiopiu.net\/wordpress\/wp-content\/uploads\/2021\/05\/studiare-300x200.jpeg\" alt=\"\" width=\"177\" height=\"118\" srcset=\"https:\/\/www.radiopiu.net\/wordpress\/wp-content\/uploads\/2021\/05\/studiare-300x200.jpeg 300w, https:\/\/www.radiopiu.net\/wordpress\/wp-content\/uploads\/2021\/05\/studiare.jpeg 626w\" sizes=\"auto, (max-width: 177px) 100vw, 177px\" \/><\/a>007 IN CONDOTTA CON LA PROF. MARIA ROSA SALMAZO IL LUNEDI ALLE 10,30 E ALLE 19.00 LA DOMENICA ALLE 8 DEL MATTINO. NONA STAGIONE<\/h2>\n<p><span style=\"color: #ff0000;\"><strong>PUNTATA DEL 17 MAGGIO 2021\u00a0\u00a0<\/strong><\/span><\/p>\n<audio class=\"wp-audio-shortcode\" id=\"audio-211050-13\" preload=\"none\" style=\"width: 100%;\" controls=\"controls\"><source type=\"audio\/mpeg\" src=\"https:\/\/www.radiopiu.net\/wordpress\/wp-content\/uploads\/2021\/05\/007-17-magio.mp3?_=13\" \/><a href=\"https:\/\/www.radiopiu.net\/wordpress\/wp-content\/uploads\/2021\/05\/007-17-magio.mp3\">https:\/\/www.radiopiu.net\/wordpress\/wp-content\/uploads\/2021\/05\/007-17-magio.mp3<\/a><\/audio>\n<h2>LA RACCOLTA COMPLETA<\/h2>\n<blockquote class=\"wp-embedded-content\" data-secret=\"QtGYkgTaj9\"><p><a href=\"https:\/\/www.radiopiu.net\/wordpress\/007incondotta-9\/\">007 in condotta<\/a><\/p><\/blockquote>\n<p><iframe loading=\"lazy\" class=\"wp-embedded-content\" sandbox=\"allow-scripts\" security=\"restricted\" style=\"position: absolute; clip: rect(1px, 1px, 1px, 1px);\" title=\"&#8220;007 in condotta&#8221; &#8212; Radio Pi\u00f9\" src=\"https:\/\/www.radiopiu.net\/wordpress\/007incondotta-9\/embed\/#?secret=QtGYkgTaj9\" data-secret=\"QtGYkgTaj9\" width=\"600\" height=\"338\" frameborder=\"0\" marginwidth=\"0\" marginheight=\"0\" scrolling=\"no\"><\/iframe><\/p>\n<blockquote><p>&nbsp;<\/p><\/blockquote>\n<p>&nbsp;<\/p>\n<p>&nbsp;<\/p>\n<hr \/>\n<h1><span style=\"color: #ff0000;\"><strong>\u00a0<\/strong><\/span><\/h1>\n<h2><span style=\"color: #ff0000;\"><strong>IN VIVO VERSO 2020-21 ESTATE, RIASCOLTIAMOLI&#8230; DAL CASSETTO DEI RICORDI DI RADIO PIU&#8217;&#8230; LE PRIME\u00a0 SEI STAGIONI\u00a0\u00a0<\/strong><\/span><\/h2>\n<div class=\"page-title-head hgroup\">\n<div class=\"page-title-head hgroup\">\n<div class=\"page-title-head hgroup\">\n<div class=\"page-title-head hgroup\">\n<div class=\"page-title-head hgroup\">\n<div class=\"page-title-head hgroup\">\n<h3 class=\"entry-title\">riascoltiamole AMARE DI DOLORE di TIZIANO PIANI ANNO 2016<\/h3>\n<\/div>\n<div class=\"page-title-breadcrumbs\">\n<p><strong>AUDIO<\/strong><\/p>\n<audio class=\"wp-audio-shortcode\" id=\"audio-211050-14\" preload=\"none\" style=\"width: 100%;\" controls=\"controls\"><source type=\"audio\/mpeg\" src=\"https:\/\/www.radiopiu.net\/wordpress\/wp-content\/uploads\/2021\/05\/VIVO-VERSO-VEN-1.mp3?_=14\" \/><a href=\"https:\/\/www.radiopiu.net\/wordpress\/wp-content\/uploads\/2021\/05\/VIVO-VERSO-VEN-1.mp3\">https:\/\/www.radiopiu.net\/wordpress\/wp-content\/uploads\/2021\/05\/VIVO-VERSO-VEN-1.mp3<\/a><\/audio>\n<p>&nbsp;<\/p>\n<p><strong>LA RACCOLTA COMPLETA<\/strong><\/p>\n<\/div>\n<\/div>\n<\/div>\n<\/div>\n<\/div>\n<\/div>\n<blockquote class=\"wp-embedded-content\" data-secret=\"eTNXxbTE3T\"><p><a href=\"https:\/\/www.radiopiu.net\/wordpress\/in-vivo-verso\/\">In Vivo Verso<\/a><\/p><\/blockquote>\n<p><iframe loading=\"lazy\" class=\"wp-embedded-content\" sandbox=\"allow-scripts\" security=\"restricted\" style=\"position: absolute; clip: rect(1px, 1px, 1px, 1px);\" title=\"&#8220;In Vivo Verso&#8221; &#8212; Radio Pi\u00f9\" src=\"https:\/\/www.radiopiu.net\/wordpress\/in-vivo-verso\/embed\/#?secret=eTNXxbTE3T\" data-secret=\"eTNXxbTE3T\" width=\"600\" height=\"338\" frameborder=\"0\" marginwidth=\"0\" marginheight=\"0\" scrolling=\"no\"><\/iframe><\/p>\n<p>&nbsp;<\/p>\n<hr \/>\n<h2><span style=\"color: #ff0000;\"><a href=\"https:\/\/www.radiopiu.net\/wordpress\/giornale-radiopiu-05-gennaio-2021-direttore-mirko-mezzacasa\/133200401_100838761953611_1258544160541445132_o-2\/\" rel=\"attachment wp-att-183078\"><img loading=\"lazy\" decoding=\"async\" class=\" wp-image-183078 alignleft\" src=\"https:\/\/www.radiopiu.net\/wordpress\/wp-content\/uploads\/2021\/01\/133200401_100838761953611_1258544160541445132_o-1-300x157.jpg\" alt=\"\" width=\"192\" height=\"101\" srcset=\"https:\/\/www.radiopiu.net\/wordpress\/wp-content\/uploads\/2021\/01\/133200401_100838761953611_1258544160541445132_o-1-300x157.jpg 300w, https:\/\/www.radiopiu.net\/wordpress\/wp-content\/uploads\/2021\/01\/133200401_100838761953611_1258544160541445132_o-1.jpg 526w\" sizes=\"auto, (max-width: 192px) 100vw, 192px\" \/><\/a>GOCCE DI FILOSOFIA, CON CHIARA CAU, CON LISA DE LUCA. <\/span><\/h2>\n<h2><span style=\"color: #ff0000;\">TUTTI I GIORNI DAL LUNEDI AL VENERDI ALLE 6.55 E ALLE 18.55<\/span><\/h2>\n<h3><strong><span style=\"color: #0000ff;\">\u00a0<\/span><\/strong><strong><span style=\"color: #0000ff;\">\u00a0<\/span><\/strong><\/h3>\n<h3><strong><span style=\"color: #0000ff;\">PUNTATA 100<\/span><\/strong><\/h3>\n<h3>AUDIO<\/h3>\n<audio class=\"wp-audio-shortcode\" id=\"audio-211050-15\" preload=\"none\" style=\"width: 100%;\" controls=\"controls\"><source type=\"audio\/mpeg\" src=\"https:\/\/www.radiopiu.net\/wordpress\/wp-content\/uploads\/2021\/05\/FI5-2.mp3?_=15\" \/><a href=\"https:\/\/www.radiopiu.net\/wordpress\/wp-content\/uploads\/2021\/05\/FI5-2.mp3\">https:\/\/www.radiopiu.net\/wordpress\/wp-content\/uploads\/2021\/05\/FI5-2.mp3<\/a><\/audio>\n<p>&nbsp;<\/p>\n<h3>LA RACCOLTA COMPLETA<\/h3>\n<blockquote class=\"wp-embedded-content\" data-secret=\"Ltmz3n0yzU\"><p><a href=\"https:\/\/www.radiopiu.net\/wordpress\/gocce-filosofia\/\">Gocce di filosofia<\/a><\/p><\/blockquote>\n<p><iframe loading=\"lazy\" class=\"wp-embedded-content\" sandbox=\"allow-scripts\" security=\"restricted\" style=\"position: absolute; clip: rect(1px, 1px, 1px, 1px);\" title=\"&#8220;Gocce di filosofia&#8221; &#8212; Radio Pi\u00f9\" src=\"https:\/\/www.radiopiu.net\/wordpress\/gocce-filosofia\/embed\/#?secret=Ltmz3n0yzU\" data-secret=\"Ltmz3n0yzU\" width=\"600\" height=\"338\" frameborder=\"0\" marginwidth=\"0\" marginheight=\"0\" scrolling=\"no\"><\/iframe><\/p>\n<p>&nbsp;<\/p>\n<hr \/>\n<p>&nbsp;<\/p>\n<p>&nbsp;<\/p>\n<div>\n<p>&nbsp;<\/p>\n<h2><span style=\"color: #800080;\"><strong>LA RASSEGNA STAMPA DA L&#8217;AMICO DEL POPOLO\u00a0<\/strong><\/span><\/h2>\n<h3 class=\"kvgmc6g5 cxmmr5t8 oygrvhab hcukyx3x c1et5uql\"><span style=\"color: #0000ff;\"> INFORMAZIONE il canale su TELEGRAM informazione di prima mano e in tempo reale. iscriviti ed aiutaci a farlo conoscere\u00a0<\/span><\/h3>\n<p><strong><a href=\"https:\/\/www.radiopiu.net\/wordpress\/emergenza-coronavirus-lappello-della-cooperazione-sociale-e-dei-sindacati-veneti-alle-istituzioni\/mani-anziani\/\" rel=\"attachment wp-att-125005\"><img loading=\"lazy\" decoding=\"async\" class=\" wp-image-125005 alignleft\" src=\"https:\/\/www.radiopiu.net\/wordpress\/wp-content\/uploads\/2020\/03\/MANI-ANZIANI-300x200.jpg\" alt=\"\" width=\"143\" height=\"95\" srcset=\"https:\/\/www.radiopiu.net\/wordpress\/wp-content\/uploads\/2020\/03\/MANI-ANZIANI-300x200.jpg 300w, https:\/\/www.radiopiu.net\/wordpress\/wp-content\/uploads\/2020\/03\/MANI-ANZIANI-1024x683.jpg 1024w, https:\/\/www.radiopiu.net\/wordpress\/wp-content\/uploads\/2020\/03\/MANI-ANZIANI-768x512.jpg 768w, https:\/\/www.radiopiu.net\/wordpress\/wp-content\/uploads\/2020\/03\/MANI-ANZIANI-1536x1024.jpg 1536w, https:\/\/www.radiopiu.net\/wordpress\/wp-content\/uploads\/2020\/03\/MANI-ANZIANI.jpg 1920w\" sizes=\"auto, (max-width: 143px) 100vw, 143px\" \/><\/a>di Gianni Santomaso<\/strong><\/p>\n<p>OSPITE: Tatiana Stalliviere<\/p>\n<audio class=\"wp-audio-shortcode\" id=\"audio-211050-16\" preload=\"none\" style=\"width: 100%;\" controls=\"controls\"><source type=\"audio\/mpeg\" src=\"https:\/\/www.radiopiu.net\/wordpress\/wp-content\/uploads\/2021\/05\/RASSEGNA-GIANNI-2.mp3?_=16\" \/><a href=\"https:\/\/www.radiopiu.net\/wordpress\/wp-content\/uploads\/2021\/05\/RASSEGNA-GIANNI-2.mp3\">https:\/\/www.radiopiu.net\/wordpress\/wp-content\/uploads\/2021\/05\/RASSEGNA-GIANNI-2.mp3<\/a><\/audio>\n<p><strong>LA RACCOLTA COMPLETA<\/strong><\/p>\n<blockquote class=\"wp-embedded-content\" data-secret=\"JBnPehnWyV\"><p><a href=\"https:\/\/www.radiopiu.net\/wordpress\/rassegna-stampa-di-gianni-santomaso\/\">Rassegna stampa da l&#8217;amico del popolo &#8211; di Gianni Santomaso<\/a><\/p><\/blockquote>\n<p><iframe loading=\"lazy\" class=\"wp-embedded-content\" sandbox=\"allow-scripts\" security=\"restricted\" style=\"position: absolute; clip: rect(1px, 1px, 1px, 1px);\" title=\"&#8220;Rassegna stampa da l&#8217;amico del popolo &#8211; di Gianni Santomaso&#8221; &#8212; Radio Pi\u00f9\" src=\"https:\/\/www.radiopiu.net\/wordpress\/rassegna-stampa-di-gianni-santomaso\/embed\/#?secret=JBnPehnWyV\" data-secret=\"JBnPehnWyV\" width=\"600\" height=\"338\" frameborder=\"0\" marginwidth=\"0\" marginheight=\"0\" scrolling=\"no\"><\/iframe><\/p>\n<div class=\"b654a4as d2edcug0\"><\/div>\n<\/div>\n<p>&nbsp;<\/p>\n<p>&nbsp;<\/p>\n<\/div>\n<hr \/>\n<div>\n<div>\n<div class=\"b654a4as d2edcug0\">\n<div class=\"rq0escxv hkbzh7o3 jwdofwj8 n8tt0mok r8blr3vg hyh9befq\">\n<div class=\"b654a4as d2edcug0\">\n<h2><span style=\"color: #008000;\">\u00a0<\/span><\/h2>\n<h2><span style=\"color: #008000;\">ERBE E PIANTE CURATIVE&#8230;IL\u00a0 PROGRAMMA DI PAOLA LANCIATO<\/span><\/h2>\n<\/div>\n<p><strong><img loading=\"lazy\" decoding=\"async\" class=\"alignleft\" src=\"https:\/\/www.radiopiu.net\/wordpress\/wp-content\/uploads\/2021\/05\/th-12.jpg\" width=\"143\" height=\"107\" \/>di Paola Lanciato<\/strong><\/p>\n<p><strong>\u00a0<\/strong><\/p>\n<p><strong>L&#8217;ACACIA<\/strong><\/p>\n<audio class=\"wp-audio-shortcode\" id=\"audio-211050-17\" preload=\"none\" style=\"width: 100%;\" controls=\"controls\"><source type=\"audio\/mpeg\" src=\"https:\/\/www.radiopiu.net\/wordpress\/wp-content\/uploads\/2021\/05\/14-Lacacia-M.mp3?_=17\" \/><a href=\"https:\/\/www.radiopiu.net\/wordpress\/wp-content\/uploads\/2021\/05\/14-Lacacia-M.mp3\">https:\/\/www.radiopiu.net\/wordpress\/wp-content\/uploads\/2021\/05\/14-Lacacia-M.mp3<\/a><\/audio>\n<h3><strong>LA RACCOLTA COMPLETA\u00a0<\/strong><\/h3>\n<blockquote class=\"wp-embedded-content\" data-secret=\"2GwWMesA1g\"><p><a href=\"https:\/\/www.radiopiu.net\/wordpress\/erbe-e-piante-curative-il-mandorlo\/\">L\u2019ERBA VOGLIO DEL GIARDINO DEL RE\u2026 ERBE, FIORI E PIANTE DI E CON PAOLA LANCIATO<\/a><\/p><\/blockquote>\n<p><iframe loading=\"lazy\" class=\"wp-embedded-content\" sandbox=\"allow-scripts\" security=\"restricted\" style=\"position: absolute; clip: rect(1px, 1px, 1px, 1px);\" title=\"&#8220;L\u2019ERBA VOGLIO DEL GIARDINO DEL RE\u2026 ERBE, FIORI E PIANTE DI E CON PAOLA LANCIATO&#8221; &#8212; Radio Pi\u00f9\" src=\"https:\/\/www.radiopiu.net\/wordpress\/erbe-e-piante-curative-il-mandorlo\/embed\/#?secret=2GwWMesA1g\" data-secret=\"2GwWMesA1g\" width=\"600\" height=\"338\" frameborder=\"0\" marginwidth=\"0\" marginheight=\"0\" scrolling=\"no\"><\/iframe><\/p>\n<p>&nbsp;<\/p>\n<p>&nbsp;<\/p>\n<p>&nbsp;<\/p>\n<hr \/>\n<p>&nbsp;<\/p>\n<blockquote>\n<h2><span style=\"color: #ff0000;\"><em>ZAINO ALLA RADIO&#8230;ESTATE DI PAOLA LANCIATO TUTTI I GIORNI dal lunedi al venerdi ALLE 14 E 23.30\u00a0<\/em><\/span><\/h2>\n<h3><img loading=\"lazy\" decoding=\"async\" class=\"alignleft\" src=\"https:\/\/www.radiopiu.net\/wordpress\/wp-content\/uploads\/2021\/05\/10.jpg\" width=\"202\" height=\"134\" \/><\/h3>\n<h3><\/h3>\n<h3>NEIVE &#8211; ZAINO DA VIAGGIO ESTATE di PAOLA LANCIATO<\/h3>\n<\/blockquote>\n<p><strong><em>AUDIO\u00a0<\/em><\/strong><\/p>\n<p>&nbsp;<\/p>\n<p>AUDIO<\/p>\n<audio class=\"wp-audio-shortcode\" id=\"audio-211050-18\" preload=\"none\" style=\"width: 100%;\" controls=\"controls\"><source type=\"audio\/mpeg\" src=\"https:\/\/www.radiopiu.net\/wordpress\/wp-content\/uploads\/2021\/05\/10-Neive-m.mp3?_=18\" \/><a href=\"https:\/\/www.radiopiu.net\/wordpress\/wp-content\/uploads\/2021\/05\/10-Neive-m.mp3\">https:\/\/www.radiopiu.net\/wordpress\/wp-content\/uploads\/2021\/05\/10-Neive-m.mp3<\/a><\/audio>\n<p>&nbsp;<\/p>\n<p><strong>LA RACCOLTA COMPLETA\u00a0<\/strong><\/p>\n<blockquote class=\"wp-embedded-content\" data-secret=\"f4IYjDfpid\"><p><a href=\"https:\/\/www.radiopiu.net\/wordpress\/zaino-femminile-lanciato\/\">Zaino da viaggio al femminile<\/a><\/p><\/blockquote>\n<p><iframe loading=\"lazy\" class=\"wp-embedded-content\" sandbox=\"allow-scripts\" security=\"restricted\" style=\"position: absolute; clip: rect(1px, 1px, 1px, 1px);\" title=\"&#8220;Zaino da viaggio al femminile&#8221; &#8212; Radio Pi\u00f9\" src=\"https:\/\/www.radiopiu.net\/wordpress\/zaino-femminile-lanciato\/embed\/#?secret=f4IYjDfpid\" data-secret=\"f4IYjDfpid\" width=\"600\" height=\"338\" frameborder=\"0\" marginwidth=\"0\" marginheight=\"0\" scrolling=\"no\"><\/iframe><\/p>\n<p>&nbsp;<\/p>\n<p>&nbsp;<\/p>\n<hr \/>\n<p>&nbsp;<\/p>\n<p><a class=\"dt-pswp-item\" href=\"https:\/\/www.radiopiu.net\/wordpress\/wp-content\/uploads\/2020\/10\/pp.jpg\" data-dt-img-description=\"\" data-large_image_width=\"640\" data-large_image_height=\"640\"><img loading=\"lazy\" decoding=\"async\" class=\"wp-image-163678 alignleft\" src=\"https:\/\/www.radiopiu.net\/wordpress\/wp-content\/uploads\/2020\/10\/pp-300x300.jpg\" alt=\"\" width=\"106\" height=\"106\" srcset=\"https:\/\/www.radiopiu.net\/wordpress\/wp-content\/uploads\/2020\/10\/pp-300x300.jpg 300w, https:\/\/www.radiopiu.net\/wordpress\/wp-content\/uploads\/2020\/10\/pp-150x150.jpg 150w, https:\/\/www.radiopiu.net\/wordpress\/wp-content\/uploads\/2020\/10\/pp-125x125.jpg 125w, https:\/\/www.radiopiu.net\/wordpress\/wp-content\/uploads\/2020\/10\/pp-200x200.jpg 200w, https:\/\/www.radiopiu.net\/wordpress\/wp-content\/uploads\/2020\/10\/pp-80x80.jpg 80w, https:\/\/www.radiopiu.net\/wordpress\/wp-content\/uploads\/2020\/10\/pp-480x480.jpg 480w, https:\/\/www.radiopiu.net\/wordpress\/wp-content\/uploads\/2020\/10\/pp.jpg 640w\" sizes=\"auto, (max-width: 106px) 100vw, 106px\" \/><\/a><\/p>\n<\/div>\n<\/div>\n<\/div>\n<div>\n<div class=\"page-title-head hgroup\">\n<div class=\"page-title-head hgroup\">\n<div>\n<div class=\"b654a4as d2edcug0\">\n<div class=\"j83agx80 btwxx1t3 lhclo0ds hop8lmos nkwizq5d scwd0bx6 roh60bw9\">\n<div class=\"rq0escxv hkbzh7o3 jwdofwj8 n8tt0mok r8blr3vg hyh9befq\">\n<div class=\"do00u71z l9j0dhe7 k4urcfbm\">\n<h2><span style=\"color: #000080;\">DON CESARE, IL PENSIERO DEL GIORNO. ALLA RADIO ALLE 7 DEL MATTINO E ALLE 19.30 DELLA SERA.\u00a0\u00a0<\/span><\/h2>\n<\/div>\n<\/div>\n<\/div>\n<div class=\"rq0escxv hkbzh7o3 jwdofwj8 n8tt0mok r8blr3vg hyh9befq\">\n<p>&nbsp;<\/p>\n<p>&nbsp;<\/p>\n<audio class=\"wp-audio-shortcode\" id=\"audio-211050-19\" preload=\"none\" style=\"width: 100%;\" controls=\"controls\"><source type=\"audio\/mpeg\" src=\"https:\/\/www.radiopiu.net\/wordpress\/wp-content\/uploads\/2021\/05\/CESARE-16.mp3?_=19\" \/><a href=\"https:\/\/www.radiopiu.net\/wordpress\/wp-content\/uploads\/2021\/05\/CESARE-16.mp3\">https:\/\/www.radiopiu.net\/wordpress\/wp-content\/uploads\/2021\/05\/CESARE-16.mp3<\/a><\/audio>\n<p>&nbsp;<\/p>\n<p>&nbsp;<\/p>\n<p>&nbsp;<\/p>\n<\/div>\n<\/div>\n<div class=\"b654a4as d2edcug0\">\n<hr \/>\n<p>&nbsp;<\/p>\n<blockquote>\n<h3><a href=\"https:\/\/www.radiopiu.net\/wordpress\/almanacco-ladino-puntata-5-2020\/sn\/\" rel=\"attachment wp-att-180931\"><img loading=\"lazy\" decoding=\"async\" class=\"wp-image-180931 alignleft\" src=\"https:\/\/www.radiopiu.net\/wordpress\/wp-content\/uploads\/2020\/12\/sn-300x194.jpg\" alt=\"\" width=\"181\" height=\"117\" srcset=\"https:\/\/www.radiopiu.net\/wordpress\/wp-content\/uploads\/2020\/12\/sn-300x194.jpg 300w, https:\/\/www.radiopiu.net\/wordpress\/wp-content\/uploads\/2020\/12\/sn.jpg 626w\" sizes=\"auto, (max-width: 181px) 100vw, 181px\" \/><\/a>L&#8217;ALMANACCO LADINO CON L&#8217;ISTITUT CESA DE JAN QUINDICINALE APPUNTAMENTO. LA DOMENICA ALLE 9 IL LUNEDI ALLE 8.35 IL MARTEDI ALLE 12.35 IL MERCOLEDI ALLE 18.35. SECONDA STAGIONE.<\/h3>\n<\/blockquote>\n<p><strong>RACCOLTA COMPLETA\u00a0<\/strong><\/p>\n<blockquote class=\"wp-embedded-content\" data-secret=\"8aOuEHVESI\"><p><a href=\"https:\/\/www.radiopiu.net\/wordpress\/almanacco-ladino\/\">Almanacco Ladino<\/a><\/p><\/blockquote>\n<p><iframe loading=\"lazy\" class=\"wp-embedded-content\" sandbox=\"allow-scripts\" security=\"restricted\" style=\"position: absolute; clip: rect(1px, 1px, 1px, 1px);\" title=\"&#8220;Almanacco Ladino&#8221; &#8212; Radio Pi\u00f9\" src=\"https:\/\/www.radiopiu.net\/wordpress\/almanacco-ladino\/embed\/#?secret=8aOuEHVESI\" data-secret=\"8aOuEHVESI\" width=\"600\" height=\"338\" frameborder=\"0\" marginwidth=\"0\" marginheight=\"0\" scrolling=\"no\"><\/iframe><\/p>\n<div dir=\"auto\"><\/div>\n<\/div>\n<div>\n<p>&nbsp;<\/p>\n<hr \/>\n<h2><span style=\"color: #808000;\">\u00a0<\/span><\/h2>\n<h2><span style=\"color: #808000;\">DUE MINUTI UN LIBRO\u00a0 TUTTI I GIORNI ALLA RADIO ALLE 9.30 E ALLE 18. QUINTA STAGIONE\u00a0\u00a0<\/span><\/h2>\n<blockquote class=\"wp-embedded-content\" data-secret=\"DvaC8yI05J\"><p><a href=\"https:\/\/www.radiopiu.net\/wordpress\/gli-occhi-di-sara\/\">GLI OCCHI DI SARA<\/a><\/p><\/blockquote>\n<p><iframe loading=\"lazy\" class=\"wp-embedded-content\" sandbox=\"allow-scripts\" security=\"restricted\" style=\"position: absolute; clip: rect(1px, 1px, 1px, 1px);\" title=\"&#8220;GLI OCCHI DI SARA&#8221; &#8212; Radio Pi\u00f9\" src=\"https:\/\/www.radiopiu.net\/wordpress\/gli-occhi-di-sara\/embed\/#?secret=DvaC8yI05J\" data-secret=\"DvaC8yI05J\" width=\"600\" height=\"338\" frameborder=\"0\" marginwidth=\"0\" marginheight=\"0\" scrolling=\"no\"><\/iframe><\/p>\n<h3><span style=\"color: #808000;\">\u00a0<\/span>LA RACCOLTA COMPLETA<\/h3>\n<blockquote class=\"wp-embedded-content\" data-secret=\"ebUg56wkpw\"><p><a href=\"https:\/\/www.radiopiu.net\/wordpress\/due-minuti-un-libro\/\">Due minuti un libro<\/a><\/p><\/blockquote>\n<p><iframe loading=\"lazy\" class=\"wp-embedded-content\" sandbox=\"allow-scripts\" security=\"restricted\" style=\"position: absolute; clip: rect(1px, 1px, 1px, 1px);\" title=\"&#8220;Due minuti un libro&#8221; &#8212; Radio Pi\u00f9\" src=\"https:\/\/www.radiopiu.net\/wordpress\/due-minuti-un-libro\/embed\/#?secret=ebUg56wkpw\" data-secret=\"ebUg56wkpw\" width=\"600\" height=\"338\" frameborder=\"0\" marginwidth=\"0\" marginheight=\"0\" scrolling=\"no\"><\/iframe><\/p>\n<p>&nbsp;<\/p>\n<p>&nbsp;<\/p>\n<hr \/>\n<p>\u200b<\/p>\n<div>\n<h2><span style=\"color: #33cccc;\">I RACCONTI DI PAOLO SOPPELSA il lunedi alle 9.30 e 18.30<\/span><\/h2>\n<blockquote class=\"wp-embedded-content\" data-secret=\"ZBtS1C0Iyo\"><p><a href=\"https:\/\/www.radiopiu.net\/wordpress\/i-racconti-di-paolo-soppelsa-settantacinquesima-puntata\/\">I RACCONTI DI PAOLO SOPPELSA SETTANTACINQUESIMA PUNTATA<\/a><\/p><\/blockquote>\n<p><iframe loading=\"lazy\" class=\"wp-embedded-content\" sandbox=\"allow-scripts\" security=\"restricted\" style=\"position: absolute; clip: rect(1px, 1px, 1px, 1px);\" title=\"&#8220;I RACCONTI DI PAOLO SOPPELSA SETTANTACINQUESIMA PUNTATA&#8221; &#8212; Radio Pi\u00f9\" src=\"https:\/\/www.radiopiu.net\/wordpress\/i-racconti-di-paolo-soppelsa-settantacinquesima-puntata\/embed\/#?secret=ZBtS1C0Iyo\" data-secret=\"ZBtS1C0Iyo\" width=\"600\" height=\"338\" frameborder=\"0\" marginwidth=\"0\" marginheight=\"0\" scrolling=\"no\"><\/iframe><\/p>\n<p><span style=\"color: #0000ff;\">INFORMAZIONE il canale su TELEGRAM informazione di prima mano e in tempo reale. iscriviti ed aiutaci a farlo conoscere\u00a0<\/span><\/p>\n<h2><span style=\"color: #33cccc;\"><strong>RACCOLTA COMPLETA<\/strong><\/span><\/h2>\n<blockquote class=\"wp-embedded-content\" data-secret=\"Mb4TAGMlCr\"><p><a href=\"https:\/\/www.radiopiu.net\/wordpress\/i-racconti-di-paolo-soppelsa\/\">I racconti di Paolo Soppelsa<\/a><\/p><\/blockquote>\n<p><iframe loading=\"lazy\" class=\"wp-embedded-content\" sandbox=\"allow-scripts\" security=\"restricted\" style=\"position: absolute; clip: rect(1px, 1px, 1px, 1px);\" title=\"&#8220;I racconti di Paolo Soppelsa&#8221; &#8212; Radio Pi\u00f9\" src=\"https:\/\/www.radiopiu.net\/wordpress\/i-racconti-di-paolo-soppelsa\/embed\/#?secret=Mb4TAGMlCr\" data-secret=\"Mb4TAGMlCr\" width=\"600\" height=\"338\" frameborder=\"0\" marginwidth=\"0\" marginheight=\"0\" scrolling=\"no\"><\/iframe><\/p>\n<p>&nbsp;<\/p>\n<\/div>\n<\/div>\n<hr \/>\n<p>&nbsp;<\/p>\n<p>&nbsp;<\/p>\n<\/div>\n<blockquote>\n<blockquote>\n<h2><a href=\"https:\/\/www.radiopiu.net\/wordpress\/speciale-solidarieta-veneto\/solidarieta-veneto-3\/\" rel=\"attachment wp-att-134366\"><img loading=\"lazy\" decoding=\"async\" class=\"wp-image-134366 alignleft\" src=\"https:\/\/www.radiopiu.net\/wordpress\/wp-content\/uploads\/2020\/05\/solidariet\u00e0-veneto-300x210.jpg\" alt=\"\" width=\"102\" height=\"71\" srcset=\"https:\/\/www.radiopiu.net\/wordpress\/wp-content\/uploads\/2020\/05\/solidariet\u00e0-veneto-300x210.jpg 300w, https:\/\/www.radiopiu.net\/wordpress\/wp-content\/uploads\/2020\/05\/solidariet\u00e0-veneto-1024x717.jpg 1024w, https:\/\/www.radiopiu.net\/wordpress\/wp-content\/uploads\/2020\/05\/solidariet\u00e0-veneto-768x538.jpg 768w, https:\/\/www.radiopiu.net\/wordpress\/wp-content\/uploads\/2020\/05\/solidariet\u00e0-veneto.jpg 1373w\" sizes=\"auto, (max-width: 102px) 100vw, 102px\" \/><\/a>SOLIDARIETA&#8217; VENETO FONDO PENSIONE, IN ONDA IL PRIMO VENERDI DEL MESE ALLE 10.30 E ALLE 19.00 QUINTA STAGIONE<\/h2>\n<\/blockquote>\n<h2><strong><span style=\"color: #ff0000;\">AUDIO MAGGIO 2021<\/span><\/strong><\/h2>\n<\/blockquote>\n<div>\n<audio class=\"wp-audio-shortcode\" id=\"audio-211050-20\" preload=\"none\" style=\"width: 100%;\" controls=\"controls\"><source type=\"audio\/mpeg\" src=\"https:\/\/www.radiopiu.net\/wordpress\/wp-content\/uploads\/2021\/05\/solidarieta-veneto-maggio-2021.mp3?_=20\" \/><a href=\"https:\/\/www.radiopiu.net\/wordpress\/wp-content\/uploads\/2021\/05\/solidarieta-veneto-maggio-2021.mp3\">https:\/\/www.radiopiu.net\/wordpress\/wp-content\/uploads\/2021\/05\/solidarieta-veneto-maggio-2021.mp3<\/a><\/audio>\n<\/div>\n<h2>LA RACCOLTA COMPLETA<\/h2>\n<blockquote class=\"wp-embedded-content\" data-secret=\"p0aBlfCIuL\"><p><a href=\"https:\/\/www.radiopiu.net\/wordpress\/solidarieta-veneto\/\">Solidariet\u00e0 Veneto<\/a><\/p><\/blockquote>\n<p><iframe loading=\"lazy\" class=\"wp-embedded-content\" sandbox=\"allow-scripts\" security=\"restricted\" style=\"position: absolute; clip: rect(1px, 1px, 1px, 1px);\" title=\"&#8220;Solidariet\u00e0 Veneto&#8221; &#8212; Radio Pi\u00f9\" src=\"https:\/\/www.radiopiu.net\/wordpress\/solidarieta-veneto\/embed\/#?secret=p0aBlfCIuL\" data-secret=\"p0aBlfCIuL\" width=\"600\" height=\"338\" frameborder=\"0\" marginwidth=\"0\" marginheight=\"0\" scrolling=\"no\"><\/iframe><\/p>\n<blockquote>\n<h2><\/h2>\n<h2><\/h2>\n<\/blockquote>\n<div>\n<hr \/>\n<\/div>\n<hr \/>\n<div class=\"page-title-head hgroup\">\n<div>\n<p>&nbsp;<\/p>\n<p><strong><span style=\"color: #0000ff;\"><img loading=\"lazy\" decoding=\"async\" class=\"alignleft\" src=\"https:\/\/www.radiopiu.net\/wordpress\/wp-content\/uploads\/2021\/03\/db631d3b-7003-47af-8b77-6f8cbe83c59b.jpg\" width=\"95\" height=\"39\" \/><\/span><\/strong><\/p>\n<blockquote>\n<h2>LA RACCOLTA COMPLETA<\/h2>\n<\/blockquote>\n<blockquote class=\"wp-embedded-content\" data-secret=\"orquDdLVv0\"><p><a href=\"https:\/\/www.radiopiu.net\/wordpress\/agora-agordina-la-nosta-piaza\/\">AGORA&#8217; AGORDINA&#8230; LA NOSTA PIAZA LADINA RACCOLTA COMPLETA PRIMA STAGIONE<\/a><\/p><\/blockquote>\n<p><iframe loading=\"lazy\" class=\"wp-embedded-content\" sandbox=\"allow-scripts\" security=\"restricted\" style=\"position: absolute; clip: rect(1px, 1px, 1px, 1px);\" title=\"&#8220;AGORA&#8217; AGORDINA&#8230; LA NOSTA PIAZA LADINA RACCOLTA COMPLETA PRIMA STAGIONE&#8221; &#8212; Radio Pi\u00f9\" src=\"https:\/\/www.radiopiu.net\/wordpress\/agora-agordina-la-nosta-piaza\/embed\/#?secret=orquDdLVv0\" data-secret=\"orquDdLVv0\" width=\"600\" height=\"338\" frameborder=\"0\" marginwidth=\"0\" marginheight=\"0\" scrolling=\"no\"><\/iframe><\/p>\n<p>&nbsp;<\/p>\n<div class=\"b654a4as d2edcug0\">\n<div dir=\"auto\">\n<h1><\/h1>\n<hr \/>\n<p>&nbsp;<\/p>\n<div>\n<h2><strong>LE\u00a0 PUNTATE di Luisa Alchini di Leggermente Bellunesi, la domenica alle 11, <span style=\"color: #0000ff;\">IL MARTEDI IN PRIMA EDIZIONE\u00a0<\/span> alle 10.30 e alle 19.00<\/strong><\/h2>\n<\/div>\n<div>\n<blockquote class=\"wp-embedded-content\" data-secret=\"3D0SdvrdUf\"><p><a href=\"https:\/\/www.radiopiu.net\/wordpress\/leggermente-20\/\">LEGGERmente&#8230;Bellunesi<\/a><\/p><\/blockquote>\n<p><iframe loading=\"lazy\" class=\"wp-embedded-content\" sandbox=\"allow-scripts\" security=\"restricted\" style=\"position: absolute; clip: rect(1px, 1px, 1px, 1px);\" title=\"&#8220;LEGGERmente&#8230;Bellunesi&#8221; &#8212; Radio Pi\u00f9\" src=\"https:\/\/www.radiopiu.net\/wordpress\/leggermente-20\/embed\/#?secret=3D0SdvrdUf\" data-secret=\"3D0SdvrdUf\" width=\"600\" height=\"338\" frameborder=\"0\" marginwidth=\"0\" marginheight=\"0\" scrolling=\"no\"><\/iframe><\/p>\n<\/div>\n<\/div>\n<p>&nbsp;<\/p>\n<hr \/>\n<blockquote>\n<h3><a style=\"font-size: 14px; font-weight: normal;\" href=\"https:\/\/www.radiopiu.net\/wordpress\/giornale-radiopiu-06-febbraio-2019-direttore-mirko-mezzacasa\/logo_spi-cgil-800x445\/\" rel=\"attachment wp-att-75538\"><img loading=\"lazy\" decoding=\"async\" class=\"wp-image-75538 alignleft\" src=\"https:\/\/www.radiopiu.net\/wordpress\/wp-content\/uploads\/2019\/02\/Logo_Spi-CGIL-800x445-300x167.jpg\" alt=\"\" width=\"210\" height=\"117\" srcset=\"https:\/\/www.radiopiu.net\/wordpress\/wp-content\/uploads\/2019\/02\/Logo_Spi-CGIL-800x445-300x167.jpg 300w, https:\/\/www.radiopiu.net\/wordpress\/wp-content\/uploads\/2019\/02\/Logo_Spi-CGIL-800x445-768x427.jpg 768w, https:\/\/www.radiopiu.net\/wordpress\/wp-content\/uploads\/2019\/02\/Logo_Spi-CGIL-800x445.jpg 800w\" sizes=\"auto, (max-width: 210px) 100vw, 210px\" \/><\/a><\/h3>\n<\/blockquote>\n<blockquote>\n<h3>ALLA RADIO, APPUNTAMENTO QUINDICINALE CON SPI-CGIL BELLUNO, IN STUDIO MARIA RITA GENTILIN<\/h3>\n<\/blockquote>\n<p><strong>di Claudio Fontanive\u00a0<\/strong><\/p>\n<p><span style=\"color: #ff0000;\"><strong>PUNTATA DEL 29 APRILE 2021<br \/>\n<\/strong><\/span><\/p>\n<audio class=\"wp-audio-shortcode\" id=\"audio-211050-21\" preload=\"none\" style=\"width: 100%;\" controls=\"controls\"><source type=\"audio\/mpeg\" src=\"https:\/\/www.radiopiu.net\/wordpress\/wp-content\/uploads\/2021\/04\/spi-cgil-28-aprile.mp3?_=21\" \/><a href=\"https:\/\/www.radiopiu.net\/wordpress\/wp-content\/uploads\/2021\/04\/spi-cgil-28-aprile.mp3\">https:\/\/www.radiopiu.net\/wordpress\/wp-content\/uploads\/2021\/04\/spi-cgil-28-aprile.mp3<\/a><\/audio>\n<p>&nbsp;<\/p>\n<h2><\/h2>\n<\/div>\n<hr \/>\n<\/div>\n<p>&nbsp;<\/p>\n<p><a href=\"https:\/\/www.radiopiu.net\/wordpress\/giornale-radiopiu-26-settembre-2018-direttore-mirko-mezzacasa\/viabilita-2\/\" rel=\"attachment wp-att-61954\"><img loading=\"lazy\" decoding=\"async\" class=\"wp-image-61954 size-full aligncenter\" src=\"https:\/\/www.radiopiu.net\/wordpress\/wp-content\/uploads\/2018\/09\/viabilita.jpeg\" alt=\"\" width=\"800\" height=\"100\" srcset=\"https:\/\/www.radiopiu.net\/wordpress\/wp-content\/uploads\/2018\/09\/viabilita.jpeg 800w, https:\/\/www.radiopiu.net\/wordpress\/wp-content\/uploads\/2018\/09\/viabilita-300x38.jpeg 300w, https:\/\/www.radiopiu.net\/wordpress\/wp-content\/uploads\/2018\/09\/viabilita-768x96.jpeg 768w\" sizes=\"auto, (max-width: 800px) 100vw, 800px\" \/><\/a><\/p>\n<blockquote><p><a href=\"https:\/\/www.radiopiu.net\/wordpress\/giornale-radiopiu-09-agosto-2018-direttore-mirko-mezzacasa\/viabilia\/\" rel=\"attachment wp-att-57053\"><img loading=\"lazy\" decoding=\"async\" class=\" wp-image-57053 alignleft\" src=\"https:\/\/www.radiopiu.net\/wordpress\/wp-content\/uploads\/2018\/08\/VIABILIA-300x180.jpeg\" alt=\"\" width=\"220\" height=\"132\" srcset=\"https:\/\/www.radiopiu.net\/wordpress\/wp-content\/uploads\/2018\/08\/VIABILIA-300x180.jpeg 300w, https:\/\/www.radiopiu.net\/wordpress\/wp-content\/uploads\/2018\/08\/VIABILIA-768x461.jpeg 768w, https:\/\/www.radiopiu.net\/wordpress\/wp-content\/uploads\/2018\/08\/VIABILIA-1024x614.jpeg 1024w, https:\/\/www.radiopiu.net\/wordpress\/wp-content\/uploads\/2018\/08\/VIABILIA.jpeg 1280w\" sizes=\"auto, (max-width: 220px) 100vw, 220px\" \/><\/a>La viabilit\u00e0 con gli ultimi aggiornamenti da Veneto Strade.<\/p>\n<p><span style=\"color: #ff0000;\"><strong>in onda alla radio: 4.05, 6.18, 14 30 , 18.30, 23.25\u00a0<\/strong><\/span><\/p><\/blockquote>\n<\/div>\n<div><\/div>\n<div><\/div>\n<div><\/div>\n<div><\/div>\n<div class=\"page-title-head hgroup\">\n<audio class=\"wp-audio-shortcode\" id=\"audio-211050-22\" preload=\"none\" style=\"width: 100%;\" controls=\"controls\"><source type=\"audio\/mpeg\" src=\"https:\/\/www.radiopiu.net\/wordpress\/wp-content\/uploads\/2021\/05\/VIABILITA-7.mp3?_=22\" \/><a href=\"https:\/\/www.radiopiu.net\/wordpress\/wp-content\/uploads\/2021\/05\/VIABILITA-7.mp3\">https:\/\/www.radiopiu.net\/wordpress\/wp-content\/uploads\/2021\/05\/VIABILITA-7.mp3<\/a><\/audio>\n<\/div>\n<\/div>\n<\/div>\n<\/div>\n<\/div>\n<p>&nbsp;<\/p>\n<\/div>\n<\/div>\n<hr \/>\n<p>&nbsp;<\/p>\n<\/div>\n<\/div>\n<div>\n<div class=\"page-title-head hgroup\">\n<div class=\"page-title-head hgroup\">\n<div dir=\"auto\">\n<p><a class=\"dt-pswp-item pspw-wrap-ready\" href=\"https:\/\/i0.wp.com\/www.radiopiu.net\/wordpress\/wp-content\/uploads\/2018\/09\/WhatsApp-Image-2018-09-20-at-16.04.06.jpeg?ssl=1\" data-dt-img-description=\"\" data-large_image_width=\"800\" data-large_image_height=\"100\"><img loading=\"lazy\" decoding=\"async\" class=\"aligncenter wp-image-61378 size-full jetpack-lazy-image jetpack-lazy-image--handled\" src=\"https:\/\/i0.wp.com\/www.radiopiu.net\/wordpress\/wp-content\/uploads\/2018\/09\/WhatsApp-Image-2018-09-20-at-16.04.06.jpeg?resize=800%2C100&amp;ssl=1\" sizes=\"auto, (max-width: 800px) 100vw, 800px\" srcset=\"https:\/\/i0.wp.com\/www.radiopiu.net\/wordpress\/wp-content\/uploads\/2018\/09\/WhatsApp-Image-2018-09-20-at-16.04.06.jpeg?w=800&amp;ssl=1 800w, https:\/\/i0.wp.com\/www.radiopiu.net\/wordpress\/wp-content\/uploads\/2018\/09\/WhatsApp-Image-2018-09-20-at-16.04.06.jpeg?resize=300%2C38&amp;ssl=1 300w, https:\/\/i0.wp.com\/www.radiopiu.net\/wordpress\/wp-content\/uploads\/2018\/09\/WhatsApp-Image-2018-09-20-at-16.04.06.jpeg?resize=768%2C96&amp;ssl=1 768w\" alt=\"\" width=\"800\" height=\"100\" data-lazy-loaded=\"1\" \/><\/a><\/p>\n<p>&nbsp;<\/p>\n<p><b>Sabato 22<\/b> <b>Tempo atteso: <\/b>Nuvolosit\u00e0 irregolare con brevi tratti parzialmente soleggiati, alternati a nuvolosit\u00e0 stratiforme e cumuliforme anche consistente.<br \/>\n<b>Precipitazioni: <\/b>Al mattino probabilit\u00e0 medio-bassa (25-50%) di modeste precipitazioni da locali a sparse; nel pomeriggio le precipitazioni saranno pi\u00f9 probabili e diffuse (50-75%) anche di moderata intensit\u00e0, con qualche rovescio specie sulle Prealpi. La quota neve sar\u00e0 intorno ai 2000-2300 m.<br \/>\n<b>Temperature: <\/b>Temperature minime in aumento e massime in calo. Su Prealpi a 1500 m min 4\u00b0C max 8\u00b0C, a 2000 m min 1\u00b0C max 5\u00b0C. Su Dolomiti a 2000 m min 1\u00b0C max 5\u00b0C, a 3000 m min -5\u00b0C max -2\u00b0C.<br \/>\n<b>Venti: <\/b>Nelle valli deboli a regime di brezza, a tratti localmente moderati; in quota ancora tesi o forti da sud-ovest, specie sulle vette prealpine e sulle cime dolomitiche pi\u00f9 alte, a 20-40 km\/h a 2000 m e a 40-60 km\/h a 3000 m.<\/p>\n<hr \/>\n<p><b>Domenica 23<\/b> <b>Tempo atteso: <\/b>Cielo molto nuvoloso o coperto con qualche temporanea e parziale schiarita, specie sulle zone prealpine.<br \/>\n<b>Precipitazioni: <\/b>Perlopi\u00f9 deboli e intermittenti, localmente anche a carattere di rovescio. La quota delle nevicate sar\u00e0 di circa 2000-2300 m al mattino e 2400-2600 m al pomeriggio.<br \/>\n<b>Temperature: <\/b>Senza variazioni di rilievo. Su Prealpi a 1500 m min 5\u00b0C max 8\u00b0C, a 2000 m min 2\u00b0C max 5\u00b0C. Su Dolomiti a 2000 m min 2\u00b0C max 5\u00b0C, a 3000 m min -5\u00b0C max -3\u00b0C.<br \/>\n<b>Venti: <\/b>Venti deboli di direzione variabile nelle valli, moderati o tesi da sud-ovest in quota in parziale attenuazione nel pomeriggio, a 10-25 km\/h a 2000 m e a 25-40 km\/h a 3000 m.<\/p>\n<hr \/>\n<p><b>Lunedi 24<\/b>Nuvolosit\u00e0 irregolare con presenza di nubi stratiformi; le precipitazioni saranno deboli a tratti moderate, intermittenti da locali a sparse e con quantitativi complessivamente modesti, nevosi oltre i 2300-2600 m; possibili parziali schiarite nel corso della giornata, specie nel pomeriggio. Temperature minime in lieve aumento, massime in diminuzione. Venti in quota moderati o tesi sud-occidentali.<\/p>\n<hr \/>\n<p><b>Martedi 25<\/b>Cielo generalmente poco o parzialmente nuvoloso al mattino con tratti soleggiati, alternati ad annuvolamenti soprattutto di tipo cumuliforme specie dalle ore centrali, con aumento della probabilit\u00e0 di precipitazioni fino a medio-alta per fenomeni anche a carattere di rovescio o di temporale, nevosi oltre i 2400-2600 m. Temperature minime in diminuzione, massime in aumento. Venti in quota ancora moderati a tratti tesi da sud-ovest.<\/p>\n<p>&nbsp;<\/p>\n<\/div>\n<hr \/>\n<p>&nbsp;<\/p>\n<div dir=\"auto\">\n<p><a href=\"https:\/\/www.radiopiu.net\/wordpress\/giornale-radiopiu-15-settembre-2018-direttore-mirko-mezzacasa\/sport-7\/\" rel=\"attachment wp-att-60761\"><img loading=\"lazy\" decoding=\"async\" class=\"aligncenter wp-image-60761 size-full\" src=\"https:\/\/www.radiopiu.net\/wordpress\/wp-content\/uploads\/2018\/09\/sport.jpg\" alt=\"\" width=\"800\" height=\"100\" srcset=\"https:\/\/www.radiopiu.net\/wordpress\/wp-content\/uploads\/2018\/09\/sport.jpg 800w, https:\/\/www.radiopiu.net\/wordpress\/wp-content\/uploads\/2018\/09\/sport-300x38.jpg 300w, https:\/\/www.radiopiu.net\/wordpress\/wp-content\/uploads\/2018\/09\/sport-768x96.jpg 768w\" sizes=\"auto, (max-width: 800px) 100vw, 800px\" \/><\/a><\/p>\n<\/div>\n<\/div>\n<\/div>\n<p>&nbsp;<\/p>\n<blockquote>\n<h3>36\u00b0 RALLY BELLUNESE, UNA CORSA NEL SEGNO DELLA TRADIZIONE<\/h3>\n<\/blockquote>\n<p><strong><a href=\"https:\/\/www.radiopiu.net\/wordpress\/36-rally-bellunese-una-corsa-nel-segno-della-tradizione\/foto_cs13\/\" rel=\"attachment wp-att-211206\"><img loading=\"lazy\" decoding=\"async\" class=\"size-medium wp-image-211206 alignleft\" src=\"https:\/\/www.radiopiu.net\/wordpress\/wp-content\/uploads\/2021\/05\/foto_CS13-300x225.jpeg\" alt=\"\" width=\"300\" height=\"225\" srcset=\"https:\/\/www.radiopiu.net\/wordpress\/wp-content\/uploads\/2021\/05\/foto_CS13-300x225.jpeg 300w, https:\/\/www.radiopiu.net\/wordpress\/wp-content\/uploads\/2021\/05\/foto_CS13-1024x768.jpeg 1024w, https:\/\/www.radiopiu.net\/wordpress\/wp-content\/uploads\/2021\/05\/foto_CS13-768x576.jpeg 768w, https:\/\/www.radiopiu.net\/wordpress\/wp-content\/uploads\/2021\/05\/foto_CS13-1536x1152.jpeg 1536w, https:\/\/www.radiopiu.net\/wordpress\/wp-content\/uploads\/2021\/05\/foto_CS13-2048x1536.jpeg 2048w\" sizes=\"auto, (max-width: 300px) 100vw, 300px\" \/><\/a>BELLUNO<\/strong><\/p>\n<p>di Roberto Bona<\/p>\n<audio class=\"wp-audio-shortcode\" id=\"audio-211050-23\" preload=\"none\" style=\"width: 100%;\" controls=\"controls\"><source type=\"audio\/mpeg\" src=\"https:\/\/www.radiopiu.net\/wordpress\/wp-content\/uploads\/2021\/05\/ROBERTO-BONA-RALLY-BELLUNESE-PER-SITO.mp3?_=23\" \/><a href=\"https:\/\/www.radiopiu.net\/wordpress\/wp-content\/uploads\/2021\/05\/ROBERTO-BONA-RALLY-BELLUNESE-PER-SITO.mp3\">https:\/\/www.radiopiu.net\/wordpress\/wp-content\/uploads\/2021\/05\/ROBERTO-BONA-RALLY-BELLUNESE-PER-SITO.mp3<\/a><\/audio>\n<p>&nbsp;<\/p>\n<p>&nbsp;<\/p>\n<hr \/>\n<p>&nbsp;<\/p>\n<blockquote>\n<h3>ESORDIO CON SCONFITTA PER LA NAZIONALE DI HOCKEY SU GHIACCIO AI MONDIALI DI RIGA<\/h3>\n<\/blockquote>\n<p class=\"null\"><a href=\"https:\/\/www.radiopiu.net\/wordpress\/giornale-radiopiu-22-maggio-2021-direttore-mirko-mezzacasa\/itager-deluca\/\" rel=\"attachment wp-att-211264\"><img loading=\"lazy\" decoding=\"async\" class=\"size-medium wp-image-211264 alignleft\" src=\"https:\/\/www.radiopiu.net\/wordpress\/wp-content\/uploads\/2021\/05\/itager-deluca-300x190.jpg\" alt=\"\" width=\"300\" height=\"190\" srcset=\"https:\/\/www.radiopiu.net\/wordpress\/wp-content\/uploads\/2021\/05\/itager-deluca-300x190.jpg 300w, https:\/\/www.radiopiu.net\/wordpress\/wp-content\/uploads\/2021\/05\/itager-deluca-1024x647.jpg 1024w, https:\/\/www.radiopiu.net\/wordpress\/wp-content\/uploads\/2021\/05\/itager-deluca-768x485.jpg 768w, https:\/\/www.radiopiu.net\/wordpress\/wp-content\/uploads\/2021\/05\/itager-deluca-1536x970.jpg 1536w, https:\/\/www.radiopiu.net\/wordpress\/wp-content\/uploads\/2021\/05\/itager-deluca.jpg 1920w\" sizes=\"auto, (max-width: 300px) 100vw, 300px\" \/><\/a>Dura un tempo il sogno dell\u2019Italia di fermare la Germania. Gli azzurri pareggiano due frazioni su tre contro i tedeschi, ma pagano gli errori di inesperienza nel secondo parziale e devono arrendersi 9-4. Il Blue Team non segnava quattro reti in una partita del Mondiale Top Division dal 2007, quando l\u2019Italia si impose 4-3 sulla Lettonia. Da segnalare l\u2019infortunio occorso a fine secondo tempo a Marco Rosa, che non ha potuto terminare il match. Su di lui una brutta carica da tergo da parte di Jonas M\u00fcller, punito con una penalit\u00e0 partita. Premiato a fine match come miglior giocatore azzurro l\u2019attaccante Luca Frigo, autore della rete del temporaneo 1-2 e dell\u2019assist sulla quarta marcatura di Frank. Due dei quattro gol dell\u2019Italia sono arrivati in situazione di superiorit\u00e0 numerica. Oggi la nazionale avr\u00e0 a disposizione un giorno di riposo prima di tornare in pista con due partite in poco pi\u00f9 di 24 ore contro Norvegia (domenica alle 11.15) e Lettonia (luned\u00ec alle 16.15).<\/p>\n<\/div>\n<\/div>\n","protected":false},"excerpt":{"rendered":"<p>&nbsp; PER\u00a0RICEVERE QUESTO NOTIZIARIO DIRETTAMENTE SUL TUO CELLULARE ISCRIVITI AL CANALE TELEGRAM\u00a0\u201cRADIO PIU\u00a0 INFORMAZIONE\u201d\u00a0 \u00a0\u00a0 &nbsp; &nbsp; APP PER IOS-IPHONE di Nicola Vettorello https:\/\/apps.apple.com\/it\/app\/radio-pi%C3%B9-emittente-agordina\/id1515939845 ATTENZIONE: LA NUOVA APP RADIO\u00a0 PER ANDROID di Nicola Vettorello https:\/\/play.google.com\/store\/apps\/details?id=net.radiopiu.iniko &nbsp; &nbsp; &nbsp; &nbsp; IN OCCASIONE DEL PASSAGGIO DEL GIRO D&#8217;ITALIA AD ARABBA E LIVINALLONGO (LUNEDI) IL SINDACO HA ORDINATO&hellip;<\/p>\n","protected":false},"author":4,"featured_media":211227,"comment_status":"closed","ping_status":"open","sticky":false,"template":"","format":"standard","meta":{"_monsterinsights_skip_tracking":false,"_monsterinsights_sitenote_active":false,"_monsterinsights_sitenote_note":"","_monsterinsights_sitenote_category":0,"footnotes":""},"categories":[1],"tags":[],"class_list":["post-211050","post","type-post","status-publish","format-standard","has-post-thumbnail","hentry","category-senza-categoria","category-1","description-off"],"img_url":"https:\/\/www.radiopiu.net\/wordpress\/wp-content\/uploads\/2021\/05\/0c92f97e-4bda-41d9-84a5-c4f4dd37e179.jpg","_links":{"self":[{"href":"https:\/\/www.radiopiu.net\/wordpress\/wp-json\/wp\/v2\/posts\/211050","targetHints":{"allow":["GET"]}}],"collection":[{"href":"https:\/\/www.radiopiu.net\/wordpress\/wp-json\/wp\/v2\/posts"}],"about":[{"href":"https:\/\/www.radiopiu.net\/wordpress\/wp-json\/wp\/v2\/types\/post"}],"author":[{"embeddable":true,"href":"https:\/\/www.radiopiu.net\/wordpress\/wp-json\/wp\/v2\/users\/4"}],"replies":[{"embeddable":true,"href":"https:\/\/www.radiopiu.net\/wordpress\/wp-json\/wp\/v2\/comments?post=211050"}],"version-history":[{"count":0,"href":"https:\/\/www.radiopiu.net\/wordpress\/wp-json\/wp\/v2\/posts\/211050\/revisions"}],"wp:featuredmedia":[{"embeddable":true,"href":"https:\/\/www.radiopiu.net\/wordpress\/wp-json\/wp\/v2\/media\/211227"}],"wp:attachment":[{"href":"https:\/\/www.radiopiu.net\/wordpress\/wp-json\/wp\/v2\/media?parent=211050"}],"wp:term":[{"taxonomy":"category","embeddable":true,"href":"https:\/\/www.radiopiu.net\/wordpress\/wp-json\/wp\/v2\/categories?post=211050"},{"taxonomy":"post_tag","embeddable":true,"href":"https:\/\/www.radiopiu.net\/wordpress\/wp-json\/wp\/v2\/tags?post=211050"}],"curies":[{"name":"wp","href":"https:\/\/api.w.org\/{rel}","templated":true}]}}