{"id":211193,"date":"2021-05-21T16:35:01","date_gmt":"2021-05-21T14:35:01","guid":{"rendered":"https:\/\/www.radiopiu.net\/wordpress\/?p=211193"},"modified":"2021-05-21T16:35:03","modified_gmt":"2021-05-21T14:35:03","slug":"dal-27-al-30-maggio-la-prima-edizione-del-dolomiti-film-festival-festival-internazionale-cinema-natura-ambiente-montagna","status":"publish","type":"post","link":"https:\/\/www.radiopiu.net\/wordpress\/dal-27-al-30-maggio-la-prima-edizione-del-dolomiti-film-festival-festival-internazionale-cinema-natura-ambiente-montagna\/","title":{"rendered":"DAL 27 AL 30 MAGGIO LA PRIMA EDIZIONE DEL &#8220;DOLOMITI FILM FESTIVAL&#8221;, FESTIVAL INTERNAZIONALE CINEMA NATURA, AMBIENTE, MONTAGNA"},"content":{"rendered":"<p><strong><a href=\"https:\/\/www.radiopiu.net\/wordpress\/dal-27-al-30-maggio-la-prima-edizione-del-dolomiti-film-festival-festival-internazionale-cinema-natura-ambiente-montagna\/dolomiti-film-festival-immagine-con-loghi\/\" rel=\"attachment wp-att-211196\"><img loading=\"lazy\" decoding=\"async\" class=\"size-medium wp-image-211196 alignleft\" src=\"https:\/\/www.radiopiu.net\/wordpress\/wp-content\/uploads\/2021\/05\/Dolomiti-Film-Festival-Immagine-con-loghi-300x191.jpeg\" alt=\"\" width=\"300\" height=\"191\" srcset=\"https:\/\/www.radiopiu.net\/wordpress\/wp-content\/uploads\/2021\/05\/Dolomiti-Film-Festival-Immagine-con-loghi-300x191.jpeg 300w, https:\/\/www.radiopiu.net\/wordpress\/wp-content\/uploads\/2021\/05\/Dolomiti-Film-Festival-Immagine-con-loghi.jpeg 640w\" sizes=\"auto, (max-width: 300px) 100vw, 300px\" \/><\/a>FALCADE &#8211; ALLEGHE<\/strong> L\u2019Unione Montana Agordina, cuore pulsante della montagna bellunese, costituita da sedici Comuni sovrastati da montagne simbolo delle Dolomiti come Marmolada, Civetta e Focobon, danno il benvenuto alla prima edizione del DOLOMITI FILM FESTIVAL, che si svolger\u00e0 tra Alleghe e Falcade oltre che in modalit\u00e0 streaming, dal 27 al 30 maggio. Il Festival \u00e8 realizzato grazie al Bando Buone Pratiche, Rassegne e Festival promosso da MIC e MIUR all\u2019interno del Piano Nazionale Cinema per la Scuola 2019\/2020. E\u2019 un evento nuovo, un festival del cinema internazionale, finalmente possibile in questa fase post pandemia, incentrato su tematiche ambientali come: natura, ambiente e montagna. Pensato per i giovani, grazie al concorso dedicato alle scuole che ha interessato gli studenti degli istituti nazionali\u00a0 di istruzione secondaria. I ragazzi hanno realizzato video a tematica ambientale che verranno valutati da un\u2019apposita giuria di studenti dell\u2019Istituto Comprensivo di Cencenighe Agordino. Il DFF prevede inoltre un concorso internazionale dedicato ai cineasti di tutto il mondo, focalizzato sui cortometraggi di finzione della durata massima di 15\u2019, e sui documentari sotto i 30\u2019, dedicati alle tematiche dell\u2019ambiente e della montagna. Dolomiti Film Festival ha ricevuto oltre trecento cortometraggi e documentari provenienti da 43 nazioni differenti, selezionando una ventina di opere. Il Festival porta con s\u00e9 serate evento, incentrate sulla cultura della montagna con ospiti che sono riconosciuti come protagonisti della cultura alpina e ambientale. Una grande opportunit\u00e0, che l\u2019intera comunit\u00e0 agordina ha saputo cogliere, dando massimo supporto agli organizzatori dell\u2019evento Federico Massa di \u00a0Gooliver e Tommaso Brugin di Settimo Binario. L\u2019evento \u00e8 ad entrata libera secondo le norme vigenti in fatto di Covid e si svolger\u00e0 secondo il programma allegato ed \u00e8 aperto a tutti gli appassionati di montagne. Il DFF, \u00e8 un progetto vincitore del Bando MIUR MIC \u201cBuone Pratiche, Rassegne e Festival\u201d, nell\u2019ambito del Piano Nazionale Cinema per la Scuola 2019\/2020. L\u2019iniziativa si avvale in particolare della collaborazione di Aku, Asi, Avilab, Unione Montana Agordina, Comune di Agordo, Comune di Alleghe, Comune di Falcade, PromoFalcade Dolomiti, Istituto Comprensivo di Cencenighe Agordino e Rete eventi &#8211; Provincia di Belluno. Vanta inoltre il patrocinio di Ministero della transizione ecologica, Regione Veneto, ARPAV, Fondazione Dolomiti Unesco e CAI di Agordo.<\/p>\n<p><strong>IL PROGRAMMA<\/strong><\/p>\n<a href=\"https:\/\/www.radiopiu.net\/wordpress\/wp-content\/uploads\/2021\/05\/DFF-PROGRAMMA.pdf\" class=\"pdfemb-viewer\" style=\"\" data-width=\"max\" data-height=\"max\" data-toolbar=\"top\" data-toolbar-fixed=\"on\">DFF PROGRAMMA<\/a>\n<p>&nbsp;<\/p>\n<p>&nbsp;<\/p>\n<p>&nbsp;<\/p>\n<p>****<\/p>\n","protected":false},"excerpt":{"rendered":"<p>FALCADE &#8211; ALLEGHE L\u2019Unione Montana Agordina, cuore pulsante della montagna bellunese, costituita da sedici Comuni sovrastati da montagne simbolo delle Dolomiti come Marmolada, Civetta e Focobon, danno il benvenuto alla prima edizione del DOLOMITI FILM FESTIVAL, che si svolger\u00e0 tra Alleghe e Falcade oltre che in modalit\u00e0 streaming, dal 27 al 30 maggio. Il Festival&hellip;<\/p>\n","protected":false},"author":4,"featured_media":211196,"comment_status":"closed","ping_status":"open","sticky":false,"template":"","format":"standard","meta":{"_monsterinsights_skip_tracking":false,"_monsterinsights_sitenote_active":false,"_monsterinsights_sitenote_note":"","_monsterinsights_sitenote_category":0,"footnotes":""},"categories":[49],"tags":[],"class_list":["post-211193","post","type-post","status-publish","format-standard","has-post-thumbnail","hentry","category-news-18","category-49","description-off"],"img_url":"https:\/\/www.radiopiu.net\/wordpress\/wp-content\/uploads\/2021\/05\/Dolomiti-Film-Festival-Immagine-con-loghi.jpeg","_links":{"self":[{"href":"https:\/\/www.radiopiu.net\/wordpress\/wp-json\/wp\/v2\/posts\/211193","targetHints":{"allow":["GET"]}}],"collection":[{"href":"https:\/\/www.radiopiu.net\/wordpress\/wp-json\/wp\/v2\/posts"}],"about":[{"href":"https:\/\/www.radiopiu.net\/wordpress\/wp-json\/wp\/v2\/types\/post"}],"author":[{"embeddable":true,"href":"https:\/\/www.radiopiu.net\/wordpress\/wp-json\/wp\/v2\/users\/4"}],"replies":[{"embeddable":true,"href":"https:\/\/www.radiopiu.net\/wordpress\/wp-json\/wp\/v2\/comments?post=211193"}],"version-history":[{"count":0,"href":"https:\/\/www.radiopiu.net\/wordpress\/wp-json\/wp\/v2\/posts\/211193\/revisions"}],"wp:featuredmedia":[{"embeddable":true,"href":"https:\/\/www.radiopiu.net\/wordpress\/wp-json\/wp\/v2\/media\/211196"}],"wp:attachment":[{"href":"https:\/\/www.radiopiu.net\/wordpress\/wp-json\/wp\/v2\/media?parent=211193"}],"wp:term":[{"taxonomy":"category","embeddable":true,"href":"https:\/\/www.radiopiu.net\/wordpress\/wp-json\/wp\/v2\/categories?post=211193"},{"taxonomy":"post_tag","embeddable":true,"href":"https:\/\/www.radiopiu.net\/wordpress\/wp-json\/wp\/v2\/tags?post=211193"}],"curies":[{"name":"wp","href":"https:\/\/api.w.org\/{rel}","templated":true}]}}