{"id":211361,"date":"2021-05-24T05:25:30","date_gmt":"2021-05-24T03:25:30","guid":{"rendered":"https:\/\/www.radiopiu.net\/wordpress\/?p=211361"},"modified":"2021-05-24T05:37:57","modified_gmt":"2021-05-24T03:37:57","slug":"lunedi-il-passaggio-del-giro-ditalia-ad-agordo-le-raccomandazioni-del-sindaco-roberto-chissale","status":"publish","type":"post","link":"https:\/\/www.radiopiu.net\/wordpress\/lunedi-il-passaggio-del-giro-ditalia-ad-agordo-le-raccomandazioni-del-sindaco-roberto-chissale\/","title":{"rendered":"IL PASSAGGIO DEL GIRO D&#8217;ITALIA AD AGORDO. LE RACCOMANDAZIONI DEL SINDACO ROBERTO CHISSALE&#8217;"},"content":{"rendered":"<p><strong><a href=\"https:\/\/www.radiopiu.net\/wordpress\/odg-per-la-provincia-in-tutti-i-consigli-comunali-bard_zasso-e-chissale\/agordo-roberto-chissale-2\/\" rel=\"attachment wp-att-93612\"><img loading=\"lazy\" decoding=\"async\" class=\" wp-image-93612 alignleft\" src=\"https:\/\/www.radiopiu.net\/wordpress\/wp-content\/uploads\/2019\/07\/AGORDO-ROBERTO-CHISSALE-300x300.jpg\" alt=\"\" width=\"131\" height=\"131\" srcset=\"https:\/\/www.radiopiu.net\/wordpress\/wp-content\/uploads\/2019\/07\/AGORDO-ROBERTO-CHISSALE-300x300.jpg 300w, https:\/\/www.radiopiu.net\/wordpress\/wp-content\/uploads\/2019\/07\/AGORDO-ROBERTO-CHISSALE-150x150.jpg 150w, https:\/\/www.radiopiu.net\/wordpress\/wp-content\/uploads\/2019\/07\/AGORDO-ROBERTO-CHISSALE-768x768.jpg 768w, https:\/\/www.radiopiu.net\/wordpress\/wp-content\/uploads\/2019\/07\/AGORDO-ROBERTO-CHISSALE-1024x1024.jpg 1024w, https:\/\/www.radiopiu.net\/wordpress\/wp-content\/uploads\/2019\/07\/AGORDO-ROBERTO-CHISSALE.jpg 1600w\" sizes=\"auto, (max-width: 131px) 100vw, 131px\" \/><\/a>AGORDO<\/strong> Luned\u00ec il Giro D&#8217;Italia toccher\u00e0 l&#8217;Agordino ma soprattutto ad Agordo dove \u00e8 previsto tra l&#8217;altro anche il traguardo volante. Le strade verranno chiuse 2 ore e mezza prima del passaggio dei corridori (previsto per le 13:30) per questo il sindaco di Agordo Roberto Chissal\u00e8 chiede a tutti di portare pazienza.<\/p>\n<p><strong>IL SINDACO DI AGORDO ROBERTO CHISSALE&#8217;<\/strong><\/p>\n<audio class=\"wp-audio-shortcode\" id=\"audio-211361-1\" preload=\"none\" style=\"width: 100%;\" controls=\"controls\"><source type=\"audio\/mpeg\" src=\"https:\/\/www.radiopiu.net\/wordpress\/wp-content\/uploads\/2021\/05\/ROBERTO-CHISSALE-GIRO-ITALIA.mp3?_=1\" \/><a href=\"https:\/\/www.radiopiu.net\/wordpress\/wp-content\/uploads\/2021\/05\/ROBERTO-CHISSALE-GIRO-ITALIA.mp3\">https:\/\/www.radiopiu.net\/wordpress\/wp-content\/uploads\/2021\/05\/ROBERTO-CHISSALE-GIRO-ITALIA.mp3<\/a><\/audio>\n<p>&nbsp;<\/p>\n<p>&nbsp;<\/p>\n<p>&nbsp;<\/p>\n<p>****<\/p>\n","protected":false},"excerpt":{"rendered":"<p>AGORDO Luned\u00ec il Giro D&#8217;Italia toccher\u00e0 l&#8217;Agordino ma soprattutto ad Agordo dove \u00e8 previsto tra l&#8217;altro anche il traguardo volante. Le strade verranno chiuse 2 ore e mezza prima del passaggio dei corridori (previsto per le 13:30) per questo il sindaco di Agordo Roberto Chissal\u00e8 chiede a tutti di portare pazienza. IL SINDACO DI AGORDO&hellip;<\/p>\n","protected":false},"author":4,"featured_media":93612,"comment_status":"closed","ping_status":"open","sticky":false,"template":"","format":"standard","meta":{"_monsterinsights_skip_tracking":false,"_monsterinsights_sitenote_active":false,"_monsterinsights_sitenote_note":"","_monsterinsights_sitenote_category":0,"footnotes":""},"categories":[51,49],"tags":[],"class_list":["post-211361","post","type-post","status-publish","format-standard","has-post-thumbnail","hentry","category-evidenza-top","category-news-18","category-51","category-49","description-off"],"img_url":"https:\/\/www.radiopiu.net\/wordpress\/wp-content\/uploads\/2019\/07\/AGORDO-ROBERTO-CHISSALE.jpg","_links":{"self":[{"href":"https:\/\/www.radiopiu.net\/wordpress\/wp-json\/wp\/v2\/posts\/211361","targetHints":{"allow":["GET"]}}],"collection":[{"href":"https:\/\/www.radiopiu.net\/wordpress\/wp-json\/wp\/v2\/posts"}],"about":[{"href":"https:\/\/www.radiopiu.net\/wordpress\/wp-json\/wp\/v2\/types\/post"}],"author":[{"embeddable":true,"href":"https:\/\/www.radiopiu.net\/wordpress\/wp-json\/wp\/v2\/users\/4"}],"replies":[{"embeddable":true,"href":"https:\/\/www.radiopiu.net\/wordpress\/wp-json\/wp\/v2\/comments?post=211361"}],"version-history":[{"count":0,"href":"https:\/\/www.radiopiu.net\/wordpress\/wp-json\/wp\/v2\/posts\/211361\/revisions"}],"wp:featuredmedia":[{"embeddable":true,"href":"https:\/\/www.radiopiu.net\/wordpress\/wp-json\/wp\/v2\/media\/93612"}],"wp:attachment":[{"href":"https:\/\/www.radiopiu.net\/wordpress\/wp-json\/wp\/v2\/media?parent=211361"}],"wp:term":[{"taxonomy":"category","embeddable":true,"href":"https:\/\/www.radiopiu.net\/wordpress\/wp-json\/wp\/v2\/categories?post=211361"},{"taxonomy":"post_tag","embeddable":true,"href":"https:\/\/www.radiopiu.net\/wordpress\/wp-json\/wp\/v2\/tags?post=211361"}],"curies":[{"name":"wp","href":"https:\/\/api.w.org\/{rel}","templated":true}]}}