{"id":211365,"date":"2021-05-24T05:27:53","date_gmt":"2021-05-24T03:27:53","guid":{"rendered":"https:\/\/www.radiopiu.net\/wordpress\/?p=211365"},"modified":"2021-05-24T05:37:20","modified_gmt":"2021-05-24T03:37:20","slug":"anche-a-giugno-gli-operai-luxottica-di-agordo-saranno-chiamati-a-lavorare-di-sabato","status":"publish","type":"post","link":"https:\/\/www.radiopiu.net\/wordpress\/anche-a-giugno-gli-operai-luxottica-di-agordo-saranno-chiamati-a-lavorare-di-sabato\/","title":{"rendered":"ANCHE A GIUGNO GLI OPERAI LUXOTTICA DI AGORDO SARANNO CHIAMATI A LAVORARE DI SABATO"},"content":{"rendered":"<p><strong><a href=\"https:\/\/www.radiopiu.net\/wordpress\/da-oggi-aperte-le-iscrizioni-al-summer-camp-luxottica\/luxottica-notte\/\" rel=\"attachment wp-att-117391\"><img loading=\"lazy\" decoding=\"async\" class=\"size-medium wp-image-117391 alignleft\" src=\"https:\/\/www.radiopiu.net\/wordpress\/wp-content\/uploads\/2020\/02\/LUXOTTICA-NOTTE-300x225.jpg\" alt=\"\" width=\"300\" height=\"225\" srcset=\"https:\/\/www.radiopiu.net\/wordpress\/wp-content\/uploads\/2020\/02\/LUXOTTICA-NOTTE-300x225.jpg 300w, https:\/\/www.radiopiu.net\/wordpress\/wp-content\/uploads\/2020\/02\/LUXOTTICA-NOTTE-1024x768.jpg 1024w, https:\/\/www.radiopiu.net\/wordpress\/wp-content\/uploads\/2020\/02\/LUXOTTICA-NOTTE-768x576.jpg 768w, https:\/\/www.radiopiu.net\/wordpress\/wp-content\/uploads\/2020\/02\/LUXOTTICA-NOTTE-1536x1152.jpg 1536w, https:\/\/www.radiopiu.net\/wordpress\/wp-content\/uploads\/2020\/02\/LUXOTTICA-NOTTE-2048x1536.jpg 2048w\" sizes=\"auto, (max-width: 300px) 100vw, 300px\" \/><\/a>AGORDO<\/strong> Nelle ultime ore Luxottica ed RSU si sono incontrate per definire un piano di straordinario incentivato\/ flessibilit\u00e0. Le date previste saranno divise in 2 giornate in modo da poter attivare solo i turni di mattina. STRAORDINARIO INCENTIVATO si svolger\u00e0 nella data del 5 e 12 giugno e coinvolger\u00e0: Stamperia metallo e cnc, Saldatura metallo, Taglio Lenti, Magazzino, Stamperia iniettato, Finitura iniettato e Nastratura Iniettato. Per l&#8217;area dei trattamenti superficiali si \u00e8 convenuto che, per riequilibrare l&#8217;utilizzo degli istituti, saranno previste esclusivamente 2 giornate di straordinario incentivato (svolte sempre nel solo turno mattina) nelle giornate del 5 e 12 giugno ed in quelle del 19 e 26 giugno. FLESSIBILITA\u2019 POSITIVA si svolger\u00e0 nella data del 19 e 26 giugno e coinvolger\u00e0: Stamperia metallo e cnc, Saldatura metallo, Taglio Lenti, Magazzino, Stamperia iniettato, Finitura iniettato e Nastratura Iniettato. Finitura metallo e Ricambi lavoreranno sabato 26 giugno. La flessibilit\u00e0 coinvolger\u00e0 lavoratori a giornata, part-time pomeriggio e Verticale 2. Nei reparti a turno si torner\u00e0 a lavorare dalle 06.00 alle 12:00. Per la finitura l&#8217;orario di lavoro sar\u00e0 dalle 07:00 alle 13:00.<\/p>\n<p>&nbsp;<\/p>\n<p>&nbsp;<\/p>\n<p>&nbsp;<\/p>\n<p>****<\/p>\n","protected":false},"excerpt":{"rendered":"<p>AGORDO Nelle ultime ore Luxottica ed RSU si sono incontrate per definire un piano di straordinario incentivato\/ flessibilit\u00e0. Le date previste saranno divise in 2 giornate in modo da poter attivare solo i turni di mattina. STRAORDINARIO INCENTIVATO si svolger\u00e0 nella data del 5 e 12 giugno e coinvolger\u00e0: Stamperia metallo e cnc, Saldatura metallo,&hellip;<\/p>\n","protected":false},"author":4,"featured_media":117391,"comment_status":"closed","ping_status":"open","sticky":false,"template":"","format":"standard","meta":{"_monsterinsights_skip_tracking":false,"_monsterinsights_sitenote_active":false,"_monsterinsights_sitenote_note":"","_monsterinsights_sitenote_category":0,"footnotes":""},"categories":[51,49],"tags":[],"class_list":["post-211365","post","type-post","status-publish","format-standard","has-post-thumbnail","hentry","category-evidenza-top","category-news-18","category-51","category-49","description-off"],"img_url":"https:\/\/www.radiopiu.net\/wordpress\/wp-content\/uploads\/2020\/02\/LUXOTTICA-NOTTE-scaled.jpg","_links":{"self":[{"href":"https:\/\/www.radiopiu.net\/wordpress\/wp-json\/wp\/v2\/posts\/211365","targetHints":{"allow":["GET"]}}],"collection":[{"href":"https:\/\/www.radiopiu.net\/wordpress\/wp-json\/wp\/v2\/posts"}],"about":[{"href":"https:\/\/www.radiopiu.net\/wordpress\/wp-json\/wp\/v2\/types\/post"}],"author":[{"embeddable":true,"href":"https:\/\/www.radiopiu.net\/wordpress\/wp-json\/wp\/v2\/users\/4"}],"replies":[{"embeddable":true,"href":"https:\/\/www.radiopiu.net\/wordpress\/wp-json\/wp\/v2\/comments?post=211365"}],"version-history":[{"count":0,"href":"https:\/\/www.radiopiu.net\/wordpress\/wp-json\/wp\/v2\/posts\/211365\/revisions"}],"wp:featuredmedia":[{"embeddable":true,"href":"https:\/\/www.radiopiu.net\/wordpress\/wp-json\/wp\/v2\/media\/117391"}],"wp:attachment":[{"href":"https:\/\/www.radiopiu.net\/wordpress\/wp-json\/wp\/v2\/media?parent=211365"}],"wp:term":[{"taxonomy":"category","embeddable":true,"href":"https:\/\/www.radiopiu.net\/wordpress\/wp-json\/wp\/v2\/categories?post=211365"},{"taxonomy":"post_tag","embeddable":true,"href":"https:\/\/www.radiopiu.net\/wordpress\/wp-json\/wp\/v2\/tags?post=211365"}],"curies":[{"name":"wp","href":"https:\/\/api.w.org\/{rel}","templated":true}]}}