{"id":211418,"date":"2021-05-24T05:30:02","date_gmt":"2021-05-24T03:30:02","guid":{"rendered":"https:\/\/www.radiopiu.net\/wordpress\/?p=211418"},"modified":"2021-05-24T09:45:17","modified_gmt":"2021-05-24T07:45:17","slug":"giornale-radiopiu-24-maggio-2021-direttore-mirko-mezzacasa","status":"publish","type":"post","link":"https:\/\/www.radiopiu.net\/wordpress\/giornale-radiopiu-24-maggio-2021-direttore-mirko-mezzacasa\/","title":{"rendered":"GIORNALE RADIOPIU 24 MAGGIO 2021 DIRETTORE MIRKO MEZZACASA"},"content":{"rendered":"<h3><span style=\"color: #ff0000;\">LA TRAGEDIA\u00a0\u00a0<\/span><\/h3>\n<blockquote>\n<h2>MUORE IN SELLA ALLA SUA POTENTE MOTO &#8220;PAPA&#8217; VADO A FARE UN GIRO E TORNO PRESTO&#8230;&#8221;<\/h2>\n<\/blockquote>\n<p><a href=\"https:\/\/www.radiopiu.net\/wordpress\/giornale-radiopiu-24-maggio-2021-direttore-mirko-mezzacasa\/de3f0b33-76d6-4aee-8326-240c0dd7ee3d\/\" rel=\"attachment wp-att-211507\"><img loading=\"lazy\" decoding=\"async\" class=\" wp-image-211507 alignleft\" src=\"https:\/\/www.radiopiu.net\/wordpress\/wp-content\/uploads\/2021\/05\/de3f0b33-76d6-4aee-8326-240c0dd7ee3d-135x300.jpg\" alt=\"\" width=\"98\" height=\"218\" srcset=\"https:\/\/www.radiopiu.net\/wordpress\/wp-content\/uploads\/2021\/05\/de3f0b33-76d6-4aee-8326-240c0dd7ee3d-135x300.jpg 135w, https:\/\/www.radiopiu.net\/wordpress\/wp-content\/uploads\/2021\/05\/de3f0b33-76d6-4aee-8326-240c0dd7ee3d-461x1024.jpg 461w, https:\/\/www.radiopiu.net\/wordpress\/wp-content\/uploads\/2021\/05\/de3f0b33-76d6-4aee-8326-240c0dd7ee3d-768x1708.jpg 768w, https:\/\/www.radiopiu.net\/wordpress\/wp-content\/uploads\/2021\/05\/de3f0b33-76d6-4aee-8326-240c0dd7ee3d-691x1536.jpg 691w, https:\/\/www.radiopiu.net\/wordpress\/wp-content\/uploads\/2021\/05\/de3f0b33-76d6-4aee-8326-240c0dd7ee3d.jpg 921w\" sizes=\"auto, (max-width: 98px) 100vw, 98px\" \/><\/a><strong>BELLUNO<\/strong> Claudio\u00a0 Dal Pont,\u00a0 30enne di Castion \u00e8 morto nello schianto frontale. Era in sella alla sua Yamaha 1000 finita contro una Volkswagen a Lizzona, in comune di Ponte nelle Alpi. L&#8217;incidente ieri mattina alle 10\u00a0 e ha coinvolto anche una terza auto ferma allo stop. Feriti e sotto choc gli occupanti delle due vetture di Alpago e Padova.\u00a0<b> <\/b>L&#8217;eliambulanza \u00e8 arrivata sul posto in pochi minuti e ha subito iniziato a occuparsi del giovane, tentando di rianimarlo. Feriti una donna M.B. di Alpago,\u00a0 M.G., 56 anni\u00a0 entrambi dimessi. Ferito il\u00a0 P.V. 29 anni padovano per lesioni lievi e\u00a0 L.F passeggero dell&#8217;Audi illeso. Claudio lascia il \u00a0pap\u00e0 Dario e mamma Maria Teresa,\u00a0 la fidanzata, Mara Lise, e la compagna del padre, Claudia.<\/p>\n<p>&nbsp;<\/p>\n<p>&nbsp;<\/p>\n<p>&nbsp;<\/p>\n<p>&nbsp;<\/p>\n<hr \/>\n<p>&nbsp;<\/p>\n<h3><span style=\"color: #0000ff;\">PER<strong>\u00a0RICEVERE QUESTO NOTIZIARIO DIRETTAMENTE SUL TUO CELLULARE ISCRIVITI AL CANALE TELEGRAM\u00a0<\/strong><strong>\u201cRADIO PIU\u00a0 INFORMAZIONE\u201d\u00a0 \u00a0<\/strong><\/span><\/h3>\n<p>&nbsp;<\/p>\n<hr \/>\n<p>&nbsp;<\/p>\n<blockquote>\n<h3>COPPIA DI ANZIANI TRA LE FIAMME DELL&#8217;AUTO<\/h3>\n<\/blockquote>\n<p><strong><img loading=\"lazy\" decoding=\"async\" class=\"alignleft\" src=\"https:\/\/www.radiopiu.net\/wordpress\/wp-content\/uploads\/2021\/05\/caricamento-temporaneo-per-contributo-15494622588h0mu8kg558yd11b-721339.610x431.jpg\" width=\"172\" height=\"122\" \/>PONTE NELLE ALPI<\/strong> Ieri mattina a Cadola una station wagon alimentata a gas dopo l&#8217;impatto ha preso fuoco. All&#8217;interno\u00a0 una coppia di anziani di Ponte, N.L., 82 anni, e L.B., una donna 86 anni.\u00a0 La vettura\u00a0 \u00e8 finita fuori strada\u00a0 contro il muro di una casa\u00a0 quindi l&#8217;inendio nel vano motore. Immediato l&#8217;intervento dei\u00a0 vigili del fuoco\u00a0 \u00a0che hanno spento le fiamme evitando il propagarsi verso il serbatoio del gas. I due anziani sono stati portati al pronto soccorso di Belluno\u00a0 per accertamenti.<\/p>\n<p><strong>FOTO ARCHIVIO RADIO PIU<\/strong><\/p>\n<p>&nbsp;<\/p>\n<hr \/>\n<p>&nbsp;<\/p>\n<p>&nbsp;<\/p>\n<blockquote>\n<h3><a href=\"https:\/\/www.radiopiu.net\/wordpress\/giornale-radiopiu-24-maggio-2021-direttore-mirko-mezzacasa\/12122914_10204744260396375_4644355996979351155_n\/\" rel=\"attachment wp-att-211508\"><img loading=\"lazy\" decoding=\"async\" class=\"wp-image-211508 alignleft\" src=\"https:\/\/www.radiopiu.net\/wordpress\/wp-content\/uploads\/2021\/05\/12122914_10204744260396375_4644355996979351155_n-300x300.jpg\" alt=\"\" width=\"136\" height=\"136\" srcset=\"https:\/\/www.radiopiu.net\/wordpress\/wp-content\/uploads\/2021\/05\/12122914_10204744260396375_4644355996979351155_n-300x300.jpg 300w, https:\/\/www.radiopiu.net\/wordpress\/wp-content\/uploads\/2021\/05\/12122914_10204744260396375_4644355996979351155_n-150x150.jpg 150w, https:\/\/www.radiopiu.net\/wordpress\/wp-content\/uploads\/2021\/05\/12122914_10204744260396375_4644355996979351155_n.jpg 640w\" sizes=\"auto, (max-width: 136px) 100vw, 136px\" \/><\/a>MEANO IN LUTTO PER ILENIA<\/h3>\n<\/blockquote>\n<p><strong>SANTA GIUSTINA<\/strong> \u00a0comunit\u00e0 in lutto per la morte di Ilenia Paniz, 46 anni. La scomparsa annunciata dall&#8217;epigrafe con il ringraziamento all&#8217;hospice &#8220;Le Vette&#8221; e al reparto di Oncologia dell&#8217;ospedale di Feltre .L&#8217;ultimo saluto\u00a0 domani alle 10,30 nella chiesa parrocchiale di Meano.<\/p>\n<p>&nbsp;<\/p>\n<p>&nbsp;<\/p>\n<p>&nbsp;<\/p>\n<hr \/>\n<p><em><a href=\"https:\/\/www.radiopiu.net\/wordpress\/giornale-radiopiu-24-gennaio-2021-direttore-mirko-mezzacasa\/79216601_126817312416448_708980208774483089_n\/\" rel=\"attachment wp-att-186567\"><img loading=\"lazy\" decoding=\"async\" class=\"size-medium wp-image-186567 alignleft\" src=\"https:\/\/www.radiopiu.net\/wordpress\/wp-content\/uploads\/2021\/01\/79216601_126817312416448_708980208774483089_n-300x114.jpg\" sizes=\"auto, (max-width: 300px) 100vw, 300px\" srcset=\"https:\/\/www.radiopiu.net\/wordpress\/wp-content\/uploads\/2021\/01\/79216601_126817312416448_708980208774483089_n-300x114.jpg 300w, https:\/\/www.radiopiu.net\/wordpress\/wp-content\/uploads\/2021\/01\/79216601_126817312416448_708980208774483089_n-768x292.jpg 768w, https:\/\/www.radiopiu.net\/wordpress\/wp-content\/uploads\/2021\/01\/79216601_126817312416448_708980208774483089_n.jpg 820w\" alt=\"\" width=\"300\" height=\"114\" \/><\/a>A<\/em><em>PP PER IOS-IPHONE di Nicola Vettorello <\/em><a href=\"https:\/\/apps.apple.com\/it\/app\/radio-pi%C3%B9-emittente-agordina\/id1515939845\">https:\/\/apps.apple.com\/it\/app\/radio-pi%C3%B9-emittente-agordina\/id1515939845<\/a><\/p>\n<p><em>ATTENZIONE: LA NUOVA APP RADIO\u00a0 PER ANDROID di Nicola Vettorello<\/em><\/p>\n<p><a href=\"https:\/\/play.google.com\/store\/apps\/details?id=net.radiopiu.iniko\" target=\"_blank\" rel=\"noopener noreferrer\">https:\/\/play.google.com\/store\/apps\/details?id=net.radiopiu.iniko<\/a><\/p>\n<p>&nbsp;<\/p>\n<p>&nbsp;<\/p>\n<p>&nbsp;<\/p>\n<hr \/>\n<p>&nbsp;<\/p>\n<h2 style=\"text-align: center;\">OGGI 203 AGORDINA BELLUNO-AGORDINO\u00a0 CHIUSA DALLE 11 CIRCA PER IL PASSAGGIO DEL GIRO D&#8217;ITALIA SI RICORDA CHE LA STRADA DEL MIS E&#8217; CHIUSA<\/h2>\n\n\t\t\t<style type='text\/css'>\n\t\t\t\t#gallery-1 {\n\t\t\t\t\tmargin: auto;\n\t\t\t\t}\n\t\t\t\t#gallery-1 .gallery-item {\n\t\t\t\t\tfloat: left;\n\t\t\t\t\tmargin-top: 10px;\n\t\t\t\t\ttext-align: center;\n\t\t\t\t\twidth: 50%;\n\t\t\t\t}\n\t\t\t\t#gallery-1 img {\n\t\t\t\t\tborder: 2px solid #cfcfcf;\n\t\t\t\t}\n\t\t\t\t#gallery-1 .gallery-caption {\n\t\t\t\t\tmargin-left: 0;\n\t\t\t\t}\n\t\t\t\t\/* see gallery_shortcode() in wp-includes\/media.php *\/\n\t\t\t<\/style>\n\t\t<div id='gallery-1' class='dt-gallery-container gallery galleryid-211418 gallery-columns-2 gallery-size-medium'><dl class='gallery-item'>\n\t\t\t\t<dt class='gallery-icon landscape'>\n\t\t\t\t\t<a class=\"rollover rollover-zoom dt-pswp-item\" title=\"469c5ca6-dd41-44a0-b9af-8ce2f7e666f1\" data-dt-img-description=\"\" data-large_image_width=\"2016\" data-large_image_height=\"954\"href='https:\/\/www.radiopiu.net\/wordpress\/wp-content\/uploads\/2021\/05\/469c5ca6-dd41-44a0-b9af-8ce2f7e666f1.jpg'><img loading=\"lazy\" decoding=\"async\" width=\"300\" height=\"142\" src=\"https:\/\/www.radiopiu.net\/wordpress\/wp-content\/uploads\/2021\/05\/469c5ca6-dd41-44a0-b9af-8ce2f7e666f1-300x142.jpg\" class=\"attachment-medium size-medium\" alt=\"\" srcset=\"https:\/\/www.radiopiu.net\/wordpress\/wp-content\/uploads\/2021\/05\/469c5ca6-dd41-44a0-b9af-8ce2f7e666f1-300x142.jpg 300w, https:\/\/www.radiopiu.net\/wordpress\/wp-content\/uploads\/2021\/05\/469c5ca6-dd41-44a0-b9af-8ce2f7e666f1-1024x485.jpg 1024w, https:\/\/www.radiopiu.net\/wordpress\/wp-content\/uploads\/2021\/05\/469c5ca6-dd41-44a0-b9af-8ce2f7e666f1-768x363.jpg 768w, https:\/\/www.radiopiu.net\/wordpress\/wp-content\/uploads\/2021\/05\/469c5ca6-dd41-44a0-b9af-8ce2f7e666f1-1536x727.jpg 1536w, https:\/\/www.radiopiu.net\/wordpress\/wp-content\/uploads\/2021\/05\/469c5ca6-dd41-44a0-b9af-8ce2f7e666f1.jpg 2016w\" sizes=\"auto, (max-width: 300px) 100vw, 300px\" \/><\/a>\n\t\t\t\t<\/dt><\/dl><dl class='gallery-item'>\n\t\t\t\t<dt class='gallery-icon landscape'>\n\t\t\t\t\t<a class=\"rollover rollover-zoom dt-pswp-item\" title=\"a6f47b4c-9662-46af-ad05-de6711bd3ad5\" data-dt-img-description=\"\" data-large_image_width=\"1599\" data-large_image_height=\"757\"href='https:\/\/www.radiopiu.net\/wordpress\/wp-content\/uploads\/2021\/05\/a6f47b4c-9662-46af-ad05-de6711bd3ad5.jpg'><img loading=\"lazy\" decoding=\"async\" width=\"300\" height=\"142\" src=\"https:\/\/www.radiopiu.net\/wordpress\/wp-content\/uploads\/2021\/05\/a6f47b4c-9662-46af-ad05-de6711bd3ad5-300x142.jpg\" class=\"attachment-medium size-medium\" alt=\"\" srcset=\"https:\/\/www.radiopiu.net\/wordpress\/wp-content\/uploads\/2021\/05\/a6f47b4c-9662-46af-ad05-de6711bd3ad5-300x142.jpg 300w, https:\/\/www.radiopiu.net\/wordpress\/wp-content\/uploads\/2021\/05\/a6f47b4c-9662-46af-ad05-de6711bd3ad5-1024x485.jpg 1024w, https:\/\/www.radiopiu.net\/wordpress\/wp-content\/uploads\/2021\/05\/a6f47b4c-9662-46af-ad05-de6711bd3ad5-768x364.jpg 768w, https:\/\/www.radiopiu.net\/wordpress\/wp-content\/uploads\/2021\/05\/a6f47b4c-9662-46af-ad05-de6711bd3ad5-1536x727.jpg 1536w, https:\/\/www.radiopiu.net\/wordpress\/wp-content\/uploads\/2021\/05\/a6f47b4c-9662-46af-ad05-de6711bd3ad5.jpg 1599w\" sizes=\"auto, (max-width: 300px) 100vw, 300px\" \/><\/a>\n\t\t\t\t<\/dt><\/dl><br style=\"clear: both\" \/>\n\t\t\t<\/div>\n\n<p>&nbsp;<\/p>\n<p>&nbsp;<\/p>\n<hr \/>\n<p>&nbsp;<\/p>\n<blockquote><p><strong><span style=\"color: #000000;\">IN OCCASIONE DEL PASSAGGIO DEL GIRO D&#8217;ITALIA OGGI AD ARABBA E LIVINALLONGO\u00a0 IL SINDACO HA ORDINATO LA CHIUSURA ANTICIPATA DELLA SCUOLA PRIMARIA DI PIEVE DI LIVINALLONGO ALLE 11.30 E DELLA SCUOLA DELL&#8217;INFANZIA DI ARABBA ALLE 12. AL TERMINE DELLE LEZIONI SARA&#8217; ASSICURATO IL REGOLARE SERVIZIO DI SCUOLABUS.\u00a0<\/span><\/strong><\/p>\n<p>&nbsp;<\/p><\/blockquote>\n<p>&nbsp;<\/p>\n<hr \/>\n<h3><a href=\"https:\/\/www.radiopiu.net\/wordpress\/giornale-radiopiu-13-maggio-2021-direttore-mirko-mezzacasa\/343614be-a1f6-4d4a-9b92-950e5b1c1ee9\/\" rel=\"attachment wp-att-209422\"><img loading=\"lazy\" decoding=\"async\" class=\"size-full wp-image-209422 alignleft\" src=\"https:\/\/www.radiopiu.net\/wordpress\/wp-content\/uploads\/2021\/05\/343614be-a1f6-4d4a-9b92-950e5b1c1ee9.jpg\" alt=\"\" width=\"90\" height=\"67\" \/><\/a> A\u00a0 BERTOI DI VOLTAGO ACQUA INQUINATA<\/h3>\n<p>a VOLTAGO AGORDINO in VIA BERTOI, VIA STRUZ, VIA TRIESTE E TRENTO A TAIBON in localit\u00e0 COL DE CARRERA\u00a0\u00a0 l&#8217;acqua erogata dall&#8217;acquedotto non \u00e8 potabile e pu\u00f2 essere usata per scopi alimentari SOLO PREVIA bollitura.<\/p>\n<p>&nbsp;<\/p>\n<p>&nbsp;<\/p>\n<hr \/>\n<p>&nbsp;<\/p>\n<blockquote>\n<h3>CHIUSURA A FASCE ORARIE PER LA BRENTA-PIEVE DI LIVINALLONGO<\/h3>\n<h3><strong><img loading=\"lazy\" decoding=\"async\" class=\"alignleft\" src=\"https:\/\/www.radiopiu.net\/wordpress\/wp-content\/uploads\/2020\/06\/CHIESA-ARABBA-scaled.jpg\" width=\"171\" height=\"128\" \/>LIVINALLONGO<\/strong>\u00a0 Dal 25 giugno al 16 luglio da Pieve di Livinallongo ad Arabba si potr\u00e0 transitare ma in determinate fasce orarie. Dalle 7 del mattino alle 18 sono infatti previste interruzioni fino a 20 minuti per permettere i lavori di esbosco e realizzazione paramassi. Per tutta la durata dei lavori senso unico alternato nei periodi non interessati delle interruzioni.<\/h3>\n<\/blockquote>\n<p><strong>SENSI UNICI<\/strong>: 203 AGORDINA tra Taibon e Cencenighe fino al 5 giugno esclusi festivi e prefestivi. 347 DURAN E CEREDA a La Valle fino al 30 giugno compresi festivi e prefestivi 251 VAL DI ZOLDO localit\u00e0 Rutorbol fino al 31 luglio tutti i giorni.<\/p>\n<p>&nbsp;<\/p>\n<blockquote>\n<h3>203 AGORDINA LAVORI SOPRA LO ZUNAIA, DA DOMANI STRADA CHIUSA A FASCE ORARIE<\/h3>\n<\/blockquote>\n<p><strong><img loading=\"lazy\" decoding=\"async\" class=\"alignleft\" src=\"https:\/\/www.radiopiu.net\/wordpress\/wp-content\/uploads\/2021\/05\/download-21.jpg\" width=\"166\" height=\"91\" \/>ALLEGHE<\/strong> A pieni giri il cantiere sopra la 203 Agordina difronte allo stadio del ghiaccio, ma da martedi dopo che saranno transitati i corridori del&#8217; Giro d&#8217;Italia. Sul versante a monte della strada dal 25 maggio al 18 giugno sono programmati lavori importanti per lo spostamento degli schianti e la messa a difesa della regionale. Da lunedi pertanto dalle 7 alle 18 (esclusi festivi e prefestivi) interruzioni della durata massima di 20 minuti e senso unico alternato nei periodi non interessati dalle interruzioni.<\/p>\n<p>&nbsp;<\/p>\n<p>&nbsp;<\/p>\n<hr \/>\n<p>&nbsp;<\/p>\n<p>&nbsp;<\/p>\n<blockquote>\n<h2>ECOCENTRO DI FALCADE, CHIUSO PER LAVORI DA MERCOLEDI AL AL 9 GIUGNO<\/h2>\n<\/blockquote>\n<p><strong><img loading=\"lazy\" decoding=\"async\" class=\"alignleft\" src=\"https:\/\/www.radiopiu.net\/wordpress\/wp-content\/uploads\/2021\/05\/th-19.jpg\" width=\"142\" height=\"96\" \/>AGORDO <\/strong>Come\u00a0 per l\u2019Ecocentro di Cencenighe (i lavori stanno terminando), anche la struttura di Falcade sar\u00e0 interessata da alcuni interventi di manutenzione straordinaria.\u00a0 C<strong>hiuder\u00e0 al pubblico dal 26 maggio al 9 giugno 2021. <\/strong>Durante il periodo di chiusura <strong>i cittadini potranno accedere a qualsiasi Ecocentro del territorio dell\u2019Unione Montana Agordina<\/strong>, verificando sedi e orari di apertura sul manuale informativo consegnato o su <a href=\"http:\/\/www.valpeambiente.it\">www.valpeambiente.it<\/a>. <strong>L\u2019Ecocentro di Falcade sar\u00e0 nuovamente accessibile ai cittadini da gioved\u00ec 10 giugno. <\/strong>Per ulteriori informazioni, \u00e8 possibile inviare una mail a <a href=\"mailto:info@valpeambiente.it\">info@valpeambiente.it<\/a>, visitare il sito www.valpeambiente.it oppure contattare i numeri 0437 640462 oppure 0437 643621.<\/p>\n<p>&nbsp;<\/p>\n<p>&nbsp;<\/p>\n<p>&nbsp;<\/p>\n<hr \/>\n<p>&nbsp;<\/p>\n<blockquote>\n<h3>QUATTRO NUOVI POSITIVI E 18 PERSONE RICOVERATE NEGLI OSPEDALI DELLA ULSS 1 DOLOMITI<\/h3>\n<\/blockquote>\n<p><strong>BELLUNO <\/strong>Nelle ultime 24 ore non sono stati registrati decessi di persone covid positive, 4 nuove positivit\u00e0 registrate in Ulss 1 Dolomiti, 208 le persone attualmente positive in provincia di Belluno.<\/p>\n<p>Le persone attualmente POSITIVE ricoverate negli ospedali dell\u2019Ulss Dolomiti sono:<\/p>\n<table>\n<tbody>\n<tr>\n<td width=\"217\"><strong>\u00a0<\/strong><\/td>\n<td width=\"217\"><strong>Area NON CRITICA<\/strong><\/td>\n<td width=\"217\"><strong>Terapia Intensiva<\/strong><\/td>\n<\/tr>\n<tr>\n<td width=\"217\"><strong>Ospedale di Belluno <\/strong><\/td>\n<td width=\"217\">6<\/td>\n<td width=\"217\">1<\/td>\n<\/tr>\n<tr>\n<td width=\"217\"><strong>Ospedale di Feltre<\/strong><\/td>\n<td width=\"217\">5<\/td>\n<td width=\"217\">0<\/td>\n<\/tr>\n<\/tbody>\n<\/table>\n<p>Le persone attualmente POSITIVE ricoverate in Ospedale di Comunit\u00e0 sono:<\/p>\n<table>\n<tbody>\n<tr>\n<td width=\"326\"><strong>\u00a0<\/strong><\/td>\n<td width=\"326\"><strong>pazienti attualmente positivi<\/strong><\/td>\n<\/tr>\n<tr>\n<td width=\"326\"><strong>Ospedale di Comunit\u00e0 di FELTRE<\/strong><\/td>\n<td width=\"326\"><strong>6<\/strong><\/td>\n<\/tr>\n<\/tbody>\n<\/table>\n<p>&nbsp;<\/p>\n<p>&nbsp;<\/p>\n<hr \/>\n<p>&nbsp;<\/p>\n<blockquote>\n<h3>MALTEMPO IN ARRIVO IN VENETO. ALLERTA GIALLA IN ALCUNI BACINI IDROGRAFICI<\/h3>\n<\/blockquote>\n<p><strong><a href=\"https:\/\/www.radiopiu.net\/wordpress\/meteo-sul-veneto-ancora-tempo-instabile-con-rasserenamenti-alternati-a-piovaschi-e-qualche-possibile-temporale\/pioggia-2\/\" rel=\"attachment wp-att-144264\"><img loading=\"lazy\" decoding=\"async\" class=\" wp-image-144264 alignleft\" src=\"https:\/\/www.radiopiu.net\/wordpress\/wp-content\/uploads\/2020\/06\/PIOGGIA-300x199.jpg\" alt=\"\" width=\"134\" height=\"89\" srcset=\"https:\/\/www.radiopiu.net\/wordpress\/wp-content\/uploads\/2020\/06\/PIOGGIA-300x199.jpg 300w, https:\/\/www.radiopiu.net\/wordpress\/wp-content\/uploads\/2020\/06\/PIOGGIA-1024x678.jpg 1024w, https:\/\/www.radiopiu.net\/wordpress\/wp-content\/uploads\/2020\/06\/PIOGGIA-768x508.jpg 768w, https:\/\/www.radiopiu.net\/wordpress\/wp-content\/uploads\/2020\/06\/PIOGGIA-1536x1017.jpg 1536w, https:\/\/www.radiopiu.net\/wordpress\/wp-content\/uploads\/2020\/06\/PIOGGIA.jpg 1920w\" sizes=\"auto, (max-width: 134px) 100vw, 134px\" \/><\/a>VENEZIA <\/strong>Una nuova perturbazione in arrivo in Veneto ha spinto il Centro Funzionale Decentrato della Protezione Civile della Regione a emettere lo stato di attenzione (allerta gialla) per criticit\u00e0 idrogeologica fino alle 8 di domani sui bacini idrografici Piave-Pedemontano e Basso Brenta-Bacchiglione.<\/p>\n<p>&nbsp;<\/p>\n<p>&nbsp;<\/p>\n<p>&nbsp;<\/p>\n<p>&nbsp;<\/p>\n<hr \/>\n<p>&nbsp;<\/p>\n<blockquote>\n<h3>OGGI IL PASSAGGIO DEL GIRO D&#8217;ITALIA AD AGORDO. LE RACCOMANDAZIONI DEL SINDACO ROBERTO CHISSALE&#8217;<\/h3>\n<\/blockquote>\n<p><strong><a href=\"https:\/\/www.radiopiu.net\/wordpress\/odg-per-la-provincia-in-tutti-i-consigli-comunali-bard_zasso-e-chissale\/agordo-roberto-chissale-2\/\" rel=\"attachment wp-att-93612\"><img loading=\"lazy\" decoding=\"async\" class=\" wp-image-93612 alignleft\" src=\"https:\/\/www.radiopiu.net\/wordpress\/wp-content\/uploads\/2019\/07\/AGORDO-ROBERTO-CHISSALE-300x300.jpg\" alt=\"\" width=\"131\" height=\"131\" srcset=\"https:\/\/www.radiopiu.net\/wordpress\/wp-content\/uploads\/2019\/07\/AGORDO-ROBERTO-CHISSALE-300x300.jpg 300w, https:\/\/www.radiopiu.net\/wordpress\/wp-content\/uploads\/2019\/07\/AGORDO-ROBERTO-CHISSALE-150x150.jpg 150w, https:\/\/www.radiopiu.net\/wordpress\/wp-content\/uploads\/2019\/07\/AGORDO-ROBERTO-CHISSALE-768x768.jpg 768w, https:\/\/www.radiopiu.net\/wordpress\/wp-content\/uploads\/2019\/07\/AGORDO-ROBERTO-CHISSALE-1024x1024.jpg 1024w, https:\/\/www.radiopiu.net\/wordpress\/wp-content\/uploads\/2019\/07\/AGORDO-ROBERTO-CHISSALE.jpg 1600w\" sizes=\"auto, (max-width: 131px) 100vw, 131px\" \/><\/a>AGORDO<\/strong> Oggi il Giro D&#8217;Italia toccher\u00e0 l&#8217;Agordino ma soprattutto Agordo dove \u00e8 previsto tra l&#8217;altro anche il traguardo volante. Le strade verranno chiuse 2 ore e mezza prima del passaggio dei corridori (previsto per le 13:30) per questo il sindaco di Agordo Roberto Chissal\u00e8 chiede a tutti di portare pazienza.<\/p>\n<p><strong>IL SINDACO DI AGORDO ROBERTO CHISSALE&#8217;<\/strong><\/p>\n<audio class=\"wp-audio-shortcode\" id=\"audio-211418-1\" preload=\"none\" style=\"width: 100%;\" controls=\"controls\"><source type=\"audio\/mpeg\" src=\"https:\/\/www.radiopiu.net\/wordpress\/wp-content\/uploads\/2021\/05\/ROBERTO-CHISSALE-GIRO-ITALIA.mp3?_=1\" \/><a href=\"https:\/\/www.radiopiu.net\/wordpress\/wp-content\/uploads\/2021\/05\/ROBERTO-CHISSALE-GIRO-ITALIA.mp3\">https:\/\/www.radiopiu.net\/wordpress\/wp-content\/uploads\/2021\/05\/ROBERTO-CHISSALE-GIRO-ITALIA.mp3<\/a><\/audio>\n<p>&nbsp;<\/p>\n<hr \/>\n<p>&nbsp;<\/p>\n<blockquote>\n<h2><span style=\"color: #000000;\">OGGI GIRO D&#8217;ITALIA NEL BELLUNESE &#8211; ORARI CHIUSURA STRADE<\/span><\/h2>\n<\/blockquote>\n<blockquote><p>&nbsp;<\/p><\/blockquote>\n<p><strong>BELLUNO<\/strong> La Prefettura ha ufficializzato la chiusura dei tratti di strada interessati dal passaggio della corsa rosa. Il riferimento \u00e8 la cronotabella, la chiusura delle strade \u00e8 prevista 2 ore e mezza precedenti al transito degli atleti secondo la previsione oraria di percorrenza pi\u00f9 veloce (36chilometri-orari) fino a cessate esigenze, ovvero al passaggio dell&#8217;intera carovana. Come esempio se ad Agordo il passaggio \u00e8 previsto alle 13.25 la regionale 203 agordina Belluno-Agordo sar\u00e0 chiusa alle 11.00. I passi sono chiusi da ieri sera alle 19<\/p>\n<p>&nbsp;<\/p>\n<p><strong>PASSAGGIO DEI CICLISTI:<\/strong> PIAN DI CANSIGLIO 12.01, BELLUNO 12.47, AGORDO 13.25, ALLEGHE 13.53, PASSO FEDAIA 14.38, PASSO PORDOI 15.23, ARABBA 15.34, PASSO GIAU 16.30, CORTINA 16.51. <strong>TRAGUARDO VOLANTE<\/strong> AD AGORDO E SOTTOGUDA <strong>GRAN PREMIO DELLA MONTAGNA<\/strong> LA CROSETTA, PASSO FEDAIA, PASSO PORDOI, PASSO GIAU.<\/p>\n<p><a href=\"https:\/\/www.radiopiu.net\/wordpress\/lunedi-giro-ditalia-di-ciclismo-nel-bellunese-gli-orari-di-chiusura-della-strade\/45576c03-0818-4e53-9a67-88a9e53b94cd\/\" rel=\"attachment wp-att-210490\"><img loading=\"lazy\" decoding=\"async\" class=\"alignnone wp-image-210490 size-full\" src=\"https:\/\/www.radiopiu.net\/wordpress\/wp-content\/uploads\/2021\/05\/45576c03-0818-4e53-9a67-88a9e53b94cd.jpg\" alt=\"\" width=\"682\" height=\"1024\" srcset=\"https:\/\/www.radiopiu.net\/wordpress\/wp-content\/uploads\/2021\/05\/45576c03-0818-4e53-9a67-88a9e53b94cd.jpg 682w, https:\/\/www.radiopiu.net\/wordpress\/wp-content\/uploads\/2021\/05\/45576c03-0818-4e53-9a67-88a9e53b94cd-200x300.jpg 200w\" sizes=\"auto, (max-width: 682px) 100vw, 682px\" \/><\/a><\/p>\n<p>&nbsp;<\/p>\n<hr \/>\n<p>&nbsp;<\/p>\n<blockquote>\n<h3>DOLOMITIBUS, CORSE ANTICIPATE O SOPPRESSE<\/h3>\n<\/blockquote>\n<a href=\"https:\/\/www.radiopiu.net\/wordpress\/wp-content\/uploads\/2021\/05\/Agordino-5.pdf\" class=\"pdfemb-viewer\" style=\"\" data-width=\"max\" data-height=\"max\" data-toolbar=\"top\" data-toolbar-fixed=\"on\">Agordino-5<\/a>\n<p>&nbsp;<\/p>\n<p>&nbsp;<\/p>\n<hr \/>\n<p>&nbsp;<\/p>\n<h2><span style=\"color: #ff0000;\"><strong>IERI ALLA RADIO\u00a0<\/strong><\/span><\/h2>\n<blockquote>\n<h3>INCIVILI IN GALLERIA, GESTO STUPIDO CONTRO LA COMUNITA&#8217;<\/h3>\n<\/blockquote>\n<p><strong>COLLE SANTA LUCIA\u00a0 <\/strong>Vergognoso e incivile episodio ieri nella galleria verso Colle Santa Lucia. Nella notte gli imbrattatori hanno colpito senza piet\u00e0, ma se speravano di finire in televisione durante il Giro d&#8217;Italia hanno fatto male i conti, ieri il Comune ha provveduto a ripulire la galleria dalle scritte.<\/p>\n<p><strong>DILLO A RADIO PIU&#8230; di Beatrice.<\/strong><\/p>\n<p><a href=\"https:\/\/www.radiopiu.net\/wordpress\/incivili-in-galleria-gesto-stupido-contro-la-comunita\/e78794ea-a6da-4293-adda-9ae4fbdb8562\/\" rel=\"attachment wp-att-211405\"><img loading=\"lazy\" decoding=\"async\" class=\" wp-image-211405 alignleft\" src=\"https:\/\/www.radiopiu.net\/wordpress\/wp-content\/uploads\/2021\/05\/e78794ea-a6da-4293-adda-9ae4fbdb8562-300x300.jpg\" alt=\"\" width=\"223\" height=\"223\" srcset=\"https:\/\/www.radiopiu.net\/wordpress\/wp-content\/uploads\/2021\/05\/e78794ea-a6da-4293-adda-9ae4fbdb8562-300x300.jpg 300w, https:\/\/www.radiopiu.net\/wordpress\/wp-content\/uploads\/2021\/05\/e78794ea-a6da-4293-adda-9ae4fbdb8562-1024x1024.jpg 1024w, https:\/\/www.radiopiu.net\/wordpress\/wp-content\/uploads\/2021\/05\/e78794ea-a6da-4293-adda-9ae4fbdb8562-150x150.jpg 150w, https:\/\/www.radiopiu.net\/wordpress\/wp-content\/uploads\/2021\/05\/e78794ea-a6da-4293-adda-9ae4fbdb8562-768x768.jpg 768w, https:\/\/www.radiopiu.net\/wordpress\/wp-content\/uploads\/2021\/05\/e78794ea-a6da-4293-adda-9ae4fbdb8562-1536x1536.jpg 1536w, https:\/\/www.radiopiu.net\/wordpress\/wp-content\/uploads\/2021\/05\/e78794ea-a6da-4293-adda-9ae4fbdb8562.jpg 1600w\" sizes=\"auto, (max-width: 223px) 100vw, 223px\" \/><\/a>\u00a0Ieri mattina Colle si \u00e8 svegliata con una galleria imbrattata dall&#8217;incivilt\u00e0 di alcune persone che sono talmente piccole da non essere nemmeno in grado di esprimere la propria opinione in maniera civile ed educata. A queste persone mi piacerebbe chiedere qual \u00e8 il loro scopo. Pretendere di portare avanti una causa che pu\u00f2 stare a cuore a una comunit\u00e0, imbrattando i beni della stessa, mi sembra un approccio alquanto becero e di utilit\u00e0 pressoch\u00e9 nulla. Credere in un ideale, avere sogni, obiettivi e desideri per la propria comunit\u00e0 significa spendersi attraverso progetti con le persone, azioni di dialogo, di confronto, di condivisione, di convinzione, di costruzione dell&#8217;ideale. Non \u00e8 l&#8217;obiettivo il problema (importante \u00e8 averne), ma le modalit\u00e0 e le argomentazioni con cui si pensa di poter raggiungere questo obiettivo.<\/p>\n<p>&nbsp;<\/p>\n<p>&nbsp;<\/p>\n<hr \/>\n<p>&nbsp;<\/p>\n<p><a href=\"https:\/\/www.radiopiu.net\/wordpress\/giornale-radiopiu-24-maggio-2021-direttore-mirko-mezzacasa\/684f1140-cb93-4872-8bb1-07f45e06d253\/\" rel=\"attachment wp-att-211454\"><img loading=\"lazy\" decoding=\"async\" class=\"alignnone wp-image-211454 size-full\" src=\"https:\/\/www.radiopiu.net\/wordpress\/wp-content\/uploads\/2021\/05\/684f1140-cb93-4872-8bb1-07f45e06d253.jpg\" alt=\"\" width=\"1024\" height=\"769\" srcset=\"https:\/\/www.radiopiu.net\/wordpress\/wp-content\/uploads\/2021\/05\/684f1140-cb93-4872-8bb1-07f45e06d253.jpg 1024w, https:\/\/www.radiopiu.net\/wordpress\/wp-content\/uploads\/2021\/05\/684f1140-cb93-4872-8bb1-07f45e06d253-300x225.jpg 300w, https:\/\/www.radiopiu.net\/wordpress\/wp-content\/uploads\/2021\/05\/684f1140-cb93-4872-8bb1-07f45e06d253-768x577.jpg 768w\" sizes=\"auto, (max-width: 1024px) 100vw, 1024px\" \/><\/a><\/p>\n<p>&nbsp;<\/p>\n<blockquote class=\"wp-embedded-content\" data-secret=\"XVPPS3LKG7\"><p><a href=\"https:\/\/www.radiopiu.net\/wordpress\/aggmag23\/\">CORONAVIRUS: AGGIORNAMENTO NAZIONALE 23 MAGGIO  2021<\/a><\/p><\/blockquote>\n<p><iframe loading=\"lazy\" class=\"wp-embedded-content\" sandbox=\"allow-scripts\" security=\"restricted\" style=\"position: absolute; clip: rect(1px, 1px, 1px, 1px);\" title=\"&#8220;CORONAVIRUS: AGGIORNAMENTO NAZIONALE 23 MAGGIO  2021&#8221; &#8212; Radio Pi\u00f9\" src=\"https:\/\/www.radiopiu.net\/wordpress\/aggmag23\/embed\/#?secret=XVPPS3LKG7\" data-secret=\"XVPPS3LKG7\" width=\"600\" height=\"338\" frameborder=\"0\" marginwidth=\"0\" marginheight=\"0\" scrolling=\"no\"><\/iframe><\/p>\n<p>&nbsp;<\/p>\n<blockquote class=\"wp-embedded-content\" data-secret=\"hWVUWOp0jq\"><p><a href=\"https:\/\/www.radiopiu.net\/wordpress\/nelle-ultime-24-ore-183-nuove-positivita-in-veneto-ricoveri-in-calo-3-i-decessi\/\">NELLE ULTIME 24 ORE 183 NUOVE POSITIVITA&#8217; IN VENETO, RICOVERI IN CALO, 3 I DECESSI<\/a><\/p><\/blockquote>\n<p><iframe loading=\"lazy\" class=\"wp-embedded-content\" sandbox=\"allow-scripts\" security=\"restricted\" style=\"position: absolute; clip: rect(1px, 1px, 1px, 1px);\" title=\"&#8220;NELLE ULTIME 24 ORE 183 NUOVE POSITIVITA&#8217; IN VENETO, RICOVERI IN CALO, 3 I DECESSI&#8221; &#8212; Radio Pi\u00f9\" src=\"https:\/\/www.radiopiu.net\/wordpress\/nelle-ultime-24-ore-183-nuove-positivita-in-veneto-ricoveri-in-calo-3-i-decessi\/embed\/#?secret=hWVUWOp0jq\" data-secret=\"hWVUWOp0jq\" width=\"600\" height=\"338\" frameborder=\"0\" marginwidth=\"0\" marginheight=\"0\" scrolling=\"no\"><\/iframe><\/p>\n<p>&nbsp;<\/p>\n<h3>I GRAFICI DI TIZIANO DE COL<\/h3>\n\n\t\t\t<style type='text\/css'>\n\t\t\t\t#gallery-2 {\n\t\t\t\t\tmargin: auto;\n\t\t\t\t}\n\t\t\t\t#gallery-2 .gallery-item {\n\t\t\t\t\tfloat: left;\n\t\t\t\t\tmargin-top: 10px;\n\t\t\t\t\ttext-align: center;\n\t\t\t\t\twidth: 33%;\n\t\t\t\t}\n\t\t\t\t#gallery-2 img {\n\t\t\t\t\tborder: 2px solid #cfcfcf;\n\t\t\t\t}\n\t\t\t\t#gallery-2 .gallery-caption {\n\t\t\t\t\tmargin-left: 0;\n\t\t\t\t}\n\t\t\t\t\/* see gallery_shortcode() in wp-includes\/media.php *\/\n\t\t\t<\/style>\n\t\t<div id='gallery-2' class='dt-gallery-container gallery galleryid-211418 gallery-columns-3 gallery-size-medium'><dl class='gallery-item'>\n\t\t\t\t<dt class='gallery-icon landscape'>\n\t\t\t\t\t<a class=\"rollover rollover-zoom dt-pswp-item\" title=\"bf29a813-e291-4cc6-94f6-2e4939bdf114\" data-dt-img-description=\"\" data-large_image_width=\"601\" data-large_image_height=\"350\"href='https:\/\/www.radiopiu.net\/wordpress\/wp-content\/uploads\/2021\/05\/bf29a813-e291-4cc6-94f6-2e4939bdf114.jpg'><img loading=\"lazy\" decoding=\"async\" width=\"300\" height=\"175\" src=\"https:\/\/www.radiopiu.net\/wordpress\/wp-content\/uploads\/2021\/05\/bf29a813-e291-4cc6-94f6-2e4939bdf114-300x175.jpg\" class=\"attachment-medium size-medium\" alt=\"\" srcset=\"https:\/\/www.radiopiu.net\/wordpress\/wp-content\/uploads\/2021\/05\/bf29a813-e291-4cc6-94f6-2e4939bdf114-300x175.jpg 300w, https:\/\/www.radiopiu.net\/wordpress\/wp-content\/uploads\/2021\/05\/bf29a813-e291-4cc6-94f6-2e4939bdf114.jpg 601w\" sizes=\"auto, (max-width: 300px) 100vw, 300px\" \/><\/a>\n\t\t\t\t<\/dt><\/dl><dl class='gallery-item'>\n\t\t\t\t<dt class='gallery-icon landscape'>\n\t\t\t\t\t<a class=\"rollover rollover-zoom dt-pswp-item\" title=\"900cc693-8842-482b-b2e2-bbd249c6c96b\" data-dt-img-description=\"\" data-large_image_width=\"616\" data-large_image_height=\"354\"href='https:\/\/www.radiopiu.net\/wordpress\/wp-content\/uploads\/2021\/05\/900cc693-8842-482b-b2e2-bbd249c6c96b.jpg'><img loading=\"lazy\" decoding=\"async\" width=\"300\" height=\"172\" src=\"https:\/\/www.radiopiu.net\/wordpress\/wp-content\/uploads\/2021\/05\/900cc693-8842-482b-b2e2-bbd249c6c96b-300x172.jpg\" class=\"attachment-medium size-medium\" alt=\"\" srcset=\"https:\/\/www.radiopiu.net\/wordpress\/wp-content\/uploads\/2021\/05\/900cc693-8842-482b-b2e2-bbd249c6c96b-300x172.jpg 300w, https:\/\/www.radiopiu.net\/wordpress\/wp-content\/uploads\/2021\/05\/900cc693-8842-482b-b2e2-bbd249c6c96b.jpg 616w\" sizes=\"auto, (max-width: 300px) 100vw, 300px\" \/><\/a>\n\t\t\t\t<\/dt><\/dl><dl class='gallery-item'>\n\t\t\t\t<dt class='gallery-icon landscape'>\n\t\t\t\t\t<a class=\"rollover rollover-zoom dt-pswp-item\" title=\"6e4e386f-6978-4255-92bb-2de83eefc22f\" data-dt-img-description=\"\" data-large_image_width=\"618\" data-large_image_height=\"352\"href='https:\/\/www.radiopiu.net\/wordpress\/wp-content\/uploads\/2021\/05\/6e4e386f-6978-4255-92bb-2de83eefc22f.jpg'><img loading=\"lazy\" decoding=\"async\" width=\"300\" height=\"171\" src=\"https:\/\/www.radiopiu.net\/wordpress\/wp-content\/uploads\/2021\/05\/6e4e386f-6978-4255-92bb-2de83eefc22f-300x171.jpg\" class=\"attachment-medium size-medium\" alt=\"\" srcset=\"https:\/\/www.radiopiu.net\/wordpress\/wp-content\/uploads\/2021\/05\/6e4e386f-6978-4255-92bb-2de83eefc22f-300x171.jpg 300w, https:\/\/www.radiopiu.net\/wordpress\/wp-content\/uploads\/2021\/05\/6e4e386f-6978-4255-92bb-2de83eefc22f.jpg 618w\" sizes=\"auto, (max-width: 300px) 100vw, 300px\" \/><\/a>\n\t\t\t\t<\/dt><\/dl><br style=\"clear: both\" \/><dl class='gallery-item'>\n\t\t\t\t<dt class='gallery-icon landscape'>\n\t\t\t\t\t<a class=\"rollover rollover-zoom dt-pswp-item\" title=\"46b19fca-2d8d-46e7-9372-5b5a7302dfd9\" data-dt-img-description=\"\" data-large_image_width=\"610\" data-large_image_height=\"354\"href='https:\/\/www.radiopiu.net\/wordpress\/wp-content\/uploads\/2021\/05\/46b19fca-2d8d-46e7-9372-5b5a7302dfd9.jpg'><img loading=\"lazy\" decoding=\"async\" width=\"300\" height=\"174\" src=\"https:\/\/www.radiopiu.net\/wordpress\/wp-content\/uploads\/2021\/05\/46b19fca-2d8d-46e7-9372-5b5a7302dfd9-300x174.jpg\" class=\"attachment-medium size-medium\" alt=\"\" srcset=\"https:\/\/www.radiopiu.net\/wordpress\/wp-content\/uploads\/2021\/05\/46b19fca-2d8d-46e7-9372-5b5a7302dfd9-300x174.jpg 300w, https:\/\/www.radiopiu.net\/wordpress\/wp-content\/uploads\/2021\/05\/46b19fca-2d8d-46e7-9372-5b5a7302dfd9.jpg 610w\" sizes=\"auto, (max-width: 300px) 100vw, 300px\" \/><\/a>\n\t\t\t\t<\/dt><\/dl><dl class='gallery-item'>\n\t\t\t\t<dt class='gallery-icon landscape'>\n\t\t\t\t\t<a class=\"rollover rollover-zoom dt-pswp-item\" title=\"2b3efaed-e9db-4b32-b4ee-9b6138ed9266\" data-dt-img-description=\"\" data-large_image_width=\"600\" data-large_image_height=\"356\"href='https:\/\/www.radiopiu.net\/wordpress\/wp-content\/uploads\/2021\/05\/2b3efaed-e9db-4b32-b4ee-9b6138ed9266.jpg'><img loading=\"lazy\" decoding=\"async\" width=\"300\" height=\"178\" src=\"https:\/\/www.radiopiu.net\/wordpress\/wp-content\/uploads\/2021\/05\/2b3efaed-e9db-4b32-b4ee-9b6138ed9266-300x178.jpg\" class=\"attachment-medium size-medium\" alt=\"\" srcset=\"https:\/\/www.radiopiu.net\/wordpress\/wp-content\/uploads\/2021\/05\/2b3efaed-e9db-4b32-b4ee-9b6138ed9266-300x178.jpg 300w, https:\/\/www.radiopiu.net\/wordpress\/wp-content\/uploads\/2021\/05\/2b3efaed-e9db-4b32-b4ee-9b6138ed9266.jpg 600w\" sizes=\"auto, (max-width: 300px) 100vw, 300px\" \/><\/a>\n\t\t\t\t<\/dt><\/dl><dl class='gallery-item'>\n\t\t\t\t<dt class='gallery-icon landscape'>\n\t\t\t\t\t<a class=\"rollover rollover-zoom dt-pswp-item\" title=\"4d92a9ff-32ec-4b4e-90e6-f9df3fe12737\" data-dt-img-description=\"\" data-large_image_width=\"600\" data-large_image_height=\"354\"href='https:\/\/www.radiopiu.net\/wordpress\/wp-content\/uploads\/2021\/05\/4d92a9ff-32ec-4b4e-90e6-f9df3fe12737.jpg'><img loading=\"lazy\" decoding=\"async\" width=\"300\" height=\"177\" src=\"https:\/\/www.radiopiu.net\/wordpress\/wp-content\/uploads\/2021\/05\/4d92a9ff-32ec-4b4e-90e6-f9df3fe12737-300x177.jpg\" class=\"attachment-medium size-medium\" alt=\"\" srcset=\"https:\/\/www.radiopiu.net\/wordpress\/wp-content\/uploads\/2021\/05\/4d92a9ff-32ec-4b4e-90e6-f9df3fe12737-300x177.jpg 300w, https:\/\/www.radiopiu.net\/wordpress\/wp-content\/uploads\/2021\/05\/4d92a9ff-32ec-4b4e-90e6-f9df3fe12737.jpg 600w\" sizes=\"auto, (max-width: 300px) 100vw, 300px\" \/><\/a>\n\t\t\t\t<\/dt><\/dl><br style=\"clear: both\" \/>\n\t\t\t<\/div>\n\n<p>&nbsp;<\/p>\n<p>&nbsp;<\/p>\n<hr \/>\n<p>&nbsp;<\/p>\n<p>&nbsp;<\/p>\n<p>&nbsp;<\/p>\n<blockquote class=\"wp-embedded-content\" data-secret=\"BCeDosnKqk\"><p><a href=\"https:\/\/www.radiopiu.net\/wordpress\/siamo-controllati-da-161-banche-dati-fiscali\/\">SIAMO \u201cCONTROLLATI\u201d  DA 161 BANCHE DATI  FISCALI<\/a><\/p><\/blockquote>\n<p><iframe loading=\"lazy\" class=\"wp-embedded-content\" sandbox=\"allow-scripts\" security=\"restricted\" style=\"position: absolute; clip: rect(1px, 1px, 1px, 1px);\" title=\"&#8220;SIAMO \u201cCONTROLLATI\u201d  DA 161 BANCHE DATI  FISCALI&#8221; &#8212; Radio Pi\u00f9\" src=\"https:\/\/www.radiopiu.net\/wordpress\/siamo-controllati-da-161-banche-dati-fiscali\/embed\/#?secret=BCeDosnKqk\" data-secret=\"BCeDosnKqk\" width=\"600\" height=\"338\" frameborder=\"0\" marginwidth=\"0\" marginheight=\"0\" scrolling=\"no\"><\/iframe><\/p>\n<p>&nbsp;<\/p>\n<p>&nbsp;<\/p>\n<p>&nbsp;<\/p>\n<hr \/>\n<p>&nbsp;<\/p>\n<blockquote>\n<h3>DL SOSTEGNI E DL RIAPERTURE: CONFARTIGIANATO GUARDA CON OTTIMISMO ALLA RIPARTENZA DEL BELLUNESE<\/h3>\n<\/blockquote>\n<p><strong><a href=\"https:\/\/www.radiopiu.net\/wordpress\/la-presidente-di-confartigianato-claudia-scarzanella-parla-delle-sfide-territoriali-per-lanno-che-verra\/claudia-scarzanella-confartigianato\/\" rel=\"attachment wp-att-182277\"><img loading=\"lazy\" decoding=\"async\" class=\"size-medium wp-image-182277 alignleft\" src=\"https:\/\/www.radiopiu.net\/wordpress\/wp-content\/uploads\/2020\/12\/CLAUDIA-SCARZANELLA-CONFARTIGIANATO-300x236.png\" alt=\"\" width=\"300\" height=\"236\" srcset=\"https:\/\/www.radiopiu.net\/wordpress\/wp-content\/uploads\/2020\/12\/CLAUDIA-SCARZANELLA-CONFARTIGIANATO-300x236.png 300w, https:\/\/www.radiopiu.net\/wordpress\/wp-content\/uploads\/2020\/12\/CLAUDIA-SCARZANELLA-CONFARTIGIANATO-1024x804.png 1024w, https:\/\/www.radiopiu.net\/wordpress\/wp-content\/uploads\/2020\/12\/CLAUDIA-SCARZANELLA-CONFARTIGIANATO-768x603.png 768w, https:\/\/www.radiopiu.net\/wordpress\/wp-content\/uploads\/2020\/12\/CLAUDIA-SCARZANELLA-CONFARTIGIANATO.png 1042w\" sizes=\"auto, (max-width: 300px) 100vw, 300px\" \/><\/a>BELLUNO <\/strong><span class=\"s1\">\u00ab<em>Il primo mattone su cui costruire la ripartenza delle imprese \u00e8 stato posato. Ora guardiamo avanti, con il mondo artigiano sempre disponibile e al lavoro per superare al pi\u00f9 presto quella che \u00e8 la pi\u00f9 grave crisi economica dal Dopoguerra<\/em>\u00bb. \u00c8 il commento della presidente di Confartigianato Belluno, Claudia Scarzanella al via libera del Dl Sostegni bis, combinato con le misure del Dl Anticipo riaperture. Il combinato disposto dei due decreti, infatti, \u00e8 stato salutato con particolare soddisfazione anche dalla Confartigianato nazionale come strumento indispensabile per supportare le imprese nella ripartenza, pur in una fase che presenta ancora elementi di incertezza.\u00a0 <\/span><span class=\"s1\">\u00ab<em>Ora l\u2019attenzione si concentra sul Pnrr &#8211; continua la presidente Scarzanella &#8211; per il quale chiediamo che i progetti possano essere anche a misura di micro e piccole imprese. E attendiamo l\u2019avvio delle riforme &#8211; dalle semplificazioni al fisco pi\u00f9 leggero, dal codice appalti alla giustizia civile &#8211; per liberare tutte le energie di cui il sistema produttivo dispone<\/em>\u00bb. <\/span><span class=\"s1\">Nel dettaglio del Dl Sostegni bis e del Dl Riaperture, Confartigianato Belluno plaude alla possibilit\u00e0 di ulteriori risorse immesse nel sistema. \u00ab<em>I nuovi criteri per il riconoscimento di un ulteriore contributo a fondo perduto con un impegno di oltre 15 miliardi di risorse sono ossigeno per le imprese &#8211; commenta il direttore, Michele Basso -. Nell\u2019ultimo anno la sofferenza di molte realt\u00e0 imprenditoriali \u00e8 stata causata proprio dal calo delle entrate, a fronte di regolari spese e uscite. In questo senso \u00e8 estremamente positivo il riconoscimento per i primi 7 mesi del 2021 del credito d\u2019imposta sugli affitti commerciali. Bene anche la volont\u00e0 espressa dal Governo di incentivare la ripresa dell\u2019occupazione con una riduzione del costo del lavoro utilizzando il contratto di rioccupazione, accompagnato da uno sgravio contributivo totale per la durata di 6 mesi<\/em>\u00bb.\u00a0<\/span><\/p>\n<p>\u200b<\/p>\n<p>&nbsp;<\/p>\n<hr \/>\n<p>&nbsp;<\/p>\n<blockquote>\n<h3>NON CI RASSEGNIAMO AD ESSERE TERRITORIO DI PERIFERIA<\/h3>\n<\/blockquote>\n<blockquote><p><em>La lotta paga! Dobbiamo continuare a rivendicare maggiori attenzioni<\/em><\/p><\/blockquote>\n<p><strong><img loading=\"lazy\" decoding=\"async\" class=\"alignleft\" src=\"https:\/\/www.radiopiu.net\/wordpress\/wp-content\/uploads\/2020\/04\/Mauro_De_Carli_CGIL-e1606926296575.jpg\" width=\"264\" height=\"176\" \/>BELLUNO<\/strong> I sindacati incassano da Enel Green Power un risultato importante: verr\u00e0 sospesa l\u2018ulteriore fase di appalto (esternalizzazione) della Guardiania delle Dighe, che avrebbe portato tutte le dighe bellunesi sotto la gestione di ditte esterne sconosciute, verr\u00e0 riportato e mantenuto a Polpet Posto di teleconduzione, al termine dei lavori di adeguamento statico,\u00a0 la conferma di un aumento degli organici nazionali di EGP per altri 60 dipendenti. Un risultato frutto della contrattazione sindacale iniziate tre anni fa alla luce di un progetto\u00a0 Enel Green Power tra mancati turn over ed esternalizzazioni. Le preoccupazioni sono state sollevate da subito dagli stessi lavoratori, dalle rappresentanze sindacali Unitarie. Mauro De Carli (foto) Gianpiero Marra e\u00a0 Simone Zoppe\u2019 della Cgil assicurano che ulteriori fasi di discussione si svolgeranno a livello Regionale e aggiungono<em> &#8220;Non possiamo che dirci soddisfatti, dando merito in primo luogo alle nostre RSU e ai lavoratori EGP, che hanno creduto che questi risultati fossero raggiungibili, come dobbiamo ringraziare il Presidente della Provincia Roberto Padrin e il consigliere Massimo Bortoluzzi, i consiglieri regionali,\u00a0 deputati e ministro bellunesi, che sul tema generale degli interessi di Belluno hanno voluto muoversi con determinante sinergia&#8221;.<\/em><\/p>\n<p>&nbsp;<\/p>\n<hr \/>\n<p>&nbsp;<\/p>\n<h3>ANCHE A GIUGNO GLI OPERAI LUXOTTICA DI AGORDO SARANNO CHIAMATI A LAVORARE DI SABATO<\/h3>\n<p><strong><a href=\"https:\/\/www.radiopiu.net\/wordpress\/da-oggi-aperte-le-iscrizioni-al-summer-camp-luxottica\/luxottica-notte\/\" rel=\"attachment wp-att-117391\"><img loading=\"lazy\" decoding=\"async\" class=\"size-medium wp-image-117391 alignleft\" src=\"https:\/\/www.radiopiu.net\/wordpress\/wp-content\/uploads\/2020\/02\/LUXOTTICA-NOTTE-300x225.jpg\" alt=\"\" width=\"300\" height=\"225\" srcset=\"https:\/\/www.radiopiu.net\/wordpress\/wp-content\/uploads\/2020\/02\/LUXOTTICA-NOTTE-300x225.jpg 300w, https:\/\/www.radiopiu.net\/wordpress\/wp-content\/uploads\/2020\/02\/LUXOTTICA-NOTTE-1024x768.jpg 1024w, https:\/\/www.radiopiu.net\/wordpress\/wp-content\/uploads\/2020\/02\/LUXOTTICA-NOTTE-768x576.jpg 768w, https:\/\/www.radiopiu.net\/wordpress\/wp-content\/uploads\/2020\/02\/LUXOTTICA-NOTTE-1536x1152.jpg 1536w, https:\/\/www.radiopiu.net\/wordpress\/wp-content\/uploads\/2020\/02\/LUXOTTICA-NOTTE-2048x1536.jpg 2048w\" sizes=\"auto, (max-width: 300px) 100vw, 300px\" \/><\/a>AGORDO<\/strong> Nelle ultime ore Luxottica ed RSU si sono incontrate per definire un piano di straordinario incentivato\/ flessibilit\u00e0. Le date previste saranno divise in 2 giornate in modo da poter attivare solo i turni di mattina. STRAORDINARIO INCENTIVATO si svolger\u00e0 nella data del 5 e 12 giugno e coinvolger\u00e0: Stamperia metallo e cnc, Saldatura metallo, Taglio Lenti, Magazzino, Stamperia iniettato, Finitura iniettato e Nastratura Iniettato. Per l&#8217;area dei trattamenti superficiali si \u00e8 convenuto che, per riequilibrare l&#8217;utilizzo degli istituti, saranno previste esclusivamente 2 giornate di straordinario incentivato (svolte sempre nel solo turno mattina) nelle giornate del 5 e 12 giugno ed in quelle del 19 e 26 giugno. FLESSIBILITA\u2019 POSITIVA si svolger\u00e0 nella data del 19 e 26 giugno e coinvolger\u00e0: Stamperia metallo e cnc, Saldatura metallo, Taglio Lenti, Magazzino, Stamperia iniettato, Finitura iniettato e Nastratura Iniettato. Finitura metallo e Ricambi lavoreranno sabato 26 giugno. La flessibilit\u00e0 coinvolger\u00e0 lavoratori a giornata, part-time pomeriggio e Verticale 2. Nei reparti a turno si torner\u00e0 a lavorare dalle 06.00 alle 12:00. Per la finitura l&#8217;orario di lavoro sar\u00e0 dalle 07:00 alle 13:00.<\/p>\n<p>&nbsp;<\/p>\n<hr \/>\n<p>&nbsp;<\/p>\n<blockquote>\n<h3 class=\"p1\"><span class=\"s1\">ADDESTRAMENTO DEI CANI, LA POLIZIA PROVINCIALE DI NOVARA A LEZIONE DAI COLLEGHI BELLUNESI, DUE GIORNI DI TEORIA E LABORATORI DIDATTICI A VILLA PATT<\/span><\/h3>\n<\/blockquote>\n<p class=\"p3\"><span class=\"s1\"><strong>BELLUNO <\/strong>La Polizia provinciale di Novara ha trascorso due giorni a Belluno, ospite dei colleghi di Palazzo Piloni per un corso di addestramento dei cani. Venerd\u00ec 21 e sabato 22 gli agenti novaresi hanno potuto frequentare lezioni e laboratori didattici nelle aule di Villa Patt, tenuti da Daniele Comiotto, guardia provinciale e coordinatore del nucleo cinofilo. L\u2019esperto ha preparato un percorso teorico e pratico sull\u2019addestramento del cane limiere, specializzato nel rintracciare il cinghiale. E ha diplomato due agenti di Novara. Il corso \u00e8 servito anche come aggiornamento della Polizia provinciale di Belluno. <\/span><span class=\"s1\">\u00ab<em>Ci siamo rivolti a Belluno, perch\u00e9 \u00e8 la prima Provincia d\u2019Italia per l\u2019attivit\u00e0 cinofila della Polizia provinciale. E siamo molto contenti di aver avviato questa collaborazione<\/em>\u00bb spiega Andrea Bricco, consigliere provinciale di Novara. Una collaborazione nata nel 2019, a seguito della richiesta di Novara di istruire alcuni agenti nelle tecniche di contenimento del cinghiale. <\/span><span class=\"s1\">\u00ab<em>Nel nostro territorio abbiamo un numero eccessivo di cinghiali, che stanno devastando le attivit\u00e0 agricole e creano problemi anche di ordine pubblico sulla viabilit\u00e0 &#8211; continua il consigliere novarese Bricco -. Abbiamo pensato di contenere il problema con piani di prelievo, che prevedessero anche l\u2019utilizzo di alcuni cani limieri. Ma non avevamo nessuna esperienza e ci siamo messi in contatto con Belluno. Siamo rimasti davvero colpiti dalla qualit\u00e0 dell\u2019attivit\u00e0 cinofila che si effettua qui e per questo siamo grati alla Provincia di Belluno di aver attivato questa collaborazione<\/em>\u00bb. <\/span><span class=\"s1\">Collaborazione che proseguir\u00e0 per la seconda parte del corso, nei prossimi mesi, a Novara, dove l\u2019addestramento sar\u00e0 completato anche con esercizi specifici per il recupero di fauna selvatica ferita a seguito di incidenti stradali. <\/span><span class=\"s1\">\u00ab<em>La collaborazione tra le due Polizie provinciali crescer\u00e0 &#8211; commenta Daniele Comiotto &#8211; con l\u2019obiettivo di aumentare la professionalit\u00e0 nell\u2019affrontare i temi che riguardano la gestione della fauna selvatica<\/em>\u00bb. <\/span><span class=\"s1\">Soddisfatto del gioco di squadra tra Province, anche il presidente, Roberto Padrin: \u00ab<em>Ancora una volta la nostra Polizia provinciale si dimostra uno dei fiori all\u2019occhiello di Palazzo Piloni, dando lustro all\u2019ente bellunese con la professionalit\u00e0 e la competenza degli agenti. Ho sempre creduto che la collaborazione e le sinergie siano fondamentali per far crescere i territori e l\u2019asse creato con Novara va in questa precisa direzione<\/em>\u00bb.<\/span><\/p>\n\n\t\t\t<style type='text\/css'>\n\t\t\t\t#gallery-3 {\n\t\t\t\t\tmargin: auto;\n\t\t\t\t}\n\t\t\t\t#gallery-3 .gallery-item {\n\t\t\t\t\tfloat: left;\n\t\t\t\t\tmargin-top: 10px;\n\t\t\t\t\ttext-align: center;\n\t\t\t\t\twidth: 25%;\n\t\t\t\t}\n\t\t\t\t#gallery-3 img {\n\t\t\t\t\tborder: 2px solid #cfcfcf;\n\t\t\t\t}\n\t\t\t\t#gallery-3 .gallery-caption {\n\t\t\t\t\tmargin-left: 0;\n\t\t\t\t}\n\t\t\t\t\/* see gallery_shortcode() in wp-includes\/media.php *\/\n\t\t\t<\/style>\n\t\t<div id='gallery-3' class='dt-gallery-container gallery galleryid-211418 gallery-columns-4 gallery-size-medium'><dl class='gallery-item'>\n\t\t\t\t<dt class='gallery-icon landscape'>\n\t\t\t\t\t<a class=\"rollover rollover-zoom dt-pswp-item\" title=\"Corso cinofilo (con consigliere Novara)\" data-dt-img-description=\"\" data-large_image_width=\"1920\" data-large_image_height=\"1218\"href='https:\/\/www.radiopiu.net\/wordpress\/wp-content\/uploads\/2021\/05\/Corso-cinofilo-con-consigliere-Novara.jpg'><img loading=\"lazy\" decoding=\"async\" width=\"300\" height=\"190\" src=\"https:\/\/www.radiopiu.net\/wordpress\/wp-content\/uploads\/2021\/05\/Corso-cinofilo-con-consigliere-Novara-300x190.jpg\" class=\"attachment-medium size-medium\" alt=\"\" srcset=\"https:\/\/www.radiopiu.net\/wordpress\/wp-content\/uploads\/2021\/05\/Corso-cinofilo-con-consigliere-Novara-300x190.jpg 300w, https:\/\/www.radiopiu.net\/wordpress\/wp-content\/uploads\/2021\/05\/Corso-cinofilo-con-consigliere-Novara-1024x650.jpg 1024w, https:\/\/www.radiopiu.net\/wordpress\/wp-content\/uploads\/2021\/05\/Corso-cinofilo-con-consigliere-Novara-768x487.jpg 768w, https:\/\/www.radiopiu.net\/wordpress\/wp-content\/uploads\/2021\/05\/Corso-cinofilo-con-consigliere-Novara-1536x974.jpg 1536w, https:\/\/www.radiopiu.net\/wordpress\/wp-content\/uploads\/2021\/05\/Corso-cinofilo-con-consigliere-Novara.jpg 1920w\" sizes=\"auto, (max-width: 300px) 100vw, 300px\" \/><\/a>\n\t\t\t\t<\/dt><\/dl><dl class='gallery-item'>\n\t\t\t\t<dt class='gallery-icon landscape'>\n\t\t\t\t\t<a class=\"rollover rollover-zoom dt-pswp-item\" title=\"corso cinofilo (consegna diplomi)\" data-dt-img-description=\"\" data-large_image_width=\"2047\" data-large_image_height=\"1166\"href='https:\/\/www.radiopiu.net\/wordpress\/wp-content\/uploads\/2021\/05\/corso-cinofilo-consegna-diplomi.jpg'><img loading=\"lazy\" decoding=\"async\" width=\"300\" height=\"171\" src=\"https:\/\/www.radiopiu.net\/wordpress\/wp-content\/uploads\/2021\/05\/corso-cinofilo-consegna-diplomi-300x171.jpg\" class=\"attachment-medium size-medium\" alt=\"\" srcset=\"https:\/\/www.radiopiu.net\/wordpress\/wp-content\/uploads\/2021\/05\/corso-cinofilo-consegna-diplomi-300x171.jpg 300w, https:\/\/www.radiopiu.net\/wordpress\/wp-content\/uploads\/2021\/05\/corso-cinofilo-consegna-diplomi-1024x583.jpg 1024w, https:\/\/www.radiopiu.net\/wordpress\/wp-content\/uploads\/2021\/05\/corso-cinofilo-consegna-diplomi-768x437.jpg 768w, https:\/\/www.radiopiu.net\/wordpress\/wp-content\/uploads\/2021\/05\/corso-cinofilo-consegna-diplomi-1536x875.jpg 1536w, https:\/\/www.radiopiu.net\/wordpress\/wp-content\/uploads\/2021\/05\/corso-cinofilo-consegna-diplomi.jpg 2047w\" sizes=\"auto, (max-width: 300px) 100vw, 300px\" \/><\/a>\n\t\t\t\t<\/dt><\/dl><dl class='gallery-item'>\n\t\t\t\t<dt class='gallery-icon landscape'>\n\t\t\t\t\t<a class=\"rollover rollover-zoom dt-pswp-item\" title=\"corso cinofilo 1\" data-dt-img-description=\"\" data-large_image_width=\"2560\" data-large_image_height=\"1920\"href='https:\/\/www.radiopiu.net\/wordpress\/wp-content\/uploads\/2021\/05\/corso-cinofilo-1-scaled.jpg'><img loading=\"lazy\" decoding=\"async\" width=\"300\" height=\"225\" src=\"https:\/\/www.radiopiu.net\/wordpress\/wp-content\/uploads\/2021\/05\/corso-cinofilo-1-300x225.jpg\" class=\"attachment-medium size-medium\" alt=\"\" srcset=\"https:\/\/www.radiopiu.net\/wordpress\/wp-content\/uploads\/2021\/05\/corso-cinofilo-1-300x225.jpg 300w, https:\/\/www.radiopiu.net\/wordpress\/wp-content\/uploads\/2021\/05\/corso-cinofilo-1-1024x768.jpg 1024w, https:\/\/www.radiopiu.net\/wordpress\/wp-content\/uploads\/2021\/05\/corso-cinofilo-1-768x576.jpg 768w, https:\/\/www.radiopiu.net\/wordpress\/wp-content\/uploads\/2021\/05\/corso-cinofilo-1-1536x1152.jpg 1536w, https:\/\/www.radiopiu.net\/wordpress\/wp-content\/uploads\/2021\/05\/corso-cinofilo-1-2048x1536.jpg 2048w\" sizes=\"auto, (max-width: 300px) 100vw, 300px\" \/><\/a>\n\t\t\t\t<\/dt><\/dl><dl class='gallery-item'>\n\t\t\t\t<dt class='gallery-icon landscape'>\n\t\t\t\t\t<a class=\"rollover rollover-zoom dt-pswp-item\" title=\"corso cinofilo\" data-dt-img-description=\"\" data-large_image_width=\"2560\" data-large_image_height=\"1920\"href='https:\/\/www.radiopiu.net\/wordpress\/wp-content\/uploads\/2021\/05\/corso-cinofilo-scaled.jpg'><img loading=\"lazy\" decoding=\"async\" width=\"300\" height=\"225\" src=\"https:\/\/www.radiopiu.net\/wordpress\/wp-content\/uploads\/2021\/05\/corso-cinofilo-300x225.jpg\" class=\"attachment-medium size-medium\" alt=\"\" srcset=\"https:\/\/www.radiopiu.net\/wordpress\/wp-content\/uploads\/2021\/05\/corso-cinofilo-300x225.jpg 300w, https:\/\/www.radiopiu.net\/wordpress\/wp-content\/uploads\/2021\/05\/corso-cinofilo-1024x768.jpg 1024w, https:\/\/www.radiopiu.net\/wordpress\/wp-content\/uploads\/2021\/05\/corso-cinofilo-768x576.jpg 768w, https:\/\/www.radiopiu.net\/wordpress\/wp-content\/uploads\/2021\/05\/corso-cinofilo-1536x1152.jpg 1536w, https:\/\/www.radiopiu.net\/wordpress\/wp-content\/uploads\/2021\/05\/corso-cinofilo-2048x1536.jpg 2048w\" sizes=\"auto, (max-width: 300px) 100vw, 300px\" \/><\/a>\n\t\t\t\t<\/dt><\/dl><br style=\"clear: both\" \/>\n\t\t\t<\/div>\n\n<p>&nbsp;<\/p>\n<p>&nbsp;<\/p>\n<hr \/>\n<p>&nbsp;<\/p>\n<blockquote>\n<h3>LA LEGA CITTA&#8217; DI BELLUNO IN SOPRALLUOGO ALLA SCUOLA PRIMARIA DI QUARTIER CADORE<\/h3>\n<\/blockquote>\n<p><strong><a href=\"https:\/\/www.radiopiu.net\/wordpress\/giornale-radiopiu-21-marzo-2021-direttore-mirko-mezzacasa\/lega-salvini\/\" rel=\"attachment wp-att-198269\"><img loading=\"lazy\" decoding=\"async\" class=\"size-full wp-image-198269 alignleft\" src=\"https:\/\/www.radiopiu.net\/wordpress\/wp-content\/uploads\/2021\/03\/LEGA-SALVINI.png\" alt=\"\" width=\"262\" height=\"262\" srcset=\"https:\/\/www.radiopiu.net\/wordpress\/wp-content\/uploads\/2021\/03\/LEGA-SALVINI.png 262w, https:\/\/www.radiopiu.net\/wordpress\/wp-content\/uploads\/2021\/03\/LEGA-SALVINI-150x150.png 150w\" sizes=\"auto, (max-width: 262px) 100vw, 262px\" \/><\/a>BELLUNO<\/strong> \u201cPiove nelle aule, alla scuola elementare di Quartier Cadore. Serve intervenire subito\u201d, dichiara il segretario cittadino della Lega, Paolo Luciani, dopo il sopralluogo agli spazi esterni della primaria, su segnalazione del personale interno. Insieme a Luciani hanno accolto l&#8217;appello degli insegnanti anche i consiglieri Luciano Da Pian e Marzio Sovilla. <em>\u201cSiamo andati a scuola ad ascoltare i problemi segnalati dal personale \u2013 spiega Luciani -. Ci rivolgiamo perci\u00f2 all&#8217;amministrazione Massaro perch\u00e8 intervenga il prima possibile, approfittando della chiusura estive delle scuole, non si possono vedere certe cose nel 2021<\/em>\u201d.<\/p>\n<p><strong>IL CONSIGLIERE DELLA LEGA NORD DEL COMUNE DI BELLUNO LUCIANO DA PIAN<\/strong><\/p>\n<audio class=\"wp-audio-shortcode\" id=\"audio-211418-2\" preload=\"none\" style=\"width: 100%;\" controls=\"controls\"><source type=\"audio\/mpeg\" src=\"https:\/\/www.radiopiu.net\/wordpress\/wp-content\/uploads\/2021\/05\/Luciano-Da-Pian-SCUOLA-BELLUNO.mp3?_=2\" \/><a href=\"https:\/\/www.radiopiu.net\/wordpress\/wp-content\/uploads\/2021\/05\/Luciano-Da-Pian-SCUOLA-BELLUNO.mp3\">https:\/\/www.radiopiu.net\/wordpress\/wp-content\/uploads\/2021\/05\/Luciano-Da-Pian-SCUOLA-BELLUNO.mp3<\/a><\/audio>\n<p>&nbsp;<\/p>\n<hr \/>\n<p>&nbsp;<\/p>\n<blockquote>\n<h3>DALLA ROTONDA UN INVITO A VISITARE AGORDO<\/h3>\n<\/blockquote>\n<p><strong><img loading=\"lazy\" decoding=\"async\" class=\"alignleft\" src=\"https:\/\/www.radiopiu.net\/wordpress\/wp-content\/uploads\/2021\/05\/70075c20-ce3f-487f-b56c-357916fefc18.jpg\" width=\"260\" height=\"195\" \/>AGORDO<\/strong>\u00a0 A sud di Agordo, sulla rotonda la nuova bacheca per dare il benvenuto ai passanti, uno scatto di Moreno Geremetta che sar\u00e0 &#8220;inaugurato&#8221; oggi dal passaggio del Giro d&#8217;Italia.<\/p>\n<p>&nbsp;<\/p>\n<p>&nbsp;<\/p>\n<p><strong>L&#8217;ASSESSORE AL TURISMO CHIARA FONTANIVE<\/strong><\/p>\n<audio class=\"wp-audio-shortcode\" id=\"audio-211418-3\" preload=\"none\" style=\"width: 100%;\" controls=\"controls\"><source type=\"audio\/mpeg\" src=\"https:\/\/www.radiopiu.net\/wordpress\/wp-content\/uploads\/2021\/05\/rotonda.mp3?_=3\" \/><a href=\"https:\/\/www.radiopiu.net\/wordpress\/wp-content\/uploads\/2021\/05\/rotonda.mp3\">https:\/\/www.radiopiu.net\/wordpress\/wp-content\/uploads\/2021\/05\/rotonda.mp3<\/a><\/audio>\n<p>&nbsp;<\/p>\n<hr \/>\n<p>&nbsp;<\/p>\n<blockquote>\n<h3>MUTANO LE DESTINAZIONE DEI TERRENI, SEI ISTANZE<\/h3>\n<\/blockquote>\n<p><strong>FALCADE<\/strong> Mercoledi alle 20 consiglio comunale a porte chiuse (diretta sui canali di Radio Pi\u00f9), all&#8217;ordine del giorno tra l&#8217;altro variazione al bilancio, mutamento di destinazione d&#8217;uso dei terreni, istanze di autorizzazioni in localit\u00e0 Le Busche, per l&#8217;elisuperficie, per la cooperativa di Falcade,<\/p>\n<p>&nbsp;<\/p>\n<hr \/>\n<blockquote>\n<h3><\/h3>\n<h3>GIOVEDI&#8217; 27 MAGGIO IL CONSIGLIO COMUNALE A ROCCA PIETORE<\/h3>\n<\/blockquote>\n<p><strong>ROCCA PIETORE<\/strong> Il Sindaco di Rocca Pietore Andrea De Bernardin ha convocato il consiglio comunale per gioved\u00ec 27 maggio alle 19 in sala &#8220;El Teaz&#8221;. Sar\u00e0 un incontro carico di argomenti da trattere, 15 i punti all&#8217;ordine del giorno tra cui ben 11 interrogazioni della minoranza. Dai cimiteri di paese al campeggio di Malga Ciapela, dall&#8217;apertura e le spese del parco giochi di Boscoverde alle problematiche di Ru De Roi e Ru De La Cica passando per l&#8217;illuminazione della strada che porta allo Chalet Al Lago, la chiusura della strada che collega Pre De Pezzei a Sopracordevole e la messa in funzione della nuova vasca di depressione sopra l&#8217;abitato di Sottoguda.<\/p>\n<p><strong>DI GIANNI SANTOMASO<\/strong><\/p>\n<audio class=\"wp-audio-shortcode\" id=\"audio-211418-4\" preload=\"none\" style=\"width: 100%;\" controls=\"controls\"><source type=\"audio\/mpeg\" src=\"https:\/\/www.radiopiu.net\/wordpress\/wp-content\/uploads\/2021\/05\/GIANNI-CONSIGLIO-ROCCA.mp3?_=4\" \/><a href=\"https:\/\/www.radiopiu.net\/wordpress\/wp-content\/uploads\/2021\/05\/GIANNI-CONSIGLIO-ROCCA.mp3\">https:\/\/www.radiopiu.net\/wordpress\/wp-content\/uploads\/2021\/05\/GIANNI-CONSIGLIO-ROCCA.mp3<\/a><\/audio>\n<p>&nbsp;<\/p>\n<hr \/>\n<p>&nbsp;<\/p>\n<blockquote>\n<h3>NEI PROSSIMI GIORNI LE ASSEMBLEE DI AUSER, ARCA E CAI<\/h3>\n<\/blockquote>\n<p><strong><a href=\"https:\/\/www.radiopiu.net\/wordpress\/una-semplice\/a8a8cbd6-9ca3-4f14-9e6a-43069c08cd84\/\" rel=\"attachment wp-att-151434\"><img loading=\"lazy\" decoding=\"async\" class=\" wp-image-151434 alignleft\" src=\"https:\/\/www.radiopiu.net\/wordpress\/wp-content\/uploads\/2020\/07\/a8a8cbd6-9ca3-4f14-9e6a-43069c08cd84-300x225.jpg\" alt=\"\" width=\"167\" height=\"125\" srcset=\"https:\/\/www.radiopiu.net\/wordpress\/wp-content\/uploads\/2020\/07\/a8a8cbd6-9ca3-4f14-9e6a-43069c08cd84-300x225.jpg 300w, https:\/\/www.radiopiu.net\/wordpress\/wp-content\/uploads\/2020\/07\/a8a8cbd6-9ca3-4f14-9e6a-43069c08cd84-768x576.jpg 768w, https:\/\/www.radiopiu.net\/wordpress\/wp-content\/uploads\/2020\/07\/a8a8cbd6-9ca3-4f14-9e6a-43069c08cd84.jpg 960w\" sizes=\"auto, (max-width: 167px) 100vw, 167px\" \/><\/a>AGORDO<\/strong><\/p>\n<p>di Gianni Santomaso<\/p>\n<audio class=\"wp-audio-shortcode\" id=\"audio-211418-5\" preload=\"none\" style=\"width: 100%;\" controls=\"controls\"><source type=\"audio\/mpeg\" src=\"https:\/\/www.radiopiu.net\/wordpress\/wp-content\/uploads\/2021\/05\/GIANNI-TRE-ASSEMBLEE-AGORDO.mp3?_=5\" \/><a href=\"https:\/\/www.radiopiu.net\/wordpress\/wp-content\/uploads\/2021\/05\/GIANNI-TRE-ASSEMBLEE-AGORDO.mp3\">https:\/\/www.radiopiu.net\/wordpress\/wp-content\/uploads\/2021\/05\/GIANNI-TRE-ASSEMBLEE-AGORDO.mp3<\/a><\/audio>\n<p>&nbsp;<\/p>\n<p>&nbsp;<\/p>\n<hr \/>\n<p>&nbsp;<\/p>\n<blockquote>\n<h2>L&#8217;ASSEMBLEA ORDINARIA DEI VOLONTARI DELLA CROCE VERDE VAL BIOIS<\/h2>\n<\/blockquote>\n<p>&nbsp;<\/p>\n<p><strong><a href=\"https:\/\/www.radiopiu.net\/wordpress\/lassessore-gianpaolo-bottacin-ribatte-alle-accuse-del-presidente-della-croce-verde-val-biois-stefano-murer\/croce-verde-val-biois-2\/\" rel=\"attachment wp-att-153811\"><img loading=\"lazy\" decoding=\"async\" class=\" wp-image-153811 alignleft\" src=\"https:\/\/www.radiopiu.net\/wordpress\/wp-content\/uploads\/2020\/08\/CROCE-VERDE-VAL-BIOIS-300x225.jpg\" alt=\"\" width=\"166\" height=\"125\" srcset=\"https:\/\/www.radiopiu.net\/wordpress\/wp-content\/uploads\/2020\/08\/CROCE-VERDE-VAL-BIOIS-300x225.jpg 300w, https:\/\/www.radiopiu.net\/wordpress\/wp-content\/uploads\/2020\/08\/CROCE-VERDE-VAL-BIOIS-1024x768.jpg 1024w, https:\/\/www.radiopiu.net\/wordpress\/wp-content\/uploads\/2020\/08\/CROCE-VERDE-VAL-BIOIS-768x576.jpg 768w, https:\/\/www.radiopiu.net\/wordpress\/wp-content\/uploads\/2020\/08\/CROCE-VERDE-VAL-BIOIS-1536x1153.jpg 1536w, https:\/\/www.radiopiu.net\/wordpress\/wp-content\/uploads\/2020\/08\/CROCE-VERDE-VAL-BIOIS.jpg 1599w\" sizes=\"auto, (max-width: 166px) 100vw, 166px\" \/><\/a>FALCADE<\/strong> Si \u00e8 tenuta venerd\u00ec l\u2019Assemblea Ordinaria dei Volontari presso La Casa Della Giovent\u00f9 di Caviola e con accesso a distanza sul portale GOOGLE MEET con il seguente Ordine del giorno: Approvazione regolamento assemblee a distanza;Relazione sull\u2019attivit\u00e0 Svolta nell\u2019anno 2020; Deliberazioni ai sensi dell\u2019art. 2364 del Codice Civile; Approvazione bilancio di previsione 2021 e rendiconto preventivo da presentare all\u2019AULSS 1 Dolomiti per il rimborso spese; Trasferimento sede \u2013 aggiornamenti; Deliberazione in merito all\u2019assunzione di personale; Varie ed eventuali.<\/p>\n<p><strong>LA RELAZIONE AL BILANCIO 2020 (11 PAGINE)<\/strong><\/p>\n<a href=\"https:\/\/www.radiopiu.net\/wordpress\/wp-content\/uploads\/2021\/05\/Relazione-al-bilancio-2020.pdf\" class=\"pdfemb-viewer\" style=\"\" data-width=\"max\" data-height=\"max\" data-toolbar=\"top\" data-toolbar-fixed=\"on\">Relazione-al-bilancio-2020<\/a>\n<p>&nbsp;<\/p>\n<p>&nbsp;<\/p>\n<hr \/>\n<p>&nbsp;<\/p>\n<blockquote class=\"wp-embedded-content\" data-secret=\"lGDvYtkcNO\"><p><a href=\"https:\/\/www.radiopiu.net\/wordpress\/una-montagna-di-sicurezza-presentato-il-progetto-di-prevenzione-del-soccorso-alpino-e-speleologico-veneto\/\">UNA MONTAGNA DI SICUREZZA: PRESENTATO IL PROGETTO DI PREVENZIONE DEL SOCCORSO ALPINO E SPELEOLOGICO VENETO<\/a><\/p><\/blockquote>\n<p><iframe loading=\"lazy\" class=\"wp-embedded-content\" sandbox=\"allow-scripts\" security=\"restricted\" style=\"position: absolute; clip: rect(1px, 1px, 1px, 1px);\" title=\"&#8220;UNA MONTAGNA DI SICUREZZA: PRESENTATO IL PROGETTO DI PREVENZIONE DEL SOCCORSO ALPINO E SPELEOLOGICO VENETO&#8221; &#8212; Radio Pi\u00f9\" src=\"https:\/\/www.radiopiu.net\/wordpress\/una-montagna-di-sicurezza-presentato-il-progetto-di-prevenzione-del-soccorso-alpino-e-speleologico-veneto\/embed\/#?secret=lGDvYtkcNO\" data-secret=\"lGDvYtkcNO\" width=\"600\" height=\"338\" frameborder=\"0\" marginwidth=\"0\" marginheight=\"0\" scrolling=\"no\"><\/iframe><\/p>\n<p>&nbsp;<\/p>\n<p>&nbsp;<\/p>\n<p>&nbsp;<\/p>\n<hr \/>\n<p>&nbsp;<\/p>\n<blockquote>\n<h2>LE INIZIATIVE DI AD AGORDO PROLOCO<\/h2>\n<\/blockquote>\n<p><strong><a href=\"https:\/\/www.radiopiu.net\/wordpress\/scopriamo-agordo-perche-quando-tutto-questo-sara-finito-diremo-andiamo-a-farci-un-giro-ad-agordo\/ad-agordo-proloco-logo_colors\/\" rel=\"attachment wp-att-129089\"><img loading=\"lazy\" decoding=\"async\" class=\"wp-image-129089 alignleft\" src=\"https:\/\/www.radiopiu.net\/wordpress\/wp-content\/uploads\/2020\/04\/AD-AGORDO-PROLOCO-LOGO_colors-300x300.jpg\" alt=\"\" width=\"116\" height=\"116\" srcset=\"https:\/\/www.radiopiu.net\/wordpress\/wp-content\/uploads\/2020\/04\/AD-AGORDO-PROLOCO-LOGO_colors-300x300.jpg 300w, https:\/\/www.radiopiu.net\/wordpress\/wp-content\/uploads\/2020\/04\/AD-AGORDO-PROLOCO-LOGO_colors-1024x1024.jpg 1024w, https:\/\/www.radiopiu.net\/wordpress\/wp-content\/uploads\/2020\/04\/AD-AGORDO-PROLOCO-LOGO_colors-150x150.jpg 150w, https:\/\/www.radiopiu.net\/wordpress\/wp-content\/uploads\/2020\/04\/AD-AGORDO-PROLOCO-LOGO_colors-768x768.jpg 768w, https:\/\/www.radiopiu.net\/wordpress\/wp-content\/uploads\/2020\/04\/AD-AGORDO-PROLOCO-LOGO_colors-1536x1536.jpg 1536w, https:\/\/www.radiopiu.net\/wordpress\/wp-content\/uploads\/2020\/04\/AD-AGORDO-PROLOCO-LOGO_colors.jpg 1920w\" sizes=\"auto, (max-width: 116px) 100vw, 116px\" \/><\/a><\/strong><\/p>\n<p><strong>AGORDO<\/strong> In occasione del passaggio del Giro d&#8217;Italia del 24 maggio, il successivo passaggio del Giro U23 dell&#8217;11 maggio l&#8217;Ufficio Turistico di Agordo &#8211; Conca Agordina propone una nuova iniziativa dedicata alle foto e al mondo bici. Le foto delle bici in Agordino, che siano da corsa, MTB o ebike, saranno esposte sullo schermo in vetrina del nostro ufficio dal 21 maggio fino al 5 settembre 2021 e pubblicate su Facebook ed Instagram. Il regolamento visionabile anche al link <span style=\"color: #0000ff;\"><a style=\"color: #0000ff;\" href=\"https:\/\/www.agordo.net\/wp-content\/uploads\/2021\/05\/2021_Agordino-in-bici-regolamento.pdf\">CLICCA QUI<\/a><\/span><\/p>\n<p>&nbsp;<\/p>\n<p>&nbsp;<\/p>\n<hr \/>\n<p>&nbsp;<\/p>\n<blockquote>\n<h3>BEN TORNATA GARDENSIA 2021<\/h3>\n<\/blockquote>\n<p><strong>CANALE D&#8217;AGORDO<\/strong> Venerd\u00ec 28 maggio (<u>eventualmente anche domenica 30<\/u>) i volontari dell&#8217;Associazione Pro Loco Canale d&#8217;Agordo venderanno in Piazza Papa Luciani le gardenie dell&#8217;AISM (Associazione Italiana Sclerosi Multipla). Maggiori informazioni sull&#8217;iniziativa sul sito ufficiale:\u00a0<a tabindex=\"-1\" title=\"https:\/\/sostienici.aism.it\/gardensia\/\" href=\"https:\/\/sostienici.aism.it\/gardensia\/\" target=\"_blank\" rel=\"external noopener\">https:\/\/sostienici.aism.it\/gardensia\/<\/a><\/p>\n<p>&nbsp;<\/p>\n<p>&nbsp;<\/p>\n<hr \/>\n<p>&nbsp;<\/p>\n<blockquote>\n<h3>&#8220;MI TENGO QUEST&#8217;ALBERO MUTILATO&#8221; OGGI IN DIRETTA STREAMING DAL TEATRO COMUNALE DI BELLUNO<\/h3>\n<\/blockquote>\n<p><strong>BELLUNO<\/strong> Dopo i grandi successi di Verona e di Alleghe, diretta streaming oggi dal Teatro Comunale di Belluno sui milioni di alberi abbattuti dalla tempesta Vaia: una testimonianza multimediale \u2013 con riferimenti alla Prima Guerra Mondiale \u2013 curata da Rossana Valier. In scena, insieme agli attori, gli studenti di Belluno che hanno seguito i laboratori. Il Vaia cube simbolo di speranza di questa iniziativa finanziata dalla Regione del Veneto. Dopo la diretta di marted\u00ec 11 da Verona e quella di sabato 15 maggio da Alleghe, luned\u00ec 24 maggio alle 16.00 diretta streaming, dal Teatro Comunale di Belluno sul canale YouTube del Teatro Stabile di Verona, della testimonianza multimediale Mi tengo a quest\u2019albero mutilato. Curata da Rossana Valier, \u00e8 organizzata dal Teatro Stabile di Verona con il patrocinio del Comune di Alleghe e in collaborazione col Circolo Cultura e Stampa Bellunese, con la Fondazione Teatri delle Dolomiti, con la Fondazione Giovanni Angelini e con Vaia Cube. In scena \u2013 oltre a Valier \u2013 Susanna Cro, Alessandro Dinuzzi e gli studenti di due<br \/>\nclassi del liceo Leonardo da Vinci di Belluno che hanno seguito i laboratori di scrittura e di teatro di questa iniziativa della Presidenza del Consiglio dei Ministri finanziata dalla Regione del Veneto per la valorizzazione dei territori colpiti dalla tempesta Vaia e in memoria delle vicende storiche della Prima Guerra Mondiale.<\/p>\n\n\t\t\t<style type='text\/css'>\n\t\t\t\t#gallery-4 {\n\t\t\t\t\tmargin: auto;\n\t\t\t\t}\n\t\t\t\t#gallery-4 .gallery-item {\n\t\t\t\t\tfloat: left;\n\t\t\t\t\tmargin-top: 10px;\n\t\t\t\t\ttext-align: center;\n\t\t\t\t\twidth: 20%;\n\t\t\t\t}\n\t\t\t\t#gallery-4 img {\n\t\t\t\t\tborder: 2px solid #cfcfcf;\n\t\t\t\t}\n\t\t\t\t#gallery-4 .gallery-caption {\n\t\t\t\t\tmargin-left: 0;\n\t\t\t\t}\n\t\t\t\t\/* see gallery_shortcode() in wp-includes\/media.php *\/\n\t\t\t<\/style>\n\t\t<div id='gallery-4' class='dt-gallery-container gallery galleryid-211418 gallery-columns-5 gallery-size-thumbnail'><dl class='gallery-item'>\n\t\t\t\t<dt class='gallery-icon landscape'>\n\t\t\t\t\t<a class=\"rollover rollover-zoom dt-pswp-item\" title=\"a5adfcf0-24cf-4400-9d56-a59215bc39ea\" data-dt-img-description=\"\" data-large_image_width=\"1600\" data-large_image_height=\"1055\"href='https:\/\/www.radiopiu.net\/wordpress\/wp-content\/uploads\/2021\/05\/a5adfcf0-24cf-4400-9d56-a59215bc39ea.jpg'><img loading=\"lazy\" decoding=\"async\" width=\"150\" height=\"150\" src=\"https:\/\/www.radiopiu.net\/wordpress\/wp-content\/uploads\/2021\/05\/a5adfcf0-24cf-4400-9d56-a59215bc39ea-150x150.jpg\" class=\"attachment-thumbnail size-thumbnail\" alt=\"\" \/><\/a>\n\t\t\t\t<\/dt><\/dl><dl class='gallery-item'>\n\t\t\t\t<dt class='gallery-icon landscape'>\n\t\t\t\t\t<a class=\"rollover rollover-zoom dt-pswp-item\" title=\"bd65c31b-242e-4cbd-beb9-e571b1c6d371\" data-dt-img-description=\"\" data-large_image_width=\"1600\" data-large_image_height=\"900\"href='https:\/\/www.radiopiu.net\/wordpress\/wp-content\/uploads\/2021\/05\/bd65c31b-242e-4cbd-beb9-e571b1c6d371.jpg'><img loading=\"lazy\" decoding=\"async\" width=\"150\" height=\"150\" src=\"https:\/\/www.radiopiu.net\/wordpress\/wp-content\/uploads\/2021\/05\/bd65c31b-242e-4cbd-beb9-e571b1c6d371-150x150.jpg\" class=\"attachment-thumbnail size-thumbnail\" alt=\"\" \/><\/a>\n\t\t\t\t<\/dt><\/dl><dl class='gallery-item'>\n\t\t\t\t<dt class='gallery-icon landscape'>\n\t\t\t\t\t<a class=\"rollover rollover-zoom dt-pswp-item\" title=\"de50e388-39fb-4151-bc56-289fc56f3058\" data-dt-img-description=\"\" data-large_image_width=\"1600\" data-large_image_height=\"907\"href='https:\/\/www.radiopiu.net\/wordpress\/wp-content\/uploads\/2021\/05\/de50e388-39fb-4151-bc56-289fc56f3058.jpg'><img loading=\"lazy\" decoding=\"async\" width=\"150\" height=\"150\" src=\"https:\/\/www.radiopiu.net\/wordpress\/wp-content\/uploads\/2021\/05\/de50e388-39fb-4151-bc56-289fc56f3058-150x150.jpg\" class=\"attachment-thumbnail size-thumbnail\" alt=\"\" \/><\/a>\n\t\t\t\t<\/dt><\/dl><dl class='gallery-item'>\n\t\t\t\t<dt class='gallery-icon landscape'>\n\t\t\t\t\t<a class=\"rollover rollover-zoom dt-pswp-item\" title=\"ad901d0c-942e-4d09-93e7-ad04627722bb\" data-dt-img-description=\"\" data-large_image_width=\"1600\" data-large_image_height=\"900\"href='https:\/\/www.radiopiu.net\/wordpress\/wp-content\/uploads\/2021\/05\/ad901d0c-942e-4d09-93e7-ad04627722bb.jpg'><img loading=\"lazy\" decoding=\"async\" width=\"150\" height=\"150\" src=\"https:\/\/www.radiopiu.net\/wordpress\/wp-content\/uploads\/2021\/05\/ad901d0c-942e-4d09-93e7-ad04627722bb-150x150.jpg\" class=\"attachment-thumbnail size-thumbnail\" alt=\"\" \/><\/a>\n\t\t\t\t<\/dt><\/dl><dl class='gallery-item'>\n\t\t\t\t<dt class='gallery-icon landscape'>\n\t\t\t\t\t<a class=\"rollover rollover-zoom dt-pswp-item\" title=\"25aa7491-4729-49f3-aa3a-0c5bf0677b5e\" data-dt-img-description=\"\" data-large_image_width=\"1600\" data-large_image_height=\"1101\"href='https:\/\/www.radiopiu.net\/wordpress\/wp-content\/uploads\/2021\/05\/25aa7491-4729-49f3-aa3a-0c5bf0677b5e.jpg'><img loading=\"lazy\" decoding=\"async\" width=\"150\" height=\"150\" src=\"https:\/\/www.radiopiu.net\/wordpress\/wp-content\/uploads\/2021\/05\/25aa7491-4729-49f3-aa3a-0c5bf0677b5e-150x150.jpg\" class=\"attachment-thumbnail size-thumbnail\" alt=\"\" \/><\/a>\n\t\t\t\t<\/dt><\/dl><br style=\"clear: both\" \/>\n\t\t\t<\/div>\n\n<p>&nbsp;<\/p>\n<p><a href=\"https:\/\/www.youtube.com\/watch?v=XYOXx8sIOr0&amp;t=407s\">CLICCA QUI<\/a> PER VEDERE LO SPETTACOLO DI ALLEGHE<\/p>\n<p>&nbsp;<\/p>\n<hr \/>\n<p>&nbsp;<\/p>\n<p>&nbsp;<\/p>\n<blockquote class=\"wp-embedded-content\" data-secret=\"CsK3InSQle\"><p><a href=\"https:\/\/www.radiopiu.net\/wordpress\/crozza-zaia-e-lo-spot-a-titolo-gratuito-di-red-canzian-naturamente-segnalato-da-mirko-di-radio-piu\/\">CROZZA-ZAIA E LO SPOT A TITOLO GRATUITO DI RED CANZIAN, NATURAMENTE SEGNALATO DA MIRKO DI RADIO PIU&#8217;<\/a><\/p><\/blockquote>\n<p><iframe loading=\"lazy\" class=\"wp-embedded-content\" sandbox=\"allow-scripts\" security=\"restricted\" style=\"position: absolute; clip: rect(1px, 1px, 1px, 1px);\" title=\"&#8220;CROZZA-ZAIA E LO SPOT A TITOLO GRATUITO DI RED CANZIAN, NATURAMENTE SEGNALATO DA MIRKO DI RADIO PIU&#8217;&#8221; &#8212; Radio Pi\u00f9\" src=\"https:\/\/www.radiopiu.net\/wordpress\/crozza-zaia-e-lo-spot-a-titolo-gratuito-di-red-canzian-naturamente-segnalato-da-mirko-di-radio-piu\/embed\/#?secret=CsK3InSQle\" data-secret=\"CsK3InSQle\" width=\"600\" height=\"338\" frameborder=\"0\" marginwidth=\"0\" marginheight=\"0\" scrolling=\"no\"><\/iframe><\/p>\n<p>&nbsp;<\/p>\n<p>&nbsp;<\/p>\n<p>&nbsp;<\/p>\n<hr \/>\n<p>&nbsp;<\/p>\n<blockquote>\n<h3>DAL 27 AL 30 MAGGIO LA PRIMA EDIZIONE DEL &#8220;DOLOMITI FILM FESTIVAL&#8221;, FESTIVAL INTERNAZIONALE CINEMA NATURA, AMBIENTE, MONTAGNA<\/h3>\n<\/blockquote>\n<p><strong><a href=\"https:\/\/www.radiopiu.net\/wordpress\/dal-27-al-30-maggio-la-prima-edizione-del-dolomiti-film-festival-festival-internazionale-cinema-natura-ambiente-montagna\/dolomiti-film-festival-immagine-con-loghi\/\" rel=\"attachment wp-att-211196\"><img loading=\"lazy\" decoding=\"async\" class=\"size-medium wp-image-211196 alignleft\" src=\"https:\/\/www.radiopiu.net\/wordpress\/wp-content\/uploads\/2021\/05\/Dolomiti-Film-Festival-Immagine-con-loghi-300x191.jpeg\" alt=\"\" width=\"300\" height=\"191\" srcset=\"https:\/\/www.radiopiu.net\/wordpress\/wp-content\/uploads\/2021\/05\/Dolomiti-Film-Festival-Immagine-con-loghi-300x191.jpeg 300w, https:\/\/www.radiopiu.net\/wordpress\/wp-content\/uploads\/2021\/05\/Dolomiti-Film-Festival-Immagine-con-loghi.jpeg 640w\" sizes=\"auto, (max-width: 300px) 100vw, 300px\" \/><\/a>FALCADE &#8211; ALLEGHE<\/strong> L\u2019Unione Montana Agordina, cuore pulsante della montagna bellunese, costituita da sedici Comuni sovrastati da montagne simbolo delle Dolomiti come Marmolada, Civetta e Focobon, danno il benvenuto alla prima edizione del DOLOMITI FILM FESTIVAL, che si svolger\u00e0 tra Alleghe e Falcade oltre che in modalit\u00e0 streaming, dal 27 al 30 maggio. Il Festival \u00e8 realizzato grazie al Bando Buone Pratiche, Rassegne e Festival promosso da MIC e MIUR all\u2019interno del Piano Nazionale Cinema per la Scuola 2019\/2020. E\u2019 un evento nuovo, un festival del cinema internazionale, finalmente possibile in questa fase post pandemia, incentrato su tematiche ambientali come: natura, ambiente e montagna. Pensato per i giovani, grazie al concorso dedicato alle scuole che ha interessato gli studenti degli istituti nazionali\u00a0 di istruzione secondaria. I ragazzi hanno realizzato video a tematica ambientale che verranno valutati da un\u2019apposita giuria di studenti dell\u2019Istituto Comprensivo di Cencenighe Agordino. Il DFF prevede inoltre un concorso internazionale dedicato ai cineasti di tutto il mondo, focalizzato sui cortometraggi di finzione della durata massima di 15\u2019, e sui documentari sotto i 30\u2019, dedicati alle tematiche dell\u2019ambiente e della montagna. Dolomiti Film Festival ha ricevuto oltre trecento cortometraggi e documentari provenienti da 43 nazioni differenti, selezionando una ventina di opere. Il Festival porta con s\u00e9 serate evento, incentrate sulla cultura della montagna con ospiti che sono riconosciuti come protagonisti della cultura alpina e ambientale. Una grande opportunit\u00e0, che l\u2019intera comunit\u00e0 agordina ha saputo cogliere, dando massimo supporto agli organizzatori dell\u2019evento Federico Massa di \u00a0Gooliver e Tommaso Brugin di Settimo Binario. L\u2019evento \u00e8 ad entrata libera secondo le norme vigenti in fatto di Covid e si svolger\u00e0 secondo il programma allegato ed \u00e8 aperto a tutti gli appassionati di montagne. Il DFF, \u00e8 un progetto vincitore del Bando MIUR MIC \u201cBuone Pratiche, Rassegne e Festival\u201d, nell\u2019ambito del Piano Nazionale Cinema per la Scuola 2019\/2020. L\u2019iniziativa si avvale in particolare della collaborazione di Aku, Asi, Avilab, Unione Montana Agordina, Comune di Agordo, Comune di Alleghe, Comune di Falcade, PromoFalcade Dolomiti, Istituto Comprensivo di Cencenighe Agordino e Rete eventi &#8211; Provincia di Belluno. Vanta inoltre il patrocinio di Ministero della transizione ecologica, Regione Veneto, ARPAV, Fondazione Dolomiti Unesco e CAI di Agordo.<\/p>\n<p><strong>IL PROGRAMMA<\/strong><\/p>\n<a href=\"https:\/\/www.radiopiu.net\/wordpress\/wp-content\/uploads\/2021\/05\/DFF-PROGRAMMA.pdf\" class=\"pdfemb-viewer\" style=\"\" data-width=\"max\" data-height=\"max\" data-toolbar=\"top\" data-toolbar-fixed=\"on\">DFF PROGRAMMA<\/a>\n<p>&nbsp;<\/p>\n<hr \/>\n<p>&nbsp;<\/p>\n<blockquote>\n<h3>SU RADIO PIU TORNA COLLAGE,\u00a0 ALLE 16 CON LORIS SCUSSEL<\/h3>\n<\/blockquote>\n<p><strong><a href=\"https:\/\/www.radiopiu.net\/wordpress\/su-radio-piu-torna-collage-da-domani-alle-16-con-loris-scussel\/schermata-2021-05-23-alle-11-50-11\/\" rel=\"attachment wp-att-211430\"><img loading=\"lazy\" decoding=\"async\" class=\"size-medium wp-image-211430 alignleft\" src=\"https:\/\/www.radiopiu.net\/wordpress\/wp-content\/uploads\/2021\/05\/Schermata-2021-05-23-alle-11.50.11-300x212.png\" alt=\"\" width=\"300\" height=\"212\" srcset=\"https:\/\/www.radiopiu.net\/wordpress\/wp-content\/uploads\/2021\/05\/Schermata-2021-05-23-alle-11.50.11-300x212.png 300w, https:\/\/www.radiopiu.net\/wordpress\/wp-content\/uploads\/2021\/05\/Schermata-2021-05-23-alle-11.50.11-1024x722.png 1024w, https:\/\/www.radiopiu.net\/wordpress\/wp-content\/uploads\/2021\/05\/Schermata-2021-05-23-alle-11.50.11-768x542.png 768w, https:\/\/www.radiopiu.net\/wordpress\/wp-content\/uploads\/2021\/05\/Schermata-2021-05-23-alle-11.50.11.png 1120w\" sizes=\"auto, (max-width: 300px) 100vw, 300px\" \/><\/a>di Loris Scussel<\/strong><\/p>\n<p>COLLAGE OPERAZIONE NOSTALGIA.<\/p>\n<p>Il programma \u00e8 andato in onda da dicembre 2013 fino a luglio 2019, comprese le repliche, in due serie per 350 puntate complessive con 1.890 brani trasmessi e passava in radio alle ore 16,00 ed alle 23,00. La formula prevedeva una ventina di minuti in musica a volte con un tema conduttore, altre senza che i brani trasmessi avessero niente in comune tra loro come in un collage astratto. Abbiamo ascoltato i cantanti di casa nostra da Mina a Battisti e gruppi come i Beatles o i Jethro Tull, brani semplici di facile ascolto come quelli delle puntate \u201cJuke Box\u201d alternati anche musica pi\u00f9 impegnata come proposta dalla tromba di Chet Baker o dalla chitarra di Django Reinhardt e cos\u00ec via. L\u2019obiettivo del programma \u00e8 sempre quello di riproporre ai nostri ascoltatori pi\u00f9 grandicelli le canzoni che ascoltavano nel passato e nello stesso tempo di farle conoscere anche ai pi\u00f9 giovani.<br \/>\nBuon ascolto!<\/p>\n<p><em><strong>IL PROGRAMMA SARA&#8217; IN ONDA DAL LUNEDI AL VENERDI ALLE 16 E ALLE 23<\/strong><\/em><\/p>\n<p>&nbsp;<\/p>\n<p>&nbsp;<\/p>\n<hr \/>\n<p>&nbsp;<\/p>\n<blockquote>\n<h3>PRIMO ITINERARIO (DI 10) TRA \u201cLE VILLE DEL PAESAGGIO PREALPINO BELLUNESE\u201d<\/h3>\n<\/blockquote>\n<p><strong>di Renato Bona<\/strong><\/p>\n<p>\u201cDa Pedavena a Feltre, attraverso il \u2018Canal\u00e8t\u2019\u201d. E\u2019 la denominazione dell\u2019itinerario numero uno dei dieci proposti nel bellissimo libro-guida della milanese Edizioni Charta \u201cLe ville nel paesaggio prealpino della Provincia di Belluno\u201d, edito nel 1997 dall\u2019Amministrazione provinciale bellunese con il contributo della Fondazione Cassa di risparmio di Verona, Vicenza, Belluno ed Ancona, e curato dallo storico Paolo Conte con testi di Simonetta Chiovaro, fotografie del bellunese Mauro De Santi e presentazione dell\u2019allora presidente della Provincia, Oscar De Bona, a quattro mani con la responsabile del referato ai Beni culturali prof. Nicoletta Comar. L\u2019itinerario &#8211; permette di compiere un percorso che abbraccia i comuni di Feltre, Pedavena e Fonzaso; fra l\u2019altro \u201csi attraversa il piccolo e antico borgo di Sant\u2019Osvaldo e subito dopo si imbocca la bellissima strada denominata \u2018Canal\u00e8t\u2019: la sua importanza storica e ambientale \u00e8 tale che il tracciato \u00e8 stato sottoposto a vincolo da parte della Soprintendenza &#8211; parte da Tast di Farra, con villa Banchieri e prosegue cos\u00ec: Farra: villa Bonsembiante; Pedavena: villa Pasole; Telva di Fac\u00e8n: villa Fac\u00e8n \u00d2rum; Fac\u00e8n: villa Marsiai; Alt\u00f2r; villa Alt\u00f2re; Fonzaso: villa de\u2019 Pantz, villa Riera, villa Angeli; Art\u00e8n: villa Tonello; Tomo: villa Guarnieri. Partiamo dunque da VILLA BANCHIERI: settecentesca, la villa \u00e8 stata oggetto di varie modifiche ed integrazioni. Sorge in posizione dominante, la facciata principale rivolta a sud \u00e8 preceduta da un giardino a terrazzamenti e una lunga rampa erbosa a gradini che porta verso l\u2019ingresso. Corpo a due piani nella parte frontale \u201cha perso l\u2019antica simmetria per l\u2019aggiunta ad est di un loggiato a tre fornici\u201d. Quindi VILLA BONSEMBIANTE: impianto secentesco, con trasformazioni verso la fine del XIX secolo per alzarla di un piano e, fra l\u2019altro, introdurre lo scalone monumentale di accesso al piano nobile. Il corpo padronale \u00e8 affiancato da due annessi rustici con arcate al piano terreno e a quello superiore. Dietro l\u2019edificio, vi \u00e8 la cappella di famiglia dedicata a San Bovo. Approdiamo a VILLA PASOLE: \u201cesempio molto importante di villa veneta in ambiente prealpino, confrontabile per ampiezza e bellezza alla villa Fulcis Montalban di Safforze a Belluno\u201d. Alcuni studiosi ritengono che sia stata costruita verso la met\u00e0 del XVII secolo sulle rovine del castello che secondo la tradizione locale venne distrutto nel 1350 dalle truppe dell\u2019imperatore Carlo IV. Come che sia, \u00e8 sottolineato che \u201cdecisamente particolari, per la soluzione adottata e per l\u2019unicit\u00e0 nel territorio provinciale, sono i loggiati d\u2019angolo al secondo piano dell\u2019edificio e lo scalone d\u2019ingresso\u201d; il giardino non \u00e8 molto grande, ma ben definito: una larga peschiera corre intorno ad un basso muretto di pietra, disegnando una foglia trilobata\u2026 Non poteva mancare la cappella privata, ad uso strettamente familiare, dedicata a Sant\u2019Anna. Ed eccoci a VILLA FAC\u00c8N-\u00d2RUM: Simonetta Chiovaro scrive che \u201c\u2026appartenne alla nobile famiglia Fac\u00e8n-\u00d2rum fino al principio del XIX secolo. Il complesso, nel suo insieme, ha subito numerosi rifacimenti e modifiche anche in seguito ai danni gravissimi conseguenti alla prima guerra mondiale. La costruzione ha quindi un interesse prevalentemente ambientale: essa infatti sorge in una bellissima posizione, che domina la valle\u201d. Sottoposta a lavori di restauro, ha mantenuto intatta la sua composizione. A questa villa &#8211; ricorda l\u2019autrice &#8211; \u00e8 legato un interessante aneddoto: nel 1729-30 un gruppo di amici fece una passeggiata dalla villa del nobile Gasparetti di Colvago a quella di Telva di Fac\u00e8n, attraverso le colline di Cart. Vi partecip\u00f2 anche il giovane Carlo Goldoni, aiuto cancelliere a Feltre. Vittore Fac\u00e8n-\u00d2rum era appassionato attore dilettane nella piccola compagnia feltrina formata dal commediografo veneziano (che lo citer\u00e0 anche nelle sue memorie); a questo proposito va ricordato che proprio nel teatro della Sena di Feltre Goldoni allest\u00ec la sua prima commedia. E siamo giunti a VILLA MARSIAI: presenta una doppia fronte: quella a sud-est \u00e8 la pi\u00f9 particola. Preceduta da una piccola terrazza-giardino sotto cui il terreno scende in ripido pendio, si presenta di scorcio al visitatore ed il particolare angolo visuale esalta l\u2019imponenza della facciata che non ha quasi sporgenze se si eccettua quella del cornicione sotto il tetto. L\u2019interno \u00e8 staro molto trasformato per farlo sede di una colonia. Interessante l\u2019ampia collezione d\u2019arte moderna di artisti locali e non che viene continuamente aggiornata: un migliaio fra pitture, sculture e opere grafiche donate dagli artisti ai ragazzi ospitati nella comunit\u00e0. Linee settecentesche, VILLA ALT\u00d2RE \u00e8 caratterizzata da un profondo portico al piano terra che \u201clascia intravedere un organismo edilizio preesistente: tre grandi arcate impostate su porzioni di muro si aprono completamente slegate dalla classica simmetria centrale che si ritrova invece ai piani superiori\u201d. Sono tre le ville prese in considerazione per Fonzaso. Partiamo da VILLA DE\u2019 PANTZ: fra l\u2019altro si legge: \u201cinteressante per la complessit\u00e0 degli elementi che si sono aggiunti e correlati nel tempo&#8230; Il complesso edilizio si \u00e8 conservato integro nell\u2019articolarsi dei volumi riferibili a varie epoche costruttive, Il corpo padronale, quasi interamente decorato negli ambienti interni da preziosi stucchi settecenteschi, presenta un corpo pi\u00f9 basso verso ovest, le cui caratteristiche architettoniche rimandano ad un\u2019epoca precedente la costruzione della villa. Da segnalare anche la bella scala in pietra ortogonale al salone centrale che collega tutti i piani dell\u2019edificio\u2026\u201d. VILLA RIERA: prende il nome dai proprietari che la acquistarono nel tardo Ottocento; molto probabilmente fu edificata nel corso del Settecento. L\u2019architettura \u00e8 impostata sul classico impianto veneto tripartito: il corpo principale \u00e8 attraversato sia al piano terra che al primo piano da saloni passanti. In facciata, due ali laterali pi\u00f9 basse si accostano al corpo centrale coronato dal timpano con occhio circolare: la decorazione architettonica in pietra disegna il motivo centrale utilizzando quattro lesene concluse da capitelli\u2026 Secondo fonti locali il complesso custod\u00ec fino all\u2019invasione austro-tedesca del 1917 una ricca pinacoteca non pi\u00f9 esistente. VILLA ANGELI: nelle sue linee essenziali risale al XVII secolo. In epoca recente \u00e8 stata oggetto di notevoli trasformazioni \u201ctanto da presentarsi oggi con connotati molto rigidi e freddi\u201d. Una litografia ottocentesca di Marco Moro fa vedere che \u201cnelle facciate che prospettano sul cortile interno, gli elementi architettonici originali sono stati riutilizzati come materiali di spoglio nel rimaneggiamento generale di superfici e volumi\u201d. Concludiamo il percorso con VILLA TONELLO: si tratta di un complesso articolato di edifici storici aggregatisi nel periodo dal XVI al XIX secolo. Il volume principale e isolato \u00e8 quello della villa sicuramente cinquecentesca. La costruzione si eleva su due soli piani; l\u2019edificio \u00e8 diviso longitudinalmente in due parti per la presenza dell\u2019avancorpo che contiene il portico ed il sovrastante loggiato; dietro a questo, gli ambienti d\u2019abitazione collegati in epoca recente da una scala interna. Le porte d\u2019accesso sono ravvicinate a due a due per ottenere l\u2019ampia superficie necessaria per accogliere il ciclo pittorico di affreschi. Da non trascurare il primo piano, settecentesco, che conserva una ricchissima serie di decorazioni in stucco. VILLA GUARNIERI: sorge in posizione dominante e gode di una splendida vista sulla conca feltrina. Era antica casa dominicale settecentesca, appartenuta al canonico Giuseppe Fabris il quale fece costruire anche la piccola chiesa dedicata a San Giuseppe. Dal 1860 la villa appartiene alla famiglia Guarnieri \u201cche vi ha apportato continue modifiche ed abbellimenti\u2026\u201d. La sistemazione del giardino \u00e8 stata costantemente migliorata ed \u00e8 uno degli elementi pi\u00f9 interessanti del complesso.<\/p>\n\n\t\t\t<style type='text\/css'>\n\t\t\t\t#gallery-5 {\n\t\t\t\t\tmargin: auto;\n\t\t\t\t}\n\t\t\t\t#gallery-5 .gallery-item {\n\t\t\t\t\tfloat: left;\n\t\t\t\t\tmargin-top: 10px;\n\t\t\t\t\ttext-align: center;\n\t\t\t\t\twidth: 20%;\n\t\t\t\t}\n\t\t\t\t#gallery-5 img {\n\t\t\t\t\tborder: 2px solid #cfcfcf;\n\t\t\t\t}\n\t\t\t\t#gallery-5 .gallery-caption {\n\t\t\t\t\tmargin-left: 0;\n\t\t\t\t}\n\t\t\t\t\/* see gallery_shortcode() in wp-includes\/media.php *\/\n\t\t\t<\/style>\n\t\t<div id='gallery-5' class='dt-gallery-container gallery galleryid-211418 gallery-columns-5 gallery-size-thumbnail'><dl class='gallery-item'>\n\t\t\t\t<dt class='gallery-icon landscape'>\n\t\t\t\t\t<a class=\"rollover rollover-zoom dt-pswp-item\" title=\"189416423_290576316065921_1787394919677259215_n\" data-dt-img-description=\"\" data-large_image_width=\"572\" data-large_image_height=\"403\"href='https:\/\/www.radiopiu.net\/wordpress\/wp-content\/uploads\/2021\/05\/189416423_290576316065921_1787394919677259215_n.jpg'><img loading=\"lazy\" decoding=\"async\" width=\"150\" height=\"150\" src=\"https:\/\/www.radiopiu.net\/wordpress\/wp-content\/uploads\/2021\/05\/189416423_290576316065921_1787394919677259215_n-150x150.jpg\" class=\"attachment-thumbnail size-thumbnail\" alt=\"\" \/><\/a>\n\t\t\t\t<\/dt><\/dl><dl class='gallery-item'>\n\t\t\t\t<dt class='gallery-icon landscape'>\n\t\t\t\t\t<a class=\"rollover rollover-zoom dt-pswp-item\" title=\"190591504_313076090408084_7056556548813805006_n\" data-dt-img-description=\"\" data-large_image_width=\"647\" data-large_image_height=\"403\"href='https:\/\/www.radiopiu.net\/wordpress\/wp-content\/uploads\/2021\/05\/190591504_313076090408084_7056556548813805006_n.jpg'><img loading=\"lazy\" decoding=\"async\" width=\"150\" height=\"150\" src=\"https:\/\/www.radiopiu.net\/wordpress\/wp-content\/uploads\/2021\/05\/190591504_313076090408084_7056556548813805006_n-150x150.jpg\" class=\"attachment-thumbnail size-thumbnail\" alt=\"\" \/><\/a>\n\t\t\t\t<\/dt><\/dl><dl class='gallery-item'>\n\t\t\t\t<dt class='gallery-icon landscape'>\n\t\t\t\t\t<a class=\"rollover rollover-zoom dt-pswp-item\" title=\"189444371_301284114811210_6193049756172330924_n\" data-dt-img-description=\"\" data-large_image_width=\"464\" data-large_image_height=\"403\"href='https:\/\/www.radiopiu.net\/wordpress\/wp-content\/uploads\/2021\/05\/189444371_301284114811210_6193049756172330924_n.jpg'><img loading=\"lazy\" decoding=\"async\" width=\"150\" height=\"150\" src=\"https:\/\/www.radiopiu.net\/wordpress\/wp-content\/uploads\/2021\/05\/189444371_301284114811210_6193049756172330924_n-150x150.jpg\" class=\"attachment-thumbnail size-thumbnail\" alt=\"\" \/><\/a>\n\t\t\t\t<\/dt><\/dl><dl class='gallery-item'>\n\t\t\t\t<dt class='gallery-icon landscape'>\n\t\t\t\t\t<a class=\"rollover rollover-zoom dt-pswp-item\" title=\"189195209_481405613073844_6452637346068457397_n\" data-dt-img-description=\"\" data-large_image_width=\"583\" data-large_image_height=\"403\"href='https:\/\/www.radiopiu.net\/wordpress\/wp-content\/uploads\/2021\/05\/189195209_481405613073844_6452637346068457397_n.jpg'><img loading=\"lazy\" decoding=\"async\" width=\"150\" height=\"150\" src=\"https:\/\/www.radiopiu.net\/wordpress\/wp-content\/uploads\/2021\/05\/189195209_481405613073844_6452637346068457397_n-150x150.jpg\" class=\"attachment-thumbnail size-thumbnail\" alt=\"\" \/><\/a>\n\t\t\t\t<\/dt><\/dl><dl class='gallery-item'>\n\t\t\t\t<dt class='gallery-icon landscape'>\n\t\t\t\t\t<a class=\"rollover rollover-zoom dt-pswp-item\" title=\"189270431_484210836245242_2923568885632138424_n\" data-dt-img-description=\"\" data-large_image_width=\"656\" data-large_image_height=\"403\"href='https:\/\/www.radiopiu.net\/wordpress\/wp-content\/uploads\/2021\/05\/189270431_484210836245242_2923568885632138424_n.jpg'><img loading=\"lazy\" decoding=\"async\" width=\"150\" height=\"150\" src=\"https:\/\/www.radiopiu.net\/wordpress\/wp-content\/uploads\/2021\/05\/189270431_484210836245242_2923568885632138424_n-150x150.jpg\" class=\"attachment-thumbnail size-thumbnail\" alt=\"\" \/><\/a>\n\t\t\t\t<\/dt><\/dl><br style=\"clear: both\" \/><dl class='gallery-item'>\n\t\t\t\t<dt class='gallery-icon portrait'>\n\t\t\t\t\t<a class=\"rollover rollover-zoom dt-pswp-item\" title=\"189198712_1715765755292540_6817297637585323837_n\" data-dt-img-description=\"\" data-large_image_width=\"350\" data-large_image_height=\"399\"href='https:\/\/www.radiopiu.net\/wordpress\/wp-content\/uploads\/2021\/05\/189198712_1715765755292540_6817297637585323837_n.jpg'><img loading=\"lazy\" decoding=\"async\" width=\"150\" height=\"150\" src=\"https:\/\/www.radiopiu.net\/wordpress\/wp-content\/uploads\/2021\/05\/189198712_1715765755292540_6817297637585323837_n-150x150.jpg\" class=\"attachment-thumbnail size-thumbnail\" alt=\"\" \/><\/a>\n\t\t\t\t<\/dt><\/dl><dl class='gallery-item'>\n\t\t\t\t<dt class='gallery-icon landscape'>\n\t\t\t\t\t<a class=\"rollover rollover-zoom dt-pswp-item\" title=\"188204311_486667779274509_8229762071237584649_n\" data-dt-img-description=\"\" data-large_image_width=\"522\" data-large_image_height=\"403\"href='https:\/\/www.radiopiu.net\/wordpress\/wp-content\/uploads\/2021\/05\/188204311_486667779274509_8229762071237584649_n.jpg'><img loading=\"lazy\" decoding=\"async\" width=\"150\" height=\"150\" src=\"https:\/\/www.radiopiu.net\/wordpress\/wp-content\/uploads\/2021\/05\/188204311_486667779274509_8229762071237584649_n-150x150.jpg\" class=\"attachment-thumbnail size-thumbnail\" alt=\"\" \/><\/a>\n\t\t\t\t<\/dt><\/dl><dl class='gallery-item'>\n\t\t\t\t<dt class='gallery-icon landscape'>\n\t\t\t\t\t<a class=\"rollover rollover-zoom dt-pswp-item\" title=\"190229858_1103713530126397_8971825534572326442_n\" data-dt-img-description=\"\" data-large_image_width=\"460\" data-large_image_height=\"403\"href='https:\/\/www.radiopiu.net\/wordpress\/wp-content\/uploads\/2021\/05\/190229858_1103713530126397_8971825534572326442_n.jpg'><img loading=\"lazy\" decoding=\"async\" width=\"150\" height=\"150\" src=\"https:\/\/www.radiopiu.net\/wordpress\/wp-content\/uploads\/2021\/05\/190229858_1103713530126397_8971825534572326442_n-150x150.jpg\" class=\"attachment-thumbnail size-thumbnail\" alt=\"\" \/><\/a>\n\t\t\t\t<\/dt><\/dl><dl class='gallery-item'>\n\t\t\t\t<dt class='gallery-icon landscape'>\n\t\t\t\t\t<a class=\"rollover rollover-zoom dt-pswp-item\" title=\"188204311_480946493146532_1388733983584710657_n\" data-dt-img-description=\"\" data-large_image_width=\"546\" data-large_image_height=\"403\"href='https:\/\/www.radiopiu.net\/wordpress\/wp-content\/uploads\/2021\/05\/188204311_480946493146532_1388733983584710657_n.jpg'><img loading=\"lazy\" decoding=\"async\" width=\"150\" height=\"150\" src=\"https:\/\/www.radiopiu.net\/wordpress\/wp-content\/uploads\/2021\/05\/188204311_480946493146532_1388733983584710657_n-150x150.jpg\" class=\"attachment-thumbnail size-thumbnail\" alt=\"\" \/><\/a>\n\t\t\t\t<\/dt><\/dl><dl class='gallery-item'>\n\t\t\t\t<dt class='gallery-icon landscape'>\n\t\t\t\t\t<a class=\"rollover rollover-zoom dt-pswp-item\" title=\"188900312_984457459026922_7130478747705360192_n\" data-dt-img-description=\"\" data-large_image_width=\"454\" data-large_image_height=\"403\"href='https:\/\/www.radiopiu.net\/wordpress\/wp-content\/uploads\/2021\/05\/188900312_984457459026922_7130478747705360192_n.jpg'><img loading=\"lazy\" decoding=\"async\" width=\"150\" height=\"150\" src=\"https:\/\/www.radiopiu.net\/wordpress\/wp-content\/uploads\/2021\/05\/188900312_984457459026922_7130478747705360192_n-150x150.jpg\" class=\"attachment-thumbnail size-thumbnail\" alt=\"\" \/><\/a>\n\t\t\t\t<\/dt><\/dl><br style=\"clear: both\" \/><dl class='gallery-item'>\n\t\t\t\t<dt class='gallery-icon landscape'>\n\t\t\t\t\t<a class=\"rollover rollover-zoom dt-pswp-item\" title=\"188888589_349887783143656_5308890386459892273_n\" data-dt-img-description=\"\" data-large_image_width=\"769\" data-large_image_height=\"403\"href='https:\/\/www.radiopiu.net\/wordpress\/wp-content\/uploads\/2021\/05\/188888589_349887783143656_5308890386459892273_n.jpg'><img loading=\"lazy\" decoding=\"async\" width=\"150\" height=\"150\" src=\"https:\/\/www.radiopiu.net\/wordpress\/wp-content\/uploads\/2021\/05\/188888589_349887783143656_5308890386459892273_n-150x150.jpg\" class=\"attachment-thumbnail size-thumbnail\" alt=\"\" \/><\/a>\n\t\t\t\t<\/dt><\/dl><dl class='gallery-item'>\n\t\t\t\t<dt class='gallery-icon landscape'>\n\t\t\t\t\t<a class=\"rollover rollover-zoom dt-pswp-item\" title=\"188520991_917857609064742_3179937498331388901_n\" data-dt-img-description=\"\" data-large_image_width=\"553\" data-large_image_height=\"403\"href='https:\/\/www.radiopiu.net\/wordpress\/wp-content\/uploads\/2021\/05\/188520991_917857609064742_3179937498331388901_n.jpg'><img loading=\"lazy\" decoding=\"async\" width=\"150\" height=\"150\" src=\"https:\/\/www.radiopiu.net\/wordpress\/wp-content\/uploads\/2021\/05\/188520991_917857609064742_3179937498331388901_n-150x150.jpg\" class=\"attachment-thumbnail size-thumbnail\" alt=\"\" \/><\/a>\n\t\t\t\t<\/dt><\/dl><dl class='gallery-item'>\n\t\t\t\t<dt class='gallery-icon landscape'>\n\t\t\t\t\t<a class=\"rollover rollover-zoom dt-pswp-item\" title=\"190355996_486571782449815_1160704138020760762_n\" data-dt-img-description=\"\" data-large_image_width=\"621\" data-large_image_height=\"403\"href='https:\/\/www.radiopiu.net\/wordpress\/wp-content\/uploads\/2021\/05\/190355996_486571782449815_1160704138020760762_n.jpg'><img loading=\"lazy\" decoding=\"async\" width=\"150\" height=\"150\" src=\"https:\/\/www.radiopiu.net\/wordpress\/wp-content\/uploads\/2021\/05\/190355996_486571782449815_1160704138020760762_n-150x150.jpg\" class=\"attachment-thumbnail size-thumbnail\" alt=\"\" \/><\/a>\n\t\t\t\t<\/dt><\/dl><dl class='gallery-item'>\n\t\t\t\t<dt class='gallery-icon landscape'>\n\t\t\t\t\t<a class=\"rollover rollover-zoom dt-pswp-item\" title=\"189495034_1827955397383735_5811559196666332250_n\" data-dt-img-description=\"\" data-large_image_width=\"518\" data-large_image_height=\"403\"href='https:\/\/www.radiopiu.net\/wordpress\/wp-content\/uploads\/2021\/05\/189495034_1827955397383735_5811559196666332250_n.jpg'><img loading=\"lazy\" decoding=\"async\" width=\"150\" height=\"150\" src=\"https:\/\/www.radiopiu.net\/wordpress\/wp-content\/uploads\/2021\/05\/189495034_1827955397383735_5811559196666332250_n-150x150.jpg\" class=\"attachment-thumbnail size-thumbnail\" alt=\"\" \/><\/a>\n\t\t\t\t<\/dt><\/dl><dl class='gallery-item'>\n\t\t\t\t<dt class='gallery-icon landscape'>\n\t\t\t\t\t<a class=\"rollover rollover-zoom dt-pswp-item\" title=\"190263163_961055714721319_1660102723169294837_n\" data-dt-img-description=\"\" data-large_image_width=\"445\" data-large_image_height=\"403\"href='https:\/\/www.radiopiu.net\/wordpress\/wp-content\/uploads\/2021\/05\/190263163_961055714721319_1660102723169294837_n.jpg'><img loading=\"lazy\" decoding=\"async\" width=\"150\" height=\"150\" src=\"https:\/\/www.radiopiu.net\/wordpress\/wp-content\/uploads\/2021\/05\/190263163_961055714721319_1660102723169294837_n-150x150.jpg\" class=\"attachment-thumbnail size-thumbnail\" alt=\"\" \/><\/a>\n\t\t\t\t<\/dt><\/dl><br style=\"clear: both\" \/>\n\t\t\t<\/div>\n\n<p>NELLE FOTO (riproduzioni dal libro \u201cLe ville nel paesaggio prealpino della Provincia di Belluno\u201d): scorcio della facciata sud di villa Banchieri; con lo sfondo delle Vette Feltrine, la Bonsembiante; il complesso di villa Pasole; particolare del giardino antistante; un ambiente interno dello stesso edificio; villa Fac\u00e8n \u00d2rum; facciata interna di villa Marsiai; scorcio della facciata principale della Alt\u00f2re; fronte settentrionale su Piazza Salvo D\u2019Acquisto di villa de\u2019 Pantz; particolare della facciata principale di villa Riera; villa Angeli: scorcio del complesso dal cortile interno; la Tonello ed una parte degli annessi rustici; della stessa villa: ambiente cinquecentesco del pianterreno e settecentesco del secondo piano; il complesso di villa Guarnieri con lo splendido giardino; e con lo sfondo, sulla destra, del centro storico di Feltre.<\/p>\n<p>&nbsp;<\/p>\n<p>&nbsp;<\/p>\n<hr \/>\n<p>&nbsp;<\/p>\n<div>\n<div class=\"b654a4as d2edcug0\">\n<div class=\"rq0escxv hkbzh7o3 jwdofwj8 n8tt0mok r8blr3vg hyh9befq\">\n<p><a class=\"dt-pswp-item\" href=\"https:\/\/www.radiopiu.net\/wordpress\/wp-content\/uploads\/2020\/10\/pp.jpg\" data-dt-img-description=\"\" data-large_image_width=\"640\" data-large_image_height=\"640\"><img loading=\"lazy\" decoding=\"async\" class=\"wp-image-163678 alignleft\" src=\"https:\/\/www.radiopiu.net\/wordpress\/wp-content\/uploads\/2020\/10\/pp-300x300.jpg\" alt=\"\" width=\"106\" height=\"106\" srcset=\"https:\/\/www.radiopiu.net\/wordpress\/wp-content\/uploads\/2020\/10\/pp-300x300.jpg 300w, https:\/\/www.radiopiu.net\/wordpress\/wp-content\/uploads\/2020\/10\/pp-150x150.jpg 150w, https:\/\/www.radiopiu.net\/wordpress\/wp-content\/uploads\/2020\/10\/pp-125x125.jpg 125w, https:\/\/www.radiopiu.net\/wordpress\/wp-content\/uploads\/2020\/10\/pp-200x200.jpg 200w, https:\/\/www.radiopiu.net\/wordpress\/wp-content\/uploads\/2020\/10\/pp-80x80.jpg 80w, https:\/\/www.radiopiu.net\/wordpress\/wp-content\/uploads\/2020\/10\/pp-480x480.jpg 480w, https:\/\/www.radiopiu.net\/wordpress\/wp-content\/uploads\/2020\/10\/pp.jpg 640w\" sizes=\"auto, (max-width: 106px) 100vw, 106px\" \/><\/a><\/p>\n<\/div>\n<\/div>\n<\/div>\n<div>\n<div class=\"page-title-head hgroup\">\n<div class=\"page-title-head hgroup\">\n<div>\n<div class=\"b654a4as d2edcug0\">\n<div class=\"j83agx80 btwxx1t3 lhclo0ds hop8lmos nkwizq5d scwd0bx6 roh60bw9\">\n<div class=\"rq0escxv hkbzh7o3 jwdofwj8 n8tt0mok r8blr3vg hyh9befq\">\n<div class=\"do00u71z l9j0dhe7 k4urcfbm\">\n<h2><span style=\"color: #000080;\">DON CESARE, IL PENSIERO DEL GIORNO. ALLA RADIO ALLE 7 DEL MATTINO E ALLE 19.30 DELLA SERA.\u00a0\u00a0<\/span><\/h2>\n<\/div>\n<\/div>\n<\/div>\n<div class=\"rq0escxv hkbzh7o3 jwdofwj8 n8tt0mok r8blr3vg hyh9befq\">\n<p>&nbsp;<\/p>\n<audio class=\"wp-audio-shortcode\" id=\"audio-211418-6\" preload=\"none\" style=\"width: 100%;\" controls=\"controls\"><source type=\"audio\/mpeg\" src=\"https:\/\/www.radiopiu.net\/wordpress\/wp-content\/uploads\/2021\/05\/CESARE-17.mp3?_=6\" \/><a href=\"https:\/\/www.radiopiu.net\/wordpress\/wp-content\/uploads\/2021\/05\/CESARE-17.mp3\">https:\/\/www.radiopiu.net\/wordpress\/wp-content\/uploads\/2021\/05\/CESARE-17.mp3<\/a><\/audio>\n<p>&nbsp;<\/p>\n<p>&nbsp;<\/p>\n<hr \/>\n<\/div>\n<\/div>\n<\/div>\n<\/div>\n<\/div>\n<\/div>\n<h2><\/h2>\n<h2><strong><span style=\"color: #ff0000;\">ALLA RADIO<\/span><\/strong><\/h2>\n<div data-offset-key=\"5n5nl-0-0\">\n<h3>Per ricevere gli aggiornamenti in tempo reale delle notizie pubblicate alla radio e sul sito di radio pi\u00f9 iscriviti al gruppo RADIO PIU INFORMAZIONE su Telegram.\u00a0\u00a0<a href=\"https:\/\/t.me\/radiopiu\">clicca qui<\/a><\/h3>\n<p>&nbsp;<\/p>\n<\/div>\n<blockquote><p><strong><a href=\"https:\/\/www.radiopiu.net\/wordpress\/cassa-solidarieta-luxottica-puntata-del-19-giugno-2020\/cslxo-2\/\" rel=\"attachment wp-att-145244\"><img loading=\"lazy\" decoding=\"async\" class=\"size-medium wp-image-145244 alignleft\" src=\"https:\/\/www.radiopiu.net\/wordpress\/wp-content\/uploads\/2020\/06\/cassa-solidarieta-luxottica-300x148.jpg\" alt=\"\" width=\"300\" height=\"148\" srcset=\"https:\/\/www.radiopiu.net\/wordpress\/wp-content\/uploads\/2020\/06\/cassa-solidarieta-luxottica-300x148.jpg 300w, https:\/\/www.radiopiu.net\/wordpress\/wp-content\/uploads\/2020\/06\/cassa-solidarieta-luxottica-1024x504.jpg 1024w, https:\/\/www.radiopiu.net\/wordpress\/wp-content\/uploads\/2020\/06\/cassa-solidarieta-luxottica-768x378.jpg 768w, https:\/\/www.radiopiu.net\/wordpress\/wp-content\/uploads\/2020\/06\/cassa-solidarieta-luxottica.jpg 1167w\" sizes=\"auto, (max-width: 300px) 100vw, 300px\" \/><\/a>di Claudio Fontanive<\/strong><\/p>\n<p>OSPITI: Paolo Chissal\u00e8 e Fabrizio Campedel<\/p>\n<p>&nbsp;<\/p>\n<p>&nbsp;<\/p>\n<p>&nbsp;<\/p>\n<p><strong>PUNTATA MAGGIO 2021<\/strong><\/p>\n<audio class=\"wp-audio-shortcode\" id=\"audio-211418-7\" preload=\"none\" style=\"width: 100%;\" controls=\"controls\"><source type=\"audio\/mpeg\" src=\"https:\/\/www.radiopiu.net\/wordpress\/wp-content\/uploads\/2021\/05\/ca-sol-lux-maggio-2021.mp3?_=7\" \/><a href=\"https:\/\/www.radiopiu.net\/wordpress\/wp-content\/uploads\/2021\/05\/ca-sol-lux-maggio-2021.mp3\">https:\/\/www.radiopiu.net\/wordpress\/wp-content\/uploads\/2021\/05\/ca-sol-lux-maggio-2021.mp3<\/a><\/audio>\n<p>&nbsp;<\/p>\n<p>&nbsp;<\/p>\n<h2>RACCOLTA COMPLETA<\/h2>\n<\/blockquote>\n<blockquote class=\"wp-embedded-content\" data-secret=\"qtWSpcvdN5\"><p><a href=\"https:\/\/www.radiopiu.net\/wordpress\/cassa-solidarieta-luxottica-puntata-del-16-ottobre-2020\/\">CASSA SOLIDARIET\u00c0 LUXOTTICA &#8211; TUTTE LE PUNTATE<\/a><\/p><\/blockquote>\n<p><iframe loading=\"lazy\" class=\"wp-embedded-content\" sandbox=\"allow-scripts\" security=\"restricted\" style=\"position: absolute; clip: rect(1px, 1px, 1px, 1px);\" title=\"&#8220;CASSA SOLIDARIET\u00c0 LUXOTTICA &#8211; TUTTE LE PUNTATE&#8221; &#8212; Radio Pi\u00f9\" src=\"https:\/\/www.radiopiu.net\/wordpress\/cassa-solidarieta-luxottica-puntata-del-16-ottobre-2020\/embed\/#?secret=qtWSpcvdN5\" data-secret=\"qtWSpcvdN5\" width=\"600\" height=\"338\" frameborder=\"0\" marginwidth=\"0\" marginheight=\"0\" scrolling=\"no\"><\/iframe><\/p>\n<div><\/div>\n<p>&nbsp;<\/p>\n<p>&nbsp;<\/p>\n<p>&nbsp;<\/p>\n<p>&nbsp;<\/p>\n<hr \/>\n<h1><span style=\"color: #ff0000;\">\u00a0<\/span><\/h1>\n<h1><span style=\"color: #ff0000;\">ALLA RADIO<\/span><\/h1>\n<blockquote>\n<h3><a href=\"https:\/\/www.radiopiu.net\/wordpress\/convocato-per-venerdi-13-novembre-il-consiglio-generale-chiamato-ad-eleggere-il-nuovo-segretario-generale-dopo-lingresso-di-cinzia-bonan-in-segreteria-regionale-ampia-convergenza-sul-nome-del\/schermata-2020-11-11-alle-12-25-13\/\" rel=\"attachment wp-att-172025\"><img loading=\"lazy\" decoding=\"async\" class=\"wp-image-172025 alignleft\" src=\"https:\/\/www.radiopiu.net\/wordpress\/wp-content\/uploads\/2020\/11\/Schermata-2020-11-11-alle-12.25.13-300x157.png\" alt=\"\" width=\"174\" height=\"91\" srcset=\"https:\/\/www.radiopiu.net\/wordpress\/wp-content\/uploads\/2020\/11\/Schermata-2020-11-11-alle-12.25.13-300x157.png 300w, https:\/\/www.radiopiu.net\/wordpress\/wp-content\/uploads\/2020\/11\/Schermata-2020-11-11-alle-12.25.13.png 594w\" sizes=\"auto, (max-width: 174px) 100vw, 174px\" \/><\/a>CISL LA VOCE DEI LAVORATORI CON PAOLO CHISSALE&#8217; E ALICE VETTOREL<\/h3>\n<h3>PUNTATA 19 MAGGIO<\/h3>\n<\/blockquote>\n<audio class=\"wp-audio-shortcode\" id=\"audio-211418-8\" preload=\"none\" style=\"width: 100%;\" controls=\"controls\"><source type=\"audio\/mpeg\" src=\"https:\/\/www.radiopiu.net\/wordpress\/wp-content\/uploads\/2021\/05\/cisl-la-voce-dei-lavoratori.mp3?_=8\" \/><a href=\"https:\/\/www.radiopiu.net\/wordpress\/wp-content\/uploads\/2021\/05\/cisl-la-voce-dei-lavoratori.mp3\">https:\/\/www.radiopiu.net\/wordpress\/wp-content\/uploads\/2021\/05\/cisl-la-voce-dei-lavoratori.mp3<\/a><\/audio>\n<h3><\/h3>\n<h2 align=\"JUSTIFY\"><\/h2>\n<div>\n<div>\n<div class=\"page-title-head hgroup\">\n<div class=\"page-title-head hgroup\">\n<div class=\"page-title-head hgroup\">\n<p>&nbsp;<\/p>\n<blockquote>\n<h2><\/h2>\n<h2>FANTASTICHE DOLOMITI, NUOVA STAGIONE. APPUNTAMENTO QUINDICINALE IL GIOVEDI ALLE 10.30 E 19.00<\/h2>\n<\/blockquote>\n<h2><a class=\"dt-pswp-item\" href=\"https:\/\/www.radiopiu.net\/wordpress\/wp-content\/uploads\/2020\/10\/pp-2.jpg\" data-dt-img-description=\"\" data-large_image_width=\"384\" data-large_image_height=\"384\"><img loading=\"lazy\" decoding=\"async\" class=\"wp-image-165187 alignleft\" src=\"https:\/\/www.radiopiu.net\/wordpress\/wp-content\/uploads\/2020\/10\/pp-2-300x300.jpg\" alt=\"\" width=\"114\" height=\"114\" srcset=\"https:\/\/www.radiopiu.net\/wordpress\/wp-content\/uploads\/2020\/10\/pp-2-300x300.jpg 300w, https:\/\/www.radiopiu.net\/wordpress\/wp-content\/uploads\/2020\/10\/pp-2-150x150.jpg 150w, https:\/\/www.radiopiu.net\/wordpress\/wp-content\/uploads\/2020\/10\/pp-2.jpg 384w\" sizes=\"auto, (max-width: 114px) 100vw, 114px\" \/><\/a><\/h2>\n<h2><\/h2>\n<h2><span style=\"color: #ff0000;\">PUNTATA 16 20 MAGGIO<\/span><\/h2>\n<p><strong>OSPITE CLAUDIO CANOVA<\/strong><\/p>\n<p>&nbsp;<\/p>\n<audio class=\"wp-audio-shortcode\" id=\"audio-211418-9\" preload=\"none\" style=\"width: 100%;\" controls=\"controls\"><source type=\"audio\/mpeg\" src=\"https:\/\/www.radiopiu.net\/wordpress\/wp-content\/uploads\/2021\/05\/fantastiche-dolomiti-20-maggio.mp3?_=9\" \/><a href=\"https:\/\/www.radiopiu.net\/wordpress\/wp-content\/uploads\/2021\/05\/fantastiche-dolomiti-20-maggio.mp3\">https:\/\/www.radiopiu.net\/wordpress\/wp-content\/uploads\/2021\/05\/fantastiche-dolomiti-20-maggio.mp3<\/a><\/audio>\n<h3>LA RACCOLTA COMPLETA<\/h3>\n<p>https:\/\/www.radiopiu.net\/wordpress\/raccolta-completa\/<\/p>\n<p>&nbsp;<\/p>\n<p>&nbsp;<\/p>\n<p>&nbsp;<\/p>\n<hr \/>\n<div dir=\"auto\">\n<blockquote>\n<h3>SALUTE E SOCIETA&#8217; IL LUNEDI ALLE 13.10 E ALLE 20.10, LA DOMENICA ALLE 10.30 A CURA DEL DOTTOR MARCO CARACCIOLO. QUINTA STAGIONE<\/h3>\n<\/blockquote>\n<p><strong>LA PUNTATA DELLA SETTIMANA del 17 <\/strong><strong>MAGGIO<\/strong><\/p>\n<h2><span style=\"color: #ff0000;\">IERI ALLA RADIO<\/span><\/h2>\n<p><strong> <img loading=\"lazy\" decoding=\"async\" class=\"alignleft\" src=\"https:\/\/www.radiopiu.net\/wordpress\/wp-content\/uploads\/2021\/05\/f2cbf5d0-c467-6173-78b8-cfd2dc6eac85.jpg\" width=\"213\" height=\"120\" \/>con il dottor Marco Caracciolo<\/strong><\/p>\n<p><strong>in questa edizione:<\/strong> Novit\u00e0 nella terapia del tumore del polmone. La Commissione europea ha dato il via libera a una nuova indicazione del farmaco immunoterapico atezolizumab, un inibitore del checkpoint immunitario PD-L1, che ora \u00e8 indicato anche per il trattamento di prima linea di uno specifico gruppo di pazienti con tumore del polmone non a piccole cellule. Alessandra Terzaghi ne ha parlato con Filippo De Marinis, Direttore dell\u2019Unit\u00e0 di Oncologia Toracica dell\u2019Istituto Europeo di Oncologia di Milano (IEO).<\/p>\n<p><strong>AUDIO<\/strong><\/p>\n<audio class=\"wp-audio-shortcode\" id=\"audio-211418-10\" preload=\"none\" style=\"width: 100%;\" controls=\"controls\"><source type=\"audio\/mpeg\" src=\"https:\/\/www.radiopiu.net\/wordpress\/wp-content\/uploads\/2021\/05\/SALUTE-2.mp3?_=10\" \/><a href=\"https:\/\/www.radiopiu.net\/wordpress\/wp-content\/uploads\/2021\/05\/SALUTE-2.mp3\">https:\/\/www.radiopiu.net\/wordpress\/wp-content\/uploads\/2021\/05\/SALUTE-2.mp3<\/a><\/audio>\n<div dir=\"auto\">\n<p><strong>LA RACCOLTA COMPLETA\u00a0<\/strong><\/p>\n<\/div>\n<blockquote class=\"wp-embedded-content\" data-secret=\"cFv5LQ01tx\"><p><a href=\"https:\/\/www.radiopiu.net\/wordpress\/saluteesocieta\/\">Salute e Societ\u00e0<\/a><\/p><\/blockquote>\n<p><iframe loading=\"lazy\" class=\"wp-embedded-content\" sandbox=\"allow-scripts\" security=\"restricted\" style=\"position: absolute; clip: rect(1px, 1px, 1px, 1px);\" title=\"&#8220;Salute e Societ\u00e0&#8221; &#8212; Radio Pi\u00f9\" src=\"https:\/\/www.radiopiu.net\/wordpress\/saluteesocieta\/embed\/#?secret=cFv5LQ01tx\" data-secret=\"cFv5LQ01tx\" width=\"600\" height=\"338\" frameborder=\"0\" marginwidth=\"0\" marginheight=\"0\" scrolling=\"no\"><\/iframe><\/p>\n<p>&nbsp;<\/p>\n<hr \/>\n<p>&nbsp;<\/p>\n<blockquote>\n<h3 class=\"kvgmc6g5 cxmmr5t8 oygrvhab hcukyx3x c1et5uql\"><span style=\"color: #0000ff;\">INFORMAZIONE il canale su TELEGRAM informazione di prima mano e in tempo reale. iscriviti ed aiutaci a farlo conoscere\u00a0<\/span><\/h3>\n<\/blockquote>\n<h2><a href=\"https:\/\/www.radiopiu.net\/wordpress\/strutturare-lo-studio\/studiare\/\" rel=\"attachment wp-att-210171\"><img loading=\"lazy\" decoding=\"async\" class=\" wp-image-210171 alignleft\" src=\"https:\/\/www.radiopiu.net\/wordpress\/wp-content\/uploads\/2021\/05\/studiare-300x200.jpeg\" alt=\"\" width=\"177\" height=\"118\" srcset=\"https:\/\/www.radiopiu.net\/wordpress\/wp-content\/uploads\/2021\/05\/studiare-300x200.jpeg 300w, https:\/\/www.radiopiu.net\/wordpress\/wp-content\/uploads\/2021\/05\/studiare.jpeg 626w\" sizes=\"auto, (max-width: 177px) 100vw, 177px\" \/><\/a>007 IN CONDOTTA CON LA PROF. MARIA ROSA SALMAZO IL LUNEDI ALLE 10,30 E ALLE 19.00 LA DOMENICA ALLE 8 DEL MATTINO. NONA STAGIONE<\/h2>\n<p><span style=\"color: #ff0000;\"><strong>PUNTATA DEL 17 MAGGIO 2021\u00a0\u00a0<\/strong><\/span><\/p>\n<audio class=\"wp-audio-shortcode\" id=\"audio-211418-11\" preload=\"none\" style=\"width: 100%;\" controls=\"controls\"><source type=\"audio\/mpeg\" src=\"https:\/\/www.radiopiu.net\/wordpress\/wp-content\/uploads\/2021\/05\/007-17-magio.mp3?_=11\" \/><a href=\"https:\/\/www.radiopiu.net\/wordpress\/wp-content\/uploads\/2021\/05\/007-17-magio.mp3\">https:\/\/www.radiopiu.net\/wordpress\/wp-content\/uploads\/2021\/05\/007-17-magio.mp3<\/a><\/audio>\n<h2>LA RACCOLTA COMPLETA<\/h2>\n<blockquote class=\"wp-embedded-content\" data-secret=\"JGz8ISpwhl\"><p><a href=\"https:\/\/www.radiopiu.net\/wordpress\/007incondotta-9\/\">007 in condotta<\/a><\/p><\/blockquote>\n<p><iframe loading=\"lazy\" class=\"wp-embedded-content\" sandbox=\"allow-scripts\" security=\"restricted\" style=\"position: absolute; clip: rect(1px, 1px, 1px, 1px);\" title=\"&#8220;007 in condotta&#8221; &#8212; Radio Pi\u00f9\" src=\"https:\/\/www.radiopiu.net\/wordpress\/007incondotta-9\/embed\/#?secret=JGz8ISpwhl\" data-secret=\"JGz8ISpwhl\" width=\"600\" height=\"338\" frameborder=\"0\" marginwidth=\"0\" marginheight=\"0\" scrolling=\"no\"><\/iframe><\/p>\n<blockquote><p>&nbsp;<\/p><\/blockquote>\n<p>&nbsp;<\/p>\n<p>&nbsp;<\/p>\n<hr \/>\n<h1><span style=\"color: #ff0000;\"><strong>\u00a0<\/strong><\/span><\/h1>\n<h2><span style=\"color: #ff0000;\"><strong>IN VIVO VERSO 2020-21 ESTATE, RIASCOLTIAMOLI&#8230; DAL CASSETTO DEI RICORDI DI RADIO PIU&#8217;&#8230; LE PRIME\u00a0 SEI STAGIONI\u00a0\u00a0<\/strong><\/span><\/h2>\n<div class=\"page-title-head hgroup\">\n<div class=\"page-title-head hgroup\">\n<div class=\"page-title-head hgroup\">\n<div class=\"page-title-head hgroup\">\n<div class=\"page-title-head hgroup\">\n<div class=\"page-title-head hgroup\"><\/div>\n<div class=\"page-title-breadcrumbs\">\n<p><strong>LA RACCOLTA COMPLETA<\/strong><\/p>\n<\/div>\n<\/div>\n<\/div>\n<\/div>\n<\/div>\n<\/div>\n<blockquote class=\"wp-embedded-content\" data-secret=\"3G7NPwbgpH\"><p><a href=\"https:\/\/www.radiopiu.net\/wordpress\/in-vivo-verso\/\">In Vivo Verso<\/a><\/p><\/blockquote>\n<p><iframe loading=\"lazy\" class=\"wp-embedded-content\" sandbox=\"allow-scripts\" security=\"restricted\" style=\"position: absolute; clip: rect(1px, 1px, 1px, 1px);\" title=\"&#8220;In Vivo Verso&#8221; &#8212; Radio Pi\u00f9\" src=\"https:\/\/www.radiopiu.net\/wordpress\/in-vivo-verso\/embed\/#?secret=3G7NPwbgpH\" data-secret=\"3G7NPwbgpH\" width=\"600\" height=\"338\" frameborder=\"0\" marginwidth=\"0\" marginheight=\"0\" scrolling=\"no\"><\/iframe><\/p>\n<p>&nbsp;<\/p>\n<hr \/>\n<h2><span style=\"color: #ff0000;\"><a href=\"https:\/\/www.radiopiu.net\/wordpress\/giornale-radiopiu-05-gennaio-2021-direttore-mirko-mezzacasa\/133200401_100838761953611_1258544160541445132_o-2\/\" rel=\"attachment wp-att-183078\"><img loading=\"lazy\" decoding=\"async\" class=\" wp-image-183078 alignleft\" src=\"https:\/\/www.radiopiu.net\/wordpress\/wp-content\/uploads\/2021\/01\/133200401_100838761953611_1258544160541445132_o-1-300x157.jpg\" alt=\"\" width=\"192\" height=\"101\" srcset=\"https:\/\/www.radiopiu.net\/wordpress\/wp-content\/uploads\/2021\/01\/133200401_100838761953611_1258544160541445132_o-1-300x157.jpg 300w, https:\/\/www.radiopiu.net\/wordpress\/wp-content\/uploads\/2021\/01\/133200401_100838761953611_1258544160541445132_o-1.jpg 526w\" sizes=\"auto, (max-width: 192px) 100vw, 192px\" \/><\/a>GOCCE DI FILOSOFIA, CON CHIARA CAU, CON LISA DE LUCA. <\/span><\/h2>\n<h2><span style=\"color: #ff0000;\">TUTTI I GIORNI DAL LUNEDI AL VENERDI ALLE 6.55 E ALLE 18.55<\/span><\/h2>\n<h3>LA RACCOLTA COMPLETA<\/h3>\n<blockquote class=\"wp-embedded-content\" data-secret=\"yXvnPi6q3h\"><p><a href=\"https:\/\/www.radiopiu.net\/wordpress\/gocce-filosofia\/\">Gocce di filosofia<\/a><\/p><\/blockquote>\n<p><iframe loading=\"lazy\" class=\"wp-embedded-content\" sandbox=\"allow-scripts\" security=\"restricted\" style=\"position: absolute; clip: rect(1px, 1px, 1px, 1px);\" title=\"&#8220;Gocce di filosofia&#8221; &#8212; Radio Pi\u00f9\" src=\"https:\/\/www.radiopiu.net\/wordpress\/gocce-filosofia\/embed\/#?secret=yXvnPi6q3h\" data-secret=\"yXvnPi6q3h\" width=\"600\" height=\"338\" frameborder=\"0\" marginwidth=\"0\" marginheight=\"0\" scrolling=\"no\"><\/iframe><\/p>\n<p>&nbsp;<\/p>\n<hr \/>\n<p>&nbsp;<\/p>\n<p>&nbsp;<\/p>\n<div>\n<p>&nbsp;<\/p>\n<h2><span style=\"color: #800080;\"><strong>LA RASSEGNA STAMPA DA L&#8217;AMICO DEL POPOLO\u00a0<\/strong><\/span><\/h2>\n<h3 class=\"kvgmc6g5 cxmmr5t8 oygrvhab hcukyx3x c1et5uql\"><span style=\"color: #0000ff;\"> INFORMAZIONE il canale su TELEGRAM informazione di prima mano e in tempo reale. iscriviti ed aiutaci a farlo conoscere\u00a0<\/span><\/h3>\n<p><strong><a href=\"https:\/\/www.radiopiu.net\/wordpress\/governo-blocca-6-milioni-per-ladeguamento-delle-scuole-bellunesi\/scuola2\/\" rel=\"attachment wp-att-56109\"><img loading=\"lazy\" decoding=\"async\" class=\"size-medium wp-image-56109 alignleft\" src=\"https:\/\/www.radiopiu.net\/wordpress\/wp-content\/uploads\/2018\/08\/scuola2-300x200.jpg\" alt=\"\" width=\"300\" height=\"200\" srcset=\"https:\/\/www.radiopiu.net\/wordpress\/wp-content\/uploads\/2018\/08\/scuola2-300x200.jpg 300w, https:\/\/www.radiopiu.net\/wordpress\/wp-content\/uploads\/2018\/08\/scuola2-768x512.jpg 768w, https:\/\/www.radiopiu.net\/wordpress\/wp-content\/uploads\/2018\/08\/scuola2-1024x682.jpg 1024w, https:\/\/www.radiopiu.net\/wordpress\/wp-content\/uploads\/2018\/08\/scuola2.jpg 1280w\" sizes=\"auto, (max-width: 300px) 100vw, 300px\" \/><\/a>di Gianni Santomaso<\/strong><\/p>\n<p>OSPITE: Maria Rosa Salmazo<\/p>\n<audio class=\"wp-audio-shortcode\" id=\"audio-211418-12\" preload=\"none\" style=\"width: 100%;\" controls=\"controls\"><source type=\"audio\/mpeg\" src=\"https:\/\/www.radiopiu.net\/wordpress\/wp-content\/uploads\/2021\/05\/RASSEGNA-GIANNI-3.mp3?_=12\" \/><a href=\"https:\/\/www.radiopiu.net\/wordpress\/wp-content\/uploads\/2021\/05\/RASSEGNA-GIANNI-3.mp3\">https:\/\/www.radiopiu.net\/wordpress\/wp-content\/uploads\/2021\/05\/RASSEGNA-GIANNI-3.mp3<\/a><\/audio>\n<p>&nbsp;<\/p>\n<p>&nbsp;<\/p>\n<p><strong>LA RACCOLTA COMPLETA<\/strong><\/p>\n<blockquote class=\"wp-embedded-content\" data-secret=\"Np22y3k0Gz\"><p><a href=\"https:\/\/www.radiopiu.net\/wordpress\/rassegna-stampa-di-gianni-santomaso\/\">Rassegna stampa da l&#8217;amico del popolo &#8211; di Gianni Santomaso<\/a><\/p><\/blockquote>\n<p><iframe loading=\"lazy\" class=\"wp-embedded-content\" sandbox=\"allow-scripts\" security=\"restricted\" style=\"position: absolute; clip: rect(1px, 1px, 1px, 1px);\" title=\"&#8220;Rassegna stampa da l&#8217;amico del popolo &#8211; di Gianni Santomaso&#8221; &#8212; Radio Pi\u00f9\" src=\"https:\/\/www.radiopiu.net\/wordpress\/rassegna-stampa-di-gianni-santomaso\/embed\/#?secret=Np22y3k0Gz\" data-secret=\"Np22y3k0Gz\" width=\"600\" height=\"338\" frameborder=\"0\" marginwidth=\"0\" marginheight=\"0\" scrolling=\"no\"><\/iframe><\/p>\n<div class=\"b654a4as d2edcug0\"><\/div>\n<\/div>\n<p>&nbsp;<\/p>\n<p>&nbsp;<\/p>\n<\/div>\n<hr \/>\n<div>\n<div>\n<div class=\"b654a4as d2edcug0\">\n<div class=\"rq0escxv hkbzh7o3 jwdofwj8 n8tt0mok r8blr3vg hyh9befq\">\n<div class=\"b654a4as d2edcug0\">\n<h2><span style=\"color: #008000;\">\u00a0<\/span><\/h2>\n<h2><span style=\"color: #008000;\">ERBE E PIANTE CURATIVE&#8230;IL\u00a0 PROGRAMMA DI PAOLA LANCIATO<\/span><\/h2>\n<\/div>\n<p><strong><img loading=\"lazy\" decoding=\"async\" class=\"alignleft\" src=\"https:\/\/www.radiopiu.net\/wordpress\/wp-content\/uploads\/2021\/05\/th-12.jpg\" width=\"143\" height=\"107\" \/>di Paola Lanciato<\/strong><\/p>\n<p><strong>\u00a0<\/strong><\/p>\n<p><strong>L&#8217;ACACIA<\/strong><\/p>\n<audio class=\"wp-audio-shortcode\" id=\"audio-211418-13\" preload=\"none\" style=\"width: 100%;\" controls=\"controls\"><source type=\"audio\/mpeg\" src=\"https:\/\/www.radiopiu.net\/wordpress\/wp-content\/uploads\/2021\/05\/14-Lacacia-M.mp3?_=13\" \/><a href=\"https:\/\/www.radiopiu.net\/wordpress\/wp-content\/uploads\/2021\/05\/14-Lacacia-M.mp3\">https:\/\/www.radiopiu.net\/wordpress\/wp-content\/uploads\/2021\/05\/14-Lacacia-M.mp3<\/a><\/audio>\n<h3><strong>LA RACCOLTA COMPLETA\u00a0<\/strong><\/h3>\n<blockquote class=\"wp-embedded-content\" data-secret=\"Pid5oNALJR\"><p><a href=\"https:\/\/www.radiopiu.net\/wordpress\/erbe-e-piante-curative-il-mandorlo\/\">L\u2019ERBA VOGLIO DEL GIARDINO DEL RE\u2026 ERBE, FIORI E PIANTE DI E CON PAOLA LANCIATO<\/a><\/p><\/blockquote>\n<p><iframe loading=\"lazy\" class=\"wp-embedded-content\" sandbox=\"allow-scripts\" security=\"restricted\" style=\"position: absolute; clip: rect(1px, 1px, 1px, 1px);\" title=\"&#8220;L\u2019ERBA VOGLIO DEL GIARDINO DEL RE\u2026 ERBE, FIORI E PIANTE DI E CON PAOLA LANCIATO&#8221; &#8212; Radio Pi\u00f9\" src=\"https:\/\/www.radiopiu.net\/wordpress\/erbe-e-piante-curative-il-mandorlo\/embed\/#?secret=Pid5oNALJR\" data-secret=\"Pid5oNALJR\" width=\"600\" height=\"338\" frameborder=\"0\" marginwidth=\"0\" marginheight=\"0\" scrolling=\"no\"><\/iframe><\/p>\n<p>&nbsp;<\/p>\n<p>&nbsp;<\/p>\n<p>&nbsp;<\/p>\n<hr \/>\n<p>&nbsp;<\/p>\n<blockquote>\n<h2><span style=\"color: #ff0000;\"><em>ZAINO ALLA RADIO&#8230;ESTATE DI PAOLA LANCIATO TUTTI I GIORNI dal lunedi al venerdi ALLE 14 E 23.30\u00a0<\/em><\/span><\/h2>\n<\/blockquote>\n<p>&nbsp;<\/p>\n<p><strong>LA RACCOLTA COMPLETA\u00a0<\/strong><\/p>\n<blockquote class=\"wp-embedded-content\" data-secret=\"zOfmNlVSDX\"><p><a href=\"https:\/\/www.radiopiu.net\/wordpress\/zaino-femminile-lanciato\/\">Zaino da viaggio al femminile<\/a><\/p><\/blockquote>\n<p><iframe loading=\"lazy\" class=\"wp-embedded-content\" sandbox=\"allow-scripts\" security=\"restricted\" style=\"position: absolute; clip: rect(1px, 1px, 1px, 1px);\" title=\"&#8220;Zaino da viaggio al femminile&#8221; &#8212; Radio Pi\u00f9\" src=\"https:\/\/www.radiopiu.net\/wordpress\/zaino-femminile-lanciato\/embed\/#?secret=zOfmNlVSDX\" data-secret=\"zOfmNlVSDX\" width=\"600\" height=\"338\" frameborder=\"0\" marginwidth=\"0\" marginheight=\"0\" scrolling=\"no\"><\/iframe><\/p>\n<p>&nbsp;<\/p>\n<p>&nbsp;<\/p>\n<\/div>\n<\/div>\n<\/div>\n<div>\n<div class=\"page-title-head hgroup\">\n<div class=\"page-title-head hgroup\">\n<div>\n<div class=\"b654a4as d2edcug0\">\n<div class=\"rq0escxv hkbzh7o3 jwdofwj8 n8tt0mok r8blr3vg hyh9befq\">\n<p>&nbsp;<\/p>\n<\/div>\n<\/div>\n<div class=\"b654a4as d2edcug0\">\n<hr \/>\n<p>&nbsp;<\/p>\n<blockquote>\n<h3><a href=\"https:\/\/www.radiopiu.net\/wordpress\/almanacco-ladino-puntata-5-2020\/sn\/\" rel=\"attachment wp-att-180931\"><img loading=\"lazy\" decoding=\"async\" class=\"wp-image-180931 alignleft\" src=\"https:\/\/www.radiopiu.net\/wordpress\/wp-content\/uploads\/2020\/12\/sn-300x194.jpg\" alt=\"\" width=\"181\" height=\"117\" srcset=\"https:\/\/www.radiopiu.net\/wordpress\/wp-content\/uploads\/2020\/12\/sn-300x194.jpg 300w, https:\/\/www.radiopiu.net\/wordpress\/wp-content\/uploads\/2020\/12\/sn.jpg 626w\" sizes=\"auto, (max-width: 181px) 100vw, 181px\" \/><\/a>L&#8217;ALMANACCO LADINO CON L&#8217;ISTITUT CESA DE JAN QUINDICINALE APPUNTAMENTO. LA DOMENICA ALLE 9 IL LUNEDI ALLE 8.35 IL MARTEDI ALLE 12.35 IL MERCOLEDI ALLE 18.35. SECONDA STAGIONE.<\/h3>\n<\/blockquote>\n<p><strong>RACCOLTA COMPLETA\u00a0<\/strong><\/p>\n<blockquote class=\"wp-embedded-content\" data-secret=\"lrFPczqFub\"><p><a href=\"https:\/\/www.radiopiu.net\/wordpress\/almanacco-ladino\/\">Almanacco Ladino<\/a><\/p><\/blockquote>\n<p><iframe loading=\"lazy\" class=\"wp-embedded-content\" sandbox=\"allow-scripts\" security=\"restricted\" style=\"position: absolute; clip: rect(1px, 1px, 1px, 1px);\" title=\"&#8220;Almanacco Ladino&#8221; &#8212; Radio Pi\u00f9\" src=\"https:\/\/www.radiopiu.net\/wordpress\/almanacco-ladino\/embed\/#?secret=lrFPczqFub\" data-secret=\"lrFPczqFub\" width=\"600\" height=\"338\" frameborder=\"0\" marginwidth=\"0\" marginheight=\"0\" scrolling=\"no\"><\/iframe><\/p>\n<div dir=\"auto\"><\/div>\n<\/div>\n<div>\n<p>&nbsp;<\/p>\n<hr \/>\n<h2><span style=\"color: #808000;\">\u00a0<\/span><\/h2>\n<h2><span style=\"color: #808000;\">DUE MINUTI UN LIBRO\u00a0 TUTTI I GIORNI ALLA RADIO ALLE 9.30 E ALLE 18. QUINTA STAGIONE\u00a0\u00a0<\/span><\/h2>\n<h3><span style=\"color: #808000;\">\u00a0<\/span>LA RACCOLTA COMPLETA<\/h3>\n<blockquote class=\"wp-embedded-content\" data-secret=\"jjq5S22T21\"><p><a href=\"https:\/\/www.radiopiu.net\/wordpress\/due-minuti-un-libro\/\">Due minuti un libro<\/a><\/p><\/blockquote>\n<p><iframe loading=\"lazy\" class=\"wp-embedded-content\" sandbox=\"allow-scripts\" security=\"restricted\" style=\"position: absolute; clip: rect(1px, 1px, 1px, 1px);\" title=\"&#8220;Due minuti un libro&#8221; &#8212; Radio Pi\u00f9\" src=\"https:\/\/www.radiopiu.net\/wordpress\/due-minuti-un-libro\/embed\/#?secret=jjq5S22T21\" data-secret=\"jjq5S22T21\" width=\"600\" height=\"338\" frameborder=\"0\" marginwidth=\"0\" marginheight=\"0\" scrolling=\"no\"><\/iframe><\/p>\n<p>&nbsp;<\/p>\n<p>&nbsp;<\/p>\n<hr \/>\n<p>\u200b<\/p>\n<div>\n<h2><span style=\"color: #33cccc;\">I RACCONTI DI PAOLO SOPPELSA il lunedi alle 9.30 e 18.30<\/span><\/h2>\n<blockquote class=\"wp-embedded-content\" data-secret=\"rhdFNrYzG9\"><p><a href=\"https:\/\/www.radiopiu.net\/wordpress\/i-racconti-di-paolo-soppelsa-settantacinquesima-puntata\/\">I RACCONTI DI PAOLO SOPPELSA SETTANTACINQUESIMA PUNTATA<\/a><\/p><\/blockquote>\n<p><iframe loading=\"lazy\" class=\"wp-embedded-content\" sandbox=\"allow-scripts\" security=\"restricted\" style=\"position: absolute; clip: rect(1px, 1px, 1px, 1px);\" title=\"&#8220;I RACCONTI DI PAOLO SOPPELSA SETTANTACINQUESIMA PUNTATA&#8221; &#8212; Radio Pi\u00f9\" src=\"https:\/\/www.radiopiu.net\/wordpress\/i-racconti-di-paolo-soppelsa-settantacinquesima-puntata\/embed\/#?secret=rhdFNrYzG9\" data-secret=\"rhdFNrYzG9\" width=\"600\" height=\"338\" frameborder=\"0\" marginwidth=\"0\" marginheight=\"0\" scrolling=\"no\"><\/iframe><\/p>\n<p><span style=\"color: #0000ff;\">INFORMAZIONE il canale su TELEGRAM informazione di prima mano e in tempo reale. iscriviti ed aiutaci a farlo conoscere\u00a0<\/span><\/p>\n<h2><span style=\"color: #33cccc;\"><strong>RACCOLTA COMPLETA<\/strong><\/span><\/h2>\n<blockquote class=\"wp-embedded-content\" data-secret=\"RCjMEeyL47\"><p><a href=\"https:\/\/www.radiopiu.net\/wordpress\/i-racconti-di-paolo-soppelsa\/\">I racconti di Paolo Soppelsa<\/a><\/p><\/blockquote>\n<p><iframe loading=\"lazy\" class=\"wp-embedded-content\" sandbox=\"allow-scripts\" security=\"restricted\" style=\"position: absolute; clip: rect(1px, 1px, 1px, 1px);\" title=\"&#8220;I racconti di Paolo Soppelsa&#8221; &#8212; Radio Pi\u00f9\" src=\"https:\/\/www.radiopiu.net\/wordpress\/i-racconti-di-paolo-soppelsa\/embed\/#?secret=RCjMEeyL47\" data-secret=\"RCjMEeyL47\" width=\"600\" height=\"338\" frameborder=\"0\" marginwidth=\"0\" marginheight=\"0\" scrolling=\"no\"><\/iframe><\/p>\n<p>&nbsp;<\/p>\n<\/div>\n<\/div>\n<hr \/>\n<p>&nbsp;<\/p>\n<\/div>\n<blockquote>\n<blockquote>\n<h2><a href=\"https:\/\/www.radiopiu.net\/wordpress\/speciale-solidarieta-veneto\/solidarieta-veneto-3\/\" rel=\"attachment wp-att-134366\"><img loading=\"lazy\" decoding=\"async\" class=\"wp-image-134366 alignleft\" src=\"https:\/\/www.radiopiu.net\/wordpress\/wp-content\/uploads\/2020\/05\/solidariet\u00e0-veneto-300x210.jpg\" alt=\"\" width=\"102\" height=\"71\" srcset=\"https:\/\/www.radiopiu.net\/wordpress\/wp-content\/uploads\/2020\/05\/solidariet\u00e0-veneto-300x210.jpg 300w, https:\/\/www.radiopiu.net\/wordpress\/wp-content\/uploads\/2020\/05\/solidariet\u00e0-veneto-1024x717.jpg 1024w, https:\/\/www.radiopiu.net\/wordpress\/wp-content\/uploads\/2020\/05\/solidariet\u00e0-veneto-768x538.jpg 768w, https:\/\/www.radiopiu.net\/wordpress\/wp-content\/uploads\/2020\/05\/solidariet\u00e0-veneto.jpg 1373w\" sizes=\"auto, (max-width: 102px) 100vw, 102px\" \/><\/a>SOLIDARIETA&#8217; VENETO FONDO PENSIONE, IN ONDA IL PRIMO VENERDI DEL MESE ALLE 10.30 E ALLE 19.00 QUINTA STAGIONE<\/h2>\n<\/blockquote>\n<h2><strong><span style=\"color: #ff0000;\">AUDIO MAGGIO 2021<\/span><\/strong><\/h2>\n<\/blockquote>\n<div>\n<audio class=\"wp-audio-shortcode\" id=\"audio-211418-14\" preload=\"none\" style=\"width: 100%;\" controls=\"controls\"><source type=\"audio\/mpeg\" src=\"https:\/\/www.radiopiu.net\/wordpress\/wp-content\/uploads\/2021\/05\/solidarieta-veneto-maggio-2021.mp3?_=14\" \/><a href=\"https:\/\/www.radiopiu.net\/wordpress\/wp-content\/uploads\/2021\/05\/solidarieta-veneto-maggio-2021.mp3\">https:\/\/www.radiopiu.net\/wordpress\/wp-content\/uploads\/2021\/05\/solidarieta-veneto-maggio-2021.mp3<\/a><\/audio>\n<\/div>\n<h2>LA RACCOLTA COMPLETA<\/h2>\n<blockquote class=\"wp-embedded-content\" data-secret=\"ak8uGmUpSl\"><p><a href=\"https:\/\/www.radiopiu.net\/wordpress\/solidarieta-veneto\/\">Solidariet\u00e0 Veneto<\/a><\/p><\/blockquote>\n<p><iframe loading=\"lazy\" class=\"wp-embedded-content\" sandbox=\"allow-scripts\" security=\"restricted\" style=\"position: absolute; clip: rect(1px, 1px, 1px, 1px);\" title=\"&#8220;Solidariet\u00e0 Veneto&#8221; &#8212; Radio Pi\u00f9\" src=\"https:\/\/www.radiopiu.net\/wordpress\/solidarieta-veneto\/embed\/#?secret=ak8uGmUpSl\" data-secret=\"ak8uGmUpSl\" width=\"600\" height=\"338\" frameborder=\"0\" marginwidth=\"0\" marginheight=\"0\" scrolling=\"no\"><\/iframe><\/p>\n<blockquote>\n<h2><\/h2>\n<h2><\/h2>\n<\/blockquote>\n<div>\n<hr \/>\n<\/div>\n<hr \/>\n<div class=\"page-title-head hgroup\">\n<div>\n<p>&nbsp;<\/p>\n<p><strong><span style=\"color: #0000ff;\"><img loading=\"lazy\" decoding=\"async\" class=\"alignleft\" src=\"https:\/\/www.radiopiu.net\/wordpress\/wp-content\/uploads\/2021\/03\/db631d3b-7003-47af-8b77-6f8cbe83c59b.jpg\" width=\"95\" height=\"39\" \/><\/span><\/strong><\/p>\n<blockquote>\n<h2>LA RACCOLTA COMPLETA<\/h2>\n<\/blockquote>\n<blockquote class=\"wp-embedded-content\" data-secret=\"DV1OV5FRxr\"><p><a href=\"https:\/\/www.radiopiu.net\/wordpress\/agora-agordina-la-nosta-piaza\/\">AGORA&#8217; AGORDINA&#8230; LA NOSTA PIAZA LADINA RACCOLTA COMPLETA PRIMA STAGIONE<\/a><\/p><\/blockquote>\n<p><iframe loading=\"lazy\" class=\"wp-embedded-content\" sandbox=\"allow-scripts\" security=\"restricted\" style=\"position: absolute; clip: rect(1px, 1px, 1px, 1px);\" title=\"&#8220;AGORA&#8217; AGORDINA&#8230; LA NOSTA PIAZA LADINA RACCOLTA COMPLETA PRIMA STAGIONE&#8221; &#8212; Radio Pi\u00f9\" src=\"https:\/\/www.radiopiu.net\/wordpress\/agora-agordina-la-nosta-piaza\/embed\/#?secret=DV1OV5FRxr\" data-secret=\"DV1OV5FRxr\" width=\"600\" height=\"338\" frameborder=\"0\" marginwidth=\"0\" marginheight=\"0\" scrolling=\"no\"><\/iframe><\/p>\n<p>&nbsp;<\/p>\n<div class=\"b654a4as d2edcug0\">\n<div dir=\"auto\">\n<h1><\/h1>\n<hr \/>\n<p>&nbsp;<\/p>\n<div>\n<h2><strong>LE\u00a0 PUNTATE di Luisa Alchini di Leggermente Bellunesi, la domenica alle 11, <span style=\"color: #0000ff;\">IL MARTEDI IN PRIMA EDIZIONE\u00a0<\/span> alle 10.30 e alle 19.00<\/strong><\/h2>\n<\/div>\n<div>\n<blockquote class=\"wp-embedded-content\" data-secret=\"OadK4XPRHr\"><p><a href=\"https:\/\/www.radiopiu.net\/wordpress\/leggermente-20\/\">LEGGERmente&#8230;Bellunesi<\/a><\/p><\/blockquote>\n<p><iframe loading=\"lazy\" class=\"wp-embedded-content\" sandbox=\"allow-scripts\" security=\"restricted\" style=\"position: absolute; clip: rect(1px, 1px, 1px, 1px);\" title=\"&#8220;LEGGERmente&#8230;Bellunesi&#8221; &#8212; Radio Pi\u00f9\" src=\"https:\/\/www.radiopiu.net\/wordpress\/leggermente-20\/embed\/#?secret=OadK4XPRHr\" data-secret=\"OadK4XPRHr\" width=\"600\" height=\"338\" frameborder=\"0\" marginwidth=\"0\" marginheight=\"0\" scrolling=\"no\"><\/iframe><\/p>\n<\/div>\n<\/div>\n<p>&nbsp;<\/p>\n<hr \/>\n<blockquote>\n<h3><a style=\"font-size: 14px; font-weight: normal;\" href=\"https:\/\/www.radiopiu.net\/wordpress\/giornale-radiopiu-06-febbraio-2019-direttore-mirko-mezzacasa\/logo_spi-cgil-800x445\/\" rel=\"attachment wp-att-75538\"><img loading=\"lazy\" decoding=\"async\" class=\"wp-image-75538 alignleft\" src=\"https:\/\/www.radiopiu.net\/wordpress\/wp-content\/uploads\/2019\/02\/Logo_Spi-CGIL-800x445-300x167.jpg\" alt=\"\" width=\"210\" height=\"117\" srcset=\"https:\/\/www.radiopiu.net\/wordpress\/wp-content\/uploads\/2019\/02\/Logo_Spi-CGIL-800x445-300x167.jpg 300w, https:\/\/www.radiopiu.net\/wordpress\/wp-content\/uploads\/2019\/02\/Logo_Spi-CGIL-800x445-768x427.jpg 768w, https:\/\/www.radiopiu.net\/wordpress\/wp-content\/uploads\/2019\/02\/Logo_Spi-CGIL-800x445.jpg 800w\" sizes=\"auto, (max-width: 210px) 100vw, 210px\" \/><\/a><\/h3>\n<\/blockquote>\n<blockquote>\n<h3>ALLA RADIO, APPUNTAMENTO QUINDICINALE CON SPI-CGIL BELLUNO, IN STUDIO MARIA RITA GENTILIN<\/h3>\n<\/blockquote>\n<p><strong>di Claudio Fontanive\u00a0<\/strong><\/p>\n<p><span style=\"color: #ff0000;\"><strong>PUNTATA DEL 29 APRILE 2021<br \/>\n<\/strong><\/span><\/p>\n<audio class=\"wp-audio-shortcode\" id=\"audio-211418-15\" preload=\"none\" style=\"width: 100%;\" controls=\"controls\"><source type=\"audio\/mpeg\" src=\"https:\/\/www.radiopiu.net\/wordpress\/wp-content\/uploads\/2021\/04\/spi-cgil-28-aprile.mp3?_=15\" \/><a href=\"https:\/\/www.radiopiu.net\/wordpress\/wp-content\/uploads\/2021\/04\/spi-cgil-28-aprile.mp3\">https:\/\/www.radiopiu.net\/wordpress\/wp-content\/uploads\/2021\/04\/spi-cgil-28-aprile.mp3<\/a><\/audio>\n<p>&nbsp;<\/p>\n<h2><\/h2>\n<\/div>\n<hr \/>\n<\/div>\n<p>&nbsp;<\/p>\n<p><a href=\"https:\/\/www.radiopiu.net\/wordpress\/giornale-radiopiu-26-settembre-2018-direttore-mirko-mezzacasa\/viabilita-2\/\" rel=\"attachment wp-att-61954\"><img loading=\"lazy\" decoding=\"async\" class=\"wp-image-61954 size-full aligncenter\" src=\"https:\/\/www.radiopiu.net\/wordpress\/wp-content\/uploads\/2018\/09\/viabilita.jpeg\" alt=\"\" width=\"800\" height=\"100\" srcset=\"https:\/\/www.radiopiu.net\/wordpress\/wp-content\/uploads\/2018\/09\/viabilita.jpeg 800w, https:\/\/www.radiopiu.net\/wordpress\/wp-content\/uploads\/2018\/09\/viabilita-300x38.jpeg 300w, https:\/\/www.radiopiu.net\/wordpress\/wp-content\/uploads\/2018\/09\/viabilita-768x96.jpeg 768w\" sizes=\"auto, (max-width: 800px) 100vw, 800px\" \/><\/a><\/p>\n<blockquote><p><a href=\"https:\/\/www.radiopiu.net\/wordpress\/giornale-radiopiu-09-agosto-2018-direttore-mirko-mezzacasa\/viabilia\/\" rel=\"attachment wp-att-57053\"><img loading=\"lazy\" decoding=\"async\" class=\" wp-image-57053 alignleft\" src=\"https:\/\/www.radiopiu.net\/wordpress\/wp-content\/uploads\/2018\/08\/VIABILIA-300x180.jpeg\" alt=\"\" width=\"220\" height=\"132\" srcset=\"https:\/\/www.radiopiu.net\/wordpress\/wp-content\/uploads\/2018\/08\/VIABILIA-300x180.jpeg 300w, https:\/\/www.radiopiu.net\/wordpress\/wp-content\/uploads\/2018\/08\/VIABILIA-768x461.jpeg 768w, https:\/\/www.radiopiu.net\/wordpress\/wp-content\/uploads\/2018\/08\/VIABILIA-1024x614.jpeg 1024w, https:\/\/www.radiopiu.net\/wordpress\/wp-content\/uploads\/2018\/08\/VIABILIA.jpeg 1280w\" sizes=\"auto, (max-width: 220px) 100vw, 220px\" \/><\/a>La viabilit\u00e0 con gli ultimi aggiornamenti da Veneto Strade.<\/p>\n<p><span style=\"color: #ff0000;\"><strong>in onda alla radio: 4.05, 6.18, 14 30 , 18.30, 23.25\u00a0<\/strong><\/span><\/p><\/blockquote>\n<\/div>\n<div><\/div>\n<div>\n<p>&nbsp;<\/p>\n<audio class=\"wp-audio-shortcode\" id=\"audio-211418-16\" preload=\"none\" style=\"width: 100%;\" controls=\"controls\"><source type=\"audio\/mpeg\" src=\"https:\/\/www.radiopiu.net\/wordpress\/wp-content\/uploads\/2021\/05\/VIABILITA-6.mp3?_=16\" \/><a href=\"https:\/\/www.radiopiu.net\/wordpress\/wp-content\/uploads\/2021\/05\/VIABILITA-6.mp3\">https:\/\/www.radiopiu.net\/wordpress\/wp-content\/uploads\/2021\/05\/VIABILITA-6.mp3<\/a><\/audio>\n<\/div>\n<div class=\"page-title-head hgroup\">\n<p>&nbsp;<\/p>\n<\/div>\n<\/div>\n<\/div>\n<\/div>\n<\/div>\n<p>&nbsp;<\/p>\n<\/div>\n<\/div>\n<hr \/>\n<p>&nbsp;<\/p>\n<\/div>\n<\/div>\n<div>\n<div class=\"page-title-head hgroup\">\n<div class=\"page-title-head hgroup\">\n<div dir=\"auto\">\n<p><a class=\"dt-pswp-item pspw-wrap-ready\" href=\"https:\/\/i0.wp.com\/www.radiopiu.net\/wordpress\/wp-content\/uploads\/2018\/09\/WhatsApp-Image-2018-09-20-at-16.04.06.jpeg?ssl=1\" data-dt-img-description=\"\" data-large_image_width=\"800\" data-large_image_height=\"100\"><img loading=\"lazy\" decoding=\"async\" class=\"aligncenter wp-image-61378 size-full jetpack-lazy-image jetpack-lazy-image--handled\" src=\"https:\/\/i0.wp.com\/www.radiopiu.net\/wordpress\/wp-content\/uploads\/2018\/09\/WhatsApp-Image-2018-09-20-at-16.04.06.jpeg?resize=800%2C100&amp;ssl=1\" sizes=\"auto, (max-width: 800px) 100vw, 800px\" srcset=\"https:\/\/i0.wp.com\/www.radiopiu.net\/wordpress\/wp-content\/uploads\/2018\/09\/WhatsApp-Image-2018-09-20-at-16.04.06.jpeg?w=800&amp;ssl=1 800w, https:\/\/i0.wp.com\/www.radiopiu.net\/wordpress\/wp-content\/uploads\/2018\/09\/WhatsApp-Image-2018-09-20-at-16.04.06.jpeg?resize=300%2C38&amp;ssl=1 300w, https:\/\/i0.wp.com\/www.radiopiu.net\/wordpress\/wp-content\/uploads\/2018\/09\/WhatsApp-Image-2018-09-20-at-16.04.06.jpeg?resize=768%2C96&amp;ssl=1 768w\" alt=\"\" width=\"800\" height=\"100\" data-lazy-loaded=\"1\" \/><\/a><\/p>\n<p>&nbsp;<\/p>\n<p><center><b>Lunedi 24<\/b><\/center><b>Tempo atteso: <\/b>Tempo in peggioramento fino a perturbato, con cielo molto nuvoloso o coperto e fenomeni in intensificazione entro la mattina e diffusi per il resto della giornata. Tempo molto umido e uggioso, fresco ma con sensibile rialzo termico in alta quota per avvezione sciroccale, anche ventoso.<br \/>\n<b>Precipitazioni: <\/b>Nella notte generalmente assenti (20%); in mattinata diffusione dei fenomeni a tutti i settori da sud-ovest, fino a diffusi e a tratti moderati per tutto il pomeriggio (80\/100%), in possibile attenuazione da ovest alla sera; nelle 24 ore saranno possibili 20\/40 mm, con punte di 50\/65 su qualche settore prealpino. Le nevicate saranno relegate a quote elevate, oltre i 2500\/2700 m sulle Dolomiti, in lieve calo al pomeriggio\/sera.<br \/>\n<b>Temperature: <\/b>Minime stazionarie; massime in lieve calo nelle valli e sulle Prealpi, in aumento in alta quota sulle Dolomiti. Su Prealpi a 1500 m min 5\u00b0C max 8\u00b0C, a 2000 m min 3\u00b0C max 5\u00b0C. Su Dolomiti a 2000 m min 2\u00b0C max 5\u00b0C, a 3000 m min -3\u00b0C max -1\u00b0C.<br \/>\n<b>Venti: <\/b>Deboli meridionali nelle valli; perlopi\u00f9 tesi da sud in quota, a 20-35 km\/h a 2000 m e 30-55 km\/h a 3000 m.<\/p>\n<hr \/>\n<p><center><b>Martedi 25<\/b><\/center><b>Tempo atteso: <\/b>Cielo poco o parzialmente nuvoloso al mattino dopo la cessazione dei fenomeni notturni, con tratti soleggiati alternati ad annuvolamenti, di tipo cumuliforme dalle ore centrali, con aumento della probabilit\u00e0 di fenomeni. Contesto termico pi\u00f9 mite nelle valli per il soleggiamento e per possibili episodi di Foehn.<br \/>\n<b>Precipitazioni: <\/b>Nella notte possibili residui fenomeni, specie sulla provincia di Belluno (30\/50%); in mattinata generalmente assenti (10\/20%); al pomeriggio\/sera possibili rovesci sparsi, anche temporaleschi (40\/60%), pi\u00f9 probabili sulla Provincia di Belluno, meno ad ovest, specie sul veronese. Limite delle eventuali deboli nevicate a 2200\/2400 m.<br \/>\n<b>Temperature: <\/b>Minime in diminuzione nelle valli e stazionarie in quota; massime in aumento nelle valli e sulle Prealpi, anche per possibile Foehn, stazionarie in alta quota. Su Prealpi a 1500 m min 6\u00b0C max 11\u00b0C, a 2000 m min 3\u00b0C max 6\u00b0C. Su Dolomiti a 2000 m min 3\u00b0C max 6\u00b0C, a 3000 m min -4\u00b0C max -1\u00b0C.<br \/>\n<b>Venti: <\/b>Deboli a regime di brezza nelle valli, ma con qualche possibile rinforzo di Foehn; deboli\/moderati in quota, in rotazione da sud-ovest a ovest nord-ovest, con qualche possibile rinforzo sulle dorsali prealpine, a 10-25 km\/h a 2000 m e 15-35 km\/h a 3000 m.<\/p>\n<hr \/>\n<p><center><b>Mercoledi 26<\/b><\/center>Tempo maggiormente soleggiato, con ampi tratti di sereno, nuvolosit\u00e0 irregolare cumuliforme nelle ore centrali e pomeridiane, con rischio contenuto di qualche isolato rovescio, eventualmente anche temporalesco. Temperature senza notevoli variazioni.<\/p>\n<hr \/>\n<p><center><b>Giovedi 27<\/b><\/center>Tempo da variabile ad instabile, con schiarite mattutine ed attivit\u00e0 cumuliforme maggiormente sviluppata rispetto a mercoled\u00ec, con maggiore rischio di rovesci, anche temporaleschi. Temperature senza notevoli variazioni.<\/p>\n<p>&nbsp;<\/p>\n<\/div>\n<hr \/>\n<p>&nbsp;<\/p>\n<div dir=\"auto\">\n<p><a href=\"https:\/\/www.radiopiu.net\/wordpress\/giornale-radiopiu-15-settembre-2018-direttore-mirko-mezzacasa\/sport-7\/\" rel=\"attachment wp-att-60761\"><img loading=\"lazy\" decoding=\"async\" class=\"aligncenter wp-image-60761 size-full\" src=\"https:\/\/www.radiopiu.net\/wordpress\/wp-content\/uploads\/2018\/09\/sport.jpg\" alt=\"\" width=\"800\" height=\"100\" srcset=\"https:\/\/www.radiopiu.net\/wordpress\/wp-content\/uploads\/2018\/09\/sport.jpg 800w, https:\/\/www.radiopiu.net\/wordpress\/wp-content\/uploads\/2018\/09\/sport-300x38.jpg 300w, https:\/\/www.radiopiu.net\/wordpress\/wp-content\/uploads\/2018\/09\/sport-768x96.jpg 768w\" sizes=\"auto, (max-width: 800px) 100vw, 800px\" \/><\/a><\/p>\n<\/div>\n<\/div>\n<\/div>\n<p>&nbsp;<\/p>\n<blockquote>\n<h3>SIGNOR-BERNARDI VINCONO IL 36\u00b0 RALLY BELLUNESE<\/h3>\n<\/blockquote>\n<p><a href=\"https:\/\/www.radiopiu.net\/wordpress\/signor-bernardi-vincono-il-36-rally-bellunese\/olympus-digital-camera-238\/\" rel=\"attachment wp-att-211478\"><img loading=\"lazy\" decoding=\"async\" class=\"wp-image-211478 alignleft\" src=\"https:\/\/www.radiopiu.net\/wordpress\/wp-content\/uploads\/2021\/05\/P5220114-scaled-2560x1280-1-300x150.jpg\" alt=\"\" width=\"244\" height=\"122\" srcset=\"https:\/\/www.radiopiu.net\/wordpress\/wp-content\/uploads\/2021\/05\/P5220114-scaled-2560x1280-1-300x150.jpg 300w, https:\/\/www.radiopiu.net\/wordpress\/wp-content\/uploads\/2021\/05\/P5220114-scaled-2560x1280-1-1024x512.jpg 1024w, https:\/\/www.radiopiu.net\/wordpress\/wp-content\/uploads\/2021\/05\/P5220114-scaled-2560x1280-1-768x384.jpg 768w, https:\/\/www.radiopiu.net\/wordpress\/wp-content\/uploads\/2021\/05\/P5220114-scaled-2560x1280-1-1536x768.jpg 1536w, https:\/\/www.radiopiu.net\/wordpress\/wp-content\/uploads\/2021\/05\/P5220114-scaled-2560x1280-1-2048x1024.jpg 2048w\" sizes=\"auto, (max-width: 244px) 100vw, 244px\" \/><\/a><strong>LENTIAI<\/strong> Signor-Bernardi si aggiudicano la 36\u00aa edizione del Rally Bellunese. Una vittoria annunciata quella dell&#8217;equipaggio alla guida della Volkswagen Polo che ha staccato di 29&#8243; Bravi-Bertoldo su Hunday i20 e di 50 &#8221; Lovisetto-Cracco su Skoda Fabia. Un vero e proprio trionfo quello di Signor-Bernardi che vincono tutte le prove del Rally Bellunese. Buona la prova anche di Andriollo-Menegon su Citroen C2 che vincono la categoria S1600.<\/p>\n<p><strong>LA CLASSIFICA FINALE\u00a0 (5 PAGINE)<\/strong><\/p>\n<a href=\"https:\/\/www.radiopiu.net\/wordpress\/wp-content\/uploads\/2021\/05\/2021023_000020000100007_007_008_01_-PS7_Classifica-Finale-Ufficiale_0000005871.pdf\" class=\"pdfemb-viewer\" style=\"\" data-width=\"max\" data-height=\"max\" data-toolbar=\"top\" data-toolbar-fixed=\"on\">2021023_000020000100007_007_008_01_ PS7_Classifica Finale Ufficiale_0000005871<\/a>\n<p>&nbsp;<\/p>\n<p>&nbsp;<\/p>\n<hr \/>\n<p>&nbsp;<\/p>\n<h3><a href=\"https:\/\/www.radiopiu.net\/wordpress\/giornale-radiopiu-24-maggio-2021-direttore-mirko-mezzacasa\/dd212ddb-d6a3-94e0-7aa3-875e8a958364\/\" rel=\"attachment wp-att-211451\"><img loading=\"lazy\" decoding=\"async\" class=\" wp-image-211451 alignleft\" src=\"https:\/\/www.radiopiu.net\/wordpress\/wp-content\/uploads\/2021\/05\/dd212ddb-d6a3-94e0-7aa3-875e8a958364-300x222.jpg\" alt=\"\" width=\"197\" height=\"146\" srcset=\"https:\/\/www.radiopiu.net\/wordpress\/wp-content\/uploads\/2021\/05\/dd212ddb-d6a3-94e0-7aa3-875e8a958364-300x222.jpg 300w, https:\/\/www.radiopiu.net\/wordpress\/wp-content\/uploads\/2021\/05\/dd212ddb-d6a3-94e0-7aa3-875e8a958364-1024x759.jpg 1024w, https:\/\/www.radiopiu.net\/wordpress\/wp-content\/uploads\/2021\/05\/dd212ddb-d6a3-94e0-7aa3-875e8a958364-768x569.jpg 768w, https:\/\/www.radiopiu.net\/wordpress\/wp-content\/uploads\/2021\/05\/dd212ddb-d6a3-94e0-7aa3-875e8a958364.jpg 1200w\" sizes=\"auto, (max-width: 197px) 100vw, 197px\" \/><\/a>MODIALI TOP DIVISION DI HOCKEY SU GHIACCIO: LA NORVEGIA CALA IL POKER CONTRO L&#8217;ITALIA<\/h3>\n<p class=\"null\">Ancora una volta il secondo tempo costa caro alla nazionale. Se contro la Germania il parziale di 5-0 aveva indirizzato un match terminato sul 9-4, succede una cosa simile contro la Norvegia. Nel secondo match del Mondiale Top Division di hockey su ghiaccio in corso di svolgimento a Riga, in Lettonia, i nordici mettono la freccia proprio nella seconda frazione, indirizzando la sfida verso il 4-1 finale. \u00c8 di nuovo tempo di scendere in pista per l\u2019Italia ai Mondiali Top Division di hockey su ghiaccio. Oggi pomeriggio gli azzurri se la dovranno vedere con i padroni di casa della Lettonia. In casa Italia da segnalare l\u2019arrivo in raduno di Markus Gander, che ha raggiunto nelle ultime ore la capitale lettone. Il 32enne di Vipiteno, al suo ottavo Mondiale, il quarto in Top Division, era stato lasciato a casa in quanto positivo al Covid-19. L\u2019ultimo test effettuato nei giorni scorsi, per\u00f2, ha dato esito negativo, e una volta espletate le pratiche burocratiche, legate anche all\u2019assolvimento delle visite mediche necessarie a riottenere l\u2019idoneit\u00e0 sportiva, Gander \u00e8 salito sul primo aereo per Riga.<\/p>\n<p>&nbsp;<\/p>\n<p>&nbsp;<\/p>\n<hr \/>\n<p>&nbsp;<\/p>\n<blockquote>\n<h3>ANCORA UNA SCONFITTA PER L&#8217;UNDER 17 DEL VOLLEY CLUB AGORDINO<\/h3>\n<\/blockquote>\n<p><strong><a href=\"https:\/\/www.radiopiu.net\/wordpress\/ancora-una-sconfitta-per-lunder-17-del-volley-club-agordino\/volley-5\/\" rel=\"attachment wp-att-202603\"><img loading=\"lazy\" decoding=\"async\" class=\"size-medium wp-image-202603 alignleft\" src=\"https:\/\/www.radiopiu.net\/wordpress\/wp-content\/uploads\/2021\/04\/volley-300x200.jpg\" alt=\"\" width=\"300\" height=\"200\" srcset=\"https:\/\/www.radiopiu.net\/wordpress\/wp-content\/uploads\/2021\/04\/volley-300x200.jpg 300w, https:\/\/www.radiopiu.net\/wordpress\/wp-content\/uploads\/2021\/04\/volley-1024x683.jpg 1024w, https:\/\/www.radiopiu.net\/wordpress\/wp-content\/uploads\/2021\/04\/volley-768x512.jpg 768w, https:\/\/www.radiopiu.net\/wordpress\/wp-content\/uploads\/2021\/04\/volley-1536x1024.jpg 1536w, https:\/\/www.radiopiu.net\/wordpress\/wp-content\/uploads\/2021\/04\/volley.jpg 1920w\" sizes=\"auto, (max-width: 300px) 100vw, 300px\" \/><\/a>LIMANA<\/strong> Termina con un secco 3 a 0 in favore del Limana la gara giocata ieri per il campionato Under 17 di Volley giocata in Val Belluna. Ennesima sconfitta per il Volley Club Agordino che rimane in fondo alla classifica con soli 2 punti. Match combattuto nel primo e terzo set con la formazione di Agordo che tiene il passo del Limana. Frazione centrale con le padrone di casa che fanno la voce grossa chiudendo con ben 12 punti di vantaggio. La prossima sar\u00e0 una settimana impegnativa per l&#8217;Under 17 del Volley Club Agordino che giocher\u00e0 2 partite in pochi giorni; mercoled\u00ec ad Agordo contro il Ponte Nelle Alpi e domenica in trasferta sempre con le pontalpine.<\/p>\n<p><strong>UNDER 17: LIMANA &#8211; VOLLEY CLUB AGORDINO 3-0 (25-22, 25-13, 25-22)<\/strong><\/p>\n<p>&nbsp;<\/p>\n<p>&nbsp;<\/p>\n<hr \/>\n<p>&nbsp;<\/p>\n<\/div>\n<\/div>\n","protected":false},"excerpt":{"rendered":"<p>LA TRAGEDIA\u00a0\u00a0 MUORE IN SELLA ALLA SUA POTENTE MOTO &#8220;PAPA&#8217; VADO A FARE UN GIRO E TORNO PRESTO&#8230;&#8221; BELLUNO Claudio\u00a0 Dal Pont,\u00a0 30enne di Castion \u00e8 morto nello schianto frontale. Era in sella alla sua Yamaha 1000 finita contro una Volkswagen a Lizzona, in comune di Ponte nelle Alpi. L&#8217;incidente ieri mattina alle 10\u00a0 e&hellip;<\/p>\n","protected":false},"author":4,"featured_media":211504,"comment_status":"closed","ping_status":"open","sticky":false,"template":"","format":"standard","meta":{"_monsterinsights_skip_tracking":false,"_monsterinsights_sitenote_active":false,"_monsterinsights_sitenote_note":"","_monsterinsights_sitenote_category":0,"footnotes":""},"categories":[1,51,86,49],"tags":[],"class_list":["post-211418","post","type-post","status-publish","format-standard","has-post-thumbnail","hentry","category-senza-categoria","category-evidenza-top","category-gr","category-news-18","category-1","category-51","category-86","category-49","description-off"],"img_url":"https:\/\/www.radiopiu.net\/wordpress\/wp-content\/uploads\/2021\/05\/incidente-mortale-fonte-delle-alpi-640x350-1.jpg","_links":{"self":[{"href":"https:\/\/www.radiopiu.net\/wordpress\/wp-json\/wp\/v2\/posts\/211418","targetHints":{"allow":["GET"]}}],"collection":[{"href":"https:\/\/www.radiopiu.net\/wordpress\/wp-json\/wp\/v2\/posts"}],"about":[{"href":"https:\/\/www.radiopiu.net\/wordpress\/wp-json\/wp\/v2\/types\/post"}],"author":[{"embeddable":true,"href":"https:\/\/www.radiopiu.net\/wordpress\/wp-json\/wp\/v2\/users\/4"}],"replies":[{"embeddable":true,"href":"https:\/\/www.radiopiu.net\/wordpress\/wp-json\/wp\/v2\/comments?post=211418"}],"version-history":[{"count":0,"href":"https:\/\/www.radiopiu.net\/wordpress\/wp-json\/wp\/v2\/posts\/211418\/revisions"}],"wp:featuredmedia":[{"embeddable":true,"href":"https:\/\/www.radiopiu.net\/wordpress\/wp-json\/wp\/v2\/media\/211504"}],"wp:attachment":[{"href":"https:\/\/www.radiopiu.net\/wordpress\/wp-json\/wp\/v2\/media?parent=211418"}],"wp:term":[{"taxonomy":"category","embeddable":true,"href":"https:\/\/www.radiopiu.net\/wordpress\/wp-json\/wp\/v2\/categories?post=211418"},{"taxonomy":"post_tag","embeddable":true,"href":"https:\/\/www.radiopiu.net\/wordpress\/wp-json\/wp\/v2\/tags?post=211418"}],"curies":[{"name":"wp","href":"https:\/\/api.w.org\/{rel}","templated":true}]}}