{"id":211499,"date":"2021-05-25T05:55:46","date_gmt":"2021-05-25T03:55:46","guid":{"rendered":"https:\/\/www.radiopiu.net\/wordpress\/?p=211499"},"modified":"2021-05-25T08:26:10","modified_gmt":"2021-05-25T06:26:10","slug":"giornale-radiopiu-25-maggio-2021-direttore-mirko-mezzacasa","status":"publish","type":"post","link":"https:\/\/www.radiopiu.net\/wordpress\/giornale-radiopiu-25-maggio-2021-direttore-mirko-mezzacasa\/","title":{"rendered":"GIORNALE RADIOPIU 25 MAGGIO 2021 DIRETTORE MIRKO MEZZACASA"},"content":{"rendered":"<p>&nbsp;<\/p>\n<h3><span style=\"color: #0000ff;\">PER<strong>\u00a0RICEVERE QUESTO NOTIZIARIO DIRETTAMENTE SUL TUO CELLULARE ISCRIVITI AL CANALE TELEGRAM\u00a0<\/strong><strong>\u201cRADIO PIU\u00a0 INFORMAZIONE\u201d\u00a0 \u00a0\u00a0<\/strong><\/span><\/h3>\n<p>&nbsp;<\/p>\n<hr \/>\n<p>&nbsp;<\/p>\n<p>&nbsp;<\/p>\n<blockquote>\n<h3>DELUSIONE GIRO D&#8217;ITALIA<\/h3>\n<\/blockquote>\n<p><strong>REDAZIONE<\/strong> Gi\u00e0 la giornata grigia e la cancellazione dei due passi mitici come Fedaia e Pordoi, ci mancavano solo i problemi di collegamento dovuti al maltempo\u00a0 per presentare un Agordino a spezzoni, un po&#8217; qui e un po&#8217; li&#8217; tra goccioloni d&#8217;acqua sull&#8217;occhio della telecamera. Tutti ad attendere almeno la scalata del Giau e &#8230;niente. Sar\u00e0 per il prossimo anno.<\/p>\n<p><strong>IL PASSAGGIO A BELLUNO E AGORDO grazie ad Attilio De Col<\/strong><\/p>\n\n\t\t\t<style type='text\/css'>\n\t\t\t\t#gallery-1 {\n\t\t\t\t\tmargin: auto;\n\t\t\t\t}\n\t\t\t\t#gallery-1 .gallery-item {\n\t\t\t\t\tfloat: left;\n\t\t\t\t\tmargin-top: 10px;\n\t\t\t\t\ttext-align: center;\n\t\t\t\t\twidth: 33%;\n\t\t\t\t}\n\t\t\t\t#gallery-1 img {\n\t\t\t\t\tborder: 2px solid #cfcfcf;\n\t\t\t\t}\n\t\t\t\t#gallery-1 .gallery-caption {\n\t\t\t\t\tmargin-left: 0;\n\t\t\t\t}\n\t\t\t\t\/* see gallery_shortcode() in wp-includes\/media.php *\/\n\t\t\t<\/style>\n\t\t<div id='gallery-1' class='dt-gallery-container gallery galleryid-211499 gallery-columns-3 gallery-size-thumbnail'><dl class='gallery-item'>\n\t\t\t\t<dt class='gallery-icon landscape'>\n\t\t\t\t\t<a class=\"rollover rollover-zoom dt-pswp-item\" title=\"4cb30546-ce89-4320-9949-cab06bd8092d\" data-dt-img-description=\"\" data-large_image_width=\"2048\" data-large_image_height=\"1152\"href='https:\/\/www.radiopiu.net\/wordpress\/wp-content\/uploads\/2021\/05\/4cb30546-ce89-4320-9949-cab06bd8092d.jpg'><img loading=\"lazy\" decoding=\"async\" width=\"150\" height=\"150\" src=\"https:\/\/www.radiopiu.net\/wordpress\/wp-content\/uploads\/2021\/05\/4cb30546-ce89-4320-9949-cab06bd8092d-150x150.jpg\" class=\"attachment-thumbnail size-thumbnail\" alt=\"\" \/><\/a>\n\t\t\t\t<\/dt><\/dl><dl class='gallery-item'>\n\t\t\t\t<dt class='gallery-icon landscape'>\n\t\t\t\t\t<a class=\"rollover rollover-zoom dt-pswp-item\" title=\"6b8ce595-0573-4f39-8023-dbfa080768b7\" data-dt-img-description=\"\" data-large_image_width=\"2048\" data-large_image_height=\"1152\"href='https:\/\/www.radiopiu.net\/wordpress\/wp-content\/uploads\/2021\/05\/6b8ce595-0573-4f39-8023-dbfa080768b7.jpg'><img loading=\"lazy\" decoding=\"async\" width=\"150\" height=\"150\" src=\"https:\/\/www.radiopiu.net\/wordpress\/wp-content\/uploads\/2021\/05\/6b8ce595-0573-4f39-8023-dbfa080768b7-150x150.jpg\" class=\"attachment-thumbnail size-thumbnail\" alt=\"\" \/><\/a>\n\t\t\t\t<\/dt><\/dl><dl class='gallery-item'>\n\t\t\t\t<dt class='gallery-icon landscape'>\n\t\t\t\t\t<a class=\"rollover rollover-zoom dt-pswp-item\" title=\"71833e96-fe95-47d7-aabc-90d06b489575\" data-dt-img-description=\"\" data-large_image_width=\"2048\" data-large_image_height=\"1152\"href='https:\/\/www.radiopiu.net\/wordpress\/wp-content\/uploads\/2021\/05\/71833e96-fe95-47d7-aabc-90d06b489575.jpg'><img loading=\"lazy\" decoding=\"async\" width=\"150\" height=\"150\" src=\"https:\/\/www.radiopiu.net\/wordpress\/wp-content\/uploads\/2021\/05\/71833e96-fe95-47d7-aabc-90d06b489575-150x150.jpg\" class=\"attachment-thumbnail size-thumbnail\" alt=\"\" \/><\/a>\n\t\t\t\t<\/dt><\/dl><br style=\"clear: both\" \/><dl class='gallery-item'>\n\t\t\t\t<dt class='gallery-icon landscape'>\n\t\t\t\t\t<a class=\"rollover rollover-zoom dt-pswp-item\" title=\"11134436-0b71-4ff4-beff-0dda26a398bf\" data-dt-img-description=\"\" data-large_image_width=\"1600\" data-large_image_height=\"1064\"href='https:\/\/www.radiopiu.net\/wordpress\/wp-content\/uploads\/2021\/05\/11134436-0b71-4ff4-beff-0dda26a398bf.jpg'><img loading=\"lazy\" decoding=\"async\" width=\"150\" height=\"150\" src=\"https:\/\/www.radiopiu.net\/wordpress\/wp-content\/uploads\/2021\/05\/11134436-0b71-4ff4-beff-0dda26a398bf-150x150.jpg\" class=\"attachment-thumbnail size-thumbnail\" alt=\"\" \/><\/a>\n\t\t\t\t<\/dt><\/dl><dl class='gallery-item'>\n\t\t\t\t<dt class='gallery-icon landscape'>\n\t\t\t\t\t<a class=\"rollover rollover-zoom dt-pswp-item\" title=\"9005d321-28eb-4cef-9ab3-b41f6e499524\" data-dt-img-description=\"\" data-large_image_width=\"1600\" data-large_image_height=\"1064\"href='https:\/\/www.radiopiu.net\/wordpress\/wp-content\/uploads\/2021\/05\/9005d321-28eb-4cef-9ab3-b41f6e499524.jpg'><img loading=\"lazy\" decoding=\"async\" width=\"150\" height=\"150\" src=\"https:\/\/www.radiopiu.net\/wordpress\/wp-content\/uploads\/2021\/05\/9005d321-28eb-4cef-9ab3-b41f6e499524-150x150.jpg\" class=\"attachment-thumbnail size-thumbnail\" alt=\"\" \/><\/a>\n\t\t\t\t<\/dt><\/dl><dl class='gallery-item'>\n\t\t\t\t<dt class='gallery-icon landscape'>\n\t\t\t\t\t<a class=\"rollover rollover-zoom dt-pswp-item\" title=\"a0db9e1e-f4c0-4757-aa9a-3fe407c4dccc\" data-dt-img-description=\"\" data-large_image_width=\"1600\" data-large_image_height=\"1064\"href='https:\/\/www.radiopiu.net\/wordpress\/wp-content\/uploads\/2021\/05\/a0db9e1e-f4c0-4757-aa9a-3fe407c4dccc.jpg'><img loading=\"lazy\" decoding=\"async\" width=\"150\" height=\"150\" src=\"https:\/\/www.radiopiu.net\/wordpress\/wp-content\/uploads\/2021\/05\/a0db9e1e-f4c0-4757-aa9a-3fe407c4dccc-150x150.jpg\" class=\"attachment-thumbnail size-thumbnail\" alt=\"\" \/><\/a>\n\t\t\t\t<\/dt><\/dl><br style=\"clear: both\" \/>\n\t\t\t<\/div>\n\n<blockquote>\n<h3><\/h3>\n<hr \/>\n<h3><\/h3>\n<h3>&#8220;ABBIAMO MESSO GLI STIVALI E SIAMO ANDATI FUORI CON L&#8217;OMBRELLO&#8221;&#8230; IL GIRO DEI PICCOLI DI CENCENIGHE<\/h3>\n<\/blockquote>\n<p><strong>CENCENIGHE<\/strong> Scuola dell&#8217;infanzia, hanno atteso i ciclisti e poi hanno salutato la carovana con sorrisi e urla di gioia tra l&#8217;abbellimento in rosa&#8230;.<\/p>\n<p><strong>eccoli.. i bambini di Radio Pi\u00f9&#8230;<\/strong><\/p>\n<audio class=\"wp-audio-shortcode\" id=\"audio-211499-1\" preload=\"none\" style=\"width: 100%;\" controls=\"controls\"><source type=\"audio\/mpeg\" src=\"https:\/\/www.radiopiu.net\/wordpress\/wp-content\/uploads\/2021\/05\/i-bambini-dellasilo.mp3?_=1\" \/><a href=\"https:\/\/www.radiopiu.net\/wordpress\/wp-content\/uploads\/2021\/05\/i-bambini-dellasilo.mp3\">https:\/\/www.radiopiu.net\/wordpress\/wp-content\/uploads\/2021\/05\/i-bambini-dellasilo.mp3<\/a><\/audio>\n\n\t\t\t<style type='text\/css'>\n\t\t\t\t#gallery-2 {\n\t\t\t\t\tmargin: auto;\n\t\t\t\t}\n\t\t\t\t#gallery-2 .gallery-item {\n\t\t\t\t\tfloat: left;\n\t\t\t\t\tmargin-top: 10px;\n\t\t\t\t\ttext-align: center;\n\t\t\t\t\twidth: 25%;\n\t\t\t\t}\n\t\t\t\t#gallery-2 img {\n\t\t\t\t\tborder: 2px solid #cfcfcf;\n\t\t\t\t}\n\t\t\t\t#gallery-2 .gallery-caption {\n\t\t\t\t\tmargin-left: 0;\n\t\t\t\t}\n\t\t\t\t\/* see gallery_shortcode() in wp-includes\/media.php *\/\n\t\t\t<\/style>\n\t\t<div id='gallery-2' class='dt-gallery-container gallery galleryid-211499 gallery-columns-4 gallery-size-thumbnail'><dl class='gallery-item'>\n\t\t\t\t<dt class='gallery-icon landscape'>\n\t\t\t\t\t<a class=\"rollover rollover-zoom dt-pswp-item\" title=\"0cc65da5-10e2-4247-a62e-a81c38ae9333\" data-dt-img-description=\"\" data-large_image_width=\"1600\" data-large_image_height=\"1200\"href='https:\/\/www.radiopiu.net\/wordpress\/wp-content\/uploads\/2021\/05\/0cc65da5-10e2-4247-a62e-a81c38ae9333.jpg'><img loading=\"lazy\" decoding=\"async\" width=\"150\" height=\"150\" src=\"https:\/\/www.radiopiu.net\/wordpress\/wp-content\/uploads\/2021\/05\/0cc65da5-10e2-4247-a62e-a81c38ae9333-150x150.jpg\" class=\"attachment-thumbnail size-thumbnail\" alt=\"\" \/><\/a>\n\t\t\t\t<\/dt><\/dl><dl class='gallery-item'>\n\t\t\t\t<dt class='gallery-icon landscape'>\n\t\t\t\t\t<a class=\"rollover rollover-zoom dt-pswp-item\" title=\"142899ad-d878-4ff5-9e54-349ad289a9e1\" data-dt-img-description=\"\" data-large_image_width=\"1600\" data-large_image_height=\"1600\"href='https:\/\/www.radiopiu.net\/wordpress\/wp-content\/uploads\/2021\/05\/142899ad-d878-4ff5-9e54-349ad289a9e1.jpg'><img loading=\"lazy\" decoding=\"async\" width=\"150\" height=\"150\" src=\"https:\/\/www.radiopiu.net\/wordpress\/wp-content\/uploads\/2021\/05\/142899ad-d878-4ff5-9e54-349ad289a9e1-150x150.jpg\" class=\"attachment-thumbnail size-thumbnail\" alt=\"\" srcset=\"https:\/\/www.radiopiu.net\/wordpress\/wp-content\/uploads\/2021\/05\/142899ad-d878-4ff5-9e54-349ad289a9e1-150x150.jpg 150w, https:\/\/www.radiopiu.net\/wordpress\/wp-content\/uploads\/2021\/05\/142899ad-d878-4ff5-9e54-349ad289a9e1-300x300.jpg 300w, https:\/\/www.radiopiu.net\/wordpress\/wp-content\/uploads\/2021\/05\/142899ad-d878-4ff5-9e54-349ad289a9e1-1024x1024.jpg 1024w, https:\/\/www.radiopiu.net\/wordpress\/wp-content\/uploads\/2021\/05\/142899ad-d878-4ff5-9e54-349ad289a9e1-768x768.jpg 768w, https:\/\/www.radiopiu.net\/wordpress\/wp-content\/uploads\/2021\/05\/142899ad-d878-4ff5-9e54-349ad289a9e1-1536x1536.jpg 1536w, https:\/\/www.radiopiu.net\/wordpress\/wp-content\/uploads\/2021\/05\/142899ad-d878-4ff5-9e54-349ad289a9e1.jpg 1600w\" sizes=\"auto, (max-width: 150px) 100vw, 150px\" \/><\/a>\n\t\t\t\t<\/dt><\/dl><dl class='gallery-item'>\n\t\t\t\t<dt class='gallery-icon landscape'>\n\t\t\t\t\t<a class=\"rollover rollover-zoom dt-pswp-item\" title=\"246f49f5-ac78-4563-b5ec-9cf7b994f86b\" data-dt-img-description=\"\" data-large_image_width=\"1600\" data-large_image_height=\"900\"href='https:\/\/www.radiopiu.net\/wordpress\/wp-content\/uploads\/2021\/05\/246f49f5-ac78-4563-b5ec-9cf7b994f86b.jpg'><img loading=\"lazy\" decoding=\"async\" width=\"150\" height=\"150\" src=\"https:\/\/www.radiopiu.net\/wordpress\/wp-content\/uploads\/2021\/05\/246f49f5-ac78-4563-b5ec-9cf7b994f86b-150x150.jpg\" class=\"attachment-thumbnail size-thumbnail\" alt=\"\" \/><\/a>\n\t\t\t\t<\/dt><\/dl><dl class='gallery-item'>\n\t\t\t\t<dt class='gallery-icon landscape'>\n\t\t\t\t\t<a class=\"rollover rollover-zoom dt-pswp-item\" title=\"f02caf18-c9b7-432d-9707-73b4b15803cd\" data-dt-img-description=\"\" data-large_image_width=\"1600\" data-large_image_height=\"1600\"href='https:\/\/www.radiopiu.net\/wordpress\/wp-content\/uploads\/2021\/05\/f02caf18-c9b7-432d-9707-73b4b15803cd.jpg'><img loading=\"lazy\" decoding=\"async\" width=\"150\" height=\"150\" src=\"https:\/\/www.radiopiu.net\/wordpress\/wp-content\/uploads\/2021\/05\/f02caf18-c9b7-432d-9707-73b4b15803cd-150x150.jpg\" class=\"attachment-thumbnail size-thumbnail\" alt=\"\" srcset=\"https:\/\/www.radiopiu.net\/wordpress\/wp-content\/uploads\/2021\/05\/f02caf18-c9b7-432d-9707-73b4b15803cd-150x150.jpg 150w, https:\/\/www.radiopiu.net\/wordpress\/wp-content\/uploads\/2021\/05\/f02caf18-c9b7-432d-9707-73b4b15803cd-300x300.jpg 300w, https:\/\/www.radiopiu.net\/wordpress\/wp-content\/uploads\/2021\/05\/f02caf18-c9b7-432d-9707-73b4b15803cd-1024x1024.jpg 1024w, https:\/\/www.radiopiu.net\/wordpress\/wp-content\/uploads\/2021\/05\/f02caf18-c9b7-432d-9707-73b4b15803cd-768x768.jpg 768w, https:\/\/www.radiopiu.net\/wordpress\/wp-content\/uploads\/2021\/05\/f02caf18-c9b7-432d-9707-73b4b15803cd-1536x1536.jpg 1536w, https:\/\/www.radiopiu.net\/wordpress\/wp-content\/uploads\/2021\/05\/f02caf18-c9b7-432d-9707-73b4b15803cd.jpg 1600w\" sizes=\"auto, (max-width: 150px) 100vw, 150px\" \/><\/a>\n\t\t\t\t<\/dt><\/dl><br style=\"clear: both\" \/>\n\t\t\t<\/div>\n\n<p>&nbsp;<\/p>\n<hr \/>\n<p>&nbsp;<\/p>\n<div class=\"page-title-head hgroup\">\n<blockquote>\n<h3 class=\"entry-title\">GIRO D\u2019ITALIA MA NON SUL FEDAIA. DE BERNARDIN \u201cC\u2019HANNO TAGLIATO FUORI SENZA MOTIVO\u201d<\/h3>\n<\/blockquote>\n<\/div>\n<p><strong><img loading=\"lazy\" decoding=\"async\" class=\"alignleft\" src=\"https:\/\/www.radiopiu.net\/wordpress\/wp-content\/uploads\/2021\/05\/dfeace74-bfbe-4395-b054-ac4bf41e19e6.jpg\" width=\"260\" height=\"192\" \/>ROCCA PIETORE<\/strong> Passo Fedaia e Pordoi cancellati dalla mappa del Giro d&#8217;Itali <em>&#8220;Rispetto al passato c&#8217;\u00e8 un cambiamento di qualit\u00e0 tra i campioni&#8221;<\/em> dice un deluso\u00a0 sindaco Andrea De Bernardin. <em>&#8220;Una critica a questo annullamento e non c&#8217;erano motivazioni, c&#8217;erano tre gradi a passo Fedaia, sopra lo zero altro che neve&#8221;.\u00a0<\/em> Per sottolineare il momento Andrea De Bernardin ha messo mano al suo archivio facendo uscire uno scatto d&#8217;altri tempi e altri uomini.<\/p>\n<p><strong>AUDIO, ANDREA DE BERNARDIN<\/strong><\/p>\n<audio class=\"wp-audio-shortcode\" id=\"audio-211499-2\" preload=\"none\" style=\"width: 100%;\" controls=\"controls\"><source type=\"audio\/mpeg\" src=\"https:\/\/www.radiopiu.net\/wordpress\/wp-content\/uploads\/2021\/05\/andrea-1.mp3?_=2\" \/><a href=\"https:\/\/www.radiopiu.net\/wordpress\/wp-content\/uploads\/2021\/05\/andrea-1.mp3\">https:\/\/www.radiopiu.net\/wordpress\/wp-content\/uploads\/2021\/05\/andrea-1.mp3<\/a><\/audio>\n<p>&nbsp;<\/p>\n<hr \/>\n<p>&nbsp;<\/p>\n<blockquote>\n<h3>ROCCA-SOTTOGUDA-MARMOLADA, DANNI COLLATERALI<\/h3>\n<\/blockquote>\n<p><strong><img loading=\"lazy\" decoding=\"async\" class=\"alignleft\" src=\"https:\/\/www.radiopiu.net\/wordpress\/wp-content\/uploads\/2018\/04\/FEDAIA.jpg\" width=\"189\" height=\"142\" \/>ROCCA PIETORE<\/strong>\u00a0 Erano tutti pronti ad accogliere gli ospiti nelle strutture dei Passi Fedaia e Pordoi, ma alla fine come dice la Presidente del Consorzio Operatori Turistici Rocca Pietore-Marmolada,\u00a0 Lucia Farenzena\u00a0<em> &#8220;Siamo rimasti con un pugno di mosche&#8221;<\/em><\/p>\n<p>AUDIO<\/p>\n<audio class=\"wp-audio-shortcode\" id=\"audio-211499-3\" preload=\"none\" style=\"width: 100%;\" controls=\"controls\"><source type=\"audio\/mpeg\" src=\"https:\/\/www.radiopiu.net\/wordpress\/wp-content\/uploads\/2021\/05\/lucia.mp3?_=3\" \/><a href=\"https:\/\/www.radiopiu.net\/wordpress\/wp-content\/uploads\/2021\/05\/lucia.mp3\">https:\/\/www.radiopiu.net\/wordpress\/wp-content\/uploads\/2021\/05\/lucia.mp3<\/a><\/audio>\n<p>foto archivio<\/p>\n<p>&nbsp;<\/p>\n<p>&nbsp;<\/p>\n<hr \/>\n<p>&nbsp;<\/p>\n<p>&nbsp;<\/p>\n<blockquote>\n<h2><a class=\"dt-pswp-item\" href=\"https:\/\/www.radiopiu.net\/wordpress\/wp-content\/uploads\/2021\/05\/811281b0-07df-4e94-a10d-58e9710b53ef.jpg\" data-dt-img-description=\"\" data-large_image_width=\"1920\" data-large_image_height=\"1080\"><img loading=\"lazy\" decoding=\"async\" class=\"size-medium wp-image-211805 alignleft\" src=\"https:\/\/www.radiopiu.net\/wordpress\/wp-content\/uploads\/2021\/05\/811281b0-07df-4e94-a10d-58e9710b53ef-300x169.jpg\" alt=\"\" width=\"300\" height=\"169\" srcset=\"https:\/\/www.radiopiu.net\/wordpress\/wp-content\/uploads\/2021\/05\/811281b0-07df-4e94-a10d-58e9710b53ef-300x169.jpg 300w, https:\/\/www.radiopiu.net\/wordpress\/wp-content\/uploads\/2021\/05\/811281b0-07df-4e94-a10d-58e9710b53ef-1024x576.jpg 1024w, https:\/\/www.radiopiu.net\/wordpress\/wp-content\/uploads\/2021\/05\/811281b0-07df-4e94-a10d-58e9710b53ef-768x432.jpg 768w, https:\/\/www.radiopiu.net\/wordpress\/wp-content\/uploads\/2021\/05\/811281b0-07df-4e94-a10d-58e9710b53ef-1536x864.jpg 1536w, https:\/\/www.radiopiu.net\/wordpress\/wp-content\/uploads\/2021\/05\/811281b0-07df-4e94-a10d-58e9710b53ef.jpg 1920w\" sizes=\"auto, (max-width: 300px) 100vw, 300px\" \/><\/a>QUELLA VOLTA CON MEZZO METRO DI NEVE&#8230; E CORREVANO<\/h2>\n<p>La memoria di Bruna Dai Pra Mezzacasa<\/p><\/blockquote>\n<audio class=\"wp-audio-shortcode\" id=\"audio-211499-4\" preload=\"none\" style=\"width: 100%;\" controls=\"controls\"><source type=\"audio\/mpeg\" src=\"https:\/\/www.radiopiu.net\/wordpress\/wp-content\/uploads\/2021\/05\/BRUNA.mp3?_=4\" \/><a href=\"https:\/\/www.radiopiu.net\/wordpress\/wp-content\/uploads\/2021\/05\/BRUNA.mp3\">https:\/\/www.radiopiu.net\/wordpress\/wp-content\/uploads\/2021\/05\/BRUNA.mp3<\/a><\/audio>\n<p>&nbsp;<\/p>\n<p>&nbsp;<\/p>\n<hr \/>\n<p>&nbsp;<\/p>\n<blockquote>\n<h3>GIRO D&#8217;ITALIA SENZA SEGNALE TV, BUSSONE (UNCEM): SULLE STRADE, LA RETE MOBILE \u00c8 VEICOLO DI SICUREZZA PER TUTTI.<\/h3>\n<\/blockquote>\n<p><strong><a href=\"https:\/\/www.radiopiu.net\/wordpress\/palaghiaccio-fredde-le-prime-risposte-alla-proposta-alleghese\/5g-antenna\/\" rel=\"attachment wp-att-110176\"><img loading=\"lazy\" decoding=\"async\" class=\" wp-image-110176 alignleft\" src=\"https:\/\/www.radiopiu.net\/wordpress\/wp-content\/uploads\/2019\/12\/5g-antenna-300x169.jpg\" alt=\"\" width=\"243\" height=\"137\" srcset=\"https:\/\/www.radiopiu.net\/wordpress\/wp-content\/uploads\/2019\/12\/5g-antenna-300x169.jpg 300w, https:\/\/www.radiopiu.net\/wordpress\/wp-content\/uploads\/2019\/12\/5g-antenna-1024x576.jpg 1024w, https:\/\/www.radiopiu.net\/wordpress\/wp-content\/uploads\/2019\/12\/5g-antenna-768x432.jpg 768w, https:\/\/www.radiopiu.net\/wordpress\/wp-content\/uploads\/2019\/12\/5g-antenna.jpg 1156w\" sizes=\"auto, (max-width: 243px) 100vw, 243px\" \/><\/a>ROMA<\/strong>\u00a0 <em>&#8220;Gli sforzi della Rai sono stati grandi, sempre, in questo Giro d&#8217;Italia &#8211; dice Marco Bussone presidente Uncem &#8211; ma oggi il segnale tv nella tappa dolomitica \u00e8 stato fermato dal maltempo. Con elicotteri e aereo ponte che non si sono potuti alzare. Peccato che anche il segnale della telefonia mobile non ci fosse lungo quelle strade. Con un buon 4G o 5G continuativo, con celle certe e senza buchi, le immagini potevano essere rimbalzate dalle moto tramite le reti mobili, grazie alle schede sim negli zainetti<\/em>.\u00a0 E dunque, come Uncem ha sempre detto, dove non arrivano le imprese della telefonia, deve arrivare lo Stato. Lo deve fare togliendo ogni &#8216;buco&#8217; dalla rete, in particolare lungo le strade, comunali, provinciali, statali. Lo deve fare lo Stato investendo bene i 6,3 miliardi di euro nel Piano di Ripresa e Resilienza per le nuove reti, 5G e banda ultralarga. <em>&#8220;Lo Stato intervenga &#8211; conclude Bussone &#8212; dove gli operatori non riescono ad arrivare, perch\u00e9 i Comuni con Uncem premono su questo. Il Giro\u00a0 ha mostrato le lacune delle reti. Che nelle gallerie ci sono, ma non sulle strade. Si ponga rimedio. Per ripartire da un Paese pi\u00f9 sicuro e connesso&#8221;.<\/em><\/p>\n<p>&nbsp;<\/p>\n<p>&nbsp;<\/p>\n<p>&nbsp;<\/p>\n<hr \/>\n<p>&nbsp;<\/p>\n<p><em><a href=\"https:\/\/www.radiopiu.net\/wordpress\/giornale-radiopiu-24-gennaio-2021-direttore-mirko-mezzacasa\/79216601_126817312416448_708980208774483089_n\/\" rel=\"attachment wp-att-186567\"><img loading=\"lazy\" decoding=\"async\" class=\"size-medium wp-image-186567 alignleft\" src=\"https:\/\/www.radiopiu.net\/wordpress\/wp-content\/uploads\/2021\/01\/79216601_126817312416448_708980208774483089_n-300x114.jpg\" sizes=\"auto, (max-width: 300px) 100vw, 300px\" srcset=\"https:\/\/www.radiopiu.net\/wordpress\/wp-content\/uploads\/2021\/01\/79216601_126817312416448_708980208774483089_n-300x114.jpg 300w, https:\/\/www.radiopiu.net\/wordpress\/wp-content\/uploads\/2021\/01\/79216601_126817312416448_708980208774483089_n-768x292.jpg 768w, https:\/\/www.radiopiu.net\/wordpress\/wp-content\/uploads\/2021\/01\/79216601_126817312416448_708980208774483089_n.jpg 820w\" alt=\"\" width=\"300\" height=\"114\" \/><\/a>A<\/em><em>PP PER IOS-IPHONE di Nicola Vettorello <\/em><a href=\"https:\/\/apps.apple.com\/it\/app\/radio-pi%C3%B9-emittente-agordina\/id1515939845\">https:\/\/apps.apple.com\/it\/app\/radio-pi%C3%B9-emittente-agordina\/id1515939845<\/a><\/p>\n<p><em>ATTENZIONE: LA NUOVA APP RADIO\u00a0 PER ANDROID di Nicola Vettorello<\/em><\/p>\n<p><a href=\"https:\/\/play.google.com\/store\/apps\/details?id=net.radiopiu.iniko\" target=\"_blank\" rel=\"noopener noreferrer\">https:\/\/play.google.com\/store\/apps\/details?id=net.radiopiu.iniko<\/a><\/p>\n<p>&nbsp;<\/p>\n<p>&nbsp;<\/p>\n<hr \/>\n<p>&nbsp;<\/p>\n<h3><a href=\"https:\/\/www.radiopiu.net\/wordpress\/giornale-radiopiu-13-maggio-2021-direttore-mirko-mezzacasa\/343614be-a1f6-4d4a-9b92-950e5b1c1ee9\/\" rel=\"attachment wp-att-209422\"><img loading=\"lazy\" decoding=\"async\" class=\"size-full wp-image-209422 alignleft\" src=\"https:\/\/www.radiopiu.net\/wordpress\/wp-content\/uploads\/2021\/05\/343614be-a1f6-4d4a-9b92-950e5b1c1ee9.jpg\" alt=\"\" width=\"90\" height=\"67\" \/><\/a> A\u00a0 BERTOI DI VOLTAGO ACQUA INQUINATA<\/h3>\n<p>a VOLTAGO AGORDINO in VIA BERTOI, VIA STRUZ, VIA TRIESTE E TRENTO A TAIBON in localit\u00e0 COL DE CARRERA\u00a0\u00a0 l&#8217;acqua erogata dall&#8217;acquedotto non \u00e8 potabile e pu\u00f2 essere usata per scopi alimentari SOLO PREVIA bollitura.<\/p>\n<p>&nbsp;<\/p>\n<blockquote>\n<h3>INTERRUZIONI ENEL PROGRAMMATE PER LAVORI<\/h3>\n<p><strong>AGORDO<\/strong> vie Toccol, Soccol, Teto\u00a0 Piciol, Parech, venerdi dalle 11 alle 12<\/p><\/blockquote>\n<p>&nbsp;<\/p>\n<hr \/>\n<p>&nbsp;<\/p>\n<blockquote>\n<h3>PER GOSALDO PROVINCIALE 3 A SINGHIOZZO<\/h3>\n<\/blockquote>\n<p><strong>PROVINCIALE 3 VALLE IMPERINA, <\/strong>DAL 31 MAGGIO ALL&#8217;11 GIUGNO &#8211; FESTIVI E PRE FESTIVI ESCLUSI &#8211; INTERRUZIONE TOTALE ALLA VIABILITA&#8217; PER LAVORI DI ESBOSCO DALLE 8 ALLE 9.45, DALLE 10 ALLE 12, DALLE 13.45 ALLE 15.50 E DALLE 16.10 ALLE 17.30<\/p>\n<blockquote>\n<h3>CHIUSURA A FASCE ORARIE PER LA BRENTA-PIEVE DI LIVINALLONGO<\/h3>\n<h3><strong><img loading=\"lazy\" decoding=\"async\" class=\"alignleft\" src=\"https:\/\/www.radiopiu.net\/wordpress\/wp-content\/uploads\/2020\/06\/CHIESA-ARABBA-scaled.jpg\" width=\"171\" height=\"128\" \/>LIVINALLONGO<\/strong> Fino al 16 luglio da Pieve di Livinallongo ad Arabba si potr\u00e0 transitare ma in determinate fasce orarie. Dalle 7 del mattino alle 18 sono infatti previste interruzioni fino a 20 minuti per permettere i lavori di esbosco e realizzazione paramassi. Per tutta la durata dei lavori senso unico alternato nei periodi non interessati delle interruzioni.<\/h3>\n<\/blockquote>\n<p>&nbsp;<\/p>\n<blockquote>\n<h3>203 AGORDINA LAVORI SOPRA LO ZUNAIA, DA OGGI STRADA CHIUSA A FASCE ORARIE<\/h3>\n<\/blockquote>\n<p><strong><img loading=\"lazy\" decoding=\"async\" class=\"alignleft\" src=\"https:\/\/www.radiopiu.net\/wordpress\/wp-content\/uploads\/2021\/05\/download-21.jpg\" width=\"166\" height=\"91\" \/>ALLEGHE<\/strong> A pieni giri il cantiere sopra la 203 Agordina difronte allo stadio del ghiaccio. Sul versante a monte della strada da oggi al 18 giugno sono programmati lavori importanti per lo spostamento degli schianti e la messa a difesa della regionale. dalle 7 alle 18 (esclusi festivi e prefestivi) interruzioni della durata massima di 20 minuti e senso unico alternato nei periodi non interessati dalle interruzioni.<\/p>\n<p>&nbsp;<\/p>\n<p>&nbsp;<\/p>\n<hr \/>\n<p>&nbsp;<\/p>\n<blockquote>\n<h3>ADDIO A BORTOLO, L&#8217;ALPINO REDUCE DI RUSSIA<\/h3>\n<h3><em>Appassionato di calcio, portiere dell\u2019allora Monte Miesna e assiduo tifoso della Feltrese, ha contribuito alla realizzazione e alla successiva manutenzione del campo sportivo di Celarda. Dopo la morte della moglie viveva con i familiari<\/em><\/h3>\n<p><a href=\"https:\/\/www.radiopiu.net\/wordpress\/giornale-radiopiu-25-maggio-2021-direttore-mirko-mezzacasa\/image-200\/\" rel=\"attachment wp-att-211778\"><img loading=\"lazy\" decoding=\"async\" class=\"wp-image-211778 alignleft\" src=\"https:\/\/www.radiopiu.net\/wordpress\/wp-content\/uploads\/2021\/05\/image-300x169.jpg\" alt=\"\" width=\"217\" height=\"122\" srcset=\"https:\/\/www.radiopiu.net\/wordpress\/wp-content\/uploads\/2021\/05\/image-300x169.jpg 300w, https:\/\/www.radiopiu.net\/wordpress\/wp-content\/uploads\/2021\/05\/image-768x432.jpg 768w, https:\/\/www.radiopiu.net\/wordpress\/wp-content\/uploads\/2021\/05\/image.jpg 960w\" sizes=\"auto, (max-width: 217px) 100vw, 217px\" \/><\/a>FELTRE<\/p><\/blockquote>\n<p>E&#8217; morto a 101 anni il reduce di Russia e cavaliere della Repubblica Bortolo Maccagnan. gi\u00e0 capofrazione a Celarda. Partito\u00a0 nel1943 per il fronte russo, \u00e8 tornato in patria sano e salvo, \u00a0nel 2018, a 99 anni, ha partecipato al raduno triveneto di Vittorio Veneto.\u00a0 Nel 1987 \u00e8 stato insignito del titolo di Cavaliere della Repubblica. I funerali si terranno domani alle 15 nella chiesa di Celarda.\u00a0 Lascia i figli Antonietta con Dario, Gianvittore con Lena, Marino con Emanuela, i nipoti Maria Rosa, Denis, Isabella e Filippo. E un ringraziamento dalla famiglia a Fatima per le amorevoli attenzioni ed agli amici alpini per il sentimento dimostrato<\/p>\n<blockquote>\n<h3><\/h3>\n<\/blockquote>\n<hr \/>\n<blockquote><p>&nbsp;<\/p>\n<p>&nbsp;<\/p>\n<h3><strong><a href=\"https:\/\/www.radiopiu.net\/wordpress\/giornale-radiopiu-25-maggio-2021-direttore-mirko-mezzacasa\/188723971_3894700917282345_2903881207160213053_n\/\" rel=\"attachment wp-att-211780\"><img loading=\"lazy\" decoding=\"async\" class=\"wp-image-211780 alignleft\" src=\"https:\/\/www.radiopiu.net\/wordpress\/wp-content\/uploads\/2021\/05\/188723971_3894700917282345_2903881207160213053_n-225x300.jpg\" alt=\"\" width=\"155\" height=\"207\" srcset=\"https:\/\/www.radiopiu.net\/wordpress\/wp-content\/uploads\/2021\/05\/188723971_3894700917282345_2903881207160213053_n-225x300.jpg 225w, https:\/\/www.radiopiu.net\/wordpress\/wp-content\/uploads\/2021\/05\/188723971_3894700917282345_2903881207160213053_n.jpg 526w\" sizes=\"auto, (max-width: 155px) 100vw, 155px\" \/><\/a><\/strong>E&#8217; MORTO GIACOMO DA RIZ, TENORE DEL CORO MINIMO<\/h3>\n<div dir=\"auto\"><em>Sei andato avanti ed ora canterai anche tu nell&#8217;immenso coro&#8230; non \u00e8 un caso che tu mi abbia mandato proprio questa foto felice e sorridente, quando abbiamo chiesto del materiale x festeggiare i nostri 60 anni. Ci mancherai Giacomo, ci mancher\u00e0 il tuo sorriso e la tua voglia di vivere.<\/em><\/div>\n<\/blockquote>\n<p><strong>BELLUNO<\/strong> Il Coro Minimo piange il suo tenore, Giacomo Da Riz morto a 61 anni. ausiliario della scuola in quiescienza lascia la moglie Daniela Fagherazzi <em>&#8220;Giacomo \u00e8 andato avanti &#8211; dice il presidente del coro Giorgio Dal Farra &#8211; canter\u00e0 in un coro pi\u00f9 grande composto da tanti amici che in questi anni ci hanno lasciato anzitempo. Ci mancher\u00e0 il suo sorriso e voglia di vivere&#8221;.<\/em> Giacomo lascia la moglie Daniela, i fratelli Fabio, Damiano con Carmen, Grazia con Gianni, la cognata Silvia, il nipote Michele con Michela e Giorgia. I funerali domani alle 16 nel cimitero di Salce.<\/p>\n<blockquote><p>&nbsp;<\/p><\/blockquote>\n<hr \/>\n<blockquote><p>&nbsp;<\/p>\n<h3>LA DISPERAZIONE PER LA MORTE DI CLAUDIO<\/h3>\n<\/blockquote>\n<p><strong><a href=\"https:\/\/www.radiopiu.net\/wordpress\/giornale-radiopiu-25-maggio-2021-direttore-mirko-mezzacasa\/1cd2a4e8-83e8-483f-885f-59084aded432\/\" rel=\"attachment wp-att-211781\"><img loading=\"lazy\" decoding=\"async\" class=\" wp-image-211781 alignleft\" src=\"https:\/\/www.radiopiu.net\/wordpress\/wp-content\/uploads\/2021\/05\/1cd2a4e8-83e8-483f-885f-59084aded432-300x135.jpg\" alt=\"\" width=\"213\" height=\"96\" srcset=\"https:\/\/www.radiopiu.net\/wordpress\/wp-content\/uploads\/2021\/05\/1cd2a4e8-83e8-483f-885f-59084aded432-300x135.jpg 300w, https:\/\/www.radiopiu.net\/wordpress\/wp-content\/uploads\/2021\/05\/1cd2a4e8-83e8-483f-885f-59084aded432-1024x461.jpg 1024w, https:\/\/www.radiopiu.net\/wordpress\/wp-content\/uploads\/2021\/05\/1cd2a4e8-83e8-483f-885f-59084aded432-768x345.jpg 768w, https:\/\/www.radiopiu.net\/wordpress\/wp-content\/uploads\/2021\/05\/1cd2a4e8-83e8-483f-885f-59084aded432-1536x691.jpg 1536w, https:\/\/www.radiopiu.net\/wordpress\/wp-content\/uploads\/2021\/05\/1cd2a4e8-83e8-483f-885f-59084aded432.jpg 2048w\" sizes=\"auto, (max-width: 213px) 100vw, 213px\" \/><\/a>BELLUNO<\/strong> Un incidente stradale tutto da chiarire quello di domenica che ha portato alla morte di Claudio Dal Pont, 30enne di Castion. Sequestrati i tre veicoli e anche i cellulari mentre non \u00e8 ancora stata resa nota la data dei funerali, i famigliari hanno autorizzato l&#8217;espianto degli organi.<\/p>\n<blockquote><p><strong>IL MESSAGGIO DELLA SUA MARA<\/strong><\/p>\n<div dir=\"auto\"><em>Quando perdi il senso di ogni cosa perch\u00e9 non doveva finire cos\u00ec.<\/em><\/div>\n<div dir=\"auto\"><em>Non so cosa ne sar\u00e0 di me, spero solo che tu mi dia lo stesso la forza di andare avanti.<\/em><\/div>\n<div dir=\"auto\"><em>Sono stati i 7 anni pi\u00f9 bella della mia vita e dovevano solo essere i primi di una lunga serie&#8230; Oggi invece la tua moto ti ha portato lontano.<\/em><\/div>\n<div dir=\"auto\"><\/div>\n<p>&nbsp;<\/p><\/blockquote>\n<hr \/>\n<blockquote>\n<h3><\/h3>\n<p>&nbsp;<\/p>\n<h3>FESTA IN PIZZERIA, OLTRE IL COPRIFUOCO A COL DI PRA<\/h3>\n<\/blockquote>\n<p><strong><a href=\"https:\/\/www.radiopiu.net\/wordpress\/carabinieri-al-lavoro-nel-bellunese-e-feltrino\/carabinieri-feltre-3\/\" rel=\"attachment wp-att-110914\"><img loading=\"lazy\" decoding=\"async\" class=\"wp-image-110914 alignleft\" src=\"https:\/\/www.radiopiu.net\/wordpress\/wp-content\/uploads\/2019\/12\/CARABINIERI-FELTRE-3-300x225.jpg\" alt=\"\" width=\"176\" height=\"132\" srcset=\"https:\/\/www.radiopiu.net\/wordpress\/wp-content\/uploads\/2019\/12\/CARABINIERI-FELTRE-3-300x225.jpg 300w, https:\/\/www.radiopiu.net\/wordpress\/wp-content\/uploads\/2019\/12\/CARABINIERI-FELTRE-3-1024x768.jpg 1024w, https:\/\/www.radiopiu.net\/wordpress\/wp-content\/uploads\/2019\/12\/CARABINIERI-FELTRE-3-768x576.jpg 768w, https:\/\/www.radiopiu.net\/wordpress\/wp-content\/uploads\/2019\/12\/CARABINIERI-FELTRE-3.jpg 1280w\" sizes=\"auto, (max-width: 176px) 100vw, 176px\" \/><\/a>TAIBON<\/strong> Ristorante Pizzeria Boccon Divino chiuso per cinque giorni perch\u00e9 all&#8217;una del mattino vi erano ancora presenti numerose persone intente anche a consumare e ballare, I Carabinieri del Norm di Belluno unitamente ai colleghi della stazione di Falcade hanno condotto il controllo elevando la sanzione prevista per violazioni alle norme anticovid. I militari si sono poi spostati in Valle di San Lucano, a Col di Pra\u00a0 per controllare alle 3 del mattino, 14 persone a bordo di quattro diverse autovetture. Tutti sanzionati poich\u00e9 senza giustificato motivo circolavano oltre il limite delle 23 imposto dal coprifuoco.<\/p>\n<div class=\"im_history_message_wrap\">\n<div class=\"im_message_outer_wrap hasselect\" data-msg-id=\"18718\">\n<div class=\"im_message_wrap clearfix\">\n<div class=\"im_content_message_wrap im_message_in\">\n<div><\/div>\n<div><\/div>\n<div><\/div>\n<div>\n<hr \/>\n<\/div>\n<blockquote>\n<div><\/div>\n<\/blockquote>\n<div><\/div>\n<div>\n<hr \/>\n<\/div>\n<blockquote>\n<div>\n<hr \/>\n<\/div>\n<div><\/div>\n<\/blockquote>\n<h3>SCENDE A 202 IL NUMERO DEGLI ATTUALMENTE POSITIVI IN PROVINCIA, 17 PAZIENTI IN OSPEDALE<\/h3>\n<p><strong>BELLUNO <\/strong>Nelle ultime 24 ore non sono stati registrati decessi di persone covid positive, 3 nuove positivit\u00e0 registrate in Ulss 1 Dolomiti, 202 le persone attualmente positive in provincia di Belluno.<\/p>\n<p>Le persone attualmente POSITIVE ricoverate negli ospedali dell\u2019Ulss Dolomiti sono:<\/p>\n<table>\n<tbody>\n<tr>\n<td width=\"217\"><strong>\u00a0<\/strong><\/td>\n<td width=\"217\"><strong>Area NON CRITICA<\/strong><\/td>\n<td width=\"217\"><strong>Terapia Intensiva<\/strong><\/td>\n<\/tr>\n<tr>\n<td width=\"217\"><strong>Ospedale di Belluno <\/strong><\/td>\n<td width=\"217\">5<\/td>\n<td width=\"217\">1<\/td>\n<\/tr>\n<tr>\n<td width=\"217\"><strong>Ospedale di Feltre<\/strong><\/td>\n<td width=\"217\">5<\/td>\n<td width=\"217\">0<\/td>\n<\/tr>\n<\/tbody>\n<\/table>\n<p>Le persone attualmente POSITIVE ricoverate in Ospedale di Comunit\u00e0 sono:<\/p>\n<table>\n<tbody>\n<tr>\n<td width=\"326\"><strong>\u00a0<\/strong><\/td>\n<td width=\"326\"><strong>pazienti attualmente positivi<\/strong><\/td>\n<\/tr>\n<tr>\n<td width=\"326\"><strong>Ospedale di Comunit\u00e0 di FELTRE<\/strong><\/td>\n<td width=\"326\"><strong>6<\/strong><\/td>\n<\/tr>\n<\/tbody>\n<\/table>\n<p>&nbsp;<\/p>\n<p lang=\"it-IT\"><span style=\"color: #ff0066;\"><span style=\"font-size: medium;\"><b>AGGIORNAMENTO CAMPAGNA VACCINALE <\/b><\/span><\/span><span style=\"font-family: Calibri, sans-serif;\"><span style=\"font-size: medium;\">L\u2019Azienda <\/span><\/span><span style=\"color: #000000;\"><span style=\"font-family: Calibri, sans-serif;\"><span style=\"font-size: medium;\"><span lang=\"it-IT\">D<\/span><\/span><\/span><\/span><span style=\"font-family: Calibri, sans-serif;\"><span style=\"font-size: medium;\">olomiti <\/span><\/span><span style=\"color: #000000;\"><span style=\"font-family: Calibri, sans-serif;\"><span style=\"font-size: medium;\"><span lang=\"it-IT\">ha<\/span><\/span><\/span><\/span><span style=\"font-family: Calibri, sans-serif;\"><span style=\"font-size: medium;\"> oggi a tutti Medici di Medina Generale l\u2019elenco degli assisti over 60 non vaccinati, non prenotati e non recentemete colpiti da covid chiedendo ai medici stessi <\/span><\/span><span style=\"color: #000000;\"><span style=\"font-family: Calibri, sans-serif;\"><span style=\"font-size: medium;\"><span lang=\"it-IT\">contattare gli assistiti per favorire la loro vaccianzione<\/span><\/span><\/span><\/span><span style=\"font-family: Calibri, sans-serif;\"><span style=\"font-size: medium;\">. <\/span><\/span><span style=\"font-family: Calibri, sans-serif;\"><span style=\"font-size: medium;\">Sono stati attivati nuovi posti per<\/span><\/span><span style=\"font-family: Calibri, sans-serif;\"><span style=\"font-size: medium;\"><b> over 60 <\/b><\/span><\/span><span style=\"font-family: Calibri, sans-serif;\"><span style=\"font-size: medium;\">prenotabili online e sono state organizzate sedute con a<\/span><\/span><span style=\"font-family: Calibri, sans-serif;\"><span style=\"font-size: medium;\"><b>ccesso libero<\/b><\/span><\/span><span style=\"font-family: Calibri, sans-serif;\"><span style=\"font-size: medium;\"> per questa categoria: <\/span><\/span><b style=\"font-size: medium; font-family: Calibri, sans-serif; color: #222222;\">Mercoled\u00ec 26\/05\/2021 Paludi tra le ore 14:30 e le ore 17:00 <\/b><b style=\"font-size: medium; font-family: Calibri, sans-serif; color: #222222;\">Gioved\u00ec 27\/05\/2021 Agordo tra le ore 18:00 e le ore 19:00 <\/b><b style=\"font-size: medium; font-family: Calibri, sans-serif; color: #222222;\">Venerd\u00ec 28\/05\/2021 Tai di Cadore tra le ore 18:00 e le ore 19:00 <\/b><b style=\"font-size: medium; font-family: Calibri, sans-serif; color: #202124;\">sabato 29\/05\/2021 Feltre tra le ore 17:30 e le ore 19:00 <\/b><span style=\"font-family: Calibri, sans-serif;\"><span style=\"font-size: medium;\">Qualunque persona di et\u00e0 pari o superiore a sessant\u2019anni non ancora vaccinata potr\u00e0 quindi eseguire la vaccinazione senza prenotazione presentandosi al drive in vaccinale con carta d\u2019identit\u00e0 e la tessera sanitaria nelle sedi e orari indicati.<\/span><\/span><\/p>\n<div><\/div>\n<div><\/div>\n<div><\/div>\n<div>\n<hr \/>\n<\/div>\n<div><\/div>\n<div><\/div>\n<div><\/div>\n<blockquote>\n<h2>A LIVINALLONGO CONTAGI IN CRESCITA, MENO MARCATI MA PUR SEMPRE IN CRESCITA A SANTO STEFANO, FONZASO E ALANO<\/h2>\n<\/blockquote>\n<blockquote><p><em>Ulss1 Belluno, tamponi da inizio epidemia:\u00a0 269 mila tamponi molecolari, 190 mila tamponi antigenici. a Livinallongo incidenza fino a 500 casi su 100 mila abitanti, 3 Comuni fino a 250 (Alano, Fonzaso e Santo Stefano) e 15 fino a 125 (Arsie&#8217; Quero, Lamon, Pedavena, Feltre, Cesiomaggiore, Santa Giustina, Sospirolo, Sedico Belluno, Ponte nelle Alpi, Valle di Cadore, Vodo, Domegge e Cortina), tutti gli altri 42 Comuni zero contagi negli ultimi sette giorni, 19 i Comuni con nuovi contagi.<\/em><\/p>\n<p><strong>BELLUNO<\/strong> Nella Ulss1 Dolomiti tra il 19 e il 25 aprile l&#8217;incidenza \u00e8 scesa a 27 su 100 mila abitanti ( 32 la settimana scorsa, soglia d&#8217;allarme 250).\u00a0 La curva epidemica relativa alla seconda e terza fase dello sviluppo pandemico nel nostro territorio mette in evidenza\u00a0 la continuazione dell\u2019andamento discendente della curva stessa.\u00a0 A Livinallongo aumentano\u00a0 i contagi (251-500) mentre il resto dei Comuni Agordini si presenta con colorazione bianca, ovvero nessun contagio negli ultimi sette giorni. Una quindicina i Comuni con contagi tra 126-250 ogni 100 mila abitanti.<\/p><\/blockquote>\n<p><a href=\"https:\/\/www.radiopiu.net\/wordpress\/scende-a-80-lincidenza-per-100-mila-abitanti-la-nuova-mappa-del-contagio-comune-per-comune\/77d7edbe-c270-4dc0-ab88-dc3e66983fef\/\" rel=\"attachment wp-att-211744\"><img loading=\"lazy\" decoding=\"async\" class=\"wp-image-211744 aligncenter\" src=\"https:\/\/www.radiopiu.net\/wordpress\/wp-content\/uploads\/2021\/05\/77d7edbe-c270-4dc0-ab88-dc3e66983fef.jpg\" alt=\"\" width=\"551\" height=\"562\" srcset=\"https:\/\/www.radiopiu.net\/wordpress\/wp-content\/uploads\/2021\/05\/77d7edbe-c270-4dc0-ab88-dc3e66983fef.jpg 923w, https:\/\/www.radiopiu.net\/wordpress\/wp-content\/uploads\/2021\/05\/77d7edbe-c270-4dc0-ab88-dc3e66983fef-294x300.jpg 294w, https:\/\/www.radiopiu.net\/wordpress\/wp-content\/uploads\/2021\/05\/77d7edbe-c270-4dc0-ab88-dc3e66983fef-768x783.jpg 768w\" sizes=\"auto, (max-width: 551px) 100vw, 551px\" \/><\/a><\/p>\n<p>&nbsp;<\/p>\n<p><strong>IN SEQUENZA L&#8217;ANDAMENTO DELLE ULTIME 3\u00a0 SETTIMANE<\/strong><\/p>\n<p><img loading=\"lazy\" decoding=\"async\" class=\"alignleft\" src=\"https:\/\/www.radiopiu.net\/wordpress\/wp-content\/uploads\/2021\/04\/060d4415-b732-4ec2-981e-b9f7bac70597-1.jpg\" width=\"289\" height=\"243\" \/><\/p>\n<p><strong><img loading=\"lazy\" decoding=\"async\" class=\"\" src=\"https:\/\/www.radiopiu.net\/wordpress\/wp-content\/uploads\/2021\/05\/710a973d-e368-4401-930f-b90c9979890b.jpg\" width=\"234\" height=\"253\" \/><\/strong><a href=\"https:\/\/www.radiopiu.net\/wordpress\/covid-in-provincia-il-punto-della-ulss-1-dolomiti-in-agordino-nuovi-casi-ad-agordo-voltago-la-valle-falcade-e-livinallongo\/2-84\/\" rel=\"attachment wp-att-207391\"><img loading=\"lazy\" decoding=\"async\" class=\"alignnone wp-image-207391 \" src=\"https:\/\/www.radiopiu.net\/wordpress\/wp-content\/uploads\/2021\/05\/2.jpg\" alt=\"\" width=\"252\" height=\"260\" srcset=\"https:\/\/www.radiopiu.net\/wordpress\/wp-content\/uploads\/2021\/05\/2.jpg 966w, https:\/\/www.radiopiu.net\/wordpress\/wp-content\/uploads\/2021\/05\/2-291x300.jpg 291w, https:\/\/www.radiopiu.net\/wordpress\/wp-content\/uploads\/2021\/05\/2-768x792.jpg 768w\" sizes=\"auto, (max-width: 252px) 100vw, 252px\" \/><\/a><\/p>\n<p><span style=\"font-size: medium;\"><b>Ricoveri<\/b><\/span><\/p>\n<p><span style=\"font-size: medium;\">Il grafico complessivo sotto riportato specifica, in rapporto all\u2019andamento epidemico dei contagi, le curve relative ai ricoveri ospedalieri per grado di intensit\u00e0 assistenziale, oltre alla curva dei decessi. <\/span><span style=\"color: #00000a;\"><span style=\"font-size: medium;\"><span lang=\"it-IT\">Il <\/span><\/span><\/span><span style=\"font-size: medium;\">grafico rappresenta la curva epidemica <\/span><span style=\"color: #000000;\"><span style=\"font-size: medium;\"><span lang=\"it-IT\">relativa alla seconda e terza fase dello sviluppo pandemico nel nostro territorio. Appare evidente, in relazione alla cosidetta terza fase, la continuazione dell\u2019andamento discendente della curva stessa.<\/span><\/span><\/span><\/p>\n\n\t\t\t<style type='text\/css'>\n\t\t\t\t#gallery-3 {\n\t\t\t\t\tmargin: auto;\n\t\t\t\t}\n\t\t\t\t#gallery-3 .gallery-item {\n\t\t\t\t\tfloat: left;\n\t\t\t\t\tmargin-top: 10px;\n\t\t\t\t\ttext-align: center;\n\t\t\t\t\twidth: 33%;\n\t\t\t\t}\n\t\t\t\t#gallery-3 img {\n\t\t\t\t\tborder: 2px solid #cfcfcf;\n\t\t\t\t}\n\t\t\t\t#gallery-3 .gallery-caption {\n\t\t\t\t\tmargin-left: 0;\n\t\t\t\t}\n\t\t\t\t\/* see gallery_shortcode() in wp-includes\/media.php *\/\n\t\t\t<\/style>\n\t\t<div id='gallery-3' class='dt-gallery-container gallery galleryid-211499 gallery-columns-3 gallery-size-thumbnail'><dl class='gallery-item'>\n\t\t\t\t<dt class='gallery-icon landscape'>\n\t\t\t\t\t<a class=\"rollover rollover-zoom dt-pswp-item\" title=\"50d36ad8-d742-41c4-afa8-fbe916fad967\" data-dt-img-description=\"\" data-large_image_width=\"1600\" data-large_image_height=\"652\"href='https:\/\/www.radiopiu.net\/wordpress\/wp-content\/uploads\/2021\/05\/50d36ad8-d742-41c4-afa8-fbe916fad967.jpg'><img loading=\"lazy\" decoding=\"async\" width=\"150\" height=\"150\" src=\"https:\/\/www.radiopiu.net\/wordpress\/wp-content\/uploads\/2021\/05\/50d36ad8-d742-41c4-afa8-fbe916fad967-150x150.jpg\" class=\"attachment-thumbnail size-thumbnail\" alt=\"\" \/><\/a>\n\t\t\t\t<\/dt><\/dl><dl class='gallery-item'>\n\t\t\t\t<dt class='gallery-icon landscape'>\n\t\t\t\t\t<a class=\"rollover rollover-zoom dt-pswp-item\" title=\"697d1191-bd43-4522-b729-cf80ecbdb361\" data-dt-img-description=\"\" data-large_image_width=\"1600\" data-large_image_height=\"834\"href='https:\/\/www.radiopiu.net\/wordpress\/wp-content\/uploads\/2021\/05\/697d1191-bd43-4522-b729-cf80ecbdb361.jpg'><img loading=\"lazy\" decoding=\"async\" width=\"150\" height=\"150\" src=\"https:\/\/www.radiopiu.net\/wordpress\/wp-content\/uploads\/2021\/05\/697d1191-bd43-4522-b729-cf80ecbdb361-150x150.jpg\" class=\"attachment-thumbnail size-thumbnail\" alt=\"\" \/><\/a>\n\t\t\t\t<\/dt><\/dl><dl class='gallery-item'>\n\t\t\t\t<dt class='gallery-icon landscape'>\n\t\t\t\t\t<a class=\"rollover rollover-zoom dt-pswp-item\" title=\"d6aaad5b-28c6-47c8-8437-58708d6c8810\" data-dt-img-description=\"\" data-large_image_width=\"1125\" data-large_image_height=\"1022\"href='https:\/\/www.radiopiu.net\/wordpress\/wp-content\/uploads\/2021\/05\/d6aaad5b-28c6-47c8-8437-58708d6c8810.jpg'><img loading=\"lazy\" decoding=\"async\" width=\"150\" height=\"150\" src=\"https:\/\/www.radiopiu.net\/wordpress\/wp-content\/uploads\/2021\/05\/d6aaad5b-28c6-47c8-8437-58708d6c8810-150x150.jpg\" class=\"attachment-thumbnail size-thumbnail\" alt=\"\" \/><\/a>\n\t\t\t\t<\/dt><\/dl><br style=\"clear: both\" \/>\n\t\t\t<\/div>\n\n<p>&nbsp;<\/p>\n<div><\/div>\n<div><\/div>\n<div>\n<hr \/>\n<\/div>\n<div><\/div>\n<div><\/div>\n<blockquote>\n<h3>IL SINDACO DA ZANCHE CAMBIA METODO E RIVOLUZIONA GLI INVESTIMENTI<\/h3>\n<p><em>&#8220;Tanti castelli, pochi benefici&#8221;<\/em><\/p><\/blockquote>\n<div><\/div>\n<div>\n<p><strong><img loading=\"lazy\" decoding=\"async\" class=\"alignleft\" src=\"https:\/\/www.radiopiu.net\/wordpress\/wp-content\/uploads\/2020\/11\/GOSALDO.jpg\" width=\"231\" height=\"130\" \/>GOSALDO<\/strong><\/p>\n<p><strong>DI GIANNI SANTOMASO<\/strong><\/p>\n<audio class=\"wp-audio-shortcode\" id=\"audio-211499-5\" preload=\"none\" style=\"width: 100%;\" controls=\"controls\"><source type=\"audio\/mpeg\" src=\"https:\/\/www.radiopiu.net\/wordpress\/wp-content\/uploads\/2021\/05\/GIANNI-STEFANO.mp3?_=5\" \/><a href=\"https:\/\/www.radiopiu.net\/wordpress\/wp-content\/uploads\/2021\/05\/GIANNI-STEFANO.mp3\">https:\/\/www.radiopiu.net\/wordpress\/wp-content\/uploads\/2021\/05\/GIANNI-STEFANO.mp3<\/a><\/audio>\n<p>&nbsp;<\/p>\n<p>&nbsp;<\/p>\n<hr \/>\n<p>&nbsp;<\/p>\n<p>&nbsp;<\/p>\n<blockquote>\n<h2>UN BORGO&#8230; IN FIORE<\/h2>\n<\/blockquote>\n<p><strong><a href=\"https:\/\/www.radiopiu.net\/wordpress\/giornale-radiopiu-25-maggio-2021-direttore-mirko-mezzacasa\/th-119\/\" rel=\"attachment wp-att-211775\"><img loading=\"lazy\" decoding=\"async\" class=\"wp-image-211775 alignleft\" src=\"https:\/\/www.radiopiu.net\/wordpress\/wp-content\/uploads\/2021\/05\/th-22.jpg\" alt=\"\" width=\"138\" height=\"92\" \/><\/a>BORGO VALBELLUNA<\/strong><\/p>\n<p><strong>DAMIANO TORMEN\u00a0<\/strong><\/p>\n<audio class=\"wp-audio-shortcode\" id=\"audio-211499-6\" preload=\"none\" style=\"width: 100%;\" controls=\"controls\"><source type=\"audio\/mpeg\" src=\"https:\/\/www.radiopiu.net\/wordpress\/wp-content\/uploads\/2021\/05\/DAMIANO-BORGO-IN-FIOREu.mp3?_=6\" \/><a href=\"https:\/\/www.radiopiu.net\/wordpress\/wp-content\/uploads\/2021\/05\/DAMIANO-BORGO-IN-FIOREu.mp3\">https:\/\/www.radiopiu.net\/wordpress\/wp-content\/uploads\/2021\/05\/DAMIANO-BORGO-IN-FIOREu.mp3<\/a><\/audio>\n<p>&nbsp;<\/p>\n<\/div>\n<div><\/div>\n<div><\/div>\n<div>\n<hr \/>\n<\/div>\n<div><\/div>\n<\/div>\n<\/div>\n<\/div>\n<\/div>\n<blockquote>\n<h3>VENETO, ANAS: AVANZA IL PIANO DI POTENZIAMENTO DELLA VIABILIT\u00c0 PER CORTINA<\/h3>\n<\/blockquote>\n<p><strong>CORTINA <\/strong>Proseguono senza sosta le attivit\u00e0 di Anas (Gruppo Fs Italiane) previste nell\u2019ambito del piano straordinario di potenziamento della viabilit\u00e0 per Cortina. Questa mattina il Commissario di Governo per l\u2019attuazione del piano nonch\u00e9\u00a0Presidente di Anas,\u00a0Claudio Andrea Gemme,\u00a0nel corso di un incontro con il Sindaco di Cortina\u00a0Gianpietro Ghedina\u00a0e il Commissario di Governo del progetto sportivo Cortina 2021 Valerio Toniolo, ha presentato lo stato di avanzamento dei lavori e le nuove iniziative. Per quanto riguarda lo stato dei lavori lungo la Strada Statale 51 \u201cdi Alemagna\u201d sono stati attivati cantieri per 94 milioni di euro, con un avanzamento pari a circa l\u201982%. I lavori in corso, per la maggior parte fuori dalla sede stradale e con ridotto impatto sulla viabilit\u00e0, saranno completati entro il 2021, ad eccezione di alcuni di interventi afferenti al nodo di Longarone, che saranno completati per i primi mesi del 2022. In data 20 maggio 2021 sono stati riavviati i lavori presso il ponte sul Bigontina. Relativamente ai progetti delle quattro varianti ai centri abitati (San Vito di Cadore, Valle di Cadore, Tai di Cadore e Cortina d\u2019Ampezzo) per un valore iniziale di 141,6 milioni di euro, le procedure per la valutazione dell\u2019impatto ambientale presso il competente Ministero dell\u2019Ambiente si sono concluse solo a settembre 2020 nonostante l\u2019iter autorizzativo fosse stato avviato a settembre 2017. In particolare per quanto riguarda la Variante di San Vito, si \u00e8 tenuta lo scorso 21 dicembre 2020 la Conferenza di Servizi, conclusasi positivamente alla quale ha fatto seguito il decreto del Commissario del 13 maggio 2021 di approvazione progetto. Anche per la Variante di Valle di Cadore, la Conferenza di Servizi svoltasi il 22 dicembre 2020, si \u00e8 conclusa positivamente a febbraio 2021 con decreto del Commissario in corso di emanazione. Infine lo scorso 31 marzo 2021 si \u00e8 aperta la Conferenza di Servizi per la Variante di Tai di Cadore, terminata positivamente il 20 aprile 2021 ed \u00e8 di prossima emanazione la relativa determina conclusiva che permetter\u00e0 l\u2019emissione del decreto Commissariale. Infine l\u2019intervento di miglioramento della viabilit\u00e0 di accesso all\u2019abitato di Cortina confluir\u00e0 nel pi\u00f9 ampio progetto della Variante di Cortina inclusa tra le opere previste per le Olimpiadi 2026 Milano-Cortina.<\/p>\n\n\t\t\t<style type='text\/css'>\n\t\t\t\t#gallery-4 {\n\t\t\t\t\tmargin: auto;\n\t\t\t\t}\n\t\t\t\t#gallery-4 .gallery-item {\n\t\t\t\t\tfloat: left;\n\t\t\t\t\tmargin-top: 10px;\n\t\t\t\t\ttext-align: center;\n\t\t\t\t\twidth: 33%;\n\t\t\t\t}\n\t\t\t\t#gallery-4 img {\n\t\t\t\t\tborder: 2px solid #cfcfcf;\n\t\t\t\t}\n\t\t\t\t#gallery-4 .gallery-caption {\n\t\t\t\t\tmargin-left: 0;\n\t\t\t\t}\n\t\t\t\t\/* see gallery_shortcode() in wp-includes\/media.php *\/\n\t\t\t<\/style>\n\t\t<div id='gallery-4' class='dt-gallery-container gallery galleryid-211499 gallery-columns-3 gallery-size-medium'><dl class='gallery-item'>\n\t\t\t\t<dt class='gallery-icon landscape'>\n\t\t\t\t\t<a class=\"rollover rollover-zoom dt-pswp-item\" title=\"Incontro Gemme al Comune di Cortina4\" data-dt-img-description=\"\" data-large_image_width=\"2048\" data-large_image_height=\"1536\"href='https:\/\/www.radiopiu.net\/wordpress\/wp-content\/uploads\/2021\/05\/Incontro-Gemme-al-Comune-di-Cortina4.jpeg'><img loading=\"lazy\" decoding=\"async\" width=\"300\" height=\"225\" src=\"https:\/\/www.radiopiu.net\/wordpress\/wp-content\/uploads\/2021\/05\/Incontro-Gemme-al-Comune-di-Cortina4-300x225.jpeg\" class=\"attachment-medium size-medium\" alt=\"\" srcset=\"https:\/\/www.radiopiu.net\/wordpress\/wp-content\/uploads\/2021\/05\/Incontro-Gemme-al-Comune-di-Cortina4-300x225.jpeg 300w, https:\/\/www.radiopiu.net\/wordpress\/wp-content\/uploads\/2021\/05\/Incontro-Gemme-al-Comune-di-Cortina4-1024x768.jpeg 1024w, https:\/\/www.radiopiu.net\/wordpress\/wp-content\/uploads\/2021\/05\/Incontro-Gemme-al-Comune-di-Cortina4-768x576.jpeg 768w, https:\/\/www.radiopiu.net\/wordpress\/wp-content\/uploads\/2021\/05\/Incontro-Gemme-al-Comune-di-Cortina4-1536x1152.jpeg 1536w, https:\/\/www.radiopiu.net\/wordpress\/wp-content\/uploads\/2021\/05\/Incontro-Gemme-al-Comune-di-Cortina4.jpeg 2048w\" sizes=\"auto, (max-width: 300px) 100vw, 300px\" \/><\/a>\n\t\t\t\t<\/dt><\/dl><dl class='gallery-item'>\n\t\t\t\t<dt class='gallery-icon landscape'>\n\t\t\t\t\t<a class=\"rollover rollover-zoom dt-pswp-item\" title=\"Sopralluogo Cantiere Crignes 2\" data-dt-img-description=\"\" data-large_image_width=\"2048\" data-large_image_height=\"1536\"href='https:\/\/www.radiopiu.net\/wordpress\/wp-content\/uploads\/2021\/05\/Sopralluogo-Cantiere-Crignes-2.jpeg'><img loading=\"lazy\" decoding=\"async\" width=\"300\" height=\"225\" src=\"https:\/\/www.radiopiu.net\/wordpress\/wp-content\/uploads\/2021\/05\/Sopralluogo-Cantiere-Crignes-2-300x225.jpeg\" class=\"attachment-medium size-medium\" alt=\"\" srcset=\"https:\/\/www.radiopiu.net\/wordpress\/wp-content\/uploads\/2021\/05\/Sopralluogo-Cantiere-Crignes-2-300x225.jpeg 300w, https:\/\/www.radiopiu.net\/wordpress\/wp-content\/uploads\/2021\/05\/Sopralluogo-Cantiere-Crignes-2-1024x768.jpeg 1024w, https:\/\/www.radiopiu.net\/wordpress\/wp-content\/uploads\/2021\/05\/Sopralluogo-Cantiere-Crignes-2-768x576.jpeg 768w, https:\/\/www.radiopiu.net\/wordpress\/wp-content\/uploads\/2021\/05\/Sopralluogo-Cantiere-Crignes-2-1536x1152.jpeg 1536w, https:\/\/www.radiopiu.net\/wordpress\/wp-content\/uploads\/2021\/05\/Sopralluogo-Cantiere-Crignes-2.jpeg 2048w\" sizes=\"auto, (max-width: 300px) 100vw, 300px\" \/><\/a>\n\t\t\t\t<\/dt><\/dl><dl class='gallery-item'>\n\t\t\t\t<dt class='gallery-icon landscape'>\n\t\t\t\t\t<a class=\"rollover rollover-zoom dt-pswp-item\" title=\"Sopralluogo Cantiere Crignes\" data-dt-img-description=\"\" data-large_image_width=\"2048\" data-large_image_height=\"1536\"href='https:\/\/www.radiopiu.net\/wordpress\/wp-content\/uploads\/2021\/05\/Sopralluogo-Cantiere-Crignes.jpeg'><img loading=\"lazy\" decoding=\"async\" width=\"300\" height=\"225\" src=\"https:\/\/www.radiopiu.net\/wordpress\/wp-content\/uploads\/2021\/05\/Sopralluogo-Cantiere-Crignes-300x225.jpeg\" class=\"attachment-medium size-medium\" alt=\"\" srcset=\"https:\/\/www.radiopiu.net\/wordpress\/wp-content\/uploads\/2021\/05\/Sopralluogo-Cantiere-Crignes-300x225.jpeg 300w, https:\/\/www.radiopiu.net\/wordpress\/wp-content\/uploads\/2021\/05\/Sopralluogo-Cantiere-Crignes-1024x768.jpeg 1024w, https:\/\/www.radiopiu.net\/wordpress\/wp-content\/uploads\/2021\/05\/Sopralluogo-Cantiere-Crignes-768x576.jpeg 768w, https:\/\/www.radiopiu.net\/wordpress\/wp-content\/uploads\/2021\/05\/Sopralluogo-Cantiere-Crignes-1536x1152.jpeg 1536w, https:\/\/www.radiopiu.net\/wordpress\/wp-content\/uploads\/2021\/05\/Sopralluogo-Cantiere-Crignes.jpeg 2048w\" sizes=\"auto, (max-width: 300px) 100vw, 300px\" \/><\/a>\n\t\t\t\t<\/dt><\/dl><br style=\"clear: both\" \/>\n\t\t\t<\/div>\n\n<p>&nbsp;<\/p>\n<p>&nbsp;<\/p>\n<hr \/>\n<p>&nbsp;<\/p>\n<blockquote>\n<h3 class=\"p1\"><span class=\"s1\">SS 51 ALEMAGNA, BOND (FI): \u201cSUBITO IL COMMISSARIO PER LA VARIANTE DI LONGARONE, I TEMPI STRINGONO\u201d<\/span><\/h3>\n<\/blockquote>\n<p class=\"p1\"><span class=\"s1\"><strong><a href=\"https:\/\/www.radiopiu.net\/wordpress\/dario-bond-e-il-bando-sul-direttore-della-fondazione-unesco\/dario-bond-12\/\" rel=\"attachment wp-att-191054\"><img loading=\"lazy\" decoding=\"async\" class=\"size-medium wp-image-191054 alignleft\" src=\"https:\/\/www.radiopiu.net\/wordpress\/wp-content\/uploads\/2021\/02\/DARIO-BOND-300x138.jpg\" alt=\"\" width=\"300\" height=\"138\" srcset=\"https:\/\/www.radiopiu.net\/wordpress\/wp-content\/uploads\/2021\/02\/DARIO-BOND-300x138.jpg 300w, https:\/\/www.radiopiu.net\/wordpress\/wp-content\/uploads\/2021\/02\/DARIO-BOND-1024x472.jpg 1024w, https:\/\/www.radiopiu.net\/wordpress\/wp-content\/uploads\/2021\/02\/DARIO-BOND-768x354.jpg 768w, https:\/\/www.radiopiu.net\/wordpress\/wp-content\/uploads\/2021\/02\/DARIO-BOND-1536x708.jpg 1536w, https:\/\/www.radiopiu.net\/wordpress\/wp-content\/uploads\/2021\/02\/DARIO-BOND.jpg 1600w\" sizes=\"auto, (max-width: 300px) 100vw, 300px\" \/><\/a>ROMA <\/strong>\u201c<em>Non c\u2019\u00e8 tempo da perdere per le varianti olimpiche alla Statale di Alemagna. Per arrivare in tempo per i Giochi 2026 \u00e8 necessario che venga nominato al pi\u00f9 presto il commissario governativo. Per questo incontrer\u00f2 il presidente di Anas a giorni<\/em>\u201d. \u00c8 quanto afferma il deputato di Forza Italia Dario Bond, raccogliendo le preoccupazioni dei sindaci bellunesi, che nei giorni scorsi hanno chiesto di accelerare l\u2019iter delle due grandi varianti a Cortina e Longarone, in vista anche dei sopralluoghi del presidente Anas Claudio Andrea Gemme<\/span><span class=\"s1\">.\u00a0<\/span><\/p>\n<audio class=\"wp-audio-shortcode\" id=\"audio-211499-7\" preload=\"none\" style=\"width: 100%;\" controls=\"controls\"><source type=\"audio\/mpeg\" src=\"https:\/\/www.radiopiu.net\/wordpress\/wp-content\/uploads\/2021\/05\/BOND.mp3?_=7\" \/><a href=\"https:\/\/www.radiopiu.net\/wordpress\/wp-content\/uploads\/2021\/05\/BOND.mp3\">https:\/\/www.radiopiu.net\/wordpress\/wp-content\/uploads\/2021\/05\/BOND.mp3<\/a><\/audio>\n<p>&nbsp;<\/p>\n<hr \/>\n<p>&nbsp;<\/p>\n<p>&nbsp;<\/p>\n<blockquote>\n<h3>AL GIRO D&#8217;ITALIA SI PARLA DEL TRENO IN VAL CORDEVOLE, STORIA\u00a0 E ATTUALITA&#8217;<\/h3>\n<\/blockquote>\n<p><strong>REDAZIONE<\/strong> A sorpresa il progetto del treno per la Valcordevole \u00e8 argomento da &#8220;giro d&#8217;Italia di ciclismo&#8221;.<\/p>\n<div style=\"width: 1200px;\" class=\"wp-video\"><video class=\"wp-video-shortcode\" id=\"video-211499-1\" width=\"1200\" height=\"675\" preload=\"metadata\" controls=\"controls\"><source type=\"video\/mp4\" src=\"https:\/\/www.radiopiu.net\/wordpress\/wp-content\/uploads\/2021\/05\/Treno-delle-Dolomiti-Val-Cordevole-Giro-Italia-2021.mp4?_=1\" \/><a href=\"https:\/\/www.radiopiu.net\/wordpress\/wp-content\/uploads\/2021\/05\/Treno-delle-Dolomiti-Val-Cordevole-Giro-Italia-2021.mp4\">https:\/\/www.radiopiu.net\/wordpress\/wp-content\/uploads\/2021\/05\/Treno-delle-Dolomiti-Val-Cordevole-Giro-Italia-2021.mp4<\/a><\/video><\/div>\n<p>&nbsp;<\/p>\n<p>&nbsp;<\/p>\n<hr \/>\n<p>&nbsp;<\/p>\n<p>&nbsp;<\/p>\n<blockquote>\n<h3>IL RICHIAMO DEGLI SCHUTZEN: &#8220;BENVENUTI NEL VECCHIO TIROLO&#8221;<\/h3>\n<\/blockquote>\n<p><strong>COLLE SANTA LUCIA<\/strong> L\u2018iniziativa, quella civile, degli sch\u00fctzen per sensibilizzare l\u2018opinione pubblica sull\u2019iter del referendum dei comuni ladini. Oggi, luned\u00ec 24 maggio, in occasione del passaggio del Giro d\u2019Italia sul territorio del comune di Colle S. Lucia, la Sch\u00fctzenkompanie Buchenstein ha deciso di avviare un\u2019azione di visibilit\u00e0 mediatica per riportare l\u2019attenzione in merito al tema del referendum popolare, con il quale nel 2007, la stragrande maggioranza degli abitanti dei tre comuni ladini ex asburgici hanno chiesto di tornare con la Regione Trentino \u2013 S\u00fcdtirol. Dopo 14 anni infatti l\u2019iter sembra essere fermo e la popolazione tutta attende una risposta da parte delle istituzioni. L\u2019iniziativa \u00e8 consistita nell\u2019esporre lungo il tragitto alcuni striscioni: uno con la scritta in ladino \u201cBenvegnus ntel vegle Tirol\u201d ( Benvenuti nel vecchio Tirolo ) con il quale si voleva salutare e ricordare a ciclisti, appassionati e telespettatori, che la carovana rosa stava attraversando un territorio che fino alla fine della prima Grande Guerra Mondiale faceva parte della contea del Tirolo; il secondo con la scritta \u201cNcan endav\u00f2 auna?\u201d ( quando di nuovo insieme ), per ricordare la tripartizione dei Ladini; l\u2019ultimo con la semplice domanda \u201cReferendum 2007?\u201d. Domande e messaggi ben precisi, civili ed educati. Niente a che vedere con il deprecabile atto vandalico con il quale, due giorni prima, sono stati imbrattati i muri della galleria tra Rucav\u00e0 e Colle S.Lucia. Atto dal quale la Sch\u00fctzenkompanie Buchenstein si dissocia completamente e condanna.<em> &#8220;La nostra iniziativa\u00a0 &#8211; dicono &#8211; \u00e8 stata pensata molte settimane prima, ponderata e valutata attentamente per lanciare un messaggio chiaro, ma nello stesso tempo civile, democratico, che non offenda e soprattutto non rovini e deturpi la propriet\u00e0 pubblica. E che due giorni prima ha rischiato di essere compromessa dall\u2019 azione vandalica compiuta da ignoti, in quanto avrebbero potuto essere collegate agli occhi dell\u2019opinione pubblica. La Sch\u00fctzenkompanie Buchenstein ha deciso invece di attuare comunque la sua democratica manifestazione, proprio per dimostrare che solo con i modi civili della libert\u00e0 di opinione, sancita dalla Costituzione Italiana, si pu\u00f2 ottenere un legittimo e democratico traguardo, come quello chiesto con il referendum, voluto dalla maggioranza dei\u00a0 concittadini&#8221;.<\/em><\/p>\n\n\t\t\t<style type='text\/css'>\n\t\t\t\t#gallery-5 {\n\t\t\t\t\tmargin: auto;\n\t\t\t\t}\n\t\t\t\t#gallery-5 .gallery-item {\n\t\t\t\t\tfloat: left;\n\t\t\t\t\tmargin-top: 10px;\n\t\t\t\t\ttext-align: center;\n\t\t\t\t\twidth: 50%;\n\t\t\t\t}\n\t\t\t\t#gallery-5 img {\n\t\t\t\t\tborder: 2px solid #cfcfcf;\n\t\t\t\t}\n\t\t\t\t#gallery-5 .gallery-caption {\n\t\t\t\t\tmargin-left: 0;\n\t\t\t\t}\n\t\t\t\t\/* see gallery_shortcode() in wp-includes\/media.php *\/\n\t\t\t<\/style>\n\t\t<div id='gallery-5' class='dt-gallery-container gallery galleryid-211499 gallery-columns-2 gallery-size-medium'><dl class='gallery-item'>\n\t\t\t\t<dt class='gallery-icon landscape'>\n\t\t\t\t\t<a class=\"rollover rollover-zoom dt-pswp-item\" title=\"IMG-20210524-WA0002\" data-dt-img-description=\"\" data-large_image_width=\"1600\" data-large_image_height=\"900\"href='https:\/\/www.radiopiu.net\/wordpress\/wp-content\/uploads\/2021\/05\/IMG-20210524-WA0002.jpg'><img loading=\"lazy\" decoding=\"async\" width=\"300\" height=\"169\" src=\"https:\/\/www.radiopiu.net\/wordpress\/wp-content\/uploads\/2021\/05\/IMG-20210524-WA0002-300x169.jpg\" class=\"attachment-medium size-medium\" alt=\"\" srcset=\"https:\/\/www.radiopiu.net\/wordpress\/wp-content\/uploads\/2021\/05\/IMG-20210524-WA0002-300x169.jpg 300w, https:\/\/www.radiopiu.net\/wordpress\/wp-content\/uploads\/2021\/05\/IMG-20210524-WA0002-1024x576.jpg 1024w, https:\/\/www.radiopiu.net\/wordpress\/wp-content\/uploads\/2021\/05\/IMG-20210524-WA0002-768x432.jpg 768w, https:\/\/www.radiopiu.net\/wordpress\/wp-content\/uploads\/2021\/05\/IMG-20210524-WA0002-1536x864.jpg 1536w, https:\/\/www.radiopiu.net\/wordpress\/wp-content\/uploads\/2021\/05\/IMG-20210524-WA0002.jpg 1600w\" sizes=\"auto, (max-width: 300px) 100vw, 300px\" \/><\/a>\n\t\t\t\t<\/dt><\/dl><dl class='gallery-item'>\n\t\t\t\t<dt class='gallery-icon landscape'>\n\t\t\t\t\t<a class=\"rollover rollover-zoom dt-pswp-item\" title=\"IMG-20210524-WA0001\" data-dt-img-description=\"\" data-large_image_width=\"1600\" data-large_image_height=\"1200\"href='https:\/\/www.radiopiu.net\/wordpress\/wp-content\/uploads\/2021\/05\/IMG-20210524-WA0001.jpg'><img loading=\"lazy\" decoding=\"async\" width=\"300\" height=\"225\" src=\"https:\/\/www.radiopiu.net\/wordpress\/wp-content\/uploads\/2021\/05\/IMG-20210524-WA0001-300x225.jpg\" class=\"attachment-medium size-medium\" alt=\"\" srcset=\"https:\/\/www.radiopiu.net\/wordpress\/wp-content\/uploads\/2021\/05\/IMG-20210524-WA0001-300x225.jpg 300w, https:\/\/www.radiopiu.net\/wordpress\/wp-content\/uploads\/2021\/05\/IMG-20210524-WA0001-1024x768.jpg 1024w, https:\/\/www.radiopiu.net\/wordpress\/wp-content\/uploads\/2021\/05\/IMG-20210524-WA0001-768x576.jpg 768w, https:\/\/www.radiopiu.net\/wordpress\/wp-content\/uploads\/2021\/05\/IMG-20210524-WA0001-1536x1152.jpg 1536w, https:\/\/www.radiopiu.net\/wordpress\/wp-content\/uploads\/2021\/05\/IMG-20210524-WA0001.jpg 1600w\" sizes=\"auto, (max-width: 300px) 100vw, 300px\" \/><\/a>\n\t\t\t\t<\/dt><\/dl><br style=\"clear: both\" \/>\n\t\t\t<\/div>\n\n<p>&nbsp;<\/p>\n<p>&nbsp;<\/p>\n<p>&nbsp;<\/p>\n<p>&nbsp;<\/p>\n<p>&nbsp;<\/p>\n<hr \/>\n<p>&nbsp;<\/p>\n<p>&nbsp;<\/p>\n<p>&nbsp;<\/p>\n<blockquote class=\"wp-embedded-content\" data-secret=\"Vk7WiW6T9V\"><p><a href=\"https:\/\/www.radiopiu.net\/wordpress\/12235-2\/\">CORONAVIRUS: AGGIORNAMENTO NAZIONALE 24 MAGGIO  2021<\/a><\/p><\/blockquote>\n<p><iframe loading=\"lazy\" class=\"wp-embedded-content\" sandbox=\"allow-scripts\" security=\"restricted\" style=\"position: absolute; clip: rect(1px, 1px, 1px, 1px);\" title=\"&#8220;CORONAVIRUS: AGGIORNAMENTO NAZIONALE 24 MAGGIO  2021&#8221; &#8212; Radio Pi\u00f9\" src=\"https:\/\/www.radiopiu.net\/wordpress\/12235-2\/embed\/#?secret=Vk7WiW6T9V\" data-secret=\"Vk7WiW6T9V\" width=\"600\" height=\"338\" frameborder=\"0\" marginwidth=\"0\" marginheight=\"0\" scrolling=\"no\"><\/iframe><\/p>\n<p>&nbsp;<\/p>\n<blockquote class=\"wp-embedded-content\" data-secret=\"0jC1aGEWds\"><p><a href=\"https:\/\/www.radiopiu.net\/wordpress\/432342234-2\/\">GUARITI DA INIZIO PANDEMIA: 400MILA; NELLE ULTIME 24 ORE 22 PAZIENTI LASCIANO L&#8217;OSPEDALE<\/a><\/p><\/blockquote>\n<p><iframe loading=\"lazy\" class=\"wp-embedded-content\" sandbox=\"allow-scripts\" security=\"restricted\" style=\"position: absolute; clip: rect(1px, 1px, 1px, 1px);\" title=\"&#8220;GUARITI DA INIZIO PANDEMIA: 400MILA; NELLE ULTIME 24 ORE 22 PAZIENTI LASCIANO L&#8217;OSPEDALE&#8221; &#8212; Radio Pi\u00f9\" src=\"https:\/\/www.radiopiu.net\/wordpress\/432342234-2\/embed\/#?secret=0jC1aGEWds\" data-secret=\"0jC1aGEWds\" width=\"600\" height=\"338\" frameborder=\"0\" marginwidth=\"0\" marginheight=\"0\" scrolling=\"no\"><\/iframe><\/p>\n<p>&nbsp;<\/p>\n<h2>I GRAFICI DI TIZIANO DE COL<\/h2>\n\n\t\t\t<style type='text\/css'>\n\t\t\t\t#gallery-6 {\n\t\t\t\t\tmargin: auto;\n\t\t\t\t}\n\t\t\t\t#gallery-6 .gallery-item {\n\t\t\t\t\tfloat: left;\n\t\t\t\t\tmargin-top: 10px;\n\t\t\t\t\ttext-align: center;\n\t\t\t\t\twidth: 20%;\n\t\t\t\t}\n\t\t\t\t#gallery-6 img {\n\t\t\t\t\tborder: 2px solid #cfcfcf;\n\t\t\t\t}\n\t\t\t\t#gallery-6 .gallery-caption {\n\t\t\t\t\tmargin-left: 0;\n\t\t\t\t}\n\t\t\t\t\/* see gallery_shortcode() in wp-includes\/media.php *\/\n\t\t\t<\/style>\n\t\t<div id='gallery-6' class='dt-gallery-container gallery galleryid-211499 gallery-columns-5 gallery-size-thumbnail'><dl class='gallery-item'>\n\t\t\t\t<dt class='gallery-icon landscape'>\n\t\t\t\t\t<a class=\"rollover rollover-zoom dt-pswp-item\" title=\"ec7ee51d-05a2-4f33-b1e7-456358ef3625\" data-dt-img-description=\"\" data-large_image_width=\"605\" data-large_image_height=\"355\"href='https:\/\/www.radiopiu.net\/wordpress\/wp-content\/uploads\/2021\/05\/ec7ee51d-05a2-4f33-b1e7-456358ef3625.jpg'><img loading=\"lazy\" decoding=\"async\" width=\"150\" height=\"150\" src=\"https:\/\/www.radiopiu.net\/wordpress\/wp-content\/uploads\/2021\/05\/ec7ee51d-05a2-4f33-b1e7-456358ef3625-150x150.jpg\" class=\"attachment-thumbnail size-thumbnail\" alt=\"\" \/><\/a>\n\t\t\t\t<\/dt><\/dl><dl class='gallery-item'>\n\t\t\t\t<dt class='gallery-icon landscape'>\n\t\t\t\t\t<a class=\"rollover rollover-zoom dt-pswp-item\" title=\"db3e51a2-beb9-49ab-9cb7-64b9ea7215b7\" data-dt-img-description=\"\" data-large_image_width=\"608\" data-large_image_height=\"352\"href='https:\/\/www.radiopiu.net\/wordpress\/wp-content\/uploads\/2021\/05\/db3e51a2-beb9-49ab-9cb7-64b9ea7215b7.jpg'><img loading=\"lazy\" decoding=\"async\" width=\"150\" height=\"150\" src=\"https:\/\/www.radiopiu.net\/wordpress\/wp-content\/uploads\/2021\/05\/db3e51a2-beb9-49ab-9cb7-64b9ea7215b7-150x150.jpg\" class=\"attachment-thumbnail size-thumbnail\" alt=\"\" \/><\/a>\n\t\t\t\t<\/dt><\/dl><dl class='gallery-item'>\n\t\t\t\t<dt class='gallery-icon landscape'>\n\t\t\t\t\t<a class=\"rollover rollover-zoom dt-pswp-item\" title=\"93d0d2fe-e6d1-4709-8d75-f940f80fe29e\" data-dt-img-description=\"\" data-large_image_width=\"612\" data-large_image_height=\"353\"href='https:\/\/www.radiopiu.net\/wordpress\/wp-content\/uploads\/2021\/05\/93d0d2fe-e6d1-4709-8d75-f940f80fe29e.jpg'><img loading=\"lazy\" decoding=\"async\" width=\"150\" height=\"150\" src=\"https:\/\/www.radiopiu.net\/wordpress\/wp-content\/uploads\/2021\/05\/93d0d2fe-e6d1-4709-8d75-f940f80fe29e-150x150.jpg\" class=\"attachment-thumbnail size-thumbnail\" alt=\"\" \/><\/a>\n\t\t\t\t<\/dt><\/dl><dl class='gallery-item'>\n\t\t\t\t<dt class='gallery-icon landscape'>\n\t\t\t\t\t<a class=\"rollover rollover-zoom dt-pswp-item\" title=\"1e19b13e-c0ec-494d-9e24-54fd489e113f\" data-dt-img-description=\"\" data-large_image_width=\"612\" data-large_image_height=\"355\"href='https:\/\/www.radiopiu.net\/wordpress\/wp-content\/uploads\/2021\/05\/1e19b13e-c0ec-494d-9e24-54fd489e113f.jpg'><img loading=\"lazy\" decoding=\"async\" width=\"150\" height=\"150\" src=\"https:\/\/www.radiopiu.net\/wordpress\/wp-content\/uploads\/2021\/05\/1e19b13e-c0ec-494d-9e24-54fd489e113f-150x150.jpg\" class=\"attachment-thumbnail size-thumbnail\" alt=\"\" \/><\/a>\n\t\t\t\t<\/dt><\/dl><dl class='gallery-item'>\n\t\t\t\t<dt class='gallery-icon landscape'>\n\t\t\t\t\t<a class=\"rollover rollover-zoom dt-pswp-item\" title=\"323b910e-a472-41c4-beaa-d7736dca1a4e\" data-dt-img-description=\"\" data-large_image_width=\"616\" data-large_image_height=\"355\"href='https:\/\/www.radiopiu.net\/wordpress\/wp-content\/uploads\/2021\/05\/323b910e-a472-41c4-beaa-d7736dca1a4e.jpg'><img loading=\"lazy\" decoding=\"async\" width=\"150\" height=\"150\" src=\"https:\/\/www.radiopiu.net\/wordpress\/wp-content\/uploads\/2021\/05\/323b910e-a472-41c4-beaa-d7736dca1a4e-150x150.jpg\" class=\"attachment-thumbnail size-thumbnail\" alt=\"\" \/><\/a>\n\t\t\t\t<\/dt><\/dl><br style=\"clear: both\" \/>\n\t\t\t<\/div>\n\n<p>&nbsp;<\/p>\n<p>&nbsp;<\/p>\n<p>&nbsp;<\/p>\n<hr \/>\n<blockquote>\n<h3>IL PUNTO STAMPA DI LUCA ZAIA SULL&#8217;EMERGENZA COVID-19. LA DIRETTA DA MARGHERA<\/h3>\n<\/blockquote>\n<p>48% di vaccinati 40-49anni, si apriranno slot di categoria 4 per tutti coloro che hanno un&#8217;esenzione ticket per patologia, 444mila persone, ne mancano all&#8217;appello 194mila, sono a disposizione 90mila posti dai 16 anni in su. Da lunedi ci saranno a disposizione140mila vaccini con una potenzialit\u00e0 di 50mila vaccini al giorno. La mia solidariet\u00e0\u00a0 come gi\u00e0 espresso ieri al collega Cirio per la tragedia in Piemonte, vicinanza totale alla comunit\u00e0 piemontese. <strong>VACCINO IN VACANZA<\/strong> E&#8217; un approccio che varia a seconda del contesto turistico, quello che ha fatto Totti con Cirio \u00e8 giusta fatta su misura per due realt\u00e0 di quella dimensione turistica, il Piemonte ha un grande accesso al mare verso la Liguria. Per noi sono impossibili gli accordi bilaterali, ci sono tanti ospiti di regioni e nazionalit\u00e0 diversa. Sarebbe un servizio che \u00e8 ciliegina sulla torta, la quasi totalit\u00e0 degli esponenti politici con ruoli anche nella sanit\u00e0 condividono l&#8217;idea della seconda dose in vacanza.\u00a0 Spero che questa partita non diventi un totem, per fare i vaccini ai turisti ci vogliono i vaccini.<strong> VACCINAZIONE TURISTICA<\/strong> sono previste 80mila addetti da vaccinare, poi i centri estivi 35mila soprattutto giovani dai 17-18 anni ai 25. <strong>TRASPORTI<\/strong> Non abbiamo novit\u00e0, ci siamo mossi ho sentito anche Giovannini ma non ci sono novit\u00e0 la capienza rimane al 50%<\/p>\n<p><a href=\"https:\/\/www.facebook.com\/zaiaufficiale\/videos\/163040562438924\">https:\/\/www.facebook.com\/zaiaufficiale\/videos\/163040562438924<\/a><\/p>\n<p>&nbsp;<\/p>\n<p>&nbsp;<\/p>\n<p>&nbsp;<\/p>\n<hr \/>\n<p>&nbsp;<\/p>\n<blockquote>\n<h3 class=\"p1\"><span class=\"s1\">RECOVERY PLAN, 5 MILIONI DI EURO AGLI INFLUENCER IN AGRICOLTURA. DE CARLO: \u201cSOSTENERE LA CORRETTA INFORMAZIONE, NON INDIRIZZARE LE SCELTE VERSO IL CONSUMO DI INSETTI O CARNE CHIMICA\u201d<\/span><\/h3>\n<\/blockquote>\n<p class=\"p1\"><span class=\"s1\"><strong><a href=\"https:\/\/www.radiopiu.net\/wordpress\/giornale-radiopiu-19-maggio-2020-direttore-mirko-mezzacasa\/luca-de-carlo-8\/\" rel=\"attachment wp-att-138787\"><img loading=\"lazy\" decoding=\"async\" class=\" wp-image-138787 alignleft\" src=\"https:\/\/www.radiopiu.net\/wordpress\/wp-content\/uploads\/2020\/05\/Luca-De-Carlo.jpg\" alt=\"\" width=\"101\" height=\"140\" \/><\/a>ROMA <\/strong>Cinque milioni di euro agli influencer per sostenere la \u201cnuova agricoltura\u201d: questo compare \u2013 nella sola versione in inglese \u2013 nel testo del Piano Nazionale di Ripresa e Resilienza inviato a Bruxelles. Un gesto che scatena la reazione del senatore e responsabile nazionale del Dipartimento Agricoltura di Fratelli d&#8217;Italia Luca De Carlo: \u201c<em>Invece che fare una corretta comunicazione sulle eccellenze agroalimentari italiane, si vogliono spendere soldi per raccontare quanto buoni sono gli insetti fritti o le finte bistecche di carne chimica. L&#8217;Italia \u00e8 uno dei leader mondiali nella produzione agricola di qualit\u00e0: si comunichi questo, invece che correre dietro alle follie europee<\/em>\u201d.\u00a0<\/span><\/p>\n<p>&nbsp;<\/p>\n<p>&nbsp;<\/p>\n<hr \/>\n<p>&nbsp;<\/p>\n<p>&nbsp;<\/p>\n<blockquote>\n<h3>LA COLTIVAZIONE E&#8217; CONDIVISIONE<\/h3>\n<\/blockquote>\n<p><strong><a href=\"https:\/\/www.radiopiu.net\/wordpress\/giornale-radiopiu-25-maggio-2021-direttore-mirko-mezzacasa\/orti-urbani\/\" rel=\"attachment wp-att-211664\"><img loading=\"lazy\" decoding=\"async\" class=\" wp-image-211664 alignleft\" src=\"https:\/\/www.radiopiu.net\/wordpress\/wp-content\/uploads\/2021\/05\/Orti-urbani-300x172.jpg\" alt=\"\" width=\"262\" height=\"150\" srcset=\"https:\/\/www.radiopiu.net\/wordpress\/wp-content\/uploads\/2021\/05\/Orti-urbani-300x172.jpg 300w, https:\/\/www.radiopiu.net\/wordpress\/wp-content\/uploads\/2021\/05\/Orti-urbani.jpg 586w\" sizes=\"auto, (max-width: 262px) 100vw, 262px\" \/><\/a>PONTE NELLE ALPI<\/strong>\u00a0 Dopo un anno di stop a causa della pandemia, il Comune promuove l\u2019assegnazione degli appezzamenti di terreno, da destinare alla coltivazione di orti urbani: la zona \u00e8 quella adiacente al Centro servizi alla persona (la casa di riposo), in via Zattieri.\u00a0 Per orto urbano\u00a0 si intende uno spazio verde di propriet\u00e0 e disponibilit\u00e0 pubblica: la dimensione \u00e8 variabile, mentre la gestione, per un periodo definito, \u00e8 affidata ai singoli cittadini che risiedono in territorio pontalpino. Cosa si pu\u00f2 coltivare? Fiori, piccoli frutti e ortaggi, orientati a soddisfare i bisogni degli assegnatari, ma non destinati alla vendita. In pi\u00f9, non pu\u00f2 partecipare al bando chi svolge attivit\u00e0 di imprenditore agricolo ed \u00e8 gi\u00e0 in possesso di altri appezzamenti.\u00a0Per presentare la domanda c\u2019\u00e8 tempo fino al 30 giugno, mentre il modulo pu\u00f2 essere scaricato dal sito istituzionale www.comune.pontenellealpi.bl.<\/p>\n<p>&nbsp;<\/p>\n<p>&nbsp;<\/p>\n<hr \/>\n<blockquote>\n<h3><\/h3>\n<p>&nbsp;<\/p>\n<h3><a href=\"https:\/\/www.radiopiu.net\/wordpress\/giornale-radiopiu-25-maggio-2021-direttore-mirko-mezzacasa\/129815328_3540288282718292_6377852006640702649_n\/\" rel=\"attachment wp-att-211665\"><img loading=\"lazy\" decoding=\"async\" class=\" wp-image-211665 alignleft\" src=\"https:\/\/www.radiopiu.net\/wordpress\/wp-content\/uploads\/2021\/05\/129815328_3540288282718292_6377852006640702649_n-225x300.jpg\" alt=\"\" width=\"120\" height=\"160\" srcset=\"https:\/\/www.radiopiu.net\/wordpress\/wp-content\/uploads\/2021\/05\/129815328_3540288282718292_6377852006640702649_n-225x300.jpg 225w, https:\/\/www.radiopiu.net\/wordpress\/wp-content\/uploads\/2021\/05\/129815328_3540288282718292_6377852006640702649_n-768x1023.jpg 768w, https:\/\/www.radiopiu.net\/wordpress\/wp-content\/uploads\/2021\/05\/129815328_3540288282718292_6377852006640702649_n-1153x1536.jpg 1153w, https:\/\/www.radiopiu.net\/wordpress\/wp-content\/uploads\/2021\/05\/129815328_3540288282718292_6377852006640702649_n.jpg 1200w\" sizes=\"auto, (max-width: 120px) 100vw, 120px\" \/><\/a>\u00a0 RICHIESTA DANNI DOPO GLI EVENTI METEO DELLO SCORSO DICEMBRE<\/h3>\n<\/blockquote>\n<p><strong>FELTRE<\/strong> I privati cittadini, le imprese, i titolari di attivit\u00e0 economiche\/produttive e gli Enti non commerciali danneggiati durante le eccezionali avversit\u00e0 atmosferiche dello scorso dicembre, possono effettuare richiesta di immediato sostegno alla popolazione o di immediata ripresa delle attivit\u00e0 economiche.\u00a0 Importo contributo massimo\u00a0 5.000 euro per il privati e 20.000 euro\u00a0 per le attivit\u00e0 economiche e produttive. \u00a0I moduli, regolarmente compilati e sottoscritti, dovranno essere consegnati entro le 12 di gioved\u00ec 17 giugno \u00a0all&#8217;Ufficio protocollo del Comune di Feltre, \u00a0mediante posta elettronica certificata.<\/p>\n<blockquote>\n<h3><\/h3>\n<p>&nbsp;<\/p>\n<p>&nbsp;<\/p><\/blockquote>\n<hr \/>\n<blockquote>\n<h3><\/h3>\n<p>&nbsp;<\/p>\n<h3>\u00a0DILLO A RADIO PIU&#8230;. VALORI E PASSIONI<br \/>\n<strong style=\"font-size: 14px;\">DA Walter Cibien <\/strong><strong style=\"font-size: 14px;\">Cons. Comunale e Capogruppo IN MOVIMENTO.<\/strong><\/h3>\n<\/blockquote>\n<div>\n<div>\n<div><em>&#8220;Ho l&#8217;onore e il piacere di ringraziare a nome dell&#8217;Amministrazione Comunale le tante persone che, senza tanti clamori, con piccoli lavori di manutenzione e sfalcio si occupano da tempo del decoro urbano delle nostre frazioni, da Faverga a Bolzano Bellunese, da Sossai a Borgo Piave a tante altre localit\u00e0. Loro sono un vero esempio di senso civico e di attenzione e cura per i beni comuni. Atteso che \u00e8 comunque un dovere dell&#8217;Amministrazione mantenere in ordine il territorio comunale, pur esteso e frammentato, gli interventi e l&#8217;aiuto da parte dei cittadini sono comunque un segnale concreto di passione, di senso di appartenenza e di cittadinanza attiva che credo vada riconosciuto e valorizzato.&#8221;<\/em><\/div>\n<\/div>\n<\/div>\n<div>\n<div><\/div>\n<\/div>\n<blockquote><p>&nbsp;<\/p>\n<p>&nbsp;<\/p><\/blockquote>\n<hr \/>\n<h3><\/h3>\n<h3><\/h3>\n<blockquote>\n<h3>ECOCENTRO DI FALCADE, CHIUSO PER LAVORI DA MERCOLEDI AL\u00a0 9 GIUGNO<\/h3>\n<\/blockquote>\n<p><strong>DI GIANNI SANTOMASO<\/strong><\/p>\n<audio class=\"wp-audio-shortcode\" id=\"audio-211499-8\" preload=\"none\" style=\"width: 100%;\" controls=\"controls\"><source type=\"audio\/mpeg\" src=\"https:\/\/www.radiopiu.net\/wordpress\/wp-content\/uploads\/2021\/05\/GIANNI-ECOCENTRO-FALCADE.mp3?_=8\" \/><a href=\"https:\/\/www.radiopiu.net\/wordpress\/wp-content\/uploads\/2021\/05\/GIANNI-ECOCENTRO-FALCADE.mp3\">https:\/\/www.radiopiu.net\/wordpress\/wp-content\/uploads\/2021\/05\/GIANNI-ECOCENTRO-FALCADE.mp3<\/a><\/audio>\n<p>&nbsp;<\/p>\n<p><strong><img loading=\"lazy\" decoding=\"async\" class=\"alignleft\" src=\"https:\/\/www.radiopiu.net\/wordpress\/wp-content\/uploads\/2021\/05\/th-19.jpg\" width=\"142\" height=\"96\" \/>AGORDO <\/strong>Come\u00a0 per l\u2019Ecocentro di Cencenighe (i lavori stanno terminando), anche la struttura di Falcade sar\u00e0 interessata da alcuni interventi di manutenzione straordinaria.\u00a0 Chiuder\u00e0 al pubblico dal 26 maggio al 9 giugno 2021. Durante il periodo di chiusura i cittadini potranno accedere a qualsiasi Ecocentro del territorio dell\u2019Unione Montana Agordina, verificando sedi e orari di apertura sul manuale informativo consegnato o su <a href=\"http:\/\/www.valpeambiente.it\">www.valpeambiente.it<\/a>. L\u2019Ecocentro di Falcade sar\u00e0 nuovamente accessibile ai cittadini da gioved\u00ec 10 giugno. Per ulteriori informazioni, \u00e8 possibile inviare una mail a <a href=\"mailto:info@valpeambiente.it\">info@valpeambiente.it<\/a>, visitare il sito www.valpeambiente.it oppure contattare i numeri 0437 640462 oppure 0437 643621.<\/p>\n<p>&nbsp;<\/p>\n<p>&nbsp;<\/p>\n<hr \/>\n<p>&nbsp;<\/p>\n<blockquote>\n<h3>MUTANO LE DESTINAZIONE DEI TERRENI, SEI ISTANZE<\/h3>\n<\/blockquote>\n<p><strong>FALCADE<\/strong> Mercoledi alle 20 consiglio comunale a porte chiuse (diretta sui canali di Radio Pi\u00f9), all&#8217;ordine del giorno tra l&#8217;altro variazione al bilancio, mutamento di destinazione d&#8217;uso dei terreni, istanze di autorizzazioni in localit\u00e0 Le Busche, per l&#8217;elisuperficie, per la cooperativa di Falcade,<\/p>\n<p>&nbsp;<\/p>\n<hr \/>\n<p>&nbsp;<\/p>\n<blockquote>\n<h3>GIOVEDI&#8217; 27 MAGGIO IL CONSIGLIO COMUNALE A ROCCA PIETORE<\/h3>\n<\/blockquote>\n<p><strong>ROCCA PIETORE<\/strong> Il Sindaco di Rocca Pietore Andrea De Bernardin ha convocato il consiglio comunale per gioved\u00ec 27 maggio alle 19 in sala &#8220;El Teaz&#8221;.<\/p>\n<p><strong>DI GIANNI SANTOMASO<\/strong><\/p>\n<audio class=\"wp-audio-shortcode\" id=\"audio-211499-9\" preload=\"none\" style=\"width: 100%;\" controls=\"controls\"><source type=\"audio\/mpeg\" src=\"https:\/\/www.radiopiu.net\/wordpress\/wp-content\/uploads\/2021\/05\/GIANNI-CONSIGLIO-ROCCA.mp3?_=9\" \/><a href=\"https:\/\/www.radiopiu.net\/wordpress\/wp-content\/uploads\/2021\/05\/GIANNI-CONSIGLIO-ROCCA.mp3\">https:\/\/www.radiopiu.net\/wordpress\/wp-content\/uploads\/2021\/05\/GIANNI-CONSIGLIO-ROCCA.mp3<\/a><\/audio>\n<p>&nbsp;<\/p>\n<blockquote>\n<h3>CONVOCATO IL CONSIGLIO COMUNALE AD AGORDO<\/h3>\n<\/blockquote>\n<p><strong>AGORDO<\/strong> Il sindaco di Agordo Roberto Chissal\u00e8 ha convocato il consiglio comunale per gioved\u00ec alle 19 in videoconferenza. Saranno 5 i punti da discutere tra cui l&#8217;approvazione di bilancio di ASCA e l&#8217;approvazione della rettifica al documento unico di programmazione 2021\/2023.<\/p>\n<p>&nbsp;<\/p>\n<blockquote>\n<h3>E DI TAIBON<\/h3>\n<\/blockquote>\n<p><strong>TAIBON<\/strong> Approvazione del regolamento edilizio e comunicazioni del sindaco, sono i due punti all&#8217;ordine del giorno del consiglio comunale convocato dal sindaco Silvia Tormen per giovedi alle 18.30<\/p>\n<p>&nbsp;<\/p>\n<blockquote>\n<h3>\u00a0E DI CENCENIGHE<\/h3>\n<\/blockquote>\n<p><strong>CENCENIGHE<\/strong> Lunedi consiglio comunale alle 20.30 nella sede municipale del Nof Filo&#8217;. All&#8217;ordine del giorno: rendiconto, riconoscimento debiti fuori bilancio, approvazione bilancio d&#8217;esercizio dell&#8217;azienda consortile Asca<\/p>\n<p>&nbsp;<\/p>\n<blockquote>\n<h3>E DI COLLE SANTA LUCIA<\/h3>\n<\/blockquote>\n<p><strong>COLLE SANTA LUCIA<\/strong> Sabato alle 8 consiglio comunale in Municipio e a porte chiuse. In discussione il prelievo dal fondo di riserva, l&#8217;ampliamento di un fabbricato ad uso produttivo-commerciale, gli investimenti nelle opere pubbliche e comunicazioni del sindaco Paolo Frena.<\/p>\n<p>&nbsp;<\/p>\n<p>&nbsp;<\/p>\n<p>&nbsp;<\/p>\n<hr \/>\n<p>&nbsp;<\/p>\n<blockquote>\n<h2>LE INIZIATIVE DI AD AGORDO PROLOCO<\/h2>\n<\/blockquote>\n<p><strong><a href=\"https:\/\/www.radiopiu.net\/wordpress\/scopriamo-agordo-perche-quando-tutto-questo-sara-finito-diremo-andiamo-a-farci-un-giro-ad-agordo\/ad-agordo-proloco-logo_colors\/\" rel=\"attachment wp-att-129089\"><img loading=\"lazy\" decoding=\"async\" class=\"wp-image-129089 alignleft\" src=\"https:\/\/www.radiopiu.net\/wordpress\/wp-content\/uploads\/2020\/04\/AD-AGORDO-PROLOCO-LOGO_colors-300x300.jpg\" alt=\"\" width=\"116\" height=\"116\" srcset=\"https:\/\/www.radiopiu.net\/wordpress\/wp-content\/uploads\/2020\/04\/AD-AGORDO-PROLOCO-LOGO_colors-300x300.jpg 300w, https:\/\/www.radiopiu.net\/wordpress\/wp-content\/uploads\/2020\/04\/AD-AGORDO-PROLOCO-LOGO_colors-1024x1024.jpg 1024w, https:\/\/www.radiopiu.net\/wordpress\/wp-content\/uploads\/2020\/04\/AD-AGORDO-PROLOCO-LOGO_colors-150x150.jpg 150w, https:\/\/www.radiopiu.net\/wordpress\/wp-content\/uploads\/2020\/04\/AD-AGORDO-PROLOCO-LOGO_colors-768x768.jpg 768w, https:\/\/www.radiopiu.net\/wordpress\/wp-content\/uploads\/2020\/04\/AD-AGORDO-PROLOCO-LOGO_colors-1536x1536.jpg 1536w, https:\/\/www.radiopiu.net\/wordpress\/wp-content\/uploads\/2020\/04\/AD-AGORDO-PROLOCO-LOGO_colors.jpg 1920w\" sizes=\"auto, (max-width: 116px) 100vw, 116px\" \/><\/a><\/strong><\/p>\n<p><strong>AGORDO<\/strong> In occasione del passaggio del Giro d&#8217;Italia del 24 maggio, il successivo passaggio del Giro U23 dell&#8217;11 maggio l&#8217;Ufficio Turistico di Agordo &#8211; Conca Agordina propone una nuova iniziativa dedicata alle foto e al mondo bici. Le foto delle bici in Agordino, che siano da corsa, MTB o ebike, saranno esposte sullo schermo in vetrina del nostro ufficio dal 21 maggio fino al 5 settembre 2021 e pubblicate su Facebook ed Instagram. Il regolamento visionabile anche al link <span style=\"color: #0000ff;\"><a style=\"color: #0000ff;\" href=\"https:\/\/www.agordo.net\/wp-content\/uploads\/2021\/05\/2021_Agordino-in-bici-regolamento.pdf\">CLICCA QUI<\/a><\/span><\/p>\n<p>&nbsp;<\/p>\n<p>&nbsp;<\/p>\n<hr \/>\n<p>&nbsp;<\/p>\n<blockquote>\n<h3>IL 30 MAGGIO AD ARABBA LA COMMEDIA &#8220;TRE VOLPONI VIZIOSI<\/h3>\n<\/blockquote>\n<p><strong><a href=\"https:\/\/www.radiopiu.net\/wordpress\/giornale-radiopiu-14-maggio-2021-direttore-mirko-mezzacasa\/schermata-2021-05-13-alle-12-25-37\/\" rel=\"attachment wp-att-209545\"><img loading=\"lazy\" decoding=\"async\" class=\" wp-image-209545 alignleft\" src=\"https:\/\/www.radiopiu.net\/wordpress\/wp-content\/uploads\/2021\/05\/Schermata-2021-05-13-alle-12.25.37-232x300.png\" alt=\"\" width=\"67\" height=\"87\" srcset=\"https:\/\/www.radiopiu.net\/wordpress\/wp-content\/uploads\/2021\/05\/Schermata-2021-05-13-alle-12.25.37-232x300.png 232w, https:\/\/www.radiopiu.net\/wordpress\/wp-content\/uploads\/2021\/05\/Schermata-2021-05-13-alle-12.25.37.png 672w\" sizes=\"auto, (max-width: 67px) 100vw, 67px\" \/><\/a>LIVINALLONGO<\/strong> Appuntamento alla sala congressi di Arabba domenica 30 maggio alle 16:30 con la commedia &#8220;Tre Volponi Viziosi&#8221; della Nuova Compagnia di Teatro di Brunico. Organizza l&#8217;evento il gruppo Insieme si Pu\u00f2 di Fodom. Ingresso 8 euro, l&#8217;incasso della giornata sar\u00e0 devoluto per la costruzione di un pozzo d&#8217;acqua in Uganda.<\/p>\n<p>&nbsp;<\/p>\n<p>&nbsp;<\/p>\n<p>&nbsp;<\/p>\n<hr \/>\n<p>&nbsp;<\/p>\n<blockquote>\n<h3>BEN TORNATA GARDENSIA 2021<\/h3>\n<\/blockquote>\n<p><strong>CANALE D&#8217;AGORDO<\/strong> Venerd\u00ec 28 maggio (<u>eventualmente anche domenica 30<\/u>) i volontari dell&#8217;Associazione Pro Loco Canale d&#8217;Agordo venderanno in Piazza Papa Luciani le gardenie dell&#8217;AISM (Associazione Italiana Sclerosi Multipla). Maggiori informazioni sull&#8217;iniziativa sul sito ufficiale:\u00a0<a tabindex=\"-1\" title=\"https:\/\/sostienici.aism.it\/gardensia\/\" href=\"https:\/\/sostienici.aism.it\/gardensia\/\" target=\"_blank\" rel=\"external noopener\">https:\/\/sostienici.aism.it\/gardensia\/<\/a><\/p>\n<p>&nbsp;<\/p>\n<p>&nbsp;<\/p>\n<hr \/>\n<p>&nbsp;<\/p>\n<blockquote>\n<h3>&#8220;LE MUSE E LE DOLOMITI&#8221; IN CONCERTO AD AGORDO DOMENICA 6 GIUGNO<\/h3>\n<\/blockquote>\n<p><strong><a href=\"https:\/\/www.radiopiu.net\/wordpress\/le-muse-e-le-dolomiti-il-concerto-ad-agordo-domenica-6-giugno\/musedolomiti_consdir2021\/\" rel=\"attachment wp-att-211621\"><img loading=\"lazy\" decoding=\"async\" class=\"size-medium wp-image-211621 alignleft\" src=\"https:\/\/www.radiopiu.net\/wordpress\/wp-content\/uploads\/2021\/05\/MuseDolomiti_ConsDir2021-300x174.jpg\" alt=\"\" width=\"300\" height=\"174\" srcset=\"https:\/\/www.radiopiu.net\/wordpress\/wp-content\/uploads\/2021\/05\/MuseDolomiti_ConsDir2021-300x174.jpg 300w, https:\/\/www.radiopiu.net\/wordpress\/wp-content\/uploads\/2021\/05\/MuseDolomiti_ConsDir2021-1024x593.jpg 1024w, https:\/\/www.radiopiu.net\/wordpress\/wp-content\/uploads\/2021\/05\/MuseDolomiti_ConsDir2021-768x445.jpg 768w, https:\/\/www.radiopiu.net\/wordpress\/wp-content\/uploads\/2021\/05\/MuseDolomiti_ConsDir2021-1536x890.jpg 1536w, https:\/\/www.radiopiu.net\/wordpress\/wp-content\/uploads\/2021\/05\/MuseDolomiti_ConsDir2021-2048x1187.jpg 2048w\" sizes=\"auto, (max-width: 300px) 100vw, 300px\" \/><\/a>FALCADE <\/strong>Dopo lunghissimi mesi di assenza forzata, in cui il mondo dello spettacolo si \u00e8 fermato, l\u2019Associazione culturale \u201cLe Muse e le Dolomiti\u201d di fatto non si \u00e8 fermata: \u00e8 pronta a riportare la musica e il Belcanto di fronte al pubblico. Si parte con un concerto di solidariet\u00e0 dedicato alle vittime della pandemia e al ricordo degli affetti spezzati. Petite Messe Solennelle, l&#8217;ultima grande opera del compositore Gioacchino Rossini, per solisti, coro, pianoforte e armonium, che Domenica 06 Giugno 2021 alle ore 20.45 nella Chiesa Arcidiaconale di Agordo porter\u00e0 in scena 30 professionisti dello spettacolo. L\u2019appuntamento desidera essere, oltre ad un\u2019opportunit\u00e0 artistica di rilievo, un evento con forte scopo sociale. La cultura e l\u2019arte, fondamenta essenziali della societ\u00e0, hanno il potere di unirci. Ci ricordano che proviamo tutti le stesse emozioni. &#8220;Un concerto per sentirci vicini sia nel lutto per le vittime che nella speranza di uscire al pi\u00f9 presto dalla pandemia. La musica davvero pu\u00f2 essere un\u2019ancora di salvezza per l\u2019anima. Il concerto sar\u00e0 diretto dal Maestro Andrea Gasperin, originario di Belluno; la sua brillante carriera internazionale l\u2019ha portato a lavorare con i pi\u00f9 prestigiosi teatri, maestri e solisti dei nostri tempi. Preparato dal Maestro Paolo Piana, si esibir\u00e0 il Coro Citt\u00e0 di Piazzola sul Brenta, considerato nella regione del Veneto come una delle formazioni corali di maggior spicco. Si esibiranno inoltre Midori Namikawa, soprano; Oda Zoe Hochscheid, contralto; Hun Kim, tenore; Kwangsik Park, basso; Alberto Boischio, pianoforte; Ai Yoshida, armonium.<\/p>\n<p>&nbsp;<\/p>\n<p>&nbsp;<\/p>\n<hr \/>\n<p>&nbsp;<\/p>\n<blockquote>\n<h3>DAL 27 AL 30 MAGGIO LA PRIMA EDIZIONE DEL &#8220;DOLOMITI FILM FESTIVAL&#8221;, FESTIVAL INTERNAZIONALE CINEMA NATURA, AMBIENTE, MONTAGNA<\/h3>\n<\/blockquote>\n<p><strong><a href=\"https:\/\/www.radiopiu.net\/wordpress\/dal-27-al-30-maggio-la-prima-edizione-del-dolomiti-film-festival-festival-internazionale-cinema-natura-ambiente-montagna\/dolomiti-film-festival-immagine-con-loghi\/\" rel=\"attachment wp-att-211196\"><img loading=\"lazy\" decoding=\"async\" class=\"size-medium wp-image-211196 alignleft\" src=\"https:\/\/www.radiopiu.net\/wordpress\/wp-content\/uploads\/2021\/05\/Dolomiti-Film-Festival-Immagine-con-loghi-300x191.jpeg\" alt=\"\" width=\"300\" height=\"191\" srcset=\"https:\/\/www.radiopiu.net\/wordpress\/wp-content\/uploads\/2021\/05\/Dolomiti-Film-Festival-Immagine-con-loghi-300x191.jpeg 300w, https:\/\/www.radiopiu.net\/wordpress\/wp-content\/uploads\/2021\/05\/Dolomiti-Film-Festival-Immagine-con-loghi.jpeg 640w\" sizes=\"auto, (max-width: 300px) 100vw, 300px\" \/><\/a>FALCADE &#8211; ALLEGHE<\/strong> L\u2019Unione Montana Agordina, cuore pulsante della montagna bellunese, costituita da sedici Comuni sovrastati da montagne simbolo delle Dolomiti come Marmolada, Civetta e Focobon, danno il benvenuto alla prima edizione del DOLOMITI FILM FESTIVAL, che si svolger\u00e0 tra Alleghe e Falcade oltre che in modalit\u00e0 streaming, dal 27 al 30 maggio. Il Festival \u00e8 realizzato grazie al Bando Buone Pratiche, Rassegne e Festival promosso da MIC e MIUR all\u2019interno del Piano Nazionale Cinema per la Scuola 2019\/2020. E\u2019 un evento nuovo, un festival del cinema internazionale, finalmente possibile in questa fase post pandemia, incentrato su tematiche ambientali come: natura, ambiente e montagna. Pensato per i giovani, grazie al concorso dedicato alle scuole che ha interessato gli studenti degli istituti nazionali\u00a0 di istruzione secondaria. I ragazzi hanno realizzato video a tematica ambientale che verranno valutati da un\u2019apposita giuria di studenti dell\u2019Istituto Comprensivo di Cencenighe Agordino. Il DFF prevede inoltre un concorso internazionale dedicato ai cineasti di tutto il mondo, focalizzato sui cortometraggi di finzione della durata massima di 15\u2019, e sui documentari sotto i 30\u2019, dedicati alle tematiche dell\u2019ambiente e della montagna. Dolomiti Film Festival ha ricevuto oltre trecento cortometraggi e documentari provenienti da 43 nazioni differenti, selezionando una ventina di opere. Il Festival porta con s\u00e9 serate evento, incentrate sulla cultura della montagna con ospiti che sono riconosciuti come protagonisti della cultura alpina e ambientale. Una grande opportunit\u00e0, che l\u2019intera comunit\u00e0 agordina ha saputo cogliere, dando massimo supporto agli organizzatori dell\u2019evento Federico Massa di \u00a0Gooliver e Tommaso Brugin di Settimo Binario. L\u2019evento \u00e8 ad entrata libera secondo le norme vigenti in fatto di Covid e si svolger\u00e0 secondo il programma allegato ed \u00e8 aperto a tutti gli appassionati di montagne. Il DFF, \u00e8 un progetto vincitore del Bando MIUR MIC \u201cBuone Pratiche, Rassegne e Festival\u201d, nell\u2019ambito del Piano Nazionale Cinema per la Scuola 2019\/2020. L\u2019iniziativa si avvale in particolare della collaborazione di Aku, Asi, Avilab, Unione Montana Agordina, Comune di Agordo, Comune di Alleghe, Comune di Falcade, PromoFalcade Dolomiti, Istituto Comprensivo di Cencenighe Agordino e Rete eventi &#8211; Provincia di Belluno. Vanta inoltre il patrocinio di Ministero della transizione ecologica, Regione Veneto, ARPAV, Fondazione Dolomiti Unesco e CAI di Agordo.<\/p>\n<p><strong>IL PROGRAMMA<\/strong><\/p>\n<a href=\"https:\/\/www.radiopiu.net\/wordpress\/wp-content\/uploads\/2021\/05\/DFF-PROGRAMMA.pdf\" class=\"pdfemb-viewer\" style=\"\" data-width=\"max\" data-height=\"max\" data-toolbar=\"top\" data-toolbar-fixed=\"on\">DFF PROGRAMMA<\/a>\n<p>&nbsp;<\/p>\n<hr \/>\n<p>&nbsp;<\/p>\n<blockquote>\n<h3>\u201cL\u2019OPERA DI CARLO ENRICO FERRARI\u201d PER LO SVILUPPO DELLE OCCHIALERIE<\/h3>\n<\/blockquote>\n<p><strong>di RENATO BONA<\/strong><\/p>\n<p>Il diciannovesimo capitolo della pubblicazione \u201cDallo smeraldo di Nerone agli occhiali del Cadore\u201d curata nel 1956 dal dott. Enrico De Lotto per la Camera di commercio di Belluno (stampa tipografia Silvio Benetta), in occasione della Mostra dell\u2019occhiale attraverso i secoli, ospitata durante la settima edizione dei Giochi olimpici invernali di Cortina, \u00e8 dedicato, come efficacemente sintetizza il titolo, a: \u201cL\u2019opera di Carlo Enrico Ferrari\u201d. Ma chi era Ferrari, del quale De Lotto scrive: \u201cNei numerosi articoli e nelle pubblicazioni recenti relative allo sviluppo delle occhialerie cadorine, il nome di Carlo Enrico Ferrari non \u00e8 mai stato posto nella sua giusta luce\u201d per poi aggiungere: \u201cNoi dobbiamo sicuramente al Ferrari il merito di avere coltivato il seme dei pionieri e sviluppato con concetti veramente geniali e moderni la giovane industria degli occhiali. A lui, che se non proprio il fondatore, ne fu veramente l\u2019animatore e l\u2019intraprendente organizzatore dedicandole, per il periodo di undici anni, tutta la sua esperienza, senza risparmio di energie, di mezzi e di sacrifici\u201d. Spiega quindi che Ferrari, nato a Modena 13 gennaio 1854 da Paolo (l\u2019illustre commediografo cui \u00e8 intestata una piazza nel centro di Milano) aveva prescelto la carriera militare e poco pi\u00f9 che trentenne lo troviamo brillante ufficiale di artiglieria nello Stato Maggiore, presso il comando di Milano con il grado di capitano\u201d. Furono alcuni amici che avevano un negozio di articoli di ottica nella capitale lombarda a convincerlo e cos\u00ec lasciato il servizio attivo si dedic\u00f2 all\u2019industria degli occhiali, rilevando la piccola fabbrica di occhialeria del Molin\u00e0, acquistata con gli amici a buone condizioni. Venne dunque costituita la societ\u00e0 Bonomi, Colson e Ferrari (che si sciolse il 1. ottobre 1890 perch\u00e9 i due soci rimasti a Milano trovarono che l\u2019impresa non era abbastanza redditizia e decisero di abbandonare &#8211; ndr.) e nel 1888 lui stesso ne assunse la direzione trasferendosi in quel di Calalzo di Cadore con la famiglia. La figlia ricorda: \u201cArrivammo l\u201911 di settembre. Sembrava di essere in capo al mondo. Nessuna comodit\u00e0 moderna dai servizi domestici a quelli urbani, Niente illuminazione stradale; niente medico, niente farmacia. Nessun servizio di comunicazione con il resto del mondo, se si fa eccezione per una sgangherata corriera tirata da tre rozze (tipo Far West di film americani) che passava due volte al giorno sul ponte della Molin\u00e0 per il trasporto di posta e passeggeri da Belluno al Comelico e viceversa. Per gli approvvigionamenti e persino per il telegrafo si doveva senz\u2019altro ricorrere a Pieve\u201d. Tutto questo &#8211; sottolinea l\u2019autore &#8211; per inquadrare l\u2019ambiente nel quale Ferrari \u201cinizi\u00f2 il suo lavoro, con quel coraggio, quell\u2019entusiasmo, quella serena dedizione, quella tenacia, quello spirito organizzativo e geniale che furono sempre le principali caratteristiche della sua personalit\u00e0. Nell\u2019impresa il nostro invest\u00ec tutto il suo patrimonio e tutto il suo lavoro e prosegu\u00ec da solo in anni, i primi, che risultarono decisamente duri. Attu\u00f2 un primo ampliamento dello stabile, sostitu\u00ec con una turbina idraulica la ruota del mulino per generare la forza motrice che azionava il macchinario, edific\u00f2 una palazzina per gli uffici amministrativi, avvi\u00f2 nuovi sistemi di fabbricazione di fusti e montature per occhiali con macchine da lui stesso inventate, e saldature a fuoco con un forno appositamente costruito. Dot\u00f2 lo stabilimento di illuminazione elettrica con una dinamo del Tecnomasio di Milano, primo in tutto il Cadore e probabilmente nell\u2019intera provincia di Belluno; dedic\u00f2 un reparto alla fabbricazione di astucci per occhiali e di scatole per la spedizione del prodotto. Tutti interventi che comportavano un impiego di capitale superiore alle sue disponibilit\u00e0 e costitu\u00ec anche per questo la societ\u00e0 \u201cC.E. Ferrari &amp; C\u201d di cui fu direttore generale mentre Ignazio Landoni ne era il direttore tecnico. Ferrari ha avuto il grande merito, fra molti altri, di essere stato il primo in Italia a fabbricare montature di ferro cerchiate, con saldatura di sua speciale invenzione, coadiuvato dai fratelli Lozza, Giuseppe e Lucio, che seppero costruire le macchine necessarie, nell\u2019ambito di rapporti che l\u2019autore descrive come sempre cordiali ed improntati ad un senso di reciproca stima. E cos\u00ec nel 1896 la fabbrica del Molin\u00e0 era veramente fiorente e prometteva bene\u2026 e la merce si spedisce a pi\u00f9 pacchi, ciascuno di 20 dozzine di occhiali e a pi\u00f9 cassette ferroviarie e tali e tante da raggiungere un centinaio e mezzo in un mese, per un valore di merce di circa lire 15.000 mensili. I pacchi si spediscono in Oriente, in Africa e nella Francia\u201d. Ma ecco il terribile incendio, il gravissimo colpo dal quale il protagonista di quella bella storia si riprese, a fatica, con l\u2019aiuto della moglie e la solidariet\u00e0 convinta degli operai tanto che ben presto i prodotti della ditta Ferrari \u201csalirono in grande rinomanza e ad essa si rivolsero subito tutte le grandi case della penisola, poi quelle dell\u2019estero, di Amburgo, di Parigi, di Egitto, di Costantinopoli, della Repubblica Argentina, del Brasile e della Grecia\u201d. In conclusione, De Lotto sottolineava ancora una volta che \u201cl\u2019opera del Ferrari \u00e8 veramente degna di rilievo perch\u00e9 egli seppe creare in Italia un\u2019industria nuova, in una localit\u00e0 affatto industriale, dove l\u2019educazione della mano d\u2019opera, tra le altre cose, deve essere stata assai difficile. Egli port\u00f2 la giovane azienda ad un cos\u00ec alto grado di potenzialit\u00e0 e di successo da meritare plauso, apprezzamento e riconoscenza\u2026 Mor\u00ec il 4 agosto 1932 ed il Cadore, che tanto deve a questo pioniere delle occhialerie, ha voluto trarre il suo nome dall\u2019oblio\u201d.<\/p>\n\n\t\t\t<style type='text\/css'>\n\t\t\t\t#gallery-7 {\n\t\t\t\t\tmargin: auto;\n\t\t\t\t}\n\t\t\t\t#gallery-7 .gallery-item {\n\t\t\t\t\tfloat: left;\n\t\t\t\t\tmargin-top: 10px;\n\t\t\t\t\ttext-align: center;\n\t\t\t\t\twidth: 25%;\n\t\t\t\t}\n\t\t\t\t#gallery-7 img {\n\t\t\t\t\tborder: 2px solid #cfcfcf;\n\t\t\t\t}\n\t\t\t\t#gallery-7 .gallery-caption {\n\t\t\t\t\tmargin-left: 0;\n\t\t\t\t}\n\t\t\t\t\/* see gallery_shortcode() in wp-includes\/media.php *\/\n\t\t\t<\/style>\n\t\t<div id='gallery-7' class='dt-gallery-container gallery galleryid-211499 gallery-columns-4 gallery-size-thumbnail'><dl class='gallery-item'>\n\t\t\t\t<dt class='gallery-icon landscape'>\n\t\t\t\t\t<a class=\"rollover rollover-zoom dt-pswp-item\" title=\"190638478_480919663183356_8859888937484822514_n\" data-dt-img-description=\"\" data-large_image_width=\"310\" data-large_image_height=\"206\"href='https:\/\/www.radiopiu.net\/wordpress\/wp-content\/uploads\/2021\/05\/190638478_480919663183356_8859888937484822514_n.jpg'><img loading=\"lazy\" decoding=\"async\" width=\"150\" height=\"150\" src=\"https:\/\/www.radiopiu.net\/wordpress\/wp-content\/uploads\/2021\/05\/190638478_480919663183356_8859888937484822514_n-150x150.jpg\" class=\"attachment-thumbnail size-thumbnail\" alt=\"\" \/><\/a>\n\t\t\t\t<\/dt><\/dl><dl class='gallery-item'>\n\t\t\t\t<dt class='gallery-icon landscape'>\n\t\t\t\t\t<a class=\"rollover rollover-zoom dt-pswp-item\" title=\"191245545_513612696476625_4961858640670864924_n\" data-dt-img-description=\"\" data-large_image_width=\"228\" data-large_image_height=\"204\"href='https:\/\/www.radiopiu.net\/wordpress\/wp-content\/uploads\/2021\/05\/191245545_513612696476625_4961858640670864924_n.jpg'><img loading=\"lazy\" decoding=\"async\" width=\"150\" height=\"150\" src=\"https:\/\/www.radiopiu.net\/wordpress\/wp-content\/uploads\/2021\/05\/191245545_513612696476625_4961858640670864924_n-150x150.jpg\" class=\"attachment-thumbnail size-thumbnail\" alt=\"\" \/><\/a>\n\t\t\t\t<\/dt><\/dl><dl class='gallery-item'>\n\t\t\t\t<dt class='gallery-icon landscape'>\n\t\t\t\t\t<a class=\"rollover rollover-zoom dt-pswp-item\" title=\"190452597_397997254584710_5544393430554064907_n\" data-dt-img-description=\"\" data-large_image_width=\"206\" data-large_image_height=\"203\"href='https:\/\/www.radiopiu.net\/wordpress\/wp-content\/uploads\/2021\/05\/190452597_397997254584710_5544393430554064907_n.jpg'><img loading=\"lazy\" decoding=\"async\" width=\"150\" height=\"150\" src=\"https:\/\/www.radiopiu.net\/wordpress\/wp-content\/uploads\/2021\/05\/190452597_397997254584710_5544393430554064907_n-150x150.jpg\" class=\"attachment-thumbnail size-thumbnail\" alt=\"\" \/><\/a>\n\t\t\t\t<\/dt><\/dl><dl class='gallery-item'>\n\t\t\t\t<dt class='gallery-icon portrait'>\n\t\t\t\t\t<a class=\"rollover rollover-zoom dt-pswp-item\" title=\"189930392_1220954608355957_1824316821297832723_n\" data-dt-img-description=\"\" data-large_image_width=\"160\" data-large_image_height=\"223\"href='https:\/\/www.radiopiu.net\/wordpress\/wp-content\/uploads\/2021\/05\/189930392_1220954608355957_1824316821297832723_n.jpg'><img loading=\"lazy\" decoding=\"async\" width=\"150\" height=\"150\" src=\"https:\/\/www.radiopiu.net\/wordpress\/wp-content\/uploads\/2021\/05\/189930392_1220954608355957_1824316821297832723_n-150x150.jpg\" class=\"attachment-thumbnail size-thumbnail\" alt=\"\" \/><\/a>\n\t\t\t\t<\/dt><\/dl><br style=\"clear: both\" \/><dl class='gallery-item'>\n\t\t\t\t<dt class='gallery-icon landscape'>\n\t\t\t\t\t<a class=\"rollover rollover-zoom dt-pswp-item\" title=\"190116000_213913267207167_239341033667534708_n\" data-dt-img-description=\"\" data-large_image_width=\"340\" data-large_image_height=\"206\"href='https:\/\/www.radiopiu.net\/wordpress\/wp-content\/uploads\/2021\/05\/190116000_213913267207167_239341033667534708_n.jpg'><img loading=\"lazy\" decoding=\"async\" width=\"150\" height=\"150\" src=\"https:\/\/www.radiopiu.net\/wordpress\/wp-content\/uploads\/2021\/05\/190116000_213913267207167_239341033667534708_n-150x150.jpg\" class=\"attachment-thumbnail size-thumbnail\" alt=\"\" \/><\/a>\n\t\t\t\t<\/dt><\/dl><dl class='gallery-item'>\n\t\t\t\t<dt class='gallery-icon portrait'>\n\t\t\t\t\t<a class=\"rollover rollover-zoom dt-pswp-item\" title=\"189525820_232365584895400_2045252023333784987_n\" data-dt-img-description=\"\" data-large_image_width=\"150\" data-large_image_height=\"206\"href='https:\/\/www.radiopiu.net\/wordpress\/wp-content\/uploads\/2021\/05\/189525820_232365584895400_2045252023333784987_n.jpg'><img loading=\"lazy\" decoding=\"async\" width=\"150\" height=\"150\" src=\"https:\/\/www.radiopiu.net\/wordpress\/wp-content\/uploads\/2021\/05\/189525820_232365584895400_2045252023333784987_n-150x150.jpg\" class=\"attachment-thumbnail size-thumbnail\" alt=\"\" \/><\/a>\n\t\t\t\t<\/dt><\/dl><dl class='gallery-item'>\n\t\t\t\t<dt class='gallery-icon landscape'>\n\t\t\t\t\t<a class=\"rollover rollover-zoom dt-pswp-item\" title=\"190135425_2452604511549990_4868172632101023781_n\" data-dt-img-description=\"\" data-large_image_width=\"443\" data-large_image_height=\"206\"href='https:\/\/www.radiopiu.net\/wordpress\/wp-content\/uploads\/2021\/05\/190135425_2452604511549990_4868172632101023781_n.jpg'><img loading=\"lazy\" decoding=\"async\" width=\"150\" height=\"150\" src=\"https:\/\/www.radiopiu.net\/wordpress\/wp-content\/uploads\/2021\/05\/190135425_2452604511549990_4868172632101023781_n-150x150.jpg\" class=\"attachment-thumbnail size-thumbnail\" alt=\"\" \/><\/a>\n\t\t\t\t<\/dt><\/dl><dl class='gallery-item'>\n\t\t\t\t<dt class='gallery-icon landscape'>\n\t\t\t\t\t<a class=\"rollover rollover-zoom dt-pswp-item\" title=\"189908879_480731023013887_217522272897184569_n\" data-dt-img-description=\"\" data-large_image_width=\"294\" data-large_image_height=\"206\"href='https:\/\/www.radiopiu.net\/wordpress\/wp-content\/uploads\/2021\/05\/189908879_480731023013887_217522272897184569_n.jpg'><img loading=\"lazy\" decoding=\"async\" width=\"150\" height=\"150\" src=\"https:\/\/www.radiopiu.net\/wordpress\/wp-content\/uploads\/2021\/05\/189908879_480731023013887_217522272897184569_n-150x150.jpg\" class=\"attachment-thumbnail size-thumbnail\" alt=\"\" \/><\/a>\n\t\t\t\t<\/dt><\/dl><br style=\"clear: both\" \/>\n\t\t\t<\/div>\n\n<p>NELLE FOTO (riproduzioni dal libro \u201cDallo smeraldo di Nerone agli occhiali del Cadore\u201d): il cav. Carlo Enrico Ferrari; operai dello stabilimento riuniti il 20 settembre 1893 per una bicchierata in occasione del conferimento della medaglia d\u2019oro all\u2019Azienda; all\u2019occhialeria Ferrari &amp; C. medaglia d\u2019argento all\u2019esposizione di Palermo del 1891; cos\u00ec la fabbrica dopo il devastante incendio. In primo piano a sinistra l\u2019angolo della palazzina degli uffici, fatta costruire da Ferrari. Al piano terreno vi era l\u2019impianto della galvanoplastica: \u00e8 il 1896; la fabbrica dopo il primo ampliamento. La nuova costruzione, con facciata a torrione, si prolungava lungo tutto il lato destro dello stabilimento (1892); anno 1983: l\u2019officina meccanica con al centro Giuseppe Lozza e alla sua sinistra, in secondo piano, il fratello Agostino; altro interno, anno 1894: reparto impacchettatura per la spedizione degli occhiali; l\u2019intestazione della carta da lettere della ditta dopo la ricostruzione dello stabilimento.<\/p>\n<p>&nbsp;<\/p>\n<hr \/>\n<p>&nbsp;<\/p>\n<blockquote>\n<h3>RADIOPIU-PERSONE E RICORDI. COL DI PRA CON I BRASILIANI 2005<\/h3>\n<\/blockquote>\n<p><strong>TAIBON<\/strong> 2005 Col di Pra, famiglia di Brasiliani con radici a Taibon si ritrovano nel tendone con la Proloco. Per l&#8217;occasione la consegna del libro di Mario Diluviani anche alla presenza della maestra Libera Rossi e dell&#8217;allora sindaco Loretta Ben<\/p>\n\n\t\t\t<style type='text\/css'>\n\t\t\t\t#gallery-8 {\n\t\t\t\t\tmargin: auto;\n\t\t\t\t}\n\t\t\t\t#gallery-8 .gallery-item {\n\t\t\t\t\tfloat: left;\n\t\t\t\t\tmargin-top: 10px;\n\t\t\t\t\ttext-align: center;\n\t\t\t\t\twidth: 20%;\n\t\t\t\t}\n\t\t\t\t#gallery-8 img {\n\t\t\t\t\tborder: 2px solid #cfcfcf;\n\t\t\t\t}\n\t\t\t\t#gallery-8 .gallery-caption {\n\t\t\t\t\tmargin-left: 0;\n\t\t\t\t}\n\t\t\t\t\/* see gallery_shortcode() in wp-includes\/media.php *\/\n\t\t\t<\/style>\n\t\t<div id='gallery-8' class='dt-gallery-container gallery galleryid-211499 gallery-columns-5 gallery-size-thumbnail'><dl class='gallery-item'>\n\t\t\t\t<dt class='gallery-icon landscape'>\n\t\t\t\t\t<a class=\"rollover rollover-zoom dt-pswp-item\" title=\"KONICA MINOLTA DIGITAL CAMERA\" data-dt-img-description=\"\" data-large_image_width=\"1600\" data-large_image_height=\"1200\"href='https:\/\/www.radiopiu.net\/wordpress\/wp-content\/uploads\/2021\/05\/PICT7958.jpg'><img loading=\"lazy\" decoding=\"async\" width=\"150\" height=\"150\" src=\"https:\/\/www.radiopiu.net\/wordpress\/wp-content\/uploads\/2021\/05\/PICT7958-150x150.jpg\" class=\"attachment-thumbnail size-thumbnail\" alt=\"\" \/><\/a>\n\t\t\t\t<\/dt><\/dl><dl class='gallery-item'>\n\t\t\t\t<dt class='gallery-icon landscape'>\n\t\t\t\t\t<a class=\"rollover rollover-zoom dt-pswp-item\" title=\"KONICA MINOLTA DIGITAL CAMERA\" data-dt-img-description=\"\" data-large_image_width=\"1600\" data-large_image_height=\"1200\"href='https:\/\/www.radiopiu.net\/wordpress\/wp-content\/uploads\/2021\/05\/PICT7959.jpg'><img loading=\"lazy\" decoding=\"async\" width=\"150\" height=\"150\" src=\"https:\/\/www.radiopiu.net\/wordpress\/wp-content\/uploads\/2021\/05\/PICT7959-150x150.jpg\" class=\"attachment-thumbnail size-thumbnail\" alt=\"\" \/><\/a>\n\t\t\t\t<\/dt><\/dl><dl class='gallery-item'>\n\t\t\t\t<dt class='gallery-icon landscape'>\n\t\t\t\t\t<a class=\"rollover rollover-zoom dt-pswp-item\" title=\"KONICA MINOLTA DIGITAL CAMERA\" data-dt-img-description=\"\" data-large_image_width=\"1600\" data-large_image_height=\"1200\"href='https:\/\/www.radiopiu.net\/wordpress\/wp-content\/uploads\/2021\/05\/PICT7968.jpg'><img loading=\"lazy\" decoding=\"async\" width=\"150\" height=\"150\" src=\"https:\/\/www.radiopiu.net\/wordpress\/wp-content\/uploads\/2021\/05\/PICT7968-150x150.jpg\" class=\"attachment-thumbnail size-thumbnail\" alt=\"\" \/><\/a>\n\t\t\t\t<\/dt><\/dl><dl class='gallery-item'>\n\t\t\t\t<dt class='gallery-icon landscape'>\n\t\t\t\t\t<a class=\"rollover rollover-zoom dt-pswp-item\" title=\"KONICA MINOLTA DIGITAL CAMERA\" data-dt-img-description=\"\" data-large_image_width=\"1600\" data-large_image_height=\"1200\"href='https:\/\/www.radiopiu.net\/wordpress\/wp-content\/uploads\/2021\/05\/PICT7962.jpg'><img loading=\"lazy\" decoding=\"async\" width=\"150\" height=\"150\" src=\"https:\/\/www.radiopiu.net\/wordpress\/wp-content\/uploads\/2021\/05\/PICT7962-150x150.jpg\" class=\"attachment-thumbnail size-thumbnail\" alt=\"\" \/><\/a>\n\t\t\t\t<\/dt><\/dl><dl class='gallery-item'>\n\t\t\t\t<dt class='gallery-icon landscape'>\n\t\t\t\t\t<a class=\"rollover rollover-zoom dt-pswp-item\" title=\"KONICA MINOLTA DIGITAL CAMERA\" data-dt-img-description=\"\" data-large_image_width=\"1600\" data-large_image_height=\"1200\"href='https:\/\/www.radiopiu.net\/wordpress\/wp-content\/uploads\/2021\/05\/PICT7964.jpg'><img loading=\"lazy\" decoding=\"async\" width=\"150\" height=\"150\" src=\"https:\/\/www.radiopiu.net\/wordpress\/wp-content\/uploads\/2021\/05\/PICT7964-150x150.jpg\" class=\"attachment-thumbnail size-thumbnail\" alt=\"\" \/><\/a>\n\t\t\t\t<\/dt><\/dl><br style=\"clear: both\" \/><dl class='gallery-item'>\n\t\t\t\t<dt class='gallery-icon landscape'>\n\t\t\t\t\t<a class=\"rollover rollover-zoom dt-pswp-item\" title=\"KONICA MINOLTA DIGITAL CAMERA\" data-dt-img-description=\"\" data-large_image_width=\"1600\" data-large_image_height=\"1200\"href='https:\/\/www.radiopiu.net\/wordpress\/wp-content\/uploads\/2021\/05\/PICT7974.jpg'><img loading=\"lazy\" decoding=\"async\" width=\"150\" height=\"150\" src=\"https:\/\/www.radiopiu.net\/wordpress\/wp-content\/uploads\/2021\/05\/PICT7974-150x150.jpg\" class=\"attachment-thumbnail size-thumbnail\" alt=\"\" \/><\/a>\n\t\t\t\t<\/dt><\/dl><dl class='gallery-item'>\n\t\t\t\t<dt class='gallery-icon landscape'>\n\t\t\t\t\t<a class=\"rollover rollover-zoom dt-pswp-item\" title=\"KONICA MINOLTA DIGITAL CAMERA\" data-dt-img-description=\"\" data-large_image_width=\"1600\" data-large_image_height=\"1200\"href='https:\/\/www.radiopiu.net\/wordpress\/wp-content\/uploads\/2021\/05\/PICT7982.jpg'><img loading=\"lazy\" decoding=\"async\" width=\"150\" height=\"150\" src=\"https:\/\/www.radiopiu.net\/wordpress\/wp-content\/uploads\/2021\/05\/PICT7982-150x150.jpg\" class=\"attachment-thumbnail size-thumbnail\" alt=\"\" \/><\/a>\n\t\t\t\t<\/dt><\/dl><dl class='gallery-item'>\n\t\t\t\t<dt class='gallery-icon landscape'>\n\t\t\t\t\t<a class=\"rollover rollover-zoom dt-pswp-item\" title=\"KONICA MINOLTA DIGITAL CAMERA\" data-dt-img-description=\"\" data-large_image_width=\"1600\" data-large_image_height=\"1200\"href='https:\/\/www.radiopiu.net\/wordpress\/wp-content\/uploads\/2021\/05\/PICT7986.jpg'><img loading=\"lazy\" decoding=\"async\" width=\"150\" height=\"150\" src=\"https:\/\/www.radiopiu.net\/wordpress\/wp-content\/uploads\/2021\/05\/PICT7986-150x150.jpg\" class=\"attachment-thumbnail size-thumbnail\" alt=\"\" \/><\/a>\n\t\t\t\t<\/dt><\/dl><dl class='gallery-item'>\n\t\t\t\t<dt class='gallery-icon landscape'>\n\t\t\t\t\t<a class=\"rollover rollover-zoom dt-pswp-item\" title=\"KONICA MINOLTA DIGITAL CAMERA\" data-dt-img-description=\"\" data-large_image_width=\"1600\" data-large_image_height=\"1200\"href='https:\/\/www.radiopiu.net\/wordpress\/wp-content\/uploads\/2021\/05\/PICT7997.jpg'><img loading=\"lazy\" decoding=\"async\" width=\"150\" height=\"150\" src=\"https:\/\/www.radiopiu.net\/wordpress\/wp-content\/uploads\/2021\/05\/PICT7997-150x150.jpg\" class=\"attachment-thumbnail size-thumbnail\" alt=\"\" \/><\/a>\n\t\t\t\t<\/dt><\/dl><dl class='gallery-item'>\n\t\t\t\t<dt class='gallery-icon landscape'>\n\t\t\t\t\t<a class=\"rollover rollover-zoom dt-pswp-item\" title=\"KONICA MINOLTA DIGITAL CAMERA\" data-dt-img-description=\"\" data-large_image_width=\"1600\" data-large_image_height=\"1200\"href='https:\/\/www.radiopiu.net\/wordpress\/wp-content\/uploads\/2021\/05\/PICT7998.jpg'><img loading=\"lazy\" decoding=\"async\" width=\"150\" height=\"150\" src=\"https:\/\/www.radiopiu.net\/wordpress\/wp-content\/uploads\/2021\/05\/PICT7998-150x150.jpg\" class=\"attachment-thumbnail size-thumbnail\" alt=\"\" \/><\/a>\n\t\t\t\t<\/dt><\/dl><br style=\"clear: both\" \/><dl class='gallery-item'>\n\t\t\t\t<dt class='gallery-icon landscape'>\n\t\t\t\t\t<a class=\"rollover rollover-zoom dt-pswp-item\" title=\"KONICA MINOLTA DIGITAL CAMERA\" data-dt-img-description=\"\" data-large_image_width=\"1600\" data-large_image_height=\"1200\"href='https:\/\/www.radiopiu.net\/wordpress\/wp-content\/uploads\/2021\/05\/PICT7937.jpg'><img loading=\"lazy\" decoding=\"async\" width=\"150\" height=\"150\" src=\"https:\/\/www.radiopiu.net\/wordpress\/wp-content\/uploads\/2021\/05\/PICT7937-150x150.jpg\" class=\"attachment-thumbnail size-thumbnail\" alt=\"\" \/><\/a>\n\t\t\t\t<\/dt><\/dl><dl class='gallery-item'>\n\t\t\t\t<dt class='gallery-icon landscape'>\n\t\t\t\t\t<a class=\"rollover rollover-zoom dt-pswp-item\" title=\"KONICA MINOLTA DIGITAL CAMERA\" data-dt-img-description=\"\" data-large_image_width=\"1600\" data-large_image_height=\"1200\"href='https:\/\/www.radiopiu.net\/wordpress\/wp-content\/uploads\/2021\/05\/PICT7940.jpg'><img loading=\"lazy\" decoding=\"async\" width=\"150\" height=\"150\" src=\"https:\/\/www.radiopiu.net\/wordpress\/wp-content\/uploads\/2021\/05\/PICT7940-150x150.jpg\" class=\"attachment-thumbnail size-thumbnail\" alt=\"\" \/><\/a>\n\t\t\t\t<\/dt><\/dl><dl class='gallery-item'>\n\t\t\t\t<dt class='gallery-icon landscape'>\n\t\t\t\t\t<a class=\"rollover rollover-zoom dt-pswp-item\" title=\"KONICA MINOLTA DIGITAL CAMERA\" data-dt-img-description=\"\" data-large_image_width=\"1600\" data-large_image_height=\"1200\"href='https:\/\/www.radiopiu.net\/wordpress\/wp-content\/uploads\/2021\/05\/PICT7952.jpg'><img loading=\"lazy\" decoding=\"async\" width=\"150\" height=\"150\" src=\"https:\/\/www.radiopiu.net\/wordpress\/wp-content\/uploads\/2021\/05\/PICT7952-150x150.jpg\" class=\"attachment-thumbnail size-thumbnail\" alt=\"\" \/><\/a>\n\t\t\t\t<\/dt><\/dl><dl class='gallery-item'>\n\t\t\t\t<dt class='gallery-icon landscape'>\n\t\t\t\t\t<a class=\"rollover rollover-zoom dt-pswp-item\" title=\"KONICA MINOLTA DIGITAL CAMERA\" data-dt-img-description=\"\" data-large_image_width=\"1600\" data-large_image_height=\"1200\"href='https:\/\/www.radiopiu.net\/wordpress\/wp-content\/uploads\/2021\/05\/PICT7954.jpg'><img loading=\"lazy\" decoding=\"async\" width=\"150\" height=\"150\" src=\"https:\/\/www.radiopiu.net\/wordpress\/wp-content\/uploads\/2021\/05\/PICT7954-150x150.jpg\" class=\"attachment-thumbnail size-thumbnail\" alt=\"\" \/><\/a>\n\t\t\t\t<\/dt><\/dl><dl class='gallery-item'>\n\t\t\t\t<dt class='gallery-icon landscape'>\n\t\t\t\t\t<a class=\"rollover rollover-zoom dt-pswp-item\" title=\"KONICA MINOLTA DIGITAL CAMERA\" data-dt-img-description=\"\" data-large_image_width=\"1600\" data-large_image_height=\"1200\"href='https:\/\/www.radiopiu.net\/wordpress\/wp-content\/uploads\/2021\/05\/PICT7955.jpg'><img loading=\"lazy\" decoding=\"async\" width=\"150\" height=\"150\" src=\"https:\/\/www.radiopiu.net\/wordpress\/wp-content\/uploads\/2021\/05\/PICT7955-150x150.jpg\" class=\"attachment-thumbnail size-thumbnail\" alt=\"\" \/><\/a>\n\t\t\t\t<\/dt><\/dl><br style=\"clear: both\" \/>\n\t\t\t<\/div>\n\n<p>&nbsp;<\/p>\n<p>&nbsp;<\/p>\n<p>&nbsp;<\/p>\n<hr \/>\n<p>&nbsp;<\/p>\n<div>\n<div class=\"b654a4as d2edcug0\">\n<div class=\"rq0escxv hkbzh7o3 jwdofwj8 n8tt0mok r8blr3vg hyh9befq\">\n<p><a class=\"dt-pswp-item\" href=\"https:\/\/www.radiopiu.net\/wordpress\/wp-content\/uploads\/2020\/10\/pp.jpg\" data-dt-img-description=\"\" data-large_image_width=\"640\" data-large_image_height=\"640\"><img loading=\"lazy\" decoding=\"async\" class=\"wp-image-163678 alignleft\" src=\"https:\/\/www.radiopiu.net\/wordpress\/wp-content\/uploads\/2020\/10\/pp-300x300.jpg\" alt=\"\" width=\"106\" height=\"106\" srcset=\"https:\/\/www.radiopiu.net\/wordpress\/wp-content\/uploads\/2020\/10\/pp-300x300.jpg 300w, https:\/\/www.radiopiu.net\/wordpress\/wp-content\/uploads\/2020\/10\/pp-150x150.jpg 150w, https:\/\/www.radiopiu.net\/wordpress\/wp-content\/uploads\/2020\/10\/pp-125x125.jpg 125w, https:\/\/www.radiopiu.net\/wordpress\/wp-content\/uploads\/2020\/10\/pp-200x200.jpg 200w, https:\/\/www.radiopiu.net\/wordpress\/wp-content\/uploads\/2020\/10\/pp-80x80.jpg 80w, https:\/\/www.radiopiu.net\/wordpress\/wp-content\/uploads\/2020\/10\/pp-480x480.jpg 480w, https:\/\/www.radiopiu.net\/wordpress\/wp-content\/uploads\/2020\/10\/pp.jpg 640w\" sizes=\"auto, (max-width: 106px) 100vw, 106px\" \/><\/a><\/p>\n<\/div>\n<\/div>\n<\/div>\n<div>\n<div class=\"page-title-head hgroup\">\n<div class=\"page-title-head hgroup\">\n<div>\n<div class=\"b654a4as d2edcug0\">\n<div class=\"j83agx80 btwxx1t3 lhclo0ds hop8lmos nkwizq5d scwd0bx6 roh60bw9\">\n<div class=\"rq0escxv hkbzh7o3 jwdofwj8 n8tt0mok r8blr3vg hyh9befq\">\n<div class=\"do00u71z l9j0dhe7 k4urcfbm\">\n<h2><span style=\"color: #000080;\">DON CESARE, IL PENSIERO DEL GIORNO. ALLA RADIO ALLE 7 DEL MATTINO E ALLE 19.30 DELLA SERA.\u00a0\u00a0<\/span><\/h2>\n<\/div>\n<\/div>\n<\/div>\n<div class=\"rq0escxv hkbzh7o3 jwdofwj8 n8tt0mok r8blr3vg hyh9befq\">\n<p>&nbsp;<\/p>\n<audio class=\"wp-audio-shortcode\" id=\"audio-211499-10\" preload=\"none\" style=\"width: 100%;\" controls=\"controls\"><source type=\"audio\/mpeg\" src=\"https:\/\/www.radiopiu.net\/wordpress\/wp-content\/uploads\/2021\/05\/CESARE-18.mp3?_=10\" \/><a href=\"https:\/\/www.radiopiu.net\/wordpress\/wp-content\/uploads\/2021\/05\/CESARE-18.mp3\">https:\/\/www.radiopiu.net\/wordpress\/wp-content\/uploads\/2021\/05\/CESARE-18.mp3<\/a><\/audio>\n<p>&nbsp;<\/p>\n<hr \/>\n<\/div>\n<\/div>\n<\/div>\n<\/div>\n<\/div>\n<\/div>\n<h2><\/h2>\n<h2><strong><span style=\"color: #ff0000;\">ALLA RADIO<\/span><\/strong><\/h2>\n<div data-offset-key=\"5n5nl-0-0\">\n<h3>Per ricevere gli aggiornamenti in tempo reale delle notizie pubblicate alla radio e sul sito di radio pi\u00f9 iscriviti al gruppo RADIO PIU INFORMAZIONE su Telegram.\u00a0\u00a0<a href=\"https:\/\/t.me\/radiopiu\">clicca qui<\/a><\/h3>\n<p>&nbsp;<\/p>\n<\/div>\n<blockquote><p><strong><a href=\"https:\/\/www.radiopiu.net\/wordpress\/cassa-solidarieta-luxottica-puntata-del-19-giugno-2020\/cslxo-2\/\" rel=\"attachment wp-att-145244\"><img loading=\"lazy\" decoding=\"async\" class=\"size-medium wp-image-145244 alignleft\" src=\"https:\/\/www.radiopiu.net\/wordpress\/wp-content\/uploads\/2020\/06\/cassa-solidarieta-luxottica-300x148.jpg\" alt=\"\" width=\"300\" height=\"148\" srcset=\"https:\/\/www.radiopiu.net\/wordpress\/wp-content\/uploads\/2020\/06\/cassa-solidarieta-luxottica-300x148.jpg 300w, https:\/\/www.radiopiu.net\/wordpress\/wp-content\/uploads\/2020\/06\/cassa-solidarieta-luxottica-1024x504.jpg 1024w, https:\/\/www.radiopiu.net\/wordpress\/wp-content\/uploads\/2020\/06\/cassa-solidarieta-luxottica-768x378.jpg 768w, https:\/\/www.radiopiu.net\/wordpress\/wp-content\/uploads\/2020\/06\/cassa-solidarieta-luxottica.jpg 1167w\" sizes=\"auto, (max-width: 300px) 100vw, 300px\" \/><\/a>di Claudio Fontanive<\/strong><\/p>\n<p>OSPITI: Paolo Chissal\u00e8 e Fabrizio Campedel<\/p>\n<p>&nbsp;<\/p>\n<p>&nbsp;<\/p>\n<p>&nbsp;<\/p>\n<p><strong>PUNTATA MAGGIO 2021<\/strong><\/p>\n<audio class=\"wp-audio-shortcode\" id=\"audio-211499-11\" preload=\"none\" style=\"width: 100%;\" controls=\"controls\"><source type=\"audio\/mpeg\" src=\"https:\/\/www.radiopiu.net\/wordpress\/wp-content\/uploads\/2021\/05\/ca-sol-lux-maggio-2021.mp3?_=11\" \/><a href=\"https:\/\/www.radiopiu.net\/wordpress\/wp-content\/uploads\/2021\/05\/ca-sol-lux-maggio-2021.mp3\">https:\/\/www.radiopiu.net\/wordpress\/wp-content\/uploads\/2021\/05\/ca-sol-lux-maggio-2021.mp3<\/a><\/audio>\n<p>&nbsp;<\/p>\n<p>&nbsp;<\/p>\n<h2>RACCOLTA COMPLETA<\/h2>\n<\/blockquote>\n<blockquote class=\"wp-embedded-content\" data-secret=\"tzsWhvm3w6\"><p><a href=\"https:\/\/www.radiopiu.net\/wordpress\/cassa-solidarieta-luxottica-puntata-del-16-ottobre-2020\/\">CASSA SOLIDARIET\u00c0 LUXOTTICA &#8211; TUTTE LE PUNTATE<\/a><\/p><\/blockquote>\n<p><iframe loading=\"lazy\" class=\"wp-embedded-content\" sandbox=\"allow-scripts\" security=\"restricted\" style=\"position: absolute; clip: rect(1px, 1px, 1px, 1px);\" title=\"&#8220;CASSA SOLIDARIET\u00c0 LUXOTTICA &#8211; TUTTE LE PUNTATE&#8221; &#8212; Radio Pi\u00f9\" src=\"https:\/\/www.radiopiu.net\/wordpress\/cassa-solidarieta-luxottica-puntata-del-16-ottobre-2020\/embed\/#?secret=tzsWhvm3w6\" data-secret=\"tzsWhvm3w6\" width=\"600\" height=\"338\" frameborder=\"0\" marginwidth=\"0\" marginheight=\"0\" scrolling=\"no\"><\/iframe><\/p>\n<div><\/div>\n<p>&nbsp;<\/p>\n<p>&nbsp;<\/p>\n<p>&nbsp;<\/p>\n<p>&nbsp;<\/p>\n<hr \/>\n<h1><span style=\"color: #ff0000;\">\u00a0<\/span><\/h1>\n<h1><span style=\"color: #ff0000;\">ALLA RADIO<\/span><\/h1>\n<blockquote>\n<h3><a href=\"https:\/\/www.radiopiu.net\/wordpress\/convocato-per-venerdi-13-novembre-il-consiglio-generale-chiamato-ad-eleggere-il-nuovo-segretario-generale-dopo-lingresso-di-cinzia-bonan-in-segreteria-regionale-ampia-convergenza-sul-nome-del\/schermata-2020-11-11-alle-12-25-13\/\" rel=\"attachment wp-att-172025\"><img loading=\"lazy\" decoding=\"async\" class=\"wp-image-172025 alignleft\" src=\"https:\/\/www.radiopiu.net\/wordpress\/wp-content\/uploads\/2020\/11\/Schermata-2020-11-11-alle-12.25.13-300x157.png\" alt=\"\" width=\"174\" height=\"91\" srcset=\"https:\/\/www.radiopiu.net\/wordpress\/wp-content\/uploads\/2020\/11\/Schermata-2020-11-11-alle-12.25.13-300x157.png 300w, https:\/\/www.radiopiu.net\/wordpress\/wp-content\/uploads\/2020\/11\/Schermata-2020-11-11-alle-12.25.13.png 594w\" sizes=\"auto, (max-width: 174px) 100vw, 174px\" \/><\/a>CISL LA VOCE DEI LAVORATORI CON PAOLO CHISSALE&#8217; E ALICE VETTOREL<\/h3>\n<h3>PUNTATA 19 MAGGIO<\/h3>\n<\/blockquote>\n<audio class=\"wp-audio-shortcode\" id=\"audio-211499-12\" preload=\"none\" style=\"width: 100%;\" controls=\"controls\"><source type=\"audio\/mpeg\" src=\"https:\/\/www.radiopiu.net\/wordpress\/wp-content\/uploads\/2021\/05\/cisl-la-voce-dei-lavoratori.mp3?_=12\" \/><a href=\"https:\/\/www.radiopiu.net\/wordpress\/wp-content\/uploads\/2021\/05\/cisl-la-voce-dei-lavoratori.mp3\">https:\/\/www.radiopiu.net\/wordpress\/wp-content\/uploads\/2021\/05\/cisl-la-voce-dei-lavoratori.mp3<\/a><\/audio>\n<h3><\/h3>\n<hr \/>\n<p>&nbsp;<\/p>\n<p>&nbsp;<\/p>\n<p>&nbsp;<\/p>\n<blockquote>\n<h3>COLLAGE&#8230; DI LORIS SCUSSEL dal lunedi al venerdi alle 16 e alle 23 su RADIO PIU<\/h3>\n<\/blockquote>\n<p><img loading=\"lazy\" decoding=\"async\" class=\"alignleft\" src=\"https:\/\/www.radiopiu.net\/wordpress\/wp-content\/uploads\/2021\/05\/Schermata-2021-05-23-alle-11.50.11.png\" width=\"186\" height=\"131\" \/>Il programma \u00e8 andato in onda da dicembre 2013 fino a luglio 2019, comprese le repliche, in due serie per 350 puntate complessive con 1.890 brani trasmessi e passava in radio alle ore 16,00 ed alle 23,00. La formula prevedeva una ventina di minuti in musica a volte con un tema conduttore, altre senza che i brani trasmessi avessero niente in comune tra loro come in un collage astratto. Abbiamo ascoltato i cantanti di casa nostra da Mina a Battisti e gruppi come i Beatles o i Jethro Tull, brani semplici di facile ascolto come quelli delle puntate \u201cJuke Box\u201d alternati anche musica pi\u00f9 impegnata come proposta dalla tromba di Chet Baker o dalla chitarra di Django Reinhardt e cos\u00ec via. L\u2019obiettivo del programma \u00e8 sempre quello di riproporre ai nostri ascoltatori pi\u00f9 grandicelli le canzoni che ascoltavano nel passato e nello stesso tempo di farle conoscere anche ai pi\u00f9 giovani.<br \/>\nBuon ascolto!<\/p>\n<p><strong>PUNTATA 355 DEL 24 MAGGIO<\/strong><\/p>\n<audio class=\"wp-audio-shortcode\" id=\"audio-211499-13\" preload=\"none\" style=\"width: 100%;\" controls=\"controls\"><source type=\"audio\/mpeg\" src=\"https:\/\/www.radiopiu.net\/wordpress\/wp-content\/uploads\/2021\/05\/COLU.mp3?_=13\" \/><a href=\"https:\/\/www.radiopiu.net\/wordpress\/wp-content\/uploads\/2021\/05\/COLU.mp3\">https:\/\/www.radiopiu.net\/wordpress\/wp-content\/uploads\/2021\/05\/COLU.mp3<\/a><\/audio>\n<p>&nbsp;<\/p>\n<hr \/>\n<h1><\/h1>\n<p>&nbsp;<\/p>\n<blockquote>\n<h1><\/h1>\n<\/blockquote>\n<p><strong><span style=\"color: #ff0000;\">E DA IERI SERA ALLE 20.15\u00a0 IL BLUES\u00a0 lunedi 20.30, mercoledi 22.15, sabato 16.00<\/span><\/strong><\/p>\n<blockquote>\n<h1><strong style=\"font-size: 14px;\">E DA IERI SERA ALLE 20.15\u00a0 IL BLUES\u00a0 lunedi 20.30, mercoledi 22.15, sabato 16.00<\/strong><\/h1>\n<\/blockquote>\n<p>Maurizio Pugno, uno dei pi\u00f9 riconosciuti musicisti blues d\u2019Europa, sviluppa da mesi un percorso sul Blues, sulla piattaforma Patreon: si chiama Bluesland, una \u201clettura blues\u201d della musica e della cultura odierna e un approfondimento su questo genere di musica, ancora molto vivo e attuale.\u00a0 Il Blues ha un indotto riconosciuto di circa 1 milione di persone interessate (tra festival, musicisti, spettatori, etc. \u2013 vedi ItalianBluesUnion.it ) e Maurizio Pugno ha un seguito crescente e interessato, grazie anche al lavoro sui social e ai molti progetti. Maurizio Pugno ha all\u2019attivo 15 cd e centinaia di concerti in Usa e Europa.<\/p>\n<audio class=\"wp-audio-shortcode\" id=\"audio-211499-14\" preload=\"none\" style=\"width: 100%;\" controls=\"controls\"><source type=\"audio\/mpeg\" src=\"https:\/\/www.radiopiu.net\/wordpress\/wp-content\/uploads\/2021\/05\/BLUES.mp3?_=14\" \/><a href=\"https:\/\/www.radiopiu.net\/wordpress\/wp-content\/uploads\/2021\/05\/BLUES.mp3\">https:\/\/www.radiopiu.net\/wordpress\/wp-content\/uploads\/2021\/05\/BLUES.mp3<\/a><\/audio>\n<p>&nbsp;<\/p>\n<p>&nbsp;<\/p>\n<p>&nbsp;<\/p>\n<hr \/>\n<blockquote>\n<h3><img loading=\"lazy\" decoding=\"async\" class=\"alignleft\" src=\"https:\/\/www.radiopiu.net\/wordpress\/wp-content\/uploads\/2021\/05\/c11358c7-8727-48f9-8b4e-41f351f4e04a-225x300-1.jpg\" width=\"123\" height=\"164\" \/>NOMADI IN CONCERTO, DOMENICA ALLE 16.30 A FELTRE &#8211; INDICAZIONI &#8211;<\/h3>\n<\/blockquote>\n<p><strong>FELTRE<\/strong> Attesissimo evento in presenza, il primo a Feltre con i Nomadi che aprono il nuovo tour. Ne parliamo con l&#8217;organizzatore Giovanni Tosatto della Gio Service.<\/p>\n<audio class=\"wp-audio-shortcode\" id=\"audio-211499-15\" preload=\"none\" style=\"width: 100%;\" controls=\"controls\"><source type=\"audio\/mpeg\" src=\"https:\/\/www.radiopiu.net\/wordpress\/wp-content\/uploads\/2021\/05\/INT-GIO.mp3?_=15\" \/><a href=\"https:\/\/www.radiopiu.net\/wordpress\/wp-content\/uploads\/2021\/05\/INT-GIO.mp3\">https:\/\/www.radiopiu.net\/wordpress\/wp-content\/uploads\/2021\/05\/INT-GIO.mp3<\/a><\/audio>\n<p>&nbsp;<\/p>\n<h2><span style=\"color: #ff0000;\"><a href=\"https:\/\/www.radiopiu.net\/wordpress\/la-ripartenza-nomadi-domenica-al-palafeltre-il-concerto-data-zero\/122720286_2797468823842472_1254831630635531242_n\/\" rel=\"attachment wp-att-210735\"><img loading=\"lazy\" decoding=\"async\" class=\" wp-image-210735 alignleft\" src=\"https:\/\/www.radiopiu.net\/wordpress\/wp-content\/uploads\/2021\/05\/122720286_2797468823842472_1254831630635531242_n.jpg\" alt=\"\" width=\"122\" height=\"122\" srcset=\"https:\/\/www.radiopiu.net\/wordpress\/wp-content\/uploads\/2021\/05\/122720286_2797468823842472_1254831630635531242_n.jpg 206w, https:\/\/www.radiopiu.net\/wordpress\/wp-content\/uploads\/2021\/05\/122720286_2797468823842472_1254831630635531242_n-150x150.jpg 150w\" sizes=\"auto, (max-width: 122px) 100vw, 122px\" \/><\/a><\/span><\/h2>\n<h2><span style=\"font-size: 14px; font-weight: normal;\">Ospite Beppe Carletti&#8230;dei Nomadi<\/span><\/h2>\n<audio class=\"wp-audio-shortcode\" id=\"audio-211499-16\" preload=\"none\" style=\"width: 100%;\" controls=\"controls\"><source type=\"audio\/mpeg\" src=\"https:\/\/www.radiopiu.net\/wordpress\/wp-content\/uploads\/2021\/05\/carletti-intervista-2021.mp3?_=16\" \/><a href=\"https:\/\/www.radiopiu.net\/wordpress\/wp-content\/uploads\/2021\/05\/carletti-intervista-2021.mp3\">https:\/\/www.radiopiu.net\/wordpress\/wp-content\/uploads\/2021\/05\/carletti-intervista-2021.mp3<\/a><\/audio>\n<p>&nbsp;<\/p>\n<h2 align=\"JUSTIFY\"><\/h2>\n<div>\n<div>\n<div class=\"page-title-head hgroup\">\n<div class=\"page-title-head hgroup\">\n<div class=\"page-title-head hgroup\">\n<hr \/>\n<p>&nbsp;<\/p>\n<blockquote>\n<h2><\/h2>\n<h2>FANTASTICHE DOLOMITI, NUOVA STAGIONE. APPUNTAMENTO QUINDICINALE IL GIOVEDI ALLE 10.30 E 19.00<\/h2>\n<\/blockquote>\n<h2><a class=\"dt-pswp-item\" href=\"https:\/\/www.radiopiu.net\/wordpress\/wp-content\/uploads\/2020\/10\/pp-2.jpg\" data-dt-img-description=\"\" data-large_image_width=\"384\" data-large_image_height=\"384\"><img loading=\"lazy\" decoding=\"async\" class=\"wp-image-165187 alignleft\" src=\"https:\/\/www.radiopiu.net\/wordpress\/wp-content\/uploads\/2020\/10\/pp-2-300x300.jpg\" alt=\"\" width=\"114\" height=\"114\" srcset=\"https:\/\/www.radiopiu.net\/wordpress\/wp-content\/uploads\/2020\/10\/pp-2-300x300.jpg 300w, https:\/\/www.radiopiu.net\/wordpress\/wp-content\/uploads\/2020\/10\/pp-2-150x150.jpg 150w, https:\/\/www.radiopiu.net\/wordpress\/wp-content\/uploads\/2020\/10\/pp-2.jpg 384w\" sizes=\"auto, (max-width: 114px) 100vw, 114px\" \/><\/a><\/h2>\n<h2><\/h2>\n<h2><span style=\"color: #ff0000;\">PUNTATA 16 20 MAGGIO<\/span><\/h2>\n<p><strong>OSPITE CLAUDIO CANOVA<\/strong><\/p>\n<p>&nbsp;<\/p>\n<audio class=\"wp-audio-shortcode\" id=\"audio-211499-17\" preload=\"none\" style=\"width: 100%;\" controls=\"controls\"><source type=\"audio\/mpeg\" src=\"https:\/\/www.radiopiu.net\/wordpress\/wp-content\/uploads\/2021\/05\/fantastiche-dolomiti-20-maggio.mp3?_=17\" \/><a href=\"https:\/\/www.radiopiu.net\/wordpress\/wp-content\/uploads\/2021\/05\/fantastiche-dolomiti-20-maggio.mp3\">https:\/\/www.radiopiu.net\/wordpress\/wp-content\/uploads\/2021\/05\/fantastiche-dolomiti-20-maggio.mp3<\/a><\/audio>\n<h3>LA RACCOLTA COMPLETA<\/h3>\n<p>https:\/\/www.radiopiu.net\/wordpress\/raccolta-completa\/<\/p>\n<p>&nbsp;<\/p>\n<p>&nbsp;<\/p>\n<p>&nbsp;<\/p>\n<hr \/>\n<div dir=\"auto\">\n<blockquote>\n<h3>SALUTE E SOCIETA&#8217; IL LUNEDI ALLE 13.10 E ALLE 20.10, LA DOMENICA ALLE 10.30 A CURA DEL DOTTOR MARCO CARACCIOLO. QUINTA STAGIONE<\/h3>\n<\/blockquote>\n<p><strong>LA PUNTATA DELLA SETTIMANA del 24 <\/strong><strong>MAGGIO<\/strong><\/p>\n<p><a href=\"https:\/\/www.radiopiu.net\/wordpress\/giornale-radiopiu-25-maggio-2021-direttore-mirko-mezzacasa\/8cacc7a6-35ef-f947-4785-1f116cc0a1ed\/\" rel=\"attachment wp-att-211589\"><img loading=\"lazy\" decoding=\"async\" class=\"size-medium wp-image-211589 alignleft\" src=\"https:\/\/www.radiopiu.net\/wordpress\/wp-content\/uploads\/2021\/05\/8cacc7a6-35ef-f947-4785-1f116cc0a1ed-300x169.jpg\" alt=\"\" width=\"300\" height=\"169\" srcset=\"https:\/\/www.radiopiu.net\/wordpress\/wp-content\/uploads\/2021\/05\/8cacc7a6-35ef-f947-4785-1f116cc0a1ed-300x169.jpg 300w, https:\/\/www.radiopiu.net\/wordpress\/wp-content\/uploads\/2021\/05\/8cacc7a6-35ef-f947-4785-1f116cc0a1ed-1024x576.jpg 1024w, https:\/\/www.radiopiu.net\/wordpress\/wp-content\/uploads\/2021\/05\/8cacc7a6-35ef-f947-4785-1f116cc0a1ed-768x432.jpg 768w, https:\/\/www.radiopiu.net\/wordpress\/wp-content\/uploads\/2021\/05\/8cacc7a6-35ef-f947-4785-1f116cc0a1ed.jpg 1280w\" sizes=\"auto, (max-width: 300px) 100vw, 300px\" \/><\/a>E\u2019 online il sito web oltrelaspasticita.it realizzato da Ipsen, azienda biofarmaceutica, in collaborazione con neurologi, fisioterapisti, fisiatri, assieme all\u2019associazione di pazienti A.L.I.Ce. Massimiliano Bordignon ne ha parlato con Nicoletta Reale, Presidente di A.L.I.Ce. Italia, Associazione per la lotta all\u2019ictus cerebrale; Andrea Santamato, Direttore struttura complessa di medicina fisica e riabilitativa, Policlinico di Foggia, professore associato di medicina fisica e riabilitativa Universit\u00e0 di Foggia; Paola Mazzanti, Medical &amp; Regulatory Affairs Director, Ipsen S.p.A.<\/p>\n<p>&nbsp;<\/p>\n<p><strong>AUDIO<\/strong><\/p>\n<div dir=\"auto\">\n<audio class=\"wp-audio-shortcode\" id=\"audio-211499-18\" preload=\"none\" style=\"width: 100%;\" controls=\"controls\"><source type=\"audio\/mpeg\" src=\"https:\/\/www.radiopiu.net\/wordpress\/wp-content\/uploads\/2021\/05\/SALUTE-3.mp3?_=18\" \/><a href=\"https:\/\/www.radiopiu.net\/wordpress\/wp-content\/uploads\/2021\/05\/SALUTE-3.mp3\">https:\/\/www.radiopiu.net\/wordpress\/wp-content\/uploads\/2021\/05\/SALUTE-3.mp3<\/a><\/audio>\n<p><strong>LA RACCOLTA COMPLETA\u00a0<\/strong><\/p>\n<\/div>\n<blockquote class=\"wp-embedded-content\" data-secret=\"2U2qwJU0Iu\"><p><a href=\"https:\/\/www.radiopiu.net\/wordpress\/saluteesocieta\/\">Salute e Societ\u00e0<\/a><\/p><\/blockquote>\n<p><iframe loading=\"lazy\" class=\"wp-embedded-content\" sandbox=\"allow-scripts\" security=\"restricted\" style=\"position: absolute; clip: rect(1px, 1px, 1px, 1px);\" title=\"&#8220;Salute e Societ\u00e0&#8221; &#8212; Radio Pi\u00f9\" src=\"https:\/\/www.radiopiu.net\/wordpress\/saluteesocieta\/embed\/#?secret=2U2qwJU0Iu\" data-secret=\"2U2qwJU0Iu\" width=\"600\" height=\"338\" frameborder=\"0\" marginwidth=\"0\" marginheight=\"0\" scrolling=\"no\"><\/iframe><\/p>\n<p>&nbsp;<\/p>\n<hr \/>\n<p>&nbsp;<\/p>\n<blockquote>\n<h3 class=\"kvgmc6g5 cxmmr5t8 oygrvhab hcukyx3x c1et5uql\"><span style=\"color: #0000ff;\">INFORMAZIONE il canale su TELEGRAM informazione di prima mano e in tempo reale. iscriviti ed aiutaci a farlo conoscere\u00a0<\/span><\/h3>\n<\/blockquote>\n<h2><a href=\"https:\/\/www.radiopiu.net\/wordpress\/strutturare-lo-studio\/studiare\/\" rel=\"attachment wp-att-210171\"><img loading=\"lazy\" decoding=\"async\" class=\" wp-image-210171 alignleft\" src=\"https:\/\/www.radiopiu.net\/wordpress\/wp-content\/uploads\/2021\/05\/studiare-300x200.jpeg\" alt=\"\" width=\"177\" height=\"118\" srcset=\"https:\/\/www.radiopiu.net\/wordpress\/wp-content\/uploads\/2021\/05\/studiare-300x200.jpeg 300w, https:\/\/www.radiopiu.net\/wordpress\/wp-content\/uploads\/2021\/05\/studiare.jpeg 626w\" sizes=\"auto, (max-width: 177px) 100vw, 177px\" \/><\/a>007 IN CONDOTTA CON LA PROF. MARIA ROSA SALMAZO IL LUNEDI ALLE 10,30 E ALLE 19.00 LA DOMENICA ALLE 8 DEL MATTINO. NONA STAGIONE<\/h2>\n<p><span style=\"color: #ff0000;\"><strong>PUNTATA DEL 24 MAGGIO 2021\u00a0\u00a0<\/strong><\/span><\/p>\n<audio class=\"wp-audio-shortcode\" id=\"audio-211499-19\" preload=\"none\" style=\"width: 100%;\" controls=\"controls\"><source type=\"audio\/mpeg\" src=\"https:\/\/www.radiopiu.net\/wordpress\/wp-content\/uploads\/2021\/05\/007-24-maggio.mp3?_=19\" \/><a href=\"https:\/\/www.radiopiu.net\/wordpress\/wp-content\/uploads\/2021\/05\/007-24-maggio.mp3\">https:\/\/www.radiopiu.net\/wordpress\/wp-content\/uploads\/2021\/05\/007-24-maggio.mp3<\/a><\/audio>\n<h2>LA RACCOLTA COMPLETA<\/h2>\n<blockquote class=\"wp-embedded-content\" data-secret=\"QhnHEjigRd\"><p><a href=\"https:\/\/www.radiopiu.net\/wordpress\/007incondotta-9\/\">007 in condotta<\/a><\/p><\/blockquote>\n<p><iframe loading=\"lazy\" class=\"wp-embedded-content\" sandbox=\"allow-scripts\" security=\"restricted\" style=\"position: absolute; clip: rect(1px, 1px, 1px, 1px);\" title=\"&#8220;007 in condotta&#8221; &#8212; Radio Pi\u00f9\" src=\"https:\/\/www.radiopiu.net\/wordpress\/007incondotta-9\/embed\/#?secret=QhnHEjigRd\" data-secret=\"QhnHEjigRd\" width=\"600\" height=\"338\" frameborder=\"0\" marginwidth=\"0\" marginheight=\"0\" scrolling=\"no\"><\/iframe><\/p>\n<blockquote><p>&nbsp;<\/p><\/blockquote>\n<p>&nbsp;<\/p>\n<p>&nbsp;<\/p>\n<hr \/>\n<h1><span style=\"color: #ff0000;\"><strong>\u00a0<\/strong><\/span><\/h1>\n<h2><span style=\"color: #ff0000;\"><strong>IN VIVO VERSO 2020-21 ESTATE, RIASCOLTIAMOLI&#8230; DAL CASSETTO DEI RICORDI DI RADIO PIU&#8217;&#8230; LE PRIME\u00a0 SEI STAGIONI\u00a0\u00a0<\/strong><\/span><\/h2>\n<div class=\"page-title-head hgroup\">\n<div class=\"page-title-head hgroup\">\n<div class=\"page-title-head hgroup\">\n<div class=\"page-title-head hgroup\">\n<div class=\"page-title-head hgroup\">\n<blockquote>\n<h2 class=\"page-title-head hgroup\">OMAGGIO A ITALO RUALTA in LA MIA ANIMA HA FRETTA<\/h2>\n<\/blockquote>\n<div>\n<p>&nbsp;<\/p>\n<p><strong>AUDIO<\/strong><\/p>\n<audio class=\"wp-audio-shortcode\" id=\"audio-211499-20\" preload=\"none\" style=\"width: 100%;\" controls=\"controls\"><source type=\"audio\/mpeg\" src=\"https:\/\/www.radiopiu.net\/wordpress\/wp-content\/uploads\/2021\/05\/VIVO-VERSO-LUN-2.mp3?_=20\" \/><a href=\"https:\/\/www.radiopiu.net\/wordpress\/wp-content\/uploads\/2021\/05\/VIVO-VERSO-LUN-2.mp3\">https:\/\/www.radiopiu.net\/wordpress\/wp-content\/uploads\/2021\/05\/VIVO-VERSO-LUN-2.mp3<\/a><\/audio>\n<p>&nbsp;<\/p>\n<p><strong><img loading=\"lazy\" decoding=\"async\" class=\"\" src=\"https:\/\/www.radiopiu.net\/wordpress\/wp-content\/uploads\/2021\/05\/d6522981-ea92-47aa-8965-eadd2b2bd3d2-1.jpg\" width=\"261\" height=\"464\" \/><\/strong><\/p>\n<\/div>\n<div class=\"page-title-breadcrumbs\">\n<p><strong>LA RACCOLTA COMPLETA<\/strong><\/p>\n<\/div>\n<\/div>\n<\/div>\n<\/div>\n<\/div>\n<\/div>\n<blockquote class=\"wp-embedded-content\" data-secret=\"QeGz3gE45n\"><p><a href=\"https:\/\/www.radiopiu.net\/wordpress\/in-vivo-verso\/\">In Vivo Verso<\/a><\/p><\/blockquote>\n<p><iframe loading=\"lazy\" class=\"wp-embedded-content\" sandbox=\"allow-scripts\" security=\"restricted\" style=\"position: absolute; clip: rect(1px, 1px, 1px, 1px);\" title=\"&#8220;In Vivo Verso&#8221; &#8212; Radio Pi\u00f9\" src=\"https:\/\/www.radiopiu.net\/wordpress\/in-vivo-verso\/embed\/#?secret=QeGz3gE45n\" data-secret=\"QeGz3gE45n\" width=\"600\" height=\"338\" frameborder=\"0\" marginwidth=\"0\" marginheight=\"0\" scrolling=\"no\"><\/iframe><\/p>\n<p>&nbsp;<\/p>\n<hr \/>\n<h2><span style=\"color: #ff0000;\"><a href=\"https:\/\/www.radiopiu.net\/wordpress\/giornale-radiopiu-05-gennaio-2021-direttore-mirko-mezzacasa\/133200401_100838761953611_1258544160541445132_o-2\/\" rel=\"attachment wp-att-183078\"><img loading=\"lazy\" decoding=\"async\" class=\" wp-image-183078 alignleft\" src=\"https:\/\/www.radiopiu.net\/wordpress\/wp-content\/uploads\/2021\/01\/133200401_100838761953611_1258544160541445132_o-1-300x157.jpg\" alt=\"\" width=\"192\" height=\"101\" srcset=\"https:\/\/www.radiopiu.net\/wordpress\/wp-content\/uploads\/2021\/01\/133200401_100838761953611_1258544160541445132_o-1-300x157.jpg 300w, https:\/\/www.radiopiu.net\/wordpress\/wp-content\/uploads\/2021\/01\/133200401_100838761953611_1258544160541445132_o-1.jpg 526w\" sizes=\"auto, (max-width: 192px) 100vw, 192px\" \/><\/a>GOCCE DI FILOSOFIA, CON CHIARA CAU, CON LISA DE LUCA. <\/span><\/h2>\n<h2><span style=\"color: #ff0000;\">TUTTI I GIORNI DAL LUNEDI AL VENERDI ALLE 6.55 E ALLE 18.55<\/span><\/h2>\n<p><strong>PUNTATA 101<\/strong><\/p>\n<audio class=\"wp-audio-shortcode\" id=\"audio-211499-21\" preload=\"none\" style=\"width: 100%;\" controls=\"controls\"><source type=\"audio\/mpeg\" src=\"https:\/\/www.radiopiu.net\/wordpress\/wp-content\/uploads\/2021\/05\/FI1-3.mp3?_=21\" \/><a href=\"https:\/\/www.radiopiu.net\/wordpress\/wp-content\/uploads\/2021\/05\/FI1-3.mp3\">https:\/\/www.radiopiu.net\/wordpress\/wp-content\/uploads\/2021\/05\/FI1-3.mp3<\/a><\/audio>\n<h3>LA RACCOLTA COMPLETA<\/h3>\n<blockquote class=\"wp-embedded-content\" data-secret=\"NTffIGYYyr\"><p><a href=\"https:\/\/www.radiopiu.net\/wordpress\/gocce-filosofia\/\">Gocce di filosofia<\/a><\/p><\/blockquote>\n<p><iframe loading=\"lazy\" class=\"wp-embedded-content\" sandbox=\"allow-scripts\" security=\"restricted\" style=\"position: absolute; clip: rect(1px, 1px, 1px, 1px);\" title=\"&#8220;Gocce di filosofia&#8221; &#8212; Radio Pi\u00f9\" src=\"https:\/\/www.radiopiu.net\/wordpress\/gocce-filosofia\/embed\/#?secret=NTffIGYYyr\" data-secret=\"NTffIGYYyr\" width=\"600\" height=\"338\" frameborder=\"0\" marginwidth=\"0\" marginheight=\"0\" scrolling=\"no\"><\/iframe><\/p>\n<p>&nbsp;<\/p>\n<hr \/>\n<p>&nbsp;<\/p>\n<p>&nbsp;<\/p>\n<div>\n<p>&nbsp;<\/p>\n<h2><span style=\"color: #800080;\"><strong>LA RASSEGNA STAMPA DA L&#8217;AMICO DEL POPOLO\u00a0<\/strong><\/span><\/h2>\n<h3 class=\"kvgmc6g5 cxmmr5t8 oygrvhab hcukyx3x c1et5uql\"><span style=\"color: #0000ff;\"> INFORMAZIONE il canale su TELEGRAM informazione di prima mano e in tempo reale. iscriviti ed aiutaci a farlo conoscere\u00a0<\/span><\/h3>\n<p><strong><a href=\"https:\/\/www.radiopiu.net\/wordpress\/governo-blocca-6-milioni-per-ladeguamento-delle-scuole-bellunesi\/scuola2\/\" rel=\"attachment wp-att-56109\"><img loading=\"lazy\" decoding=\"async\" class=\"size-medium wp-image-56109 alignleft\" src=\"https:\/\/www.radiopiu.net\/wordpress\/wp-content\/uploads\/2018\/08\/scuola2-300x200.jpg\" alt=\"\" width=\"300\" height=\"200\" srcset=\"https:\/\/www.radiopiu.net\/wordpress\/wp-content\/uploads\/2018\/08\/scuola2-300x200.jpg 300w, https:\/\/www.radiopiu.net\/wordpress\/wp-content\/uploads\/2018\/08\/scuola2-768x512.jpg 768w, https:\/\/www.radiopiu.net\/wordpress\/wp-content\/uploads\/2018\/08\/scuola2-1024x682.jpg 1024w, https:\/\/www.radiopiu.net\/wordpress\/wp-content\/uploads\/2018\/08\/scuola2.jpg 1280w\" sizes=\"auto, (max-width: 300px) 100vw, 300px\" \/><\/a>di Gianni Santomaso<\/strong><\/p>\n<p>OSPITE: Maria Rosa Salmazo<\/p>\n<audio class=\"wp-audio-shortcode\" id=\"audio-211499-22\" preload=\"none\" style=\"width: 100%;\" controls=\"controls\"><source type=\"audio\/mpeg\" src=\"https:\/\/www.radiopiu.net\/wordpress\/wp-content\/uploads\/2021\/05\/RASSEGNA-GIANNI-3.mp3?_=22\" \/><a href=\"https:\/\/www.radiopiu.net\/wordpress\/wp-content\/uploads\/2021\/05\/RASSEGNA-GIANNI-3.mp3\">https:\/\/www.radiopiu.net\/wordpress\/wp-content\/uploads\/2021\/05\/RASSEGNA-GIANNI-3.mp3<\/a><\/audio>\n<p><strong>LA RACCOLTA COMPLETA<\/strong><\/p>\n<blockquote class=\"wp-embedded-content\" data-secret=\"tlPbozXFZV\"><p><a href=\"https:\/\/www.radiopiu.net\/wordpress\/rassegna-stampa-di-gianni-santomaso\/\">Rassegna stampa da l&#8217;amico del popolo &#8211; di Gianni Santomaso<\/a><\/p><\/blockquote>\n<p><iframe loading=\"lazy\" class=\"wp-embedded-content\" sandbox=\"allow-scripts\" security=\"restricted\" style=\"position: absolute; clip: rect(1px, 1px, 1px, 1px);\" title=\"&#8220;Rassegna stampa da l&#8217;amico del popolo &#8211; di Gianni Santomaso&#8221; &#8212; Radio Pi\u00f9\" src=\"https:\/\/www.radiopiu.net\/wordpress\/rassegna-stampa-di-gianni-santomaso\/embed\/#?secret=tlPbozXFZV\" data-secret=\"tlPbozXFZV\" width=\"600\" height=\"338\" frameborder=\"0\" marginwidth=\"0\" marginheight=\"0\" scrolling=\"no\"><\/iframe><\/p>\n<div class=\"b654a4as d2edcug0\"><\/div>\n<\/div>\n<p>&nbsp;<\/p>\n<p>&nbsp;<\/p>\n<\/div>\n<hr \/>\n<div>\n<div>\n<div class=\"b654a4as d2edcug0\">\n<div class=\"rq0escxv hkbzh7o3 jwdofwj8 n8tt0mok r8blr3vg hyh9befq\">\n<div class=\"b654a4as d2edcug0\">\n<h2><span style=\"color: #008000;\">\u00a0<\/span><\/h2>\n<h2><span style=\"color: #008000;\">ERBE E PIANTE CURATIVE&#8230;IL\u00a0 PROGRAMMA DI PAOLA LANCIATO<\/span><\/h2>\n<\/div>\n<p><strong><img loading=\"lazy\" decoding=\"async\" class=\"alignleft\" src=\"https:\/\/www.radiopiu.net\/wordpress\/wp-content\/uploads\/2021\/05\/th-12.jpg\" width=\"143\" height=\"107\" \/>di Paola Lanciato<\/strong><\/p>\n<p><strong>\u00a0<\/strong><\/p>\n<p><strong>L&#8217;ACACIA<\/strong><\/p>\n<audio class=\"wp-audio-shortcode\" id=\"audio-211499-23\" preload=\"none\" style=\"width: 100%;\" controls=\"controls\"><source type=\"audio\/mpeg\" src=\"https:\/\/www.radiopiu.net\/wordpress\/wp-content\/uploads\/2021\/05\/14-Lacacia-M.mp3?_=23\" \/><a href=\"https:\/\/www.radiopiu.net\/wordpress\/wp-content\/uploads\/2021\/05\/14-Lacacia-M.mp3\">https:\/\/www.radiopiu.net\/wordpress\/wp-content\/uploads\/2021\/05\/14-Lacacia-M.mp3<\/a><\/audio>\n<h3><strong>LA RACCOLTA COMPLETA\u00a0<\/strong><\/h3>\n<blockquote class=\"wp-embedded-content\" data-secret=\"H3KQq1Sq7D\"><p><a href=\"https:\/\/www.radiopiu.net\/wordpress\/erbe-e-piante-curative-il-mandorlo\/\">L\u2019ERBA VOGLIO DEL GIARDINO DEL RE\u2026 ERBE, FIORI E PIANTE DI E CON PAOLA LANCIATO<\/a><\/p><\/blockquote>\n<p><iframe loading=\"lazy\" class=\"wp-embedded-content\" sandbox=\"allow-scripts\" security=\"restricted\" style=\"position: absolute; clip: rect(1px, 1px, 1px, 1px);\" title=\"&#8220;L\u2019ERBA VOGLIO DEL GIARDINO DEL RE\u2026 ERBE, FIORI E PIANTE DI E CON PAOLA LANCIATO&#8221; &#8212; Radio Pi\u00f9\" src=\"https:\/\/www.radiopiu.net\/wordpress\/erbe-e-piante-curative-il-mandorlo\/embed\/#?secret=H3KQq1Sq7D\" data-secret=\"H3KQq1Sq7D\" width=\"600\" height=\"338\" frameborder=\"0\" marginwidth=\"0\" marginheight=\"0\" scrolling=\"no\"><\/iframe><\/p>\n<p>&nbsp;<\/p>\n<p>&nbsp;<\/p>\n<p>&nbsp;<\/p>\n<hr \/>\n<p>&nbsp;<\/p>\n<blockquote>\n<h2><span style=\"color: #ff0000;\"><em>ZAINO ALLA RADIO&#8230;ESTATE DI PAOLA LANCIATO TUTTI I GIORNI dal lunedi al venerdi ALLE 14 E 23.30\u00a0<\/em><\/span><\/h2>\n<h2>IL CASTELLO DI DUINO &#8211; ZAINO DA VIAGGIO ESTATE di PAOLA LANCIATO<\/h2>\n<\/blockquote>\n<p>AUDIO<\/p>\n<audio class=\"wp-audio-shortcode\" id=\"audio-211499-24\" preload=\"none\" style=\"width: 100%;\" controls=\"controls\"><source type=\"audio\/mpeg\" src=\"https:\/\/www.radiopiu.net\/wordpress\/wp-content\/uploads\/2021\/05\/11-Il-castello-di-Duino-M.mp3?_=24\" \/><a href=\"https:\/\/www.radiopiu.net\/wordpress\/wp-content\/uploads\/2021\/05\/11-Il-castello-di-Duino-M.mp3\">https:\/\/www.radiopiu.net\/wordpress\/wp-content\/uploads\/2021\/05\/11-Il-castello-di-Duino-M.mp3<\/a><\/audio>\n<p>&nbsp;<\/p>\n<p><a href=\"https:\/\/www.radiopiu.net\/wordpress\/il-castello-di-duino-zaino-da-viaggio-estate-di-paola-lanciato\/11-8\/\" rel=\"attachment wp-att-211607\"><img loading=\"lazy\" decoding=\"async\" class=\"alignnone size-medium wp-image-211607\" src=\"https:\/\/www.radiopiu.net\/wordpress\/wp-content\/uploads\/2021\/05\/11-300x191.jpg\" alt=\"\" width=\"300\" height=\"191\" srcset=\"https:\/\/www.radiopiu.net\/wordpress\/wp-content\/uploads\/2021\/05\/11-300x191.jpg 300w, https:\/\/www.radiopiu.net\/wordpress\/wp-content\/uploads\/2021\/05\/11-1024x652.jpg 1024w, https:\/\/www.radiopiu.net\/wordpress\/wp-content\/uploads\/2021\/05\/11-768x489.jpg 768w, https:\/\/www.radiopiu.net\/wordpress\/wp-content\/uploads\/2021\/05\/11-1536x978.jpg 1536w, https:\/\/www.radiopiu.net\/wordpress\/wp-content\/uploads\/2021\/05\/11-2048x1305.jpg 2048w\" sizes=\"auto, (max-width: 300px) 100vw, 300px\" \/><\/a><\/p>\n<p><strong>LA RACCOLTA COMPLETA\u00a0<\/strong><\/p>\n<blockquote class=\"wp-embedded-content\" data-secret=\"OvJnsKSEh7\"><p><a href=\"https:\/\/www.radiopiu.net\/wordpress\/zaino-femminile-lanciato\/\">Zaino da viaggio al femminile<\/a><\/p><\/blockquote>\n<p><iframe loading=\"lazy\" class=\"wp-embedded-content\" sandbox=\"allow-scripts\" security=\"restricted\" style=\"position: absolute; clip: rect(1px, 1px, 1px, 1px);\" title=\"&#8220;Zaino da viaggio al femminile&#8221; &#8212; Radio Pi\u00f9\" src=\"https:\/\/www.radiopiu.net\/wordpress\/zaino-femminile-lanciato\/embed\/#?secret=OvJnsKSEh7\" data-secret=\"OvJnsKSEh7\" width=\"600\" height=\"338\" frameborder=\"0\" marginwidth=\"0\" marginheight=\"0\" scrolling=\"no\"><\/iframe><\/p>\n<p>&nbsp;<\/p>\n<p>&nbsp;<\/p>\n<\/div>\n<\/div>\n<\/div>\n<div>\n<div class=\"page-title-head hgroup\">\n<div class=\"page-title-head hgroup\">\n<div>\n<div class=\"b654a4as d2edcug0\">\n<div class=\"rq0escxv hkbzh7o3 jwdofwj8 n8tt0mok r8blr3vg hyh9befq\">\n<p>&nbsp;<\/p>\n<\/div>\n<\/div>\n<div class=\"b654a4as d2edcug0\">\n<hr \/>\n<p>&nbsp;<\/p>\n<blockquote>\n<h3><a href=\"https:\/\/www.radiopiu.net\/wordpress\/almanacco-ladino-puntata-5-2020\/sn\/\" rel=\"attachment wp-att-180931\"><img loading=\"lazy\" decoding=\"async\" class=\"wp-image-180931 alignleft\" src=\"https:\/\/www.radiopiu.net\/wordpress\/wp-content\/uploads\/2020\/12\/sn-300x194.jpg\" alt=\"\" width=\"181\" height=\"117\" srcset=\"https:\/\/www.radiopiu.net\/wordpress\/wp-content\/uploads\/2020\/12\/sn-300x194.jpg 300w, https:\/\/www.radiopiu.net\/wordpress\/wp-content\/uploads\/2020\/12\/sn.jpg 626w\" sizes=\"auto, (max-width: 181px) 100vw, 181px\" \/><\/a>L&#8217;ALMANACCO LADINO CON L&#8217;ISTITUT CESA DE JAN QUINDICINALE APPUNTAMENTO. LA DOMENICA ALLE 9 IL LUNEDI ALLE 8.35 IL MARTEDI ALLE 12.35 IL MERCOLEDI ALLE 18.35. SECONDA STAGIONE.<\/h3>\n<p><strong>PUNTATA DEL 24 MAGGIO 2021<\/strong><\/p><\/blockquote>\n<audio class=\"wp-audio-shortcode\" id=\"audio-211499-25\" preload=\"none\" style=\"width: 100%;\" controls=\"controls\"><source type=\"audio\/mpeg\" src=\"https:\/\/www.radiopiu.net\/wordpress\/wp-content\/uploads\/2021\/05\/59\u00b0Almanacco-Ladino_Col.mp3?_=25\" \/><a href=\"https:\/\/www.radiopiu.net\/wordpress\/wp-content\/uploads\/2021\/05\/59\u00b0Almanacco-Ladino_Col.mp3\">https:\/\/www.radiopiu.net\/wordpress\/wp-content\/uploads\/2021\/05\/59\u00b0Almanacco-Ladino_Col.mp3<\/a><\/audio>\n<p>&nbsp;<\/p>\n<p><strong>RACCOLTA COMPLETA\u00a0<\/strong><\/p>\n<blockquote class=\"wp-embedded-content\" data-secret=\"gd8Au6vlMf\"><p><a href=\"https:\/\/www.radiopiu.net\/wordpress\/almanacco-ladino\/\">Almanacco Ladino<\/a><\/p><\/blockquote>\n<p><iframe loading=\"lazy\" class=\"wp-embedded-content\" sandbox=\"allow-scripts\" security=\"restricted\" style=\"position: absolute; clip: rect(1px, 1px, 1px, 1px);\" title=\"&#8220;Almanacco Ladino&#8221; &#8212; Radio Pi\u00f9\" src=\"https:\/\/www.radiopiu.net\/wordpress\/almanacco-ladino\/embed\/#?secret=gd8Au6vlMf\" data-secret=\"gd8Au6vlMf\" width=\"600\" height=\"338\" frameborder=\"0\" marginwidth=\"0\" marginheight=\"0\" scrolling=\"no\"><\/iframe><\/p>\n<div dir=\"auto\"><\/div>\n<\/div>\n<div>\n<p>&nbsp;<\/p>\n<hr \/>\n<h2><span style=\"color: #808000;\">\u00a0<\/span><\/h2>\n<h2><span style=\"color: #808000;\">DUE MINUTI UN LIBRO\u00a0 TUTTI I GIORNI ALLA RADIO ALLE 9.30 E ALLE 18. QUINTA STAGIONE\u00a0\u00a0<\/span><\/h2>\n<blockquote class=\"wp-embedded-content\" data-secret=\"6HycrxO9Qn\"><p><a href=\"https:\/\/www.radiopiu.net\/wordpress\/virita\/\">VIRITA&#8217;<\/a><\/p><\/blockquote>\n<p><iframe loading=\"lazy\" class=\"wp-embedded-content\" sandbox=\"allow-scripts\" security=\"restricted\" style=\"position: absolute; clip: rect(1px, 1px, 1px, 1px);\" title=\"&#8220;VIRITA&#8217;&#8221; &#8212; Radio Pi\u00f9\" src=\"https:\/\/www.radiopiu.net\/wordpress\/virita\/embed\/#?secret=6HycrxO9Qn\" data-secret=\"6HycrxO9Qn\" width=\"600\" height=\"338\" frameborder=\"0\" marginwidth=\"0\" marginheight=\"0\" scrolling=\"no\"><\/iframe><\/p>\n<h3><span style=\"color: #808000;\">\u00a0<\/span>LA RACCOLTA COMPLETA<\/h3>\n<blockquote class=\"wp-embedded-content\" data-secret=\"KjqCQYPTHV\"><p><a href=\"https:\/\/www.radiopiu.net\/wordpress\/due-minuti-un-libro\/\">Due minuti un libro<\/a><\/p><\/blockquote>\n<p><iframe loading=\"lazy\" class=\"wp-embedded-content\" sandbox=\"allow-scripts\" security=\"restricted\" style=\"position: absolute; clip: rect(1px, 1px, 1px, 1px);\" title=\"&#8220;Due minuti un libro&#8221; &#8212; Radio Pi\u00f9\" src=\"https:\/\/www.radiopiu.net\/wordpress\/due-minuti-un-libro\/embed\/#?secret=KjqCQYPTHV\" data-secret=\"KjqCQYPTHV\" width=\"600\" height=\"338\" frameborder=\"0\" marginwidth=\"0\" marginheight=\"0\" scrolling=\"no\"><\/iframe><\/p>\n<p>&nbsp;<\/p>\n<p>&nbsp;<\/p>\n<hr \/>\n<p>\u200b<\/p>\n<div>\n<h2><span style=\"color: #33cccc;\">I RACCONTI DI PAOLO SOPPELSA il lunedi alle 9.30 e 18.30<\/span><\/h2>\n<p><strong>IL GIRO D&#8217;ITALIA A SAN TOMASO <\/strong><\/p>\n<p><em><strong>AUDIO<\/strong><\/em><\/p>\n<audio class=\"wp-audio-shortcode\" id=\"audio-211499-26\" preload=\"none\" style=\"width: 100%;\" controls=\"controls\"><source type=\"audio\/mpeg\" src=\"https:\/\/www.radiopiu.net\/wordpress\/wp-content\/uploads\/2021\/05\/PAOLO-SOPPELSA-GIRO-ITALIA-SAN-TOMASO.mp3?_=26\" \/><a href=\"https:\/\/www.radiopiu.net\/wordpress\/wp-content\/uploads\/2021\/05\/PAOLO-SOPPELSA-GIRO-ITALIA-SAN-TOMASO.mp3\">https:\/\/www.radiopiu.net\/wordpress\/wp-content\/uploads\/2021\/05\/PAOLO-SOPPELSA-GIRO-ITALIA-SAN-TOMASO.mp3<\/a><\/audio>\n<p>&nbsp;<\/p>\n<p><a href=\"https:\/\/www.radiopiu.net\/wordpress\/i-racconti-di-paolo-soppelsa-settantaseiesima-puntata\/724dbb9d-3a8d-411b-8b1a-f2b1efade8f0\/\" rel=\"attachment wp-att-211436\"><img loading=\"lazy\" decoding=\"async\" class=\"size-medium wp-image-211436 alignleft\" src=\"https:\/\/www.radiopiu.net\/wordpress\/wp-content\/uploads\/2021\/05\/724dbb9d-3a8d-411b-8b1a-f2b1efade8f0-300x225.jpg\" alt=\"\" width=\"300\" height=\"225\" srcset=\"https:\/\/www.radiopiu.net\/wordpress\/wp-content\/uploads\/2021\/05\/724dbb9d-3a8d-411b-8b1a-f2b1efade8f0-300x225.jpg 300w, https:\/\/www.radiopiu.net\/wordpress\/wp-content\/uploads\/2021\/05\/724dbb9d-3a8d-411b-8b1a-f2b1efade8f0-768x576.jpg 768w, https:\/\/www.radiopiu.net\/wordpress\/wp-content\/uploads\/2021\/05\/724dbb9d-3a8d-411b-8b1a-f2b1efade8f0.jpg 960w\" sizes=\"auto, (max-width: 300px) 100vw, 300px\" \/><\/a>A Cencenighe il Giro d&#8217;Italia \u00e8 di casa. Accade piuttosto spesso che la Corsa Rosa attraversi il paese situato fra il Biois ed il Cordevole. Accadde pure nell&#8217;edizione del 2007, e in quell&#8217;occasione, mentre osservavo i corridori fare rifornimento di panini e borracce nei pressi delle Cioipe, pensai che sarebbe stato bello un giorno vedere i concorrenti impegnati lungo la salita che porta a San Tomaso. Mai il Giro d&#8217;Italia era transitato a Celat. Passarono i mesi ed arriv\u00f2 novembre, il mese in cui viene svelato il percorso dell&#8217;edizione successiva della corsa ciclistica. Seguii la presentazione in TV, curioso di sapere se il percorso avrebbe interessato per il secondo anno consecutivo la nostra provincia. Vennero elencate le varie tappe e la quindicesima era il classico &#8220;tappone&#8221; dolomitico, quello &#8220;dei passi&#8221;. Per la precisione si sarebbe trattato della Arabba-Passo Fedaia. Il conduttore afferm\u00f2 che quella probabilmente sarebbe stata la tappa decisiva per la classifica e poi aggiunse che nel percorso era stato inserito un inedito Gran Premio della Montagna: ovvero quello di San Tomaso. Feci quasi un salto sul divano appena udita la notizia e pensai che sarebbe stato un giorno memorabile per il &#8220;paese appartato&#8221; per eccellenza. Mi emozion\u00f2 l&#8217;idea che il paese natale dei miei nonni materni, per un giorno, potesse mostrare in mondovisione le sue meraviglie paesaggistiche troppo poco conosciute. E poi la tappa si sarebbe corsa di sabato, il giorno perfetto per un evento di tale portata. Passarono i mesi ed arriv\u00f2 finalmente il 25 maggio. Quella mattina partii di buon&#8217;ora da Belluno e lungo la 203 c&#8217;era traffico di auto e biciclette che salivano verso i passi dolomitici. RadioPi\u00f9 era in fermento: andavano in onda informazioni continue, curiosit\u00e0 ed orari di chiusura strade e di passaggio dei ciclisti. Arrivato a Cencenighe decisi di percorrere in macchina la Provinciale che conduce a San Tomaso per scattare un p\u00f2 di foto del &#8220;parecio&#8221; che gli abitanti avevano allestito per celebrare il grande evento. Tutti si erano prodigati con fervida fantasia per addobbare a festa il proprio paese. Lungo la strada che sale a Celat c&#8217;era il trionfo del colore rosa: centinaia di palloncini a decorare finestre balconi e reti dei giardini. E poi striscioni e bandiere ovunque, palchi improvvisati forniti di TV per seguire la corsa. Qualcuno preparava i barbecue e ci fu chi color\u00f2 la propria Apecar, ovviamente di colore rosa, esponendola poi nei pressi dello striscione del Gran Premio della Montagna di Celat. Scesi anche lungo la tecnica ed impegnativa discesa che porta ad Avoscan. E all&#8217;entrata del ponte di Sot Colar\u00f9, appeso alla parete rocciosa, il mitico striscione con scritto &#8220;frena&#8221;: la cui fotoi fin\u00ec sui principali quotidiani nazionali. Dopo pranzo salimmo al tornante delle Martinazze per assistere al passaggio della Carovana Rosa. Mentre camminavo lungo la Provinciale pensai che il Giro d&#8217;Italia, oltre che una importante manifestazione sportiva, era davvero una festa nazional\/popolare. Tutti erano in fermento: c&#8217;erano intere famiglie che da ore erano in attesa del grande evento. C&#8217;era atmosfera di festa lungo la strada solitamente silenziosa. \u00c8 la grande magia del Giro, che unisce pubblico e corridori creando un&#8217;atmosfera carica di contagiosa allegria. All&#8217;una inizi\u00f2 lo show della Carovana Rosa, uno spettacolo che sempre regala gioia e allegria. Sorrisi meravigliati dei bambini ed un p\u00f2 di sana confusione di clacson e megafoni e colori sgargianti di auto e moto. Poi, all&#8217;incirca alle 14, il momento clou di quella memorabile giornata: ecco lo spuntare dei corridori all&#8217;uscita del tornante di Fontanelle. Un primo gruppetto di ciclisti sal\u00ec velocemente, incitato a gran voce dal numeroso pubblico presente a bordo strada. Una manciata di secondi ed un gruppo pi\u00f9 numeroso di corridori percorse in velocit\u00e0 il tornante delle Martinazze. Pi\u00f9 staccato il gruppone, con i velocisti in fondo che salivano con meno impeto. Per tutti i concorrenti c&#8217;era un applauso, un incitamento. Uno spettacolo, quello del passaggio degli atleti, che dura pochi secondi ma che rimane per sempre nella memoria di chi c&#8217;era. \u00c8 il fascino della Corsa Rosa, che \u00e8 s\u00ec sport e agonismo, ma \u00e8 pure partecipazione vera della gente che si assiepa sulle strade tifando e mettendo in moto la fantasia per festeggiare il passaggio dei corridori. Poi, dopo il transito delle ultime ammiraglie, il correre verso casa a Cencenighe per seguire il resto della tappa, che avrebbe vissuto il suo culmine agonistico lungo il terribile rettilineo che da Malga Ciapela sale fino a Capanna Bill. Fu una giornata memorabile, di festa e di sport quella vissuta lungo la strada che sale al paese che guarda il Civetta. Poi, verso sera, lo scendere lungo la 203 di camper auto e biciclette. E sul finire del giorno, lungo la strada che conduce al paese appartato, scese la pace di una calda sera di fine maggio\u2026Magiche Dolomiti!!<\/p>\n<p><span style=\"color: #0000ff;\">INFORMAZIONE il canale su TELEGRAM informazione di prima mano e in tempo reale. iscriviti ed aiutaci a farlo conoscere\u00a0<\/span><\/p>\n<h2><span style=\"color: #33cccc;\"><strong>RACCOLTA COMPLETA<\/strong><\/span><\/h2>\n<blockquote class=\"wp-embedded-content\" data-secret=\"6GXuxCahVL\"><p><a href=\"https:\/\/www.radiopiu.net\/wordpress\/i-racconti-di-paolo-soppelsa\/\">I racconti di Paolo Soppelsa<\/a><\/p><\/blockquote>\n<p><iframe loading=\"lazy\" class=\"wp-embedded-content\" sandbox=\"allow-scripts\" security=\"restricted\" style=\"position: absolute; clip: rect(1px, 1px, 1px, 1px);\" title=\"&#8220;I racconti di Paolo Soppelsa&#8221; &#8212; Radio Pi\u00f9\" src=\"https:\/\/www.radiopiu.net\/wordpress\/i-racconti-di-paolo-soppelsa\/embed\/#?secret=6GXuxCahVL\" data-secret=\"6GXuxCahVL\" width=\"600\" height=\"338\" frameborder=\"0\" marginwidth=\"0\" marginheight=\"0\" scrolling=\"no\"><\/iframe><\/p>\n<p>&nbsp;<\/p>\n<\/div>\n<\/div>\n<hr \/>\n<p>&nbsp;<\/p>\n<\/div>\n<blockquote>\n<blockquote>\n<h2><a href=\"https:\/\/www.radiopiu.net\/wordpress\/speciale-solidarieta-veneto\/solidarieta-veneto-3\/\" rel=\"attachment wp-att-134366\"><img loading=\"lazy\" decoding=\"async\" class=\"wp-image-134366 alignleft\" src=\"https:\/\/www.radiopiu.net\/wordpress\/wp-content\/uploads\/2020\/05\/solidariet\u00e0-veneto-300x210.jpg\" alt=\"\" width=\"102\" height=\"71\" srcset=\"https:\/\/www.radiopiu.net\/wordpress\/wp-content\/uploads\/2020\/05\/solidariet\u00e0-veneto-300x210.jpg 300w, https:\/\/www.radiopiu.net\/wordpress\/wp-content\/uploads\/2020\/05\/solidariet\u00e0-veneto-1024x717.jpg 1024w, https:\/\/www.radiopiu.net\/wordpress\/wp-content\/uploads\/2020\/05\/solidariet\u00e0-veneto-768x538.jpg 768w, https:\/\/www.radiopiu.net\/wordpress\/wp-content\/uploads\/2020\/05\/solidariet\u00e0-veneto.jpg 1373w\" sizes=\"auto, (max-width: 102px) 100vw, 102px\" \/><\/a>SOLIDARIETA&#8217; VENETO FONDO PENSIONE, IN ONDA IL PRIMO VENERDI DEL MESE ALLE 10.30 E ALLE 19.00 QUINTA STAGIONE<\/h2>\n<\/blockquote>\n<h2><strong><span style=\"color: #ff0000;\">AUDIO MAGGIO 2021<\/span><\/strong><\/h2>\n<\/blockquote>\n<div>\n<audio class=\"wp-audio-shortcode\" id=\"audio-211499-27\" preload=\"none\" style=\"width: 100%;\" controls=\"controls\"><source type=\"audio\/mpeg\" src=\"https:\/\/www.radiopiu.net\/wordpress\/wp-content\/uploads\/2021\/05\/solidarieta-veneto-maggio-2021.mp3?_=27\" \/><a href=\"https:\/\/www.radiopiu.net\/wordpress\/wp-content\/uploads\/2021\/05\/solidarieta-veneto-maggio-2021.mp3\">https:\/\/www.radiopiu.net\/wordpress\/wp-content\/uploads\/2021\/05\/solidarieta-veneto-maggio-2021.mp3<\/a><\/audio>\n<\/div>\n<h2>LA RACCOLTA COMPLETA<\/h2>\n<blockquote class=\"wp-embedded-content\" data-secret=\"Re7cNOtf2F\"><p><a href=\"https:\/\/www.radiopiu.net\/wordpress\/solidarieta-veneto\/\">Solidariet\u00e0 Veneto<\/a><\/p><\/blockquote>\n<p><iframe loading=\"lazy\" class=\"wp-embedded-content\" sandbox=\"allow-scripts\" security=\"restricted\" style=\"position: absolute; clip: rect(1px, 1px, 1px, 1px);\" title=\"&#8220;Solidariet\u00e0 Veneto&#8221; &#8212; Radio Pi\u00f9\" src=\"https:\/\/www.radiopiu.net\/wordpress\/solidarieta-veneto\/embed\/#?secret=Re7cNOtf2F\" data-secret=\"Re7cNOtf2F\" width=\"600\" height=\"338\" frameborder=\"0\" marginwidth=\"0\" marginheight=\"0\" scrolling=\"no\"><\/iframe><\/p>\n<blockquote>\n<h2><\/h2>\n<h2><\/h2>\n<\/blockquote>\n<div>\n<hr \/>\n<\/div>\n<hr \/>\n<div class=\"page-title-head hgroup\">\n<div>\n<p>&nbsp;<\/p>\n<p><strong><span style=\"color: #0000ff;\"><img loading=\"lazy\" decoding=\"async\" class=\"alignleft\" src=\"https:\/\/www.radiopiu.net\/wordpress\/wp-content\/uploads\/2021\/03\/db631d3b-7003-47af-8b77-6f8cbe83c59b.jpg\" width=\"95\" height=\"39\" \/><\/span><\/strong><\/p>\n<blockquote>\n<h2>LA RACCOLTA COMPLETA<\/h2>\n<\/blockquote>\n<blockquote class=\"wp-embedded-content\" data-secret=\"FtyKAFhgbv\"><p><a href=\"https:\/\/www.radiopiu.net\/wordpress\/agora-agordina-la-nosta-piaza\/\">AGORA&#8217; AGORDINA&#8230; LA NOSTA PIAZA LADINA RACCOLTA COMPLETA PRIMA STAGIONE<\/a><\/p><\/blockquote>\n<p><iframe loading=\"lazy\" class=\"wp-embedded-content\" sandbox=\"allow-scripts\" security=\"restricted\" style=\"position: absolute; clip: rect(1px, 1px, 1px, 1px);\" title=\"&#8220;AGORA&#8217; AGORDINA&#8230; LA NOSTA PIAZA LADINA RACCOLTA COMPLETA PRIMA STAGIONE&#8221; &#8212; Radio Pi\u00f9\" src=\"https:\/\/www.radiopiu.net\/wordpress\/agora-agordina-la-nosta-piaza\/embed\/#?secret=FtyKAFhgbv\" data-secret=\"FtyKAFhgbv\" width=\"600\" height=\"338\" frameborder=\"0\" marginwidth=\"0\" marginheight=\"0\" scrolling=\"no\"><\/iframe><\/p>\n<p>&nbsp;<\/p>\n<div class=\"b654a4as d2edcug0\">\n<div dir=\"auto\">\n<h1><\/h1>\n<hr \/>\n<p>&nbsp;<\/p>\n<div>\n<h2><strong>LE\u00a0 PUNTATE di Luisa Alchini di Leggermente Bellunesi, la domenica alle 11, <span style=\"color: #0000ff;\">IL MARTEDI IN PRIMA EDIZIONE\u00a0<\/span> alle 10.30 e alle 19.00<\/strong><\/h2>\n<\/div>\n<div>\n<blockquote class=\"wp-embedded-content\" data-secret=\"ltiUz8cWjM\"><p><a href=\"https:\/\/www.radiopiu.net\/wordpress\/leggermente-20\/\">LEGGERmente&#8230;Bellunesi<\/a><\/p><\/blockquote>\n<p><iframe loading=\"lazy\" class=\"wp-embedded-content\" sandbox=\"allow-scripts\" security=\"restricted\" style=\"position: absolute; clip: rect(1px, 1px, 1px, 1px);\" title=\"&#8220;LEGGERmente&#8230;Bellunesi&#8221; &#8212; Radio Pi\u00f9\" src=\"https:\/\/www.radiopiu.net\/wordpress\/leggermente-20\/embed\/#?secret=ltiUz8cWjM\" data-secret=\"ltiUz8cWjM\" width=\"600\" height=\"338\" frameborder=\"0\" marginwidth=\"0\" marginheight=\"0\" scrolling=\"no\"><\/iframe><\/p>\n<\/div>\n<\/div>\n<p>&nbsp;<\/p>\n<hr \/>\n<blockquote>\n<h3><a style=\"font-size: 14px; font-weight: normal;\" href=\"https:\/\/www.radiopiu.net\/wordpress\/giornale-radiopiu-06-febbraio-2019-direttore-mirko-mezzacasa\/logo_spi-cgil-800x445\/\" rel=\"attachment wp-att-75538\"><img loading=\"lazy\" decoding=\"async\" class=\"wp-image-75538 alignleft\" src=\"https:\/\/www.radiopiu.net\/wordpress\/wp-content\/uploads\/2019\/02\/Logo_Spi-CGIL-800x445-300x167.jpg\" alt=\"\" width=\"210\" height=\"117\" srcset=\"https:\/\/www.radiopiu.net\/wordpress\/wp-content\/uploads\/2019\/02\/Logo_Spi-CGIL-800x445-300x167.jpg 300w, https:\/\/www.radiopiu.net\/wordpress\/wp-content\/uploads\/2019\/02\/Logo_Spi-CGIL-800x445-768x427.jpg 768w, https:\/\/www.radiopiu.net\/wordpress\/wp-content\/uploads\/2019\/02\/Logo_Spi-CGIL-800x445.jpg 800w\" sizes=\"auto, (max-width: 210px) 100vw, 210px\" \/><\/a><\/h3>\n<\/blockquote>\n<blockquote>\n<h3>ALLA RADIO, APPUNTAMENTO QUINDICINALE CON SPI-CGIL BELLUNO, IN STUDIO MARIA RITA GENTILIN<\/h3>\n<\/blockquote>\n<p><strong>di Claudio Fontanive\u00a0<\/strong><\/p>\n<p><span style=\"color: #ff0000;\"><strong>PUNTATA DEL 29 APRILE 2021<br \/>\n<\/strong><\/span><\/p>\n<audio class=\"wp-audio-shortcode\" id=\"audio-211499-28\" preload=\"none\" style=\"width: 100%;\" controls=\"controls\"><source type=\"audio\/mpeg\" src=\"https:\/\/www.radiopiu.net\/wordpress\/wp-content\/uploads\/2021\/04\/spi-cgil-28-aprile.mp3?_=28\" \/><a href=\"https:\/\/www.radiopiu.net\/wordpress\/wp-content\/uploads\/2021\/04\/spi-cgil-28-aprile.mp3\">https:\/\/www.radiopiu.net\/wordpress\/wp-content\/uploads\/2021\/04\/spi-cgil-28-aprile.mp3<\/a><\/audio>\n<p>&nbsp;<\/p>\n<hr \/>\n<p>&nbsp;<\/p>\n<p>IERI ALL<\/p>\n<p>&nbsp;<\/p>\n<p>&nbsp;<\/p>\n<h2><\/h2>\n<\/div>\n<hr \/>\n<\/div>\n<p>&nbsp;<\/p>\n<p><a href=\"https:\/\/www.radiopiu.net\/wordpress\/giornale-radiopiu-26-settembre-2018-direttore-mirko-mezzacasa\/viabilita-2\/\" rel=\"attachment wp-att-61954\"><img loading=\"lazy\" decoding=\"async\" class=\"wp-image-61954 size-full aligncenter\" src=\"https:\/\/www.radiopiu.net\/wordpress\/wp-content\/uploads\/2018\/09\/viabilita.jpeg\" alt=\"\" width=\"800\" height=\"100\" srcset=\"https:\/\/www.radiopiu.net\/wordpress\/wp-content\/uploads\/2018\/09\/viabilita.jpeg 800w, https:\/\/www.radiopiu.net\/wordpress\/wp-content\/uploads\/2018\/09\/viabilita-300x38.jpeg 300w, https:\/\/www.radiopiu.net\/wordpress\/wp-content\/uploads\/2018\/09\/viabilita-768x96.jpeg 768w\" sizes=\"auto, (max-width: 800px) 100vw, 800px\" \/><\/a><\/p>\n<blockquote><p><a href=\"https:\/\/www.radiopiu.net\/wordpress\/giornale-radiopiu-09-agosto-2018-direttore-mirko-mezzacasa\/viabilia\/\" rel=\"attachment wp-att-57053\"><img loading=\"lazy\" decoding=\"async\" class=\" wp-image-57053 alignleft\" src=\"https:\/\/www.radiopiu.net\/wordpress\/wp-content\/uploads\/2018\/08\/VIABILIA-300x180.jpeg\" alt=\"\" width=\"220\" height=\"132\" srcset=\"https:\/\/www.radiopiu.net\/wordpress\/wp-content\/uploads\/2018\/08\/VIABILIA-300x180.jpeg 300w, https:\/\/www.radiopiu.net\/wordpress\/wp-content\/uploads\/2018\/08\/VIABILIA-768x461.jpeg 768w, https:\/\/www.radiopiu.net\/wordpress\/wp-content\/uploads\/2018\/08\/VIABILIA-1024x614.jpeg 1024w, https:\/\/www.radiopiu.net\/wordpress\/wp-content\/uploads\/2018\/08\/VIABILIA.jpeg 1280w\" sizes=\"auto, (max-width: 220px) 100vw, 220px\" \/><\/a>La viabilit\u00e0 con gli ultimi aggiornamenti da Veneto Strade.<\/p>\n<p><span style=\"color: #ff0000;\"><strong>in onda alla radio: 4.05, 6.18, 14 30 , 18.30, 23.25\u00a0<\/strong><\/span><\/p><\/blockquote>\n<\/div>\n<div><\/div>\n<div>\n<p>&nbsp;<\/p>\n<audio class=\"wp-audio-shortcode\" id=\"audio-211499-29\" preload=\"none\" style=\"width: 100%;\" controls=\"controls\"><source type=\"audio\/mpeg\" src=\"https:\/\/www.radiopiu.net\/wordpress\/wp-content\/uploads\/2021\/05\/VIABILITA-6.mp3?_=29\" \/><a href=\"https:\/\/www.radiopiu.net\/wordpress\/wp-content\/uploads\/2021\/05\/VIABILITA-6.mp3\">https:\/\/www.radiopiu.net\/wordpress\/wp-content\/uploads\/2021\/05\/VIABILITA-6.mp3<\/a><\/audio>\n<\/div>\n<div class=\"page-title-head hgroup\">\n<p>&nbsp;<\/p>\n<\/div>\n<\/div>\n<\/div>\n<\/div>\n<\/div>\n<p>&nbsp;<\/p>\n<\/div>\n<\/div>\n<hr \/>\n<p>&nbsp;<\/p>\n<\/div>\n<\/div>\n<div>\n<div class=\"page-title-head hgroup\">\n<div class=\"page-title-head hgroup\">\n<div dir=\"auto\">\n<p><a class=\"dt-pswp-item pspw-wrap-ready\" href=\"https:\/\/i0.wp.com\/www.radiopiu.net\/wordpress\/wp-content\/uploads\/2018\/09\/WhatsApp-Image-2018-09-20-at-16.04.06.jpeg?ssl=1\" data-dt-img-description=\"\" data-large_image_width=\"800\" data-large_image_height=\"100\"><img loading=\"lazy\" decoding=\"async\" class=\"aligncenter wp-image-61378 size-full jetpack-lazy-image jetpack-lazy-image--handled\" src=\"https:\/\/i0.wp.com\/www.radiopiu.net\/wordpress\/wp-content\/uploads\/2018\/09\/WhatsApp-Image-2018-09-20-at-16.04.06.jpeg?resize=800%2C100&amp;ssl=1\" sizes=\"auto, (max-width: 800px) 100vw, 800px\" srcset=\"https:\/\/i0.wp.com\/www.radiopiu.net\/wordpress\/wp-content\/uploads\/2018\/09\/WhatsApp-Image-2018-09-20-at-16.04.06.jpeg?w=800&amp;ssl=1 800w, https:\/\/i0.wp.com\/www.radiopiu.net\/wordpress\/wp-content\/uploads\/2018\/09\/WhatsApp-Image-2018-09-20-at-16.04.06.jpeg?resize=300%2C38&amp;ssl=1 300w, https:\/\/i0.wp.com\/www.radiopiu.net\/wordpress\/wp-content\/uploads\/2018\/09\/WhatsApp-Image-2018-09-20-at-16.04.06.jpeg?resize=768%2C96&amp;ssl=1 768w\" alt=\"\" width=\"800\" height=\"100\" data-lazy-loaded=\"1\" \/><\/a><\/p>\n<p>&nbsp;<\/p>\n<p><center><b>Martedi 25<\/b><\/center><b>Tempo atteso: <\/b>Tempo parzialmente soleggiato per presenza di stratocumuli a ridosso delle cime e per qualche banco di nubi basse, quest&#8217;ultime pi\u00f9 probabili sulle Prealpi, mentre i tratti di sereno saranno pi\u00f9 ampi sulle Dolomiti e in quota. Al pomeriggio crescente attivit\u00e0 cumuliforme e passaggio di una linea d&#8217;instabilit\u00e0 con fenomeni convettivi. Contesto termico pi\u00f9 fresco al mattino, mentre il ritorno del sole favorir\u00e0 una certa mitezza nelle valli.<br \/>\n<b>Precipitazioni: <\/b>Al mattino assenti (0%). Al pomeriggio probabili temporanea fase instabile con rovesci, dapprima sulle Dolomiti (50\/60%), in rapido trasferimento verso le Prealpi (60\/80%), dove i fenomeni saranno di maggiore intensit\u00e0 con occasionali isolati temporali. La neve cadr\u00e0 solo oltre i 2200\/2300 m. Quantitativi di pioggia assai variabili per la natura convettiva dei fenomeni da 2 a 10 mm, localmente fino a 15 mm.<br \/>\n<b>Temperature: <\/b>Minime in calo a tutte le quote; massime in ripresa nelle valli e stazionarie in quota e in diminuzione a a 3000 m. Sono previste punte di 17\/18\u00b0C nei fondovalle prealpini e di 12\/14\u00b0C a 1000\/1200 m. Su Prealpi a 1500 m min 6\u00b0C max 9\u00b0C, a 2000 m min 3\u00b0C max 5\u00b0C. Su Dolomiti a 2000 m min 2\u00b0C max 5\u00b0C, a 3000 m min -5\u00b0C max -4\u00b0C.<br \/>\n<b>Venti: <\/b>Deboli a regime di brezza nelle valli, localmente e a tratti moderati nei posti solitamente pi\u00f9 ventilati; in quota deboli moderati da ovest sud-ovest, in rotazione da nord-ovest al pomeriggio\/sera, a 10-20 km\/h a 2000 m e 15-30 km\/h a 3000 m.<\/p>\n<hr \/>\n<p><center><b>Mercoledi 26<\/b><\/center><b>Tempo atteso: <\/b>Tempo maggiormente soleggiato e decisamente pi\u00f9 stabile. I tratti soleggiati saranno pi\u00f9 frequenti e ampi al mattino, mentre l&#8217;attivit\u00e0 cumuliforme ridurr\u00e0 leggermente gli spazi di sereno nelle ore pi\u00f9 calde, ma nella maggiore parte dei casi la nuvolosit\u00e0 rimarr\u00e0 modesta e solo localmente moderata, senza dar luogo a fenomeni, salvo qualche eccezione serale. Contesto termico di nuovo un po&#8217; pi\u00f9 primaverile, specie nei luoghi pi\u00f9 assolati.<br \/>\n<b>Precipitazioni: <\/b>Assenti (0%), eccetto qualche goccia sulle Dolomiti settentrionali alla sera (10\/20%).<br \/>\n<b>Temperature: <\/b>Minime in ulteriore lieve diminuzione e massime in aumento. Su Prealpi a 1500 m min 5\u00b0C max 11\u00b0C, a 2000 m min 1\u00b0C max 6\u00b0C. Su Dolomiti a 2000 m min 0\u00b0C max 6\u00b0C, a 3000 m min -6\u00b0C max -2\u00b0C.<br \/>\n<b>Venti: <\/b>Deboli a regime di brezza nelle valli, localmente e a tratti moderati nei settori solitamente pi\u00f9 ventilati; in quota deboli\/moderati da sud-ovest, in rotazione da nord-ovest al pomeriggio\/sera, a 5-10 km\/h a 2000 m e 15-25 km\/h a 3000 m.<\/p>\n<hr \/>\n<p><center><b>Giovedi 27<\/b><\/center>Tempo discreto\/variabile e parzialmente soleggiato al mattino. In seguito riduzione del soleggiamento e ripresa dell&#8217;instabilit\u00e0 pomeridiana con attivit\u00e0 cumuliforme maggiormente sviluppata rispetto a mercoled\u00ec, associata a rovesci e temporali sparsi. Temperature minime in aumento e massime senza notevoli variazioni. In quota venti deboli\/moderati occidentali, nelle valli brezze e qualche rinforzo, anche per raffiche in caso di temporale.<\/p>\n<hr \/>\n<p><center><b>Venerdi 28<\/b><\/center>Al mattino tempo ben soleggiato con cielo sereno o poco nuvoloso per primi cumuli. Al pomeriggio modesta attivit\u00e0 cumuliforme sulle Dolomiti, localmente moderata sulle Prealpi, dove non sar\u00e0 da escludere qualche isolato piovasco. Temperature in lieve aumento. Venti deboli per brezze nelle valli, a tratti moderati nei settori solitamente pi\u00f9 ventilati; in quota deboli\/moderati da ovest nord-ovest, a tratti tesi sulle cime pi\u00f9 alte al mattino. Previsore: R.L.Th.<\/p>\n<p>&nbsp;<\/p>\n<\/div>\n<hr \/>\n<p>&nbsp;<\/p>\n<div dir=\"auto\">\n<p><a href=\"https:\/\/www.radiopiu.net\/wordpress\/giornale-radiopiu-15-settembre-2018-direttore-mirko-mezzacasa\/sport-7\/\" rel=\"attachment wp-att-60761\"><img loading=\"lazy\" decoding=\"async\" class=\"aligncenter wp-image-60761 size-full\" src=\"https:\/\/www.radiopiu.net\/wordpress\/wp-content\/uploads\/2018\/09\/sport.jpg\" alt=\"\" width=\"800\" height=\"100\" srcset=\"https:\/\/www.radiopiu.net\/wordpress\/wp-content\/uploads\/2018\/09\/sport.jpg 800w, https:\/\/www.radiopiu.net\/wordpress\/wp-content\/uploads\/2018\/09\/sport-300x38.jpg 300w, https:\/\/www.radiopiu.net\/wordpress\/wp-content\/uploads\/2018\/09\/sport-768x96.jpg 768w\" sizes=\"auto, (max-width: 800px) 100vw, 800px\" \/><\/a><\/p>\n<\/div>\n<\/div>\n<\/div>\n<p>&nbsp;<\/p>\n<blockquote>\n<h3>QUARTO SUCCESSO AL RALLY BELLUNESE PER SIGNOR-BERNARDI<\/h3>\n<\/blockquote>\n<p><strong><a href=\"https:\/\/www.radiopiu.net\/wordpress\/quarto-successo-al-rally-bellunese-per-signor-bernardi\/foto1_cs17\/\" rel=\"attachment wp-att-211626\"><img loading=\"lazy\" decoding=\"async\" class=\"size-medium wp-image-211626 alignleft\" src=\"https:\/\/www.radiopiu.net\/wordpress\/wp-content\/uploads\/2021\/05\/foto1_cs17-300x200.jpg\" alt=\"\" width=\"300\" height=\"200\" srcset=\"https:\/\/www.radiopiu.net\/wordpress\/wp-content\/uploads\/2021\/05\/foto1_cs17-300x200.jpg 300w, https:\/\/www.radiopiu.net\/wordpress\/wp-content\/uploads\/2021\/05\/foto1_cs17-1024x683.jpg 1024w, https:\/\/www.radiopiu.net\/wordpress\/wp-content\/uploads\/2021\/05\/foto1_cs17-768x512.jpg 768w, https:\/\/www.radiopiu.net\/wordpress\/wp-content\/uploads\/2021\/05\/foto1_cs17.jpg 1440w\" sizes=\"auto, (max-width: 300px) 100vw, 300px\" \/><\/a>BELLUNO<\/strong><\/p>\n<p>di Roberto Bona<\/p>\n<audio class=\"wp-audio-shortcode\" id=\"audio-211499-30\" preload=\"none\" style=\"width: 100%;\" controls=\"controls\"><source type=\"audio\/mpeg\" src=\"https:\/\/www.radiopiu.net\/wordpress\/wp-content\/uploads\/2021\/05\/ROBERTO-BONA-RALLY-BELLUNESE-OK.mp3?_=30\" \/><a href=\"https:\/\/www.radiopiu.net\/wordpress\/wp-content\/uploads\/2021\/05\/ROBERTO-BONA-RALLY-BELLUNESE-OK.mp3\">https:\/\/www.radiopiu.net\/wordpress\/wp-content\/uploads\/2021\/05\/ROBERTO-BONA-RALLY-BELLUNESE-OK.mp3<\/a><\/audio>\n<p>&nbsp;<\/p>\n<hr \/>\n<p>&nbsp;<\/p>\n<blockquote>\n<h3>E&#8217; INIZIATA LA STAGIONE DEL TENNIS CLUB AGORDO<\/h3>\n<\/blockquote>\n<p><strong><a href=\"https:\/\/www.radiopiu.net\/wordpress\/matteo-reolon-e-il-tennis-club-agordino\/tennis-agordo\/\" rel=\"attachment wp-att-133584\"><img loading=\"lazy\" decoding=\"async\" class=\" wp-image-133584 alignleft\" src=\"https:\/\/www.radiopiu.net\/wordpress\/wp-content\/uploads\/2020\/04\/TENNIS-AGORDO-300x180.jpg\" alt=\"\" width=\"218\" height=\"131\" srcset=\"https:\/\/www.radiopiu.net\/wordpress\/wp-content\/uploads\/2020\/04\/TENNIS-AGORDO-300x180.jpg 300w, https:\/\/www.radiopiu.net\/wordpress\/wp-content\/uploads\/2020\/04\/TENNIS-AGORDO.jpg 512w\" sizes=\"auto, (max-width: 218px) 100vw, 218px\" \/><\/a>AGORDO<\/strong> Il Tennis Club Agordo ha iniziato ufficialmente la sua stagione agonistica. Nel fine settimana i tennisti agordini hanno fatto il loro esordio nel campionato a squadre di serie D4. Trasferta al Green Garden di Mestre dove i ragazzi di Agordo hanno giocato con una squadra di livello nettamente superiore perdendo i 3 singoli e anche il doppio ma con una prestazione di alto livello. Domenica prossima la tappa sar\u00e0 ad Agordo.<\/p>\n<p><strong>MATTEO REOLON, TENNIS CLUB AGORDO<\/strong><\/p>\n<audio class=\"wp-audio-shortcode\" id=\"audio-211499-31\" preload=\"none\" style=\"width: 100%;\" controls=\"controls\"><source type=\"audio\/mpeg\" src=\"https:\/\/www.radiopiu.net\/wordpress\/wp-content\/uploads\/2021\/05\/MATTEO-REOLON-TENNIS.mp3?_=31\" \/><a href=\"https:\/\/www.radiopiu.net\/wordpress\/wp-content\/uploads\/2021\/05\/MATTEO-REOLON-TENNIS.mp3\">https:\/\/www.radiopiu.net\/wordpress\/wp-content\/uploads\/2021\/05\/MATTEO-REOLON-TENNIS.mp3<\/a><\/audio>\n<p>&nbsp;<\/p>\n<hr \/>\n<p>&nbsp;<\/p>\n<table width=\"100%\">\n<tbody>\n<tr>\n<td>\n<table width=\"100%\">\n<tbody>\n<tr>\n<td>\n<table width=\"100%\">\n<tbody>\n<tr>\n<td>\n<h2>HOCKEY<\/h2>\n<h1>Nazionale, l\u2019Italia sfiora l\u2019impresa contro la Lettonia<\/h1>\n<\/td>\n<\/tr>\n<\/tbody>\n<\/table>\n<\/td>\n<\/tr>\n<\/tbody>\n<\/table>\n<\/td>\n<\/tr>\n<tr>\n<td>\n<table width=\"100%\">\n<tbody>\n<tr>\n<td>\n<table width=\"100%\">\n<tbody>\n<tr>\n<td>\n<h3>Nella terza partita del Mondiale Top Division gli azzurri sfiorano il pareggio contro i padroni di casa della Lettonia grazie ad una prova di cuore e carattere.<\/h3>\n<\/td>\n<\/tr>\n<\/tbody>\n<\/table>\n<\/td>\n<\/tr>\n<\/tbody>\n<\/table>\n<table width=\"100%\">\n<tbody>\n<tr>\n<td>\n<table width=\"100%\">\n<tbody>\n<tr>\n<td>\n<h4><a href=\"https:\/\/www.radiopiu.net\/wordpress\/giornale-radiopiu-25-maggio-2021-direttore-mirko-mezzacasa\/dea0fed6-7a64-caeb-e50f-18553ece2454\/\" rel=\"attachment wp-att-211763\"><img loading=\"lazy\" decoding=\"async\" class=\" wp-image-211763 alignleft\" src=\"https:\/\/www.radiopiu.net\/wordpress\/wp-content\/uploads\/2021\/05\/dea0fed6-7a64-caeb-e50f-18553ece2454-300x235.jpg\" alt=\"\" width=\"236\" height=\"185\" srcset=\"https:\/\/www.radiopiu.net\/wordpress\/wp-content\/uploads\/2021\/05\/dea0fed6-7a64-caeb-e50f-18553ece2454-300x235.jpg 300w, https:\/\/www.radiopiu.net\/wordpress\/wp-content\/uploads\/2021\/05\/dea0fed6-7a64-caeb-e50f-18553ece2454-1024x802.jpg 1024w, https:\/\/www.radiopiu.net\/wordpress\/wp-content\/uploads\/2021\/05\/dea0fed6-7a64-caeb-e50f-18553ece2454-768x602.jpg 768w, https:\/\/www.radiopiu.net\/wordpress\/wp-content\/uploads\/2021\/05\/dea0fed6-7a64-caeb-e50f-18553ece2454-1536x1203.jpg 1536w, https:\/\/www.radiopiu.net\/wordpress\/wp-content\/uploads\/2021\/05\/dea0fed6-7a64-caeb-e50f-18553ece2454.jpg 1920w\" sizes=\"auto, (max-width: 236px) 100vw, 236px\" \/><\/a>Cuore, carattere, spirito di sacrificio e un <strong>Justin Fazio<\/strong> monumentale: contro la <strong>Lettonia<\/strong> si vede la migliore <strong>Italia<\/strong> di questo inizio di Mondiale. Gli azzurri si inchinano 3-0 contro i padroni di casa, ma subiscono gli ultimi due gol nei secondi finali a porta vuota e in precedenza sfiorano un clamoroso pareggio. La rete dell\u20191-1 di Alex Petan, infatti, viene annullata per un fuorigioco millimetrico. L\u2019episodio rende un pochino pi\u00f9 amara la pillola, ma l\u2019Italia esce dal ghiaccio della <strong>Arena Riga<\/strong> a testa altissima, al termine di una prova gagliarda.<\/h4>\n<\/td>\n<\/tr>\n<\/tbody>\n<\/table>\n<\/td>\n<\/tr>\n<\/tbody>\n<\/table>\n<\/td>\n<\/tr>\n<\/tbody>\n<\/table>\n<p>&nbsp;<\/p>\n<p>&nbsp;<\/p>\n<p>&nbsp;<\/p>\n<hr \/>\n<p>&nbsp;<\/p>\n<\/div>\n<\/div>\n","protected":false},"excerpt":{"rendered":"<p>&nbsp; PER\u00a0RICEVERE QUESTO NOTIZIARIO DIRETTAMENTE SUL TUO CELLULARE ISCRIVITI AL CANALE TELEGRAM\u00a0\u201cRADIO PIU\u00a0 INFORMAZIONE\u201d\u00a0 \u00a0\u00a0 &nbsp; &nbsp; &nbsp; DELUSIONE GIRO D&#8217;ITALIA REDAZIONE Gi\u00e0 la giornata grigia e la cancellazione dei due passi mitici come Fedaia e Pordoi, ci mancavano solo i problemi di collegamento dovuti al maltempo\u00a0 per presentare un Agordino a spezzoni, un po&#8217;&hellip;<\/p>\n","protected":false},"author":4,"featured_media":211703,"comment_status":"closed","ping_status":"open","sticky":false,"template":"","format":"standard","meta":{"_monsterinsights_skip_tracking":false,"_monsterinsights_sitenote_active":false,"_monsterinsights_sitenote_note":"","_monsterinsights_sitenote_category":0,"footnotes":""},"categories":[1,51,86,49],"tags":[],"class_list":["post-211499","post","type-post","status-publish","format-standard","has-post-thumbnail","hentry","category-senza-categoria","category-evidenza-top","category-gr","category-news-18","category-1","category-51","category-86","category-49","description-off"],"img_url":"https:\/\/www.radiopiu.net\/wordpress\/wp-content\/uploads\/2021\/05\/9005d321-28eb-4cef-9ab3-b41f6e499524.jpg","_links":{"self":[{"href":"https:\/\/www.radiopiu.net\/wordpress\/wp-json\/wp\/v2\/posts\/211499","targetHints":{"allow":["GET"]}}],"collection":[{"href":"https:\/\/www.radiopiu.net\/wordpress\/wp-json\/wp\/v2\/posts"}],"about":[{"href":"https:\/\/www.radiopiu.net\/wordpress\/wp-json\/wp\/v2\/types\/post"}],"author":[{"embeddable":true,"href":"https:\/\/www.radiopiu.net\/wordpress\/wp-json\/wp\/v2\/users\/4"}],"replies":[{"embeddable":true,"href":"https:\/\/www.radiopiu.net\/wordpress\/wp-json\/wp\/v2\/comments?post=211499"}],"version-history":[{"count":0,"href":"https:\/\/www.radiopiu.net\/wordpress\/wp-json\/wp\/v2\/posts\/211499\/revisions"}],"wp:featuredmedia":[{"embeddable":true,"href":"https:\/\/www.radiopiu.net\/wordpress\/wp-json\/wp\/v2\/media\/211703"}],"wp:attachment":[{"href":"https:\/\/www.radiopiu.net\/wordpress\/wp-json\/wp\/v2\/media?parent=211499"}],"wp:term":[{"taxonomy":"category","embeddable":true,"href":"https:\/\/www.radiopiu.net\/wordpress\/wp-json\/wp\/v2\/categories?post=211499"},{"taxonomy":"post_tag","embeddable":true,"href":"https:\/\/www.radiopiu.net\/wordpress\/wp-json\/wp\/v2\/tags?post=211499"}],"curies":[{"name":"wp","href":"https:\/\/api.w.org\/{rel}","templated":true}]}}