{"id":211606,"date":"2021-05-24T10:48:15","date_gmt":"2021-05-24T08:48:15","guid":{"rendered":"https:\/\/www.radiopiu.net\/wordpress\/?p=211606"},"modified":"2021-05-24T11:05:11","modified_gmt":"2021-05-24T09:05:11","slug":"niente-pordoi-e-fedaia-nella-tappa-odierna-del-giro","status":"publish","type":"post","link":"https:\/\/www.radiopiu.net\/wordpress\/niente-pordoi-e-fedaia-nella-tappa-odierna-del-giro\/","title":{"rendered":"NIENTE PORDOI E FEDAIA NELLA TAPPA ODIERNA DEL GIRO"},"content":{"rendered":"<p><strong><a href=\"https:\/\/www.radiopiu.net\/wordpress\/incidente-sul-passo-giau-muore-un-motociclista\/passo-giau\/\" rel=\"attachment wp-att-145600\"><img loading=\"lazy\" decoding=\"async\" class=\" wp-image-145600 alignleft\" src=\"https:\/\/www.radiopiu.net\/wordpress\/wp-content\/uploads\/2020\/06\/Passo-Giau-300x200.jpg\" alt=\"\" width=\"120\" height=\"80\" srcset=\"https:\/\/www.radiopiu.net\/wordpress\/wp-content\/uploads\/2020\/06\/Passo-Giau-300x200.jpg 300w, https:\/\/www.radiopiu.net\/wordpress\/wp-content\/uploads\/2020\/06\/Passo-Giau-1024x683.jpg 1024w, https:\/\/www.radiopiu.net\/wordpress\/wp-content\/uploads\/2020\/06\/Passo-Giau-768x512.jpg 768w, https:\/\/www.radiopiu.net\/wordpress\/wp-content\/uploads\/2020\/06\/Passo-Giau-1536x1024.jpg 1536w, https:\/\/www.radiopiu.net\/wordpress\/wp-content\/uploads\/2020\/06\/Passo-Giau-2048x1365.jpg 2048w\" sizes=\"auto, (max-width: 120px) 100vw, 120px\" \/><\/a>REDAZIONE<\/strong> La tappa Sacile &#8211; Cortina di oggi \u00e8 stata ridotta da 212 a 155 km. Si far\u00e0 la Crosetta, ma da Agordo la musica cambia: niente Fedaia, niente Pordoi. Ci si diriger\u00e0 direttamente verso il Passo Giau, del quale si affronter\u00e0 anche la discesa verso Cortina d\u2019Ampezzo. Il Passo Giau sar\u00e0 la Cima Coppi di questa edizione del Giro D&#8217;Italia. Rinviata anche la partenza della tappa: i corridori partiranno alle 11:30 da Sacile, con una mezz&#8217;ora di ritardo.<\/p>\n<p>&nbsp;<\/p>\n<h2 style=\"text-align: center;\">LA NUOVA TAPPA DI OGGI<\/h2>\n<p><a href=\"https:\/\/www.radiopiu.net\/wordpress\/niente-pordoi-e-fedaia-nella-tappa-odierna-del-giro\/nuova_altimetria-u33014188427444n-u4101273556893amh-528x329gazzetta-web_528x329\/\" rel=\"attachment wp-att-211614\"><img loading=\"lazy\" decoding=\"async\" class=\"aligncenter wp-image-211614 size-full\" src=\"https:\/\/www.radiopiu.net\/wordpress\/wp-content\/uploads\/2021\/05\/nuova_altimetria-U33014188427444n-U4101273556893amH-528x329@Gazzetta-Web_528x329.jpg\" alt=\"\" width=\"620\" height=\"386\" srcset=\"https:\/\/www.radiopiu.net\/wordpress\/wp-content\/uploads\/2021\/05\/nuova_altimetria-U33014188427444n-U4101273556893amH-528x329@Gazzetta-Web_528x329.jpg 620w, https:\/\/www.radiopiu.net\/wordpress\/wp-content\/uploads\/2021\/05\/nuova_altimetria-U33014188427444n-U4101273556893amH-528x329@Gazzetta-Web_528x329-300x187.jpg 300w\" sizes=\"auto, (max-width: 620px) 100vw, 620px\" \/><\/a><\/p>\n","protected":false},"excerpt":{"rendered":"<p>REDAZIONE La tappa Sacile &#8211; Cortina di oggi \u00e8 stata ridotta da 212 a 155 km. Si far\u00e0 la Crosetta, ma da Agordo la musica cambia: niente Fedaia, niente Pordoi. Ci si diriger\u00e0 direttamente verso il Passo Giau, del quale si affronter\u00e0 anche la discesa verso Cortina d\u2019Ampezzo. Il Passo Giau sar\u00e0 la Cima Coppi&hellip;<\/p>\n","protected":false},"author":4,"featured_media":145600,"comment_status":"closed","ping_status":"open","sticky":false,"template":"","format":"standard","meta":{"_monsterinsights_skip_tracking":false,"_monsterinsights_sitenote_active":false,"_monsterinsights_sitenote_note":"","_monsterinsights_sitenote_category":0,"footnotes":""},"categories":[51,49],"tags":[],"class_list":["post-211606","post","type-post","status-publish","format-standard","has-post-thumbnail","hentry","category-evidenza-top","category-news-18","category-51","category-49","description-off"],"img_url":"https:\/\/www.radiopiu.net\/wordpress\/wp-content\/uploads\/2020\/06\/Passo-Giau-scaled.jpg","_links":{"self":[{"href":"https:\/\/www.radiopiu.net\/wordpress\/wp-json\/wp\/v2\/posts\/211606","targetHints":{"allow":["GET"]}}],"collection":[{"href":"https:\/\/www.radiopiu.net\/wordpress\/wp-json\/wp\/v2\/posts"}],"about":[{"href":"https:\/\/www.radiopiu.net\/wordpress\/wp-json\/wp\/v2\/types\/post"}],"author":[{"embeddable":true,"href":"https:\/\/www.radiopiu.net\/wordpress\/wp-json\/wp\/v2\/users\/4"}],"replies":[{"embeddable":true,"href":"https:\/\/www.radiopiu.net\/wordpress\/wp-json\/wp\/v2\/comments?post=211606"}],"version-history":[{"count":0,"href":"https:\/\/www.radiopiu.net\/wordpress\/wp-json\/wp\/v2\/posts\/211606\/revisions"}],"wp:featuredmedia":[{"embeddable":true,"href":"https:\/\/www.radiopiu.net\/wordpress\/wp-json\/wp\/v2\/media\/145600"}],"wp:attachment":[{"href":"https:\/\/www.radiopiu.net\/wordpress\/wp-json\/wp\/v2\/media?parent=211606"}],"wp:term":[{"taxonomy":"category","embeddable":true,"href":"https:\/\/www.radiopiu.net\/wordpress\/wp-json\/wp\/v2\/categories?post=211606"},{"taxonomy":"post_tag","embeddable":true,"href":"https:\/\/www.radiopiu.net\/wordpress\/wp-json\/wp\/v2\/tags?post=211606"}],"curies":[{"name":"wp","href":"https:\/\/api.w.org\/{rel}","templated":true}]}}