{"id":211636,"date":"2021-05-24T12:25:56","date_gmt":"2021-05-24T10:25:56","guid":{"rendered":"https:\/\/www.radiopiu.net\/wordpress\/?p=211636"},"modified":"2021-05-24T13:00:27","modified_gmt":"2021-05-24T11:00:27","slug":"il-punto-stampa-di-luca-zaia-sullemergenza-covid-19-la-diretta-da-marghera","status":"publish","type":"post","link":"https:\/\/www.radiopiu.net\/wordpress\/il-punto-stampa-di-luca-zaia-sullemergenza-covid-19-la-diretta-da-marghera\/","title":{"rendered":"IL PUNTO STAMPA DI LUCA ZAIA SULL&#8217;EMERGENZA COVID-19. LA DIRETTA DA MARGHERA"},"content":{"rendered":"<p><strong>VENEZIA<\/strong>\u00a0Consueto appuntamento con la conferenza stampa di Luca Zaia dalla sede della Protezione Civile a Marghera.<\/p>\n<p><strong>I NUMERI\u00a0<\/strong> POSITIVI IERI 150\u00a0 INCIDENZA 1,44 POSITIVI DA INIZIO EPIDEMIA 422.074\u00a0 \u00a0POSITIVI ATTUALI\u00a0 11.055\u00a0 RICOVERI\u00a0 845 (-12) IN AREA NON CRITICA 749 (-12)\u00a0 IN TERAPIA INTENSIVA\u00a0 96 ()\u00a0 ALTRI PAZIENTI NON COVID in terapia intensiva 322\u00a0 DECESSI 11.530 (+2)\u00a0 DIMESSI 21.516<\/p>\n<blockquote>\n<h2>LEGGI LA CONFERENZA STAMPA DI LUCA ZAIA, aggiornamento in tempo reale<\/h2>\n<\/blockquote>\n<p>48% di vaccinati 40-49anni, si apriranno slot di categoria 4 per tutti coloro che hanno un&#8217;esenzione ticket per patologia, 444mila persone, ne mancano all&#8217;appello 194mila, sono a disposizione 90mila posti dai 16 anni in su. Da lunedi ci saranno a disposizione140mila vaccini con una potenzialit\u00e0 di 50mila vaccini al giorno. La mia solidariet\u00e0\u00a0 come gi\u00e0 espresso ieri al collega Cirio per la tragedia in Piemonte, vicinanza totale alla comunit\u00e0 piemontese. <strong>VACCINO IN VACANZA<\/strong> E&#8217; un approccio che varia a seconda del contesto turistico, quello che ha fatto Totti con Cirio \u00e8 giusta fatta su misura per due realt\u00e0 di quella dimensione turistica, il Piemonte ha un grande accesso al mare verso la Liguria. Per noi sono impossibili gli accordi bilaterali, ci sono tanti ospiti di regioni e nazionalit\u00e0 diversa. Sarebbe un servizio che \u00e8 ciliegina sulla torta, la quasi totalit\u00e0 degli esponenti politici con ruoli anche nella sanit\u00e0 condividono l&#8217;idea della seconda dose in vacanza.\u00a0 Spero che questa partita non diventi un totem, per fare i vaccini ai turisti ci vogliono i vaccini.<strong> VACCINAZIONE TURISTICA<\/strong> sono previste 80mila addetti da vaccinare, poi i centri estivi 35mila soprattutto giovani dai 17-18 anni ai 25. <strong>TRASPORTI<\/strong> Non abbiamo novit\u00e0, ci siamo mossi ho sentito anche Giovannini ma non ci sono novit\u00e0 la capienza rimane al 50%<\/p>\n<p>&nbsp;<\/p>\n<p><a href=\"https:\/\/www.facebook.com\/zaiaufficiale\/videos\/163040562438924\">https:\/\/www.facebook.com\/zaiaufficiale\/videos\/163040562438924<\/a><\/p>\n<p>&nbsp;<\/p>\n<p>&nbsp;<\/p>\n<p>&nbsp;<\/p>\n","protected":false},"excerpt":{"rendered":"<p>VENEZIA\u00a0Consueto appuntamento con la conferenza stampa di Luca Zaia dalla sede della Protezione Civile a Marghera. I NUMERI\u00a0 POSITIVI IERI 150\u00a0 INCIDENZA 1,44 POSITIVI DA INIZIO EPIDEMIA 422.074\u00a0 \u00a0POSITIVI ATTUALI\u00a0 11.055\u00a0 RICOVERI\u00a0 845 (-12) IN AREA NON CRITICA 749 (-12)\u00a0 IN TERAPIA INTENSIVA\u00a0 96 ()\u00a0 ALTRI PAZIENTI NON COVID in terapia intensiva 322\u00a0 DECESSI 11.530&hellip;<\/p>\n","protected":false},"author":4,"featured_media":172638,"comment_status":"closed","ping_status":"open","sticky":false,"template":"","format":"standard","meta":{"_monsterinsights_skip_tracking":false,"_monsterinsights_sitenote_active":false,"_monsterinsights_sitenote_note":"","_monsterinsights_sitenote_category":0,"footnotes":""},"categories":[51,49],"tags":[],"class_list":["post-211636","post","type-post","status-publish","format-standard","has-post-thumbnail","hentry","category-evidenza-top","category-news-18","category-51","category-49","description-off"],"img_url":"https:\/\/www.radiopiu.net\/wordpress\/wp-content\/uploads\/2020\/11\/zaia.png","_links":{"self":[{"href":"https:\/\/www.radiopiu.net\/wordpress\/wp-json\/wp\/v2\/posts\/211636","targetHints":{"allow":["GET"]}}],"collection":[{"href":"https:\/\/www.radiopiu.net\/wordpress\/wp-json\/wp\/v2\/posts"}],"about":[{"href":"https:\/\/www.radiopiu.net\/wordpress\/wp-json\/wp\/v2\/types\/post"}],"author":[{"embeddable":true,"href":"https:\/\/www.radiopiu.net\/wordpress\/wp-json\/wp\/v2\/users\/4"}],"replies":[{"embeddable":true,"href":"https:\/\/www.radiopiu.net\/wordpress\/wp-json\/wp\/v2\/comments?post=211636"}],"version-history":[{"count":0,"href":"https:\/\/www.radiopiu.net\/wordpress\/wp-json\/wp\/v2\/posts\/211636\/revisions"}],"wp:featuredmedia":[{"embeddable":true,"href":"https:\/\/www.radiopiu.net\/wordpress\/wp-json\/wp\/v2\/media\/172638"}],"wp:attachment":[{"href":"https:\/\/www.radiopiu.net\/wordpress\/wp-json\/wp\/v2\/media?parent=211636"}],"wp:term":[{"taxonomy":"category","embeddable":true,"href":"https:\/\/www.radiopiu.net\/wordpress\/wp-json\/wp\/v2\/categories?post=211636"},{"taxonomy":"post_tag","embeddable":true,"href":"https:\/\/www.radiopiu.net\/wordpress\/wp-json\/wp\/v2\/tags?post=211636"}],"curies":[{"name":"wp","href":"https:\/\/api.w.org\/{rel}","templated":true}]}}